{"id":10094,"date":"2017-09-04T10:48:49","date_gmt":"2017-09-04T08:48:49","guid":{"rendered":"http:\/\/www.romaoggi.eu\/?p=10094"},"modified":"2017-09-04T10:48:49","modified_gmt":"2017-09-04T08:48:49","slug":"birre-dal-basso-birra-artigianale","status":"publish","type":"post","link":"https:\/\/www.romaoggi.eu\/index.php\/2017\/09\/04\/birre-dal-basso-birra-artigianale\/","title":{"rendered":"Birre Dal Basso, il festival indipendente della birra artigianale"},"content":{"rendered":"<p align=\"JUSTIFY\">Torna per il terzo anno consecutivo <b>Birre Dal Basso<\/b>: il pi\u00f9 grande Festival Indipendente della Birra Artigianale con tante novit\u00e0 e la stessa propensione culturale e sociale: diffusione dei saperi, accessibili a tutti, e convivialit\u00e0 attraverso molteplici espressioni artistiche, dalla musica al teatro.<\/p>\n<p align=\"JUSTIFY\"><b>Birre Dal Basso: <a href=\"https:\/\/birredalbasso.wordpress.com\/microbirrifici\/birra-la-comune\/\">birrifici e produttori<\/a><\/b><\/p>\n<p align=\"JUSTIFY\">Ecco l&#8217;elenco di tutti i produttori, tra Microbirrifici, Agribirrifici, Birrifici Sociali, Brewpub e Beer Firm, di Birra Artigianale presenti a Birre Dal Basso 2017 Festival Indipendente Birra Artigianale:<\/p>\n<p align=\"JUSTIFY\">Brasserie fantome \u2013 Vallonia\/Belgio<\/p>\n<p align=\"JUSTIFY\">Luppolajo Agribirrificio \u2013 Mantova<\/p>\n<p align=\"JUSTIFY\">SPENT Brewers Collective \u2013 Berlino\/Germania<\/p>\n<p align=\"JUSTIFY\">Azad\u00ecBeer \u2013 Kurdistan\/Italia<\/p>\n<p align=\"JUSTIFY\">Br&#8217;hant Birra Artigianale \u2013 Potenza<\/p>\n<p align=\"JUSTIFY\">Lunanera \u2013 Brindisi<\/p>\n<p align=\"JUSTIFY\">Birra La Comune \u2013 Roma<\/p>\n<p align=\"JUSTIFY\">Schiumarell &#8211; Birrificio sociale \u2013 Bologna<\/p>\n<p align=\"JUSTIFY\">Acrobax Birrificio Sociale \u2013 Roma<\/p>\n<p align=\"JUSTIFY\">CSOA Forte Prenestino Birrificio Sociale \u2013 Roma<\/p>\n<p align=\"JUSTIFY\">Birrificio Math \u2013 Firenze<\/p>\n<p align=\"JUSTIFY\">Birrificio del Vesuvio \u2013 Napoli<\/p>\n<p align=\"JUSTIFY\">Birstr\u00f2 \u2013 Roma<\/p>\n<p align=\"JUSTIFY\">Agrilab Campagnano \u2013 Roma<\/p>\n<p align=\"JUSTIFY\">Fermenti Sociali \u2013 Bologna<\/p>\n<p align=\"JUSTIFY\">Malatesta &#8211; Il Birrificio Artigianale di Lecce \u2013 Lecce<\/p>\n<p align=\"JUSTIFY\">Birrificio LA DAMA \u2013 Roma<\/p>\n<p align=\"JUSTIFY\"><b>Il programma di Birre dal Basso:<\/b><\/p>\n<p align=\"JUSTIFY\">VENERDI 15 SETTEMBRE<\/p>\n<p align=\"JUSTIFY\">h. 16:00 \u2013 19,00 \u25b8 DEGUSTAZIONI GRATUITE delle BIRRE ARTIGIANALI [a seguire vendita diretta]<\/p>\n<p align=\"JUSTIFY\">h. 21.00 \u25b8 TONY CLIFTON CIRCUS<\/p>\n<p align=\"JUSTIFY\">h. 23:00 \u25b8 concerto dei BAMBOO<\/p>\n<p align=\"JUSTIFY\">a seguire \u25b8 Renoize Project Studios Sound System DJSET<\/p>\n<p align=\"JUSTIFY\"><b>DURANTE LA GIORNATA:<\/b><\/p>\n<p align=\"JUSTIFY\">\u25b8 alla La Lunfarda dei Saperi &amp; Sapori- vineria,birreria at Acrobax ex-cinodromo dalle 19.00 alle 20.00 \u201cTour (in gruppo) di degustazione guidato\u201d. Attraverso un percorso ragionato, un esperto condurr\u00e0 i partecipanti all\u2019assaggio di differenti tipologie di birra (no brand), accennando alle basi delle tecniche di degustazione.<\/p>\n<p align=\"JUSTIFY\">\u25b8 ambientazioni sonore a cura di dj Han Zel from SALAROSSA<\/p>\n<p align=\"JUSTIFY\">SABATO 16 SETTEMBRE<\/p>\n<p align=\"JUSTIFY\">h. 13.00 \u2013 17.00 \u25b8 DEGUSTAZIONI GRATUITE delle BIRRE ARTIGIANALI [a seguire vendita diretta]<\/p>\n<p align=\"JUSTIFY\">h. 17.00 \u25b8 Ni\u00f1o Maravilha Arte di Strada<\/p>\n<p align=\"JUSTIFY\">h. 19.00 \u25b8 Chien Barbu Mal Ras\u00e8 Arte di Strada<\/p>\n<p align=\"JUSTIFY\">h. 22.00 \u25b8 Concerto dei Pink Puffers Brass Band<\/p>\n<p align=\"JUSTIFY\">h. 23.00 \u25b8 Concerto dei Funkin&#8217; Donuts<\/p>\n<p align=\"JUSTIFY\">a seguire \u25b8 Tommy TheRebel DJSET<\/p>\n<p align=\"JUSTIFY\">DURANTE LA GIORNATA:<\/p>\n<p align=\"JUSTIFY\">\u25b8 Workshop alle 17.00 (gratuito su prenotazione per email a birredalbasso@gmail.com) \u201cCome Coltivare i Luppoli in Italia\u201d<\/p>\n<p align=\"JUSTIFY\">\u25b8 Cotta pubblica nel Birrificio Popolare di Acrobax di una ricetta collettiva di HomeBrewers<\/p>\n<p align=\"JUSTIFY\">\u25b8 ambientazioni sonore a cura di dj HANZEL from SALAROSSA<\/p>\n<p align=\"JUSTIFY\">Durante il Festival saranno presenti stand di Ristorazione e StreetFOOD Vegan e nonVegan<\/p>\n<p align=\"JUSTIFY\"><a href=\"https:\/\/www.romaoggi.eu\/index.php\/2017\/06\/05\/vinoforum-2017-lo-spazio-del-gusto\/\"><b>RomaOggi.eu \u2192 Leggi il prossimo articolo<\/b><\/a><\/p>\n<p align=\"JUSTIFY\">La Redazione<\/p>\n<p align=\"JUSTIFY\">RomaOggi.eu \u201cInteresting news for interesting people\u201d<\/p>\n","protected":false},"excerpt":{"rendered":"<div class=\"mh-excerpt\"><p>Torna per il terzo anno consecutivo Birre Dal Basso: il pi\u00f9 grande Festival Indipendente della Birra Artigianale con tante novit\u00e0 e la stessa propensione culturale e sociale: diffusione dei saperi, accessibili a tutti, e convivialit\u00e0 <a class=\"mh-excerpt-more\" href=\"https:\/\/www.romaoggi.eu\/index.php\/2017\/09\/04\/birre-dal-basso-birra-artigianale\/\" title=\"Birre Dal Basso, il festival indipendente della birra artigianale\">[&#8230;]<\/a><\/p>\n<\/div>","protected":false},"author":5,"featured_media":10098,"comment_status":"open","ping_status":"open","sticky":false,"template":"","format":"standard","meta":{"_sitemap_exclude":false,"_sitemap_priority":"","_sitemap_frequency":"","footnotes":""},"categories":[8],"tags":[7370,7373,5339,7369,7367,7374,7372,7371,109,7368,634],"class_list":["post-10094","post","type-post","status-publish","format-standard","has-post-thumbnail","hentry","category-enogastronomia","tag-acrobax-birrificio-sociale-roma","tag-agrilab-campagnano-roma","tag-birra","tag-birra-la-comune-roma","tag-birre-dal-basso","tag-birrificio-la-dama-roma","tag-birstro-roma","tag-csoa-forte-prenestino-birrificio-sociale-roma","tag-roma","tag-romaoggieu","tag-rome"],"yoast_head":"<!-- This site is optimized with the Yoast SEO plugin v27.5 - https:\/\/yoast.com\/product\/yoast-seo-wordpress\/ -->\n<title>Birre Dal Basso, il festival indipendente della birra artigianale<\/title>\n<meta name=\"description\" content=\"Torna per il terzo anno consecutivo Birre Dal Basso: il pi\u00f9 grande Festival Indipendente della Birra Artigianale con tante novit\u00e0 e la...\" \/>\n<meta name=\"robots\" content=\"index, follow, max-snippet:-1, max-image-preview:large, max-video-preview:-1\" \/>\n<link rel=\"canonical\" href=\"https:\/\/www.romaoggi.eu\/index.php\/2017\/09\/04\/birre-dal-basso-birra-artigianale\/\" \/>\n<meta property=\"og:locale\" content=\"it_IT\" \/>\n<meta property=\"og:type\" content=\"article\" \/>\n<meta property=\"og:title\" content=\"Birre Dal Basso, il festival indipendente della birra artigianale\" \/>\n<meta property=\"og:description\" content=\"Torna per il terzo anno consecutivo Birre Dal Basso: il pi\u00f9 grande Festival Indipendente della Birra Artigianale con tante novit\u00e0 e la...\" \/>\n<meta property=\"og:url\" content=\"https:\/\/www.romaoggi.eu\/index.php\/2017\/09\/04\/birre-dal-basso-birra-artigianale\/\" \/>\n<meta property=\"og:site_name\" content=\"roma oggi\" \/>\n<meta property=\"article:publisher\" content=\"https:\/\/www.facebook.com\/RomaOggi-841544845954114\" \/>\n<meta property=\"article:published_time\" content=\"2017-09-04T08:48:49+00:00\" \/>\n<meta property=\"og:image\" content=\"https:\/\/www.romaoggi.eu\/wp-content\/uploads\/2017\/09\/download.jpg\" \/>\n\t<meta property=\"og:image:width\" content=\"1200\" \/>\n\t<meta property=\"og:image:height\" content=\"660\" \/>\n\t<meta property=\"og:image:type\" content=\"image\/jpeg\" \/>\n<meta name=\"author\" content=\"Flavio\" \/>\n<meta name=\"twitter:card\" content=\"summary_large_image\" \/>\n<meta name=\"twitter:creator\" content=\"@romaoggi_eu\" \/>\n<meta name=\"twitter:site\" content=\"@romaoggi_eu\" \/>\n<meta name=\"twitter:label1\" content=\"Scritto da\" \/>\n\t<meta name=\"twitter:data1\" content=\"Flavio\" \/>\n\t<meta name=\"twitter:label2\" content=\"Tempo di lettura stimato\" \/>\n\t<meta name=\"twitter:data2\" content=\"2 minuti\" \/>\n<script type=\"application\/ld+json\" class=\"yoast-schema-graph\">{\"@context\":\"https:\\\/\\\/schema.org\",\"@graph\":[{\"@type\":\"Article\",\"@id\":\"https:\\\/\\\/www.romaoggi.eu\\\/index.php\\\/2017\\\/09\\\/04\\\/birre-dal-basso-birra-artigianale\\\/#article\",\"isPartOf\":{\"@id\":\"https:\\\/\\\/www.romaoggi.eu\\\/index.php\\\/2017\\\/09\\\/04\\\/birre-dal-basso-birra-artigianale\\\/\"},\"author\":{\"name\":\"Flavio\",\"@id\":\"https:\\\/\\\/www.romaoggi.eu\\\/#\\\/schema\\\/person\\\/cc12bfd93370392d7e41d243e47e6681\"},\"headline\":\"Birre Dal Basso, il festival indipendente della birra artigianale\",\"datePublished\":\"2017-09-04T08:48:49+00:00\",\"mainEntityOfPage\":{\"@id\":\"https:\\\/\\\/www.romaoggi.eu\\\/index.php\\\/2017\\\/09\\\/04\\\/birre-dal-basso-birra-artigianale\\\/\"},\"wordCount\":361,\"commentCount\":0,\"publisher\":{\"@id\":\"https:\\\/\\\/www.romaoggi.eu\\\/#organization\"},\"image\":{\"@id\":\"https:\\\/\\\/www.romaoggi.eu\\\/index.php\\\/2017\\\/09\\\/04\\\/birre-dal-basso-birra-artigianale\\\/#primaryimage\"},\"thumbnailUrl\":\"https:\\\/\\\/www.romaoggi.eu\\\/wp-content\\\/uploads\\\/2017\\\/09\\\/download.jpg\",\"keywords\":[\"Acrobax Birrificio Sociale \u2013 Roma\",\"Agrilab Campagnano \u2013 Roma\",\"birra\",\"Birra La Comune \u2013 Roma\",\"Birre Dal Basso\",\"Birrificio LA DAMA \u2013 Roma\",\"Birstr\u00f2 \u2013 Roma\",\"CSOA Forte Prenestino Birrificio Sociale \u2013 Roma\",\"roma\",\"romaoggieu\",\"rome\"],\"articleSection\":[\"Enogastronomia\"],\"inLanguage\":\"it-IT\",\"potentialAction\":[{\"@type\":\"CommentAction\",\"name\":\"Comment\",\"target\":[\"https:\\\/\\\/www.romaoggi.eu\\\/index.php\\\/2017\\\/09\\\/04\\\/birre-dal-basso-birra-artigianale\\\/#respond\"]}]},{\"@type\":\"WebPage\",\"@id\":\"https:\\\/\\\/www.romaoggi.eu\\\/index.php\\\/2017\\\/09\\\/04\\\/birre-dal-basso-birra-artigianale\\\/\",\"url\":\"https:\\\/\\\/www.romaoggi.eu\\\/index.php\\\/2017\\\/09\\\/04\\\/birre-dal-basso-birra-artigianale\\\/\",\"name\":\"Birre Dal Basso, il festival indipendente della birra artigianale\",\"isPartOf\":{\"@id\":\"https:\\\/\\\/www.romaoggi.eu\\\/#website\"},\"primaryImageOfPage\":{\"@id\":\"https:\\\/\\\/www.romaoggi.eu\\\/index.php\\\/2017\\\/09\\\/04\\\/birre-dal-basso-birra-artigianale\\\/#primaryimage\"},\"image\":{\"@id\":\"https:\\\/\\\/www.romaoggi.eu\\\/index.php\\\/2017\\\/09\\\/04\\\/birre-dal-basso-birra-artigianale\\\/#primaryimage\"},\"thumbnailUrl\":\"https:\\\/\\\/www.romaoggi.eu\\\/wp-content\\\/uploads\\\/2017\\\/09\\\/download.jpg\",\"datePublished\":\"2017-09-04T08:48:49+00:00\",\"description\":\"Torna per il terzo anno consecutivo Birre Dal Basso: il pi\u00f9 grande Festival Indipendente della Birra Artigianale con tante novit\u00e0 e la...\",\"breadcrumb\":{\"@id\":\"https:\\\/\\\/www.romaoggi.eu\\\/index.php\\\/2017\\\/09\\\/04\\\/birre-dal-basso-birra-artigianale\\\/#breadcrumb\"},\"inLanguage\":\"it-IT\",\"potentialAction\":[{\"@type\":\"ReadAction\",\"target\":[\"https:\\\/\\\/www.romaoggi.eu\\\/index.php\\\/2017\\\/09\\\/04\\\/birre-dal-basso-birra-artigianale\\\/\"]}]},{\"@type\":\"ImageObject\",\"inLanguage\":\"it-IT\",\"@id\":\"https:\\\/\\\/www.romaoggi.eu\\\/index.php\\\/2017\\\/09\\\/04\\\/birre-dal-basso-birra-artigianale\\\/#primaryimage\",\"url\":\"https:\\\/\\\/www.romaoggi.eu\\\/wp-content\\\/uploads\\\/2017\\\/09\\\/download.jpg\",\"contentUrl\":\"https:\\\/\\\/www.romaoggi.eu\\\/wp-content\\\/uploads\\\/2017\\\/09\\\/download.jpg\",\"width\":1200,\"height\":660,\"caption\":\"Alt text Birra Dal Basso\"},{\"@type\":\"BreadcrumbList\",\"@id\":\"https:\\\/\\\/www.romaoggi.eu\\\/index.php\\\/2017\\\/09\\\/04\\\/birre-dal-basso-birra-artigianale\\\/#breadcrumb\",\"itemListElement\":[{\"@type\":\"ListItem\",\"position\":1,\"name\":\"Home\",\"item\":\"https:\\\/\\\/www.romaoggi.eu\\\/\"},{\"@type\":\"ListItem\",\"position\":2,\"name\":\"Birre Dal Basso, il festival indipendente della birra artigianale\"}]},{\"@type\":\"WebSite\",\"@id\":\"https:\\\/\\\/www.romaoggi.eu\\\/#website\",\"url\":\"https:\\\/\\\/www.romaoggi.eu\\\/\",\"name\":\"roma oggi\",\"description\":\"Interesting News for Interesting people\",\"publisher\":{\"@id\":\"https:\\\/\\\/www.romaoggi.eu\\\/#organization\"},\"potentialAction\":[{\"@type\":\"SearchAction\",\"target\":{\"@type\":\"EntryPoint\",\"urlTemplate\":\"https:\\\/\\\/www.romaoggi.eu\\\/?s={search_term_string}\"},\"query-input\":{\"@type\":\"PropertyValueSpecification\",\"valueRequired\":true,\"valueName\":\"search_term_string\"}}],\"inLanguage\":\"it-IT\"},{\"@type\":\"Organization\",\"@id\":\"https:\\\/\\\/www.romaoggi.eu\\\/#organization\",\"name\":\"RomaOggi\",\"url\":\"https:\\\/\\\/www.romaoggi.eu\\\/\",\"logo\":{\"@type\":\"ImageObject\",\"inLanguage\":\"it-IT\",\"@id\":\"https:\\\/\\\/www.romaoggi.eu\\\/#\\\/schema\\\/logo\\\/image\\\/\",\"url\":\"https:\\\/\\\/www.romaoggi.eu\\\/wp-content\\\/uploads\\\/2017\\\/04\\\/logowp.jpg\",\"contentUrl\":\"https:\\\/\\\/www.romaoggi.eu\\\/wp-content\\\/uploads\\\/2017\\\/04\\\/logowp.jpg\",\"width\":300,\"height\":133,\"caption\":\"RomaOggi\"},\"image\":{\"@id\":\"https:\\\/\\\/www.romaoggi.eu\\\/#\\\/schema\\\/logo\\\/image\\\/\"},\"sameAs\":[\"https:\\\/\\\/www.facebook.com\\\/RomaOggi-841544845954114\",\"https:\\\/\\\/x.com\\\/romaoggi_eu\"]},{\"@type\":\"Person\",\"@id\":\"https:\\\/\\\/www.romaoggi.eu\\\/#\\\/schema\\\/person\\\/cc12bfd93370392d7e41d243e47e6681\",\"name\":\"Flavio\",\"image\":{\"@type\":\"ImageObject\",\"inLanguage\":\"it-IT\",\"@id\":\"https:\\\/\\\/secure.gravatar.com\\\/avatar\\\/7e044ce830ea97853e01500437b37dff4a622b20a194e4d0efe9b67e918f19e5?s=96&d=mm&r=g\",\"url\":\"https:\\\/\\\/secure.gravatar.com\\\/avatar\\\/7e044ce830ea97853e01500437b37dff4a622b20a194e4d0efe9b67e918f19e5?s=96&d=mm&r=g\",\"contentUrl\":\"https:\\\/\\\/secure.gravatar.com\\\/avatar\\\/7e044ce830ea97853e01500437b37dff4a622b20a194e4d0efe9b67e918f19e5?s=96&d=mm&r=g\",\"caption\":\"Flavio\"},\"url\":\"https:\\\/\\\/www.romaoggi.eu\\\/index.php\\\/author\\\/cristiano\\\/\"}]}<\/script>\n<!-- \/ Yoast SEO plugin. -->","yoast_head_json":{"title":"Birre Dal Basso, il festival indipendente della birra artigianale","description":"Torna per il terzo anno consecutivo Birre Dal Basso: il pi\u00f9 grande Festival Indipendente della Birra Artigianale con tante novit\u00e0 e la...","robots":{"index":"index","follow":"follow","max-snippet":"max-snippet:-1","max-image-preview":"max-image-preview:large","max-video-preview":"max-video-preview:-1"},"canonical":"https:\/\/www.romaoggi.eu\/index.php\/2017\/09\/04\/birre-dal-basso-birra-artigianale\/","og_locale":"it_IT","og_type":"article","og_title":"Birre Dal Basso, il festival indipendente della birra artigianale","og_description":"Torna per il terzo anno consecutivo Birre Dal Basso: il pi\u00f9 grande Festival Indipendente della Birra Artigianale con tante novit\u00e0 e la...","og_url":"https:\/\/www.romaoggi.eu\/index.php\/2017\/09\/04\/birre-dal-basso-birra-artigianale\/","og_site_name":"roma oggi","article_publisher":"https:\/\/www.facebook.com\/RomaOggi-841544845954114","article_published_time":"2017-09-04T08:48:49+00:00","og_image":[{"width":1200,"height":660,"url":"https:\/\/www.romaoggi.eu\/wp-content\/uploads\/2017\/09\/download.jpg","type":"image\/jpeg"}],"author":"Flavio","twitter_card":"summary_large_image","twitter_creator":"@romaoggi_eu","twitter_site":"@romaoggi_eu","twitter_misc":{"Scritto da":"Flavio","Tempo di lettura stimato":"2 minuti"},"schema":{"@context":"https:\/\/schema.org","@graph":[{"@type":"Article","@id":"https:\/\/www.romaoggi.eu\/index.php\/2017\/09\/04\/birre-dal-basso-birra-artigianale\/#article","isPartOf":{"@id":"https:\/\/www.romaoggi.eu\/index.php\/2017\/09\/04\/birre-dal-basso-birra-artigianale\/"},"author":{"name":"Flavio","@id":"https:\/\/www.romaoggi.eu\/#\/schema\/person\/cc12bfd93370392d7e41d243e47e6681"},"headline":"Birre Dal Basso, il festival indipendente della birra artigianale","datePublished":"2017-09-04T08:48:49+00:00","mainEntityOfPage":{"@id":"https:\/\/www.romaoggi.eu\/index.php\/2017\/09\/04\/birre-dal-basso-birra-artigianale\/"},"wordCount":361,"commentCount":0,"publisher":{"@id":"https:\/\/www.romaoggi.eu\/#organization"},"image":{"@id":"https:\/\/www.romaoggi.eu\/index.php\/2017\/09\/04\/birre-dal-basso-birra-artigianale\/#primaryimage"},"thumbnailUrl":"https:\/\/www.romaoggi.eu\/wp-content\/uploads\/2017\/09\/download.jpg","keywords":["Acrobax Birrificio Sociale \u2013 Roma","Agrilab Campagnano \u2013 Roma","birra","Birra La Comune \u2013 Roma","Birre Dal Basso","Birrificio LA DAMA \u2013 Roma","Birstr\u00f2 \u2013 Roma","CSOA Forte Prenestino Birrificio Sociale \u2013 Roma","roma","romaoggieu","rome"],"articleSection":["Enogastronomia"],"inLanguage":"it-IT","potentialAction":[{"@type":"CommentAction","name":"Comment","target":["https:\/\/www.romaoggi.eu\/index.php\/2017\/09\/04\/birre-dal-basso-birra-artigianale\/#respond"]}]},{"@type":"WebPage","@id":"https:\/\/www.romaoggi.eu\/index.php\/2017\/09\/04\/birre-dal-basso-birra-artigianale\/","url":"https:\/\/www.romaoggi.eu\/index.php\/2017\/09\/04\/birre-dal-basso-birra-artigianale\/","name":"Birre Dal Basso, il festival indipendente della birra artigianale","isPartOf":{"@id":"https:\/\/www.romaoggi.eu\/#website"},"primaryImageOfPage":{"@id":"https:\/\/www.romaoggi.eu\/index.php\/2017\/09\/04\/birre-dal-basso-birra-artigianale\/#primaryimage"},"image":{"@id":"https:\/\/www.romaoggi.eu\/index.php\/2017\/09\/04\/birre-dal-basso-birra-artigianale\/#primaryimage"},"thumbnailUrl":"https:\/\/www.romaoggi.eu\/wp-content\/uploads\/2017\/09\/download.jpg","datePublished":"2017-09-04T08:48:49+00:00","description":"Torna per il terzo anno consecutivo Birre Dal Basso: il pi\u00f9 grande Festival Indipendente della Birra Artigianale con tante novit\u00e0 e la...","breadcrumb":{"@id":"https:\/\/www.romaoggi.eu\/index.php\/2017\/09\/04\/birre-dal-basso-birra-artigianale\/#breadcrumb"},"inLanguage":"it-IT","potentialAction":[{"@type":"ReadAction","target":["https:\/\/www.romaoggi.eu\/index.php\/2017\/09\/04\/birre-dal-basso-birra-artigianale\/"]}]},{"@type":"ImageObject","inLanguage":"it-IT","@id":"https:\/\/www.romaoggi.eu\/index.php\/2017\/09\/04\/birre-dal-basso-birra-artigianale\/#primaryimage","url":"https:\/\/www.romaoggi.eu\/wp-content\/uploads\/2017\/09\/download.jpg","contentUrl":"https:\/\/www.romaoggi.eu\/wp-content\/uploads\/2017\/09\/download.jpg","width":1200,"height":660,"caption":"Alt text Birra Dal Basso"},{"@type":"BreadcrumbList","@id":"https:\/\/www.romaoggi.eu\/index.php\/2017\/09\/04\/birre-dal-basso-birra-artigianale\/#breadcrumb","itemListElement":[{"@type":"ListItem","position":1,"name":"Home","item":"https:\/\/www.romaoggi.eu\/"},{"@type":"ListItem","position":2,"name":"Birre Dal Basso, il festival indipendente della birra artigianale"}]},{"@type":"WebSite","@id":"https:\/\/www.romaoggi.eu\/#website","url":"https:\/\/www.romaoggi.eu\/","name":"roma oggi","description":"Interesting News for Interesting people","publisher":{"@id":"https:\/\/www.romaoggi.eu\/#organization"},"potentialAction":[{"@type":"SearchAction","target":{"@type":"EntryPoint","urlTemplate":"https:\/\/www.romaoggi.eu\/?s={search_term_string}"},"query-input":{"@type":"PropertyValueSpecification","valueRequired":true,"valueName":"search_term_string"}}],"inLanguage":"it-IT"},{"@type":"Organization","@id":"https:\/\/www.romaoggi.eu\/#organization","name":"RomaOggi","url":"https:\/\/www.romaoggi.eu\/","logo":{"@type":"ImageObject","inLanguage":"it-IT","@id":"https:\/\/www.romaoggi.eu\/#\/schema\/logo\/image\/","url":"https:\/\/www.romaoggi.eu\/wp-content\/uploads\/2017\/04\/logowp.jpg","contentUrl":"https:\/\/www.romaoggi.eu\/wp-content\/uploads\/2017\/04\/logowp.jpg","width":300,"height":133,"caption":"RomaOggi"},"image":{"@id":"https:\/\/www.romaoggi.eu\/#\/schema\/logo\/image\/"},"sameAs":["https:\/\/www.facebook.com\/RomaOggi-841544845954114","https:\/\/x.com\/romaoggi_eu"]},{"@type":"Person","@id":"https:\/\/www.romaoggi.eu\/#\/schema\/person\/cc12bfd93370392d7e41d243e47e6681","name":"Flavio","image":{"@type":"ImageObject","inLanguage":"it-IT","@id":"https:\/\/secure.gravatar.com\/avatar\/7e044ce830ea97853e01500437b37dff4a622b20a194e4d0efe9b67e918f19e5?s=96&d=mm&r=g","url":"https:\/\/secure.gravatar.com\/avatar\/7e044ce830ea97853e01500437b37dff4a622b20a194e4d0efe9b67e918f19e5?s=96&d=mm&r=g","contentUrl":"https:\/\/secure.gravatar.com\/avatar\/7e044ce830ea97853e01500437b37dff4a622b20a194e4d0efe9b67e918f19e5?s=96&d=mm&r=g","caption":"Flavio"},"url":"https:\/\/www.romaoggi.eu\/index.php\/author\/cristiano\/"}]}},"_links":{"self":[{"href":"https:\/\/www.romaoggi.eu\/index.php\/wp-json\/wp\/v2\/posts\/10094","targetHints":{"allow":["GET"]}}],"collection":[{"href":"https:\/\/www.romaoggi.eu\/index.php\/wp-json\/wp\/v2\/posts"}],"about":[{"href":"https:\/\/www.romaoggi.eu\/index.php\/wp-json\/wp\/v2\/types\/post"}],"author":[{"embeddable":true,"href":"https:\/\/www.romaoggi.eu\/index.php\/wp-json\/wp\/v2\/users\/5"}],"replies":[{"embeddable":true,"href":"https:\/\/www.romaoggi.eu\/index.php\/wp-json\/wp\/v2\/comments?post=10094"}],"version-history":[{"count":3,"href":"https:\/\/www.romaoggi.eu\/index.php\/wp-json\/wp\/v2\/posts\/10094\/revisions"}],"predecessor-version":[{"id":10097,"href":"https:\/\/www.romaoggi.eu\/index.php\/wp-json\/wp\/v2\/posts\/10094\/revisions\/10097"}],"wp:featuredmedia":[{"embeddable":true,"href":"https:\/\/www.romaoggi.eu\/index.php\/wp-json\/wp\/v2\/media\/10098"}],"wp:attachment":[{"href":"https:\/\/www.romaoggi.eu\/index.php\/wp-json\/wp\/v2\/media?parent=10094"}],"wp:term":[{"taxonomy":"category","embeddable":true,"href":"https:\/\/www.romaoggi.eu\/index.php\/wp-json\/wp\/v2\/categories?post=10094"},{"taxonomy":"post_tag","embeddable":true,"href":"https:\/\/www.romaoggi.eu\/index.php\/wp-json\/wp\/v2\/tags?post=10094"}],"curies":[{"name":"wp","href":"https:\/\/api.w.org\/{rel}","templated":true}]}}