{"id":10106,"date":"2017-09-04T20:05:57","date_gmt":"2017-09-04T18:05:57","guid":{"rendered":"http:\/\/www.romaoggi.eu\/?p=10106"},"modified":"2017-09-04T20:05:57","modified_gmt":"2017-09-04T18:05:57","slug":"incidentalis-arte","status":"publish","type":"post","link":"https:\/\/www.romaoggi.eu\/index.php\/2017\/09\/04\/incidentalis-arte\/","title":{"rendered":"Da marted\u00ec 5 Settembre la seconda stagione di \u201cIncidentalis Arte\u201d"},"content":{"rendered":"<h2>Parte la seconda stagione di &#8220;Incidentalis Arte&#8221; il programma radiofonico di Janet De Nardis<\/h2>\n<p align=\"JUSTIFY\">\u201c<b>Incidentalis Arte\u201d:<\/b> <a href=\"http:\/\/www.radioincontrodonna.com\/\">Radio Incontro Donna <\/a>FM 96.8 torna con una nuova stagione, tutti i marted\u00ec dal 5 Settembre il ritorno del programma radiofonico di successo \u201cIncidentalis Arte\u201d. Condotto da <a href=\"http:\/\/janetdenardis.it\/\">Janet De Nardis<\/a> che ci accompagner\u00e0 in un magico viaggio tra arte e tecnologia, il format mette in evidenza come il progresso scientifico e l&#8217;era digitale abbiano influenzato la creazione artistica, determinando i cambiamenti delle varie correnti artistiche nel corso degli ultimi anni. Si parler\u00e0 di mostre, eventi e movimenti influenzati dal mondo digitale, ma anche dei nuovi mestieri che nascono dalla passione per queste nuove forme di espressione.<\/p>\n<p align=\"JUSTIFY\"><img loading=\"lazy\" decoding=\"async\" class=\"alignright wp-image-10108 size-medium\" src=\"https:\/\/www.romaoggi.eu\/wp-content\/uploads\/2017\/09\/MG_8547-Modifica-200x300.jpg\" alt=\"Alt text \u201cIncidentalis Arte\u201d\" width=\"200\" height=\"300\" srcset=\"https:\/\/www.romaoggi.eu\/wp-content\/uploads\/2017\/09\/MG_8547-Modifica-200x300.jpg 200w, https:\/\/www.romaoggi.eu\/wp-content\/uploads\/2017\/09\/MG_8547-Modifica-682x1024.jpg 682w, https:\/\/www.romaoggi.eu\/wp-content\/uploads\/2017\/09\/MG_8547-Modifica.jpg 933w\" sizes=\"auto, (max-width: 200px) 100vw, 200px\" \/><\/p>\n<p align=\"JUSTIFY\">In ogni puntata \u00e8 previsto un collegamento telefonico con un ospite VIP che interverr\u00e0 sull&#8217;argomento del giorno, ma in studio sar\u00e0 presente sempre un comico, a sorpresa, con il quale Janet intratterr\u00e0 i suoi ascoltatori affrontando in modo ironico i temi dell&#8217;arte e della musica attraverso due rubriche, e dispensando folli consigli per vivere la propria esistenza nel modo pi\u00f9 creativo possibile.. Attori, cantanti, YouTuber e Fashion Blogger saranno gli ospiti del programma e ognuno di loro racconter\u00e0 cosa pensa del nuovo concetto di \u201cArte\u201d.<\/p>\n<p align=\"JUSTIFY\">Radio Incontro Donna, nata da un&#8217;idea di Michelle Marie Castiello, figlia d\u2019arte del fondatore Giuseppe Castiello di \u201cRadio Incontro\u201d, \u00e8 un innovativo progetto editoriale che si pone l\u2019obiettivo di approfondire e trattare tematiche che accomunano sia uomini che donne. \u201cNon una radio femminista\u201d precisa la Castiello \u201cma femminile, per donne consapevoli, informate e attive nella societ\u00e0, alle quali parlare di musica, arte, politica, sesso, economia, moda e sport cercando di mettere al centro le loro esigenze, senza dimenticare il centrale dialogo con gli uomini.&#8221;<\/p>\n<p align=\"JUSTIFY\">L\u2019obiettivo \u00e8 stato quello di costruire un palinsesto capace di offrire spunti di riflessione, suggerimenti e un nuovo sguardo sul mondo che sia utile e divertente al tempo stesso.<\/p>\n<p align=\"JUSTIFY\"><a href=\"https:\/\/www.romaoggi.eu\/index.php\/2017\/07\/30\/mondo-youtubers\/\"><b>RomaOggi.eu \u2192 Leggi il prossimo articolo<\/b><\/a><\/p>\n<p align=\"JUSTIFY\">La Redazione<\/p>\n<p align=\"JUSTIFY\">RomaOggi.eu \u201cInteresting news for interesting people\u201d<\/p>\n","protected":false},"excerpt":{"rendered":"<div class=\"mh-excerpt\"><p>Parte la seconda stagione di &#8220;Incidentalis Arte&#8221; il programma radiofonico di Janet De Nardis \u201cIncidentalis Arte\u201d: Radio Incontro Donna FM 96.8 torna con una nuova stagione, tutti i marted\u00ec dal 5 Settembre il ritorno del <a class=\"mh-excerpt-more\" href=\"https:\/\/www.romaoggi.eu\/index.php\/2017\/09\/04\/incidentalis-arte\/\" title=\"Da marted\u00ec 5 Settembre la seconda stagione di \u201cIncidentalis Arte\u201d\">[&#8230;]<\/a><\/p>\n<\/div>","protected":false},"author":5,"featured_media":10112,"comment_status":"open","ping_status":"open","sticky":false,"template":"","format":"standard","meta":{"_sitemap_exclude":false,"_sitemap_priority":"","_sitemap_frequency":"","footnotes":""},"categories":[4],"tags":[7381,904,7383,7382,1738],"class_list":["post-10106","post","type-post","status-publish","format-standard","has-post-thumbnail","hentry","category-spettacolo","tag-incidentalis-arte","tag-janet-de-nardis","tag-radio-incontro-donna","tag-radio-incontro-donna-fm-96-8","tag-romaoggi-eu"],"yoast_head":"<!-- This site is optimized with the Yoast SEO plugin v27.5 - https:\/\/yoast.com\/product\/yoast-seo-wordpress\/ -->\n<title>Da marted\u00ec 5 Settembre la seconda stagione di \u201cIncidentalis Arte\u201d<\/title>\n<meta name=\"description\" content=\"\u201cIncidentalis Arte\u201d: Radio Incontro Donna FM 96.8 torna con una nuova stagione, tutti i marted\u00ec dal 5 Settembre il ritorno del programma...\" \/>\n<meta name=\"robots\" content=\"index, follow, max-snippet:-1, max-image-preview:large, max-video-preview:-1\" \/>\n<link rel=\"canonical\" href=\"https:\/\/www.romaoggi.eu\/index.php\/2017\/09\/04\/incidentalis-arte\/\" \/>\n<meta property=\"og:locale\" content=\"it_IT\" \/>\n<meta property=\"og:type\" content=\"article\" \/>\n<meta property=\"og:title\" content=\"Da marted\u00ec 5 Settembre la seconda stagione di \u201cIncidentalis Arte\u201d\" \/>\n<meta property=\"og:description\" content=\"\u201cIncidentalis Arte\u201d: Radio Incontro Donna FM 96.8 torna con una nuova stagione, tutti i marted\u00ec dal 5 Settembre il ritorno del programma...\" \/>\n<meta property=\"og:url\" content=\"https:\/\/www.romaoggi.eu\/index.php\/2017\/09\/04\/incidentalis-arte\/\" \/>\n<meta property=\"og:site_name\" content=\"roma oggi\" \/>\n<meta property=\"article:publisher\" content=\"https:\/\/www.facebook.com\/RomaOggi-841544845954114\" \/>\n<meta property=\"article:published_time\" content=\"2017-09-04T18:05:57+00:00\" \/>\n<meta property=\"og:image\" content=\"https:\/\/www.romaoggi.eu\/wp-content\/uploads\/2017\/09\/IMG-20170407-WA0007.jpg\" \/>\n\t<meta property=\"og:image:width\" content=\"1124\" \/>\n\t<meta property=\"og:image:height\" content=\"750\" \/>\n\t<meta property=\"og:image:type\" content=\"image\/jpeg\" \/>\n<meta name=\"author\" content=\"Flavio\" \/>\n<meta name=\"twitter:card\" content=\"summary_large_image\" \/>\n<meta name=\"twitter:creator\" content=\"@romaoggi_eu\" \/>\n<meta name=\"twitter:site\" content=\"@romaoggi_eu\" \/>\n<meta name=\"twitter:label1\" content=\"Scritto da\" \/>\n\t<meta name=\"twitter:data1\" content=\"Flavio\" \/>\n\t<meta name=\"twitter:label2\" content=\"Tempo di lettura stimato\" \/>\n\t<meta name=\"twitter:data2\" content=\"2 minuti\" \/>\n<script type=\"application\/ld+json\" class=\"yoast-schema-graph\">{\"@context\":\"https:\\\/\\\/schema.org\",\"@graph\":[{\"@type\":\"Article\",\"@id\":\"https:\\\/\\\/www.romaoggi.eu\\\/index.php\\\/2017\\\/09\\\/04\\\/incidentalis-arte\\\/#article\",\"isPartOf\":{\"@id\":\"https:\\\/\\\/www.romaoggi.eu\\\/index.php\\\/2017\\\/09\\\/04\\\/incidentalis-arte\\\/\"},\"author\":{\"name\":\"Flavio\",\"@id\":\"https:\\\/\\\/www.romaoggi.eu\\\/#\\\/schema\\\/person\\\/cc12bfd93370392d7e41d243e47e6681\"},\"headline\":\"Da marted\u00ec 5 Settembre la seconda stagione di \u201cIncidentalis Arte\u201d\",\"datePublished\":\"2017-09-04T18:05:57+00:00\",\"mainEntityOfPage\":{\"@id\":\"https:\\\/\\\/www.romaoggi.eu\\\/index.php\\\/2017\\\/09\\\/04\\\/incidentalis-arte\\\/\"},\"wordCount\":336,\"commentCount\":0,\"publisher\":{\"@id\":\"https:\\\/\\\/www.romaoggi.eu\\\/#organization\"},\"image\":{\"@id\":\"https:\\\/\\\/www.romaoggi.eu\\\/index.php\\\/2017\\\/09\\\/04\\\/incidentalis-arte\\\/#primaryimage\"},\"thumbnailUrl\":\"https:\\\/\\\/www.romaoggi.eu\\\/wp-content\\\/uploads\\\/2017\\\/09\\\/IMG-20170407-WA0007.jpg\",\"keywords\":[\"Incidentalis Arte\",\"janet de nardis\",\"Radio Incontro Donna\",\"Radio Incontro Donna FM 96.8\",\"RomaOggi.eu\"],\"articleSection\":[\"Spettacolo\"],\"inLanguage\":\"it-IT\",\"potentialAction\":[{\"@type\":\"CommentAction\",\"name\":\"Comment\",\"target\":[\"https:\\\/\\\/www.romaoggi.eu\\\/index.php\\\/2017\\\/09\\\/04\\\/incidentalis-arte\\\/#respond\"]}]},{\"@type\":\"WebPage\",\"@id\":\"https:\\\/\\\/www.romaoggi.eu\\\/index.php\\\/2017\\\/09\\\/04\\\/incidentalis-arte\\\/\",\"url\":\"https:\\\/\\\/www.romaoggi.eu\\\/index.php\\\/2017\\\/09\\\/04\\\/incidentalis-arte\\\/\",\"name\":\"Da marted\u00ec 5 Settembre la seconda stagione di \u201cIncidentalis Arte\u201d\",\"isPartOf\":{\"@id\":\"https:\\\/\\\/www.romaoggi.eu\\\/#website\"},\"primaryImageOfPage\":{\"@id\":\"https:\\\/\\\/www.romaoggi.eu\\\/index.php\\\/2017\\\/09\\\/04\\\/incidentalis-arte\\\/#primaryimage\"},\"image\":{\"@id\":\"https:\\\/\\\/www.romaoggi.eu\\\/index.php\\\/2017\\\/09\\\/04\\\/incidentalis-arte\\\/#primaryimage\"},\"thumbnailUrl\":\"https:\\\/\\\/www.romaoggi.eu\\\/wp-content\\\/uploads\\\/2017\\\/09\\\/IMG-20170407-WA0007.jpg\",\"datePublished\":\"2017-09-04T18:05:57+00:00\",\"description\":\"\u201cIncidentalis Arte\u201d: Radio Incontro Donna FM 96.8 torna con una nuova stagione, tutti i marted\u00ec dal 5 Settembre il ritorno del programma...\",\"breadcrumb\":{\"@id\":\"https:\\\/\\\/www.romaoggi.eu\\\/index.php\\\/2017\\\/09\\\/04\\\/incidentalis-arte\\\/#breadcrumb\"},\"inLanguage\":\"it-IT\",\"potentialAction\":[{\"@type\":\"ReadAction\",\"target\":[\"https:\\\/\\\/www.romaoggi.eu\\\/index.php\\\/2017\\\/09\\\/04\\\/incidentalis-arte\\\/\"]}]},{\"@type\":\"ImageObject\",\"inLanguage\":\"it-IT\",\"@id\":\"https:\\\/\\\/www.romaoggi.eu\\\/index.php\\\/2017\\\/09\\\/04\\\/incidentalis-arte\\\/#primaryimage\",\"url\":\"https:\\\/\\\/www.romaoggi.eu\\\/wp-content\\\/uploads\\\/2017\\\/09\\\/IMG-20170407-WA0007.jpg\",\"contentUrl\":\"https:\\\/\\\/www.romaoggi.eu\\\/wp-content\\\/uploads\\\/2017\\\/09\\\/IMG-20170407-WA0007.jpg\",\"width\":1124,\"height\":750,\"caption\":\"Alt text \u201cIncidentalis Arte\u201d\"},{\"@type\":\"BreadcrumbList\",\"@id\":\"https:\\\/\\\/www.romaoggi.eu\\\/index.php\\\/2017\\\/09\\\/04\\\/incidentalis-arte\\\/#breadcrumb\",\"itemListElement\":[{\"@type\":\"ListItem\",\"position\":1,\"name\":\"Home\",\"item\":\"https:\\\/\\\/www.romaoggi.eu\\\/\"},{\"@type\":\"ListItem\",\"position\":2,\"name\":\"Da marted\u00ec 5 Settembre la seconda stagione di \u201cIncidentalis Arte\u201d\"}]},{\"@type\":\"WebSite\",\"@id\":\"https:\\\/\\\/www.romaoggi.eu\\\/#website\",\"url\":\"https:\\\/\\\/www.romaoggi.eu\\\/\",\"name\":\"roma oggi\",\"description\":\"Interesting News for Interesting people\",\"publisher\":{\"@id\":\"https:\\\/\\\/www.romaoggi.eu\\\/#organization\"},\"potentialAction\":[{\"@type\":\"SearchAction\",\"target\":{\"@type\":\"EntryPoint\",\"urlTemplate\":\"https:\\\/\\\/www.romaoggi.eu\\\/?s={search_term_string}\"},\"query-input\":{\"@type\":\"PropertyValueSpecification\",\"valueRequired\":true,\"valueName\":\"search_term_string\"}}],\"inLanguage\":\"it-IT\"},{\"@type\":\"Organization\",\"@id\":\"https:\\\/\\\/www.romaoggi.eu\\\/#organization\",\"name\":\"RomaOggi\",\"url\":\"https:\\\/\\\/www.romaoggi.eu\\\/\",\"logo\":{\"@type\":\"ImageObject\",\"inLanguage\":\"it-IT\",\"@id\":\"https:\\\/\\\/www.romaoggi.eu\\\/#\\\/schema\\\/logo\\\/image\\\/\",\"url\":\"https:\\\/\\\/www.romaoggi.eu\\\/wp-content\\\/uploads\\\/2017\\\/04\\\/logowp.jpg\",\"contentUrl\":\"https:\\\/\\\/www.romaoggi.eu\\\/wp-content\\\/uploads\\\/2017\\\/04\\\/logowp.jpg\",\"width\":300,\"height\":133,\"caption\":\"RomaOggi\"},\"image\":{\"@id\":\"https:\\\/\\\/www.romaoggi.eu\\\/#\\\/schema\\\/logo\\\/image\\\/\"},\"sameAs\":[\"https:\\\/\\\/www.facebook.com\\\/RomaOggi-841544845954114\",\"https:\\\/\\\/x.com\\\/romaoggi_eu\"]},{\"@type\":\"Person\",\"@id\":\"https:\\\/\\\/www.romaoggi.eu\\\/#\\\/schema\\\/person\\\/cc12bfd93370392d7e41d243e47e6681\",\"name\":\"Flavio\",\"image\":{\"@type\":\"ImageObject\",\"inLanguage\":\"it-IT\",\"@id\":\"https:\\\/\\\/secure.gravatar.com\\\/avatar\\\/7e044ce830ea97853e01500437b37dff4a622b20a194e4d0efe9b67e918f19e5?s=96&d=mm&r=g\",\"url\":\"https:\\\/\\\/secure.gravatar.com\\\/avatar\\\/7e044ce830ea97853e01500437b37dff4a622b20a194e4d0efe9b67e918f19e5?s=96&d=mm&r=g\",\"contentUrl\":\"https:\\\/\\\/secure.gravatar.com\\\/avatar\\\/7e044ce830ea97853e01500437b37dff4a622b20a194e4d0efe9b67e918f19e5?s=96&d=mm&r=g\",\"caption\":\"Flavio\"},\"url\":\"https:\\\/\\\/www.romaoggi.eu\\\/index.php\\\/author\\\/cristiano\\\/\"}]}<\/script>\n<!-- \/ Yoast SEO plugin. -->","yoast_head_json":{"title":"Da marted\u00ec 5 Settembre la seconda stagione di \u201cIncidentalis Arte\u201d","description":"\u201cIncidentalis Arte\u201d: Radio Incontro Donna FM 96.8 torna con una nuova stagione, tutti i marted\u00ec dal 5 Settembre il ritorno del programma...","robots":{"index":"index","follow":"follow","max-snippet":"max-snippet:-1","max-image-preview":"max-image-preview:large","max-video-preview":"max-video-preview:-1"},"canonical":"https:\/\/www.romaoggi.eu\/index.php\/2017\/09\/04\/incidentalis-arte\/","og_locale":"it_IT","og_type":"article","og_title":"Da marted\u00ec 5 Settembre la seconda stagione di \u201cIncidentalis Arte\u201d","og_description":"\u201cIncidentalis Arte\u201d: Radio Incontro Donna FM 96.8 torna con una nuova stagione, tutti i marted\u00ec dal 5 Settembre il ritorno del programma...","og_url":"https:\/\/www.romaoggi.eu\/index.php\/2017\/09\/04\/incidentalis-arte\/","og_site_name":"roma oggi","article_publisher":"https:\/\/www.facebook.com\/RomaOggi-841544845954114","article_published_time":"2017-09-04T18:05:57+00:00","og_image":[{"width":1124,"height":750,"url":"https:\/\/www.romaoggi.eu\/wp-content\/uploads\/2017\/09\/IMG-20170407-WA0007.jpg","type":"image\/jpeg"}],"author":"Flavio","twitter_card":"summary_large_image","twitter_creator":"@romaoggi_eu","twitter_site":"@romaoggi_eu","twitter_misc":{"Scritto da":"Flavio","Tempo di lettura stimato":"2 minuti"},"schema":{"@context":"https:\/\/schema.org","@graph":[{"@type":"Article","@id":"https:\/\/www.romaoggi.eu\/index.php\/2017\/09\/04\/incidentalis-arte\/#article","isPartOf":{"@id":"https:\/\/www.romaoggi.eu\/index.php\/2017\/09\/04\/incidentalis-arte\/"},"author":{"name":"Flavio","@id":"https:\/\/www.romaoggi.eu\/#\/schema\/person\/cc12bfd93370392d7e41d243e47e6681"},"headline":"Da marted\u00ec 5 Settembre la seconda stagione di \u201cIncidentalis Arte\u201d","datePublished":"2017-09-04T18:05:57+00:00","mainEntityOfPage":{"@id":"https:\/\/www.romaoggi.eu\/index.php\/2017\/09\/04\/incidentalis-arte\/"},"wordCount":336,"commentCount":0,"publisher":{"@id":"https:\/\/www.romaoggi.eu\/#organization"},"image":{"@id":"https:\/\/www.romaoggi.eu\/index.php\/2017\/09\/04\/incidentalis-arte\/#primaryimage"},"thumbnailUrl":"https:\/\/www.romaoggi.eu\/wp-content\/uploads\/2017\/09\/IMG-20170407-WA0007.jpg","keywords":["Incidentalis Arte","janet de nardis","Radio Incontro Donna","Radio Incontro Donna FM 96.8","RomaOggi.eu"],"articleSection":["Spettacolo"],"inLanguage":"it-IT","potentialAction":[{"@type":"CommentAction","name":"Comment","target":["https:\/\/www.romaoggi.eu\/index.php\/2017\/09\/04\/incidentalis-arte\/#respond"]}]},{"@type":"WebPage","@id":"https:\/\/www.romaoggi.eu\/index.php\/2017\/09\/04\/incidentalis-arte\/","url":"https:\/\/www.romaoggi.eu\/index.php\/2017\/09\/04\/incidentalis-arte\/","name":"Da marted\u00ec 5 Settembre la seconda stagione di \u201cIncidentalis Arte\u201d","isPartOf":{"@id":"https:\/\/www.romaoggi.eu\/#website"},"primaryImageOfPage":{"@id":"https:\/\/www.romaoggi.eu\/index.php\/2017\/09\/04\/incidentalis-arte\/#primaryimage"},"image":{"@id":"https:\/\/www.romaoggi.eu\/index.php\/2017\/09\/04\/incidentalis-arte\/#primaryimage"},"thumbnailUrl":"https:\/\/www.romaoggi.eu\/wp-content\/uploads\/2017\/09\/IMG-20170407-WA0007.jpg","datePublished":"2017-09-04T18:05:57+00:00","description":"\u201cIncidentalis Arte\u201d: Radio Incontro Donna FM 96.8 torna con una nuova stagione, tutti i marted\u00ec dal 5 Settembre il ritorno del programma...","breadcrumb":{"@id":"https:\/\/www.romaoggi.eu\/index.php\/2017\/09\/04\/incidentalis-arte\/#breadcrumb"},"inLanguage":"it-IT","potentialAction":[{"@type":"ReadAction","target":["https:\/\/www.romaoggi.eu\/index.php\/2017\/09\/04\/incidentalis-arte\/"]}]},{"@type":"ImageObject","inLanguage":"it-IT","@id":"https:\/\/www.romaoggi.eu\/index.php\/2017\/09\/04\/incidentalis-arte\/#primaryimage","url":"https:\/\/www.romaoggi.eu\/wp-content\/uploads\/2017\/09\/IMG-20170407-WA0007.jpg","contentUrl":"https:\/\/www.romaoggi.eu\/wp-content\/uploads\/2017\/09\/IMG-20170407-WA0007.jpg","width":1124,"height":750,"caption":"Alt text \u201cIncidentalis Arte\u201d"},{"@type":"BreadcrumbList","@id":"https:\/\/www.romaoggi.eu\/index.php\/2017\/09\/04\/incidentalis-arte\/#breadcrumb","itemListElement":[{"@type":"ListItem","position":1,"name":"Home","item":"https:\/\/www.romaoggi.eu\/"},{"@type":"ListItem","position":2,"name":"Da marted\u00ec 5 Settembre la seconda stagione di \u201cIncidentalis Arte\u201d"}]},{"@type":"WebSite","@id":"https:\/\/www.romaoggi.eu\/#website","url":"https:\/\/www.romaoggi.eu\/","name":"roma oggi","description":"Interesting News for Interesting people","publisher":{"@id":"https:\/\/www.romaoggi.eu\/#organization"},"potentialAction":[{"@type":"SearchAction","target":{"@type":"EntryPoint","urlTemplate":"https:\/\/www.romaoggi.eu\/?s={search_term_string}"},"query-input":{"@type":"PropertyValueSpecification","valueRequired":true,"valueName":"search_term_string"}}],"inLanguage":"it-IT"},{"@type":"Organization","@id":"https:\/\/www.romaoggi.eu\/#organization","name":"RomaOggi","url":"https:\/\/www.romaoggi.eu\/","logo":{"@type":"ImageObject","inLanguage":"it-IT","@id":"https:\/\/www.romaoggi.eu\/#\/schema\/logo\/image\/","url":"https:\/\/www.romaoggi.eu\/wp-content\/uploads\/2017\/04\/logowp.jpg","contentUrl":"https:\/\/www.romaoggi.eu\/wp-content\/uploads\/2017\/04\/logowp.jpg","width":300,"height":133,"caption":"RomaOggi"},"image":{"@id":"https:\/\/www.romaoggi.eu\/#\/schema\/logo\/image\/"},"sameAs":["https:\/\/www.facebook.com\/RomaOggi-841544845954114","https:\/\/x.com\/romaoggi_eu"]},{"@type":"Person","@id":"https:\/\/www.romaoggi.eu\/#\/schema\/person\/cc12bfd93370392d7e41d243e47e6681","name":"Flavio","image":{"@type":"ImageObject","inLanguage":"it-IT","@id":"https:\/\/secure.gravatar.com\/avatar\/7e044ce830ea97853e01500437b37dff4a622b20a194e4d0efe9b67e918f19e5?s=96&d=mm&r=g","url":"https:\/\/secure.gravatar.com\/avatar\/7e044ce830ea97853e01500437b37dff4a622b20a194e4d0efe9b67e918f19e5?s=96&d=mm&r=g","contentUrl":"https:\/\/secure.gravatar.com\/avatar\/7e044ce830ea97853e01500437b37dff4a622b20a194e4d0efe9b67e918f19e5?s=96&d=mm&r=g","caption":"Flavio"},"url":"https:\/\/www.romaoggi.eu\/index.php\/author\/cristiano\/"}]}},"_links":{"self":[{"href":"https:\/\/www.romaoggi.eu\/index.php\/wp-json\/wp\/v2\/posts\/10106","targetHints":{"allow":["GET"]}}],"collection":[{"href":"https:\/\/www.romaoggi.eu\/index.php\/wp-json\/wp\/v2\/posts"}],"about":[{"href":"https:\/\/www.romaoggi.eu\/index.php\/wp-json\/wp\/v2\/types\/post"}],"author":[{"embeddable":true,"href":"https:\/\/www.romaoggi.eu\/index.php\/wp-json\/wp\/v2\/users\/5"}],"replies":[{"embeddable":true,"href":"https:\/\/www.romaoggi.eu\/index.php\/wp-json\/wp\/v2\/comments?post=10106"}],"version-history":[{"count":2,"href":"https:\/\/www.romaoggi.eu\/index.php\/wp-json\/wp\/v2\/posts\/10106\/revisions"}],"predecessor-version":[{"id":10113,"href":"https:\/\/www.romaoggi.eu\/index.php\/wp-json\/wp\/v2\/posts\/10106\/revisions\/10113"}],"wp:featuredmedia":[{"embeddable":true,"href":"https:\/\/www.romaoggi.eu\/index.php\/wp-json\/wp\/v2\/media\/10112"}],"wp:attachment":[{"href":"https:\/\/www.romaoggi.eu\/index.php\/wp-json\/wp\/v2\/media?parent=10106"}],"wp:term":[{"taxonomy":"category","embeddable":true,"href":"https:\/\/www.romaoggi.eu\/index.php\/wp-json\/wp\/v2\/categories?post=10106"},{"taxonomy":"post_tag","embeddable":true,"href":"https:\/\/www.romaoggi.eu\/index.php\/wp-json\/wp\/v2\/tags?post=10106"}],"curies":[{"name":"wp","href":"https:\/\/api.w.org\/{rel}","templated":true}]}}