{"id":10294,"date":"2017-09-21T12:13:31","date_gmt":"2017-09-21T10:13:31","guid":{"rendered":"http:\/\/www.romaoggi.eu\/?p=10294"},"modified":"2017-09-21T12:13:31","modified_gmt":"2017-09-21T10:13:31","slug":"drink-or-drive","status":"publish","type":"post","link":"https:\/\/www.romaoggi.eu\/index.php\/2017\/09\/21\/drink-or-drive\/","title":{"rendered":"Sicurezza stradale e alcol: Al Rally in Costa Smeralda arriva Drink or Drive"},"content":{"rendered":"<h2>Al Rally in Costa Smeralda arriva la campagna di comunicazione sociale,&#8221;Drink or Drive&#8221;, per sensibilizzare i giovani sui rischi connessi all&#8217;assunzione di alcol prima di mettersi alla guida di veicoli a motore.<\/h2>\n<p align=\"JUSTIFY\"><b>Drink or Drive:\u00a0<\/b>Educare i giovani a guidare sempre sobri. Dal 28 al 30 settembre, il Parco chiuso del \u201c<a href=\"http:\/\/www.rallycostasmeralda.com\/\">Rally in Costa Smeralda<\/a>\u201d ad <a href=\"http:\/\/www.comunearzachena.gov.it\/\">Arzachena<\/a>, ospiter\u00e0 le prove in auto per gli studenti e per tutti coloro che vorranno capire, in modo del tutto gratuito, come cambiano i riflessi con il mezzo e con la strada quando si \u00e8 bevuto pi\u00f9 di un bicchiere di alcol. L\u2019iniziativa nasce grazie alla sintonia di intenti fra il Provveditorato agli Studi di Sassari, la Capitaneria di Porto di Olbia, il Rally in Costa Smeralda e l&#8217;associazione <b>Drink or Drive <\/b>che, dopo il tour del 2014 e 2015 svoltosi in 55 citt\u00e0 italiane, arriva in Sardegna e coinvolger\u00e0 gli studenti dei licei di Olbia, Palau, Arzachena e la Maddalena, per arrivare poi a coinvolgere tutti gli istituti della parte settentrionale dell&#8217;isola.<\/p>\n<p align=\"JUSTIFY\">Il <b>\u201cRally in Costa Smeralda\u201d<\/b> \u00e8 un importante progetto di marketing territoriale, articolato su pi\u00f9 fronti: oltre alla sua valenza sportiva, gratificata dalla bellezza dei percorsi proposti agli equipaggi in gara e al pubblico di appassionati, il progetto si rivolge anche ai giovani. Troppi giovani si avvicinano al mondo nei motori in modo inconsapevole, senza avere ben chiara l&#8217;importanza e la pericolosit\u00e0 dei propri gesti quando, magari al termine di una serata in allegria, si sono superati i limiti alcolici consentiti. La prova al fianco degli esperti dell&#8217;associazione Drink or Drive dura solo un minuto, ma \u00e8 sufficiente per far comprendere il pericolo e, si spera, salvare delle vite.<\/p>\n<p align=\"JUSTIFY\"><img loading=\"lazy\" decoding=\"async\" class=\"alignright wp-image-10298 size-medium\" src=\"https:\/\/www.romaoggi.eu\/wp-content\/uploads\/2017\/09\/DSC_8090-min-300x200.jpg\" alt=\"Alt text Drink or Drive\" width=\"300\" height=\"200\" srcset=\"https:\/\/www.romaoggi.eu\/wp-content\/uploads\/2017\/09\/DSC_8090-min-300x200.jpg 300w, https:\/\/www.romaoggi.eu\/wp-content\/uploads\/2017\/09\/DSC_8090-min-1024x681.jpg 1024w\" sizes=\"auto, (max-width: 300px) 100vw, 300px\" \/><\/p>\n<p align=\"JUSTIFY\">L\u2019idea di \u201cDrink or Drive\u201d \u00e8 di Nicol\u00f2 Malfatti, che l\u2019ha avuta osservando i suoi coetanei in un pub. Troppo alcol e la convinzione di essere invincibili costituiscono una miscela esplosiva che pu\u00f2 fare molti danni. Cos\u00ec Nicol\u00f2 ha sentito il bisogno di fare qualcosa e ha coinvolto suo padre Andrea Malfatti, presidente dell\u2019associazione Drink or Drive, nell&#8217;ideare una simulazione di guida sotto l&#8217;effetto dell&#8217;alcol, per far capire quanti rischi inutili si corrono. Grazie a un particolare visore, infatti, i ragazzi possono mettersi alla guida simulando ci\u00f2 che vedrebbe un ubriaco.<\/p>\n<p align=\"JUSTIFY\">\u201c<i>La sempre maggiore attenzione da parte del legislatore verso i giovani, alla guida sotto gli effetti dell\u2019alcol, e il conseguente inasprimento delle sanzioni \u2013 <\/i><b>afferma Andrea Malfatti,<\/b><b> presidente di \u201cDrink or Drive\u201d<\/b><i> &#8211; richiede, da parte di tutti, una maggiore attenzione a quelle attivit\u00e0 di carattere squisitamente preventivo che, aumentando la conoscenza e la coscienza personale, possono ridurre i rischi che il fenomeno comporta\u201d.<\/i><\/p>\n<p align=\"JUSTIFY\">Oltre al provveditore agli studi di Sassari, prof.ssa Anna Massenti, la collaborazione con le scuole \u00e8 a cura della prof.ssa Maria Antonietta Sanna, delegata alle attivit\u00e0 speciali per il Provveditorato agli studi di Sassari, con la collaborazione del Comandante Trogu della Capitaneria di Porto di Olbia e di Great Event, societ\u00e0 organizzatrice dell&#8217;evento.<\/p>\n<p align=\"JUSTIFY\">L&#8217;associazione Drink or Drive porta in tutta Italia le proprie iniziative per la guida sicura e ha realizzato anche la app \u201cSono sobrio\u201d, grazie alla quale si pu\u00f2 facilmente calcolare il proprio tasso alcolico prima di mettersi alla guida, semplicemente con uno smartphone.<\/p>\n<p align=\"JUSTIFY\"><b>Il problema della guida sicura riveste una notevole rilevanza sociale. Secondo i dati forniti dall&#8217;ACI, infatti, la mortalit\u00e0 per incidenti stradali raggiunge il massimo nelle ore notturne <\/b>(dalle 3 alle 6), con 4,64 decessi ogni 100 incidenti, contro una media giornaliera pari a 1,96. I pi\u00f9 coinvolti sono i giovani dai 20 ai 49 anni di et\u00e0 (1.321 in totale, pari al 51,7 per cento), con un picco per la fascia 20-24 anni.<\/p>\n<p align=\"JUSTIFY\">Da questi dati traspare la correlazione fra eventi mortali e possibile assunzione di alcol o droghe da parte di soggetti giovani prima di mettersi alla guida di notte. Carabinieri e Polizia Stradale rilevano che nel 2015 (ultimi dati Istat) sono stati 5.876 gli incidenti stradali per i quali almeno uno dei conducenti dei veicoli coinvolti era in stato di ebbrezza, su un totale di 58.981. Il 10% degli incidenti rilevati dai Carabinieri e dalla Polizia Stradale nel 2015 \u00e8 risultato perci\u00f2 legato al consumo di alcol. Un dato approssimato per difetto, poich\u00e9 Carabinieri e Polizia Stradale intervengono soprattutto negli incidenti su strade extraurbane e solo nel 20% di quelli in ambito urbano. Ed \u00e8 proprio sulle strade cittadine che si verificano con maggior frequenza gli incidenti correlati all&#8217;alcol (pi\u00f9 della met\u00e0, nel 2015, rispetto al totale per guida sotto l\u2019effetto di alcol).<\/p>\n<p align=\"JUSTIFY\">Il lavoro di promozione portato avanti in tutta l\u2019Italia dall\u2019associazione Drink or Drive, realizzato con ilpatrocinio del Ministero delle Infrastrutture e dei Trasporti, dell&#8217;ACI e il coinvolgimento diretto dei ragazzi, spesso refrattari ai discorsi \u201csu ci\u00f2 che non si fa\u201d, ha dato in questi anni risultati insperati, facendo provare ai giovani quanto pu\u00f2 essere pericolosa la guida quando non si \u00e8 lucidi.<\/p>\n<p align=\"JUSTIFY\"><a href=\"https:\/\/www.romaoggi.eu\/index.php\/2017\/09\/20\/un-pasto-al-giorno\/\"><b>RomaOggi.eu \u2192 Leggi il prossimo articolo<\/b><\/a><\/p>\n<p align=\"JUSTIFY\">La Redazione<\/p>\n<p align=\"JUSTIFY\">RomaOggi.eu \u201cInteresting news for interesting people\u201d<\/p>\n<p align=\"JUSTIFY\"><img loading=\"lazy\" decoding=\"async\" class=\"aligncenter wp-image-10299 size-full\" src=\"https:\/\/www.romaoggi.eu\/wp-content\/uploads\/2017\/09\/download.png\" alt=\"Alt text Drink or Drive\" width=\"451\" height=\"112\" srcset=\"https:\/\/www.romaoggi.eu\/wp-content\/uploads\/2017\/09\/download.png 451w, https:\/\/www.romaoggi.eu\/wp-content\/uploads\/2017\/09\/download-300x75.png 300w\" sizes=\"auto, (max-width: 451px) 100vw, 451px\" \/><\/p>\n","protected":false},"excerpt":{"rendered":"<div class=\"mh-excerpt\"><p>Al Rally in Costa Smeralda arriva la campagna di comunicazione sociale,&#8221;Drink or Drive&#8221;, per sensibilizzare i giovani sui rischi connessi all&#8217;assunzione di alcol prima di mettersi alla guida di veicoli a motore. Drink or Drive:\u00a0Educare <a class=\"mh-excerpt-more\" href=\"https:\/\/www.romaoggi.eu\/index.php\/2017\/09\/21\/drink-or-drive\/\" title=\"Sicurezza stradale e alcol: Al Rally in Costa Smeralda arriva Drink or Drive\">[&#8230;]<\/a><\/p>\n<\/div>","protected":false},"author":5,"featured_media":10296,"comment_status":"open","ping_status":"open","sticky":false,"template":"","format":"standard","meta":{"_sitemap_exclude":false,"_sitemap_priority":"","_sitemap_frequency":"","footnotes":""},"categories":[5273],"tags":[7527,7529,7530,7525,7523,7531,7526,7528,7524,1738],"class_list":["post-10294","post","type-post","status-publish","format-standard","has-post-thumbnail","hentry","category-oltre-roma","tag-aci","tag-andrea-malfatti","tag-app-sono-sobrio","tag-arzachena","tag-drink-or-drive","tag-incidenti-stradali","tag-nicolo-malfatti","tag-polizia-stradale","tag-rally-in-costa-smeralda","tag-romaoggi-eu"],"yoast_head":"<!-- This site is optimized with the Yoast SEO plugin v27.5 - https:\/\/yoast.com\/product\/yoast-seo-wordpress\/ -->\n<title>Sicurezza stradale e alcol: Al Rally in Costa Smeralda arriva Drink or Drive<\/title>\n<meta name=\"description\" content=\"Drink or Drive:\u00a0Educare i giovani a guidare sempre sobri. Dal 28 al 30 settembre, il Parco chiuso del \u201cRally in Costa Smeralda\u201d ad Arzachena...\" \/>\n<meta name=\"robots\" content=\"index, follow, max-snippet:-1, max-image-preview:large, max-video-preview:-1\" \/>\n<link rel=\"canonical\" href=\"https:\/\/www.romaoggi.eu\/index.php\/2017\/09\/21\/drink-or-drive\/\" \/>\n<meta property=\"og:locale\" content=\"it_IT\" \/>\n<meta property=\"og:type\" content=\"article\" \/>\n<meta property=\"og:title\" content=\"Sicurezza stradale e alcol: Al Rally in Costa Smeralda arriva Drink or Drive\" \/>\n<meta property=\"og:description\" content=\"Drink or Drive:\u00a0Educare i giovani a guidare sempre sobri. Dal 28 al 30 settembre, il Parco chiuso del \u201cRally in Costa Smeralda\u201d ad Arzachena...\" \/>\n<meta property=\"og:url\" content=\"https:\/\/www.romaoggi.eu\/index.php\/2017\/09\/21\/drink-or-drive\/\" \/>\n<meta property=\"og:site_name\" content=\"roma oggi\" \/>\n<meta property=\"article:publisher\" content=\"https:\/\/www.facebook.com\/RomaOggi-841544845954114\" \/>\n<meta property=\"article:published_time\" content=\"2017-09-21T10:13:31+00:00\" \/>\n<meta property=\"og:image\" content=\"https:\/\/www.romaoggi.eu\/wp-content\/uploads\/2017\/09\/DSC_8098-min-min.jpg\" \/>\n\t<meta property=\"og:image:width\" content=\"4256\" \/>\n\t<meta property=\"og:image:height\" content=\"2832\" \/>\n\t<meta property=\"og:image:type\" content=\"image\/jpeg\" \/>\n<meta name=\"author\" content=\"Flavio\" \/>\n<meta name=\"twitter:card\" content=\"summary_large_image\" \/>\n<meta name=\"twitter:creator\" content=\"@romaoggi_eu\" \/>\n<meta name=\"twitter:site\" content=\"@romaoggi_eu\" \/>\n<meta name=\"twitter:label1\" content=\"Scritto da\" \/>\n\t<meta name=\"twitter:data1\" content=\"Flavio\" \/>\n\t<meta name=\"twitter:label2\" content=\"Tempo di lettura stimato\" \/>\n\t<meta name=\"twitter:data2\" content=\"4 minuti\" \/>\n<script type=\"application\/ld+json\" class=\"yoast-schema-graph\">{\"@context\":\"https:\\\/\\\/schema.org\",\"@graph\":[{\"@type\":\"Article\",\"@id\":\"https:\\\/\\\/www.romaoggi.eu\\\/index.php\\\/2017\\\/09\\\/21\\\/drink-or-drive\\\/#article\",\"isPartOf\":{\"@id\":\"https:\\\/\\\/www.romaoggi.eu\\\/index.php\\\/2017\\\/09\\\/21\\\/drink-or-drive\\\/\"},\"author\":{\"name\":\"Flavio\",\"@id\":\"https:\\\/\\\/www.romaoggi.eu\\\/#\\\/schema\\\/person\\\/cc12bfd93370392d7e41d243e47e6681\"},\"headline\":\"Sicurezza stradale e alcol: Al Rally in Costa Smeralda arriva Drink or Drive\",\"datePublished\":\"2017-09-21T10:13:31+00:00\",\"mainEntityOfPage\":{\"@id\":\"https:\\\/\\\/www.romaoggi.eu\\\/index.php\\\/2017\\\/09\\\/21\\\/drink-or-drive\\\/\"},\"wordCount\":828,\"commentCount\":0,\"publisher\":{\"@id\":\"https:\\\/\\\/www.romaoggi.eu\\\/#organization\"},\"image\":{\"@id\":\"https:\\\/\\\/www.romaoggi.eu\\\/index.php\\\/2017\\\/09\\\/21\\\/drink-or-drive\\\/#primaryimage\"},\"thumbnailUrl\":\"https:\\\/\\\/www.romaoggi.eu\\\/wp-content\\\/uploads\\\/2017\\\/09\\\/DSC_8098-min-min.jpg\",\"keywords\":[\"ACI\",\"Andrea Malfatti\",\"app \u201cSono sobrio\u201d\",\"Arzachena\",\"Drink or Drive\",\"incidenti stradali\",\"Nicol\u00f2 Malfatti\",\"Polizia Stradale\",\"Rally in Costa Smeralda\",\"RomaOggi.eu\"],\"articleSection\":[\"oltre Roma\"],\"inLanguage\":\"it-IT\",\"potentialAction\":[{\"@type\":\"CommentAction\",\"name\":\"Comment\",\"target\":[\"https:\\\/\\\/www.romaoggi.eu\\\/index.php\\\/2017\\\/09\\\/21\\\/drink-or-drive\\\/#respond\"]}]},{\"@type\":\"WebPage\",\"@id\":\"https:\\\/\\\/www.romaoggi.eu\\\/index.php\\\/2017\\\/09\\\/21\\\/drink-or-drive\\\/\",\"url\":\"https:\\\/\\\/www.romaoggi.eu\\\/index.php\\\/2017\\\/09\\\/21\\\/drink-or-drive\\\/\",\"name\":\"Sicurezza stradale e alcol: Al Rally in Costa Smeralda arriva Drink or Drive\",\"isPartOf\":{\"@id\":\"https:\\\/\\\/www.romaoggi.eu\\\/#website\"},\"primaryImageOfPage\":{\"@id\":\"https:\\\/\\\/www.romaoggi.eu\\\/index.php\\\/2017\\\/09\\\/21\\\/drink-or-drive\\\/#primaryimage\"},\"image\":{\"@id\":\"https:\\\/\\\/www.romaoggi.eu\\\/index.php\\\/2017\\\/09\\\/21\\\/drink-or-drive\\\/#primaryimage\"},\"thumbnailUrl\":\"https:\\\/\\\/www.romaoggi.eu\\\/wp-content\\\/uploads\\\/2017\\\/09\\\/DSC_8098-min-min.jpg\",\"datePublished\":\"2017-09-21T10:13:31+00:00\",\"description\":\"Drink or Drive:\u00a0Educare i giovani a guidare sempre sobri. Dal 28 al 30 settembre, il Parco chiuso del \u201cRally in Costa Smeralda\u201d ad Arzachena...\",\"breadcrumb\":{\"@id\":\"https:\\\/\\\/www.romaoggi.eu\\\/index.php\\\/2017\\\/09\\\/21\\\/drink-or-drive\\\/#breadcrumb\"},\"inLanguage\":\"it-IT\",\"potentialAction\":[{\"@type\":\"ReadAction\",\"target\":[\"https:\\\/\\\/www.romaoggi.eu\\\/index.php\\\/2017\\\/09\\\/21\\\/drink-or-drive\\\/\"]}]},{\"@type\":\"ImageObject\",\"inLanguage\":\"it-IT\",\"@id\":\"https:\\\/\\\/www.romaoggi.eu\\\/index.php\\\/2017\\\/09\\\/21\\\/drink-or-drive\\\/#primaryimage\",\"url\":\"https:\\\/\\\/www.romaoggi.eu\\\/wp-content\\\/uploads\\\/2017\\\/09\\\/DSC_8098-min-min.jpg\",\"contentUrl\":\"https:\\\/\\\/www.romaoggi.eu\\\/wp-content\\\/uploads\\\/2017\\\/09\\\/DSC_8098-min-min.jpg\",\"width\":4256,\"height\":2832,\"caption\":\"Alt text Drink or Drive\"},{\"@type\":\"BreadcrumbList\",\"@id\":\"https:\\\/\\\/www.romaoggi.eu\\\/index.php\\\/2017\\\/09\\\/21\\\/drink-or-drive\\\/#breadcrumb\",\"itemListElement\":[{\"@type\":\"ListItem\",\"position\":1,\"name\":\"Home\",\"item\":\"https:\\\/\\\/www.romaoggi.eu\\\/\"},{\"@type\":\"ListItem\",\"position\":2,\"name\":\"Sicurezza stradale e alcol: Al Rally in Costa Smeralda arriva Drink or Drive\"}]},{\"@type\":\"WebSite\",\"@id\":\"https:\\\/\\\/www.romaoggi.eu\\\/#website\",\"url\":\"https:\\\/\\\/www.romaoggi.eu\\\/\",\"name\":\"roma oggi\",\"description\":\"Interesting News for Interesting people\",\"publisher\":{\"@id\":\"https:\\\/\\\/www.romaoggi.eu\\\/#organization\"},\"potentialAction\":[{\"@type\":\"SearchAction\",\"target\":{\"@type\":\"EntryPoint\",\"urlTemplate\":\"https:\\\/\\\/www.romaoggi.eu\\\/?s={search_term_string}\"},\"query-input\":{\"@type\":\"PropertyValueSpecification\",\"valueRequired\":true,\"valueName\":\"search_term_string\"}}],\"inLanguage\":\"it-IT\"},{\"@type\":\"Organization\",\"@id\":\"https:\\\/\\\/www.romaoggi.eu\\\/#organization\",\"name\":\"RomaOggi\",\"url\":\"https:\\\/\\\/www.romaoggi.eu\\\/\",\"logo\":{\"@type\":\"ImageObject\",\"inLanguage\":\"it-IT\",\"@id\":\"https:\\\/\\\/www.romaoggi.eu\\\/#\\\/schema\\\/logo\\\/image\\\/\",\"url\":\"https:\\\/\\\/www.romaoggi.eu\\\/wp-content\\\/uploads\\\/2017\\\/04\\\/logowp.jpg\",\"contentUrl\":\"https:\\\/\\\/www.romaoggi.eu\\\/wp-content\\\/uploads\\\/2017\\\/04\\\/logowp.jpg\",\"width\":300,\"height\":133,\"caption\":\"RomaOggi\"},\"image\":{\"@id\":\"https:\\\/\\\/www.romaoggi.eu\\\/#\\\/schema\\\/logo\\\/image\\\/\"},\"sameAs\":[\"https:\\\/\\\/www.facebook.com\\\/RomaOggi-841544845954114\",\"https:\\\/\\\/x.com\\\/romaoggi_eu\"]},{\"@type\":\"Person\",\"@id\":\"https:\\\/\\\/www.romaoggi.eu\\\/#\\\/schema\\\/person\\\/cc12bfd93370392d7e41d243e47e6681\",\"name\":\"Flavio\",\"image\":{\"@type\":\"ImageObject\",\"inLanguage\":\"it-IT\",\"@id\":\"https:\\\/\\\/secure.gravatar.com\\\/avatar\\\/7e044ce830ea97853e01500437b37dff4a622b20a194e4d0efe9b67e918f19e5?s=96&d=mm&r=g\",\"url\":\"https:\\\/\\\/secure.gravatar.com\\\/avatar\\\/7e044ce830ea97853e01500437b37dff4a622b20a194e4d0efe9b67e918f19e5?s=96&d=mm&r=g\",\"contentUrl\":\"https:\\\/\\\/secure.gravatar.com\\\/avatar\\\/7e044ce830ea97853e01500437b37dff4a622b20a194e4d0efe9b67e918f19e5?s=96&d=mm&r=g\",\"caption\":\"Flavio\"},\"url\":\"https:\\\/\\\/www.romaoggi.eu\\\/index.php\\\/author\\\/cristiano\\\/\"}]}<\/script>\n<!-- \/ Yoast SEO plugin. -->","yoast_head_json":{"title":"Sicurezza stradale e alcol: Al Rally in Costa Smeralda arriva Drink or Drive","description":"Drink or Drive:\u00a0Educare i giovani a guidare sempre sobri. Dal 28 al 30 settembre, il Parco chiuso del \u201cRally in Costa Smeralda\u201d ad Arzachena...","robots":{"index":"index","follow":"follow","max-snippet":"max-snippet:-1","max-image-preview":"max-image-preview:large","max-video-preview":"max-video-preview:-1"},"canonical":"https:\/\/www.romaoggi.eu\/index.php\/2017\/09\/21\/drink-or-drive\/","og_locale":"it_IT","og_type":"article","og_title":"Sicurezza stradale e alcol: Al Rally in Costa Smeralda arriva Drink or Drive","og_description":"Drink or Drive:\u00a0Educare i giovani a guidare sempre sobri. Dal 28 al 30 settembre, il Parco chiuso del \u201cRally in Costa Smeralda\u201d ad Arzachena...","og_url":"https:\/\/www.romaoggi.eu\/index.php\/2017\/09\/21\/drink-or-drive\/","og_site_name":"roma oggi","article_publisher":"https:\/\/www.facebook.com\/RomaOggi-841544845954114","article_published_time":"2017-09-21T10:13:31+00:00","og_image":[{"width":4256,"height":2832,"url":"https:\/\/www.romaoggi.eu\/wp-content\/uploads\/2017\/09\/DSC_8098-min-min.jpg","type":"image\/jpeg"}],"author":"Flavio","twitter_card":"summary_large_image","twitter_creator":"@romaoggi_eu","twitter_site":"@romaoggi_eu","twitter_misc":{"Scritto da":"Flavio","Tempo di lettura stimato":"4 minuti"},"schema":{"@context":"https:\/\/schema.org","@graph":[{"@type":"Article","@id":"https:\/\/www.romaoggi.eu\/index.php\/2017\/09\/21\/drink-or-drive\/#article","isPartOf":{"@id":"https:\/\/www.romaoggi.eu\/index.php\/2017\/09\/21\/drink-or-drive\/"},"author":{"name":"Flavio","@id":"https:\/\/www.romaoggi.eu\/#\/schema\/person\/cc12bfd93370392d7e41d243e47e6681"},"headline":"Sicurezza stradale e alcol: Al Rally in Costa Smeralda arriva Drink or Drive","datePublished":"2017-09-21T10:13:31+00:00","mainEntityOfPage":{"@id":"https:\/\/www.romaoggi.eu\/index.php\/2017\/09\/21\/drink-or-drive\/"},"wordCount":828,"commentCount":0,"publisher":{"@id":"https:\/\/www.romaoggi.eu\/#organization"},"image":{"@id":"https:\/\/www.romaoggi.eu\/index.php\/2017\/09\/21\/drink-or-drive\/#primaryimage"},"thumbnailUrl":"https:\/\/www.romaoggi.eu\/wp-content\/uploads\/2017\/09\/DSC_8098-min-min.jpg","keywords":["ACI","Andrea Malfatti","app \u201cSono sobrio\u201d","Arzachena","Drink or Drive","incidenti stradali","Nicol\u00f2 Malfatti","Polizia Stradale","Rally in Costa Smeralda","RomaOggi.eu"],"articleSection":["oltre Roma"],"inLanguage":"it-IT","potentialAction":[{"@type":"CommentAction","name":"Comment","target":["https:\/\/www.romaoggi.eu\/index.php\/2017\/09\/21\/drink-or-drive\/#respond"]}]},{"@type":"WebPage","@id":"https:\/\/www.romaoggi.eu\/index.php\/2017\/09\/21\/drink-or-drive\/","url":"https:\/\/www.romaoggi.eu\/index.php\/2017\/09\/21\/drink-or-drive\/","name":"Sicurezza stradale e alcol: Al Rally in Costa Smeralda arriva Drink or Drive","isPartOf":{"@id":"https:\/\/www.romaoggi.eu\/#website"},"primaryImageOfPage":{"@id":"https:\/\/www.romaoggi.eu\/index.php\/2017\/09\/21\/drink-or-drive\/#primaryimage"},"image":{"@id":"https:\/\/www.romaoggi.eu\/index.php\/2017\/09\/21\/drink-or-drive\/#primaryimage"},"thumbnailUrl":"https:\/\/www.romaoggi.eu\/wp-content\/uploads\/2017\/09\/DSC_8098-min-min.jpg","datePublished":"2017-09-21T10:13:31+00:00","description":"Drink or Drive:\u00a0Educare i giovani a guidare sempre sobri. Dal 28 al 30 settembre, il Parco chiuso del \u201cRally in Costa Smeralda\u201d ad Arzachena...","breadcrumb":{"@id":"https:\/\/www.romaoggi.eu\/index.php\/2017\/09\/21\/drink-or-drive\/#breadcrumb"},"inLanguage":"it-IT","potentialAction":[{"@type":"ReadAction","target":["https:\/\/www.romaoggi.eu\/index.php\/2017\/09\/21\/drink-or-drive\/"]}]},{"@type":"ImageObject","inLanguage":"it-IT","@id":"https:\/\/www.romaoggi.eu\/index.php\/2017\/09\/21\/drink-or-drive\/#primaryimage","url":"https:\/\/www.romaoggi.eu\/wp-content\/uploads\/2017\/09\/DSC_8098-min-min.jpg","contentUrl":"https:\/\/www.romaoggi.eu\/wp-content\/uploads\/2017\/09\/DSC_8098-min-min.jpg","width":4256,"height":2832,"caption":"Alt text Drink or Drive"},{"@type":"BreadcrumbList","@id":"https:\/\/www.romaoggi.eu\/index.php\/2017\/09\/21\/drink-or-drive\/#breadcrumb","itemListElement":[{"@type":"ListItem","position":1,"name":"Home","item":"https:\/\/www.romaoggi.eu\/"},{"@type":"ListItem","position":2,"name":"Sicurezza stradale e alcol: Al Rally in Costa Smeralda arriva Drink or Drive"}]},{"@type":"WebSite","@id":"https:\/\/www.romaoggi.eu\/#website","url":"https:\/\/www.romaoggi.eu\/","name":"roma oggi","description":"Interesting News for Interesting people","publisher":{"@id":"https:\/\/www.romaoggi.eu\/#organization"},"potentialAction":[{"@type":"SearchAction","target":{"@type":"EntryPoint","urlTemplate":"https:\/\/www.romaoggi.eu\/?s={search_term_string}"},"query-input":{"@type":"PropertyValueSpecification","valueRequired":true,"valueName":"search_term_string"}}],"inLanguage":"it-IT"},{"@type":"Organization","@id":"https:\/\/www.romaoggi.eu\/#organization","name":"RomaOggi","url":"https:\/\/www.romaoggi.eu\/","logo":{"@type":"ImageObject","inLanguage":"it-IT","@id":"https:\/\/www.romaoggi.eu\/#\/schema\/logo\/image\/","url":"https:\/\/www.romaoggi.eu\/wp-content\/uploads\/2017\/04\/logowp.jpg","contentUrl":"https:\/\/www.romaoggi.eu\/wp-content\/uploads\/2017\/04\/logowp.jpg","width":300,"height":133,"caption":"RomaOggi"},"image":{"@id":"https:\/\/www.romaoggi.eu\/#\/schema\/logo\/image\/"},"sameAs":["https:\/\/www.facebook.com\/RomaOggi-841544845954114","https:\/\/x.com\/romaoggi_eu"]},{"@type":"Person","@id":"https:\/\/www.romaoggi.eu\/#\/schema\/person\/cc12bfd93370392d7e41d243e47e6681","name":"Flavio","image":{"@type":"ImageObject","inLanguage":"it-IT","@id":"https:\/\/secure.gravatar.com\/avatar\/7e044ce830ea97853e01500437b37dff4a622b20a194e4d0efe9b67e918f19e5?s=96&d=mm&r=g","url":"https:\/\/secure.gravatar.com\/avatar\/7e044ce830ea97853e01500437b37dff4a622b20a194e4d0efe9b67e918f19e5?s=96&d=mm&r=g","contentUrl":"https:\/\/secure.gravatar.com\/avatar\/7e044ce830ea97853e01500437b37dff4a622b20a194e4d0efe9b67e918f19e5?s=96&d=mm&r=g","caption":"Flavio"},"url":"https:\/\/www.romaoggi.eu\/index.php\/author\/cristiano\/"}]}},"_links":{"self":[{"href":"https:\/\/www.romaoggi.eu\/index.php\/wp-json\/wp\/v2\/posts\/10294","targetHints":{"allow":["GET"]}}],"collection":[{"href":"https:\/\/www.romaoggi.eu\/index.php\/wp-json\/wp\/v2\/posts"}],"about":[{"href":"https:\/\/www.romaoggi.eu\/index.php\/wp-json\/wp\/v2\/types\/post"}],"author":[{"embeddable":true,"href":"https:\/\/www.romaoggi.eu\/index.php\/wp-json\/wp\/v2\/users\/5"}],"replies":[{"embeddable":true,"href":"https:\/\/www.romaoggi.eu\/index.php\/wp-json\/wp\/v2\/comments?post=10294"}],"version-history":[{"count":5,"href":"https:\/\/www.romaoggi.eu\/index.php\/wp-json\/wp\/v2\/posts\/10294\/revisions"}],"predecessor-version":[{"id":10303,"href":"https:\/\/www.romaoggi.eu\/index.php\/wp-json\/wp\/v2\/posts\/10294\/revisions\/10303"}],"wp:featuredmedia":[{"embeddable":true,"href":"https:\/\/www.romaoggi.eu\/index.php\/wp-json\/wp\/v2\/media\/10296"}],"wp:attachment":[{"href":"https:\/\/www.romaoggi.eu\/index.php\/wp-json\/wp\/v2\/media?parent=10294"}],"wp:term":[{"taxonomy":"category","embeddable":true,"href":"https:\/\/www.romaoggi.eu\/index.php\/wp-json\/wp\/v2\/categories?post=10294"},{"taxonomy":"post_tag","embeddable":true,"href":"https:\/\/www.romaoggi.eu\/index.php\/wp-json\/wp\/v2\/tags?post=10294"}],"curies":[{"name":"wp","href":"https:\/\/api.w.org\/{rel}","templated":true}]}}