{"id":10381,"date":"2017-09-23T16:10:06","date_gmt":"2017-09-23T14:10:06","guid":{"rendered":"http:\/\/www.romaoggi.eu\/?p=10381"},"modified":"2017-09-23T16:10:06","modified_gmt":"2017-09-23T14:10:06","slug":"art-collection-galleria-spaziocima","status":"publish","type":"post","link":"https:\/\/www.romaoggi.eu\/index.php\/2017\/09\/23\/art-collection-galleria-spaziocima\/","title":{"rendered":"Alla Galleria SpazioCima: Art Collection fino al 10 ottobre"},"content":{"rendered":"<p style=\"text-align: justify;\"><b>Fino al 10 ottobre 2017 alla Galleria<a href=\"https:\/\/www.romaoggi.eu\/index.php\/2017\/04\/02\/paesaggi-umani-piero-petracci\/\"> SpazioCima<\/a>: ART COLLECTION &#8211; OTTO ARTISTI PER OTTO STILI<\/b><\/p>\n<p style=\"text-align: justify;\">Riapre<b>, <\/b>al termine della pausa estiva, la galleria<b> <a href=\"http:\/\/www.spaziocima.it\/\">SpazioCima<\/a><\/b><span style=\"font-weight: 400;\">, nel quartiere Copped\u00e9, a Roma, con una mostra dalla rinnovata versatilit\u00e0 tecnica e tematica, e con il <\/span><i><span style=\"font-weight: 400;\">leit motiv<\/span><\/i><span style=\"font-weight: 400;\"> di una costante ricerca artistica e contenutistica. Un viaggio ipercolorato, tra ritratti segnati dalla vita e sagome umane macchiate dal criptico contenuto, tra paesaggi naturali e surreali ad angoli urbani e iper realistici.<\/span><\/p>\n<figure id=\"attachment_10385\" aria-describedby=\"caption-attachment-10385\" style=\"width: 300px\" class=\"wp-caption alignleft\"><img loading=\"lazy\" decoding=\"async\" class=\"size-medium wp-image-10385\" src=\"https:\/\/www.romaoggi.eu\/wp-content\/uploads\/2017\/09\/68759-Luisiano_Schiavone_Mauricio_tecnica_mista_su_tela_80x80-300x225.jpg\" alt=\"alt tag Art Collection\" width=\"300\" height=\"225\" srcset=\"https:\/\/www.romaoggi.eu\/wp-content\/uploads\/2017\/09\/68759-Luisiano_Schiavone_Mauricio_tecnica_mista_su_tela_80x80-300x225.jpg 300w, https:\/\/www.romaoggi.eu\/wp-content\/uploads\/2017\/09\/68759-Luisiano_Schiavone_Mauricio_tecnica_mista_su_tela_80x80-326x245.jpg 326w, https:\/\/www.romaoggi.eu\/wp-content\/uploads\/2017\/09\/68759-Luisiano_Schiavone_Mauricio_tecnica_mista_su_tela_80x80-80x60.jpg 80w, https:\/\/www.romaoggi.eu\/wp-content\/uploads\/2017\/09\/68759-Luisiano_Schiavone_Mauricio_tecnica_mista_su_tela_80x80.jpg 600w\" sizes=\"auto, (max-width: 300px) 100vw, 300px\" \/><figcaption id=\"caption-attachment-10385\" class=\"wp-caption-text\">Luisiano Schiavone<\/figcaption><\/figure>\n<p style=\"text-align: justify;\"><b>Art collection,\u00a0<\/b><span style=\"font-weight: 400;\">\u00a0la mostra \u00a0curata da <\/span><b>Roberta Cima<\/b><span style=\"font-weight: 400;\"> e organizzata con <\/span><b>Giuliano Graziani<\/b><span style=\"font-weight: 400;\"> e <\/span><b>Laura Piangiamore<\/b><span style=\"font-weight: 400;\">, propone disegni, chine, pitture ad olio, acrilici e collage. Tecniche diverse che si fondono insieme per raccontare l\u2019arte, in ogni sua forma, in un tripudio di accecante ma mai banale bellezza.<\/span><\/p>\n<p style=\"text-align: justify;\">Gli artisti di Art Collection sono:<b> Nino Attin\u00e0, Gabriele Buratti, Roberto Di Costanzo, Sam Gimbel, Luisiano Schiavone, Carlo Grechi, Fabio Salafia, Petr Shevchenko.<\/b><\/p>\n<p style=\"text-align: justify;\"><i><span style=\"font-weight: 400;\">&#8220;Abbiamo voluto riaprire carichi dell&#8217;energia dell&#8217;estate e consapevoli del percorso autunnale che si apre <\/span><\/i><span style=\"font-weight: 400;\">&#8211; spiega <\/span><b>Roberta Cima, titolare della galleria<\/b><span style=\"font-weight: 400;\"> &#8211; <\/span><i><span style=\"font-weight: 400;\">Un percorso che, nelle sue opere, propone contrasti interessanti, sia sensorialmente tangibili che mentali. Il leit motiv, dopotutto, \u00e8 sempre lo stesso: la bellezza, italiana e internazionale. E questi artisti, come si scoprir\u00e0 meglio nei prossimi mesi con alcune mostre personali, ne sanno proporre tanta, con uno stile ricercato ed estrema eleganza&#8221;. \u00a0\u00a0<\/span><\/i><\/p>\n<p style=\"text-align: justify;\"><b>NINO ATTINA\u2019 &#8211; <\/b><span style=\"font-weight: 400;\">Nino Attin\u00e0 nasce a Reggio Calabria nel 1953. Dopo gli studi artistici, si trasferisce a Milano dove inizia ad insegnare e a dedicarsi alla pittura. Fondatore, insieme ad altri artisti, del gruppo \u201cI Mediterranei\u201d, \u00e8 protagonista di numerose mostre, sia in Italia che all\u2019estero, Osaka, Tokyo, Kyoto, Berlino. Fa inoltre parte degli artisti soci del museo della Permanente di Milano. Nelle opere di Attin\u00e0 ritroviamo \u201cechi picassiani\u201d di straordinaria sensibilit\u00e0 e bellezza, che raccontano un\u2019umanit\u00e0 dinamica. Opere dai tratti veloci, volti appena abbozzati, guizzi di colore e dinamismo. Un tripudio di colori, come una danza.<\/span><\/p>\n<figure id=\"attachment_10387\" aria-describedby=\"caption-attachment-10387\" style=\"width: 300px\" class=\"wp-caption alignright\"><img loading=\"lazy\" decoding=\"async\" class=\"size-medium wp-image-10387\" src=\"https:\/\/www.romaoggi.eu\/wp-content\/uploads\/2017\/09\/959-Gabriele-Buratti-Insolvente-680x678_c-300x300.jpg\" alt=\"alt tag Art Collection\" width=\"300\" height=\"300\" srcset=\"https:\/\/www.romaoggi.eu\/wp-content\/uploads\/2017\/09\/959-Gabriele-Buratti-Insolvente-680x678_c-300x300.jpg 300w, https:\/\/www.romaoggi.eu\/wp-content\/uploads\/2017\/09\/959-Gabriele-Buratti-Insolvente-680x678_c-150x150.jpg 150w, https:\/\/www.romaoggi.eu\/wp-content\/uploads\/2017\/09\/959-Gabriele-Buratti-Insolvente-680x678_c.jpg 680w\" sizes=\"auto, (max-width: 300px) 100vw, 300px\" \/><figcaption id=\"caption-attachment-10387\" class=\"wp-caption-text\">Gabriele Buratti<\/figcaption><\/figure>\n<p style=\"text-align: justify;\"><b>GABRIELE BURATTI &#8211;<\/b><span style=\"font-weight: 400;\"> Gabriele Buratti &#8211; Buga &#8211; nasce a Milano nel 1964, laureato al Politecnico in Architettura del Paesaggio. Sviluppa negli anni interesse per i carattere fisici, antropici, storici e strutturali del territorio che influenzer\u00e0 profondamente la sua opera di pittura, scultura e fotografia. I suoi dipinti contengono anche un marchio, che marchio non \u00e8, perch\u00e9 \u00e8 un vero e proprio codice a barre, lo stesso che troviamo sui prodotti, e che segnano la produzione del nostro tempo, caratterizzata da un forte consumismo. Ebbene, proprio questo marchio \u00e8 diventato un&#8217;icona, un segno, un&#8217;immagine forte che ruota quasi sempre nei dipinti del nostro artista, dando di lui un&#8217;idea forte della sua arte che non \u00e8 avulsa dalla storia degli ultimi anni, di quella storia economico-sociale che ha dato ai paesi occidentali e capitalismi processi accelerati.<\/span><\/p>\n<p style=\"text-align: justify;\"><b>ROBERTO DI COSTANZO &#8211;<\/b><span style=\"font-weight: 400;\"> Ritrattista, illustratore, pittore, docente di Storia del Costume e Disegno dal Vero. Dopo l\u2019Accademia di Belle Arti di Roma, indirizzo scenografia teatrale, spinto dal grande amore per il cinema, Di Costanzo accede al prestigioso Centro Sperimentale di Cinematografia di Roma, dove seguito dal Maestro costumista Piero Tosi, suo mentore, e dallo scenografo Andrea Crisanti, si diploma in scenografia, costume ed arredamento per il cinema. Cresce in lui l\u2019interesse per l\u2019illustrazione che lo porter\u00e0 a realizzare progetti editoriali importanti, quali \u201cRoma\u201d (EditionsNomades). Le sue opere figurano in collezioni private tra Roma, Parigi, New York e in prestigiose gallerie. Disegni a matita o con la china, ritratti di volti e di opere architettoniche, le sue creazioni sono una pioggia di linee chiare e scure di straordinaria bellezza e sensibilit\u00e0.<\/span><\/p>\n<p style=\"text-align: justify;\"><b>SAM GIMBEL &#8211;<\/b><span style=\"font-weight: 400;\"> L\u2019artista newyorkese ha al proprio attivo esposizioni in tutto il mondo: Svezia, Danimarca, Francia, America. Le sue nuove opere raccontano stili e pensieri della sua vita, in una cacofonia del linguaggio e del colore, dando vita a un momento di linee infinite. Da lontano ogni pezzo sembra essere un&#8217;immagine, ma, ad uno sguardo pi\u00f9 approfondito, si scoprono centinaia o pi\u00f9 dipinti individuali in miniatura, messi insieme per crearne uno intero. Ogni pittura parte da diversi fogli di carta da 300-600 grammi. Sono opere realizzate con grande destrezza e precisione, da una mano attenta e vibrante, quella dell\u2019artista che taglia, incolla, dipinge, crea. Ogni opera \u00e8 una storia e un commento sugli eventi attuali e sulla vita dell&#8217;artista.<\/span><\/p>\n<p style=\"text-align: justify;\"><b>LUISIANO SCHIAVONE &#8211;<\/b><span style=\"font-weight: 400;\"> Dopo aver conseguito la maturit\u00e0 artistica e successivamente la laurea alla Accademia di Belle Arti di Lecce, l&#8217;artista mostra da subito una predisposizione pittorica per l&#8217;informale e l&#8217;espressionismo astratto. Nel 2014 realizza due tele per il film &#8221; I nostri ragazzi&#8221; del regista Ivano De Matteo: esegue i ritratti dei protagonisti, gli attori Alessandro Gassman e Barbora Bobulova. Negli ultimi anni l&#8217;artista si proietta in un linguaggio pittorico introspettivo utilizzando la rappresentazione del figurativo alternandosi con l&#8217;informale. Come nel libro &#8220;Aut Aut&#8221; di Kierkegaard, Schiavone si pone il quesito della scelta fra l&#8217;essere etico e l&#8217;essere estetico, esplorando, pittoricamente e psicologicamente, queste due caratteristiche fondamentali dell&#8217;uomo.<\/span><\/p>\n<p style=\"text-align: justify;\"><b>CARLO GRECHI &#8211;<\/b><span style=\"font-weight: 400;\"> Nato a Roma nel 1944, negli anni settanta frequenta la Scuola delle arti Decorative e nel 1971, l\u2019Accademia Libera del Nudo. Pittore, illustratore e grafico, ha all\u2019attivo numerose mostre collettive e personali. In campo editoriale ha progettato libri, locandine, manifesti e calendari, collaborando con periodici a diffusione nazionale. Le \u201cfemmine\u201d di Carlo Grechi sono il simbolo di un delicato ma potente universo in continua \u201crivoluzione\u201d. Sono donne divine e carnali al tempo stesso, ritratte nell\u2019attimo esatto in cui compiono un gesto. Sedute per terra con le ginocchia al petto, sdraiate in riva al mare o mentre fumano una sigaretta. Le sue opere, disegni e dipinti, sono tele delicate, eteree, armoniose e leggere.<\/span><\/p>\n<p style=\"text-align: justify;\"><b>FABIO SALAFIA &#8211;<\/b><span style=\"font-weight: 400;\"> Nato nel 1979 a Grammichele, in provincia di Catania, frequenta l\u2019Istituto Regionale d\u2019Arte conseguendo la maturit\u00e0 in Design Architettura e Arredamento, e l\u2019Accademia delle Belle Arti di Catania, dove si laurea nella sezione Pittura. Fin dai primi lavori, si profila l\u2019interesse fondamentale del pittore per il paesaggio, affrontato nel tempo con diverse tecniche, l\u2019olio, il pastello, l\u2019incisione, e indagato nella soggettivit\u00e0 delle percezioni della natura, come essenziale traduzione d\u2019una emozione. Le chiavi d\u2019accesso all\u2019universo pittorico dell\u2019artista vanno infatti ricercate proprio nelle regioni stratificate dell\u2019io. \u00c8 un viaggio, quello di Fabio Salafia, che si propone quale meta ultima l\u2019anima, il nucleo caldo delle cose naturali e delle cose dell\u2019uomo.<\/span><\/p>\n<p><b>PETR SHEVCHENKO &#8211;<\/b><span style=\"font-weight: 400;\"> Da quando ha memoria, come lui stesso afferma, Petr Shevchenko, artista russo che vive ad Atene, \u00e8 sempre stato interessato all\u2019arte e all\u2019espressione della propria persona. Per lui l\u2019arte rappresenta un viaggio attraverso l\u2019esplorazione di s\u00e9 stessi e la creazione di un linguaggio universale capace di interpretare la realt\u00e0. Molti dei suoi lavori sono vere e proprie sperimentazioni, in ogni sua opera cerca di esprimere i suoi pensieri e le sue sensazioni attraverso la combinazione di tecniche diverse.<\/span><\/p>\n<p>Redazione<\/p>\n<p>&nbsp;<\/p>\n","protected":false},"excerpt":{"rendered":"<div class=\"mh-excerpt\"><p>Fino al 10 ottobre 2017 alla Galleria SpazioCima: ART COLLECTION &#8211; OTTO ARTISTI PER OTTO STILI Riapre, al termine della pausa estiva, la galleria SpazioCima, nel quartiere Copped\u00e9, a Roma, con una mostra dalla rinnovata <a class=\"mh-excerpt-more\" href=\"https:\/\/www.romaoggi.eu\/index.php\/2017\/09\/23\/art-collection-galleria-spaziocima\/\" title=\"Alla Galleria SpazioCima: Art Collection fino al 10 ottobre\">[&#8230;]<\/a><\/p>\n<\/div>","protected":false},"author":3,"featured_media":10384,"comment_status":"open","ping_status":"open","sticky":false,"template":"","format":"standard","meta":{"_sitemap_exclude":false,"_sitemap_priority":"","_sitemap_frequency":"","footnotes":""},"categories":[2],"tags":[7601,7602,1610,3073,7607,7608,7604,7606,7603,7609,7610,4318,4307,7605,5507],"class_list":["post-10381","post","type-post","status-publish","format-standard","has-post-thumbnail","hentry","category-arte","tag-art-gallery","tag-artcollection","tag-arte","tag-arte-moderna","tag-carlo-grachi","tag-fabio-salafia","tag-gabriele-buratti","tag-luisiano-schiavone","tag-nino-attina","tag-petr-shevchenko","tag-quadri","tag-roberta-cima","tag-roberto-di-costanzo","tag-sam-gimbel","tag-spazio-cima"],"yoast_head":"<!-- This site is optimized with the Yoast SEO plugin v27.5 - https:\/\/yoast.com\/product\/yoast-seo-wordpress\/ -->\n<title>Alla Galleria SpazioCima: Art Collection fino al 10 ottobre<\/title>\n<meta name=\"description\" content=\"Art Collection, Nino Attin\u00e0, Gabriele Buratti, Roberto Di Costanzo, Sam Gimbel, Luisiano Schiavone, Carlo Grechi, Fabio Salafia, Petr Shevchenko.\" \/>\n<meta name=\"robots\" content=\"index, follow, max-snippet:-1, max-image-preview:large, max-video-preview:-1\" \/>\n<link rel=\"canonical\" href=\"https:\/\/www.romaoggi.eu\/index.php\/2017\/09\/23\/art-collection-galleria-spaziocima\/\" \/>\n<meta property=\"og:locale\" content=\"it_IT\" \/>\n<meta property=\"og:type\" content=\"article\" \/>\n<meta property=\"og:title\" content=\"Alla Galleria SpazioCima: Art Collection fino al 10 ottobre\" \/>\n<meta property=\"og:description\" content=\"Art Collection, Nino Attin\u00e0, Gabriele Buratti, Roberto Di Costanzo, Sam Gimbel, Luisiano Schiavone, Carlo Grechi, Fabio Salafia, Petr Shevchenko.\" \/>\n<meta property=\"og:url\" content=\"https:\/\/www.romaoggi.eu\/index.php\/2017\/09\/23\/art-collection-galleria-spaziocima\/\" \/>\n<meta property=\"og:site_name\" content=\"roma oggi\" \/>\n<meta property=\"article:publisher\" content=\"https:\/\/www.facebook.com\/RomaOggi-841544845954114\" \/>\n<meta property=\"article:published_time\" content=\"2017-09-23T14:10:06+00:00\" \/>\n<meta property=\"og:image\" content=\"https:\/\/www.romaoggi.eu\/wp-content\/uploads\/2017\/09\/Art-Collection.jpg\" \/>\n\t<meta property=\"og:image:width\" content=\"710\" \/>\n\t<meta property=\"og:image:height\" content=\"434\" \/>\n\t<meta property=\"og:image:type\" content=\"image\/jpeg\" \/>\n<meta name=\"author\" content=\"Antonietta Di Vizia\" \/>\n<meta name=\"twitter:card\" content=\"summary_large_image\" \/>\n<meta name=\"twitter:creator\" content=\"@romaoggi_eu\" \/>\n<meta name=\"twitter:site\" content=\"@romaoggi_eu\" \/>\n<meta name=\"twitter:label1\" content=\"Scritto da\" \/>\n\t<meta name=\"twitter:data1\" content=\"Antonietta Di Vizia\" \/>\n\t<meta name=\"twitter:label2\" content=\"Tempo di lettura stimato\" \/>\n\t<meta name=\"twitter:data2\" content=\"6 minuti\" \/>\n<script type=\"application\/ld+json\" class=\"yoast-schema-graph\">{\"@context\":\"https:\\\/\\\/schema.org\",\"@graph\":[{\"@type\":\"Article\",\"@id\":\"https:\\\/\\\/www.romaoggi.eu\\\/index.php\\\/2017\\\/09\\\/23\\\/art-collection-galleria-spaziocima\\\/#article\",\"isPartOf\":{\"@id\":\"https:\\\/\\\/www.romaoggi.eu\\\/index.php\\\/2017\\\/09\\\/23\\\/art-collection-galleria-spaziocima\\\/\"},\"author\":{\"name\":\"Antonietta Di Vizia\",\"@id\":\"https:\\\/\\\/www.romaoggi.eu\\\/#\\\/schema\\\/person\\\/c8ca1fb64b5506391fff5f822a866c23\"},\"headline\":\"Alla Galleria SpazioCima: Art Collection fino al 10 ottobre\",\"datePublished\":\"2017-09-23T14:10:06+00:00\",\"mainEntityOfPage\":{\"@id\":\"https:\\\/\\\/www.romaoggi.eu\\\/index.php\\\/2017\\\/09\\\/23\\\/art-collection-galleria-spaziocima\\\/\"},\"wordCount\":1174,\"commentCount\":0,\"publisher\":{\"@id\":\"https:\\\/\\\/www.romaoggi.eu\\\/#organization\"},\"image\":{\"@id\":\"https:\\\/\\\/www.romaoggi.eu\\\/index.php\\\/2017\\\/09\\\/23\\\/art-collection-galleria-spaziocima\\\/#primaryimage\"},\"thumbnailUrl\":\"https:\\\/\\\/www.romaoggi.eu\\\/wp-content\\\/uploads\\\/2017\\\/09\\\/Art-Collection.jpg\",\"keywords\":[\"art gallery\",\"artcollection\",\"arte\",\"Arte moderna\",\"carlo grachi\",\"fabio salafia\",\"gabriele buratti\",\"luisiano schiavone\",\"nino attin\u00e0\",\"petr shevchenko\",\"quadri\",\"roberta cima\",\"Roberto di Costanzo\",\"sam gimbel\",\"spazio cima\"],\"articleSection\":[\"Arte\"],\"inLanguage\":\"it-IT\",\"potentialAction\":[{\"@type\":\"CommentAction\",\"name\":\"Comment\",\"target\":[\"https:\\\/\\\/www.romaoggi.eu\\\/index.php\\\/2017\\\/09\\\/23\\\/art-collection-galleria-spaziocima\\\/#respond\"]}]},{\"@type\":\"WebPage\",\"@id\":\"https:\\\/\\\/www.romaoggi.eu\\\/index.php\\\/2017\\\/09\\\/23\\\/art-collection-galleria-spaziocima\\\/\",\"url\":\"https:\\\/\\\/www.romaoggi.eu\\\/index.php\\\/2017\\\/09\\\/23\\\/art-collection-galleria-spaziocima\\\/\",\"name\":\"Alla Galleria SpazioCima: Art Collection fino al 10 ottobre\",\"isPartOf\":{\"@id\":\"https:\\\/\\\/www.romaoggi.eu\\\/#website\"},\"primaryImageOfPage\":{\"@id\":\"https:\\\/\\\/www.romaoggi.eu\\\/index.php\\\/2017\\\/09\\\/23\\\/art-collection-galleria-spaziocima\\\/#primaryimage\"},\"image\":{\"@id\":\"https:\\\/\\\/www.romaoggi.eu\\\/index.php\\\/2017\\\/09\\\/23\\\/art-collection-galleria-spaziocima\\\/#primaryimage\"},\"thumbnailUrl\":\"https:\\\/\\\/www.romaoggi.eu\\\/wp-content\\\/uploads\\\/2017\\\/09\\\/Art-Collection.jpg\",\"datePublished\":\"2017-09-23T14:10:06+00:00\",\"description\":\"Art Collection, Nino Attin\u00e0, Gabriele Buratti, Roberto Di Costanzo, Sam Gimbel, Luisiano Schiavone, Carlo Grechi, Fabio Salafia, Petr Shevchenko.\",\"breadcrumb\":{\"@id\":\"https:\\\/\\\/www.romaoggi.eu\\\/index.php\\\/2017\\\/09\\\/23\\\/art-collection-galleria-spaziocima\\\/#breadcrumb\"},\"inLanguage\":\"it-IT\",\"potentialAction\":[{\"@type\":\"ReadAction\",\"target\":[\"https:\\\/\\\/www.romaoggi.eu\\\/index.php\\\/2017\\\/09\\\/23\\\/art-collection-galleria-spaziocima\\\/\"]}]},{\"@type\":\"ImageObject\",\"inLanguage\":\"it-IT\",\"@id\":\"https:\\\/\\\/www.romaoggi.eu\\\/index.php\\\/2017\\\/09\\\/23\\\/art-collection-galleria-spaziocima\\\/#primaryimage\",\"url\":\"https:\\\/\\\/www.romaoggi.eu\\\/wp-content\\\/uploads\\\/2017\\\/09\\\/Art-Collection.jpg\",\"contentUrl\":\"https:\\\/\\\/www.romaoggi.eu\\\/wp-content\\\/uploads\\\/2017\\\/09\\\/Art-Collection.jpg\",\"width\":710,\"height\":434,\"caption\":\"alt tag Art Collection\"},{\"@type\":\"BreadcrumbList\",\"@id\":\"https:\\\/\\\/www.romaoggi.eu\\\/index.php\\\/2017\\\/09\\\/23\\\/art-collection-galleria-spaziocima\\\/#breadcrumb\",\"itemListElement\":[{\"@type\":\"ListItem\",\"position\":1,\"name\":\"Home\",\"item\":\"https:\\\/\\\/www.romaoggi.eu\\\/\"},{\"@type\":\"ListItem\",\"position\":2,\"name\":\"Alla Galleria SpazioCima: Art Collection fino al 10 ottobre\"}]},{\"@type\":\"WebSite\",\"@id\":\"https:\\\/\\\/www.romaoggi.eu\\\/#website\",\"url\":\"https:\\\/\\\/www.romaoggi.eu\\\/\",\"name\":\"roma oggi\",\"description\":\"Interesting News for Interesting people\",\"publisher\":{\"@id\":\"https:\\\/\\\/www.romaoggi.eu\\\/#organization\"},\"potentialAction\":[{\"@type\":\"SearchAction\",\"target\":{\"@type\":\"EntryPoint\",\"urlTemplate\":\"https:\\\/\\\/www.romaoggi.eu\\\/?s={search_term_string}\"},\"query-input\":{\"@type\":\"PropertyValueSpecification\",\"valueRequired\":true,\"valueName\":\"search_term_string\"}}],\"inLanguage\":\"it-IT\"},{\"@type\":\"Organization\",\"@id\":\"https:\\\/\\\/www.romaoggi.eu\\\/#organization\",\"name\":\"RomaOggi\",\"url\":\"https:\\\/\\\/www.romaoggi.eu\\\/\",\"logo\":{\"@type\":\"ImageObject\",\"inLanguage\":\"it-IT\",\"@id\":\"https:\\\/\\\/www.romaoggi.eu\\\/#\\\/schema\\\/logo\\\/image\\\/\",\"url\":\"https:\\\/\\\/www.romaoggi.eu\\\/wp-content\\\/uploads\\\/2017\\\/04\\\/logowp.jpg\",\"contentUrl\":\"https:\\\/\\\/www.romaoggi.eu\\\/wp-content\\\/uploads\\\/2017\\\/04\\\/logowp.jpg\",\"width\":300,\"height\":133,\"caption\":\"RomaOggi\"},\"image\":{\"@id\":\"https:\\\/\\\/www.romaoggi.eu\\\/#\\\/schema\\\/logo\\\/image\\\/\"},\"sameAs\":[\"https:\\\/\\\/www.facebook.com\\\/RomaOggi-841544845954114\",\"https:\\\/\\\/x.com\\\/romaoggi_eu\"]},{\"@type\":\"Person\",\"@id\":\"https:\\\/\\\/www.romaoggi.eu\\\/#\\\/schema\\\/person\\\/c8ca1fb64b5506391fff5f822a866c23\",\"name\":\"Antonietta Di Vizia\",\"image\":{\"@type\":\"ImageObject\",\"inLanguage\":\"it-IT\",\"@id\":\"https:\\\/\\\/secure.gravatar.com\\\/avatar\\\/2ad571aa3fbfe3089b06ed5617adf58717b9359c0c97cf9b52804fb2dac293f2?s=96&d=mm&r=g\",\"url\":\"https:\\\/\\\/secure.gravatar.com\\\/avatar\\\/2ad571aa3fbfe3089b06ed5617adf58717b9359c0c97cf9b52804fb2dac293f2?s=96&d=mm&r=g\",\"contentUrl\":\"https:\\\/\\\/secure.gravatar.com\\\/avatar\\\/2ad571aa3fbfe3089b06ed5617adf58717b9359c0c97cf9b52804fb2dac293f2?s=96&d=mm&r=g\",\"caption\":\"Antonietta Di Vizia\"},\"url\":\"https:\\\/\\\/www.romaoggi.eu\\\/index.php\\\/author\\\/antonietta\\\/\"}]}<\/script>\n<!-- \/ Yoast SEO plugin. -->","yoast_head_json":{"title":"Alla Galleria SpazioCima: Art Collection fino al 10 ottobre","description":"Art Collection, Nino Attin\u00e0, Gabriele Buratti, Roberto Di Costanzo, Sam Gimbel, Luisiano Schiavone, Carlo Grechi, Fabio Salafia, Petr Shevchenko.","robots":{"index":"index","follow":"follow","max-snippet":"max-snippet:-1","max-image-preview":"max-image-preview:large","max-video-preview":"max-video-preview:-1"},"canonical":"https:\/\/www.romaoggi.eu\/index.php\/2017\/09\/23\/art-collection-galleria-spaziocima\/","og_locale":"it_IT","og_type":"article","og_title":"Alla Galleria SpazioCima: Art Collection fino al 10 ottobre","og_description":"Art Collection, Nino Attin\u00e0, Gabriele Buratti, Roberto Di Costanzo, Sam Gimbel, Luisiano Schiavone, Carlo Grechi, Fabio Salafia, Petr Shevchenko.","og_url":"https:\/\/www.romaoggi.eu\/index.php\/2017\/09\/23\/art-collection-galleria-spaziocima\/","og_site_name":"roma oggi","article_publisher":"https:\/\/www.facebook.com\/RomaOggi-841544845954114","article_published_time":"2017-09-23T14:10:06+00:00","og_image":[{"width":710,"height":434,"url":"https:\/\/www.romaoggi.eu\/wp-content\/uploads\/2017\/09\/Art-Collection.jpg","type":"image\/jpeg"}],"author":"Antonietta Di Vizia","twitter_card":"summary_large_image","twitter_creator":"@romaoggi_eu","twitter_site":"@romaoggi_eu","twitter_misc":{"Scritto da":"Antonietta Di Vizia","Tempo di lettura stimato":"6 minuti"},"schema":{"@context":"https:\/\/schema.org","@graph":[{"@type":"Article","@id":"https:\/\/www.romaoggi.eu\/index.php\/2017\/09\/23\/art-collection-galleria-spaziocima\/#article","isPartOf":{"@id":"https:\/\/www.romaoggi.eu\/index.php\/2017\/09\/23\/art-collection-galleria-spaziocima\/"},"author":{"name":"Antonietta Di Vizia","@id":"https:\/\/www.romaoggi.eu\/#\/schema\/person\/c8ca1fb64b5506391fff5f822a866c23"},"headline":"Alla Galleria SpazioCima: Art Collection fino al 10 ottobre","datePublished":"2017-09-23T14:10:06+00:00","mainEntityOfPage":{"@id":"https:\/\/www.romaoggi.eu\/index.php\/2017\/09\/23\/art-collection-galleria-spaziocima\/"},"wordCount":1174,"commentCount":0,"publisher":{"@id":"https:\/\/www.romaoggi.eu\/#organization"},"image":{"@id":"https:\/\/www.romaoggi.eu\/index.php\/2017\/09\/23\/art-collection-galleria-spaziocima\/#primaryimage"},"thumbnailUrl":"https:\/\/www.romaoggi.eu\/wp-content\/uploads\/2017\/09\/Art-Collection.jpg","keywords":["art gallery","artcollection","arte","Arte moderna","carlo grachi","fabio salafia","gabriele buratti","luisiano schiavone","nino attin\u00e0","petr shevchenko","quadri","roberta cima","Roberto di Costanzo","sam gimbel","spazio cima"],"articleSection":["Arte"],"inLanguage":"it-IT","potentialAction":[{"@type":"CommentAction","name":"Comment","target":["https:\/\/www.romaoggi.eu\/index.php\/2017\/09\/23\/art-collection-galleria-spaziocima\/#respond"]}]},{"@type":"WebPage","@id":"https:\/\/www.romaoggi.eu\/index.php\/2017\/09\/23\/art-collection-galleria-spaziocima\/","url":"https:\/\/www.romaoggi.eu\/index.php\/2017\/09\/23\/art-collection-galleria-spaziocima\/","name":"Alla Galleria SpazioCima: Art Collection fino al 10 ottobre","isPartOf":{"@id":"https:\/\/www.romaoggi.eu\/#website"},"primaryImageOfPage":{"@id":"https:\/\/www.romaoggi.eu\/index.php\/2017\/09\/23\/art-collection-galleria-spaziocima\/#primaryimage"},"image":{"@id":"https:\/\/www.romaoggi.eu\/index.php\/2017\/09\/23\/art-collection-galleria-spaziocima\/#primaryimage"},"thumbnailUrl":"https:\/\/www.romaoggi.eu\/wp-content\/uploads\/2017\/09\/Art-Collection.jpg","datePublished":"2017-09-23T14:10:06+00:00","description":"Art Collection, Nino Attin\u00e0, Gabriele Buratti, Roberto Di Costanzo, Sam Gimbel, Luisiano Schiavone, Carlo Grechi, Fabio Salafia, Petr Shevchenko.","breadcrumb":{"@id":"https:\/\/www.romaoggi.eu\/index.php\/2017\/09\/23\/art-collection-galleria-spaziocima\/#breadcrumb"},"inLanguage":"it-IT","potentialAction":[{"@type":"ReadAction","target":["https:\/\/www.romaoggi.eu\/index.php\/2017\/09\/23\/art-collection-galleria-spaziocima\/"]}]},{"@type":"ImageObject","inLanguage":"it-IT","@id":"https:\/\/www.romaoggi.eu\/index.php\/2017\/09\/23\/art-collection-galleria-spaziocima\/#primaryimage","url":"https:\/\/www.romaoggi.eu\/wp-content\/uploads\/2017\/09\/Art-Collection.jpg","contentUrl":"https:\/\/www.romaoggi.eu\/wp-content\/uploads\/2017\/09\/Art-Collection.jpg","width":710,"height":434,"caption":"alt tag Art Collection"},{"@type":"BreadcrumbList","@id":"https:\/\/www.romaoggi.eu\/index.php\/2017\/09\/23\/art-collection-galleria-spaziocima\/#breadcrumb","itemListElement":[{"@type":"ListItem","position":1,"name":"Home","item":"https:\/\/www.romaoggi.eu\/"},{"@type":"ListItem","position":2,"name":"Alla Galleria SpazioCima: Art Collection fino al 10 ottobre"}]},{"@type":"WebSite","@id":"https:\/\/www.romaoggi.eu\/#website","url":"https:\/\/www.romaoggi.eu\/","name":"roma oggi","description":"Interesting News for Interesting people","publisher":{"@id":"https:\/\/www.romaoggi.eu\/#organization"},"potentialAction":[{"@type":"SearchAction","target":{"@type":"EntryPoint","urlTemplate":"https:\/\/www.romaoggi.eu\/?s={search_term_string}"},"query-input":{"@type":"PropertyValueSpecification","valueRequired":true,"valueName":"search_term_string"}}],"inLanguage":"it-IT"},{"@type":"Organization","@id":"https:\/\/www.romaoggi.eu\/#organization","name":"RomaOggi","url":"https:\/\/www.romaoggi.eu\/","logo":{"@type":"ImageObject","inLanguage":"it-IT","@id":"https:\/\/www.romaoggi.eu\/#\/schema\/logo\/image\/","url":"https:\/\/www.romaoggi.eu\/wp-content\/uploads\/2017\/04\/logowp.jpg","contentUrl":"https:\/\/www.romaoggi.eu\/wp-content\/uploads\/2017\/04\/logowp.jpg","width":300,"height":133,"caption":"RomaOggi"},"image":{"@id":"https:\/\/www.romaoggi.eu\/#\/schema\/logo\/image\/"},"sameAs":["https:\/\/www.facebook.com\/RomaOggi-841544845954114","https:\/\/x.com\/romaoggi_eu"]},{"@type":"Person","@id":"https:\/\/www.romaoggi.eu\/#\/schema\/person\/c8ca1fb64b5506391fff5f822a866c23","name":"Antonietta Di Vizia","image":{"@type":"ImageObject","inLanguage":"it-IT","@id":"https:\/\/secure.gravatar.com\/avatar\/2ad571aa3fbfe3089b06ed5617adf58717b9359c0c97cf9b52804fb2dac293f2?s=96&d=mm&r=g","url":"https:\/\/secure.gravatar.com\/avatar\/2ad571aa3fbfe3089b06ed5617adf58717b9359c0c97cf9b52804fb2dac293f2?s=96&d=mm&r=g","contentUrl":"https:\/\/secure.gravatar.com\/avatar\/2ad571aa3fbfe3089b06ed5617adf58717b9359c0c97cf9b52804fb2dac293f2?s=96&d=mm&r=g","caption":"Antonietta Di Vizia"},"url":"https:\/\/www.romaoggi.eu\/index.php\/author\/antonietta\/"}]}},"_links":{"self":[{"href":"https:\/\/www.romaoggi.eu\/index.php\/wp-json\/wp\/v2\/posts\/10381","targetHints":{"allow":["GET"]}}],"collection":[{"href":"https:\/\/www.romaoggi.eu\/index.php\/wp-json\/wp\/v2\/posts"}],"about":[{"href":"https:\/\/www.romaoggi.eu\/index.php\/wp-json\/wp\/v2\/types\/post"}],"author":[{"embeddable":true,"href":"https:\/\/www.romaoggi.eu\/index.php\/wp-json\/wp\/v2\/users\/3"}],"replies":[{"embeddable":true,"href":"https:\/\/www.romaoggi.eu\/index.php\/wp-json\/wp\/v2\/comments?post=10381"}],"version-history":[{"count":5,"href":"https:\/\/www.romaoggi.eu\/index.php\/wp-json\/wp\/v2\/posts\/10381\/revisions"}],"predecessor-version":[{"id":10389,"href":"https:\/\/www.romaoggi.eu\/index.php\/wp-json\/wp\/v2\/posts\/10381\/revisions\/10389"}],"wp:featuredmedia":[{"embeddable":true,"href":"https:\/\/www.romaoggi.eu\/index.php\/wp-json\/wp\/v2\/media\/10384"}],"wp:attachment":[{"href":"https:\/\/www.romaoggi.eu\/index.php\/wp-json\/wp\/v2\/media?parent=10381"}],"wp:term":[{"taxonomy":"category","embeddable":true,"href":"https:\/\/www.romaoggi.eu\/index.php\/wp-json\/wp\/v2\/categories?post=10381"},{"taxonomy":"post_tag","embeddable":true,"href":"https:\/\/www.romaoggi.eu\/index.php\/wp-json\/wp\/v2\/tags?post=10381"}],"curies":[{"name":"wp","href":"https:\/\/api.w.org\/{rel}","templated":true}]}}