{"id":10486,"date":"2017-09-28T16:26:11","date_gmt":"2017-09-28T14:26:11","guid":{"rendered":"http:\/\/www.romaoggi.eu\/?p=10486"},"modified":"2017-09-28T16:26:11","modified_gmt":"2017-09-28T14:26:11","slug":"contrazioni-pericolose-ottobre-teatro-7","status":"publish","type":"post","link":"https:\/\/www.romaoggi.eu\/index.php\/2017\/09\/28\/contrazioni-pericolose-ottobre-teatro-7\/","title":{"rendered":"&#8220;Contrazioni Pericolose&#8221;, in scena da marted\u00ec 3 ottobre al Teatro 7"},"content":{"rendered":"<h2>\u201c Contrazioni Pericolose \u201dscritto e diretto da Gabriele Pignotta<\/h2>\n<p align=\"JUSTIFY\">\u201c Contrazioni pericolose \u201d \u00e8 uno spettacolo che segna un cambio di volta nella carriera di Gabriele Pignotta, sia come attore che autore. Gli ingredienti vincenti ci sono tutti, situazioni comiche, momenti di scontro &#8211; incontro che fanno riflettere, un grande feeling fra gli attori sul palco e un pizzico di mistero che non guasta mai.\u201cContrazioni pericolose\u201d per\u00f2 non \u00e8 una semplice commedia, come se ne sono viste numerose negli ultimi anni e a differenza delle precedenti opere di Pignotta compie un passo in pi\u00f9. Si tratta di un passo importante che varca la soglia dell\u2019esplorazione dell\u2019animo, delle pulsioni, paure, speranze e desideri di una generazione che ha voglia di trovare un suo equilibrio nel marasma di una vita che ha perso punti di riferimento certi.<\/p>\n<p align=\"JUSTIFY\">Massimo Martina (Gabriele Pignotta) e Martina Massimo sono amici da anni. Il loro incontro \u00e8 stato fortuito, dettato dalla strana coincidenza del nome con il cognome dell\u2019altro, ma da quel momento fra loro \u00e8 nato qualcosa. Quella che sembra una semplice amicizia, quell\u2019amicizia che potrebbe nascondere un vulcano, viene per\u00f2 placata dai timori di una vita che fatica a dare quella concretezza in grado di apportare all\u2019animo umano la forza per compiere grandi cambiamenti nello status quo. Ma sar\u00e0 proprio un cambiamento a sconvolgere la loro vita, Martina rester\u00e0 incinta e Massimo lo scoprir\u00e0 solo quando lei entrer\u00e0 in travaglio. Questo \u00e8 il momento giusto per l\u2019eruzione di quel vulcano di emozioni che i due si portano dentro da anni. In una sala parto nella quale i giochi di luce rispecchiano, sapientemente, i dolori e gli incontri fra i due protagonisti gioca un ruolo fondamentale l\u2019ostetrico. Quest\u2019ultimo, bene rappresenta la rassegnata passione di chi lavora e vive situazioni di estrema gioia e dolore negli ospedali romani, che anno dopo anno sono sempre pi\u00f9 in difficolt\u00e0 per carenza di personale e scarsi mezzi a disposizione. Contrazioni, queste raccontate da Pignotta, che bene rendono il paragone con quelle lotte intestine che, non solo la generazione dei quarantenni, si trova a vivere nel quotidiano.<\/p>\n<p>Una commedia che fa tanto tanto ridere, tanto tanto emozionare ma anche riflettere sui nostri limiti, pesantezze e fragilit\u00e0 e che ci invita ad affrontare la vita con maggior sforzo\u2026 chiss\u00e0 forse cos\u00ec passeranno anche le contrazioni!<\/p>\n<p align=\"JUSTIFY\">\n<p align=\"JUSTIFY\"><b>Orario spettacoli:<\/b> dal marted\u00ec al sabato ore 21.00; domenica ore 18.00<\/p>\n<p align=\"JUSTIFY\">\n<b>Biglietti: <\/b>\u20ac 24,00; \u20ac 18,00 (prevendita compresa)<\/p>\n<p align=\"JUSTIFY\">\n<b>Orario botteghino:<\/b> dal luned\u00ec al sabato 10.30-21.00; domenica 16.00-18.00<\/p>\n<p align=\"JUSTIFY\">\n<b>Mail botteghino: <\/b><a href=\"mailto:botteghino@teatro7.it\">botteghino@teatro7.it<\/a><\/p>\n<p align=\"JUSTIFY\"><a href=\"https:\/\/www.romaoggi.eu\/index.php\/2017\/09\/26\/born-to-be-wilde\/\"><span style=\"font-family: 'Times New Roman', serif;\"><b>RomaOggi.eu \u2192 Leggi il prossimo articolo<\/b><\/span><\/a><\/p>\n<p align=\"JUSTIFY\"><span style=\"font-family: 'Times New Roman', serif;\">La Redazione<\/span><\/p>\n<p align=\"JUSTIFY\"><span style=\"font-family: 'Times New Roman', serif;\">RomaOggi.eu \u201cInteresting news for interesting people\u201d<\/span><\/p>\n<p align=\"JUSTIFY\">\n<figure id=\"attachment_10440\" aria-describedby=\"caption-attachment-10440\" style=\"width: 1024px\" class=\"wp-caption aligncenter\"><img loading=\"lazy\" decoding=\"async\" class=\"wp-image-10440 size-large\" src=\"https:\/\/www.romaoggi.eu\/wp-content\/uploads\/2017\/09\/image3-1-1024x690.jpg\" alt=\"Alt text Roma calcio femminile\" width=\"1024\" height=\"690\" srcset=\"https:\/\/www.romaoggi.eu\/wp-content\/uploads\/2017\/09\/image3-1-1024x690.jpg 1024w, https:\/\/www.romaoggi.eu\/wp-content\/uploads\/2017\/09\/image3-1-300x202.jpg 300w, https:\/\/www.romaoggi.eu\/wp-content\/uploads\/2017\/09\/image3-1.jpg 1093w\" sizes=\"auto, (max-width: 1024px) 100vw, 1024px\" \/><figcaption id=\"caption-attachment-10440\" class=\"wp-caption-text\">Indirizzo: Circonvallazione Clodia, 90, 00195 Roma RM<br \/> Telefono: 06 370 1272<\/figcaption><\/figure>\n<p align=\"JUSTIFY\">\n<p>&nbsp;<\/p>\n","protected":false},"excerpt":{"rendered":"<div class=\"mh-excerpt\"><p>\u201c Contrazioni Pericolose \u201dscritto e diretto da Gabriele Pignotta \u201c Contrazioni pericolose \u201d \u00e8 uno spettacolo che segna un cambio di volta nella carriera di Gabriele Pignotta, sia come attore che autore. Gli ingredienti vincenti <a class=\"mh-excerpt-more\" href=\"https:\/\/www.romaoggi.eu\/index.php\/2017\/09\/28\/contrazioni-pericolose-ottobre-teatro-7\/\" title=\"&#8220;Contrazioni Pericolose&#8221;, in scena da marted\u00ec 3 ottobre al Teatro 7\">[&#8230;]<\/a><\/p>\n<\/div>","protected":false},"author":5,"featured_media":10488,"comment_status":"open","ping_status":"open","sticky":false,"template":"","format":"standard","meta":{"_sitemap_exclude":false,"_sitemap_priority":"","_sitemap_frequency":"","footnotes":""},"categories":[4281],"tags":[6483,7672,7673,109,1738,634,85,4283],"class_list":["post-10486","post","type-post","status-publish","format-standard","has-post-thumbnail","hentry","category-teatro","tag-6483","tag-contrazioni-pericolose","tag-gabriele-pignotta","tag-roma","tag-romaoggi-eu","tag-rome","tag-teatro","tag-teatro-7"],"yoast_head":"<!-- This site is optimized with the Yoast SEO plugin v27.5 - https:\/\/yoast.com\/product\/yoast-seo-wordpress\/ -->\n<title>\u201c Contrazioni Pericolose \u201d, in scena da marted\u00ec 3 ottobre al Teatro 7<\/title>\n<meta name=\"description\" content=\"\u201c Contrazioni pericolose \u201d \u00e8 uno spettacolo che segna un cambio di volta nella carriera di Gabriele Pignotta, sia come attore che autore. Gli ingredienti...\" \/>\n<meta name=\"robots\" content=\"index, follow, max-snippet:-1, max-image-preview:large, max-video-preview:-1\" \/>\n<link rel=\"canonical\" href=\"https:\/\/www.romaoggi.eu\/index.php\/2017\/09\/28\/contrazioni-pericolose-ottobre-teatro-7\/\" \/>\n<meta property=\"og:locale\" content=\"it_IT\" \/>\n<meta property=\"og:type\" content=\"article\" \/>\n<meta property=\"og:title\" content=\"\u201c Contrazioni Pericolose \u201d, in scena da marted\u00ec 3 ottobre al Teatro 7\" \/>\n<meta property=\"og:description\" content=\"\u201c Contrazioni pericolose \u201d \u00e8 uno spettacolo che segna un cambio di volta nella carriera di Gabriele Pignotta, sia come attore che autore. Gli ingredienti...\" \/>\n<meta property=\"og:url\" content=\"https:\/\/www.romaoggi.eu\/index.php\/2017\/09\/28\/contrazioni-pericolose-ottobre-teatro-7\/\" \/>\n<meta property=\"og:site_name\" content=\"roma oggi\" \/>\n<meta property=\"article:publisher\" content=\"https:\/\/www.facebook.com\/RomaOggi-841544845954114\" \/>\n<meta property=\"article:published_time\" content=\"2017-09-28T14:26:11+00:00\" \/>\n<meta property=\"og:image\" content=\"https:\/\/www.romaoggi.eu\/wp-content\/uploads\/2017\/09\/locandina-contrazioni-pericolose-web.jpg\" \/>\n\t<meta property=\"og:image:width\" content=\"700\" \/>\n\t<meta property=\"og:image:height\" content=\"1017\" \/>\n\t<meta property=\"og:image:type\" content=\"image\/jpeg\" \/>\n<meta name=\"author\" content=\"Flavio\" \/>\n<meta name=\"twitter:card\" content=\"summary_large_image\" \/>\n<meta name=\"twitter:creator\" content=\"@romaoggi_eu\" \/>\n<meta name=\"twitter:site\" content=\"@romaoggi_eu\" \/>\n<meta name=\"twitter:label1\" content=\"Scritto da\" \/>\n\t<meta name=\"twitter:data1\" content=\"Flavio\" \/>\n\t<meta name=\"twitter:label2\" content=\"Tempo di lettura stimato\" \/>\n\t<meta name=\"twitter:data2\" content=\"2 minuti\" \/>\n<script type=\"application\/ld+json\" class=\"yoast-schema-graph\">{\"@context\":\"https:\\\/\\\/schema.org\",\"@graph\":[{\"@type\":\"Article\",\"@id\":\"https:\\\/\\\/www.romaoggi.eu\\\/index.php\\\/2017\\\/09\\\/28\\\/contrazioni-pericolose-ottobre-teatro-7\\\/#article\",\"isPartOf\":{\"@id\":\"https:\\\/\\\/www.romaoggi.eu\\\/index.php\\\/2017\\\/09\\\/28\\\/contrazioni-pericolose-ottobre-teatro-7\\\/\"},\"author\":{\"name\":\"Flavio\",\"@id\":\"https:\\\/\\\/www.romaoggi.eu\\\/#\\\/schema\\\/person\\\/cc12bfd93370392d7e41d243e47e6681\"},\"headline\":\"&#8220;Contrazioni Pericolose&#8221;, in scena da marted\u00ec 3 ottobre al Teatro 7\",\"datePublished\":\"2017-09-28T14:26:11+00:00\",\"mainEntityOfPage\":{\"@id\":\"https:\\\/\\\/www.romaoggi.eu\\\/index.php\\\/2017\\\/09\\\/28\\\/contrazioni-pericolose-ottobre-teatro-7\\\/\"},\"wordCount\":448,\"commentCount\":0,\"publisher\":{\"@id\":\"https:\\\/\\\/www.romaoggi.eu\\\/#organization\"},\"image\":{\"@id\":\"https:\\\/\\\/www.romaoggi.eu\\\/index.php\\\/2017\\\/09\\\/28\\\/contrazioni-pericolose-ottobre-teatro-7\\\/#primaryimage\"},\"thumbnailUrl\":\"https:\\\/\\\/www.romaoggi.eu\\\/wp-content\\\/uploads\\\/2017\\\/09\\\/locandina-contrazioni-pericolose-web.jpg\",\"keywords\":[\"2017\",\"Contrazioni Pericolose\",\"Gabriele Pignotta\",\"roma\",\"RomaOggi.eu\",\"rome\",\"teatro\",\"teatro 7\"],\"articleSection\":[\"teatro\"],\"inLanguage\":\"it-IT\",\"potentialAction\":[{\"@type\":\"CommentAction\",\"name\":\"Comment\",\"target\":[\"https:\\\/\\\/www.romaoggi.eu\\\/index.php\\\/2017\\\/09\\\/28\\\/contrazioni-pericolose-ottobre-teatro-7\\\/#respond\"]}]},{\"@type\":\"WebPage\",\"@id\":\"https:\\\/\\\/www.romaoggi.eu\\\/index.php\\\/2017\\\/09\\\/28\\\/contrazioni-pericolose-ottobre-teatro-7\\\/\",\"url\":\"https:\\\/\\\/www.romaoggi.eu\\\/index.php\\\/2017\\\/09\\\/28\\\/contrazioni-pericolose-ottobre-teatro-7\\\/\",\"name\":\"\u201c Contrazioni Pericolose \u201d, in scena da marted\u00ec 3 ottobre al Teatro 7\",\"isPartOf\":{\"@id\":\"https:\\\/\\\/www.romaoggi.eu\\\/#website\"},\"primaryImageOfPage\":{\"@id\":\"https:\\\/\\\/www.romaoggi.eu\\\/index.php\\\/2017\\\/09\\\/28\\\/contrazioni-pericolose-ottobre-teatro-7\\\/#primaryimage\"},\"image\":{\"@id\":\"https:\\\/\\\/www.romaoggi.eu\\\/index.php\\\/2017\\\/09\\\/28\\\/contrazioni-pericolose-ottobre-teatro-7\\\/#primaryimage\"},\"thumbnailUrl\":\"https:\\\/\\\/www.romaoggi.eu\\\/wp-content\\\/uploads\\\/2017\\\/09\\\/locandina-contrazioni-pericolose-web.jpg\",\"datePublished\":\"2017-09-28T14:26:11+00:00\",\"description\":\"\u201c Contrazioni pericolose \u201d \u00e8 uno spettacolo che segna un cambio di volta nella carriera di Gabriele Pignotta, sia come attore che autore. Gli ingredienti...\",\"breadcrumb\":{\"@id\":\"https:\\\/\\\/www.romaoggi.eu\\\/index.php\\\/2017\\\/09\\\/28\\\/contrazioni-pericolose-ottobre-teatro-7\\\/#breadcrumb\"},\"inLanguage\":\"it-IT\",\"potentialAction\":[{\"@type\":\"ReadAction\",\"target\":[\"https:\\\/\\\/www.romaoggi.eu\\\/index.php\\\/2017\\\/09\\\/28\\\/contrazioni-pericolose-ottobre-teatro-7\\\/\"]}]},{\"@type\":\"ImageObject\",\"inLanguage\":\"it-IT\",\"@id\":\"https:\\\/\\\/www.romaoggi.eu\\\/index.php\\\/2017\\\/09\\\/28\\\/contrazioni-pericolose-ottobre-teatro-7\\\/#primaryimage\",\"url\":\"https:\\\/\\\/www.romaoggi.eu\\\/wp-content\\\/uploads\\\/2017\\\/09\\\/locandina-contrazioni-pericolose-web.jpg\",\"contentUrl\":\"https:\\\/\\\/www.romaoggi.eu\\\/wp-content\\\/uploads\\\/2017\\\/09\\\/locandina-contrazioni-pericolose-web.jpg\",\"width\":700,\"height\":1017,\"caption\":\"Alt text Contrazioni Pericolose\"},{\"@type\":\"BreadcrumbList\",\"@id\":\"https:\\\/\\\/www.romaoggi.eu\\\/index.php\\\/2017\\\/09\\\/28\\\/contrazioni-pericolose-ottobre-teatro-7\\\/#breadcrumb\",\"itemListElement\":[{\"@type\":\"ListItem\",\"position\":1,\"name\":\"Home\",\"item\":\"https:\\\/\\\/www.romaoggi.eu\\\/\"},{\"@type\":\"ListItem\",\"position\":2,\"name\":\"&#8220;Contrazioni Pericolose&#8221;, in scena da marted\u00ec 3 ottobre al Teatro 7\"}]},{\"@type\":\"WebSite\",\"@id\":\"https:\\\/\\\/www.romaoggi.eu\\\/#website\",\"url\":\"https:\\\/\\\/www.romaoggi.eu\\\/\",\"name\":\"roma oggi\",\"description\":\"Interesting News for Interesting people\",\"publisher\":{\"@id\":\"https:\\\/\\\/www.romaoggi.eu\\\/#organization\"},\"potentialAction\":[{\"@type\":\"SearchAction\",\"target\":{\"@type\":\"EntryPoint\",\"urlTemplate\":\"https:\\\/\\\/www.romaoggi.eu\\\/?s={search_term_string}\"},\"query-input\":{\"@type\":\"PropertyValueSpecification\",\"valueRequired\":true,\"valueName\":\"search_term_string\"}}],\"inLanguage\":\"it-IT\"},{\"@type\":\"Organization\",\"@id\":\"https:\\\/\\\/www.romaoggi.eu\\\/#organization\",\"name\":\"RomaOggi\",\"url\":\"https:\\\/\\\/www.romaoggi.eu\\\/\",\"logo\":{\"@type\":\"ImageObject\",\"inLanguage\":\"it-IT\",\"@id\":\"https:\\\/\\\/www.romaoggi.eu\\\/#\\\/schema\\\/logo\\\/image\\\/\",\"url\":\"https:\\\/\\\/www.romaoggi.eu\\\/wp-content\\\/uploads\\\/2017\\\/04\\\/logowp.jpg\",\"contentUrl\":\"https:\\\/\\\/www.romaoggi.eu\\\/wp-content\\\/uploads\\\/2017\\\/04\\\/logowp.jpg\",\"width\":300,\"height\":133,\"caption\":\"RomaOggi\"},\"image\":{\"@id\":\"https:\\\/\\\/www.romaoggi.eu\\\/#\\\/schema\\\/logo\\\/image\\\/\"},\"sameAs\":[\"https:\\\/\\\/www.facebook.com\\\/RomaOggi-841544845954114\",\"https:\\\/\\\/x.com\\\/romaoggi_eu\"]},{\"@type\":\"Person\",\"@id\":\"https:\\\/\\\/www.romaoggi.eu\\\/#\\\/schema\\\/person\\\/cc12bfd93370392d7e41d243e47e6681\",\"name\":\"Flavio\",\"image\":{\"@type\":\"ImageObject\",\"inLanguage\":\"it-IT\",\"@id\":\"https:\\\/\\\/secure.gravatar.com\\\/avatar\\\/7e044ce830ea97853e01500437b37dff4a622b20a194e4d0efe9b67e918f19e5?s=96&d=mm&r=g\",\"url\":\"https:\\\/\\\/secure.gravatar.com\\\/avatar\\\/7e044ce830ea97853e01500437b37dff4a622b20a194e4d0efe9b67e918f19e5?s=96&d=mm&r=g\",\"contentUrl\":\"https:\\\/\\\/secure.gravatar.com\\\/avatar\\\/7e044ce830ea97853e01500437b37dff4a622b20a194e4d0efe9b67e918f19e5?s=96&d=mm&r=g\",\"caption\":\"Flavio\"},\"url\":\"https:\\\/\\\/www.romaoggi.eu\\\/index.php\\\/author\\\/cristiano\\\/\"}]}<\/script>\n<!-- \/ Yoast SEO plugin. -->","yoast_head_json":{"title":"\u201c Contrazioni Pericolose \u201d, in scena da marted\u00ec 3 ottobre al Teatro 7","description":"\u201c Contrazioni pericolose \u201d \u00e8 uno spettacolo che segna un cambio di volta nella carriera di Gabriele Pignotta, sia come attore che autore. Gli ingredienti...","robots":{"index":"index","follow":"follow","max-snippet":"max-snippet:-1","max-image-preview":"max-image-preview:large","max-video-preview":"max-video-preview:-1"},"canonical":"https:\/\/www.romaoggi.eu\/index.php\/2017\/09\/28\/contrazioni-pericolose-ottobre-teatro-7\/","og_locale":"it_IT","og_type":"article","og_title":"\u201c Contrazioni Pericolose \u201d, in scena da marted\u00ec 3 ottobre al Teatro 7","og_description":"\u201c Contrazioni pericolose \u201d \u00e8 uno spettacolo che segna un cambio di volta nella carriera di Gabriele Pignotta, sia come attore che autore. Gli ingredienti...","og_url":"https:\/\/www.romaoggi.eu\/index.php\/2017\/09\/28\/contrazioni-pericolose-ottobre-teatro-7\/","og_site_name":"roma oggi","article_publisher":"https:\/\/www.facebook.com\/RomaOggi-841544845954114","article_published_time":"2017-09-28T14:26:11+00:00","og_image":[{"width":700,"height":1017,"url":"https:\/\/www.romaoggi.eu\/wp-content\/uploads\/2017\/09\/locandina-contrazioni-pericolose-web.jpg","type":"image\/jpeg"}],"author":"Flavio","twitter_card":"summary_large_image","twitter_creator":"@romaoggi_eu","twitter_site":"@romaoggi_eu","twitter_misc":{"Scritto da":"Flavio","Tempo di lettura stimato":"2 minuti"},"schema":{"@context":"https:\/\/schema.org","@graph":[{"@type":"Article","@id":"https:\/\/www.romaoggi.eu\/index.php\/2017\/09\/28\/contrazioni-pericolose-ottobre-teatro-7\/#article","isPartOf":{"@id":"https:\/\/www.romaoggi.eu\/index.php\/2017\/09\/28\/contrazioni-pericolose-ottobre-teatro-7\/"},"author":{"name":"Flavio","@id":"https:\/\/www.romaoggi.eu\/#\/schema\/person\/cc12bfd93370392d7e41d243e47e6681"},"headline":"&#8220;Contrazioni Pericolose&#8221;, in scena da marted\u00ec 3 ottobre al Teatro 7","datePublished":"2017-09-28T14:26:11+00:00","mainEntityOfPage":{"@id":"https:\/\/www.romaoggi.eu\/index.php\/2017\/09\/28\/contrazioni-pericolose-ottobre-teatro-7\/"},"wordCount":448,"commentCount":0,"publisher":{"@id":"https:\/\/www.romaoggi.eu\/#organization"},"image":{"@id":"https:\/\/www.romaoggi.eu\/index.php\/2017\/09\/28\/contrazioni-pericolose-ottobre-teatro-7\/#primaryimage"},"thumbnailUrl":"https:\/\/www.romaoggi.eu\/wp-content\/uploads\/2017\/09\/locandina-contrazioni-pericolose-web.jpg","keywords":["2017","Contrazioni Pericolose","Gabriele Pignotta","roma","RomaOggi.eu","rome","teatro","teatro 7"],"articleSection":["teatro"],"inLanguage":"it-IT","potentialAction":[{"@type":"CommentAction","name":"Comment","target":["https:\/\/www.romaoggi.eu\/index.php\/2017\/09\/28\/contrazioni-pericolose-ottobre-teatro-7\/#respond"]}]},{"@type":"WebPage","@id":"https:\/\/www.romaoggi.eu\/index.php\/2017\/09\/28\/contrazioni-pericolose-ottobre-teatro-7\/","url":"https:\/\/www.romaoggi.eu\/index.php\/2017\/09\/28\/contrazioni-pericolose-ottobre-teatro-7\/","name":"\u201c Contrazioni Pericolose \u201d, in scena da marted\u00ec 3 ottobre al Teatro 7","isPartOf":{"@id":"https:\/\/www.romaoggi.eu\/#website"},"primaryImageOfPage":{"@id":"https:\/\/www.romaoggi.eu\/index.php\/2017\/09\/28\/contrazioni-pericolose-ottobre-teatro-7\/#primaryimage"},"image":{"@id":"https:\/\/www.romaoggi.eu\/index.php\/2017\/09\/28\/contrazioni-pericolose-ottobre-teatro-7\/#primaryimage"},"thumbnailUrl":"https:\/\/www.romaoggi.eu\/wp-content\/uploads\/2017\/09\/locandina-contrazioni-pericolose-web.jpg","datePublished":"2017-09-28T14:26:11+00:00","description":"\u201c Contrazioni pericolose \u201d \u00e8 uno spettacolo che segna un cambio di volta nella carriera di Gabriele Pignotta, sia come attore che autore. Gli ingredienti...","breadcrumb":{"@id":"https:\/\/www.romaoggi.eu\/index.php\/2017\/09\/28\/contrazioni-pericolose-ottobre-teatro-7\/#breadcrumb"},"inLanguage":"it-IT","potentialAction":[{"@type":"ReadAction","target":["https:\/\/www.romaoggi.eu\/index.php\/2017\/09\/28\/contrazioni-pericolose-ottobre-teatro-7\/"]}]},{"@type":"ImageObject","inLanguage":"it-IT","@id":"https:\/\/www.romaoggi.eu\/index.php\/2017\/09\/28\/contrazioni-pericolose-ottobre-teatro-7\/#primaryimage","url":"https:\/\/www.romaoggi.eu\/wp-content\/uploads\/2017\/09\/locandina-contrazioni-pericolose-web.jpg","contentUrl":"https:\/\/www.romaoggi.eu\/wp-content\/uploads\/2017\/09\/locandina-contrazioni-pericolose-web.jpg","width":700,"height":1017,"caption":"Alt text Contrazioni Pericolose"},{"@type":"BreadcrumbList","@id":"https:\/\/www.romaoggi.eu\/index.php\/2017\/09\/28\/contrazioni-pericolose-ottobre-teatro-7\/#breadcrumb","itemListElement":[{"@type":"ListItem","position":1,"name":"Home","item":"https:\/\/www.romaoggi.eu\/"},{"@type":"ListItem","position":2,"name":"&#8220;Contrazioni Pericolose&#8221;, in scena da marted\u00ec 3 ottobre al Teatro 7"}]},{"@type":"WebSite","@id":"https:\/\/www.romaoggi.eu\/#website","url":"https:\/\/www.romaoggi.eu\/","name":"roma oggi","description":"Interesting News for Interesting people","publisher":{"@id":"https:\/\/www.romaoggi.eu\/#organization"},"potentialAction":[{"@type":"SearchAction","target":{"@type":"EntryPoint","urlTemplate":"https:\/\/www.romaoggi.eu\/?s={search_term_string}"},"query-input":{"@type":"PropertyValueSpecification","valueRequired":true,"valueName":"search_term_string"}}],"inLanguage":"it-IT"},{"@type":"Organization","@id":"https:\/\/www.romaoggi.eu\/#organization","name":"RomaOggi","url":"https:\/\/www.romaoggi.eu\/","logo":{"@type":"ImageObject","inLanguage":"it-IT","@id":"https:\/\/www.romaoggi.eu\/#\/schema\/logo\/image\/","url":"https:\/\/www.romaoggi.eu\/wp-content\/uploads\/2017\/04\/logowp.jpg","contentUrl":"https:\/\/www.romaoggi.eu\/wp-content\/uploads\/2017\/04\/logowp.jpg","width":300,"height":133,"caption":"RomaOggi"},"image":{"@id":"https:\/\/www.romaoggi.eu\/#\/schema\/logo\/image\/"},"sameAs":["https:\/\/www.facebook.com\/RomaOggi-841544845954114","https:\/\/x.com\/romaoggi_eu"]},{"@type":"Person","@id":"https:\/\/www.romaoggi.eu\/#\/schema\/person\/cc12bfd93370392d7e41d243e47e6681","name":"Flavio","image":{"@type":"ImageObject","inLanguage":"it-IT","@id":"https:\/\/secure.gravatar.com\/avatar\/7e044ce830ea97853e01500437b37dff4a622b20a194e4d0efe9b67e918f19e5?s=96&d=mm&r=g","url":"https:\/\/secure.gravatar.com\/avatar\/7e044ce830ea97853e01500437b37dff4a622b20a194e4d0efe9b67e918f19e5?s=96&d=mm&r=g","contentUrl":"https:\/\/secure.gravatar.com\/avatar\/7e044ce830ea97853e01500437b37dff4a622b20a194e4d0efe9b67e918f19e5?s=96&d=mm&r=g","caption":"Flavio"},"url":"https:\/\/www.romaoggi.eu\/index.php\/author\/cristiano\/"}]}},"_links":{"self":[{"href":"https:\/\/www.romaoggi.eu\/index.php\/wp-json\/wp\/v2\/posts\/10486","targetHints":{"allow":["GET"]}}],"collection":[{"href":"https:\/\/www.romaoggi.eu\/index.php\/wp-json\/wp\/v2\/posts"}],"about":[{"href":"https:\/\/www.romaoggi.eu\/index.php\/wp-json\/wp\/v2\/types\/post"}],"author":[{"embeddable":true,"href":"https:\/\/www.romaoggi.eu\/index.php\/wp-json\/wp\/v2\/users\/5"}],"replies":[{"embeddable":true,"href":"https:\/\/www.romaoggi.eu\/index.php\/wp-json\/wp\/v2\/comments?post=10486"}],"version-history":[{"count":2,"href":"https:\/\/www.romaoggi.eu\/index.php\/wp-json\/wp\/v2\/posts\/10486\/revisions"}],"predecessor-version":[{"id":10489,"href":"https:\/\/www.romaoggi.eu\/index.php\/wp-json\/wp\/v2\/posts\/10486\/revisions\/10489"}],"wp:featuredmedia":[{"embeddable":true,"href":"https:\/\/www.romaoggi.eu\/index.php\/wp-json\/wp\/v2\/media\/10488"}],"wp:attachment":[{"href":"https:\/\/www.romaoggi.eu\/index.php\/wp-json\/wp\/v2\/media?parent=10486"}],"wp:term":[{"taxonomy":"category","embeddable":true,"href":"https:\/\/www.romaoggi.eu\/index.php\/wp-json\/wp\/v2\/categories?post=10486"},{"taxonomy":"post_tag","embeddable":true,"href":"https:\/\/www.romaoggi.eu\/index.php\/wp-json\/wp\/v2\/tags?post=10486"}],"curies":[{"name":"wp","href":"https:\/\/api.w.org\/{rel}","templated":true}]}}