{"id":10594,"date":"2017-10-03T19:26:52","date_gmt":"2017-10-03T17:26:52","guid":{"rendered":"http:\/\/www.romaoggi.eu\/?p=10594"},"modified":"2017-10-03T19:26:52","modified_gmt":"2017-10-03T17:26:52","slug":"kiddy-citny","status":"publish","type":"post","link":"https:\/\/www.romaoggi.eu\/index.php\/2017\/10\/03\/kiddy-citny\/","title":{"rendered":"Dal 5 ottobre al 21 novembre la prima mostra personale a Roma di Kiddy Citny"},"content":{"rendered":"<h2>Kiddy Citny in Die Welt im Arm, da Gioved\u00ec 5 ottobre ore 18.30<\/h2>\n<p align=\"JUSTIFY\">Prima mostra a Roma per il tedesco Kiddy Citny, che con Die Welt im Arm apre la stagione espositiva della BQB Art Gallery inaugurando il capitolo iniziale della serie di quattro personali in programma fino a giugno 2018. Pioniere del graffitismo sul Muro di Berlino, musicista e rappresentante della pi\u00f9 vitale cultura underground degli ultimi decenni del passato millennio, dal 5 ottobre, giorno dell\u2019opening, fino al 21 novembre, propone in via di Panico 23 una selezione di lavori realizzati nel 2016 e 2017, una produzione inedita che si riallaccia all\u2019immaginario che lo ha reso famoso negli anni \u201980.<\/p>\n<p align=\"JUSTIFY\"><img loading=\"lazy\" decoding=\"async\" class=\"alignleft wp-image-10598 size-medium\" src=\"https:\/\/www.romaoggi.eu\/wp-content\/uploads\/2017\/10\/Kiddy-Citny-best-friends-300x229.jpg\" alt=\"Alt text Kiddy Citny\" width=\"300\" height=\"229\" srcset=\"https:\/\/www.romaoggi.eu\/wp-content\/uploads\/2017\/10\/Kiddy-Citny-best-friends-300x229.jpg 300w, https:\/\/www.romaoggi.eu\/wp-content\/uploads\/2017\/10\/Kiddy-Citny-best-friends-80x60.jpg 80w, https:\/\/www.romaoggi.eu\/wp-content\/uploads\/2017\/10\/Kiddy-Citny-best-friends.jpg 1000w\" sizes=\"auto, (max-width: 300px) 100vw, 300px\" \/><\/p>\n<p align=\"JUSTIFY\">Citny ha iniziato a ricoprire, con immagini e messaggi di libert\u00e0, la parte ovest (l\u2019unica dipinta fino alla caduta) della barriera che per 28 anni ha spaccato in due l\u2019attuale capitale tedesca, a partire dal 1984. Interpretati come simboli di speranza e disobbedienza, i suoi Re e le sue FacesHearts, enormi volti coronati o facce dalla forma di cuore, presenze rassicuranti sulla grigia assurdit\u00e0 della cortina, hanno sorvegliato dai loro oltre tre metri di altezza alcune delle pagine pi\u00f9 inquietanti della storia. Diversi sono gli elementi che nel tempo si sono sommati a questo nucleo iniziale: compaiono figure che sorreggono mondi tra le braccia; Re bambini o Regine; Maghi; ma soprattutto donne, dai visi ammalianti e con occhi ben puntati sulla realt\u00e0, o pi\u00f9 spesso in atteggiamenti provocanti, parlando di sessualit\u00e0 e tab\u00f9.<\/p>\n<p align=\"JUSTIFY\">Per la mostra al Baronato Quattro Bellezze ritornano, prevalenti, i temi degli esordi, anche se non mancano incursioni nei trascorsi figurativi recenti, con dei grandi soggetti femminili dall\u2019aspetto ancestrale. Le immagini, come di consueto in molti dei suoi lavori, sono contornate da brevi slogan, singole parole, o veloci frasi dall\u2019evidenza disarmante, come chiari e diretti sono i messaggi delle opere: se le FacesHearts alludono alla dualit\u00e0 e all\u2019unione, i Re e le Regine raccontano di come ci si dovrebbe sentire ogni giorno, per camminare a testa alta nonostante tutto. D\u2019altronde Kiddy si \u00e8 sempre rivolto alla strada, e da essa ha tratto la propria visione: \u00abSono diretto verso un&#8217;arte che si nutre della nostra vita quotidiana, un&#8217;arte che emerge da queste vite, e che nutre le loro verit\u00e0\u00bb.<\/p>\n<p align=\"JUSTIFY\"><img loading=\"lazy\" decoding=\"async\" class=\"alignright wp-image-10599 size-full\" src=\"https:\/\/www.romaoggi.eu\/wp-content\/uploads\/2017\/10\/flowers-of-romance.jpg\" alt=\"Alt text Kiddy Citny\" width=\"472\" height=\"634\" srcset=\"https:\/\/www.romaoggi.eu\/wp-content\/uploads\/2017\/10\/flowers-of-romance.jpg 472w, https:\/\/www.romaoggi.eu\/wp-content\/uploads\/2017\/10\/flowers-of-romance-223x300.jpg 223w\" sizes=\"auto, (max-width: 472px) 100vw, 472px\" \/><\/p>\n<p align=\"JUSTIFY\">Nato a Stoccarda e cresciuto a Brema, Kiddy Citny (1957) arriva a Berlino nel \u201976 dove, tra una serie di pause \u2013 nel \u201979 \u00e8 ad Amsterdam e Londra, nell\u201980 a Zurigo, negli anni 1989-1990 a Berna, nel \u201993 e nel \u201894 a Los Angeles e nel 2000 a Monaco \u2013 tutt\u2019ora vive e lavora. Fondatore, a fine anni \u201970, del progetto musicale O.U.T., cui ha collaborato anche Nina Hagen, nell\u201981 d\u00e0 origine all\u2019etichetta discografica Kassettekombinat e alla storica formazione post punk Sprung Aus Den Wolken, con cui segue per diverse stagioni i tour degli Einst\u00fcrzende Neubauten. Il brano Pas Attendre viene usato per la colonna sonora di Il Cielo sopra Berlino di Wim Wenders. Conosciuto soprattutto per essere stato tra i primi, con Thierry Noir, Christophe Bouchet e pochi altri, ad intervenire sul Muro, ricoprendo di graffiti metri e metri di cortina, durante lo smantellamento molte delle sue sezioni sono state vendute e oggi si trovano sparse tra l\u2019Europa e l\u2019America. Dedicatosi prioritariamente alla pittura dagli inizi dei \u201990, ha preso parte alla East Side Gallery, la pi\u00f9 lunga galleria d\u2019arte all\u2019aperto al mondo. Ha esposto a Amburgo, Monaco, Colonia, Berlino, Merano, Parigi, Vienna, New York, Los Angeles, Dubai e Bangkok. Sue opere sono presenti in modo permanente in musei e spazi pubblici: al M\u00e4rkisches Museum di Berlino; a La Defense (Parigi); a New York in 53rd St.Plaza e nell\u2019Intrepid Museum; a Leipziger Platz e Potsdamer Platz, Berlino; al Salsali Private Museum, Dubai e al Musee-W\u00fcrth, Francia.<\/p>\n<p align=\"JUSTIFY\"><strong>Info:<\/strong><\/p>\n<p align=\"JUSTIFY\">Kiddy Citny |Die Welt im Arm<\/p>\n<p align=\"JUSTIFY\">Mostra personale di pittura di Kiddy Citny<\/p>\n<p align=\"JUSTIFY\">A cura di BQB Art Gallery con un testo critico di Carlotta Monteverde<\/p>\n<p align=\"JUSTIFY\">Inaugurazione: gioved\u00ec 5 ottobre ore 18.30<\/p>\n<p align=\"JUSTIFY\">Dal 6 ottobre al 21 novembre 2017<\/p>\n<p align=\"JUSTIFY\">Orari: dal marted\u00ec alla domenica 12.00-24.00<\/p>\n<p align=\"JUSTIFY\">BQB Art Gallery<\/p>\n<p align=\"JUSTIFY\">Via di Panico 23, Roma<\/p>\n<p align=\"JUSTIFY\"><a name=\"m_-6597049386722368706_m_2290793757163610865_m_-7819555892302583804_m_-7298604604630697234_m_5826723749987427720_m_-5154712294812196824_m_-3079238902383504938_m_-6669627881198127571_m_7326431738305750030_m_-6903225491413177827_m_-7463199123796369884_m_1483460505738009907_m_-5719064862746711788_m_188480710802701896_m_8719286128578847802_m_4435822402852931526_m_-1597349272131923942_m_6885965635591846751_m_5744535250510593328_m_5362199087706024155_m_-5348050018173190403_m_-7595854301135990384_m_-4148026624747680713_m_838924481431177795_m_3147339891967192131_m_-4311611644835381931_m_7292955255331794861_m_1316906350449025030_m_3585135368134750216_m_5235839370119377357_m_1586480056786675435_m_4654624279072453658_m_2411131902587290298_m_-5748100375332347922_m_8444917937736641118_m_-2006845772278608877_m_-7139510706740577471_m_1220713119620989119_m_-8819424855889553696_m_-2126971475519718605_m_7949254775928337438_m_-6810026390501177468_m_6932385844194636825_m_-5762287826304591260_OLE_LINK37\"><\/a><a name=\"m_-6597049386722368706_m_2290793757163610865_m_-7819555892302583804_m_-7298604604630697234_m_5826723749987427720_m_-5154712294812196824_m_-3079238902383504938_m_-6669627881198127571_m_7326431738305750030_m_-6903225491413177827_m_-7463199123796369884_m_1483460505738009907_m_-5719064862746711788_m_188480710802701896_m_8719286128578847802_m_4435822402852931526_m_-1597349272131923942_m_6885965635591846751_m_5744535250510593328_m_5362199087706024155_m_-5348050018173190403_m_-7595854301135990384_m_-4148026624747680713_m_838924481431177795_m_3147339891967192131_m_-4311611644835381931_m_7292955255331794861_m_1316906350449025030_m_3585135368134750216_m_5235839370119377357_m_1586480056786675435_m_4654624279072453658_m_2411131902587290298_m_-5748100375332347922_m_8444917937736641118_m_-2006845772278608877_m_-7139510706740577471_m_1220713119620989119_m_-8819424855889553696_m_-2126971475519718605_m_7949254775928337438_m_-6810026390501177468_m_6932385844194636825_m_-5762287826304591260_OLE_LINK38\"><\/a><a href=\"mailto:baronatoquattrobellezze@gmail.com\">baronatoquattrobellezze@gmail.com<\/a> 06.45548220<\/p>\n<p align=\"JUSTIFY\">Ingresso gratuito<\/p>\n<p align=\"JUSTIFY\"><a href=\"https:\/\/www.romaoggi.eu\/index.php\/2017\/09\/26\/born-to-be-wilde\/\"><b>RomaOggi.eu \u2192 Leggi il prossimo articolo<\/b><\/a><\/p>\n<p align=\"JUSTIFY\">La Redazione<\/p>\n<p align=\"JUSTIFY\">RomaOggi.eu \u201cInteresting news for interesting people\u201d<\/p>\n<figure id=\"attachment_10440\" aria-describedby=\"caption-attachment-10440\" style=\"width: 1024px\" class=\"wp-caption aligncenter\"><img loading=\"lazy\" decoding=\"async\" class=\"wp-image-10440 size-large\" src=\"https:\/\/www.romaoggi.eu\/wp-content\/uploads\/2017\/09\/image3-1-1024x690.jpg\" alt=\"Alt text Roma calcio femminile\" width=\"1024\" height=\"690\" srcset=\"https:\/\/www.romaoggi.eu\/wp-content\/uploads\/2017\/09\/image3-1-1024x690.jpg 1024w, https:\/\/www.romaoggi.eu\/wp-content\/uploads\/2017\/09\/image3-1-300x202.jpg 300w, https:\/\/www.romaoggi.eu\/wp-content\/uploads\/2017\/09\/image3-1.jpg 1093w\" sizes=\"auto, (max-width: 1024px) 100vw, 1024px\" \/><figcaption id=\"caption-attachment-10440\" class=\"wp-caption-text\">Indirizzo: Circonvallazione Clodia, 90, 00195 Roma RM<br \/> Telefono: 06 370 1272<\/figcaption><\/figure>\n","protected":false},"excerpt":{"rendered":"<div class=\"mh-excerpt\"><p>Kiddy Citny in Die Welt im Arm, da Gioved\u00ec 5 ottobre ore 18.30 Prima mostra a Roma per il tedesco Kiddy Citny, che con Die Welt im Arm apre la stagione espositiva della BQB Art <a class=\"mh-excerpt-more\" href=\"https:\/\/www.romaoggi.eu\/index.php\/2017\/10\/03\/kiddy-citny\/\" title=\"Dal 5 ottobre al 21 novembre la prima mostra personale a Roma di Kiddy Citny\">[&#8230;]<\/a><\/p>\n<\/div>","protected":false},"author":5,"featured_media":10596,"comment_status":"open","ping_status":"open","sticky":false,"template":"","format":"standard","meta":{"_sitemap_exclude":false,"_sitemap_priority":"","_sitemap_frequency":"","footnotes":""},"categories":[74],"tags":[6483,1610,7744,26,7745,877,7743,76,109,1738,634],"class_list":["post-10594","post","type-post","status-publish","format-standard","has-post-thumbnail","hentry","category-mostre","tag-6483","tag-arte","tag-bqb-art-gallery","tag-cristiano-morelli","tag-die-welt-im-arm","tag-italia","tag-kiddy-citny","tag-mostra","tag-roma","tag-romaoggi-eu","tag-rome"],"yoast_head":"<!-- This site is optimized with the Yoast SEO plugin v27.5 - https:\/\/yoast.com\/product\/yoast-seo-wordpress\/ -->\n<title>Dal 5 ottobre al 21 novembre la prima mostra personale a Roma di Kiddy Citny<\/title>\n<meta name=\"description\" content=\"Prima mostra a Roma per il tedesco Kiddy Citny, che con Die Welt im Arm apre la stagione espositiva della BQB Art Gallery inaugurando il capitolo...\" \/>\n<meta name=\"robots\" content=\"index, follow, max-snippet:-1, max-image-preview:large, max-video-preview:-1\" \/>\n<link rel=\"canonical\" href=\"https:\/\/www.romaoggi.eu\/index.php\/2017\/10\/03\/kiddy-citny\/\" \/>\n<meta property=\"og:locale\" content=\"it_IT\" \/>\n<meta property=\"og:type\" content=\"article\" \/>\n<meta property=\"og:title\" content=\"Dal 5 ottobre al 21 novembre la prima mostra personale a Roma di Kiddy Citny\" \/>\n<meta property=\"og:description\" content=\"Prima mostra a Roma per il tedesco Kiddy Citny, che con Die Welt im Arm apre la stagione espositiva della BQB Art Gallery inaugurando il capitolo...\" \/>\n<meta property=\"og:url\" content=\"https:\/\/www.romaoggi.eu\/index.php\/2017\/10\/03\/kiddy-citny\/\" \/>\n<meta property=\"og:site_name\" content=\"roma oggi\" \/>\n<meta property=\"article:publisher\" content=\"https:\/\/www.facebook.com\/RomaOggi-841544845954114\" \/>\n<meta property=\"article:published_time\" content=\"2017-10-03T17:26:52+00:00\" \/>\n<meta property=\"og:image\" content=\"https:\/\/www.romaoggi.eu\/wp-content\/uploads\/2017\/10\/Kiddy-Citny_.jpg\" \/>\n\t<meta property=\"og:image:width\" content=\"856\" \/>\n\t<meta property=\"og:image:height\" content=\"1000\" \/>\n\t<meta property=\"og:image:type\" content=\"image\/jpeg\" \/>\n<meta name=\"author\" content=\"Flavio\" \/>\n<meta name=\"twitter:card\" content=\"summary_large_image\" \/>\n<meta name=\"twitter:creator\" content=\"@romaoggi_eu\" \/>\n<meta name=\"twitter:site\" content=\"@romaoggi_eu\" \/>\n<meta name=\"twitter:label1\" content=\"Scritto da\" \/>\n\t<meta name=\"twitter:data1\" content=\"Flavio\" \/>\n\t<meta name=\"twitter:label2\" content=\"Tempo di lettura stimato\" \/>\n\t<meta name=\"twitter:data2\" content=\"3 minuti\" \/>\n<script type=\"application\/ld+json\" class=\"yoast-schema-graph\">{\"@context\":\"https:\\\/\\\/schema.org\",\"@graph\":[{\"@type\":\"Article\",\"@id\":\"https:\\\/\\\/www.romaoggi.eu\\\/index.php\\\/2017\\\/10\\\/03\\\/kiddy-citny\\\/#article\",\"isPartOf\":{\"@id\":\"https:\\\/\\\/www.romaoggi.eu\\\/index.php\\\/2017\\\/10\\\/03\\\/kiddy-citny\\\/\"},\"author\":{\"name\":\"Flavio\",\"@id\":\"https:\\\/\\\/www.romaoggi.eu\\\/#\\\/schema\\\/person\\\/cc12bfd93370392d7e41d243e47e6681\"},\"headline\":\"Dal 5 ottobre al 21 novembre la prima mostra personale a Roma di Kiddy Citny\",\"datePublished\":\"2017-10-03T17:26:52+00:00\",\"mainEntityOfPage\":{\"@id\":\"https:\\\/\\\/www.romaoggi.eu\\\/index.php\\\/2017\\\/10\\\/03\\\/kiddy-citny\\\/\"},\"wordCount\":714,\"commentCount\":0,\"publisher\":{\"@id\":\"https:\\\/\\\/www.romaoggi.eu\\\/#organization\"},\"image\":{\"@id\":\"https:\\\/\\\/www.romaoggi.eu\\\/index.php\\\/2017\\\/10\\\/03\\\/kiddy-citny\\\/#primaryimage\"},\"thumbnailUrl\":\"https:\\\/\\\/www.romaoggi.eu\\\/wp-content\\\/uploads\\\/2017\\\/10\\\/Kiddy-Citny_.jpg\",\"keywords\":[\"2017\",\"arte\",\"BQB Art Gallery\",\"cristiano morelli\",\"Die Welt im Arm\",\"italia\",\"Kiddy Citny\",\"mostra\",\"roma\",\"RomaOggi.eu\",\"rome\"],\"articleSection\":[\"Mostre\"],\"inLanguage\":\"it-IT\",\"potentialAction\":[{\"@type\":\"CommentAction\",\"name\":\"Comment\",\"target\":[\"https:\\\/\\\/www.romaoggi.eu\\\/index.php\\\/2017\\\/10\\\/03\\\/kiddy-citny\\\/#respond\"]}]},{\"@type\":\"WebPage\",\"@id\":\"https:\\\/\\\/www.romaoggi.eu\\\/index.php\\\/2017\\\/10\\\/03\\\/kiddy-citny\\\/\",\"url\":\"https:\\\/\\\/www.romaoggi.eu\\\/index.php\\\/2017\\\/10\\\/03\\\/kiddy-citny\\\/\",\"name\":\"Dal 5 ottobre al 21 novembre la prima mostra personale a Roma di Kiddy Citny\",\"isPartOf\":{\"@id\":\"https:\\\/\\\/www.romaoggi.eu\\\/#website\"},\"primaryImageOfPage\":{\"@id\":\"https:\\\/\\\/www.romaoggi.eu\\\/index.php\\\/2017\\\/10\\\/03\\\/kiddy-citny\\\/#primaryimage\"},\"image\":{\"@id\":\"https:\\\/\\\/www.romaoggi.eu\\\/index.php\\\/2017\\\/10\\\/03\\\/kiddy-citny\\\/#primaryimage\"},\"thumbnailUrl\":\"https:\\\/\\\/www.romaoggi.eu\\\/wp-content\\\/uploads\\\/2017\\\/10\\\/Kiddy-Citny_.jpg\",\"datePublished\":\"2017-10-03T17:26:52+00:00\",\"description\":\"Prima mostra a Roma per il tedesco Kiddy Citny, che con Die Welt im Arm apre la stagione espositiva della BQB Art Gallery inaugurando il capitolo...\",\"breadcrumb\":{\"@id\":\"https:\\\/\\\/www.romaoggi.eu\\\/index.php\\\/2017\\\/10\\\/03\\\/kiddy-citny\\\/#breadcrumb\"},\"inLanguage\":\"it-IT\",\"potentialAction\":[{\"@type\":\"ReadAction\",\"target\":[\"https:\\\/\\\/www.romaoggi.eu\\\/index.php\\\/2017\\\/10\\\/03\\\/kiddy-citny\\\/\"]}]},{\"@type\":\"ImageObject\",\"inLanguage\":\"it-IT\",\"@id\":\"https:\\\/\\\/www.romaoggi.eu\\\/index.php\\\/2017\\\/10\\\/03\\\/kiddy-citny\\\/#primaryimage\",\"url\":\"https:\\\/\\\/www.romaoggi.eu\\\/wp-content\\\/uploads\\\/2017\\\/10\\\/Kiddy-Citny_.jpg\",\"contentUrl\":\"https:\\\/\\\/www.romaoggi.eu\\\/wp-content\\\/uploads\\\/2017\\\/10\\\/Kiddy-Citny_.jpg\",\"width\":856,\"height\":1000,\"caption\":\"Alt text Kiddy Citny\"},{\"@type\":\"BreadcrumbList\",\"@id\":\"https:\\\/\\\/www.romaoggi.eu\\\/index.php\\\/2017\\\/10\\\/03\\\/kiddy-citny\\\/#breadcrumb\",\"itemListElement\":[{\"@type\":\"ListItem\",\"position\":1,\"name\":\"Home\",\"item\":\"https:\\\/\\\/www.romaoggi.eu\\\/\"},{\"@type\":\"ListItem\",\"position\":2,\"name\":\"Dal 5 ottobre al 21 novembre la prima mostra personale a Roma di Kiddy Citny\"}]},{\"@type\":\"WebSite\",\"@id\":\"https:\\\/\\\/www.romaoggi.eu\\\/#website\",\"url\":\"https:\\\/\\\/www.romaoggi.eu\\\/\",\"name\":\"roma oggi\",\"description\":\"Interesting News for Interesting people\",\"publisher\":{\"@id\":\"https:\\\/\\\/www.romaoggi.eu\\\/#organization\"},\"potentialAction\":[{\"@type\":\"SearchAction\",\"target\":{\"@type\":\"EntryPoint\",\"urlTemplate\":\"https:\\\/\\\/www.romaoggi.eu\\\/?s={search_term_string}\"},\"query-input\":{\"@type\":\"PropertyValueSpecification\",\"valueRequired\":true,\"valueName\":\"search_term_string\"}}],\"inLanguage\":\"it-IT\"},{\"@type\":\"Organization\",\"@id\":\"https:\\\/\\\/www.romaoggi.eu\\\/#organization\",\"name\":\"RomaOggi\",\"url\":\"https:\\\/\\\/www.romaoggi.eu\\\/\",\"logo\":{\"@type\":\"ImageObject\",\"inLanguage\":\"it-IT\",\"@id\":\"https:\\\/\\\/www.romaoggi.eu\\\/#\\\/schema\\\/logo\\\/image\\\/\",\"url\":\"https:\\\/\\\/www.romaoggi.eu\\\/wp-content\\\/uploads\\\/2017\\\/04\\\/logowp.jpg\",\"contentUrl\":\"https:\\\/\\\/www.romaoggi.eu\\\/wp-content\\\/uploads\\\/2017\\\/04\\\/logowp.jpg\",\"width\":300,\"height\":133,\"caption\":\"RomaOggi\"},\"image\":{\"@id\":\"https:\\\/\\\/www.romaoggi.eu\\\/#\\\/schema\\\/logo\\\/image\\\/\"},\"sameAs\":[\"https:\\\/\\\/www.facebook.com\\\/RomaOggi-841544845954114\",\"https:\\\/\\\/x.com\\\/romaoggi_eu\"]},{\"@type\":\"Person\",\"@id\":\"https:\\\/\\\/www.romaoggi.eu\\\/#\\\/schema\\\/person\\\/cc12bfd93370392d7e41d243e47e6681\",\"name\":\"Flavio\",\"image\":{\"@type\":\"ImageObject\",\"inLanguage\":\"it-IT\",\"@id\":\"https:\\\/\\\/secure.gravatar.com\\\/avatar\\\/7e044ce830ea97853e01500437b37dff4a622b20a194e4d0efe9b67e918f19e5?s=96&d=mm&r=g\",\"url\":\"https:\\\/\\\/secure.gravatar.com\\\/avatar\\\/7e044ce830ea97853e01500437b37dff4a622b20a194e4d0efe9b67e918f19e5?s=96&d=mm&r=g\",\"contentUrl\":\"https:\\\/\\\/secure.gravatar.com\\\/avatar\\\/7e044ce830ea97853e01500437b37dff4a622b20a194e4d0efe9b67e918f19e5?s=96&d=mm&r=g\",\"caption\":\"Flavio\"},\"url\":\"https:\\\/\\\/www.romaoggi.eu\\\/index.php\\\/author\\\/cristiano\\\/\"}]}<\/script>\n<!-- \/ Yoast SEO plugin. -->","yoast_head_json":{"title":"Dal 5 ottobre al 21 novembre la prima mostra personale a Roma di Kiddy Citny","description":"Prima mostra a Roma per il tedesco Kiddy Citny, che con Die Welt im Arm apre la stagione espositiva della BQB Art Gallery inaugurando il capitolo...","robots":{"index":"index","follow":"follow","max-snippet":"max-snippet:-1","max-image-preview":"max-image-preview:large","max-video-preview":"max-video-preview:-1"},"canonical":"https:\/\/www.romaoggi.eu\/index.php\/2017\/10\/03\/kiddy-citny\/","og_locale":"it_IT","og_type":"article","og_title":"Dal 5 ottobre al 21 novembre la prima mostra personale a Roma di Kiddy Citny","og_description":"Prima mostra a Roma per il tedesco Kiddy Citny, che con Die Welt im Arm apre la stagione espositiva della BQB Art Gallery inaugurando il capitolo...","og_url":"https:\/\/www.romaoggi.eu\/index.php\/2017\/10\/03\/kiddy-citny\/","og_site_name":"roma oggi","article_publisher":"https:\/\/www.facebook.com\/RomaOggi-841544845954114","article_published_time":"2017-10-03T17:26:52+00:00","og_image":[{"width":856,"height":1000,"url":"https:\/\/www.romaoggi.eu\/wp-content\/uploads\/2017\/10\/Kiddy-Citny_.jpg","type":"image\/jpeg"}],"author":"Flavio","twitter_card":"summary_large_image","twitter_creator":"@romaoggi_eu","twitter_site":"@romaoggi_eu","twitter_misc":{"Scritto da":"Flavio","Tempo di lettura stimato":"3 minuti"},"schema":{"@context":"https:\/\/schema.org","@graph":[{"@type":"Article","@id":"https:\/\/www.romaoggi.eu\/index.php\/2017\/10\/03\/kiddy-citny\/#article","isPartOf":{"@id":"https:\/\/www.romaoggi.eu\/index.php\/2017\/10\/03\/kiddy-citny\/"},"author":{"name":"Flavio","@id":"https:\/\/www.romaoggi.eu\/#\/schema\/person\/cc12bfd93370392d7e41d243e47e6681"},"headline":"Dal 5 ottobre al 21 novembre la prima mostra personale a Roma di Kiddy Citny","datePublished":"2017-10-03T17:26:52+00:00","mainEntityOfPage":{"@id":"https:\/\/www.romaoggi.eu\/index.php\/2017\/10\/03\/kiddy-citny\/"},"wordCount":714,"commentCount":0,"publisher":{"@id":"https:\/\/www.romaoggi.eu\/#organization"},"image":{"@id":"https:\/\/www.romaoggi.eu\/index.php\/2017\/10\/03\/kiddy-citny\/#primaryimage"},"thumbnailUrl":"https:\/\/www.romaoggi.eu\/wp-content\/uploads\/2017\/10\/Kiddy-Citny_.jpg","keywords":["2017","arte","BQB Art Gallery","cristiano morelli","Die Welt im Arm","italia","Kiddy Citny","mostra","roma","RomaOggi.eu","rome"],"articleSection":["Mostre"],"inLanguage":"it-IT","potentialAction":[{"@type":"CommentAction","name":"Comment","target":["https:\/\/www.romaoggi.eu\/index.php\/2017\/10\/03\/kiddy-citny\/#respond"]}]},{"@type":"WebPage","@id":"https:\/\/www.romaoggi.eu\/index.php\/2017\/10\/03\/kiddy-citny\/","url":"https:\/\/www.romaoggi.eu\/index.php\/2017\/10\/03\/kiddy-citny\/","name":"Dal 5 ottobre al 21 novembre la prima mostra personale a Roma di Kiddy Citny","isPartOf":{"@id":"https:\/\/www.romaoggi.eu\/#website"},"primaryImageOfPage":{"@id":"https:\/\/www.romaoggi.eu\/index.php\/2017\/10\/03\/kiddy-citny\/#primaryimage"},"image":{"@id":"https:\/\/www.romaoggi.eu\/index.php\/2017\/10\/03\/kiddy-citny\/#primaryimage"},"thumbnailUrl":"https:\/\/www.romaoggi.eu\/wp-content\/uploads\/2017\/10\/Kiddy-Citny_.jpg","datePublished":"2017-10-03T17:26:52+00:00","description":"Prima mostra a Roma per il tedesco Kiddy Citny, che con Die Welt im Arm apre la stagione espositiva della BQB Art Gallery inaugurando il capitolo...","breadcrumb":{"@id":"https:\/\/www.romaoggi.eu\/index.php\/2017\/10\/03\/kiddy-citny\/#breadcrumb"},"inLanguage":"it-IT","potentialAction":[{"@type":"ReadAction","target":["https:\/\/www.romaoggi.eu\/index.php\/2017\/10\/03\/kiddy-citny\/"]}]},{"@type":"ImageObject","inLanguage":"it-IT","@id":"https:\/\/www.romaoggi.eu\/index.php\/2017\/10\/03\/kiddy-citny\/#primaryimage","url":"https:\/\/www.romaoggi.eu\/wp-content\/uploads\/2017\/10\/Kiddy-Citny_.jpg","contentUrl":"https:\/\/www.romaoggi.eu\/wp-content\/uploads\/2017\/10\/Kiddy-Citny_.jpg","width":856,"height":1000,"caption":"Alt text Kiddy Citny"},{"@type":"BreadcrumbList","@id":"https:\/\/www.romaoggi.eu\/index.php\/2017\/10\/03\/kiddy-citny\/#breadcrumb","itemListElement":[{"@type":"ListItem","position":1,"name":"Home","item":"https:\/\/www.romaoggi.eu\/"},{"@type":"ListItem","position":2,"name":"Dal 5 ottobre al 21 novembre la prima mostra personale a Roma di Kiddy Citny"}]},{"@type":"WebSite","@id":"https:\/\/www.romaoggi.eu\/#website","url":"https:\/\/www.romaoggi.eu\/","name":"roma oggi","description":"Interesting News for Interesting people","publisher":{"@id":"https:\/\/www.romaoggi.eu\/#organization"},"potentialAction":[{"@type":"SearchAction","target":{"@type":"EntryPoint","urlTemplate":"https:\/\/www.romaoggi.eu\/?s={search_term_string}"},"query-input":{"@type":"PropertyValueSpecification","valueRequired":true,"valueName":"search_term_string"}}],"inLanguage":"it-IT"},{"@type":"Organization","@id":"https:\/\/www.romaoggi.eu\/#organization","name":"RomaOggi","url":"https:\/\/www.romaoggi.eu\/","logo":{"@type":"ImageObject","inLanguage":"it-IT","@id":"https:\/\/www.romaoggi.eu\/#\/schema\/logo\/image\/","url":"https:\/\/www.romaoggi.eu\/wp-content\/uploads\/2017\/04\/logowp.jpg","contentUrl":"https:\/\/www.romaoggi.eu\/wp-content\/uploads\/2017\/04\/logowp.jpg","width":300,"height":133,"caption":"RomaOggi"},"image":{"@id":"https:\/\/www.romaoggi.eu\/#\/schema\/logo\/image\/"},"sameAs":["https:\/\/www.facebook.com\/RomaOggi-841544845954114","https:\/\/x.com\/romaoggi_eu"]},{"@type":"Person","@id":"https:\/\/www.romaoggi.eu\/#\/schema\/person\/cc12bfd93370392d7e41d243e47e6681","name":"Flavio","image":{"@type":"ImageObject","inLanguage":"it-IT","@id":"https:\/\/secure.gravatar.com\/avatar\/7e044ce830ea97853e01500437b37dff4a622b20a194e4d0efe9b67e918f19e5?s=96&d=mm&r=g","url":"https:\/\/secure.gravatar.com\/avatar\/7e044ce830ea97853e01500437b37dff4a622b20a194e4d0efe9b67e918f19e5?s=96&d=mm&r=g","contentUrl":"https:\/\/secure.gravatar.com\/avatar\/7e044ce830ea97853e01500437b37dff4a622b20a194e4d0efe9b67e918f19e5?s=96&d=mm&r=g","caption":"Flavio"},"url":"https:\/\/www.romaoggi.eu\/index.php\/author\/cristiano\/"}]}},"_links":{"self":[{"href":"https:\/\/www.romaoggi.eu\/index.php\/wp-json\/wp\/v2\/posts\/10594","targetHints":{"allow":["GET"]}}],"collection":[{"href":"https:\/\/www.romaoggi.eu\/index.php\/wp-json\/wp\/v2\/posts"}],"about":[{"href":"https:\/\/www.romaoggi.eu\/index.php\/wp-json\/wp\/v2\/types\/post"}],"author":[{"embeddable":true,"href":"https:\/\/www.romaoggi.eu\/index.php\/wp-json\/wp\/v2\/users\/5"}],"replies":[{"embeddable":true,"href":"https:\/\/www.romaoggi.eu\/index.php\/wp-json\/wp\/v2\/comments?post=10594"}],"version-history":[{"count":4,"href":"https:\/\/www.romaoggi.eu\/index.php\/wp-json\/wp\/v2\/posts\/10594\/revisions"}],"predecessor-version":[{"id":10601,"href":"https:\/\/www.romaoggi.eu\/index.php\/wp-json\/wp\/v2\/posts\/10594\/revisions\/10601"}],"wp:featuredmedia":[{"embeddable":true,"href":"https:\/\/www.romaoggi.eu\/index.php\/wp-json\/wp\/v2\/media\/10596"}],"wp:attachment":[{"href":"https:\/\/www.romaoggi.eu\/index.php\/wp-json\/wp\/v2\/media?parent=10594"}],"wp:term":[{"taxonomy":"category","embeddable":true,"href":"https:\/\/www.romaoggi.eu\/index.php\/wp-json\/wp\/v2\/categories?post=10594"},{"taxonomy":"post_tag","embeddable":true,"href":"https:\/\/www.romaoggi.eu\/index.php\/wp-json\/wp\/v2\/tags?post=10594"}],"curies":[{"name":"wp","href":"https:\/\/api.w.org\/{rel}","templated":true}]}}