{"id":10792,"date":"2017-10-15T07:21:45","date_gmt":"2017-10-15T05:21:45","guid":{"rendered":"http:\/\/www.romaoggi.eu\/?p=10792"},"modified":"2017-10-15T07:21:45","modified_gmt":"2017-10-15T05:21:45","slug":"boccadamo-via-frattina","status":"publish","type":"post","link":"https:\/\/www.romaoggi.eu\/index.php\/2017\/10\/15\/boccadamo-via-frattina\/","title":{"rendered":"Boccadamo inaugurata la prima boutique romana in via Frattina"},"content":{"rendered":"<p style=\"text-align: justify;\">Grande successo in centro a Roma il 13 ottobre 2017, per l&#8217;inaugurazione della prima boutique monomarca<a href=\"http:\/\/www.boccadamo.com\/\"> Boccadamo<\/a>,\u00a0\u00a0nella centralissima\u00a0<strong>Via Frattina<\/strong>\u00a0di\u00a0<strong>Roma<\/strong>.<\/p>\n<p style=\"text-align: justify;\"><img loading=\"lazy\" decoding=\"async\" class=\"size-medium wp-image-10797 alignleft\" src=\"https:\/\/www.romaoggi.eu\/wp-content\/uploads\/2017\/10\/22366269_1631393520225899_1915193325518953426_n-225x300.jpg\" alt=\"ALT TAG BOCCADAMO\" width=\"225\" height=\"300\" srcset=\"https:\/\/www.romaoggi.eu\/wp-content\/uploads\/2017\/10\/22366269_1631393520225899_1915193325518953426_n-225x300.jpg 225w, https:\/\/www.romaoggi.eu\/wp-content\/uploads\/2017\/10\/22366269_1631393520225899_1915193325518953426_n.jpg 720w\" sizes=\"auto, (max-width: 225px) 100vw, 225px\" \/>Dopo aver conquistato il mercato estero con i <strong>flagship<\/strong> store di Nizza, di Ulaanbaatar nella capitale della Mongolia e di Shiraz in Iran, la maison celebra il suo momento magico con un grande evento tutto italiano, per intraprendere una nuova stagione di successi e di ambiziosi traguardi da raggiungere.<\/p>\n<p style=\"text-align: justify;\">Importante anche il lavoro della\u00a0<a href=\"http:\/\/fondazioneboccadamo.org\/it\/scuola-orafa-disabili-il-sogno-diventa-realta\/\" target=\"_blank\" rel=\"noopener\">Fondazione Boccadamo<\/a>\u00a0 che a luglio 2017, ha aperto una Scuola Orafa dedicata a persone con disabilit\u00e0 motorie. Il progetto\u00a0 \u201cIl Valore del Gioiello\u201d e ha ottenuto anche il sostegno di\u00a0<a href=\"http:\/\/www.etjca.it\/\" target=\"_blank\" rel=\"noopener\">Etjca<\/a>\u00a0&#8211; Agenzia per il Lavoro.\u00a0 &#8220;<em>Come imprenditore e presidente della Fondazione Boccadamo \u2013 <\/em>ha affermato Tonino Boccadamo nel suo intervento<em> \u2013 sono cosciente del valore che il nostro progetto di una scuola orafa per giovani speciali pu\u00f2 rappresentare per tutti. Un volano di rilancio socio-culturale ma anche lavorativo. Un contributo al sostegno di una societ\u00e0 dell\u2019inclusione, dove ciascuno possa sentirsi valorizzato. Nel mese di luglio \u00e8 stato attivato il primo corso orafo della durata di un mese, che accoglie giovani locali, in attesa di poter estendere la nostra iniziativa anche a livello nazionale ed internazionale. Un obiettivo che, sono certo, raggiungeremo con l\u2019aiuto di amici e sostenitori, vicini a questa e altre nostre iniziative<\/em>&#8220;.<\/p>\n<p><img loading=\"lazy\" decoding=\"async\" class=\"size-medium wp-image-10821 alignright\" src=\"https:\/\/www.romaoggi.eu\/wp-content\/uploads\/2017\/10\/22491766_1631393743559210_2940584660737132657_n-300x225.jpg\" alt=\"alt tag boccadamo\" width=\"300\" height=\"225\" srcset=\"https:\/\/www.romaoggi.eu\/wp-content\/uploads\/2017\/10\/22491766_1631393743559210_2940584660737132657_n-300x225.jpg 300w, https:\/\/www.romaoggi.eu\/wp-content\/uploads\/2017\/10\/22491766_1631393743559210_2940584660737132657_n-326x245.jpg 326w, https:\/\/www.romaoggi.eu\/wp-content\/uploads\/2017\/10\/22491766_1631393743559210_2940584660737132657_n-80x60.jpg 80w, https:\/\/www.romaoggi.eu\/wp-content\/uploads\/2017\/10\/22491766_1631393743559210_2940584660737132657_n.jpg 960w\" sizes=\"auto, (max-width: 300px) 100vw, 300px\" \/><\/p>\n<p style=\"text-align: justify;\">Presto la scuola orafa <a href=\"https:\/\/www.romaoggi.eu\/index.php\/2016\/07\/26\/boccadamo-56anni-lancia-orologio\/\">Boccadamo<\/a>&#8211; gratuita &#8211; sar\u00e0 aperta a persone provenienti da tutta Italia, con una commissione di esperti che, insieme al presidente, valuter\u00e0 il profilo dei candidati secondo diversi criteri, tra cui il grado di disabilit\u00e0 e lo stato sociale. I corsi avranno luogo all&#8217;interno della sede principale della Fondazione, con tre turni intensivi di lezioni con cadenza bimestrale per la durata di un anno, in cui si alterneranno attivit\u00e0 pratiche e teoriche.<\/p>\n<p style=\"text-align: justify;\">E&#8217; stata una giornata di festa venerdi 13 ottobre 2017, per tutti i brand lovers che,\u00a0 attendevano da tempo questo momento, una vera dichiarazione di stima e affetto per il traguardo raggiunto con primo store monomarca Boccadamo nel cuore della capitale.<\/p>\n<p>&nbsp;<\/p>\n<p>Antonietta Di Vizia<\/p>\n","protected":false},"excerpt":{"rendered":"<div class=\"mh-excerpt\"><p>Grande successo in centro a Roma il 13 ottobre 2017, per l&#8217;inaugurazione della prima boutique monomarca Boccadamo,\u00a0\u00a0nella centralissima\u00a0Via Frattina\u00a0di\u00a0Roma. Dopo aver conquistato il mercato estero con i flagship store di Nizza, di Ulaanbaatar nella capitale <a class=\"mh-excerpt-more\" href=\"https:\/\/www.romaoggi.eu\/index.php\/2017\/10\/15\/boccadamo-via-frattina\/\" title=\"Boccadamo inaugurata la prima boutique romana in via Frattina\">[&#8230;]<\/a><\/p>\n<\/div>","protected":false},"author":3,"featured_media":10820,"comment_status":"open","ping_status":"open","sticky":false,"template":"","format":"standard","meta":{"_sitemap_exclude":false,"_sitemap_priority":"","_sitemap_frequency":"","footnotes":""},"categories":[7204],"tags":[7863,5184,5183,203,6602,7864,109,2941,7865],"class_list":["post-10792","post","type-post","status-publish","format-standard","has-post-thumbnail","hentry","category-curiosita","tag-boccadamo","tag-bracciali","tag-collane","tag-gioielli","tag-inaugurazione","tag-orecchini","tag-roma","tag-tonino-boccadamo","tag-via-frattina"],"yoast_head":"<!-- This site is optimized with the Yoast SEO plugin v27.4 - https:\/\/yoast.com\/product\/yoast-seo-wordpress\/ -->\n<title>Boccadamo inaugurata la prima boutique romana in via Frattina<\/title>\n<meta name=\"description\" content=\"Grande successo in centro a Roma il 13 ottobre 2017, per l&#039;inaugurazione della prima boutique monomarca Boccadamo,\u00a0\u00a0nella centralissima\u00a0Via Frattina\u00a0di\u00a0Roma.\" \/>\n<meta name=\"robots\" content=\"index, follow, max-snippet:-1, max-image-preview:large, max-video-preview:-1\" \/>\n<link rel=\"canonical\" href=\"https:\/\/www.romaoggi.eu\/index.php\/2017\/10\/15\/boccadamo-via-frattina\/\" \/>\n<meta property=\"og:locale\" content=\"it_IT\" \/>\n<meta property=\"og:type\" content=\"article\" \/>\n<meta property=\"og:title\" content=\"Boccadamo inaugurata la prima boutique romana in via Frattina\" \/>\n<meta property=\"og:description\" content=\"Grande successo in centro a Roma il 13 ottobre 2017, per l&#039;inaugurazione della prima boutique monomarca Boccadamo,\u00a0\u00a0nella centralissima\u00a0Via Frattina\u00a0di\u00a0Roma.\" \/>\n<meta property=\"og:url\" content=\"https:\/\/www.romaoggi.eu\/index.php\/2017\/10\/15\/boccadamo-via-frattina\/\" \/>\n<meta property=\"og:site_name\" content=\"roma oggi\" \/>\n<meta property=\"article:publisher\" content=\"https:\/\/www.facebook.com\/RomaOggi-841544845954114\" \/>\n<meta property=\"article:published_time\" content=\"2017-10-15T05:21:45+00:00\" \/>\n<meta property=\"og:image\" content=\"https:\/\/www.romaoggi.eu\/wp-content\/uploads\/2017\/10\/22448139_10212348416978509_114525407108934151_n.jpg\" \/>\n\t<meta property=\"og:image:width\" content=\"960\" \/>\n\t<meta property=\"og:image:height\" content=\"638\" \/>\n\t<meta property=\"og:image:type\" content=\"image\/jpeg\" \/>\n<meta name=\"author\" content=\"Antonietta Di Vizia\" \/>\n<meta name=\"twitter:card\" content=\"summary_large_image\" \/>\n<meta name=\"twitter:creator\" content=\"@romaoggi_eu\" \/>\n<meta name=\"twitter:site\" content=\"@romaoggi_eu\" \/>\n<meta name=\"twitter:label1\" content=\"Scritto da\" \/>\n\t<meta name=\"twitter:data1\" content=\"Antonietta Di Vizia\" \/>\n\t<meta name=\"twitter:label2\" content=\"Tempo di lettura stimato\" \/>\n\t<meta name=\"twitter:data2\" content=\"2 minuti\" \/>\n<script type=\"application\/ld+json\" class=\"yoast-schema-graph\">{\"@context\":\"https:\\\/\\\/schema.org\",\"@graph\":[{\"@type\":\"Article\",\"@id\":\"https:\\\/\\\/www.romaoggi.eu\\\/index.php\\\/2017\\\/10\\\/15\\\/boccadamo-via-frattina\\\/#article\",\"isPartOf\":{\"@id\":\"https:\\\/\\\/www.romaoggi.eu\\\/index.php\\\/2017\\\/10\\\/15\\\/boccadamo-via-frattina\\\/\"},\"author\":{\"name\":\"Antonietta Di Vizia\",\"@id\":\"https:\\\/\\\/www.romaoggi.eu\\\/#\\\/schema\\\/person\\\/c8ca1fb64b5506391fff5f822a866c23\"},\"headline\":\"Boccadamo inaugurata la prima boutique romana in via Frattina\",\"datePublished\":\"2017-10-15T05:21:45+00:00\",\"mainEntityOfPage\":{\"@id\":\"https:\\\/\\\/www.romaoggi.eu\\\/index.php\\\/2017\\\/10\\\/15\\\/boccadamo-via-frattina\\\/\"},\"wordCount\":347,\"commentCount\":0,\"publisher\":{\"@id\":\"https:\\\/\\\/www.romaoggi.eu\\\/#organization\"},\"image\":{\"@id\":\"https:\\\/\\\/www.romaoggi.eu\\\/index.php\\\/2017\\\/10\\\/15\\\/boccadamo-via-frattina\\\/#primaryimage\"},\"thumbnailUrl\":\"https:\\\/\\\/www.romaoggi.eu\\\/wp-content\\\/uploads\\\/2017\\\/10\\\/22448139_10212348416978509_114525407108934151_n.jpg\",\"keywords\":[\"boccadamo\",\"bracciali\",\"collane\",\"gioielli\",\"inaugurazione\",\"orecchini\",\"roma\",\"Tonino Boccadamo\",\"via frattina\"],\"articleSection\":[\"Curiosit\u00e0\"],\"inLanguage\":\"it-IT\",\"potentialAction\":[{\"@type\":\"CommentAction\",\"name\":\"Comment\",\"target\":[\"https:\\\/\\\/www.romaoggi.eu\\\/index.php\\\/2017\\\/10\\\/15\\\/boccadamo-via-frattina\\\/#respond\"]}]},{\"@type\":\"WebPage\",\"@id\":\"https:\\\/\\\/www.romaoggi.eu\\\/index.php\\\/2017\\\/10\\\/15\\\/boccadamo-via-frattina\\\/\",\"url\":\"https:\\\/\\\/www.romaoggi.eu\\\/index.php\\\/2017\\\/10\\\/15\\\/boccadamo-via-frattina\\\/\",\"name\":\"Boccadamo inaugurata la prima boutique romana in via Frattina\",\"isPartOf\":{\"@id\":\"https:\\\/\\\/www.romaoggi.eu\\\/#website\"},\"primaryImageOfPage\":{\"@id\":\"https:\\\/\\\/www.romaoggi.eu\\\/index.php\\\/2017\\\/10\\\/15\\\/boccadamo-via-frattina\\\/#primaryimage\"},\"image\":{\"@id\":\"https:\\\/\\\/www.romaoggi.eu\\\/index.php\\\/2017\\\/10\\\/15\\\/boccadamo-via-frattina\\\/#primaryimage\"},\"thumbnailUrl\":\"https:\\\/\\\/www.romaoggi.eu\\\/wp-content\\\/uploads\\\/2017\\\/10\\\/22448139_10212348416978509_114525407108934151_n.jpg\",\"datePublished\":\"2017-10-15T05:21:45+00:00\",\"description\":\"Grande successo in centro a Roma il 13 ottobre 2017, per l'inaugurazione della prima boutique monomarca Boccadamo,\u00a0\u00a0nella centralissima\u00a0Via Frattina\u00a0di\u00a0Roma.\",\"breadcrumb\":{\"@id\":\"https:\\\/\\\/www.romaoggi.eu\\\/index.php\\\/2017\\\/10\\\/15\\\/boccadamo-via-frattina\\\/#breadcrumb\"},\"inLanguage\":\"it-IT\",\"potentialAction\":[{\"@type\":\"ReadAction\",\"target\":[\"https:\\\/\\\/www.romaoggi.eu\\\/index.php\\\/2017\\\/10\\\/15\\\/boccadamo-via-frattina\\\/\"]}]},{\"@type\":\"ImageObject\",\"inLanguage\":\"it-IT\",\"@id\":\"https:\\\/\\\/www.romaoggi.eu\\\/index.php\\\/2017\\\/10\\\/15\\\/boccadamo-via-frattina\\\/#primaryimage\",\"url\":\"https:\\\/\\\/www.romaoggi.eu\\\/wp-content\\\/uploads\\\/2017\\\/10\\\/22448139_10212348416978509_114525407108934151_n.jpg\",\"contentUrl\":\"https:\\\/\\\/www.romaoggi.eu\\\/wp-content\\\/uploads\\\/2017\\\/10\\\/22448139_10212348416978509_114525407108934151_n.jpg\",\"width\":960,\"height\":638,\"caption\":\"alt tag boccadamo\"},{\"@type\":\"BreadcrumbList\",\"@id\":\"https:\\\/\\\/www.romaoggi.eu\\\/index.php\\\/2017\\\/10\\\/15\\\/boccadamo-via-frattina\\\/#breadcrumb\",\"itemListElement\":[{\"@type\":\"ListItem\",\"position\":1,\"name\":\"Home\",\"item\":\"https:\\\/\\\/www.romaoggi.eu\\\/\"},{\"@type\":\"ListItem\",\"position\":2,\"name\":\"Boccadamo inaugurata la prima boutique romana in via Frattina\"}]},{\"@type\":\"WebSite\",\"@id\":\"https:\\\/\\\/www.romaoggi.eu\\\/#website\",\"url\":\"https:\\\/\\\/www.romaoggi.eu\\\/\",\"name\":\"roma oggi\",\"description\":\"Interesting News for Interesting people\",\"publisher\":{\"@id\":\"https:\\\/\\\/www.romaoggi.eu\\\/#organization\"},\"potentialAction\":[{\"@type\":\"SearchAction\",\"target\":{\"@type\":\"EntryPoint\",\"urlTemplate\":\"https:\\\/\\\/www.romaoggi.eu\\\/?s={search_term_string}\"},\"query-input\":{\"@type\":\"PropertyValueSpecification\",\"valueRequired\":true,\"valueName\":\"search_term_string\"}}],\"inLanguage\":\"it-IT\"},{\"@type\":\"Organization\",\"@id\":\"https:\\\/\\\/www.romaoggi.eu\\\/#organization\",\"name\":\"RomaOggi\",\"url\":\"https:\\\/\\\/www.romaoggi.eu\\\/\",\"logo\":{\"@type\":\"ImageObject\",\"inLanguage\":\"it-IT\",\"@id\":\"https:\\\/\\\/www.romaoggi.eu\\\/#\\\/schema\\\/logo\\\/image\\\/\",\"url\":\"https:\\\/\\\/www.romaoggi.eu\\\/wp-content\\\/uploads\\\/2017\\\/04\\\/logowp.jpg\",\"contentUrl\":\"https:\\\/\\\/www.romaoggi.eu\\\/wp-content\\\/uploads\\\/2017\\\/04\\\/logowp.jpg\",\"width\":300,\"height\":133,\"caption\":\"RomaOggi\"},\"image\":{\"@id\":\"https:\\\/\\\/www.romaoggi.eu\\\/#\\\/schema\\\/logo\\\/image\\\/\"},\"sameAs\":[\"https:\\\/\\\/www.facebook.com\\\/RomaOggi-841544845954114\",\"https:\\\/\\\/x.com\\\/romaoggi_eu\"]},{\"@type\":\"Person\",\"@id\":\"https:\\\/\\\/www.romaoggi.eu\\\/#\\\/schema\\\/person\\\/c8ca1fb64b5506391fff5f822a866c23\",\"name\":\"Antonietta Di Vizia\",\"image\":{\"@type\":\"ImageObject\",\"inLanguage\":\"it-IT\",\"@id\":\"https:\\\/\\\/secure.gravatar.com\\\/avatar\\\/2ad571aa3fbfe3089b06ed5617adf58717b9359c0c97cf9b52804fb2dac293f2?s=96&d=mm&r=g\",\"url\":\"https:\\\/\\\/secure.gravatar.com\\\/avatar\\\/2ad571aa3fbfe3089b06ed5617adf58717b9359c0c97cf9b52804fb2dac293f2?s=96&d=mm&r=g\",\"contentUrl\":\"https:\\\/\\\/secure.gravatar.com\\\/avatar\\\/2ad571aa3fbfe3089b06ed5617adf58717b9359c0c97cf9b52804fb2dac293f2?s=96&d=mm&r=g\",\"caption\":\"Antonietta Di Vizia\"},\"url\":\"https:\\\/\\\/www.romaoggi.eu\\\/index.php\\\/author\\\/antonietta\\\/\"}]}<\/script>\n<!-- \/ Yoast SEO plugin. -->","yoast_head_json":{"title":"Boccadamo inaugurata la prima boutique romana in via Frattina","description":"Grande successo in centro a Roma il 13 ottobre 2017, per l'inaugurazione della prima boutique monomarca Boccadamo,\u00a0\u00a0nella centralissima\u00a0Via Frattina\u00a0di\u00a0Roma.","robots":{"index":"index","follow":"follow","max-snippet":"max-snippet:-1","max-image-preview":"max-image-preview:large","max-video-preview":"max-video-preview:-1"},"canonical":"https:\/\/www.romaoggi.eu\/index.php\/2017\/10\/15\/boccadamo-via-frattina\/","og_locale":"it_IT","og_type":"article","og_title":"Boccadamo inaugurata la prima boutique romana in via Frattina","og_description":"Grande successo in centro a Roma il 13 ottobre 2017, per l'inaugurazione della prima boutique monomarca Boccadamo,\u00a0\u00a0nella centralissima\u00a0Via Frattina\u00a0di\u00a0Roma.","og_url":"https:\/\/www.romaoggi.eu\/index.php\/2017\/10\/15\/boccadamo-via-frattina\/","og_site_name":"roma oggi","article_publisher":"https:\/\/www.facebook.com\/RomaOggi-841544845954114","article_published_time":"2017-10-15T05:21:45+00:00","og_image":[{"width":960,"height":638,"url":"https:\/\/www.romaoggi.eu\/wp-content\/uploads\/2017\/10\/22448139_10212348416978509_114525407108934151_n.jpg","type":"image\/jpeg"}],"author":"Antonietta Di Vizia","twitter_card":"summary_large_image","twitter_creator":"@romaoggi_eu","twitter_site":"@romaoggi_eu","twitter_misc":{"Scritto da":"Antonietta Di Vizia","Tempo di lettura stimato":"2 minuti"},"schema":{"@context":"https:\/\/schema.org","@graph":[{"@type":"Article","@id":"https:\/\/www.romaoggi.eu\/index.php\/2017\/10\/15\/boccadamo-via-frattina\/#article","isPartOf":{"@id":"https:\/\/www.romaoggi.eu\/index.php\/2017\/10\/15\/boccadamo-via-frattina\/"},"author":{"name":"Antonietta Di Vizia","@id":"https:\/\/www.romaoggi.eu\/#\/schema\/person\/c8ca1fb64b5506391fff5f822a866c23"},"headline":"Boccadamo inaugurata la prima boutique romana in via Frattina","datePublished":"2017-10-15T05:21:45+00:00","mainEntityOfPage":{"@id":"https:\/\/www.romaoggi.eu\/index.php\/2017\/10\/15\/boccadamo-via-frattina\/"},"wordCount":347,"commentCount":0,"publisher":{"@id":"https:\/\/www.romaoggi.eu\/#organization"},"image":{"@id":"https:\/\/www.romaoggi.eu\/index.php\/2017\/10\/15\/boccadamo-via-frattina\/#primaryimage"},"thumbnailUrl":"https:\/\/www.romaoggi.eu\/wp-content\/uploads\/2017\/10\/22448139_10212348416978509_114525407108934151_n.jpg","keywords":["boccadamo","bracciali","collane","gioielli","inaugurazione","orecchini","roma","Tonino Boccadamo","via frattina"],"articleSection":["Curiosit\u00e0"],"inLanguage":"it-IT","potentialAction":[{"@type":"CommentAction","name":"Comment","target":["https:\/\/www.romaoggi.eu\/index.php\/2017\/10\/15\/boccadamo-via-frattina\/#respond"]}]},{"@type":"WebPage","@id":"https:\/\/www.romaoggi.eu\/index.php\/2017\/10\/15\/boccadamo-via-frattina\/","url":"https:\/\/www.romaoggi.eu\/index.php\/2017\/10\/15\/boccadamo-via-frattina\/","name":"Boccadamo inaugurata la prima boutique romana in via Frattina","isPartOf":{"@id":"https:\/\/www.romaoggi.eu\/#website"},"primaryImageOfPage":{"@id":"https:\/\/www.romaoggi.eu\/index.php\/2017\/10\/15\/boccadamo-via-frattina\/#primaryimage"},"image":{"@id":"https:\/\/www.romaoggi.eu\/index.php\/2017\/10\/15\/boccadamo-via-frattina\/#primaryimage"},"thumbnailUrl":"https:\/\/www.romaoggi.eu\/wp-content\/uploads\/2017\/10\/22448139_10212348416978509_114525407108934151_n.jpg","datePublished":"2017-10-15T05:21:45+00:00","description":"Grande successo in centro a Roma il 13 ottobre 2017, per l'inaugurazione della prima boutique monomarca Boccadamo,\u00a0\u00a0nella centralissima\u00a0Via Frattina\u00a0di\u00a0Roma.","breadcrumb":{"@id":"https:\/\/www.romaoggi.eu\/index.php\/2017\/10\/15\/boccadamo-via-frattina\/#breadcrumb"},"inLanguage":"it-IT","potentialAction":[{"@type":"ReadAction","target":["https:\/\/www.romaoggi.eu\/index.php\/2017\/10\/15\/boccadamo-via-frattina\/"]}]},{"@type":"ImageObject","inLanguage":"it-IT","@id":"https:\/\/www.romaoggi.eu\/index.php\/2017\/10\/15\/boccadamo-via-frattina\/#primaryimage","url":"https:\/\/www.romaoggi.eu\/wp-content\/uploads\/2017\/10\/22448139_10212348416978509_114525407108934151_n.jpg","contentUrl":"https:\/\/www.romaoggi.eu\/wp-content\/uploads\/2017\/10\/22448139_10212348416978509_114525407108934151_n.jpg","width":960,"height":638,"caption":"alt tag boccadamo"},{"@type":"BreadcrumbList","@id":"https:\/\/www.romaoggi.eu\/index.php\/2017\/10\/15\/boccadamo-via-frattina\/#breadcrumb","itemListElement":[{"@type":"ListItem","position":1,"name":"Home","item":"https:\/\/www.romaoggi.eu\/"},{"@type":"ListItem","position":2,"name":"Boccadamo inaugurata la prima boutique romana in via Frattina"}]},{"@type":"WebSite","@id":"https:\/\/www.romaoggi.eu\/#website","url":"https:\/\/www.romaoggi.eu\/","name":"roma oggi","description":"Interesting News for Interesting people","publisher":{"@id":"https:\/\/www.romaoggi.eu\/#organization"},"potentialAction":[{"@type":"SearchAction","target":{"@type":"EntryPoint","urlTemplate":"https:\/\/www.romaoggi.eu\/?s={search_term_string}"},"query-input":{"@type":"PropertyValueSpecification","valueRequired":true,"valueName":"search_term_string"}}],"inLanguage":"it-IT"},{"@type":"Organization","@id":"https:\/\/www.romaoggi.eu\/#organization","name":"RomaOggi","url":"https:\/\/www.romaoggi.eu\/","logo":{"@type":"ImageObject","inLanguage":"it-IT","@id":"https:\/\/www.romaoggi.eu\/#\/schema\/logo\/image\/","url":"https:\/\/www.romaoggi.eu\/wp-content\/uploads\/2017\/04\/logowp.jpg","contentUrl":"https:\/\/www.romaoggi.eu\/wp-content\/uploads\/2017\/04\/logowp.jpg","width":300,"height":133,"caption":"RomaOggi"},"image":{"@id":"https:\/\/www.romaoggi.eu\/#\/schema\/logo\/image\/"},"sameAs":["https:\/\/www.facebook.com\/RomaOggi-841544845954114","https:\/\/x.com\/romaoggi_eu"]},{"@type":"Person","@id":"https:\/\/www.romaoggi.eu\/#\/schema\/person\/c8ca1fb64b5506391fff5f822a866c23","name":"Antonietta Di Vizia","image":{"@type":"ImageObject","inLanguage":"it-IT","@id":"https:\/\/secure.gravatar.com\/avatar\/2ad571aa3fbfe3089b06ed5617adf58717b9359c0c97cf9b52804fb2dac293f2?s=96&d=mm&r=g","url":"https:\/\/secure.gravatar.com\/avatar\/2ad571aa3fbfe3089b06ed5617adf58717b9359c0c97cf9b52804fb2dac293f2?s=96&d=mm&r=g","contentUrl":"https:\/\/secure.gravatar.com\/avatar\/2ad571aa3fbfe3089b06ed5617adf58717b9359c0c97cf9b52804fb2dac293f2?s=96&d=mm&r=g","caption":"Antonietta Di Vizia"},"url":"https:\/\/www.romaoggi.eu\/index.php\/author\/antonietta\/"}]}},"_links":{"self":[{"href":"https:\/\/www.romaoggi.eu\/index.php\/wp-json\/wp\/v2\/posts\/10792","targetHints":{"allow":["GET"]}}],"collection":[{"href":"https:\/\/www.romaoggi.eu\/index.php\/wp-json\/wp\/v2\/posts"}],"about":[{"href":"https:\/\/www.romaoggi.eu\/index.php\/wp-json\/wp\/v2\/types\/post"}],"author":[{"embeddable":true,"href":"https:\/\/www.romaoggi.eu\/index.php\/wp-json\/wp\/v2\/users\/3"}],"replies":[{"embeddable":true,"href":"https:\/\/www.romaoggi.eu\/index.php\/wp-json\/wp\/v2\/comments?post=10792"}],"version-history":[{"count":9,"href":"https:\/\/www.romaoggi.eu\/index.php\/wp-json\/wp\/v2\/posts\/10792\/revisions"}],"predecessor-version":[{"id":10822,"href":"https:\/\/www.romaoggi.eu\/index.php\/wp-json\/wp\/v2\/posts\/10792\/revisions\/10822"}],"wp:featuredmedia":[{"embeddable":true,"href":"https:\/\/www.romaoggi.eu\/index.php\/wp-json\/wp\/v2\/media\/10820"}],"wp:attachment":[{"href":"https:\/\/www.romaoggi.eu\/index.php\/wp-json\/wp\/v2\/media?parent=10792"}],"wp:term":[{"taxonomy":"category","embeddable":true,"href":"https:\/\/www.romaoggi.eu\/index.php\/wp-json\/wp\/v2\/categories?post=10792"},{"taxonomy":"post_tag","embeddable":true,"href":"https:\/\/www.romaoggi.eu\/index.php\/wp-json\/wp\/v2\/tags?post=10792"}],"curies":[{"name":"wp","href":"https:\/\/api.w.org\/{rel}","templated":true}]}}