{"id":11026,"date":"2017-10-22T16:23:02","date_gmt":"2017-10-22T14:23:02","guid":{"rendered":"http:\/\/www.romaoggi.eu\/?p=11026"},"modified":"2017-10-22T16:23:02","modified_gmt":"2017-10-22T14:23:02","slug":"violette-sauvage-palazzo-colonna","status":"publish","type":"post","link":"https:\/\/www.romaoggi.eu\/index.php\/2017\/10\/22\/violette-sauvage-palazzo-colonna\/","title":{"rendered":"Violette Sauvage il 28-29 ottobre alla Coffee House di Palazzo Colonna"},"content":{"rendered":"<p style=\"text-align: justify;\"><span style=\"font-weight: 400;\"><a href=\"http:\/\/www.violettesauvage.fr\/\"><strong>Violette Sauvage<\/strong><\/a> il 28 e il 29 ottobre 2917 alla <a href=\"https:\/\/www.romaoggi.eu\/index.php\/2016\/10\/16\/premio-margutta-2016\/\">Coffee house di Palazzo Colonna<\/a>, un\u2019occasione per tutti gli appassionati di moda di poter fare degli acquisti di <strong>abiti di marca\u00a0<\/strong>ad un prezzo inferiore rispetto al mercato e addirittura poter trovare oggetti ancora con il cartellino.<\/span><\/p>\n<p><img loading=\"lazy\" decoding=\"async\" class=\"size-medium wp-image-11030 alignleft\" src=\"https:\/\/www.romaoggi.eu\/wp-content\/uploads\/2017\/10\/violette-2-300x200.jpg\" alt=\"alt tag Violette Sauvage,\" width=\"300\" height=\"200\" srcset=\"https:\/\/www.romaoggi.eu\/wp-content\/uploads\/2017\/10\/violette-2-300x200.jpg 300w, https:\/\/www.romaoggi.eu\/wp-content\/uploads\/2017\/10\/violette-2-1024x684.jpg 1024w, https:\/\/www.romaoggi.eu\/wp-content\/uploads\/2017\/10\/violette-2.jpg 2048w\" sizes=\"auto, (max-width: 300px) 100vw, 300px\" \/><\/p>\n<p style=\"text-align: justify;\"><span style=\"font-weight: 400;\">Come trovare il rimedio ad armadi sempre troppo pieni di cose che si usano poco e come non fare male all&#8217;ambiente con un consumismo sfrenato e tasche sempre pi\u00f9 vuote? Lo ha capito l\u2019imprenditore italo-francese <strong>Rino Coletti,<\/strong>\u00a0che decide nel 2010 di lanciare per la prima volta in Francia l\u2019idea di un\u00a0<\/span><b>riutilizzo glamour<\/b><span style=\"font-weight: 400;\">\u00a0in grado di associare qualit\u00e0 e divertimento ad una\u00a0<\/span><b>visione green.\u00a0<\/b><span style=\"font-weight: 400;\">La filosofia portata avanti \u00e8 che tutto quello che ci circonda pu\u00f2 essere innanzitutto\u00a0<\/span><b>riutilizzato<\/b><span style=\"font-weight: 400;\">\u00a0e soprattutto\u00a0<\/span><b>rivalutato.\u00a0<\/b><span style=\"font-weight: 400;\">Da questa semplice\u00a0 idea prende vita\u00a0<\/span><b>Violette Sauvage<\/b><span style=\"font-weight: 400;\">, l\u2019azienda francese ormai leader nel\u00a0<\/span><b>vide dressing. Il vide dressing\u00a0<\/b><span style=\"font-weight: 400;\">nasce dal concetto che tutto ci\u00f2 che indossiamo <strong>pu\u00f2 avere pi\u00f9 vite<\/strong>, gli abiti possono trasformarsi al fine di realizzare diverse forme di profitto , il tutto a beneficio dell\u2019ambiente, ed infine divenire una nuova forma di reddito.<\/span><\/p>\n<p><img loading=\"lazy\" decoding=\"async\" class=\"size-medium wp-image-11031 alignright\" src=\"https:\/\/www.romaoggi.eu\/wp-content\/uploads\/2017\/10\/violette-sauvage-invito-con-prezzo-1-192x300.jpg\" alt=\"alt tag Violette Sauvage,\" width=\"192\" height=\"300\" srcset=\"https:\/\/www.romaoggi.eu\/wp-content\/uploads\/2017\/10\/violette-sauvage-invito-con-prezzo-1-192x300.jpg 192w, https:\/\/www.romaoggi.eu\/wp-content\/uploads\/2017\/10\/violette-sauvage-invito-con-prezzo-1.jpg 519w\" sizes=\"auto, (max-width: 192px) 100vw, 192px\" \/><\/p>\n<p style=\"text-align: justify;\"><span style=\"font-weight: 400;\">Non un mercatino dell\u2019usato,\u00a0 perch\u00e9 tutto ci\u00f2 che viene messo in vendita deve rispondere ad una semplice domanda:\u00a0<\/span><b>\u201cTu lo indosseresti?\u201d. Violette Sauvage,\u00a0<\/b><span style=\"font-weight: 400;\">quindi, attraverso gli incontri che organizza nel corso dell\u2019anno mette a disposizione dei corner in cui si possono vendere i propri abiti ma anche delle vetrine per i giovani designer e creativi che vogliono far conoscere il proprio brand. In Francia questo tipo di manifestazioni vanta anche 12.000 visitatori in un solo week end!<\/span><\/p>\n<p style=\"text-align: justify;\"><span style=\"font-weight: 400;\">Tutti gli eventi di <strong>Violette Sauvage<\/strong> sono una festa in cui i vari appassionati di moda si riuniscono per confrontarsi sui look e per fare nuove amicizie. Non poteva mancare quindi <strong>Verde Pistacchio<\/strong> che delizier\u00e0 gli ospiti con i suoi squisiti gelati insieme ad altre realt\u00e0 leader nell\u2019ambito del food.<\/span><\/p>\n<p>&nbsp;<\/p>\n<p>Redazione<\/p>\n","protected":false},"excerpt":{"rendered":"<div class=\"mh-excerpt\"><p>Violette Sauvage il 28 e il 29 ottobre 2917 alla Coffee house di Palazzo Colonna, un\u2019occasione per tutti gli appassionati di moda di poter fare degli acquisti di abiti di marca\u00a0ad un prezzo inferiore rispetto <a class=\"mh-excerpt-more\" href=\"https:\/\/www.romaoggi.eu\/index.php\/2017\/10\/22\/violette-sauvage-palazzo-colonna\/\" title=\"Violette Sauvage il 28-29 ottobre alla Coffee House di Palazzo Colonna\">[&#8230;]<\/a><\/p>\n<\/div>","protected":false},"author":3,"featured_media":11029,"comment_status":"open","ping_status":"open","sticky":false,"template":"","format":"standard","meta":{"_sitemap_exclude":false,"_sitemap_priority":"","_sitemap_frequency":"","footnotes":""},"categories":[7204],"tags":[8009,672,635,788,201,3341,8011,8008,8007,8010,8012,8006],"class_list":["post-11026","post","type-post","status-publish","format-standard","has-post-thumbnail","hentry","category-curiosita","tag-abiti","tag-fashion","tag-food","tag-marche","tag-moda","tag-palazzo-colonna","tag-riciclo","tag-rino-coletti","tag-verde-pistacchio","tag-vide-dressing","tag-videdressing","tag-violette-sauvage"],"yoast_head":"<!-- This site is optimized with the Yoast SEO plugin v27.5 - https:\/\/yoast.com\/product\/yoast-seo-wordpress\/ -->\n<title>Violette Sauvage il 28-29 ottobre alla Coffee House di Palazzo Colonna<\/title>\n<meta name=\"description\" content=\"Violette Sauvage il 28-29 ottobre alla Coffee house di Palazzo Colonna, un\u2019occasione di fare acquisti di abiti di marca ad un notevole prezzo inferiore\" \/>\n<meta name=\"robots\" content=\"index, follow, max-snippet:-1, max-image-preview:large, max-video-preview:-1\" \/>\n<link rel=\"canonical\" href=\"https:\/\/www.romaoggi.eu\/index.php\/2017\/10\/22\/violette-sauvage-palazzo-colonna\/\" \/>\n<meta property=\"og:locale\" content=\"it_IT\" \/>\n<meta property=\"og:type\" content=\"article\" \/>\n<meta property=\"og:title\" content=\"Violette Sauvage il 28-29 ottobre alla Coffee House di Palazzo Colonna\" \/>\n<meta property=\"og:description\" content=\"Violette Sauvage il 28-29 ottobre alla Coffee house di Palazzo Colonna, un\u2019occasione di fare acquisti di abiti di marca ad un notevole prezzo inferiore\" \/>\n<meta property=\"og:url\" content=\"https:\/\/www.romaoggi.eu\/index.php\/2017\/10\/22\/violette-sauvage-palazzo-colonna\/\" \/>\n<meta property=\"og:site_name\" content=\"roma oggi\" \/>\n<meta property=\"article:publisher\" content=\"https:\/\/www.facebook.com\/RomaOggi-841544845954114\" \/>\n<meta property=\"article:published_time\" content=\"2017-10-22T14:23:02+00:00\" \/>\n<meta property=\"og:image\" content=\"https:\/\/www.romaoggi.eu\/wp-content\/uploads\/2017\/10\/violette-4.jpg\" \/>\n\t<meta property=\"og:image:width\" content=\"2048\" \/>\n\t<meta property=\"og:image:height\" content=\"1537\" \/>\n\t<meta property=\"og:image:type\" content=\"image\/jpeg\" \/>\n<meta name=\"author\" content=\"Antonietta Di Vizia\" \/>\n<meta name=\"twitter:card\" content=\"summary_large_image\" \/>\n<meta name=\"twitter:creator\" content=\"@romaoggi_eu\" \/>\n<meta name=\"twitter:site\" content=\"@romaoggi_eu\" \/>\n<meta name=\"twitter:label1\" content=\"Scritto da\" \/>\n\t<meta name=\"twitter:data1\" content=\"Antonietta Di Vizia\" \/>\n\t<meta name=\"twitter:label2\" content=\"Tempo di lettura stimato\" \/>\n\t<meta name=\"twitter:data2\" content=\"2 minuti\" \/>\n<script type=\"application\/ld+json\" class=\"yoast-schema-graph\">{\"@context\":\"https:\\\/\\\/schema.org\",\"@graph\":[{\"@type\":\"Article\",\"@id\":\"https:\\\/\\\/www.romaoggi.eu\\\/index.php\\\/2017\\\/10\\\/22\\\/violette-sauvage-palazzo-colonna\\\/#article\",\"isPartOf\":{\"@id\":\"https:\\\/\\\/www.romaoggi.eu\\\/index.php\\\/2017\\\/10\\\/22\\\/violette-sauvage-palazzo-colonna\\\/\"},\"author\":{\"name\":\"Antonietta Di Vizia\",\"@id\":\"https:\\\/\\\/www.romaoggi.eu\\\/#\\\/schema\\\/person\\\/c8ca1fb64b5506391fff5f822a866c23\"},\"headline\":\"Violette Sauvage il 28-29 ottobre alla Coffee House di Palazzo Colonna\",\"datePublished\":\"2017-10-22T14:23:02+00:00\",\"mainEntityOfPage\":{\"@id\":\"https:\\\/\\\/www.romaoggi.eu\\\/index.php\\\/2017\\\/10\\\/22\\\/violette-sauvage-palazzo-colonna\\\/\"},\"wordCount\":328,\"commentCount\":0,\"publisher\":{\"@id\":\"https:\\\/\\\/www.romaoggi.eu\\\/#organization\"},\"image\":{\"@id\":\"https:\\\/\\\/www.romaoggi.eu\\\/index.php\\\/2017\\\/10\\\/22\\\/violette-sauvage-palazzo-colonna\\\/#primaryimage\"},\"thumbnailUrl\":\"https:\\\/\\\/www.romaoggi.eu\\\/wp-content\\\/uploads\\\/2017\\\/10\\\/violette-4.jpg\",\"keywords\":[\"abiti\",\"fashion\",\"food\",\"marche\",\"moda\",\"Palazzo Colonna\",\"riciclo\",\"rino coletti\",\"verde pistacchio\",\"vide dressing\",\"videdressing\",\"Violette Sauvage\"],\"articleSection\":[\"Curiosit\u00e0\"],\"inLanguage\":\"it-IT\",\"potentialAction\":[{\"@type\":\"CommentAction\",\"name\":\"Comment\",\"target\":[\"https:\\\/\\\/www.romaoggi.eu\\\/index.php\\\/2017\\\/10\\\/22\\\/violette-sauvage-palazzo-colonna\\\/#respond\"]}]},{\"@type\":\"WebPage\",\"@id\":\"https:\\\/\\\/www.romaoggi.eu\\\/index.php\\\/2017\\\/10\\\/22\\\/violette-sauvage-palazzo-colonna\\\/\",\"url\":\"https:\\\/\\\/www.romaoggi.eu\\\/index.php\\\/2017\\\/10\\\/22\\\/violette-sauvage-palazzo-colonna\\\/\",\"name\":\"Violette Sauvage il 28-29 ottobre alla Coffee House di Palazzo Colonna\",\"isPartOf\":{\"@id\":\"https:\\\/\\\/www.romaoggi.eu\\\/#website\"},\"primaryImageOfPage\":{\"@id\":\"https:\\\/\\\/www.romaoggi.eu\\\/index.php\\\/2017\\\/10\\\/22\\\/violette-sauvage-palazzo-colonna\\\/#primaryimage\"},\"image\":{\"@id\":\"https:\\\/\\\/www.romaoggi.eu\\\/index.php\\\/2017\\\/10\\\/22\\\/violette-sauvage-palazzo-colonna\\\/#primaryimage\"},\"thumbnailUrl\":\"https:\\\/\\\/www.romaoggi.eu\\\/wp-content\\\/uploads\\\/2017\\\/10\\\/violette-4.jpg\",\"datePublished\":\"2017-10-22T14:23:02+00:00\",\"description\":\"Violette Sauvage il 28-29 ottobre alla Coffee house di Palazzo Colonna, un\u2019occasione di fare acquisti di abiti di marca ad un notevole prezzo inferiore\",\"breadcrumb\":{\"@id\":\"https:\\\/\\\/www.romaoggi.eu\\\/index.php\\\/2017\\\/10\\\/22\\\/violette-sauvage-palazzo-colonna\\\/#breadcrumb\"},\"inLanguage\":\"it-IT\",\"potentialAction\":[{\"@type\":\"ReadAction\",\"target\":[\"https:\\\/\\\/www.romaoggi.eu\\\/index.php\\\/2017\\\/10\\\/22\\\/violette-sauvage-palazzo-colonna\\\/\"]}]},{\"@type\":\"ImageObject\",\"inLanguage\":\"it-IT\",\"@id\":\"https:\\\/\\\/www.romaoggi.eu\\\/index.php\\\/2017\\\/10\\\/22\\\/violette-sauvage-palazzo-colonna\\\/#primaryimage\",\"url\":\"https:\\\/\\\/www.romaoggi.eu\\\/wp-content\\\/uploads\\\/2017\\\/10\\\/violette-4.jpg\",\"contentUrl\":\"https:\\\/\\\/www.romaoggi.eu\\\/wp-content\\\/uploads\\\/2017\\\/10\\\/violette-4.jpg\",\"width\":2048,\"height\":1537,\"caption\":\"alt tag Violette Sauvage,\"},{\"@type\":\"BreadcrumbList\",\"@id\":\"https:\\\/\\\/www.romaoggi.eu\\\/index.php\\\/2017\\\/10\\\/22\\\/violette-sauvage-palazzo-colonna\\\/#breadcrumb\",\"itemListElement\":[{\"@type\":\"ListItem\",\"position\":1,\"name\":\"Home\",\"item\":\"https:\\\/\\\/www.romaoggi.eu\\\/\"},{\"@type\":\"ListItem\",\"position\":2,\"name\":\"Violette Sauvage il 28-29 ottobre alla Coffee House di Palazzo Colonna\"}]},{\"@type\":\"WebSite\",\"@id\":\"https:\\\/\\\/www.romaoggi.eu\\\/#website\",\"url\":\"https:\\\/\\\/www.romaoggi.eu\\\/\",\"name\":\"roma oggi\",\"description\":\"Interesting News for Interesting people\",\"publisher\":{\"@id\":\"https:\\\/\\\/www.romaoggi.eu\\\/#organization\"},\"potentialAction\":[{\"@type\":\"SearchAction\",\"target\":{\"@type\":\"EntryPoint\",\"urlTemplate\":\"https:\\\/\\\/www.romaoggi.eu\\\/?s={search_term_string}\"},\"query-input\":{\"@type\":\"PropertyValueSpecification\",\"valueRequired\":true,\"valueName\":\"search_term_string\"}}],\"inLanguage\":\"it-IT\"},{\"@type\":\"Organization\",\"@id\":\"https:\\\/\\\/www.romaoggi.eu\\\/#organization\",\"name\":\"RomaOggi\",\"url\":\"https:\\\/\\\/www.romaoggi.eu\\\/\",\"logo\":{\"@type\":\"ImageObject\",\"inLanguage\":\"it-IT\",\"@id\":\"https:\\\/\\\/www.romaoggi.eu\\\/#\\\/schema\\\/logo\\\/image\\\/\",\"url\":\"https:\\\/\\\/www.romaoggi.eu\\\/wp-content\\\/uploads\\\/2017\\\/04\\\/logowp.jpg\",\"contentUrl\":\"https:\\\/\\\/www.romaoggi.eu\\\/wp-content\\\/uploads\\\/2017\\\/04\\\/logowp.jpg\",\"width\":300,\"height\":133,\"caption\":\"RomaOggi\"},\"image\":{\"@id\":\"https:\\\/\\\/www.romaoggi.eu\\\/#\\\/schema\\\/logo\\\/image\\\/\"},\"sameAs\":[\"https:\\\/\\\/www.facebook.com\\\/RomaOggi-841544845954114\",\"https:\\\/\\\/x.com\\\/romaoggi_eu\"]},{\"@type\":\"Person\",\"@id\":\"https:\\\/\\\/www.romaoggi.eu\\\/#\\\/schema\\\/person\\\/c8ca1fb64b5506391fff5f822a866c23\",\"name\":\"Antonietta Di Vizia\",\"image\":{\"@type\":\"ImageObject\",\"inLanguage\":\"it-IT\",\"@id\":\"https:\\\/\\\/secure.gravatar.com\\\/avatar\\\/2ad571aa3fbfe3089b06ed5617adf58717b9359c0c97cf9b52804fb2dac293f2?s=96&d=mm&r=g\",\"url\":\"https:\\\/\\\/secure.gravatar.com\\\/avatar\\\/2ad571aa3fbfe3089b06ed5617adf58717b9359c0c97cf9b52804fb2dac293f2?s=96&d=mm&r=g\",\"contentUrl\":\"https:\\\/\\\/secure.gravatar.com\\\/avatar\\\/2ad571aa3fbfe3089b06ed5617adf58717b9359c0c97cf9b52804fb2dac293f2?s=96&d=mm&r=g\",\"caption\":\"Antonietta Di Vizia\"},\"url\":\"https:\\\/\\\/www.romaoggi.eu\\\/index.php\\\/author\\\/antonietta\\\/\"}]}<\/script>\n<!-- \/ Yoast SEO plugin. -->","yoast_head_json":{"title":"Violette Sauvage il 28-29 ottobre alla Coffee House di Palazzo Colonna","description":"Violette Sauvage il 28-29 ottobre alla Coffee house di Palazzo Colonna, un\u2019occasione di fare acquisti di abiti di marca ad un notevole prezzo inferiore","robots":{"index":"index","follow":"follow","max-snippet":"max-snippet:-1","max-image-preview":"max-image-preview:large","max-video-preview":"max-video-preview:-1"},"canonical":"https:\/\/www.romaoggi.eu\/index.php\/2017\/10\/22\/violette-sauvage-palazzo-colonna\/","og_locale":"it_IT","og_type":"article","og_title":"Violette Sauvage il 28-29 ottobre alla Coffee House di Palazzo Colonna","og_description":"Violette Sauvage il 28-29 ottobre alla Coffee house di Palazzo Colonna, un\u2019occasione di fare acquisti di abiti di marca ad un notevole prezzo inferiore","og_url":"https:\/\/www.romaoggi.eu\/index.php\/2017\/10\/22\/violette-sauvage-palazzo-colonna\/","og_site_name":"roma oggi","article_publisher":"https:\/\/www.facebook.com\/RomaOggi-841544845954114","article_published_time":"2017-10-22T14:23:02+00:00","og_image":[{"width":2048,"height":1537,"url":"https:\/\/www.romaoggi.eu\/wp-content\/uploads\/2017\/10\/violette-4.jpg","type":"image\/jpeg"}],"author":"Antonietta Di Vizia","twitter_card":"summary_large_image","twitter_creator":"@romaoggi_eu","twitter_site":"@romaoggi_eu","twitter_misc":{"Scritto da":"Antonietta Di Vizia","Tempo di lettura stimato":"2 minuti"},"schema":{"@context":"https:\/\/schema.org","@graph":[{"@type":"Article","@id":"https:\/\/www.romaoggi.eu\/index.php\/2017\/10\/22\/violette-sauvage-palazzo-colonna\/#article","isPartOf":{"@id":"https:\/\/www.romaoggi.eu\/index.php\/2017\/10\/22\/violette-sauvage-palazzo-colonna\/"},"author":{"name":"Antonietta Di Vizia","@id":"https:\/\/www.romaoggi.eu\/#\/schema\/person\/c8ca1fb64b5506391fff5f822a866c23"},"headline":"Violette Sauvage il 28-29 ottobre alla Coffee House di Palazzo Colonna","datePublished":"2017-10-22T14:23:02+00:00","mainEntityOfPage":{"@id":"https:\/\/www.romaoggi.eu\/index.php\/2017\/10\/22\/violette-sauvage-palazzo-colonna\/"},"wordCount":328,"commentCount":0,"publisher":{"@id":"https:\/\/www.romaoggi.eu\/#organization"},"image":{"@id":"https:\/\/www.romaoggi.eu\/index.php\/2017\/10\/22\/violette-sauvage-palazzo-colonna\/#primaryimage"},"thumbnailUrl":"https:\/\/www.romaoggi.eu\/wp-content\/uploads\/2017\/10\/violette-4.jpg","keywords":["abiti","fashion","food","marche","moda","Palazzo Colonna","riciclo","rino coletti","verde pistacchio","vide dressing","videdressing","Violette Sauvage"],"articleSection":["Curiosit\u00e0"],"inLanguage":"it-IT","potentialAction":[{"@type":"CommentAction","name":"Comment","target":["https:\/\/www.romaoggi.eu\/index.php\/2017\/10\/22\/violette-sauvage-palazzo-colonna\/#respond"]}]},{"@type":"WebPage","@id":"https:\/\/www.romaoggi.eu\/index.php\/2017\/10\/22\/violette-sauvage-palazzo-colonna\/","url":"https:\/\/www.romaoggi.eu\/index.php\/2017\/10\/22\/violette-sauvage-palazzo-colonna\/","name":"Violette Sauvage il 28-29 ottobre alla Coffee House di Palazzo Colonna","isPartOf":{"@id":"https:\/\/www.romaoggi.eu\/#website"},"primaryImageOfPage":{"@id":"https:\/\/www.romaoggi.eu\/index.php\/2017\/10\/22\/violette-sauvage-palazzo-colonna\/#primaryimage"},"image":{"@id":"https:\/\/www.romaoggi.eu\/index.php\/2017\/10\/22\/violette-sauvage-palazzo-colonna\/#primaryimage"},"thumbnailUrl":"https:\/\/www.romaoggi.eu\/wp-content\/uploads\/2017\/10\/violette-4.jpg","datePublished":"2017-10-22T14:23:02+00:00","description":"Violette Sauvage il 28-29 ottobre alla Coffee house di Palazzo Colonna, un\u2019occasione di fare acquisti di abiti di marca ad un notevole prezzo inferiore","breadcrumb":{"@id":"https:\/\/www.romaoggi.eu\/index.php\/2017\/10\/22\/violette-sauvage-palazzo-colonna\/#breadcrumb"},"inLanguage":"it-IT","potentialAction":[{"@type":"ReadAction","target":["https:\/\/www.romaoggi.eu\/index.php\/2017\/10\/22\/violette-sauvage-palazzo-colonna\/"]}]},{"@type":"ImageObject","inLanguage":"it-IT","@id":"https:\/\/www.romaoggi.eu\/index.php\/2017\/10\/22\/violette-sauvage-palazzo-colonna\/#primaryimage","url":"https:\/\/www.romaoggi.eu\/wp-content\/uploads\/2017\/10\/violette-4.jpg","contentUrl":"https:\/\/www.romaoggi.eu\/wp-content\/uploads\/2017\/10\/violette-4.jpg","width":2048,"height":1537,"caption":"alt tag Violette Sauvage,"},{"@type":"BreadcrumbList","@id":"https:\/\/www.romaoggi.eu\/index.php\/2017\/10\/22\/violette-sauvage-palazzo-colonna\/#breadcrumb","itemListElement":[{"@type":"ListItem","position":1,"name":"Home","item":"https:\/\/www.romaoggi.eu\/"},{"@type":"ListItem","position":2,"name":"Violette Sauvage il 28-29 ottobre alla Coffee House di Palazzo Colonna"}]},{"@type":"WebSite","@id":"https:\/\/www.romaoggi.eu\/#website","url":"https:\/\/www.romaoggi.eu\/","name":"roma oggi","description":"Interesting News for Interesting people","publisher":{"@id":"https:\/\/www.romaoggi.eu\/#organization"},"potentialAction":[{"@type":"SearchAction","target":{"@type":"EntryPoint","urlTemplate":"https:\/\/www.romaoggi.eu\/?s={search_term_string}"},"query-input":{"@type":"PropertyValueSpecification","valueRequired":true,"valueName":"search_term_string"}}],"inLanguage":"it-IT"},{"@type":"Organization","@id":"https:\/\/www.romaoggi.eu\/#organization","name":"RomaOggi","url":"https:\/\/www.romaoggi.eu\/","logo":{"@type":"ImageObject","inLanguage":"it-IT","@id":"https:\/\/www.romaoggi.eu\/#\/schema\/logo\/image\/","url":"https:\/\/www.romaoggi.eu\/wp-content\/uploads\/2017\/04\/logowp.jpg","contentUrl":"https:\/\/www.romaoggi.eu\/wp-content\/uploads\/2017\/04\/logowp.jpg","width":300,"height":133,"caption":"RomaOggi"},"image":{"@id":"https:\/\/www.romaoggi.eu\/#\/schema\/logo\/image\/"},"sameAs":["https:\/\/www.facebook.com\/RomaOggi-841544845954114","https:\/\/x.com\/romaoggi_eu"]},{"@type":"Person","@id":"https:\/\/www.romaoggi.eu\/#\/schema\/person\/c8ca1fb64b5506391fff5f822a866c23","name":"Antonietta Di Vizia","image":{"@type":"ImageObject","inLanguage":"it-IT","@id":"https:\/\/secure.gravatar.com\/avatar\/2ad571aa3fbfe3089b06ed5617adf58717b9359c0c97cf9b52804fb2dac293f2?s=96&d=mm&r=g","url":"https:\/\/secure.gravatar.com\/avatar\/2ad571aa3fbfe3089b06ed5617adf58717b9359c0c97cf9b52804fb2dac293f2?s=96&d=mm&r=g","contentUrl":"https:\/\/secure.gravatar.com\/avatar\/2ad571aa3fbfe3089b06ed5617adf58717b9359c0c97cf9b52804fb2dac293f2?s=96&d=mm&r=g","caption":"Antonietta Di Vizia"},"url":"https:\/\/www.romaoggi.eu\/index.php\/author\/antonietta\/"}]}},"_links":{"self":[{"href":"https:\/\/www.romaoggi.eu\/index.php\/wp-json\/wp\/v2\/posts\/11026","targetHints":{"allow":["GET"]}}],"collection":[{"href":"https:\/\/www.romaoggi.eu\/index.php\/wp-json\/wp\/v2\/posts"}],"about":[{"href":"https:\/\/www.romaoggi.eu\/index.php\/wp-json\/wp\/v2\/types\/post"}],"author":[{"embeddable":true,"href":"https:\/\/www.romaoggi.eu\/index.php\/wp-json\/wp\/v2\/users\/3"}],"replies":[{"embeddable":true,"href":"https:\/\/www.romaoggi.eu\/index.php\/wp-json\/wp\/v2\/comments?post=11026"}],"version-history":[{"count":5,"href":"https:\/\/www.romaoggi.eu\/index.php\/wp-json\/wp\/v2\/posts\/11026\/revisions"}],"predecessor-version":[{"id":11034,"href":"https:\/\/www.romaoggi.eu\/index.php\/wp-json\/wp\/v2\/posts\/11026\/revisions\/11034"}],"wp:featuredmedia":[{"embeddable":true,"href":"https:\/\/www.romaoggi.eu\/index.php\/wp-json\/wp\/v2\/media\/11029"}],"wp:attachment":[{"href":"https:\/\/www.romaoggi.eu\/index.php\/wp-json\/wp\/v2\/media?parent=11026"}],"wp:term":[{"taxonomy":"category","embeddable":true,"href":"https:\/\/www.romaoggi.eu\/index.php\/wp-json\/wp\/v2\/categories?post=11026"},{"taxonomy":"post_tag","embeddable":true,"href":"https:\/\/www.romaoggi.eu\/index.php\/wp-json\/wp\/v2\/tags?post=11026"}],"curies":[{"name":"wp","href":"https:\/\/api.w.org\/{rel}","templated":true}]}}