{"id":1110,"date":"2016-03-05T15:28:01","date_gmt":"2016-03-05T14:28:01","guid":{"rendered":"http:\/\/www.romaoggi.eu\/?p=1110"},"modified":"2016-03-05T15:28:01","modified_gmt":"2016-03-05T14:28:01","slug":"per-davide-reinecke-e-antony-di-francesco-in-delirio-le-ragazze-al-gosh","status":"publish","type":"post","link":"https:\/\/www.romaoggi.eu\/index.php\/2016\/03\/05\/per-davide-reinecke-e-antony-di-francesco-in-delirio-le-ragazze-al-gosh\/","title":{"rendered":"Per Davide Reinecke e Antony di Francesco in delirio le ragazze al &#8220;Gosh&#8221;"},"content":{"rendered":"<h2>Youtubers famosi\u00a0<strong>Davide Reinecke <\/strong>e<strong> Antony di Francesco <\/strong>al &#8220;Gosh&#8221;<\/h2>\n<p style=\"text-align: justify;\">Centinaia di teenagers sono accorse al <strong>&#8220;Gosh&#8221;<\/strong>, venerd\u00ec 4 Marzo 2016, in occasione dell&#8217;appuntamento con <strong>Davide Reinecke <\/strong>e<strong> Antony di Francesco<\/strong>, due tra i pi\u00f9 famosi youtubers. Il Gosh, locale situato nei pressi di\u00a0<em>Ostia<\/em> Antica, in Via Felice Caronni 79, ha ospitato diversi eventi molto <em>trendy<\/em> come il <strong>Gosh Web Tour<\/strong>, un tour dove i protagonisti sono stati le nuove \u201cstar\u201d del web: gli youtubers . Tra questi giovani artisti molto attesi: Antony Di Francesco e Davide Reinecke, che proprio il 4 Marzo hanno fatto arrivare da tutta Italia i loro fans, entusiasti di vederli, abbracciarli e porre loro diverse domande. Grazie a questo incontro l&#8217;inviata di<strong> RomaOggi,<\/strong> <strong>Clarissa Galassi<\/strong>, ha intervistato <strong>Davide Reinecke,<\/strong> un giovane youtuber italo-americano di 19 anni. Davide Reinecke ha cominciato la sua \u201ccarriera\u201d girando mini video con il suo cellulare proseguendo poi le riprese con una telecamera professionale. \u00a0Considerato uno youtuber esilarante, dinamico e innovativo, con il suo viso angelico \u00e8 riuscito a rappresentare al meglio \u00a0le problematiche dei ragazzi d\u2019oggi: il loro rapporto con i genitori, con la scuola e con il mondo del web.<\/p>\n<div style=\"text-align: justify;\"><\/div>\n<div style=\"text-align: justify;\">\n<figure id=\"attachment_1122\" aria-describedby=\"caption-attachment-1122\" style=\"width: 403px\" class=\"wp-caption alignright\"><img loading=\"lazy\" decoding=\"async\" class=\" wp-image-1122\" src=\"https:\/\/www.romaoggi.eu\/wp-content\/uploads\/2016\/03\/IMG_5101-300x225.jpg\" alt=\" Davide Reinecke\" width=\"403\" height=\"302\" srcset=\"https:\/\/www.romaoggi.eu\/wp-content\/uploads\/2016\/03\/IMG_5101-300x225.jpg 300w, https:\/\/www.romaoggi.eu\/wp-content\/uploads\/2016\/03\/IMG_5101-1024x768.jpg 1024w, https:\/\/www.romaoggi.eu\/wp-content\/uploads\/2016\/03\/IMG_5101-326x245.jpg 326w, https:\/\/www.romaoggi.eu\/wp-content\/uploads\/2016\/03\/IMG_5101-80x60.jpg 80w\" sizes=\"auto, (max-width: 403px) 100vw, 403px\" \/><figcaption id=\"caption-attachment-1122\" class=\"wp-caption-text\">Davide Reinecke<\/figcaption><\/figure>\n<\/div>\n<div style=\"text-align: justify;\">A <strong>Davide Reinecke,<\/strong>\u00a0ha chiesto: <strong>Dove nasce la tua passione di\u00a0fare video?<\/strong><\/div>\n<div style=\"text-align: justify;\">\u201c<em>Circa 3 anni fa ho deciso di fare un Harlem Shake nella palestra della mia squadra di basket. Quel video ha avuto molto successo in Toscana e poi in tutta Italia, soprattutto perch\u00e9 ero uno dei primi a farlo. Da quel momento, sotto suggerimento di un mio amico, ho deciso di aprire una pagina su Facebook e un canale YouTube<\/em>.\u201d<\/div>\n<div style=\"text-align: justify;\"><strong>\u00c8 la prima volta che sei protagonista di un evento a Roma?<\/strong><\/div>\n<div style=\"text-align: justify;\">\u201c<em>No, \u00e8 la seconda volta che faccio un evento a Roma. L\u2019ultima volta nella capitale \u00e8 stata circa un anno fa, in una discoteca. L\u2019ambiente \u00e8 totalmente diverso, naturalmente in un locale come il Gosh hai modo di interagire di pi\u00f9 con i fans<\/em>.\u201d<\/div>\n<div style=\"text-align: justify;\"><strong>Quali sono i tuoi progetti futuri? Anche tu, come molti altri youtubers vorresti diventare un attore?<\/strong><\/div>\n<div style=\"text-align: justify;\">\u201cO<em>ra come ora non ho progetti ben precisi. Faccio video solamente per passione, non considero fare lo youtubers un lavoro, di conseguenza diventare attore non \u00e8 il mio principale obiettivo. Non nego che non mi piacerebbe diventarlo ma voglio anche concentrarmi nello studio, infatti fra due anni \u00a0mi trasferir\u00f2 in America per frequentare l\u2019universit\u00e0<\/em>.\u201d<\/div>\n<div style=\"text-align: justify;\"><strong>Cosa vorresti dire ai fan che sono venuti fin qui per te? E cosa a chi ti segue ma per motivi di distanza non \u00e8 riuscito a venire?\u00a0<\/strong><\/div>\n<div style=\"text-align: justify;\">\u201c<em>Vorrei ringraziare di cuore tutti, sia chi proviene da Roma ma soprattutto chi \u00e8 venuto da regioni pi\u00f9 lontane come la Puglia ad esempio. Essere qui per me \u00e8 molto emozionante, pensare che dei ragazzi si siano fatti chilometri di viaggio per vedermi mi fa affezionare ancora di pi\u00f9 a loro.\u00a0Per coloro che non sono riusciti a venire , sono sicuro che ci saranno altri eventi e altre occasioni per incontrarci<\/em>.\u201d<\/div>\n<div style=\"text-align: justify;\"><\/div>\n<div style=\"text-align: justify;\">Un bel incontro quello al &#8220;Gosh&#8221;, che speriamo si ripeta presto, visto il successo e il clamore suscitato fuori e nella rete.<\/div>\n<div><\/div>\n<div>Intervista di Clarissa Galassi<\/div>\n<div>\n<figure id=\"attachment_1123\" aria-describedby=\"caption-attachment-1123\" style=\"width: 1024px\" class=\"wp-caption aligncenter\"><img loading=\"lazy\" decoding=\"async\" class=\"wp-image-1123 size-large\" src=\"https:\/\/www.romaoggi.eu\/wp-content\/uploads\/2016\/03\/IMG_5110-1024x768.jpg\" alt=\"Davide Reinecke e Antony di Francesco al &quot;Gosh&quot;\" width=\"1024\" height=\"768\" srcset=\"https:\/\/www.romaoggi.eu\/wp-content\/uploads\/2016\/03\/IMG_5110-1024x768.jpg 1024w, https:\/\/www.romaoggi.eu\/wp-content\/uploads\/2016\/03\/IMG_5110-300x225.jpg 300w, https:\/\/www.romaoggi.eu\/wp-content\/uploads\/2016\/03\/IMG_5110-326x245.jpg 326w, https:\/\/www.romaoggi.eu\/wp-content\/uploads\/2016\/03\/IMG_5110-80x60.jpg 80w\" sizes=\"auto, (max-width: 1024px) 100vw, 1024px\" \/><figcaption id=\"caption-attachment-1123\" class=\"wp-caption-text\">Davide Reinecke e Antony di Francesco al &#8220;Gosh&#8221;<\/figcaption><\/figure>\n<\/div>\n","protected":false},"excerpt":{"rendered":"<div class=\"mh-excerpt\"><p>Youtubers famosi\u00a0Davide Reinecke e Antony di Francesco al &#8220;Gosh&#8221; Centinaia di teenagers sono accorse al &#8220;Gosh&#8221;, venerd\u00ec 4 Marzo 2016, in occasione dell&#8217;appuntamento con Davide Reinecke e Antony di Francesco, due tra i pi\u00f9 famosi <a class=\"mh-excerpt-more\" href=\"https:\/\/www.romaoggi.eu\/index.php\/2016\/03\/05\/per-davide-reinecke-e-antony-di-francesco-in-delirio-le-ragazze-al-gosh\/\" title=\"Per Davide Reinecke e Antony di Francesco in delirio le ragazze al &#8220;Gosh&#8221;\">[&#8230;]<\/a><\/p>\n<\/div>","protected":false},"author":3,"featured_media":1121,"comment_status":"open","ping_status":"open","sticky":false,"template":"","format":"standard","meta":{"_sitemap_exclude":false,"_sitemap_priority":"","_sitemap_frequency":"","footnotes":""},"categories":[3],"tags":[720,934,721,722,288,933,931,936,927,929,928,938,719,937,109,932,935,926],"class_list":["post-1110","post","type-post","status-publish","format-standard","has-post-thumbnail","hentry","category-eventi","tag-antony-di-francesco","tag-canale-youtube","tag-clarissa-galassi","tag-davide-reinecke","tag-evento","tag-facebook","tag-fans","tag-giovani","tag-gosh","tag-gosh-web-tour","tag-harlem-shake","tag-idoli-teenagers","tag-ostia","tag-ragazze","tag-roma","tag-teenagers","tag-trendy","tag-youtubers"],"yoast_head":"<!-- This site is optimized with the Yoast SEO plugin v27.5 - https:\/\/yoast.com\/product\/yoast-seo-wordpress\/ -->\n<title>Davide Reinecke e Antony Di Francesco al Gosh di Ostia<\/title>\n<meta name=\"description\" content=\"Centinaia di teenagers al &quot;Gosh&quot;, venerd\u00ec 4 Marzo 2016, per incontrare Davide Reinecke e Antony di Francesco, due tra i pi\u00f9 famosi youtubers della rete.\" \/>\n<meta name=\"robots\" content=\"index, follow, max-snippet:-1, max-image-preview:large, max-video-preview:-1\" \/>\n<link rel=\"canonical\" href=\"https:\/\/www.romaoggi.eu\/index.php\/2016\/03\/05\/per-davide-reinecke-e-antony-di-francesco-in-delirio-le-ragazze-al-gosh\/\" \/>\n<meta property=\"og:locale\" content=\"it_IT\" \/>\n<meta property=\"og:type\" content=\"article\" \/>\n<meta property=\"og:title\" content=\"Davide Reinecke e Antony Di Francesco al Gosh di Ostia\" \/>\n<meta property=\"og:description\" content=\"Centinaia di teenagers al &quot;Gosh&quot;, venerd\u00ec 4 Marzo 2016, per incontrare Davide Reinecke e Antony di Francesco, due tra i pi\u00f9 famosi youtubers della rete.\" \/>\n<meta property=\"og:url\" content=\"https:\/\/www.romaoggi.eu\/index.php\/2016\/03\/05\/per-davide-reinecke-e-antony-di-francesco-in-delirio-le-ragazze-al-gosh\/\" \/>\n<meta property=\"og:site_name\" content=\"roma oggi\" \/>\n<meta property=\"article:publisher\" content=\"https:\/\/www.facebook.com\/RomaOggi-841544845954114\" \/>\n<meta property=\"article:published_time\" content=\"2016-03-05T14:28:01+00:00\" \/>\n<meta property=\"og:image\" content=\"https:\/\/www.romaoggi.eu\/wp-content\/uploads\/2016\/03\/IMG_5127.jpg\" \/>\n\t<meta property=\"og:image:width\" content=\"960\" \/>\n\t<meta property=\"og:image:height\" content=\"960\" \/>\n\t<meta property=\"og:image:type\" content=\"image\/jpeg\" \/>\n<meta name=\"author\" content=\"Antonietta Di Vizia\" \/>\n<meta name=\"twitter:card\" content=\"summary_large_image\" \/>\n<meta name=\"twitter:creator\" content=\"@romaoggi_eu\" \/>\n<meta name=\"twitter:site\" content=\"@romaoggi_eu\" \/>\n<meta name=\"twitter:label1\" content=\"Scritto da\" \/>\n\t<meta name=\"twitter:data1\" content=\"Antonietta Di Vizia\" \/>\n\t<meta name=\"twitter:label2\" content=\"Tempo di lettura stimato\" \/>\n\t<meta name=\"twitter:data2\" content=\"3 minuti\" \/>\n<script type=\"application\/ld+json\" class=\"yoast-schema-graph\">{\"@context\":\"https:\\\/\\\/schema.org\",\"@graph\":[{\"@type\":\"Article\",\"@id\":\"https:\\\/\\\/www.romaoggi.eu\\\/index.php\\\/2016\\\/03\\\/05\\\/per-davide-reinecke-e-antony-di-francesco-in-delirio-le-ragazze-al-gosh\\\/#article\",\"isPartOf\":{\"@id\":\"https:\\\/\\\/www.romaoggi.eu\\\/index.php\\\/2016\\\/03\\\/05\\\/per-davide-reinecke-e-antony-di-francesco-in-delirio-le-ragazze-al-gosh\\\/\"},\"author\":{\"name\":\"Antonietta Di Vizia\",\"@id\":\"https:\\\/\\\/www.romaoggi.eu\\\/#\\\/schema\\\/person\\\/c8ca1fb64b5506391fff5f822a866c23\"},\"headline\":\"Per Davide Reinecke e Antony di Francesco in delirio le ragazze al &#8220;Gosh&#8221;\",\"datePublished\":\"2016-03-05T14:28:01+00:00\",\"mainEntityOfPage\":{\"@id\":\"https:\\\/\\\/www.romaoggi.eu\\\/index.php\\\/2016\\\/03\\\/05\\\/per-davide-reinecke-e-antony-di-francesco-in-delirio-le-ragazze-al-gosh\\\/\"},\"wordCount\":543,\"commentCount\":0,\"publisher\":{\"@id\":\"https:\\\/\\\/www.romaoggi.eu\\\/#organization\"},\"image\":{\"@id\":\"https:\\\/\\\/www.romaoggi.eu\\\/index.php\\\/2016\\\/03\\\/05\\\/per-davide-reinecke-e-antony-di-francesco-in-delirio-le-ragazze-al-gosh\\\/#primaryimage\"},\"thumbnailUrl\":\"https:\\\/\\\/www.romaoggi.eu\\\/wp-content\\\/uploads\\\/2016\\\/03\\\/IMG_5127.jpg\",\"keywords\":[\"antony di francesco\",\"canale youtube\",\"Clarissa Galassi\",\"Davide Reinecke\",\"evento\",\"facebook\",\"fans\",\"giovani\",\"gosh\",\"gosh web tour\",\"Harlem Shake\",\"idoli teenagers\",\"ostia\",\"ragazze\",\"roma\",\"teenagers\",\"trendy\",\"youtubers\"],\"articleSection\":[\"Eventi\"],\"inLanguage\":\"it-IT\",\"potentialAction\":[{\"@type\":\"CommentAction\",\"name\":\"Comment\",\"target\":[\"https:\\\/\\\/www.romaoggi.eu\\\/index.php\\\/2016\\\/03\\\/05\\\/per-davide-reinecke-e-antony-di-francesco-in-delirio-le-ragazze-al-gosh\\\/#respond\"]}]},{\"@type\":\"WebPage\",\"@id\":\"https:\\\/\\\/www.romaoggi.eu\\\/index.php\\\/2016\\\/03\\\/05\\\/per-davide-reinecke-e-antony-di-francesco-in-delirio-le-ragazze-al-gosh\\\/\",\"url\":\"https:\\\/\\\/www.romaoggi.eu\\\/index.php\\\/2016\\\/03\\\/05\\\/per-davide-reinecke-e-antony-di-francesco-in-delirio-le-ragazze-al-gosh\\\/\",\"name\":\"Davide Reinecke e Antony Di Francesco al Gosh di Ostia\",\"isPartOf\":{\"@id\":\"https:\\\/\\\/www.romaoggi.eu\\\/#website\"},\"primaryImageOfPage\":{\"@id\":\"https:\\\/\\\/www.romaoggi.eu\\\/index.php\\\/2016\\\/03\\\/05\\\/per-davide-reinecke-e-antony-di-francesco-in-delirio-le-ragazze-al-gosh\\\/#primaryimage\"},\"image\":{\"@id\":\"https:\\\/\\\/www.romaoggi.eu\\\/index.php\\\/2016\\\/03\\\/05\\\/per-davide-reinecke-e-antony-di-francesco-in-delirio-le-ragazze-al-gosh\\\/#primaryimage\"},\"thumbnailUrl\":\"https:\\\/\\\/www.romaoggi.eu\\\/wp-content\\\/uploads\\\/2016\\\/03\\\/IMG_5127.jpg\",\"datePublished\":\"2016-03-05T14:28:01+00:00\",\"description\":\"Centinaia di teenagers al \\\"Gosh\\\", venerd\u00ec 4 Marzo 2016, per incontrare Davide Reinecke e Antony di Francesco, due tra i pi\u00f9 famosi youtubers della rete.\",\"breadcrumb\":{\"@id\":\"https:\\\/\\\/www.romaoggi.eu\\\/index.php\\\/2016\\\/03\\\/05\\\/per-davide-reinecke-e-antony-di-francesco-in-delirio-le-ragazze-al-gosh\\\/#breadcrumb\"},\"inLanguage\":\"it-IT\",\"potentialAction\":[{\"@type\":\"ReadAction\",\"target\":[\"https:\\\/\\\/www.romaoggi.eu\\\/index.php\\\/2016\\\/03\\\/05\\\/per-davide-reinecke-e-antony-di-francesco-in-delirio-le-ragazze-al-gosh\\\/\"]}]},{\"@type\":\"ImageObject\",\"inLanguage\":\"it-IT\",\"@id\":\"https:\\\/\\\/www.romaoggi.eu\\\/index.php\\\/2016\\\/03\\\/05\\\/per-davide-reinecke-e-antony-di-francesco-in-delirio-le-ragazze-al-gosh\\\/#primaryimage\",\"url\":\"https:\\\/\\\/www.romaoggi.eu\\\/wp-content\\\/uploads\\\/2016\\\/03\\\/IMG_5127.jpg\",\"contentUrl\":\"https:\\\/\\\/www.romaoggi.eu\\\/wp-content\\\/uploads\\\/2016\\\/03\\\/IMG_5127.jpg\",\"width\":960,\"height\":960,\"caption\":\"Davide Reinecke e Antony di Francesco al \\\"Gosh\\\"\"},{\"@type\":\"BreadcrumbList\",\"@id\":\"https:\\\/\\\/www.romaoggi.eu\\\/index.php\\\/2016\\\/03\\\/05\\\/per-davide-reinecke-e-antony-di-francesco-in-delirio-le-ragazze-al-gosh\\\/#breadcrumb\",\"itemListElement\":[{\"@type\":\"ListItem\",\"position\":1,\"name\":\"Home\",\"item\":\"https:\\\/\\\/www.romaoggi.eu\\\/\"},{\"@type\":\"ListItem\",\"position\":2,\"name\":\"Per Davide Reinecke e Antony di Francesco in delirio le ragazze al &#8220;Gosh&#8221;\"}]},{\"@type\":\"WebSite\",\"@id\":\"https:\\\/\\\/www.romaoggi.eu\\\/#website\",\"url\":\"https:\\\/\\\/www.romaoggi.eu\\\/\",\"name\":\"roma oggi\",\"description\":\"Interesting News for Interesting people\",\"publisher\":{\"@id\":\"https:\\\/\\\/www.romaoggi.eu\\\/#organization\"},\"potentialAction\":[{\"@type\":\"SearchAction\",\"target\":{\"@type\":\"EntryPoint\",\"urlTemplate\":\"https:\\\/\\\/www.romaoggi.eu\\\/?s={search_term_string}\"},\"query-input\":{\"@type\":\"PropertyValueSpecification\",\"valueRequired\":true,\"valueName\":\"search_term_string\"}}],\"inLanguage\":\"it-IT\"},{\"@type\":\"Organization\",\"@id\":\"https:\\\/\\\/www.romaoggi.eu\\\/#organization\",\"name\":\"RomaOggi\",\"url\":\"https:\\\/\\\/www.romaoggi.eu\\\/\",\"logo\":{\"@type\":\"ImageObject\",\"inLanguage\":\"it-IT\",\"@id\":\"https:\\\/\\\/www.romaoggi.eu\\\/#\\\/schema\\\/logo\\\/image\\\/\",\"url\":\"https:\\\/\\\/www.romaoggi.eu\\\/wp-content\\\/uploads\\\/2017\\\/04\\\/logowp.jpg\",\"contentUrl\":\"https:\\\/\\\/www.romaoggi.eu\\\/wp-content\\\/uploads\\\/2017\\\/04\\\/logowp.jpg\",\"width\":300,\"height\":133,\"caption\":\"RomaOggi\"},\"image\":{\"@id\":\"https:\\\/\\\/www.romaoggi.eu\\\/#\\\/schema\\\/logo\\\/image\\\/\"},\"sameAs\":[\"https:\\\/\\\/www.facebook.com\\\/RomaOggi-841544845954114\",\"https:\\\/\\\/x.com\\\/romaoggi_eu\"]},{\"@type\":\"Person\",\"@id\":\"https:\\\/\\\/www.romaoggi.eu\\\/#\\\/schema\\\/person\\\/c8ca1fb64b5506391fff5f822a866c23\",\"name\":\"Antonietta Di Vizia\",\"image\":{\"@type\":\"ImageObject\",\"inLanguage\":\"it-IT\",\"@id\":\"https:\\\/\\\/secure.gravatar.com\\\/avatar\\\/2ad571aa3fbfe3089b06ed5617adf58717b9359c0c97cf9b52804fb2dac293f2?s=96&d=mm&r=g\",\"url\":\"https:\\\/\\\/secure.gravatar.com\\\/avatar\\\/2ad571aa3fbfe3089b06ed5617adf58717b9359c0c97cf9b52804fb2dac293f2?s=96&d=mm&r=g\",\"contentUrl\":\"https:\\\/\\\/secure.gravatar.com\\\/avatar\\\/2ad571aa3fbfe3089b06ed5617adf58717b9359c0c97cf9b52804fb2dac293f2?s=96&d=mm&r=g\",\"caption\":\"Antonietta Di Vizia\"},\"url\":\"https:\\\/\\\/www.romaoggi.eu\\\/index.php\\\/author\\\/antonietta\\\/\"}]}<\/script>\n<!-- \/ Yoast SEO plugin. -->","yoast_head_json":{"title":"Davide Reinecke e Antony Di Francesco al Gosh di Ostia","description":"Centinaia di teenagers al \"Gosh\", venerd\u00ec 4 Marzo 2016, per incontrare Davide Reinecke e Antony di Francesco, due tra i pi\u00f9 famosi youtubers della rete.","robots":{"index":"index","follow":"follow","max-snippet":"max-snippet:-1","max-image-preview":"max-image-preview:large","max-video-preview":"max-video-preview:-1"},"canonical":"https:\/\/www.romaoggi.eu\/index.php\/2016\/03\/05\/per-davide-reinecke-e-antony-di-francesco-in-delirio-le-ragazze-al-gosh\/","og_locale":"it_IT","og_type":"article","og_title":"Davide Reinecke e Antony Di Francesco al Gosh di Ostia","og_description":"Centinaia di teenagers al \"Gosh\", venerd\u00ec 4 Marzo 2016, per incontrare Davide Reinecke e Antony di Francesco, due tra i pi\u00f9 famosi youtubers della rete.","og_url":"https:\/\/www.romaoggi.eu\/index.php\/2016\/03\/05\/per-davide-reinecke-e-antony-di-francesco-in-delirio-le-ragazze-al-gosh\/","og_site_name":"roma oggi","article_publisher":"https:\/\/www.facebook.com\/RomaOggi-841544845954114","article_published_time":"2016-03-05T14:28:01+00:00","og_image":[{"width":960,"height":960,"url":"https:\/\/www.romaoggi.eu\/wp-content\/uploads\/2016\/03\/IMG_5127.jpg","type":"image\/jpeg"}],"author":"Antonietta Di Vizia","twitter_card":"summary_large_image","twitter_creator":"@romaoggi_eu","twitter_site":"@romaoggi_eu","twitter_misc":{"Scritto da":"Antonietta Di Vizia","Tempo di lettura stimato":"3 minuti"},"schema":{"@context":"https:\/\/schema.org","@graph":[{"@type":"Article","@id":"https:\/\/www.romaoggi.eu\/index.php\/2016\/03\/05\/per-davide-reinecke-e-antony-di-francesco-in-delirio-le-ragazze-al-gosh\/#article","isPartOf":{"@id":"https:\/\/www.romaoggi.eu\/index.php\/2016\/03\/05\/per-davide-reinecke-e-antony-di-francesco-in-delirio-le-ragazze-al-gosh\/"},"author":{"name":"Antonietta Di Vizia","@id":"https:\/\/www.romaoggi.eu\/#\/schema\/person\/c8ca1fb64b5506391fff5f822a866c23"},"headline":"Per Davide Reinecke e Antony di Francesco in delirio le ragazze al &#8220;Gosh&#8221;","datePublished":"2016-03-05T14:28:01+00:00","mainEntityOfPage":{"@id":"https:\/\/www.romaoggi.eu\/index.php\/2016\/03\/05\/per-davide-reinecke-e-antony-di-francesco-in-delirio-le-ragazze-al-gosh\/"},"wordCount":543,"commentCount":0,"publisher":{"@id":"https:\/\/www.romaoggi.eu\/#organization"},"image":{"@id":"https:\/\/www.romaoggi.eu\/index.php\/2016\/03\/05\/per-davide-reinecke-e-antony-di-francesco-in-delirio-le-ragazze-al-gosh\/#primaryimage"},"thumbnailUrl":"https:\/\/www.romaoggi.eu\/wp-content\/uploads\/2016\/03\/IMG_5127.jpg","keywords":["antony di francesco","canale youtube","Clarissa Galassi","Davide Reinecke","evento","facebook","fans","giovani","gosh","gosh web tour","Harlem Shake","idoli teenagers","ostia","ragazze","roma","teenagers","trendy","youtubers"],"articleSection":["Eventi"],"inLanguage":"it-IT","potentialAction":[{"@type":"CommentAction","name":"Comment","target":["https:\/\/www.romaoggi.eu\/index.php\/2016\/03\/05\/per-davide-reinecke-e-antony-di-francesco-in-delirio-le-ragazze-al-gosh\/#respond"]}]},{"@type":"WebPage","@id":"https:\/\/www.romaoggi.eu\/index.php\/2016\/03\/05\/per-davide-reinecke-e-antony-di-francesco-in-delirio-le-ragazze-al-gosh\/","url":"https:\/\/www.romaoggi.eu\/index.php\/2016\/03\/05\/per-davide-reinecke-e-antony-di-francesco-in-delirio-le-ragazze-al-gosh\/","name":"Davide Reinecke e Antony Di Francesco al Gosh di Ostia","isPartOf":{"@id":"https:\/\/www.romaoggi.eu\/#website"},"primaryImageOfPage":{"@id":"https:\/\/www.romaoggi.eu\/index.php\/2016\/03\/05\/per-davide-reinecke-e-antony-di-francesco-in-delirio-le-ragazze-al-gosh\/#primaryimage"},"image":{"@id":"https:\/\/www.romaoggi.eu\/index.php\/2016\/03\/05\/per-davide-reinecke-e-antony-di-francesco-in-delirio-le-ragazze-al-gosh\/#primaryimage"},"thumbnailUrl":"https:\/\/www.romaoggi.eu\/wp-content\/uploads\/2016\/03\/IMG_5127.jpg","datePublished":"2016-03-05T14:28:01+00:00","description":"Centinaia di teenagers al \"Gosh\", venerd\u00ec 4 Marzo 2016, per incontrare Davide Reinecke e Antony di Francesco, due tra i pi\u00f9 famosi youtubers della rete.","breadcrumb":{"@id":"https:\/\/www.romaoggi.eu\/index.php\/2016\/03\/05\/per-davide-reinecke-e-antony-di-francesco-in-delirio-le-ragazze-al-gosh\/#breadcrumb"},"inLanguage":"it-IT","potentialAction":[{"@type":"ReadAction","target":["https:\/\/www.romaoggi.eu\/index.php\/2016\/03\/05\/per-davide-reinecke-e-antony-di-francesco-in-delirio-le-ragazze-al-gosh\/"]}]},{"@type":"ImageObject","inLanguage":"it-IT","@id":"https:\/\/www.romaoggi.eu\/index.php\/2016\/03\/05\/per-davide-reinecke-e-antony-di-francesco-in-delirio-le-ragazze-al-gosh\/#primaryimage","url":"https:\/\/www.romaoggi.eu\/wp-content\/uploads\/2016\/03\/IMG_5127.jpg","contentUrl":"https:\/\/www.romaoggi.eu\/wp-content\/uploads\/2016\/03\/IMG_5127.jpg","width":960,"height":960,"caption":"Davide Reinecke e Antony di Francesco al \"Gosh\""},{"@type":"BreadcrumbList","@id":"https:\/\/www.romaoggi.eu\/index.php\/2016\/03\/05\/per-davide-reinecke-e-antony-di-francesco-in-delirio-le-ragazze-al-gosh\/#breadcrumb","itemListElement":[{"@type":"ListItem","position":1,"name":"Home","item":"https:\/\/www.romaoggi.eu\/"},{"@type":"ListItem","position":2,"name":"Per Davide Reinecke e Antony di Francesco in delirio le ragazze al &#8220;Gosh&#8221;"}]},{"@type":"WebSite","@id":"https:\/\/www.romaoggi.eu\/#website","url":"https:\/\/www.romaoggi.eu\/","name":"roma oggi","description":"Interesting News for Interesting people","publisher":{"@id":"https:\/\/www.romaoggi.eu\/#organization"},"potentialAction":[{"@type":"SearchAction","target":{"@type":"EntryPoint","urlTemplate":"https:\/\/www.romaoggi.eu\/?s={search_term_string}"},"query-input":{"@type":"PropertyValueSpecification","valueRequired":true,"valueName":"search_term_string"}}],"inLanguage":"it-IT"},{"@type":"Organization","@id":"https:\/\/www.romaoggi.eu\/#organization","name":"RomaOggi","url":"https:\/\/www.romaoggi.eu\/","logo":{"@type":"ImageObject","inLanguage":"it-IT","@id":"https:\/\/www.romaoggi.eu\/#\/schema\/logo\/image\/","url":"https:\/\/www.romaoggi.eu\/wp-content\/uploads\/2017\/04\/logowp.jpg","contentUrl":"https:\/\/www.romaoggi.eu\/wp-content\/uploads\/2017\/04\/logowp.jpg","width":300,"height":133,"caption":"RomaOggi"},"image":{"@id":"https:\/\/www.romaoggi.eu\/#\/schema\/logo\/image\/"},"sameAs":["https:\/\/www.facebook.com\/RomaOggi-841544845954114","https:\/\/x.com\/romaoggi_eu"]},{"@type":"Person","@id":"https:\/\/www.romaoggi.eu\/#\/schema\/person\/c8ca1fb64b5506391fff5f822a866c23","name":"Antonietta Di Vizia","image":{"@type":"ImageObject","inLanguage":"it-IT","@id":"https:\/\/secure.gravatar.com\/avatar\/2ad571aa3fbfe3089b06ed5617adf58717b9359c0c97cf9b52804fb2dac293f2?s=96&d=mm&r=g","url":"https:\/\/secure.gravatar.com\/avatar\/2ad571aa3fbfe3089b06ed5617adf58717b9359c0c97cf9b52804fb2dac293f2?s=96&d=mm&r=g","contentUrl":"https:\/\/secure.gravatar.com\/avatar\/2ad571aa3fbfe3089b06ed5617adf58717b9359c0c97cf9b52804fb2dac293f2?s=96&d=mm&r=g","caption":"Antonietta Di Vizia"},"url":"https:\/\/www.romaoggi.eu\/index.php\/author\/antonietta\/"}]}},"_links":{"self":[{"href":"https:\/\/www.romaoggi.eu\/index.php\/wp-json\/wp\/v2\/posts\/1110","targetHints":{"allow":["GET"]}}],"collection":[{"href":"https:\/\/www.romaoggi.eu\/index.php\/wp-json\/wp\/v2\/posts"}],"about":[{"href":"https:\/\/www.romaoggi.eu\/index.php\/wp-json\/wp\/v2\/types\/post"}],"author":[{"embeddable":true,"href":"https:\/\/www.romaoggi.eu\/index.php\/wp-json\/wp\/v2\/users\/3"}],"replies":[{"embeddable":true,"href":"https:\/\/www.romaoggi.eu\/index.php\/wp-json\/wp\/v2\/comments?post=1110"}],"version-history":[{"count":8,"href":"https:\/\/www.romaoggi.eu\/index.php\/wp-json\/wp\/v2\/posts\/1110\/revisions"}],"predecessor-version":[{"id":1130,"href":"https:\/\/www.romaoggi.eu\/index.php\/wp-json\/wp\/v2\/posts\/1110\/revisions\/1130"}],"wp:featuredmedia":[{"embeddable":true,"href":"https:\/\/www.romaoggi.eu\/index.php\/wp-json\/wp\/v2\/media\/1121"}],"wp:attachment":[{"href":"https:\/\/www.romaoggi.eu\/index.php\/wp-json\/wp\/v2\/media?parent=1110"}],"wp:term":[{"taxonomy":"category","embeddable":true,"href":"https:\/\/www.romaoggi.eu\/index.php\/wp-json\/wp\/v2\/categories?post=1110"},{"taxonomy":"post_tag","embeddable":true,"href":"https:\/\/www.romaoggi.eu\/index.php\/wp-json\/wp\/v2\/tags?post=1110"}],"curies":[{"name":"wp","href":"https:\/\/api.w.org\/{rel}","templated":true}]}}