{"id":11121,"date":"2017-10-27T15:54:59","date_gmt":"2017-10-27T13:54:59","guid":{"rendered":"http:\/\/www.romaoggi.eu\/?p=11121"},"modified":"2017-10-27T16:07:21","modified_gmt":"2017-10-27T14:07:21","slug":"ilbello-ditalia","status":"publish","type":"post","link":"https:\/\/www.romaoggi.eu\/index.php\/2017\/10\/27\/ilbello-ditalia\/","title":{"rendered":"Il + Bello d\u2019Italia: tra premi, arte e borse di studio eletti altri sei giovani"},"content":{"rendered":"<p style=\"text-align: justify;\"><span style=\"font-weight: 400;\"><a href=\"http:\/\/www.ilpiubelloditalia.org\/\"><strong>Il + Bello d\u2019Italia<\/strong><\/a> 2017 e <strong>Ragazza Protagonista<\/strong> hanno fatto tappa il 25 ottobre 2017 a<\/span><span style=\"font-weight: 400;\">l <strong>Porto Expo di Ostia<\/strong>, eletti altri sei tra ragazzi e ragazze\u00a0 che andranno alla passerella per la finale regionale di fine Novembre. Assegnate anche cinque Borse di Studio per l\u2019<strong>Accademia Studio Uno<\/strong>. <\/span><\/p>\n<p style=\"text-align: justify;\"><span style=\"font-weight: 400;\">la tappa de\u00a0<a href=\"https:\/\/www.romaoggi.eu\/index.php\/2017\/10\/03\/antonio-giannantoni\/\"><strong>Il + Bello d\u2019Italia<\/strong><\/a> si \u00e8 svolta all\u2019interno del <strong>Festival delle Arti Porto Expo di Ostia<\/strong>, realizzato da <strong>Acca Edizioni<\/strong> nella direzione artistica del gallerista <strong>Roberto Sparaci,<\/strong> insieme a lui il conduttore radio-televisivo <strong>Anthony Peth.<\/strong><\/span><\/p>\n<figure id=\"attachment_11128\" aria-describedby=\"caption-attachment-11128\" style=\"width: 305px\" class=\"wp-caption alignright\"><img loading=\"lazy\" decoding=\"async\" class=\"wp-image-11128\" src=\"https:\/\/www.romaoggi.eu\/wp-content\/uploads\/2017\/10\/22879042_1552926644730348_2127809592_o-300x199.jpg\" alt=\"alt tag Il + Bello d\u2019Italia\" width=\"305\" height=\"202\" srcset=\"https:\/\/www.romaoggi.eu\/wp-content\/uploads\/2017\/10\/22879042_1552926644730348_2127809592_o-300x199.jpg 300w, https:\/\/www.romaoggi.eu\/wp-content\/uploads\/2017\/10\/22879042_1552926644730348_2127809592_o-1024x680.jpg 1024w, https:\/\/www.romaoggi.eu\/wp-content\/uploads\/2017\/10\/22879042_1552926644730348_2127809592_o.jpg 2048w\" sizes=\"auto, (max-width: 305px) 100vw, 305px\" \/><figcaption id=\"caption-attachment-11128\" class=\"wp-caption-text\">Vincitrice con fascia che andr\u00e0 alla finale nazionale di met\u00e0 Dicembre, \u00e8 <strong>Jamila Metalli<\/strong> (24 anni).<\/figcaption><\/figure>\n<p style=\"text-align: justify;\"><span style=\"font-weight: 400;\">Si arricchisce cos\u00ec di altri sei protagonisti la passerella del concorso di bellezza organizzato dall\u2019Agente per il Lazio <strong>Raoul Morandi<\/strong> e presentato dalla cantautrice italiana <strong>Star Elaiza, sempre incantevole e grintosa con la sua black voice,\u00a0<\/strong>\u00a0che questa volta porter\u00e0 sulla in finale regionale: <strong>Cristian Gasparoni<\/strong> (26 anni) e<strong> Simone Rotilio<\/strong>. Vincitore con fascia che andr\u00e0 alla finale nazionale di met\u00e0 Dicembre \u00e8 <strong>Edoardo Castronovo<\/strong> (17 anni). Per la Ragazza Protagonista passano alla finale regionale di fine Novembre: <strong>Jasmine Metalli<\/strong> (21 anni) e <strong>Giulia Conti<\/strong> (16 anni). Vincitrice con fascia che andr\u00e0 alla finale nazionale di met\u00e0 Dicembre, \u00e8 <strong>Jamila Metalli<\/strong> (24 anni). <\/span><\/p>\n<p style=\"text-align: justify;\"><span style=\"font-weight: 400;\">Durante la serata sono state assegnate anche delle Borse di Studio di tre mesi per l\u2019Accademia Studio Uno di recitazione, portamento, ballo, ect a <strong>Lavinia Pontecorvi<\/strong> e <strong>Gessica Magnante<\/strong> e a <strong>Tommaso Faiola, Mattia Roselli<\/strong> e <strong>Antonio Gianantoni<\/strong>.<\/span><\/p>\n<p style=\"text-align: justify;\"><span style=\"font-weight: 400;\">Una serata di emozioni e riconoscimenti non solo per i giovani protagonisti, ma anche per gli ospiti presenti. Il conduttore radio-televisivo Anthony Peth ha infatti assegnato un Premio speciale all\u2019Eccellenza nel settore dell\u2019informazione alla presidentessa di giuria e giornalista\u00a0<strong>Antonietta Di Vizia<\/strong>, nel settore organizzazione eventi e spettacolo all\u2019Agente Raoul Morandi e al conduttore di Canale Dieci <strong>Carlo Senes<\/strong>. Premi consegnati dal direttore artistico del Festival delle Arti Porto Expo di Ostia Roberto Sparaci, omaggiato a sua volta da una bellissima sciarpa realizzata dal fashion designer <strong>Marco Aurelio Calandra<\/strong>. In giuria anche le bellissime:\u00a0<strong>Elisabetta Viaggi,<\/strong> <strong>Sara Lauricella, Rosa Vadala&#8217;, Elenia Scarsella <\/strong>ed\u00a0<strong>Elody Vegliante.<\/strong><\/span><\/p>\n<figure id=\"attachment_11129\" aria-describedby=\"caption-attachment-11129\" style=\"width: 960px\" class=\"wp-caption aligncenter\"><img loading=\"lazy\" decoding=\"async\" class=\"wp-image-11129 size-full\" src=\"https:\/\/www.romaoggi.eu\/wp-content\/uploads\/2017\/10\/22730227_1552992388057107_1133081443594143493_n.jpg\" alt=\"alt tag Il + Bello d\u2019Italia\" width=\"960\" height=\"784\" srcset=\"https:\/\/www.romaoggi.eu\/wp-content\/uploads\/2017\/10\/22730227_1552992388057107_1133081443594143493_n.jpg 960w, https:\/\/www.romaoggi.eu\/wp-content\/uploads\/2017\/10\/22730227_1552992388057107_1133081443594143493_n-300x245.jpg 300w\" sizes=\"auto, (max-width: 960px) 100vw, 960px\" \/><figcaption id=\"caption-attachment-11129\" class=\"wp-caption-text\">Giuria del concorso Il +bello d&#8217;Italia<\/figcaption><\/figure>\n<p style=\"text-align: justify;\"><span style=\"font-weight: 400;\">Focus dell\u2019evento le tre sfilate: elegante, casual ed una in costume da bagno, soprattutto maschile che ha visto in passerella la capsule collection 2018 \u2018Spirituality\u2019 del fashion designer Marco Aurelio Calandra di t-shirt e sciarpa abbinati su costume beachwear. Ed ancora il momento musicale con l\u2019interpretazione del brano di Mia Martini \u201cGli uomini\u201d nella potente voce di <strong>Silvia Taccini<\/strong> e tanta sensibilizzazione sulle patologie a carico della tiroide con <strong>Barbara Nicastro<\/strong> rappresentante del gruppo <strong>La casa delle farfalle.<\/strong><\/span><\/p>\n<p>\u00a0Redazione<\/p>\n","protected":false},"excerpt":{"rendered":"<div class=\"mh-excerpt\"><p>Il + Bello d\u2019Italia 2017 e Ragazza Protagonista hanno fatto tappa il 25 ottobre 2017 al Porto Expo di Ostia, eletti altri sei tra ragazzi e ragazze\u00a0 che andranno alla passerella per la finale regionale <a class=\"mh-excerpt-more\" href=\"https:\/\/www.romaoggi.eu\/index.php\/2017\/10\/27\/ilbello-ditalia\/\" title=\"Il + Bello d\u2019Italia: tra premi, arte e borse di studio eletti altri sei giovani\">[&#8230;]<\/a><\/p>\n<\/div>","protected":false},"author":3,"featured_media":11127,"comment_status":"open","ping_status":"open","sticky":false,"template":"","format":"standard","meta":{"_sitemap_exclude":false,"_sitemap_priority":"","_sitemap_frequency":"","footnotes":""},"categories":[3],"tags":[7667,7331,8098,3114,8104,8101,8107,8096,8108,8106,8097,8100,7737,8103,719,8109,8110,8099,8105,1570,8102],"class_list":["post-11121","post","type-post","status-publish","format-standard","has-post-thumbnail","hentry","category-eventi","tag-acca-edizioni","tag-anthony-pet","tag-barbara-nicastro","tag-carlo-senes","tag-cristian-gasparoni","tag-gessica-magnante","tag-giulia-conti","tag-il-bello-ditalia","tag-jamila-metalli","tag-jasmine-metalli","tag-la-casa-delle-farfalle","tag-lavinia-pontecorvi","tag-marco-aurelio-calandra","tag-mattia-roselli","tag-ostia","tag-porto-expo","tag-raoul-morandi","tag-silvia-taccini","tag-simone-rotilio","tag-star-elaiza","tag-tommaso-faiola"],"yoast_head":"<!-- This site is optimized with the Yoast SEO plugin v27.5 - https:\/\/yoast.com\/product\/yoast-seo-wordpress\/ -->\n<title>Il + Bello d\u2019Italia: tra premi, arte e borse di studio eletti altri sei giovani<\/title>\n<meta name=\"description\" content=\"Il + Bello d\u2019Italia 2017 e Ragazza Protagonista hanno fatto tappa il 25 ottobre 2017 al Porto Expo di Ostia, eletti altri sei tra ragazzi e ragazze.\" \/>\n<meta name=\"robots\" content=\"index, follow, max-snippet:-1, max-image-preview:large, max-video-preview:-1\" \/>\n<link rel=\"canonical\" href=\"https:\/\/www.romaoggi.eu\/index.php\/2017\/10\/27\/ilbello-ditalia\/\" \/>\n<meta property=\"og:locale\" content=\"it_IT\" \/>\n<meta property=\"og:type\" content=\"article\" \/>\n<meta property=\"og:title\" content=\"Il + Bello d\u2019Italia: tra premi, arte e borse di studio eletti altri sei giovani\" \/>\n<meta property=\"og:description\" content=\"Il + Bello d\u2019Italia 2017 e Ragazza Protagonista hanno fatto tappa il 25 ottobre 2017 al Porto Expo di Ostia, eletti altri sei tra ragazzi e ragazze.\" \/>\n<meta property=\"og:url\" content=\"https:\/\/www.romaoggi.eu\/index.php\/2017\/10\/27\/ilbello-ditalia\/\" \/>\n<meta property=\"og:site_name\" content=\"roma oggi\" \/>\n<meta property=\"article:publisher\" content=\"https:\/\/www.facebook.com\/RomaOggi-841544845954114\" \/>\n<meta property=\"article:published_time\" content=\"2017-10-27T13:54:59+00:00\" \/>\n<meta property=\"article:modified_time\" content=\"2017-10-27T14:07:21+00:00\" \/>\n<meta property=\"og:image\" content=\"https:\/\/www.romaoggi.eu\/wp-content\/uploads\/2017\/10\/22834306_1552929161396763_543394890_n.jpg\" \/>\n\t<meta property=\"og:image:width\" content=\"960\" \/>\n\t<meta property=\"og:image:height\" content=\"660\" \/>\n\t<meta property=\"og:image:type\" content=\"image\/jpeg\" \/>\n<meta name=\"author\" content=\"Antonietta Di Vizia\" \/>\n<meta name=\"twitter:card\" content=\"summary_large_image\" \/>\n<meta name=\"twitter:creator\" content=\"@romaoggi_eu\" \/>\n<meta name=\"twitter:site\" content=\"@romaoggi_eu\" \/>\n<meta name=\"twitter:label1\" content=\"Scritto da\" \/>\n\t<meta name=\"twitter:data1\" content=\"Antonietta Di Vizia\" \/>\n\t<meta name=\"twitter:label2\" content=\"Tempo di lettura stimato\" \/>\n\t<meta name=\"twitter:data2\" content=\"2 minuti\" \/>\n<script type=\"application\/ld+json\" class=\"yoast-schema-graph\">{\"@context\":\"https:\\\/\\\/schema.org\",\"@graph\":[{\"@type\":\"Article\",\"@id\":\"https:\\\/\\\/www.romaoggi.eu\\\/index.php\\\/2017\\\/10\\\/27\\\/ilbello-ditalia\\\/#article\",\"isPartOf\":{\"@id\":\"https:\\\/\\\/www.romaoggi.eu\\\/index.php\\\/2017\\\/10\\\/27\\\/ilbello-ditalia\\\/\"},\"author\":{\"name\":\"Antonietta Di Vizia\",\"@id\":\"https:\\\/\\\/www.romaoggi.eu\\\/#\\\/schema\\\/person\\\/c8ca1fb64b5506391fff5f822a866c23\"},\"headline\":\"Il + Bello d\u2019Italia: tra premi, arte e borse di studio eletti altri sei giovani\",\"datePublished\":\"2017-10-27T13:54:59+00:00\",\"dateModified\":\"2017-10-27T14:07:21+00:00\",\"mainEntityOfPage\":{\"@id\":\"https:\\\/\\\/www.romaoggi.eu\\\/index.php\\\/2017\\\/10\\\/27\\\/ilbello-ditalia\\\/\"},\"wordCount\":459,\"commentCount\":0,\"publisher\":{\"@id\":\"https:\\\/\\\/www.romaoggi.eu\\\/#organization\"},\"image\":{\"@id\":\"https:\\\/\\\/www.romaoggi.eu\\\/index.php\\\/2017\\\/10\\\/27\\\/ilbello-ditalia\\\/#primaryimage\"},\"thumbnailUrl\":\"https:\\\/\\\/www.romaoggi.eu\\\/wp-content\\\/uploads\\\/2017\\\/10\\\/22834306_1552929161396763_543394890_n.jpg\",\"keywords\":[\"acca edizioni\",\"anthony pet\",\"barbara nicastro\",\"Carlo Senes\",\"cristian gasparoni\",\"gessica magnante\",\"giulia conti\",\"Il + Bello d\u2019Italia\",\"jamila metalli\",\"jasmine metalli\",\"la casa delle farfalle\",\"lavinia pontecorvi\",\"marco aurelio calandra\",\"mattia roselli\",\"ostia\",\"porto expo\",\"raoul morandi\",\"silvia taccini\",\"simone rotilio\",\"Star Elaiza\",\"tommaso faiola\"],\"articleSection\":[\"Eventi\"],\"inLanguage\":\"it-IT\",\"potentialAction\":[{\"@type\":\"CommentAction\",\"name\":\"Comment\",\"target\":[\"https:\\\/\\\/www.romaoggi.eu\\\/index.php\\\/2017\\\/10\\\/27\\\/ilbello-ditalia\\\/#respond\"]}]},{\"@type\":\"WebPage\",\"@id\":\"https:\\\/\\\/www.romaoggi.eu\\\/index.php\\\/2017\\\/10\\\/27\\\/ilbello-ditalia\\\/\",\"url\":\"https:\\\/\\\/www.romaoggi.eu\\\/index.php\\\/2017\\\/10\\\/27\\\/ilbello-ditalia\\\/\",\"name\":\"Il + Bello d\u2019Italia: tra premi, arte e borse di studio eletti altri sei giovani\",\"isPartOf\":{\"@id\":\"https:\\\/\\\/www.romaoggi.eu\\\/#website\"},\"primaryImageOfPage\":{\"@id\":\"https:\\\/\\\/www.romaoggi.eu\\\/index.php\\\/2017\\\/10\\\/27\\\/ilbello-ditalia\\\/#primaryimage\"},\"image\":{\"@id\":\"https:\\\/\\\/www.romaoggi.eu\\\/index.php\\\/2017\\\/10\\\/27\\\/ilbello-ditalia\\\/#primaryimage\"},\"thumbnailUrl\":\"https:\\\/\\\/www.romaoggi.eu\\\/wp-content\\\/uploads\\\/2017\\\/10\\\/22834306_1552929161396763_543394890_n.jpg\",\"datePublished\":\"2017-10-27T13:54:59+00:00\",\"dateModified\":\"2017-10-27T14:07:21+00:00\",\"description\":\"Il + Bello d\u2019Italia 2017 e Ragazza Protagonista hanno fatto tappa il 25 ottobre 2017 al Porto Expo di Ostia, eletti altri sei tra ragazzi e ragazze.\",\"breadcrumb\":{\"@id\":\"https:\\\/\\\/www.romaoggi.eu\\\/index.php\\\/2017\\\/10\\\/27\\\/ilbello-ditalia\\\/#breadcrumb\"},\"inLanguage\":\"it-IT\",\"potentialAction\":[{\"@type\":\"ReadAction\",\"target\":[\"https:\\\/\\\/www.romaoggi.eu\\\/index.php\\\/2017\\\/10\\\/27\\\/ilbello-ditalia\\\/\"]}]},{\"@type\":\"ImageObject\",\"inLanguage\":\"it-IT\",\"@id\":\"https:\\\/\\\/www.romaoggi.eu\\\/index.php\\\/2017\\\/10\\\/27\\\/ilbello-ditalia\\\/#primaryimage\",\"url\":\"https:\\\/\\\/www.romaoggi.eu\\\/wp-content\\\/uploads\\\/2017\\\/10\\\/22834306_1552929161396763_543394890_n.jpg\",\"contentUrl\":\"https:\\\/\\\/www.romaoggi.eu\\\/wp-content\\\/uploads\\\/2017\\\/10\\\/22834306_1552929161396763_543394890_n.jpg\",\"width\":960,\"height\":660,\"caption\":\"Cristian Gasparoni (26 anni) e Simone Rotilio. Vincitore con fascia che andr\u00e0 alla finale nazionale di met\u00e0 Dicembre \u00e8 Edoardo Castronovo (17 anni).\"},{\"@type\":\"BreadcrumbList\",\"@id\":\"https:\\\/\\\/www.romaoggi.eu\\\/index.php\\\/2017\\\/10\\\/27\\\/ilbello-ditalia\\\/#breadcrumb\",\"itemListElement\":[{\"@type\":\"ListItem\",\"position\":1,\"name\":\"Home\",\"item\":\"https:\\\/\\\/www.romaoggi.eu\\\/\"},{\"@type\":\"ListItem\",\"position\":2,\"name\":\"Il + Bello d\u2019Italia: tra premi, arte e borse di studio eletti altri sei giovani\"}]},{\"@type\":\"WebSite\",\"@id\":\"https:\\\/\\\/www.romaoggi.eu\\\/#website\",\"url\":\"https:\\\/\\\/www.romaoggi.eu\\\/\",\"name\":\"roma oggi\",\"description\":\"Interesting News for Interesting people\",\"publisher\":{\"@id\":\"https:\\\/\\\/www.romaoggi.eu\\\/#organization\"},\"potentialAction\":[{\"@type\":\"SearchAction\",\"target\":{\"@type\":\"EntryPoint\",\"urlTemplate\":\"https:\\\/\\\/www.romaoggi.eu\\\/?s={search_term_string}\"},\"query-input\":{\"@type\":\"PropertyValueSpecification\",\"valueRequired\":true,\"valueName\":\"search_term_string\"}}],\"inLanguage\":\"it-IT\"},{\"@type\":\"Organization\",\"@id\":\"https:\\\/\\\/www.romaoggi.eu\\\/#organization\",\"name\":\"RomaOggi\",\"url\":\"https:\\\/\\\/www.romaoggi.eu\\\/\",\"logo\":{\"@type\":\"ImageObject\",\"inLanguage\":\"it-IT\",\"@id\":\"https:\\\/\\\/www.romaoggi.eu\\\/#\\\/schema\\\/logo\\\/image\\\/\",\"url\":\"https:\\\/\\\/www.romaoggi.eu\\\/wp-content\\\/uploads\\\/2017\\\/04\\\/logowp.jpg\",\"contentUrl\":\"https:\\\/\\\/www.romaoggi.eu\\\/wp-content\\\/uploads\\\/2017\\\/04\\\/logowp.jpg\",\"width\":300,\"height\":133,\"caption\":\"RomaOggi\"},\"image\":{\"@id\":\"https:\\\/\\\/www.romaoggi.eu\\\/#\\\/schema\\\/logo\\\/image\\\/\"},\"sameAs\":[\"https:\\\/\\\/www.facebook.com\\\/RomaOggi-841544845954114\",\"https:\\\/\\\/x.com\\\/romaoggi_eu\"]},{\"@type\":\"Person\",\"@id\":\"https:\\\/\\\/www.romaoggi.eu\\\/#\\\/schema\\\/person\\\/c8ca1fb64b5506391fff5f822a866c23\",\"name\":\"Antonietta Di Vizia\",\"image\":{\"@type\":\"ImageObject\",\"inLanguage\":\"it-IT\",\"@id\":\"https:\\\/\\\/secure.gravatar.com\\\/avatar\\\/2ad571aa3fbfe3089b06ed5617adf58717b9359c0c97cf9b52804fb2dac293f2?s=96&d=mm&r=g\",\"url\":\"https:\\\/\\\/secure.gravatar.com\\\/avatar\\\/2ad571aa3fbfe3089b06ed5617adf58717b9359c0c97cf9b52804fb2dac293f2?s=96&d=mm&r=g\",\"contentUrl\":\"https:\\\/\\\/secure.gravatar.com\\\/avatar\\\/2ad571aa3fbfe3089b06ed5617adf58717b9359c0c97cf9b52804fb2dac293f2?s=96&d=mm&r=g\",\"caption\":\"Antonietta Di Vizia\"},\"url\":\"https:\\\/\\\/www.romaoggi.eu\\\/index.php\\\/author\\\/antonietta\\\/\"}]}<\/script>\n<!-- \/ Yoast SEO plugin. -->","yoast_head_json":{"title":"Il + Bello d\u2019Italia: tra premi, arte e borse di studio eletti altri sei giovani","description":"Il + Bello d\u2019Italia 2017 e Ragazza Protagonista hanno fatto tappa il 25 ottobre 2017 al Porto Expo di Ostia, eletti altri sei tra ragazzi e ragazze.","robots":{"index":"index","follow":"follow","max-snippet":"max-snippet:-1","max-image-preview":"max-image-preview:large","max-video-preview":"max-video-preview:-1"},"canonical":"https:\/\/www.romaoggi.eu\/index.php\/2017\/10\/27\/ilbello-ditalia\/","og_locale":"it_IT","og_type":"article","og_title":"Il + Bello d\u2019Italia: tra premi, arte e borse di studio eletti altri sei giovani","og_description":"Il + Bello d\u2019Italia 2017 e Ragazza Protagonista hanno fatto tappa il 25 ottobre 2017 al Porto Expo di Ostia, eletti altri sei tra ragazzi e ragazze.","og_url":"https:\/\/www.romaoggi.eu\/index.php\/2017\/10\/27\/ilbello-ditalia\/","og_site_name":"roma oggi","article_publisher":"https:\/\/www.facebook.com\/RomaOggi-841544845954114","article_published_time":"2017-10-27T13:54:59+00:00","article_modified_time":"2017-10-27T14:07:21+00:00","og_image":[{"width":960,"height":660,"url":"https:\/\/www.romaoggi.eu\/wp-content\/uploads\/2017\/10\/22834306_1552929161396763_543394890_n.jpg","type":"image\/jpeg"}],"author":"Antonietta Di Vizia","twitter_card":"summary_large_image","twitter_creator":"@romaoggi_eu","twitter_site":"@romaoggi_eu","twitter_misc":{"Scritto da":"Antonietta Di Vizia","Tempo di lettura stimato":"2 minuti"},"schema":{"@context":"https:\/\/schema.org","@graph":[{"@type":"Article","@id":"https:\/\/www.romaoggi.eu\/index.php\/2017\/10\/27\/ilbello-ditalia\/#article","isPartOf":{"@id":"https:\/\/www.romaoggi.eu\/index.php\/2017\/10\/27\/ilbello-ditalia\/"},"author":{"name":"Antonietta Di Vizia","@id":"https:\/\/www.romaoggi.eu\/#\/schema\/person\/c8ca1fb64b5506391fff5f822a866c23"},"headline":"Il + Bello d\u2019Italia: tra premi, arte e borse di studio eletti altri sei giovani","datePublished":"2017-10-27T13:54:59+00:00","dateModified":"2017-10-27T14:07:21+00:00","mainEntityOfPage":{"@id":"https:\/\/www.romaoggi.eu\/index.php\/2017\/10\/27\/ilbello-ditalia\/"},"wordCount":459,"commentCount":0,"publisher":{"@id":"https:\/\/www.romaoggi.eu\/#organization"},"image":{"@id":"https:\/\/www.romaoggi.eu\/index.php\/2017\/10\/27\/ilbello-ditalia\/#primaryimage"},"thumbnailUrl":"https:\/\/www.romaoggi.eu\/wp-content\/uploads\/2017\/10\/22834306_1552929161396763_543394890_n.jpg","keywords":["acca edizioni","anthony pet","barbara nicastro","Carlo Senes","cristian gasparoni","gessica magnante","giulia conti","Il + Bello d\u2019Italia","jamila metalli","jasmine metalli","la casa delle farfalle","lavinia pontecorvi","marco aurelio calandra","mattia roselli","ostia","porto expo","raoul morandi","silvia taccini","simone rotilio","Star Elaiza","tommaso faiola"],"articleSection":["Eventi"],"inLanguage":"it-IT","potentialAction":[{"@type":"CommentAction","name":"Comment","target":["https:\/\/www.romaoggi.eu\/index.php\/2017\/10\/27\/ilbello-ditalia\/#respond"]}]},{"@type":"WebPage","@id":"https:\/\/www.romaoggi.eu\/index.php\/2017\/10\/27\/ilbello-ditalia\/","url":"https:\/\/www.romaoggi.eu\/index.php\/2017\/10\/27\/ilbello-ditalia\/","name":"Il + Bello d\u2019Italia: tra premi, arte e borse di studio eletti altri sei giovani","isPartOf":{"@id":"https:\/\/www.romaoggi.eu\/#website"},"primaryImageOfPage":{"@id":"https:\/\/www.romaoggi.eu\/index.php\/2017\/10\/27\/ilbello-ditalia\/#primaryimage"},"image":{"@id":"https:\/\/www.romaoggi.eu\/index.php\/2017\/10\/27\/ilbello-ditalia\/#primaryimage"},"thumbnailUrl":"https:\/\/www.romaoggi.eu\/wp-content\/uploads\/2017\/10\/22834306_1552929161396763_543394890_n.jpg","datePublished":"2017-10-27T13:54:59+00:00","dateModified":"2017-10-27T14:07:21+00:00","description":"Il + Bello d\u2019Italia 2017 e Ragazza Protagonista hanno fatto tappa il 25 ottobre 2017 al Porto Expo di Ostia, eletti altri sei tra ragazzi e ragazze.","breadcrumb":{"@id":"https:\/\/www.romaoggi.eu\/index.php\/2017\/10\/27\/ilbello-ditalia\/#breadcrumb"},"inLanguage":"it-IT","potentialAction":[{"@type":"ReadAction","target":["https:\/\/www.romaoggi.eu\/index.php\/2017\/10\/27\/ilbello-ditalia\/"]}]},{"@type":"ImageObject","inLanguage":"it-IT","@id":"https:\/\/www.romaoggi.eu\/index.php\/2017\/10\/27\/ilbello-ditalia\/#primaryimage","url":"https:\/\/www.romaoggi.eu\/wp-content\/uploads\/2017\/10\/22834306_1552929161396763_543394890_n.jpg","contentUrl":"https:\/\/www.romaoggi.eu\/wp-content\/uploads\/2017\/10\/22834306_1552929161396763_543394890_n.jpg","width":960,"height":660,"caption":"Cristian Gasparoni (26 anni) e Simone Rotilio. Vincitore con fascia che andr\u00e0 alla finale nazionale di met\u00e0 Dicembre \u00e8 Edoardo Castronovo (17 anni)."},{"@type":"BreadcrumbList","@id":"https:\/\/www.romaoggi.eu\/index.php\/2017\/10\/27\/ilbello-ditalia\/#breadcrumb","itemListElement":[{"@type":"ListItem","position":1,"name":"Home","item":"https:\/\/www.romaoggi.eu\/"},{"@type":"ListItem","position":2,"name":"Il + Bello d\u2019Italia: tra premi, arte e borse di studio eletti altri sei giovani"}]},{"@type":"WebSite","@id":"https:\/\/www.romaoggi.eu\/#website","url":"https:\/\/www.romaoggi.eu\/","name":"roma oggi","description":"Interesting News for Interesting people","publisher":{"@id":"https:\/\/www.romaoggi.eu\/#organization"},"potentialAction":[{"@type":"SearchAction","target":{"@type":"EntryPoint","urlTemplate":"https:\/\/www.romaoggi.eu\/?s={search_term_string}"},"query-input":{"@type":"PropertyValueSpecification","valueRequired":true,"valueName":"search_term_string"}}],"inLanguage":"it-IT"},{"@type":"Organization","@id":"https:\/\/www.romaoggi.eu\/#organization","name":"RomaOggi","url":"https:\/\/www.romaoggi.eu\/","logo":{"@type":"ImageObject","inLanguage":"it-IT","@id":"https:\/\/www.romaoggi.eu\/#\/schema\/logo\/image\/","url":"https:\/\/www.romaoggi.eu\/wp-content\/uploads\/2017\/04\/logowp.jpg","contentUrl":"https:\/\/www.romaoggi.eu\/wp-content\/uploads\/2017\/04\/logowp.jpg","width":300,"height":133,"caption":"RomaOggi"},"image":{"@id":"https:\/\/www.romaoggi.eu\/#\/schema\/logo\/image\/"},"sameAs":["https:\/\/www.facebook.com\/RomaOggi-841544845954114","https:\/\/x.com\/romaoggi_eu"]},{"@type":"Person","@id":"https:\/\/www.romaoggi.eu\/#\/schema\/person\/c8ca1fb64b5506391fff5f822a866c23","name":"Antonietta Di Vizia","image":{"@type":"ImageObject","inLanguage":"it-IT","@id":"https:\/\/secure.gravatar.com\/avatar\/2ad571aa3fbfe3089b06ed5617adf58717b9359c0c97cf9b52804fb2dac293f2?s=96&d=mm&r=g","url":"https:\/\/secure.gravatar.com\/avatar\/2ad571aa3fbfe3089b06ed5617adf58717b9359c0c97cf9b52804fb2dac293f2?s=96&d=mm&r=g","contentUrl":"https:\/\/secure.gravatar.com\/avatar\/2ad571aa3fbfe3089b06ed5617adf58717b9359c0c97cf9b52804fb2dac293f2?s=96&d=mm&r=g","caption":"Antonietta Di Vizia"},"url":"https:\/\/www.romaoggi.eu\/index.php\/author\/antonietta\/"}]}},"_links":{"self":[{"href":"https:\/\/www.romaoggi.eu\/index.php\/wp-json\/wp\/v2\/posts\/11121","targetHints":{"allow":["GET"]}}],"collection":[{"href":"https:\/\/www.romaoggi.eu\/index.php\/wp-json\/wp\/v2\/posts"}],"about":[{"href":"https:\/\/www.romaoggi.eu\/index.php\/wp-json\/wp\/v2\/types\/post"}],"author":[{"embeddable":true,"href":"https:\/\/www.romaoggi.eu\/index.php\/wp-json\/wp\/v2\/users\/3"}],"replies":[{"embeddable":true,"href":"https:\/\/www.romaoggi.eu\/index.php\/wp-json\/wp\/v2\/comments?post=11121"}],"version-history":[{"count":8,"href":"https:\/\/www.romaoggi.eu\/index.php\/wp-json\/wp\/v2\/posts\/11121\/revisions"}],"predecessor-version":[{"id":11148,"href":"https:\/\/www.romaoggi.eu\/index.php\/wp-json\/wp\/v2\/posts\/11121\/revisions\/11148"}],"wp:featuredmedia":[{"embeddable":true,"href":"https:\/\/www.romaoggi.eu\/index.php\/wp-json\/wp\/v2\/media\/11127"}],"wp:attachment":[{"href":"https:\/\/www.romaoggi.eu\/index.php\/wp-json\/wp\/v2\/media?parent=11121"}],"wp:term":[{"taxonomy":"category","embeddable":true,"href":"https:\/\/www.romaoggi.eu\/index.php\/wp-json\/wp\/v2\/categories?post=11121"},{"taxonomy":"post_tag","embeddable":true,"href":"https:\/\/www.romaoggi.eu\/index.php\/wp-json\/wp\/v2\/tags?post=11121"}],"curies":[{"name":"wp","href":"https:\/\/api.w.org\/{rel}","templated":true}]}}