{"id":11173,"date":"2017-10-28T14:01:36","date_gmt":"2017-10-28T12:01:36","guid":{"rendered":"http:\/\/www.romaoggi.eu\/?p=11173"},"modified":"2017-10-28T14:01:36","modified_gmt":"2017-10-28T12:01:36","slug":"virtus-roma-11","status":"publish","type":"post","link":"https:\/\/www.romaoggi.eu\/index.php\/2017\/10\/28\/virtus-roma-11\/","title":{"rendered":"La Virtus Roma ospita Tortona nel quinto turno di Serie A2"},"content":{"rendered":"<p><iframe loading=\"lazy\"  style=\"display: block; margin: 0px auto;\"  id=\"_ytid_38357\"  width=\"480\" height=\"270\"  data-origwidth=\"480\" data-origheight=\"270\" src=\"https:\/\/www.youtube.com\/embed\/NkBwuj8kVsk?enablejsapi=1&#038;autoplay=0&#038;cc_load_policy=0&#038;cc_lang_pref=&#038;iv_load_policy=1&#038;loop=0&#038;rel=1&#038;fs=1&#038;playsinline=0&#038;autohide=2&#038;theme=dark&#038;color=red&#038;controls=1&#038;disablekb=0&#038;\" class=\"__youtube_prefs__  epyt-is-override  no-lazyload\" title=\"YouTube player\"  allow=\"fullscreen; accelerometer; autoplay; clipboard-write; encrypted-media; gyroscope; picture-in-picture; web-share\" referrerpolicy=\"strict-origin-when-cross-origin\" allowfullscreen data-no-lazy=\"1\" data-skipgform_ajax_framebjll=\"\"><\/iframe><\/p>\n<h2>Corbani: \u00abTortona squadra profonda ed esperta, dovremo adattarci con le nostre rotazioni come a Trapani\u00bb<\/h2>\n<p align=\"JUSTIFY\">Torna a giocare sul parquet di casa del Palazzetto dello Sport la Virtus Roma che domani alle 17.30 affronter\u00e0 la Bertram Tortona. Reduci dall\u2019aver ottenuto il primo successo stagionale nell&#8217;emozionate gara di Trapani, gli uomini di coach <a href=\"https:\/\/it.wikipedia.org\/wiki\/Fabio_Corbani\">Fabio Corbani<\/a> cercheranno i primi due punti sul terreno amico in una sfida difficile ma sicuramente affascinante contro una delle squadre pi\u00f9 convincenti di questo inizio di stagione.<\/p>\n<p align=\"JUSTIFY\">Gli avversari \u2013 Dopo aver iniziato il campionato con un convincente 3-0, per Tortona \u00e8 arrivato quasi a sorpresa il primo stop nello scorso turno, quando Agrigento \u00e8 riuscita a espugnare il Pala OltrePo\u2019 85-88 chiudendo una clamorosa rimonta quando la gara sembrava oramai nelle mani dei piemontesi. Tortona, dopo la grande cavalcata dello scorso anno in regular season ma terminata al secondo turno playoff con Trieste, \u00e8 una squadra che si \u00e8 profondamente rinnovata a partire dallo staff tecnico quest\u2019anno sotto la guida di Lorenzo Pansa; anche il roster vede a referto rispetto alla scorsa stagione solamente il capitano Luca Garri e il giovanissimo (classe 2000) Alberto Apuzzo.<\/p>\n<p align=\"JUSTIFY\">Ciononostante la chimica del gruppo sembra essere stata raggiunta da subito grazie a giocatori solidi e affidabili come Marco Spanghero (13.5 punti e 4.8 assist) in play e lo stesso Garri (13.3 punti e 7.8 rimbalzi) in centro. Ad affiancare l\u2019asse play-pivot tutta italiana ci sono la guardia Usa Melvin Johnson (lo scorso anno a Forl\u00ec) con 16.8 punti e 3 assist e l\u2019ala lituana ex Treviglio Paulius Sorokas (15.5 punti, 11.6 rimbalzi e 3.5 assist), mentre a fare da collante completando il quintetto c\u2019\u00e8 la guardia-ala montenegrina Todor Radonijc (classe 1997).<\/p>\n<p align=\"JUSTIFY\">Le parole del coach \u2013 Queste le parole di coach <b>Fabio Corbani<\/b> alla vigilia del match: <i>\u00abDomenica abbiamo vinto in un finale di partita simile a quello di Reggio Calabria, ma questa volta siamo stati premiati e questo ci d\u00e0 fiducia. Come avevo detto prima della partita \u00e8 stato importante vincere perch\u00e9 per il lavoro che ogni giorno fanno questi ragazzi, per come si allenano e per quanto credono nelle cose che fanno, vincere aumenta la fiducia, l\u2019autostima e accelera il processo di apprendimento. La vittoria di Trapani quindi \u00e8 stata assolutamente fondamentale da questo punto di vista. Tortona \u00e8 una squadra con giocatori esperti, a cominciare da Luca Garri, ma anche da Spanghero che non \u00e8 pi\u00f9 ovviamente un ragazzino; una squadra costruita con una discreta profondit\u00e0, giustamente approfittando delle regole sui giocatori di formazione, e questa loro profondit\u00e0 potr\u00e0 essere un fattore, perch\u00e9 siamo ancora in una situazione di rotazione un po\u2019 diversa da quella che era nei programmi iniziali, per\u00f2 devo dire ci siamo adattati molto bene nella gara di Trapani. Abbiamo aumentato il minutaggio di Nicol\u00f2 Basile e sicuramente questo ci ha permesso di arrivare a fine partita con pi\u00f9 energia. Anche le rotazioni dei lunghi sono state molto pi\u00f9 equilibrate: Benetti ha fatto un\u2019ottima partita come aveva fatto un\u2019ottima partita anche a Reggio Calabria, sta soffrendo un po\u2019 le gare in casa e adesso chiaramente per lui diventa importante essere continuo nell\u2019arco della partita anche nel nostro Palazzetto perch\u00e9 per noi diventa importante la sua continuit\u00e0 in quanto ci permette di dare minuti di qualit\u00e0 sia a Roberts che a Landi, che altrimenti rischiano di arrivare a fine partita non lucidi\u00bb. <\/i><\/p>\n<p align=\"JUSTIFY\"><b>Arbitri<\/b> \u2013 Arbitreranno l\u2019incontro i signori Daniele Alfio Foti (Vittuone), Marco Rudellat (Nuoro) e Marco Catani (Pescara).<\/p>\n<p><b>I media<\/b><\/p>\n<p><b>Tv<\/b> \u2013 Differita tv marted\u00ec 31 ottobre alle ore 23.00 su Teleroma 56 (canale 15 del digitale terrestre); Luned\u00ec 30 ottobre ore 18.00 su Europa Tv (canale 96 dt); marted\u00ec 31 ottobre ore 15.00 su 903 del bouquet Sky, ore 17.00 su Super Nova (canale 14 dt) e ore 21.00 su Europa Tv.<\/p>\n<p><b>Web<\/b> \u2013 La partita sar\u00e0 trasmessa in diretta streaming video sulla piattaforma LNP TV, disponibile all\u2019indirizzo <a href=\"http:\/\/tvpass.legapallacanestro.com.\">http:\/\/tvpass.legapallacanestro.com.<\/a> Aggiornamenti sulla gara saranno effettuati attraverso la pagina Twitter ufficiale della Virtus Roma, disponibile all\u2019indirizzo twitter.com\/VirtusRoma.<\/p>\n<p align=\"JUSTIFY\"><a href=\"https:\/\/www.romaoggi.eu\/index.php\/2017\/10\/21\/virtus-roma-10\/\"><b>RomaOggi.eu \u2192 Leggi il prossimo articolo<\/b><\/a><\/p>\n<p align=\"JUSTIFY\">La Redazione<\/p>\n<p align=\"JUSTIFY\">RomaOggi.eu \u201cInteresting news for interesting people\u201d<\/p>\n<figure id=\"attachment_10440\" aria-describedby=\"caption-attachment-10440\" style=\"width: 1024px\" class=\"wp-caption aligncenter\"><img loading=\"lazy\" decoding=\"async\" class=\"wp-image-10440 size-large\" src=\"https:\/\/www.romaoggi.eu\/wp-content\/uploads\/2017\/09\/image3-1-1024x690.jpg\" alt=\"Alt text Roma calcio femminile\" width=\"1024\" height=\"690\" srcset=\"https:\/\/www.romaoggi.eu\/wp-content\/uploads\/2017\/09\/image3-1-1024x690.jpg 1024w, https:\/\/www.romaoggi.eu\/wp-content\/uploads\/2017\/09\/image3-1-300x202.jpg 300w, https:\/\/www.romaoggi.eu\/wp-content\/uploads\/2017\/09\/image3-1.jpg 1093w\" sizes=\"auto, (max-width: 1024px) 100vw, 1024px\" \/><figcaption id=\"caption-attachment-10440\" class=\"wp-caption-text\">Indirizzo: Circonvallazione Clodia, 90, 00195 Roma RM<br \/> Telefono: 06 370 1272<\/figcaption><\/figure>\n","protected":false},"excerpt":{"rendered":"<div class=\"mh-excerpt\"><p>Corbani: \u00abTortona squadra profonda ed esperta, dovremo adattarci con le nostre rotazioni come a Trapani\u00bb Torna a giocare sul parquet di casa del Palazzetto dello Sport la Virtus Roma che domani alle 17.30 affronter\u00e0 la <a class=\"mh-excerpt-more\" href=\"https:\/\/www.romaoggi.eu\/index.php\/2017\/10\/28\/virtus-roma-11\/\" title=\"La Virtus Roma ospita Tortona nel quinto turno di Serie A2\">[&#8230;]<\/a><\/p>\n<\/div>","protected":false},"author":5,"featured_media":0,"comment_status":"open","ping_status":"open","sticky":false,"template":"","format":"standard","meta":{"_sitemap_exclude":false,"_sitemap_priority":"","_sitemap_frequency":"","footnotes":""},"categories":[5],"tags":[6483,7214,8140,26,7216,7691,877,159,1644,109,1738,634,6976],"class_list":["post-11173","post","type-post","status-publish","format-standard","hentry","category-sport","tag-6483","tag-basket","tag-bertram-tortona","tag-cristiano-morelli","tag-fabio-corbani","tag-hostaria-edmondo","tag-italia","tag-lazio","tag-regione-lazio","tag-roma","tag-romaoggi-eu","tag-rome","tag-virtus-roma"],"yoast_head":"<!-- This site is optimized with the Yoast SEO plugin v27.5 - https:\/\/yoast.com\/product\/yoast-seo-wordpress\/ -->\n<title>La Virtus Roma ospita Tortona nel quinto turno di Serie A2<\/title>\n<meta name=\"description\" content=\"Torna a giocare sul parquet di casa del Palazzetto dello Sport la Virtus Roma che domani alle 17.30 affronter\u00e0 la Bertram Tortona. Reduci dall\u2019aver...\" \/>\n<meta name=\"robots\" content=\"index, follow, max-snippet:-1, max-image-preview:large, max-video-preview:-1\" \/>\n<link rel=\"canonical\" href=\"https:\/\/www.romaoggi.eu\/index.php\/2017\/10\/28\/virtus-roma-11\/\" \/>\n<meta property=\"og:locale\" content=\"it_IT\" \/>\n<meta property=\"og:type\" content=\"article\" \/>\n<meta property=\"og:title\" content=\"La Virtus Roma ospita Tortona nel quinto turno di Serie A2\" \/>\n<meta property=\"og:description\" content=\"Torna a giocare sul parquet di casa del Palazzetto dello Sport la Virtus Roma che domani alle 17.30 affronter\u00e0 la Bertram Tortona. Reduci dall\u2019aver...\" \/>\n<meta property=\"og:url\" content=\"https:\/\/www.romaoggi.eu\/index.php\/2017\/10\/28\/virtus-roma-11\/\" \/>\n<meta property=\"og:site_name\" content=\"roma oggi\" \/>\n<meta property=\"article:publisher\" content=\"https:\/\/www.facebook.com\/RomaOggi-841544845954114\" \/>\n<meta property=\"article:published_time\" content=\"2017-10-28T12:01:36+00:00\" \/>\n<meta property=\"og:image\" content=\"http:\/\/www.romaoggi.eu\/wp-content\/uploads\/2017\/09\/image3-1-1024x690.jpg\" \/>\n<meta name=\"author\" content=\"Flavio\" \/>\n<meta name=\"twitter:card\" content=\"summary_large_image\" \/>\n<meta name=\"twitter:creator\" content=\"@romaoggi_eu\" \/>\n<meta name=\"twitter:site\" content=\"@romaoggi_eu\" \/>\n<meta name=\"twitter:label1\" content=\"Scritto da\" \/>\n\t<meta name=\"twitter:data1\" content=\"Flavio\" \/>\n\t<meta name=\"twitter:label2\" content=\"Tempo di lettura stimato\" \/>\n\t<meta name=\"twitter:data2\" content=\"3 minuti\" \/>\n<script type=\"application\/ld+json\" class=\"yoast-schema-graph\">{\"@context\":\"https:\\\/\\\/schema.org\",\"@graph\":[{\"@type\":\"Article\",\"@id\":\"https:\\\/\\\/www.romaoggi.eu\\\/index.php\\\/2017\\\/10\\\/28\\\/virtus-roma-11\\\/#article\",\"isPartOf\":{\"@id\":\"https:\\\/\\\/www.romaoggi.eu\\\/index.php\\\/2017\\\/10\\\/28\\\/virtus-roma-11\\\/\"},\"author\":{\"name\":\"Flavio\",\"@id\":\"https:\\\/\\\/www.romaoggi.eu\\\/#\\\/schema\\\/person\\\/cc12bfd93370392d7e41d243e47e6681\"},\"headline\":\"La Virtus Roma ospita Tortona nel quinto turno di Serie A2\",\"datePublished\":\"2017-10-28T12:01:36+00:00\",\"mainEntityOfPage\":{\"@id\":\"https:\\\/\\\/www.romaoggi.eu\\\/index.php\\\/2017\\\/10\\\/28\\\/virtus-roma-11\\\/\"},\"wordCount\":685,\"commentCount\":0,\"publisher\":{\"@id\":\"https:\\\/\\\/www.romaoggi.eu\\\/#organization\"},\"image\":{\"@id\":\"https:\\\/\\\/www.romaoggi.eu\\\/index.php\\\/2017\\\/10\\\/28\\\/virtus-roma-11\\\/#primaryimage\"},\"thumbnailUrl\":\"http:\\\/\\\/www.romaoggi.eu\\\/wp-content\\\/uploads\\\/2017\\\/09\\\/image3-1-1024x690.jpg\",\"keywords\":[\"2017\",\"Basket\",\"Bertram Tortona\",\"cristiano morelli\",\"Fabio Corbani\",\"Hostaria Edmondo\",\"italia\",\"lazio\",\"Regione Lazio\",\"roma\",\"RomaOggi.eu\",\"rome\",\"Virtus Roma\"],\"articleSection\":[\"Sport\"],\"inLanguage\":\"it-IT\",\"potentialAction\":[{\"@type\":\"CommentAction\",\"name\":\"Comment\",\"target\":[\"https:\\\/\\\/www.romaoggi.eu\\\/index.php\\\/2017\\\/10\\\/28\\\/virtus-roma-11\\\/#respond\"]}]},{\"@type\":\"WebPage\",\"@id\":\"https:\\\/\\\/www.romaoggi.eu\\\/index.php\\\/2017\\\/10\\\/28\\\/virtus-roma-11\\\/\",\"url\":\"https:\\\/\\\/www.romaoggi.eu\\\/index.php\\\/2017\\\/10\\\/28\\\/virtus-roma-11\\\/\",\"name\":\"La Virtus Roma ospita Tortona nel quinto turno di Serie A2\",\"isPartOf\":{\"@id\":\"https:\\\/\\\/www.romaoggi.eu\\\/#website\"},\"primaryImageOfPage\":{\"@id\":\"https:\\\/\\\/www.romaoggi.eu\\\/index.php\\\/2017\\\/10\\\/28\\\/virtus-roma-11\\\/#primaryimage\"},\"image\":{\"@id\":\"https:\\\/\\\/www.romaoggi.eu\\\/index.php\\\/2017\\\/10\\\/28\\\/virtus-roma-11\\\/#primaryimage\"},\"thumbnailUrl\":\"http:\\\/\\\/www.romaoggi.eu\\\/wp-content\\\/uploads\\\/2017\\\/09\\\/image3-1-1024x690.jpg\",\"datePublished\":\"2017-10-28T12:01:36+00:00\",\"description\":\"Torna a giocare sul parquet di casa del Palazzetto dello Sport la Virtus Roma che domani alle 17.30 affronter\u00e0 la Bertram Tortona. Reduci dall\u2019aver...\",\"breadcrumb\":{\"@id\":\"https:\\\/\\\/www.romaoggi.eu\\\/index.php\\\/2017\\\/10\\\/28\\\/virtus-roma-11\\\/#breadcrumb\"},\"inLanguage\":\"it-IT\",\"potentialAction\":[{\"@type\":\"ReadAction\",\"target\":[\"https:\\\/\\\/www.romaoggi.eu\\\/index.php\\\/2017\\\/10\\\/28\\\/virtus-roma-11\\\/\"]}]},{\"@type\":\"ImageObject\",\"inLanguage\":\"it-IT\",\"@id\":\"https:\\\/\\\/www.romaoggi.eu\\\/index.php\\\/2017\\\/10\\\/28\\\/virtus-roma-11\\\/#primaryimage\",\"url\":\"http:\\\/\\\/www.romaoggi.eu\\\/wp-content\\\/uploads\\\/2017\\\/09\\\/image3-1-1024x690.jpg\",\"contentUrl\":\"http:\\\/\\\/www.romaoggi.eu\\\/wp-content\\\/uploads\\\/2017\\\/09\\\/image3-1-1024x690.jpg\"},{\"@type\":\"BreadcrumbList\",\"@id\":\"https:\\\/\\\/www.romaoggi.eu\\\/index.php\\\/2017\\\/10\\\/28\\\/virtus-roma-11\\\/#breadcrumb\",\"itemListElement\":[{\"@type\":\"ListItem\",\"position\":1,\"name\":\"Home\",\"item\":\"https:\\\/\\\/www.romaoggi.eu\\\/\"},{\"@type\":\"ListItem\",\"position\":2,\"name\":\"La Virtus Roma ospita Tortona nel quinto turno di Serie A2\"}]},{\"@type\":\"WebSite\",\"@id\":\"https:\\\/\\\/www.romaoggi.eu\\\/#website\",\"url\":\"https:\\\/\\\/www.romaoggi.eu\\\/\",\"name\":\"roma oggi\",\"description\":\"Interesting News for Interesting people\",\"publisher\":{\"@id\":\"https:\\\/\\\/www.romaoggi.eu\\\/#organization\"},\"potentialAction\":[{\"@type\":\"SearchAction\",\"target\":{\"@type\":\"EntryPoint\",\"urlTemplate\":\"https:\\\/\\\/www.romaoggi.eu\\\/?s={search_term_string}\"},\"query-input\":{\"@type\":\"PropertyValueSpecification\",\"valueRequired\":true,\"valueName\":\"search_term_string\"}}],\"inLanguage\":\"it-IT\"},{\"@type\":\"Organization\",\"@id\":\"https:\\\/\\\/www.romaoggi.eu\\\/#organization\",\"name\":\"RomaOggi\",\"url\":\"https:\\\/\\\/www.romaoggi.eu\\\/\",\"logo\":{\"@type\":\"ImageObject\",\"inLanguage\":\"it-IT\",\"@id\":\"https:\\\/\\\/www.romaoggi.eu\\\/#\\\/schema\\\/logo\\\/image\\\/\",\"url\":\"https:\\\/\\\/www.romaoggi.eu\\\/wp-content\\\/uploads\\\/2017\\\/04\\\/logowp.jpg\",\"contentUrl\":\"https:\\\/\\\/www.romaoggi.eu\\\/wp-content\\\/uploads\\\/2017\\\/04\\\/logowp.jpg\",\"width\":300,\"height\":133,\"caption\":\"RomaOggi\"},\"image\":{\"@id\":\"https:\\\/\\\/www.romaoggi.eu\\\/#\\\/schema\\\/logo\\\/image\\\/\"},\"sameAs\":[\"https:\\\/\\\/www.facebook.com\\\/RomaOggi-841544845954114\",\"https:\\\/\\\/x.com\\\/romaoggi_eu\"]},{\"@type\":\"Person\",\"@id\":\"https:\\\/\\\/www.romaoggi.eu\\\/#\\\/schema\\\/person\\\/cc12bfd93370392d7e41d243e47e6681\",\"name\":\"Flavio\",\"image\":{\"@type\":\"ImageObject\",\"inLanguage\":\"it-IT\",\"@id\":\"https:\\\/\\\/secure.gravatar.com\\\/avatar\\\/7e044ce830ea97853e01500437b37dff4a622b20a194e4d0efe9b67e918f19e5?s=96&d=mm&r=g\",\"url\":\"https:\\\/\\\/secure.gravatar.com\\\/avatar\\\/7e044ce830ea97853e01500437b37dff4a622b20a194e4d0efe9b67e918f19e5?s=96&d=mm&r=g\",\"contentUrl\":\"https:\\\/\\\/secure.gravatar.com\\\/avatar\\\/7e044ce830ea97853e01500437b37dff4a622b20a194e4d0efe9b67e918f19e5?s=96&d=mm&r=g\",\"caption\":\"Flavio\"},\"url\":\"https:\\\/\\\/www.romaoggi.eu\\\/index.php\\\/author\\\/cristiano\\\/\"}]}<\/script>\n<!-- \/ Yoast SEO plugin. -->","yoast_head_json":{"title":"La Virtus Roma ospita Tortona nel quinto turno di Serie A2","description":"Torna a giocare sul parquet di casa del Palazzetto dello Sport la Virtus Roma che domani alle 17.30 affronter\u00e0 la Bertram Tortona. Reduci dall\u2019aver...","robots":{"index":"index","follow":"follow","max-snippet":"max-snippet:-1","max-image-preview":"max-image-preview:large","max-video-preview":"max-video-preview:-1"},"canonical":"https:\/\/www.romaoggi.eu\/index.php\/2017\/10\/28\/virtus-roma-11\/","og_locale":"it_IT","og_type":"article","og_title":"La Virtus Roma ospita Tortona nel quinto turno di Serie A2","og_description":"Torna a giocare sul parquet di casa del Palazzetto dello Sport la Virtus Roma che domani alle 17.30 affronter\u00e0 la Bertram Tortona. Reduci dall\u2019aver...","og_url":"https:\/\/www.romaoggi.eu\/index.php\/2017\/10\/28\/virtus-roma-11\/","og_site_name":"roma oggi","article_publisher":"https:\/\/www.facebook.com\/RomaOggi-841544845954114","article_published_time":"2017-10-28T12:01:36+00:00","og_image":[{"url":"http:\/\/www.romaoggi.eu\/wp-content\/uploads\/2017\/09\/image3-1-1024x690.jpg","type":"","width":"","height":""}],"author":"Flavio","twitter_card":"summary_large_image","twitter_creator":"@romaoggi_eu","twitter_site":"@romaoggi_eu","twitter_misc":{"Scritto da":"Flavio","Tempo di lettura stimato":"3 minuti"},"schema":{"@context":"https:\/\/schema.org","@graph":[{"@type":"Article","@id":"https:\/\/www.romaoggi.eu\/index.php\/2017\/10\/28\/virtus-roma-11\/#article","isPartOf":{"@id":"https:\/\/www.romaoggi.eu\/index.php\/2017\/10\/28\/virtus-roma-11\/"},"author":{"name":"Flavio","@id":"https:\/\/www.romaoggi.eu\/#\/schema\/person\/cc12bfd93370392d7e41d243e47e6681"},"headline":"La Virtus Roma ospita Tortona nel quinto turno di Serie A2","datePublished":"2017-10-28T12:01:36+00:00","mainEntityOfPage":{"@id":"https:\/\/www.romaoggi.eu\/index.php\/2017\/10\/28\/virtus-roma-11\/"},"wordCount":685,"commentCount":0,"publisher":{"@id":"https:\/\/www.romaoggi.eu\/#organization"},"image":{"@id":"https:\/\/www.romaoggi.eu\/index.php\/2017\/10\/28\/virtus-roma-11\/#primaryimage"},"thumbnailUrl":"http:\/\/www.romaoggi.eu\/wp-content\/uploads\/2017\/09\/image3-1-1024x690.jpg","keywords":["2017","Basket","Bertram Tortona","cristiano morelli","Fabio Corbani","Hostaria Edmondo","italia","lazio","Regione Lazio","roma","RomaOggi.eu","rome","Virtus Roma"],"articleSection":["Sport"],"inLanguage":"it-IT","potentialAction":[{"@type":"CommentAction","name":"Comment","target":["https:\/\/www.romaoggi.eu\/index.php\/2017\/10\/28\/virtus-roma-11\/#respond"]}]},{"@type":"WebPage","@id":"https:\/\/www.romaoggi.eu\/index.php\/2017\/10\/28\/virtus-roma-11\/","url":"https:\/\/www.romaoggi.eu\/index.php\/2017\/10\/28\/virtus-roma-11\/","name":"La Virtus Roma ospita Tortona nel quinto turno di Serie A2","isPartOf":{"@id":"https:\/\/www.romaoggi.eu\/#website"},"primaryImageOfPage":{"@id":"https:\/\/www.romaoggi.eu\/index.php\/2017\/10\/28\/virtus-roma-11\/#primaryimage"},"image":{"@id":"https:\/\/www.romaoggi.eu\/index.php\/2017\/10\/28\/virtus-roma-11\/#primaryimage"},"thumbnailUrl":"http:\/\/www.romaoggi.eu\/wp-content\/uploads\/2017\/09\/image3-1-1024x690.jpg","datePublished":"2017-10-28T12:01:36+00:00","description":"Torna a giocare sul parquet di casa del Palazzetto dello Sport la Virtus Roma che domani alle 17.30 affronter\u00e0 la Bertram Tortona. Reduci dall\u2019aver...","breadcrumb":{"@id":"https:\/\/www.romaoggi.eu\/index.php\/2017\/10\/28\/virtus-roma-11\/#breadcrumb"},"inLanguage":"it-IT","potentialAction":[{"@type":"ReadAction","target":["https:\/\/www.romaoggi.eu\/index.php\/2017\/10\/28\/virtus-roma-11\/"]}]},{"@type":"ImageObject","inLanguage":"it-IT","@id":"https:\/\/www.romaoggi.eu\/index.php\/2017\/10\/28\/virtus-roma-11\/#primaryimage","url":"http:\/\/www.romaoggi.eu\/wp-content\/uploads\/2017\/09\/image3-1-1024x690.jpg","contentUrl":"http:\/\/www.romaoggi.eu\/wp-content\/uploads\/2017\/09\/image3-1-1024x690.jpg"},{"@type":"BreadcrumbList","@id":"https:\/\/www.romaoggi.eu\/index.php\/2017\/10\/28\/virtus-roma-11\/#breadcrumb","itemListElement":[{"@type":"ListItem","position":1,"name":"Home","item":"https:\/\/www.romaoggi.eu\/"},{"@type":"ListItem","position":2,"name":"La Virtus Roma ospita Tortona nel quinto turno di Serie A2"}]},{"@type":"WebSite","@id":"https:\/\/www.romaoggi.eu\/#website","url":"https:\/\/www.romaoggi.eu\/","name":"roma oggi","description":"Interesting News for Interesting people","publisher":{"@id":"https:\/\/www.romaoggi.eu\/#organization"},"potentialAction":[{"@type":"SearchAction","target":{"@type":"EntryPoint","urlTemplate":"https:\/\/www.romaoggi.eu\/?s={search_term_string}"},"query-input":{"@type":"PropertyValueSpecification","valueRequired":true,"valueName":"search_term_string"}}],"inLanguage":"it-IT"},{"@type":"Organization","@id":"https:\/\/www.romaoggi.eu\/#organization","name":"RomaOggi","url":"https:\/\/www.romaoggi.eu\/","logo":{"@type":"ImageObject","inLanguage":"it-IT","@id":"https:\/\/www.romaoggi.eu\/#\/schema\/logo\/image\/","url":"https:\/\/www.romaoggi.eu\/wp-content\/uploads\/2017\/04\/logowp.jpg","contentUrl":"https:\/\/www.romaoggi.eu\/wp-content\/uploads\/2017\/04\/logowp.jpg","width":300,"height":133,"caption":"RomaOggi"},"image":{"@id":"https:\/\/www.romaoggi.eu\/#\/schema\/logo\/image\/"},"sameAs":["https:\/\/www.facebook.com\/RomaOggi-841544845954114","https:\/\/x.com\/romaoggi_eu"]},{"@type":"Person","@id":"https:\/\/www.romaoggi.eu\/#\/schema\/person\/cc12bfd93370392d7e41d243e47e6681","name":"Flavio","image":{"@type":"ImageObject","inLanguage":"it-IT","@id":"https:\/\/secure.gravatar.com\/avatar\/7e044ce830ea97853e01500437b37dff4a622b20a194e4d0efe9b67e918f19e5?s=96&d=mm&r=g","url":"https:\/\/secure.gravatar.com\/avatar\/7e044ce830ea97853e01500437b37dff4a622b20a194e4d0efe9b67e918f19e5?s=96&d=mm&r=g","contentUrl":"https:\/\/secure.gravatar.com\/avatar\/7e044ce830ea97853e01500437b37dff4a622b20a194e4d0efe9b67e918f19e5?s=96&d=mm&r=g","caption":"Flavio"},"url":"https:\/\/www.romaoggi.eu\/index.php\/author\/cristiano\/"}]}},"_links":{"self":[{"href":"https:\/\/www.romaoggi.eu\/index.php\/wp-json\/wp\/v2\/posts\/11173","targetHints":{"allow":["GET"]}}],"collection":[{"href":"https:\/\/www.romaoggi.eu\/index.php\/wp-json\/wp\/v2\/posts"}],"about":[{"href":"https:\/\/www.romaoggi.eu\/index.php\/wp-json\/wp\/v2\/types\/post"}],"author":[{"embeddable":true,"href":"https:\/\/www.romaoggi.eu\/index.php\/wp-json\/wp\/v2\/users\/5"}],"replies":[{"embeddable":true,"href":"https:\/\/www.romaoggi.eu\/index.php\/wp-json\/wp\/v2\/comments?post=11173"}],"version-history":[{"count":1,"href":"https:\/\/www.romaoggi.eu\/index.php\/wp-json\/wp\/v2\/posts\/11173\/revisions"}],"predecessor-version":[{"id":11178,"href":"https:\/\/www.romaoggi.eu\/index.php\/wp-json\/wp\/v2\/posts\/11173\/revisions\/11178"}],"wp:attachment":[{"href":"https:\/\/www.romaoggi.eu\/index.php\/wp-json\/wp\/v2\/media?parent=11173"}],"wp:term":[{"taxonomy":"category","embeddable":true,"href":"https:\/\/www.romaoggi.eu\/index.php\/wp-json\/wp\/v2\/categories?post=11173"},{"taxonomy":"post_tag","embeddable":true,"href":"https:\/\/www.romaoggi.eu\/index.php\/wp-json\/wp\/v2\/tags?post=11173"}],"curies":[{"name":"wp","href":"https:\/\/api.w.org\/{rel}","templated":true}]}}