{"id":11470,"date":"2017-11-08T11:22:00","date_gmt":"2017-11-08T10:22:00","guid":{"rendered":"http:\/\/www.romaoggi.eu\/?p=11470"},"modified":"2017-11-08T11:27:25","modified_gmt":"2017-11-08T10:27:25","slug":"giulia-impala-vince-a-olivieri","status":"publish","type":"post","link":"https:\/\/www.romaoggi.eu\/index.php\/2017\/11\/08\/giulia-impala-vince-a-olivieri\/","title":{"rendered":"Giulia Impal\u00e0\u00a0vince la prima tappa di Ragazza e Ragazzo dell&#8217;Anno 2018"},"content":{"rendered":"<p style=\"text-align: justify;\"><strong>Giulia Impal\u00e0 <\/strong>vola in finale e vince su tutte le bellissime arrivate da tutta la Sicilia ad Oliveri, per la prima selezione di<strong><a href=\"https:\/\/www.romaoggi.eu\/index.php\/2017\/08\/23\/ragazza-e-ragazzo-dellanno-2017\/\"> Ragazza e Ragazzo dell\u2019Anno <\/a>2018 <\/strong>con il titolo di<strong> IN&#8230;Copertina-Pubblimania.<\/strong><\/p>\n<p style=\"text-align: justify;\">Grande successo\u00a0 nella prestigiosa location del Lido Belvedere di Oliveri la prima selezione del concorso di bellezza <a href=\"https:\/\/www.facebook.com\/ragazzadellanno\/\">\u201cRagazza e Ragazzo dell\u2019Anno\u201d<\/a>. Concorso ideato ed organizzato dall\u2019<strong>ARF Spettacoli<\/strong> per promuovere i giovani talenti siciliani, dai 13 ai 30 anni, nel mondo della moda e dello spettacolo. L\u2019evento \u00e8 stato presentato da\u00a0<strong>Francesco Anania<\/strong>\u00a0e coreografato, dalla ballerina e animatrice,\u00a0\u00a0Mara Italiano.<\/p>\n<figure id=\"attachment_11476\" aria-describedby=\"caption-attachment-11476\" style=\"width: 300px\" class=\"wp-caption alignright\"><img loading=\"lazy\" decoding=\"async\" class=\"wp-image-11476 size-medium\" src=\"https:\/\/www.romaoggi.eu\/wp-content\/uploads\/2017\/11\/23215433_2074180626138738_7906414307282599215_o-300x200.jpg\" alt=\"alt tag giulia Impal\u00e0\" width=\"300\" height=\"200\" srcset=\"https:\/\/www.romaoggi.eu\/wp-content\/uploads\/2017\/11\/23215433_2074180626138738_7906414307282599215_o-300x200.jpg 300w, https:\/\/www.romaoggi.eu\/wp-content\/uploads\/2017\/11\/23215433_2074180626138738_7906414307282599215_o-1024x683.jpg 1024w, https:\/\/www.romaoggi.eu\/wp-content\/uploads\/2017\/11\/23215433_2074180626138738_7906414307282599215_o.jpg 2048w\" sizes=\"auto, (max-width: 300px) 100vw, 300px\" \/><figcaption id=\"caption-attachment-11476\" class=\"wp-caption-text\">Il conduttore Francesco Anania<\/figcaption><\/figure>\n<p style=\"text-align: justify;\">La giuria composta dal Ragazzo dell\u2019Anno 2016\u00a0<strong>Michele Salvo<\/strong>, dalla cantante\u00a0<strong>Francesca Bartolone<\/strong>\u00a0e dalla Make Artist e consulente d\u2019Immagine\u00a0<strong>Giusy Marcellini<\/strong>\u00a0ha valutato il portamento, l\u2019eleganza, ma soprattutto la semplicit\u00e0 dei partecipanti.<\/p>\n<figure id=\"attachment_11475\" aria-describedby=\"caption-attachment-11475\" style=\"width: 1024px\" class=\"wp-caption alignleft\"><img loading=\"lazy\" decoding=\"async\" class=\"wp-image-11475 size-large\" src=\"https:\/\/www.romaoggi.eu\/wp-content\/uploads\/2017\/11\/23331310_2074178679472266_2641102363413363669_o-1024x683.jpg\" alt=\"alt tag giulia Impal\u00e0\" width=\"1024\" height=\"683\" srcset=\"https:\/\/www.romaoggi.eu\/wp-content\/uploads\/2017\/11\/23331310_2074178679472266_2641102363413363669_o-1024x683.jpg 1024w, https:\/\/www.romaoggi.eu\/wp-content\/uploads\/2017\/11\/23331310_2074178679472266_2641102363413363669_o-300x200.jpg 300w, https:\/\/www.romaoggi.eu\/wp-content\/uploads\/2017\/11\/23331310_2074178679472266_2641102363413363669_o.jpg 2048w\" sizes=\"auto, (max-width: 1024px) 100vw, 1024px\" \/><figcaption id=\"caption-attachment-11475\" class=\"wp-caption-text\">Lidia Patan\u00e8 e Lillo di Pietro<\/figcaption><\/figure>\n<p style=\"text-align: justify;\">Ad aprire la serata i Ragazzi dell\u2019Anno\u00a0<strong>Lidia Patan\u00e8 e Lillo Di Pietro<\/strong>\u00a0che hanno accolto i nuovi volti della stagione. Non potevano mancare, in questa prima uscita stagionale, i Ragazzi dell\u2019Anno Teen Ageer 2017 \u2013 Radio Milazzo\u00a0<strong>Dalila Lanza e Alessandro Genovese<\/strong>\u00a0gi\u00e0 finalisti di diritto per aver vinto questo importante titolo.<\/p>\n<p>&nbsp;<\/p>\n<p>&nbsp;<\/p>\n<p>&nbsp;<\/p>\n<p>&nbsp;<\/p>\n<figure id=\"attachment_11477\" aria-describedby=\"caption-attachment-11477\" style=\"width: 300px\" class=\"wp-caption alignleft\"><img loading=\"lazy\" decoding=\"async\" class=\"wp-image-11477 size-medium\" src=\"https:\/\/www.romaoggi.eu\/wp-content\/uploads\/2017\/11\/23213335_2074180756138725_8634543912818873014_o-300x200.jpg\" alt=\"alt tag giulia Impal\u00e0\" width=\"300\" height=\"200\" srcset=\"https:\/\/www.romaoggi.eu\/wp-content\/uploads\/2017\/11\/23213335_2074180756138725_8634543912818873014_o-300x200.jpg 300w, https:\/\/www.romaoggi.eu\/wp-content\/uploads\/2017\/11\/23213335_2074180756138725_8634543912818873014_o-1024x683.jpg 1024w, https:\/\/www.romaoggi.eu\/wp-content\/uploads\/2017\/11\/23213335_2074180756138725_8634543912818873014_o.jpg 2048w\" sizes=\"auto, (max-width: 300px) 100vw, 300px\" \/><figcaption id=\"caption-attachment-11477\" class=\"wp-caption-text\">premiati i titolari del Lido Belvedere Anna, Stefano e Salvatore con il piatto ufficiale del concorso.<\/figcaption><\/figure>\n<p style=\"text-align: justify;\">La luciese\u00a0<strong>Giulia Impal\u00e0<\/strong>\u00a0molto emozionata, ha ricominciato subito la stagione con questa affermazione dedicata ai suoi genitori; &#8220;S<em>ono contenta ed incredula, amo questo concorso e mi piace tanto sfilare, se devo essere sincera non mi aspettavo un risultato del genere, comunque me lo prendo ed inizio subito a lavorare per essere pronta per la finale 2018&#8243;.<\/em><\/p>\n<p style=\"text-align: justify;\">Ad approdare in prefinale\u00a0<strong>Martina Occhino<\/strong>\u00a0di Rometta con il titolo Ragazza dell\u2019Anno Sicurezza abbinato alla Ergo Assicurazioni di Falcone,\u00a0<strong>Jessica Munaf\u00f2<\/strong>\u00a0di Barcellona Pozzo di Gotto con il titolo Ragazza dell\u2019Anno Fashion abbinato a Percorso Arredi di San Filippo del Mela,\u00a0<strong>Lucrezia Sottile<\/strong>\u00a0di Castroreale con il titolo Ragazza dell\u2019Anno Bont\u00e0 abbinato ad AS Supermercato di Cattafi e\u00a0<strong>Chiara Lipari<\/strong>\u00a0di San Filippo del Mela con il titolo Ragazza dell\u2019Anno In\u2026Viaggio abbinato alla Kerson Viaggi di Olivarella.<\/p>\n<p style=\"text-align: justify;\">Hanno ricevuto una wild card anche\u00a0<strong>Federica Spadaro e Michela Giordano.\u00a0<\/strong>Tra i ragazzi va in prefinale Bruno Munaf\u00f2 di Barcellona Pozzo di Gotto con il titolo di Ragazzo dell\u2019Anno IN\u2026Viaggio \u2013 Kerson Viaggi e riceve una wild card Simone Pant\u00e8.<\/p>\n<p style=\"text-align: justify;\">Il Prossimo appuntamento con il concorso\u00a0 a Milazzo, il 26 novembre \u201cAl Torchio\u201d per partecipare ed\u00a0 iscriversi contattare il\u00a0 numero. tel 339 825 47 09.<\/p>\n<figure id=\"attachment_11478\" aria-describedby=\"caption-attachment-11478\" style=\"width: 683px\" class=\"wp-caption aligncenter\"><img loading=\"lazy\" decoding=\"async\" class=\"wp-image-11478 size-large\" src=\"https:\/\/www.romaoggi.eu\/wp-content\/uploads\/2017\/11\/23157353_2074190302804437_4502683913948552675_o-683x1024.jpg\" alt=\"alt tag giulia Impal\u00e0\" width=\"683\" height=\"1024\" srcset=\"https:\/\/www.romaoggi.eu\/wp-content\/uploads\/2017\/11\/23157353_2074190302804437_4502683913948552675_o-683x1024.jpg 683w, https:\/\/www.romaoggi.eu\/wp-content\/uploads\/2017\/11\/23157353_2074190302804437_4502683913948552675_o-200x300.jpg 200w, https:\/\/www.romaoggi.eu\/wp-content\/uploads\/2017\/11\/23157353_2074190302804437_4502683913948552675_o.jpg 1365w\" sizes=\"auto, (max-width: 683px) 100vw, 683px\" \/><figcaption id=\"caption-attachment-11478\" class=\"wp-caption-text\">Giulia Impal\u00e0<\/figcaption><\/figure>\n<p>Redazione<\/p>\n<p>&nbsp;<\/p>\n<p>&nbsp;<\/p>\n","protected":false},"excerpt":{"rendered":"<div class=\"mh-excerpt\"><p>Giulia Impal\u00e0 vola in finale e vince su tutte le bellissime arrivate da tutta la Sicilia ad Oliveri, per la prima selezione di Ragazza e Ragazzo dell\u2019Anno 2018 con il titolo di IN&#8230;Copertina-Pubblimania. Grande successo\u00a0 <a class=\"mh-excerpt-more\" href=\"https:\/\/www.romaoggi.eu\/index.php\/2017\/11\/08\/giulia-impala-vince-a-olivieri\/\" title=\"Giulia Impal\u00e0\u00a0vince la prima tappa di Ragazza e Ragazzo dell&#8217;Anno 2018\">[&#8230;]<\/a><\/p>\n<\/div>","protected":false},"author":3,"featured_media":11474,"comment_status":"open","ping_status":"open","sticky":false,"template":"","format":"standard","meta":{"_sitemap_exclude":false,"_sitemap_priority":"","_sitemap_frequency":"","footnotes":""},"categories":[3],"tags":[7295,2987,8324,620,8331,8321,8318,8328,8325,8327,8330,8322,8326,7281,8323,8320,8319,8329,7278,1325],"class_list":["post-11470","post","type-post","status-publish","format-standard","has-post-thumbnail","hentry","category-eventi","tag-alessandro-genovese","tag-bellezza","tag-chiara-lipari","tag-concorso","tag-dalida-lanza","tag-ergo-assicurazioni","tag-federica-spadaro","tag-francesca-bartolone","tag-giulia-impala","tag-giuria","tag-giusy-marcellini","tag-jessica-munafo","tag-lida-patane","tag-lillo-di-pietro","tag-lucrezia-sottile","tag-martina-occhino","tag-michela-giordano","tag-michele-salvo","tag-ragazza-e-ragazzo-dellanno","tag-sfilata"],"yoast_head":"<!-- This site is optimized with the Yoast SEO plugin v27.5 - https:\/\/yoast.com\/product\/yoast-seo-wordpress\/ -->\n<title>Giulia Impal\u00e0\u00a0vince la prima tappa di Ragazza e Ragazzo dell&#039;Anno 2018<\/title>\n<meta name=\"description\" content=\"Giulia Impal\u00e0 vince su tutte le bellissime arrivate da tutta la Sicilia ad Oliveri, per la prima selezione di Ragazza e Ragazzo dell\u2019Anno 2018.\" \/>\n<meta name=\"robots\" content=\"index, follow, max-snippet:-1, max-image-preview:large, max-video-preview:-1\" \/>\n<link rel=\"canonical\" href=\"https:\/\/www.romaoggi.eu\/index.php\/2017\/11\/08\/giulia-impala-vince-a-olivieri\/\" \/>\n<meta property=\"og:locale\" content=\"it_IT\" \/>\n<meta property=\"og:type\" content=\"article\" \/>\n<meta property=\"og:title\" content=\"Giulia Impal\u00e0\u00a0vince la prima tappa di Ragazza e Ragazzo dell&#039;Anno 2018\" \/>\n<meta property=\"og:description\" content=\"Giulia Impal\u00e0 vince su tutte le bellissime arrivate da tutta la Sicilia ad Oliveri, per la prima selezione di Ragazza e Ragazzo dell\u2019Anno 2018.\" \/>\n<meta property=\"og:url\" content=\"https:\/\/www.romaoggi.eu\/index.php\/2017\/11\/08\/giulia-impala-vince-a-olivieri\/\" \/>\n<meta property=\"og:site_name\" content=\"roma oggi\" \/>\n<meta property=\"article:publisher\" content=\"https:\/\/www.facebook.com\/RomaOggi-841544845954114\" \/>\n<meta property=\"article:published_time\" content=\"2017-11-08T10:22:00+00:00\" \/>\n<meta property=\"article:modified_time\" content=\"2017-11-08T10:27:25+00:00\" \/>\n<meta property=\"og:image\" content=\"https:\/\/www.romaoggi.eu\/wp-content\/uploads\/2017\/11\/copertina-1.jpg\" \/>\n\t<meta property=\"og:image:width\" content=\"1244\" \/>\n\t<meta property=\"og:image:height\" content=\"881\" \/>\n\t<meta property=\"og:image:type\" content=\"image\/jpeg\" \/>\n<meta name=\"author\" content=\"Antonietta Di Vizia\" \/>\n<meta name=\"twitter:card\" content=\"summary_large_image\" \/>\n<meta name=\"twitter:creator\" content=\"@romaoggi_eu\" \/>\n<meta name=\"twitter:site\" content=\"@romaoggi_eu\" \/>\n<meta name=\"twitter:label1\" content=\"Scritto da\" \/>\n\t<meta name=\"twitter:data1\" content=\"Antonietta Di Vizia\" \/>\n\t<meta name=\"twitter:label2\" content=\"Tempo di lettura stimato\" \/>\n\t<meta name=\"twitter:data2\" content=\"2 minuti\" \/>\n<script type=\"application\/ld+json\" class=\"yoast-schema-graph\">{\"@context\":\"https:\\\/\\\/schema.org\",\"@graph\":[{\"@type\":\"Article\",\"@id\":\"https:\\\/\\\/www.romaoggi.eu\\\/index.php\\\/2017\\\/11\\\/08\\\/giulia-impala-vince-a-olivieri\\\/#article\",\"isPartOf\":{\"@id\":\"https:\\\/\\\/www.romaoggi.eu\\\/index.php\\\/2017\\\/11\\\/08\\\/giulia-impala-vince-a-olivieri\\\/\"},\"author\":{\"name\":\"Antonietta Di Vizia\",\"@id\":\"https:\\\/\\\/www.romaoggi.eu\\\/#\\\/schema\\\/person\\\/c8ca1fb64b5506391fff5f822a866c23\"},\"headline\":\"Giulia Impal\u00e0\u00a0vince la prima tappa di Ragazza e Ragazzo dell&#8217;Anno 2018\",\"datePublished\":\"2017-11-08T10:22:00+00:00\",\"dateModified\":\"2017-11-08T10:27:25+00:00\",\"mainEntityOfPage\":{\"@id\":\"https:\\\/\\\/www.romaoggi.eu\\\/index.php\\\/2017\\\/11\\\/08\\\/giulia-impala-vince-a-olivieri\\\/\"},\"wordCount\":458,\"commentCount\":0,\"publisher\":{\"@id\":\"https:\\\/\\\/www.romaoggi.eu\\\/#organization\"},\"image\":{\"@id\":\"https:\\\/\\\/www.romaoggi.eu\\\/index.php\\\/2017\\\/11\\\/08\\\/giulia-impala-vince-a-olivieri\\\/#primaryimage\"},\"thumbnailUrl\":\"https:\\\/\\\/www.romaoggi.eu\\\/wp-content\\\/uploads\\\/2017\\\/11\\\/copertina-1.jpg\",\"keywords\":[\"alessandro genovese\",\"bellezza\",\"chiara lipari\",\"Concorso\",\"dalida lanza\",\"ergo assicurazioni\",\"federica spadaro\",\"francesca bartolone\",\"giulia impal\u00e0\",\"giuria\",\"giusy marcellini\",\"Jessica Munaf\u00f2\",\"lida patan\u00e8\",\"lillo di pietro\",\"lucrezia sottile\",\"martina Occhino\",\"michela giordano\",\"michele salvo\",\"ragazza e ragazzo dell'anno\",\"sfilata\"],\"articleSection\":[\"Eventi\"],\"inLanguage\":\"it-IT\",\"potentialAction\":[{\"@type\":\"CommentAction\",\"name\":\"Comment\",\"target\":[\"https:\\\/\\\/www.romaoggi.eu\\\/index.php\\\/2017\\\/11\\\/08\\\/giulia-impala-vince-a-olivieri\\\/#respond\"]}]},{\"@type\":\"WebPage\",\"@id\":\"https:\\\/\\\/www.romaoggi.eu\\\/index.php\\\/2017\\\/11\\\/08\\\/giulia-impala-vince-a-olivieri\\\/\",\"url\":\"https:\\\/\\\/www.romaoggi.eu\\\/index.php\\\/2017\\\/11\\\/08\\\/giulia-impala-vince-a-olivieri\\\/\",\"name\":\"Giulia Impal\u00e0\u00a0vince la prima tappa di Ragazza e Ragazzo dell'Anno 2018\",\"isPartOf\":{\"@id\":\"https:\\\/\\\/www.romaoggi.eu\\\/#website\"},\"primaryImageOfPage\":{\"@id\":\"https:\\\/\\\/www.romaoggi.eu\\\/index.php\\\/2017\\\/11\\\/08\\\/giulia-impala-vince-a-olivieri\\\/#primaryimage\"},\"image\":{\"@id\":\"https:\\\/\\\/www.romaoggi.eu\\\/index.php\\\/2017\\\/11\\\/08\\\/giulia-impala-vince-a-olivieri\\\/#primaryimage\"},\"thumbnailUrl\":\"https:\\\/\\\/www.romaoggi.eu\\\/wp-content\\\/uploads\\\/2017\\\/11\\\/copertina-1.jpg\",\"datePublished\":\"2017-11-08T10:22:00+00:00\",\"dateModified\":\"2017-11-08T10:27:25+00:00\",\"description\":\"Giulia Impal\u00e0 vince su tutte le bellissime arrivate da tutta la Sicilia ad Oliveri, per la prima selezione di Ragazza e Ragazzo dell\u2019Anno 2018.\",\"breadcrumb\":{\"@id\":\"https:\\\/\\\/www.romaoggi.eu\\\/index.php\\\/2017\\\/11\\\/08\\\/giulia-impala-vince-a-olivieri\\\/#breadcrumb\"},\"inLanguage\":\"it-IT\",\"potentialAction\":[{\"@type\":\"ReadAction\",\"target\":[\"https:\\\/\\\/www.romaoggi.eu\\\/index.php\\\/2017\\\/11\\\/08\\\/giulia-impala-vince-a-olivieri\\\/\"]}]},{\"@type\":\"ImageObject\",\"inLanguage\":\"it-IT\",\"@id\":\"https:\\\/\\\/www.romaoggi.eu\\\/index.php\\\/2017\\\/11\\\/08\\\/giulia-impala-vince-a-olivieri\\\/#primaryimage\",\"url\":\"https:\\\/\\\/www.romaoggi.eu\\\/wp-content\\\/uploads\\\/2017\\\/11\\\/copertina-1.jpg\",\"contentUrl\":\"https:\\\/\\\/www.romaoggi.eu\\\/wp-content\\\/uploads\\\/2017\\\/11\\\/copertina-1.jpg\",\"width\":1244,\"height\":881,\"caption\":\"alt tag giulia Impal\u00e0\"},{\"@type\":\"BreadcrumbList\",\"@id\":\"https:\\\/\\\/www.romaoggi.eu\\\/index.php\\\/2017\\\/11\\\/08\\\/giulia-impala-vince-a-olivieri\\\/#breadcrumb\",\"itemListElement\":[{\"@type\":\"ListItem\",\"position\":1,\"name\":\"Home\",\"item\":\"https:\\\/\\\/www.romaoggi.eu\\\/\"},{\"@type\":\"ListItem\",\"position\":2,\"name\":\"Giulia Impal\u00e0\u00a0vince la prima tappa di Ragazza e Ragazzo dell&#8217;Anno 2018\"}]},{\"@type\":\"WebSite\",\"@id\":\"https:\\\/\\\/www.romaoggi.eu\\\/#website\",\"url\":\"https:\\\/\\\/www.romaoggi.eu\\\/\",\"name\":\"roma oggi\",\"description\":\"Interesting News for Interesting people\",\"publisher\":{\"@id\":\"https:\\\/\\\/www.romaoggi.eu\\\/#organization\"},\"potentialAction\":[{\"@type\":\"SearchAction\",\"target\":{\"@type\":\"EntryPoint\",\"urlTemplate\":\"https:\\\/\\\/www.romaoggi.eu\\\/?s={search_term_string}\"},\"query-input\":{\"@type\":\"PropertyValueSpecification\",\"valueRequired\":true,\"valueName\":\"search_term_string\"}}],\"inLanguage\":\"it-IT\"},{\"@type\":\"Organization\",\"@id\":\"https:\\\/\\\/www.romaoggi.eu\\\/#organization\",\"name\":\"RomaOggi\",\"url\":\"https:\\\/\\\/www.romaoggi.eu\\\/\",\"logo\":{\"@type\":\"ImageObject\",\"inLanguage\":\"it-IT\",\"@id\":\"https:\\\/\\\/www.romaoggi.eu\\\/#\\\/schema\\\/logo\\\/image\\\/\",\"url\":\"https:\\\/\\\/www.romaoggi.eu\\\/wp-content\\\/uploads\\\/2017\\\/04\\\/logowp.jpg\",\"contentUrl\":\"https:\\\/\\\/www.romaoggi.eu\\\/wp-content\\\/uploads\\\/2017\\\/04\\\/logowp.jpg\",\"width\":300,\"height\":133,\"caption\":\"RomaOggi\"},\"image\":{\"@id\":\"https:\\\/\\\/www.romaoggi.eu\\\/#\\\/schema\\\/logo\\\/image\\\/\"},\"sameAs\":[\"https:\\\/\\\/www.facebook.com\\\/RomaOggi-841544845954114\",\"https:\\\/\\\/x.com\\\/romaoggi_eu\"]},{\"@type\":\"Person\",\"@id\":\"https:\\\/\\\/www.romaoggi.eu\\\/#\\\/schema\\\/person\\\/c8ca1fb64b5506391fff5f822a866c23\",\"name\":\"Antonietta Di Vizia\",\"image\":{\"@type\":\"ImageObject\",\"inLanguage\":\"it-IT\",\"@id\":\"https:\\\/\\\/secure.gravatar.com\\\/avatar\\\/2ad571aa3fbfe3089b06ed5617adf58717b9359c0c97cf9b52804fb2dac293f2?s=96&d=mm&r=g\",\"url\":\"https:\\\/\\\/secure.gravatar.com\\\/avatar\\\/2ad571aa3fbfe3089b06ed5617adf58717b9359c0c97cf9b52804fb2dac293f2?s=96&d=mm&r=g\",\"contentUrl\":\"https:\\\/\\\/secure.gravatar.com\\\/avatar\\\/2ad571aa3fbfe3089b06ed5617adf58717b9359c0c97cf9b52804fb2dac293f2?s=96&d=mm&r=g\",\"caption\":\"Antonietta Di Vizia\"},\"url\":\"https:\\\/\\\/www.romaoggi.eu\\\/index.php\\\/author\\\/antonietta\\\/\"}]}<\/script>\n<!-- \/ Yoast SEO plugin. -->","yoast_head_json":{"title":"Giulia Impal\u00e0\u00a0vince la prima tappa di Ragazza e Ragazzo dell'Anno 2018","description":"Giulia Impal\u00e0 vince su tutte le bellissime arrivate da tutta la Sicilia ad Oliveri, per la prima selezione di Ragazza e Ragazzo dell\u2019Anno 2018.","robots":{"index":"index","follow":"follow","max-snippet":"max-snippet:-1","max-image-preview":"max-image-preview:large","max-video-preview":"max-video-preview:-1"},"canonical":"https:\/\/www.romaoggi.eu\/index.php\/2017\/11\/08\/giulia-impala-vince-a-olivieri\/","og_locale":"it_IT","og_type":"article","og_title":"Giulia Impal\u00e0\u00a0vince la prima tappa di Ragazza e Ragazzo dell'Anno 2018","og_description":"Giulia Impal\u00e0 vince su tutte le bellissime arrivate da tutta la Sicilia ad Oliveri, per la prima selezione di Ragazza e Ragazzo dell\u2019Anno 2018.","og_url":"https:\/\/www.romaoggi.eu\/index.php\/2017\/11\/08\/giulia-impala-vince-a-olivieri\/","og_site_name":"roma oggi","article_publisher":"https:\/\/www.facebook.com\/RomaOggi-841544845954114","article_published_time":"2017-11-08T10:22:00+00:00","article_modified_time":"2017-11-08T10:27:25+00:00","og_image":[{"width":1244,"height":881,"url":"https:\/\/www.romaoggi.eu\/wp-content\/uploads\/2017\/11\/copertina-1.jpg","type":"image\/jpeg"}],"author":"Antonietta Di Vizia","twitter_card":"summary_large_image","twitter_creator":"@romaoggi_eu","twitter_site":"@romaoggi_eu","twitter_misc":{"Scritto da":"Antonietta Di Vizia","Tempo di lettura stimato":"2 minuti"},"schema":{"@context":"https:\/\/schema.org","@graph":[{"@type":"Article","@id":"https:\/\/www.romaoggi.eu\/index.php\/2017\/11\/08\/giulia-impala-vince-a-olivieri\/#article","isPartOf":{"@id":"https:\/\/www.romaoggi.eu\/index.php\/2017\/11\/08\/giulia-impala-vince-a-olivieri\/"},"author":{"name":"Antonietta Di Vizia","@id":"https:\/\/www.romaoggi.eu\/#\/schema\/person\/c8ca1fb64b5506391fff5f822a866c23"},"headline":"Giulia Impal\u00e0\u00a0vince la prima tappa di Ragazza e Ragazzo dell&#8217;Anno 2018","datePublished":"2017-11-08T10:22:00+00:00","dateModified":"2017-11-08T10:27:25+00:00","mainEntityOfPage":{"@id":"https:\/\/www.romaoggi.eu\/index.php\/2017\/11\/08\/giulia-impala-vince-a-olivieri\/"},"wordCount":458,"commentCount":0,"publisher":{"@id":"https:\/\/www.romaoggi.eu\/#organization"},"image":{"@id":"https:\/\/www.romaoggi.eu\/index.php\/2017\/11\/08\/giulia-impala-vince-a-olivieri\/#primaryimage"},"thumbnailUrl":"https:\/\/www.romaoggi.eu\/wp-content\/uploads\/2017\/11\/copertina-1.jpg","keywords":["alessandro genovese","bellezza","chiara lipari","Concorso","dalida lanza","ergo assicurazioni","federica spadaro","francesca bartolone","giulia impal\u00e0","giuria","giusy marcellini","Jessica Munaf\u00f2","lida patan\u00e8","lillo di pietro","lucrezia sottile","martina Occhino","michela giordano","michele salvo","ragazza e ragazzo dell'anno","sfilata"],"articleSection":["Eventi"],"inLanguage":"it-IT","potentialAction":[{"@type":"CommentAction","name":"Comment","target":["https:\/\/www.romaoggi.eu\/index.php\/2017\/11\/08\/giulia-impala-vince-a-olivieri\/#respond"]}]},{"@type":"WebPage","@id":"https:\/\/www.romaoggi.eu\/index.php\/2017\/11\/08\/giulia-impala-vince-a-olivieri\/","url":"https:\/\/www.romaoggi.eu\/index.php\/2017\/11\/08\/giulia-impala-vince-a-olivieri\/","name":"Giulia Impal\u00e0\u00a0vince la prima tappa di Ragazza e Ragazzo dell'Anno 2018","isPartOf":{"@id":"https:\/\/www.romaoggi.eu\/#website"},"primaryImageOfPage":{"@id":"https:\/\/www.romaoggi.eu\/index.php\/2017\/11\/08\/giulia-impala-vince-a-olivieri\/#primaryimage"},"image":{"@id":"https:\/\/www.romaoggi.eu\/index.php\/2017\/11\/08\/giulia-impala-vince-a-olivieri\/#primaryimage"},"thumbnailUrl":"https:\/\/www.romaoggi.eu\/wp-content\/uploads\/2017\/11\/copertina-1.jpg","datePublished":"2017-11-08T10:22:00+00:00","dateModified":"2017-11-08T10:27:25+00:00","description":"Giulia Impal\u00e0 vince su tutte le bellissime arrivate da tutta la Sicilia ad Oliveri, per la prima selezione di Ragazza e Ragazzo dell\u2019Anno 2018.","breadcrumb":{"@id":"https:\/\/www.romaoggi.eu\/index.php\/2017\/11\/08\/giulia-impala-vince-a-olivieri\/#breadcrumb"},"inLanguage":"it-IT","potentialAction":[{"@type":"ReadAction","target":["https:\/\/www.romaoggi.eu\/index.php\/2017\/11\/08\/giulia-impala-vince-a-olivieri\/"]}]},{"@type":"ImageObject","inLanguage":"it-IT","@id":"https:\/\/www.romaoggi.eu\/index.php\/2017\/11\/08\/giulia-impala-vince-a-olivieri\/#primaryimage","url":"https:\/\/www.romaoggi.eu\/wp-content\/uploads\/2017\/11\/copertina-1.jpg","contentUrl":"https:\/\/www.romaoggi.eu\/wp-content\/uploads\/2017\/11\/copertina-1.jpg","width":1244,"height":881,"caption":"alt tag giulia Impal\u00e0"},{"@type":"BreadcrumbList","@id":"https:\/\/www.romaoggi.eu\/index.php\/2017\/11\/08\/giulia-impala-vince-a-olivieri\/#breadcrumb","itemListElement":[{"@type":"ListItem","position":1,"name":"Home","item":"https:\/\/www.romaoggi.eu\/"},{"@type":"ListItem","position":2,"name":"Giulia Impal\u00e0\u00a0vince la prima tappa di Ragazza e Ragazzo dell&#8217;Anno 2018"}]},{"@type":"WebSite","@id":"https:\/\/www.romaoggi.eu\/#website","url":"https:\/\/www.romaoggi.eu\/","name":"roma oggi","description":"Interesting News for Interesting people","publisher":{"@id":"https:\/\/www.romaoggi.eu\/#organization"},"potentialAction":[{"@type":"SearchAction","target":{"@type":"EntryPoint","urlTemplate":"https:\/\/www.romaoggi.eu\/?s={search_term_string}"},"query-input":{"@type":"PropertyValueSpecification","valueRequired":true,"valueName":"search_term_string"}}],"inLanguage":"it-IT"},{"@type":"Organization","@id":"https:\/\/www.romaoggi.eu\/#organization","name":"RomaOggi","url":"https:\/\/www.romaoggi.eu\/","logo":{"@type":"ImageObject","inLanguage":"it-IT","@id":"https:\/\/www.romaoggi.eu\/#\/schema\/logo\/image\/","url":"https:\/\/www.romaoggi.eu\/wp-content\/uploads\/2017\/04\/logowp.jpg","contentUrl":"https:\/\/www.romaoggi.eu\/wp-content\/uploads\/2017\/04\/logowp.jpg","width":300,"height":133,"caption":"RomaOggi"},"image":{"@id":"https:\/\/www.romaoggi.eu\/#\/schema\/logo\/image\/"},"sameAs":["https:\/\/www.facebook.com\/RomaOggi-841544845954114","https:\/\/x.com\/romaoggi_eu"]},{"@type":"Person","@id":"https:\/\/www.romaoggi.eu\/#\/schema\/person\/c8ca1fb64b5506391fff5f822a866c23","name":"Antonietta Di Vizia","image":{"@type":"ImageObject","inLanguage":"it-IT","@id":"https:\/\/secure.gravatar.com\/avatar\/2ad571aa3fbfe3089b06ed5617adf58717b9359c0c97cf9b52804fb2dac293f2?s=96&d=mm&r=g","url":"https:\/\/secure.gravatar.com\/avatar\/2ad571aa3fbfe3089b06ed5617adf58717b9359c0c97cf9b52804fb2dac293f2?s=96&d=mm&r=g","contentUrl":"https:\/\/secure.gravatar.com\/avatar\/2ad571aa3fbfe3089b06ed5617adf58717b9359c0c97cf9b52804fb2dac293f2?s=96&d=mm&r=g","caption":"Antonietta Di Vizia"},"url":"https:\/\/www.romaoggi.eu\/index.php\/author\/antonietta\/"}]}},"_links":{"self":[{"href":"https:\/\/www.romaoggi.eu\/index.php\/wp-json\/wp\/v2\/posts\/11470","targetHints":{"allow":["GET"]}}],"collection":[{"href":"https:\/\/www.romaoggi.eu\/index.php\/wp-json\/wp\/v2\/posts"}],"about":[{"href":"https:\/\/www.romaoggi.eu\/index.php\/wp-json\/wp\/v2\/types\/post"}],"author":[{"embeddable":true,"href":"https:\/\/www.romaoggi.eu\/index.php\/wp-json\/wp\/v2\/users\/3"}],"replies":[{"embeddable":true,"href":"https:\/\/www.romaoggi.eu\/index.php\/wp-json\/wp\/v2\/comments?post=11470"}],"version-history":[{"count":6,"href":"https:\/\/www.romaoggi.eu\/index.php\/wp-json\/wp\/v2\/posts\/11470\/revisions"}],"predecessor-version":[{"id":11481,"href":"https:\/\/www.romaoggi.eu\/index.php\/wp-json\/wp\/v2\/posts\/11470\/revisions\/11481"}],"wp:featuredmedia":[{"embeddable":true,"href":"https:\/\/www.romaoggi.eu\/index.php\/wp-json\/wp\/v2\/media\/11474"}],"wp:attachment":[{"href":"https:\/\/www.romaoggi.eu\/index.php\/wp-json\/wp\/v2\/media?parent=11470"}],"wp:term":[{"taxonomy":"category","embeddable":true,"href":"https:\/\/www.romaoggi.eu\/index.php\/wp-json\/wp\/v2\/categories?post=11470"},{"taxonomy":"post_tag","embeddable":true,"href":"https:\/\/www.romaoggi.eu\/index.php\/wp-json\/wp\/v2\/tags?post=11470"}],"curies":[{"name":"wp","href":"https:\/\/api.w.org\/{rel}","templated":true}]}}