{"id":11531,"date":"2017-11-13T19:27:44","date_gmt":"2017-11-13T18:27:44","guid":{"rendered":"http:\/\/www.romaoggi.eu\/?p=11531"},"modified":"2017-11-13T19:27:44","modified_gmt":"2017-11-13T18:27:44","slug":"diverso-da-chi","status":"publish","type":"post","link":"https:\/\/www.romaoggi.eu\/index.php\/2017\/11\/13\/diverso-da-chi\/","title":{"rendered":"&#8220;DIVERSO DA CHI ?&#8221; Aspettando la Giornata Internazionale delle persone con Disabilit\u00e0"},"content":{"rendered":"<p align=\"JUSTIFY\">Si svolger\u00e0 il 2 dicembre 2017 al Caff\u00e8 Letterario di Roma (via Ostiense 95) a partire dalle ore 20.00 l\u2019evento DIVERSO DA CHI ? &#8211; Aspettando la Giornata Internazionale delle persone con Disabilit\u00e0.<\/p>\n<figure id=\"attachment_11536\" aria-describedby=\"caption-attachment-11536\" style=\"width: 300px\" class=\"wp-caption alignright\"><img loading=\"lazy\" decoding=\"async\" class=\"wp-image-11536 size-medium\" src=\"https:\/\/www.romaoggi.eu\/wp-content\/uploads\/2017\/11\/scooppiati-divesamente-band-300x200.jpg\" alt=\"Alt text diverso da chi\" width=\"300\" height=\"200\" srcset=\"https:\/\/www.romaoggi.eu\/wp-content\/uploads\/2017\/11\/scooppiati-divesamente-band-300x200.jpg 300w, https:\/\/www.romaoggi.eu\/wp-content\/uploads\/2017\/11\/scooppiati-divesamente-band.jpg 800w\" sizes=\"auto, (max-width: 300px) 100vw, 300px\" \/><figcaption id=\"caption-attachment-11536\" class=\"wp-caption-text\">Scooppiati diversamente Band<\/figcaption><\/figure>\n<p align=\"JUSTIFY\">La serata, organizzata dalla <a href=\"http:\/\/www.h-annozero.it\/new\/\">Cooperativa Sociale H-anno zero Onlus di Roma<\/a>, vuole essere un momento di incontro nel quale raccontare di persone diversamente abili che fanno cose straordinarie, ma anche lasciare al pubblico gli strumenti per poter capire meglio la Giornata Internazionale delle persone con disabilit\u00e0 che si celebra il 3 dicembre.<\/p>\n<p align=\"JUSTIFY\">Sul palco si esibir\u00e0 la Scooppiati diversamente Band, gruppo integrato, composto da ragazzi disabili e normodotati, accomunati da una grande passione per la musica. Il progetto \u00e8 nato e cresciuto proprio all&#8217;interno dei progetti di inclusione sociale della Cooperativa Sociale H-Anno zero Onlus.<\/p>\n<p align=\"JUSTIFY\">Ospiti della serata anche Isabella Salvetti, regista del cortometraggio \u201cdue piedi sinistri\u201d (nomination David di Donatello 2015\/ vincitore del premio Globo d\u2019oro 2015), Luca Bucchi, pittore surrealista che realizza i suoi dipinti con la bocca, Federico Bassani, campione italiano di nuoto per non vedenti e Francesca Martin, giornalista del portale italiano disabili.com<\/p>\n<p align=\"JUSTIFY\"><strong>Inizio serata ore 20.00<\/strong><\/p>\n<p align=\"JUSTIFY\">Cena a buffet 15 euro inclusa bevanda<\/p>\n<p align=\"JUSTIFY\"><b>Per info:<\/b> info@scooppiati.it<\/p>\n<p><a href=\"http:\/\/www.scooppiati.it\/\">http:\/\/www.scooppiati.it\/<\/a><\/p>\n<p align=\"JUSTIFY\"><a href=\"https:\/\/www.romaoggi.eu\/index.php\/2017\/10\/21\/hostaria-edmondo\/\"><b>RomaOggi.eu \u2192 Leggi il prossimo articolo<\/b><\/a><\/p>\n<p align=\"JUSTIFY\">La Redazione<\/p>\n<p align=\"JUSTIFY\">RomaOggi.eu \u201cInteresting news for interesting people\u201d<\/p>\n<figure id=\"attachment_10440\" aria-describedby=\"caption-attachment-10440\" style=\"width: 1024px\" class=\"wp-caption aligncenter\"><img loading=\"lazy\" decoding=\"async\" class=\"wp-image-10440 size-large\" src=\"https:\/\/www.romaoggi.eu\/wp-content\/uploads\/2017\/09\/image3-1-1024x690.jpg\" alt=\"Alt text Roma calcio femminile\" width=\"1024\" height=\"690\" srcset=\"https:\/\/www.romaoggi.eu\/wp-content\/uploads\/2017\/09\/image3-1-1024x690.jpg 1024w, https:\/\/www.romaoggi.eu\/wp-content\/uploads\/2017\/09\/image3-1-300x202.jpg 300w, https:\/\/www.romaoggi.eu\/wp-content\/uploads\/2017\/09\/image3-1.jpg 1093w\" sizes=\"auto, (max-width: 1024px) 100vw, 1024px\" \/><figcaption id=\"caption-attachment-10440\" class=\"wp-caption-text\">Indirizzo: Circonvallazione Clodia, 90, 00195 Roma RM<br \/> Telefono: 06 370 1272<\/figcaption><\/figure>\n","protected":false},"excerpt":{"rendered":"<div class=\"mh-excerpt\"><p>Si svolger\u00e0 il 2 dicembre 2017 al Caff\u00e8 Letterario di Roma (via Ostiense 95) a partire dalle ore 20.00 l\u2019evento DIVERSO DA CHI ? &#8211; Aspettando la Giornata Internazionale delle persone con Disabilit\u00e0. La serata, <a class=\"mh-excerpt-more\" href=\"https:\/\/www.romaoggi.eu\/index.php\/2017\/11\/13\/diverso-da-chi\/\" title=\"&#8220;DIVERSO DA CHI ?&#8221; Aspettando la Giornata Internazionale delle persone con Disabilit\u00e0\">[&#8230;]<\/a><\/p>\n<\/div>","protected":false},"author":5,"featured_media":11534,"comment_status":"open","ping_status":"open","sticky":false,"template":"","format":"standard","meta":{"_sitemap_exclude":false,"_sitemap_priority":"","_sitemap_frequency":"","footnotes":""},"categories":[3],"tags":[8377,6483,8378,8379,26,8375,8376,877,159,1644,109,1738,634,8380],"class_list":["post-11531","post","type-post","status-publish","format-standard","has-post-thumbnail","hentry","category-eventi","tag-2-dicembre","tag-6483","tag-caffe-letterario-di-roma","tag-cooperativa-sociale-h-anno-zero-onlus","tag-cristiano-morelli","tag-diverso-da-chi","tag-giornata-internazionale-delle-persone-con-disabilita","tag-italia","tag-lazio","tag-regione-lazio","tag-roma","tag-romaoggi-eu","tag-rome","tag-scooppiati-diversamente-band"],"yoast_head":"<!-- This site is optimized with the Yoast SEO plugin v27.4 - https:\/\/yoast.com\/product\/yoast-seo-wordpress\/ -->\n<title>&quot;DIVERSO DA CHI ?&quot; Aspettando la Giornata Internazionale delle persone con Disabilit\u00e0<\/title>\n<meta name=\"description\" content=\"Si svolger\u00e0 il 2 dicembre 2017 al Caff\u00e8 Letterario di Roma (via Ostiense 95) a partire dalle ore 20.00 l\u2019evento &quot;DIVERSO DA CHI ?&quot; - ...\" \/>\n<meta name=\"robots\" content=\"index, follow, max-snippet:-1, max-image-preview:large, max-video-preview:-1\" \/>\n<link rel=\"canonical\" href=\"https:\/\/www.romaoggi.eu\/index.php\/2017\/11\/13\/diverso-da-chi\/\" \/>\n<meta property=\"og:locale\" content=\"it_IT\" \/>\n<meta property=\"og:type\" content=\"article\" \/>\n<meta property=\"og:title\" content=\"&quot;DIVERSO DA CHI ?&quot; Aspettando la Giornata Internazionale delle persone con Disabilit\u00e0\" \/>\n<meta property=\"og:description\" content=\"Si svolger\u00e0 il 2 dicembre 2017 al Caff\u00e8 Letterario di Roma (via Ostiense 95) a partire dalle ore 20.00 l\u2019evento &quot;DIVERSO DA CHI ?&quot; - ...\" \/>\n<meta property=\"og:url\" content=\"https:\/\/www.romaoggi.eu\/index.php\/2017\/11\/13\/diverso-da-chi\/\" \/>\n<meta property=\"og:site_name\" content=\"roma oggi\" \/>\n<meta property=\"article:publisher\" content=\"https:\/\/www.facebook.com\/RomaOggi-841544845954114\" \/>\n<meta property=\"article:published_time\" content=\"2017-11-13T18:27:44+00:00\" \/>\n<meta property=\"og:image\" content=\"https:\/\/www.romaoggi.eu\/wp-content\/uploads\/2017\/11\/locandina-evento-1.jpg\" \/>\n\t<meta property=\"og:image:width\" content=\"500\" \/>\n\t<meta property=\"og:image:height\" content=\"707\" \/>\n\t<meta property=\"og:image:type\" content=\"image\/jpeg\" \/>\n<meta name=\"author\" content=\"Flavio\" \/>\n<meta name=\"twitter:card\" content=\"summary_large_image\" \/>\n<meta name=\"twitter:creator\" content=\"@romaoggi_eu\" \/>\n<meta name=\"twitter:site\" content=\"@romaoggi_eu\" \/>\n<meta name=\"twitter:label1\" content=\"Scritto da\" \/>\n\t<meta name=\"twitter:data1\" content=\"Flavio\" \/>\n\t<meta name=\"twitter:label2\" content=\"Tempo di lettura stimato\" \/>\n\t<meta name=\"twitter:data2\" content=\"1 minuto\" \/>\n<script type=\"application\/ld+json\" class=\"yoast-schema-graph\">{\"@context\":\"https:\\\/\\\/schema.org\",\"@graph\":[{\"@type\":\"Article\",\"@id\":\"https:\\\/\\\/www.romaoggi.eu\\\/index.php\\\/2017\\\/11\\\/13\\\/diverso-da-chi\\\/#article\",\"isPartOf\":{\"@id\":\"https:\\\/\\\/www.romaoggi.eu\\\/index.php\\\/2017\\\/11\\\/13\\\/diverso-da-chi\\\/\"},\"author\":{\"name\":\"Flavio\",\"@id\":\"https:\\\/\\\/www.romaoggi.eu\\\/#\\\/schema\\\/person\\\/cc12bfd93370392d7e41d243e47e6681\"},\"headline\":\"&#8220;DIVERSO DA CHI ?&#8221; Aspettando la Giornata Internazionale delle persone con Disabilit\u00e0\",\"datePublished\":\"2017-11-13T18:27:44+00:00\",\"mainEntityOfPage\":{\"@id\":\"https:\\\/\\\/www.romaoggi.eu\\\/index.php\\\/2017\\\/11\\\/13\\\/diverso-da-chi\\\/\"},\"wordCount\":242,\"commentCount\":0,\"publisher\":{\"@id\":\"https:\\\/\\\/www.romaoggi.eu\\\/#organization\"},\"image\":{\"@id\":\"https:\\\/\\\/www.romaoggi.eu\\\/index.php\\\/2017\\\/11\\\/13\\\/diverso-da-chi\\\/#primaryimage\"},\"thumbnailUrl\":\"https:\\\/\\\/www.romaoggi.eu\\\/wp-content\\\/uploads\\\/2017\\\/11\\\/locandina-evento-1.jpg\",\"keywords\":[\"2 dicembre\",\"2017\",\"Caff\u00e8 Letterario di Roma\",\"Cooperativa Sociale H-anno zero Onlus\",\"cristiano morelli\",\"Diverso da chi\",\"Giornata Internazionale delle persone con Disabilit\u00e0\",\"italia\",\"lazio\",\"Regione Lazio\",\"roma\",\"RomaOggi.eu\",\"rome\",\"Scooppiati diversamente Band\"],\"articleSection\":[\"Eventi\"],\"inLanguage\":\"it-IT\",\"potentialAction\":[{\"@type\":\"CommentAction\",\"name\":\"Comment\",\"target\":[\"https:\\\/\\\/www.romaoggi.eu\\\/index.php\\\/2017\\\/11\\\/13\\\/diverso-da-chi\\\/#respond\"]}]},{\"@type\":\"WebPage\",\"@id\":\"https:\\\/\\\/www.romaoggi.eu\\\/index.php\\\/2017\\\/11\\\/13\\\/diverso-da-chi\\\/\",\"url\":\"https:\\\/\\\/www.romaoggi.eu\\\/index.php\\\/2017\\\/11\\\/13\\\/diverso-da-chi\\\/\",\"name\":\"\\\"DIVERSO DA CHI ?\\\" Aspettando la Giornata Internazionale delle persone con Disabilit\u00e0\",\"isPartOf\":{\"@id\":\"https:\\\/\\\/www.romaoggi.eu\\\/#website\"},\"primaryImageOfPage\":{\"@id\":\"https:\\\/\\\/www.romaoggi.eu\\\/index.php\\\/2017\\\/11\\\/13\\\/diverso-da-chi\\\/#primaryimage\"},\"image\":{\"@id\":\"https:\\\/\\\/www.romaoggi.eu\\\/index.php\\\/2017\\\/11\\\/13\\\/diverso-da-chi\\\/#primaryimage\"},\"thumbnailUrl\":\"https:\\\/\\\/www.romaoggi.eu\\\/wp-content\\\/uploads\\\/2017\\\/11\\\/locandina-evento-1.jpg\",\"datePublished\":\"2017-11-13T18:27:44+00:00\",\"description\":\"Si svolger\u00e0 il 2 dicembre 2017 al Caff\u00e8 Letterario di Roma (via Ostiense 95) a partire dalle ore 20.00 l\u2019evento \\\"DIVERSO DA CHI ?\\\" - ...\",\"breadcrumb\":{\"@id\":\"https:\\\/\\\/www.romaoggi.eu\\\/index.php\\\/2017\\\/11\\\/13\\\/diverso-da-chi\\\/#breadcrumb\"},\"inLanguage\":\"it-IT\",\"potentialAction\":[{\"@type\":\"ReadAction\",\"target\":[\"https:\\\/\\\/www.romaoggi.eu\\\/index.php\\\/2017\\\/11\\\/13\\\/diverso-da-chi\\\/\"]}]},{\"@type\":\"ImageObject\",\"inLanguage\":\"it-IT\",\"@id\":\"https:\\\/\\\/www.romaoggi.eu\\\/index.php\\\/2017\\\/11\\\/13\\\/diverso-da-chi\\\/#primaryimage\",\"url\":\"https:\\\/\\\/www.romaoggi.eu\\\/wp-content\\\/uploads\\\/2017\\\/11\\\/locandina-evento-1.jpg\",\"contentUrl\":\"https:\\\/\\\/www.romaoggi.eu\\\/wp-content\\\/uploads\\\/2017\\\/11\\\/locandina-evento-1.jpg\",\"width\":500,\"height\":707,\"caption\":\"Alt text diverso da chi\"},{\"@type\":\"BreadcrumbList\",\"@id\":\"https:\\\/\\\/www.romaoggi.eu\\\/index.php\\\/2017\\\/11\\\/13\\\/diverso-da-chi\\\/#breadcrumb\",\"itemListElement\":[{\"@type\":\"ListItem\",\"position\":1,\"name\":\"Home\",\"item\":\"https:\\\/\\\/www.romaoggi.eu\\\/\"},{\"@type\":\"ListItem\",\"position\":2,\"name\":\"&#8220;DIVERSO DA CHI ?&#8221; Aspettando la Giornata Internazionale delle persone con Disabilit\u00e0\"}]},{\"@type\":\"WebSite\",\"@id\":\"https:\\\/\\\/www.romaoggi.eu\\\/#website\",\"url\":\"https:\\\/\\\/www.romaoggi.eu\\\/\",\"name\":\"roma oggi\",\"description\":\"Interesting News for Interesting people\",\"publisher\":{\"@id\":\"https:\\\/\\\/www.romaoggi.eu\\\/#organization\"},\"potentialAction\":[{\"@type\":\"SearchAction\",\"target\":{\"@type\":\"EntryPoint\",\"urlTemplate\":\"https:\\\/\\\/www.romaoggi.eu\\\/?s={search_term_string}\"},\"query-input\":{\"@type\":\"PropertyValueSpecification\",\"valueRequired\":true,\"valueName\":\"search_term_string\"}}],\"inLanguage\":\"it-IT\"},{\"@type\":\"Organization\",\"@id\":\"https:\\\/\\\/www.romaoggi.eu\\\/#organization\",\"name\":\"RomaOggi\",\"url\":\"https:\\\/\\\/www.romaoggi.eu\\\/\",\"logo\":{\"@type\":\"ImageObject\",\"inLanguage\":\"it-IT\",\"@id\":\"https:\\\/\\\/www.romaoggi.eu\\\/#\\\/schema\\\/logo\\\/image\\\/\",\"url\":\"https:\\\/\\\/www.romaoggi.eu\\\/wp-content\\\/uploads\\\/2017\\\/04\\\/logowp.jpg\",\"contentUrl\":\"https:\\\/\\\/www.romaoggi.eu\\\/wp-content\\\/uploads\\\/2017\\\/04\\\/logowp.jpg\",\"width\":300,\"height\":133,\"caption\":\"RomaOggi\"},\"image\":{\"@id\":\"https:\\\/\\\/www.romaoggi.eu\\\/#\\\/schema\\\/logo\\\/image\\\/\"},\"sameAs\":[\"https:\\\/\\\/www.facebook.com\\\/RomaOggi-841544845954114\",\"https:\\\/\\\/x.com\\\/romaoggi_eu\"]},{\"@type\":\"Person\",\"@id\":\"https:\\\/\\\/www.romaoggi.eu\\\/#\\\/schema\\\/person\\\/cc12bfd93370392d7e41d243e47e6681\",\"name\":\"Flavio\",\"image\":{\"@type\":\"ImageObject\",\"inLanguage\":\"it-IT\",\"@id\":\"https:\\\/\\\/secure.gravatar.com\\\/avatar\\\/7e044ce830ea97853e01500437b37dff4a622b20a194e4d0efe9b67e918f19e5?s=96&d=mm&r=g\",\"url\":\"https:\\\/\\\/secure.gravatar.com\\\/avatar\\\/7e044ce830ea97853e01500437b37dff4a622b20a194e4d0efe9b67e918f19e5?s=96&d=mm&r=g\",\"contentUrl\":\"https:\\\/\\\/secure.gravatar.com\\\/avatar\\\/7e044ce830ea97853e01500437b37dff4a622b20a194e4d0efe9b67e918f19e5?s=96&d=mm&r=g\",\"caption\":\"Flavio\"},\"url\":\"https:\\\/\\\/www.romaoggi.eu\\\/index.php\\\/author\\\/cristiano\\\/\"}]}<\/script>\n<!-- \/ Yoast SEO plugin. -->","yoast_head_json":{"title":"\"DIVERSO DA CHI ?\" Aspettando la Giornata Internazionale delle persone con Disabilit\u00e0","description":"Si svolger\u00e0 il 2 dicembre 2017 al Caff\u00e8 Letterario di Roma (via Ostiense 95) a partire dalle ore 20.00 l\u2019evento \"DIVERSO DA CHI ?\" - ...","robots":{"index":"index","follow":"follow","max-snippet":"max-snippet:-1","max-image-preview":"max-image-preview:large","max-video-preview":"max-video-preview:-1"},"canonical":"https:\/\/www.romaoggi.eu\/index.php\/2017\/11\/13\/diverso-da-chi\/","og_locale":"it_IT","og_type":"article","og_title":"\"DIVERSO DA CHI ?\" Aspettando la Giornata Internazionale delle persone con Disabilit\u00e0","og_description":"Si svolger\u00e0 il 2 dicembre 2017 al Caff\u00e8 Letterario di Roma (via Ostiense 95) a partire dalle ore 20.00 l\u2019evento \"DIVERSO DA CHI ?\" - ...","og_url":"https:\/\/www.romaoggi.eu\/index.php\/2017\/11\/13\/diverso-da-chi\/","og_site_name":"roma oggi","article_publisher":"https:\/\/www.facebook.com\/RomaOggi-841544845954114","article_published_time":"2017-11-13T18:27:44+00:00","og_image":[{"width":500,"height":707,"url":"https:\/\/www.romaoggi.eu\/wp-content\/uploads\/2017\/11\/locandina-evento-1.jpg","type":"image\/jpeg"}],"author":"Flavio","twitter_card":"summary_large_image","twitter_creator":"@romaoggi_eu","twitter_site":"@romaoggi_eu","twitter_misc":{"Scritto da":"Flavio","Tempo di lettura stimato":"1 minuto"},"schema":{"@context":"https:\/\/schema.org","@graph":[{"@type":"Article","@id":"https:\/\/www.romaoggi.eu\/index.php\/2017\/11\/13\/diverso-da-chi\/#article","isPartOf":{"@id":"https:\/\/www.romaoggi.eu\/index.php\/2017\/11\/13\/diverso-da-chi\/"},"author":{"name":"Flavio","@id":"https:\/\/www.romaoggi.eu\/#\/schema\/person\/cc12bfd93370392d7e41d243e47e6681"},"headline":"&#8220;DIVERSO DA CHI ?&#8221; Aspettando la Giornata Internazionale delle persone con Disabilit\u00e0","datePublished":"2017-11-13T18:27:44+00:00","mainEntityOfPage":{"@id":"https:\/\/www.romaoggi.eu\/index.php\/2017\/11\/13\/diverso-da-chi\/"},"wordCount":242,"commentCount":0,"publisher":{"@id":"https:\/\/www.romaoggi.eu\/#organization"},"image":{"@id":"https:\/\/www.romaoggi.eu\/index.php\/2017\/11\/13\/diverso-da-chi\/#primaryimage"},"thumbnailUrl":"https:\/\/www.romaoggi.eu\/wp-content\/uploads\/2017\/11\/locandina-evento-1.jpg","keywords":["2 dicembre","2017","Caff\u00e8 Letterario di Roma","Cooperativa Sociale H-anno zero Onlus","cristiano morelli","Diverso da chi","Giornata Internazionale delle persone con Disabilit\u00e0","italia","lazio","Regione Lazio","roma","RomaOggi.eu","rome","Scooppiati diversamente Band"],"articleSection":["Eventi"],"inLanguage":"it-IT","potentialAction":[{"@type":"CommentAction","name":"Comment","target":["https:\/\/www.romaoggi.eu\/index.php\/2017\/11\/13\/diverso-da-chi\/#respond"]}]},{"@type":"WebPage","@id":"https:\/\/www.romaoggi.eu\/index.php\/2017\/11\/13\/diverso-da-chi\/","url":"https:\/\/www.romaoggi.eu\/index.php\/2017\/11\/13\/diverso-da-chi\/","name":"\"DIVERSO DA CHI ?\" Aspettando la Giornata Internazionale delle persone con Disabilit\u00e0","isPartOf":{"@id":"https:\/\/www.romaoggi.eu\/#website"},"primaryImageOfPage":{"@id":"https:\/\/www.romaoggi.eu\/index.php\/2017\/11\/13\/diverso-da-chi\/#primaryimage"},"image":{"@id":"https:\/\/www.romaoggi.eu\/index.php\/2017\/11\/13\/diverso-da-chi\/#primaryimage"},"thumbnailUrl":"https:\/\/www.romaoggi.eu\/wp-content\/uploads\/2017\/11\/locandina-evento-1.jpg","datePublished":"2017-11-13T18:27:44+00:00","description":"Si svolger\u00e0 il 2 dicembre 2017 al Caff\u00e8 Letterario di Roma (via Ostiense 95) a partire dalle ore 20.00 l\u2019evento \"DIVERSO DA CHI ?\" - ...","breadcrumb":{"@id":"https:\/\/www.romaoggi.eu\/index.php\/2017\/11\/13\/diverso-da-chi\/#breadcrumb"},"inLanguage":"it-IT","potentialAction":[{"@type":"ReadAction","target":["https:\/\/www.romaoggi.eu\/index.php\/2017\/11\/13\/diverso-da-chi\/"]}]},{"@type":"ImageObject","inLanguage":"it-IT","@id":"https:\/\/www.romaoggi.eu\/index.php\/2017\/11\/13\/diverso-da-chi\/#primaryimage","url":"https:\/\/www.romaoggi.eu\/wp-content\/uploads\/2017\/11\/locandina-evento-1.jpg","contentUrl":"https:\/\/www.romaoggi.eu\/wp-content\/uploads\/2017\/11\/locandina-evento-1.jpg","width":500,"height":707,"caption":"Alt text diverso da chi"},{"@type":"BreadcrumbList","@id":"https:\/\/www.romaoggi.eu\/index.php\/2017\/11\/13\/diverso-da-chi\/#breadcrumb","itemListElement":[{"@type":"ListItem","position":1,"name":"Home","item":"https:\/\/www.romaoggi.eu\/"},{"@type":"ListItem","position":2,"name":"&#8220;DIVERSO DA CHI ?&#8221; Aspettando la Giornata Internazionale delle persone con Disabilit\u00e0"}]},{"@type":"WebSite","@id":"https:\/\/www.romaoggi.eu\/#website","url":"https:\/\/www.romaoggi.eu\/","name":"roma oggi","description":"Interesting News for Interesting people","publisher":{"@id":"https:\/\/www.romaoggi.eu\/#organization"},"potentialAction":[{"@type":"SearchAction","target":{"@type":"EntryPoint","urlTemplate":"https:\/\/www.romaoggi.eu\/?s={search_term_string}"},"query-input":{"@type":"PropertyValueSpecification","valueRequired":true,"valueName":"search_term_string"}}],"inLanguage":"it-IT"},{"@type":"Organization","@id":"https:\/\/www.romaoggi.eu\/#organization","name":"RomaOggi","url":"https:\/\/www.romaoggi.eu\/","logo":{"@type":"ImageObject","inLanguage":"it-IT","@id":"https:\/\/www.romaoggi.eu\/#\/schema\/logo\/image\/","url":"https:\/\/www.romaoggi.eu\/wp-content\/uploads\/2017\/04\/logowp.jpg","contentUrl":"https:\/\/www.romaoggi.eu\/wp-content\/uploads\/2017\/04\/logowp.jpg","width":300,"height":133,"caption":"RomaOggi"},"image":{"@id":"https:\/\/www.romaoggi.eu\/#\/schema\/logo\/image\/"},"sameAs":["https:\/\/www.facebook.com\/RomaOggi-841544845954114","https:\/\/x.com\/romaoggi_eu"]},{"@type":"Person","@id":"https:\/\/www.romaoggi.eu\/#\/schema\/person\/cc12bfd93370392d7e41d243e47e6681","name":"Flavio","image":{"@type":"ImageObject","inLanguage":"it-IT","@id":"https:\/\/secure.gravatar.com\/avatar\/7e044ce830ea97853e01500437b37dff4a622b20a194e4d0efe9b67e918f19e5?s=96&d=mm&r=g","url":"https:\/\/secure.gravatar.com\/avatar\/7e044ce830ea97853e01500437b37dff4a622b20a194e4d0efe9b67e918f19e5?s=96&d=mm&r=g","contentUrl":"https:\/\/secure.gravatar.com\/avatar\/7e044ce830ea97853e01500437b37dff4a622b20a194e4d0efe9b67e918f19e5?s=96&d=mm&r=g","caption":"Flavio"},"url":"https:\/\/www.romaoggi.eu\/index.php\/author\/cristiano\/"}]}},"_links":{"self":[{"href":"https:\/\/www.romaoggi.eu\/index.php\/wp-json\/wp\/v2\/posts\/11531","targetHints":{"allow":["GET"]}}],"collection":[{"href":"https:\/\/www.romaoggi.eu\/index.php\/wp-json\/wp\/v2\/posts"}],"about":[{"href":"https:\/\/www.romaoggi.eu\/index.php\/wp-json\/wp\/v2\/types\/post"}],"author":[{"embeddable":true,"href":"https:\/\/www.romaoggi.eu\/index.php\/wp-json\/wp\/v2\/users\/5"}],"replies":[{"embeddable":true,"href":"https:\/\/www.romaoggi.eu\/index.php\/wp-json\/wp\/v2\/comments?post=11531"}],"version-history":[{"count":4,"href":"https:\/\/www.romaoggi.eu\/index.php\/wp-json\/wp\/v2\/posts\/11531\/revisions"}],"predecessor-version":[{"id":11538,"href":"https:\/\/www.romaoggi.eu\/index.php\/wp-json\/wp\/v2\/posts\/11531\/revisions\/11538"}],"wp:featuredmedia":[{"embeddable":true,"href":"https:\/\/www.romaoggi.eu\/index.php\/wp-json\/wp\/v2\/media\/11534"}],"wp:attachment":[{"href":"https:\/\/www.romaoggi.eu\/index.php\/wp-json\/wp\/v2\/media?parent=11531"}],"wp:term":[{"taxonomy":"category","embeddable":true,"href":"https:\/\/www.romaoggi.eu\/index.php\/wp-json\/wp\/v2\/categories?post=11531"},{"taxonomy":"post_tag","embeddable":true,"href":"https:\/\/www.romaoggi.eu\/index.php\/wp-json\/wp\/v2\/tags?post=11531"}],"curies":[{"name":"wp","href":"https:\/\/api.w.org\/{rel}","templated":true}]}}