{"id":11633,"date":"2017-11-17T07:53:57","date_gmt":"2017-11-17T06:53:57","guid":{"rendered":"http:\/\/www.romaoggi.eu\/?p=11633"},"modified":"2017-11-17T07:53:57","modified_gmt":"2017-11-17T06:53:57","slug":"a-porte-chiuse","status":"publish","type":"post","link":"https:\/\/www.romaoggi.eu\/index.php\/2017\/11\/17\/a-porte-chiuse\/","title":{"rendered":"Arriva all\u2019Off\/Off  Theatre, &#8220;A porte chiuse. Dentro l\u2019anima che cuoce&#8221;"},"content":{"rendered":"<p align=\"JUSTIFY\">Ispirato ad uno dei capolavori della drammaturgia europea, scritto nel 1944 da Jean-Paul Sartre, A porte chiuse, racconta il dialogo tra due donne e un uomo, rinchiusi in quell&#8217;elegante salotto perbene che \u00e8 l\u2019eternit\u00e0, metafora di un aldil\u00e0 in cui sono condannati a protrarre la loro pena, rigettandosi in faccia verit\u00e0 scomode e vivendo ancora una volta \u201cquell\u2019inferno rappresentato dagli altri\u201d.<\/p>\n<p align=\"JUSTIFY\">Una metafora delle relazioni sociali e della stessa identit\u00e0, formata dalla prospettiva degli altri. Un\u2019intuizione che rimane sempre potente per la sua capacit\u00e0 di descrivere i rapporti umani, e dunque le aberrazioni e forzature del giudizio altrui, anche 70 anni dopo, nell\u2019epoca in cui il \u201ccontrollo\u201d dell\u2019altro passa impietoso e violento attraverso i media e i social network in un \u201cinferno globale\u201d che \u00e8 l\u2019ambiente in cui viviamo.<\/p>\n<p align=\"JUSTIFY\">Dopo gli \u201cinferni\u201d di Copi, Elfriede Jelinek, Kolt\u00e8s, Beckett o Pasolini, Andrea Adriatico approda all\u2019opera pi\u00f9 esplicita riguardante la pressione sociale come fonte di sofferenza per l\u2019uomo della nostra epoca. E lo fa in una coproduzione che vede coinvolti Teatri di Vita, Akr\u00f2ama T.L.S. E Teatri di Bari, nell\u2019ambito del VIE Festival.<\/p>\n<p align=\"JUSTIFY\"><img loading=\"lazy\" decoding=\"async\" class=\"aligncenter wp-image-11635 size-full\" src=\"https:\/\/www.romaoggi.eu\/wp-content\/uploads\/2017\/11\/2.A-Porte-Chiuse-Regia-di-Andrea-Adriatico.jpg\" alt=\"Alt Text A porte chiuse\" width=\"640\" height=\"425\" srcset=\"https:\/\/www.romaoggi.eu\/wp-content\/uploads\/2017\/11\/2.A-Porte-Chiuse-Regia-di-Andrea-Adriatico.jpg 640w, https:\/\/www.romaoggi.eu\/wp-content\/uploads\/2017\/11\/2.A-Porte-Chiuse-Regia-di-Andrea-Adriatico-300x199.jpg 300w\" sizes=\"auto, (max-width: 640px) 100vw, 640px\" \/><\/p>\n<p align=\"JUSTIFY\">Lo spettacolo rientra nel progetto Atlante: \u201cprogetto cervicale per chi soffre di dolori al collo, dolori da peso del mondo\u201d, che si sviluppa attraverso gli spazi urbani. Dopo Bologna, 900 e duemila, prima tappa di Atlante negli spazi monumentali del capoluogo emiliano, arriva lo spazio tutto interiore e domestico di A porte chiuse, seconda parte del progetto.<\/p>\n<p align=\"JUSTIFY\">Andrea Adriatico compone partiture della parola e dello spazio, facendo base nella casa bolognese di Teatri di Vita creata nel 1993, incontrando drammaturgie come quelle di Kolt\u00e8s, Pasolini, Beckett, Copi, Jelinek, attraversando numerosi festival da Santarcangelo alla Biennale Teatro. Al cinema racconta rimozioni intime (nei film Il vento, di sera; All\u2019amore assente) e pubbliche (nei documentari +o- il sesso confuso. racconti di mondi nell\u2019era aids, e Torri, checche e tortellini), presentate e premiate in festival internazionali.<\/p>\n<p align=\"JUSTIFY\">Gianluca Enria, attore e regista, stretto collaboratore di Giancarlo Sepe dal 1998, \u00e8 stato diretto tra l\u2019altro da Luca Ronconi (La morte innamorata), Carmelo Bene (Hommelette for Hamlet), Andrea Camilleri, Attilio Corsini, Roberto Guicciardini. Con la regia di Andrea Adriatico ha interpretato diversi spettacoli (tra cui Il ritorno al deserto, Giorni felici, Bologna 900 e duemila). Inoltre ha lavorato per il cinema, la radio e la televisione. Come regista ha messo in scena opere di Schwarz, Ripoll, Jarman.<\/p>\n<p align=\"JUSTIFY\">Teresa Ludovico, attrice e regista, direttrice artistica del Teatro Kismet e oggi dei Teatri di Bari. Ha collaborato con molti artisti, da Marco Martinelli a Giovanni Tamborrino. Ha diretto e interpretato, tra gli altri, i testi di Antonio Tarantino Piccola Antigone e Cara Medea e Namur, e ha diretto opere liriche (al Petruzzelli di Bari) e numerosi spettacoli anche in Inghilterra e Giappone, ricevendo premi. Con i Radiodervish ha realizzato In search of Simurgh(Premio dello Spettatore a Teatri di Vita).<\/p>\n<p align=\"JUSTIFY\">Francesca Mazza, attrice protagonista del teatro contemporaneo italiano, ha lavorato a lungo con Leo de Berardinis con il quale ha fondato il Teatro di Leo negli anni \u201980. Ha lavorato, tra gli altri, con Alfonso Santagata, Raul Ruiz, Fernando Solanas, Jacques Lassalle, Julie Ann Anzilotti, Fanny &amp; Alexander e Pietro Babina. Con la direzione di Andrea Adriatico ha interpretato, tra l\u2019altro, Madame de Sade, Il ritorno al deserto, Non io e il film Il vento, di sera. Ha vinto il Premio Ubu due volte, nel 2005 e nel 2010.<\/p>\n<p align=\"JUSTIFY\">A porte chiuse<\/p>\n<p align=\"JUSTIFY\">Dentro l\u2019anima che cuoce<\/p>\n<p align=\"JUSTIFY\">A cura di Daniela Cotti, Saverio Peschechera e Marco Argentina, Andrea Stegani<\/p>\n<p align=\"JUSTIFY\">scene e costumi Andrea Barberini<\/p>\n<p align=\"JUSTIFY\">tecnica Francesco Zanuccoli<\/p>\n<p align=\"JUSTIFY\">una produzione Teatri di Vita, Akr\u00f2ama T.L.S.<\/p>\n<p align=\"JUSTIFY\">con la collaborazione di Teatri di Bari<\/p>\n<p align=\"JUSTIFY\">con il sostegno di Comune di Bologna \u2013 Settore Cultura, Regione Emilia-Romagna \u2013 Servizio Cultura, Ministero dei Beni e delle Attivit\u00e0 Culturali e del Turismo<\/p>\n<p align=\"JUSTIFY\"><a href=\"http:\/\/off-offtheatre.com\/\">OFF\/OFF THEATRE<\/a><\/p>\n<p align=\"JUSTIFY\">Via Giulia, 20 \u2013 Roma \u2013 Info: +39 06.89239515 &#8211; +39 389.4679285<\/p>\n<p align=\"JUSTIFY\"><a href=\"mailto:offofftheatre.biglietteria@gmail.com\">offofftheatre.biglietteria@gmail.com<\/a><\/p>\n<p align=\"CENTER\">Costo Biglietti: intero 25 \u20ac; ridotto 18 \u20ac Over 65 e Under 26; 10 \u20ac per gruppi \u2013 info@altacademy,it<\/p>\n<p align=\"CENTER\">Dal marted\u00ec al sabato h. 21,00 \u2013 Domenica h. 17,00<\/p>\n<p align=\"JUSTIFY\"><a href=\"https:\/\/www.romaoggi.eu\/index.php\/2017\/10\/21\/hostaria-edmondo\/\"><b>RomaO<\/b><b>ggi.eu \u2192 Leggi il prossimo articolo<\/b><\/a><\/p>\n<p align=\"JUSTIFY\">La Redazione<\/p>\n<p align=\"JUSTIFY\">RomaOggi.eu \u201cInteresting news for interesting people\u201d<\/p>\n<figure id=\"attachment_10440\" aria-describedby=\"caption-attachment-10440\" style=\"width: 1024px\" class=\"wp-caption aligncenter\"><img loading=\"lazy\" decoding=\"async\" class=\"wp-image-10440 size-large\" src=\"https:\/\/www.romaoggi.eu\/wp-content\/uploads\/2017\/09\/image3-1-1024x690.jpg\" alt=\"Alt text Roma calcio femminile\" width=\"1024\" height=\"690\" srcset=\"https:\/\/www.romaoggi.eu\/wp-content\/uploads\/2017\/09\/image3-1-1024x690.jpg 1024w, https:\/\/www.romaoggi.eu\/wp-content\/uploads\/2017\/09\/image3-1-300x202.jpg 300w, https:\/\/www.romaoggi.eu\/wp-content\/uploads\/2017\/09\/image3-1.jpg 1093w\" sizes=\"auto, (max-width: 1024px) 100vw, 1024px\" \/><figcaption id=\"caption-attachment-10440\" class=\"wp-caption-text\">Indirizzo: Circonvallazione Clodia, 90, 00195 Roma RM<br \/> Telefono: 06 370 1272<\/figcaption><\/figure>\n","protected":false},"excerpt":{"rendered":"<div class=\"mh-excerpt\"><p>Ispirato ad uno dei capolavori della drammaturgia europea, scritto nel 1944 da Jean-Paul Sartre, A porte chiuse, racconta il dialogo tra due donne e un uomo, rinchiusi in quell&#8217;elegante salotto perbene che \u00e8 l\u2019eternit\u00e0, metafora <a class=\"mh-excerpt-more\" href=\"https:\/\/www.romaoggi.eu\/index.php\/2017\/11\/17\/a-porte-chiuse\/\" title=\"Arriva all\u2019Off\/Off  Theatre, &#8220;A porte chiuse. Dentro l\u2019anima che cuoce&#8221;\">[&#8230;]<\/a><\/p>\n<\/div>","protected":false},"author":5,"featured_media":11634,"comment_status":"open","ping_status":"open","sticky":false,"template":"","format":"standard","meta":{"_sitemap_exclude":false,"_sitemap_priority":"","_sitemap_frequency":"","footnotes":""},"categories":[4281],"tags":[6483,8438,26,7691,877,8437,159,8238,1644,109,1738,634,8240],"class_list":["post-11633","post","type-post","status-publish","format-standard","has-post-thumbnail","hentry","category-teatro","tag-6483","tag-a-porte-chiuse","tag-cristiano-morelli","tag-hostaria-edmondo","tag-italia","tag-jean-paul-sartre","tag-lazio","tag-offoff-theatre","tag-regione-lazio","tag-roma","tag-romaoggi-eu","tag-rome","tag-via-giulia"],"yoast_head":"<!-- This site is optimized with the Yoast SEO plugin v27.5 - https:\/\/yoast.com\/product\/yoast-seo-wordpress\/ -->\n<title>Arriva all\u2019Off\/Off Theatre, &quot;A porte chiuse. Dentro l\u2019anima che cuoce&quot;<\/title>\n<meta name=\"description\" content=\"Ispirato ad uno dei capolavori della drammaturgia europea, scritto nel 1944 da Jean-Paul Sartre, A porte chiuse, racconta il dialogo tra...\" \/>\n<meta name=\"robots\" content=\"index, follow, max-snippet:-1, max-image-preview:large, max-video-preview:-1\" \/>\n<link rel=\"canonical\" href=\"https:\/\/www.romaoggi.eu\/index.php\/2017\/11\/17\/a-porte-chiuse\/\" \/>\n<meta property=\"og:locale\" content=\"it_IT\" \/>\n<meta property=\"og:type\" content=\"article\" \/>\n<meta property=\"og:title\" content=\"Arriva all\u2019Off\/Off Theatre, &quot;A porte chiuse. Dentro l\u2019anima che cuoce&quot;\" \/>\n<meta property=\"og:description\" content=\"Ispirato ad uno dei capolavori della drammaturgia europea, scritto nel 1944 da Jean-Paul Sartre, A porte chiuse, racconta il dialogo tra...\" \/>\n<meta property=\"og:url\" content=\"https:\/\/www.romaoggi.eu\/index.php\/2017\/11\/17\/a-porte-chiuse\/\" \/>\n<meta property=\"og:site_name\" content=\"roma oggi\" \/>\n<meta property=\"article:publisher\" content=\"https:\/\/www.facebook.com\/RomaOggi-841544845954114\" \/>\n<meta property=\"article:published_time\" content=\"2017-11-17T06:53:57+00:00\" \/>\n<meta property=\"og:image\" content=\"https:\/\/www.romaoggi.eu\/wp-content\/uploads\/2017\/11\/1.A-Porte-Chiuse-Regia-di-Andrea-Adriatico.jpg\" \/>\n\t<meta property=\"og:image:width\" content=\"800\" \/>\n\t<meta property=\"og:image:height\" content=\"533\" \/>\n\t<meta property=\"og:image:type\" content=\"image\/jpeg\" \/>\n<meta name=\"author\" content=\"Flavio\" \/>\n<meta name=\"twitter:card\" content=\"summary_large_image\" \/>\n<meta name=\"twitter:creator\" content=\"@romaoggi_eu\" \/>\n<meta name=\"twitter:site\" content=\"@romaoggi_eu\" \/>\n<meta name=\"twitter:label1\" content=\"Scritto da\" \/>\n\t<meta name=\"twitter:data1\" content=\"Flavio\" \/>\n\t<meta name=\"twitter:label2\" content=\"Tempo di lettura stimato\" \/>\n\t<meta name=\"twitter:data2\" content=\"3 minuti\" \/>\n<script type=\"application\/ld+json\" class=\"yoast-schema-graph\">{\"@context\":\"https:\\\/\\\/schema.org\",\"@graph\":[{\"@type\":\"Article\",\"@id\":\"https:\\\/\\\/www.romaoggi.eu\\\/index.php\\\/2017\\\/11\\\/17\\\/a-porte-chiuse\\\/#article\",\"isPartOf\":{\"@id\":\"https:\\\/\\\/www.romaoggi.eu\\\/index.php\\\/2017\\\/11\\\/17\\\/a-porte-chiuse\\\/\"},\"author\":{\"name\":\"Flavio\",\"@id\":\"https:\\\/\\\/www.romaoggi.eu\\\/#\\\/schema\\\/person\\\/cc12bfd93370392d7e41d243e47e6681\"},\"headline\":\"Arriva all\u2019Off\\\/Off Theatre, &#8220;A porte chiuse. Dentro l\u2019anima che cuoce&#8221;\",\"datePublished\":\"2017-11-17T06:53:57+00:00\",\"mainEntityOfPage\":{\"@id\":\"https:\\\/\\\/www.romaoggi.eu\\\/index.php\\\/2017\\\/11\\\/17\\\/a-porte-chiuse\\\/\"},\"wordCount\":710,\"commentCount\":0,\"publisher\":{\"@id\":\"https:\\\/\\\/www.romaoggi.eu\\\/#organization\"},\"image\":{\"@id\":\"https:\\\/\\\/www.romaoggi.eu\\\/index.php\\\/2017\\\/11\\\/17\\\/a-porte-chiuse\\\/#primaryimage\"},\"thumbnailUrl\":\"https:\\\/\\\/www.romaoggi.eu\\\/wp-content\\\/uploads\\\/2017\\\/11\\\/1.A-Porte-Chiuse-Regia-di-Andrea-Adriatico.jpg\",\"keywords\":[\"2017\",\"A porte chiuse\",\"cristiano morelli\",\"Hostaria Edmondo\",\"italia\",\"Jean-Paul Sartre\",\"lazio\",\"OFF\\\/OFF Theatre\",\"Regione Lazio\",\"roma\",\"RomaOggi.eu\",\"rome\",\"Via Giulia\"],\"articleSection\":[\"teatro\"],\"inLanguage\":\"it-IT\",\"potentialAction\":[{\"@type\":\"CommentAction\",\"name\":\"Comment\",\"target\":[\"https:\\\/\\\/www.romaoggi.eu\\\/index.php\\\/2017\\\/11\\\/17\\\/a-porte-chiuse\\\/#respond\"]}]},{\"@type\":\"WebPage\",\"@id\":\"https:\\\/\\\/www.romaoggi.eu\\\/index.php\\\/2017\\\/11\\\/17\\\/a-porte-chiuse\\\/\",\"url\":\"https:\\\/\\\/www.romaoggi.eu\\\/index.php\\\/2017\\\/11\\\/17\\\/a-porte-chiuse\\\/\",\"name\":\"Arriva all\u2019Off\\\/Off Theatre, \\\"A porte chiuse. Dentro l\u2019anima che cuoce\\\"\",\"isPartOf\":{\"@id\":\"https:\\\/\\\/www.romaoggi.eu\\\/#website\"},\"primaryImageOfPage\":{\"@id\":\"https:\\\/\\\/www.romaoggi.eu\\\/index.php\\\/2017\\\/11\\\/17\\\/a-porte-chiuse\\\/#primaryimage\"},\"image\":{\"@id\":\"https:\\\/\\\/www.romaoggi.eu\\\/index.php\\\/2017\\\/11\\\/17\\\/a-porte-chiuse\\\/#primaryimage\"},\"thumbnailUrl\":\"https:\\\/\\\/www.romaoggi.eu\\\/wp-content\\\/uploads\\\/2017\\\/11\\\/1.A-Porte-Chiuse-Regia-di-Andrea-Adriatico.jpg\",\"datePublished\":\"2017-11-17T06:53:57+00:00\",\"description\":\"Ispirato ad uno dei capolavori della drammaturgia europea, scritto nel 1944 da Jean-Paul Sartre, A porte chiuse, racconta il dialogo tra...\",\"breadcrumb\":{\"@id\":\"https:\\\/\\\/www.romaoggi.eu\\\/index.php\\\/2017\\\/11\\\/17\\\/a-porte-chiuse\\\/#breadcrumb\"},\"inLanguage\":\"it-IT\",\"potentialAction\":[{\"@type\":\"ReadAction\",\"target\":[\"https:\\\/\\\/www.romaoggi.eu\\\/index.php\\\/2017\\\/11\\\/17\\\/a-porte-chiuse\\\/\"]}]},{\"@type\":\"ImageObject\",\"inLanguage\":\"it-IT\",\"@id\":\"https:\\\/\\\/www.romaoggi.eu\\\/index.php\\\/2017\\\/11\\\/17\\\/a-porte-chiuse\\\/#primaryimage\",\"url\":\"https:\\\/\\\/www.romaoggi.eu\\\/wp-content\\\/uploads\\\/2017\\\/11\\\/1.A-Porte-Chiuse-Regia-di-Andrea-Adriatico.jpg\",\"contentUrl\":\"https:\\\/\\\/www.romaoggi.eu\\\/wp-content\\\/uploads\\\/2017\\\/11\\\/1.A-Porte-Chiuse-Regia-di-Andrea-Adriatico.jpg\",\"width\":800,\"height\":533,\"caption\":\"Alt Text A porte chiuse\"},{\"@type\":\"BreadcrumbList\",\"@id\":\"https:\\\/\\\/www.romaoggi.eu\\\/index.php\\\/2017\\\/11\\\/17\\\/a-porte-chiuse\\\/#breadcrumb\",\"itemListElement\":[{\"@type\":\"ListItem\",\"position\":1,\"name\":\"Home\",\"item\":\"https:\\\/\\\/www.romaoggi.eu\\\/\"},{\"@type\":\"ListItem\",\"position\":2,\"name\":\"Arriva all\u2019Off\\\/Off Theatre, &#8220;A porte chiuse. Dentro l\u2019anima che cuoce&#8221;\"}]},{\"@type\":\"WebSite\",\"@id\":\"https:\\\/\\\/www.romaoggi.eu\\\/#website\",\"url\":\"https:\\\/\\\/www.romaoggi.eu\\\/\",\"name\":\"roma oggi\",\"description\":\"Interesting News for Interesting people\",\"publisher\":{\"@id\":\"https:\\\/\\\/www.romaoggi.eu\\\/#organization\"},\"potentialAction\":[{\"@type\":\"SearchAction\",\"target\":{\"@type\":\"EntryPoint\",\"urlTemplate\":\"https:\\\/\\\/www.romaoggi.eu\\\/?s={search_term_string}\"},\"query-input\":{\"@type\":\"PropertyValueSpecification\",\"valueRequired\":true,\"valueName\":\"search_term_string\"}}],\"inLanguage\":\"it-IT\"},{\"@type\":\"Organization\",\"@id\":\"https:\\\/\\\/www.romaoggi.eu\\\/#organization\",\"name\":\"RomaOggi\",\"url\":\"https:\\\/\\\/www.romaoggi.eu\\\/\",\"logo\":{\"@type\":\"ImageObject\",\"inLanguage\":\"it-IT\",\"@id\":\"https:\\\/\\\/www.romaoggi.eu\\\/#\\\/schema\\\/logo\\\/image\\\/\",\"url\":\"https:\\\/\\\/www.romaoggi.eu\\\/wp-content\\\/uploads\\\/2017\\\/04\\\/logowp.jpg\",\"contentUrl\":\"https:\\\/\\\/www.romaoggi.eu\\\/wp-content\\\/uploads\\\/2017\\\/04\\\/logowp.jpg\",\"width\":300,\"height\":133,\"caption\":\"RomaOggi\"},\"image\":{\"@id\":\"https:\\\/\\\/www.romaoggi.eu\\\/#\\\/schema\\\/logo\\\/image\\\/\"},\"sameAs\":[\"https:\\\/\\\/www.facebook.com\\\/RomaOggi-841544845954114\",\"https:\\\/\\\/x.com\\\/romaoggi_eu\"]},{\"@type\":\"Person\",\"@id\":\"https:\\\/\\\/www.romaoggi.eu\\\/#\\\/schema\\\/person\\\/cc12bfd93370392d7e41d243e47e6681\",\"name\":\"Flavio\",\"image\":{\"@type\":\"ImageObject\",\"inLanguage\":\"it-IT\",\"@id\":\"https:\\\/\\\/secure.gravatar.com\\\/avatar\\\/7e044ce830ea97853e01500437b37dff4a622b20a194e4d0efe9b67e918f19e5?s=96&d=mm&r=g\",\"url\":\"https:\\\/\\\/secure.gravatar.com\\\/avatar\\\/7e044ce830ea97853e01500437b37dff4a622b20a194e4d0efe9b67e918f19e5?s=96&d=mm&r=g\",\"contentUrl\":\"https:\\\/\\\/secure.gravatar.com\\\/avatar\\\/7e044ce830ea97853e01500437b37dff4a622b20a194e4d0efe9b67e918f19e5?s=96&d=mm&r=g\",\"caption\":\"Flavio\"},\"url\":\"https:\\\/\\\/www.romaoggi.eu\\\/index.php\\\/author\\\/cristiano\\\/\"}]}<\/script>\n<!-- \/ Yoast SEO plugin. -->","yoast_head_json":{"title":"Arriva all\u2019Off\/Off Theatre, \"A porte chiuse. Dentro l\u2019anima che cuoce\"","description":"Ispirato ad uno dei capolavori della drammaturgia europea, scritto nel 1944 da Jean-Paul Sartre, A porte chiuse, racconta il dialogo tra...","robots":{"index":"index","follow":"follow","max-snippet":"max-snippet:-1","max-image-preview":"max-image-preview:large","max-video-preview":"max-video-preview:-1"},"canonical":"https:\/\/www.romaoggi.eu\/index.php\/2017\/11\/17\/a-porte-chiuse\/","og_locale":"it_IT","og_type":"article","og_title":"Arriva all\u2019Off\/Off Theatre, \"A porte chiuse. Dentro l\u2019anima che cuoce\"","og_description":"Ispirato ad uno dei capolavori della drammaturgia europea, scritto nel 1944 da Jean-Paul Sartre, A porte chiuse, racconta il dialogo tra...","og_url":"https:\/\/www.romaoggi.eu\/index.php\/2017\/11\/17\/a-porte-chiuse\/","og_site_name":"roma oggi","article_publisher":"https:\/\/www.facebook.com\/RomaOggi-841544845954114","article_published_time":"2017-11-17T06:53:57+00:00","og_image":[{"width":800,"height":533,"url":"https:\/\/www.romaoggi.eu\/wp-content\/uploads\/2017\/11\/1.A-Porte-Chiuse-Regia-di-Andrea-Adriatico.jpg","type":"image\/jpeg"}],"author":"Flavio","twitter_card":"summary_large_image","twitter_creator":"@romaoggi_eu","twitter_site":"@romaoggi_eu","twitter_misc":{"Scritto da":"Flavio","Tempo di lettura stimato":"3 minuti"},"schema":{"@context":"https:\/\/schema.org","@graph":[{"@type":"Article","@id":"https:\/\/www.romaoggi.eu\/index.php\/2017\/11\/17\/a-porte-chiuse\/#article","isPartOf":{"@id":"https:\/\/www.romaoggi.eu\/index.php\/2017\/11\/17\/a-porte-chiuse\/"},"author":{"name":"Flavio","@id":"https:\/\/www.romaoggi.eu\/#\/schema\/person\/cc12bfd93370392d7e41d243e47e6681"},"headline":"Arriva all\u2019Off\/Off Theatre, &#8220;A porte chiuse. Dentro l\u2019anima che cuoce&#8221;","datePublished":"2017-11-17T06:53:57+00:00","mainEntityOfPage":{"@id":"https:\/\/www.romaoggi.eu\/index.php\/2017\/11\/17\/a-porte-chiuse\/"},"wordCount":710,"commentCount":0,"publisher":{"@id":"https:\/\/www.romaoggi.eu\/#organization"},"image":{"@id":"https:\/\/www.romaoggi.eu\/index.php\/2017\/11\/17\/a-porte-chiuse\/#primaryimage"},"thumbnailUrl":"https:\/\/www.romaoggi.eu\/wp-content\/uploads\/2017\/11\/1.A-Porte-Chiuse-Regia-di-Andrea-Adriatico.jpg","keywords":["2017","A porte chiuse","cristiano morelli","Hostaria Edmondo","italia","Jean-Paul Sartre","lazio","OFF\/OFF Theatre","Regione Lazio","roma","RomaOggi.eu","rome","Via Giulia"],"articleSection":["teatro"],"inLanguage":"it-IT","potentialAction":[{"@type":"CommentAction","name":"Comment","target":["https:\/\/www.romaoggi.eu\/index.php\/2017\/11\/17\/a-porte-chiuse\/#respond"]}]},{"@type":"WebPage","@id":"https:\/\/www.romaoggi.eu\/index.php\/2017\/11\/17\/a-porte-chiuse\/","url":"https:\/\/www.romaoggi.eu\/index.php\/2017\/11\/17\/a-porte-chiuse\/","name":"Arriva all\u2019Off\/Off Theatre, \"A porte chiuse. Dentro l\u2019anima che cuoce\"","isPartOf":{"@id":"https:\/\/www.romaoggi.eu\/#website"},"primaryImageOfPage":{"@id":"https:\/\/www.romaoggi.eu\/index.php\/2017\/11\/17\/a-porte-chiuse\/#primaryimage"},"image":{"@id":"https:\/\/www.romaoggi.eu\/index.php\/2017\/11\/17\/a-porte-chiuse\/#primaryimage"},"thumbnailUrl":"https:\/\/www.romaoggi.eu\/wp-content\/uploads\/2017\/11\/1.A-Porte-Chiuse-Regia-di-Andrea-Adriatico.jpg","datePublished":"2017-11-17T06:53:57+00:00","description":"Ispirato ad uno dei capolavori della drammaturgia europea, scritto nel 1944 da Jean-Paul Sartre, A porte chiuse, racconta il dialogo tra...","breadcrumb":{"@id":"https:\/\/www.romaoggi.eu\/index.php\/2017\/11\/17\/a-porte-chiuse\/#breadcrumb"},"inLanguage":"it-IT","potentialAction":[{"@type":"ReadAction","target":["https:\/\/www.romaoggi.eu\/index.php\/2017\/11\/17\/a-porte-chiuse\/"]}]},{"@type":"ImageObject","inLanguage":"it-IT","@id":"https:\/\/www.romaoggi.eu\/index.php\/2017\/11\/17\/a-porte-chiuse\/#primaryimage","url":"https:\/\/www.romaoggi.eu\/wp-content\/uploads\/2017\/11\/1.A-Porte-Chiuse-Regia-di-Andrea-Adriatico.jpg","contentUrl":"https:\/\/www.romaoggi.eu\/wp-content\/uploads\/2017\/11\/1.A-Porte-Chiuse-Regia-di-Andrea-Adriatico.jpg","width":800,"height":533,"caption":"Alt Text A porte chiuse"},{"@type":"BreadcrumbList","@id":"https:\/\/www.romaoggi.eu\/index.php\/2017\/11\/17\/a-porte-chiuse\/#breadcrumb","itemListElement":[{"@type":"ListItem","position":1,"name":"Home","item":"https:\/\/www.romaoggi.eu\/"},{"@type":"ListItem","position":2,"name":"Arriva all\u2019Off\/Off Theatre, &#8220;A porte chiuse. Dentro l\u2019anima che cuoce&#8221;"}]},{"@type":"WebSite","@id":"https:\/\/www.romaoggi.eu\/#website","url":"https:\/\/www.romaoggi.eu\/","name":"roma oggi","description":"Interesting News for Interesting people","publisher":{"@id":"https:\/\/www.romaoggi.eu\/#organization"},"potentialAction":[{"@type":"SearchAction","target":{"@type":"EntryPoint","urlTemplate":"https:\/\/www.romaoggi.eu\/?s={search_term_string}"},"query-input":{"@type":"PropertyValueSpecification","valueRequired":true,"valueName":"search_term_string"}}],"inLanguage":"it-IT"},{"@type":"Organization","@id":"https:\/\/www.romaoggi.eu\/#organization","name":"RomaOggi","url":"https:\/\/www.romaoggi.eu\/","logo":{"@type":"ImageObject","inLanguage":"it-IT","@id":"https:\/\/www.romaoggi.eu\/#\/schema\/logo\/image\/","url":"https:\/\/www.romaoggi.eu\/wp-content\/uploads\/2017\/04\/logowp.jpg","contentUrl":"https:\/\/www.romaoggi.eu\/wp-content\/uploads\/2017\/04\/logowp.jpg","width":300,"height":133,"caption":"RomaOggi"},"image":{"@id":"https:\/\/www.romaoggi.eu\/#\/schema\/logo\/image\/"},"sameAs":["https:\/\/www.facebook.com\/RomaOggi-841544845954114","https:\/\/x.com\/romaoggi_eu"]},{"@type":"Person","@id":"https:\/\/www.romaoggi.eu\/#\/schema\/person\/cc12bfd93370392d7e41d243e47e6681","name":"Flavio","image":{"@type":"ImageObject","inLanguage":"it-IT","@id":"https:\/\/secure.gravatar.com\/avatar\/7e044ce830ea97853e01500437b37dff4a622b20a194e4d0efe9b67e918f19e5?s=96&d=mm&r=g","url":"https:\/\/secure.gravatar.com\/avatar\/7e044ce830ea97853e01500437b37dff4a622b20a194e4d0efe9b67e918f19e5?s=96&d=mm&r=g","contentUrl":"https:\/\/secure.gravatar.com\/avatar\/7e044ce830ea97853e01500437b37dff4a622b20a194e4d0efe9b67e918f19e5?s=96&d=mm&r=g","caption":"Flavio"},"url":"https:\/\/www.romaoggi.eu\/index.php\/author\/cristiano\/"}]}},"_links":{"self":[{"href":"https:\/\/www.romaoggi.eu\/index.php\/wp-json\/wp\/v2\/posts\/11633","targetHints":{"allow":["GET"]}}],"collection":[{"href":"https:\/\/www.romaoggi.eu\/index.php\/wp-json\/wp\/v2\/posts"}],"about":[{"href":"https:\/\/www.romaoggi.eu\/index.php\/wp-json\/wp\/v2\/types\/post"}],"author":[{"embeddable":true,"href":"https:\/\/www.romaoggi.eu\/index.php\/wp-json\/wp\/v2\/users\/5"}],"replies":[{"embeddable":true,"href":"https:\/\/www.romaoggi.eu\/index.php\/wp-json\/wp\/v2\/comments?post=11633"}],"version-history":[{"count":2,"href":"https:\/\/www.romaoggi.eu\/index.php\/wp-json\/wp\/v2\/posts\/11633\/revisions"}],"predecessor-version":[{"id":11646,"href":"https:\/\/www.romaoggi.eu\/index.php\/wp-json\/wp\/v2\/posts\/11633\/revisions\/11646"}],"wp:featuredmedia":[{"embeddable":true,"href":"https:\/\/www.romaoggi.eu\/index.php\/wp-json\/wp\/v2\/media\/11634"}],"wp:attachment":[{"href":"https:\/\/www.romaoggi.eu\/index.php\/wp-json\/wp\/v2\/media?parent=11633"}],"wp:term":[{"taxonomy":"category","embeddable":true,"href":"https:\/\/www.romaoggi.eu\/index.php\/wp-json\/wp\/v2\/categories?post=11633"},{"taxonomy":"post_tag","embeddable":true,"href":"https:\/\/www.romaoggi.eu\/index.php\/wp-json\/wp\/v2\/tags?post=11633"}],"curies":[{"name":"wp","href":"https:\/\/api.w.org\/{rel}","templated":true}]}}