{"id":11679,"date":"2017-11-19T19:42:57","date_gmt":"2017-11-19T18:42:57","guid":{"rendered":"http:\/\/www.romaoggi.eu\/?p=11679"},"modified":"2017-11-19T19:42:57","modified_gmt":"2017-11-19T18:42:57","slug":"trastevere-calcio-3","status":"publish","type":"post","link":"https:\/\/www.romaoggi.eu\/index.php\/2017\/11\/19\/trastevere-calcio-3\/","title":{"rendered":"Cassino \u2013 Trastevere, D&#8217;Alessio: si poteva far di pi\u00f9"},"content":{"rendered":"<h2>Cassino-Trastevere 1-1<\/h2>\n<p align=\"JUSTIFY\">Al termine della partita valida per la 13^ giornata di Campionato di Serie D nel Girone G, il Vicepresidente del Trastevere <a href=\"http:\/\/www.trasteverecalcio.it\/\">Calcio<\/a>, Bruno D&#8217;Alessio, ha commentato il pareggio con cui si \u00e8 conclusa la sfida: &#8220;\u00c8 stata una partita discreta. Alla fine del primo tempo abbiamo pensato di poter portare a casa i 3 punti con una certa facilit\u00e0, ma poi ci siamo impauriti, alcuni dei nostri hanno giocato di poco sotto le riconosciute potenzialit\u00e0. Il risultato finale, considerando l&#8217;andamento della partita, \u00e8 giusto, per\u00f2 come Trastevere pensiamo di aver buttato via 2 punti. Non abbiamo giocato all&#8217;altezza delle nostre possibilit\u00e0. C&#8217;\u00e8 un po&#8217; di rammarico da parte di tutta la dirigenza&#8221;.<\/p>\n<p align=\"JUSTIFY\"><b>Cassino<\/b><\/p>\n<p align=\"JUSTIFY\">Della Pietra, D\u2019Alessandro, Mattera, Partipilo (10\u2032 st Pintori), Maraucci, Moracci, Darboe, Ricamato, Giglio, Celiento (40\u2032 st Lombardi), Tribelli (13\u2032 st Abreu).<\/p>\n<p align=\"JUSTIFY\">A disp. Kuzmanovic, Di Mambro, Brunetti, Cavaliere, Clemente, Coppola.<\/p>\n<p align=\"JUSTIFY\">All. Corrado Urbano.<\/p>\n<p align=\"JUSTIFY\"><b>Trastevere<\/b><\/p>\n<p align=\"JUSTIFY\">Sottoriva, Cotani, Vendetti, Riccucci, Sfan\u00f2 (28&#8242; st Pucino), Martorelli, Panico (21&#8242; st Pagliarini), Mastromattei, Druschky (21&#8242; st Cardillo), Lorusso, Campori (12&#8242; st Calcagni, 40&#8242; st Vassallo).<\/p>\n<p align=\"JUSTIFY\">A disp. Caruso, Scaglietta, Bernardotto, Neri.<\/p>\n<p align=\"JUSTIFY\">All. Aldo Gardini.<\/p>\n<p align=\"JUSTIFY\">Arbitro: Sig. Boscarino (Siracusa)<\/p>\n<p align=\"JUSTIFY\">Assistenti: Sig. Cravotta (Citt\u00e0 di Castello) e sig. Di Sante (Foligno)<\/p>\n<p align=\"JUSTIFY\">Marcatori: Ricamato (9&#8242; pt) per Cassino; Lorusso ( 43&#8242; pt, rig.) per Trastevere.<\/p>\n<p align=\"JUSTIFY\">Note<\/p>\n<p align=\"JUSTIFY\">Ammoniti: Maraucci, Moracci, Cotani, Mattera, D\u2019Alessandro.<\/p>\n<p align=\"JUSTIFY\">Espulsi:<\/p>\n<p align=\"JUSTIFY\">Recupero: 4&#8242; pt, 4&#8242; st.<\/p>\n<p align=\"JUSTIFY\"><a href=\"https:\/\/www.romaoggi.eu\/index.php\/2017\/10\/21\/hostaria-edmondo\/\"><b>RomaOggi.eu \u2192 Leggi il prossimo articolo<\/b><\/a><\/p>\n<p align=\"JUSTIFY\">La Redazione<\/p>\n<p align=\"JUSTIFY\">RomaOggi.eu \u201cInteresting news for interesting people\u201d<\/p>\n<figure id=\"attachment_10440\" aria-describedby=\"caption-attachment-10440\" style=\"width: 1024px\" class=\"wp-caption aligncenter\"><img loading=\"lazy\" decoding=\"async\" class=\"wp-image-10440 size-large\" src=\"https:\/\/www.romaoggi.eu\/wp-content\/uploads\/2017\/09\/image3-1-1024x690.jpg\" alt=\"Alt text Roma calcio femminile\" width=\"1024\" height=\"690\" srcset=\"https:\/\/www.romaoggi.eu\/wp-content\/uploads\/2017\/09\/image3-1-1024x690.jpg 1024w, https:\/\/www.romaoggi.eu\/wp-content\/uploads\/2017\/09\/image3-1-300x202.jpg 300w, https:\/\/www.romaoggi.eu\/wp-content\/uploads\/2017\/09\/image3-1.jpg 1093w\" sizes=\"auto, (max-width: 1024px) 100vw, 1024px\" \/><figcaption id=\"caption-attachment-10440\" class=\"wp-caption-text\">Indirizzo: Circonvallazione Clodia, 90, 00195 Roma RM<br \/> Telefono: 06 370 1272<\/figcaption><\/figure>\n","protected":false},"excerpt":{"rendered":"<div class=\"mh-excerpt\"><p>Cassino-Trastevere 1-1 Al termine della partita valida per la 13^ giornata di Campionato di Serie D nel Girone G, il Vicepresidente del Trastevere Calcio, Bruno D&#8217;Alessio, ha commentato il pareggio con cui si \u00e8 conclusa <a class=\"mh-excerpt-more\" href=\"https:\/\/www.romaoggi.eu\/index.php\/2017\/11\/19\/trastevere-calcio-3\/\" title=\"Cassino \u2013 Trastevere, D&#8217;Alessio: si poteva far di pi\u00f9\">[&#8230;]<\/a><\/p>\n<\/div>","protected":false},"author":5,"featured_media":9175,"comment_status":"open","ping_status":"open","sticky":false,"template":"","format":"standard","meta":{"_sitemap_exclude":false,"_sitemap_priority":"","_sitemap_frequency":"","footnotes":""},"categories":[5],"tags":[6483,356,462,8458,26,7364,7691,877,1644,109,1738,634,6666,355,4199,6726],"class_list":["post-11679","post","type-post","status-publish","format-standard","has-post-thumbnail","hentry","category-sport","tag-6483","tag-calcio","tag-campionato-di-calcio","tag-cassino","tag-cristiano-morelli","tag-girone-g","tag-hostaria-edmondo","tag-italia","tag-regione-lazio","tag-roma","tag-romaoggi-eu","tag-rome","tag-serie-d","tag-sport","tag-trastevere","tag-trastevere-calcio"],"yoast_head":"<!-- This site is optimized with the Yoast SEO plugin v27.5 - https:\/\/yoast.com\/product\/yoast-seo-wordpress\/ -->\n<title>Cassino \u2013 Trastevere, D&#039;Alessio: si poteva far di pi\u00f9<\/title>\n<meta name=\"description\" content=\"Al termine della partita valida per la 13^ giornata di Campionato di Serie D nel Girone G, il Vicepresidente del Trastevere Calcio,...\" \/>\n<meta name=\"robots\" content=\"index, follow, max-snippet:-1, max-image-preview:large, max-video-preview:-1\" \/>\n<link rel=\"canonical\" href=\"https:\/\/www.romaoggi.eu\/index.php\/2017\/11\/19\/trastevere-calcio-3\/\" \/>\n<meta property=\"og:locale\" content=\"it_IT\" \/>\n<meta property=\"og:type\" content=\"article\" \/>\n<meta property=\"og:title\" content=\"Cassino \u2013 Trastevere, D&#039;Alessio: si poteva far di pi\u00f9\" \/>\n<meta property=\"og:description\" content=\"Al termine della partita valida per la 13^ giornata di Campionato di Serie D nel Girone G, il Vicepresidente del Trastevere Calcio,...\" \/>\n<meta property=\"og:url\" content=\"https:\/\/www.romaoggi.eu\/index.php\/2017\/11\/19\/trastevere-calcio-3\/\" \/>\n<meta property=\"og:site_name\" content=\"roma oggi\" \/>\n<meta property=\"article:publisher\" content=\"https:\/\/www.facebook.com\/RomaOggi-841544845954114\" \/>\n<meta property=\"article:published_time\" content=\"2017-11-19T18:42:57+00:00\" \/>\n<meta property=\"og:image\" content=\"https:\/\/www.romaoggi.eu\/wp-content\/uploads\/2017\/07\/MAGLIA-1728x800_c.jpg\" \/>\n\t<meta property=\"og:image:width\" content=\"1728\" \/>\n\t<meta property=\"og:image:height\" content=\"800\" \/>\n\t<meta property=\"og:image:type\" content=\"image\/jpeg\" \/>\n<meta name=\"author\" content=\"Flavio\" \/>\n<meta name=\"twitter:card\" content=\"summary_large_image\" \/>\n<meta name=\"twitter:creator\" content=\"@romaoggi_eu\" \/>\n<meta name=\"twitter:site\" content=\"@romaoggi_eu\" \/>\n<meta name=\"twitter:label1\" content=\"Scritto da\" \/>\n\t<meta name=\"twitter:data1\" content=\"Flavio\" \/>\n\t<meta name=\"twitter:label2\" content=\"Tempo di lettura stimato\" \/>\n\t<meta name=\"twitter:data2\" content=\"1 minuto\" \/>\n<script type=\"application\/ld+json\" class=\"yoast-schema-graph\">{\"@context\":\"https:\\\/\\\/schema.org\",\"@graph\":[{\"@type\":\"Article\",\"@id\":\"https:\\\/\\\/www.romaoggi.eu\\\/index.php\\\/2017\\\/11\\\/19\\\/trastevere-calcio-3\\\/#article\",\"isPartOf\":{\"@id\":\"https:\\\/\\\/www.romaoggi.eu\\\/index.php\\\/2017\\\/11\\\/19\\\/trastevere-calcio-3\\\/\"},\"author\":{\"name\":\"Flavio\",\"@id\":\"https:\\\/\\\/www.romaoggi.eu\\\/#\\\/schema\\\/person\\\/cc12bfd93370392d7e41d243e47e6681\"},\"headline\":\"Cassino \u2013 Trastevere, D&#8217;Alessio: si poteva far di pi\u00f9\",\"datePublished\":\"2017-11-19T18:42:57+00:00\",\"mainEntityOfPage\":{\"@id\":\"https:\\\/\\\/www.romaoggi.eu\\\/index.php\\\/2017\\\/11\\\/19\\\/trastevere-calcio-3\\\/\"},\"wordCount\":248,\"commentCount\":0,\"publisher\":{\"@id\":\"https:\\\/\\\/www.romaoggi.eu\\\/#organization\"},\"image\":{\"@id\":\"https:\\\/\\\/www.romaoggi.eu\\\/index.php\\\/2017\\\/11\\\/19\\\/trastevere-calcio-3\\\/#primaryimage\"},\"thumbnailUrl\":\"https:\\\/\\\/www.romaoggi.eu\\\/wp-content\\\/uploads\\\/2017\\\/07\\\/MAGLIA-1728x800_c.jpg\",\"keywords\":[\"2017\",\"calcio\",\"campionato di calcio\",\"Cassino\",\"cristiano morelli\",\"girone G\",\"Hostaria Edmondo\",\"italia\",\"Regione Lazio\",\"roma\",\"RomaOggi.eu\",\"rome\",\"Serie D\",\"sport\",\"Trastevere\",\"trastevere calcio\"],\"articleSection\":[\"Sport\"],\"inLanguage\":\"it-IT\",\"potentialAction\":[{\"@type\":\"CommentAction\",\"name\":\"Comment\",\"target\":[\"https:\\\/\\\/www.romaoggi.eu\\\/index.php\\\/2017\\\/11\\\/19\\\/trastevere-calcio-3\\\/#respond\"]}]},{\"@type\":\"WebPage\",\"@id\":\"https:\\\/\\\/www.romaoggi.eu\\\/index.php\\\/2017\\\/11\\\/19\\\/trastevere-calcio-3\\\/\",\"url\":\"https:\\\/\\\/www.romaoggi.eu\\\/index.php\\\/2017\\\/11\\\/19\\\/trastevere-calcio-3\\\/\",\"name\":\"Cassino \u2013 Trastevere, D'Alessio: si poteva far di pi\u00f9\",\"isPartOf\":{\"@id\":\"https:\\\/\\\/www.romaoggi.eu\\\/#website\"},\"primaryImageOfPage\":{\"@id\":\"https:\\\/\\\/www.romaoggi.eu\\\/index.php\\\/2017\\\/11\\\/19\\\/trastevere-calcio-3\\\/#primaryimage\"},\"image\":{\"@id\":\"https:\\\/\\\/www.romaoggi.eu\\\/index.php\\\/2017\\\/11\\\/19\\\/trastevere-calcio-3\\\/#primaryimage\"},\"thumbnailUrl\":\"https:\\\/\\\/www.romaoggi.eu\\\/wp-content\\\/uploads\\\/2017\\\/07\\\/MAGLIA-1728x800_c.jpg\",\"datePublished\":\"2017-11-19T18:42:57+00:00\",\"description\":\"Al termine della partita valida per la 13^ giornata di Campionato di Serie D nel Girone G, il Vicepresidente del Trastevere Calcio,...\",\"breadcrumb\":{\"@id\":\"https:\\\/\\\/www.romaoggi.eu\\\/index.php\\\/2017\\\/11\\\/19\\\/trastevere-calcio-3\\\/#breadcrumb\"},\"inLanguage\":\"it-IT\",\"potentialAction\":[{\"@type\":\"ReadAction\",\"target\":[\"https:\\\/\\\/www.romaoggi.eu\\\/index.php\\\/2017\\\/11\\\/19\\\/trastevere-calcio-3\\\/\"]}]},{\"@type\":\"ImageObject\",\"inLanguage\":\"it-IT\",\"@id\":\"https:\\\/\\\/www.romaoggi.eu\\\/index.php\\\/2017\\\/11\\\/19\\\/trastevere-calcio-3\\\/#primaryimage\",\"url\":\"https:\\\/\\\/www.romaoggi.eu\\\/wp-content\\\/uploads\\\/2017\\\/07\\\/MAGLIA-1728x800_c.jpg\",\"contentUrl\":\"https:\\\/\\\/www.romaoggi.eu\\\/wp-content\\\/uploads\\\/2017\\\/07\\\/MAGLIA-1728x800_c.jpg\",\"width\":1728,\"height\":800,\"caption\":\"Alt text trastevere\"},{\"@type\":\"BreadcrumbList\",\"@id\":\"https:\\\/\\\/www.romaoggi.eu\\\/index.php\\\/2017\\\/11\\\/19\\\/trastevere-calcio-3\\\/#breadcrumb\",\"itemListElement\":[{\"@type\":\"ListItem\",\"position\":1,\"name\":\"Home\",\"item\":\"https:\\\/\\\/www.romaoggi.eu\\\/\"},{\"@type\":\"ListItem\",\"position\":2,\"name\":\"Cassino \u2013 Trastevere, D&#8217;Alessio: si poteva far di pi\u00f9\"}]},{\"@type\":\"WebSite\",\"@id\":\"https:\\\/\\\/www.romaoggi.eu\\\/#website\",\"url\":\"https:\\\/\\\/www.romaoggi.eu\\\/\",\"name\":\"roma oggi\",\"description\":\"Interesting News for Interesting people\",\"publisher\":{\"@id\":\"https:\\\/\\\/www.romaoggi.eu\\\/#organization\"},\"potentialAction\":[{\"@type\":\"SearchAction\",\"target\":{\"@type\":\"EntryPoint\",\"urlTemplate\":\"https:\\\/\\\/www.romaoggi.eu\\\/?s={search_term_string}\"},\"query-input\":{\"@type\":\"PropertyValueSpecification\",\"valueRequired\":true,\"valueName\":\"search_term_string\"}}],\"inLanguage\":\"it-IT\"},{\"@type\":\"Organization\",\"@id\":\"https:\\\/\\\/www.romaoggi.eu\\\/#organization\",\"name\":\"RomaOggi\",\"url\":\"https:\\\/\\\/www.romaoggi.eu\\\/\",\"logo\":{\"@type\":\"ImageObject\",\"inLanguage\":\"it-IT\",\"@id\":\"https:\\\/\\\/www.romaoggi.eu\\\/#\\\/schema\\\/logo\\\/image\\\/\",\"url\":\"https:\\\/\\\/www.romaoggi.eu\\\/wp-content\\\/uploads\\\/2017\\\/04\\\/logowp.jpg\",\"contentUrl\":\"https:\\\/\\\/www.romaoggi.eu\\\/wp-content\\\/uploads\\\/2017\\\/04\\\/logowp.jpg\",\"width\":300,\"height\":133,\"caption\":\"RomaOggi\"},\"image\":{\"@id\":\"https:\\\/\\\/www.romaoggi.eu\\\/#\\\/schema\\\/logo\\\/image\\\/\"},\"sameAs\":[\"https:\\\/\\\/www.facebook.com\\\/RomaOggi-841544845954114\",\"https:\\\/\\\/x.com\\\/romaoggi_eu\"]},{\"@type\":\"Person\",\"@id\":\"https:\\\/\\\/www.romaoggi.eu\\\/#\\\/schema\\\/person\\\/cc12bfd93370392d7e41d243e47e6681\",\"name\":\"Flavio\",\"image\":{\"@type\":\"ImageObject\",\"inLanguage\":\"it-IT\",\"@id\":\"https:\\\/\\\/secure.gravatar.com\\\/avatar\\\/7e044ce830ea97853e01500437b37dff4a622b20a194e4d0efe9b67e918f19e5?s=96&d=mm&r=g\",\"url\":\"https:\\\/\\\/secure.gravatar.com\\\/avatar\\\/7e044ce830ea97853e01500437b37dff4a622b20a194e4d0efe9b67e918f19e5?s=96&d=mm&r=g\",\"contentUrl\":\"https:\\\/\\\/secure.gravatar.com\\\/avatar\\\/7e044ce830ea97853e01500437b37dff4a622b20a194e4d0efe9b67e918f19e5?s=96&d=mm&r=g\",\"caption\":\"Flavio\"},\"url\":\"https:\\\/\\\/www.romaoggi.eu\\\/index.php\\\/author\\\/cristiano\\\/\"}]}<\/script>\n<!-- \/ Yoast SEO plugin. -->","yoast_head_json":{"title":"Cassino \u2013 Trastevere, D'Alessio: si poteva far di pi\u00f9","description":"Al termine della partita valida per la 13^ giornata di Campionato di Serie D nel Girone G, il Vicepresidente del Trastevere Calcio,...","robots":{"index":"index","follow":"follow","max-snippet":"max-snippet:-1","max-image-preview":"max-image-preview:large","max-video-preview":"max-video-preview:-1"},"canonical":"https:\/\/www.romaoggi.eu\/index.php\/2017\/11\/19\/trastevere-calcio-3\/","og_locale":"it_IT","og_type":"article","og_title":"Cassino \u2013 Trastevere, D'Alessio: si poteva far di pi\u00f9","og_description":"Al termine della partita valida per la 13^ giornata di Campionato di Serie D nel Girone G, il Vicepresidente del Trastevere Calcio,...","og_url":"https:\/\/www.romaoggi.eu\/index.php\/2017\/11\/19\/trastevere-calcio-3\/","og_site_name":"roma oggi","article_publisher":"https:\/\/www.facebook.com\/RomaOggi-841544845954114","article_published_time":"2017-11-19T18:42:57+00:00","og_image":[{"width":1728,"height":800,"url":"https:\/\/www.romaoggi.eu\/wp-content\/uploads\/2017\/07\/MAGLIA-1728x800_c.jpg","type":"image\/jpeg"}],"author":"Flavio","twitter_card":"summary_large_image","twitter_creator":"@romaoggi_eu","twitter_site":"@romaoggi_eu","twitter_misc":{"Scritto da":"Flavio","Tempo di lettura stimato":"1 minuto"},"schema":{"@context":"https:\/\/schema.org","@graph":[{"@type":"Article","@id":"https:\/\/www.romaoggi.eu\/index.php\/2017\/11\/19\/trastevere-calcio-3\/#article","isPartOf":{"@id":"https:\/\/www.romaoggi.eu\/index.php\/2017\/11\/19\/trastevere-calcio-3\/"},"author":{"name":"Flavio","@id":"https:\/\/www.romaoggi.eu\/#\/schema\/person\/cc12bfd93370392d7e41d243e47e6681"},"headline":"Cassino \u2013 Trastevere, D&#8217;Alessio: si poteva far di pi\u00f9","datePublished":"2017-11-19T18:42:57+00:00","mainEntityOfPage":{"@id":"https:\/\/www.romaoggi.eu\/index.php\/2017\/11\/19\/trastevere-calcio-3\/"},"wordCount":248,"commentCount":0,"publisher":{"@id":"https:\/\/www.romaoggi.eu\/#organization"},"image":{"@id":"https:\/\/www.romaoggi.eu\/index.php\/2017\/11\/19\/trastevere-calcio-3\/#primaryimage"},"thumbnailUrl":"https:\/\/www.romaoggi.eu\/wp-content\/uploads\/2017\/07\/MAGLIA-1728x800_c.jpg","keywords":["2017","calcio","campionato di calcio","Cassino","cristiano morelli","girone G","Hostaria Edmondo","italia","Regione Lazio","roma","RomaOggi.eu","rome","Serie D","sport","Trastevere","trastevere calcio"],"articleSection":["Sport"],"inLanguage":"it-IT","potentialAction":[{"@type":"CommentAction","name":"Comment","target":["https:\/\/www.romaoggi.eu\/index.php\/2017\/11\/19\/trastevere-calcio-3\/#respond"]}]},{"@type":"WebPage","@id":"https:\/\/www.romaoggi.eu\/index.php\/2017\/11\/19\/trastevere-calcio-3\/","url":"https:\/\/www.romaoggi.eu\/index.php\/2017\/11\/19\/trastevere-calcio-3\/","name":"Cassino \u2013 Trastevere, D'Alessio: si poteva far di pi\u00f9","isPartOf":{"@id":"https:\/\/www.romaoggi.eu\/#website"},"primaryImageOfPage":{"@id":"https:\/\/www.romaoggi.eu\/index.php\/2017\/11\/19\/trastevere-calcio-3\/#primaryimage"},"image":{"@id":"https:\/\/www.romaoggi.eu\/index.php\/2017\/11\/19\/trastevere-calcio-3\/#primaryimage"},"thumbnailUrl":"https:\/\/www.romaoggi.eu\/wp-content\/uploads\/2017\/07\/MAGLIA-1728x800_c.jpg","datePublished":"2017-11-19T18:42:57+00:00","description":"Al termine della partita valida per la 13^ giornata di Campionato di Serie D nel Girone G, il Vicepresidente del Trastevere Calcio,...","breadcrumb":{"@id":"https:\/\/www.romaoggi.eu\/index.php\/2017\/11\/19\/trastevere-calcio-3\/#breadcrumb"},"inLanguage":"it-IT","potentialAction":[{"@type":"ReadAction","target":["https:\/\/www.romaoggi.eu\/index.php\/2017\/11\/19\/trastevere-calcio-3\/"]}]},{"@type":"ImageObject","inLanguage":"it-IT","@id":"https:\/\/www.romaoggi.eu\/index.php\/2017\/11\/19\/trastevere-calcio-3\/#primaryimage","url":"https:\/\/www.romaoggi.eu\/wp-content\/uploads\/2017\/07\/MAGLIA-1728x800_c.jpg","contentUrl":"https:\/\/www.romaoggi.eu\/wp-content\/uploads\/2017\/07\/MAGLIA-1728x800_c.jpg","width":1728,"height":800,"caption":"Alt text trastevere"},{"@type":"BreadcrumbList","@id":"https:\/\/www.romaoggi.eu\/index.php\/2017\/11\/19\/trastevere-calcio-3\/#breadcrumb","itemListElement":[{"@type":"ListItem","position":1,"name":"Home","item":"https:\/\/www.romaoggi.eu\/"},{"@type":"ListItem","position":2,"name":"Cassino \u2013 Trastevere, D&#8217;Alessio: si poteva far di pi\u00f9"}]},{"@type":"WebSite","@id":"https:\/\/www.romaoggi.eu\/#website","url":"https:\/\/www.romaoggi.eu\/","name":"roma oggi","description":"Interesting News for Interesting people","publisher":{"@id":"https:\/\/www.romaoggi.eu\/#organization"},"potentialAction":[{"@type":"SearchAction","target":{"@type":"EntryPoint","urlTemplate":"https:\/\/www.romaoggi.eu\/?s={search_term_string}"},"query-input":{"@type":"PropertyValueSpecification","valueRequired":true,"valueName":"search_term_string"}}],"inLanguage":"it-IT"},{"@type":"Organization","@id":"https:\/\/www.romaoggi.eu\/#organization","name":"RomaOggi","url":"https:\/\/www.romaoggi.eu\/","logo":{"@type":"ImageObject","inLanguage":"it-IT","@id":"https:\/\/www.romaoggi.eu\/#\/schema\/logo\/image\/","url":"https:\/\/www.romaoggi.eu\/wp-content\/uploads\/2017\/04\/logowp.jpg","contentUrl":"https:\/\/www.romaoggi.eu\/wp-content\/uploads\/2017\/04\/logowp.jpg","width":300,"height":133,"caption":"RomaOggi"},"image":{"@id":"https:\/\/www.romaoggi.eu\/#\/schema\/logo\/image\/"},"sameAs":["https:\/\/www.facebook.com\/RomaOggi-841544845954114","https:\/\/x.com\/romaoggi_eu"]},{"@type":"Person","@id":"https:\/\/www.romaoggi.eu\/#\/schema\/person\/cc12bfd93370392d7e41d243e47e6681","name":"Flavio","image":{"@type":"ImageObject","inLanguage":"it-IT","@id":"https:\/\/secure.gravatar.com\/avatar\/7e044ce830ea97853e01500437b37dff4a622b20a194e4d0efe9b67e918f19e5?s=96&d=mm&r=g","url":"https:\/\/secure.gravatar.com\/avatar\/7e044ce830ea97853e01500437b37dff4a622b20a194e4d0efe9b67e918f19e5?s=96&d=mm&r=g","contentUrl":"https:\/\/secure.gravatar.com\/avatar\/7e044ce830ea97853e01500437b37dff4a622b20a194e4d0efe9b67e918f19e5?s=96&d=mm&r=g","caption":"Flavio"},"url":"https:\/\/www.romaoggi.eu\/index.php\/author\/cristiano\/"}]}},"_links":{"self":[{"href":"https:\/\/www.romaoggi.eu\/index.php\/wp-json\/wp\/v2\/posts\/11679","targetHints":{"allow":["GET"]}}],"collection":[{"href":"https:\/\/www.romaoggi.eu\/index.php\/wp-json\/wp\/v2\/posts"}],"about":[{"href":"https:\/\/www.romaoggi.eu\/index.php\/wp-json\/wp\/v2\/types\/post"}],"author":[{"embeddable":true,"href":"https:\/\/www.romaoggi.eu\/index.php\/wp-json\/wp\/v2\/users\/5"}],"replies":[{"embeddable":true,"href":"https:\/\/www.romaoggi.eu\/index.php\/wp-json\/wp\/v2\/comments?post=11679"}],"version-history":[{"count":1,"href":"https:\/\/www.romaoggi.eu\/index.php\/wp-json\/wp\/v2\/posts\/11679\/revisions"}],"predecessor-version":[{"id":11680,"href":"https:\/\/www.romaoggi.eu\/index.php\/wp-json\/wp\/v2\/posts\/11679\/revisions\/11680"}],"wp:featuredmedia":[{"embeddable":true,"href":"https:\/\/www.romaoggi.eu\/index.php\/wp-json\/wp\/v2\/media\/9175"}],"wp:attachment":[{"href":"https:\/\/www.romaoggi.eu\/index.php\/wp-json\/wp\/v2\/media?parent=11679"}],"wp:term":[{"taxonomy":"category","embeddable":true,"href":"https:\/\/www.romaoggi.eu\/index.php\/wp-json\/wp\/v2\/categories?post=11679"},{"taxonomy":"post_tag","embeddable":true,"href":"https:\/\/www.romaoggi.eu\/index.php\/wp-json\/wp\/v2\/tags?post=11679"}],"curies":[{"name":"wp","href":"https:\/\/api.w.org\/{rel}","templated":true}]}}