{"id":11711,"date":"2017-11-21T17:21:35","date_gmt":"2017-11-21T16:21:35","guid":{"rendered":"http:\/\/www.romaoggi.eu\/?p=11711"},"modified":"2017-11-21T17:21:35","modified_gmt":"2017-11-21T16:21:35","slug":"tutti-al-macello","status":"publish","type":"post","link":"https:\/\/www.romaoggi.eu\/index.php\/2017\/11\/21\/tutti-al-macello\/","title":{"rendered":"Al Teatro Altro Spazio di Roma arriva &#8220;Tutti al macello&#8221;"},"content":{"rendered":"<p align=\"JUSTIFY\">Domenica 26 novembre all\u2019<a href=\"http:\/\/www.altrospazioroma.it\/\">Altro Spazio<\/a>, il teatro diretto da Raffaella Mucci in via Tiburno a Roma, sar\u00e0 in scena una divertente esilarante quanto grottesca storia. Tutti al Macello &#8211; una commedia musicale paramilitare in un atto lungo, da Boris Vian, per la regia diAntonio Cervigni, che ne ha curato anche l\u2019adattamento, vede tra i protagonisti una straordinariaBrunella Platania.<\/p>\n<p align=\"JUSTIFY\"><img loading=\"lazy\" decoding=\"async\" class=\"aligncenter wp-image-11712 size-large\" src=\"https:\/\/www.romaoggi.eu\/wp-content\/uploads\/2017\/11\/famicello-1024x768.jpg\" alt=\"Alt text Tutti al Macello\" width=\"1024\" height=\"768\" srcset=\"https:\/\/www.romaoggi.eu\/wp-content\/uploads\/2017\/11\/famicello-1024x768.jpg 1024w, https:\/\/www.romaoggi.eu\/wp-content\/uploads\/2017\/11\/famicello-300x225.jpg 300w, https:\/\/www.romaoggi.eu\/wp-content\/uploads\/2017\/11\/famicello-326x245.jpg 326w, https:\/\/www.romaoggi.eu\/wp-content\/uploads\/2017\/11\/famicello-80x60.jpg 80w, https:\/\/www.romaoggi.eu\/wp-content\/uploads\/2017\/11\/famicello.jpg 1200w\" sizes=\"auto, (max-width: 1024px) 100vw, 1024px\" \/><\/p>\n<p align=\"JUSTIFY\">\u00c9 l&#8217;alba del 6 Giugno del 1944 ad Arromanches, paesino della tranquilla Normandia. \u00c9 l&#8217;alba dell\u2019 sbarco. \u00c9 l&#8217;alba di quello che qualcuno lo chiamer\u00e0 il giorno pi\u00f9 lungo consegnandolo alla storia del mondo.<\/p>\n<p align=\"JUSTIFY\">Ma per lo scorticatore e la sua bizzarra famiglia \u00e8 solo un altro giorno da portare a termine tra cavalli da macellare insieme al suo mite garzone, figlie da sposare, vicine invadenti, mogli stralunate.<\/p>\n<p align=\"JUSTIFY\">Fuori il finimondo, tra le mura domestiche una apparente\u00a0tranquillit\u00e9, non fosse per quel fetore che impregna l&#8217;aria&#8230;<\/p>\n<p align=\"JUSTIFY\">Arromanches, ultima spiaggia, improbabile Samarcanda scovata dall&#8217;avo dello scorticatore per fuggire via dalla pazza folla \u00e8 diventata d&#8217;un tratto il cuore vivo di una follia devastante, raccontata dal poeta e drammaturgo francese, Boris Vian, con pennello noir intinto in una magnifica tavolozza surreale, perch\u00e9 come lui stesso dichiara\u00a0&#8220;Forse quello che spiega il rifiuto che manifestiamo di ci\u00f2 che \u00e8 serio, di ci\u00f2 che non lo \u00e8, in quanto per noi, \u00e8 esattamente la stessa cosa, \u00e8 patafisica&#8221;.\u00a0La patafisica, scienza delle soluzioni immaginarie, le uniche praticabili in un mondo a testa in gi\u00f9 senza anima, n\u00e9 sentimenti, infilato nella sgangherata casacca di un ordine inventato.<\/p>\n<p align=\"JUSTIFY\"><img loading=\"lazy\" decoding=\"async\" class=\"aligncenter wp-image-11715 size-large\" src=\"https:\/\/www.romaoggi.eu\/wp-content\/uploads\/2017\/11\/maricello-1024x681.jpg\" alt=\"Alt text Tutti al Macello\" width=\"1024\" height=\"681\" srcset=\"https:\/\/www.romaoggi.eu\/wp-content\/uploads\/2017\/11\/maricello-1024x681.jpg 1024w, https:\/\/www.romaoggi.eu\/wp-content\/uploads\/2017\/11\/maricello-300x200.jpg 300w, https:\/\/www.romaoggi.eu\/wp-content\/uploads\/2017\/11\/maricello.jpg 1200w\" sizes=\"auto, (max-width: 1024px) 100vw, 1024px\" \/><\/p>\n<p align=\"JUSTIFY\">Alla violenza della storia, lo scorticatore oppone l &#8216;onest\u00e0, condita da vigliaccheria, del suo antico e tramandato mestiere&#8230;<\/p>\n<p align=\"JUSTIFY\">Una denuncia della logica straniante dei potenti e delle &#8220;loro&#8221; inutili guerre, ma anche della vilt\u00e0 dei popoli, per questa pi\u00e8ce di teatro-canzone sostanziato dall&#8217;intrigante trama musicale dello stesso Boris Vian.<\/p>\n<p align=\"JUSTIFY\">Un omaggio al timido stralunato ragazzo &#8211; aveva appena trentanove anni quando il suo generoso cuore cess\u00f2 di battere &#8211; Boris Vian , musicista jazz, compositore, scrittore, l&#8217;altra faccia della Parigi esistenzialista post bellica, l&#8217;altra faccia della musica, l&#8217;altra faccia di un modo di ridere a bocca larga della peggiore delle vite masticando veleno.<\/p>\n<p align=\"JUSTIFY\">Per sputarlo in faccia, ieri e ancor pi\u00f9 oggi, a chi questo mondo lo vuole scorticare. Vivo.<\/p>\n<p align=\"JUSTIFY\"><img loading=\"lazy\" decoding=\"async\" class=\"aligncenter wp-image-11716 size-large\" src=\"https:\/\/www.romaoggi.eu\/wp-content\/uploads\/2017\/11\/giucello-1024x681.jpg\" alt=\"Alt text Tutti al Macello\" width=\"1024\" height=\"681\" srcset=\"https:\/\/www.romaoggi.eu\/wp-content\/uploads\/2017\/11\/giucello-1024x681.jpg 1024w, https:\/\/www.romaoggi.eu\/wp-content\/uploads\/2017\/11\/giucello-300x200.jpg 300w, https:\/\/www.romaoggi.eu\/wp-content\/uploads\/2017\/11\/giucello.jpg 1200w\" sizes=\"auto, (max-width: 1024px) 100vw, 1024px\" \/><\/p>\n<p align=\"JUSTIFY\">Tutti al Macello<\/p>\n<p align=\"JUSTIFY\">Una commedia musicale paramilitare in un atto lungo<\/p>\n<p align=\"JUSTIFY\">regia Antonio Cervigni<\/p>\n<p align=\"JUSTIFY\">con Il padre Elsid Lumi, La vicina: Chiara Spernanzoni, Andr\u00e8: Giorgio Gentili, Jacques: Federico Vita, Marie: Paola Reschini, Cyprienne: Michela Ardito, Heinz: Asia Angelini, Catherine: Daniela Domizi, Impiegata: Maria Giuseppina Salciccia, Il Pastore: Carlo Maceratini<\/p>\n<p align=\"JUSTIFY\">Soldato: Americano Nicola Pallotto, Soldato Tedesco: Jacopo Pizzichini, Le Suora e Bobi: Valentina Simonetto, Il Capitano: Fabio Caporaletti.<\/p>\n<p align=\"JUSTIFY\">Con la partecipazione straordinaria di Brunella Platania nel ruolo della madre<\/p>\n<p align=\"JUSTIFY\">Musiche realizzate dal maestro Simone Martino<\/p>\n<p align=\"JUSTIFY\">con la partecipazione della danzatrice Maria Izzo<\/p>\n<p align=\"JUSTIFY\">Coreografie Daniela Domizi<\/p>\n<p align=\"JUSTIFY\">Realizzazione Grafica Paola Reschini<\/p>\n<p align=\"JUSTIFY\">Direzione artistica Maria Laura Platania<\/p>\n<p align=\"JUSTIFY\">Altro Spazio<\/p>\n<p align=\"JUSTIFY\">via Tiburno 22<\/p>\n<p align=\"JUSTIFY\">26 Novembre 2017 ore 17 e ore 21<\/p>\n<p align=\"JUSTIFY\">Tra le due repliche ci sar\u00e0 un aperitivo condiviso per permettere la partecipazione del pubblico di entrambe le repliche.<\/p>\n<p align=\"JUSTIFY\">\u20ac12 solo spettacolo<\/p>\n<p align=\"JUSTIFY\">\u20ac18 spettacolo + aperitivo + drink<\/p>\n<p align=\"JUSTIFY\">Ingresso riservato ai soci.<\/p>\n<p align=\"JUSTIFY\"><a href=\"https:\/\/www.romaoggi.eu\/index.php\/2017\/10\/21\/hostaria-edmondo\/\"><b>RomaOggi.eu \u2192 Leggi il prossimo articolo<\/b><\/a><\/p>\n<p align=\"JUSTIFY\">La Redazione<\/p>\n<p align=\"JUSTIFY\">RomaOggi.eu \u201cInteresting news for interesting people\u201d<\/p>\n<figure id=\"attachment_10440\" aria-describedby=\"caption-attachment-10440\" style=\"width: 1024px\" class=\"wp-caption aligncenter\"><img loading=\"lazy\" decoding=\"async\" class=\"wp-image-10440 size-large\" src=\"https:\/\/www.romaoggi.eu\/wp-content\/uploads\/2017\/09\/image3-1-1024x690.jpg\" alt=\"Alt text Roma calcio femminile\" width=\"1024\" height=\"690\" srcset=\"https:\/\/www.romaoggi.eu\/wp-content\/uploads\/2017\/09\/image3-1-1024x690.jpg 1024w, https:\/\/www.romaoggi.eu\/wp-content\/uploads\/2017\/09\/image3-1-300x202.jpg 300w, https:\/\/www.romaoggi.eu\/wp-content\/uploads\/2017\/09\/image3-1.jpg 1093w\" sizes=\"auto, (max-width: 1024px) 100vw, 1024px\" \/><figcaption id=\"caption-attachment-10440\" class=\"wp-caption-text\">Indirizzo: Circonvallazione Clodia, 90, 00195 Roma RM<br \/> Telefono: 06 370 1272<\/figcaption><\/figure>\n<p align=\"JUSTIFY\">\n","protected":false},"excerpt":{"rendered":"<div class=\"mh-excerpt\"><p>Domenica 26 novembre all\u2019Altro Spazio, il teatro diretto da Raffaella Mucci in via Tiburno a Roma, sar\u00e0 in scena una divertente esilarante quanto grottesca storia. Tutti al Macello &#8211; una commedia musicale paramilitare in un <a class=\"mh-excerpt-more\" href=\"https:\/\/www.romaoggi.eu\/index.php\/2017\/11\/21\/tutti-al-macello\/\" title=\"Al Teatro Altro Spazio di Roma arriva &#8220;Tutti al macello&#8221;\">[&#8230;]<\/a><\/p>\n<\/div>","protected":false},"author":5,"featured_media":11714,"comment_status":"open","ping_status":"open","sticky":false,"template":"","format":"standard","meta":{"_sitemap_exclude":false,"_sitemap_priority":"","_sitemap_frequency":"","footnotes":""},"categories":[4281],"tags":[6483,8332,26,8419,7691,877,159,1644,109,1738,634,85,8472],"class_list":["post-11711","post","type-post","status-publish","format-standard","has-post-thumbnail","hentry","category-teatro","tag-6483","tag-altro-spazio","tag-cristiano-morelli","tag-domenica-26-novembre","tag-hostaria-edmondo","tag-italia","tag-lazio","tag-regione-lazio","tag-roma","tag-romaoggi-eu","tag-rome","tag-teatro","tag-tutti-al-macello"],"yoast_head":"<!-- This site is optimized with the Yoast SEO plugin v27.5 - https:\/\/yoast.com\/product\/yoast-seo-wordpress\/ -->\n<title>Al Teatro Altro Spazio di Roma arriva &quot;Tutti al macello&quot;<\/title>\n<meta name=\"description\" content=\"Tutti al Macello - una commedia musicale paramilitare in un atto lungo, da Boris Vian, per la regia diAntonio Cervigni, che ...\" \/>\n<meta name=\"robots\" content=\"index, follow, max-snippet:-1, max-image-preview:large, max-video-preview:-1\" \/>\n<link rel=\"canonical\" href=\"https:\/\/www.romaoggi.eu\/index.php\/2017\/11\/21\/tutti-al-macello\/\" \/>\n<meta property=\"og:locale\" content=\"it_IT\" \/>\n<meta property=\"og:type\" content=\"article\" \/>\n<meta property=\"og:title\" content=\"Al Teatro Altro Spazio di Roma arriva &quot;Tutti al macello&quot;\" \/>\n<meta property=\"og:description\" content=\"Tutti al Macello - una commedia musicale paramilitare in un atto lungo, da Boris Vian, per la regia diAntonio Cervigni, che ...\" \/>\n<meta property=\"og:url\" content=\"https:\/\/www.romaoggi.eu\/index.php\/2017\/11\/21\/tutti-al-macello\/\" \/>\n<meta property=\"og:site_name\" content=\"roma oggi\" \/>\n<meta property=\"article:publisher\" content=\"https:\/\/www.facebook.com\/RomaOggi-841544845954114\" \/>\n<meta property=\"article:published_time\" content=\"2017-11-21T16:21:35+00:00\" \/>\n<meta property=\"og:image\" content=\"https:\/\/www.romaoggi.eu\/wp-content\/uploads\/2017\/11\/disecello.jpg\" \/>\n\t<meta property=\"og:image:width\" content=\"1200\" \/>\n\t<meta property=\"og:image:height\" content=\"798\" \/>\n\t<meta property=\"og:image:type\" content=\"image\/jpeg\" \/>\n<meta name=\"author\" content=\"Flavio\" \/>\n<meta name=\"twitter:card\" content=\"summary_large_image\" \/>\n<meta name=\"twitter:creator\" content=\"@romaoggi_eu\" \/>\n<meta name=\"twitter:site\" content=\"@romaoggi_eu\" \/>\n<meta name=\"twitter:label1\" content=\"Scritto da\" \/>\n\t<meta name=\"twitter:data1\" content=\"Flavio\" \/>\n\t<meta name=\"twitter:label2\" content=\"Tempo di lettura stimato\" \/>\n\t<meta name=\"twitter:data2\" content=\"3 minuti\" \/>\n<script type=\"application\/ld+json\" class=\"yoast-schema-graph\">{\"@context\":\"https:\\\/\\\/schema.org\",\"@graph\":[{\"@type\":\"Article\",\"@id\":\"https:\\\/\\\/www.romaoggi.eu\\\/index.php\\\/2017\\\/11\\\/21\\\/tutti-al-macello\\\/#article\",\"isPartOf\":{\"@id\":\"https:\\\/\\\/www.romaoggi.eu\\\/index.php\\\/2017\\\/11\\\/21\\\/tutti-al-macello\\\/\"},\"author\":{\"name\":\"Flavio\",\"@id\":\"https:\\\/\\\/www.romaoggi.eu\\\/#\\\/schema\\\/person\\\/cc12bfd93370392d7e41d243e47e6681\"},\"headline\":\"Al Teatro Altro Spazio di Roma arriva &#8220;Tutti al macello&#8221;\",\"datePublished\":\"2017-11-21T16:21:35+00:00\",\"mainEntityOfPage\":{\"@id\":\"https:\\\/\\\/www.romaoggi.eu\\\/index.php\\\/2017\\\/11\\\/21\\\/tutti-al-macello\\\/\"},\"wordCount\":547,\"commentCount\":0,\"publisher\":{\"@id\":\"https:\\\/\\\/www.romaoggi.eu\\\/#organization\"},\"image\":{\"@id\":\"https:\\\/\\\/www.romaoggi.eu\\\/index.php\\\/2017\\\/11\\\/21\\\/tutti-al-macello\\\/#primaryimage\"},\"thumbnailUrl\":\"https:\\\/\\\/www.romaoggi.eu\\\/wp-content\\\/uploads\\\/2017\\\/11\\\/disecello.jpg\",\"keywords\":[\"2017\",\"Altro Spazio\",\"cristiano morelli\",\"Domenica 26 novembre\",\"Hostaria Edmondo\",\"italia\",\"lazio\",\"Regione Lazio\",\"roma\",\"RomaOggi.eu\",\"rome\",\"teatro\",\"Tutti al Macello\"],\"articleSection\":[\"teatro\"],\"inLanguage\":\"it-IT\",\"potentialAction\":[{\"@type\":\"CommentAction\",\"name\":\"Comment\",\"target\":[\"https:\\\/\\\/www.romaoggi.eu\\\/index.php\\\/2017\\\/11\\\/21\\\/tutti-al-macello\\\/#respond\"]}]},{\"@type\":\"WebPage\",\"@id\":\"https:\\\/\\\/www.romaoggi.eu\\\/index.php\\\/2017\\\/11\\\/21\\\/tutti-al-macello\\\/\",\"url\":\"https:\\\/\\\/www.romaoggi.eu\\\/index.php\\\/2017\\\/11\\\/21\\\/tutti-al-macello\\\/\",\"name\":\"Al Teatro Altro Spazio di Roma arriva \\\"Tutti al macello\\\"\",\"isPartOf\":{\"@id\":\"https:\\\/\\\/www.romaoggi.eu\\\/#website\"},\"primaryImageOfPage\":{\"@id\":\"https:\\\/\\\/www.romaoggi.eu\\\/index.php\\\/2017\\\/11\\\/21\\\/tutti-al-macello\\\/#primaryimage\"},\"image\":{\"@id\":\"https:\\\/\\\/www.romaoggi.eu\\\/index.php\\\/2017\\\/11\\\/21\\\/tutti-al-macello\\\/#primaryimage\"},\"thumbnailUrl\":\"https:\\\/\\\/www.romaoggi.eu\\\/wp-content\\\/uploads\\\/2017\\\/11\\\/disecello.jpg\",\"datePublished\":\"2017-11-21T16:21:35+00:00\",\"description\":\"Tutti al Macello - una commedia musicale paramilitare in un atto lungo, da Boris Vian, per la regia diAntonio Cervigni, che ...\",\"breadcrumb\":{\"@id\":\"https:\\\/\\\/www.romaoggi.eu\\\/index.php\\\/2017\\\/11\\\/21\\\/tutti-al-macello\\\/#breadcrumb\"},\"inLanguage\":\"it-IT\",\"potentialAction\":[{\"@type\":\"ReadAction\",\"target\":[\"https:\\\/\\\/www.romaoggi.eu\\\/index.php\\\/2017\\\/11\\\/21\\\/tutti-al-macello\\\/\"]}]},{\"@type\":\"ImageObject\",\"inLanguage\":\"it-IT\",\"@id\":\"https:\\\/\\\/www.romaoggi.eu\\\/index.php\\\/2017\\\/11\\\/21\\\/tutti-al-macello\\\/#primaryimage\",\"url\":\"https:\\\/\\\/www.romaoggi.eu\\\/wp-content\\\/uploads\\\/2017\\\/11\\\/disecello.jpg\",\"contentUrl\":\"https:\\\/\\\/www.romaoggi.eu\\\/wp-content\\\/uploads\\\/2017\\\/11\\\/disecello.jpg\",\"width\":1200,\"height\":798},{\"@type\":\"BreadcrumbList\",\"@id\":\"https:\\\/\\\/www.romaoggi.eu\\\/index.php\\\/2017\\\/11\\\/21\\\/tutti-al-macello\\\/#breadcrumb\",\"itemListElement\":[{\"@type\":\"ListItem\",\"position\":1,\"name\":\"Home\",\"item\":\"https:\\\/\\\/www.romaoggi.eu\\\/\"},{\"@type\":\"ListItem\",\"position\":2,\"name\":\"Al Teatro Altro Spazio di Roma arriva &#8220;Tutti al macello&#8221;\"}]},{\"@type\":\"WebSite\",\"@id\":\"https:\\\/\\\/www.romaoggi.eu\\\/#website\",\"url\":\"https:\\\/\\\/www.romaoggi.eu\\\/\",\"name\":\"roma oggi\",\"description\":\"Interesting News for Interesting people\",\"publisher\":{\"@id\":\"https:\\\/\\\/www.romaoggi.eu\\\/#organization\"},\"potentialAction\":[{\"@type\":\"SearchAction\",\"target\":{\"@type\":\"EntryPoint\",\"urlTemplate\":\"https:\\\/\\\/www.romaoggi.eu\\\/?s={search_term_string}\"},\"query-input\":{\"@type\":\"PropertyValueSpecification\",\"valueRequired\":true,\"valueName\":\"search_term_string\"}}],\"inLanguage\":\"it-IT\"},{\"@type\":\"Organization\",\"@id\":\"https:\\\/\\\/www.romaoggi.eu\\\/#organization\",\"name\":\"RomaOggi\",\"url\":\"https:\\\/\\\/www.romaoggi.eu\\\/\",\"logo\":{\"@type\":\"ImageObject\",\"inLanguage\":\"it-IT\",\"@id\":\"https:\\\/\\\/www.romaoggi.eu\\\/#\\\/schema\\\/logo\\\/image\\\/\",\"url\":\"https:\\\/\\\/www.romaoggi.eu\\\/wp-content\\\/uploads\\\/2017\\\/04\\\/logowp.jpg\",\"contentUrl\":\"https:\\\/\\\/www.romaoggi.eu\\\/wp-content\\\/uploads\\\/2017\\\/04\\\/logowp.jpg\",\"width\":300,\"height\":133,\"caption\":\"RomaOggi\"},\"image\":{\"@id\":\"https:\\\/\\\/www.romaoggi.eu\\\/#\\\/schema\\\/logo\\\/image\\\/\"},\"sameAs\":[\"https:\\\/\\\/www.facebook.com\\\/RomaOggi-841544845954114\",\"https:\\\/\\\/x.com\\\/romaoggi_eu\"]},{\"@type\":\"Person\",\"@id\":\"https:\\\/\\\/www.romaoggi.eu\\\/#\\\/schema\\\/person\\\/cc12bfd93370392d7e41d243e47e6681\",\"name\":\"Flavio\",\"image\":{\"@type\":\"ImageObject\",\"inLanguage\":\"it-IT\",\"@id\":\"https:\\\/\\\/secure.gravatar.com\\\/avatar\\\/7e044ce830ea97853e01500437b37dff4a622b20a194e4d0efe9b67e918f19e5?s=96&d=mm&r=g\",\"url\":\"https:\\\/\\\/secure.gravatar.com\\\/avatar\\\/7e044ce830ea97853e01500437b37dff4a622b20a194e4d0efe9b67e918f19e5?s=96&d=mm&r=g\",\"contentUrl\":\"https:\\\/\\\/secure.gravatar.com\\\/avatar\\\/7e044ce830ea97853e01500437b37dff4a622b20a194e4d0efe9b67e918f19e5?s=96&d=mm&r=g\",\"caption\":\"Flavio\"},\"url\":\"https:\\\/\\\/www.romaoggi.eu\\\/index.php\\\/author\\\/cristiano\\\/\"}]}<\/script>\n<!-- \/ Yoast SEO plugin. -->","yoast_head_json":{"title":"Al Teatro Altro Spazio di Roma arriva \"Tutti al macello\"","description":"Tutti al Macello - una commedia musicale paramilitare in un atto lungo, da Boris Vian, per la regia diAntonio Cervigni, che ...","robots":{"index":"index","follow":"follow","max-snippet":"max-snippet:-1","max-image-preview":"max-image-preview:large","max-video-preview":"max-video-preview:-1"},"canonical":"https:\/\/www.romaoggi.eu\/index.php\/2017\/11\/21\/tutti-al-macello\/","og_locale":"it_IT","og_type":"article","og_title":"Al Teatro Altro Spazio di Roma arriva \"Tutti al macello\"","og_description":"Tutti al Macello - una commedia musicale paramilitare in un atto lungo, da Boris Vian, per la regia diAntonio Cervigni, che ...","og_url":"https:\/\/www.romaoggi.eu\/index.php\/2017\/11\/21\/tutti-al-macello\/","og_site_name":"roma oggi","article_publisher":"https:\/\/www.facebook.com\/RomaOggi-841544845954114","article_published_time":"2017-11-21T16:21:35+00:00","og_image":[{"width":1200,"height":798,"url":"https:\/\/www.romaoggi.eu\/wp-content\/uploads\/2017\/11\/disecello.jpg","type":"image\/jpeg"}],"author":"Flavio","twitter_card":"summary_large_image","twitter_creator":"@romaoggi_eu","twitter_site":"@romaoggi_eu","twitter_misc":{"Scritto da":"Flavio","Tempo di lettura stimato":"3 minuti"},"schema":{"@context":"https:\/\/schema.org","@graph":[{"@type":"Article","@id":"https:\/\/www.romaoggi.eu\/index.php\/2017\/11\/21\/tutti-al-macello\/#article","isPartOf":{"@id":"https:\/\/www.romaoggi.eu\/index.php\/2017\/11\/21\/tutti-al-macello\/"},"author":{"name":"Flavio","@id":"https:\/\/www.romaoggi.eu\/#\/schema\/person\/cc12bfd93370392d7e41d243e47e6681"},"headline":"Al Teatro Altro Spazio di Roma arriva &#8220;Tutti al macello&#8221;","datePublished":"2017-11-21T16:21:35+00:00","mainEntityOfPage":{"@id":"https:\/\/www.romaoggi.eu\/index.php\/2017\/11\/21\/tutti-al-macello\/"},"wordCount":547,"commentCount":0,"publisher":{"@id":"https:\/\/www.romaoggi.eu\/#organization"},"image":{"@id":"https:\/\/www.romaoggi.eu\/index.php\/2017\/11\/21\/tutti-al-macello\/#primaryimage"},"thumbnailUrl":"https:\/\/www.romaoggi.eu\/wp-content\/uploads\/2017\/11\/disecello.jpg","keywords":["2017","Altro Spazio","cristiano morelli","Domenica 26 novembre","Hostaria Edmondo","italia","lazio","Regione Lazio","roma","RomaOggi.eu","rome","teatro","Tutti al Macello"],"articleSection":["teatro"],"inLanguage":"it-IT","potentialAction":[{"@type":"CommentAction","name":"Comment","target":["https:\/\/www.romaoggi.eu\/index.php\/2017\/11\/21\/tutti-al-macello\/#respond"]}]},{"@type":"WebPage","@id":"https:\/\/www.romaoggi.eu\/index.php\/2017\/11\/21\/tutti-al-macello\/","url":"https:\/\/www.romaoggi.eu\/index.php\/2017\/11\/21\/tutti-al-macello\/","name":"Al Teatro Altro Spazio di Roma arriva \"Tutti al macello\"","isPartOf":{"@id":"https:\/\/www.romaoggi.eu\/#website"},"primaryImageOfPage":{"@id":"https:\/\/www.romaoggi.eu\/index.php\/2017\/11\/21\/tutti-al-macello\/#primaryimage"},"image":{"@id":"https:\/\/www.romaoggi.eu\/index.php\/2017\/11\/21\/tutti-al-macello\/#primaryimage"},"thumbnailUrl":"https:\/\/www.romaoggi.eu\/wp-content\/uploads\/2017\/11\/disecello.jpg","datePublished":"2017-11-21T16:21:35+00:00","description":"Tutti al Macello - una commedia musicale paramilitare in un atto lungo, da Boris Vian, per la regia diAntonio Cervigni, che ...","breadcrumb":{"@id":"https:\/\/www.romaoggi.eu\/index.php\/2017\/11\/21\/tutti-al-macello\/#breadcrumb"},"inLanguage":"it-IT","potentialAction":[{"@type":"ReadAction","target":["https:\/\/www.romaoggi.eu\/index.php\/2017\/11\/21\/tutti-al-macello\/"]}]},{"@type":"ImageObject","inLanguage":"it-IT","@id":"https:\/\/www.romaoggi.eu\/index.php\/2017\/11\/21\/tutti-al-macello\/#primaryimage","url":"https:\/\/www.romaoggi.eu\/wp-content\/uploads\/2017\/11\/disecello.jpg","contentUrl":"https:\/\/www.romaoggi.eu\/wp-content\/uploads\/2017\/11\/disecello.jpg","width":1200,"height":798},{"@type":"BreadcrumbList","@id":"https:\/\/www.romaoggi.eu\/index.php\/2017\/11\/21\/tutti-al-macello\/#breadcrumb","itemListElement":[{"@type":"ListItem","position":1,"name":"Home","item":"https:\/\/www.romaoggi.eu\/"},{"@type":"ListItem","position":2,"name":"Al Teatro Altro Spazio di Roma arriva &#8220;Tutti al macello&#8221;"}]},{"@type":"WebSite","@id":"https:\/\/www.romaoggi.eu\/#website","url":"https:\/\/www.romaoggi.eu\/","name":"roma oggi","description":"Interesting News for Interesting people","publisher":{"@id":"https:\/\/www.romaoggi.eu\/#organization"},"potentialAction":[{"@type":"SearchAction","target":{"@type":"EntryPoint","urlTemplate":"https:\/\/www.romaoggi.eu\/?s={search_term_string}"},"query-input":{"@type":"PropertyValueSpecification","valueRequired":true,"valueName":"search_term_string"}}],"inLanguage":"it-IT"},{"@type":"Organization","@id":"https:\/\/www.romaoggi.eu\/#organization","name":"RomaOggi","url":"https:\/\/www.romaoggi.eu\/","logo":{"@type":"ImageObject","inLanguage":"it-IT","@id":"https:\/\/www.romaoggi.eu\/#\/schema\/logo\/image\/","url":"https:\/\/www.romaoggi.eu\/wp-content\/uploads\/2017\/04\/logowp.jpg","contentUrl":"https:\/\/www.romaoggi.eu\/wp-content\/uploads\/2017\/04\/logowp.jpg","width":300,"height":133,"caption":"RomaOggi"},"image":{"@id":"https:\/\/www.romaoggi.eu\/#\/schema\/logo\/image\/"},"sameAs":["https:\/\/www.facebook.com\/RomaOggi-841544845954114","https:\/\/x.com\/romaoggi_eu"]},{"@type":"Person","@id":"https:\/\/www.romaoggi.eu\/#\/schema\/person\/cc12bfd93370392d7e41d243e47e6681","name":"Flavio","image":{"@type":"ImageObject","inLanguage":"it-IT","@id":"https:\/\/secure.gravatar.com\/avatar\/7e044ce830ea97853e01500437b37dff4a622b20a194e4d0efe9b67e918f19e5?s=96&d=mm&r=g","url":"https:\/\/secure.gravatar.com\/avatar\/7e044ce830ea97853e01500437b37dff4a622b20a194e4d0efe9b67e918f19e5?s=96&d=mm&r=g","contentUrl":"https:\/\/secure.gravatar.com\/avatar\/7e044ce830ea97853e01500437b37dff4a622b20a194e4d0efe9b67e918f19e5?s=96&d=mm&r=g","caption":"Flavio"},"url":"https:\/\/www.romaoggi.eu\/index.php\/author\/cristiano\/"}]}},"_links":{"self":[{"href":"https:\/\/www.romaoggi.eu\/index.php\/wp-json\/wp\/v2\/posts\/11711","targetHints":{"allow":["GET"]}}],"collection":[{"href":"https:\/\/www.romaoggi.eu\/index.php\/wp-json\/wp\/v2\/posts"}],"about":[{"href":"https:\/\/www.romaoggi.eu\/index.php\/wp-json\/wp\/v2\/types\/post"}],"author":[{"embeddable":true,"href":"https:\/\/www.romaoggi.eu\/index.php\/wp-json\/wp\/v2\/users\/5"}],"replies":[{"embeddable":true,"href":"https:\/\/www.romaoggi.eu\/index.php\/wp-json\/wp\/v2\/comments?post=11711"}],"version-history":[{"count":2,"href":"https:\/\/www.romaoggi.eu\/index.php\/wp-json\/wp\/v2\/posts\/11711\/revisions"}],"predecessor-version":[{"id":11717,"href":"https:\/\/www.romaoggi.eu\/index.php\/wp-json\/wp\/v2\/posts\/11711\/revisions\/11717"}],"wp:featuredmedia":[{"embeddable":true,"href":"https:\/\/www.romaoggi.eu\/index.php\/wp-json\/wp\/v2\/media\/11714"}],"wp:attachment":[{"href":"https:\/\/www.romaoggi.eu\/index.php\/wp-json\/wp\/v2\/media?parent=11711"}],"wp:term":[{"taxonomy":"category","embeddable":true,"href":"https:\/\/www.romaoggi.eu\/index.php\/wp-json\/wp\/v2\/categories?post=11711"},{"taxonomy":"post_tag","embeddable":true,"href":"https:\/\/www.romaoggi.eu\/index.php\/wp-json\/wp\/v2\/tags?post=11711"}],"curies":[{"name":"wp","href":"https:\/\/api.w.org\/{rel}","templated":true}]}}