{"id":11839,"date":"2017-11-25T11:17:33","date_gmt":"2017-11-25T10:17:33","guid":{"rendered":"http:\/\/www.romaoggi.eu\/?p=11839"},"modified":"2017-11-25T14:02:03","modified_gmt":"2017-11-25T13:02:03","slug":"allombra-di-caino","status":"publish","type":"post","link":"https:\/\/www.romaoggi.eu\/index.php\/2017\/11\/25\/allombra-di-caino\/","title":{"rendered":"&#8220;All&#8217;ombra di Caino&#8221; ai Musei Capitolini, un libro che \u00e8 gi\u00e0 un successo"},"content":{"rendered":"<figure id=\"attachment_11821\" aria-describedby=\"caption-attachment-11821\" style=\"width: 400px\" class=\"wp-caption aligncenter\"><img loading=\"lazy\" decoding=\"async\" class=\"wp-image-11821\" src=\"https:\/\/www.romaoggi.eu\/wp-content\/uploads\/2017\/11\/Sconto5_300x250-300x250.jpg\" alt=\"\" width=\"400\" height=\"333\" \/><figcaption id=\"caption-attachment-11821\" class=\"wp-caption-text\">Ottieni uno sconto sull&#8217;acquisto dei biglietti!<a href=\"https:\/\/www.cinecittaworld.it\/Vendita\/Biglietti-e-prezzi?Coupon=ROMAOGGI&amp;Adulti=2&amp;Ridotti=0\"> Clicca QUI<\/a><\/figcaption><\/figure>\n<p style=\"text-align: justify;\"><strong>&#8220;All&#8217;ombra di Caino&#8221;<\/strong>, l&#8217;ultimo libro<a href=\"https:\/\/www.romaoggi.eu\/index.php\/2017\/04\/01\/pino-nazio-enigma-yara-bossetti\/\"><strong> Pino Nazio<\/strong><\/a>\u00a0e <strong>Maria Cristina Cerrato<\/strong>, \u00e8 stato presentato il 24 novembre 2017 a Roma, in occasione della giornata internazionale contro la\u00a0 violenza sulle donne, e questo libro\u00a0 di storie ne raccoglie tante. C&#8217;\u00e8 la storia di Rossella, ad esempio che a nove anni viene abusata dal vicino di casa amico dei genitori e si tiene il segreto fino all&#8217;et\u00e0 di 24 anni, quando finalmente decide di denunciare l&#8217;uomo. C&#8217;\u00e8 il delitto di Serena Mollicone, di Meredith, di Marinella sepolta in mezzo ad una pineta e poi passata sopra con la macchina dal ragazzo che vedeva come il suo unico principe azzurro,\u00a0 ci sono storie di stupri, ragazze obbligate a prostituirsi, storie di stalking. E poi ci sono i sentimenti delle donne, c&#8217;\u00e8 il dolore c&#8217;\u00e8 la fiducia che precede la violenza e che poi viene tradita. I mostri, sono il pi\u00f9 delle volte, persone conosciute, che vivono sotto la stessa casa, sotto lo stesso tetto, hanno con la vittima generalemente legami familiare. E poi c&#8217;\u00e8 la vergogna, la paura, e finalmente il coraggio che rompe il silenzio, per tornare a vivere.<\/p>\n<p style=\"text-align: justify;\"><a href=\"http:\/\/www.soveraedizioni.it\/news-file\/All-ombra-di-Caino-storie-di-donne-e-di-violenza.htm\"><strong>All&#8217;ombra di Caino<\/strong>,<\/a> racconta tante storie,\u00a0 ma accanto ad esse, ci sono anche schede che spiegano nel dettaglio la procedura giuridica del reato, le leggi di sostegno a chi subisce una violenza, ci sono i numeri verdi, e per questo All&#8217;ombra di Caino, diventa un libro, di straordinaria\u00a0 eccezionalita&#8217; perch\u00e8, nel momento in cui smette di essere romanzo, mostra tutti gli sviluppi che la legislatura italiana ha fatto in merito al pietoso tema della violenza sulle donne.<\/p>\n<figure id=\"attachment_11852\" aria-describedby=\"caption-attachment-11852\" style=\"width: 300px\" class=\"wp-caption alignleft\"><img loading=\"lazy\" decoding=\"async\" class=\"alt tag all'ombra di caino wp-image-11852 size-medium\" title=\"alt tag all'ombra di caino\" src=\"https:\/\/www.romaoggi.eu\/wp-content\/uploads\/2017\/11\/foto-attrice-300x156.jpg\" alt=\"tag alt all'ombra di caino\" width=\"300\" height=\"156\" srcset=\"https:\/\/www.romaoggi.eu\/wp-content\/uploads\/2017\/11\/foto-attrice-300x156.jpg 300w, https:\/\/www.romaoggi.eu\/wp-content\/uploads\/2017\/11\/foto-attrice.jpg 729w\" sizes=\"auto, (max-width: 300px) 100vw, 300px\" \/><figcaption id=\"caption-attachment-11852\" class=\"wp-caption-text\">Tanya Khabarova<\/figcaption><\/figure>\n<p style=\"text-align: justify;\">Tante le coautrici, e\u00a0 ciascuna nel\u00a0 proprio racconto, fa rivivere nel dettaglio, storie vere, storie\u00a0 di donne e di violenza. Ieri alla presentazione che si \u00e8 svolta presso i Musei Capitolini, il libro di Pino Nazio e Maria Cristina Cerrato, &#8221; All&#8217;ombra di caino&#8221;, ha lasciato la platea, quasi senza fiato,\u00a0 soddisfatta per il prodotto cosi&#8217; come per lo spessore degli gli interventi che si sono susseguiti, da<strong> Valeria Baglio<\/strong> della Commissione Elette Roma Capitale, a <strong>Rita Borioni<\/strong>, consigliere d&#8217;amministrazione RAI, <strong>Vera Cuzzocrea<\/strong>, psicologa giuridica, &#8221; Psico Ius&#8221;, poi <strong>Ester Palma<\/strong>, giornalista Corriere della Sera, e per concludere, <strong>Paola Pompei,<\/strong> psicoterapeuta formatrice, oltre gli autori, tutti presenti in sala.<\/p>\n<p style=\"text-align: justify;\">Veramente straordinaria la performance di <strong>Tanya Khabarova<\/strong>, che accompagnata dalla tromba di <strong>Slava Gayvoronnsky<\/strong> , si \u00e8 esibita nel &#8221; Un ramo d&#8217;albero pendente sulla strada&#8221;, massima espressione del dolore di chi risulta vittima di tanto orrore.<\/p>\n<p style=\"text-align: justify;\"><a href=\"https:\/\/www.romaoggi.eu\/index.php\/author\/lorella\">Lorella Iaci<\/a><\/p>\n<p>&nbsp;<\/p>\n","protected":false},"excerpt":{"rendered":"<div class=\"mh-excerpt\"><p>&#8220;All&#8217;ombra di Caino&#8221;, l&#8217;ultimo libro Pino Nazio\u00a0e Maria Cristina Cerrato, \u00e8 stato presentato il 24 novembre 2017 a Roma, in occasione della giornata internazionale contro la\u00a0 violenza sulle donne, e questo libro\u00a0 di storie ne <a class=\"mh-excerpt-more\" href=\"https:\/\/www.romaoggi.eu\/index.php\/2017\/11\/25\/allombra-di-caino\/\" title=\"&#8220;All&#8217;ombra di Caino&#8221; ai Musei Capitolini, un libro che \u00e8 gi\u00e0 un successo\">[&#8230;]<\/a><\/p>\n<\/div>","protected":false},"author":8,"featured_media":11864,"comment_status":"open","ping_status":"open","sticky":false,"template":"","format":"standard","meta":{"_sitemap_exclude":false,"_sitemap_priority":"","_sitemap_frequency":"","footnotes":""},"categories":[522],"tags":[8523,8525,8531,8524,8433,732,864,8527,109,8529,8530,8526,8528],"class_list":["post-11839","post","type-post","status-publish","format-standard","has-post-thumbnail","hentry","category-attualita","tag-allombra-di-caino","tag-corriere-della-sera","tag-cristina-cerrato","tag-ester-palma","tag-giornata-internazionale-contro-la-violenza-sulle-donne","tag-musei-capitolini","tag-pino-nazio","tag-rita-borioni","tag-roma","tag-slava-gayvoronnsky","tag-tanya-khabarova","tag-valeria-baglio","tag-vera-cuzzocrea"],"yoast_head":"<!-- This site is optimized with the Yoast SEO plugin v27.5 - https:\/\/yoast.com\/product\/yoast-seo-wordpress\/ -->\n<title>&quot;All&#039;ombra di Caino&quot; ai Musei Capitolini, un libro che \u00e8 gi\u00e0 un successo<\/title>\n<meta name=\"description\" content=\"&quot;All&#039;ombra di Caino&quot;, l&#039;ultimo libro di Pino Nazio e Maria Cristina Cerreto, ieri a Roma in occasione della giornata in cui si parla di violenza sulle donne\" \/>\n<meta name=\"robots\" content=\"index, follow, max-snippet:-1, max-image-preview:large, max-video-preview:-1\" \/>\n<link rel=\"canonical\" href=\"https:\/\/www.romaoggi.eu\/index.php\/2017\/11\/25\/allombra-di-caino\/\" \/>\n<meta property=\"og:locale\" content=\"it_IT\" \/>\n<meta property=\"og:type\" content=\"article\" \/>\n<meta property=\"og:title\" content=\"&quot;All&#039;ombra di Caino&quot; ai Musei Capitolini, un libro che \u00e8 gi\u00e0 un successo\" \/>\n<meta property=\"og:description\" content=\"&quot;All&#039;ombra di Caino&quot;, l&#039;ultimo libro di Pino Nazio e Maria Cristina Cerreto, ieri a Roma in occasione della giornata in cui si parla di violenza sulle donne\" \/>\n<meta property=\"og:url\" content=\"https:\/\/www.romaoggi.eu\/index.php\/2017\/11\/25\/allombra-di-caino\/\" \/>\n<meta property=\"og:site_name\" content=\"roma oggi\" \/>\n<meta property=\"article:publisher\" content=\"https:\/\/www.facebook.com\/RomaOggi-841544845954114\" \/>\n<meta property=\"article:published_time\" content=\"2017-11-25T10:17:33+00:00\" \/>\n<meta property=\"article:modified_time\" content=\"2017-11-25T13:02:03+00:00\" \/>\n<meta property=\"og:image\" content=\"https:\/\/www.romaoggi.eu\/wp-content\/uploads\/2017\/11\/23905744_10212926313707073_3788728579866460403_n.jpg\" \/>\n\t<meta property=\"og:image:width\" content=\"960\" \/>\n\t<meta property=\"og:image:height\" content=\"720\" \/>\n\t<meta property=\"og:image:type\" content=\"image\/jpeg\" \/>\n<meta name=\"author\" content=\"Lorella Iaci\" \/>\n<meta name=\"twitter:card\" content=\"summary_large_image\" \/>\n<meta name=\"twitter:creator\" content=\"@romaoggi_eu\" \/>\n<meta name=\"twitter:site\" content=\"@romaoggi_eu\" \/>\n<meta name=\"twitter:label1\" content=\"Scritto da\" \/>\n\t<meta name=\"twitter:data1\" content=\"Lorella Iaci\" \/>\n\t<meta name=\"twitter:label2\" content=\"Tempo di lettura stimato\" \/>\n\t<meta name=\"twitter:data2\" content=\"2 minuti\" \/>\n<script type=\"application\/ld+json\" class=\"yoast-schema-graph\">{\"@context\":\"https:\\\/\\\/schema.org\",\"@graph\":[{\"@type\":\"Article\",\"@id\":\"https:\\\/\\\/www.romaoggi.eu\\\/index.php\\\/2017\\\/11\\\/25\\\/allombra-di-caino\\\/#article\",\"isPartOf\":{\"@id\":\"https:\\\/\\\/www.romaoggi.eu\\\/index.php\\\/2017\\\/11\\\/25\\\/allombra-di-caino\\\/\"},\"author\":{\"name\":\"Lorella Iaci\",\"@id\":\"https:\\\/\\\/www.romaoggi.eu\\\/#\\\/schema\\\/person\\\/ad7b70148e60a0d338e73d0565829be4\"},\"headline\":\"&#8220;All&#8217;ombra di Caino&#8221; ai Musei Capitolini, un libro che \u00e8 gi\u00e0 un successo\",\"datePublished\":\"2017-11-25T10:17:33+00:00\",\"dateModified\":\"2017-11-25T13:02:03+00:00\",\"mainEntityOfPage\":{\"@id\":\"https:\\\/\\\/www.romaoggi.eu\\\/index.php\\\/2017\\\/11\\\/25\\\/allombra-di-caino\\\/\"},\"wordCount\":450,\"commentCount\":0,\"publisher\":{\"@id\":\"https:\\\/\\\/www.romaoggi.eu\\\/#organization\"},\"image\":{\"@id\":\"https:\\\/\\\/www.romaoggi.eu\\\/index.php\\\/2017\\\/11\\\/25\\\/allombra-di-caino\\\/#primaryimage\"},\"thumbnailUrl\":\"https:\\\/\\\/www.romaoggi.eu\\\/wp-content\\\/uploads\\\/2017\\\/11\\\/23905744_10212926313707073_3788728579866460403_n.jpg\",\"keywords\":[\"All'ombra di caino\",\"Corriere della sera\",\"cristina cerrato\",\"Ester palma\",\"Giornata Internazionale contro la violenza sulle donne\",\"Musei Capitolini\",\"pino nazio\",\"rita borioni\",\"roma\",\"Slava Gayvoronnsky\",\"Tanya Khabarova\",\"valeria baglio\",\"vera cuzzocrea\"],\"articleSection\":[\"attualit\u00e0\"],\"inLanguage\":\"it-IT\",\"potentialAction\":[{\"@type\":\"CommentAction\",\"name\":\"Comment\",\"target\":[\"https:\\\/\\\/www.romaoggi.eu\\\/index.php\\\/2017\\\/11\\\/25\\\/allombra-di-caino\\\/#respond\"]}]},{\"@type\":\"WebPage\",\"@id\":\"https:\\\/\\\/www.romaoggi.eu\\\/index.php\\\/2017\\\/11\\\/25\\\/allombra-di-caino\\\/\",\"url\":\"https:\\\/\\\/www.romaoggi.eu\\\/index.php\\\/2017\\\/11\\\/25\\\/allombra-di-caino\\\/\",\"name\":\"\\\"All'ombra di Caino\\\" ai Musei Capitolini, un libro che \u00e8 gi\u00e0 un successo\",\"isPartOf\":{\"@id\":\"https:\\\/\\\/www.romaoggi.eu\\\/#website\"},\"primaryImageOfPage\":{\"@id\":\"https:\\\/\\\/www.romaoggi.eu\\\/index.php\\\/2017\\\/11\\\/25\\\/allombra-di-caino\\\/#primaryimage\"},\"image\":{\"@id\":\"https:\\\/\\\/www.romaoggi.eu\\\/index.php\\\/2017\\\/11\\\/25\\\/allombra-di-caino\\\/#primaryimage\"},\"thumbnailUrl\":\"https:\\\/\\\/www.romaoggi.eu\\\/wp-content\\\/uploads\\\/2017\\\/11\\\/23905744_10212926313707073_3788728579866460403_n.jpg\",\"datePublished\":\"2017-11-25T10:17:33+00:00\",\"dateModified\":\"2017-11-25T13:02:03+00:00\",\"description\":\"\\\"All'ombra di Caino\\\", l'ultimo libro di Pino Nazio e Maria Cristina Cerreto, ieri a Roma in occasione della giornata in cui si parla di violenza sulle donne\",\"breadcrumb\":{\"@id\":\"https:\\\/\\\/www.romaoggi.eu\\\/index.php\\\/2017\\\/11\\\/25\\\/allombra-di-caino\\\/#breadcrumb\"},\"inLanguage\":\"it-IT\",\"potentialAction\":[{\"@type\":\"ReadAction\",\"target\":[\"https:\\\/\\\/www.romaoggi.eu\\\/index.php\\\/2017\\\/11\\\/25\\\/allombra-di-caino\\\/\"]}]},{\"@type\":\"ImageObject\",\"inLanguage\":\"it-IT\",\"@id\":\"https:\\\/\\\/www.romaoggi.eu\\\/index.php\\\/2017\\\/11\\\/25\\\/allombra-di-caino\\\/#primaryimage\",\"url\":\"https:\\\/\\\/www.romaoggi.eu\\\/wp-content\\\/uploads\\\/2017\\\/11\\\/23905744_10212926313707073_3788728579866460403_n.jpg\",\"contentUrl\":\"https:\\\/\\\/www.romaoggi.eu\\\/wp-content\\\/uploads\\\/2017\\\/11\\\/23905744_10212926313707073_3788728579866460403_n.jpg\",\"width\":960,\"height\":720,\"caption\":\"Cristina Cerrato, Pino Nazio\"},{\"@type\":\"BreadcrumbList\",\"@id\":\"https:\\\/\\\/www.romaoggi.eu\\\/index.php\\\/2017\\\/11\\\/25\\\/allombra-di-caino\\\/#breadcrumb\",\"itemListElement\":[{\"@type\":\"ListItem\",\"position\":1,\"name\":\"Home\",\"item\":\"https:\\\/\\\/www.romaoggi.eu\\\/\"},{\"@type\":\"ListItem\",\"position\":2,\"name\":\"&#8220;All&#8217;ombra di Caino&#8221; ai Musei Capitolini, un libro che \u00e8 gi\u00e0 un successo\"}]},{\"@type\":\"WebSite\",\"@id\":\"https:\\\/\\\/www.romaoggi.eu\\\/#website\",\"url\":\"https:\\\/\\\/www.romaoggi.eu\\\/\",\"name\":\"roma oggi\",\"description\":\"Interesting News for Interesting people\",\"publisher\":{\"@id\":\"https:\\\/\\\/www.romaoggi.eu\\\/#organization\"},\"potentialAction\":[{\"@type\":\"SearchAction\",\"target\":{\"@type\":\"EntryPoint\",\"urlTemplate\":\"https:\\\/\\\/www.romaoggi.eu\\\/?s={search_term_string}\"},\"query-input\":{\"@type\":\"PropertyValueSpecification\",\"valueRequired\":true,\"valueName\":\"search_term_string\"}}],\"inLanguage\":\"it-IT\"},{\"@type\":\"Organization\",\"@id\":\"https:\\\/\\\/www.romaoggi.eu\\\/#organization\",\"name\":\"RomaOggi\",\"url\":\"https:\\\/\\\/www.romaoggi.eu\\\/\",\"logo\":{\"@type\":\"ImageObject\",\"inLanguage\":\"it-IT\",\"@id\":\"https:\\\/\\\/www.romaoggi.eu\\\/#\\\/schema\\\/logo\\\/image\\\/\",\"url\":\"https:\\\/\\\/www.romaoggi.eu\\\/wp-content\\\/uploads\\\/2017\\\/04\\\/logowp.jpg\",\"contentUrl\":\"https:\\\/\\\/www.romaoggi.eu\\\/wp-content\\\/uploads\\\/2017\\\/04\\\/logowp.jpg\",\"width\":300,\"height\":133,\"caption\":\"RomaOggi\"},\"image\":{\"@id\":\"https:\\\/\\\/www.romaoggi.eu\\\/#\\\/schema\\\/logo\\\/image\\\/\"},\"sameAs\":[\"https:\\\/\\\/www.facebook.com\\\/RomaOggi-841544845954114\",\"https:\\\/\\\/x.com\\\/romaoggi_eu\"]},{\"@type\":\"Person\",\"@id\":\"https:\\\/\\\/www.romaoggi.eu\\\/#\\\/schema\\\/person\\\/ad7b70148e60a0d338e73d0565829be4\",\"name\":\"Lorella Iaci\",\"image\":{\"@type\":\"ImageObject\",\"inLanguage\":\"it-IT\",\"@id\":\"https:\\\/\\\/secure.gravatar.com\\\/avatar\\\/2e8016efed3d5fbee04daf254a3494924254701903584f9c0cb2504f0cdc20eb?s=96&d=mm&r=g\",\"url\":\"https:\\\/\\\/secure.gravatar.com\\\/avatar\\\/2e8016efed3d5fbee04daf254a3494924254701903584f9c0cb2504f0cdc20eb?s=96&d=mm&r=g\",\"contentUrl\":\"https:\\\/\\\/secure.gravatar.com\\\/avatar\\\/2e8016efed3d5fbee04daf254a3494924254701903584f9c0cb2504f0cdc20eb?s=96&d=mm&r=g\",\"caption\":\"Lorella Iaci\"},\"url\":\"https:\\\/\\\/www.romaoggi.eu\\\/index.php\\\/author\\\/lorella\\\/\"}]}<\/script>\n<!-- \/ Yoast SEO plugin. -->","yoast_head_json":{"title":"\"All'ombra di Caino\" ai Musei Capitolini, un libro che \u00e8 gi\u00e0 un successo","description":"\"All'ombra di Caino\", l'ultimo libro di Pino Nazio e Maria Cristina Cerreto, ieri a Roma in occasione della giornata in cui si parla di violenza sulle donne","robots":{"index":"index","follow":"follow","max-snippet":"max-snippet:-1","max-image-preview":"max-image-preview:large","max-video-preview":"max-video-preview:-1"},"canonical":"https:\/\/www.romaoggi.eu\/index.php\/2017\/11\/25\/allombra-di-caino\/","og_locale":"it_IT","og_type":"article","og_title":"\"All'ombra di Caino\" ai Musei Capitolini, un libro che \u00e8 gi\u00e0 un successo","og_description":"\"All'ombra di Caino\", l'ultimo libro di Pino Nazio e Maria Cristina Cerreto, ieri a Roma in occasione della giornata in cui si parla di violenza sulle donne","og_url":"https:\/\/www.romaoggi.eu\/index.php\/2017\/11\/25\/allombra-di-caino\/","og_site_name":"roma oggi","article_publisher":"https:\/\/www.facebook.com\/RomaOggi-841544845954114","article_published_time":"2017-11-25T10:17:33+00:00","article_modified_time":"2017-11-25T13:02:03+00:00","og_image":[{"width":960,"height":720,"url":"https:\/\/www.romaoggi.eu\/wp-content\/uploads\/2017\/11\/23905744_10212926313707073_3788728579866460403_n.jpg","type":"image\/jpeg"}],"author":"Lorella Iaci","twitter_card":"summary_large_image","twitter_creator":"@romaoggi_eu","twitter_site":"@romaoggi_eu","twitter_misc":{"Scritto da":"Lorella Iaci","Tempo di lettura stimato":"2 minuti"},"schema":{"@context":"https:\/\/schema.org","@graph":[{"@type":"Article","@id":"https:\/\/www.romaoggi.eu\/index.php\/2017\/11\/25\/allombra-di-caino\/#article","isPartOf":{"@id":"https:\/\/www.romaoggi.eu\/index.php\/2017\/11\/25\/allombra-di-caino\/"},"author":{"name":"Lorella Iaci","@id":"https:\/\/www.romaoggi.eu\/#\/schema\/person\/ad7b70148e60a0d338e73d0565829be4"},"headline":"&#8220;All&#8217;ombra di Caino&#8221; ai Musei Capitolini, un libro che \u00e8 gi\u00e0 un successo","datePublished":"2017-11-25T10:17:33+00:00","dateModified":"2017-11-25T13:02:03+00:00","mainEntityOfPage":{"@id":"https:\/\/www.romaoggi.eu\/index.php\/2017\/11\/25\/allombra-di-caino\/"},"wordCount":450,"commentCount":0,"publisher":{"@id":"https:\/\/www.romaoggi.eu\/#organization"},"image":{"@id":"https:\/\/www.romaoggi.eu\/index.php\/2017\/11\/25\/allombra-di-caino\/#primaryimage"},"thumbnailUrl":"https:\/\/www.romaoggi.eu\/wp-content\/uploads\/2017\/11\/23905744_10212926313707073_3788728579866460403_n.jpg","keywords":["All'ombra di caino","Corriere della sera","cristina cerrato","Ester palma","Giornata Internazionale contro la violenza sulle donne","Musei Capitolini","pino nazio","rita borioni","roma","Slava Gayvoronnsky","Tanya Khabarova","valeria baglio","vera cuzzocrea"],"articleSection":["attualit\u00e0"],"inLanguage":"it-IT","potentialAction":[{"@type":"CommentAction","name":"Comment","target":["https:\/\/www.romaoggi.eu\/index.php\/2017\/11\/25\/allombra-di-caino\/#respond"]}]},{"@type":"WebPage","@id":"https:\/\/www.romaoggi.eu\/index.php\/2017\/11\/25\/allombra-di-caino\/","url":"https:\/\/www.romaoggi.eu\/index.php\/2017\/11\/25\/allombra-di-caino\/","name":"\"All'ombra di Caino\" ai Musei Capitolini, un libro che \u00e8 gi\u00e0 un successo","isPartOf":{"@id":"https:\/\/www.romaoggi.eu\/#website"},"primaryImageOfPage":{"@id":"https:\/\/www.romaoggi.eu\/index.php\/2017\/11\/25\/allombra-di-caino\/#primaryimage"},"image":{"@id":"https:\/\/www.romaoggi.eu\/index.php\/2017\/11\/25\/allombra-di-caino\/#primaryimage"},"thumbnailUrl":"https:\/\/www.romaoggi.eu\/wp-content\/uploads\/2017\/11\/23905744_10212926313707073_3788728579866460403_n.jpg","datePublished":"2017-11-25T10:17:33+00:00","dateModified":"2017-11-25T13:02:03+00:00","description":"\"All'ombra di Caino\", l'ultimo libro di Pino Nazio e Maria Cristina Cerreto, ieri a Roma in occasione della giornata in cui si parla di violenza sulle donne","breadcrumb":{"@id":"https:\/\/www.romaoggi.eu\/index.php\/2017\/11\/25\/allombra-di-caino\/#breadcrumb"},"inLanguage":"it-IT","potentialAction":[{"@type":"ReadAction","target":["https:\/\/www.romaoggi.eu\/index.php\/2017\/11\/25\/allombra-di-caino\/"]}]},{"@type":"ImageObject","inLanguage":"it-IT","@id":"https:\/\/www.romaoggi.eu\/index.php\/2017\/11\/25\/allombra-di-caino\/#primaryimage","url":"https:\/\/www.romaoggi.eu\/wp-content\/uploads\/2017\/11\/23905744_10212926313707073_3788728579866460403_n.jpg","contentUrl":"https:\/\/www.romaoggi.eu\/wp-content\/uploads\/2017\/11\/23905744_10212926313707073_3788728579866460403_n.jpg","width":960,"height":720,"caption":"Cristina Cerrato, Pino Nazio"},{"@type":"BreadcrumbList","@id":"https:\/\/www.romaoggi.eu\/index.php\/2017\/11\/25\/allombra-di-caino\/#breadcrumb","itemListElement":[{"@type":"ListItem","position":1,"name":"Home","item":"https:\/\/www.romaoggi.eu\/"},{"@type":"ListItem","position":2,"name":"&#8220;All&#8217;ombra di Caino&#8221; ai Musei Capitolini, un libro che \u00e8 gi\u00e0 un successo"}]},{"@type":"WebSite","@id":"https:\/\/www.romaoggi.eu\/#website","url":"https:\/\/www.romaoggi.eu\/","name":"roma oggi","description":"Interesting News for Interesting people","publisher":{"@id":"https:\/\/www.romaoggi.eu\/#organization"},"potentialAction":[{"@type":"SearchAction","target":{"@type":"EntryPoint","urlTemplate":"https:\/\/www.romaoggi.eu\/?s={search_term_string}"},"query-input":{"@type":"PropertyValueSpecification","valueRequired":true,"valueName":"search_term_string"}}],"inLanguage":"it-IT"},{"@type":"Organization","@id":"https:\/\/www.romaoggi.eu\/#organization","name":"RomaOggi","url":"https:\/\/www.romaoggi.eu\/","logo":{"@type":"ImageObject","inLanguage":"it-IT","@id":"https:\/\/www.romaoggi.eu\/#\/schema\/logo\/image\/","url":"https:\/\/www.romaoggi.eu\/wp-content\/uploads\/2017\/04\/logowp.jpg","contentUrl":"https:\/\/www.romaoggi.eu\/wp-content\/uploads\/2017\/04\/logowp.jpg","width":300,"height":133,"caption":"RomaOggi"},"image":{"@id":"https:\/\/www.romaoggi.eu\/#\/schema\/logo\/image\/"},"sameAs":["https:\/\/www.facebook.com\/RomaOggi-841544845954114","https:\/\/x.com\/romaoggi_eu"]},{"@type":"Person","@id":"https:\/\/www.romaoggi.eu\/#\/schema\/person\/ad7b70148e60a0d338e73d0565829be4","name":"Lorella Iaci","image":{"@type":"ImageObject","inLanguage":"it-IT","@id":"https:\/\/secure.gravatar.com\/avatar\/2e8016efed3d5fbee04daf254a3494924254701903584f9c0cb2504f0cdc20eb?s=96&d=mm&r=g","url":"https:\/\/secure.gravatar.com\/avatar\/2e8016efed3d5fbee04daf254a3494924254701903584f9c0cb2504f0cdc20eb?s=96&d=mm&r=g","contentUrl":"https:\/\/secure.gravatar.com\/avatar\/2e8016efed3d5fbee04daf254a3494924254701903584f9c0cb2504f0cdc20eb?s=96&d=mm&r=g","caption":"Lorella Iaci"},"url":"https:\/\/www.romaoggi.eu\/index.php\/author\/lorella\/"}]}},"_links":{"self":[{"href":"https:\/\/www.romaoggi.eu\/index.php\/wp-json\/wp\/v2\/posts\/11839","targetHints":{"allow":["GET"]}}],"collection":[{"href":"https:\/\/www.romaoggi.eu\/index.php\/wp-json\/wp\/v2\/posts"}],"about":[{"href":"https:\/\/www.romaoggi.eu\/index.php\/wp-json\/wp\/v2\/types\/post"}],"author":[{"embeddable":true,"href":"https:\/\/www.romaoggi.eu\/index.php\/wp-json\/wp\/v2\/users\/8"}],"replies":[{"embeddable":true,"href":"https:\/\/www.romaoggi.eu\/index.php\/wp-json\/wp\/v2\/comments?post=11839"}],"version-history":[{"count":26,"href":"https:\/\/www.romaoggi.eu\/index.php\/wp-json\/wp\/v2\/posts\/11839\/revisions"}],"predecessor-version":[{"id":11885,"href":"https:\/\/www.romaoggi.eu\/index.php\/wp-json\/wp\/v2\/posts\/11839\/revisions\/11885"}],"wp:featuredmedia":[{"embeddable":true,"href":"https:\/\/www.romaoggi.eu\/index.php\/wp-json\/wp\/v2\/media\/11864"}],"wp:attachment":[{"href":"https:\/\/www.romaoggi.eu\/index.php\/wp-json\/wp\/v2\/media?parent=11839"}],"wp:term":[{"taxonomy":"category","embeddable":true,"href":"https:\/\/www.romaoggi.eu\/index.php\/wp-json\/wp\/v2\/categories?post=11839"},{"taxonomy":"post_tag","embeddable":true,"href":"https:\/\/www.romaoggi.eu\/index.php\/wp-json\/wp\/v2\/tags?post=11839"}],"curies":[{"name":"wp","href":"https:\/\/api.w.org\/{rel}","templated":true}]}}