{"id":12025,"date":"2017-11-28T15:32:18","date_gmt":"2017-11-28T14:32:18","guid":{"rendered":"http:\/\/www.romaoggi.eu\/?p=12025"},"modified":"2017-11-28T15:32:18","modified_gmt":"2017-11-28T14:32:18","slug":"ifood-2","status":"publish","type":"post","link":"https:\/\/www.romaoggi.eu\/index.php\/2017\/11\/28\/ifood-2\/","title":{"rendered":"Allo Scavolini Store Roma Tiburtina arrivano i blogger di iFood Luca Sessa e Alice Targia"},"content":{"rendered":"<figure id=\"attachment_11821\" aria-describedby=\"caption-attachment-11821\" style=\"width: 300px\" class=\"wp-caption aligncenter\"><img loading=\"lazy\" decoding=\"async\" class=\"wp-image-11821 size-medium\" src=\"https:\/\/www.romaoggi.eu\/wp-content\/uploads\/2017\/11\/Sconto5_300x250-300x250.jpg\" alt=\"\" width=\"300\" height=\"250\" \/><figcaption id=\"caption-attachment-11821\" class=\"wp-caption-text\"><a href=\"https:\/\/www.cinecittaworld.it\/Vendita\/Biglietti-e-prezzi?Coupon=ROMAOGGI&amp;Adulti=2&amp;Ridotti=0\"><strong>Ottieni uno sconto sull&#8217;acquisto dei biglietti! CLICCA QUI<\/strong><\/a><\/figcaption><\/figure>\n<p align=\"JUSTIFY\">Per accendere la magia del Natale stimolando la fantasia e la creativit\u00e0 in tavola,<strong> iFood<\/strong> e <strong><a href=\"https:\/\/www.scavolini.com\/\">Scavolini<\/a><\/strong> hanno organizzato per tutti gli amanti della buona cucina un evento imperdibile! L\u2019appuntamento \u00e8 per sabato 2 dicembre, dalle 17:30 alle 19:00, presso lo<strong> <a href=\"http:\/\/www.romatiburtina.scavolinistore.net\/\">Scavolini Store Roma Tiburtina<\/a> <\/strong>con i blogger di iFood <a href=\"https:\/\/www.perunpugnodicapperi.it\/\"><strong>Luca Sessa<\/strong><\/a> e<a href=\"http:\/\/www.lablondenfarinee.ifood.it\/\"> <strong>Alice Targia<\/strong>.<\/a><\/p>\n<figure id=\"attachment_12028\" aria-describedby=\"caption-attachment-12028\" style=\"width: 800px\" class=\"wp-caption aligncenter\"><img loading=\"lazy\" decoding=\"async\" class=\"wp-image-12028 size-full\" src=\"https:\/\/www.romaoggi.eu\/wp-content\/uploads\/2017\/11\/Strudel-pancetta-e-pere.jpg\" alt=\"Alt text iFood\" width=\"800\" height=\"532\" srcset=\"https:\/\/www.romaoggi.eu\/wp-content\/uploads\/2017\/11\/Strudel-pancetta-e-pere.jpg 800w, https:\/\/www.romaoggi.eu\/wp-content\/uploads\/2017\/11\/Strudel-pancetta-e-pere-300x200.jpg 300w\" sizes=\"auto, (max-width: 800px) 100vw, 800px\" \/><figcaption id=\"caption-attachment-12028\" class=\"wp-caption-text\">Strudel pancetta e pere<\/figcaption><\/figure>\n<p align=\"JUSTIFY\">Durante l\u2019evento verranno proposti due piatti intriganti e scenografici, ideali per sorprendere gli ospiti durante le feste natalizie. Si inizia con una rivisitazione salata del classico strudel farcito con pancetta e pere, un accostamento di sapori apparentemente contrastanti e lontani insolito ma sorprendente; a seguire i blogger delizieranno il pubblico con la preparazione di biscotti, alberi di Natale impreziositi da gocce di cioccolato e crema di nocciole. A fine evento, gli ospiti potranno degustare le ricette preparate, una goduria per il palato e fonte di ispirazione per ideare piatti nuovi e originali da riproporre anche sulla propria tavola.<\/p>\n<p align=\"JUSTIFY\">Cuochi amatoriali per passione, Luca Sessa e Alice Targia saranno gli intrattenitori di questo evento dedicato alle buone forchette.<\/p>\n<figure id=\"attachment_12029\" aria-describedby=\"caption-attachment-12029\" style=\"width: 1024px\" class=\"wp-caption aligncenter\"><img loading=\"lazy\" decoding=\"async\" class=\"wp-image-12029 size-large\" src=\"https:\/\/www.romaoggi.eu\/wp-content\/uploads\/2017\/11\/Alberelli-di-frolla-1024x580.jpg\" alt=\"Alt text iFood\" width=\"1024\" height=\"580\" srcset=\"https:\/\/www.romaoggi.eu\/wp-content\/uploads\/2017\/11\/Alberelli-di-frolla-1024x580.jpg 1024w, https:\/\/www.romaoggi.eu\/wp-content\/uploads\/2017\/11\/Alberelli-di-frolla-300x170.jpg 300w, https:\/\/www.romaoggi.eu\/wp-content\/uploads\/2017\/11\/Alberelli-di-frolla.jpg 1060w\" sizes=\"auto, (max-width: 1024px) 100vw, 1024px\" \/><figcaption id=\"caption-attachment-12029\" class=\"wp-caption-text\">Alberelli di frolla<\/figcaption><\/figure>\n<p align=\"JUSTIFY\">\n<b>Luca Sessa<\/b> \u00e8 uno statistico di giorno che si trasforma in blogger e chef di notte. I giudici pi\u00f9 spietati per i suoi esperimenti in cucina sono i suoi due bimbi, e le ricette approvate vengono pubblicate sul blog Per un Pugno di Capperi. Scrivere, raccontare e confrontarsi \u00e8 il suo pane quotidiano che gli ha permesso di diventare Capo Redattore di iFood ed Editor di Dissapore.<\/p>\n<p align=\"JUSTIFY\">\n<b>Alice Targia<\/b> \u00e8 una studentessa che adora cucinare per regalare sorrisi ed emozioni; nasce cos\u00ec il suo blog La Blonde En Farin\u00e9e, dove dispensa consigli su come preparare la \u201cschiscetta\u201d universitaria, per studenti sempre di fretta, e propone ricette per dolci belli da vedere e buoni da gustare, per godersi momenti di puro piacere culinario.<\/p>\n<p align=\"JUSTIFY\"><a href=\"https:\/\/www.romaoggi.eu\/index.php\/2017\/11\/24\/cinecitta-world-2\/\"><b>RomaOggi.eu \u2192 Leggi il prossimo articolo<\/b><\/a><\/p>\n<p align=\"JUSTIFY\">La Redazione<\/p>\n<p align=\"JUSTIFY\">RomaOggi.eu \u201cInteresting news for interesting people\u201d<\/p>\n<figure id=\"attachment_11821\" aria-describedby=\"caption-attachment-11821\" style=\"width: 300px\" class=\"wp-caption aligncenter\"><img loading=\"lazy\" decoding=\"async\" class=\"wp-image-11821 size-medium\" src=\"https:\/\/www.romaoggi.eu\/wp-content\/uploads\/2017\/11\/Sconto5_300x250-300x250.jpg\" alt=\"\" width=\"300\" height=\"250\" \/><figcaption id=\"caption-attachment-11821\" class=\"wp-caption-text\"><a href=\"https:\/\/www.cinecittaworld.it\/Vendita\/Biglietti-e-prezzi?Coupon=ROMAOGGI&amp;Adulti=2&amp;Ridotti=0\"><strong>Ottieni uno sconto sull&#8217;acquisto dei biglietti! CLICCA QUI<\/strong><\/a><\/figcaption><\/figure>\n","protected":false},"excerpt":{"rendered":"<div class=\"mh-excerpt\"><p>Per accendere la magia del Natale stimolando la fantasia e la creativit\u00e0 in tavola, iFood e Scavolini hanno organizzato per tutti gli amanti della buona cucina un evento imperdibile! L\u2019appuntamento \u00e8 per sabato 2 dicembre, <a class=\"mh-excerpt-more\" href=\"https:\/\/www.romaoggi.eu\/index.php\/2017\/11\/28\/ifood-2\/\" title=\"Allo Scavolini Store Roma Tiburtina arrivano i blogger di iFood Luca Sessa e Alice Targia\">[&#8230;]<\/a><\/p>\n<\/div>","protected":false},"author":5,"featured_media":12026,"comment_status":"open","ping_status":"open","sticky":false,"template":"","format":"standard","meta":{"_sitemap_exclude":false,"_sitemap_priority":"","_sitemap_frequency":"","footnotes":""},"categories":[8],"tags":[6483,7997,8088,26,423,7992,877,159,7996,1644,109,8590,1738,634,8589,7991,8588,7844],"class_list":["post-12025","post","type-post","status-publish","format-standard","has-post-thumbnail","hentry","category-enogastronomia","tag-6483","tag-alice-targia","tag-cinecitta-world","tag-cristiano-morelli","tag-enogastronomia","tag-ifood","tag-italia","tag-lazio","tag-luca-sessa","tag-regione-lazio","tag-roma","tag-roma-tiburtina","tag-romaoggi-eu","tag-rome","tag-sabato-2-dicembre","tag-scavolini","tag-scavolini-store-roma-tiburtina","tag-show-cooking"],"yoast_head":"<!-- This site is optimized with the Yoast SEO plugin v27.5 - https:\/\/yoast.com\/product\/yoast-seo-wordpress\/ -->\n<title>Allo Scavolini Store Roma Tiburtina arrivano i blogger di iFood Luca Sessa e Alice Targia<\/title>\n<meta name=\"description\" content=\"Per accendere la magia del Natale stimolando la fantasia e la creativit\u00e0 in tavola, iFood e Scavolini hanno organizzato per tutti gli amanti ...\" \/>\n<meta name=\"robots\" content=\"index, follow, max-snippet:-1, max-image-preview:large, max-video-preview:-1\" \/>\n<link rel=\"canonical\" href=\"https:\/\/www.romaoggi.eu\/index.php\/2017\/11\/28\/ifood-2\/\" \/>\n<meta property=\"og:locale\" content=\"it_IT\" \/>\n<meta property=\"og:type\" content=\"article\" \/>\n<meta property=\"og:title\" content=\"Allo Scavolini Store Roma Tiburtina arrivano i blogger di iFood Luca Sessa e Alice Targia\" \/>\n<meta property=\"og:description\" content=\"Per accendere la magia del Natale stimolando la fantasia e la creativit\u00e0 in tavola, iFood e Scavolini hanno organizzato per tutti gli amanti ...\" \/>\n<meta property=\"og:url\" content=\"https:\/\/www.romaoggi.eu\/index.php\/2017\/11\/28\/ifood-2\/\" \/>\n<meta property=\"og:site_name\" content=\"roma oggi\" \/>\n<meta property=\"article:publisher\" content=\"https:\/\/www.facebook.com\/RomaOggi-841544845954114\" \/>\n<meta property=\"article:published_time\" content=\"2017-11-28T14:32:18+00:00\" \/>\n<meta property=\"og:image\" content=\"https:\/\/www.romaoggi.eu\/wp-content\/uploads\/2017\/11\/Alice-Targia-Luca-Sessa-iFood-Roma.jpg\" \/>\n\t<meta property=\"og:image:width\" content=\"1200\" \/>\n\t<meta property=\"og:image:height\" content=\"628\" \/>\n\t<meta property=\"og:image:type\" content=\"image\/jpeg\" \/>\n<meta name=\"author\" content=\"Flavio\" \/>\n<meta name=\"twitter:card\" content=\"summary_large_image\" \/>\n<meta name=\"twitter:creator\" content=\"@romaoggi_eu\" \/>\n<meta name=\"twitter:site\" content=\"@romaoggi_eu\" \/>\n<meta name=\"twitter:label1\" content=\"Scritto da\" \/>\n\t<meta name=\"twitter:data1\" content=\"Flavio\" \/>\n\t<meta name=\"twitter:label2\" content=\"Tempo di lettura stimato\" \/>\n\t<meta name=\"twitter:data2\" content=\"2 minuti\" \/>\n<script type=\"application\/ld+json\" class=\"yoast-schema-graph\">{\"@context\":\"https:\\\/\\\/schema.org\",\"@graph\":[{\"@type\":\"Article\",\"@id\":\"https:\\\/\\\/www.romaoggi.eu\\\/index.php\\\/2017\\\/11\\\/28\\\/ifood-2\\\/#article\",\"isPartOf\":{\"@id\":\"https:\\\/\\\/www.romaoggi.eu\\\/index.php\\\/2017\\\/11\\\/28\\\/ifood-2\\\/\"},\"author\":{\"name\":\"Flavio\",\"@id\":\"https:\\\/\\\/www.romaoggi.eu\\\/#\\\/schema\\\/person\\\/cc12bfd93370392d7e41d243e47e6681\"},\"headline\":\"Allo Scavolini Store Roma Tiburtina arrivano i blogger di iFood Luca Sessa e Alice Targia\",\"datePublished\":\"2017-11-28T14:32:18+00:00\",\"mainEntityOfPage\":{\"@id\":\"https:\\\/\\\/www.romaoggi.eu\\\/index.php\\\/2017\\\/11\\\/28\\\/ifood-2\\\/\"},\"wordCount\":373,\"commentCount\":0,\"publisher\":{\"@id\":\"https:\\\/\\\/www.romaoggi.eu\\\/#organization\"},\"image\":{\"@id\":\"https:\\\/\\\/www.romaoggi.eu\\\/index.php\\\/2017\\\/11\\\/28\\\/ifood-2\\\/#primaryimage\"},\"thumbnailUrl\":\"https:\\\/\\\/www.romaoggi.eu\\\/wp-content\\\/uploads\\\/2017\\\/11\\\/Alice-Targia-Luca-Sessa-iFood-Roma.jpg\",\"keywords\":[\"2017\",\"Alice Targia\",\"Cinecitt\u00e0 World\",\"cristiano morelli\",\"enogastronomia\",\"iFood\",\"italia\",\"lazio\",\"Luca Sessa\",\"Regione Lazio\",\"roma\",\"Roma Tiburtina\",\"RomaOggi.eu\",\"rome\",\"Sabato 2 dicembre\",\"Scavolini\",\"Scavolini Store Roma Tiburtina\",\"show cooking\"],\"articleSection\":[\"Enogastronomia\"],\"inLanguage\":\"it-IT\",\"potentialAction\":[{\"@type\":\"CommentAction\",\"name\":\"Comment\",\"target\":[\"https:\\\/\\\/www.romaoggi.eu\\\/index.php\\\/2017\\\/11\\\/28\\\/ifood-2\\\/#respond\"]}]},{\"@type\":\"WebPage\",\"@id\":\"https:\\\/\\\/www.romaoggi.eu\\\/index.php\\\/2017\\\/11\\\/28\\\/ifood-2\\\/\",\"url\":\"https:\\\/\\\/www.romaoggi.eu\\\/index.php\\\/2017\\\/11\\\/28\\\/ifood-2\\\/\",\"name\":\"Allo Scavolini Store Roma Tiburtina arrivano i blogger di iFood Luca Sessa e Alice Targia\",\"isPartOf\":{\"@id\":\"https:\\\/\\\/www.romaoggi.eu\\\/#website\"},\"primaryImageOfPage\":{\"@id\":\"https:\\\/\\\/www.romaoggi.eu\\\/index.php\\\/2017\\\/11\\\/28\\\/ifood-2\\\/#primaryimage\"},\"image\":{\"@id\":\"https:\\\/\\\/www.romaoggi.eu\\\/index.php\\\/2017\\\/11\\\/28\\\/ifood-2\\\/#primaryimage\"},\"thumbnailUrl\":\"https:\\\/\\\/www.romaoggi.eu\\\/wp-content\\\/uploads\\\/2017\\\/11\\\/Alice-Targia-Luca-Sessa-iFood-Roma.jpg\",\"datePublished\":\"2017-11-28T14:32:18+00:00\",\"description\":\"Per accendere la magia del Natale stimolando la fantasia e la creativit\u00e0 in tavola, iFood e Scavolini hanno organizzato per tutti gli amanti ...\",\"breadcrumb\":{\"@id\":\"https:\\\/\\\/www.romaoggi.eu\\\/index.php\\\/2017\\\/11\\\/28\\\/ifood-2\\\/#breadcrumb\"},\"inLanguage\":\"it-IT\",\"potentialAction\":[{\"@type\":\"ReadAction\",\"target\":[\"https:\\\/\\\/www.romaoggi.eu\\\/index.php\\\/2017\\\/11\\\/28\\\/ifood-2\\\/\"]}]},{\"@type\":\"ImageObject\",\"inLanguage\":\"it-IT\",\"@id\":\"https:\\\/\\\/www.romaoggi.eu\\\/index.php\\\/2017\\\/11\\\/28\\\/ifood-2\\\/#primaryimage\",\"url\":\"https:\\\/\\\/www.romaoggi.eu\\\/wp-content\\\/uploads\\\/2017\\\/11\\\/Alice-Targia-Luca-Sessa-iFood-Roma.jpg\",\"contentUrl\":\"https:\\\/\\\/www.romaoggi.eu\\\/wp-content\\\/uploads\\\/2017\\\/11\\\/Alice-Targia-Luca-Sessa-iFood-Roma.jpg\",\"width\":1200,\"height\":628,\"caption\":\"Alt text iFood\"},{\"@type\":\"BreadcrumbList\",\"@id\":\"https:\\\/\\\/www.romaoggi.eu\\\/index.php\\\/2017\\\/11\\\/28\\\/ifood-2\\\/#breadcrumb\",\"itemListElement\":[{\"@type\":\"ListItem\",\"position\":1,\"name\":\"Home\",\"item\":\"https:\\\/\\\/www.romaoggi.eu\\\/\"},{\"@type\":\"ListItem\",\"position\":2,\"name\":\"Allo Scavolini Store Roma Tiburtina arrivano i blogger di iFood Luca Sessa e Alice Targia\"}]},{\"@type\":\"WebSite\",\"@id\":\"https:\\\/\\\/www.romaoggi.eu\\\/#website\",\"url\":\"https:\\\/\\\/www.romaoggi.eu\\\/\",\"name\":\"roma oggi\",\"description\":\"Interesting News for Interesting people\",\"publisher\":{\"@id\":\"https:\\\/\\\/www.romaoggi.eu\\\/#organization\"},\"potentialAction\":[{\"@type\":\"SearchAction\",\"target\":{\"@type\":\"EntryPoint\",\"urlTemplate\":\"https:\\\/\\\/www.romaoggi.eu\\\/?s={search_term_string}\"},\"query-input\":{\"@type\":\"PropertyValueSpecification\",\"valueRequired\":true,\"valueName\":\"search_term_string\"}}],\"inLanguage\":\"it-IT\"},{\"@type\":\"Organization\",\"@id\":\"https:\\\/\\\/www.romaoggi.eu\\\/#organization\",\"name\":\"RomaOggi\",\"url\":\"https:\\\/\\\/www.romaoggi.eu\\\/\",\"logo\":{\"@type\":\"ImageObject\",\"inLanguage\":\"it-IT\",\"@id\":\"https:\\\/\\\/www.romaoggi.eu\\\/#\\\/schema\\\/logo\\\/image\\\/\",\"url\":\"https:\\\/\\\/www.romaoggi.eu\\\/wp-content\\\/uploads\\\/2017\\\/04\\\/logowp.jpg\",\"contentUrl\":\"https:\\\/\\\/www.romaoggi.eu\\\/wp-content\\\/uploads\\\/2017\\\/04\\\/logowp.jpg\",\"width\":300,\"height\":133,\"caption\":\"RomaOggi\"},\"image\":{\"@id\":\"https:\\\/\\\/www.romaoggi.eu\\\/#\\\/schema\\\/logo\\\/image\\\/\"},\"sameAs\":[\"https:\\\/\\\/www.facebook.com\\\/RomaOggi-841544845954114\",\"https:\\\/\\\/x.com\\\/romaoggi_eu\"]},{\"@type\":\"Person\",\"@id\":\"https:\\\/\\\/www.romaoggi.eu\\\/#\\\/schema\\\/person\\\/cc12bfd93370392d7e41d243e47e6681\",\"name\":\"Flavio\",\"image\":{\"@type\":\"ImageObject\",\"inLanguage\":\"it-IT\",\"@id\":\"https:\\\/\\\/secure.gravatar.com\\\/avatar\\\/7e044ce830ea97853e01500437b37dff4a622b20a194e4d0efe9b67e918f19e5?s=96&d=mm&r=g\",\"url\":\"https:\\\/\\\/secure.gravatar.com\\\/avatar\\\/7e044ce830ea97853e01500437b37dff4a622b20a194e4d0efe9b67e918f19e5?s=96&d=mm&r=g\",\"contentUrl\":\"https:\\\/\\\/secure.gravatar.com\\\/avatar\\\/7e044ce830ea97853e01500437b37dff4a622b20a194e4d0efe9b67e918f19e5?s=96&d=mm&r=g\",\"caption\":\"Flavio\"},\"url\":\"https:\\\/\\\/www.romaoggi.eu\\\/index.php\\\/author\\\/cristiano\\\/\"}]}<\/script>\n<!-- \/ Yoast SEO plugin. -->","yoast_head_json":{"title":"Allo Scavolini Store Roma Tiburtina arrivano i blogger di iFood Luca Sessa e Alice Targia","description":"Per accendere la magia del Natale stimolando la fantasia e la creativit\u00e0 in tavola, iFood e Scavolini hanno organizzato per tutti gli amanti ...","robots":{"index":"index","follow":"follow","max-snippet":"max-snippet:-1","max-image-preview":"max-image-preview:large","max-video-preview":"max-video-preview:-1"},"canonical":"https:\/\/www.romaoggi.eu\/index.php\/2017\/11\/28\/ifood-2\/","og_locale":"it_IT","og_type":"article","og_title":"Allo Scavolini Store Roma Tiburtina arrivano i blogger di iFood Luca Sessa e Alice Targia","og_description":"Per accendere la magia del Natale stimolando la fantasia e la creativit\u00e0 in tavola, iFood e Scavolini hanno organizzato per tutti gli amanti ...","og_url":"https:\/\/www.romaoggi.eu\/index.php\/2017\/11\/28\/ifood-2\/","og_site_name":"roma oggi","article_publisher":"https:\/\/www.facebook.com\/RomaOggi-841544845954114","article_published_time":"2017-11-28T14:32:18+00:00","og_image":[{"width":1200,"height":628,"url":"https:\/\/www.romaoggi.eu\/wp-content\/uploads\/2017\/11\/Alice-Targia-Luca-Sessa-iFood-Roma.jpg","type":"image\/jpeg"}],"author":"Flavio","twitter_card":"summary_large_image","twitter_creator":"@romaoggi_eu","twitter_site":"@romaoggi_eu","twitter_misc":{"Scritto da":"Flavio","Tempo di lettura stimato":"2 minuti"},"schema":{"@context":"https:\/\/schema.org","@graph":[{"@type":"Article","@id":"https:\/\/www.romaoggi.eu\/index.php\/2017\/11\/28\/ifood-2\/#article","isPartOf":{"@id":"https:\/\/www.romaoggi.eu\/index.php\/2017\/11\/28\/ifood-2\/"},"author":{"name":"Flavio","@id":"https:\/\/www.romaoggi.eu\/#\/schema\/person\/cc12bfd93370392d7e41d243e47e6681"},"headline":"Allo Scavolini Store Roma Tiburtina arrivano i blogger di iFood Luca Sessa e Alice Targia","datePublished":"2017-11-28T14:32:18+00:00","mainEntityOfPage":{"@id":"https:\/\/www.romaoggi.eu\/index.php\/2017\/11\/28\/ifood-2\/"},"wordCount":373,"commentCount":0,"publisher":{"@id":"https:\/\/www.romaoggi.eu\/#organization"},"image":{"@id":"https:\/\/www.romaoggi.eu\/index.php\/2017\/11\/28\/ifood-2\/#primaryimage"},"thumbnailUrl":"https:\/\/www.romaoggi.eu\/wp-content\/uploads\/2017\/11\/Alice-Targia-Luca-Sessa-iFood-Roma.jpg","keywords":["2017","Alice Targia","Cinecitt\u00e0 World","cristiano morelli","enogastronomia","iFood","italia","lazio","Luca Sessa","Regione Lazio","roma","Roma Tiburtina","RomaOggi.eu","rome","Sabato 2 dicembre","Scavolini","Scavolini Store Roma Tiburtina","show cooking"],"articleSection":["Enogastronomia"],"inLanguage":"it-IT","potentialAction":[{"@type":"CommentAction","name":"Comment","target":["https:\/\/www.romaoggi.eu\/index.php\/2017\/11\/28\/ifood-2\/#respond"]}]},{"@type":"WebPage","@id":"https:\/\/www.romaoggi.eu\/index.php\/2017\/11\/28\/ifood-2\/","url":"https:\/\/www.romaoggi.eu\/index.php\/2017\/11\/28\/ifood-2\/","name":"Allo Scavolini Store Roma Tiburtina arrivano i blogger di iFood Luca Sessa e Alice Targia","isPartOf":{"@id":"https:\/\/www.romaoggi.eu\/#website"},"primaryImageOfPage":{"@id":"https:\/\/www.romaoggi.eu\/index.php\/2017\/11\/28\/ifood-2\/#primaryimage"},"image":{"@id":"https:\/\/www.romaoggi.eu\/index.php\/2017\/11\/28\/ifood-2\/#primaryimage"},"thumbnailUrl":"https:\/\/www.romaoggi.eu\/wp-content\/uploads\/2017\/11\/Alice-Targia-Luca-Sessa-iFood-Roma.jpg","datePublished":"2017-11-28T14:32:18+00:00","description":"Per accendere la magia del Natale stimolando la fantasia e la creativit\u00e0 in tavola, iFood e Scavolini hanno organizzato per tutti gli amanti ...","breadcrumb":{"@id":"https:\/\/www.romaoggi.eu\/index.php\/2017\/11\/28\/ifood-2\/#breadcrumb"},"inLanguage":"it-IT","potentialAction":[{"@type":"ReadAction","target":["https:\/\/www.romaoggi.eu\/index.php\/2017\/11\/28\/ifood-2\/"]}]},{"@type":"ImageObject","inLanguage":"it-IT","@id":"https:\/\/www.romaoggi.eu\/index.php\/2017\/11\/28\/ifood-2\/#primaryimage","url":"https:\/\/www.romaoggi.eu\/wp-content\/uploads\/2017\/11\/Alice-Targia-Luca-Sessa-iFood-Roma.jpg","contentUrl":"https:\/\/www.romaoggi.eu\/wp-content\/uploads\/2017\/11\/Alice-Targia-Luca-Sessa-iFood-Roma.jpg","width":1200,"height":628,"caption":"Alt text iFood"},{"@type":"BreadcrumbList","@id":"https:\/\/www.romaoggi.eu\/index.php\/2017\/11\/28\/ifood-2\/#breadcrumb","itemListElement":[{"@type":"ListItem","position":1,"name":"Home","item":"https:\/\/www.romaoggi.eu\/"},{"@type":"ListItem","position":2,"name":"Allo Scavolini Store Roma Tiburtina arrivano i blogger di iFood Luca Sessa e Alice Targia"}]},{"@type":"WebSite","@id":"https:\/\/www.romaoggi.eu\/#website","url":"https:\/\/www.romaoggi.eu\/","name":"roma oggi","description":"Interesting News for Interesting people","publisher":{"@id":"https:\/\/www.romaoggi.eu\/#organization"},"potentialAction":[{"@type":"SearchAction","target":{"@type":"EntryPoint","urlTemplate":"https:\/\/www.romaoggi.eu\/?s={search_term_string}"},"query-input":{"@type":"PropertyValueSpecification","valueRequired":true,"valueName":"search_term_string"}}],"inLanguage":"it-IT"},{"@type":"Organization","@id":"https:\/\/www.romaoggi.eu\/#organization","name":"RomaOggi","url":"https:\/\/www.romaoggi.eu\/","logo":{"@type":"ImageObject","inLanguage":"it-IT","@id":"https:\/\/www.romaoggi.eu\/#\/schema\/logo\/image\/","url":"https:\/\/www.romaoggi.eu\/wp-content\/uploads\/2017\/04\/logowp.jpg","contentUrl":"https:\/\/www.romaoggi.eu\/wp-content\/uploads\/2017\/04\/logowp.jpg","width":300,"height":133,"caption":"RomaOggi"},"image":{"@id":"https:\/\/www.romaoggi.eu\/#\/schema\/logo\/image\/"},"sameAs":["https:\/\/www.facebook.com\/RomaOggi-841544845954114","https:\/\/x.com\/romaoggi_eu"]},{"@type":"Person","@id":"https:\/\/www.romaoggi.eu\/#\/schema\/person\/cc12bfd93370392d7e41d243e47e6681","name":"Flavio","image":{"@type":"ImageObject","inLanguage":"it-IT","@id":"https:\/\/secure.gravatar.com\/avatar\/7e044ce830ea97853e01500437b37dff4a622b20a194e4d0efe9b67e918f19e5?s=96&d=mm&r=g","url":"https:\/\/secure.gravatar.com\/avatar\/7e044ce830ea97853e01500437b37dff4a622b20a194e4d0efe9b67e918f19e5?s=96&d=mm&r=g","contentUrl":"https:\/\/secure.gravatar.com\/avatar\/7e044ce830ea97853e01500437b37dff4a622b20a194e4d0efe9b67e918f19e5?s=96&d=mm&r=g","caption":"Flavio"},"url":"https:\/\/www.romaoggi.eu\/index.php\/author\/cristiano\/"}]}},"_links":{"self":[{"href":"https:\/\/www.romaoggi.eu\/index.php\/wp-json\/wp\/v2\/posts\/12025","targetHints":{"allow":["GET"]}}],"collection":[{"href":"https:\/\/www.romaoggi.eu\/index.php\/wp-json\/wp\/v2\/posts"}],"about":[{"href":"https:\/\/www.romaoggi.eu\/index.php\/wp-json\/wp\/v2\/types\/post"}],"author":[{"embeddable":true,"href":"https:\/\/www.romaoggi.eu\/index.php\/wp-json\/wp\/v2\/users\/5"}],"replies":[{"embeddable":true,"href":"https:\/\/www.romaoggi.eu\/index.php\/wp-json\/wp\/v2\/comments?post=12025"}],"version-history":[{"count":2,"href":"https:\/\/www.romaoggi.eu\/index.php\/wp-json\/wp\/v2\/posts\/12025\/revisions"}],"predecessor-version":[{"id":12030,"href":"https:\/\/www.romaoggi.eu\/index.php\/wp-json\/wp\/v2\/posts\/12025\/revisions\/12030"}],"wp:featuredmedia":[{"embeddable":true,"href":"https:\/\/www.romaoggi.eu\/index.php\/wp-json\/wp\/v2\/media\/12026"}],"wp:attachment":[{"href":"https:\/\/www.romaoggi.eu\/index.php\/wp-json\/wp\/v2\/media?parent=12025"}],"wp:term":[{"taxonomy":"category","embeddable":true,"href":"https:\/\/www.romaoggi.eu\/index.php\/wp-json\/wp\/v2\/categories?post=12025"},{"taxonomy":"post_tag","embeddable":true,"href":"https:\/\/www.romaoggi.eu\/index.php\/wp-json\/wp\/v2\/tags?post=12025"}],"curies":[{"name":"wp","href":"https:\/\/api.w.org\/{rel}","templated":true}]}}