{"id":12139,"date":"2017-12-04T09:25:28","date_gmt":"2017-12-04T08:25:28","guid":{"rendered":"http:\/\/www.romaoggi.eu\/?p=12139"},"modified":"2017-12-04T09:25:28","modified_gmt":"2017-12-04T08:25:28","slug":"virtus-roma-19","status":"publish","type":"post","link":"https:\/\/www.romaoggi.eu\/index.php\/2017\/12\/04\/virtus-roma-19\/","title":{"rendered":"Virtus Roma sconfitta ad Agrigento 101-72 dalla Moncada"},"content":{"rendered":"<figure id=\"attachment_11821\" aria-describedby=\"caption-attachment-11821\" style=\"width: 300px\" class=\"wp-caption aligncenter\"><img loading=\"lazy\" decoding=\"async\" class=\"wp-image-11821 size-medium\" src=\"https:\/\/www.romaoggi.eu\/wp-content\/uploads\/2017\/11\/Sconto5_300x250-300x250.jpg\" alt=\"\" width=\"300\" height=\"250\" \/><figcaption id=\"caption-attachment-11821\" class=\"wp-caption-text\"><a href=\"https:\/\/www.cinecittaworld.it\/Vendita\/Biglietti-e-prezzi?Coupon=ROMAOGGI&amp;Adulti=2&amp;Ridotti=0\"><strong>Ottieni uno sconto sull&#8217;acquisto dei biglietti! CLICCA QUI<\/strong><\/a><\/figcaption><\/figure>\n<p align=\"JUSTIFY\"><span style=\"color: #000000;\"><span style=\"font-family: 'Times New Roman', serif;\"><span style=\"font-size: medium;\">La <b>Virtus Roma <\/b>incappa ad Agrigento nella quinta sconfitta consecutiva in campionato cedendo <b>101-72 <\/b>alla <a href=\"http:\/\/www.fortitudoagrigento.it\/home\/\"><b>Moncada<\/b><\/a>. Gli uomini di coach Bechi resistono un tempo (51-45), ma poi devono arrendersi ai due parziali di 12-0 e 9-2 con i quali i padroni di casa hanno aperto i due quarti finali portando la sfida definitivamente dalla loro parte. <\/span><\/span><\/span><\/p>\n<p align=\"JUSTIFY\"><span style=\"color: #000000;\"><span style=\"font-family: 'Times New Roman', serif;\"><span style=\"font-size: medium;\">Primo quarto all\u2019insegna degli attacchi da entrambe le parti: Agrigento lo chiude avanti 26-24 grazie ai 7 punti di Cannon e Guariglia, mentre Roma si appoggia sulla sua coppia Usa che fattura 20 dei 24 punti virtussini (Thomas 11). L\u2019inizio del secondo quarto \u00e8 invece pi\u00f9 difficile per i capitolini che trovano con pi\u00f9 fatica il canestro mentre dall\u2019altra parte 5 punti di Ambrosin (9 nel quarto) fanno andare i padroni di casa avanti 37-28 dopo 4\u2019 di gioco. Una tripla di Evangelisti (7 nei secondi 10\u2019) poco prima della met\u00e0 del quarto consegna a coach Ciani il vantaggio in doppia cifra sul 40-30, la Virtus per\u00f2 rimane aggrappata alla partita grazie a 5 punti di Chessa prima e Landi poi e chiude sotto 51-45 il primo tempo. <\/span><\/span><\/span><\/p>\n<p align=\"JUSTIFY\"><span style=\"color: #000000;\"><span style=\"font-family: 'Times New Roman', serif;\"><span style=\"font-size: medium;\">Ripresa di gioco che coincide con il momento pi\u00f9 difficile della Virtus Roma: la Moncada apre il secondo tempo infatti con un parziale di 12-0 (5 di Zugno) nei primi 5\u2019 andando sul 63-45. Roma trova i primi punti del tempo con una tripla di Roberts oltre la met\u00e0 del periodo, ma riesce a non affondare registrando la difesa e riducendo lo svantaggio fino al 70-59 di fine quarto. Un canestro di Baldasso in apertura dell\u2019ultimo periodo fa tornare lo svantaggio in singola cifra, 70-61, ma subito dopo arriva un 9-0 di Simone Pepe (18 nell\u2019ultimo quarto) che con 7:30 sul cronometro porta il punteggio sul 79-61 e chiude virtualmente la sfida. Il resto del tempo serve solo ai padroni di casa per aumentare il divario fino al <b>101-72 <\/b>finale. <\/span><\/span><\/span><\/p>\n<p align=\"JUSTIFY\"><span style=\"color: #000000;\"><span style=\"font-family: 'Times New Roman', serif;\"><span style=\"font-size: medium;\">Prossimo impegno in campionato domenica 10 dicembre alle ore 17.00 al Palazzetto dello Sport contro la Remer Treviglio. <\/span><\/span><\/span><\/p>\n<p align=\"JUSTIFY\"><span style=\"color: #000000;\"><span style=\"font-family: 'Times New Roman', serif;\"><span style=\"font-size: medium;\">Questo il commento di coach <b>Luca Bechi <\/b>in conferenza stampa: \u00ab<i>Prima di tutto complimenti ad Agrigento, una societ\u00e0 con grande equilibrio che ha replicato il progetto con giocatori diversi mantenendo la stessa filosofia. Noi siamo lontani per intensit\u00e0 e qualit\u00e0: abbiamo sub\u00ecto le cose pi\u00f9 semplici come la pressione difensiva, i rimbalzi d\u2019attacco; proviamo a rimanere attaccati alla partita, torniamo a -10 in un attimo e poi andiamo di nuovo subito sotto. Dobbiamo imparare a trovare un\u2019altra attitudine, abbiamo giocato due partite nelle quali magari non alla prima spallata, ma alla seconda s\u00ec, siamo andati a terra. Al di l\u00e0 dello scarto accumulato nel finale, quando ho voluto dare un messaggio alla squadra per far capire che siamo tutti coinvolti e che se non si fa bene si sta seduti, abbiamo giocato due partite simili tra Cagliari e oggi. Adesso siamo una squadra che deve assolutamente reagire, abbiamo avuto una settimana particolare con cambio allenatore e due trasferte ma ora basta, gli alibi sono finiti, c\u2019\u00e8 soltanto da lavorare in palestra perch\u00e9 dobbiamo uscire rapidamente da questa situazione. Personalmente io conosco solo la strada del lavoro duro quotidiano e da questo ripartiremo la prossima settimana. Dobbiamo cambiare faccia, atteggiamento, modo di lavorare, perch\u00e9 il rispetto e i risultati si guadagnano soltanto con i fatti\u00bb<\/i>. <\/span><\/span><\/span><\/p>\n<p align=\"JUSTIFY\"><span style=\"color: #000000;\"><span style=\"font-family: 'Times New Roman', serif;\"><span style=\"font-size: medium;\"><b>Moncada Agrigento \u2013 Virtus Roma 101-72 <\/b>(26-24; 51-45; 70-59) <\/span><\/span><\/span><\/p>\n<p align=\"JUSTIFY\"><span style=\"color: #000000;\"><span style=\"font-family: 'Times New Roman', serif;\"><span style=\"font-size: medium;\"><b>Moncada Agrigento<\/b>: Savoca 3, Cannon 11, Zugno 14, Evangelisti 12, Cuffaro 3, Magro, Williams 8, Ambrosin 14, Guariglia 13, Pepe 18, Lovisotto 5. All. Ciani. <\/span><\/span><\/span><\/p>\n<p align=\"JUSTIFY\"><span style=\"color: #000000;\"><span style=\"font-family: 'Times New Roman', serif;\"><span style=\"font-size: medium;\"><b>Virtus Roma<\/b>: Benetti 6, Basile 3, Maresca 6, Chessa 8, Donadoni, Baldasso 5, Lucarelli, Landi 11, Vedovato, Roberts 14, Thomas 19. All. Bechi. <\/span><\/span><\/span><\/p>\n<p align=\"JUSTIFY\"><a href=\"https:\/\/www.romaoggi.eu\/index.php\/2017\/11\/24\/cinecitta-world-2\/\"><span style=\"font-family: 'Times New Roman', serif;\"><span style=\"font-size: medium;\"><b>RomaOggi.eu \u2192 Leggi il prossimo articolo<\/b><\/span><\/span><\/a><\/p>\n<p align=\"JUSTIFY\"><span style=\"font-family: 'Times New Roman', serif;\"><span style=\"font-size: medium;\">La Redazione<\/span><\/span><\/p>\n<p align=\"JUSTIFY\"><span style=\"font-family: 'Times New Roman', serif;\"><span style=\"font-size: medium;\">RomaOggi.eu \u201cInteresting news for interesting people\u201d<\/span><\/span><\/p>\n<figure id=\"attachment_11821\" aria-describedby=\"caption-attachment-11821\" style=\"width: 300px\" class=\"wp-caption aligncenter\"><img loading=\"lazy\" decoding=\"async\" class=\"wp-image-11821 size-medium\" src=\"https:\/\/www.romaoggi.eu\/wp-content\/uploads\/2017\/11\/Sconto5_300x250-300x250.jpg\" alt=\"\" width=\"300\" height=\"250\" \/><figcaption id=\"caption-attachment-11821\" class=\"wp-caption-text\"><a href=\"https:\/\/www.cinecittaworld.it\/Vendita\/Biglietti-e-prezzi?Coupon=ROMAOGGI&amp;Adulti=2&amp;Ridotti=0\"><strong>Ottieni uno sconto sull&#8217;acquisto dei biglietti! CLICCA QUI<\/strong><\/a><\/figcaption><\/figure>\n","protected":false},"excerpt":{"rendered":"<div class=\"mh-excerpt\"><p>La Virtus Roma incappa ad Agrigento nella quinta sconfitta consecutiva in campionato cedendo 101-72 alla Moncada. Gli uomini di coach Bechi resistono un tempo (51-45), ma poi devono arrendersi ai due parziali di 12-0 e <a class=\"mh-excerpt-more\" href=\"https:\/\/www.romaoggi.eu\/index.php\/2017\/12\/04\/virtus-roma-19\/\" title=\"Virtus Roma sconfitta ad Agrigento 101-72 dalla Moncada\">[&#8230;]<\/a><\/p>\n<\/div>","protected":false},"author":5,"featured_media":0,"comment_status":"open","ping_status":"open","sticky":false,"template":"","format":"standard","meta":{"_sitemap_exclude":false,"_sitemap_priority":"","_sitemap_frequency":"","footnotes":""},"categories":[5],"tags":[6483,7214,8522,8088,26,877,8660,8661,6213,109,1738,634,355,6976],"class_list":["post-12139","post","type-post","status-publish","format-standard","hentry","category-sport","tag-6483","tag-basket","tag-bechi","tag-cinecitta-world","tag-cristiano-morelli","tag-italia","tag-moncada","tag-moncada-agrigent","tag-pallacanestro","tag-roma","tag-romaoggi-eu","tag-rome","tag-sport","tag-virtus-roma"],"yoast_head":"<!-- This site is optimized with the Yoast SEO plugin v27.5 - https:\/\/yoast.com\/product\/yoast-seo-wordpress\/ -->\n<title>Virtus Roma sconfitta ad Agrigento 101-72 dalla Moncada<\/title>\n<meta name=\"description\" content=\"La Virtus Roma incappa ad Agrigento nella quinta sconfitta consecutiva in campionato cedendo 101-72 alla Moncada. Gli uomini di coach...\" \/>\n<meta name=\"robots\" content=\"index, follow, max-snippet:-1, max-image-preview:large, max-video-preview:-1\" \/>\n<link rel=\"canonical\" href=\"https:\/\/www.romaoggi.eu\/index.php\/2017\/12\/04\/virtus-roma-19\/\" \/>\n<meta property=\"og:locale\" content=\"it_IT\" \/>\n<meta property=\"og:type\" content=\"article\" \/>\n<meta property=\"og:title\" content=\"Virtus Roma sconfitta ad Agrigento 101-72 dalla Moncada\" \/>\n<meta property=\"og:description\" content=\"La Virtus Roma incappa ad Agrigento nella quinta sconfitta consecutiva in campionato cedendo 101-72 alla Moncada. Gli uomini di coach...\" \/>\n<meta property=\"og:url\" content=\"https:\/\/www.romaoggi.eu\/index.php\/2017\/12\/04\/virtus-roma-19\/\" \/>\n<meta property=\"og:site_name\" content=\"roma oggi\" \/>\n<meta property=\"article:publisher\" content=\"https:\/\/www.facebook.com\/RomaOggi-841544845954114\" \/>\n<meta property=\"article:published_time\" content=\"2017-12-04T08:25:28+00:00\" \/>\n<meta property=\"og:image\" content=\"http:\/\/www.romaoggi.eu\/wp-content\/uploads\/2017\/11\/Sconto5_300x250-300x250.jpg\" \/>\n<meta name=\"author\" content=\"Flavio\" \/>\n<meta name=\"twitter:card\" content=\"summary_large_image\" \/>\n<meta name=\"twitter:creator\" content=\"@romaoggi_eu\" \/>\n<meta name=\"twitter:site\" content=\"@romaoggi_eu\" \/>\n<meta name=\"twitter:label1\" content=\"Scritto da\" \/>\n\t<meta name=\"twitter:data1\" content=\"Flavio\" \/>\n\t<meta name=\"twitter:label2\" content=\"Tempo di lettura stimato\" \/>\n\t<meta name=\"twitter:data2\" content=\"3 minuti\" \/>\n<script type=\"application\/ld+json\" class=\"yoast-schema-graph\">{\"@context\":\"https:\\\/\\\/schema.org\",\"@graph\":[{\"@type\":\"Article\",\"@id\":\"https:\\\/\\\/www.romaoggi.eu\\\/index.php\\\/2017\\\/12\\\/04\\\/virtus-roma-19\\\/#article\",\"isPartOf\":{\"@id\":\"https:\\\/\\\/www.romaoggi.eu\\\/index.php\\\/2017\\\/12\\\/04\\\/virtus-roma-19\\\/\"},\"author\":{\"name\":\"Flavio\",\"@id\":\"https:\\\/\\\/www.romaoggi.eu\\\/#\\\/schema\\\/person\\\/cc12bfd93370392d7e41d243e47e6681\"},\"headline\":\"Virtus Roma sconfitta ad Agrigento 101-72 dalla Moncada\",\"datePublished\":\"2017-12-04T08:25:28+00:00\",\"mainEntityOfPage\":{\"@id\":\"https:\\\/\\\/www.romaoggi.eu\\\/index.php\\\/2017\\\/12\\\/04\\\/virtus-roma-19\\\/\"},\"wordCount\":630,\"commentCount\":0,\"publisher\":{\"@id\":\"https:\\\/\\\/www.romaoggi.eu\\\/#organization\"},\"image\":{\"@id\":\"https:\\\/\\\/www.romaoggi.eu\\\/index.php\\\/2017\\\/12\\\/04\\\/virtus-roma-19\\\/#primaryimage\"},\"thumbnailUrl\":\"http:\\\/\\\/www.romaoggi.eu\\\/wp-content\\\/uploads\\\/2017\\\/11\\\/Sconto5_300x250-300x250.jpg\",\"keywords\":[\"2017\",\"Basket\",\"Bechi\",\"Cinecitt\u00e0 World\",\"cristiano morelli\",\"italia\",\"Moncada\",\"Moncada Agrigent\",\"Pallacanestro\",\"roma\",\"RomaOggi.eu\",\"rome\",\"sport\",\"Virtus Roma\"],\"articleSection\":[\"Sport\"],\"inLanguage\":\"it-IT\",\"potentialAction\":[{\"@type\":\"CommentAction\",\"name\":\"Comment\",\"target\":[\"https:\\\/\\\/www.romaoggi.eu\\\/index.php\\\/2017\\\/12\\\/04\\\/virtus-roma-19\\\/#respond\"]}]},{\"@type\":\"WebPage\",\"@id\":\"https:\\\/\\\/www.romaoggi.eu\\\/index.php\\\/2017\\\/12\\\/04\\\/virtus-roma-19\\\/\",\"url\":\"https:\\\/\\\/www.romaoggi.eu\\\/index.php\\\/2017\\\/12\\\/04\\\/virtus-roma-19\\\/\",\"name\":\"Virtus Roma sconfitta ad Agrigento 101-72 dalla Moncada\",\"isPartOf\":{\"@id\":\"https:\\\/\\\/www.romaoggi.eu\\\/#website\"},\"primaryImageOfPage\":{\"@id\":\"https:\\\/\\\/www.romaoggi.eu\\\/index.php\\\/2017\\\/12\\\/04\\\/virtus-roma-19\\\/#primaryimage\"},\"image\":{\"@id\":\"https:\\\/\\\/www.romaoggi.eu\\\/index.php\\\/2017\\\/12\\\/04\\\/virtus-roma-19\\\/#primaryimage\"},\"thumbnailUrl\":\"http:\\\/\\\/www.romaoggi.eu\\\/wp-content\\\/uploads\\\/2017\\\/11\\\/Sconto5_300x250-300x250.jpg\",\"datePublished\":\"2017-12-04T08:25:28+00:00\",\"description\":\"La Virtus Roma incappa ad Agrigento nella quinta sconfitta consecutiva in campionato cedendo 101-72 alla Moncada. Gli uomini di coach...\",\"breadcrumb\":{\"@id\":\"https:\\\/\\\/www.romaoggi.eu\\\/index.php\\\/2017\\\/12\\\/04\\\/virtus-roma-19\\\/#breadcrumb\"},\"inLanguage\":\"it-IT\",\"potentialAction\":[{\"@type\":\"ReadAction\",\"target\":[\"https:\\\/\\\/www.romaoggi.eu\\\/index.php\\\/2017\\\/12\\\/04\\\/virtus-roma-19\\\/\"]}]},{\"@type\":\"ImageObject\",\"inLanguage\":\"it-IT\",\"@id\":\"https:\\\/\\\/www.romaoggi.eu\\\/index.php\\\/2017\\\/12\\\/04\\\/virtus-roma-19\\\/#primaryimage\",\"url\":\"http:\\\/\\\/www.romaoggi.eu\\\/wp-content\\\/uploads\\\/2017\\\/11\\\/Sconto5_300x250-300x250.jpg\",\"contentUrl\":\"http:\\\/\\\/www.romaoggi.eu\\\/wp-content\\\/uploads\\\/2017\\\/11\\\/Sconto5_300x250-300x250.jpg\"},{\"@type\":\"BreadcrumbList\",\"@id\":\"https:\\\/\\\/www.romaoggi.eu\\\/index.php\\\/2017\\\/12\\\/04\\\/virtus-roma-19\\\/#breadcrumb\",\"itemListElement\":[{\"@type\":\"ListItem\",\"position\":1,\"name\":\"Home\",\"item\":\"https:\\\/\\\/www.romaoggi.eu\\\/\"},{\"@type\":\"ListItem\",\"position\":2,\"name\":\"Virtus Roma sconfitta ad Agrigento 101-72 dalla Moncada\"}]},{\"@type\":\"WebSite\",\"@id\":\"https:\\\/\\\/www.romaoggi.eu\\\/#website\",\"url\":\"https:\\\/\\\/www.romaoggi.eu\\\/\",\"name\":\"roma oggi\",\"description\":\"Interesting News for Interesting people\",\"publisher\":{\"@id\":\"https:\\\/\\\/www.romaoggi.eu\\\/#organization\"},\"potentialAction\":[{\"@type\":\"SearchAction\",\"target\":{\"@type\":\"EntryPoint\",\"urlTemplate\":\"https:\\\/\\\/www.romaoggi.eu\\\/?s={search_term_string}\"},\"query-input\":{\"@type\":\"PropertyValueSpecification\",\"valueRequired\":true,\"valueName\":\"search_term_string\"}}],\"inLanguage\":\"it-IT\"},{\"@type\":\"Organization\",\"@id\":\"https:\\\/\\\/www.romaoggi.eu\\\/#organization\",\"name\":\"RomaOggi\",\"url\":\"https:\\\/\\\/www.romaoggi.eu\\\/\",\"logo\":{\"@type\":\"ImageObject\",\"inLanguage\":\"it-IT\",\"@id\":\"https:\\\/\\\/www.romaoggi.eu\\\/#\\\/schema\\\/logo\\\/image\\\/\",\"url\":\"https:\\\/\\\/www.romaoggi.eu\\\/wp-content\\\/uploads\\\/2017\\\/04\\\/logowp.jpg\",\"contentUrl\":\"https:\\\/\\\/www.romaoggi.eu\\\/wp-content\\\/uploads\\\/2017\\\/04\\\/logowp.jpg\",\"width\":300,\"height\":133,\"caption\":\"RomaOggi\"},\"image\":{\"@id\":\"https:\\\/\\\/www.romaoggi.eu\\\/#\\\/schema\\\/logo\\\/image\\\/\"},\"sameAs\":[\"https:\\\/\\\/www.facebook.com\\\/RomaOggi-841544845954114\",\"https:\\\/\\\/x.com\\\/romaoggi_eu\"]},{\"@type\":\"Person\",\"@id\":\"https:\\\/\\\/www.romaoggi.eu\\\/#\\\/schema\\\/person\\\/cc12bfd93370392d7e41d243e47e6681\",\"name\":\"Flavio\",\"image\":{\"@type\":\"ImageObject\",\"inLanguage\":\"it-IT\",\"@id\":\"https:\\\/\\\/secure.gravatar.com\\\/avatar\\\/7e044ce830ea97853e01500437b37dff4a622b20a194e4d0efe9b67e918f19e5?s=96&d=mm&r=g\",\"url\":\"https:\\\/\\\/secure.gravatar.com\\\/avatar\\\/7e044ce830ea97853e01500437b37dff4a622b20a194e4d0efe9b67e918f19e5?s=96&d=mm&r=g\",\"contentUrl\":\"https:\\\/\\\/secure.gravatar.com\\\/avatar\\\/7e044ce830ea97853e01500437b37dff4a622b20a194e4d0efe9b67e918f19e5?s=96&d=mm&r=g\",\"caption\":\"Flavio\"},\"url\":\"https:\\\/\\\/www.romaoggi.eu\\\/index.php\\\/author\\\/cristiano\\\/\"}]}<\/script>\n<!-- \/ Yoast SEO plugin. -->","yoast_head_json":{"title":"Virtus Roma sconfitta ad Agrigento 101-72 dalla Moncada","description":"La Virtus Roma incappa ad Agrigento nella quinta sconfitta consecutiva in campionato cedendo 101-72 alla Moncada. Gli uomini di coach...","robots":{"index":"index","follow":"follow","max-snippet":"max-snippet:-1","max-image-preview":"max-image-preview:large","max-video-preview":"max-video-preview:-1"},"canonical":"https:\/\/www.romaoggi.eu\/index.php\/2017\/12\/04\/virtus-roma-19\/","og_locale":"it_IT","og_type":"article","og_title":"Virtus Roma sconfitta ad Agrigento 101-72 dalla Moncada","og_description":"La Virtus Roma incappa ad Agrigento nella quinta sconfitta consecutiva in campionato cedendo 101-72 alla Moncada. Gli uomini di coach...","og_url":"https:\/\/www.romaoggi.eu\/index.php\/2017\/12\/04\/virtus-roma-19\/","og_site_name":"roma oggi","article_publisher":"https:\/\/www.facebook.com\/RomaOggi-841544845954114","article_published_time":"2017-12-04T08:25:28+00:00","og_image":[{"url":"http:\/\/www.romaoggi.eu\/wp-content\/uploads\/2017\/11\/Sconto5_300x250-300x250.jpg","type":"","width":"","height":""}],"author":"Flavio","twitter_card":"summary_large_image","twitter_creator":"@romaoggi_eu","twitter_site":"@romaoggi_eu","twitter_misc":{"Scritto da":"Flavio","Tempo di lettura stimato":"3 minuti"},"schema":{"@context":"https:\/\/schema.org","@graph":[{"@type":"Article","@id":"https:\/\/www.romaoggi.eu\/index.php\/2017\/12\/04\/virtus-roma-19\/#article","isPartOf":{"@id":"https:\/\/www.romaoggi.eu\/index.php\/2017\/12\/04\/virtus-roma-19\/"},"author":{"name":"Flavio","@id":"https:\/\/www.romaoggi.eu\/#\/schema\/person\/cc12bfd93370392d7e41d243e47e6681"},"headline":"Virtus Roma sconfitta ad Agrigento 101-72 dalla Moncada","datePublished":"2017-12-04T08:25:28+00:00","mainEntityOfPage":{"@id":"https:\/\/www.romaoggi.eu\/index.php\/2017\/12\/04\/virtus-roma-19\/"},"wordCount":630,"commentCount":0,"publisher":{"@id":"https:\/\/www.romaoggi.eu\/#organization"},"image":{"@id":"https:\/\/www.romaoggi.eu\/index.php\/2017\/12\/04\/virtus-roma-19\/#primaryimage"},"thumbnailUrl":"http:\/\/www.romaoggi.eu\/wp-content\/uploads\/2017\/11\/Sconto5_300x250-300x250.jpg","keywords":["2017","Basket","Bechi","Cinecitt\u00e0 World","cristiano morelli","italia","Moncada","Moncada Agrigent","Pallacanestro","roma","RomaOggi.eu","rome","sport","Virtus Roma"],"articleSection":["Sport"],"inLanguage":"it-IT","potentialAction":[{"@type":"CommentAction","name":"Comment","target":["https:\/\/www.romaoggi.eu\/index.php\/2017\/12\/04\/virtus-roma-19\/#respond"]}]},{"@type":"WebPage","@id":"https:\/\/www.romaoggi.eu\/index.php\/2017\/12\/04\/virtus-roma-19\/","url":"https:\/\/www.romaoggi.eu\/index.php\/2017\/12\/04\/virtus-roma-19\/","name":"Virtus Roma sconfitta ad Agrigento 101-72 dalla Moncada","isPartOf":{"@id":"https:\/\/www.romaoggi.eu\/#website"},"primaryImageOfPage":{"@id":"https:\/\/www.romaoggi.eu\/index.php\/2017\/12\/04\/virtus-roma-19\/#primaryimage"},"image":{"@id":"https:\/\/www.romaoggi.eu\/index.php\/2017\/12\/04\/virtus-roma-19\/#primaryimage"},"thumbnailUrl":"http:\/\/www.romaoggi.eu\/wp-content\/uploads\/2017\/11\/Sconto5_300x250-300x250.jpg","datePublished":"2017-12-04T08:25:28+00:00","description":"La Virtus Roma incappa ad Agrigento nella quinta sconfitta consecutiva in campionato cedendo 101-72 alla Moncada. Gli uomini di coach...","breadcrumb":{"@id":"https:\/\/www.romaoggi.eu\/index.php\/2017\/12\/04\/virtus-roma-19\/#breadcrumb"},"inLanguage":"it-IT","potentialAction":[{"@type":"ReadAction","target":["https:\/\/www.romaoggi.eu\/index.php\/2017\/12\/04\/virtus-roma-19\/"]}]},{"@type":"ImageObject","inLanguage":"it-IT","@id":"https:\/\/www.romaoggi.eu\/index.php\/2017\/12\/04\/virtus-roma-19\/#primaryimage","url":"http:\/\/www.romaoggi.eu\/wp-content\/uploads\/2017\/11\/Sconto5_300x250-300x250.jpg","contentUrl":"http:\/\/www.romaoggi.eu\/wp-content\/uploads\/2017\/11\/Sconto5_300x250-300x250.jpg"},{"@type":"BreadcrumbList","@id":"https:\/\/www.romaoggi.eu\/index.php\/2017\/12\/04\/virtus-roma-19\/#breadcrumb","itemListElement":[{"@type":"ListItem","position":1,"name":"Home","item":"https:\/\/www.romaoggi.eu\/"},{"@type":"ListItem","position":2,"name":"Virtus Roma sconfitta ad Agrigento 101-72 dalla Moncada"}]},{"@type":"WebSite","@id":"https:\/\/www.romaoggi.eu\/#website","url":"https:\/\/www.romaoggi.eu\/","name":"roma oggi","description":"Interesting News for Interesting people","publisher":{"@id":"https:\/\/www.romaoggi.eu\/#organization"},"potentialAction":[{"@type":"SearchAction","target":{"@type":"EntryPoint","urlTemplate":"https:\/\/www.romaoggi.eu\/?s={search_term_string}"},"query-input":{"@type":"PropertyValueSpecification","valueRequired":true,"valueName":"search_term_string"}}],"inLanguage":"it-IT"},{"@type":"Organization","@id":"https:\/\/www.romaoggi.eu\/#organization","name":"RomaOggi","url":"https:\/\/www.romaoggi.eu\/","logo":{"@type":"ImageObject","inLanguage":"it-IT","@id":"https:\/\/www.romaoggi.eu\/#\/schema\/logo\/image\/","url":"https:\/\/www.romaoggi.eu\/wp-content\/uploads\/2017\/04\/logowp.jpg","contentUrl":"https:\/\/www.romaoggi.eu\/wp-content\/uploads\/2017\/04\/logowp.jpg","width":300,"height":133,"caption":"RomaOggi"},"image":{"@id":"https:\/\/www.romaoggi.eu\/#\/schema\/logo\/image\/"},"sameAs":["https:\/\/www.facebook.com\/RomaOggi-841544845954114","https:\/\/x.com\/romaoggi_eu"]},{"@type":"Person","@id":"https:\/\/www.romaoggi.eu\/#\/schema\/person\/cc12bfd93370392d7e41d243e47e6681","name":"Flavio","image":{"@type":"ImageObject","inLanguage":"it-IT","@id":"https:\/\/secure.gravatar.com\/avatar\/7e044ce830ea97853e01500437b37dff4a622b20a194e4d0efe9b67e918f19e5?s=96&d=mm&r=g","url":"https:\/\/secure.gravatar.com\/avatar\/7e044ce830ea97853e01500437b37dff4a622b20a194e4d0efe9b67e918f19e5?s=96&d=mm&r=g","contentUrl":"https:\/\/secure.gravatar.com\/avatar\/7e044ce830ea97853e01500437b37dff4a622b20a194e4d0efe9b67e918f19e5?s=96&d=mm&r=g","caption":"Flavio"},"url":"https:\/\/www.romaoggi.eu\/index.php\/author\/cristiano\/"}]}},"_links":{"self":[{"href":"https:\/\/www.romaoggi.eu\/index.php\/wp-json\/wp\/v2\/posts\/12139","targetHints":{"allow":["GET"]}}],"collection":[{"href":"https:\/\/www.romaoggi.eu\/index.php\/wp-json\/wp\/v2\/posts"}],"about":[{"href":"https:\/\/www.romaoggi.eu\/index.php\/wp-json\/wp\/v2\/types\/post"}],"author":[{"embeddable":true,"href":"https:\/\/www.romaoggi.eu\/index.php\/wp-json\/wp\/v2\/users\/5"}],"replies":[{"embeddable":true,"href":"https:\/\/www.romaoggi.eu\/index.php\/wp-json\/wp\/v2\/comments?post=12139"}],"version-history":[{"count":1,"href":"https:\/\/www.romaoggi.eu\/index.php\/wp-json\/wp\/v2\/posts\/12139\/revisions"}],"predecessor-version":[{"id":12143,"href":"https:\/\/www.romaoggi.eu\/index.php\/wp-json\/wp\/v2\/posts\/12139\/revisions\/12143"}],"wp:attachment":[{"href":"https:\/\/www.romaoggi.eu\/index.php\/wp-json\/wp\/v2\/media?parent=12139"}],"wp:term":[{"taxonomy":"category","embeddable":true,"href":"https:\/\/www.romaoggi.eu\/index.php\/wp-json\/wp\/v2\/categories?post=12139"},{"taxonomy":"post_tag","embeddable":true,"href":"https:\/\/www.romaoggi.eu\/index.php\/wp-json\/wp\/v2\/tags?post=12139"}],"curies":[{"name":"wp","href":"https:\/\/api.w.org\/{rel}","templated":true}]}}