{"id":1221,"date":"2016-03-07T22:40:44","date_gmt":"2016-03-07T21:40:44","guid":{"rendered":"http:\/\/www.romaoggi.eu\/?p=1221"},"modified":"2016-03-07T22:40:44","modified_gmt":"2016-03-07T21:40:44","slug":"stefano-maniscalco-campionato-assoluto-karate","status":"publish","type":"post","link":"https:\/\/www.romaoggi.eu\/index.php\/2016\/03\/07\/stefano-maniscalco-campionato-assoluto-karate\/","title":{"rendered":"Stefano Maniscalco, il 12 marzo al Campionato Assoluto di Karate- Palafijlkam"},"content":{"rendered":"<h2>Stefano Maniscalco, il campione di Karate, tra Reality e Campionati.<\/h2>\n<p style=\"text-align: justify;\">Dopo aver partecipato ad un Reality \u00a0ed aver vinto tanti titoli del mondo ed europei, il pluricampione <strong>Stefano Maniscalco,<\/strong> \u00a0si prepara per il <strong>Campionato Assoluto di Karate<\/strong> in programma sabato <strong>12 Marzo<\/strong>, al <strong>Palafijlkam<\/strong> di Ostia. Per quanto riguarda la <strong>Word Karate Federation,<\/strong> si \u00e8 aggiudicato 2 ori e 5 bronzi ai Mondiali, e 3 ori, 4 argenti e 6 bronzi agli Europei. Bello, fisicamente scolpito, simpatico e dal sorriso accattivante, Stefano Maniscalco \u00e8 stato catturato dalla televisione e ha partecipato con successo al Reality &#8220;Monte Bianco &#8211; Sfida verticale&#8221; di Rai 2, conquistando il pubblico femminile e i tanti estimatori delle arti marziali che in lui vedono un vero idolo e un serio e preparato campione.<br \/>\nSabato 12 Marzo, Stefano Maniscalco dovr\u00e0 affrontare una gara molto difficile al Palasport del litorale romano,<a href=\"http:\/\/www.fijlkam.it\">http:\/\/www.fijlkam.it<\/a>, per conoscere meglio la sua vita e come si sta preparando ad un appuntamento cosi importante, lo ha intervistato per noi,\u00a0<strong>Clarissa Galassi.<\/strong><\/p>\n<p style=\"text-align: justify;\"><img loading=\"lazy\" decoding=\"async\" class=\" wp-image-1226 alignleft\" src=\"https:\/\/www.romaoggi.eu\/wp-content\/uploads\/2016\/03\/IMG-20160307-WA0021-300x300.jpg\" alt=\"Stefano Maniscalco\" width=\"315\" height=\"315\" srcset=\"https:\/\/www.romaoggi.eu\/wp-content\/uploads\/2016\/03\/IMG-20160307-WA0021-300x300.jpg 300w, https:\/\/www.romaoggi.eu\/wp-content\/uploads\/2016\/03\/IMG-20160307-WA0021-150x150.jpg 150w, https:\/\/www.romaoggi.eu\/wp-content\/uploads\/2016\/03\/IMG-20160307-WA0021.jpg 1000w\" sizes=\"auto, (max-width: 315px) 100vw, 315px\" \/><strong>Stefano, cosa rappresenta per te il Karate?<\/strong><br \/>\n&#8220;<em>Ho iniziato a praticare Karate nel 1992, quando avevo 10 anni, sotto suggerimento di mio padre. Lui \u00e8 un insegnante tecnico di Judo, quindi ho iniziato con il Judo, dopo alcuni anni di ginnastica artistica, per poi dedicarmi totalmente al Karate. Per me questo sport oggi non \u00e8 solo una passione ma \u00e8 diventato un vero e proprio lavoro. Nel 2000, infatti, all&#8217;et\u00e0 di 18 anni, sono entrato a far parte del gruppo sportivo delle Fiamme Gialle. Ad oggi sono 16 anni che mi trovo in questo gruppo di grandi campioni e sono diventato anche Capitano della Nazionale Italiana di Karate.<\/em>&#8220;<\/p>\n<p style=\"text-align: justify;\"><strong>In che modo ti stai preparando per il grande incontro del prossimo sabato<\/strong>?<br \/>\n&#8220;<em>Sto cercando di impostare il mio allenamento nel modo pi\u00f9 scrupoloso possibile. Purtroppo venendo anche da un brutto infortunio, dovr\u00f2 impegnarmi al massimo. Tengo molto a vincere la gara del prossimo sabato perch\u00e9 potrei conquistare il mio quindicesimo titolo italiano, ma comunque vada questa \u00e8 una grande opportunit\u00e0 per me, perch\u00e9 combattere mi rende &#8220;vivo&#8221;. Mi sto preparando anche a lottare per le Fiamme Gialle, per il prossimo Campionato del Mondo in Austria. Ce la metter\u00f2 tutta<\/em>.&#8221;<\/p>\n<p style=\"text-align: justify;\"><img loading=\"lazy\" decoding=\"async\" class=\"size-medium wp-image-1227 alignright\" src=\"https:\/\/www.romaoggi.eu\/wp-content\/uploads\/2016\/03\/IMG-20160307-WA0019-300x300.jpg\" alt=\"Stefano Maniscalco\" width=\"300\" height=\"300\" srcset=\"https:\/\/www.romaoggi.eu\/wp-content\/uploads\/2016\/03\/IMG-20160307-WA0019-300x300.jpg 300w, https:\/\/www.romaoggi.eu\/wp-content\/uploads\/2016\/03\/IMG-20160307-WA0019-150x150.jpg 150w, https:\/\/www.romaoggi.eu\/wp-content\/uploads\/2016\/03\/IMG-20160307-WA0019-1024x1024.jpg 1024w, https:\/\/www.romaoggi.eu\/wp-content\/uploads\/2016\/03\/IMG-20160307-WA0019.jpg 1242w\" sizes=\"auto, (max-width: 300px) 100vw, 300px\" \/><\/p>\n<p style=\"text-align: justify;\"><strong>A cosa hai dovuto rinunciare per inseguire il tuo sogno?<\/strong><br \/>\n&#8220;<em>Le rinunce sono state tantissime, soprattutto all&#8217;et\u00e0 di 17\/18 anni, ho dovuto rinunciare alla discoteca, ad uscire con i miei amici e con le ragazze, ma soprattutto ho sempre avuto una equilibrata alimentazione. Nell&#8217;et\u00e0 in cui uno dovrebbe pensare solo a divertirsi io ero sempre in palestra ad allenarmi con il mio maestro giapponese e con i tecnici, ma non me pento, anzi ringrazio la mia famiglia e soprattutto mio padre che mi ha sempre sostenuto in questo lungo percorso. Devo dire per\u00f2 che anche a me piace distrarmi, quindi quando non ci sono le gare mi cimento nel ballo latino-americano e nel canto<\/em>.&#8221;<\/p>\n<p style=\"text-align: justify;\"><strong>Come hai vissuto l\u2019esperienza del reality show: Monte Bianco-Sfida verticale?<\/strong><br \/>\n&#8220;<em>L&#8217;esperienza di &#8220;Monte Bianco- Sfida verticale&#8221;, \u00e8 stata fantastica. Quando il mio agente mi ha proposto di partecipare a questo reality ho subito accettato, perch\u00e9 adoro la montagna. Ho vissuto quest&#8217;esperienza a 360 gradi, in quanto sono stato l&#8217;unico ad aver scalato due cime di 3500 metri. Grazie a questo programma ho conosciuto delle persone fantastiche come Enzo Salvi, Dayane Mello, Arisa, Filippo Facci e molti altri; ma devo ringraziare specialmente il co-conduttore di Caterina Balivo, Simone Moro, che ci ha fatto amare la montagna come non mai.<\/em>&#8220;<\/p>\n<p style=\"text-align: justify;\"><strong>Vita privata e sport, riesci a combinare entrambe le cose?<\/strong><br \/>\n&#8220;<em>Si, \u00a0ci riesco. Lo sport occupa la maggior parte del mio tempo, mi alleno infatti la mattina e il pomeriggio, ma quando sono libero adoro stare con i miei amici, e vado o al cinema o a cena con loro. Amo socializzare con tutti e grazie allo sport ho l&#8217;opportunit\u00e0 di conoscere tanta gente interessante, e sopratutto tante giornaliste, fisioterapiste, medici, atleti e atlete.<\/em>&#8220;<\/p>\n<p>Intervista di Clarissa Galassi<\/p>\n<p><img loading=\"lazy\" decoding=\"async\" class=\"aligncenter wp-image-1228 \" src=\"https:\/\/www.romaoggi.eu\/wp-content\/uploads\/2016\/03\/maniscalco.jpg\" alt=\"Stefano Maniscalco\" width=\"494\" height=\"385\" srcset=\"https:\/\/www.romaoggi.eu\/wp-content\/uploads\/2016\/03\/maniscalco.jpg 461w, https:\/\/www.romaoggi.eu\/wp-content\/uploads\/2016\/03\/maniscalco-300x234.jpg 300w\" sizes=\"auto, (max-width: 494px) 100vw, 494px\" \/><\/p>\n","protected":false},"excerpt":{"rendered":"<div class=\"mh-excerpt\"><p>Stefano Maniscalco, il campione di Karate, tra Reality e Campionati. Dopo aver partecipato ad un Reality \u00a0ed aver vinto tanti titoli del mondo ed europei, il pluricampione Stefano Maniscalco, \u00a0si prepara per il Campionato Assoluto <a class=\"mh-excerpt-more\" href=\"https:\/\/www.romaoggi.eu\/index.php\/2016\/03\/07\/stefano-maniscalco-campionato-assoluto-karate\/\" title=\"Stefano Maniscalco, il 12 marzo al Campionato Assoluto di Karate- Palafijlkam\">[&#8230;]<\/a><\/p>\n<\/div>","protected":false},"author":3,"featured_media":1225,"comment_status":"open","ping_status":"open","sticky":false,"template":"","format":"standard","meta":{"_sitemap_exclude":false,"_sitemap_priority":"","_sitemap_frequency":"","footnotes":""},"categories":[7],"tags":[1084,1073,1076,1075,1071,721,1086,1083,1087,1085,1074,1072,1080,1077,1079,1082,1078,1081,1070],"class_list":["post-1221","post","type-post","status-publish","format-standard","has-post-thumbnail","hentry","category-interviste","tag-arisa","tag-arti-marziali","tag-campionati-europei","tag-campionati-mondiali","tag-campionato-assoluto-di-karate","tag-clarissa-galassi","tag-dayane-mello","tag-enzo-salvi","tag-fiamme-gialle","tag-filippo-facci","tag-judo","tag-karate","tag-monte-bianco","tag-palafilkam","tag-rai-2","tag-reality","tag-senior-european-cup-uster","tag-sfida-verticale","tag-stefano-maniscalco"],"yoast_head":"<!-- This site is optimized with the Yoast SEO plugin v27.5 - https:\/\/yoast.com\/product\/yoast-seo-wordpress\/ -->\n<title>Stefano Maniscalco-Campionato Assoluto di Karate al Palafijlkam<\/title>\n<meta name=\"description\" content=\"Stefano Maniscalco \u00e8 il campione del mondo e il vice-campione d&#039;Europa in carica, e sabato 12 marzo affronter\u00e0 il Campionato Assoluto di Karate ad Ostia.\" \/>\n<meta name=\"robots\" content=\"index, follow, max-snippet:-1, max-image-preview:large, max-video-preview:-1\" \/>\n<link rel=\"canonical\" href=\"https:\/\/www.romaoggi.eu\/index.php\/2016\/03\/07\/stefano-maniscalco-campionato-assoluto-karate\/\" \/>\n<meta property=\"og:locale\" content=\"it_IT\" \/>\n<meta property=\"og:type\" content=\"article\" \/>\n<meta property=\"og:title\" content=\"Stefano Maniscalco-Campionato Assoluto di Karate al Palafijlkam\" \/>\n<meta property=\"og:description\" content=\"Stefano Maniscalco \u00e8 il campione del mondo e il vice-campione d&#039;Europa in carica, e sabato 12 marzo affronter\u00e0 il Campionato Assoluto di Karate ad Ostia.\" \/>\n<meta property=\"og:url\" content=\"https:\/\/www.romaoggi.eu\/index.php\/2016\/03\/07\/stefano-maniscalco-campionato-assoluto-karate\/\" \/>\n<meta property=\"og:site_name\" content=\"roma oggi\" \/>\n<meta property=\"article:publisher\" content=\"https:\/\/www.facebook.com\/RomaOggi-841544845954114\" \/>\n<meta property=\"article:published_time\" content=\"2016-03-07T21:40:44+00:00\" \/>\n<meta property=\"og:image\" content=\"https:\/\/www.romaoggi.eu\/wp-content\/uploads\/2016\/03\/IMG-20160307-WA0020.jpg\" \/>\n\t<meta property=\"og:image:width\" content=\"1242\" \/>\n\t<meta property=\"og:image:height\" content=\"1242\" \/>\n\t<meta property=\"og:image:type\" content=\"image\/jpeg\" \/>\n<meta name=\"author\" content=\"Antonietta Di Vizia\" \/>\n<meta name=\"twitter:card\" content=\"summary_large_image\" \/>\n<meta name=\"twitter:creator\" content=\"@romaoggi_eu\" \/>\n<meta name=\"twitter:site\" content=\"@romaoggi_eu\" \/>\n<meta name=\"twitter:label1\" content=\"Scritto da\" \/>\n\t<meta name=\"twitter:data1\" content=\"Antonietta Di Vizia\" \/>\n\t<meta name=\"twitter:label2\" content=\"Tempo di lettura stimato\" \/>\n\t<meta name=\"twitter:data2\" content=\"3 minuti\" \/>\n<script type=\"application\/ld+json\" class=\"yoast-schema-graph\">{\"@context\":\"https:\\\/\\\/schema.org\",\"@graph\":[{\"@type\":\"Article\",\"@id\":\"https:\\\/\\\/www.romaoggi.eu\\\/index.php\\\/2016\\\/03\\\/07\\\/stefano-maniscalco-campionato-assoluto-karate\\\/#article\",\"isPartOf\":{\"@id\":\"https:\\\/\\\/www.romaoggi.eu\\\/index.php\\\/2016\\\/03\\\/07\\\/stefano-maniscalco-campionato-assoluto-karate\\\/\"},\"author\":{\"name\":\"Antonietta Di Vizia\",\"@id\":\"https:\\\/\\\/www.romaoggi.eu\\\/#\\\/schema\\\/person\\\/c8ca1fb64b5506391fff5f822a866c23\"},\"headline\":\"Stefano Maniscalco, il 12 marzo al Campionato Assoluto di Karate- Palafijlkam\",\"datePublished\":\"2016-03-07T21:40:44+00:00\",\"mainEntityOfPage\":{\"@id\":\"https:\\\/\\\/www.romaoggi.eu\\\/index.php\\\/2016\\\/03\\\/07\\\/stefano-maniscalco-campionato-assoluto-karate\\\/\"},\"wordCount\":653,\"commentCount\":0,\"publisher\":{\"@id\":\"https:\\\/\\\/www.romaoggi.eu\\\/#organization\"},\"image\":{\"@id\":\"https:\\\/\\\/www.romaoggi.eu\\\/index.php\\\/2016\\\/03\\\/07\\\/stefano-maniscalco-campionato-assoluto-karate\\\/#primaryimage\"},\"thumbnailUrl\":\"https:\\\/\\\/www.romaoggi.eu\\\/wp-content\\\/uploads\\\/2016\\\/03\\\/IMG-20160307-WA0020.jpg\",\"keywords\":[\"arisa\",\"arti marziali\",\"campionati europei\",\"campionati mondiali\",\"campionato assoluto di karate\",\"Clarissa Galassi\",\"dayane mello\",\"enzo salvi\",\"fiamme gialle\",\"filippo facci\",\"judo\",\"karate\",\"monte bianco\",\"palafilkam\",\"rai 2\",\"reality\",\"senior european cup uster\",\"sfida verticale\",\"stefano maniscalco\"],\"articleSection\":[\"Interviste\"],\"inLanguage\":\"it-IT\",\"potentialAction\":[{\"@type\":\"CommentAction\",\"name\":\"Comment\",\"target\":[\"https:\\\/\\\/www.romaoggi.eu\\\/index.php\\\/2016\\\/03\\\/07\\\/stefano-maniscalco-campionato-assoluto-karate\\\/#respond\"]}]},{\"@type\":\"WebPage\",\"@id\":\"https:\\\/\\\/www.romaoggi.eu\\\/index.php\\\/2016\\\/03\\\/07\\\/stefano-maniscalco-campionato-assoluto-karate\\\/\",\"url\":\"https:\\\/\\\/www.romaoggi.eu\\\/index.php\\\/2016\\\/03\\\/07\\\/stefano-maniscalco-campionato-assoluto-karate\\\/\",\"name\":\"Stefano Maniscalco-Campionato Assoluto di Karate al Palafijlkam\",\"isPartOf\":{\"@id\":\"https:\\\/\\\/www.romaoggi.eu\\\/#website\"},\"primaryImageOfPage\":{\"@id\":\"https:\\\/\\\/www.romaoggi.eu\\\/index.php\\\/2016\\\/03\\\/07\\\/stefano-maniscalco-campionato-assoluto-karate\\\/#primaryimage\"},\"image\":{\"@id\":\"https:\\\/\\\/www.romaoggi.eu\\\/index.php\\\/2016\\\/03\\\/07\\\/stefano-maniscalco-campionato-assoluto-karate\\\/#primaryimage\"},\"thumbnailUrl\":\"https:\\\/\\\/www.romaoggi.eu\\\/wp-content\\\/uploads\\\/2016\\\/03\\\/IMG-20160307-WA0020.jpg\",\"datePublished\":\"2016-03-07T21:40:44+00:00\",\"description\":\"Stefano Maniscalco \u00e8 il campione del mondo e il vice-campione d'Europa in carica, e sabato 12 marzo affronter\u00e0 il Campionato Assoluto di Karate ad Ostia.\",\"breadcrumb\":{\"@id\":\"https:\\\/\\\/www.romaoggi.eu\\\/index.php\\\/2016\\\/03\\\/07\\\/stefano-maniscalco-campionato-assoluto-karate\\\/#breadcrumb\"},\"inLanguage\":\"it-IT\",\"potentialAction\":[{\"@type\":\"ReadAction\",\"target\":[\"https:\\\/\\\/www.romaoggi.eu\\\/index.php\\\/2016\\\/03\\\/07\\\/stefano-maniscalco-campionato-assoluto-karate\\\/\"]}]},{\"@type\":\"ImageObject\",\"inLanguage\":\"it-IT\",\"@id\":\"https:\\\/\\\/www.romaoggi.eu\\\/index.php\\\/2016\\\/03\\\/07\\\/stefano-maniscalco-campionato-assoluto-karate\\\/#primaryimage\",\"url\":\"https:\\\/\\\/www.romaoggi.eu\\\/wp-content\\\/uploads\\\/2016\\\/03\\\/IMG-20160307-WA0020.jpg\",\"contentUrl\":\"https:\\\/\\\/www.romaoggi.eu\\\/wp-content\\\/uploads\\\/2016\\\/03\\\/IMG-20160307-WA0020.jpg\",\"width\":1242,\"height\":1242},{\"@type\":\"BreadcrumbList\",\"@id\":\"https:\\\/\\\/www.romaoggi.eu\\\/index.php\\\/2016\\\/03\\\/07\\\/stefano-maniscalco-campionato-assoluto-karate\\\/#breadcrumb\",\"itemListElement\":[{\"@type\":\"ListItem\",\"position\":1,\"name\":\"Home\",\"item\":\"https:\\\/\\\/www.romaoggi.eu\\\/\"},{\"@type\":\"ListItem\",\"position\":2,\"name\":\"Stefano Maniscalco, il 12 marzo al Campionato Assoluto di Karate- Palafijlkam\"}]},{\"@type\":\"WebSite\",\"@id\":\"https:\\\/\\\/www.romaoggi.eu\\\/#website\",\"url\":\"https:\\\/\\\/www.romaoggi.eu\\\/\",\"name\":\"roma oggi\",\"description\":\"Interesting News for Interesting people\",\"publisher\":{\"@id\":\"https:\\\/\\\/www.romaoggi.eu\\\/#organization\"},\"potentialAction\":[{\"@type\":\"SearchAction\",\"target\":{\"@type\":\"EntryPoint\",\"urlTemplate\":\"https:\\\/\\\/www.romaoggi.eu\\\/?s={search_term_string}\"},\"query-input\":{\"@type\":\"PropertyValueSpecification\",\"valueRequired\":true,\"valueName\":\"search_term_string\"}}],\"inLanguage\":\"it-IT\"},{\"@type\":\"Organization\",\"@id\":\"https:\\\/\\\/www.romaoggi.eu\\\/#organization\",\"name\":\"RomaOggi\",\"url\":\"https:\\\/\\\/www.romaoggi.eu\\\/\",\"logo\":{\"@type\":\"ImageObject\",\"inLanguage\":\"it-IT\",\"@id\":\"https:\\\/\\\/www.romaoggi.eu\\\/#\\\/schema\\\/logo\\\/image\\\/\",\"url\":\"https:\\\/\\\/www.romaoggi.eu\\\/wp-content\\\/uploads\\\/2017\\\/04\\\/logowp.jpg\",\"contentUrl\":\"https:\\\/\\\/www.romaoggi.eu\\\/wp-content\\\/uploads\\\/2017\\\/04\\\/logowp.jpg\",\"width\":300,\"height\":133,\"caption\":\"RomaOggi\"},\"image\":{\"@id\":\"https:\\\/\\\/www.romaoggi.eu\\\/#\\\/schema\\\/logo\\\/image\\\/\"},\"sameAs\":[\"https:\\\/\\\/www.facebook.com\\\/RomaOggi-841544845954114\",\"https:\\\/\\\/x.com\\\/romaoggi_eu\"]},{\"@type\":\"Person\",\"@id\":\"https:\\\/\\\/www.romaoggi.eu\\\/#\\\/schema\\\/person\\\/c8ca1fb64b5506391fff5f822a866c23\",\"name\":\"Antonietta Di Vizia\",\"image\":{\"@type\":\"ImageObject\",\"inLanguage\":\"it-IT\",\"@id\":\"https:\\\/\\\/secure.gravatar.com\\\/avatar\\\/2ad571aa3fbfe3089b06ed5617adf58717b9359c0c97cf9b52804fb2dac293f2?s=96&d=mm&r=g\",\"url\":\"https:\\\/\\\/secure.gravatar.com\\\/avatar\\\/2ad571aa3fbfe3089b06ed5617adf58717b9359c0c97cf9b52804fb2dac293f2?s=96&d=mm&r=g\",\"contentUrl\":\"https:\\\/\\\/secure.gravatar.com\\\/avatar\\\/2ad571aa3fbfe3089b06ed5617adf58717b9359c0c97cf9b52804fb2dac293f2?s=96&d=mm&r=g\",\"caption\":\"Antonietta Di Vizia\"},\"url\":\"https:\\\/\\\/www.romaoggi.eu\\\/index.php\\\/author\\\/antonietta\\\/\"}]}<\/script>\n<!-- \/ Yoast SEO plugin. -->","yoast_head_json":{"title":"Stefano Maniscalco-Campionato Assoluto di Karate al Palafijlkam","description":"Stefano Maniscalco \u00e8 il campione del mondo e il vice-campione d'Europa in carica, e sabato 12 marzo affronter\u00e0 il Campionato Assoluto di Karate ad Ostia.","robots":{"index":"index","follow":"follow","max-snippet":"max-snippet:-1","max-image-preview":"max-image-preview:large","max-video-preview":"max-video-preview:-1"},"canonical":"https:\/\/www.romaoggi.eu\/index.php\/2016\/03\/07\/stefano-maniscalco-campionato-assoluto-karate\/","og_locale":"it_IT","og_type":"article","og_title":"Stefano Maniscalco-Campionato Assoluto di Karate al Palafijlkam","og_description":"Stefano Maniscalco \u00e8 il campione del mondo e il vice-campione d'Europa in carica, e sabato 12 marzo affronter\u00e0 il Campionato Assoluto di Karate ad Ostia.","og_url":"https:\/\/www.romaoggi.eu\/index.php\/2016\/03\/07\/stefano-maniscalco-campionato-assoluto-karate\/","og_site_name":"roma oggi","article_publisher":"https:\/\/www.facebook.com\/RomaOggi-841544845954114","article_published_time":"2016-03-07T21:40:44+00:00","og_image":[{"width":1242,"height":1242,"url":"https:\/\/www.romaoggi.eu\/wp-content\/uploads\/2016\/03\/IMG-20160307-WA0020.jpg","type":"image\/jpeg"}],"author":"Antonietta Di Vizia","twitter_card":"summary_large_image","twitter_creator":"@romaoggi_eu","twitter_site":"@romaoggi_eu","twitter_misc":{"Scritto da":"Antonietta Di Vizia","Tempo di lettura stimato":"3 minuti"},"schema":{"@context":"https:\/\/schema.org","@graph":[{"@type":"Article","@id":"https:\/\/www.romaoggi.eu\/index.php\/2016\/03\/07\/stefano-maniscalco-campionato-assoluto-karate\/#article","isPartOf":{"@id":"https:\/\/www.romaoggi.eu\/index.php\/2016\/03\/07\/stefano-maniscalco-campionato-assoluto-karate\/"},"author":{"name":"Antonietta Di Vizia","@id":"https:\/\/www.romaoggi.eu\/#\/schema\/person\/c8ca1fb64b5506391fff5f822a866c23"},"headline":"Stefano Maniscalco, il 12 marzo al Campionato Assoluto di Karate- Palafijlkam","datePublished":"2016-03-07T21:40:44+00:00","mainEntityOfPage":{"@id":"https:\/\/www.romaoggi.eu\/index.php\/2016\/03\/07\/stefano-maniscalco-campionato-assoluto-karate\/"},"wordCount":653,"commentCount":0,"publisher":{"@id":"https:\/\/www.romaoggi.eu\/#organization"},"image":{"@id":"https:\/\/www.romaoggi.eu\/index.php\/2016\/03\/07\/stefano-maniscalco-campionato-assoluto-karate\/#primaryimage"},"thumbnailUrl":"https:\/\/www.romaoggi.eu\/wp-content\/uploads\/2016\/03\/IMG-20160307-WA0020.jpg","keywords":["arisa","arti marziali","campionati europei","campionati mondiali","campionato assoluto di karate","Clarissa Galassi","dayane mello","enzo salvi","fiamme gialle","filippo facci","judo","karate","monte bianco","palafilkam","rai 2","reality","senior european cup uster","sfida verticale","stefano maniscalco"],"articleSection":["Interviste"],"inLanguage":"it-IT","potentialAction":[{"@type":"CommentAction","name":"Comment","target":["https:\/\/www.romaoggi.eu\/index.php\/2016\/03\/07\/stefano-maniscalco-campionato-assoluto-karate\/#respond"]}]},{"@type":"WebPage","@id":"https:\/\/www.romaoggi.eu\/index.php\/2016\/03\/07\/stefano-maniscalco-campionato-assoluto-karate\/","url":"https:\/\/www.romaoggi.eu\/index.php\/2016\/03\/07\/stefano-maniscalco-campionato-assoluto-karate\/","name":"Stefano Maniscalco-Campionato Assoluto di Karate al Palafijlkam","isPartOf":{"@id":"https:\/\/www.romaoggi.eu\/#website"},"primaryImageOfPage":{"@id":"https:\/\/www.romaoggi.eu\/index.php\/2016\/03\/07\/stefano-maniscalco-campionato-assoluto-karate\/#primaryimage"},"image":{"@id":"https:\/\/www.romaoggi.eu\/index.php\/2016\/03\/07\/stefano-maniscalco-campionato-assoluto-karate\/#primaryimage"},"thumbnailUrl":"https:\/\/www.romaoggi.eu\/wp-content\/uploads\/2016\/03\/IMG-20160307-WA0020.jpg","datePublished":"2016-03-07T21:40:44+00:00","description":"Stefano Maniscalco \u00e8 il campione del mondo e il vice-campione d'Europa in carica, e sabato 12 marzo affronter\u00e0 il Campionato Assoluto di Karate ad Ostia.","breadcrumb":{"@id":"https:\/\/www.romaoggi.eu\/index.php\/2016\/03\/07\/stefano-maniscalco-campionato-assoluto-karate\/#breadcrumb"},"inLanguage":"it-IT","potentialAction":[{"@type":"ReadAction","target":["https:\/\/www.romaoggi.eu\/index.php\/2016\/03\/07\/stefano-maniscalco-campionato-assoluto-karate\/"]}]},{"@type":"ImageObject","inLanguage":"it-IT","@id":"https:\/\/www.romaoggi.eu\/index.php\/2016\/03\/07\/stefano-maniscalco-campionato-assoluto-karate\/#primaryimage","url":"https:\/\/www.romaoggi.eu\/wp-content\/uploads\/2016\/03\/IMG-20160307-WA0020.jpg","contentUrl":"https:\/\/www.romaoggi.eu\/wp-content\/uploads\/2016\/03\/IMG-20160307-WA0020.jpg","width":1242,"height":1242},{"@type":"BreadcrumbList","@id":"https:\/\/www.romaoggi.eu\/index.php\/2016\/03\/07\/stefano-maniscalco-campionato-assoluto-karate\/#breadcrumb","itemListElement":[{"@type":"ListItem","position":1,"name":"Home","item":"https:\/\/www.romaoggi.eu\/"},{"@type":"ListItem","position":2,"name":"Stefano Maniscalco, il 12 marzo al Campionato Assoluto di Karate- Palafijlkam"}]},{"@type":"WebSite","@id":"https:\/\/www.romaoggi.eu\/#website","url":"https:\/\/www.romaoggi.eu\/","name":"roma oggi","description":"Interesting News for Interesting people","publisher":{"@id":"https:\/\/www.romaoggi.eu\/#organization"},"potentialAction":[{"@type":"SearchAction","target":{"@type":"EntryPoint","urlTemplate":"https:\/\/www.romaoggi.eu\/?s={search_term_string}"},"query-input":{"@type":"PropertyValueSpecification","valueRequired":true,"valueName":"search_term_string"}}],"inLanguage":"it-IT"},{"@type":"Organization","@id":"https:\/\/www.romaoggi.eu\/#organization","name":"RomaOggi","url":"https:\/\/www.romaoggi.eu\/","logo":{"@type":"ImageObject","inLanguage":"it-IT","@id":"https:\/\/www.romaoggi.eu\/#\/schema\/logo\/image\/","url":"https:\/\/www.romaoggi.eu\/wp-content\/uploads\/2017\/04\/logowp.jpg","contentUrl":"https:\/\/www.romaoggi.eu\/wp-content\/uploads\/2017\/04\/logowp.jpg","width":300,"height":133,"caption":"RomaOggi"},"image":{"@id":"https:\/\/www.romaoggi.eu\/#\/schema\/logo\/image\/"},"sameAs":["https:\/\/www.facebook.com\/RomaOggi-841544845954114","https:\/\/x.com\/romaoggi_eu"]},{"@type":"Person","@id":"https:\/\/www.romaoggi.eu\/#\/schema\/person\/c8ca1fb64b5506391fff5f822a866c23","name":"Antonietta Di Vizia","image":{"@type":"ImageObject","inLanguage":"it-IT","@id":"https:\/\/secure.gravatar.com\/avatar\/2ad571aa3fbfe3089b06ed5617adf58717b9359c0c97cf9b52804fb2dac293f2?s=96&d=mm&r=g","url":"https:\/\/secure.gravatar.com\/avatar\/2ad571aa3fbfe3089b06ed5617adf58717b9359c0c97cf9b52804fb2dac293f2?s=96&d=mm&r=g","contentUrl":"https:\/\/secure.gravatar.com\/avatar\/2ad571aa3fbfe3089b06ed5617adf58717b9359c0c97cf9b52804fb2dac293f2?s=96&d=mm&r=g","caption":"Antonietta Di Vizia"},"url":"https:\/\/www.romaoggi.eu\/index.php\/author\/antonietta\/"}]}},"_links":{"self":[{"href":"https:\/\/www.romaoggi.eu\/index.php\/wp-json\/wp\/v2\/posts\/1221","targetHints":{"allow":["GET"]}}],"collection":[{"href":"https:\/\/www.romaoggi.eu\/index.php\/wp-json\/wp\/v2\/posts"}],"about":[{"href":"https:\/\/www.romaoggi.eu\/index.php\/wp-json\/wp\/v2\/types\/post"}],"author":[{"embeddable":true,"href":"https:\/\/www.romaoggi.eu\/index.php\/wp-json\/wp\/v2\/users\/3"}],"replies":[{"embeddable":true,"href":"https:\/\/www.romaoggi.eu\/index.php\/wp-json\/wp\/v2\/comments?post=1221"}],"version-history":[{"count":7,"href":"https:\/\/www.romaoggi.eu\/index.php\/wp-json\/wp\/v2\/posts\/1221\/revisions"}],"predecessor-version":[{"id":1232,"href":"https:\/\/www.romaoggi.eu\/index.php\/wp-json\/wp\/v2\/posts\/1221\/revisions\/1232"}],"wp:featuredmedia":[{"embeddable":true,"href":"https:\/\/www.romaoggi.eu\/index.php\/wp-json\/wp\/v2\/media\/1225"}],"wp:attachment":[{"href":"https:\/\/www.romaoggi.eu\/index.php\/wp-json\/wp\/v2\/media?parent=1221"}],"wp:term":[{"taxonomy":"category","embeddable":true,"href":"https:\/\/www.romaoggi.eu\/index.php\/wp-json\/wp\/v2\/categories?post=1221"},{"taxonomy":"post_tag","embeddable":true,"href":"https:\/\/www.romaoggi.eu\/index.php\/wp-json\/wp\/v2\/tags?post=1221"}],"curies":[{"name":"wp","href":"https:\/\/api.w.org\/{rel}","templated":true}]}}