{"id":12328,"date":"2017-12-09T16:37:31","date_gmt":"2017-12-09T15:37:31","guid":{"rendered":"http:\/\/www.romaoggi.eu\/?p=12328"},"modified":"2017-12-09T19:44:59","modified_gmt":"2017-12-09T18:44:59","slug":"droni-tam-tam-digifest","status":"publish","type":"post","link":"https:\/\/www.romaoggi.eu\/index.php\/2017\/12\/09\/droni-tam-tam-digifest\/","title":{"rendered":"L&#8217;invasione dei Droni al Caff\u00e8 letterario per il Tam Tam DigiFest"},"content":{"rendered":"<p><span style=\"font-weight: 400;\">L\u2019INVASIONE DEI DRONI &#8211;<\/span><span style=\"font-weight: 400;\">GLI OCCHI DEL CIELO di Ruggiero Capone<\/span><\/p>\n<p style=\"text-align: justify;\"><span style=\"font-weight: 400;\">Al <a href=\"https:\/\/www.caffeletterarioroma.it\/\">Caff\u00e9 Letterario<\/a> \u00e8 di scena l&#8217;anteprima dei materiali documentali di <strong>Giulio Gargia<\/strong>, col <strong>DEEP WEB<\/strong> di <strong>Alex Winter (<\/strong>Viaggio all\u2019interno dell&#8217;Internet proibita), a seguire il dibattito sullo stato della rete e delle nuove professioni legate ad Internet. Un evento in collaborazione con<strong> CeFas Viterbo<\/strong> e le associazioni Giovent\u00f9 Protagonista e Alta Marea di Viterbo, con il patrocinio e il contributo della Assessorato Cultura della Regione Lazio.<\/span><\/p>\n<p><img loading=\"lazy\" decoding=\"async\" class=\"size-medium wp-image-12332 alignleft\" src=\"https:\/\/www.romaoggi.eu\/wp-content\/uploads\/2017\/12\/images_drone-civile-300x126.png\" alt=\"alt tag droni\" width=\"300\" height=\"126\" srcset=\"https:\/\/www.romaoggi.eu\/wp-content\/uploads\/2017\/12\/images_drone-civile-300x126.png 300w, https:\/\/www.romaoggi.eu\/wp-content\/uploads\/2017\/12\/images_drone-civile-1024x432.png 1024w, https:\/\/www.romaoggi.eu\/wp-content\/uploads\/2017\/12\/images_drone-civile.png 1383w\" sizes=\"auto, (max-width: 300px) 100vw, 300px\" \/><\/p>\n<p style=\"text-align: justify;\"><span style=\"font-weight: 400;\">\u201c<strong>Droni, Internet ed altre invasioni<\/strong> \u201d \u00e8 il tema della 12\u00b0 edizione del <a href=\"http:\/\/tamtamdigifest.it\"><strong>Tam Tam DigiFest,<\/strong><\/a> la rassegna dedicata alle innovazioni digitali nel racconto audiovisivo, che quest&#8217;anno si svolge tra Roma e Viterbo, dal 12 al 14 dicembre 2017, con incontri, proiezioni, e dibattiti con gli autori, per un pubblico attento e curioso alle novit\u00e0. Con un prologo svoltosi il 6 novembre in collaborazione con il Cefas di Viterbo. Ma quali sono \u201cle altre invasioni\u201d che raccontiamo in questa nuova edizione della rassegna?<\/span><\/p>\n<p style=\"text-align: justify;\"><span style=\"font-weight: 400;\">Innanzitutto quelle della privacy, quando i social attaccano la sfera pi\u00f9 intima, quella in cui ci sentiamo pi\u00f9 indifesi: affetti e amicizie. Ed \u00e8 questo il tema di \u201c<strong>Unfriended<\/strong>\u201d che apre la rassegna con un film tutto girato in tempo reale (la durata della storia \u00e8 la medesima del film) e attraverso un finto pianosequenza, \u201cUnfriended\u201d si svolge lungo un&#8217;unica lunga conversazione Skype tra quattro amici traducendo nel linguaggio delle schermate dei computer gli usuali strumenti del racconto audiovisivo. In apertura della prima giornata romana, anteprima assoluta del cortometraggio fantapolitico di animazione \u201cCronache vulcaniane \u201d di Giulio Gargia, che si proietta in un futuro in cui attraverso i social si potr\u00e0 agire sui diversi emisferi del cervello, creando due tipi diversi di umanit\u00e0, \u201cinform\u201d e \u201cparten\u201d. <\/span><\/p>\n<p style=\"text-align: justify;\"><span style=\"font-weight: 400;\"><strong>Il 12 dicembre l<\/strong>e invasioni diventeranno pi\u00f9 materiali: a Viterbo la mattina dalle 9 alle 13 e a Roma in serata, dalle 20 e 30, parleremo infatti dei droni e delle loro applicazioni al linguaggio del cinema oltre che di una normativa sempre in divenire con Federico Ciacchella dell&#8217;areoclub di Roma che commenter\u00e0 i brani in anteprima del documentario \u201cGli occhi del cielo \u201d. A cui seguir\u00e0 un&#8217;immersione mozzafiato nella parte pi\u00f9 nascosta della rete, con la proiezione del documentario \u201cDeep web\u201d di Alex Winter. <\/span><\/p>\n<p style=\"text-align: justify;\"><span style=\"font-weight: 400;\">Nel tema delle \u201c<strong>altre invasioni<\/strong>\u201d non poteva mancare la strettissima attualit\u00e0 delle \u201c<strong>fake news<\/strong>\u201d, di cui parleremo con un dibattito organizzato insieme all&#8217;associazione articolo 21. La domanda : \u201cqual \u00e8 il limite della trasparenza ?\u201d \u00e8 il tema del film di chiusura, il recentissimo \u201cThe circle\u201d , sui pericoli dello strapotere dei social network.<\/span><\/p>\n<p><span style=\"font-weight: 400;\">di <a href=\"https:\/\/www.romaoggi.eu\/index.php\/2017\/12\/05\/fanor-hernandez-ruggiero-capone\/\">Ruggiero Capone<\/a><\/span><\/p>\n<figure id=\"attachment_11821\" aria-describedby=\"caption-attachment-11821\" style=\"width: 300px\" class=\"wp-caption aligncenter\"><img loading=\"lazy\" decoding=\"async\" class=\"wp-image-11821 size-medium\" src=\"https:\/\/www.romaoggi.eu\/wp-content\/uploads\/2017\/11\/Sconto5_300x250-300x250.jpg\" alt=\"\" width=\"300\" height=\"250\" \/><figcaption id=\"caption-attachment-11821\" class=\"wp-caption-text\"><a href=\"https:\/\/www.cinecittaworld.it\/Vendita\/Biglietti-e-prezzi?Coupon=ROMAOGGI&amp;Adulti=2&amp;Ridotti=0\"><strong>Ottieni uno sconto sull&#8217;acquisto dei biglietti! CLICCA QUI<\/strong><\/a><\/figcaption><\/figure>\n","protected":false},"excerpt":{"rendered":"<div class=\"mh-excerpt\"><p>L\u2019INVASIONE DEI DRONI &#8211;GLI OCCHI DEL CIELO di Ruggiero Capone Al Caff\u00e9 Letterario \u00e8 di scena l&#8217;anteprima dei materiali documentali di Giulio Gargia, col DEEP WEB di Alex Winter (Viaggio all\u2019interno dell&#8217;Internet proibita), a seguire <a class=\"mh-excerpt-more\" href=\"https:\/\/www.romaoggi.eu\/index.php\/2017\/12\/09\/droni-tam-tam-digifest\/\" title=\"L&#8217;invasione dei Droni al Caff\u00e8 letterario per il Tam Tam DigiFest\">[&#8230;]<\/a><\/p>\n<\/div>","protected":false},"author":3,"featured_media":12331,"comment_status":"open","ping_status":"open","sticky":false,"template":"","format":"standard","meta":{"_sitemap_exclude":false,"_sitemap_priority":"","_sitemap_frequency":"","footnotes":""},"categories":[7204],"tags":[6483,1417,8088,8740,8739,877,1738,5639],"class_list":["post-12328","post","type-post","status-publish","format-standard","has-post-thumbnail","hentry","category-curiosita","tag-6483","tag-caffe-letterario","tag-cinecitta-world","tag-digifest","tag-droni","tag-italia","tag-romaoggi-eu","tag-ruggiero-capone"],"yoast_head":"<!-- This site is optimized with the Yoast SEO plugin v27.5 - https:\/\/yoast.com\/product\/yoast-seo-wordpress\/ -->\n<title>L&#039;invasione dei Droni al Caff\u00e8 letterario per il Tam Tam DigiFest<\/title>\n<meta name=\"description\" content=\"\u201c Droni, Internet ed altre invasioni \u201d \u00e8 il tema della 12\u00b0 ed del Tam Tam DigiFest, la rassegna dedicata alle innovazioni digitali nel racconto audiovisivo.\" \/>\n<meta name=\"robots\" content=\"index, follow, max-snippet:-1, max-image-preview:large, max-video-preview:-1\" \/>\n<link rel=\"canonical\" href=\"https:\/\/www.romaoggi.eu\/index.php\/2017\/12\/09\/droni-tam-tam-digifest\/\" \/>\n<meta property=\"og:locale\" content=\"it_IT\" \/>\n<meta property=\"og:type\" content=\"article\" \/>\n<meta property=\"og:title\" content=\"L&#039;invasione dei Droni al Caff\u00e8 letterario per il Tam Tam DigiFest\" \/>\n<meta property=\"og:description\" content=\"\u201c Droni, Internet ed altre invasioni \u201d \u00e8 il tema della 12\u00b0 ed del Tam Tam DigiFest, la rassegna dedicata alle innovazioni digitali nel racconto audiovisivo.\" \/>\n<meta property=\"og:url\" content=\"https:\/\/www.romaoggi.eu\/index.php\/2017\/12\/09\/droni-tam-tam-digifest\/\" \/>\n<meta property=\"og:site_name\" content=\"roma oggi\" \/>\n<meta property=\"article:publisher\" content=\"https:\/\/www.facebook.com\/RomaOggi-841544845954114\" \/>\n<meta property=\"article:published_time\" content=\"2017-12-09T15:37:31+00:00\" \/>\n<meta property=\"article:modified_time\" content=\"2017-12-09T18:44:59+00:00\" \/>\n<meta property=\"og:image\" content=\"https:\/\/www.romaoggi.eu\/wp-content\/uploads\/2017\/12\/locandina-lazio-2017.jpg\" \/>\n\t<meta property=\"og:image:width\" content=\"3411\" \/>\n\t<meta property=\"og:image:height\" content=\"2761\" \/>\n\t<meta property=\"og:image:type\" content=\"image\/jpeg\" \/>\n<meta name=\"author\" content=\"Antonietta Di Vizia\" \/>\n<meta name=\"twitter:card\" content=\"summary_large_image\" \/>\n<meta name=\"twitter:creator\" content=\"@romaoggi_eu\" \/>\n<meta name=\"twitter:site\" content=\"@romaoggi_eu\" \/>\n<meta name=\"twitter:label1\" content=\"Scritto da\" \/>\n\t<meta name=\"twitter:data1\" content=\"Antonietta Di Vizia\" \/>\n\t<meta name=\"twitter:label2\" content=\"Tempo di lettura stimato\" \/>\n\t<meta name=\"twitter:data2\" content=\"2 minuti\" \/>\n<script type=\"application\/ld+json\" class=\"yoast-schema-graph\">{\"@context\":\"https:\\\/\\\/schema.org\",\"@graph\":[{\"@type\":\"Article\",\"@id\":\"https:\\\/\\\/www.romaoggi.eu\\\/index.php\\\/2017\\\/12\\\/09\\\/droni-tam-tam-digifest\\\/#article\",\"isPartOf\":{\"@id\":\"https:\\\/\\\/www.romaoggi.eu\\\/index.php\\\/2017\\\/12\\\/09\\\/droni-tam-tam-digifest\\\/\"},\"author\":{\"name\":\"Antonietta Di Vizia\",\"@id\":\"https:\\\/\\\/www.romaoggi.eu\\\/#\\\/schema\\\/person\\\/c8ca1fb64b5506391fff5f822a866c23\"},\"headline\":\"L&#8217;invasione dei Droni al Caff\u00e8 letterario per il Tam Tam DigiFest\",\"datePublished\":\"2017-12-09T15:37:31+00:00\",\"dateModified\":\"2017-12-09T18:44:59+00:00\",\"mainEntityOfPage\":{\"@id\":\"https:\\\/\\\/www.romaoggi.eu\\\/index.php\\\/2017\\\/12\\\/09\\\/droni-tam-tam-digifest\\\/\"},\"wordCount\":443,\"commentCount\":0,\"publisher\":{\"@id\":\"https:\\\/\\\/www.romaoggi.eu\\\/#organization\"},\"image\":{\"@id\":\"https:\\\/\\\/www.romaoggi.eu\\\/index.php\\\/2017\\\/12\\\/09\\\/droni-tam-tam-digifest\\\/#primaryimage\"},\"thumbnailUrl\":\"https:\\\/\\\/www.romaoggi.eu\\\/wp-content\\\/uploads\\\/2017\\\/12\\\/locandina-lazio-2017.jpg\",\"keywords\":[\"2017\",\"Caff\u00e8 Letterario\",\"Cinecitt\u00e0 World\",\"digifest\",\"droni\",\"italia\",\"RomaOggi.eu\",\"ruggiero capone\"],\"articleSection\":[\"Curiosit\u00e0\"],\"inLanguage\":\"it-IT\",\"potentialAction\":[{\"@type\":\"CommentAction\",\"name\":\"Comment\",\"target\":[\"https:\\\/\\\/www.romaoggi.eu\\\/index.php\\\/2017\\\/12\\\/09\\\/droni-tam-tam-digifest\\\/#respond\"]}]},{\"@type\":\"WebPage\",\"@id\":\"https:\\\/\\\/www.romaoggi.eu\\\/index.php\\\/2017\\\/12\\\/09\\\/droni-tam-tam-digifest\\\/\",\"url\":\"https:\\\/\\\/www.romaoggi.eu\\\/index.php\\\/2017\\\/12\\\/09\\\/droni-tam-tam-digifest\\\/\",\"name\":\"L'invasione dei Droni al Caff\u00e8 letterario per il Tam Tam DigiFest\",\"isPartOf\":{\"@id\":\"https:\\\/\\\/www.romaoggi.eu\\\/#website\"},\"primaryImageOfPage\":{\"@id\":\"https:\\\/\\\/www.romaoggi.eu\\\/index.php\\\/2017\\\/12\\\/09\\\/droni-tam-tam-digifest\\\/#primaryimage\"},\"image\":{\"@id\":\"https:\\\/\\\/www.romaoggi.eu\\\/index.php\\\/2017\\\/12\\\/09\\\/droni-tam-tam-digifest\\\/#primaryimage\"},\"thumbnailUrl\":\"https:\\\/\\\/www.romaoggi.eu\\\/wp-content\\\/uploads\\\/2017\\\/12\\\/locandina-lazio-2017.jpg\",\"datePublished\":\"2017-12-09T15:37:31+00:00\",\"dateModified\":\"2017-12-09T18:44:59+00:00\",\"description\":\"\u201c Droni, Internet ed altre invasioni \u201d \u00e8 il tema della 12\u00b0 ed del Tam Tam DigiFest, la rassegna dedicata alle innovazioni digitali nel racconto audiovisivo.\",\"breadcrumb\":{\"@id\":\"https:\\\/\\\/www.romaoggi.eu\\\/index.php\\\/2017\\\/12\\\/09\\\/droni-tam-tam-digifest\\\/#breadcrumb\"},\"inLanguage\":\"it-IT\",\"potentialAction\":[{\"@type\":\"ReadAction\",\"target\":[\"https:\\\/\\\/www.romaoggi.eu\\\/index.php\\\/2017\\\/12\\\/09\\\/droni-tam-tam-digifest\\\/\"]}]},{\"@type\":\"ImageObject\",\"inLanguage\":\"it-IT\",\"@id\":\"https:\\\/\\\/www.romaoggi.eu\\\/index.php\\\/2017\\\/12\\\/09\\\/droni-tam-tam-digifest\\\/#primaryimage\",\"url\":\"https:\\\/\\\/www.romaoggi.eu\\\/wp-content\\\/uploads\\\/2017\\\/12\\\/locandina-lazio-2017.jpg\",\"contentUrl\":\"https:\\\/\\\/www.romaoggi.eu\\\/wp-content\\\/uploads\\\/2017\\\/12\\\/locandina-lazio-2017.jpg\",\"width\":3411,\"height\":2761,\"caption\":\"alt tag droni\"},{\"@type\":\"BreadcrumbList\",\"@id\":\"https:\\\/\\\/www.romaoggi.eu\\\/index.php\\\/2017\\\/12\\\/09\\\/droni-tam-tam-digifest\\\/#breadcrumb\",\"itemListElement\":[{\"@type\":\"ListItem\",\"position\":1,\"name\":\"Home\",\"item\":\"https:\\\/\\\/www.romaoggi.eu\\\/\"},{\"@type\":\"ListItem\",\"position\":2,\"name\":\"L&#8217;invasione dei Droni al Caff\u00e8 letterario per il Tam Tam DigiFest\"}]},{\"@type\":\"WebSite\",\"@id\":\"https:\\\/\\\/www.romaoggi.eu\\\/#website\",\"url\":\"https:\\\/\\\/www.romaoggi.eu\\\/\",\"name\":\"roma oggi\",\"description\":\"Interesting News for Interesting people\",\"publisher\":{\"@id\":\"https:\\\/\\\/www.romaoggi.eu\\\/#organization\"},\"potentialAction\":[{\"@type\":\"SearchAction\",\"target\":{\"@type\":\"EntryPoint\",\"urlTemplate\":\"https:\\\/\\\/www.romaoggi.eu\\\/?s={search_term_string}\"},\"query-input\":{\"@type\":\"PropertyValueSpecification\",\"valueRequired\":true,\"valueName\":\"search_term_string\"}}],\"inLanguage\":\"it-IT\"},{\"@type\":\"Organization\",\"@id\":\"https:\\\/\\\/www.romaoggi.eu\\\/#organization\",\"name\":\"RomaOggi\",\"url\":\"https:\\\/\\\/www.romaoggi.eu\\\/\",\"logo\":{\"@type\":\"ImageObject\",\"inLanguage\":\"it-IT\",\"@id\":\"https:\\\/\\\/www.romaoggi.eu\\\/#\\\/schema\\\/logo\\\/image\\\/\",\"url\":\"https:\\\/\\\/www.romaoggi.eu\\\/wp-content\\\/uploads\\\/2017\\\/04\\\/logowp.jpg\",\"contentUrl\":\"https:\\\/\\\/www.romaoggi.eu\\\/wp-content\\\/uploads\\\/2017\\\/04\\\/logowp.jpg\",\"width\":300,\"height\":133,\"caption\":\"RomaOggi\"},\"image\":{\"@id\":\"https:\\\/\\\/www.romaoggi.eu\\\/#\\\/schema\\\/logo\\\/image\\\/\"},\"sameAs\":[\"https:\\\/\\\/www.facebook.com\\\/RomaOggi-841544845954114\",\"https:\\\/\\\/x.com\\\/romaoggi_eu\"]},{\"@type\":\"Person\",\"@id\":\"https:\\\/\\\/www.romaoggi.eu\\\/#\\\/schema\\\/person\\\/c8ca1fb64b5506391fff5f822a866c23\",\"name\":\"Antonietta Di Vizia\",\"image\":{\"@type\":\"ImageObject\",\"inLanguage\":\"it-IT\",\"@id\":\"https:\\\/\\\/secure.gravatar.com\\\/avatar\\\/2ad571aa3fbfe3089b06ed5617adf58717b9359c0c97cf9b52804fb2dac293f2?s=96&d=mm&r=g\",\"url\":\"https:\\\/\\\/secure.gravatar.com\\\/avatar\\\/2ad571aa3fbfe3089b06ed5617adf58717b9359c0c97cf9b52804fb2dac293f2?s=96&d=mm&r=g\",\"contentUrl\":\"https:\\\/\\\/secure.gravatar.com\\\/avatar\\\/2ad571aa3fbfe3089b06ed5617adf58717b9359c0c97cf9b52804fb2dac293f2?s=96&d=mm&r=g\",\"caption\":\"Antonietta Di Vizia\"},\"url\":\"https:\\\/\\\/www.romaoggi.eu\\\/index.php\\\/author\\\/antonietta\\\/\"}]}<\/script>\n<!-- \/ Yoast SEO plugin. -->","yoast_head_json":{"title":"L'invasione dei Droni al Caff\u00e8 letterario per il Tam Tam DigiFest","description":"\u201c Droni, Internet ed altre invasioni \u201d \u00e8 il tema della 12\u00b0 ed del Tam Tam DigiFest, la rassegna dedicata alle innovazioni digitali nel racconto audiovisivo.","robots":{"index":"index","follow":"follow","max-snippet":"max-snippet:-1","max-image-preview":"max-image-preview:large","max-video-preview":"max-video-preview:-1"},"canonical":"https:\/\/www.romaoggi.eu\/index.php\/2017\/12\/09\/droni-tam-tam-digifest\/","og_locale":"it_IT","og_type":"article","og_title":"L'invasione dei Droni al Caff\u00e8 letterario per il Tam Tam DigiFest","og_description":"\u201c Droni, Internet ed altre invasioni \u201d \u00e8 il tema della 12\u00b0 ed del Tam Tam DigiFest, la rassegna dedicata alle innovazioni digitali nel racconto audiovisivo.","og_url":"https:\/\/www.romaoggi.eu\/index.php\/2017\/12\/09\/droni-tam-tam-digifest\/","og_site_name":"roma oggi","article_publisher":"https:\/\/www.facebook.com\/RomaOggi-841544845954114","article_published_time":"2017-12-09T15:37:31+00:00","article_modified_time":"2017-12-09T18:44:59+00:00","og_image":[{"width":3411,"height":2761,"url":"https:\/\/www.romaoggi.eu\/wp-content\/uploads\/2017\/12\/locandina-lazio-2017.jpg","type":"image\/jpeg"}],"author":"Antonietta Di Vizia","twitter_card":"summary_large_image","twitter_creator":"@romaoggi_eu","twitter_site":"@romaoggi_eu","twitter_misc":{"Scritto da":"Antonietta Di Vizia","Tempo di lettura stimato":"2 minuti"},"schema":{"@context":"https:\/\/schema.org","@graph":[{"@type":"Article","@id":"https:\/\/www.romaoggi.eu\/index.php\/2017\/12\/09\/droni-tam-tam-digifest\/#article","isPartOf":{"@id":"https:\/\/www.romaoggi.eu\/index.php\/2017\/12\/09\/droni-tam-tam-digifest\/"},"author":{"name":"Antonietta Di Vizia","@id":"https:\/\/www.romaoggi.eu\/#\/schema\/person\/c8ca1fb64b5506391fff5f822a866c23"},"headline":"L&#8217;invasione dei Droni al Caff\u00e8 letterario per il Tam Tam DigiFest","datePublished":"2017-12-09T15:37:31+00:00","dateModified":"2017-12-09T18:44:59+00:00","mainEntityOfPage":{"@id":"https:\/\/www.romaoggi.eu\/index.php\/2017\/12\/09\/droni-tam-tam-digifest\/"},"wordCount":443,"commentCount":0,"publisher":{"@id":"https:\/\/www.romaoggi.eu\/#organization"},"image":{"@id":"https:\/\/www.romaoggi.eu\/index.php\/2017\/12\/09\/droni-tam-tam-digifest\/#primaryimage"},"thumbnailUrl":"https:\/\/www.romaoggi.eu\/wp-content\/uploads\/2017\/12\/locandina-lazio-2017.jpg","keywords":["2017","Caff\u00e8 Letterario","Cinecitt\u00e0 World","digifest","droni","italia","RomaOggi.eu","ruggiero capone"],"articleSection":["Curiosit\u00e0"],"inLanguage":"it-IT","potentialAction":[{"@type":"CommentAction","name":"Comment","target":["https:\/\/www.romaoggi.eu\/index.php\/2017\/12\/09\/droni-tam-tam-digifest\/#respond"]}]},{"@type":"WebPage","@id":"https:\/\/www.romaoggi.eu\/index.php\/2017\/12\/09\/droni-tam-tam-digifest\/","url":"https:\/\/www.romaoggi.eu\/index.php\/2017\/12\/09\/droni-tam-tam-digifest\/","name":"L'invasione dei Droni al Caff\u00e8 letterario per il Tam Tam DigiFest","isPartOf":{"@id":"https:\/\/www.romaoggi.eu\/#website"},"primaryImageOfPage":{"@id":"https:\/\/www.romaoggi.eu\/index.php\/2017\/12\/09\/droni-tam-tam-digifest\/#primaryimage"},"image":{"@id":"https:\/\/www.romaoggi.eu\/index.php\/2017\/12\/09\/droni-tam-tam-digifest\/#primaryimage"},"thumbnailUrl":"https:\/\/www.romaoggi.eu\/wp-content\/uploads\/2017\/12\/locandina-lazio-2017.jpg","datePublished":"2017-12-09T15:37:31+00:00","dateModified":"2017-12-09T18:44:59+00:00","description":"\u201c Droni, Internet ed altre invasioni \u201d \u00e8 il tema della 12\u00b0 ed del Tam Tam DigiFest, la rassegna dedicata alle innovazioni digitali nel racconto audiovisivo.","breadcrumb":{"@id":"https:\/\/www.romaoggi.eu\/index.php\/2017\/12\/09\/droni-tam-tam-digifest\/#breadcrumb"},"inLanguage":"it-IT","potentialAction":[{"@type":"ReadAction","target":["https:\/\/www.romaoggi.eu\/index.php\/2017\/12\/09\/droni-tam-tam-digifest\/"]}]},{"@type":"ImageObject","inLanguage":"it-IT","@id":"https:\/\/www.romaoggi.eu\/index.php\/2017\/12\/09\/droni-tam-tam-digifest\/#primaryimage","url":"https:\/\/www.romaoggi.eu\/wp-content\/uploads\/2017\/12\/locandina-lazio-2017.jpg","contentUrl":"https:\/\/www.romaoggi.eu\/wp-content\/uploads\/2017\/12\/locandina-lazio-2017.jpg","width":3411,"height":2761,"caption":"alt tag droni"},{"@type":"BreadcrumbList","@id":"https:\/\/www.romaoggi.eu\/index.php\/2017\/12\/09\/droni-tam-tam-digifest\/#breadcrumb","itemListElement":[{"@type":"ListItem","position":1,"name":"Home","item":"https:\/\/www.romaoggi.eu\/"},{"@type":"ListItem","position":2,"name":"L&#8217;invasione dei Droni al Caff\u00e8 letterario per il Tam Tam DigiFest"}]},{"@type":"WebSite","@id":"https:\/\/www.romaoggi.eu\/#website","url":"https:\/\/www.romaoggi.eu\/","name":"roma oggi","description":"Interesting News for Interesting people","publisher":{"@id":"https:\/\/www.romaoggi.eu\/#organization"},"potentialAction":[{"@type":"SearchAction","target":{"@type":"EntryPoint","urlTemplate":"https:\/\/www.romaoggi.eu\/?s={search_term_string}"},"query-input":{"@type":"PropertyValueSpecification","valueRequired":true,"valueName":"search_term_string"}}],"inLanguage":"it-IT"},{"@type":"Organization","@id":"https:\/\/www.romaoggi.eu\/#organization","name":"RomaOggi","url":"https:\/\/www.romaoggi.eu\/","logo":{"@type":"ImageObject","inLanguage":"it-IT","@id":"https:\/\/www.romaoggi.eu\/#\/schema\/logo\/image\/","url":"https:\/\/www.romaoggi.eu\/wp-content\/uploads\/2017\/04\/logowp.jpg","contentUrl":"https:\/\/www.romaoggi.eu\/wp-content\/uploads\/2017\/04\/logowp.jpg","width":300,"height":133,"caption":"RomaOggi"},"image":{"@id":"https:\/\/www.romaoggi.eu\/#\/schema\/logo\/image\/"},"sameAs":["https:\/\/www.facebook.com\/RomaOggi-841544845954114","https:\/\/x.com\/romaoggi_eu"]},{"@type":"Person","@id":"https:\/\/www.romaoggi.eu\/#\/schema\/person\/c8ca1fb64b5506391fff5f822a866c23","name":"Antonietta Di Vizia","image":{"@type":"ImageObject","inLanguage":"it-IT","@id":"https:\/\/secure.gravatar.com\/avatar\/2ad571aa3fbfe3089b06ed5617adf58717b9359c0c97cf9b52804fb2dac293f2?s=96&d=mm&r=g","url":"https:\/\/secure.gravatar.com\/avatar\/2ad571aa3fbfe3089b06ed5617adf58717b9359c0c97cf9b52804fb2dac293f2?s=96&d=mm&r=g","contentUrl":"https:\/\/secure.gravatar.com\/avatar\/2ad571aa3fbfe3089b06ed5617adf58717b9359c0c97cf9b52804fb2dac293f2?s=96&d=mm&r=g","caption":"Antonietta Di Vizia"},"url":"https:\/\/www.romaoggi.eu\/index.php\/author\/antonietta\/"}]}},"_links":{"self":[{"href":"https:\/\/www.romaoggi.eu\/index.php\/wp-json\/wp\/v2\/posts\/12328","targetHints":{"allow":["GET"]}}],"collection":[{"href":"https:\/\/www.romaoggi.eu\/index.php\/wp-json\/wp\/v2\/posts"}],"about":[{"href":"https:\/\/www.romaoggi.eu\/index.php\/wp-json\/wp\/v2\/types\/post"}],"author":[{"embeddable":true,"href":"https:\/\/www.romaoggi.eu\/index.php\/wp-json\/wp\/v2\/users\/3"}],"replies":[{"embeddable":true,"href":"https:\/\/www.romaoggi.eu\/index.php\/wp-json\/wp\/v2\/comments?post=12328"}],"version-history":[{"count":5,"href":"https:\/\/www.romaoggi.eu\/index.php\/wp-json\/wp\/v2\/posts\/12328\/revisions"}],"predecessor-version":[{"id":12340,"href":"https:\/\/www.romaoggi.eu\/index.php\/wp-json\/wp\/v2\/posts\/12328\/revisions\/12340"}],"wp:featuredmedia":[{"embeddable":true,"href":"https:\/\/www.romaoggi.eu\/index.php\/wp-json\/wp\/v2\/media\/12331"}],"wp:attachment":[{"href":"https:\/\/www.romaoggi.eu\/index.php\/wp-json\/wp\/v2\/media?parent=12328"}],"wp:term":[{"taxonomy":"category","embeddable":true,"href":"https:\/\/www.romaoggi.eu\/index.php\/wp-json\/wp\/v2\/categories?post=12328"},{"taxonomy":"post_tag","embeddable":true,"href":"https:\/\/www.romaoggi.eu\/index.php\/wp-json\/wp\/v2\/tags?post=12328"}],"curies":[{"name":"wp","href":"https:\/\/api.w.org\/{rel}","templated":true}]}}