{"id":12408,"date":"2017-12-11T11:05:43","date_gmt":"2017-12-11T10:05:43","guid":{"rendered":"http:\/\/www.romaoggi.eu\/?p=12408"},"modified":"2017-12-11T11:08:23","modified_gmt":"2017-12-11T10:08:23","slug":"la-virtus-roma-treviglio-86-67","status":"publish","type":"post","link":"https:\/\/www.romaoggi.eu\/index.php\/2017\/12\/11\/la-virtus-roma-treviglio-86-67\/","title":{"rendered":"La Virtus Roma torna alla vittoria, superata Treviglio 86-67"},"content":{"rendered":"<p>https:\/\/www.facebook.com\/VirtusRoma\/videos\/10156029258686204\/<\/p>\n<h2>Torna alla vittoria la Virtus Roma che si impone 86-67 sulla Remer Treviglio. Thomas miglior marcatore con 23 punti, Roberts 21 e doppia cifra anche per Baldasso (13)<\/h2>\n<p align=\"JUSTIFY\"><span style=\"color: #000000;\"><span style=\"font-family: 'Times New Roman', serif;\"><span style=\"font-size: medium;\">La Virtus Roma interrompe la striscia negativa in campionato e si impone sulla Remer Treviglio per 86-67. Gli uomini di coach Bechi hanno offerto una convincente prova difensiva che ha permesso loro di condurre il match sostanzialmente per tutti i quaranta minuti, mentre in attacco \u00e8 stato Lee Roberts a trascinare i compagni ben assistito da Thomas e Baldasso. <\/span><\/span><\/span><\/p>\n<p align=\"JUSTIFY\"><span style=\"color: #000000;\"><span style=\"font-family: 'Times New Roman', serif;\"><span style=\"font-size: medium;\"><img loading=\"lazy\" decoding=\"async\" class=\"alignright wp-image-12410 size-medium\" src=\"https:\/\/www.romaoggi.eu\/wp-content\/uploads\/2017\/12\/DSC7958-300x200-300x200.jpg\" alt=\"Alt text Virtus Roma\" width=\"300\" height=\"200\" \/>Inizio di partita equilibrato (10-8 a met\u00e0 quarto) prima di un mini-allungo della Virtus ispirato da <b>Roberts <\/b>(9 nel quarto) che porta Roma avanti 15-8 con 3:35 sul cronometro. Gli uomini di coach Bechi mettono in mostra un\u2019ottima difesa che le consente di chiudere il quarto sul 20-15. I padroni di casa continuano ad avere in mano il match anche nei primi minuti di secondo quarto, e dopo 4\u2019 di gioco trovano il massimo vantaggio del primo tempo sul 29-21. La Remer per\u00f2 riesce a innescare Douvier nella parte finale del secondo quarto, e l\u2019americano risponde con 9 punti che consentono agli uomini di coach Vertemati di andare all\u2019intervallo sotto solamente di due lunghezze, 40-38. <\/span><\/span><\/span><\/p>\n<p align=\"JUSTIFY\"><span style=\"color: #000000;\"><span style=\"font-family: 'Times New Roman', serif;\"><span style=\"font-size: medium;\">Gli ospiti iniziano bene il secondo tempo e con due triple di Mezzanotte si portano in vantaggio 44-46 dopo 2\u2019 di gioco. La Virtus non si lascia scomporre dal momento positivo dei lombardi e trova ancora una volta nella difesa la spinta per un parziale di 16-5 che la porta al comando 60-51 con 2:30 da giocare grazie a 10 punti di Roberts. L\u2019abbrivio positivo continua fino alla sirena del quarto che Roma chiude sul 68-55. Ancora una volta, per\u00f2, l\u2019inizio del periodo \u00e8 in favore di Treviglio che tocca il -6 (70-64) dopo due minuti e mezzo; ma l\u20198-0 a 3\u2019 dalla fine orchestrato da <b>Baldasso <\/b>e <b>Thomas <\/b>respinge definitivamente l\u2019assalto della Remer e porta i due punti nelle mani di Roma. La Virtus dilaga poi in chiusura fino all\u201986-67 finale. <\/span><\/span><\/span><\/p>\n<p align=\"JUSTIFY\"><span style=\"color: #000000;\"><span style=\"font-family: 'Times New Roman', serif;\"><span style=\"font-size: medium;\">Prossimo impegno in campionato domenica prossima, 17 dicembre, alle ore 18.00 al Forum di Biella contro l\u2019Eurotrend. <\/span><\/span><\/span><\/p>\n<p align=\"JUSTIFY\"><span style=\"color: #000000;\"><span style=\"font-family: 'Times New Roman', serif;\"><span style=\"font-size: medium;\">Questo il commento di coach <b>Luca Bechi <\/b>in conferenza stampa: <i>\u00abIl piano partita era di lavorare in difesa per quaranta minuti per abbassare il ritmo offensivo di Treviglio che \u00e8 una squadra che ama attaccare correndo, segnare in transizione e poi a met\u00e0 campo \u00e8 in grado di tenere tutti coinvolti distribuendo le responsabilit\u00e0. Direi che abbiamo fatto una partita difensivamente abbastanza solida al di l\u00e0 dei 67 punti concessi che sono un dato parziale; c\u2019\u00e8 stato soltanto un passaggio a vuoto nel secondo quarto derivato dal fatto che abbiamo perso l\u2019inerzia sul contropiede sbagliato da Thomas e il loro successivo canestro, l\u00ec c\u2019\u00e8 stato un attimo di smarrimento che ha permesso all\u2019avversario di rifarsi sotto, per\u00f2 la sensazione \u00e8 che l\u2019attitudine e l\u2019applicazione si siano viste per tutta la gara da parte di ognuno. \u00c8 evidente che sia solo un primo passo perch\u00e9 possiamo, dobbiamo e vogliamo migliorare difensivamente; per\u00f2 questa partita, al di l\u00e0 della differenza di punteggio, d\u00e0 buone sensazioni perch\u00e9 in campo si \u00e8 vista una squadra che ha lavorato per fare le cose che aveva provato in settimana, e questa \u00e8 una buona sensazione. Quindi direi che \u00e8 stata una prova di squadra che \u00e8 ci\u00f2 che ho chiesto ai ragazzi: diventare sempre pi\u00f9 squadra, crescere nella solidit\u00e0 di squadra perch\u00e9 questo ci porter\u00e0 un passo alla volta ad avere un impatto migliore e pi\u00f9 consistente sul campionato\u00bb<\/i>. <\/span><\/span><\/span><\/p>\n<p align=\"JUSTIFY\"><span style=\"color: #000000;\"><span style=\"font-family: 'Times New Roman', serif;\"><span style=\"font-size: medium;\"><b>Virtus Roma \u2013 Remer Treviglio 86-67 <\/b>(20-15; 40-38; 68-55) <\/span><\/span><\/span><\/p>\n<p align=\"JUSTIFY\"><span style=\"color: #000000;\"><span style=\"font-family: 'Times New Roman', serif;\"><span style=\"font-size: medium;\"><b>Virtus Roma<\/b>: Benetti 6, Basile, Maresca 8, Chessa 7, Donadoni ne, Baldasso 13, Lucarelli ne, Landi 6, Vedovato 2, Roberts 21, Thomas 23, Taddeo ne. All. Bechi. <\/span><\/span><\/span><\/p>\n<p align=\"JUSTIFY\"><span style=\"color: #000000;\"><span style=\"font-family: 'Times New Roman', serif;\"><span style=\"font-size: medium;\"><b>Remer Treviglio<\/b>: Carnovali, Pecchia 9, Dess\u00ec, Cesana 7, Marino 8, Palumbo 3, D\u2019almeida ne, Mezzanotte 13, Rossi 10, Voskuil 2, Douvier 15. All. Vertemati. <\/span><\/span><\/span><\/p>\n<p align=\"JUSTIFY\"><a href=\"https:\/\/www.romaoggi.eu\/index.php\/2017\/12\/10\/cinecitta-world-4\/\"><span style=\"font-family: 'Times New Roman', serif;\"><span style=\"font-size: medium;\"><b>RomaOggi.eu \u2192 Leggi il prossimo articolo<\/b><\/span><\/span><\/a><\/p>\n<p align=\"JUSTIFY\"><span style=\"font-family: 'Times New Roman', serif;\"><span style=\"font-size: medium;\">La Redazione<\/span><\/span><\/p>\n<p align=\"JUSTIFY\"><span style=\"font-family: 'Times New Roman', serif;\"><span style=\"font-size: medium;\">RomaOggi.eu \u201cInteresting news for interesting people\u201d<\/span><\/span><\/p>\n<figure id=\"attachment_11821\" aria-describedby=\"caption-attachment-11821\" style=\"width: 300px\" class=\"wp-caption aligncenter\"><img loading=\"lazy\" decoding=\"async\" class=\"wp-image-11821 size-medium\" src=\"https:\/\/www.romaoggi.eu\/wp-content\/uploads\/2017\/11\/Sconto5_300x250-300x250.jpg\" alt=\"\" width=\"300\" height=\"250\" \/><figcaption id=\"caption-attachment-11821\" class=\"wp-caption-text\"><a href=\"https:\/\/www.cinecittaworld.it\/Vendita\/Biglietti-e-prezzi?Coupon=ROMAOGGI&amp;Adulti=2&amp;Ridotti=0\"><strong>Ottieni uno sconto sull&#8217;acquisto dei biglietti! CLICCA QUI<\/strong><\/a><\/figcaption><\/figure>\n","protected":false},"excerpt":{"rendered":"<div class=\"mh-excerpt\"><p>https:\/\/www.facebook.com\/VirtusRoma\/videos\/10156029258686204\/ Torna alla vittoria la Virtus Roma che si impone 86-67 sulla Remer Treviglio. Thomas miglior marcatore con 23 punti, Roberts 21 e doppia cifra anche per Baldasso (13) La Virtus Roma interrompe la striscia <a class=\"mh-excerpt-more\" href=\"https:\/\/www.romaoggi.eu\/index.php\/2017\/12\/11\/la-virtus-roma-treviglio-86-67\/\" title=\"La Virtus Roma torna alla vittoria, superata Treviglio 86-67\">[&#8230;]<\/a><\/p>\n<\/div>","protected":false},"author":5,"featured_media":0,"comment_status":"open","ping_status":"open","sticky":false,"template":"","format":"standard","meta":{"_sitemap_exclude":false,"_sitemap_priority":"","_sitemap_frequency":"","footnotes":""},"categories":[5],"tags":[6483,7214,8088,26,7691,877,8585,6213,1644,109,1738,634,355,8783,6976],"class_list":["post-12408","post","type-post","status-publish","format-standard","hentry","category-sport","tag-6483","tag-basket","tag-cinecitta-world","tag-cristiano-morelli","tag-hostaria-edmondo","tag-italia","tag-luca-bechi","tag-pallacanestro","tag-regione-lazio","tag-roma","tag-romaoggi-eu","tag-rome","tag-sport","tag-treviglio","tag-virtus-roma"],"yoast_head":"<!-- This site is optimized with the Yoast SEO plugin v27.5 - https:\/\/yoast.com\/product\/yoast-seo-wordpress\/ -->\n<title>La Virtus Roma torna alla vittoria, superata Treviglio 86-67<\/title>\n<meta name=\"description\" content=\"La Virtus Roma interrompe la striscia negativa in campionato e si impone sulla Remer Treviglio per 86-67. Gli uomini di coach Bechi hanno...\" \/>\n<meta name=\"robots\" content=\"index, follow, max-snippet:-1, max-image-preview:large, max-video-preview:-1\" \/>\n<link rel=\"canonical\" href=\"https:\/\/www.romaoggi.eu\/index.php\/2017\/12\/11\/la-virtus-roma-treviglio-86-67\/\" \/>\n<meta property=\"og:locale\" content=\"it_IT\" \/>\n<meta property=\"og:type\" content=\"article\" \/>\n<meta property=\"og:title\" content=\"La Virtus Roma torna alla vittoria, superata Treviglio 86-67\" \/>\n<meta property=\"og:description\" content=\"La Virtus Roma interrompe la striscia negativa in campionato e si impone sulla Remer Treviglio per 86-67. Gli uomini di coach Bechi hanno...\" \/>\n<meta property=\"og:url\" content=\"https:\/\/www.romaoggi.eu\/index.php\/2017\/12\/11\/la-virtus-roma-treviglio-86-67\/\" \/>\n<meta property=\"og:site_name\" content=\"roma oggi\" \/>\n<meta property=\"article:publisher\" content=\"https:\/\/www.facebook.com\/RomaOggi-841544845954114\" \/>\n<meta property=\"article:published_time\" content=\"2017-12-11T10:05:43+00:00\" \/>\n<meta property=\"article:modified_time\" content=\"2017-12-11T10:08:23+00:00\" \/>\n<meta property=\"og:image\" content=\"http:\/\/www.romaoggi.eu\/wp-content\/uploads\/2017\/12\/DSC7958-300x200-300x200.jpg\" \/>\n<meta name=\"author\" content=\"Flavio\" \/>\n<meta name=\"twitter:card\" content=\"summary_large_image\" \/>\n<meta name=\"twitter:creator\" content=\"@romaoggi_eu\" \/>\n<meta name=\"twitter:site\" content=\"@romaoggi_eu\" \/>\n<meta name=\"twitter:label1\" content=\"Scritto da\" \/>\n\t<meta name=\"twitter:data1\" content=\"Flavio\" \/>\n\t<meta name=\"twitter:label2\" content=\"Tempo di lettura stimato\" \/>\n\t<meta name=\"twitter:data2\" content=\"3 minuti\" \/>\n<script type=\"application\/ld+json\" class=\"yoast-schema-graph\">{\"@context\":\"https:\\\/\\\/schema.org\",\"@graph\":[{\"@type\":\"Article\",\"@id\":\"https:\\\/\\\/www.romaoggi.eu\\\/index.php\\\/2017\\\/12\\\/11\\\/la-virtus-roma-treviglio-86-67\\\/#article\",\"isPartOf\":{\"@id\":\"https:\\\/\\\/www.romaoggi.eu\\\/index.php\\\/2017\\\/12\\\/11\\\/la-virtus-roma-treviglio-86-67\\\/\"},\"author\":{\"name\":\"Flavio\",\"@id\":\"https:\\\/\\\/www.romaoggi.eu\\\/#\\\/schema\\\/person\\\/cc12bfd93370392d7e41d243e47e6681\"},\"headline\":\"La Virtus Roma torna alla vittoria, superata Treviglio 86-67\",\"datePublished\":\"2017-12-11T10:05:43+00:00\",\"dateModified\":\"2017-12-11T10:08:23+00:00\",\"mainEntityOfPage\":{\"@id\":\"https:\\\/\\\/www.romaoggi.eu\\\/index.php\\\/2017\\\/12\\\/11\\\/la-virtus-roma-treviglio-86-67\\\/\"},\"wordCount\":663,\"commentCount\":0,\"publisher\":{\"@id\":\"https:\\\/\\\/www.romaoggi.eu\\\/#organization\"},\"image\":{\"@id\":\"https:\\\/\\\/www.romaoggi.eu\\\/index.php\\\/2017\\\/12\\\/11\\\/la-virtus-roma-treviglio-86-67\\\/#primaryimage\"},\"thumbnailUrl\":\"http:\\\/\\\/www.romaoggi.eu\\\/wp-content\\\/uploads\\\/2017\\\/12\\\/DSC7958-300x200-300x200.jpg\",\"keywords\":[\"2017\",\"Basket\",\"Cinecitt\u00e0 World\",\"cristiano morelli\",\"Hostaria Edmondo\",\"italia\",\"Luca Bechi\",\"Pallacanestro\",\"Regione Lazio\",\"roma\",\"RomaOggi.eu\",\"rome\",\"sport\",\"Treviglio\",\"Virtus Roma\"],\"articleSection\":[\"Sport\"],\"inLanguage\":\"it-IT\",\"potentialAction\":[{\"@type\":\"CommentAction\",\"name\":\"Comment\",\"target\":[\"https:\\\/\\\/www.romaoggi.eu\\\/index.php\\\/2017\\\/12\\\/11\\\/la-virtus-roma-treviglio-86-67\\\/#respond\"]}]},{\"@type\":\"WebPage\",\"@id\":\"https:\\\/\\\/www.romaoggi.eu\\\/index.php\\\/2017\\\/12\\\/11\\\/la-virtus-roma-treviglio-86-67\\\/\",\"url\":\"https:\\\/\\\/www.romaoggi.eu\\\/index.php\\\/2017\\\/12\\\/11\\\/la-virtus-roma-treviglio-86-67\\\/\",\"name\":\"La Virtus Roma torna alla vittoria, superata Treviglio 86-67\",\"isPartOf\":{\"@id\":\"https:\\\/\\\/www.romaoggi.eu\\\/#website\"},\"primaryImageOfPage\":{\"@id\":\"https:\\\/\\\/www.romaoggi.eu\\\/index.php\\\/2017\\\/12\\\/11\\\/la-virtus-roma-treviglio-86-67\\\/#primaryimage\"},\"image\":{\"@id\":\"https:\\\/\\\/www.romaoggi.eu\\\/index.php\\\/2017\\\/12\\\/11\\\/la-virtus-roma-treviglio-86-67\\\/#primaryimage\"},\"thumbnailUrl\":\"http:\\\/\\\/www.romaoggi.eu\\\/wp-content\\\/uploads\\\/2017\\\/12\\\/DSC7958-300x200-300x200.jpg\",\"datePublished\":\"2017-12-11T10:05:43+00:00\",\"dateModified\":\"2017-12-11T10:08:23+00:00\",\"description\":\"La Virtus Roma interrompe la striscia negativa in campionato e si impone sulla Remer Treviglio per 86-67. Gli uomini di coach Bechi hanno...\",\"breadcrumb\":{\"@id\":\"https:\\\/\\\/www.romaoggi.eu\\\/index.php\\\/2017\\\/12\\\/11\\\/la-virtus-roma-treviglio-86-67\\\/#breadcrumb\"},\"inLanguage\":\"it-IT\",\"potentialAction\":[{\"@type\":\"ReadAction\",\"target\":[\"https:\\\/\\\/www.romaoggi.eu\\\/index.php\\\/2017\\\/12\\\/11\\\/la-virtus-roma-treviglio-86-67\\\/\"]}]},{\"@type\":\"ImageObject\",\"inLanguage\":\"it-IT\",\"@id\":\"https:\\\/\\\/www.romaoggi.eu\\\/index.php\\\/2017\\\/12\\\/11\\\/la-virtus-roma-treviglio-86-67\\\/#primaryimage\",\"url\":\"http:\\\/\\\/www.romaoggi.eu\\\/wp-content\\\/uploads\\\/2017\\\/12\\\/DSC7958-300x200-300x200.jpg\",\"contentUrl\":\"http:\\\/\\\/www.romaoggi.eu\\\/wp-content\\\/uploads\\\/2017\\\/12\\\/DSC7958-300x200-300x200.jpg\"},{\"@type\":\"BreadcrumbList\",\"@id\":\"https:\\\/\\\/www.romaoggi.eu\\\/index.php\\\/2017\\\/12\\\/11\\\/la-virtus-roma-treviglio-86-67\\\/#breadcrumb\",\"itemListElement\":[{\"@type\":\"ListItem\",\"position\":1,\"name\":\"Home\",\"item\":\"https:\\\/\\\/www.romaoggi.eu\\\/\"},{\"@type\":\"ListItem\",\"position\":2,\"name\":\"La Virtus Roma torna alla vittoria, superata Treviglio 86-67\"}]},{\"@type\":\"WebSite\",\"@id\":\"https:\\\/\\\/www.romaoggi.eu\\\/#website\",\"url\":\"https:\\\/\\\/www.romaoggi.eu\\\/\",\"name\":\"roma oggi\",\"description\":\"Interesting News for Interesting people\",\"publisher\":{\"@id\":\"https:\\\/\\\/www.romaoggi.eu\\\/#organization\"},\"potentialAction\":[{\"@type\":\"SearchAction\",\"target\":{\"@type\":\"EntryPoint\",\"urlTemplate\":\"https:\\\/\\\/www.romaoggi.eu\\\/?s={search_term_string}\"},\"query-input\":{\"@type\":\"PropertyValueSpecification\",\"valueRequired\":true,\"valueName\":\"search_term_string\"}}],\"inLanguage\":\"it-IT\"},{\"@type\":\"Organization\",\"@id\":\"https:\\\/\\\/www.romaoggi.eu\\\/#organization\",\"name\":\"RomaOggi\",\"url\":\"https:\\\/\\\/www.romaoggi.eu\\\/\",\"logo\":{\"@type\":\"ImageObject\",\"inLanguage\":\"it-IT\",\"@id\":\"https:\\\/\\\/www.romaoggi.eu\\\/#\\\/schema\\\/logo\\\/image\\\/\",\"url\":\"https:\\\/\\\/www.romaoggi.eu\\\/wp-content\\\/uploads\\\/2017\\\/04\\\/logowp.jpg\",\"contentUrl\":\"https:\\\/\\\/www.romaoggi.eu\\\/wp-content\\\/uploads\\\/2017\\\/04\\\/logowp.jpg\",\"width\":300,\"height\":133,\"caption\":\"RomaOggi\"},\"image\":{\"@id\":\"https:\\\/\\\/www.romaoggi.eu\\\/#\\\/schema\\\/logo\\\/image\\\/\"},\"sameAs\":[\"https:\\\/\\\/www.facebook.com\\\/RomaOggi-841544845954114\",\"https:\\\/\\\/x.com\\\/romaoggi_eu\"]},{\"@type\":\"Person\",\"@id\":\"https:\\\/\\\/www.romaoggi.eu\\\/#\\\/schema\\\/person\\\/cc12bfd93370392d7e41d243e47e6681\",\"name\":\"Flavio\",\"image\":{\"@type\":\"ImageObject\",\"inLanguage\":\"it-IT\",\"@id\":\"https:\\\/\\\/secure.gravatar.com\\\/avatar\\\/7e044ce830ea97853e01500437b37dff4a622b20a194e4d0efe9b67e918f19e5?s=96&d=mm&r=g\",\"url\":\"https:\\\/\\\/secure.gravatar.com\\\/avatar\\\/7e044ce830ea97853e01500437b37dff4a622b20a194e4d0efe9b67e918f19e5?s=96&d=mm&r=g\",\"contentUrl\":\"https:\\\/\\\/secure.gravatar.com\\\/avatar\\\/7e044ce830ea97853e01500437b37dff4a622b20a194e4d0efe9b67e918f19e5?s=96&d=mm&r=g\",\"caption\":\"Flavio\"},\"url\":\"https:\\\/\\\/www.romaoggi.eu\\\/index.php\\\/author\\\/cristiano\\\/\"}]}<\/script>\n<!-- \/ Yoast SEO plugin. -->","yoast_head_json":{"title":"La Virtus Roma torna alla vittoria, superata Treviglio 86-67","description":"La Virtus Roma interrompe la striscia negativa in campionato e si impone sulla Remer Treviglio per 86-67. Gli uomini di coach Bechi hanno...","robots":{"index":"index","follow":"follow","max-snippet":"max-snippet:-1","max-image-preview":"max-image-preview:large","max-video-preview":"max-video-preview:-1"},"canonical":"https:\/\/www.romaoggi.eu\/index.php\/2017\/12\/11\/la-virtus-roma-treviglio-86-67\/","og_locale":"it_IT","og_type":"article","og_title":"La Virtus Roma torna alla vittoria, superata Treviglio 86-67","og_description":"La Virtus Roma interrompe la striscia negativa in campionato e si impone sulla Remer Treviglio per 86-67. Gli uomini di coach Bechi hanno...","og_url":"https:\/\/www.romaoggi.eu\/index.php\/2017\/12\/11\/la-virtus-roma-treviglio-86-67\/","og_site_name":"roma oggi","article_publisher":"https:\/\/www.facebook.com\/RomaOggi-841544845954114","article_published_time":"2017-12-11T10:05:43+00:00","article_modified_time":"2017-12-11T10:08:23+00:00","og_image":[{"url":"http:\/\/www.romaoggi.eu\/wp-content\/uploads\/2017\/12\/DSC7958-300x200-300x200.jpg","type":"","width":"","height":""}],"author":"Flavio","twitter_card":"summary_large_image","twitter_creator":"@romaoggi_eu","twitter_site":"@romaoggi_eu","twitter_misc":{"Scritto da":"Flavio","Tempo di lettura stimato":"3 minuti"},"schema":{"@context":"https:\/\/schema.org","@graph":[{"@type":"Article","@id":"https:\/\/www.romaoggi.eu\/index.php\/2017\/12\/11\/la-virtus-roma-treviglio-86-67\/#article","isPartOf":{"@id":"https:\/\/www.romaoggi.eu\/index.php\/2017\/12\/11\/la-virtus-roma-treviglio-86-67\/"},"author":{"name":"Flavio","@id":"https:\/\/www.romaoggi.eu\/#\/schema\/person\/cc12bfd93370392d7e41d243e47e6681"},"headline":"La Virtus Roma torna alla vittoria, superata Treviglio 86-67","datePublished":"2017-12-11T10:05:43+00:00","dateModified":"2017-12-11T10:08:23+00:00","mainEntityOfPage":{"@id":"https:\/\/www.romaoggi.eu\/index.php\/2017\/12\/11\/la-virtus-roma-treviglio-86-67\/"},"wordCount":663,"commentCount":0,"publisher":{"@id":"https:\/\/www.romaoggi.eu\/#organization"},"image":{"@id":"https:\/\/www.romaoggi.eu\/index.php\/2017\/12\/11\/la-virtus-roma-treviglio-86-67\/#primaryimage"},"thumbnailUrl":"http:\/\/www.romaoggi.eu\/wp-content\/uploads\/2017\/12\/DSC7958-300x200-300x200.jpg","keywords":["2017","Basket","Cinecitt\u00e0 World","cristiano morelli","Hostaria Edmondo","italia","Luca Bechi","Pallacanestro","Regione Lazio","roma","RomaOggi.eu","rome","sport","Treviglio","Virtus Roma"],"articleSection":["Sport"],"inLanguage":"it-IT","potentialAction":[{"@type":"CommentAction","name":"Comment","target":["https:\/\/www.romaoggi.eu\/index.php\/2017\/12\/11\/la-virtus-roma-treviglio-86-67\/#respond"]}]},{"@type":"WebPage","@id":"https:\/\/www.romaoggi.eu\/index.php\/2017\/12\/11\/la-virtus-roma-treviglio-86-67\/","url":"https:\/\/www.romaoggi.eu\/index.php\/2017\/12\/11\/la-virtus-roma-treviglio-86-67\/","name":"La Virtus Roma torna alla vittoria, superata Treviglio 86-67","isPartOf":{"@id":"https:\/\/www.romaoggi.eu\/#website"},"primaryImageOfPage":{"@id":"https:\/\/www.romaoggi.eu\/index.php\/2017\/12\/11\/la-virtus-roma-treviglio-86-67\/#primaryimage"},"image":{"@id":"https:\/\/www.romaoggi.eu\/index.php\/2017\/12\/11\/la-virtus-roma-treviglio-86-67\/#primaryimage"},"thumbnailUrl":"http:\/\/www.romaoggi.eu\/wp-content\/uploads\/2017\/12\/DSC7958-300x200-300x200.jpg","datePublished":"2017-12-11T10:05:43+00:00","dateModified":"2017-12-11T10:08:23+00:00","description":"La Virtus Roma interrompe la striscia negativa in campionato e si impone sulla Remer Treviglio per 86-67. Gli uomini di coach Bechi hanno...","breadcrumb":{"@id":"https:\/\/www.romaoggi.eu\/index.php\/2017\/12\/11\/la-virtus-roma-treviglio-86-67\/#breadcrumb"},"inLanguage":"it-IT","potentialAction":[{"@type":"ReadAction","target":["https:\/\/www.romaoggi.eu\/index.php\/2017\/12\/11\/la-virtus-roma-treviglio-86-67\/"]}]},{"@type":"ImageObject","inLanguage":"it-IT","@id":"https:\/\/www.romaoggi.eu\/index.php\/2017\/12\/11\/la-virtus-roma-treviglio-86-67\/#primaryimage","url":"http:\/\/www.romaoggi.eu\/wp-content\/uploads\/2017\/12\/DSC7958-300x200-300x200.jpg","contentUrl":"http:\/\/www.romaoggi.eu\/wp-content\/uploads\/2017\/12\/DSC7958-300x200-300x200.jpg"},{"@type":"BreadcrumbList","@id":"https:\/\/www.romaoggi.eu\/index.php\/2017\/12\/11\/la-virtus-roma-treviglio-86-67\/#breadcrumb","itemListElement":[{"@type":"ListItem","position":1,"name":"Home","item":"https:\/\/www.romaoggi.eu\/"},{"@type":"ListItem","position":2,"name":"La Virtus Roma torna alla vittoria, superata Treviglio 86-67"}]},{"@type":"WebSite","@id":"https:\/\/www.romaoggi.eu\/#website","url":"https:\/\/www.romaoggi.eu\/","name":"roma oggi","description":"Interesting News for Interesting people","publisher":{"@id":"https:\/\/www.romaoggi.eu\/#organization"},"potentialAction":[{"@type":"SearchAction","target":{"@type":"EntryPoint","urlTemplate":"https:\/\/www.romaoggi.eu\/?s={search_term_string}"},"query-input":{"@type":"PropertyValueSpecification","valueRequired":true,"valueName":"search_term_string"}}],"inLanguage":"it-IT"},{"@type":"Organization","@id":"https:\/\/www.romaoggi.eu\/#organization","name":"RomaOggi","url":"https:\/\/www.romaoggi.eu\/","logo":{"@type":"ImageObject","inLanguage":"it-IT","@id":"https:\/\/www.romaoggi.eu\/#\/schema\/logo\/image\/","url":"https:\/\/www.romaoggi.eu\/wp-content\/uploads\/2017\/04\/logowp.jpg","contentUrl":"https:\/\/www.romaoggi.eu\/wp-content\/uploads\/2017\/04\/logowp.jpg","width":300,"height":133,"caption":"RomaOggi"},"image":{"@id":"https:\/\/www.romaoggi.eu\/#\/schema\/logo\/image\/"},"sameAs":["https:\/\/www.facebook.com\/RomaOggi-841544845954114","https:\/\/x.com\/romaoggi_eu"]},{"@type":"Person","@id":"https:\/\/www.romaoggi.eu\/#\/schema\/person\/cc12bfd93370392d7e41d243e47e6681","name":"Flavio","image":{"@type":"ImageObject","inLanguage":"it-IT","@id":"https:\/\/secure.gravatar.com\/avatar\/7e044ce830ea97853e01500437b37dff4a622b20a194e4d0efe9b67e918f19e5?s=96&d=mm&r=g","url":"https:\/\/secure.gravatar.com\/avatar\/7e044ce830ea97853e01500437b37dff4a622b20a194e4d0efe9b67e918f19e5?s=96&d=mm&r=g","contentUrl":"https:\/\/secure.gravatar.com\/avatar\/7e044ce830ea97853e01500437b37dff4a622b20a194e4d0efe9b67e918f19e5?s=96&d=mm&r=g","caption":"Flavio"},"url":"https:\/\/www.romaoggi.eu\/index.php\/author\/cristiano\/"}]}},"_links":{"self":[{"href":"https:\/\/www.romaoggi.eu\/index.php\/wp-json\/wp\/v2\/posts\/12408","targetHints":{"allow":["GET"]}}],"collection":[{"href":"https:\/\/www.romaoggi.eu\/index.php\/wp-json\/wp\/v2\/posts"}],"about":[{"href":"https:\/\/www.romaoggi.eu\/index.php\/wp-json\/wp\/v2\/types\/post"}],"author":[{"embeddable":true,"href":"https:\/\/www.romaoggi.eu\/index.php\/wp-json\/wp\/v2\/users\/5"}],"replies":[{"embeddable":true,"href":"https:\/\/www.romaoggi.eu\/index.php\/wp-json\/wp\/v2\/comments?post=12408"}],"version-history":[{"count":3,"href":"https:\/\/www.romaoggi.eu\/index.php\/wp-json\/wp\/v2\/posts\/12408\/revisions"}],"predecessor-version":[{"id":12414,"href":"https:\/\/www.romaoggi.eu\/index.php\/wp-json\/wp\/v2\/posts\/12408\/revisions\/12414"}],"wp:attachment":[{"href":"https:\/\/www.romaoggi.eu\/index.php\/wp-json\/wp\/v2\/media?parent=12408"}],"wp:term":[{"taxonomy":"category","embeddable":true,"href":"https:\/\/www.romaoggi.eu\/index.php\/wp-json\/wp\/v2\/categories?post=12408"},{"taxonomy":"post_tag","embeddable":true,"href":"https:\/\/www.romaoggi.eu\/index.php\/wp-json\/wp\/v2\/tags?post=12408"}],"curies":[{"name":"wp","href":"https:\/\/api.w.org\/{rel}","templated":true}]}}