{"id":12583,"date":"2017-12-16T13:56:11","date_gmt":"2017-12-16T12:56:11","guid":{"rendered":"http:\/\/www.romaoggi.eu\/?p=12583"},"modified":"2017-12-16T13:56:11","modified_gmt":"2017-12-16T12:56:11","slug":"virtus-roma-20","status":"publish","type":"post","link":"https:\/\/www.romaoggi.eu\/index.php\/2017\/12\/16\/virtus-roma-20\/","title":{"rendered":"Virtus Roma ospite a Biella. Bechi: \u00abMi aspetto un ambiente caldo e arrabbiato, dovremo fare una partita attenta e intelligente\u00bb"},"content":{"rendered":"<p align=\"JUSTIFY\"><span style=\"color: #000000;\"><span style=\"font-family: 'Times New Roman', serif;\"><span style=\"font-size: medium;\"><b>Virtus Roma <\/b>di scena al BiellaForum domani alle ore 18.00 ospite della <b>Eurotrend<\/b>. Gli uomini di coach Bechi (a Biella per nove stagioni, cinque da vice e quattro da capo) cercheranno di dare continuit\u00e0 alla vittoria ottenuta domenica scorsa con Treviglio, consapevoli di affrontare una delle squadre pi\u00f9 attrezzate del girone Ovest, vogliosa peraltro di riscattare la cocente sconfitta casalinga di sette giorni fa ottenuta nel derby contro la Bertram Tortona. <\/span><\/span><\/span><\/p>\n<p align=\"JUSTIFY\"><span style=\"color: #000000;\"><span style=\"font-family: 'Times New Roman', serif;\"><span style=\"font-size: medium;\"><b>Gli avversari <\/b>\u2013 Dopo aver dominato la regular season della scorsa stagione, salvo uscire a sorpresa nel primo turno con Verona, Biella si sta confermando anche quest\u2019anno una squadra di assoluto valore, come testimoniato del secondo posto in classifica dietro Casale con un record di 8 vinte e 3 perse. Proprio come lo scorso anno la squadra gira intorno al play Usa <b>Jazzmar Ferguson<\/b>, capocannoniere di tutta la A2 con i suoi 25.7 punti ai quali accoppia anche 3.7 assist; ad affiancarlo nel reparto guardie c\u2019\u00e8 l\u2019altro Usa di coach Carrea: l\u2019esperto Tim Bowers capace di portare contributo alla causa in ogni aspetto del gioco come dimostrato dai suoi 13.6 punti, 5.2 rimbalzi e 3.4 assist. Il resto del quintetto \u00e8 invece tutto made in Italy: in ala piccola Lorenzo Uglietti (6.1 punti, 3.8 rimbalzi) e sotto canestro Albano Chiarastella (6.1 punti, 4.5 rimbalzi) a fare da spalla ad <b>Amedeo Tessitori <\/b>che con i suoi 12.8 punti (con 7.9 rimbalzi) \u00e8 l\u2019unico in doppia cifra di media a parte i due Usa. Dalla panchina significativo contributo soprattutto da parte di Wheatle e Sgobba. <\/span><\/span><\/span><\/p>\n<p align=\"JUSTIFY\"><span style=\"color: #000000;\"><span style=\"font-family: 'Times New Roman', serif;\"><span style=\"font-size: medium;\"><b>Le parole del coach <\/b>\u2013 Queste le parole di coach <b>Luca Bechi <\/b>alla vigilia del match: <i>\u00abLa partita di domenica scorsa \u00e8 stata molto importante per noi, per diverse ragioni: la prima \u00e8 che abbiamo vinto e mosso la classifica con due punti in pi\u00f9; poi per il morale e per la qualit\u00e0 degli allenamenti nella settimana successiva perch\u00e9 la vittoria fa cementare il gruppo e fa ritrovare entusiasmo per lavorare sulle cose che dobbiamo fare. L\u2019idea \u00e8 quella di avere pi\u00f9 solidit\u00e0, equilibrio e concretezza. Eravamo la squadra che tirava pi\u00f9 di tutti da tre punti e, in percentuale, segnava meno di tutta la lega. Questo tipo di gioco non era efficace e quindi in attacco abbiamo deciso di attaccare pi\u00f9 il ferro. Per la difesa il discorso riguarda attitudine, spirito di sacrificio e spirito di squadra. Il modo migliore di vincere tutti insieme e avere una soddisfazione collettiva \u00e8 fare come con Treviglio e arrivare al risultato. Nella partita di domenica mi aspetto un ambiente caldo perch\u00e9 la stagione di Biella nel primo terzo di campionato \u00e8 molto positiva. Mi aspetto una squadra anche arrabbiata perch\u00e9 ha perso nell\u2019ultima giornata e vorr\u00e0 subito riscattarsi. Da parte nostra dovremo fare una gara attenta e intelligente, come tutte le partite in trasferta\u00bb<\/i>. <\/span><\/span><\/span><\/p>\n<p align=\"JUSTIFY\"><span style=\"color: #000000;\"><span style=\"font-family: 'Times New Roman', serif;\"><span style=\"font-size: medium;\"><b>Arbitri <\/b>\u2013 Arbitreranno l\u2019incontro i signori <b>Alessandro Vicino <\/b>(Argelato), <b>Salvatore Nuara <\/b>(Selvazzano Dentro) e <b>Aydin Azami <\/b>(Bologna). <\/span><\/span><\/span><\/p>\n<p align=\"JUSTIFY\"><span style=\"color: #000000;\"><span style=\"font-family: 'Times New Roman', serif;\"><span style=\"font-size: medium;\"><b>I media <\/b><\/span><\/span><\/span><\/p>\n<p align=\"JUSTIFY\"><span style=\"color: #000000;\"><span style=\"font-family: 'Times New Roman', serif;\"><span style=\"font-size: medium;\"><b>Tv \u2013 <\/b>Differita tv marted\u00ec 19 dicembre alle ore 23.00 su Teleroma 56 (canale 15 del digitale terrestre); Luned\u00ec 18 dicembre ore 18.00 su Europa Tv (canale 96 dt); marted\u00ec 19 dicembre ore 15.00 su 903 del bouquet Sky, ore 17.00 su Super Nova (canale 14 dt) e ore 21.00 su Europa Tv. <\/span><\/span><\/span><\/p>\n<p align=\"JUSTIFY\"><span style=\"color: #000000;\"><span style=\"font-family: 'Times New Roman', serif;\"><span style=\"font-size: medium;\"><b>Web \u2013 <\/b>La partita sar\u00e0 trasmessa in diretta streaming video sulla piattaforma LNP TV, disponibile all\u2019indirizzo http:\/\/tvpass.legapallacanestro.com. Aggiornamenti sulla gara saranno effettuati attraverso la pagina Twitter ufficiale della Virtus Roma, disponibile all\u2019indirizzo twitter.com\/VirtusRoma<i>. <\/i><\/span><\/span><\/span><\/p>\n<p align=\"JUSTIFY\"><a href=\"https:\/\/www.romaoggi.eu\/index.php\/2017\/12\/10\/cinecitta-world-4\/\"><span style=\"font-family: 'Times New Roman', serif;\"><span style=\"font-size: medium;\"><b>RomaOggi.eu \u2192 Leggi il prossimo articolo <\/b><\/span><\/span><\/a><\/p>\n<p align=\"JUSTIFY\"><span style=\"font-family: 'Times New Roman', serif;\"><span style=\"font-size: medium;\">La Redazione <\/span><\/span><\/p>\n<p align=\"JUSTIFY\"><span style=\"font-family: 'Times New Roman', serif;\"><span style=\"font-size: medium;\">RomaOggi.eu \u201cInteresting news for interesting<\/span><\/span><\/p>\n<figure id=\"attachment_11821\" aria-describedby=\"caption-attachment-11821\" style=\"width: 300px\" class=\"wp-caption aligncenter\"><img loading=\"lazy\" decoding=\"async\" class=\"wp-image-11821 size-medium\" src=\"https:\/\/www.romaoggi.eu\/wp-content\/uploads\/2017\/11\/Sconto5_300x250-300x250.jpg\" alt=\"\" width=\"300\" height=\"250\" \/><figcaption id=\"caption-attachment-11821\" class=\"wp-caption-text\"><a href=\"https:\/\/www.cinecittaworld.it\/Vendita\/Biglietti-e-prezzi?Coupon=ROMAOGGI&amp;Adulti=2&amp;Ridotti=0\">Ottieni uno sconto sull&#8217;acquisto dei biglietti! CLICCA QUI<\/a><\/figcaption><\/figure>\n","protected":false},"excerpt":{"rendered":"<div class=\"mh-excerpt\"><p>Virtus Roma di scena al BiellaForum domani alle ore 18.00 ospite della Eurotrend. Gli uomini di coach Bechi (a Biella per nove stagioni, cinque da vice e quattro da capo) cercheranno di dare continuit\u00e0 alla <a class=\"mh-excerpt-more\" href=\"https:\/\/www.romaoggi.eu\/index.php\/2017\/12\/16\/virtus-roma-20\/\" title=\"Virtus Roma ospite a Biella. Bechi: \u00abMi aspetto un ambiente caldo e arrabbiato, dovremo fare una partita attenta e intelligente\u00bb\">[&#8230;]<\/a><\/p>\n<\/div>","protected":false},"author":5,"featured_media":0,"comment_status":"open","ping_status":"open","sticky":false,"template":"","format":"standard","meta":{"_sitemap_exclude":false,"_sitemap_priority":"","_sitemap_frequency":"","footnotes":""},"categories":[5],"tags":[6483,8088,26,7691,877,159,8585,8841,1644,109,1738,634,355,6976],"class_list":["post-12583","post","type-post","status-publish","format-standard","hentry","category-sport","tag-6483","tag-cinecitta-world","tag-cristiano-morelli","tag-hostaria-edmondo","tag-italia","tag-lazio","tag-luca-bechi","tag-pallacanestro-biella","tag-regione-lazio","tag-roma","tag-romaoggi-eu","tag-rome","tag-sport","tag-virtus-roma"],"yoast_head":"<!-- This site is optimized with the Yoast SEO plugin v27.5 - https:\/\/yoast.com\/product\/yoast-seo-wordpress\/ -->\n<title>Virtus Roma ospite a Biella. Bechi: \u00abMi aspetto un ambiente caldo e arrabbiato, dovremo fare una partita attenta e intelligente\u00bb<\/title>\n<meta name=\"description\" content=\"Virtus Roma di scena al BiellaForum domani alle ore 18.00 ospite della Eurotrend. Gli uomini di coach Bechi (a Biella per nove stagioni...\" \/>\n<meta name=\"robots\" content=\"index, follow, max-snippet:-1, max-image-preview:large, max-video-preview:-1\" \/>\n<link rel=\"canonical\" href=\"https:\/\/www.romaoggi.eu\/index.php\/2017\/12\/16\/virtus-roma-20\/\" \/>\n<meta property=\"og:locale\" content=\"it_IT\" \/>\n<meta property=\"og:type\" content=\"article\" \/>\n<meta property=\"og:title\" content=\"Virtus Roma ospite a Biella. Bechi: \u00abMi aspetto un ambiente caldo e arrabbiato, dovremo fare una partita attenta e intelligente\u00bb\" \/>\n<meta property=\"og:description\" content=\"Virtus Roma di scena al BiellaForum domani alle ore 18.00 ospite della Eurotrend. Gli uomini di coach Bechi (a Biella per nove stagioni...\" \/>\n<meta property=\"og:url\" content=\"https:\/\/www.romaoggi.eu\/index.php\/2017\/12\/16\/virtus-roma-20\/\" \/>\n<meta property=\"og:site_name\" content=\"roma oggi\" \/>\n<meta property=\"article:publisher\" content=\"https:\/\/www.facebook.com\/RomaOggi-841544845954114\" \/>\n<meta property=\"article:published_time\" content=\"2017-12-16T12:56:11+00:00\" \/>\n<meta property=\"og:image\" content=\"http:\/\/www.romaoggi.eu\/wp-content\/uploads\/2017\/11\/Sconto5_300x250-300x250.jpg\" \/>\n<meta name=\"author\" content=\"Flavio\" \/>\n<meta name=\"twitter:card\" content=\"summary_large_image\" \/>\n<meta name=\"twitter:creator\" content=\"@romaoggi_eu\" \/>\n<meta name=\"twitter:site\" content=\"@romaoggi_eu\" \/>\n<meta name=\"twitter:label1\" content=\"Scritto da\" \/>\n\t<meta name=\"twitter:data1\" content=\"Flavio\" \/>\n\t<meta name=\"twitter:label2\" content=\"Tempo di lettura stimato\" \/>\n\t<meta name=\"twitter:data2\" content=\"3 minuti\" \/>\n<script type=\"application\/ld+json\" class=\"yoast-schema-graph\">{\"@context\":\"https:\\\/\\\/schema.org\",\"@graph\":[{\"@type\":\"Article\",\"@id\":\"https:\\\/\\\/www.romaoggi.eu\\\/index.php\\\/2017\\\/12\\\/16\\\/virtus-roma-20\\\/#article\",\"isPartOf\":{\"@id\":\"https:\\\/\\\/www.romaoggi.eu\\\/index.php\\\/2017\\\/12\\\/16\\\/virtus-roma-20\\\/\"},\"author\":{\"name\":\"Flavio\",\"@id\":\"https:\\\/\\\/www.romaoggi.eu\\\/#\\\/schema\\\/person\\\/cc12bfd93370392d7e41d243e47e6681\"},\"headline\":\"Virtus Roma ospite a Biella. Bechi: \u00abMi aspetto un ambiente caldo e arrabbiato, dovremo fare una partita attenta e intelligente\u00bb\",\"datePublished\":\"2017-12-16T12:56:11+00:00\",\"mainEntityOfPage\":{\"@id\":\"https:\\\/\\\/www.romaoggi.eu\\\/index.php\\\/2017\\\/12\\\/16\\\/virtus-roma-20\\\/\"},\"wordCount\":596,\"commentCount\":0,\"publisher\":{\"@id\":\"https:\\\/\\\/www.romaoggi.eu\\\/#organization\"},\"image\":{\"@id\":\"https:\\\/\\\/www.romaoggi.eu\\\/index.php\\\/2017\\\/12\\\/16\\\/virtus-roma-20\\\/#primaryimage\"},\"thumbnailUrl\":\"http:\\\/\\\/www.romaoggi.eu\\\/wp-content\\\/uploads\\\/2017\\\/11\\\/Sconto5_300x250-300x250.jpg\",\"keywords\":[\"2017\",\"Cinecitt\u00e0 World\",\"cristiano morelli\",\"Hostaria Edmondo\",\"italia\",\"lazio\",\"Luca Bechi\",\"Pallacanestro Biella\",\"Regione Lazio\",\"roma\",\"RomaOggi.eu\",\"rome\",\"sport\",\"Virtus Roma\"],\"articleSection\":[\"Sport\"],\"inLanguage\":\"it-IT\",\"potentialAction\":[{\"@type\":\"CommentAction\",\"name\":\"Comment\",\"target\":[\"https:\\\/\\\/www.romaoggi.eu\\\/index.php\\\/2017\\\/12\\\/16\\\/virtus-roma-20\\\/#respond\"]}]},{\"@type\":\"WebPage\",\"@id\":\"https:\\\/\\\/www.romaoggi.eu\\\/index.php\\\/2017\\\/12\\\/16\\\/virtus-roma-20\\\/\",\"url\":\"https:\\\/\\\/www.romaoggi.eu\\\/index.php\\\/2017\\\/12\\\/16\\\/virtus-roma-20\\\/\",\"name\":\"Virtus Roma ospite a Biella. Bechi: \u00abMi aspetto un ambiente caldo e arrabbiato, dovremo fare una partita attenta e intelligente\u00bb\",\"isPartOf\":{\"@id\":\"https:\\\/\\\/www.romaoggi.eu\\\/#website\"},\"primaryImageOfPage\":{\"@id\":\"https:\\\/\\\/www.romaoggi.eu\\\/index.php\\\/2017\\\/12\\\/16\\\/virtus-roma-20\\\/#primaryimage\"},\"image\":{\"@id\":\"https:\\\/\\\/www.romaoggi.eu\\\/index.php\\\/2017\\\/12\\\/16\\\/virtus-roma-20\\\/#primaryimage\"},\"thumbnailUrl\":\"http:\\\/\\\/www.romaoggi.eu\\\/wp-content\\\/uploads\\\/2017\\\/11\\\/Sconto5_300x250-300x250.jpg\",\"datePublished\":\"2017-12-16T12:56:11+00:00\",\"description\":\"Virtus Roma di scena al BiellaForum domani alle ore 18.00 ospite della Eurotrend. Gli uomini di coach Bechi (a Biella per nove stagioni...\",\"breadcrumb\":{\"@id\":\"https:\\\/\\\/www.romaoggi.eu\\\/index.php\\\/2017\\\/12\\\/16\\\/virtus-roma-20\\\/#breadcrumb\"},\"inLanguage\":\"it-IT\",\"potentialAction\":[{\"@type\":\"ReadAction\",\"target\":[\"https:\\\/\\\/www.romaoggi.eu\\\/index.php\\\/2017\\\/12\\\/16\\\/virtus-roma-20\\\/\"]}]},{\"@type\":\"ImageObject\",\"inLanguage\":\"it-IT\",\"@id\":\"https:\\\/\\\/www.romaoggi.eu\\\/index.php\\\/2017\\\/12\\\/16\\\/virtus-roma-20\\\/#primaryimage\",\"url\":\"http:\\\/\\\/www.romaoggi.eu\\\/wp-content\\\/uploads\\\/2017\\\/11\\\/Sconto5_300x250-300x250.jpg\",\"contentUrl\":\"http:\\\/\\\/www.romaoggi.eu\\\/wp-content\\\/uploads\\\/2017\\\/11\\\/Sconto5_300x250-300x250.jpg\"},{\"@type\":\"BreadcrumbList\",\"@id\":\"https:\\\/\\\/www.romaoggi.eu\\\/index.php\\\/2017\\\/12\\\/16\\\/virtus-roma-20\\\/#breadcrumb\",\"itemListElement\":[{\"@type\":\"ListItem\",\"position\":1,\"name\":\"Home\",\"item\":\"https:\\\/\\\/www.romaoggi.eu\\\/\"},{\"@type\":\"ListItem\",\"position\":2,\"name\":\"Virtus Roma ospite a Biella. Bechi: \u00abMi aspetto un ambiente caldo e arrabbiato, dovremo fare una partita attenta e intelligente\u00bb\"}]},{\"@type\":\"WebSite\",\"@id\":\"https:\\\/\\\/www.romaoggi.eu\\\/#website\",\"url\":\"https:\\\/\\\/www.romaoggi.eu\\\/\",\"name\":\"roma oggi\",\"description\":\"Interesting News for Interesting people\",\"publisher\":{\"@id\":\"https:\\\/\\\/www.romaoggi.eu\\\/#organization\"},\"potentialAction\":[{\"@type\":\"SearchAction\",\"target\":{\"@type\":\"EntryPoint\",\"urlTemplate\":\"https:\\\/\\\/www.romaoggi.eu\\\/?s={search_term_string}\"},\"query-input\":{\"@type\":\"PropertyValueSpecification\",\"valueRequired\":true,\"valueName\":\"search_term_string\"}}],\"inLanguage\":\"it-IT\"},{\"@type\":\"Organization\",\"@id\":\"https:\\\/\\\/www.romaoggi.eu\\\/#organization\",\"name\":\"RomaOggi\",\"url\":\"https:\\\/\\\/www.romaoggi.eu\\\/\",\"logo\":{\"@type\":\"ImageObject\",\"inLanguage\":\"it-IT\",\"@id\":\"https:\\\/\\\/www.romaoggi.eu\\\/#\\\/schema\\\/logo\\\/image\\\/\",\"url\":\"https:\\\/\\\/www.romaoggi.eu\\\/wp-content\\\/uploads\\\/2017\\\/04\\\/logowp.jpg\",\"contentUrl\":\"https:\\\/\\\/www.romaoggi.eu\\\/wp-content\\\/uploads\\\/2017\\\/04\\\/logowp.jpg\",\"width\":300,\"height\":133,\"caption\":\"RomaOggi\"},\"image\":{\"@id\":\"https:\\\/\\\/www.romaoggi.eu\\\/#\\\/schema\\\/logo\\\/image\\\/\"},\"sameAs\":[\"https:\\\/\\\/www.facebook.com\\\/RomaOggi-841544845954114\",\"https:\\\/\\\/x.com\\\/romaoggi_eu\"]},{\"@type\":\"Person\",\"@id\":\"https:\\\/\\\/www.romaoggi.eu\\\/#\\\/schema\\\/person\\\/cc12bfd93370392d7e41d243e47e6681\",\"name\":\"Flavio\",\"image\":{\"@type\":\"ImageObject\",\"inLanguage\":\"it-IT\",\"@id\":\"https:\\\/\\\/secure.gravatar.com\\\/avatar\\\/7e044ce830ea97853e01500437b37dff4a622b20a194e4d0efe9b67e918f19e5?s=96&d=mm&r=g\",\"url\":\"https:\\\/\\\/secure.gravatar.com\\\/avatar\\\/7e044ce830ea97853e01500437b37dff4a622b20a194e4d0efe9b67e918f19e5?s=96&d=mm&r=g\",\"contentUrl\":\"https:\\\/\\\/secure.gravatar.com\\\/avatar\\\/7e044ce830ea97853e01500437b37dff4a622b20a194e4d0efe9b67e918f19e5?s=96&d=mm&r=g\",\"caption\":\"Flavio\"},\"url\":\"https:\\\/\\\/www.romaoggi.eu\\\/index.php\\\/author\\\/cristiano\\\/\"}]}<\/script>\n<!-- \/ Yoast SEO plugin. -->","yoast_head_json":{"title":"Virtus Roma ospite a Biella. Bechi: \u00abMi aspetto un ambiente caldo e arrabbiato, dovremo fare una partita attenta e intelligente\u00bb","description":"Virtus Roma di scena al BiellaForum domani alle ore 18.00 ospite della Eurotrend. Gli uomini di coach Bechi (a Biella per nove stagioni...","robots":{"index":"index","follow":"follow","max-snippet":"max-snippet:-1","max-image-preview":"max-image-preview:large","max-video-preview":"max-video-preview:-1"},"canonical":"https:\/\/www.romaoggi.eu\/index.php\/2017\/12\/16\/virtus-roma-20\/","og_locale":"it_IT","og_type":"article","og_title":"Virtus Roma ospite a Biella. Bechi: \u00abMi aspetto un ambiente caldo e arrabbiato, dovremo fare una partita attenta e intelligente\u00bb","og_description":"Virtus Roma di scena al BiellaForum domani alle ore 18.00 ospite della Eurotrend. Gli uomini di coach Bechi (a Biella per nove stagioni...","og_url":"https:\/\/www.romaoggi.eu\/index.php\/2017\/12\/16\/virtus-roma-20\/","og_site_name":"roma oggi","article_publisher":"https:\/\/www.facebook.com\/RomaOggi-841544845954114","article_published_time":"2017-12-16T12:56:11+00:00","og_image":[{"url":"http:\/\/www.romaoggi.eu\/wp-content\/uploads\/2017\/11\/Sconto5_300x250-300x250.jpg","type":"","width":"","height":""}],"author":"Flavio","twitter_card":"summary_large_image","twitter_creator":"@romaoggi_eu","twitter_site":"@romaoggi_eu","twitter_misc":{"Scritto da":"Flavio","Tempo di lettura stimato":"3 minuti"},"schema":{"@context":"https:\/\/schema.org","@graph":[{"@type":"Article","@id":"https:\/\/www.romaoggi.eu\/index.php\/2017\/12\/16\/virtus-roma-20\/#article","isPartOf":{"@id":"https:\/\/www.romaoggi.eu\/index.php\/2017\/12\/16\/virtus-roma-20\/"},"author":{"name":"Flavio","@id":"https:\/\/www.romaoggi.eu\/#\/schema\/person\/cc12bfd93370392d7e41d243e47e6681"},"headline":"Virtus Roma ospite a Biella. Bechi: \u00abMi aspetto un ambiente caldo e arrabbiato, dovremo fare una partita attenta e intelligente\u00bb","datePublished":"2017-12-16T12:56:11+00:00","mainEntityOfPage":{"@id":"https:\/\/www.romaoggi.eu\/index.php\/2017\/12\/16\/virtus-roma-20\/"},"wordCount":596,"commentCount":0,"publisher":{"@id":"https:\/\/www.romaoggi.eu\/#organization"},"image":{"@id":"https:\/\/www.romaoggi.eu\/index.php\/2017\/12\/16\/virtus-roma-20\/#primaryimage"},"thumbnailUrl":"http:\/\/www.romaoggi.eu\/wp-content\/uploads\/2017\/11\/Sconto5_300x250-300x250.jpg","keywords":["2017","Cinecitt\u00e0 World","cristiano morelli","Hostaria Edmondo","italia","lazio","Luca Bechi","Pallacanestro Biella","Regione Lazio","roma","RomaOggi.eu","rome","sport","Virtus Roma"],"articleSection":["Sport"],"inLanguage":"it-IT","potentialAction":[{"@type":"CommentAction","name":"Comment","target":["https:\/\/www.romaoggi.eu\/index.php\/2017\/12\/16\/virtus-roma-20\/#respond"]}]},{"@type":"WebPage","@id":"https:\/\/www.romaoggi.eu\/index.php\/2017\/12\/16\/virtus-roma-20\/","url":"https:\/\/www.romaoggi.eu\/index.php\/2017\/12\/16\/virtus-roma-20\/","name":"Virtus Roma ospite a Biella. Bechi: \u00abMi aspetto un ambiente caldo e arrabbiato, dovremo fare una partita attenta e intelligente\u00bb","isPartOf":{"@id":"https:\/\/www.romaoggi.eu\/#website"},"primaryImageOfPage":{"@id":"https:\/\/www.romaoggi.eu\/index.php\/2017\/12\/16\/virtus-roma-20\/#primaryimage"},"image":{"@id":"https:\/\/www.romaoggi.eu\/index.php\/2017\/12\/16\/virtus-roma-20\/#primaryimage"},"thumbnailUrl":"http:\/\/www.romaoggi.eu\/wp-content\/uploads\/2017\/11\/Sconto5_300x250-300x250.jpg","datePublished":"2017-12-16T12:56:11+00:00","description":"Virtus Roma di scena al BiellaForum domani alle ore 18.00 ospite della Eurotrend. Gli uomini di coach Bechi (a Biella per nove stagioni...","breadcrumb":{"@id":"https:\/\/www.romaoggi.eu\/index.php\/2017\/12\/16\/virtus-roma-20\/#breadcrumb"},"inLanguage":"it-IT","potentialAction":[{"@type":"ReadAction","target":["https:\/\/www.romaoggi.eu\/index.php\/2017\/12\/16\/virtus-roma-20\/"]}]},{"@type":"ImageObject","inLanguage":"it-IT","@id":"https:\/\/www.romaoggi.eu\/index.php\/2017\/12\/16\/virtus-roma-20\/#primaryimage","url":"http:\/\/www.romaoggi.eu\/wp-content\/uploads\/2017\/11\/Sconto5_300x250-300x250.jpg","contentUrl":"http:\/\/www.romaoggi.eu\/wp-content\/uploads\/2017\/11\/Sconto5_300x250-300x250.jpg"},{"@type":"BreadcrumbList","@id":"https:\/\/www.romaoggi.eu\/index.php\/2017\/12\/16\/virtus-roma-20\/#breadcrumb","itemListElement":[{"@type":"ListItem","position":1,"name":"Home","item":"https:\/\/www.romaoggi.eu\/"},{"@type":"ListItem","position":2,"name":"Virtus Roma ospite a Biella. Bechi: \u00abMi aspetto un ambiente caldo e arrabbiato, dovremo fare una partita attenta e intelligente\u00bb"}]},{"@type":"WebSite","@id":"https:\/\/www.romaoggi.eu\/#website","url":"https:\/\/www.romaoggi.eu\/","name":"roma oggi","description":"Interesting News for Interesting people","publisher":{"@id":"https:\/\/www.romaoggi.eu\/#organization"},"potentialAction":[{"@type":"SearchAction","target":{"@type":"EntryPoint","urlTemplate":"https:\/\/www.romaoggi.eu\/?s={search_term_string}"},"query-input":{"@type":"PropertyValueSpecification","valueRequired":true,"valueName":"search_term_string"}}],"inLanguage":"it-IT"},{"@type":"Organization","@id":"https:\/\/www.romaoggi.eu\/#organization","name":"RomaOggi","url":"https:\/\/www.romaoggi.eu\/","logo":{"@type":"ImageObject","inLanguage":"it-IT","@id":"https:\/\/www.romaoggi.eu\/#\/schema\/logo\/image\/","url":"https:\/\/www.romaoggi.eu\/wp-content\/uploads\/2017\/04\/logowp.jpg","contentUrl":"https:\/\/www.romaoggi.eu\/wp-content\/uploads\/2017\/04\/logowp.jpg","width":300,"height":133,"caption":"RomaOggi"},"image":{"@id":"https:\/\/www.romaoggi.eu\/#\/schema\/logo\/image\/"},"sameAs":["https:\/\/www.facebook.com\/RomaOggi-841544845954114","https:\/\/x.com\/romaoggi_eu"]},{"@type":"Person","@id":"https:\/\/www.romaoggi.eu\/#\/schema\/person\/cc12bfd93370392d7e41d243e47e6681","name":"Flavio","image":{"@type":"ImageObject","inLanguage":"it-IT","@id":"https:\/\/secure.gravatar.com\/avatar\/7e044ce830ea97853e01500437b37dff4a622b20a194e4d0efe9b67e918f19e5?s=96&d=mm&r=g","url":"https:\/\/secure.gravatar.com\/avatar\/7e044ce830ea97853e01500437b37dff4a622b20a194e4d0efe9b67e918f19e5?s=96&d=mm&r=g","contentUrl":"https:\/\/secure.gravatar.com\/avatar\/7e044ce830ea97853e01500437b37dff4a622b20a194e4d0efe9b67e918f19e5?s=96&d=mm&r=g","caption":"Flavio"},"url":"https:\/\/www.romaoggi.eu\/index.php\/author\/cristiano\/"}]}},"_links":{"self":[{"href":"https:\/\/www.romaoggi.eu\/index.php\/wp-json\/wp\/v2\/posts\/12583","targetHints":{"allow":["GET"]}}],"collection":[{"href":"https:\/\/www.romaoggi.eu\/index.php\/wp-json\/wp\/v2\/posts"}],"about":[{"href":"https:\/\/www.romaoggi.eu\/index.php\/wp-json\/wp\/v2\/types\/post"}],"author":[{"embeddable":true,"href":"https:\/\/www.romaoggi.eu\/index.php\/wp-json\/wp\/v2\/users\/5"}],"replies":[{"embeddable":true,"href":"https:\/\/www.romaoggi.eu\/index.php\/wp-json\/wp\/v2\/comments?post=12583"}],"version-history":[{"count":1,"href":"https:\/\/www.romaoggi.eu\/index.php\/wp-json\/wp\/v2\/posts\/12583\/revisions"}],"predecessor-version":[{"id":12585,"href":"https:\/\/www.romaoggi.eu\/index.php\/wp-json\/wp\/v2\/posts\/12583\/revisions\/12585"}],"wp:attachment":[{"href":"https:\/\/www.romaoggi.eu\/index.php\/wp-json\/wp\/v2\/media?parent=12583"}],"wp:term":[{"taxonomy":"category","embeddable":true,"href":"https:\/\/www.romaoggi.eu\/index.php\/wp-json\/wp\/v2\/categories?post=12583"},{"taxonomy":"post_tag","embeddable":true,"href":"https:\/\/www.romaoggi.eu\/index.php\/wp-json\/wp\/v2\/tags?post=12583"}],"curies":[{"name":"wp","href":"https:\/\/api.w.org\/{rel}","templated":true}]}}