{"id":12601,"date":"2017-12-17T15:17:40","date_gmt":"2017-12-17T14:17:40","guid":{"rendered":"http:\/\/www.romaoggi.eu\/?p=12601"},"modified":"2017-12-17T16:27:40","modified_gmt":"2017-12-17T15:27:40","slug":"aline-oliveira-vernissage-roma","status":"publish","type":"post","link":"https:\/\/www.romaoggi.eu\/index.php\/2017\/12\/17\/aline-oliveira-vernissage-roma\/","title":{"rendered":"Aline Oliveira seduce la Capitale con le sue creazioni di Alta Moda"},"content":{"rendered":"<p style=\"text-align: justify;\">Grande successo per l&#8217;Alta Moda di <strong>Aline Oliveira<\/strong>, che seduce la capitale per eleganza ed originalit\u00e0.<\/p>\n<p><img loading=\"lazy\" decoding=\"async\" class=\"size-medium wp-image-12605 alignleft\" src=\"https:\/\/www.romaoggi.eu\/wp-content\/uploads\/2017\/12\/2-4-300x268.jpg\" alt=\"alt tag aline oliveira\" width=\"300\" height=\"268\" srcset=\"https:\/\/www.romaoggi.eu\/wp-content\/uploads\/2017\/12\/2-4-300x268.jpg 300w, https:\/\/www.romaoggi.eu\/wp-content\/uploads\/2017\/12\/2-4-1024x915.jpg 1024w, https:\/\/www.romaoggi.eu\/wp-content\/uploads\/2017\/12\/2-4.jpg 1194w\" sizes=\"auto, (max-width: 300px) 100vw, 300px\" \/><\/p>\n<p style=\"text-align: justify;\">Emozioni pure, giovedi 14 dicembre 2017, nello \u201c<a href=\"http:\/\/www.pgevents.it\">Spazio Margutta<\/a>\u201d di <strong>Grazia Marino<\/strong> e <strong>Antonio Falanga<\/strong> per il vernissage e il debutto a Roma della stilista brasiliana <a href=\"https:\/\/www.romaoggi.eu\/index.php\/2017\/12\/14\/aline-oliveira-spazio-margutta\/\">Aline Oliveira<\/a>, che ha presentato alla stampa e ad un numerosissimo pubblico, la sua prima capsule collection di abiti d\u2019alta moda. Aline bella e sorridente ha conquistato il pubblico con le sue creazioni moda molto sexy\u00a0 ma sempre eleganti, abiti che sono stati molto fotografati e indossati da modelle filiforme ma anche dalle pi\u00f9 sinuose gemelle Squizzato, che si sono prestate a modelle per una sera.<\/p>\n<figure id=\"attachment_12604\" aria-describedby=\"caption-attachment-12604\" style=\"width: 296px\" class=\"wp-caption alignright\"><img loading=\"lazy\" decoding=\"async\" class=\"size-medium wp-image-12604\" src=\"https:\/\/www.romaoggi.eu\/wp-content\/uploads\/2017\/12\/8-grazia-marino-aline-oliveira-antonio-falanga-296x300.jpg\" alt=\"alt tag aline oliveira\" width=\"296\" height=\"300\" srcset=\"https:\/\/www.romaoggi.eu\/wp-content\/uploads\/2017\/12\/8-grazia-marino-aline-oliveira-antonio-falanga-296x300.jpg 296w, https:\/\/www.romaoggi.eu\/wp-content\/uploads\/2017\/12\/8-grazia-marino-aline-oliveira-antonio-falanga.jpg 984w\" sizes=\"auto, (max-width: 296px) 100vw, 296px\" \/><figcaption id=\"caption-attachment-12604\" class=\"wp-caption-text\">Grazie Marino, Aline Oliveira, Antonio Falanga.<\/figcaption><\/figure>\n<p style=\"text-align: justify;\">Creativit\u00e0, conoscenze delle tecniche sartoriali, personalizzazione, cura per la scelta dei tessuti, delle applicazioni e dei ricami, sono le caratteristiche principali che emergono dal suo stile.<\/p>\n<p style=\"text-align: justify;\">Fra le varie creazioni d\u2019alta moda presenti in Via Margutta, sicuramente due sono state quelle pi\u00f9 ammirate, ispirate a Maria Antonietta Regina di Francia, che con suoi abiti riusc\u00ec a scardinare l&#8217;aura di sacralit\u00e0 che esisteva nel Regno, e influenzare le donne di tutto il continente. Abiti scultura realizzati con tessuti esclusivi: cady, mikado, tulle e applicazioni di pietre, utilizzati per dare sontuosit\u00e0 e plasticit\u00e0 agli stessi. Due i colori utilizzati Il nero e il mattone, fortemente voluti per dare profondit\u00e0 ed evidenziare il dramma vissuto da Maria Antonietta e dal mondo con la rivoluzione francese.<\/p>\n<p><img loading=\"lazy\" decoding=\"async\" class=\"size-medium wp-image-12606 alignleft\" src=\"https:\/\/www.romaoggi.eu\/wp-content\/uploads\/2017\/12\/5-aline-oliveira-255x300.jpg\" alt=\"alt tag aline oliveira\" width=\"255\" height=\"300\" srcset=\"https:\/\/www.romaoggi.eu\/wp-content\/uploads\/2017\/12\/5-aline-oliveira-255x300.jpg 255w, https:\/\/www.romaoggi.eu\/wp-content\/uploads\/2017\/12\/5-aline-oliveira-869x1024.jpg 869w, https:\/\/www.romaoggi.eu\/wp-content\/uploads\/2017\/12\/5-aline-oliveira.jpg 880w\" sizes=\"auto, (max-width: 255px) 100vw, 255px\" \/><\/p>\n<p style=\"text-align: justify;\">\u201c<em>La moda \u00e8 sempre stata un riferimento nella mia vita, <\/em>dichiara <strong>Aline Oliveira<\/strong><em>, l\u2019arrivo in Italia ha amplificato ancora di pi\u00f9&#8217; questa grande passione, nella quale lo spirito latino-americano e l\u2019ispirazione ai maestri del made in italy, saranno per sempre punto di riferimento del mio mood<\/em>\u201d.<\/p>\n<p>&nbsp;<\/p>\n<p style=\"text-align: justify;\">L\u2019appuntamento \u00e8 stato l\u2019occasione anche per un brindisi di auguri per le prossime feste natalizie. Madrine della serata <strong>Laura e Silvia Squizzato,<\/strong> le gemelle pi\u00f9 famose d\u2019Italia, giornaliste professioniste, note al grande pubblico televisivo per la loro presenza in molti programmi delle reti RAI ed ideatrici del blog <strong>\u201cDoppiavita.tv\u201d<\/strong>.<\/p>\n<p>&nbsp;<\/p>\n<p>&nbsp;<\/p>\n<p>Redazione<\/p>\n<figure id=\"attachment_12617\" aria-describedby=\"caption-attachment-12617\" style=\"width: 300px\" class=\"wp-caption aligncenter\"><img loading=\"lazy\" decoding=\"async\" class=\"wp-image-12617 size-medium\" src=\"https:\/\/www.romaoggi.eu\/wp-content\/uploads\/2017\/12\/CCW-300x250-new-sconto5-300x250-300x250.jpg\" alt=\"\" width=\"300\" height=\"250\" \/><figcaption id=\"caption-attachment-12617\" class=\"wp-caption-text\"><a href=\"https:\/\/www.cinecittaworld.it\/Vendita\/Biglietti-e-prezzi?Coupon=ROMAOGGI&amp;Adulti=2&amp;Ridotti=0\">per uno sconto di 5 euro sul biglietto clicca qui!<\/a><\/figcaption><\/figure>\n","protected":false},"excerpt":{"rendered":"<div class=\"mh-excerpt\"><p>Grande successo per l&#8217;Alta Moda di Aline Oliveira, che seduce la capitale per eleganza ed originalit\u00e0. Emozioni pure, giovedi 14 dicembre 2017, nello \u201cSpazio Margutta\u201d di Grazia Marino e Antonio Falanga per il vernissage e <a class=\"mh-excerpt-more\" href=\"https:\/\/www.romaoggi.eu\/index.php\/2017\/12\/17\/aline-oliveira-vernissage-roma\/\" title=\"Aline Oliveira seduce la Capitale con le sue creazioni di Alta Moda\">[&#8230;]<\/a><\/p>\n<\/div>","protected":false},"author":3,"featured_media":12602,"comment_status":"open","ping_status":"open","sticky":false,"template":"","format":"standard","meta":{"_sitemap_exclude":false,"_sitemap_priority":"","_sitemap_frequency":"","footnotes":""},"categories":[3416],"tags":[8009,8829,2378,2394,2487,3313,201,1325,3314,2483],"class_list":["post-12601","post","type-post","status-publish","format-standard","has-post-thumbnail","hentry","category-moda","tag-abiti","tag-aline-oliveira","tag-alta-moda","tag-antonio-falanga","tag-grazia-marino","tag-laura-squizzato","tag-moda","tag-sfilata","tag-silvia-squizzato","tag-via-margutta"],"yoast_head":"<!-- This site is optimized with the Yoast SEO plugin v27.5 - https:\/\/yoast.com\/product\/yoast-seo-wordpress\/ -->\n<title>Aline Oliveira seduce la Capitale con le sue creazioni di Alta Moda<\/title>\n<meta name=\"description\" content=\"Grande successo per l&#039;Alta Moda di Aline Oliveira, nello \u201cSpazio Margutta\u201d di Grazia Marino e Antonio Falanga, per il vernissage a Roma.\" \/>\n<meta name=\"robots\" content=\"index, follow, max-snippet:-1, max-image-preview:large, max-video-preview:-1\" \/>\n<link rel=\"canonical\" href=\"https:\/\/www.romaoggi.eu\/index.php\/2017\/12\/17\/aline-oliveira-vernissage-roma\/\" \/>\n<meta property=\"og:locale\" content=\"it_IT\" \/>\n<meta property=\"og:type\" content=\"article\" \/>\n<meta property=\"og:title\" content=\"Aline Oliveira seduce la Capitale con le sue creazioni di Alta Moda\" \/>\n<meta property=\"og:description\" content=\"Grande successo per l&#039;Alta Moda di Aline Oliveira, nello \u201cSpazio Margutta\u201d di Grazia Marino e Antonio Falanga, per il vernissage a Roma.\" \/>\n<meta property=\"og:url\" content=\"https:\/\/www.romaoggi.eu\/index.php\/2017\/12\/17\/aline-oliveira-vernissage-roma\/\" \/>\n<meta property=\"og:site_name\" content=\"roma oggi\" \/>\n<meta property=\"article:publisher\" content=\"https:\/\/www.facebook.com\/RomaOggi-841544845954114\" \/>\n<meta property=\"article:published_time\" content=\"2017-12-17T14:17:40+00:00\" \/>\n<meta property=\"article:modified_time\" content=\"2017-12-17T15:27:40+00:00\" \/>\n<meta property=\"og:image\" content=\"https:\/\/www.romaoggi.eu\/wp-content\/uploads\/2017\/12\/copertina-3.jpg\" \/>\n\t<meta property=\"og:image:width\" content=\"770\" \/>\n\t<meta property=\"og:image:height\" content=\"515\" \/>\n\t<meta property=\"og:image:type\" content=\"image\/jpeg\" \/>\n<meta name=\"author\" content=\"Antonietta Di Vizia\" \/>\n<meta name=\"twitter:card\" content=\"summary_large_image\" \/>\n<meta name=\"twitter:creator\" content=\"@romaoggi_eu\" \/>\n<meta name=\"twitter:site\" content=\"@romaoggi_eu\" \/>\n<meta name=\"twitter:label1\" content=\"Scritto da\" \/>\n\t<meta name=\"twitter:data1\" content=\"Antonietta Di Vizia\" \/>\n\t<meta name=\"twitter:label2\" content=\"Tempo di lettura stimato\" \/>\n\t<meta name=\"twitter:data2\" content=\"2 minuti\" \/>\n<script type=\"application\/ld+json\" class=\"yoast-schema-graph\">{\"@context\":\"https:\\\/\\\/schema.org\",\"@graph\":[{\"@type\":\"Article\",\"@id\":\"https:\\\/\\\/www.romaoggi.eu\\\/index.php\\\/2017\\\/12\\\/17\\\/aline-oliveira-vernissage-roma\\\/#article\",\"isPartOf\":{\"@id\":\"https:\\\/\\\/www.romaoggi.eu\\\/index.php\\\/2017\\\/12\\\/17\\\/aline-oliveira-vernissage-roma\\\/\"},\"author\":{\"name\":\"Antonietta Di Vizia\",\"@id\":\"https:\\\/\\\/www.romaoggi.eu\\\/#\\\/schema\\\/person\\\/c8ca1fb64b5506391fff5f822a866c23\"},\"headline\":\"Aline Oliveira seduce la Capitale con le sue creazioni di Alta Moda\",\"datePublished\":\"2017-12-17T14:17:40+00:00\",\"dateModified\":\"2017-12-17T15:27:40+00:00\",\"mainEntityOfPage\":{\"@id\":\"https:\\\/\\\/www.romaoggi.eu\\\/index.php\\\/2017\\\/12\\\/17\\\/aline-oliveira-vernissage-roma\\\/\"},\"wordCount\":376,\"commentCount\":0,\"publisher\":{\"@id\":\"https:\\\/\\\/www.romaoggi.eu\\\/#organization\"},\"image\":{\"@id\":\"https:\\\/\\\/www.romaoggi.eu\\\/index.php\\\/2017\\\/12\\\/17\\\/aline-oliveira-vernissage-roma\\\/#primaryimage\"},\"thumbnailUrl\":\"https:\\\/\\\/www.romaoggi.eu\\\/wp-content\\\/uploads\\\/2017\\\/12\\\/copertina-3.jpg\",\"keywords\":[\"abiti\",\"Aline Oliveira\",\"Alta Moda\",\"Antonio Falanga\",\"Grazia Marino\",\"Laura Squizzato\",\"moda\",\"sfilata\",\"Silvia Squizzato\",\"via margutta\"],\"articleSection\":[\"Moda\"],\"inLanguage\":\"it-IT\",\"potentialAction\":[{\"@type\":\"CommentAction\",\"name\":\"Comment\",\"target\":[\"https:\\\/\\\/www.romaoggi.eu\\\/index.php\\\/2017\\\/12\\\/17\\\/aline-oliveira-vernissage-roma\\\/#respond\"]}]},{\"@type\":\"WebPage\",\"@id\":\"https:\\\/\\\/www.romaoggi.eu\\\/index.php\\\/2017\\\/12\\\/17\\\/aline-oliveira-vernissage-roma\\\/\",\"url\":\"https:\\\/\\\/www.romaoggi.eu\\\/index.php\\\/2017\\\/12\\\/17\\\/aline-oliveira-vernissage-roma\\\/\",\"name\":\"Aline Oliveira seduce la Capitale con le sue creazioni di Alta Moda\",\"isPartOf\":{\"@id\":\"https:\\\/\\\/www.romaoggi.eu\\\/#website\"},\"primaryImageOfPage\":{\"@id\":\"https:\\\/\\\/www.romaoggi.eu\\\/index.php\\\/2017\\\/12\\\/17\\\/aline-oliveira-vernissage-roma\\\/#primaryimage\"},\"image\":{\"@id\":\"https:\\\/\\\/www.romaoggi.eu\\\/index.php\\\/2017\\\/12\\\/17\\\/aline-oliveira-vernissage-roma\\\/#primaryimage\"},\"thumbnailUrl\":\"https:\\\/\\\/www.romaoggi.eu\\\/wp-content\\\/uploads\\\/2017\\\/12\\\/copertina-3.jpg\",\"datePublished\":\"2017-12-17T14:17:40+00:00\",\"dateModified\":\"2017-12-17T15:27:40+00:00\",\"description\":\"Grande successo per l'Alta Moda di Aline Oliveira, nello \u201cSpazio Margutta\u201d di Grazia Marino e Antonio Falanga, per il vernissage a Roma.\",\"breadcrumb\":{\"@id\":\"https:\\\/\\\/www.romaoggi.eu\\\/index.php\\\/2017\\\/12\\\/17\\\/aline-oliveira-vernissage-roma\\\/#breadcrumb\"},\"inLanguage\":\"it-IT\",\"potentialAction\":[{\"@type\":\"ReadAction\",\"target\":[\"https:\\\/\\\/www.romaoggi.eu\\\/index.php\\\/2017\\\/12\\\/17\\\/aline-oliveira-vernissage-roma\\\/\"]}]},{\"@type\":\"ImageObject\",\"inLanguage\":\"it-IT\",\"@id\":\"https:\\\/\\\/www.romaoggi.eu\\\/index.php\\\/2017\\\/12\\\/17\\\/aline-oliveira-vernissage-roma\\\/#primaryimage\",\"url\":\"https:\\\/\\\/www.romaoggi.eu\\\/wp-content\\\/uploads\\\/2017\\\/12\\\/copertina-3.jpg\",\"contentUrl\":\"https:\\\/\\\/www.romaoggi.eu\\\/wp-content\\\/uploads\\\/2017\\\/12\\\/copertina-3.jpg\",\"width\":770,\"height\":515,\"caption\":\"Le gemelle Squizzato e Aline Oliveira\"},{\"@type\":\"BreadcrumbList\",\"@id\":\"https:\\\/\\\/www.romaoggi.eu\\\/index.php\\\/2017\\\/12\\\/17\\\/aline-oliveira-vernissage-roma\\\/#breadcrumb\",\"itemListElement\":[{\"@type\":\"ListItem\",\"position\":1,\"name\":\"Home\",\"item\":\"https:\\\/\\\/www.romaoggi.eu\\\/\"},{\"@type\":\"ListItem\",\"position\":2,\"name\":\"Aline Oliveira seduce la Capitale con le sue creazioni di Alta Moda\"}]},{\"@type\":\"WebSite\",\"@id\":\"https:\\\/\\\/www.romaoggi.eu\\\/#website\",\"url\":\"https:\\\/\\\/www.romaoggi.eu\\\/\",\"name\":\"roma oggi\",\"description\":\"Interesting News for Interesting people\",\"publisher\":{\"@id\":\"https:\\\/\\\/www.romaoggi.eu\\\/#organization\"},\"potentialAction\":[{\"@type\":\"SearchAction\",\"target\":{\"@type\":\"EntryPoint\",\"urlTemplate\":\"https:\\\/\\\/www.romaoggi.eu\\\/?s={search_term_string}\"},\"query-input\":{\"@type\":\"PropertyValueSpecification\",\"valueRequired\":true,\"valueName\":\"search_term_string\"}}],\"inLanguage\":\"it-IT\"},{\"@type\":\"Organization\",\"@id\":\"https:\\\/\\\/www.romaoggi.eu\\\/#organization\",\"name\":\"RomaOggi\",\"url\":\"https:\\\/\\\/www.romaoggi.eu\\\/\",\"logo\":{\"@type\":\"ImageObject\",\"inLanguage\":\"it-IT\",\"@id\":\"https:\\\/\\\/www.romaoggi.eu\\\/#\\\/schema\\\/logo\\\/image\\\/\",\"url\":\"https:\\\/\\\/www.romaoggi.eu\\\/wp-content\\\/uploads\\\/2017\\\/04\\\/logowp.jpg\",\"contentUrl\":\"https:\\\/\\\/www.romaoggi.eu\\\/wp-content\\\/uploads\\\/2017\\\/04\\\/logowp.jpg\",\"width\":300,\"height\":133,\"caption\":\"RomaOggi\"},\"image\":{\"@id\":\"https:\\\/\\\/www.romaoggi.eu\\\/#\\\/schema\\\/logo\\\/image\\\/\"},\"sameAs\":[\"https:\\\/\\\/www.facebook.com\\\/RomaOggi-841544845954114\",\"https:\\\/\\\/x.com\\\/romaoggi_eu\"]},{\"@type\":\"Person\",\"@id\":\"https:\\\/\\\/www.romaoggi.eu\\\/#\\\/schema\\\/person\\\/c8ca1fb64b5506391fff5f822a866c23\",\"name\":\"Antonietta Di Vizia\",\"image\":{\"@type\":\"ImageObject\",\"inLanguage\":\"it-IT\",\"@id\":\"https:\\\/\\\/secure.gravatar.com\\\/avatar\\\/2ad571aa3fbfe3089b06ed5617adf58717b9359c0c97cf9b52804fb2dac293f2?s=96&d=mm&r=g\",\"url\":\"https:\\\/\\\/secure.gravatar.com\\\/avatar\\\/2ad571aa3fbfe3089b06ed5617adf58717b9359c0c97cf9b52804fb2dac293f2?s=96&d=mm&r=g\",\"contentUrl\":\"https:\\\/\\\/secure.gravatar.com\\\/avatar\\\/2ad571aa3fbfe3089b06ed5617adf58717b9359c0c97cf9b52804fb2dac293f2?s=96&d=mm&r=g\",\"caption\":\"Antonietta Di Vizia\"},\"url\":\"https:\\\/\\\/www.romaoggi.eu\\\/index.php\\\/author\\\/antonietta\\\/\"}]}<\/script>\n<!-- \/ Yoast SEO plugin. -->","yoast_head_json":{"title":"Aline Oliveira seduce la Capitale con le sue creazioni di Alta Moda","description":"Grande successo per l'Alta Moda di Aline Oliveira, nello \u201cSpazio Margutta\u201d di Grazia Marino e Antonio Falanga, per il vernissage a Roma.","robots":{"index":"index","follow":"follow","max-snippet":"max-snippet:-1","max-image-preview":"max-image-preview:large","max-video-preview":"max-video-preview:-1"},"canonical":"https:\/\/www.romaoggi.eu\/index.php\/2017\/12\/17\/aline-oliveira-vernissage-roma\/","og_locale":"it_IT","og_type":"article","og_title":"Aline Oliveira seduce la Capitale con le sue creazioni di Alta Moda","og_description":"Grande successo per l'Alta Moda di Aline Oliveira, nello \u201cSpazio Margutta\u201d di Grazia Marino e Antonio Falanga, per il vernissage a Roma.","og_url":"https:\/\/www.romaoggi.eu\/index.php\/2017\/12\/17\/aline-oliveira-vernissage-roma\/","og_site_name":"roma oggi","article_publisher":"https:\/\/www.facebook.com\/RomaOggi-841544845954114","article_published_time":"2017-12-17T14:17:40+00:00","article_modified_time":"2017-12-17T15:27:40+00:00","og_image":[{"width":770,"height":515,"url":"https:\/\/www.romaoggi.eu\/wp-content\/uploads\/2017\/12\/copertina-3.jpg","type":"image\/jpeg"}],"author":"Antonietta Di Vizia","twitter_card":"summary_large_image","twitter_creator":"@romaoggi_eu","twitter_site":"@romaoggi_eu","twitter_misc":{"Scritto da":"Antonietta Di Vizia","Tempo di lettura stimato":"2 minuti"},"schema":{"@context":"https:\/\/schema.org","@graph":[{"@type":"Article","@id":"https:\/\/www.romaoggi.eu\/index.php\/2017\/12\/17\/aline-oliveira-vernissage-roma\/#article","isPartOf":{"@id":"https:\/\/www.romaoggi.eu\/index.php\/2017\/12\/17\/aline-oliveira-vernissage-roma\/"},"author":{"name":"Antonietta Di Vizia","@id":"https:\/\/www.romaoggi.eu\/#\/schema\/person\/c8ca1fb64b5506391fff5f822a866c23"},"headline":"Aline Oliveira seduce la Capitale con le sue creazioni di Alta Moda","datePublished":"2017-12-17T14:17:40+00:00","dateModified":"2017-12-17T15:27:40+00:00","mainEntityOfPage":{"@id":"https:\/\/www.romaoggi.eu\/index.php\/2017\/12\/17\/aline-oliveira-vernissage-roma\/"},"wordCount":376,"commentCount":0,"publisher":{"@id":"https:\/\/www.romaoggi.eu\/#organization"},"image":{"@id":"https:\/\/www.romaoggi.eu\/index.php\/2017\/12\/17\/aline-oliveira-vernissage-roma\/#primaryimage"},"thumbnailUrl":"https:\/\/www.romaoggi.eu\/wp-content\/uploads\/2017\/12\/copertina-3.jpg","keywords":["abiti","Aline Oliveira","Alta Moda","Antonio Falanga","Grazia Marino","Laura Squizzato","moda","sfilata","Silvia Squizzato","via margutta"],"articleSection":["Moda"],"inLanguage":"it-IT","potentialAction":[{"@type":"CommentAction","name":"Comment","target":["https:\/\/www.romaoggi.eu\/index.php\/2017\/12\/17\/aline-oliveira-vernissage-roma\/#respond"]}]},{"@type":"WebPage","@id":"https:\/\/www.romaoggi.eu\/index.php\/2017\/12\/17\/aline-oliveira-vernissage-roma\/","url":"https:\/\/www.romaoggi.eu\/index.php\/2017\/12\/17\/aline-oliveira-vernissage-roma\/","name":"Aline Oliveira seduce la Capitale con le sue creazioni di Alta Moda","isPartOf":{"@id":"https:\/\/www.romaoggi.eu\/#website"},"primaryImageOfPage":{"@id":"https:\/\/www.romaoggi.eu\/index.php\/2017\/12\/17\/aline-oliveira-vernissage-roma\/#primaryimage"},"image":{"@id":"https:\/\/www.romaoggi.eu\/index.php\/2017\/12\/17\/aline-oliveira-vernissage-roma\/#primaryimage"},"thumbnailUrl":"https:\/\/www.romaoggi.eu\/wp-content\/uploads\/2017\/12\/copertina-3.jpg","datePublished":"2017-12-17T14:17:40+00:00","dateModified":"2017-12-17T15:27:40+00:00","description":"Grande successo per l'Alta Moda di Aline Oliveira, nello \u201cSpazio Margutta\u201d di Grazia Marino e Antonio Falanga, per il vernissage a Roma.","breadcrumb":{"@id":"https:\/\/www.romaoggi.eu\/index.php\/2017\/12\/17\/aline-oliveira-vernissage-roma\/#breadcrumb"},"inLanguage":"it-IT","potentialAction":[{"@type":"ReadAction","target":["https:\/\/www.romaoggi.eu\/index.php\/2017\/12\/17\/aline-oliveira-vernissage-roma\/"]}]},{"@type":"ImageObject","inLanguage":"it-IT","@id":"https:\/\/www.romaoggi.eu\/index.php\/2017\/12\/17\/aline-oliveira-vernissage-roma\/#primaryimage","url":"https:\/\/www.romaoggi.eu\/wp-content\/uploads\/2017\/12\/copertina-3.jpg","contentUrl":"https:\/\/www.romaoggi.eu\/wp-content\/uploads\/2017\/12\/copertina-3.jpg","width":770,"height":515,"caption":"Le gemelle Squizzato e Aline Oliveira"},{"@type":"BreadcrumbList","@id":"https:\/\/www.romaoggi.eu\/index.php\/2017\/12\/17\/aline-oliveira-vernissage-roma\/#breadcrumb","itemListElement":[{"@type":"ListItem","position":1,"name":"Home","item":"https:\/\/www.romaoggi.eu\/"},{"@type":"ListItem","position":2,"name":"Aline Oliveira seduce la Capitale con le sue creazioni di Alta Moda"}]},{"@type":"WebSite","@id":"https:\/\/www.romaoggi.eu\/#website","url":"https:\/\/www.romaoggi.eu\/","name":"roma oggi","description":"Interesting News for Interesting people","publisher":{"@id":"https:\/\/www.romaoggi.eu\/#organization"},"potentialAction":[{"@type":"SearchAction","target":{"@type":"EntryPoint","urlTemplate":"https:\/\/www.romaoggi.eu\/?s={search_term_string}"},"query-input":{"@type":"PropertyValueSpecification","valueRequired":true,"valueName":"search_term_string"}}],"inLanguage":"it-IT"},{"@type":"Organization","@id":"https:\/\/www.romaoggi.eu\/#organization","name":"RomaOggi","url":"https:\/\/www.romaoggi.eu\/","logo":{"@type":"ImageObject","inLanguage":"it-IT","@id":"https:\/\/www.romaoggi.eu\/#\/schema\/logo\/image\/","url":"https:\/\/www.romaoggi.eu\/wp-content\/uploads\/2017\/04\/logowp.jpg","contentUrl":"https:\/\/www.romaoggi.eu\/wp-content\/uploads\/2017\/04\/logowp.jpg","width":300,"height":133,"caption":"RomaOggi"},"image":{"@id":"https:\/\/www.romaoggi.eu\/#\/schema\/logo\/image\/"},"sameAs":["https:\/\/www.facebook.com\/RomaOggi-841544845954114","https:\/\/x.com\/romaoggi_eu"]},{"@type":"Person","@id":"https:\/\/www.romaoggi.eu\/#\/schema\/person\/c8ca1fb64b5506391fff5f822a866c23","name":"Antonietta Di Vizia","image":{"@type":"ImageObject","inLanguage":"it-IT","@id":"https:\/\/secure.gravatar.com\/avatar\/2ad571aa3fbfe3089b06ed5617adf58717b9359c0c97cf9b52804fb2dac293f2?s=96&d=mm&r=g","url":"https:\/\/secure.gravatar.com\/avatar\/2ad571aa3fbfe3089b06ed5617adf58717b9359c0c97cf9b52804fb2dac293f2?s=96&d=mm&r=g","contentUrl":"https:\/\/secure.gravatar.com\/avatar\/2ad571aa3fbfe3089b06ed5617adf58717b9359c0c97cf9b52804fb2dac293f2?s=96&d=mm&r=g","caption":"Antonietta Di Vizia"},"url":"https:\/\/www.romaoggi.eu\/index.php\/author\/antonietta\/"}]}},"_links":{"self":[{"href":"https:\/\/www.romaoggi.eu\/index.php\/wp-json\/wp\/v2\/posts\/12601","targetHints":{"allow":["GET"]}}],"collection":[{"href":"https:\/\/www.romaoggi.eu\/index.php\/wp-json\/wp\/v2\/posts"}],"about":[{"href":"https:\/\/www.romaoggi.eu\/index.php\/wp-json\/wp\/v2\/types\/post"}],"author":[{"embeddable":true,"href":"https:\/\/www.romaoggi.eu\/index.php\/wp-json\/wp\/v2\/users\/3"}],"replies":[{"embeddable":true,"href":"https:\/\/www.romaoggi.eu\/index.php\/wp-json\/wp\/v2\/comments?post=12601"}],"version-history":[{"count":4,"href":"https:\/\/www.romaoggi.eu\/index.php\/wp-json\/wp\/v2\/posts\/12601\/revisions"}],"predecessor-version":[{"id":12619,"href":"https:\/\/www.romaoggi.eu\/index.php\/wp-json\/wp\/v2\/posts\/12601\/revisions\/12619"}],"wp:featuredmedia":[{"embeddable":true,"href":"https:\/\/www.romaoggi.eu\/index.php\/wp-json\/wp\/v2\/media\/12602"}],"wp:attachment":[{"href":"https:\/\/www.romaoggi.eu\/index.php\/wp-json\/wp\/v2\/media?parent=12601"}],"wp:term":[{"taxonomy":"category","embeddable":true,"href":"https:\/\/www.romaoggi.eu\/index.php\/wp-json\/wp\/v2\/categories?post=12601"},{"taxonomy":"post_tag","embeddable":true,"href":"https:\/\/www.romaoggi.eu\/index.php\/wp-json\/wp\/v2\/tags?post=12601"}],"curies":[{"name":"wp","href":"https:\/\/api.w.org\/{rel}","templated":true}]}}