{"id":12667,"date":"2017-12-18T15:08:15","date_gmt":"2017-12-18T14:08:15","guid":{"rendered":"http:\/\/www.romaoggi.eu\/?p=12667"},"modified":"2017-12-18T16:19:12","modified_gmt":"2017-12-18T15:19:12","slug":"il-mio-amico-gay-leandra-pavore","status":"publish","type":"post","link":"https:\/\/www.romaoggi.eu\/index.php\/2017\/12\/18\/il-mio-amico-gay-leandra-pavore\/","title":{"rendered":"&#8220;Il mio amico Gay&#8221; il libro di Leandra Pavor\u00e8 conquista il cuore"},"content":{"rendered":"<div id=\"m_476083165208814913yiv8449332455yui_3_16_0_ym19_1_1511876317549_8369\" dir=\"ltr\" style=\"text-align: justify;\" align=\"center\">\u00a0<span id=\"m_476083165208814913yiv8449332455yui_3_16_0_ym19_1_1511876317549_8518\" style=\"font-size: medium;\">&#8220;<em><strong>Il mio amico Gay<\/strong> \u00e8 u<\/em><\/span><span id=\"m_476083165208814913yiv8449332455yui_3_16_0_ym19_1_1511876317549_8520\"><span id=\"m_476083165208814913yiv8449332455yui_3_16_0_ym19_1_1511876317549_8521\"><span id=\"m_476083165208814913yiv8449332455yui_3_16_0_ym19_1_1511943636910_9806\" style=\"font-family: 'times new roman', 'new york', times, serif;\"><em>n viaggio attraverso il passato e i ricordi<\/em>&#8221; cosi\u00a0<b id=\"m_476083165208814913yiv8449332455yui_3_16_0_ym19_1_1511876317549_8522\">Leandra Pavor\u00e8<\/b>\u00a0descrive\u00a0 la sua ultima fatica editoriale\u00a0edita da\u00a0<b id=\"m_476083165208814913yiv8449332455yui_3_16_0_ym19_1_1511876317549_8524\">LEA Production,<\/b>\u00a0 presentato\u00a0a Roma\u00a0venerd\u00ec 15 Dicembre 2017 a<strong>\u00a0Palazzo Odescalchi\u00a0<\/strong>in<strong>\u00a0<\/strong>Via SS. Apostoli 80<strong>.\u00a0<\/strong><span id=\"m_476083165208814913yiv8449332455yui_3_16_0_ym19_1_1511876317549_8572\"><span id=\"m_476083165208814913yiv8449332455yui_3_16_0_ym19_1_1511876317549_8573\" style=\"font-family: 'times new roman', 'new york', times, serif;\">E\u2019 un libro scritto con il cuore; storie diverse che si intrecciano con la vita dell\u2019autrice.<\/span><\/span><\/span><\/span><\/span><\/div>\n<div dir=\"ltr\" align=\"center\">\n<figure id=\"attachment_12671\" aria-describedby=\"caption-attachment-12671\" style=\"width: 300px\" class=\"wp-caption alignleft\"><img loading=\"lazy\" decoding=\"async\" class=\"size-medium wp-image-12671\" src=\"https:\/\/www.romaoggi.eu\/wp-content\/uploads\/2017\/12\/LEANDRA-PAVORE-300x241.jpg\" alt=\" alt tag leandra pavor\u00e8\" width=\"300\" height=\"241\" srcset=\"https:\/\/www.romaoggi.eu\/wp-content\/uploads\/2017\/12\/LEANDRA-PAVORE-300x241.jpg 300w, https:\/\/www.romaoggi.eu\/wp-content\/uploads\/2017\/12\/LEANDRA-PAVORE-1024x824.jpg 1024w\" sizes=\"auto, (max-width: 300px) 100vw, 300px\" \/><figcaption id=\"caption-attachment-12671\" class=\"wp-caption-text\">Leandra Pavor\u00e8<\/figcaption><\/figure>\n<\/div>\n<div dir=\"ltr\" align=\"center\"><\/div>\n<div dir=\"ltr\" style=\"text-align: justify;\" align=\"center\"><span id=\"m_476083165208814913yiv8449332455yui_3_16_0_ym19_1_1511876317549_8520\"><span id=\"m_476083165208814913yiv8449332455yui_3_16_0_ym19_1_1511876317549_8521\"><span id=\"m_476083165208814913yiv8449332455yui_3_16_0_ym19_1_1511943636910_9806\" style=\"font-family: 'times new roman', 'new york', times, serif;\"><span id=\"m_476083165208814913yiv8449332455yui_3_16_0_ym19_1_1511876317549_8572\"><span id=\"m_476083165208814913yiv8449332455yui_3_16_0_ym19_1_1511876317549_8573\" style=\"font-family: 'times new roman', 'new york', times, serif;\">Cinque capitoli intitolati ognuno con il nome proprio dell\u2019amico che Leandra Pavor\u00e9 descrive, seguito dalla citt\u00e0 di provenienza: Jos\u00e9 (Anapolis), Pedrinho (Brasilia), Claudio &amp; Lois (Rio De Janeiro), Flavio (Fino del Monte) e Chris (Bergamo).<\/span><\/span><\/span><\/span><\/span><\/div>\n<div dir=\"ltr\" style=\"text-align: justify;\" align=\"center\"><span id=\"m_476083165208814913yiv8449332455yui_3_16_0_ym19_1_1511876317549_8520\"><span id=\"m_476083165208814913yiv8449332455yui_3_16_0_ym19_1_1511876317549_8521\"><span id=\"m_476083165208814913yiv8449332455yui_3_16_0_ym19_1_1511943636910_9806\" style=\"font-family: 'times new roman', 'new york', times, serif;\"><span id=\"m_476083165208814913yiv8449332455yui_3_16_0_ym19_1_1511876317549_8572\"><span id=\"m_476083165208814913yiv8449332455yui_3_16_0_ym19_1_1511876317549_8573\" style=\"font-family: 'times new roman', 'new york', times, serif;\">A due anni dall\u2019uscita del suo primo romanzo dal titolo\u00a0<strong>Leandra \u2013 Storia di una vita<\/strong>, Pavor\u00e8 torna a parlare dell\u2019amore, scegliendo cinque storie diverse che si intrecciano con la sua vita. \u201c<em>Sono storie di uomini meravigliosi, sensibili ed unici che si sono inevitabilmente legati al mio destino, in un\u2019attrazione fatale\u201d, afferma l\u2019autrice. Filo conduttore dello stile narrativo sono i sentimenti e l\u2019estrema sensibilit\u00e0 che questa donna ripone nei confronti del suo prossimo, indipendentemente dall\u2019orientamento sessuale<\/em>.<\/span><\/span><\/span><\/span><\/span><span id=\"m_476083165208814913yiv8449332455yui_3_16_0_ym19_1_1511876317549_8529\" style=\"font-size: medium;\"><br clear=\"none\" \/><\/span><\/div>\n<div dir=\"ltr\" style=\"text-align: justify;\" align=\"center\"><\/div>\n<div id=\"m_476083165208814913yiv8449332455yui_3_16_0_ym19_1_1511876317549_8530\" style=\"text-align: justify;\"><span id=\"m_476083165208814913yiv8449332455yui_3_16_0_ym19_1_1511876317549_8531\"><span id=\"m_476083165208814913yiv8449332455yui_3_16_0_ym19_1_1511876317549_8532\" style=\"font-family: 'times new roman', 'new york', times, serif;\">Alla presentazione del libro &#8211; che ha la prefazione di\u00a0<b id=\"m_476083165208814913yiv8449332455yui_3_16_0_ym19_1_1511876317549_8533\">Alessandro Cecchi Paone<\/b>\u00a0\u2013 sono intervenuti la presidente di\u00a0<a href=\"https:\/\/www.digayproject.it\/\"><b id=\"m_476083165208814913yiv8449332455yui_3_16_0_ym19_1_1511876317549_8534\">DiGay Project<\/b><\/a>\u00a0<b id=\"m_476083165208814913yiv8449332455yui_3_16_0_ym19_1_1511876317549_8535\">Maria Laura Annibali<\/b>, il coordinatore nazionale di\u00a0<b id=\"m_476083165208814913yiv8449332455yui_3_16_0_ym19_1_1511876317549_8536\">Gaycs<\/b><b id=\"m_476083165208814913yiv8449332455yui_3_16_0_ym19_1_1511876317549_8537\">Adriano Bartolucci Proietti<\/b>, la psicoterapeuta\u00a0<b id=\"m_476083165208814913yiv8449332455yui_3_16_0_ym19_1_1511876317549_8538\">Maddalena Cialdella<\/b>, l\u2019avvocata\u00a0<b id=\"m_476083165208814913yiv8449332455yui_3_16_0_ym19_1_1511876317549_8539\">Antonella Succi<\/b>.\u00a0<\/span><\/span><span id=\"m_476083165208814913yiv8449332455yui_3_16_0_ym19_1_1511876317549_8541\" style=\"font-size: medium;\"><\/span><span id=\"m_476083165208814913yiv8449332455yui_3_16_0_ym19_1_1511876317549_8543\"><span id=\"m_476083165208814913yiv8449332455yui_3_16_0_ym19_1_1511876317549_8544\" style=\"font-family: 'times new roman', 'new york', times, serif;\">L\u2019incontro \u00a0\u00e8 stato moderato con brio da\u00a0<b id=\"m_476083165208814913yiv8449332455yui_3_16_0_ym19_1_1511876317549_8546\">Fanny Cadeo<\/b>, mentre le letture sono state a cura di\u00a0<strong id=\"m_476083165208814913yiv8449332455yui_3_16_0_ym19_1_1511943636910_7662\">Fabio Vasco,\u00a0<\/strong>reduce dal successo teatrale &#8220;L&#8217;effetto che fa&#8221;.\u00a0\u00a0<\/span><\/span><\/div>\n<div><\/div>\n<div dir=\"ltr\" style=\"text-align: justify;\"><span id=\"m_476083165208814913yiv8449332455yui_3_16_0_ym19_1_1511876317549_8549\" style=\"font-size: medium;\"><\/span><span id=\"m_476083165208814913yiv8449332455yui_3_16_0_ym19_1_1511876317549_8551\"><span id=\"m_476083165208814913yiv8449332455yui_3_16_0_ym19_1_1511876317549_8552\" style=\"font-family: 'times new roman', 'new york', times, serif;\">\u201c<i id=\"m_476083165208814913yiv8449332455yui_3_16_0_ym19_1_1511876317549_8553\">In questo libro vorrei parlare di quegli uomini che hanno condiviso con me gioie e dolori<\/i>\u00a0\u2013 spiega la scrittrice Leandra Pavor\u00e8 e imprenditrice nata in Brasile, ma naturalizzata italiana &#8211; <i id=\"m_476083165208814913yiv8449332455yui_3_16_0_ym19_1_1511876317549_8554\">Si tratta di affetti veri e profondi che mi hanno accompagnata lungo il percorso della mia vita, quelli ai quali\u00a0sono stata vicina aiutandoli e confortandoli. Abbiamo riso e pianto. Ci siamo sostenuti a vicenda. E\u2019 grazie a questi uomini speciali che sono diventata la donna vera, fiera, impavida e coraggiosa che sono oggi<\/i>\u201d.\u00a0<\/span><\/span><span id=\"m_476083165208814913yiv8449332455yui_3_16_0_ym19_1_1511876317549_8556\" style=\"font-size: medium;\"><\/span><span id=\"m_476083165208814913yiv8449332455yui_3_16_0_ym19_1_1511876317549_8577\"><span id=\"m_476083165208814913yiv8449332455yui_3_16_0_ym19_1_1511876317549_8578\" style=\"font-family: 'times new roman', 'new york', times, serif;\">\u201c<i id=\"m_476083165208814913yiv8449332455yui_3_16_0_ym19_1_1511876317549_8579\">Il libro<\/i>\u00a0\u2013 continua\u00a0 \u00a0Leandra Pavor\u00e8 \u2013 <i id=\"m_476083165208814913yiv8449332455yui_3_16_0_ym19_1_1511876317549_8580\">vuole essere un omaggio e un modo per ringraziare queste persone meravigliose che hanno fatto parte e che fanno parte tuttora della mia vita<\/i>\u201d.<\/span><\/span><span id=\"m_476083165208814913yiv8449332455yui_3_16_0_ym19_1_1511876317549_8582\" style=\"font-size: medium;\"><br clear=\"none\" \/><\/span><\/div>\n<div style=\"text-align: justify;\">\u00a0<span id=\"m_476083165208814913yiv8449332455yui_3_16_0_ym19_1_1511876317549_8590\" style=\"font-size: medium;\"><\/span><\/div>\n<div id=\"m_476083165208814913yiv8449332455yui_3_16_0_ym19_1_1511876317549_8591\" style=\"text-align: justify;\"><span id=\"m_476083165208814913yiv8449332455yui_3_16_0_ym19_1_1511876317549_8592\"><span id=\"m_476083165208814913yiv8449332455yui_3_16_0_ym19_1_1511876317549_8593\" style=\"font-family: 'times new roman', 'new york', times, serif;\">Nel corso dell\u2019incontro gli ospiti hanno potuto ammirare alcune acconciature ispirate ai colori dell\u2019arcobaleno realizzate dalla\u00a0<i id=\"m_476083165208814913yiv8449332455yui_3_16_0_ym19_1_1511876317549_8594\">look maker<\/i>\u00a0<b id=\"m_476083165208814913yiv8449332455yui_3_16_0_ym19_1_1511876317549_8595\">Isabella Axo<\/b>\u00a0di\u00a0<b id=\"m_476083165208814913yiv8449332455yui_3_16_0_ym19_1_1511876317549_8596\">Axo Hairdressing<\/b>\u00a0 mentre la stilista\u00a0<a href=\"https:\/\/www.romaoggi.eu\/index.php\/2017\/05\/24\/sinestesia-vanessa-foglia\/\"><b id=\"m_476083165208814913yiv8449332455yui_3_16_0_ym19_1_1511876317549_8597\">Vanessa Foglia<\/b>\u00a0<\/a>della Maison\u00a0<b id=\"m_476083165208814913yiv8449332455yui_3_16_0_ym19_1_1511876317549_8598\"><a href=\"http:\/\/www.abitartworld.it\/\">Abitart<\/a> <\/b>ha<b id=\"m_476083165208814913yiv8449332455yui_3_16_0_ym19_1_1511876317549_8598\">\u00a0<\/b>presentato la sua ultima linea di moda <strong>Rainbow Heart <\/strong>e alla fine tutti hanno potuto<strong>\u00a0<\/strong><\/span><\/span><span id=\"m_476083165208814913yiv8449332455yui_3_16_0_ym19_1_1511876317549_8602\"><span id=\"m_476083165208814913yiv8449332455yui_3_16_0_ym19_1_1511876317549_8603\"><span style=\"font-family: 'times new roman', 'new york', times, serif;\">assaggiare le specialit\u00e0 della cucina gourmet pugliese a cura di\u00a0<b id=\"m_476083165208814913yiv8449332455yui_3_16_0_ym19_1_1511876317549_8604\">The Fisherman Bay.<\/b><\/span><\/span><\/span><\/div>\n<div><\/div>\n<div>Redazione<\/div>\n<div>\n<figure id=\"attachment_12644\" aria-describedby=\"caption-attachment-12644\" style=\"width: 300px\" class=\"wp-caption aligncenter\"><img loading=\"lazy\" decoding=\"async\" class=\"wp-image-12644 size-medium\" src=\"https:\/\/www.romaoggi.eu\/wp-content\/uploads\/2017\/12\/CCW-300x250-new-sconto5-300x250-1-300x250.jpg\" alt=\"\" width=\"300\" height=\"250\" \/><figcaption id=\"caption-attachment-12644\" class=\"wp-caption-text\"><a href=\"https:\/\/www.cinecittaworld.it\/Vendita\/Biglietti-e-prezzi?Coupon=ROMAOGGI&amp;Adulti=2&amp;Ridotti=0\">per uno sconto di 5 euro sul biglietto clicca qui<\/a>!<\/figcaption><\/figure>\n<\/div>\n","protected":false},"excerpt":{"rendered":"<div class=\"mh-excerpt\"><p>\u00a0&#8220;Il mio amico Gay \u00e8 un viaggio attraverso il passato e i ricordi&#8221; cosi\u00a0Leandra Pavor\u00e8\u00a0descrive\u00a0 la sua ultima fatica editoriale\u00a0edita da\u00a0LEA Production,\u00a0 presentato\u00a0a Roma\u00a0venerd\u00ec 15 Dicembre 2017 a\u00a0Palazzo Odescalchi\u00a0in\u00a0Via SS. Apostoli 80.\u00a0E\u2019 un libro scritto <a class=\"mh-excerpt-more\" href=\"https:\/\/www.romaoggi.eu\/index.php\/2017\/12\/18\/il-mio-amico-gay-leandra-pavore\/\" title=\"&#8220;Il mio amico Gay&#8221; il libro di Leandra Pavor\u00e8 conquista il cuore\">[&#8230;]<\/a><\/p>\n<\/div>","protected":false},"author":3,"featured_media":12670,"comment_status":"open","ping_status":"open","sticky":false,"template":"","format":"standard","meta":{"_sitemap_exclude":false,"_sitemap_priority":"","_sitemap_frequency":"","footnotes":""},"categories":[10],"tags":[8878,2935,8876,8880,8877,8875,476,5176,8881,5161,8879,2929],"class_list":["post-12667","post","type-post","status-publish","format-standard","has-post-thumbnail","hentry","category-libri","tag-15-dicembre","tag-abitart","tag-amico-gay","tag-isabella-axo","tag-lea-production","tag-leandra-pavore","tag-libro","tag-maddalena-cialdella","tag-maria-laura-annibali","tag-palazzo-odescalchi","tag-the-fisherman-bay","tag-vanessa-foglia"],"yoast_head":"<!-- This site is optimized with the Yoast SEO plugin v27.5 - https:\/\/yoast.com\/product\/yoast-seo-wordpress\/ -->\n<title>&quot;Il mio amico Gay&quot; il libro di Leandra Pavor\u00e8 conquista il cuore<\/title>\n<meta name=\"description\" content=\"\u00a0&quot;Il mio amico Gay&quot; l&#039;ultimo libro di Leandra Pavor\u00e8\u00a0edito da\u00a0LEA Production, e&#039; stato \u00a0 presentato\u00a0a Roma\u00a0venerd\u00ec 15 dicembre 2017 a\u00a0Palazzo Odescalchi.\u00a0\" \/>\n<meta name=\"robots\" content=\"index, follow, max-snippet:-1, max-image-preview:large, max-video-preview:-1\" \/>\n<link rel=\"canonical\" href=\"https:\/\/www.romaoggi.eu\/index.php\/2017\/12\/18\/il-mio-amico-gay-leandra-pavore\/\" \/>\n<meta property=\"og:locale\" content=\"it_IT\" \/>\n<meta property=\"og:type\" content=\"article\" \/>\n<meta property=\"og:title\" content=\"&quot;Il mio amico Gay&quot; il libro di Leandra Pavor\u00e8 conquista il cuore\" \/>\n<meta property=\"og:description\" content=\"\u00a0&quot;Il mio amico Gay&quot; l&#039;ultimo libro di Leandra Pavor\u00e8\u00a0edito da\u00a0LEA Production, e&#039; stato \u00a0 presentato\u00a0a Roma\u00a0venerd\u00ec 15 dicembre 2017 a\u00a0Palazzo Odescalchi.\u00a0\" \/>\n<meta property=\"og:url\" content=\"https:\/\/www.romaoggi.eu\/index.php\/2017\/12\/18\/il-mio-amico-gay-leandra-pavore\/\" \/>\n<meta property=\"og:site_name\" content=\"roma oggi\" \/>\n<meta property=\"article:publisher\" content=\"https:\/\/www.facebook.com\/RomaOggi-841544845954114\" \/>\n<meta property=\"article:published_time\" content=\"2017-12-18T14:08:15+00:00\" \/>\n<meta property=\"article:modified_time\" content=\"2017-12-18T15:19:12+00:00\" \/>\n<meta property=\"og:image\" content=\"https:\/\/www.romaoggi.eu\/wp-content\/uploads\/2017\/12\/51iakwYsJAL._SX355_BO1204203200_.jpg\" \/>\n\t<meta property=\"og:image:width\" content=\"354\" \/>\n\t<meta property=\"og:image:height\" content=\"324\" \/>\n\t<meta property=\"og:image:type\" content=\"image\/jpeg\" \/>\n<meta name=\"author\" content=\"Antonietta Di Vizia\" \/>\n<meta name=\"twitter:card\" content=\"summary_large_image\" \/>\n<meta name=\"twitter:creator\" content=\"@romaoggi_eu\" \/>\n<meta name=\"twitter:site\" content=\"@romaoggi_eu\" \/>\n<meta name=\"twitter:label1\" content=\"Scritto da\" \/>\n\t<meta name=\"twitter:data1\" content=\"Antonietta Di Vizia\" \/>\n\t<meta name=\"twitter:label2\" content=\"Tempo di lettura stimato\" \/>\n\t<meta name=\"twitter:data2\" content=\"2 minuti\" \/>\n<script type=\"application\/ld+json\" class=\"yoast-schema-graph\">{\"@context\":\"https:\\\/\\\/schema.org\",\"@graph\":[{\"@type\":\"Article\",\"@id\":\"https:\\\/\\\/www.romaoggi.eu\\\/index.php\\\/2017\\\/12\\\/18\\\/il-mio-amico-gay-leandra-pavore\\\/#article\",\"isPartOf\":{\"@id\":\"https:\\\/\\\/www.romaoggi.eu\\\/index.php\\\/2017\\\/12\\\/18\\\/il-mio-amico-gay-leandra-pavore\\\/\"},\"author\":{\"name\":\"Antonietta Di Vizia\",\"@id\":\"https:\\\/\\\/www.romaoggi.eu\\\/#\\\/schema\\\/person\\\/c8ca1fb64b5506391fff5f822a866c23\"},\"headline\":\"&#8220;Il mio amico Gay&#8221; il libro di Leandra Pavor\u00e8 conquista il cuore\",\"datePublished\":\"2017-12-18T14:08:15+00:00\",\"dateModified\":\"2017-12-18T15:19:12+00:00\",\"mainEntityOfPage\":{\"@id\":\"https:\\\/\\\/www.romaoggi.eu\\\/index.php\\\/2017\\\/12\\\/18\\\/il-mio-amico-gay-leandra-pavore\\\/\"},\"wordCount\":451,\"commentCount\":0,\"publisher\":{\"@id\":\"https:\\\/\\\/www.romaoggi.eu\\\/#organization\"},\"image\":{\"@id\":\"https:\\\/\\\/www.romaoggi.eu\\\/index.php\\\/2017\\\/12\\\/18\\\/il-mio-amico-gay-leandra-pavore\\\/#primaryimage\"},\"thumbnailUrl\":\"https:\\\/\\\/www.romaoggi.eu\\\/wp-content\\\/uploads\\\/2017\\\/12\\\/51iakwYsJAL._SX355_BO1204203200_.jpg\",\"keywords\":[\"15 dicembre\",\"Abitart\",\"amico gay\",\"Isabella Axo\",\"lea production\",\"leandra pavor\u00e8\",\"libro\",\"Maddalena Cialdella\",\"Maria Laura Annibali\",\"palazzo odescalchi\",\"The Fisherman Bay\",\"Vanessa Foglia\"],\"articleSection\":[\"Libri\"],\"inLanguage\":\"it-IT\",\"potentialAction\":[{\"@type\":\"CommentAction\",\"name\":\"Comment\",\"target\":[\"https:\\\/\\\/www.romaoggi.eu\\\/index.php\\\/2017\\\/12\\\/18\\\/il-mio-amico-gay-leandra-pavore\\\/#respond\"]}]},{\"@type\":\"WebPage\",\"@id\":\"https:\\\/\\\/www.romaoggi.eu\\\/index.php\\\/2017\\\/12\\\/18\\\/il-mio-amico-gay-leandra-pavore\\\/\",\"url\":\"https:\\\/\\\/www.romaoggi.eu\\\/index.php\\\/2017\\\/12\\\/18\\\/il-mio-amico-gay-leandra-pavore\\\/\",\"name\":\"\\\"Il mio amico Gay\\\" il libro di Leandra Pavor\u00e8 conquista il cuore\",\"isPartOf\":{\"@id\":\"https:\\\/\\\/www.romaoggi.eu\\\/#website\"},\"primaryImageOfPage\":{\"@id\":\"https:\\\/\\\/www.romaoggi.eu\\\/index.php\\\/2017\\\/12\\\/18\\\/il-mio-amico-gay-leandra-pavore\\\/#primaryimage\"},\"image\":{\"@id\":\"https:\\\/\\\/www.romaoggi.eu\\\/index.php\\\/2017\\\/12\\\/18\\\/il-mio-amico-gay-leandra-pavore\\\/#primaryimage\"},\"thumbnailUrl\":\"https:\\\/\\\/www.romaoggi.eu\\\/wp-content\\\/uploads\\\/2017\\\/12\\\/51iakwYsJAL._SX355_BO1204203200_.jpg\",\"datePublished\":\"2017-12-18T14:08:15+00:00\",\"dateModified\":\"2017-12-18T15:19:12+00:00\",\"description\":\"\u00a0\\\"Il mio amico Gay\\\" l'ultimo libro di Leandra Pavor\u00e8\u00a0edito da\u00a0LEA Production, e' stato \u00a0 presentato\u00a0a Roma\u00a0venerd\u00ec 15 dicembre 2017 a\u00a0Palazzo Odescalchi.\u00a0\",\"breadcrumb\":{\"@id\":\"https:\\\/\\\/www.romaoggi.eu\\\/index.php\\\/2017\\\/12\\\/18\\\/il-mio-amico-gay-leandra-pavore\\\/#breadcrumb\"},\"inLanguage\":\"it-IT\",\"potentialAction\":[{\"@type\":\"ReadAction\",\"target\":[\"https:\\\/\\\/www.romaoggi.eu\\\/index.php\\\/2017\\\/12\\\/18\\\/il-mio-amico-gay-leandra-pavore\\\/\"]}]},{\"@type\":\"ImageObject\",\"inLanguage\":\"it-IT\",\"@id\":\"https:\\\/\\\/www.romaoggi.eu\\\/index.php\\\/2017\\\/12\\\/18\\\/il-mio-amico-gay-leandra-pavore\\\/#primaryimage\",\"url\":\"https:\\\/\\\/www.romaoggi.eu\\\/wp-content\\\/uploads\\\/2017\\\/12\\\/51iakwYsJAL._SX355_BO1204203200_.jpg\",\"contentUrl\":\"https:\\\/\\\/www.romaoggi.eu\\\/wp-content\\\/uploads\\\/2017\\\/12\\\/51iakwYsJAL._SX355_BO1204203200_.jpg\",\"width\":354,\"height\":324,\"caption\":\"alt tag leandra pavor\u00e8\"},{\"@type\":\"BreadcrumbList\",\"@id\":\"https:\\\/\\\/www.romaoggi.eu\\\/index.php\\\/2017\\\/12\\\/18\\\/il-mio-amico-gay-leandra-pavore\\\/#breadcrumb\",\"itemListElement\":[{\"@type\":\"ListItem\",\"position\":1,\"name\":\"Home\",\"item\":\"https:\\\/\\\/www.romaoggi.eu\\\/\"},{\"@type\":\"ListItem\",\"position\":2,\"name\":\"&#8220;Il mio amico Gay&#8221; il libro di Leandra Pavor\u00e8 conquista il cuore\"}]},{\"@type\":\"WebSite\",\"@id\":\"https:\\\/\\\/www.romaoggi.eu\\\/#website\",\"url\":\"https:\\\/\\\/www.romaoggi.eu\\\/\",\"name\":\"roma oggi\",\"description\":\"Interesting News for Interesting people\",\"publisher\":{\"@id\":\"https:\\\/\\\/www.romaoggi.eu\\\/#organization\"},\"potentialAction\":[{\"@type\":\"SearchAction\",\"target\":{\"@type\":\"EntryPoint\",\"urlTemplate\":\"https:\\\/\\\/www.romaoggi.eu\\\/?s={search_term_string}\"},\"query-input\":{\"@type\":\"PropertyValueSpecification\",\"valueRequired\":true,\"valueName\":\"search_term_string\"}}],\"inLanguage\":\"it-IT\"},{\"@type\":\"Organization\",\"@id\":\"https:\\\/\\\/www.romaoggi.eu\\\/#organization\",\"name\":\"RomaOggi\",\"url\":\"https:\\\/\\\/www.romaoggi.eu\\\/\",\"logo\":{\"@type\":\"ImageObject\",\"inLanguage\":\"it-IT\",\"@id\":\"https:\\\/\\\/www.romaoggi.eu\\\/#\\\/schema\\\/logo\\\/image\\\/\",\"url\":\"https:\\\/\\\/www.romaoggi.eu\\\/wp-content\\\/uploads\\\/2017\\\/04\\\/logowp.jpg\",\"contentUrl\":\"https:\\\/\\\/www.romaoggi.eu\\\/wp-content\\\/uploads\\\/2017\\\/04\\\/logowp.jpg\",\"width\":300,\"height\":133,\"caption\":\"RomaOggi\"},\"image\":{\"@id\":\"https:\\\/\\\/www.romaoggi.eu\\\/#\\\/schema\\\/logo\\\/image\\\/\"},\"sameAs\":[\"https:\\\/\\\/www.facebook.com\\\/RomaOggi-841544845954114\",\"https:\\\/\\\/x.com\\\/romaoggi_eu\"]},{\"@type\":\"Person\",\"@id\":\"https:\\\/\\\/www.romaoggi.eu\\\/#\\\/schema\\\/person\\\/c8ca1fb64b5506391fff5f822a866c23\",\"name\":\"Antonietta Di Vizia\",\"image\":{\"@type\":\"ImageObject\",\"inLanguage\":\"it-IT\",\"@id\":\"https:\\\/\\\/secure.gravatar.com\\\/avatar\\\/2ad571aa3fbfe3089b06ed5617adf58717b9359c0c97cf9b52804fb2dac293f2?s=96&d=mm&r=g\",\"url\":\"https:\\\/\\\/secure.gravatar.com\\\/avatar\\\/2ad571aa3fbfe3089b06ed5617adf58717b9359c0c97cf9b52804fb2dac293f2?s=96&d=mm&r=g\",\"contentUrl\":\"https:\\\/\\\/secure.gravatar.com\\\/avatar\\\/2ad571aa3fbfe3089b06ed5617adf58717b9359c0c97cf9b52804fb2dac293f2?s=96&d=mm&r=g\",\"caption\":\"Antonietta Di Vizia\"},\"url\":\"https:\\\/\\\/www.romaoggi.eu\\\/index.php\\\/author\\\/antonietta\\\/\"}]}<\/script>\n<!-- \/ Yoast SEO plugin. -->","yoast_head_json":{"title":"\"Il mio amico Gay\" il libro di Leandra Pavor\u00e8 conquista il cuore","description":"\u00a0\"Il mio amico Gay\" l'ultimo libro di Leandra Pavor\u00e8\u00a0edito da\u00a0LEA Production, e' stato \u00a0 presentato\u00a0a Roma\u00a0venerd\u00ec 15 dicembre 2017 a\u00a0Palazzo Odescalchi.\u00a0","robots":{"index":"index","follow":"follow","max-snippet":"max-snippet:-1","max-image-preview":"max-image-preview:large","max-video-preview":"max-video-preview:-1"},"canonical":"https:\/\/www.romaoggi.eu\/index.php\/2017\/12\/18\/il-mio-amico-gay-leandra-pavore\/","og_locale":"it_IT","og_type":"article","og_title":"\"Il mio amico Gay\" il libro di Leandra Pavor\u00e8 conquista il cuore","og_description":"\u00a0\"Il mio amico Gay\" l'ultimo libro di Leandra Pavor\u00e8\u00a0edito da\u00a0LEA Production, e' stato \u00a0 presentato\u00a0a Roma\u00a0venerd\u00ec 15 dicembre 2017 a\u00a0Palazzo Odescalchi.\u00a0","og_url":"https:\/\/www.romaoggi.eu\/index.php\/2017\/12\/18\/il-mio-amico-gay-leandra-pavore\/","og_site_name":"roma oggi","article_publisher":"https:\/\/www.facebook.com\/RomaOggi-841544845954114","article_published_time":"2017-12-18T14:08:15+00:00","article_modified_time":"2017-12-18T15:19:12+00:00","og_image":[{"width":354,"height":324,"url":"https:\/\/www.romaoggi.eu\/wp-content\/uploads\/2017\/12\/51iakwYsJAL._SX355_BO1204203200_.jpg","type":"image\/jpeg"}],"author":"Antonietta Di Vizia","twitter_card":"summary_large_image","twitter_creator":"@romaoggi_eu","twitter_site":"@romaoggi_eu","twitter_misc":{"Scritto da":"Antonietta Di Vizia","Tempo di lettura stimato":"2 minuti"},"schema":{"@context":"https:\/\/schema.org","@graph":[{"@type":"Article","@id":"https:\/\/www.romaoggi.eu\/index.php\/2017\/12\/18\/il-mio-amico-gay-leandra-pavore\/#article","isPartOf":{"@id":"https:\/\/www.romaoggi.eu\/index.php\/2017\/12\/18\/il-mio-amico-gay-leandra-pavore\/"},"author":{"name":"Antonietta Di Vizia","@id":"https:\/\/www.romaoggi.eu\/#\/schema\/person\/c8ca1fb64b5506391fff5f822a866c23"},"headline":"&#8220;Il mio amico Gay&#8221; il libro di Leandra Pavor\u00e8 conquista il cuore","datePublished":"2017-12-18T14:08:15+00:00","dateModified":"2017-12-18T15:19:12+00:00","mainEntityOfPage":{"@id":"https:\/\/www.romaoggi.eu\/index.php\/2017\/12\/18\/il-mio-amico-gay-leandra-pavore\/"},"wordCount":451,"commentCount":0,"publisher":{"@id":"https:\/\/www.romaoggi.eu\/#organization"},"image":{"@id":"https:\/\/www.romaoggi.eu\/index.php\/2017\/12\/18\/il-mio-amico-gay-leandra-pavore\/#primaryimage"},"thumbnailUrl":"https:\/\/www.romaoggi.eu\/wp-content\/uploads\/2017\/12\/51iakwYsJAL._SX355_BO1204203200_.jpg","keywords":["15 dicembre","Abitart","amico gay","Isabella Axo","lea production","leandra pavor\u00e8","libro","Maddalena Cialdella","Maria Laura Annibali","palazzo odescalchi","The Fisherman Bay","Vanessa Foglia"],"articleSection":["Libri"],"inLanguage":"it-IT","potentialAction":[{"@type":"CommentAction","name":"Comment","target":["https:\/\/www.romaoggi.eu\/index.php\/2017\/12\/18\/il-mio-amico-gay-leandra-pavore\/#respond"]}]},{"@type":"WebPage","@id":"https:\/\/www.romaoggi.eu\/index.php\/2017\/12\/18\/il-mio-amico-gay-leandra-pavore\/","url":"https:\/\/www.romaoggi.eu\/index.php\/2017\/12\/18\/il-mio-amico-gay-leandra-pavore\/","name":"\"Il mio amico Gay\" il libro di Leandra Pavor\u00e8 conquista il cuore","isPartOf":{"@id":"https:\/\/www.romaoggi.eu\/#website"},"primaryImageOfPage":{"@id":"https:\/\/www.romaoggi.eu\/index.php\/2017\/12\/18\/il-mio-amico-gay-leandra-pavore\/#primaryimage"},"image":{"@id":"https:\/\/www.romaoggi.eu\/index.php\/2017\/12\/18\/il-mio-amico-gay-leandra-pavore\/#primaryimage"},"thumbnailUrl":"https:\/\/www.romaoggi.eu\/wp-content\/uploads\/2017\/12\/51iakwYsJAL._SX355_BO1204203200_.jpg","datePublished":"2017-12-18T14:08:15+00:00","dateModified":"2017-12-18T15:19:12+00:00","description":"\u00a0\"Il mio amico Gay\" l'ultimo libro di Leandra Pavor\u00e8\u00a0edito da\u00a0LEA Production, e' stato \u00a0 presentato\u00a0a Roma\u00a0venerd\u00ec 15 dicembre 2017 a\u00a0Palazzo Odescalchi.\u00a0","breadcrumb":{"@id":"https:\/\/www.romaoggi.eu\/index.php\/2017\/12\/18\/il-mio-amico-gay-leandra-pavore\/#breadcrumb"},"inLanguage":"it-IT","potentialAction":[{"@type":"ReadAction","target":["https:\/\/www.romaoggi.eu\/index.php\/2017\/12\/18\/il-mio-amico-gay-leandra-pavore\/"]}]},{"@type":"ImageObject","inLanguage":"it-IT","@id":"https:\/\/www.romaoggi.eu\/index.php\/2017\/12\/18\/il-mio-amico-gay-leandra-pavore\/#primaryimage","url":"https:\/\/www.romaoggi.eu\/wp-content\/uploads\/2017\/12\/51iakwYsJAL._SX355_BO1204203200_.jpg","contentUrl":"https:\/\/www.romaoggi.eu\/wp-content\/uploads\/2017\/12\/51iakwYsJAL._SX355_BO1204203200_.jpg","width":354,"height":324,"caption":"alt tag leandra pavor\u00e8"},{"@type":"BreadcrumbList","@id":"https:\/\/www.romaoggi.eu\/index.php\/2017\/12\/18\/il-mio-amico-gay-leandra-pavore\/#breadcrumb","itemListElement":[{"@type":"ListItem","position":1,"name":"Home","item":"https:\/\/www.romaoggi.eu\/"},{"@type":"ListItem","position":2,"name":"&#8220;Il mio amico Gay&#8221; il libro di Leandra Pavor\u00e8 conquista il cuore"}]},{"@type":"WebSite","@id":"https:\/\/www.romaoggi.eu\/#website","url":"https:\/\/www.romaoggi.eu\/","name":"roma oggi","description":"Interesting News for Interesting people","publisher":{"@id":"https:\/\/www.romaoggi.eu\/#organization"},"potentialAction":[{"@type":"SearchAction","target":{"@type":"EntryPoint","urlTemplate":"https:\/\/www.romaoggi.eu\/?s={search_term_string}"},"query-input":{"@type":"PropertyValueSpecification","valueRequired":true,"valueName":"search_term_string"}}],"inLanguage":"it-IT"},{"@type":"Organization","@id":"https:\/\/www.romaoggi.eu\/#organization","name":"RomaOggi","url":"https:\/\/www.romaoggi.eu\/","logo":{"@type":"ImageObject","inLanguage":"it-IT","@id":"https:\/\/www.romaoggi.eu\/#\/schema\/logo\/image\/","url":"https:\/\/www.romaoggi.eu\/wp-content\/uploads\/2017\/04\/logowp.jpg","contentUrl":"https:\/\/www.romaoggi.eu\/wp-content\/uploads\/2017\/04\/logowp.jpg","width":300,"height":133,"caption":"RomaOggi"},"image":{"@id":"https:\/\/www.romaoggi.eu\/#\/schema\/logo\/image\/"},"sameAs":["https:\/\/www.facebook.com\/RomaOggi-841544845954114","https:\/\/x.com\/romaoggi_eu"]},{"@type":"Person","@id":"https:\/\/www.romaoggi.eu\/#\/schema\/person\/c8ca1fb64b5506391fff5f822a866c23","name":"Antonietta Di Vizia","image":{"@type":"ImageObject","inLanguage":"it-IT","@id":"https:\/\/secure.gravatar.com\/avatar\/2ad571aa3fbfe3089b06ed5617adf58717b9359c0c97cf9b52804fb2dac293f2?s=96&d=mm&r=g","url":"https:\/\/secure.gravatar.com\/avatar\/2ad571aa3fbfe3089b06ed5617adf58717b9359c0c97cf9b52804fb2dac293f2?s=96&d=mm&r=g","contentUrl":"https:\/\/secure.gravatar.com\/avatar\/2ad571aa3fbfe3089b06ed5617adf58717b9359c0c97cf9b52804fb2dac293f2?s=96&d=mm&r=g","caption":"Antonietta Di Vizia"},"url":"https:\/\/www.romaoggi.eu\/index.php\/author\/antonietta\/"}]}},"_links":{"self":[{"href":"https:\/\/www.romaoggi.eu\/index.php\/wp-json\/wp\/v2\/posts\/12667","targetHints":{"allow":["GET"]}}],"collection":[{"href":"https:\/\/www.romaoggi.eu\/index.php\/wp-json\/wp\/v2\/posts"}],"about":[{"href":"https:\/\/www.romaoggi.eu\/index.php\/wp-json\/wp\/v2\/types\/post"}],"author":[{"embeddable":true,"href":"https:\/\/www.romaoggi.eu\/index.php\/wp-json\/wp\/v2\/users\/3"}],"replies":[{"embeddable":true,"href":"https:\/\/www.romaoggi.eu\/index.php\/wp-json\/wp\/v2\/comments?post=12667"}],"version-history":[{"count":5,"href":"https:\/\/www.romaoggi.eu\/index.php\/wp-json\/wp\/v2\/posts\/12667\/revisions"}],"predecessor-version":[{"id":12674,"href":"https:\/\/www.romaoggi.eu\/index.php\/wp-json\/wp\/v2\/posts\/12667\/revisions\/12674"}],"wp:featuredmedia":[{"embeddable":true,"href":"https:\/\/www.romaoggi.eu\/index.php\/wp-json\/wp\/v2\/media\/12670"}],"wp:attachment":[{"href":"https:\/\/www.romaoggi.eu\/index.php\/wp-json\/wp\/v2\/media?parent=12667"}],"wp:term":[{"taxonomy":"category","embeddable":true,"href":"https:\/\/www.romaoggi.eu\/index.php\/wp-json\/wp\/v2\/categories?post=12667"},{"taxonomy":"post_tag","embeddable":true,"href":"https:\/\/www.romaoggi.eu\/index.php\/wp-json\/wp\/v2\/tags?post=12667"}],"curies":[{"name":"wp","href":"https:\/\/api.w.org\/{rel}","templated":true}]}}