{"id":12906,"date":"2018-01-05T18:53:41","date_gmt":"2018-01-05T17:53:41","guid":{"rendered":"http:\/\/www.romaoggi.eu\/?p=12906"},"modified":"2018-01-05T18:53:41","modified_gmt":"2018-01-05T17:53:41","slug":"anno-del-cibo-colazione","status":"publish","type":"post","link":"https:\/\/www.romaoggi.eu\/index.php\/2018\/01\/05\/anno-del-cibo-colazione\/","title":{"rendered":"2018 &#8220;Anno del Cibo&#8221; e noi iniziamo dalla colazione in Hotel"},"content":{"rendered":"<p style=\"text-align: justify;\">Il 16 gennaio 2018, ore 09.30 all&#8217;<a href=\"http:\/\/www.savoy.it\/\"><strong>Hotel Savoy<\/strong> <\/a>, in Via Ludovisi, 15 a Roma, un appuntamento da non perdere una tavola rotonda dedicata alla\u00a0Colazione in Hotel.<br \/>\nLa Colazione in Hotel \u00e8 un momento fondamentale per la soddisfazione dell&#8217;ospite,\u00a0 secondo un articolo di\u00a0<a href=\"http:\/\/www.travelnostop.com\">www.travelnostop.com\u00a0<\/a>\u00a0rappresenta il fattore determinante perch\u00e9 l&#8217;ospite lasci una buona recensione e sia propenso a prenotare nuovamente nella stessa struttura alberghiera.<\/p>\n<p style=\"text-align: justify;\"><img loading=\"lazy\" decoding=\"async\" class=\"wp-image-12911 size-full alignleft\" src=\"https:\/\/www.romaoggi.eu\/wp-content\/uploads\/2018\/01\/colazione-savoy-300x225.jpg\" alt=\"alt tag colazione\" width=\"300\" height=\"225\" srcset=\"https:\/\/www.romaoggi.eu\/wp-content\/uploads\/2018\/01\/colazione-savoy-300x225.jpg 300w, https:\/\/www.romaoggi.eu\/wp-content\/uploads\/2018\/01\/colazione-savoy-300x225-80x60.jpg 80w\" sizes=\"auto, (max-width: 300px) 100vw, 300px\" \/>Lo stesso magazine riferisce che analizzando la percentuale delle prenotazioni, il <strong>57,3% dei viaggiatori europei <\/strong>sceglie di includere la colazione in hotel, mentre il 42,7% prenota solo il pernottamento. Per quanto riguarda l\u2019analisi della differenza dei costi della prima colazione, la media europea risulta di 10,88 euro a breakfast, mentre la prima colazione in hotel a Milano ha un costo leggermente inferiore con una media di 8,99 euro. Pi\u00f9 cara a Roma dove si spende in media 11,91 euro, (fonte www.travelnostop.com).<\/p>\n<p style=\"text-align: justify;\">Quali sono dunque i fattori di successo per un Breakfast in Hotel? Come Allestirlo? Come Gestirlo? Quali attenzioni avere alla selezione del Personale sia di Sala che di Room Service? Come tenere sotto Controllo il Costo?<\/p>\n<p style=\"text-align: justify;\">Ecco allora la necessit\u00e0 di approfondire la gestione del Breakfast in Hotel. Come l&#8217;ultimo fotogramma di un bel film. L&#8217;ultimo fotogramma \u00e8 ci\u00f2 che rimarr\u00e0 impresso nella memoria. Ricordate &#8220;domani \u00e8 un altro giorno\u201d? Tutti abbiamo nella memoria questa battuta finale del famoso film. Allora il Breakfast deve essere la migliore battuta della vostra sceneggiatura!<br \/>\nPer tutte queste ragioni <strong>Massimiliano Montanari<\/strong>, CEO &amp; Founder di <a href=\"http:\/\/Turismark.com\">Turismark.com<\/a>, ha fortemente voluto un evento gratuito dedicato alla Colazione di Hotel.<\/p>\n<figure id=\"attachment_12644\" aria-describedby=\"caption-attachment-12644\" style=\"width: 300px\" class=\"wp-caption aligncenter\"><img loading=\"lazy\" decoding=\"async\" class=\"wp-image-12644 size-medium\" src=\"https:\/\/www.romaoggi.eu\/wp-content\/uploads\/2017\/12\/CCW-300x250-new-sconto5-300x250-1-300x250.jpg\" alt=\"\" width=\"300\" height=\"250\" \/><figcaption id=\"caption-attachment-12644\" class=\"wp-caption-text\"><a href=\"https:\/\/www.cinecittaworld.it\/Vendita\/Biglietti-e-prezzi?Coupon=ROMAOGGI&amp;Adulti=2&amp;Ridotti=0\">clicca qui per uno sconto di 5 euro sull&#8217;acquisto del biglietto!<\/a><\/figcaption><\/figure>\n<p><a href=\"https:\/\/www.romaoggi.eu\/index.php\/2018\/01\/02\/pasinetti\/\">Redazione<\/a><\/p>\n","protected":false},"excerpt":{"rendered":"<div class=\"mh-excerpt\"><p>Il 16 gennaio 2018, ore 09.30 all&#8217;Hotel Savoy , in Via Ludovisi, 15 a Roma, un appuntamento da non perdere una tavola rotonda dedicata alla\u00a0Colazione in Hotel. La Colazione in Hotel \u00e8 un momento fondamentale <a class=\"mh-excerpt-more\" href=\"https:\/\/www.romaoggi.eu\/index.php\/2018\/01\/05\/anno-del-cibo-colazione\/\" title=\"2018 &#8220;Anno del Cibo&#8221; e noi iniziamo dalla colazione in Hotel\">[&#8230;]<\/a><\/p>\n<\/div>","protected":false},"author":3,"featured_media":12907,"comment_status":"open","ping_status":"open","sticky":false,"template":"","format":"standard","meta":{"_sitemap_exclude":false,"_sitemap_priority":"","_sitemap_frequency":"","footnotes":""},"categories":[1],"tags":[6418,8982,5381,8980,8981,8983,109],"class_list":["post-12906","post","type-post","status-publish","format-standard","has-post-thumbnail","hentry","category-senza-categoria","tag-6418","tag-breakfast","tag-cibo","tag-colazione","tag-hotel","tag-massimo-montanari","tag-roma"],"yoast_head":"<!-- This site is optimized with the Yoast SEO plugin v27.5 - https:\/\/yoast.com\/product\/yoast-seo-wordpress\/ -->\n<title>2018 &quot;Anno del Cibo&quot; e noi iniziamo dalla colazione in Hotel<\/title>\n<meta name=\"description\" content=\"Il 16 gennaio 2018, ore 09.30 all&#039;Hotel Savoy , in Via Ludovisi, 15 a Roma, un appuntamento da non perdere una tavola rotonda dedicata alla\u00a0Colazione in Hotel.\" \/>\n<meta name=\"robots\" content=\"index, follow, max-snippet:-1, max-image-preview:large, max-video-preview:-1\" \/>\n<link rel=\"canonical\" href=\"https:\/\/www.romaoggi.eu\/index.php\/2018\/01\/05\/anno-del-cibo-colazione\/\" \/>\n<meta property=\"og:locale\" content=\"it_IT\" \/>\n<meta property=\"og:type\" content=\"article\" \/>\n<meta property=\"og:title\" content=\"2018 &quot;Anno del Cibo&quot; e noi iniziamo dalla colazione in Hotel\" \/>\n<meta property=\"og:description\" content=\"Il 16 gennaio 2018, ore 09.30 all&#039;Hotel Savoy , in Via Ludovisi, 15 a Roma, un appuntamento da non perdere una tavola rotonda dedicata alla\u00a0Colazione in Hotel.\" \/>\n<meta property=\"og:url\" content=\"https:\/\/www.romaoggi.eu\/index.php\/2018\/01\/05\/anno-del-cibo-colazione\/\" \/>\n<meta property=\"og:site_name\" content=\"roma oggi\" \/>\n<meta property=\"article:publisher\" content=\"https:\/\/www.facebook.com\/RomaOggi-841544845954114\" \/>\n<meta property=\"article:published_time\" content=\"2018-01-05T17:53:41+00:00\" \/>\n<meta property=\"og:image\" content=\"https:\/\/www.romaoggi.eu\/wp-content\/uploads\/2018\/01\/Sua-Maest\u00e0-il-Breakfast.-La-svolta-parte-da-qui.png\" \/>\n\t<meta property=\"og:image:width\" content=\"940\" \/>\n\t<meta property=\"og:image:height\" content=\"788\" \/>\n\t<meta property=\"og:image:type\" content=\"image\/png\" \/>\n<meta name=\"author\" content=\"Antonietta Di Vizia\" \/>\n<meta name=\"twitter:card\" content=\"summary_large_image\" \/>\n<meta name=\"twitter:creator\" content=\"@romaoggi_eu\" \/>\n<meta name=\"twitter:site\" content=\"@romaoggi_eu\" \/>\n<meta name=\"twitter:label1\" content=\"Scritto da\" \/>\n\t<meta name=\"twitter:data1\" content=\"Antonietta Di Vizia\" \/>\n\t<meta name=\"twitter:label2\" content=\"Tempo di lettura stimato\" \/>\n\t<meta name=\"twitter:data2\" content=\"1 minuto\" \/>\n<script type=\"application\/ld+json\" class=\"yoast-schema-graph\">{\"@context\":\"https:\\\/\\\/schema.org\",\"@graph\":[{\"@type\":\"Article\",\"@id\":\"https:\\\/\\\/www.romaoggi.eu\\\/index.php\\\/2018\\\/01\\\/05\\\/anno-del-cibo-colazione\\\/#article\",\"isPartOf\":{\"@id\":\"https:\\\/\\\/www.romaoggi.eu\\\/index.php\\\/2018\\\/01\\\/05\\\/anno-del-cibo-colazione\\\/\"},\"author\":{\"name\":\"Antonietta Di Vizia\",\"@id\":\"https:\\\/\\\/www.romaoggi.eu\\\/#\\\/schema\\\/person\\\/c8ca1fb64b5506391fff5f822a866c23\"},\"headline\":\"2018 &#8220;Anno del Cibo&#8221; e noi iniziamo dalla colazione in Hotel\",\"datePublished\":\"2018-01-05T17:53:41+00:00\",\"mainEntityOfPage\":{\"@id\":\"https:\\\/\\\/www.romaoggi.eu\\\/index.php\\\/2018\\\/01\\\/05\\\/anno-del-cibo-colazione\\\/\"},\"wordCount\":286,\"commentCount\":0,\"publisher\":{\"@id\":\"https:\\\/\\\/www.romaoggi.eu\\\/#organization\"},\"image\":{\"@id\":\"https:\\\/\\\/www.romaoggi.eu\\\/index.php\\\/2018\\\/01\\\/05\\\/anno-del-cibo-colazione\\\/#primaryimage\"},\"thumbnailUrl\":\"https:\\\/\\\/www.romaoggi.eu\\\/wp-content\\\/uploads\\\/2018\\\/01\\\/Sua-Maest\u00e0-il-Breakfast.-La-svolta-parte-da-qui.png\",\"keywords\":[\"2018\",\"breakfast\",\"Cibo\",\"colazione\",\"hotel\",\"massimo montanari\",\"roma\"],\"inLanguage\":\"it-IT\",\"potentialAction\":[{\"@type\":\"CommentAction\",\"name\":\"Comment\",\"target\":[\"https:\\\/\\\/www.romaoggi.eu\\\/index.php\\\/2018\\\/01\\\/05\\\/anno-del-cibo-colazione\\\/#respond\"]}]},{\"@type\":\"WebPage\",\"@id\":\"https:\\\/\\\/www.romaoggi.eu\\\/index.php\\\/2018\\\/01\\\/05\\\/anno-del-cibo-colazione\\\/\",\"url\":\"https:\\\/\\\/www.romaoggi.eu\\\/index.php\\\/2018\\\/01\\\/05\\\/anno-del-cibo-colazione\\\/\",\"name\":\"2018 \\\"Anno del Cibo\\\" e noi iniziamo dalla colazione in Hotel\",\"isPartOf\":{\"@id\":\"https:\\\/\\\/www.romaoggi.eu\\\/#website\"},\"primaryImageOfPage\":{\"@id\":\"https:\\\/\\\/www.romaoggi.eu\\\/index.php\\\/2018\\\/01\\\/05\\\/anno-del-cibo-colazione\\\/#primaryimage\"},\"image\":{\"@id\":\"https:\\\/\\\/www.romaoggi.eu\\\/index.php\\\/2018\\\/01\\\/05\\\/anno-del-cibo-colazione\\\/#primaryimage\"},\"thumbnailUrl\":\"https:\\\/\\\/www.romaoggi.eu\\\/wp-content\\\/uploads\\\/2018\\\/01\\\/Sua-Maest\u00e0-il-Breakfast.-La-svolta-parte-da-qui.png\",\"datePublished\":\"2018-01-05T17:53:41+00:00\",\"description\":\"Il 16 gennaio 2018, ore 09.30 all'Hotel Savoy , in Via Ludovisi, 15 a Roma, un appuntamento da non perdere una tavola rotonda dedicata alla\u00a0Colazione in Hotel.\",\"breadcrumb\":{\"@id\":\"https:\\\/\\\/www.romaoggi.eu\\\/index.php\\\/2018\\\/01\\\/05\\\/anno-del-cibo-colazione\\\/#breadcrumb\"},\"inLanguage\":\"it-IT\",\"potentialAction\":[{\"@type\":\"ReadAction\",\"target\":[\"https:\\\/\\\/www.romaoggi.eu\\\/index.php\\\/2018\\\/01\\\/05\\\/anno-del-cibo-colazione\\\/\"]}]},{\"@type\":\"ImageObject\",\"inLanguage\":\"it-IT\",\"@id\":\"https:\\\/\\\/www.romaoggi.eu\\\/index.php\\\/2018\\\/01\\\/05\\\/anno-del-cibo-colazione\\\/#primaryimage\",\"url\":\"https:\\\/\\\/www.romaoggi.eu\\\/wp-content\\\/uploads\\\/2018\\\/01\\\/Sua-Maest\u00e0-il-Breakfast.-La-svolta-parte-da-qui.png\",\"contentUrl\":\"https:\\\/\\\/www.romaoggi.eu\\\/wp-content\\\/uploads\\\/2018\\\/01\\\/Sua-Maest\u00e0-il-Breakfast.-La-svolta-parte-da-qui.png\",\"width\":940,\"height\":788,\"caption\":\"alt tag colazione\"},{\"@type\":\"BreadcrumbList\",\"@id\":\"https:\\\/\\\/www.romaoggi.eu\\\/index.php\\\/2018\\\/01\\\/05\\\/anno-del-cibo-colazione\\\/#breadcrumb\",\"itemListElement\":[{\"@type\":\"ListItem\",\"position\":1,\"name\":\"Home\",\"item\":\"https:\\\/\\\/www.romaoggi.eu\\\/\"},{\"@type\":\"ListItem\",\"position\":2,\"name\":\"2018 &#8220;Anno del Cibo&#8221; e noi iniziamo dalla colazione in Hotel\"}]},{\"@type\":\"WebSite\",\"@id\":\"https:\\\/\\\/www.romaoggi.eu\\\/#website\",\"url\":\"https:\\\/\\\/www.romaoggi.eu\\\/\",\"name\":\"roma oggi\",\"description\":\"Interesting News for Interesting people\",\"publisher\":{\"@id\":\"https:\\\/\\\/www.romaoggi.eu\\\/#organization\"},\"potentialAction\":[{\"@type\":\"SearchAction\",\"target\":{\"@type\":\"EntryPoint\",\"urlTemplate\":\"https:\\\/\\\/www.romaoggi.eu\\\/?s={search_term_string}\"},\"query-input\":{\"@type\":\"PropertyValueSpecification\",\"valueRequired\":true,\"valueName\":\"search_term_string\"}}],\"inLanguage\":\"it-IT\"},{\"@type\":\"Organization\",\"@id\":\"https:\\\/\\\/www.romaoggi.eu\\\/#organization\",\"name\":\"RomaOggi\",\"url\":\"https:\\\/\\\/www.romaoggi.eu\\\/\",\"logo\":{\"@type\":\"ImageObject\",\"inLanguage\":\"it-IT\",\"@id\":\"https:\\\/\\\/www.romaoggi.eu\\\/#\\\/schema\\\/logo\\\/image\\\/\",\"url\":\"https:\\\/\\\/www.romaoggi.eu\\\/wp-content\\\/uploads\\\/2017\\\/04\\\/logowp.jpg\",\"contentUrl\":\"https:\\\/\\\/www.romaoggi.eu\\\/wp-content\\\/uploads\\\/2017\\\/04\\\/logowp.jpg\",\"width\":300,\"height\":133,\"caption\":\"RomaOggi\"},\"image\":{\"@id\":\"https:\\\/\\\/www.romaoggi.eu\\\/#\\\/schema\\\/logo\\\/image\\\/\"},\"sameAs\":[\"https:\\\/\\\/www.facebook.com\\\/RomaOggi-841544845954114\",\"https:\\\/\\\/x.com\\\/romaoggi_eu\"]},{\"@type\":\"Person\",\"@id\":\"https:\\\/\\\/www.romaoggi.eu\\\/#\\\/schema\\\/person\\\/c8ca1fb64b5506391fff5f822a866c23\",\"name\":\"Antonietta Di Vizia\",\"image\":{\"@type\":\"ImageObject\",\"inLanguage\":\"it-IT\",\"@id\":\"https:\\\/\\\/secure.gravatar.com\\\/avatar\\\/2ad571aa3fbfe3089b06ed5617adf58717b9359c0c97cf9b52804fb2dac293f2?s=96&d=mm&r=g\",\"url\":\"https:\\\/\\\/secure.gravatar.com\\\/avatar\\\/2ad571aa3fbfe3089b06ed5617adf58717b9359c0c97cf9b52804fb2dac293f2?s=96&d=mm&r=g\",\"contentUrl\":\"https:\\\/\\\/secure.gravatar.com\\\/avatar\\\/2ad571aa3fbfe3089b06ed5617adf58717b9359c0c97cf9b52804fb2dac293f2?s=96&d=mm&r=g\",\"caption\":\"Antonietta Di Vizia\"},\"url\":\"https:\\\/\\\/www.romaoggi.eu\\\/index.php\\\/author\\\/antonietta\\\/\"}]}<\/script>\n<!-- \/ Yoast SEO plugin. -->","yoast_head_json":{"title":"2018 \"Anno del Cibo\" e noi iniziamo dalla colazione in Hotel","description":"Il 16 gennaio 2018, ore 09.30 all'Hotel Savoy , in Via Ludovisi, 15 a Roma, un appuntamento da non perdere una tavola rotonda dedicata alla\u00a0Colazione in Hotel.","robots":{"index":"index","follow":"follow","max-snippet":"max-snippet:-1","max-image-preview":"max-image-preview:large","max-video-preview":"max-video-preview:-1"},"canonical":"https:\/\/www.romaoggi.eu\/index.php\/2018\/01\/05\/anno-del-cibo-colazione\/","og_locale":"it_IT","og_type":"article","og_title":"2018 \"Anno del Cibo\" e noi iniziamo dalla colazione in Hotel","og_description":"Il 16 gennaio 2018, ore 09.30 all'Hotel Savoy , in Via Ludovisi, 15 a Roma, un appuntamento da non perdere una tavola rotonda dedicata alla\u00a0Colazione in Hotel.","og_url":"https:\/\/www.romaoggi.eu\/index.php\/2018\/01\/05\/anno-del-cibo-colazione\/","og_site_name":"roma oggi","article_publisher":"https:\/\/www.facebook.com\/RomaOggi-841544845954114","article_published_time":"2018-01-05T17:53:41+00:00","og_image":[{"width":940,"height":788,"url":"https:\/\/www.romaoggi.eu\/wp-content\/uploads\/2018\/01\/Sua-Maest\u00e0-il-Breakfast.-La-svolta-parte-da-qui.png","type":"image\/png"}],"author":"Antonietta Di Vizia","twitter_card":"summary_large_image","twitter_creator":"@romaoggi_eu","twitter_site":"@romaoggi_eu","twitter_misc":{"Scritto da":"Antonietta Di Vizia","Tempo di lettura stimato":"1 minuto"},"schema":{"@context":"https:\/\/schema.org","@graph":[{"@type":"Article","@id":"https:\/\/www.romaoggi.eu\/index.php\/2018\/01\/05\/anno-del-cibo-colazione\/#article","isPartOf":{"@id":"https:\/\/www.romaoggi.eu\/index.php\/2018\/01\/05\/anno-del-cibo-colazione\/"},"author":{"name":"Antonietta Di Vizia","@id":"https:\/\/www.romaoggi.eu\/#\/schema\/person\/c8ca1fb64b5506391fff5f822a866c23"},"headline":"2018 &#8220;Anno del Cibo&#8221; e noi iniziamo dalla colazione in Hotel","datePublished":"2018-01-05T17:53:41+00:00","mainEntityOfPage":{"@id":"https:\/\/www.romaoggi.eu\/index.php\/2018\/01\/05\/anno-del-cibo-colazione\/"},"wordCount":286,"commentCount":0,"publisher":{"@id":"https:\/\/www.romaoggi.eu\/#organization"},"image":{"@id":"https:\/\/www.romaoggi.eu\/index.php\/2018\/01\/05\/anno-del-cibo-colazione\/#primaryimage"},"thumbnailUrl":"https:\/\/www.romaoggi.eu\/wp-content\/uploads\/2018\/01\/Sua-Maest\u00e0-il-Breakfast.-La-svolta-parte-da-qui.png","keywords":["2018","breakfast","Cibo","colazione","hotel","massimo montanari","roma"],"inLanguage":"it-IT","potentialAction":[{"@type":"CommentAction","name":"Comment","target":["https:\/\/www.romaoggi.eu\/index.php\/2018\/01\/05\/anno-del-cibo-colazione\/#respond"]}]},{"@type":"WebPage","@id":"https:\/\/www.romaoggi.eu\/index.php\/2018\/01\/05\/anno-del-cibo-colazione\/","url":"https:\/\/www.romaoggi.eu\/index.php\/2018\/01\/05\/anno-del-cibo-colazione\/","name":"2018 \"Anno del Cibo\" e noi iniziamo dalla colazione in Hotel","isPartOf":{"@id":"https:\/\/www.romaoggi.eu\/#website"},"primaryImageOfPage":{"@id":"https:\/\/www.romaoggi.eu\/index.php\/2018\/01\/05\/anno-del-cibo-colazione\/#primaryimage"},"image":{"@id":"https:\/\/www.romaoggi.eu\/index.php\/2018\/01\/05\/anno-del-cibo-colazione\/#primaryimage"},"thumbnailUrl":"https:\/\/www.romaoggi.eu\/wp-content\/uploads\/2018\/01\/Sua-Maest\u00e0-il-Breakfast.-La-svolta-parte-da-qui.png","datePublished":"2018-01-05T17:53:41+00:00","description":"Il 16 gennaio 2018, ore 09.30 all'Hotel Savoy , in Via Ludovisi, 15 a Roma, un appuntamento da non perdere una tavola rotonda dedicata alla\u00a0Colazione in Hotel.","breadcrumb":{"@id":"https:\/\/www.romaoggi.eu\/index.php\/2018\/01\/05\/anno-del-cibo-colazione\/#breadcrumb"},"inLanguage":"it-IT","potentialAction":[{"@type":"ReadAction","target":["https:\/\/www.romaoggi.eu\/index.php\/2018\/01\/05\/anno-del-cibo-colazione\/"]}]},{"@type":"ImageObject","inLanguage":"it-IT","@id":"https:\/\/www.romaoggi.eu\/index.php\/2018\/01\/05\/anno-del-cibo-colazione\/#primaryimage","url":"https:\/\/www.romaoggi.eu\/wp-content\/uploads\/2018\/01\/Sua-Maest\u00e0-il-Breakfast.-La-svolta-parte-da-qui.png","contentUrl":"https:\/\/www.romaoggi.eu\/wp-content\/uploads\/2018\/01\/Sua-Maest\u00e0-il-Breakfast.-La-svolta-parte-da-qui.png","width":940,"height":788,"caption":"alt tag colazione"},{"@type":"BreadcrumbList","@id":"https:\/\/www.romaoggi.eu\/index.php\/2018\/01\/05\/anno-del-cibo-colazione\/#breadcrumb","itemListElement":[{"@type":"ListItem","position":1,"name":"Home","item":"https:\/\/www.romaoggi.eu\/"},{"@type":"ListItem","position":2,"name":"2018 &#8220;Anno del Cibo&#8221; e noi iniziamo dalla colazione in Hotel"}]},{"@type":"WebSite","@id":"https:\/\/www.romaoggi.eu\/#website","url":"https:\/\/www.romaoggi.eu\/","name":"roma oggi","description":"Interesting News for Interesting people","publisher":{"@id":"https:\/\/www.romaoggi.eu\/#organization"},"potentialAction":[{"@type":"SearchAction","target":{"@type":"EntryPoint","urlTemplate":"https:\/\/www.romaoggi.eu\/?s={search_term_string}"},"query-input":{"@type":"PropertyValueSpecification","valueRequired":true,"valueName":"search_term_string"}}],"inLanguage":"it-IT"},{"@type":"Organization","@id":"https:\/\/www.romaoggi.eu\/#organization","name":"RomaOggi","url":"https:\/\/www.romaoggi.eu\/","logo":{"@type":"ImageObject","inLanguage":"it-IT","@id":"https:\/\/www.romaoggi.eu\/#\/schema\/logo\/image\/","url":"https:\/\/www.romaoggi.eu\/wp-content\/uploads\/2017\/04\/logowp.jpg","contentUrl":"https:\/\/www.romaoggi.eu\/wp-content\/uploads\/2017\/04\/logowp.jpg","width":300,"height":133,"caption":"RomaOggi"},"image":{"@id":"https:\/\/www.romaoggi.eu\/#\/schema\/logo\/image\/"},"sameAs":["https:\/\/www.facebook.com\/RomaOggi-841544845954114","https:\/\/x.com\/romaoggi_eu"]},{"@type":"Person","@id":"https:\/\/www.romaoggi.eu\/#\/schema\/person\/c8ca1fb64b5506391fff5f822a866c23","name":"Antonietta Di Vizia","image":{"@type":"ImageObject","inLanguage":"it-IT","@id":"https:\/\/secure.gravatar.com\/avatar\/2ad571aa3fbfe3089b06ed5617adf58717b9359c0c97cf9b52804fb2dac293f2?s=96&d=mm&r=g","url":"https:\/\/secure.gravatar.com\/avatar\/2ad571aa3fbfe3089b06ed5617adf58717b9359c0c97cf9b52804fb2dac293f2?s=96&d=mm&r=g","contentUrl":"https:\/\/secure.gravatar.com\/avatar\/2ad571aa3fbfe3089b06ed5617adf58717b9359c0c97cf9b52804fb2dac293f2?s=96&d=mm&r=g","caption":"Antonietta Di Vizia"},"url":"https:\/\/www.romaoggi.eu\/index.php\/author\/antonietta\/"}]}},"_links":{"self":[{"href":"https:\/\/www.romaoggi.eu\/index.php\/wp-json\/wp\/v2\/posts\/12906","targetHints":{"allow":["GET"]}}],"collection":[{"href":"https:\/\/www.romaoggi.eu\/index.php\/wp-json\/wp\/v2\/posts"}],"about":[{"href":"https:\/\/www.romaoggi.eu\/index.php\/wp-json\/wp\/v2\/types\/post"}],"author":[{"embeddable":true,"href":"https:\/\/www.romaoggi.eu\/index.php\/wp-json\/wp\/v2\/users\/3"}],"replies":[{"embeddable":true,"href":"https:\/\/www.romaoggi.eu\/index.php\/wp-json\/wp\/v2\/comments?post=12906"}],"version-history":[{"count":5,"href":"https:\/\/www.romaoggi.eu\/index.php\/wp-json\/wp\/v2\/posts\/12906\/revisions"}],"predecessor-version":[{"id":12914,"href":"https:\/\/www.romaoggi.eu\/index.php\/wp-json\/wp\/v2\/posts\/12906\/revisions\/12914"}],"wp:featuredmedia":[{"embeddable":true,"href":"https:\/\/www.romaoggi.eu\/index.php\/wp-json\/wp\/v2\/media\/12907"}],"wp:attachment":[{"href":"https:\/\/www.romaoggi.eu\/index.php\/wp-json\/wp\/v2\/media?parent=12906"}],"wp:term":[{"taxonomy":"category","embeddable":true,"href":"https:\/\/www.romaoggi.eu\/index.php\/wp-json\/wp\/v2\/categories?post=12906"},{"taxonomy":"post_tag","embeddable":true,"href":"https:\/\/www.romaoggi.eu\/index.php\/wp-json\/wp\/v2\/tags?post=12906"}],"curies":[{"name":"wp","href":"https:\/\/api.w.org\/{rel}","templated":true}]}}