{"id":12915,"date":"2018-01-05T19:15:03","date_gmt":"2018-01-05T18:15:03","guid":{"rendered":"http:\/\/www.romaoggi.eu\/?p=12915"},"modified":"2018-01-05T19:15:03","modified_gmt":"2018-01-05T18:15:03","slug":"la-befana-del-poliziotto","status":"publish","type":"post","link":"https:\/\/www.romaoggi.eu\/index.php\/2018\/01\/05\/la-befana-del-poliziotto\/","title":{"rendered":"La befana del Poliziotto il 6 gennaio 2018 all&#8217;Auditorium Parco della Musica"},"content":{"rendered":"<p style=\"text-align: justify;\"><strong>Torna come ogni anno il 6 gennaio a Roma, l&#8217;appuntamento tanto atteso dai piccini, La Befana del Poliziotto<\/strong>\u00a0firmata dall\u2019infaticabile ispettore\u00a0<strong>Enrico Catalano<\/strong>, all<strong>\u2019<a href=\"http:\/\/www.auditorium.com\/it\/\">Auditorium Parco della Musica<\/a><\/strong>\u00a0in via Pietro de Coubertin, 30 Roma.<\/p>\n<p><img loading=\"lazy\" decoding=\"async\" class=\"size-medium wp-image-12917 alignleft\" src=\"https:\/\/www.romaoggi.eu\/wp-content\/uploads\/2018\/01\/26169646_10210714721719850_8692201861087370360_n-219x300.jpg\" alt=\"alt tag befana\" width=\"219\" height=\"300\" srcset=\"https:\/\/www.romaoggi.eu\/wp-content\/uploads\/2018\/01\/26169646_10210714721719850_8692201861087370360_n-219x300.jpg 219w, https:\/\/www.romaoggi.eu\/wp-content\/uploads\/2018\/01\/26169646_10210714721719850_8692201861087370360_n.jpg 349w\" sizes=\"auto, (max-width: 219px) 100vw, 219px\" \/><\/p>\n<p style=\"text-align: justify;\">Una vera maratona artistica <strong>La befana del Poliziotto c<\/strong>he partir\u00e0 dalle ore 14,30 fino a sera, con grandi artisti per la gioia dei bambini e delle loro famiglie al seguito<strong>,\u00a0<\/strong>per la finalit\u00e0 nobile di unire in un giorno solidale tante persone per regalaci un mondo sempre migliore.<\/p>\n<p style=\"text-align: justify;\">Per la\u00a0<strong>XXXIII<\/strong>\u00a0edizione della pi\u00f9 amata Befana dell\u2019anno, in collaborazione con il\u00a0<strong>Co.I.S.P.(Coordinamento per l\u2019indipendenza Sindacale delle Forze di Polizia<\/strong>), si avvale di un quartetto di eccellenti conduttori per la maratona festivaliera: l\u2019impeccabile\u00a0<strong>Lorena Bianchetti,<\/strong>\u00a0il poliedrico\u00a0<strong>Stefano Masciarelli<\/strong>, miss Italia la bellissima\u00a0<strong>Manila Nazzaro<\/strong>, la professionalissima\u00a0<strong>Paola Delli Colli<\/strong>, che presenteranno una squadra di artisti fantastici. Sono stati invitati gli: immancabili fedelissimi della Kermesse \u201c<strong>I Cugini di Campagna\u201d,<\/strong>\u00a0<strong>Lorella Cuccarini, Romina Power, Anna Tatangelo<\/strong>,\u00a0<strong>Noemi,<\/strong>\u00a0Annalisa Minetti, Carmen Russo, Emanuela Aureli,\u00a0<strong>Angelo Martini<\/strong>\u00a0che canter\u00e0 il nuovo singolo Survivor dedicato al suo amico\u00a0<strong>Mike Francis<\/strong>, presentato nelle tv nazionali a Malta e ad Ischia su Rete 4 nel programma di Jo Squillo,\u00a0<strong>Silvia Salemi,<\/strong>\u00a0<strong>Gianni Nazzaro, Rita Forte<\/strong>,\u00a0<strong>Dario Bandiera<\/strong>,\u00a0<strong>Mariella Nava<\/strong>, Federico Paciotti,\u00a0<strong>Anonimo Italiano<\/strong>, Doctor Vintage, <strong>Marcia Sedoc<\/strong>, Katia Veneruso, Nino Taranto, Gianfranco Butinar, Don Backy, Giucas Casella,\u00a0<strong>Los Locos, Cli\u00f2<\/strong>, Nick Luciani, Marco Tana e tanti altri\u2026con la direzione di scena di\u00a0<strong>Alfonso Stagno<\/strong>\u00a0e uno staff eccellente di professionisti. Sar\u00e0 uno spettacolo quello delle Befana del Poliziotto, indimenticabile, per la gioia dei pi\u00f9 piccoli e sicuramente dei pi\u00f9 grandi.<\/p>\n<figure id=\"attachment_12846\" aria-describedby=\"caption-attachment-12846\" style=\"width: 300px\" class=\"wp-caption aligncenter\"><img loading=\"lazy\" decoding=\"async\" class=\"wp-image-12846 size-medium\" src=\"https:\/\/www.romaoggi.eu\/wp-content\/uploads\/2018\/01\/CCW-300x250-new-sconto5-300x250-300x250.jpg\" alt=\"\" width=\"300\" height=\"250\" \/><figcaption id=\"caption-attachment-12846\" class=\"wp-caption-text\"><a href=\"https:\/\/www.cinecittaworld.it\/Vendita\/Biglietti-e-prezzi?Coupon=ROMAOGGI&amp;Adulti=2&amp;Ridotti=0\">clicca qui per ottenere uno sconto di 5 euro sul prezzo del biglietto!<\/a><\/figcaption><\/figure>\n<p>&nbsp;<\/p>\n<p><a href=\"https:\/\/www.romaoggi.eu\/index.php\/2018\/01\/04\/fermenti-musicali-locali\/\">Redazione<\/a><\/p>\n","protected":false},"excerpt":{"rendered":"<div class=\"mh-excerpt\"><p>Torna come ogni anno il 6 gennaio a Roma, l&#8217;appuntamento tanto atteso dai piccini, La Befana del Poliziotto\u00a0firmata dall\u2019infaticabile ispettore\u00a0Enrico Catalano, all\u2019Auditorium Parco della Musica\u00a0in via Pietro de Coubertin, 30 Roma. Una vera maratona artistica <a class=\"mh-excerpt-more\" href=\"https:\/\/www.romaoggi.eu\/index.php\/2018\/01\/05\/la-befana-del-poliziotto\/\" title=\"La befana del Poliziotto il 6 gennaio 2018 all&#8217;Auditorium Parco della Musica\">[&#8230;]<\/a><\/p>\n<\/div>","protected":false},"author":3,"featured_media":12918,"comment_status":"open","ping_status":"open","sticky":false,"template":"","format":"standard","meta":{"_sitemap_exclude":false,"_sitemap_priority":"","_sitemap_frequency":"","footnotes":""},"categories":[3],"tags":[8985,4497,8993,8991,1717,8984,8986,8995,8989,5187,8996,8988,13,8990,6048,8994,8987,8992,2945],"class_list":["post-12915","post","type-post","status-publish","format-standard","has-post-thumbnail","hentry","category-eventi","tag-6-gennaio","tag-angelo-martini","tag-anna-tatangelo","tag-anonimo-italiano","tag-auditorium-parco-della-musica","tag-befana","tag-befana-del-poliziotto","tag-enrico-catalano","tag-gianfranco-butinar","tag-lorella-cuccarini","tag-lorena-bianchetti","tag-los-locos","tag-marcia-sedoc","tag-nino-taranto","tag-noemi","tag-paola-delle-colli","tag-rita-forte","tag-romina-power","tag-stefano-masciarelli"],"yoast_head":"<!-- This site is optimized with the Yoast SEO plugin v27.5 - https:\/\/yoast.com\/product\/yoast-seo-wordpress\/ -->\n<title>La befana del Poliziotto il 6 gennaio 2018 all&#039;Auditorium Parco della Musica<\/title>\n<meta name=\"description\" content=\"Torna come ogni anno il 6 gennaio a Roma, l&#039;appuntamento tanto atteso dai piccini, La Befana del Poliziotto\u00a0firmata dall\u2019infaticabile ispettore\u00a0Enrico Catalano, all\u2019Auditorium Parco della Musica.\" \/>\n<meta name=\"robots\" content=\"index, follow, max-snippet:-1, max-image-preview:large, max-video-preview:-1\" \/>\n<link rel=\"canonical\" href=\"https:\/\/www.romaoggi.eu\/index.php\/2018\/01\/05\/la-befana-del-poliziotto\/\" \/>\n<meta property=\"og:locale\" content=\"it_IT\" \/>\n<meta property=\"og:type\" content=\"article\" \/>\n<meta property=\"og:title\" content=\"La befana del Poliziotto il 6 gennaio 2018 all&#039;Auditorium Parco della Musica\" \/>\n<meta property=\"og:description\" content=\"Torna come ogni anno il 6 gennaio a Roma, l&#039;appuntamento tanto atteso dai piccini, La Befana del Poliziotto\u00a0firmata dall\u2019infaticabile ispettore\u00a0Enrico Catalano, all\u2019Auditorium Parco della Musica.\" \/>\n<meta property=\"og:url\" content=\"https:\/\/www.romaoggi.eu\/index.php\/2018\/01\/05\/la-befana-del-poliziotto\/\" \/>\n<meta property=\"og:site_name\" content=\"roma oggi\" \/>\n<meta property=\"article:publisher\" content=\"https:\/\/www.facebook.com\/RomaOggi-841544845954114\" \/>\n<meta property=\"article:published_time\" content=\"2018-01-05T18:15:03+00:00\" \/>\n<meta property=\"og:image\" content=\"https:\/\/www.romaoggi.eu\/wp-content\/uploads\/2018\/01\/Befana-del-poliziotto.jpg\" \/>\n\t<meta property=\"og:image:width\" content=\"695\" \/>\n\t<meta property=\"og:image:height\" content=\"427\" \/>\n\t<meta property=\"og:image:type\" content=\"image\/jpeg\" \/>\n<meta name=\"author\" content=\"Antonietta Di Vizia\" \/>\n<meta name=\"twitter:card\" content=\"summary_large_image\" \/>\n<meta name=\"twitter:creator\" content=\"@romaoggi_eu\" \/>\n<meta name=\"twitter:site\" content=\"@romaoggi_eu\" \/>\n<meta name=\"twitter:label1\" content=\"Scritto da\" \/>\n\t<meta name=\"twitter:data1\" content=\"Antonietta Di Vizia\" \/>\n\t<meta name=\"twitter:label2\" content=\"Tempo di lettura stimato\" \/>\n\t<meta name=\"twitter:data2\" content=\"1 minuto\" \/>\n<script type=\"application\/ld+json\" class=\"yoast-schema-graph\">{\"@context\":\"https:\\\/\\\/schema.org\",\"@graph\":[{\"@type\":\"Article\",\"@id\":\"https:\\\/\\\/www.romaoggi.eu\\\/index.php\\\/2018\\\/01\\\/05\\\/la-befana-del-poliziotto\\\/#article\",\"isPartOf\":{\"@id\":\"https:\\\/\\\/www.romaoggi.eu\\\/index.php\\\/2018\\\/01\\\/05\\\/la-befana-del-poliziotto\\\/\"},\"author\":{\"name\":\"Antonietta Di Vizia\",\"@id\":\"https:\\\/\\\/www.romaoggi.eu\\\/#\\\/schema\\\/person\\\/c8ca1fb64b5506391fff5f822a866c23\"},\"headline\":\"La befana del Poliziotto il 6 gennaio 2018 all&#8217;Auditorium Parco della Musica\",\"datePublished\":\"2018-01-05T18:15:03+00:00\",\"mainEntityOfPage\":{\"@id\":\"https:\\\/\\\/www.romaoggi.eu\\\/index.php\\\/2018\\\/01\\\/05\\\/la-befana-del-poliziotto\\\/\"},\"wordCount\":306,\"commentCount\":0,\"publisher\":{\"@id\":\"https:\\\/\\\/www.romaoggi.eu\\\/#organization\"},\"image\":{\"@id\":\"https:\\\/\\\/www.romaoggi.eu\\\/index.php\\\/2018\\\/01\\\/05\\\/la-befana-del-poliziotto\\\/#primaryimage\"},\"thumbnailUrl\":\"https:\\\/\\\/www.romaoggi.eu\\\/wp-content\\\/uploads\\\/2018\\\/01\\\/Befana-del-poliziotto.jpg\",\"keywords\":[\"6 gennaio\",\"angelo martini\",\"anna tatangelo\",\"anonimo italiano\",\"Auditorium Parco della Musica\",\"befana\",\"befana del poliziotto\",\"enrico catalano\",\"gianfranco butinar\",\"Lorella cuccarini\",\"lorena bianchetti\",\"los locos\",\"marcia sedoc\",\"nino taranto\",\"noemi\",\"paola delle colli\",\"rita forte\",\"romina power\",\"Stefano Masciarelli\"],\"articleSection\":[\"Eventi\"],\"inLanguage\":\"it-IT\",\"potentialAction\":[{\"@type\":\"CommentAction\",\"name\":\"Comment\",\"target\":[\"https:\\\/\\\/www.romaoggi.eu\\\/index.php\\\/2018\\\/01\\\/05\\\/la-befana-del-poliziotto\\\/#respond\"]}]},{\"@type\":\"WebPage\",\"@id\":\"https:\\\/\\\/www.romaoggi.eu\\\/index.php\\\/2018\\\/01\\\/05\\\/la-befana-del-poliziotto\\\/\",\"url\":\"https:\\\/\\\/www.romaoggi.eu\\\/index.php\\\/2018\\\/01\\\/05\\\/la-befana-del-poliziotto\\\/\",\"name\":\"La befana del Poliziotto il 6 gennaio 2018 all'Auditorium Parco della Musica\",\"isPartOf\":{\"@id\":\"https:\\\/\\\/www.romaoggi.eu\\\/#website\"},\"primaryImageOfPage\":{\"@id\":\"https:\\\/\\\/www.romaoggi.eu\\\/index.php\\\/2018\\\/01\\\/05\\\/la-befana-del-poliziotto\\\/#primaryimage\"},\"image\":{\"@id\":\"https:\\\/\\\/www.romaoggi.eu\\\/index.php\\\/2018\\\/01\\\/05\\\/la-befana-del-poliziotto\\\/#primaryimage\"},\"thumbnailUrl\":\"https:\\\/\\\/www.romaoggi.eu\\\/wp-content\\\/uploads\\\/2018\\\/01\\\/Befana-del-poliziotto.jpg\",\"datePublished\":\"2018-01-05T18:15:03+00:00\",\"description\":\"Torna come ogni anno il 6 gennaio a Roma, l'appuntamento tanto atteso dai piccini, La Befana del Poliziotto\u00a0firmata dall\u2019infaticabile ispettore\u00a0Enrico Catalano, all\u2019Auditorium Parco della Musica.\",\"breadcrumb\":{\"@id\":\"https:\\\/\\\/www.romaoggi.eu\\\/index.php\\\/2018\\\/01\\\/05\\\/la-befana-del-poliziotto\\\/#breadcrumb\"},\"inLanguage\":\"it-IT\",\"potentialAction\":[{\"@type\":\"ReadAction\",\"target\":[\"https:\\\/\\\/www.romaoggi.eu\\\/index.php\\\/2018\\\/01\\\/05\\\/la-befana-del-poliziotto\\\/\"]}]},{\"@type\":\"ImageObject\",\"inLanguage\":\"it-IT\",\"@id\":\"https:\\\/\\\/www.romaoggi.eu\\\/index.php\\\/2018\\\/01\\\/05\\\/la-befana-del-poliziotto\\\/#primaryimage\",\"url\":\"https:\\\/\\\/www.romaoggi.eu\\\/wp-content\\\/uploads\\\/2018\\\/01\\\/Befana-del-poliziotto.jpg\",\"contentUrl\":\"https:\\\/\\\/www.romaoggi.eu\\\/wp-content\\\/uploads\\\/2018\\\/01\\\/Befana-del-poliziotto.jpg\",\"width\":695,\"height\":427,\"caption\":\"alt tag befana\"},{\"@type\":\"BreadcrumbList\",\"@id\":\"https:\\\/\\\/www.romaoggi.eu\\\/index.php\\\/2018\\\/01\\\/05\\\/la-befana-del-poliziotto\\\/#breadcrumb\",\"itemListElement\":[{\"@type\":\"ListItem\",\"position\":1,\"name\":\"Home\",\"item\":\"https:\\\/\\\/www.romaoggi.eu\\\/\"},{\"@type\":\"ListItem\",\"position\":2,\"name\":\"La befana del Poliziotto il 6 gennaio 2018 all&#8217;Auditorium Parco della Musica\"}]},{\"@type\":\"WebSite\",\"@id\":\"https:\\\/\\\/www.romaoggi.eu\\\/#website\",\"url\":\"https:\\\/\\\/www.romaoggi.eu\\\/\",\"name\":\"roma oggi\",\"description\":\"Interesting News for Interesting people\",\"publisher\":{\"@id\":\"https:\\\/\\\/www.romaoggi.eu\\\/#organization\"},\"potentialAction\":[{\"@type\":\"SearchAction\",\"target\":{\"@type\":\"EntryPoint\",\"urlTemplate\":\"https:\\\/\\\/www.romaoggi.eu\\\/?s={search_term_string}\"},\"query-input\":{\"@type\":\"PropertyValueSpecification\",\"valueRequired\":true,\"valueName\":\"search_term_string\"}}],\"inLanguage\":\"it-IT\"},{\"@type\":\"Organization\",\"@id\":\"https:\\\/\\\/www.romaoggi.eu\\\/#organization\",\"name\":\"RomaOggi\",\"url\":\"https:\\\/\\\/www.romaoggi.eu\\\/\",\"logo\":{\"@type\":\"ImageObject\",\"inLanguage\":\"it-IT\",\"@id\":\"https:\\\/\\\/www.romaoggi.eu\\\/#\\\/schema\\\/logo\\\/image\\\/\",\"url\":\"https:\\\/\\\/www.romaoggi.eu\\\/wp-content\\\/uploads\\\/2017\\\/04\\\/logowp.jpg\",\"contentUrl\":\"https:\\\/\\\/www.romaoggi.eu\\\/wp-content\\\/uploads\\\/2017\\\/04\\\/logowp.jpg\",\"width\":300,\"height\":133,\"caption\":\"RomaOggi\"},\"image\":{\"@id\":\"https:\\\/\\\/www.romaoggi.eu\\\/#\\\/schema\\\/logo\\\/image\\\/\"},\"sameAs\":[\"https:\\\/\\\/www.facebook.com\\\/RomaOggi-841544845954114\",\"https:\\\/\\\/x.com\\\/romaoggi_eu\"]},{\"@type\":\"Person\",\"@id\":\"https:\\\/\\\/www.romaoggi.eu\\\/#\\\/schema\\\/person\\\/c8ca1fb64b5506391fff5f822a866c23\",\"name\":\"Antonietta Di Vizia\",\"image\":{\"@type\":\"ImageObject\",\"inLanguage\":\"it-IT\",\"@id\":\"https:\\\/\\\/secure.gravatar.com\\\/avatar\\\/2ad571aa3fbfe3089b06ed5617adf58717b9359c0c97cf9b52804fb2dac293f2?s=96&d=mm&r=g\",\"url\":\"https:\\\/\\\/secure.gravatar.com\\\/avatar\\\/2ad571aa3fbfe3089b06ed5617adf58717b9359c0c97cf9b52804fb2dac293f2?s=96&d=mm&r=g\",\"contentUrl\":\"https:\\\/\\\/secure.gravatar.com\\\/avatar\\\/2ad571aa3fbfe3089b06ed5617adf58717b9359c0c97cf9b52804fb2dac293f2?s=96&d=mm&r=g\",\"caption\":\"Antonietta Di Vizia\"},\"url\":\"https:\\\/\\\/www.romaoggi.eu\\\/index.php\\\/author\\\/antonietta\\\/\"}]}<\/script>\n<!-- \/ Yoast SEO plugin. -->","yoast_head_json":{"title":"La befana del Poliziotto il 6 gennaio 2018 all'Auditorium Parco della Musica","description":"Torna come ogni anno il 6 gennaio a Roma, l'appuntamento tanto atteso dai piccini, La Befana del Poliziotto\u00a0firmata dall\u2019infaticabile ispettore\u00a0Enrico Catalano, all\u2019Auditorium Parco della Musica.","robots":{"index":"index","follow":"follow","max-snippet":"max-snippet:-1","max-image-preview":"max-image-preview:large","max-video-preview":"max-video-preview:-1"},"canonical":"https:\/\/www.romaoggi.eu\/index.php\/2018\/01\/05\/la-befana-del-poliziotto\/","og_locale":"it_IT","og_type":"article","og_title":"La befana del Poliziotto il 6 gennaio 2018 all'Auditorium Parco della Musica","og_description":"Torna come ogni anno il 6 gennaio a Roma, l'appuntamento tanto atteso dai piccini, La Befana del Poliziotto\u00a0firmata dall\u2019infaticabile ispettore\u00a0Enrico Catalano, all\u2019Auditorium Parco della Musica.","og_url":"https:\/\/www.romaoggi.eu\/index.php\/2018\/01\/05\/la-befana-del-poliziotto\/","og_site_name":"roma oggi","article_publisher":"https:\/\/www.facebook.com\/RomaOggi-841544845954114","article_published_time":"2018-01-05T18:15:03+00:00","og_image":[{"width":695,"height":427,"url":"https:\/\/www.romaoggi.eu\/wp-content\/uploads\/2018\/01\/Befana-del-poliziotto.jpg","type":"image\/jpeg"}],"author":"Antonietta Di Vizia","twitter_card":"summary_large_image","twitter_creator":"@romaoggi_eu","twitter_site":"@romaoggi_eu","twitter_misc":{"Scritto da":"Antonietta Di Vizia","Tempo di lettura stimato":"1 minuto"},"schema":{"@context":"https:\/\/schema.org","@graph":[{"@type":"Article","@id":"https:\/\/www.romaoggi.eu\/index.php\/2018\/01\/05\/la-befana-del-poliziotto\/#article","isPartOf":{"@id":"https:\/\/www.romaoggi.eu\/index.php\/2018\/01\/05\/la-befana-del-poliziotto\/"},"author":{"name":"Antonietta Di Vizia","@id":"https:\/\/www.romaoggi.eu\/#\/schema\/person\/c8ca1fb64b5506391fff5f822a866c23"},"headline":"La befana del Poliziotto il 6 gennaio 2018 all&#8217;Auditorium Parco della Musica","datePublished":"2018-01-05T18:15:03+00:00","mainEntityOfPage":{"@id":"https:\/\/www.romaoggi.eu\/index.php\/2018\/01\/05\/la-befana-del-poliziotto\/"},"wordCount":306,"commentCount":0,"publisher":{"@id":"https:\/\/www.romaoggi.eu\/#organization"},"image":{"@id":"https:\/\/www.romaoggi.eu\/index.php\/2018\/01\/05\/la-befana-del-poliziotto\/#primaryimage"},"thumbnailUrl":"https:\/\/www.romaoggi.eu\/wp-content\/uploads\/2018\/01\/Befana-del-poliziotto.jpg","keywords":["6 gennaio","angelo martini","anna tatangelo","anonimo italiano","Auditorium Parco della Musica","befana","befana del poliziotto","enrico catalano","gianfranco butinar","Lorella cuccarini","lorena bianchetti","los locos","marcia sedoc","nino taranto","noemi","paola delle colli","rita forte","romina power","Stefano Masciarelli"],"articleSection":["Eventi"],"inLanguage":"it-IT","potentialAction":[{"@type":"CommentAction","name":"Comment","target":["https:\/\/www.romaoggi.eu\/index.php\/2018\/01\/05\/la-befana-del-poliziotto\/#respond"]}]},{"@type":"WebPage","@id":"https:\/\/www.romaoggi.eu\/index.php\/2018\/01\/05\/la-befana-del-poliziotto\/","url":"https:\/\/www.romaoggi.eu\/index.php\/2018\/01\/05\/la-befana-del-poliziotto\/","name":"La befana del Poliziotto il 6 gennaio 2018 all'Auditorium Parco della Musica","isPartOf":{"@id":"https:\/\/www.romaoggi.eu\/#website"},"primaryImageOfPage":{"@id":"https:\/\/www.romaoggi.eu\/index.php\/2018\/01\/05\/la-befana-del-poliziotto\/#primaryimage"},"image":{"@id":"https:\/\/www.romaoggi.eu\/index.php\/2018\/01\/05\/la-befana-del-poliziotto\/#primaryimage"},"thumbnailUrl":"https:\/\/www.romaoggi.eu\/wp-content\/uploads\/2018\/01\/Befana-del-poliziotto.jpg","datePublished":"2018-01-05T18:15:03+00:00","description":"Torna come ogni anno il 6 gennaio a Roma, l'appuntamento tanto atteso dai piccini, La Befana del Poliziotto\u00a0firmata dall\u2019infaticabile ispettore\u00a0Enrico Catalano, all\u2019Auditorium Parco della Musica.","breadcrumb":{"@id":"https:\/\/www.romaoggi.eu\/index.php\/2018\/01\/05\/la-befana-del-poliziotto\/#breadcrumb"},"inLanguage":"it-IT","potentialAction":[{"@type":"ReadAction","target":["https:\/\/www.romaoggi.eu\/index.php\/2018\/01\/05\/la-befana-del-poliziotto\/"]}]},{"@type":"ImageObject","inLanguage":"it-IT","@id":"https:\/\/www.romaoggi.eu\/index.php\/2018\/01\/05\/la-befana-del-poliziotto\/#primaryimage","url":"https:\/\/www.romaoggi.eu\/wp-content\/uploads\/2018\/01\/Befana-del-poliziotto.jpg","contentUrl":"https:\/\/www.romaoggi.eu\/wp-content\/uploads\/2018\/01\/Befana-del-poliziotto.jpg","width":695,"height":427,"caption":"alt tag befana"},{"@type":"BreadcrumbList","@id":"https:\/\/www.romaoggi.eu\/index.php\/2018\/01\/05\/la-befana-del-poliziotto\/#breadcrumb","itemListElement":[{"@type":"ListItem","position":1,"name":"Home","item":"https:\/\/www.romaoggi.eu\/"},{"@type":"ListItem","position":2,"name":"La befana del Poliziotto il 6 gennaio 2018 all&#8217;Auditorium Parco della Musica"}]},{"@type":"WebSite","@id":"https:\/\/www.romaoggi.eu\/#website","url":"https:\/\/www.romaoggi.eu\/","name":"roma oggi","description":"Interesting News for Interesting people","publisher":{"@id":"https:\/\/www.romaoggi.eu\/#organization"},"potentialAction":[{"@type":"SearchAction","target":{"@type":"EntryPoint","urlTemplate":"https:\/\/www.romaoggi.eu\/?s={search_term_string}"},"query-input":{"@type":"PropertyValueSpecification","valueRequired":true,"valueName":"search_term_string"}}],"inLanguage":"it-IT"},{"@type":"Organization","@id":"https:\/\/www.romaoggi.eu\/#organization","name":"RomaOggi","url":"https:\/\/www.romaoggi.eu\/","logo":{"@type":"ImageObject","inLanguage":"it-IT","@id":"https:\/\/www.romaoggi.eu\/#\/schema\/logo\/image\/","url":"https:\/\/www.romaoggi.eu\/wp-content\/uploads\/2017\/04\/logowp.jpg","contentUrl":"https:\/\/www.romaoggi.eu\/wp-content\/uploads\/2017\/04\/logowp.jpg","width":300,"height":133,"caption":"RomaOggi"},"image":{"@id":"https:\/\/www.romaoggi.eu\/#\/schema\/logo\/image\/"},"sameAs":["https:\/\/www.facebook.com\/RomaOggi-841544845954114","https:\/\/x.com\/romaoggi_eu"]},{"@type":"Person","@id":"https:\/\/www.romaoggi.eu\/#\/schema\/person\/c8ca1fb64b5506391fff5f822a866c23","name":"Antonietta Di Vizia","image":{"@type":"ImageObject","inLanguage":"it-IT","@id":"https:\/\/secure.gravatar.com\/avatar\/2ad571aa3fbfe3089b06ed5617adf58717b9359c0c97cf9b52804fb2dac293f2?s=96&d=mm&r=g","url":"https:\/\/secure.gravatar.com\/avatar\/2ad571aa3fbfe3089b06ed5617adf58717b9359c0c97cf9b52804fb2dac293f2?s=96&d=mm&r=g","contentUrl":"https:\/\/secure.gravatar.com\/avatar\/2ad571aa3fbfe3089b06ed5617adf58717b9359c0c97cf9b52804fb2dac293f2?s=96&d=mm&r=g","caption":"Antonietta Di Vizia"},"url":"https:\/\/www.romaoggi.eu\/index.php\/author\/antonietta\/"}]}},"_links":{"self":[{"href":"https:\/\/www.romaoggi.eu\/index.php\/wp-json\/wp\/v2\/posts\/12915","targetHints":{"allow":["GET"]}}],"collection":[{"href":"https:\/\/www.romaoggi.eu\/index.php\/wp-json\/wp\/v2\/posts"}],"about":[{"href":"https:\/\/www.romaoggi.eu\/index.php\/wp-json\/wp\/v2\/types\/post"}],"author":[{"embeddable":true,"href":"https:\/\/www.romaoggi.eu\/index.php\/wp-json\/wp\/v2\/users\/3"}],"replies":[{"embeddable":true,"href":"https:\/\/www.romaoggi.eu\/index.php\/wp-json\/wp\/v2\/comments?post=12915"}],"version-history":[{"count":2,"href":"https:\/\/www.romaoggi.eu\/index.php\/wp-json\/wp\/v2\/posts\/12915\/revisions"}],"predecessor-version":[{"id":12919,"href":"https:\/\/www.romaoggi.eu\/index.php\/wp-json\/wp\/v2\/posts\/12915\/revisions\/12919"}],"wp:featuredmedia":[{"embeddable":true,"href":"https:\/\/www.romaoggi.eu\/index.php\/wp-json\/wp\/v2\/media\/12918"}],"wp:attachment":[{"href":"https:\/\/www.romaoggi.eu\/index.php\/wp-json\/wp\/v2\/media?parent=12915"}],"wp:term":[{"taxonomy":"category","embeddable":true,"href":"https:\/\/www.romaoggi.eu\/index.php\/wp-json\/wp\/v2\/categories?post=12915"},{"taxonomy":"post_tag","embeddable":true,"href":"https:\/\/www.romaoggi.eu\/index.php\/wp-json\/wp\/v2\/tags?post=12915"}],"curies":[{"name":"wp","href":"https:\/\/api.w.org\/{rel}","templated":true}]}}