{"id":13165,"date":"2018-01-17T20:50:28","date_gmt":"2018-01-17T19:50:28","guid":{"rendered":"http:\/\/www.romaoggi.eu\/?p=13165"},"modified":"2018-01-17T20:50:28","modified_gmt":"2018-01-17T19:50:28","slug":"marco-greco","status":"publish","type":"post","link":"https:\/\/www.romaoggi.eu\/index.php\/2018\/01\/17\/marco-greco\/","title":{"rendered":"Marco Greco, l&#8217;ultima scoperta di Fausto Mesolella pubblica Tutta Mora"},"content":{"rendered":"<p align=\"CENTER\"><span style=\"color: #000000;\"><span style=\"font-family: 'Times New Roman', serif;\"><span style=\"font-size: small;\"><span style=\"font-size: medium;\">In radio e negli store il singolo del cantautore di Monteverde Vecchio \u00a0<\/span><\/span><\/span><\/span><\/p>\n<p align=\"CENTER\"><span style=\"color: #000000;\"><span style=\"font-family: 'Times New Roman', serif;\"><span style=\"font-size: large;\"><b>Marco Greco, l&#8217;ultima scoperta di Fausto Mesolella debutta con Tutta Mora<\/b><\/span><\/span><\/span><\/p>\n<p align=\"CENTER\"><span style=\"color: #000000;\"><span style=\"font-family: 'Times New Roman', serif;\"><span style=\"font-size: large;\"><i>Il videoclip girato tra i vicoli di Trastevere<\/i><\/span><\/span><\/span><\/p>\n<p><span style=\"color: #000000;\">\u00a0<\/span><\/p>\n<p align=\"JUSTIFY\"><span style=\"color: #000000;\"><span style=\"font-family: Calibri, sans-serif;\"><span style=\"font-size: medium;\">T<span style=\"font-family: 'Times New Roman', serif;\">utta Mora \u00e8 il titolo del\u00a0<\/span><span style=\"font-family: 'Times New Roman', serif;\"><b>nuovo singolo del cantautore romano Marco Greco<\/b><\/span><span style=\"font-family: 'Times New Roman', serif;\">, da marted\u00ec 16 gennaio in radio e negli store. Il singolo che anticipa l&#8217;album in uscita a marzo \u00e8 il primo capitolo discografico confezionato dall&#8217;artista,\u00a0<\/span><span style=\"font-family: 'Times New Roman', serif;\"><b>ultima scoperta del Maestro Fausto Mesolella<\/b><\/span><span style=\"font-family: 'Times New Roman', serif;\">\u00a0prima della prematura scomparsa.<\/span><\/span><\/span><\/span><\/p>\n<p align=\"JUSTIFY\"><span style=\"color: #000000;\"><span style=\"font-family: 'Times New Roman', serif;\"><span style=\"font-size: medium;\">Marco, che\u00a0<b>raccoglie l\u2019eredit\u00e0 del cantautorato classico italiano come Modugno o Dalla<\/b>, \u00e8 stato\u00a0<b>vincitore dell&#8217;edizione 2016 del \u201cPremio Fabrizio De Andr\u00e8\u201d<\/b>\u00a0e proprio in quell&#8217;occasione conosce, in veste di giurato, lo stimato chitarrista, compositore e arrangiatore Fausto Mesolella, anima musicale degli Avion Travel. Mesolella, che subito intuisce lo spessore cantautorale di Greco, decide di produrre il suo prossimo disco, impegno che concluder\u00e0 con dedizione fino alla fine.<\/span><\/span><\/span><\/p>\n<p align=\"JUSTIFY\"><span style=\"color: #000000;\"><span style=\"font-family: 'Times New Roman', serif;\"><span style=\"font-size: medium;\">Tutta Mora \u00e8 il\u00a0<b>racconto ritmico di un amore frizzante<\/b>, ambientato in una piccola citt\u00e0 che sbircia, bisbiglia, desidera e invidia. Tutto \u00e8 travolgente, intenso e spettinato, fino a quando arriva la complessit\u00e0 dei sentimenti e la difficolt\u00e0 di ogni storia umana, dove le ferite del passato diventano le paure e le fragilit\u00e0 del presente. Tutto questo racchiuso nel sorriso e nella leggerezza di una\u00a0<b>rumba dal sapore mediterraneo<\/b>.<\/span><\/span><\/span><\/p>\n<p align=\"JUSTIFY\"><span style=\"color: #000000;\"><span style=\"font-family: 'Times New Roman', serif;\"><span style=\"font-size: medium;\">Il singolo \u00e8 accompagnato dal videoclip con la regia di Adriano Natale.\u00a0<b>Le riprese sono ambientate tra i colorati vicoli del quartiere Trastevere a Roma<\/b>, tra una sosta al bar con gli amici e la performance live del protagonista, il video si conclude con il balletto della &#8220;bella mora&#8221; nella celebre\u00a0<b>piazza Santa Maria in Trastevere<\/b>.\u00a0\u00a0<\/span><\/span><\/span><\/p>\n<p align=\"JUSTIFY\"><span style=\"color: #000000;\">\u00a0<\/span><\/p>\n<p align=\"JUSTIFY\"><span style=\"color: #ff0000;\"><span style=\"font-family: 'Times New Roman', serif;\"><span style=\"font-size: small;\"><b>VIDEOCLIP SOLO PER EMBED DA YOUTUBE<\/b><\/span><\/span><\/span><\/p>\n<p align=\"JUSTIFY\"><a href=\"https:\/\/www.youtube.com\/watch?v=O0TTcCoQTAo\" target=\"_blank\" rel=\"noopener\"><span style=\"color: #800080;\"><span style=\"font-family: 'Times New Roman', serif;\"><span style=\"font-size: small;\"><u>https:\/\/www.youtube.com\/watch?v=O0TTcCoQTAo<\/u><\/span><\/span><\/span><\/a><\/p>\n<p align=\"JUSTIFY\"><a href=\"https:\/\/www.romaoggi.eu\/index.php\/2017\/12\/07\/hostaria-edmondo-2\/\"><span style=\"font-family: 'Times New Roman', serif;\"><span style=\"font-size: medium;\"><b>RomaOggi.eu \u2192 Leggi il prossimo articolo <\/b><\/span><\/span><\/a><\/p>\n<p align=\"JUSTIFY\"><span style=\"font-family: 'Times New Roman', serif;\"><span style=\"font-size: medium;\">La Redazione <\/span><\/span><\/p>\n<p align=\"JUSTIFY\"><span style=\"font-family: 'Times New Roman', serif;\"><span style=\"font-size: medium;\">RomaOggi.eu \u201cInteresting news for interesting people\u201d<\/span><\/span><\/p>\n<figure id=\"attachment_12981\" aria-describedby=\"caption-attachment-12981\" style=\"width: 300px\" class=\"wp-caption aligncenter\"><img loading=\"lazy\" decoding=\"async\" class=\"wp-image-12981 size-medium\" src=\"https:\/\/www.romaoggi.eu\/wp-content\/uploads\/2018\/01\/CCW-300x250-SCONTO-5-300x250.jpg\" alt=\"Alt text cinecitt\u00e0 world\" width=\"300\" height=\"250\" \/><figcaption id=\"caption-attachment-12981\" class=\"wp-caption-text\"><a href=\"https:\/\/www.cinecittaworld.it\/Vendita\/Biglietti-e-prezzi?Coupon=ROMAOGGI&amp;Adulti=2&amp;Ridotti=0\"><strong>Ottieni uno sconto sull&#8217;acquisto dei biglietti! CLICCA QUI<\/strong><\/a><\/figcaption><\/figure>\n","protected":false},"excerpt":{"rendered":"<div class=\"mh-excerpt\"><p>In radio e negli store il singolo del cantautore di Monteverde Vecchio \u00a0 Marco Greco, l&#8217;ultima scoperta di Fausto Mesolella debutta con Tutta Mora Il videoclip girato tra i vicoli di Trastevere \u00a0 Tutta Mora <a class=\"mh-excerpt-more\" href=\"https:\/\/www.romaoggi.eu\/index.php\/2018\/01\/17\/marco-greco\/\" title=\"Marco Greco, l&#8217;ultima scoperta di Fausto Mesolella pubblica Tutta Mora\">[&#8230;]<\/a><\/p>\n<\/div>","protected":false},"author":5,"featured_media":13166,"comment_status":"open","ping_status":"open","sticky":false,"template":"","format":"standard","meta":{"_sitemap_exclude":false,"_sitemap_priority":"","_sitemap_frequency":"","footnotes":""},"categories":[2715],"tags":[6418,8088,26,9120,7691,877,159,9119,1280,1644,109,1738,634],"class_list":["post-13165","post","type-post","status-publish","format-standard","has-post-thumbnail","hentry","category-musica","tag-6418","tag-cinecitta-world","tag-cristiano-morelli","tag-fausto-mesolella","tag-hostaria-edmondo","tag-italia","tag-lazio","tag-marco-greco","tag-musica","tag-regione-lazio","tag-roma","tag-romaoggi-eu","tag-rome"],"yoast_head":"<!-- This site is optimized with the Yoast SEO plugin v27.5 - https:\/\/yoast.com\/product\/yoast-seo-wordpress\/ -->\n<title>Marco Greco, l&#039;ultima scoperta di Fausto Mesolella pubblica Tutta Mora<\/title>\n<meta name=\"description\" content=\"Tutta Mora \u00e8 il titolo del\u00a0nuovo singolo del cantautore romano Marco Greco, da marted\u00ec 16 gennaio in radio e negli store. Il singolo che anticipa l&#039;album in uscita a marzo \u00e8 il primo capitolo discografico confezionato dall&#039;artista,\u00a0ultima scoperta del Maestro Fausto Mesolella\u00a0prima della prematura scomparsa...\" \/>\n<meta name=\"robots\" content=\"index, follow, max-snippet:-1, max-image-preview:large, max-video-preview:-1\" \/>\n<link rel=\"canonical\" href=\"https:\/\/www.romaoggi.eu\/index.php\/2018\/01\/17\/marco-greco\/\" \/>\n<meta property=\"og:locale\" content=\"it_IT\" \/>\n<meta property=\"og:type\" content=\"article\" \/>\n<meta property=\"og:title\" content=\"Marco Greco, l&#039;ultima scoperta di Fausto Mesolella pubblica Tutta Mora\" \/>\n<meta property=\"og:description\" content=\"Tutta Mora \u00e8 il titolo del\u00a0nuovo singolo del cantautore romano Marco Greco, da marted\u00ec 16 gennaio in radio e negli store. Il singolo che anticipa l&#039;album in uscita a marzo \u00e8 il primo capitolo discografico confezionato dall&#039;artista,\u00a0ultima scoperta del Maestro Fausto Mesolella\u00a0prima della prematura scomparsa...\" \/>\n<meta property=\"og:url\" content=\"https:\/\/www.romaoggi.eu\/index.php\/2018\/01\/17\/marco-greco\/\" \/>\n<meta property=\"og:site_name\" content=\"roma oggi\" \/>\n<meta property=\"article:publisher\" content=\"https:\/\/www.facebook.com\/RomaOggi-841544845954114\" \/>\n<meta property=\"article:published_time\" content=\"2018-01-17T19:50:28+00:00\" \/>\n<meta property=\"og:image\" content=\"https:\/\/www.romaoggi.eu\/wp-content\/uploads\/2018\/01\/Marco-Greco.jpg\" \/>\n\t<meta property=\"og:image:width\" content=\"960\" \/>\n\t<meta property=\"og:image:height\" content=\"768\" \/>\n\t<meta property=\"og:image:type\" content=\"image\/jpeg\" \/>\n<meta name=\"author\" content=\"Flavio\" \/>\n<meta name=\"twitter:card\" content=\"summary_large_image\" \/>\n<meta name=\"twitter:creator\" content=\"@romaoggi_eu\" \/>\n<meta name=\"twitter:site\" content=\"@romaoggi_eu\" \/>\n<meta name=\"twitter:label1\" content=\"Scritto da\" \/>\n\t<meta name=\"twitter:data1\" content=\"Flavio\" \/>\n\t<meta name=\"twitter:label2\" content=\"Tempo di lettura stimato\" \/>\n\t<meta name=\"twitter:data2\" content=\"2 minuti\" \/>\n<script type=\"application\/ld+json\" class=\"yoast-schema-graph\">{\"@context\":\"https:\\\/\\\/schema.org\",\"@graph\":[{\"@type\":\"Article\",\"@id\":\"https:\\\/\\\/www.romaoggi.eu\\\/index.php\\\/2018\\\/01\\\/17\\\/marco-greco\\\/#article\",\"isPartOf\":{\"@id\":\"https:\\\/\\\/www.romaoggi.eu\\\/index.php\\\/2018\\\/01\\\/17\\\/marco-greco\\\/\"},\"author\":{\"name\":\"Flavio\",\"@id\":\"https:\\\/\\\/www.romaoggi.eu\\\/#\\\/schema\\\/person\\\/cc12bfd93370392d7e41d243e47e6681\"},\"headline\":\"Marco Greco, l&#8217;ultima scoperta di Fausto Mesolella pubblica Tutta Mora\",\"datePublished\":\"2018-01-17T19:50:28+00:00\",\"mainEntityOfPage\":{\"@id\":\"https:\\\/\\\/www.romaoggi.eu\\\/index.php\\\/2018\\\/01\\\/17\\\/marco-greco\\\/\"},\"wordCount\":326,\"commentCount\":0,\"publisher\":{\"@id\":\"https:\\\/\\\/www.romaoggi.eu\\\/#organization\"},\"image\":{\"@id\":\"https:\\\/\\\/www.romaoggi.eu\\\/index.php\\\/2018\\\/01\\\/17\\\/marco-greco\\\/#primaryimage\"},\"thumbnailUrl\":\"https:\\\/\\\/www.romaoggi.eu\\\/wp-content\\\/uploads\\\/2018\\\/01\\\/Marco-Greco.jpg\",\"keywords\":[\"2018\",\"Cinecitt\u00e0 World\",\"cristiano morelli\",\"Fausto Mesolella\",\"Hostaria Edmondo\",\"italia\",\"lazio\",\"Marco Greco\",\"musica\",\"Regione Lazio\",\"roma\",\"RomaOggi.eu\",\"rome\"],\"articleSection\":[\"musica\"],\"inLanguage\":\"it-IT\",\"potentialAction\":[{\"@type\":\"CommentAction\",\"name\":\"Comment\",\"target\":[\"https:\\\/\\\/www.romaoggi.eu\\\/index.php\\\/2018\\\/01\\\/17\\\/marco-greco\\\/#respond\"]}]},{\"@type\":\"WebPage\",\"@id\":\"https:\\\/\\\/www.romaoggi.eu\\\/index.php\\\/2018\\\/01\\\/17\\\/marco-greco\\\/\",\"url\":\"https:\\\/\\\/www.romaoggi.eu\\\/index.php\\\/2018\\\/01\\\/17\\\/marco-greco\\\/\",\"name\":\"Marco Greco, l'ultima scoperta di Fausto Mesolella pubblica Tutta Mora\",\"isPartOf\":{\"@id\":\"https:\\\/\\\/www.romaoggi.eu\\\/#website\"},\"primaryImageOfPage\":{\"@id\":\"https:\\\/\\\/www.romaoggi.eu\\\/index.php\\\/2018\\\/01\\\/17\\\/marco-greco\\\/#primaryimage\"},\"image\":{\"@id\":\"https:\\\/\\\/www.romaoggi.eu\\\/index.php\\\/2018\\\/01\\\/17\\\/marco-greco\\\/#primaryimage\"},\"thumbnailUrl\":\"https:\\\/\\\/www.romaoggi.eu\\\/wp-content\\\/uploads\\\/2018\\\/01\\\/Marco-Greco.jpg\",\"datePublished\":\"2018-01-17T19:50:28+00:00\",\"description\":\"Tutta Mora \u00e8 il titolo del\u00a0nuovo singolo del cantautore romano Marco Greco, da marted\u00ec 16 gennaio in radio e negli store. Il singolo che anticipa l'album in uscita a marzo \u00e8 il primo capitolo discografico confezionato dall'artista,\u00a0ultima scoperta del Maestro Fausto Mesolella\u00a0prima della prematura scomparsa...\",\"breadcrumb\":{\"@id\":\"https:\\\/\\\/www.romaoggi.eu\\\/index.php\\\/2018\\\/01\\\/17\\\/marco-greco\\\/#breadcrumb\"},\"inLanguage\":\"it-IT\",\"potentialAction\":[{\"@type\":\"ReadAction\",\"target\":[\"https:\\\/\\\/www.romaoggi.eu\\\/index.php\\\/2018\\\/01\\\/17\\\/marco-greco\\\/\"]}]},{\"@type\":\"ImageObject\",\"inLanguage\":\"it-IT\",\"@id\":\"https:\\\/\\\/www.romaoggi.eu\\\/index.php\\\/2018\\\/01\\\/17\\\/marco-greco\\\/#primaryimage\",\"url\":\"https:\\\/\\\/www.romaoggi.eu\\\/wp-content\\\/uploads\\\/2018\\\/01\\\/Marco-Greco.jpg\",\"contentUrl\":\"https:\\\/\\\/www.romaoggi.eu\\\/wp-content\\\/uploads\\\/2018\\\/01\\\/Marco-Greco.jpg\",\"width\":960,\"height\":768,\"caption\":\"Alt text Marco Greco\"},{\"@type\":\"BreadcrumbList\",\"@id\":\"https:\\\/\\\/www.romaoggi.eu\\\/index.php\\\/2018\\\/01\\\/17\\\/marco-greco\\\/#breadcrumb\",\"itemListElement\":[{\"@type\":\"ListItem\",\"position\":1,\"name\":\"Home\",\"item\":\"https:\\\/\\\/www.romaoggi.eu\\\/\"},{\"@type\":\"ListItem\",\"position\":2,\"name\":\"Marco Greco, l&#8217;ultima scoperta di Fausto Mesolella pubblica Tutta Mora\"}]},{\"@type\":\"WebSite\",\"@id\":\"https:\\\/\\\/www.romaoggi.eu\\\/#website\",\"url\":\"https:\\\/\\\/www.romaoggi.eu\\\/\",\"name\":\"roma oggi\",\"description\":\"Interesting News for Interesting people\",\"publisher\":{\"@id\":\"https:\\\/\\\/www.romaoggi.eu\\\/#organization\"},\"potentialAction\":[{\"@type\":\"SearchAction\",\"target\":{\"@type\":\"EntryPoint\",\"urlTemplate\":\"https:\\\/\\\/www.romaoggi.eu\\\/?s={search_term_string}\"},\"query-input\":{\"@type\":\"PropertyValueSpecification\",\"valueRequired\":true,\"valueName\":\"search_term_string\"}}],\"inLanguage\":\"it-IT\"},{\"@type\":\"Organization\",\"@id\":\"https:\\\/\\\/www.romaoggi.eu\\\/#organization\",\"name\":\"RomaOggi\",\"url\":\"https:\\\/\\\/www.romaoggi.eu\\\/\",\"logo\":{\"@type\":\"ImageObject\",\"inLanguage\":\"it-IT\",\"@id\":\"https:\\\/\\\/www.romaoggi.eu\\\/#\\\/schema\\\/logo\\\/image\\\/\",\"url\":\"https:\\\/\\\/www.romaoggi.eu\\\/wp-content\\\/uploads\\\/2017\\\/04\\\/logowp.jpg\",\"contentUrl\":\"https:\\\/\\\/www.romaoggi.eu\\\/wp-content\\\/uploads\\\/2017\\\/04\\\/logowp.jpg\",\"width\":300,\"height\":133,\"caption\":\"RomaOggi\"},\"image\":{\"@id\":\"https:\\\/\\\/www.romaoggi.eu\\\/#\\\/schema\\\/logo\\\/image\\\/\"},\"sameAs\":[\"https:\\\/\\\/www.facebook.com\\\/RomaOggi-841544845954114\",\"https:\\\/\\\/x.com\\\/romaoggi_eu\"]},{\"@type\":\"Person\",\"@id\":\"https:\\\/\\\/www.romaoggi.eu\\\/#\\\/schema\\\/person\\\/cc12bfd93370392d7e41d243e47e6681\",\"name\":\"Flavio\",\"image\":{\"@type\":\"ImageObject\",\"inLanguage\":\"it-IT\",\"@id\":\"https:\\\/\\\/secure.gravatar.com\\\/avatar\\\/7e044ce830ea97853e01500437b37dff4a622b20a194e4d0efe9b67e918f19e5?s=96&d=mm&r=g\",\"url\":\"https:\\\/\\\/secure.gravatar.com\\\/avatar\\\/7e044ce830ea97853e01500437b37dff4a622b20a194e4d0efe9b67e918f19e5?s=96&d=mm&r=g\",\"contentUrl\":\"https:\\\/\\\/secure.gravatar.com\\\/avatar\\\/7e044ce830ea97853e01500437b37dff4a622b20a194e4d0efe9b67e918f19e5?s=96&d=mm&r=g\",\"caption\":\"Flavio\"},\"url\":\"https:\\\/\\\/www.romaoggi.eu\\\/index.php\\\/author\\\/cristiano\\\/\"}]}<\/script>\n<!-- \/ Yoast SEO plugin. -->","yoast_head_json":{"title":"Marco Greco, l'ultima scoperta di Fausto Mesolella pubblica Tutta Mora","description":"Tutta Mora \u00e8 il titolo del\u00a0nuovo singolo del cantautore romano Marco Greco, da marted\u00ec 16 gennaio in radio e negli store. Il singolo che anticipa l'album in uscita a marzo \u00e8 il primo capitolo discografico confezionato dall'artista,\u00a0ultima scoperta del Maestro Fausto Mesolella\u00a0prima della prematura scomparsa...","robots":{"index":"index","follow":"follow","max-snippet":"max-snippet:-1","max-image-preview":"max-image-preview:large","max-video-preview":"max-video-preview:-1"},"canonical":"https:\/\/www.romaoggi.eu\/index.php\/2018\/01\/17\/marco-greco\/","og_locale":"it_IT","og_type":"article","og_title":"Marco Greco, l'ultima scoperta di Fausto Mesolella pubblica Tutta Mora","og_description":"Tutta Mora \u00e8 il titolo del\u00a0nuovo singolo del cantautore romano Marco Greco, da marted\u00ec 16 gennaio in radio e negli store. Il singolo che anticipa l'album in uscita a marzo \u00e8 il primo capitolo discografico confezionato dall'artista,\u00a0ultima scoperta del Maestro Fausto Mesolella\u00a0prima della prematura scomparsa...","og_url":"https:\/\/www.romaoggi.eu\/index.php\/2018\/01\/17\/marco-greco\/","og_site_name":"roma oggi","article_publisher":"https:\/\/www.facebook.com\/RomaOggi-841544845954114","article_published_time":"2018-01-17T19:50:28+00:00","og_image":[{"width":960,"height":768,"url":"https:\/\/www.romaoggi.eu\/wp-content\/uploads\/2018\/01\/Marco-Greco.jpg","type":"image\/jpeg"}],"author":"Flavio","twitter_card":"summary_large_image","twitter_creator":"@romaoggi_eu","twitter_site":"@romaoggi_eu","twitter_misc":{"Scritto da":"Flavio","Tempo di lettura stimato":"2 minuti"},"schema":{"@context":"https:\/\/schema.org","@graph":[{"@type":"Article","@id":"https:\/\/www.romaoggi.eu\/index.php\/2018\/01\/17\/marco-greco\/#article","isPartOf":{"@id":"https:\/\/www.romaoggi.eu\/index.php\/2018\/01\/17\/marco-greco\/"},"author":{"name":"Flavio","@id":"https:\/\/www.romaoggi.eu\/#\/schema\/person\/cc12bfd93370392d7e41d243e47e6681"},"headline":"Marco Greco, l&#8217;ultima scoperta di Fausto Mesolella pubblica Tutta Mora","datePublished":"2018-01-17T19:50:28+00:00","mainEntityOfPage":{"@id":"https:\/\/www.romaoggi.eu\/index.php\/2018\/01\/17\/marco-greco\/"},"wordCount":326,"commentCount":0,"publisher":{"@id":"https:\/\/www.romaoggi.eu\/#organization"},"image":{"@id":"https:\/\/www.romaoggi.eu\/index.php\/2018\/01\/17\/marco-greco\/#primaryimage"},"thumbnailUrl":"https:\/\/www.romaoggi.eu\/wp-content\/uploads\/2018\/01\/Marco-Greco.jpg","keywords":["2018","Cinecitt\u00e0 World","cristiano morelli","Fausto Mesolella","Hostaria Edmondo","italia","lazio","Marco Greco","musica","Regione Lazio","roma","RomaOggi.eu","rome"],"articleSection":["musica"],"inLanguage":"it-IT","potentialAction":[{"@type":"CommentAction","name":"Comment","target":["https:\/\/www.romaoggi.eu\/index.php\/2018\/01\/17\/marco-greco\/#respond"]}]},{"@type":"WebPage","@id":"https:\/\/www.romaoggi.eu\/index.php\/2018\/01\/17\/marco-greco\/","url":"https:\/\/www.romaoggi.eu\/index.php\/2018\/01\/17\/marco-greco\/","name":"Marco Greco, l'ultima scoperta di Fausto Mesolella pubblica Tutta Mora","isPartOf":{"@id":"https:\/\/www.romaoggi.eu\/#website"},"primaryImageOfPage":{"@id":"https:\/\/www.romaoggi.eu\/index.php\/2018\/01\/17\/marco-greco\/#primaryimage"},"image":{"@id":"https:\/\/www.romaoggi.eu\/index.php\/2018\/01\/17\/marco-greco\/#primaryimage"},"thumbnailUrl":"https:\/\/www.romaoggi.eu\/wp-content\/uploads\/2018\/01\/Marco-Greco.jpg","datePublished":"2018-01-17T19:50:28+00:00","description":"Tutta Mora \u00e8 il titolo del\u00a0nuovo singolo del cantautore romano Marco Greco, da marted\u00ec 16 gennaio in radio e negli store. Il singolo che anticipa l'album in uscita a marzo \u00e8 il primo capitolo discografico confezionato dall'artista,\u00a0ultima scoperta del Maestro Fausto Mesolella\u00a0prima della prematura scomparsa...","breadcrumb":{"@id":"https:\/\/www.romaoggi.eu\/index.php\/2018\/01\/17\/marco-greco\/#breadcrumb"},"inLanguage":"it-IT","potentialAction":[{"@type":"ReadAction","target":["https:\/\/www.romaoggi.eu\/index.php\/2018\/01\/17\/marco-greco\/"]}]},{"@type":"ImageObject","inLanguage":"it-IT","@id":"https:\/\/www.romaoggi.eu\/index.php\/2018\/01\/17\/marco-greco\/#primaryimage","url":"https:\/\/www.romaoggi.eu\/wp-content\/uploads\/2018\/01\/Marco-Greco.jpg","contentUrl":"https:\/\/www.romaoggi.eu\/wp-content\/uploads\/2018\/01\/Marco-Greco.jpg","width":960,"height":768,"caption":"Alt text Marco Greco"},{"@type":"BreadcrumbList","@id":"https:\/\/www.romaoggi.eu\/index.php\/2018\/01\/17\/marco-greco\/#breadcrumb","itemListElement":[{"@type":"ListItem","position":1,"name":"Home","item":"https:\/\/www.romaoggi.eu\/"},{"@type":"ListItem","position":2,"name":"Marco Greco, l&#8217;ultima scoperta di Fausto Mesolella pubblica Tutta Mora"}]},{"@type":"WebSite","@id":"https:\/\/www.romaoggi.eu\/#website","url":"https:\/\/www.romaoggi.eu\/","name":"roma oggi","description":"Interesting News for Interesting people","publisher":{"@id":"https:\/\/www.romaoggi.eu\/#organization"},"potentialAction":[{"@type":"SearchAction","target":{"@type":"EntryPoint","urlTemplate":"https:\/\/www.romaoggi.eu\/?s={search_term_string}"},"query-input":{"@type":"PropertyValueSpecification","valueRequired":true,"valueName":"search_term_string"}}],"inLanguage":"it-IT"},{"@type":"Organization","@id":"https:\/\/www.romaoggi.eu\/#organization","name":"RomaOggi","url":"https:\/\/www.romaoggi.eu\/","logo":{"@type":"ImageObject","inLanguage":"it-IT","@id":"https:\/\/www.romaoggi.eu\/#\/schema\/logo\/image\/","url":"https:\/\/www.romaoggi.eu\/wp-content\/uploads\/2017\/04\/logowp.jpg","contentUrl":"https:\/\/www.romaoggi.eu\/wp-content\/uploads\/2017\/04\/logowp.jpg","width":300,"height":133,"caption":"RomaOggi"},"image":{"@id":"https:\/\/www.romaoggi.eu\/#\/schema\/logo\/image\/"},"sameAs":["https:\/\/www.facebook.com\/RomaOggi-841544845954114","https:\/\/x.com\/romaoggi_eu"]},{"@type":"Person","@id":"https:\/\/www.romaoggi.eu\/#\/schema\/person\/cc12bfd93370392d7e41d243e47e6681","name":"Flavio","image":{"@type":"ImageObject","inLanguage":"it-IT","@id":"https:\/\/secure.gravatar.com\/avatar\/7e044ce830ea97853e01500437b37dff4a622b20a194e4d0efe9b67e918f19e5?s=96&d=mm&r=g","url":"https:\/\/secure.gravatar.com\/avatar\/7e044ce830ea97853e01500437b37dff4a622b20a194e4d0efe9b67e918f19e5?s=96&d=mm&r=g","contentUrl":"https:\/\/secure.gravatar.com\/avatar\/7e044ce830ea97853e01500437b37dff4a622b20a194e4d0efe9b67e918f19e5?s=96&d=mm&r=g","caption":"Flavio"},"url":"https:\/\/www.romaoggi.eu\/index.php\/author\/cristiano\/"}]}},"_links":{"self":[{"href":"https:\/\/www.romaoggi.eu\/index.php\/wp-json\/wp\/v2\/posts\/13165","targetHints":{"allow":["GET"]}}],"collection":[{"href":"https:\/\/www.romaoggi.eu\/index.php\/wp-json\/wp\/v2\/posts"}],"about":[{"href":"https:\/\/www.romaoggi.eu\/index.php\/wp-json\/wp\/v2\/types\/post"}],"author":[{"embeddable":true,"href":"https:\/\/www.romaoggi.eu\/index.php\/wp-json\/wp\/v2\/users\/5"}],"replies":[{"embeddable":true,"href":"https:\/\/www.romaoggi.eu\/index.php\/wp-json\/wp\/v2\/comments?post=13165"}],"version-history":[{"count":1,"href":"https:\/\/www.romaoggi.eu\/index.php\/wp-json\/wp\/v2\/posts\/13165\/revisions"}],"predecessor-version":[{"id":13167,"href":"https:\/\/www.romaoggi.eu\/index.php\/wp-json\/wp\/v2\/posts\/13165\/revisions\/13167"}],"wp:featuredmedia":[{"embeddable":true,"href":"https:\/\/www.romaoggi.eu\/index.php\/wp-json\/wp\/v2\/media\/13166"}],"wp:attachment":[{"href":"https:\/\/www.romaoggi.eu\/index.php\/wp-json\/wp\/v2\/media?parent=13165"}],"wp:term":[{"taxonomy":"category","embeddable":true,"href":"https:\/\/www.romaoggi.eu\/index.php\/wp-json\/wp\/v2\/categories?post=13165"},{"taxonomy":"post_tag","embeddable":true,"href":"https:\/\/www.romaoggi.eu\/index.php\/wp-json\/wp\/v2\/tags?post=13165"}],"curies":[{"name":"wp","href":"https:\/\/api.w.org\/{rel}","templated":true}]}}