{"id":13211,"date":"2018-01-23T08:50:47","date_gmt":"2018-01-23T07:50:47","guid":{"rendered":"http:\/\/www.romaoggi.eu\/?p=13211"},"modified":"2018-01-23T16:48:39","modified_gmt":"2018-01-23T15:48:39","slug":"la-casa-della-cultura","status":"publish","type":"post","link":"https:\/\/www.romaoggi.eu\/index.php\/2018\/01\/23\/la-casa-della-cultura\/","title":{"rendered":"La casa della cultura, questo l\u2019obiettivo finale del neo candidato a sindaco Antonio Guido"},"content":{"rendered":"<p style=\"text-align: justify;\">La casa della cultura, questo l\u2019obiettivo finale. Il neo candidato a sindaco delle prossime amministrative di Aprilia, <a href=\"https:\/\/www.romaoggi.eu\">Antonio Guido<\/a> della lista \u201c Ripartire Aprilia\u201d, lancia idee e programmi anche sul tema degli eventi a cominciare da quelli che animeranno l\u2019estate Apriliana.<\/p>\n<p style=\"text-align: justify;\">Dopo le polemiche sollevate da pi\u00f9 parti sul <a href=\"http:\/\/www.comunediaprilia.gov.it\">Comitato Grandi Eventi del Comune<\/a>, anche lui dice la sua: \u00a0\u201cIn questi anni \u2013 commenta Guido \u2013 il Comitato Grandi Eventi \u00e8 risultato un organismo troppo oberato, perch\u00e9 chiamato a gestire un&#8217;immensa mole di eventi e non solo quelli pi\u00f9 importanti per la citt\u00e0. Ci\u00f2 ha reso il Comitato un organismo poco agile, non sempre in grado di garantire una riuscita ottimale delle singole manifestazioni. Non \u00e8 detto che la soluzione sia quella di eliminare il CGE, ma ripensarlo, lasciando ad un gruppo ristretto e selezionato di persone esperte nell&#8217;ambito culturale, musicale, sportivo e di intrattenimento, il compito di operare le scelte in relazione a eventi pi\u00f9 importanti, come ad esempio la festa di San Michele e il Natale Apriliano, sotto la guida e il controllo dell&#8217;amministrazione. A relazionarsi con le associazioni dei carristi, raccolte sotto la sigla dell&#8217;ABCA, sar\u00e0 invece l&#8217;amministrazione, che per garantire l&#8217;ottimale riuscita dell&#8217;evento, senza brutte sorprese n\u00e9 per la citt\u00e0 n\u00e9 per gli operatori che ogni anno donano la propria arte, concorder\u00e0 nei mesi precedenti l&#8217;ammontare del contributo pubblico che servir\u00e0 a coprire il costo dei carri, da realizzare tenendo conto della sicurezza e delle norme che regolano quel particolare ambito.\u201d Un bando pubblico per la scelta delle associazioni e degli eventi che animeranno l&#8217;Estate Apriliana e un comitato ad hoc che si occupi solo ed esclusivamente degli eventi pi\u00f9 importanti per la citt\u00e0. Il candidato sindaco della lista Ripartire Aprilia Antonio Guido, ripensa alla gestione degli eventi socio- culturali della citt\u00e0 di Aprilia, adottando come linee guida la trasparenza e una gestione ottimale delle risorse, per garantire qualit\u00e0 ed economicit\u00e0.<br \/>\n\u201cNonostante la carenza di risorse, non possiamo chiudere la cultura in un cassetto, commenta ancora Antonio Guido,\u00a0 e la sfida per un buon amministratore dovr\u00e0 essere quella di trovare il giusto equilibrio tra economicit\u00e0 e qualit\u00e0. La nostra idea \u00e8 quella di creare la Casa della Cultura,\u00a0 per insegnare a pensare, per capire meglio come relazionarsi, partendo dal rapporto che c\u2019\u00e8 tra \u201cnoi stessi ed il mondo esterno\u201d.<\/p>\n<figure id=\"attachment_13131\" aria-describedby=\"caption-attachment-13131\" style=\"width: 1024px\" class=\"wp-caption aligncenter\"><img loading=\"lazy\" decoding=\"async\" class=\"wp-image-13131 size-large\" src=\"https:\/\/www.romaoggi.eu\/wp-content\/uploads\/2018\/01\/Logo-game-job-1024x193.png\" alt=\"\" width=\"1024\" height=\"193\" srcset=\"https:\/\/www.romaoggi.eu\/wp-content\/uploads\/2018\/01\/Logo-game-job-1024x193.png 1024w, https:\/\/www.romaoggi.eu\/wp-content\/uploads\/2018\/01\/Logo-game-job-300x57.png 300w, https:\/\/www.romaoggi.eu\/wp-content\/uploads\/2018\/01\/Logo-game-job.png 1237w\" sizes=\"auto, (max-width: 1024px) 100vw, 1024px\" \/><figcaption id=\"caption-attachment-13131\" class=\"wp-caption-text\"><a href=\"http:\/\/www.gejservice.it\/\">Game Job T.O<\/a><\/figcaption><\/figure>\n<p><strong>Lorella Iaci<\/strong><\/p>\n","protected":false},"excerpt":{"rendered":"<div class=\"mh-excerpt\"><p>La casa della cultura, questo l\u2019obiettivo finale. Il neo candidato a sindaco delle prossime amministrative di Aprilia, Antonio Guido della lista \u201c Ripartire Aprilia\u201d, lancia idee e programmi anche sul tema degli eventi a cominciare <a class=\"mh-excerpt-more\" href=\"https:\/\/www.romaoggi.eu\/index.php\/2018\/01\/23\/la-casa-della-cultura\/\" title=\"La casa della cultura, questo l\u2019obiettivo finale del neo candidato a sindaco Antonio Guido\">[&#8230;]<\/a><\/p>\n<\/div>","protected":false},"author":8,"featured_media":13213,"comment_status":"open","ping_status":"open","sticky":false,"template":"","format":"standard","meta":{"_sitemap_exclude":false,"_sitemap_priority":"","_sitemap_frequency":"","footnotes":""},"categories":[5273,1],"tags":[6269,5378,873,8842,9140,9139,6090],"class_list":["post-13211","post","type-post","status-publish","format-standard","has-post-thumbnail","hentry","category-oltre-roma","category-senza-categoria","tag-amministrazione-comunale","tag-aprilia","tag-associazioni","tag-candidato","tag-comitato-grandi-eventi","tag-la-casa-della-cultura","tag-sindaco"],"yoast_head":"<!-- This site is optimized with the Yoast SEO plugin v27.5 - https:\/\/yoast.com\/product\/yoast-seo-wordpress\/ -->\n<title>La casa della cultura, questo l\u2019obiettivo finale del neo candidato a sindaco Antonio Guido<\/title>\n<meta name=\"description\" content=\"La casa della cultura, questo l\u2019obiettivo finale. Il neo candidato a sindaco delle prossime amministrative di Aprilia, Antonio Guido della lista \u201c Ripartire Aprilia\u201d, lancia idee e programmi anche sul tema degli eventi a cominciare da quelli che animeranno l\u2019estate Apriliana.\" \/>\n<meta name=\"robots\" content=\"index, follow, max-snippet:-1, max-image-preview:large, max-video-preview:-1\" \/>\n<link rel=\"canonical\" href=\"https:\/\/www.romaoggi.eu\/index.php\/2018\/01\/23\/la-casa-della-cultura\/\" \/>\n<meta property=\"og:locale\" content=\"it_IT\" \/>\n<meta property=\"og:type\" content=\"article\" \/>\n<meta property=\"og:title\" content=\"La casa della cultura, questo l\u2019obiettivo finale del neo candidato a sindaco Antonio Guido\" \/>\n<meta property=\"og:description\" content=\"La casa della cultura, questo l\u2019obiettivo finale. Il neo candidato a sindaco delle prossime amministrative di Aprilia, Antonio Guido della lista \u201c Ripartire Aprilia\u201d, lancia idee e programmi anche sul tema degli eventi a cominciare da quelli che animeranno l\u2019estate Apriliana.\" \/>\n<meta property=\"og:url\" content=\"https:\/\/www.romaoggi.eu\/index.php\/2018\/01\/23\/la-casa-della-cultura\/\" \/>\n<meta property=\"og:site_name\" content=\"roma oggi\" \/>\n<meta property=\"article:publisher\" content=\"https:\/\/www.facebook.com\/RomaOggi-841544845954114\" \/>\n<meta property=\"article:published_time\" content=\"2018-01-23T07:50:47+00:00\" \/>\n<meta property=\"article:modified_time\" content=\"2018-01-23T15:48:39+00:00\" \/>\n<meta property=\"og:image\" content=\"https:\/\/www.romaoggi.eu\/wp-content\/uploads\/2018\/01\/antonio-guido.jpg\" \/>\n\t<meta property=\"og:image:width\" content=\"950\" \/>\n\t<meta property=\"og:image:height\" content=\"632\" \/>\n\t<meta property=\"og:image:type\" content=\"image\/jpeg\" \/>\n<meta name=\"author\" content=\"Lorella Iaci\" \/>\n<meta name=\"twitter:card\" content=\"summary_large_image\" \/>\n<meta name=\"twitter:creator\" content=\"@romaoggi_eu\" \/>\n<meta name=\"twitter:site\" content=\"@romaoggi_eu\" \/>\n<meta name=\"twitter:label1\" content=\"Scritto da\" \/>\n\t<meta name=\"twitter:data1\" content=\"Lorella Iaci\" \/>\n\t<meta name=\"twitter:label2\" content=\"Tempo di lettura stimato\" \/>\n\t<meta name=\"twitter:data2\" content=\"2 minuti\" \/>\n<script type=\"application\/ld+json\" class=\"yoast-schema-graph\">{\"@context\":\"https:\\\/\\\/schema.org\",\"@graph\":[{\"@type\":\"Article\",\"@id\":\"https:\\\/\\\/www.romaoggi.eu\\\/index.php\\\/2018\\\/01\\\/23\\\/la-casa-della-cultura\\\/#article\",\"isPartOf\":{\"@id\":\"https:\\\/\\\/www.romaoggi.eu\\\/index.php\\\/2018\\\/01\\\/23\\\/la-casa-della-cultura\\\/\"},\"author\":{\"name\":\"Lorella Iaci\",\"@id\":\"https:\\\/\\\/www.romaoggi.eu\\\/#\\\/schema\\\/person\\\/ad7b70148e60a0d338e73d0565829be4\"},\"headline\":\"La casa della cultura, questo l\u2019obiettivo finale del neo candidato a sindaco Antonio Guido\",\"datePublished\":\"2018-01-23T07:50:47+00:00\",\"dateModified\":\"2018-01-23T15:48:39+00:00\",\"mainEntityOfPage\":{\"@id\":\"https:\\\/\\\/www.romaoggi.eu\\\/index.php\\\/2018\\\/01\\\/23\\\/la-casa-della-cultura\\\/\"},\"wordCount\":416,\"commentCount\":0,\"publisher\":{\"@id\":\"https:\\\/\\\/www.romaoggi.eu\\\/#organization\"},\"image\":{\"@id\":\"https:\\\/\\\/www.romaoggi.eu\\\/index.php\\\/2018\\\/01\\\/23\\\/la-casa-della-cultura\\\/#primaryimage\"},\"thumbnailUrl\":\"https:\\\/\\\/www.romaoggi.eu\\\/wp-content\\\/uploads\\\/2018\\\/01\\\/antonio-guido.jpg\",\"keywords\":[\"Amministrazione comunale\",\"Aprilia\",\"associazioni\",\"candidato\",\"comitato grandi eventi\",\"la casa della cultura\",\"sindaco\"],\"articleSection\":[\"oltre Roma\"],\"inLanguage\":\"it-IT\",\"potentialAction\":[{\"@type\":\"CommentAction\",\"name\":\"Comment\",\"target\":[\"https:\\\/\\\/www.romaoggi.eu\\\/index.php\\\/2018\\\/01\\\/23\\\/la-casa-della-cultura\\\/#respond\"]}]},{\"@type\":\"WebPage\",\"@id\":\"https:\\\/\\\/www.romaoggi.eu\\\/index.php\\\/2018\\\/01\\\/23\\\/la-casa-della-cultura\\\/\",\"url\":\"https:\\\/\\\/www.romaoggi.eu\\\/index.php\\\/2018\\\/01\\\/23\\\/la-casa-della-cultura\\\/\",\"name\":\"La casa della cultura, questo l\u2019obiettivo finale del neo candidato a sindaco Antonio Guido\",\"isPartOf\":{\"@id\":\"https:\\\/\\\/www.romaoggi.eu\\\/#website\"},\"primaryImageOfPage\":{\"@id\":\"https:\\\/\\\/www.romaoggi.eu\\\/index.php\\\/2018\\\/01\\\/23\\\/la-casa-della-cultura\\\/#primaryimage\"},\"image\":{\"@id\":\"https:\\\/\\\/www.romaoggi.eu\\\/index.php\\\/2018\\\/01\\\/23\\\/la-casa-della-cultura\\\/#primaryimage\"},\"thumbnailUrl\":\"https:\\\/\\\/www.romaoggi.eu\\\/wp-content\\\/uploads\\\/2018\\\/01\\\/antonio-guido.jpg\",\"datePublished\":\"2018-01-23T07:50:47+00:00\",\"dateModified\":\"2018-01-23T15:48:39+00:00\",\"description\":\"La casa della cultura, questo l\u2019obiettivo finale. Il neo candidato a sindaco delle prossime amministrative di Aprilia, Antonio Guido della lista \u201c Ripartire Aprilia\u201d, lancia idee e programmi anche sul tema degli eventi a cominciare da quelli che animeranno l\u2019estate Apriliana.\",\"breadcrumb\":{\"@id\":\"https:\\\/\\\/www.romaoggi.eu\\\/index.php\\\/2018\\\/01\\\/23\\\/la-casa-della-cultura\\\/#breadcrumb\"},\"inLanguage\":\"it-IT\",\"potentialAction\":[{\"@type\":\"ReadAction\",\"target\":[\"https:\\\/\\\/www.romaoggi.eu\\\/index.php\\\/2018\\\/01\\\/23\\\/la-casa-della-cultura\\\/\"]}]},{\"@type\":\"ImageObject\",\"inLanguage\":\"it-IT\",\"@id\":\"https:\\\/\\\/www.romaoggi.eu\\\/index.php\\\/2018\\\/01\\\/23\\\/la-casa-della-cultura\\\/#primaryimage\",\"url\":\"https:\\\/\\\/www.romaoggi.eu\\\/wp-content\\\/uploads\\\/2018\\\/01\\\/antonio-guido.jpg\",\"contentUrl\":\"https:\\\/\\\/www.romaoggi.eu\\\/wp-content\\\/uploads\\\/2018\\\/01\\\/antonio-guido.jpg\",\"width\":950,\"height\":632,\"caption\":\"Antonio Guido\"},{\"@type\":\"BreadcrumbList\",\"@id\":\"https:\\\/\\\/www.romaoggi.eu\\\/index.php\\\/2018\\\/01\\\/23\\\/la-casa-della-cultura\\\/#breadcrumb\",\"itemListElement\":[{\"@type\":\"ListItem\",\"position\":1,\"name\":\"Home\",\"item\":\"https:\\\/\\\/www.romaoggi.eu\\\/\"},{\"@type\":\"ListItem\",\"position\":2,\"name\":\"La casa della cultura, questo l\u2019obiettivo finale del neo candidato a sindaco Antonio Guido\"}]},{\"@type\":\"WebSite\",\"@id\":\"https:\\\/\\\/www.romaoggi.eu\\\/#website\",\"url\":\"https:\\\/\\\/www.romaoggi.eu\\\/\",\"name\":\"roma oggi\",\"description\":\"Interesting News for Interesting people\",\"publisher\":{\"@id\":\"https:\\\/\\\/www.romaoggi.eu\\\/#organization\"},\"potentialAction\":[{\"@type\":\"SearchAction\",\"target\":{\"@type\":\"EntryPoint\",\"urlTemplate\":\"https:\\\/\\\/www.romaoggi.eu\\\/?s={search_term_string}\"},\"query-input\":{\"@type\":\"PropertyValueSpecification\",\"valueRequired\":true,\"valueName\":\"search_term_string\"}}],\"inLanguage\":\"it-IT\"},{\"@type\":\"Organization\",\"@id\":\"https:\\\/\\\/www.romaoggi.eu\\\/#organization\",\"name\":\"RomaOggi\",\"url\":\"https:\\\/\\\/www.romaoggi.eu\\\/\",\"logo\":{\"@type\":\"ImageObject\",\"inLanguage\":\"it-IT\",\"@id\":\"https:\\\/\\\/www.romaoggi.eu\\\/#\\\/schema\\\/logo\\\/image\\\/\",\"url\":\"https:\\\/\\\/www.romaoggi.eu\\\/wp-content\\\/uploads\\\/2017\\\/04\\\/logowp.jpg\",\"contentUrl\":\"https:\\\/\\\/www.romaoggi.eu\\\/wp-content\\\/uploads\\\/2017\\\/04\\\/logowp.jpg\",\"width\":300,\"height\":133,\"caption\":\"RomaOggi\"},\"image\":{\"@id\":\"https:\\\/\\\/www.romaoggi.eu\\\/#\\\/schema\\\/logo\\\/image\\\/\"},\"sameAs\":[\"https:\\\/\\\/www.facebook.com\\\/RomaOggi-841544845954114\",\"https:\\\/\\\/x.com\\\/romaoggi_eu\"]},{\"@type\":\"Person\",\"@id\":\"https:\\\/\\\/www.romaoggi.eu\\\/#\\\/schema\\\/person\\\/ad7b70148e60a0d338e73d0565829be4\",\"name\":\"Lorella Iaci\",\"image\":{\"@type\":\"ImageObject\",\"inLanguage\":\"it-IT\",\"@id\":\"https:\\\/\\\/secure.gravatar.com\\\/avatar\\\/2e8016efed3d5fbee04daf254a3494924254701903584f9c0cb2504f0cdc20eb?s=96&d=mm&r=g\",\"url\":\"https:\\\/\\\/secure.gravatar.com\\\/avatar\\\/2e8016efed3d5fbee04daf254a3494924254701903584f9c0cb2504f0cdc20eb?s=96&d=mm&r=g\",\"contentUrl\":\"https:\\\/\\\/secure.gravatar.com\\\/avatar\\\/2e8016efed3d5fbee04daf254a3494924254701903584f9c0cb2504f0cdc20eb?s=96&d=mm&r=g\",\"caption\":\"Lorella Iaci\"},\"url\":\"https:\\\/\\\/www.romaoggi.eu\\\/index.php\\\/author\\\/lorella\\\/\"}]}<\/script>\n<!-- \/ Yoast SEO plugin. -->","yoast_head_json":{"title":"La casa della cultura, questo l\u2019obiettivo finale del neo candidato a sindaco Antonio Guido","description":"La casa della cultura, questo l\u2019obiettivo finale. Il neo candidato a sindaco delle prossime amministrative di Aprilia, Antonio Guido della lista \u201c Ripartire Aprilia\u201d, lancia idee e programmi anche sul tema degli eventi a cominciare da quelli che animeranno l\u2019estate Apriliana.","robots":{"index":"index","follow":"follow","max-snippet":"max-snippet:-1","max-image-preview":"max-image-preview:large","max-video-preview":"max-video-preview:-1"},"canonical":"https:\/\/www.romaoggi.eu\/index.php\/2018\/01\/23\/la-casa-della-cultura\/","og_locale":"it_IT","og_type":"article","og_title":"La casa della cultura, questo l\u2019obiettivo finale del neo candidato a sindaco Antonio Guido","og_description":"La casa della cultura, questo l\u2019obiettivo finale. Il neo candidato a sindaco delle prossime amministrative di Aprilia, Antonio Guido della lista \u201c Ripartire Aprilia\u201d, lancia idee e programmi anche sul tema degli eventi a cominciare da quelli che animeranno l\u2019estate Apriliana.","og_url":"https:\/\/www.romaoggi.eu\/index.php\/2018\/01\/23\/la-casa-della-cultura\/","og_site_name":"roma oggi","article_publisher":"https:\/\/www.facebook.com\/RomaOggi-841544845954114","article_published_time":"2018-01-23T07:50:47+00:00","article_modified_time":"2018-01-23T15:48:39+00:00","og_image":[{"width":950,"height":632,"url":"https:\/\/www.romaoggi.eu\/wp-content\/uploads\/2018\/01\/antonio-guido.jpg","type":"image\/jpeg"}],"author":"Lorella Iaci","twitter_card":"summary_large_image","twitter_creator":"@romaoggi_eu","twitter_site":"@romaoggi_eu","twitter_misc":{"Scritto da":"Lorella Iaci","Tempo di lettura stimato":"2 minuti"},"schema":{"@context":"https:\/\/schema.org","@graph":[{"@type":"Article","@id":"https:\/\/www.romaoggi.eu\/index.php\/2018\/01\/23\/la-casa-della-cultura\/#article","isPartOf":{"@id":"https:\/\/www.romaoggi.eu\/index.php\/2018\/01\/23\/la-casa-della-cultura\/"},"author":{"name":"Lorella Iaci","@id":"https:\/\/www.romaoggi.eu\/#\/schema\/person\/ad7b70148e60a0d338e73d0565829be4"},"headline":"La casa della cultura, questo l\u2019obiettivo finale del neo candidato a sindaco Antonio Guido","datePublished":"2018-01-23T07:50:47+00:00","dateModified":"2018-01-23T15:48:39+00:00","mainEntityOfPage":{"@id":"https:\/\/www.romaoggi.eu\/index.php\/2018\/01\/23\/la-casa-della-cultura\/"},"wordCount":416,"commentCount":0,"publisher":{"@id":"https:\/\/www.romaoggi.eu\/#organization"},"image":{"@id":"https:\/\/www.romaoggi.eu\/index.php\/2018\/01\/23\/la-casa-della-cultura\/#primaryimage"},"thumbnailUrl":"https:\/\/www.romaoggi.eu\/wp-content\/uploads\/2018\/01\/antonio-guido.jpg","keywords":["Amministrazione comunale","Aprilia","associazioni","candidato","comitato grandi eventi","la casa della cultura","sindaco"],"articleSection":["oltre Roma"],"inLanguage":"it-IT","potentialAction":[{"@type":"CommentAction","name":"Comment","target":["https:\/\/www.romaoggi.eu\/index.php\/2018\/01\/23\/la-casa-della-cultura\/#respond"]}]},{"@type":"WebPage","@id":"https:\/\/www.romaoggi.eu\/index.php\/2018\/01\/23\/la-casa-della-cultura\/","url":"https:\/\/www.romaoggi.eu\/index.php\/2018\/01\/23\/la-casa-della-cultura\/","name":"La casa della cultura, questo l\u2019obiettivo finale del neo candidato a sindaco Antonio Guido","isPartOf":{"@id":"https:\/\/www.romaoggi.eu\/#website"},"primaryImageOfPage":{"@id":"https:\/\/www.romaoggi.eu\/index.php\/2018\/01\/23\/la-casa-della-cultura\/#primaryimage"},"image":{"@id":"https:\/\/www.romaoggi.eu\/index.php\/2018\/01\/23\/la-casa-della-cultura\/#primaryimage"},"thumbnailUrl":"https:\/\/www.romaoggi.eu\/wp-content\/uploads\/2018\/01\/antonio-guido.jpg","datePublished":"2018-01-23T07:50:47+00:00","dateModified":"2018-01-23T15:48:39+00:00","description":"La casa della cultura, questo l\u2019obiettivo finale. Il neo candidato a sindaco delle prossime amministrative di Aprilia, Antonio Guido della lista \u201c Ripartire Aprilia\u201d, lancia idee e programmi anche sul tema degli eventi a cominciare da quelli che animeranno l\u2019estate Apriliana.","breadcrumb":{"@id":"https:\/\/www.romaoggi.eu\/index.php\/2018\/01\/23\/la-casa-della-cultura\/#breadcrumb"},"inLanguage":"it-IT","potentialAction":[{"@type":"ReadAction","target":["https:\/\/www.romaoggi.eu\/index.php\/2018\/01\/23\/la-casa-della-cultura\/"]}]},{"@type":"ImageObject","inLanguage":"it-IT","@id":"https:\/\/www.romaoggi.eu\/index.php\/2018\/01\/23\/la-casa-della-cultura\/#primaryimage","url":"https:\/\/www.romaoggi.eu\/wp-content\/uploads\/2018\/01\/antonio-guido.jpg","contentUrl":"https:\/\/www.romaoggi.eu\/wp-content\/uploads\/2018\/01\/antonio-guido.jpg","width":950,"height":632,"caption":"Antonio Guido"},{"@type":"BreadcrumbList","@id":"https:\/\/www.romaoggi.eu\/index.php\/2018\/01\/23\/la-casa-della-cultura\/#breadcrumb","itemListElement":[{"@type":"ListItem","position":1,"name":"Home","item":"https:\/\/www.romaoggi.eu\/"},{"@type":"ListItem","position":2,"name":"La casa della cultura, questo l\u2019obiettivo finale del neo candidato a sindaco Antonio Guido"}]},{"@type":"WebSite","@id":"https:\/\/www.romaoggi.eu\/#website","url":"https:\/\/www.romaoggi.eu\/","name":"roma oggi","description":"Interesting News for Interesting people","publisher":{"@id":"https:\/\/www.romaoggi.eu\/#organization"},"potentialAction":[{"@type":"SearchAction","target":{"@type":"EntryPoint","urlTemplate":"https:\/\/www.romaoggi.eu\/?s={search_term_string}"},"query-input":{"@type":"PropertyValueSpecification","valueRequired":true,"valueName":"search_term_string"}}],"inLanguage":"it-IT"},{"@type":"Organization","@id":"https:\/\/www.romaoggi.eu\/#organization","name":"RomaOggi","url":"https:\/\/www.romaoggi.eu\/","logo":{"@type":"ImageObject","inLanguage":"it-IT","@id":"https:\/\/www.romaoggi.eu\/#\/schema\/logo\/image\/","url":"https:\/\/www.romaoggi.eu\/wp-content\/uploads\/2017\/04\/logowp.jpg","contentUrl":"https:\/\/www.romaoggi.eu\/wp-content\/uploads\/2017\/04\/logowp.jpg","width":300,"height":133,"caption":"RomaOggi"},"image":{"@id":"https:\/\/www.romaoggi.eu\/#\/schema\/logo\/image\/"},"sameAs":["https:\/\/www.facebook.com\/RomaOggi-841544845954114","https:\/\/x.com\/romaoggi_eu"]},{"@type":"Person","@id":"https:\/\/www.romaoggi.eu\/#\/schema\/person\/ad7b70148e60a0d338e73d0565829be4","name":"Lorella Iaci","image":{"@type":"ImageObject","inLanguage":"it-IT","@id":"https:\/\/secure.gravatar.com\/avatar\/2e8016efed3d5fbee04daf254a3494924254701903584f9c0cb2504f0cdc20eb?s=96&d=mm&r=g","url":"https:\/\/secure.gravatar.com\/avatar\/2e8016efed3d5fbee04daf254a3494924254701903584f9c0cb2504f0cdc20eb?s=96&d=mm&r=g","contentUrl":"https:\/\/secure.gravatar.com\/avatar\/2e8016efed3d5fbee04daf254a3494924254701903584f9c0cb2504f0cdc20eb?s=96&d=mm&r=g","caption":"Lorella Iaci"},"url":"https:\/\/www.romaoggi.eu\/index.php\/author\/lorella\/"}]}},"_links":{"self":[{"href":"https:\/\/www.romaoggi.eu\/index.php\/wp-json\/wp\/v2\/posts\/13211","targetHints":{"allow":["GET"]}}],"collection":[{"href":"https:\/\/www.romaoggi.eu\/index.php\/wp-json\/wp\/v2\/posts"}],"about":[{"href":"https:\/\/www.romaoggi.eu\/index.php\/wp-json\/wp\/v2\/types\/post"}],"author":[{"embeddable":true,"href":"https:\/\/www.romaoggi.eu\/index.php\/wp-json\/wp\/v2\/users\/8"}],"replies":[{"embeddable":true,"href":"https:\/\/www.romaoggi.eu\/index.php\/wp-json\/wp\/v2\/comments?post=13211"}],"version-history":[{"count":6,"href":"https:\/\/www.romaoggi.eu\/index.php\/wp-json\/wp\/v2\/posts\/13211\/revisions"}],"predecessor-version":[{"id":13233,"href":"https:\/\/www.romaoggi.eu\/index.php\/wp-json\/wp\/v2\/posts\/13211\/revisions\/13233"}],"wp:featuredmedia":[{"embeddable":true,"href":"https:\/\/www.romaoggi.eu\/index.php\/wp-json\/wp\/v2\/media\/13213"}],"wp:attachment":[{"href":"https:\/\/www.romaoggi.eu\/index.php\/wp-json\/wp\/v2\/media?parent=13211"}],"wp:term":[{"taxonomy":"category","embeddable":true,"href":"https:\/\/www.romaoggi.eu\/index.php\/wp-json\/wp\/v2\/categories?post=13211"},{"taxonomy":"post_tag","embeddable":true,"href":"https:\/\/www.romaoggi.eu\/index.php\/wp-json\/wp\/v2\/tags?post=13211"}],"curies":[{"name":"wp","href":"https:\/\/api.w.org\/{rel}","templated":true}]}}