{"id":13272,"date":"2018-01-26T19:36:21","date_gmt":"2018-01-26T18:36:21","guid":{"rendered":"http:\/\/www.romaoggi.eu\/?p=13272"},"modified":"2018-01-26T19:36:21","modified_gmt":"2018-01-26T18:36:21","slug":"boomerang","status":"publish","type":"post","link":"https:\/\/www.romaoggi.eu\/index.php\/2018\/01\/26\/boomerang\/","title":{"rendered":"Al Teatro Nino Manfredi di Ostia arriva la commedia &#8220;Boomerang&#8221;"},"content":{"rendered":"<p align=\"CENTER\"><span style=\"color: #ff0000;\"><span style=\"font-family: 'Times New Roman', serif;\"><span style=\"font-size: medium;\"><b>BOOMERANG<\/b><\/span><\/span><\/span><\/p>\n<p align=\"CENTER\"><span style=\"color: #000000;\"><span style=\"font-family: 'Times New Roman', serif;\"><span style=\"font-size: medium;\">scritto e diretto da\u00a0<b>Angelo Longoni<\/b><\/span><\/span><\/span><\/p>\n<p align=\"CENTER\"><span style=\"color: #000000;\"><span style=\"font-family: 'Times New Roman', serif;\"><span style=\"font-size: medium;\">con\u00a0<b>Giorgio Borghetti,\u00a0Simone Colombari,\u00a0Eleonora Ivone,Amanda Sandrelli.<\/b><\/span><\/span><\/span><\/p>\n<p align=\"CENTER\"><span style=\"color: #000000;\"><span style=\"font-family: 'Times New Roman', serif;\"><span style=\"font-size: medium;\"><b>TEATRO NINO MANFREDI<\/b><\/span><\/span><\/span><\/p>\n<p align=\"CENTER\"><span style=\"color: #000000;\"><span style=\"font-family: 'Times New Roman', serif;\"><span style=\"font-size: medium;\">DAL 30 GENNAIO ALL&#8217;11 FEBBRAIO<\/span><\/span><\/span><\/p>\n<p align=\"JUSTIFY\"><span style=\"color: #000000;\"><span style=\"font-family: 'Times New Roman', serif;\"><span style=\"font-size: medium;\">Torna sul palco del\u00a0<b>Teatro Nino Manfredi di Ostia<\/b>\u00a0un nuovo lavoro registico di Angelo Longoni. Si tratta di\u00a0<b>Boomerang<\/b>, che sar\u00e0 in scena\u00a0<b>dal 30 gennaio all&#8217;11<\/b>\u00a0<b>febbraio,\u00a0<\/b>che vede protagonisti\u00a0<b>Giorgio Borghetti,\u00a0Simone Colombari,\u00a0Eleonora Ivone,\u00a0Amanda Sandrelli.<\/b><\/span><\/span><\/span><\/p>\n<p align=\"JUSTIFY\"><span style=\"color: #000000;\"><span style=\"font-family: 'Times New Roman', serif;\"><span style=\"font-size: medium;\">La scena \u00e8 ambientata in un casale in campagna, dove i componenti di una famiglia rimangono bloccati a causa di una grande nevicata.<\/span><\/span><\/span><\/p>\n<p align=\"JUSTIFY\"><span style=\"color: #000000;\"><span style=\"font-family: 'Times New Roman', serif;\"><span style=\"font-size: medium;\">Due giorni in attesa di poter celebrare il funerale del padre patriarca.<\/span><\/span><\/span><\/p>\n<p align=\"JUSTIFY\"><span style=\"color: #000000;\"><span style=\"font-family: 'Times New Roman', serif;\"><span style=\"font-size: medium;\">Il passato riemerge attraverso inattesi e comici scontri in una storia che affronta temi attuali e toccanti, attraverso le contraddizioni dell\u2019essere umano.<\/span><\/span><\/span><\/p>\n<p align=\"JUSTIFY\"><span style=\"color: #000000;\"><span style=\"font-family: 'Times New Roman', serif;\"><span style=\"font-size: medium;\">I segreti, le parole o le azioni del passato a volte ritornano minacciosi, proprio come un\u00a0<i>boomerang<\/i>\u00a0scagliato molto tempo prima e gli effetti dannosi innescati diventano reali nel presente. Ci\u00f2 vale ancora di pi\u00f9 quando questi effetti riguardano la principale istituzione della nostra societ\u00e0 borghese: la famiglia<\/span><\/span><\/span><\/p>\n<p align=\"JUSTIFY\"><span style=\"color: #000000;\"><span style=\"font-family: 'Times New Roman', serif;\"><span style=\"font-size: medium;\">I componenti della famiglia sono tutti portatori di un problema che confligge con i problemi e con le necessit\u00e0 degli altri e ognuno di loro ha un interesse derivante dalla dipartita dell\u2019anziano padre. Cos\u00ec si confondono interessi economici e sentimentali, rancori dell\u2019infanzia con segreti attuali, tradimenti e bugie, affetti e insofferenze.<\/span><\/span><\/span><\/p>\n<p align=\"JUSTIFY\"><span style=\"color: #000000;\"><span style=\"font-family: 'Times New Roman', serif;\"><span style=\"font-size: medium;\">Boomerang \u00e8 una commedia divertente e scorretta che si svolge durante una veglia funebre forzata e prolungata e che va a colpire gli stereotipi del perbenismo famigliare sfociando in un caos irriverente tipico della black comedy.<\/span><\/span><\/span><\/p>\n<p align=\"JUSTIFY\"><span style=\"color: #000000;\"><span style=\"font-family: 'Times New Roman', serif;\"><span style=\"font-size: medium;\">La famiglia diventa cos\u00ec molto simile al paese in cui viviamo, i difetti del microcosmo sono metaforicamente estendibili a quelli della societ\u00e0, e l\u2019individualismo prende il sopravvento sul bene comune.<\/span><\/span><\/span><\/p>\n<p align=\"JUSTIFY\"><span style=\"color: #000000;\"><span style=\"font-family: 'Times New Roman', serif;\"><span style=\"font-size: medium;\"><b>Boomerang<\/b><\/span><\/span><\/span><\/p>\n<p align=\"JUSTIFY\"><span style=\"color: #000000;\"><span style=\"font-family: 'Times New Roman', serif;\"><span style=\"font-size: medium;\">Scritto e diretto da Angelo Longoni<\/span><\/span><\/span><\/p>\n<p align=\"JUSTIFY\"><span style=\"color: #000000;\"><span style=\"font-family: 'Times New Roman', serif;\"><span style=\"font-size: medium;\">Con Giorgio Borghetti, Simone Colombari, Eleonora Ivone, Amanda Sandrelli.<\/span><\/span><\/span><\/p>\n<p><span style=\"color: #000000;\"><span style=\"font-family: 'Times New Roman', serif;\"><span style=\"font-size: medium;\"><b>Teatro Nino Manfredi<\/b><\/span><\/span><\/span><\/p>\n<p><span style=\"color: #000000;\"><span style=\"font-family: 'Times New Roman', serif;\"><span style=\"font-size: medium;\">via del Pallottini 10<\/span><\/span><\/span><\/p>\n<p><span style=\"color: #000000;\"><span style=\"font-family: 'Times New Roman', serif;\"><span style=\"font-size: medium;\">30, 31 gennaio ore 21.00<br \/>\n1, 2, 3, 6, 8. 9 febbraio ore 21.00<br \/>\n4, 7, 11 febbraio ore 17.30<br \/>\n10 febbraio ore 17.30 e 21.00<\/span><\/span><\/span><\/p>\n<p><span style=\"color: #000000;\"><span style=\"font-family: 'Times New Roman', serif;\"><span style=\"font-size: medium;\">biglietti\u00a0<span style=\"color: #262626;\">intero: \u20ac 26 Platea, \u20ac 22 Galleria<\/span><\/span><\/span><\/span><\/p>\n<p><span style=\"color: #262626;\"><span style=\"font-family: 'Times New Roman', serif;\"><span style=\"font-size: medium;\">ridotto: \u20ac 22 Platea, \u20ac 20 Galleria<\/span><\/span><\/span><\/p>\n<p align=\"JUSTIFY\"><a href=\"https:\/\/www.romaoggi.eu\/index.php\/2017\/12\/07\/hostaria-edmondo-2\/\"><span style=\"font-family: 'Times New Roman', serif;\"><span style=\"font-size: medium;\"><b>RomaOggi.eu \u2192 Leggi il prossimo articolo <\/b><\/span><\/span><\/a><\/p>\n<p align=\"JUSTIFY\"><span style=\"font-family: 'Times New Roman', serif;\"><span style=\"font-size: medium;\">La Redazione <\/span><\/span><\/p>\n<p align=\"JUSTIFY\"><span style=\"font-family: 'Times New Roman', serif;\"><span style=\"font-size: medium;\">RomaOggi.eu \u201cInteresting news for interesting people\u201d<\/span><\/span><\/p>\n<figure id=\"attachment_12981\" aria-describedby=\"caption-attachment-12981\" style=\"width: 300px\" class=\"wp-caption aligncenter\"><img loading=\"lazy\" decoding=\"async\" class=\"wp-image-12981 size-medium\" src=\"https:\/\/www.romaoggi.eu\/wp-content\/uploads\/2018\/01\/CCW-300x250-SCONTO-5-300x250.jpg\" alt=\"Alt text cinecitt\u00e0 world\" width=\"300\" height=\"250\" \/><figcaption id=\"caption-attachment-12981\" class=\"wp-caption-text\"><a href=\"https:\/\/www.cinecittaworld.it\/Vendita\/Biglietti-e-prezzi?Coupon=ROMAOGGI&amp;Adulti=2&amp;Ridotti=0\"><strong>Ottieni uno sconto sull&#8217;acquisto dei biglietti! CLICCA QUI<\/strong><\/a><\/figcaption><\/figure>\n","protected":false},"excerpt":{"rendered":"<div class=\"mh-excerpt\"><p>BOOMERANG scritto e diretto da\u00a0Angelo Longoni con\u00a0Giorgio Borghetti,\u00a0Simone Colombari,\u00a0Eleonora Ivone,Amanda Sandrelli. TEATRO NINO MANFREDI DAL 30 GENNAIO ALL&#8217;11 FEBBRAIO Torna sul palco del\u00a0Teatro Nino Manfredi di Ostia\u00a0un nuovo lavoro registico di Angelo Longoni. Si tratta <a class=\"mh-excerpt-more\" href=\"https:\/\/www.romaoggi.eu\/index.php\/2018\/01\/26\/boomerang\/\" title=\"Al Teatro Nino Manfredi di Ostia arriva la commedia &#8220;Boomerang&#8221;\">[&#8230;]<\/a><\/p>\n<\/div>","protected":false},"author":5,"featured_media":13273,"comment_status":"open","ping_status":"open","sticky":false,"template":"","format":"standard","meta":{"_sitemap_exclude":false,"_sitemap_priority":"","_sitemap_frequency":"","footnotes":""},"categories":[4281],"tags":[6418,9166,8088,26,7691,877,159,1644,817,1738,634,85,763],"class_list":["post-13272","post","type-post","status-publish","format-standard","has-post-thumbnail","hentry","category-teatro","tag-6418","tag-boomerang","tag-cinecitta-world","tag-cristiano-morelli","tag-hostaria-edmondo","tag-italia","tag-lazio","tag-regione-lazio","tag-romaoggi","tag-romaoggi-eu","tag-rome","tag-teatro","tag-teatro-nino-manfredi"],"yoast_head":"<!-- This site is optimized with the Yoast SEO plugin v27.5 - https:\/\/yoast.com\/product\/yoast-seo-wordpress\/ -->\n<title>Al Teatro Nino Manfredi di Ostia arriva la commedia &quot;Boomerang&quot;<\/title>\n<meta name=\"description\" content=\"Torna sul palco del\u00a0Teatro Nino Manfredi di Ostia\u00a0un nuovo lavoro registico di Angelo Longoni. Si tratta di\u00a0Boomerang, che sar\u00e0 in scena\u00a0dal 30 gennaio all&#039;11\u00a0febbraio,\u00a0che vede protagonisti\u00a0Giorgio Borghetti,\u00a0Simone Colombari,\u00a0Eleonora Ivone,\u00a0Amanda Sandrelli....\" \/>\n<meta name=\"robots\" content=\"index, follow, max-snippet:-1, max-image-preview:large, max-video-preview:-1\" \/>\n<link rel=\"canonical\" href=\"https:\/\/www.romaoggi.eu\/index.php\/2018\/01\/26\/boomerang\/\" \/>\n<meta property=\"og:locale\" content=\"it_IT\" \/>\n<meta property=\"og:type\" content=\"article\" \/>\n<meta property=\"og:title\" content=\"Al Teatro Nino Manfredi di Ostia arriva la commedia &quot;Boomerang&quot;\" \/>\n<meta property=\"og:description\" content=\"Torna sul palco del\u00a0Teatro Nino Manfredi di Ostia\u00a0un nuovo lavoro registico di Angelo Longoni. Si tratta di\u00a0Boomerang, che sar\u00e0 in scena\u00a0dal 30 gennaio all&#039;11\u00a0febbraio,\u00a0che vede protagonisti\u00a0Giorgio Borghetti,\u00a0Simone Colombari,\u00a0Eleonora Ivone,\u00a0Amanda Sandrelli....\" \/>\n<meta property=\"og:url\" content=\"https:\/\/www.romaoggi.eu\/index.php\/2018\/01\/26\/boomerang\/\" \/>\n<meta property=\"og:site_name\" content=\"roma oggi\" \/>\n<meta property=\"article:publisher\" content=\"https:\/\/www.facebook.com\/RomaOggi-841544845954114\" \/>\n<meta property=\"article:published_time\" content=\"2018-01-26T18:36:21+00:00\" \/>\n<meta property=\"og:image\" content=\"https:\/\/www.romaoggi.eu\/wp-content\/uploads\/2018\/01\/Fronte-BOOMERANG-web.jpg\" \/>\n\t<meta property=\"og:image:width\" content=\"591\" \/>\n\t<meta property=\"og:image:height\" content=\"1239\" \/>\n\t<meta property=\"og:image:type\" content=\"image\/jpeg\" \/>\n<meta name=\"author\" content=\"Flavio\" \/>\n<meta name=\"twitter:card\" content=\"summary_large_image\" \/>\n<meta name=\"twitter:creator\" content=\"@romaoggi_eu\" \/>\n<meta name=\"twitter:site\" content=\"@romaoggi_eu\" \/>\n<meta name=\"twitter:label1\" content=\"Scritto da\" \/>\n\t<meta name=\"twitter:data1\" content=\"Flavio\" \/>\n\t<meta name=\"twitter:label2\" content=\"Tempo di lettura stimato\" \/>\n\t<meta name=\"twitter:data2\" content=\"2 minuti\" \/>\n<script type=\"application\/ld+json\" class=\"yoast-schema-graph\">{\"@context\":\"https:\\\/\\\/schema.org\",\"@graph\":[{\"@type\":\"Article\",\"@id\":\"https:\\\/\\\/www.romaoggi.eu\\\/index.php\\\/2018\\\/01\\\/26\\\/boomerang\\\/#article\",\"isPartOf\":{\"@id\":\"https:\\\/\\\/www.romaoggi.eu\\\/index.php\\\/2018\\\/01\\\/26\\\/boomerang\\\/\"},\"author\":{\"name\":\"Flavio\",\"@id\":\"https:\\\/\\\/www.romaoggi.eu\\\/#\\\/schema\\\/person\\\/cc12bfd93370392d7e41d243e47e6681\"},\"headline\":\"Al Teatro Nino Manfredi di Ostia arriva la commedia &#8220;Boomerang&#8221;\",\"datePublished\":\"2018-01-26T18:36:21+00:00\",\"mainEntityOfPage\":{\"@id\":\"https:\\\/\\\/www.romaoggi.eu\\\/index.php\\\/2018\\\/01\\\/26\\\/boomerang\\\/\"},\"wordCount\":365,\"commentCount\":0,\"publisher\":{\"@id\":\"https:\\\/\\\/www.romaoggi.eu\\\/#organization\"},\"image\":{\"@id\":\"https:\\\/\\\/www.romaoggi.eu\\\/index.php\\\/2018\\\/01\\\/26\\\/boomerang\\\/#primaryimage\"},\"thumbnailUrl\":\"https:\\\/\\\/www.romaoggi.eu\\\/wp-content\\\/uploads\\\/2018\\\/01\\\/Fronte-BOOMERANG-web.jpg\",\"keywords\":[\"2018\",\"BOOMERANG\",\"Cinecitt\u00e0 World\",\"cristiano morelli\",\"Hostaria Edmondo\",\"italia\",\"lazio\",\"Regione Lazio\",\"romaoggi\",\"RomaOggi.eu\",\"rome\",\"teatro\",\"teatro nino manfredi\"],\"articleSection\":[\"teatro\"],\"inLanguage\":\"it-IT\",\"potentialAction\":[{\"@type\":\"CommentAction\",\"name\":\"Comment\",\"target\":[\"https:\\\/\\\/www.romaoggi.eu\\\/index.php\\\/2018\\\/01\\\/26\\\/boomerang\\\/#respond\"]}]},{\"@type\":\"WebPage\",\"@id\":\"https:\\\/\\\/www.romaoggi.eu\\\/index.php\\\/2018\\\/01\\\/26\\\/boomerang\\\/\",\"url\":\"https:\\\/\\\/www.romaoggi.eu\\\/index.php\\\/2018\\\/01\\\/26\\\/boomerang\\\/\",\"name\":\"Al Teatro Nino Manfredi di Ostia arriva la commedia \\\"Boomerang\\\"\",\"isPartOf\":{\"@id\":\"https:\\\/\\\/www.romaoggi.eu\\\/#website\"},\"primaryImageOfPage\":{\"@id\":\"https:\\\/\\\/www.romaoggi.eu\\\/index.php\\\/2018\\\/01\\\/26\\\/boomerang\\\/#primaryimage\"},\"image\":{\"@id\":\"https:\\\/\\\/www.romaoggi.eu\\\/index.php\\\/2018\\\/01\\\/26\\\/boomerang\\\/#primaryimage\"},\"thumbnailUrl\":\"https:\\\/\\\/www.romaoggi.eu\\\/wp-content\\\/uploads\\\/2018\\\/01\\\/Fronte-BOOMERANG-web.jpg\",\"datePublished\":\"2018-01-26T18:36:21+00:00\",\"description\":\"Torna sul palco del\u00a0Teatro Nino Manfredi di Ostia\u00a0un nuovo lavoro registico di Angelo Longoni. Si tratta di\u00a0Boomerang, che sar\u00e0 in scena\u00a0dal 30 gennaio all'11\u00a0febbraio,\u00a0che vede protagonisti\u00a0Giorgio Borghetti,\u00a0Simone Colombari,\u00a0Eleonora Ivone,\u00a0Amanda Sandrelli....\",\"breadcrumb\":{\"@id\":\"https:\\\/\\\/www.romaoggi.eu\\\/index.php\\\/2018\\\/01\\\/26\\\/boomerang\\\/#breadcrumb\"},\"inLanguage\":\"it-IT\",\"potentialAction\":[{\"@type\":\"ReadAction\",\"target\":[\"https:\\\/\\\/www.romaoggi.eu\\\/index.php\\\/2018\\\/01\\\/26\\\/boomerang\\\/\"]}]},{\"@type\":\"ImageObject\",\"inLanguage\":\"it-IT\",\"@id\":\"https:\\\/\\\/www.romaoggi.eu\\\/index.php\\\/2018\\\/01\\\/26\\\/boomerang\\\/#primaryimage\",\"url\":\"https:\\\/\\\/www.romaoggi.eu\\\/wp-content\\\/uploads\\\/2018\\\/01\\\/Fronte-BOOMERANG-web.jpg\",\"contentUrl\":\"https:\\\/\\\/www.romaoggi.eu\\\/wp-content\\\/uploads\\\/2018\\\/01\\\/Fronte-BOOMERANG-web.jpg\",\"width\":591,\"height\":1239},{\"@type\":\"BreadcrumbList\",\"@id\":\"https:\\\/\\\/www.romaoggi.eu\\\/index.php\\\/2018\\\/01\\\/26\\\/boomerang\\\/#breadcrumb\",\"itemListElement\":[{\"@type\":\"ListItem\",\"position\":1,\"name\":\"Home\",\"item\":\"https:\\\/\\\/www.romaoggi.eu\\\/\"},{\"@type\":\"ListItem\",\"position\":2,\"name\":\"Al Teatro Nino Manfredi di Ostia arriva la commedia &#8220;Boomerang&#8221;\"}]},{\"@type\":\"WebSite\",\"@id\":\"https:\\\/\\\/www.romaoggi.eu\\\/#website\",\"url\":\"https:\\\/\\\/www.romaoggi.eu\\\/\",\"name\":\"roma oggi\",\"description\":\"Interesting News for Interesting people\",\"publisher\":{\"@id\":\"https:\\\/\\\/www.romaoggi.eu\\\/#organization\"},\"potentialAction\":[{\"@type\":\"SearchAction\",\"target\":{\"@type\":\"EntryPoint\",\"urlTemplate\":\"https:\\\/\\\/www.romaoggi.eu\\\/?s={search_term_string}\"},\"query-input\":{\"@type\":\"PropertyValueSpecification\",\"valueRequired\":true,\"valueName\":\"search_term_string\"}}],\"inLanguage\":\"it-IT\"},{\"@type\":\"Organization\",\"@id\":\"https:\\\/\\\/www.romaoggi.eu\\\/#organization\",\"name\":\"RomaOggi\",\"url\":\"https:\\\/\\\/www.romaoggi.eu\\\/\",\"logo\":{\"@type\":\"ImageObject\",\"inLanguage\":\"it-IT\",\"@id\":\"https:\\\/\\\/www.romaoggi.eu\\\/#\\\/schema\\\/logo\\\/image\\\/\",\"url\":\"https:\\\/\\\/www.romaoggi.eu\\\/wp-content\\\/uploads\\\/2017\\\/04\\\/logowp.jpg\",\"contentUrl\":\"https:\\\/\\\/www.romaoggi.eu\\\/wp-content\\\/uploads\\\/2017\\\/04\\\/logowp.jpg\",\"width\":300,\"height\":133,\"caption\":\"RomaOggi\"},\"image\":{\"@id\":\"https:\\\/\\\/www.romaoggi.eu\\\/#\\\/schema\\\/logo\\\/image\\\/\"},\"sameAs\":[\"https:\\\/\\\/www.facebook.com\\\/RomaOggi-841544845954114\",\"https:\\\/\\\/x.com\\\/romaoggi_eu\"]},{\"@type\":\"Person\",\"@id\":\"https:\\\/\\\/www.romaoggi.eu\\\/#\\\/schema\\\/person\\\/cc12bfd93370392d7e41d243e47e6681\",\"name\":\"Flavio\",\"image\":{\"@type\":\"ImageObject\",\"inLanguage\":\"it-IT\",\"@id\":\"https:\\\/\\\/secure.gravatar.com\\\/avatar\\\/7e044ce830ea97853e01500437b37dff4a622b20a194e4d0efe9b67e918f19e5?s=96&d=mm&r=g\",\"url\":\"https:\\\/\\\/secure.gravatar.com\\\/avatar\\\/7e044ce830ea97853e01500437b37dff4a622b20a194e4d0efe9b67e918f19e5?s=96&d=mm&r=g\",\"contentUrl\":\"https:\\\/\\\/secure.gravatar.com\\\/avatar\\\/7e044ce830ea97853e01500437b37dff4a622b20a194e4d0efe9b67e918f19e5?s=96&d=mm&r=g\",\"caption\":\"Flavio\"},\"url\":\"https:\\\/\\\/www.romaoggi.eu\\\/index.php\\\/author\\\/cristiano\\\/\"}]}<\/script>\n<!-- \/ Yoast SEO plugin. -->","yoast_head_json":{"title":"Al Teatro Nino Manfredi di Ostia arriva la commedia \"Boomerang\"","description":"Torna sul palco del\u00a0Teatro Nino Manfredi di Ostia\u00a0un nuovo lavoro registico di Angelo Longoni. Si tratta di\u00a0Boomerang, che sar\u00e0 in scena\u00a0dal 30 gennaio all'11\u00a0febbraio,\u00a0che vede protagonisti\u00a0Giorgio Borghetti,\u00a0Simone Colombari,\u00a0Eleonora Ivone,\u00a0Amanda Sandrelli....","robots":{"index":"index","follow":"follow","max-snippet":"max-snippet:-1","max-image-preview":"max-image-preview:large","max-video-preview":"max-video-preview:-1"},"canonical":"https:\/\/www.romaoggi.eu\/index.php\/2018\/01\/26\/boomerang\/","og_locale":"it_IT","og_type":"article","og_title":"Al Teatro Nino Manfredi di Ostia arriva la commedia \"Boomerang\"","og_description":"Torna sul palco del\u00a0Teatro Nino Manfredi di Ostia\u00a0un nuovo lavoro registico di Angelo Longoni. Si tratta di\u00a0Boomerang, che sar\u00e0 in scena\u00a0dal 30 gennaio all'11\u00a0febbraio,\u00a0che vede protagonisti\u00a0Giorgio Borghetti,\u00a0Simone Colombari,\u00a0Eleonora Ivone,\u00a0Amanda Sandrelli....","og_url":"https:\/\/www.romaoggi.eu\/index.php\/2018\/01\/26\/boomerang\/","og_site_name":"roma oggi","article_publisher":"https:\/\/www.facebook.com\/RomaOggi-841544845954114","article_published_time":"2018-01-26T18:36:21+00:00","og_image":[{"width":591,"height":1239,"url":"https:\/\/www.romaoggi.eu\/wp-content\/uploads\/2018\/01\/Fronte-BOOMERANG-web.jpg","type":"image\/jpeg"}],"author":"Flavio","twitter_card":"summary_large_image","twitter_creator":"@romaoggi_eu","twitter_site":"@romaoggi_eu","twitter_misc":{"Scritto da":"Flavio","Tempo di lettura stimato":"2 minuti"},"schema":{"@context":"https:\/\/schema.org","@graph":[{"@type":"Article","@id":"https:\/\/www.romaoggi.eu\/index.php\/2018\/01\/26\/boomerang\/#article","isPartOf":{"@id":"https:\/\/www.romaoggi.eu\/index.php\/2018\/01\/26\/boomerang\/"},"author":{"name":"Flavio","@id":"https:\/\/www.romaoggi.eu\/#\/schema\/person\/cc12bfd93370392d7e41d243e47e6681"},"headline":"Al Teatro Nino Manfredi di Ostia arriva la commedia &#8220;Boomerang&#8221;","datePublished":"2018-01-26T18:36:21+00:00","mainEntityOfPage":{"@id":"https:\/\/www.romaoggi.eu\/index.php\/2018\/01\/26\/boomerang\/"},"wordCount":365,"commentCount":0,"publisher":{"@id":"https:\/\/www.romaoggi.eu\/#organization"},"image":{"@id":"https:\/\/www.romaoggi.eu\/index.php\/2018\/01\/26\/boomerang\/#primaryimage"},"thumbnailUrl":"https:\/\/www.romaoggi.eu\/wp-content\/uploads\/2018\/01\/Fronte-BOOMERANG-web.jpg","keywords":["2018","BOOMERANG","Cinecitt\u00e0 World","cristiano morelli","Hostaria Edmondo","italia","lazio","Regione Lazio","romaoggi","RomaOggi.eu","rome","teatro","teatro nino manfredi"],"articleSection":["teatro"],"inLanguage":"it-IT","potentialAction":[{"@type":"CommentAction","name":"Comment","target":["https:\/\/www.romaoggi.eu\/index.php\/2018\/01\/26\/boomerang\/#respond"]}]},{"@type":"WebPage","@id":"https:\/\/www.romaoggi.eu\/index.php\/2018\/01\/26\/boomerang\/","url":"https:\/\/www.romaoggi.eu\/index.php\/2018\/01\/26\/boomerang\/","name":"Al Teatro Nino Manfredi di Ostia arriva la commedia \"Boomerang\"","isPartOf":{"@id":"https:\/\/www.romaoggi.eu\/#website"},"primaryImageOfPage":{"@id":"https:\/\/www.romaoggi.eu\/index.php\/2018\/01\/26\/boomerang\/#primaryimage"},"image":{"@id":"https:\/\/www.romaoggi.eu\/index.php\/2018\/01\/26\/boomerang\/#primaryimage"},"thumbnailUrl":"https:\/\/www.romaoggi.eu\/wp-content\/uploads\/2018\/01\/Fronte-BOOMERANG-web.jpg","datePublished":"2018-01-26T18:36:21+00:00","description":"Torna sul palco del\u00a0Teatro Nino Manfredi di Ostia\u00a0un nuovo lavoro registico di Angelo Longoni. Si tratta di\u00a0Boomerang, che sar\u00e0 in scena\u00a0dal 30 gennaio all'11\u00a0febbraio,\u00a0che vede protagonisti\u00a0Giorgio Borghetti,\u00a0Simone Colombari,\u00a0Eleonora Ivone,\u00a0Amanda Sandrelli....","breadcrumb":{"@id":"https:\/\/www.romaoggi.eu\/index.php\/2018\/01\/26\/boomerang\/#breadcrumb"},"inLanguage":"it-IT","potentialAction":[{"@type":"ReadAction","target":["https:\/\/www.romaoggi.eu\/index.php\/2018\/01\/26\/boomerang\/"]}]},{"@type":"ImageObject","inLanguage":"it-IT","@id":"https:\/\/www.romaoggi.eu\/index.php\/2018\/01\/26\/boomerang\/#primaryimage","url":"https:\/\/www.romaoggi.eu\/wp-content\/uploads\/2018\/01\/Fronte-BOOMERANG-web.jpg","contentUrl":"https:\/\/www.romaoggi.eu\/wp-content\/uploads\/2018\/01\/Fronte-BOOMERANG-web.jpg","width":591,"height":1239},{"@type":"BreadcrumbList","@id":"https:\/\/www.romaoggi.eu\/index.php\/2018\/01\/26\/boomerang\/#breadcrumb","itemListElement":[{"@type":"ListItem","position":1,"name":"Home","item":"https:\/\/www.romaoggi.eu\/"},{"@type":"ListItem","position":2,"name":"Al Teatro Nino Manfredi di Ostia arriva la commedia &#8220;Boomerang&#8221;"}]},{"@type":"WebSite","@id":"https:\/\/www.romaoggi.eu\/#website","url":"https:\/\/www.romaoggi.eu\/","name":"roma oggi","description":"Interesting News for Interesting people","publisher":{"@id":"https:\/\/www.romaoggi.eu\/#organization"},"potentialAction":[{"@type":"SearchAction","target":{"@type":"EntryPoint","urlTemplate":"https:\/\/www.romaoggi.eu\/?s={search_term_string}"},"query-input":{"@type":"PropertyValueSpecification","valueRequired":true,"valueName":"search_term_string"}}],"inLanguage":"it-IT"},{"@type":"Organization","@id":"https:\/\/www.romaoggi.eu\/#organization","name":"RomaOggi","url":"https:\/\/www.romaoggi.eu\/","logo":{"@type":"ImageObject","inLanguage":"it-IT","@id":"https:\/\/www.romaoggi.eu\/#\/schema\/logo\/image\/","url":"https:\/\/www.romaoggi.eu\/wp-content\/uploads\/2017\/04\/logowp.jpg","contentUrl":"https:\/\/www.romaoggi.eu\/wp-content\/uploads\/2017\/04\/logowp.jpg","width":300,"height":133,"caption":"RomaOggi"},"image":{"@id":"https:\/\/www.romaoggi.eu\/#\/schema\/logo\/image\/"},"sameAs":["https:\/\/www.facebook.com\/RomaOggi-841544845954114","https:\/\/x.com\/romaoggi_eu"]},{"@type":"Person","@id":"https:\/\/www.romaoggi.eu\/#\/schema\/person\/cc12bfd93370392d7e41d243e47e6681","name":"Flavio","image":{"@type":"ImageObject","inLanguage":"it-IT","@id":"https:\/\/secure.gravatar.com\/avatar\/7e044ce830ea97853e01500437b37dff4a622b20a194e4d0efe9b67e918f19e5?s=96&d=mm&r=g","url":"https:\/\/secure.gravatar.com\/avatar\/7e044ce830ea97853e01500437b37dff4a622b20a194e4d0efe9b67e918f19e5?s=96&d=mm&r=g","contentUrl":"https:\/\/secure.gravatar.com\/avatar\/7e044ce830ea97853e01500437b37dff4a622b20a194e4d0efe9b67e918f19e5?s=96&d=mm&r=g","caption":"Flavio"},"url":"https:\/\/www.romaoggi.eu\/index.php\/author\/cristiano\/"}]}},"_links":{"self":[{"href":"https:\/\/www.romaoggi.eu\/index.php\/wp-json\/wp\/v2\/posts\/13272","targetHints":{"allow":["GET"]}}],"collection":[{"href":"https:\/\/www.romaoggi.eu\/index.php\/wp-json\/wp\/v2\/posts"}],"about":[{"href":"https:\/\/www.romaoggi.eu\/index.php\/wp-json\/wp\/v2\/types\/post"}],"author":[{"embeddable":true,"href":"https:\/\/www.romaoggi.eu\/index.php\/wp-json\/wp\/v2\/users\/5"}],"replies":[{"embeddable":true,"href":"https:\/\/www.romaoggi.eu\/index.php\/wp-json\/wp\/v2\/comments?post=13272"}],"version-history":[{"count":1,"href":"https:\/\/www.romaoggi.eu\/index.php\/wp-json\/wp\/v2\/posts\/13272\/revisions"}],"predecessor-version":[{"id":13274,"href":"https:\/\/www.romaoggi.eu\/index.php\/wp-json\/wp\/v2\/posts\/13272\/revisions\/13274"}],"wp:featuredmedia":[{"embeddable":true,"href":"https:\/\/www.romaoggi.eu\/index.php\/wp-json\/wp\/v2\/media\/13273"}],"wp:attachment":[{"href":"https:\/\/www.romaoggi.eu\/index.php\/wp-json\/wp\/v2\/media?parent=13272"}],"wp:term":[{"taxonomy":"category","embeddable":true,"href":"https:\/\/www.romaoggi.eu\/index.php\/wp-json\/wp\/v2\/categories?post=13272"},{"taxonomy":"post_tag","embeddable":true,"href":"https:\/\/www.romaoggi.eu\/index.php\/wp-json\/wp\/v2\/tags?post=13272"}],"curies":[{"name":"wp","href":"https:\/\/api.w.org\/{rel}","templated":true}]}}