{"id":13290,"date":"2018-01-27T15:55:48","date_gmt":"2018-01-27T14:55:48","guid":{"rendered":"http:\/\/www.romaoggi.eu\/?p=13290"},"modified":"2018-01-27T15:55:48","modified_gmt":"2018-01-27T14:55:48","slug":"virtus-roma-22","status":"publish","type":"post","link":"https:\/\/www.romaoggi.eu\/index.php\/2018\/01\/27\/virtus-roma-22\/","title":{"rendered":"Virtus Roma ospite della Givova domani alle 18.00. Bechi: \u00abScafati squadra tosta, esperta e completa; dobbiamo rimanere coesi in questo momento\u00bb"},"content":{"rendered":"<p>https:\/\/www.facebook.com\/VirtusRoma\/videos\/10156163880196204\/<\/p>\n<p align=\"JUSTIFY\"><span style=\"color: #000000;\"><span style=\"font-family: 'Times New Roman', serif;\"><span style=\"font-size: medium;\">Terza giornata del girone di ritorno in Serie A2 Ovest: la <b>Virtus Roma <\/b>sar\u00e0 impegnata in trasferta al PalaMangano di Scafati, dove domani alle ore 18.00 sar\u00e0 ospite della <b>Givova <\/b>di coach Perdichizzi. Gli uomini di coach Bechi sono reduci da due sconfitte consecutive e cercano una vittoria in trasferta che manca dal 22 ottobre (vittoria a Trapani), ma devono fare i conti con le assenze per infortunio, tutte nel reparto lunghi, di Benetti, Filloy e Vedovato. Esordio per il neo-arrivato Davide Parente. <\/span><\/span><\/span><\/p>\n<p align=\"JUSTIFY\"><span style=\"color: #000000;\"><span style=\"font-family: 'Times New Roman', serif;\"><span style=\"font-size: medium;\"><b>Gli avversari <\/b>\u2013 Scafati \u00e8 una delle migliori squadre del girone Ovest, come testimonia il quarto posto in classifica con 11-6 di record, e sta attraversando anche un ottimo momento di forma avendo vinto quattro delle ultime cinque gare di campionato. Rispetto alla sfida dell\u2019andata, vinta dai campani 87-92, non ci sar\u00e0 Anthony Miles, fermato per doping lo scorso dicembre, sostituito senza rimpianti da <b>Andrew Lawrence <\/b>(19.6 punti e 5 assist). Di fianco all\u2019americano nel reparto guardie parte in quintetto Gabriele Spizzichini (8 punti e 4 assist), mentre in ala piccola c\u2019\u00e8 Marco Santiangeli (8.4 punti). Sotto canestro la solidit\u00e0 della coppia formata da Marco Ammannato (6.9 punti e 3.6 rimbalzi in 21.5 minuti) e <b>Brandon Sherrod <\/b>(16 punti, 10.6 rimbalzi, primo a Ovest in graduatoria, e 2.5 assist). Dalla panchina <b>Nicolas Crow <\/b>(9.1 punti) \u00e8 il primo a uscire davanti a Romeo, Ranuzzi e Pipitone. <\/span><\/span><\/span><\/p>\n<p align=\"JUSTIFY\"><span style=\"color: #000000;\"><span style=\"font-family: 'Times New Roman', serif;\"><span style=\"font-size: medium;\"><b>Le parole del coach <\/b>\u2013 Queste le parole di coach <b>Luca Bechi <\/b>alla vigilia del match: <i>\u00abAbbiamo avuto una serie di infortuni a catena che si sono aggiunti peraltro a tutte le influenze sub\u00ecte da giocatori e staff tecnico. Purtroppo questo fa parte del gioco, anche se non vorremmo che accadesse. Il momento \u00e8 difficile, ma dobbiamo restare uniti. Sappiamo che le partite non ci aspettano e dobbiamo andare in campo pi\u00f9 coesi e determinati per cercare di trasformare la situazione negativa in un\u2019esperienza positiva. Scafati \u00e8 una squadra tosta: esperta, completa in tutti i ruoli, che difende forte. \u00c8 nelle prime posizioni della classifica anche grazie al talento di Santiangeli e Lawrence che sono due giocatori in grado di produrre break importanti. Ha fisicit\u00e0, con l\u2019energia e la determinazione dentro l\u2019area di Ammannato e Sherrod. Hanno preso confidenza dalle vittorie e sar\u00e0 una partita nella quale dovremo pareggiare la loro aggressivit\u00e0 fisica e mentale, una gara da giocare minuto per minuto per tutti i quaranta minuti, con il roster a nostra disposizione e con coesione massima. Da questi momenti difficili si pu\u00f2 risorgere e diventare una squadra forte nel futuro\u00bb<\/i>. <\/span><\/span><\/span><\/p>\n<p align=\"JUSTIFY\"><span style=\"color: #000000;\"><span style=\"font-family: 'Times New Roman', serif;\"><span style=\"font-size: medium;\"><b>Arbitri <\/b>\u2013 Arbitreranno l\u2019incontro i signori <b>Francesco Terranova <\/b>(Ferrara), <b>Marco Pierantozzi <\/b>(Ascoli Piceno) e <b>Stefano Wassermann <\/b>(Trieste). <\/span><\/span><\/span><\/p>\n<p align=\"JUSTIFY\"><span style=\"color: #000000;\"><span style=\"font-family: 'Times New Roman', serif;\"><span style=\"font-size: medium;\"><b>I media <\/b><\/span><\/span><\/span><\/p>\n<p align=\"JUSTIFY\"><span style=\"color: #000000;\"><span style=\"font-family: 'Times New Roman', serif;\"><span style=\"font-size: medium;\"><b>Tv \u2013 <\/b>Differita tv marted\u00ec 30 gennaio alle ore 23.00 su Teleroma 56 (canale 15 del digitale terrestre); Luned\u00ec 29 gennaio ore 18.00 su Europa Tv (canale 96 dt); marted\u00ec 30 gennaio ore 15.00 su 903 del bouquet Sky, ore 17.00 su Super Nova (canale 14 dt) e ore 21.00 su Europa Tv. <\/span><\/span><\/span><\/p>\n<p align=\"JUSTIFY\"><span style=\"color: #000000;\"><span style=\"font-family: 'Times New Roman', serif;\"><span style=\"font-size: medium;\"><b>Web \u2013 <\/b>La partita sar\u00e0 trasmessa in diretta streaming video sulla piattaforma <b>LNP TV<\/b>, disponibile all\u2019indirizzo http:\/\/tvpass.legapallacanestro.com. Aggiornamenti sulla gara saranno effettuati attraverso la pagina Twitter ufficiale della Virtus Roma, disponibile all\u2019indirizzo twitter.com\/VirtusRoma<i>. <\/i><\/span><\/span><\/span><\/p>\n<p align=\"JUSTIFY\"><a href=\"https:\/\/www.romaoggi.eu\/index.php\/2017\/12\/07\/hostaria-edmondo-2\/\"><span style=\"font-family: 'Times New Roman', serif;\"><span style=\"font-size: medium;\"><b>RomaOggi.eu \u2192 Leggi il prossimo articolo <\/b><\/span><\/span><\/a><\/p>\n<p align=\"JUSTIFY\"><span style=\"font-family: 'Times New Roman', serif;\"><span style=\"font-size: medium;\">La Redazione <\/span><\/span><\/p>\n<p align=\"JUSTIFY\"><span style=\"font-family: 'Times New Roman', serif;\"><span style=\"font-size: medium;\">RomaOggi.eu \u201cInteresting news for interesting people\u201d<\/span><\/span><\/p>\n<figure id=\"attachment_12981\" aria-describedby=\"caption-attachment-12981\" style=\"width: 300px\" class=\"wp-caption aligncenter\"><img loading=\"lazy\" decoding=\"async\" class=\"wp-image-12981 size-medium\" src=\"https:\/\/www.romaoggi.eu\/wp-content\/uploads\/2018\/01\/CCW-300x250-SCONTO-5-300x250.jpg\" alt=\"Alt text cinecitt\u00e0 world\" width=\"300\" height=\"250\" \/><figcaption id=\"caption-attachment-12981\" class=\"wp-caption-text\"><a href=\"https:\/\/www.cinecittaworld.it\/Vendita\/Biglietti-e-prezzi?Coupon=ROMAOGGI&amp;Adulti=2&amp;Ridotti=0\"><strong>Ottieni uno sconto sull&#8217;acquisto dei biglietti! CLICCA QUI<\/strong><\/a><\/figcaption><\/figure>\n","protected":false},"excerpt":{"rendered":"<div class=\"mh-excerpt\"><p>https:\/\/www.facebook.com\/VirtusRoma\/videos\/10156163880196204\/ Terza giornata del girone di ritorno in Serie A2 Ovest: la Virtus Roma sar\u00e0 impegnata in trasferta al PalaMangano di Scafati, dove domani alle ore 18.00 sar\u00e0 ospite della Givova di coach Perdichizzi. Gli <a class=\"mh-excerpt-more\" href=\"https:\/\/www.romaoggi.eu\/index.php\/2018\/01\/27\/virtus-roma-22\/\" title=\"Virtus Roma ospite della Givova domani alle 18.00. Bechi: \u00abScafati squadra tosta, esperta e completa; dobbiamo rimanere coesi in questo momento\u00bb\">[&#8230;]<\/a><\/p>\n<\/div>","protected":false},"author":5,"featured_media":0,"comment_status":"open","ping_status":"open","sticky":false,"template":"","format":"standard","meta":{"_sitemap_exclude":false,"_sitemap_priority":"","_sitemap_frequency":"","footnotes":""},"categories":[5],"tags":[6418,8088,26,7691,877,159,6213,1644,109,817,1738,634,355,6976],"class_list":["post-13290","post","type-post","status-publish","format-standard","hentry","category-sport","tag-6418","tag-cinecitta-world","tag-cristiano-morelli","tag-hostaria-edmondo","tag-italia","tag-lazio","tag-pallacanestro","tag-regione-lazio","tag-roma","tag-romaoggi","tag-romaoggi-eu","tag-rome","tag-sport","tag-virtus-roma"],"yoast_head":"<!-- This site is optimized with the Yoast SEO plugin v27.5 - https:\/\/yoast.com\/product\/yoast-seo-wordpress\/ -->\n<title>Virtus Roma ospite della Givova domani alle 18.00. Bechi: \u00abScafati squadra tosta, esperta e completa; dobbiamo rimanere coesi in questo momento\u00bb<\/title>\n<meta name=\"description\" content=\"Terza giornata del girone di ritorno in Serie A2 Ovest: la Virtus Roma sar\u00e0 impegnata in trasferta al PalaMangano di Scafati, dove domani alle ore 18.00 sar\u00e0 ospite della Givova di coach Perdichizzi. Gli uomini di coach Bechi sono reduci da due sconfitte consecutive e cercano una vittoria in trasferta che manca dal ...\" \/>\n<meta name=\"robots\" content=\"index, follow, max-snippet:-1, max-image-preview:large, max-video-preview:-1\" \/>\n<link rel=\"canonical\" href=\"https:\/\/www.romaoggi.eu\/index.php\/2018\/01\/27\/virtus-roma-22\/\" \/>\n<meta property=\"og:locale\" content=\"it_IT\" \/>\n<meta property=\"og:type\" content=\"article\" \/>\n<meta property=\"og:title\" content=\"Virtus Roma ospite della Givova domani alle 18.00. Bechi: \u00abScafati squadra tosta, esperta e completa; dobbiamo rimanere coesi in questo momento\u00bb\" \/>\n<meta property=\"og:description\" content=\"Terza giornata del girone di ritorno in Serie A2 Ovest: la Virtus Roma sar\u00e0 impegnata in trasferta al PalaMangano di Scafati, dove domani alle ore 18.00 sar\u00e0 ospite della Givova di coach Perdichizzi. Gli uomini di coach Bechi sono reduci da due sconfitte consecutive e cercano una vittoria in trasferta che manca dal ...\" \/>\n<meta property=\"og:url\" content=\"https:\/\/www.romaoggi.eu\/index.php\/2018\/01\/27\/virtus-roma-22\/\" \/>\n<meta property=\"og:site_name\" content=\"roma oggi\" \/>\n<meta property=\"article:publisher\" content=\"https:\/\/www.facebook.com\/RomaOggi-841544845954114\" \/>\n<meta property=\"article:published_time\" content=\"2018-01-27T14:55:48+00:00\" \/>\n<meta property=\"og:image\" content=\"http:\/\/www.romaoggi.eu\/wp-content\/uploads\/2018\/01\/CCW-300x250-SCONTO-5-300x250.jpg\" \/>\n<meta name=\"author\" content=\"Flavio\" \/>\n<meta name=\"twitter:card\" content=\"summary_large_image\" \/>\n<meta name=\"twitter:creator\" content=\"@romaoggi_eu\" \/>\n<meta name=\"twitter:site\" content=\"@romaoggi_eu\" \/>\n<meta name=\"twitter:label1\" content=\"Scritto da\" \/>\n\t<meta name=\"twitter:data1\" content=\"Flavio\" \/>\n\t<meta name=\"twitter:label2\" content=\"Tempo di lettura stimato\" \/>\n\t<meta name=\"twitter:data2\" content=\"3 minuti\" \/>\n<script type=\"application\/ld+json\" class=\"yoast-schema-graph\">{\"@context\":\"https:\\\/\\\/schema.org\",\"@graph\":[{\"@type\":\"Article\",\"@id\":\"https:\\\/\\\/www.romaoggi.eu\\\/index.php\\\/2018\\\/01\\\/27\\\/virtus-roma-22\\\/#article\",\"isPartOf\":{\"@id\":\"https:\\\/\\\/www.romaoggi.eu\\\/index.php\\\/2018\\\/01\\\/27\\\/virtus-roma-22\\\/\"},\"author\":{\"name\":\"Flavio\",\"@id\":\"https:\\\/\\\/www.romaoggi.eu\\\/#\\\/schema\\\/person\\\/cc12bfd93370392d7e41d243e47e6681\"},\"headline\":\"Virtus Roma ospite della Givova domani alle 18.00. Bechi: \u00abScafati squadra tosta, esperta e completa; dobbiamo rimanere coesi in questo momento\u00bb\",\"datePublished\":\"2018-01-27T14:55:48+00:00\",\"mainEntityOfPage\":{\"@id\":\"https:\\\/\\\/www.romaoggi.eu\\\/index.php\\\/2018\\\/01\\\/27\\\/virtus-roma-22\\\/\"},\"wordCount\":559,\"commentCount\":0,\"publisher\":{\"@id\":\"https:\\\/\\\/www.romaoggi.eu\\\/#organization\"},\"image\":{\"@id\":\"https:\\\/\\\/www.romaoggi.eu\\\/index.php\\\/2018\\\/01\\\/27\\\/virtus-roma-22\\\/#primaryimage\"},\"thumbnailUrl\":\"http:\\\/\\\/www.romaoggi.eu\\\/wp-content\\\/uploads\\\/2018\\\/01\\\/CCW-300x250-SCONTO-5-300x250.jpg\",\"keywords\":[\"2018\",\"Cinecitt\u00e0 World\",\"cristiano morelli\",\"Hostaria Edmondo\",\"italia\",\"lazio\",\"Pallacanestro\",\"Regione Lazio\",\"roma\",\"romaoggi\",\"RomaOggi.eu\",\"rome\",\"sport\",\"Virtus Roma\"],\"articleSection\":[\"Sport\"],\"inLanguage\":\"it-IT\",\"potentialAction\":[{\"@type\":\"CommentAction\",\"name\":\"Comment\",\"target\":[\"https:\\\/\\\/www.romaoggi.eu\\\/index.php\\\/2018\\\/01\\\/27\\\/virtus-roma-22\\\/#respond\"]}]},{\"@type\":\"WebPage\",\"@id\":\"https:\\\/\\\/www.romaoggi.eu\\\/index.php\\\/2018\\\/01\\\/27\\\/virtus-roma-22\\\/\",\"url\":\"https:\\\/\\\/www.romaoggi.eu\\\/index.php\\\/2018\\\/01\\\/27\\\/virtus-roma-22\\\/\",\"name\":\"Virtus Roma ospite della Givova domani alle 18.00. Bechi: \u00abScafati squadra tosta, esperta e completa; dobbiamo rimanere coesi in questo momento\u00bb\",\"isPartOf\":{\"@id\":\"https:\\\/\\\/www.romaoggi.eu\\\/#website\"},\"primaryImageOfPage\":{\"@id\":\"https:\\\/\\\/www.romaoggi.eu\\\/index.php\\\/2018\\\/01\\\/27\\\/virtus-roma-22\\\/#primaryimage\"},\"image\":{\"@id\":\"https:\\\/\\\/www.romaoggi.eu\\\/index.php\\\/2018\\\/01\\\/27\\\/virtus-roma-22\\\/#primaryimage\"},\"thumbnailUrl\":\"http:\\\/\\\/www.romaoggi.eu\\\/wp-content\\\/uploads\\\/2018\\\/01\\\/CCW-300x250-SCONTO-5-300x250.jpg\",\"datePublished\":\"2018-01-27T14:55:48+00:00\",\"description\":\"Terza giornata del girone di ritorno in Serie A2 Ovest: la Virtus Roma sar\u00e0 impegnata in trasferta al PalaMangano di Scafati, dove domani alle ore 18.00 sar\u00e0 ospite della Givova di coach Perdichizzi. Gli uomini di coach Bechi sono reduci da due sconfitte consecutive e cercano una vittoria in trasferta che manca dal ...\",\"breadcrumb\":{\"@id\":\"https:\\\/\\\/www.romaoggi.eu\\\/index.php\\\/2018\\\/01\\\/27\\\/virtus-roma-22\\\/#breadcrumb\"},\"inLanguage\":\"it-IT\",\"potentialAction\":[{\"@type\":\"ReadAction\",\"target\":[\"https:\\\/\\\/www.romaoggi.eu\\\/index.php\\\/2018\\\/01\\\/27\\\/virtus-roma-22\\\/\"]}]},{\"@type\":\"ImageObject\",\"inLanguage\":\"it-IT\",\"@id\":\"https:\\\/\\\/www.romaoggi.eu\\\/index.php\\\/2018\\\/01\\\/27\\\/virtus-roma-22\\\/#primaryimage\",\"url\":\"http:\\\/\\\/www.romaoggi.eu\\\/wp-content\\\/uploads\\\/2018\\\/01\\\/CCW-300x250-SCONTO-5-300x250.jpg\",\"contentUrl\":\"http:\\\/\\\/www.romaoggi.eu\\\/wp-content\\\/uploads\\\/2018\\\/01\\\/CCW-300x250-SCONTO-5-300x250.jpg\"},{\"@type\":\"BreadcrumbList\",\"@id\":\"https:\\\/\\\/www.romaoggi.eu\\\/index.php\\\/2018\\\/01\\\/27\\\/virtus-roma-22\\\/#breadcrumb\",\"itemListElement\":[{\"@type\":\"ListItem\",\"position\":1,\"name\":\"Home\",\"item\":\"https:\\\/\\\/www.romaoggi.eu\\\/\"},{\"@type\":\"ListItem\",\"position\":2,\"name\":\"Virtus Roma ospite della Givova domani alle 18.00. Bechi: \u00abScafati squadra tosta, esperta e completa; dobbiamo rimanere coesi in questo momento\u00bb\"}]},{\"@type\":\"WebSite\",\"@id\":\"https:\\\/\\\/www.romaoggi.eu\\\/#website\",\"url\":\"https:\\\/\\\/www.romaoggi.eu\\\/\",\"name\":\"roma oggi\",\"description\":\"Interesting News for Interesting people\",\"publisher\":{\"@id\":\"https:\\\/\\\/www.romaoggi.eu\\\/#organization\"},\"potentialAction\":[{\"@type\":\"SearchAction\",\"target\":{\"@type\":\"EntryPoint\",\"urlTemplate\":\"https:\\\/\\\/www.romaoggi.eu\\\/?s={search_term_string}\"},\"query-input\":{\"@type\":\"PropertyValueSpecification\",\"valueRequired\":true,\"valueName\":\"search_term_string\"}}],\"inLanguage\":\"it-IT\"},{\"@type\":\"Organization\",\"@id\":\"https:\\\/\\\/www.romaoggi.eu\\\/#organization\",\"name\":\"RomaOggi\",\"url\":\"https:\\\/\\\/www.romaoggi.eu\\\/\",\"logo\":{\"@type\":\"ImageObject\",\"inLanguage\":\"it-IT\",\"@id\":\"https:\\\/\\\/www.romaoggi.eu\\\/#\\\/schema\\\/logo\\\/image\\\/\",\"url\":\"https:\\\/\\\/www.romaoggi.eu\\\/wp-content\\\/uploads\\\/2017\\\/04\\\/logowp.jpg\",\"contentUrl\":\"https:\\\/\\\/www.romaoggi.eu\\\/wp-content\\\/uploads\\\/2017\\\/04\\\/logowp.jpg\",\"width\":300,\"height\":133,\"caption\":\"RomaOggi\"},\"image\":{\"@id\":\"https:\\\/\\\/www.romaoggi.eu\\\/#\\\/schema\\\/logo\\\/image\\\/\"},\"sameAs\":[\"https:\\\/\\\/www.facebook.com\\\/RomaOggi-841544845954114\",\"https:\\\/\\\/x.com\\\/romaoggi_eu\"]},{\"@type\":\"Person\",\"@id\":\"https:\\\/\\\/www.romaoggi.eu\\\/#\\\/schema\\\/person\\\/cc12bfd93370392d7e41d243e47e6681\",\"name\":\"Flavio\",\"image\":{\"@type\":\"ImageObject\",\"inLanguage\":\"it-IT\",\"@id\":\"https:\\\/\\\/secure.gravatar.com\\\/avatar\\\/7e044ce830ea97853e01500437b37dff4a622b20a194e4d0efe9b67e918f19e5?s=96&d=mm&r=g\",\"url\":\"https:\\\/\\\/secure.gravatar.com\\\/avatar\\\/7e044ce830ea97853e01500437b37dff4a622b20a194e4d0efe9b67e918f19e5?s=96&d=mm&r=g\",\"contentUrl\":\"https:\\\/\\\/secure.gravatar.com\\\/avatar\\\/7e044ce830ea97853e01500437b37dff4a622b20a194e4d0efe9b67e918f19e5?s=96&d=mm&r=g\",\"caption\":\"Flavio\"},\"url\":\"https:\\\/\\\/www.romaoggi.eu\\\/index.php\\\/author\\\/cristiano\\\/\"}]}<\/script>\n<!-- \/ Yoast SEO plugin. -->","yoast_head_json":{"title":"Virtus Roma ospite della Givova domani alle 18.00. Bechi: \u00abScafati squadra tosta, esperta e completa; dobbiamo rimanere coesi in questo momento\u00bb","description":"Terza giornata del girone di ritorno in Serie A2 Ovest: la Virtus Roma sar\u00e0 impegnata in trasferta al PalaMangano di Scafati, dove domani alle ore 18.00 sar\u00e0 ospite della Givova di coach Perdichizzi. Gli uomini di coach Bechi sono reduci da due sconfitte consecutive e cercano una vittoria in trasferta che manca dal ...","robots":{"index":"index","follow":"follow","max-snippet":"max-snippet:-1","max-image-preview":"max-image-preview:large","max-video-preview":"max-video-preview:-1"},"canonical":"https:\/\/www.romaoggi.eu\/index.php\/2018\/01\/27\/virtus-roma-22\/","og_locale":"it_IT","og_type":"article","og_title":"Virtus Roma ospite della Givova domani alle 18.00. Bechi: \u00abScafati squadra tosta, esperta e completa; dobbiamo rimanere coesi in questo momento\u00bb","og_description":"Terza giornata del girone di ritorno in Serie A2 Ovest: la Virtus Roma sar\u00e0 impegnata in trasferta al PalaMangano di Scafati, dove domani alle ore 18.00 sar\u00e0 ospite della Givova di coach Perdichizzi. Gli uomini di coach Bechi sono reduci da due sconfitte consecutive e cercano una vittoria in trasferta che manca dal ...","og_url":"https:\/\/www.romaoggi.eu\/index.php\/2018\/01\/27\/virtus-roma-22\/","og_site_name":"roma oggi","article_publisher":"https:\/\/www.facebook.com\/RomaOggi-841544845954114","article_published_time":"2018-01-27T14:55:48+00:00","og_image":[{"url":"http:\/\/www.romaoggi.eu\/wp-content\/uploads\/2018\/01\/CCW-300x250-SCONTO-5-300x250.jpg","type":"","width":"","height":""}],"author":"Flavio","twitter_card":"summary_large_image","twitter_creator":"@romaoggi_eu","twitter_site":"@romaoggi_eu","twitter_misc":{"Scritto da":"Flavio","Tempo di lettura stimato":"3 minuti"},"schema":{"@context":"https:\/\/schema.org","@graph":[{"@type":"Article","@id":"https:\/\/www.romaoggi.eu\/index.php\/2018\/01\/27\/virtus-roma-22\/#article","isPartOf":{"@id":"https:\/\/www.romaoggi.eu\/index.php\/2018\/01\/27\/virtus-roma-22\/"},"author":{"name":"Flavio","@id":"https:\/\/www.romaoggi.eu\/#\/schema\/person\/cc12bfd93370392d7e41d243e47e6681"},"headline":"Virtus Roma ospite della Givova domani alle 18.00. Bechi: \u00abScafati squadra tosta, esperta e completa; dobbiamo rimanere coesi in questo momento\u00bb","datePublished":"2018-01-27T14:55:48+00:00","mainEntityOfPage":{"@id":"https:\/\/www.romaoggi.eu\/index.php\/2018\/01\/27\/virtus-roma-22\/"},"wordCount":559,"commentCount":0,"publisher":{"@id":"https:\/\/www.romaoggi.eu\/#organization"},"image":{"@id":"https:\/\/www.romaoggi.eu\/index.php\/2018\/01\/27\/virtus-roma-22\/#primaryimage"},"thumbnailUrl":"http:\/\/www.romaoggi.eu\/wp-content\/uploads\/2018\/01\/CCW-300x250-SCONTO-5-300x250.jpg","keywords":["2018","Cinecitt\u00e0 World","cristiano morelli","Hostaria Edmondo","italia","lazio","Pallacanestro","Regione Lazio","roma","romaoggi","RomaOggi.eu","rome","sport","Virtus Roma"],"articleSection":["Sport"],"inLanguage":"it-IT","potentialAction":[{"@type":"CommentAction","name":"Comment","target":["https:\/\/www.romaoggi.eu\/index.php\/2018\/01\/27\/virtus-roma-22\/#respond"]}]},{"@type":"WebPage","@id":"https:\/\/www.romaoggi.eu\/index.php\/2018\/01\/27\/virtus-roma-22\/","url":"https:\/\/www.romaoggi.eu\/index.php\/2018\/01\/27\/virtus-roma-22\/","name":"Virtus Roma ospite della Givova domani alle 18.00. Bechi: \u00abScafati squadra tosta, esperta e completa; dobbiamo rimanere coesi in questo momento\u00bb","isPartOf":{"@id":"https:\/\/www.romaoggi.eu\/#website"},"primaryImageOfPage":{"@id":"https:\/\/www.romaoggi.eu\/index.php\/2018\/01\/27\/virtus-roma-22\/#primaryimage"},"image":{"@id":"https:\/\/www.romaoggi.eu\/index.php\/2018\/01\/27\/virtus-roma-22\/#primaryimage"},"thumbnailUrl":"http:\/\/www.romaoggi.eu\/wp-content\/uploads\/2018\/01\/CCW-300x250-SCONTO-5-300x250.jpg","datePublished":"2018-01-27T14:55:48+00:00","description":"Terza giornata del girone di ritorno in Serie A2 Ovest: la Virtus Roma sar\u00e0 impegnata in trasferta al PalaMangano di Scafati, dove domani alle ore 18.00 sar\u00e0 ospite della Givova di coach Perdichizzi. Gli uomini di coach Bechi sono reduci da due sconfitte consecutive e cercano una vittoria in trasferta che manca dal ...","breadcrumb":{"@id":"https:\/\/www.romaoggi.eu\/index.php\/2018\/01\/27\/virtus-roma-22\/#breadcrumb"},"inLanguage":"it-IT","potentialAction":[{"@type":"ReadAction","target":["https:\/\/www.romaoggi.eu\/index.php\/2018\/01\/27\/virtus-roma-22\/"]}]},{"@type":"ImageObject","inLanguage":"it-IT","@id":"https:\/\/www.romaoggi.eu\/index.php\/2018\/01\/27\/virtus-roma-22\/#primaryimage","url":"http:\/\/www.romaoggi.eu\/wp-content\/uploads\/2018\/01\/CCW-300x250-SCONTO-5-300x250.jpg","contentUrl":"http:\/\/www.romaoggi.eu\/wp-content\/uploads\/2018\/01\/CCW-300x250-SCONTO-5-300x250.jpg"},{"@type":"BreadcrumbList","@id":"https:\/\/www.romaoggi.eu\/index.php\/2018\/01\/27\/virtus-roma-22\/#breadcrumb","itemListElement":[{"@type":"ListItem","position":1,"name":"Home","item":"https:\/\/www.romaoggi.eu\/"},{"@type":"ListItem","position":2,"name":"Virtus Roma ospite della Givova domani alle 18.00. Bechi: \u00abScafati squadra tosta, esperta e completa; dobbiamo rimanere coesi in questo momento\u00bb"}]},{"@type":"WebSite","@id":"https:\/\/www.romaoggi.eu\/#website","url":"https:\/\/www.romaoggi.eu\/","name":"roma oggi","description":"Interesting News for Interesting people","publisher":{"@id":"https:\/\/www.romaoggi.eu\/#organization"},"potentialAction":[{"@type":"SearchAction","target":{"@type":"EntryPoint","urlTemplate":"https:\/\/www.romaoggi.eu\/?s={search_term_string}"},"query-input":{"@type":"PropertyValueSpecification","valueRequired":true,"valueName":"search_term_string"}}],"inLanguage":"it-IT"},{"@type":"Organization","@id":"https:\/\/www.romaoggi.eu\/#organization","name":"RomaOggi","url":"https:\/\/www.romaoggi.eu\/","logo":{"@type":"ImageObject","inLanguage":"it-IT","@id":"https:\/\/www.romaoggi.eu\/#\/schema\/logo\/image\/","url":"https:\/\/www.romaoggi.eu\/wp-content\/uploads\/2017\/04\/logowp.jpg","contentUrl":"https:\/\/www.romaoggi.eu\/wp-content\/uploads\/2017\/04\/logowp.jpg","width":300,"height":133,"caption":"RomaOggi"},"image":{"@id":"https:\/\/www.romaoggi.eu\/#\/schema\/logo\/image\/"},"sameAs":["https:\/\/www.facebook.com\/RomaOggi-841544845954114","https:\/\/x.com\/romaoggi_eu"]},{"@type":"Person","@id":"https:\/\/www.romaoggi.eu\/#\/schema\/person\/cc12bfd93370392d7e41d243e47e6681","name":"Flavio","image":{"@type":"ImageObject","inLanguage":"it-IT","@id":"https:\/\/secure.gravatar.com\/avatar\/7e044ce830ea97853e01500437b37dff4a622b20a194e4d0efe9b67e918f19e5?s=96&d=mm&r=g","url":"https:\/\/secure.gravatar.com\/avatar\/7e044ce830ea97853e01500437b37dff4a622b20a194e4d0efe9b67e918f19e5?s=96&d=mm&r=g","contentUrl":"https:\/\/secure.gravatar.com\/avatar\/7e044ce830ea97853e01500437b37dff4a622b20a194e4d0efe9b67e918f19e5?s=96&d=mm&r=g","caption":"Flavio"},"url":"https:\/\/www.romaoggi.eu\/index.php\/author\/cristiano\/"}]}},"_links":{"self":[{"href":"https:\/\/www.romaoggi.eu\/index.php\/wp-json\/wp\/v2\/posts\/13290","targetHints":{"allow":["GET"]}}],"collection":[{"href":"https:\/\/www.romaoggi.eu\/index.php\/wp-json\/wp\/v2\/posts"}],"about":[{"href":"https:\/\/www.romaoggi.eu\/index.php\/wp-json\/wp\/v2\/types\/post"}],"author":[{"embeddable":true,"href":"https:\/\/www.romaoggi.eu\/index.php\/wp-json\/wp\/v2\/users\/5"}],"replies":[{"embeddable":true,"href":"https:\/\/www.romaoggi.eu\/index.php\/wp-json\/wp\/v2\/comments?post=13290"}],"version-history":[{"count":1,"href":"https:\/\/www.romaoggi.eu\/index.php\/wp-json\/wp\/v2\/posts\/13290\/revisions"}],"predecessor-version":[{"id":13292,"href":"https:\/\/www.romaoggi.eu\/index.php\/wp-json\/wp\/v2\/posts\/13290\/revisions\/13292"}],"wp:attachment":[{"href":"https:\/\/www.romaoggi.eu\/index.php\/wp-json\/wp\/v2\/media?parent=13290"}],"wp:term":[{"taxonomy":"category","embeddable":true,"href":"https:\/\/www.romaoggi.eu\/index.php\/wp-json\/wp\/v2\/categories?post=13290"},{"taxonomy":"post_tag","embeddable":true,"href":"https:\/\/www.romaoggi.eu\/index.php\/wp-json\/wp\/v2\/tags?post=13290"}],"curies":[{"name":"wp","href":"https:\/\/api.w.org\/{rel}","templated":true}]}}