{"id":13342,"date":"2018-02-01T17:43:21","date_gmt":"2018-02-01T16:43:21","guid":{"rendered":"http:\/\/www.romaoggi.eu\/?p=13342"},"modified":"2018-02-01T17:43:21","modified_gmt":"2018-02-01T16:43:21","slug":"amedeo-brogli-mostra-vedute-romane","status":"publish","type":"post","link":"https:\/\/www.romaoggi.eu\/index.php\/2018\/02\/01\/amedeo-brogli-mostra-vedute-romane\/","title":{"rendered":"Amedeo Brogli in mostra \u201cVedute Romane e Figure\u201d a Palazzo Colonna"},"content":{"rendered":"<p><b>Amedeo Brogli \u00a0in mostra con \u201cVedute Romane e Figure\u201d un vero omaggio alla citt\u00e0 eterna.<\/b><\/p>\n<p style=\"text-align: justify;\"><b>Gioved\u00ec 8 febbraio<\/b><span style=\"font-weight: 400;\">\u00a0, presso la <\/span><b><a href=\"https:\/\/www.romaoggi.eu\/index.php\/2016\/10\/16\/premio-margutta-2016\/\">Coffee House di Palazzo Colonna<\/a>,<\/b><span style=\"font-weight: 400;\"> Piazza SS. Apostoli 67, con il contributo <\/span><b>dell\u2019Asset Management Carmignac<\/b><span style=\"font-weight: 400;\">, verr\u00e0 inaugurata la mostra di dipinti di <\/span><b>Amedeo Brogli<\/b><span style=\"font-weight: 400;\"> dal titolo \u201c <\/span><b>VEDUTE ROMANE E<\/b> <b>FIGURE\u201d<\/b><span style=\"font-weight: 400;\">. <\/span><\/p>\n<p><img loading=\"lazy\" decoding=\"async\" class=\" wp-image-13345 alignright\" src=\"https:\/\/www.romaoggi.eu\/wp-content\/uploads\/2018\/02\/bg-300x226.jpg\" alt=\"alt tag amedeo brogli\" width=\"384\" height=\"289\" srcset=\"https:\/\/www.romaoggi.eu\/wp-content\/uploads\/2018\/02\/bg-300x226.jpg 300w, https:\/\/www.romaoggi.eu\/wp-content\/uploads\/2018\/02\/bg-1024x771.jpg 1024w, https:\/\/www.romaoggi.eu\/wp-content\/uploads\/2018\/02\/bg-326x245.jpg 326w, https:\/\/www.romaoggi.eu\/wp-content\/uploads\/2018\/02\/bg-80x60.jpg 80w\" sizes=\"auto, (max-width: 384px) 100vw, 384px\" \/><\/p>\n<p style=\"text-align: justify;\"><span style=\"font-weight: 400;\">La <\/span><b>mostra sar\u00e0 aperta al pubblico gratuitamente dal 9 al 14 febbraio<\/b>2018<b>\u00a0dalle ore 11,00 alle ore 19,00<\/b><span style=\"font-weight: 400;\">. In una serie di dipinti esposti viene raccontata la \u201cCitt\u00e0 Eterna\u201d, attraverso sfaccettature diverse che per\u00f2 \u00a0si ricompongono come in un puzzle. Skyline, ruderi, architetture, ponti, cupole, protagonisti delle tele, sono esaltati da colori decisi e bilanciati che conferiscono a quegli spazi un\u2019identit\u00e0 da fiaba contemporanea o meglio visionaria. Poi i dipinti complessi, quasi concettuali, dove la staticit\u00e0 delle figure, disposte con perizia teatrale, \u00e8 controbilanciata dalla vitalit\u00e0 dell\u2019elemento cromatico, per opere di grande respiro. Sono notevoli i nudi femminili delle \u201cnuove romane\u201d. <\/span><span style=\"font-weight: 400;\">Importante \u00e8 stato il decennale rapporto di Brogli con Renato Guttuso, del quale \u00e8 stato aiuto in alcuni dipinti su tela e per i dipinti pubblici di Varese e di Messina.<\/span><\/p>\n<p>&nbsp;<\/p>\n<p style=\"text-align: justify;\"><span style=\"font-weight: 400;\">Afferma Amedeo\u00a0<\/span><b>Brogli:<\/b><span style=\"font-weight: 400;\"> \u201c<em>Ho lavorato su un immaginario preesistente, in dipinti che raccontano una Roma tra Sacro e Profano. Le mie scelte stilistiche ed espressive sono caratterizzate da un figurativo a volte lirico, in una visione estetica, pervasa da una connotazione spiritualistica che si converte in opere, spero, di suggestione. \u00a0In me, romano di adozione, la pittura figurativa supporta il culto della memoria e \u201cVedute Romane e Figure\u201d \u00e8 uno storytelling che rivisita in chiave contemporanea i simboli, i personaggi storici e non, i monumenti \u00a0della \u201cCaput mundi\u201d, ma anche l\u2019attualit\u00e0 della citt\u00e0, che vive il presente negli spazi del passato, attraverso una figurazione contemporanea<\/em>\u201d. \u00a0<\/span><\/p>\n<p style=\"text-align: justify;\"><span style=\"font-weight: 400;\">Madrina della mostra sar\u00e0 la <\/span><b>Principessa Jeanne Colonna.<\/b><span style=\"font-weight: 400;\"> Il cocktail sar\u00e0 curato da<\/span><b> La Maison di Bacco e dalla Cantina Casata Merg\u00e8, <\/b><span style=\"font-weight: 400;\">quest\u2019ultima \u00e8 una storica azienda familiare situata sulla cornice dei castelli romani. La cantina attualmente \u00e8 guidata dalla terza generazione degli eredi che, nel rispetto della tradizione, produce vini al passo con le pi\u00f9 avanzate tecnologie, un perfetto connubio tra tradizione e innovazione. <\/span><\/p>\n<p style=\"text-align: justify;\"><b>Elena Parmegiani,<\/b><span style=\"font-weight: 400;\"> Direttore Eventi della <a href=\"http:\/\/www.coffeehousecolonna.it\/\">Coffee House di Palazzo Colonna<\/a>, afferma: \u201c<em>Siamo davvero \u00a0grati ad <\/em><\/span><em><b>Amedeo Brogli<\/b><span style=\"font-weight: 400;\"> per aver scelto la nostra location per la sua personale, ad arricchire la sua esposizione sabato 10 febbraio interverr\u00e0 anche lo stilista marchigiano <\/span><b>Vittorio Camaiani, <\/b><\/em><span style=\"font-weight: 400;\"><em>con una sfilata di alta moda dal titolo \u201cVittorio Camaiani inside, omaggio a Marina Ripa di Meana\u201d. Due grandi artisti di arti figurative diverse, pittura e moda, legati da un profondo senso estetico. Brogli con le sue splendide figure, eleganti ed espressive, Camaiani con la bellezza dei sui abiti sofisticati ed intrisi d\u2019arte<\/em>\u201d. <\/span><\/p>\n<p style=\"text-align: justify;\">Domenica 11 febbraio dalle ore 11,00 alle 19,00<span style=\"font-weight: 400;\"> lo stilista si tratterr\u00e0 in Coffee House per il suo \u201c<\/span><b>Atelier per un giorno\u201d,<\/b><span style=\"font-weight: 400;\"> allestito all\u2019interno della <\/span>mostra<b> \u201cVedute Romane e Figure\u201d, <\/b><span style=\"font-weight: 400;\">in cui ricever\u00e0 amici e clienti. Una settimana intensa dedicata all\u2019arte, alla ricerca del bello, dello stile e dell\u2019eleganza al servizio dell\u2019intero pubblico romano ed estero.<\/span><\/p>\n<p>redazione<\/p>\n<p style=\"text-align: justify;\">\n","protected":false},"excerpt":{"rendered":"<div class=\"mh-excerpt\"><p>Amedeo Brogli \u00a0in mostra con \u201cVedute Romane e Figure\u201d un vero omaggio alla citt\u00e0 eterna. Gioved\u00ec 8 febbraio\u00a0, presso la Coffee House di Palazzo Colonna, Piazza SS. Apostoli 67, con il contributo dell\u2019Asset Management Carmignac, <a class=\"mh-excerpt-more\" href=\"https:\/\/www.romaoggi.eu\/index.php\/2018\/02\/01\/amedeo-brogli-mostra-vedute-romane\/\" title=\"Amedeo Brogli in mostra \u201cVedute Romane e Figure\u201d a Palazzo Colonna\">[&#8230;]<\/a><\/p>\n<\/div>","protected":false},"author":3,"featured_media":13344,"comment_status":"open","ping_status":"open","sticky":false,"template":"","format":"standard","meta":{"_sitemap_exclude":false,"_sitemap_priority":"","_sitemap_frequency":"","footnotes":""},"categories":[74],"tags":[9200,9203,9199,9204,9201,9202,76,9205],"class_list":["post-13342","post","type-post","status-publish","format-standard","has-post-thumbnail","hentry","category-mostre","tag-amedeo-brogli","tag-cantina-casata-mergee","tag-coffe-house-palazzo-colonna","tag-elena-parmegiani","tag-jeanne-colonna","tag-la-mason-di-bacco","tag-mostra","tag-vedute-romane"],"yoast_head":"<!-- This site is optimized with the Yoast SEO plugin v27.5 - https:\/\/yoast.com\/product\/yoast-seo-wordpress\/ -->\n<title>Amedeo Brogli in mostra \u201cVedute Romane e Figure\u201d a Palazzo Colonna<\/title>\n<meta name=\"description\" content=\"Gioved\u00ec 8 febbraio\u00a0, presso la Coffee House di Palazzo Colonna, Piazza SS. Apostoli 67, verr\u00e0 inaugurata la mostra di dipinti di Amedeo Brogli dal titolo \u201c VEDUTE ROMANE E FIGURE\u201d.\" \/>\n<meta name=\"robots\" content=\"index, follow, max-snippet:-1, max-image-preview:large, max-video-preview:-1\" \/>\n<link rel=\"canonical\" href=\"https:\/\/www.romaoggi.eu\/index.php\/2018\/02\/01\/amedeo-brogli-mostra-vedute-romane\/\" \/>\n<meta property=\"og:locale\" content=\"it_IT\" \/>\n<meta property=\"og:type\" content=\"article\" \/>\n<meta property=\"og:title\" content=\"Amedeo Brogli in mostra \u201cVedute Romane e Figure\u201d a Palazzo Colonna\" \/>\n<meta property=\"og:description\" content=\"Gioved\u00ec 8 febbraio\u00a0, presso la Coffee House di Palazzo Colonna, Piazza SS. Apostoli 67, verr\u00e0 inaugurata la mostra di dipinti di Amedeo Brogli dal titolo \u201c VEDUTE ROMANE E FIGURE\u201d.\" \/>\n<meta property=\"og:url\" content=\"https:\/\/www.romaoggi.eu\/index.php\/2018\/02\/01\/amedeo-brogli-mostra-vedute-romane\/\" \/>\n<meta property=\"og:site_name\" content=\"roma oggi\" \/>\n<meta property=\"article:publisher\" content=\"https:\/\/www.facebook.com\/RomaOggi-841544845954114\" \/>\n<meta property=\"article:published_time\" content=\"2018-02-01T16:43:21+00:00\" \/>\n<meta property=\"og:image\" content=\"https:\/\/www.romaoggi.eu\/wp-content\/uploads\/2018\/02\/copertina-brogli.jpg\" \/>\n\t<meta property=\"og:image:width\" content=\"1999\" \/>\n\t<meta property=\"og:image:height\" content=\"1413\" \/>\n\t<meta property=\"og:image:type\" content=\"image\/jpeg\" \/>\n<meta name=\"author\" content=\"Antonietta Di Vizia\" \/>\n<meta name=\"twitter:card\" content=\"summary_large_image\" \/>\n<meta name=\"twitter:creator\" content=\"@romaoggi_eu\" \/>\n<meta name=\"twitter:site\" content=\"@romaoggi_eu\" \/>\n<meta name=\"twitter:label1\" content=\"Scritto da\" \/>\n\t<meta name=\"twitter:data1\" content=\"Antonietta Di Vizia\" \/>\n\t<meta name=\"twitter:label2\" content=\"Tempo di lettura stimato\" \/>\n\t<meta name=\"twitter:data2\" content=\"2 minuti\" \/>\n<script type=\"application\/ld+json\" class=\"yoast-schema-graph\">{\"@context\":\"https:\\\/\\\/schema.org\",\"@graph\":[{\"@type\":\"Article\",\"@id\":\"https:\\\/\\\/www.romaoggi.eu\\\/index.php\\\/2018\\\/02\\\/01\\\/amedeo-brogli-mostra-vedute-romane\\\/#article\",\"isPartOf\":{\"@id\":\"https:\\\/\\\/www.romaoggi.eu\\\/index.php\\\/2018\\\/02\\\/01\\\/amedeo-brogli-mostra-vedute-romane\\\/\"},\"author\":{\"name\":\"Antonietta Di Vizia\",\"@id\":\"https:\\\/\\\/www.romaoggi.eu\\\/#\\\/schema\\\/person\\\/c8ca1fb64b5506391fff5f822a866c23\"},\"headline\":\"Amedeo Brogli in mostra \u201cVedute Romane e Figure\u201d a Palazzo Colonna\",\"datePublished\":\"2018-02-01T16:43:21+00:00\",\"mainEntityOfPage\":{\"@id\":\"https:\\\/\\\/www.romaoggi.eu\\\/index.php\\\/2018\\\/02\\\/01\\\/amedeo-brogli-mostra-vedute-romane\\\/\"},\"wordCount\":510,\"commentCount\":0,\"publisher\":{\"@id\":\"https:\\\/\\\/www.romaoggi.eu\\\/#organization\"},\"image\":{\"@id\":\"https:\\\/\\\/www.romaoggi.eu\\\/index.php\\\/2018\\\/02\\\/01\\\/amedeo-brogli-mostra-vedute-romane\\\/#primaryimage\"},\"thumbnailUrl\":\"https:\\\/\\\/www.romaoggi.eu\\\/wp-content\\\/uploads\\\/2018\\\/02\\\/copertina-brogli.jpg\",\"keywords\":[\"amedeo brogli\",\"cantina Casata merge\u00e8\",\"coffe house palazzo colonna\",\"elena parmegiani\",\"jeanne colonna\",\"la mason di bacco\",\"mostra\",\"vedute romane\"],\"articleSection\":[\"Mostre\"],\"inLanguage\":\"it-IT\",\"potentialAction\":[{\"@type\":\"CommentAction\",\"name\":\"Comment\",\"target\":[\"https:\\\/\\\/www.romaoggi.eu\\\/index.php\\\/2018\\\/02\\\/01\\\/amedeo-brogli-mostra-vedute-romane\\\/#respond\"]}]},{\"@type\":\"WebPage\",\"@id\":\"https:\\\/\\\/www.romaoggi.eu\\\/index.php\\\/2018\\\/02\\\/01\\\/amedeo-brogli-mostra-vedute-romane\\\/\",\"url\":\"https:\\\/\\\/www.romaoggi.eu\\\/index.php\\\/2018\\\/02\\\/01\\\/amedeo-brogli-mostra-vedute-romane\\\/\",\"name\":\"Amedeo Brogli in mostra \u201cVedute Romane e Figure\u201d a Palazzo Colonna\",\"isPartOf\":{\"@id\":\"https:\\\/\\\/www.romaoggi.eu\\\/#website\"},\"primaryImageOfPage\":{\"@id\":\"https:\\\/\\\/www.romaoggi.eu\\\/index.php\\\/2018\\\/02\\\/01\\\/amedeo-brogli-mostra-vedute-romane\\\/#primaryimage\"},\"image\":{\"@id\":\"https:\\\/\\\/www.romaoggi.eu\\\/index.php\\\/2018\\\/02\\\/01\\\/amedeo-brogli-mostra-vedute-romane\\\/#primaryimage\"},\"thumbnailUrl\":\"https:\\\/\\\/www.romaoggi.eu\\\/wp-content\\\/uploads\\\/2018\\\/02\\\/copertina-brogli.jpg\",\"datePublished\":\"2018-02-01T16:43:21+00:00\",\"description\":\"Gioved\u00ec 8 febbraio\u00a0, presso la Coffee House di Palazzo Colonna, Piazza SS. Apostoli 67, verr\u00e0 inaugurata la mostra di dipinti di Amedeo Brogli dal titolo \u201c VEDUTE ROMANE E FIGURE\u201d.\",\"breadcrumb\":{\"@id\":\"https:\\\/\\\/www.romaoggi.eu\\\/index.php\\\/2018\\\/02\\\/01\\\/amedeo-brogli-mostra-vedute-romane\\\/#breadcrumb\"},\"inLanguage\":\"it-IT\",\"potentialAction\":[{\"@type\":\"ReadAction\",\"target\":[\"https:\\\/\\\/www.romaoggi.eu\\\/index.php\\\/2018\\\/02\\\/01\\\/amedeo-brogli-mostra-vedute-romane\\\/\"]}]},{\"@type\":\"ImageObject\",\"inLanguage\":\"it-IT\",\"@id\":\"https:\\\/\\\/www.romaoggi.eu\\\/index.php\\\/2018\\\/02\\\/01\\\/amedeo-brogli-mostra-vedute-romane\\\/#primaryimage\",\"url\":\"https:\\\/\\\/www.romaoggi.eu\\\/wp-content\\\/uploads\\\/2018\\\/02\\\/copertina-brogli.jpg\",\"contentUrl\":\"https:\\\/\\\/www.romaoggi.eu\\\/wp-content\\\/uploads\\\/2018\\\/02\\\/copertina-brogli.jpg\",\"width\":1999,\"height\":1413,\"caption\":\"alt tag amedeo brogli\"},{\"@type\":\"BreadcrumbList\",\"@id\":\"https:\\\/\\\/www.romaoggi.eu\\\/index.php\\\/2018\\\/02\\\/01\\\/amedeo-brogli-mostra-vedute-romane\\\/#breadcrumb\",\"itemListElement\":[{\"@type\":\"ListItem\",\"position\":1,\"name\":\"Home\",\"item\":\"https:\\\/\\\/www.romaoggi.eu\\\/\"},{\"@type\":\"ListItem\",\"position\":2,\"name\":\"Amedeo Brogli in mostra \u201cVedute Romane e Figure\u201d a Palazzo Colonna\"}]},{\"@type\":\"WebSite\",\"@id\":\"https:\\\/\\\/www.romaoggi.eu\\\/#website\",\"url\":\"https:\\\/\\\/www.romaoggi.eu\\\/\",\"name\":\"roma oggi\",\"description\":\"Interesting News for Interesting people\",\"publisher\":{\"@id\":\"https:\\\/\\\/www.romaoggi.eu\\\/#organization\"},\"potentialAction\":[{\"@type\":\"SearchAction\",\"target\":{\"@type\":\"EntryPoint\",\"urlTemplate\":\"https:\\\/\\\/www.romaoggi.eu\\\/?s={search_term_string}\"},\"query-input\":{\"@type\":\"PropertyValueSpecification\",\"valueRequired\":true,\"valueName\":\"search_term_string\"}}],\"inLanguage\":\"it-IT\"},{\"@type\":\"Organization\",\"@id\":\"https:\\\/\\\/www.romaoggi.eu\\\/#organization\",\"name\":\"RomaOggi\",\"url\":\"https:\\\/\\\/www.romaoggi.eu\\\/\",\"logo\":{\"@type\":\"ImageObject\",\"inLanguage\":\"it-IT\",\"@id\":\"https:\\\/\\\/www.romaoggi.eu\\\/#\\\/schema\\\/logo\\\/image\\\/\",\"url\":\"https:\\\/\\\/www.romaoggi.eu\\\/wp-content\\\/uploads\\\/2017\\\/04\\\/logowp.jpg\",\"contentUrl\":\"https:\\\/\\\/www.romaoggi.eu\\\/wp-content\\\/uploads\\\/2017\\\/04\\\/logowp.jpg\",\"width\":300,\"height\":133,\"caption\":\"RomaOggi\"},\"image\":{\"@id\":\"https:\\\/\\\/www.romaoggi.eu\\\/#\\\/schema\\\/logo\\\/image\\\/\"},\"sameAs\":[\"https:\\\/\\\/www.facebook.com\\\/RomaOggi-841544845954114\",\"https:\\\/\\\/x.com\\\/romaoggi_eu\"]},{\"@type\":\"Person\",\"@id\":\"https:\\\/\\\/www.romaoggi.eu\\\/#\\\/schema\\\/person\\\/c8ca1fb64b5506391fff5f822a866c23\",\"name\":\"Antonietta Di Vizia\",\"image\":{\"@type\":\"ImageObject\",\"inLanguage\":\"it-IT\",\"@id\":\"https:\\\/\\\/secure.gravatar.com\\\/avatar\\\/2ad571aa3fbfe3089b06ed5617adf58717b9359c0c97cf9b52804fb2dac293f2?s=96&d=mm&r=g\",\"url\":\"https:\\\/\\\/secure.gravatar.com\\\/avatar\\\/2ad571aa3fbfe3089b06ed5617adf58717b9359c0c97cf9b52804fb2dac293f2?s=96&d=mm&r=g\",\"contentUrl\":\"https:\\\/\\\/secure.gravatar.com\\\/avatar\\\/2ad571aa3fbfe3089b06ed5617adf58717b9359c0c97cf9b52804fb2dac293f2?s=96&d=mm&r=g\",\"caption\":\"Antonietta Di Vizia\"},\"url\":\"https:\\\/\\\/www.romaoggi.eu\\\/index.php\\\/author\\\/antonietta\\\/\"}]}<\/script>\n<!-- \/ Yoast SEO plugin. -->","yoast_head_json":{"title":"Amedeo Brogli in mostra \u201cVedute Romane e Figure\u201d a Palazzo Colonna","description":"Gioved\u00ec 8 febbraio\u00a0, presso la Coffee House di Palazzo Colonna, Piazza SS. Apostoli 67, verr\u00e0 inaugurata la mostra di dipinti di Amedeo Brogli dal titolo \u201c VEDUTE ROMANE E FIGURE\u201d.","robots":{"index":"index","follow":"follow","max-snippet":"max-snippet:-1","max-image-preview":"max-image-preview:large","max-video-preview":"max-video-preview:-1"},"canonical":"https:\/\/www.romaoggi.eu\/index.php\/2018\/02\/01\/amedeo-brogli-mostra-vedute-romane\/","og_locale":"it_IT","og_type":"article","og_title":"Amedeo Brogli in mostra \u201cVedute Romane e Figure\u201d a Palazzo Colonna","og_description":"Gioved\u00ec 8 febbraio\u00a0, presso la Coffee House di Palazzo Colonna, Piazza SS. Apostoli 67, verr\u00e0 inaugurata la mostra di dipinti di Amedeo Brogli dal titolo \u201c VEDUTE ROMANE E FIGURE\u201d.","og_url":"https:\/\/www.romaoggi.eu\/index.php\/2018\/02\/01\/amedeo-brogli-mostra-vedute-romane\/","og_site_name":"roma oggi","article_publisher":"https:\/\/www.facebook.com\/RomaOggi-841544845954114","article_published_time":"2018-02-01T16:43:21+00:00","og_image":[{"width":1999,"height":1413,"url":"https:\/\/www.romaoggi.eu\/wp-content\/uploads\/2018\/02\/copertina-brogli.jpg","type":"image\/jpeg"}],"author":"Antonietta Di Vizia","twitter_card":"summary_large_image","twitter_creator":"@romaoggi_eu","twitter_site":"@romaoggi_eu","twitter_misc":{"Scritto da":"Antonietta Di Vizia","Tempo di lettura stimato":"2 minuti"},"schema":{"@context":"https:\/\/schema.org","@graph":[{"@type":"Article","@id":"https:\/\/www.romaoggi.eu\/index.php\/2018\/02\/01\/amedeo-brogli-mostra-vedute-romane\/#article","isPartOf":{"@id":"https:\/\/www.romaoggi.eu\/index.php\/2018\/02\/01\/amedeo-brogli-mostra-vedute-romane\/"},"author":{"name":"Antonietta Di Vizia","@id":"https:\/\/www.romaoggi.eu\/#\/schema\/person\/c8ca1fb64b5506391fff5f822a866c23"},"headline":"Amedeo Brogli in mostra \u201cVedute Romane e Figure\u201d a Palazzo Colonna","datePublished":"2018-02-01T16:43:21+00:00","mainEntityOfPage":{"@id":"https:\/\/www.romaoggi.eu\/index.php\/2018\/02\/01\/amedeo-brogli-mostra-vedute-romane\/"},"wordCount":510,"commentCount":0,"publisher":{"@id":"https:\/\/www.romaoggi.eu\/#organization"},"image":{"@id":"https:\/\/www.romaoggi.eu\/index.php\/2018\/02\/01\/amedeo-brogli-mostra-vedute-romane\/#primaryimage"},"thumbnailUrl":"https:\/\/www.romaoggi.eu\/wp-content\/uploads\/2018\/02\/copertina-brogli.jpg","keywords":["amedeo brogli","cantina Casata merge\u00e8","coffe house palazzo colonna","elena parmegiani","jeanne colonna","la mason di bacco","mostra","vedute romane"],"articleSection":["Mostre"],"inLanguage":"it-IT","potentialAction":[{"@type":"CommentAction","name":"Comment","target":["https:\/\/www.romaoggi.eu\/index.php\/2018\/02\/01\/amedeo-brogli-mostra-vedute-romane\/#respond"]}]},{"@type":"WebPage","@id":"https:\/\/www.romaoggi.eu\/index.php\/2018\/02\/01\/amedeo-brogli-mostra-vedute-romane\/","url":"https:\/\/www.romaoggi.eu\/index.php\/2018\/02\/01\/amedeo-brogli-mostra-vedute-romane\/","name":"Amedeo Brogli in mostra \u201cVedute Romane e Figure\u201d a Palazzo Colonna","isPartOf":{"@id":"https:\/\/www.romaoggi.eu\/#website"},"primaryImageOfPage":{"@id":"https:\/\/www.romaoggi.eu\/index.php\/2018\/02\/01\/amedeo-brogli-mostra-vedute-romane\/#primaryimage"},"image":{"@id":"https:\/\/www.romaoggi.eu\/index.php\/2018\/02\/01\/amedeo-brogli-mostra-vedute-romane\/#primaryimage"},"thumbnailUrl":"https:\/\/www.romaoggi.eu\/wp-content\/uploads\/2018\/02\/copertina-brogli.jpg","datePublished":"2018-02-01T16:43:21+00:00","description":"Gioved\u00ec 8 febbraio\u00a0, presso la Coffee House di Palazzo Colonna, Piazza SS. Apostoli 67, verr\u00e0 inaugurata la mostra di dipinti di Amedeo Brogli dal titolo \u201c VEDUTE ROMANE E FIGURE\u201d.","breadcrumb":{"@id":"https:\/\/www.romaoggi.eu\/index.php\/2018\/02\/01\/amedeo-brogli-mostra-vedute-romane\/#breadcrumb"},"inLanguage":"it-IT","potentialAction":[{"@type":"ReadAction","target":["https:\/\/www.romaoggi.eu\/index.php\/2018\/02\/01\/amedeo-brogli-mostra-vedute-romane\/"]}]},{"@type":"ImageObject","inLanguage":"it-IT","@id":"https:\/\/www.romaoggi.eu\/index.php\/2018\/02\/01\/amedeo-brogli-mostra-vedute-romane\/#primaryimage","url":"https:\/\/www.romaoggi.eu\/wp-content\/uploads\/2018\/02\/copertina-brogli.jpg","contentUrl":"https:\/\/www.romaoggi.eu\/wp-content\/uploads\/2018\/02\/copertina-brogli.jpg","width":1999,"height":1413,"caption":"alt tag amedeo brogli"},{"@type":"BreadcrumbList","@id":"https:\/\/www.romaoggi.eu\/index.php\/2018\/02\/01\/amedeo-brogli-mostra-vedute-romane\/#breadcrumb","itemListElement":[{"@type":"ListItem","position":1,"name":"Home","item":"https:\/\/www.romaoggi.eu\/"},{"@type":"ListItem","position":2,"name":"Amedeo Brogli in mostra \u201cVedute Romane e Figure\u201d a Palazzo Colonna"}]},{"@type":"WebSite","@id":"https:\/\/www.romaoggi.eu\/#website","url":"https:\/\/www.romaoggi.eu\/","name":"roma oggi","description":"Interesting News for Interesting people","publisher":{"@id":"https:\/\/www.romaoggi.eu\/#organization"},"potentialAction":[{"@type":"SearchAction","target":{"@type":"EntryPoint","urlTemplate":"https:\/\/www.romaoggi.eu\/?s={search_term_string}"},"query-input":{"@type":"PropertyValueSpecification","valueRequired":true,"valueName":"search_term_string"}}],"inLanguage":"it-IT"},{"@type":"Organization","@id":"https:\/\/www.romaoggi.eu\/#organization","name":"RomaOggi","url":"https:\/\/www.romaoggi.eu\/","logo":{"@type":"ImageObject","inLanguage":"it-IT","@id":"https:\/\/www.romaoggi.eu\/#\/schema\/logo\/image\/","url":"https:\/\/www.romaoggi.eu\/wp-content\/uploads\/2017\/04\/logowp.jpg","contentUrl":"https:\/\/www.romaoggi.eu\/wp-content\/uploads\/2017\/04\/logowp.jpg","width":300,"height":133,"caption":"RomaOggi"},"image":{"@id":"https:\/\/www.romaoggi.eu\/#\/schema\/logo\/image\/"},"sameAs":["https:\/\/www.facebook.com\/RomaOggi-841544845954114","https:\/\/x.com\/romaoggi_eu"]},{"@type":"Person","@id":"https:\/\/www.romaoggi.eu\/#\/schema\/person\/c8ca1fb64b5506391fff5f822a866c23","name":"Antonietta Di Vizia","image":{"@type":"ImageObject","inLanguage":"it-IT","@id":"https:\/\/secure.gravatar.com\/avatar\/2ad571aa3fbfe3089b06ed5617adf58717b9359c0c97cf9b52804fb2dac293f2?s=96&d=mm&r=g","url":"https:\/\/secure.gravatar.com\/avatar\/2ad571aa3fbfe3089b06ed5617adf58717b9359c0c97cf9b52804fb2dac293f2?s=96&d=mm&r=g","contentUrl":"https:\/\/secure.gravatar.com\/avatar\/2ad571aa3fbfe3089b06ed5617adf58717b9359c0c97cf9b52804fb2dac293f2?s=96&d=mm&r=g","caption":"Antonietta Di Vizia"},"url":"https:\/\/www.romaoggi.eu\/index.php\/author\/antonietta\/"}]}},"_links":{"self":[{"href":"https:\/\/www.romaoggi.eu\/index.php\/wp-json\/wp\/v2\/posts\/13342","targetHints":{"allow":["GET"]}}],"collection":[{"href":"https:\/\/www.romaoggi.eu\/index.php\/wp-json\/wp\/v2\/posts"}],"about":[{"href":"https:\/\/www.romaoggi.eu\/index.php\/wp-json\/wp\/v2\/types\/post"}],"author":[{"embeddable":true,"href":"https:\/\/www.romaoggi.eu\/index.php\/wp-json\/wp\/v2\/users\/3"}],"replies":[{"embeddable":true,"href":"https:\/\/www.romaoggi.eu\/index.php\/wp-json\/wp\/v2\/comments?post=13342"}],"version-history":[{"count":4,"href":"https:\/\/www.romaoggi.eu\/index.php\/wp-json\/wp\/v2\/posts\/13342\/revisions"}],"predecessor-version":[{"id":13348,"href":"https:\/\/www.romaoggi.eu\/index.php\/wp-json\/wp\/v2\/posts\/13342\/revisions\/13348"}],"wp:featuredmedia":[{"embeddable":true,"href":"https:\/\/www.romaoggi.eu\/index.php\/wp-json\/wp\/v2\/media\/13344"}],"wp:attachment":[{"href":"https:\/\/www.romaoggi.eu\/index.php\/wp-json\/wp\/v2\/media?parent=13342"}],"wp:term":[{"taxonomy":"category","embeddable":true,"href":"https:\/\/www.romaoggi.eu\/index.php\/wp-json\/wp\/v2\/categories?post=13342"},{"taxonomy":"post_tag","embeddable":true,"href":"https:\/\/www.romaoggi.eu\/index.php\/wp-json\/wp\/v2\/tags?post=13342"}],"curies":[{"name":"wp","href":"https:\/\/api.w.org\/{rel}","templated":true}]}}