{"id":13349,"date":"2018-02-01T18:35:07","date_gmt":"2018-02-01T17:35:07","guid":{"rendered":"http:\/\/www.romaoggi.eu\/?p=13349"},"modified":"2018-02-01T18:35:07","modified_gmt":"2018-02-01T17:35:07","slug":"goghgauguin-al-teatro-lo-spazio","status":"publish","type":"post","link":"https:\/\/www.romaoggi.eu\/index.php\/2018\/02\/01\/goghgauguin-al-teatro-lo-spazio\/","title":{"rendered":"GOGHGAUGUIN-debutto nazionale-fino al 4 febbraio al Teatro Lo Spazio"},"content":{"rendered":"<p style=\"text-align: justify;\"><i><span style=\"font-weight: 400;\"><strong>GOGHGAUGUIN u<\/strong>n debutto nazionale, al <a href=\"http:\/\/www.teatrolospazio.it\/\">Teatro Lo Spazio<\/a>\u00a0fino al 4 febbraio 2018 per il testo scritto e diretto da <strong>BiancanivesTogliani, <\/strong>con<strong> Adelmo Togliani, Guido Targetti <\/strong>e<strong> Adele Tirante.<\/strong><\/span><\/i><\/p>\n<p><img loading=\"lazy\" decoding=\"async\" class=\"aligncenter wp-image-13353 size-large\" src=\"https:\/\/www.romaoggi.eu\/wp-content\/uploads\/2018\/02\/scena-Lidillio-1024x530.jpg\" alt=\"alt tag goghgauguin\" width=\"1024\" height=\"530\" srcset=\"https:\/\/www.romaoggi.eu\/wp-content\/uploads\/2018\/02\/scena-Lidillio-1024x530.jpg 1024w, https:\/\/www.romaoggi.eu\/wp-content\/uploads\/2018\/02\/scena-Lidillio-300x155.jpg 300w\" sizes=\"auto, (max-width: 1024px) 100vw, 1024px\" \/><\/p>\n<p style=\"text-align: justify;\"><i><span style=\"font-weight: 400;\">Premio Fersen alla drammaturgia 2015<\/span><\/i><span style=\"font-weight: 400;\">, in GOGHGAUGUIN \u00a0BiancanivesTogliani \u2013 come afferma la Giuria del Premio \u2013 \u201c<em>mette in scena con ottimo ritmo teatrale il complesso sentimento di profonda amicizia che lega Vincent Van Gogh e Paul Gauguin, inficiato tuttavia dall\u2019insopprimibile gelosia di Paul verso Vincent, che egli \u00e8 costretto a riconoscere superiore a lui. In un dialogo immaginario a posteriori, i due raccontano e confrontano il ricordo di quel burrascoso periodo di vita in comune a cui d\u00e0 il suo contributo, da saggia moderatrice, anche Sien, la prostituta amante e modella di Van Gogh\u201d.<\/em><\/span><\/p>\n<p style=\"text-align: justify;\"><span style=\"font-weight: 400;\"><strong>Goghgauguin<\/strong>, il dramma di BiancanivesTogliani racconta di quando i destini di <strong>Vincent Van Gogh<\/strong>, <strong>Paul Gauguin<\/strong> e Sien Hoornik (la prostituta amante di Van Gogh) si incrociarono nel periodo della Casa Gialla ad Arles dando vita ad un m\u00e9nage \u00e0 trois. <\/span><\/p>\n<p style=\"text-align: justify;\"><span style=\"font-weight: 400;\">\u201c<em>Alla realt\u00e0 storica dell\u2019incontro tra i due artisti \u2013<\/em><\/span><span style=\"font-weight: 400;\">afferma l\u2019autrice e regista BiancanivesTogliani<\/span> <em><span style=\"font-weight: 400;\">&#8211; ho inserito il personaggio di Sien. Vincent aveva realmente vissuto una storia con lei a Parigi e le aveva dedicato alcuni disegni, il pi\u00f9 celebre intitolato \u201cSorrow\u201d, ma nella realt\u00e0 non \u00e8 mai stata con loro ad Arles. Nella mia visione Sien, dopo anni da quella notte che se ne and\u00f2 da casa di Vincent sparendo nella pioggia tra i vicoli di Montmartre, va a cercarlo ad Arles proprio mentre Paul \u00e8 suo ospite nello \u201cStudio del sud\u201d. Alchimia e tensioni di una grande amicizia tra i due famosi pittori alla presenza di una donna che si muove nelle loro esistenze, in un periodo indimenticabile dopo il quale non si sarebbero pi\u00f9 rivisti e che ha segnato la loro vita. Paul invidia a Vincent di essere il vero genio tra i due, ammettendo che sar\u00e0 lui \u201cquello ricordato dalla storia\u201d e insidia Sien, non per amore, ma per estorcerle informazioni sul lavoro artistico dell\u2019amico. Vincent sacrifica il suo sentimento per Sien e accetta che lei si dia a Paul, perch\u00e9 lo adora. Sien incarna la funzione dello storyteller, colei che osserva e che racconta. I tre personaggi \u00a0&#8211;<\/span><\/em><span style=\"font-weight: 400;\">prosegue BiancanivesTogliani<\/span><span style=\"font-weight: 400;\"><em> &#8211; sono sempre in scena e si muovono in un luogo che rappresenta sia il \u201cvissuto\u201d, sia il mondo del ricordo, rimandando allo spettatore la percezione del dubbio: questi momenti li stanno vivendo adesso, o li stanno solo ricordando? Sia quando le loro strade si sono divise, sia quando non si sono ancora incontrate, i personaggi sono \u201cgi\u00e0\u201d o \u201cancora\u201d in scena a osservare i nodi del loro rapporto che si forma, si sviscera o finisce? L\u2019assenza di cronologia serve a sfumare il confine tra l\u2019 \u2018ag\u00ecto\u2019 e il ricordo&#8221;<\/em>.<\/span><\/p>\n<p><iframe loading=\"lazy\"  style=\"display: block; margin: 0px auto;\"  id=\"_ytid_95050\"  width=\"480\" height=\"270\"  data-origwidth=\"480\" data-origheight=\"270\" src=\"https:\/\/www.youtube.com\/embed\/TTPuWnmvHQc?enablejsapi=1&#038;autoplay=0&#038;cc_load_policy=0&#038;cc_lang_pref=&#038;iv_load_policy=1&#038;loop=0&#038;rel=1&#038;fs=1&#038;playsinline=0&#038;autohide=2&#038;theme=dark&#038;color=red&#038;controls=1&#038;disablekb=0&#038;\" class=\"__youtube_prefs__  epyt-is-override  no-lazyload\" title=\"YouTube player\"  allow=\"fullscreen; accelerometer; autoplay; clipboard-write; encrypted-media; gyroscope; picture-in-picture; web-share\" referrerpolicy=\"strict-origin-when-cross-origin\" allowfullscreen data-no-lazy=\"1\" data-skipgform_ajax_framebjll=\"\"><\/iframe><\/p>\n<p>&nbsp;<\/p>\n<p><a href=\"https:\/\/www.romaoggi.eu\/index.php\/2018\/01\/09\/teatro-lo-spazio-chiamatemi-woody\/\">redazione<\/a><\/p>\n","protected":false},"excerpt":{"rendered":"<div class=\"mh-excerpt\"><p>GOGHGAUGUIN un debutto nazionale, al Teatro Lo Spazio\u00a0fino al 4 febbraio 2018 per il testo scritto e diretto da BiancanivesTogliani, con Adelmo Togliani, Guido Targetti e Adele Tirante. Premio Fersen alla drammaturgia 2015, in GOGHGAUGUIN <a class=\"mh-excerpt-more\" href=\"https:\/\/www.romaoggi.eu\/index.php\/2018\/02\/01\/goghgauguin-al-teatro-lo-spazio\/\" title=\"GOGHGAUGUIN-debutto nazionale-fino al 4 febbraio al Teatro Lo Spazio\">[&#8230;]<\/a><\/p>\n<\/div>","protected":false},"author":3,"featured_media":13352,"comment_status":"open","ping_status":"open","sticky":false,"template":"","format":"standard","meta":{"_sitemap_exclude":false,"_sitemap_priority":"","_sitemap_frequency":"","footnotes":""},"categories":[4281],"tags":[9212,9209,9208,9206,9213,9207,9210,9211,84],"class_list":["post-13349","post","type-post","status-publish","format-standard","has-post-thumbnail","hentry","category-teatro","tag-adelmo-togliani","tag-arles","tag-biancanivestogliani","tag-goghgauguin","tag-paul-gauguin","tag-premio-fersen","tag-sien","tag-storyteller","tag-teatro-lo-spazio"],"yoast_head":"<!-- This site is optimized with the Yoast SEO plugin v27.5 - https:\/\/yoast.com\/product\/yoast-seo-wordpress\/ -->\n<title>GOGHGAUGUIN-debutto nazionale-fino al 4 febbraio al Teatro Lo Spazio<\/title>\n<meta name=\"description\" content=\"GOGHGAUGUIN un debutto nazionale, al Teatro Lo Spazio\u00a0fino al 4 febbraio 2018 per il testo scritto e diretto da BiancanivesTogliani, con Adelmo Togliani, Guido Targetti e Adele Tirante.\" \/>\n<meta name=\"robots\" content=\"index, follow, max-snippet:-1, max-image-preview:large, max-video-preview:-1\" \/>\n<link rel=\"canonical\" href=\"https:\/\/www.romaoggi.eu\/index.php\/2018\/02\/01\/goghgauguin-al-teatro-lo-spazio\/\" \/>\n<meta property=\"og:locale\" content=\"it_IT\" \/>\n<meta property=\"og:type\" content=\"article\" \/>\n<meta property=\"og:title\" content=\"GOGHGAUGUIN-debutto nazionale-fino al 4 febbraio al Teatro Lo Spazio\" \/>\n<meta property=\"og:description\" content=\"GOGHGAUGUIN un debutto nazionale, al Teatro Lo Spazio\u00a0fino al 4 febbraio 2018 per il testo scritto e diretto da BiancanivesTogliani, con Adelmo Togliani, Guido Targetti e Adele Tirante.\" \/>\n<meta property=\"og:url\" content=\"https:\/\/www.romaoggi.eu\/index.php\/2018\/02\/01\/goghgauguin-al-teatro-lo-spazio\/\" \/>\n<meta property=\"og:site_name\" content=\"roma oggi\" \/>\n<meta property=\"article:publisher\" content=\"https:\/\/www.facebook.com\/RomaOggi-841544845954114\" \/>\n<meta property=\"article:published_time\" content=\"2018-02-01T17:35:07+00:00\" \/>\n<meta property=\"og:image\" content=\"https:\/\/www.romaoggi.eu\/wp-content\/uploads\/2018\/02\/gogh.jpg\" \/>\n\t<meta property=\"og:image:width\" content=\"345\" \/>\n\t<meta property=\"og:image:height\" content=\"264\" \/>\n\t<meta property=\"og:image:type\" content=\"image\/jpeg\" \/>\n<meta name=\"author\" content=\"Antonietta Di Vizia\" \/>\n<meta name=\"twitter:card\" content=\"summary_large_image\" \/>\n<meta name=\"twitter:creator\" content=\"@romaoggi_eu\" \/>\n<meta name=\"twitter:site\" content=\"@romaoggi_eu\" \/>\n<meta name=\"twitter:label1\" content=\"Scritto da\" \/>\n\t<meta name=\"twitter:data1\" content=\"Antonietta Di Vizia\" \/>\n\t<meta name=\"twitter:label2\" content=\"Tempo di lettura stimato\" \/>\n\t<meta name=\"twitter:data2\" content=\"2 minuti\" \/>\n<script type=\"application\/ld+json\" class=\"yoast-schema-graph\">{\"@context\":\"https:\\\/\\\/schema.org\",\"@graph\":[{\"@type\":\"Article\",\"@id\":\"https:\\\/\\\/www.romaoggi.eu\\\/index.php\\\/2018\\\/02\\\/01\\\/goghgauguin-al-teatro-lo-spazio\\\/#article\",\"isPartOf\":{\"@id\":\"https:\\\/\\\/www.romaoggi.eu\\\/index.php\\\/2018\\\/02\\\/01\\\/goghgauguin-al-teatro-lo-spazio\\\/\"},\"author\":{\"name\":\"Antonietta Di Vizia\",\"@id\":\"https:\\\/\\\/www.romaoggi.eu\\\/#\\\/schema\\\/person\\\/c8ca1fb64b5506391fff5f822a866c23\"},\"headline\":\"GOGHGAUGUIN-debutto nazionale-fino al 4 febbraio al Teatro Lo Spazio\",\"datePublished\":\"2018-02-01T17:35:07+00:00\",\"mainEntityOfPage\":{\"@id\":\"https:\\\/\\\/www.romaoggi.eu\\\/index.php\\\/2018\\\/02\\\/01\\\/goghgauguin-al-teatro-lo-spazio\\\/\"},\"wordCount\":470,\"commentCount\":0,\"publisher\":{\"@id\":\"https:\\\/\\\/www.romaoggi.eu\\\/#organization\"},\"image\":{\"@id\":\"https:\\\/\\\/www.romaoggi.eu\\\/index.php\\\/2018\\\/02\\\/01\\\/goghgauguin-al-teatro-lo-spazio\\\/#primaryimage\"},\"thumbnailUrl\":\"https:\\\/\\\/www.romaoggi.eu\\\/wp-content\\\/uploads\\\/2018\\\/02\\\/gogh.jpg\",\"keywords\":[\"adelmo togliani\",\"arles\",\"BiancanivesTogliani\",\"GOGHGAUGUIN\",\"Paul Gauguin\",\"premio fersen\",\"sien\",\"storyteller\",\"teatro lo spazio\"],\"articleSection\":[\"teatro\"],\"inLanguage\":\"it-IT\",\"potentialAction\":[{\"@type\":\"CommentAction\",\"name\":\"Comment\",\"target\":[\"https:\\\/\\\/www.romaoggi.eu\\\/index.php\\\/2018\\\/02\\\/01\\\/goghgauguin-al-teatro-lo-spazio\\\/#respond\"]}]},{\"@type\":\"WebPage\",\"@id\":\"https:\\\/\\\/www.romaoggi.eu\\\/index.php\\\/2018\\\/02\\\/01\\\/goghgauguin-al-teatro-lo-spazio\\\/\",\"url\":\"https:\\\/\\\/www.romaoggi.eu\\\/index.php\\\/2018\\\/02\\\/01\\\/goghgauguin-al-teatro-lo-spazio\\\/\",\"name\":\"GOGHGAUGUIN-debutto nazionale-fino al 4 febbraio al Teatro Lo Spazio\",\"isPartOf\":{\"@id\":\"https:\\\/\\\/www.romaoggi.eu\\\/#website\"},\"primaryImageOfPage\":{\"@id\":\"https:\\\/\\\/www.romaoggi.eu\\\/index.php\\\/2018\\\/02\\\/01\\\/goghgauguin-al-teatro-lo-spazio\\\/#primaryimage\"},\"image\":{\"@id\":\"https:\\\/\\\/www.romaoggi.eu\\\/index.php\\\/2018\\\/02\\\/01\\\/goghgauguin-al-teatro-lo-spazio\\\/#primaryimage\"},\"thumbnailUrl\":\"https:\\\/\\\/www.romaoggi.eu\\\/wp-content\\\/uploads\\\/2018\\\/02\\\/gogh.jpg\",\"datePublished\":\"2018-02-01T17:35:07+00:00\",\"description\":\"GOGHGAUGUIN un debutto nazionale, al Teatro Lo Spazio\u00a0fino al 4 febbraio 2018 per il testo scritto e diretto da BiancanivesTogliani, con Adelmo Togliani, Guido Targetti e Adele Tirante.\",\"breadcrumb\":{\"@id\":\"https:\\\/\\\/www.romaoggi.eu\\\/index.php\\\/2018\\\/02\\\/01\\\/goghgauguin-al-teatro-lo-spazio\\\/#breadcrumb\"},\"inLanguage\":\"it-IT\",\"potentialAction\":[{\"@type\":\"ReadAction\",\"target\":[\"https:\\\/\\\/www.romaoggi.eu\\\/index.php\\\/2018\\\/02\\\/01\\\/goghgauguin-al-teatro-lo-spazio\\\/\"]}]},{\"@type\":\"ImageObject\",\"inLanguage\":\"it-IT\",\"@id\":\"https:\\\/\\\/www.romaoggi.eu\\\/index.php\\\/2018\\\/02\\\/01\\\/goghgauguin-al-teatro-lo-spazio\\\/#primaryimage\",\"url\":\"https:\\\/\\\/www.romaoggi.eu\\\/wp-content\\\/uploads\\\/2018\\\/02\\\/gogh.jpg\",\"contentUrl\":\"https:\\\/\\\/www.romaoggi.eu\\\/wp-content\\\/uploads\\\/2018\\\/02\\\/gogh.jpg\",\"width\":345,\"height\":264,\"caption\":\"alt tag goghgauguin\"},{\"@type\":\"BreadcrumbList\",\"@id\":\"https:\\\/\\\/www.romaoggi.eu\\\/index.php\\\/2018\\\/02\\\/01\\\/goghgauguin-al-teatro-lo-spazio\\\/#breadcrumb\",\"itemListElement\":[{\"@type\":\"ListItem\",\"position\":1,\"name\":\"Home\",\"item\":\"https:\\\/\\\/www.romaoggi.eu\\\/\"},{\"@type\":\"ListItem\",\"position\":2,\"name\":\"GOGHGAUGUIN-debutto nazionale-fino al 4 febbraio al Teatro Lo Spazio\"}]},{\"@type\":\"WebSite\",\"@id\":\"https:\\\/\\\/www.romaoggi.eu\\\/#website\",\"url\":\"https:\\\/\\\/www.romaoggi.eu\\\/\",\"name\":\"roma oggi\",\"description\":\"Interesting News for Interesting people\",\"publisher\":{\"@id\":\"https:\\\/\\\/www.romaoggi.eu\\\/#organization\"},\"potentialAction\":[{\"@type\":\"SearchAction\",\"target\":{\"@type\":\"EntryPoint\",\"urlTemplate\":\"https:\\\/\\\/www.romaoggi.eu\\\/?s={search_term_string}\"},\"query-input\":{\"@type\":\"PropertyValueSpecification\",\"valueRequired\":true,\"valueName\":\"search_term_string\"}}],\"inLanguage\":\"it-IT\"},{\"@type\":\"Organization\",\"@id\":\"https:\\\/\\\/www.romaoggi.eu\\\/#organization\",\"name\":\"RomaOggi\",\"url\":\"https:\\\/\\\/www.romaoggi.eu\\\/\",\"logo\":{\"@type\":\"ImageObject\",\"inLanguage\":\"it-IT\",\"@id\":\"https:\\\/\\\/www.romaoggi.eu\\\/#\\\/schema\\\/logo\\\/image\\\/\",\"url\":\"https:\\\/\\\/www.romaoggi.eu\\\/wp-content\\\/uploads\\\/2017\\\/04\\\/logowp.jpg\",\"contentUrl\":\"https:\\\/\\\/www.romaoggi.eu\\\/wp-content\\\/uploads\\\/2017\\\/04\\\/logowp.jpg\",\"width\":300,\"height\":133,\"caption\":\"RomaOggi\"},\"image\":{\"@id\":\"https:\\\/\\\/www.romaoggi.eu\\\/#\\\/schema\\\/logo\\\/image\\\/\"},\"sameAs\":[\"https:\\\/\\\/www.facebook.com\\\/RomaOggi-841544845954114\",\"https:\\\/\\\/x.com\\\/romaoggi_eu\"]},{\"@type\":\"Person\",\"@id\":\"https:\\\/\\\/www.romaoggi.eu\\\/#\\\/schema\\\/person\\\/c8ca1fb64b5506391fff5f822a866c23\",\"name\":\"Antonietta Di Vizia\",\"image\":{\"@type\":\"ImageObject\",\"inLanguage\":\"it-IT\",\"@id\":\"https:\\\/\\\/secure.gravatar.com\\\/avatar\\\/2ad571aa3fbfe3089b06ed5617adf58717b9359c0c97cf9b52804fb2dac293f2?s=96&d=mm&r=g\",\"url\":\"https:\\\/\\\/secure.gravatar.com\\\/avatar\\\/2ad571aa3fbfe3089b06ed5617adf58717b9359c0c97cf9b52804fb2dac293f2?s=96&d=mm&r=g\",\"contentUrl\":\"https:\\\/\\\/secure.gravatar.com\\\/avatar\\\/2ad571aa3fbfe3089b06ed5617adf58717b9359c0c97cf9b52804fb2dac293f2?s=96&d=mm&r=g\",\"caption\":\"Antonietta Di Vizia\"},\"url\":\"https:\\\/\\\/www.romaoggi.eu\\\/index.php\\\/author\\\/antonietta\\\/\"}]}<\/script>\n<!-- \/ Yoast SEO plugin. -->","yoast_head_json":{"title":"GOGHGAUGUIN-debutto nazionale-fino al 4 febbraio al Teatro Lo Spazio","description":"GOGHGAUGUIN un debutto nazionale, al Teatro Lo Spazio\u00a0fino al 4 febbraio 2018 per il testo scritto e diretto da BiancanivesTogliani, con Adelmo Togliani, Guido Targetti e Adele Tirante.","robots":{"index":"index","follow":"follow","max-snippet":"max-snippet:-1","max-image-preview":"max-image-preview:large","max-video-preview":"max-video-preview:-1"},"canonical":"https:\/\/www.romaoggi.eu\/index.php\/2018\/02\/01\/goghgauguin-al-teatro-lo-spazio\/","og_locale":"it_IT","og_type":"article","og_title":"GOGHGAUGUIN-debutto nazionale-fino al 4 febbraio al Teatro Lo Spazio","og_description":"GOGHGAUGUIN un debutto nazionale, al Teatro Lo Spazio\u00a0fino al 4 febbraio 2018 per il testo scritto e diretto da BiancanivesTogliani, con Adelmo Togliani, Guido Targetti e Adele Tirante.","og_url":"https:\/\/www.romaoggi.eu\/index.php\/2018\/02\/01\/goghgauguin-al-teatro-lo-spazio\/","og_site_name":"roma oggi","article_publisher":"https:\/\/www.facebook.com\/RomaOggi-841544845954114","article_published_time":"2018-02-01T17:35:07+00:00","og_image":[{"width":345,"height":264,"url":"https:\/\/www.romaoggi.eu\/wp-content\/uploads\/2018\/02\/gogh.jpg","type":"image\/jpeg"}],"author":"Antonietta Di Vizia","twitter_card":"summary_large_image","twitter_creator":"@romaoggi_eu","twitter_site":"@romaoggi_eu","twitter_misc":{"Scritto da":"Antonietta Di Vizia","Tempo di lettura stimato":"2 minuti"},"schema":{"@context":"https:\/\/schema.org","@graph":[{"@type":"Article","@id":"https:\/\/www.romaoggi.eu\/index.php\/2018\/02\/01\/goghgauguin-al-teatro-lo-spazio\/#article","isPartOf":{"@id":"https:\/\/www.romaoggi.eu\/index.php\/2018\/02\/01\/goghgauguin-al-teatro-lo-spazio\/"},"author":{"name":"Antonietta Di Vizia","@id":"https:\/\/www.romaoggi.eu\/#\/schema\/person\/c8ca1fb64b5506391fff5f822a866c23"},"headline":"GOGHGAUGUIN-debutto nazionale-fino al 4 febbraio al Teatro Lo Spazio","datePublished":"2018-02-01T17:35:07+00:00","mainEntityOfPage":{"@id":"https:\/\/www.romaoggi.eu\/index.php\/2018\/02\/01\/goghgauguin-al-teatro-lo-spazio\/"},"wordCount":470,"commentCount":0,"publisher":{"@id":"https:\/\/www.romaoggi.eu\/#organization"},"image":{"@id":"https:\/\/www.romaoggi.eu\/index.php\/2018\/02\/01\/goghgauguin-al-teatro-lo-spazio\/#primaryimage"},"thumbnailUrl":"https:\/\/www.romaoggi.eu\/wp-content\/uploads\/2018\/02\/gogh.jpg","keywords":["adelmo togliani","arles","BiancanivesTogliani","GOGHGAUGUIN","Paul Gauguin","premio fersen","sien","storyteller","teatro lo spazio"],"articleSection":["teatro"],"inLanguage":"it-IT","potentialAction":[{"@type":"CommentAction","name":"Comment","target":["https:\/\/www.romaoggi.eu\/index.php\/2018\/02\/01\/goghgauguin-al-teatro-lo-spazio\/#respond"]}]},{"@type":"WebPage","@id":"https:\/\/www.romaoggi.eu\/index.php\/2018\/02\/01\/goghgauguin-al-teatro-lo-spazio\/","url":"https:\/\/www.romaoggi.eu\/index.php\/2018\/02\/01\/goghgauguin-al-teatro-lo-spazio\/","name":"GOGHGAUGUIN-debutto nazionale-fino al 4 febbraio al Teatro Lo Spazio","isPartOf":{"@id":"https:\/\/www.romaoggi.eu\/#website"},"primaryImageOfPage":{"@id":"https:\/\/www.romaoggi.eu\/index.php\/2018\/02\/01\/goghgauguin-al-teatro-lo-spazio\/#primaryimage"},"image":{"@id":"https:\/\/www.romaoggi.eu\/index.php\/2018\/02\/01\/goghgauguin-al-teatro-lo-spazio\/#primaryimage"},"thumbnailUrl":"https:\/\/www.romaoggi.eu\/wp-content\/uploads\/2018\/02\/gogh.jpg","datePublished":"2018-02-01T17:35:07+00:00","description":"GOGHGAUGUIN un debutto nazionale, al Teatro Lo Spazio\u00a0fino al 4 febbraio 2018 per il testo scritto e diretto da BiancanivesTogliani, con Adelmo Togliani, Guido Targetti e Adele Tirante.","breadcrumb":{"@id":"https:\/\/www.romaoggi.eu\/index.php\/2018\/02\/01\/goghgauguin-al-teatro-lo-spazio\/#breadcrumb"},"inLanguage":"it-IT","potentialAction":[{"@type":"ReadAction","target":["https:\/\/www.romaoggi.eu\/index.php\/2018\/02\/01\/goghgauguin-al-teatro-lo-spazio\/"]}]},{"@type":"ImageObject","inLanguage":"it-IT","@id":"https:\/\/www.romaoggi.eu\/index.php\/2018\/02\/01\/goghgauguin-al-teatro-lo-spazio\/#primaryimage","url":"https:\/\/www.romaoggi.eu\/wp-content\/uploads\/2018\/02\/gogh.jpg","contentUrl":"https:\/\/www.romaoggi.eu\/wp-content\/uploads\/2018\/02\/gogh.jpg","width":345,"height":264,"caption":"alt tag goghgauguin"},{"@type":"BreadcrumbList","@id":"https:\/\/www.romaoggi.eu\/index.php\/2018\/02\/01\/goghgauguin-al-teatro-lo-spazio\/#breadcrumb","itemListElement":[{"@type":"ListItem","position":1,"name":"Home","item":"https:\/\/www.romaoggi.eu\/"},{"@type":"ListItem","position":2,"name":"GOGHGAUGUIN-debutto nazionale-fino al 4 febbraio al Teatro Lo Spazio"}]},{"@type":"WebSite","@id":"https:\/\/www.romaoggi.eu\/#website","url":"https:\/\/www.romaoggi.eu\/","name":"roma oggi","description":"Interesting News for Interesting people","publisher":{"@id":"https:\/\/www.romaoggi.eu\/#organization"},"potentialAction":[{"@type":"SearchAction","target":{"@type":"EntryPoint","urlTemplate":"https:\/\/www.romaoggi.eu\/?s={search_term_string}"},"query-input":{"@type":"PropertyValueSpecification","valueRequired":true,"valueName":"search_term_string"}}],"inLanguage":"it-IT"},{"@type":"Organization","@id":"https:\/\/www.romaoggi.eu\/#organization","name":"RomaOggi","url":"https:\/\/www.romaoggi.eu\/","logo":{"@type":"ImageObject","inLanguage":"it-IT","@id":"https:\/\/www.romaoggi.eu\/#\/schema\/logo\/image\/","url":"https:\/\/www.romaoggi.eu\/wp-content\/uploads\/2017\/04\/logowp.jpg","contentUrl":"https:\/\/www.romaoggi.eu\/wp-content\/uploads\/2017\/04\/logowp.jpg","width":300,"height":133,"caption":"RomaOggi"},"image":{"@id":"https:\/\/www.romaoggi.eu\/#\/schema\/logo\/image\/"},"sameAs":["https:\/\/www.facebook.com\/RomaOggi-841544845954114","https:\/\/x.com\/romaoggi_eu"]},{"@type":"Person","@id":"https:\/\/www.romaoggi.eu\/#\/schema\/person\/c8ca1fb64b5506391fff5f822a866c23","name":"Antonietta Di Vizia","image":{"@type":"ImageObject","inLanguage":"it-IT","@id":"https:\/\/secure.gravatar.com\/avatar\/2ad571aa3fbfe3089b06ed5617adf58717b9359c0c97cf9b52804fb2dac293f2?s=96&d=mm&r=g","url":"https:\/\/secure.gravatar.com\/avatar\/2ad571aa3fbfe3089b06ed5617adf58717b9359c0c97cf9b52804fb2dac293f2?s=96&d=mm&r=g","contentUrl":"https:\/\/secure.gravatar.com\/avatar\/2ad571aa3fbfe3089b06ed5617adf58717b9359c0c97cf9b52804fb2dac293f2?s=96&d=mm&r=g","caption":"Antonietta Di Vizia"},"url":"https:\/\/www.romaoggi.eu\/index.php\/author\/antonietta\/"}]}},"_links":{"self":[{"href":"https:\/\/www.romaoggi.eu\/index.php\/wp-json\/wp\/v2\/posts\/13349","targetHints":{"allow":["GET"]}}],"collection":[{"href":"https:\/\/www.romaoggi.eu\/index.php\/wp-json\/wp\/v2\/posts"}],"about":[{"href":"https:\/\/www.romaoggi.eu\/index.php\/wp-json\/wp\/v2\/types\/post"}],"author":[{"embeddable":true,"href":"https:\/\/www.romaoggi.eu\/index.php\/wp-json\/wp\/v2\/users\/3"}],"replies":[{"embeddable":true,"href":"https:\/\/www.romaoggi.eu\/index.php\/wp-json\/wp\/v2\/comments?post=13349"}],"version-history":[{"count":8,"href":"https:\/\/www.romaoggi.eu\/index.php\/wp-json\/wp\/v2\/posts\/13349\/revisions"}],"predecessor-version":[{"id":13360,"href":"https:\/\/www.romaoggi.eu\/index.php\/wp-json\/wp\/v2\/posts\/13349\/revisions\/13360"}],"wp:featuredmedia":[{"embeddable":true,"href":"https:\/\/www.romaoggi.eu\/index.php\/wp-json\/wp\/v2\/media\/13352"}],"wp:attachment":[{"href":"https:\/\/www.romaoggi.eu\/index.php\/wp-json\/wp\/v2\/media?parent=13349"}],"wp:term":[{"taxonomy":"category","embeddable":true,"href":"https:\/\/www.romaoggi.eu\/index.php\/wp-json\/wp\/v2\/categories?post=13349"},{"taxonomy":"post_tag","embeddable":true,"href":"https:\/\/www.romaoggi.eu\/index.php\/wp-json\/wp\/v2\/tags?post=13349"}],"curies":[{"name":"wp","href":"https:\/\/api.w.org\/{rel}","templated":true}]}}