{"id":13546,"date":"2018-02-07T14:15:36","date_gmt":"2018-02-07T13:15:36","guid":{"rendered":"http:\/\/www.romaoggi.eu\/?p=13546"},"modified":"2018-02-07T14:15:36","modified_gmt":"2018-02-07T13:15:36","slug":"star-elaiza-in-concerto-al-killer-beer","status":"publish","type":"post","link":"https:\/\/www.romaoggi.eu\/index.php\/2018\/02\/07\/star-elaiza-in-concerto-al-killer-beer\/","title":{"rendered":"Sabato 10 febbraio Star Elaiza in concerto al Killer Beer"},"content":{"rendered":"<p style=\"text-align: justify;\">La black voice italiana <b>Star Elaiza <\/b>in concerto al<b> <a href=\"https:\/\/www.facebook.com\/KillerPinsaBeer\/\">Killer Beer<\/a>, <\/b>sabato 10 febbraio, una proposta musicale alternativa, alla serata finale del <b>Festival di Sanremo.\u00a0<\/b><b>Star Elaiza,\u00a0<\/b> in<b> &#8220;Live Concert &#8211; Glam Music Night&#8221;\u00a0 <\/b>accompagnata dal Maestro<b> Massimo Tiburzi,<\/b><span style=\"font-weight: 400;\"> \u00e8 reduce dal successo del concorso <\/span><b><i>Il + bello d\u2019Italia<\/i><\/b><span style=\"font-weight: 400;\"> e <\/span><b><i>Ragazza protagonista<\/i><\/b><span style=\"font-weight: 400;\">, dove oltre ad essere la mattatrice e presentatrice delle serate ha regalato agli ospiti diverse entusiasmanti performance canore.<\/span><span style=\"font-weight: 400;\">\u00a0<\/span><\/p>\n<p style=\"text-align: justify;\"><span style=\"font-weight: 400;\">La talentuosa cantante romana presenter\u00e0 sabato 10 febbraio, al suo live concert una variet\u00e0 di brani internazionali e nazionali di artisti famosissimi adattati con il <\/span><b>Maestro Massimo Tiburzi<\/b><span style=\"font-weight: 400;\">, e tanti dei suoi brani\u00a0di successo come \u201c<a href=\"https:\/\/www.youtube.com\/watch?v=g2xWGrGt01c\"><b><i>Say a word<\/i><\/b><\/a>\u201d.<\/span><\/p>\n<figure id=\"attachment_13550\" aria-describedby=\"caption-attachment-13550\" style=\"width: 200px\" class=\"wp-caption alignleft\"><img loading=\"lazy\" decoding=\"async\" class=\"size-medium wp-image-13550\" src=\"https:\/\/www.romaoggi.eu\/wp-content\/uploads\/2018\/02\/Im-Red-Colors-Collection-Blog-and-the-city-Elenia-Scarsella-2-1-200x300.jpg\" alt=\"alt tag star elaiza\" width=\"200\" height=\"300\" srcset=\"https:\/\/www.romaoggi.eu\/wp-content\/uploads\/2018\/02\/Im-Red-Colors-Collection-Blog-and-the-city-Elenia-Scarsella-2-1-200x300.jpg 200w, https:\/\/www.romaoggi.eu\/wp-content\/uploads\/2018\/02\/Im-Red-Colors-Collection-Blog-and-the-city-Elenia-Scarsella-2-1.jpg 683w\" sizes=\"auto, (max-width: 200px) 100vw, 200px\" \/><figcaption id=\"caption-attachment-13550\" class=\"wp-caption-text\">I&#8217;m Red &#8211; Colors Collection Blog and the city- Elenia Scarsella<\/figcaption><\/figure>\n<p style=\"text-align: justify;\"><span style=\"font-weight: 400;\">Tanti gli ospiti e le sorprese durante il Live Concert, come l\u2019imprenditore, talent scout e showman <\/span><b>Tiziano Soddimo<\/b><span style=\"font-weight: 400;\"> che ci regaler\u00e0 una sua versione della bellissima \u201c<\/span><i><span style=\"font-weight: 400;\">Il cielo in una stanza<\/span><\/i><span style=\"font-weight: 400;\">\u201d.\u00a0<\/span><span style=\"font-weight: 400;\">Ci sar\u00e0 anche il momento glamour con la presentazione della capsule collection di T-shirt \u201c<a href=\"https:\/\/www.romaoggi.eu\/index.php\/2017\/11\/27\/colors-t-shirt-fashion-elenia-scarsella\/\"><strong>Colors<\/strong><\/a>\u201d della nota blogger <\/span><b>Elenia Scarsella<\/b><span style=\"font-weight: 400;\"> creatrice di <\/span><a href=\"http:\/\/www.blogandthecity.it\/t-shirt\/\"><b>Blog and the City<\/b><\/a><span style=\"font-weight: 400;\">.\u00a0<\/span><span style=\"font-weight: 400;\">Sar\u00e0 poi la volta di <\/span><b>Elodie Vegliante<\/b><span style=\"font-weight: 400;\"> indossatrice per prestigiosi Atelier e fotomodella fine art lingerie moda, urban e glamour, spesso impegnata anche all&#8217;estero con collaborazioni workshop e model sharing, che sar\u00e0 la modella di punta per la sfilata della collezione Colors e, a dimostrazione della sua poliedricit\u00e0, ci far\u00e0 ascoltare anche una canzone.<\/span><\/p>\n<p style=\"text-align: justify;\"><b>A Star Elaiza abbiamo chiesto: Che cosa significa per te cantare?\u00a0<\/b><i><span style=\"font-weight: 400;\">&#8220;<\/span><\/i><em><span style=\"font-weight: 400;\">Per me cantare \u00e8 tutto, \u00e8 il modo in cui riesco a esprimermi al meglio e regalare a chi mi ascolta emozioni. Scrivendo i testi delle mie canzoni cerco di condividere le mie personali esperienze di vita, esperienze di vita che ho vissuto attraverso amici, persone care e a volte esperienze che ho fatto mie attraverso fatti accaduti a terzi. Ho iniziato a cantare e a ballare da piccolissima. A 16 anni ho avuto il ruolo di protagonista in un musical e da l\u00ec ho iniziato a studiare canto e poi recitazione. Da quel momento \u00e8 iniziato il mio percorso canoro fatto di studi, tanta gavetta e infinite esperienze e collaborazioni<\/span><\/em><i><span style=\"font-weight: 400;\">&#8220;.<\/span><\/i><\/p>\n<figure id=\"attachment_13551\" aria-describedby=\"caption-attachment-13551\" style=\"width: 242px\" class=\"wp-caption alignright\"><img loading=\"lazy\" decoding=\"async\" class=\"size-medium wp-image-13551\" src=\"https:\/\/www.romaoggi.eu\/wp-content\/uploads\/2018\/02\/Elodie-Vegliante-fotomodella-242x300.jpg\" alt=\"alt tag star elaiza\" width=\"242\" height=\"300\" srcset=\"https:\/\/www.romaoggi.eu\/wp-content\/uploads\/2018\/02\/Elodie-Vegliante-fotomodella-242x300.jpg 242w, https:\/\/www.romaoggi.eu\/wp-content\/uploads\/2018\/02\/Elodie-Vegliante-fotomodella.jpg 336w\" sizes=\"auto, (max-width: 242px) 100vw, 242px\" \/><figcaption id=\"caption-attachment-13551\" class=\"wp-caption-text\">Elodie Vegliante<\/figcaption><\/figure>\n<p style=\"text-align: justify;\"><b>Come nasce l\u2019idea dell\u2019evento di sabato?\u00a0<\/b><i><span style=\"font-weight: 400;\">&#8220;Avevo il piacere di condividere con gli amici la mia passione per la musica. Credo molto nell\u2019arte come condivisione e contaminazione. E quale migliore occasione di un <strong>Live Concert<\/strong> in una dimensione accogliente e intima come quella del Killer Beer, per un incontro tra amici ed artisti&#8221;.\u00a0<\/span><\/i><\/p>\n<p style=\"text-align: justify;\"><a href=\"https:\/\/www.facebook.com\/search\/top\/?q=killer%20beer%20risto-pub\"><b>Killer Beer<\/b><\/a><span style=\"font-weight: 400;\">\u00a0per la serata, offre la possibilit\u00e0 di cenare \u00e0 la carte e propone due men\u00f9 fissi: uno a 20 \u20ac che comprende il men\u00f9 pizza, con antipasto dolce e caff\u00e8 e uno a 30 \u20ac con men\u00f9 primo e carne con inclusi dolce e caff\u00e8.<\/span><\/p>\n<p style=\"text-align: justify;\"><span style=\"font-weight: 400;\">Info e prenotazioni direttamente al locale al 333.4658024.<\/span><\/p>\n<p>&nbsp;<\/p>\n<p>Redazione<\/p>\n","protected":false},"excerpt":{"rendered":"<div class=\"mh-excerpt\"><p>La black voice italiana Star Elaiza in concerto al Killer Beer, sabato 10 febbraio, una proposta musicale alternativa, alla serata finale del Festival di Sanremo.\u00a0Star Elaiza,\u00a0 in &#8220;Live Concert &#8211; Glam Music Night&#8221;\u00a0 accompagnata dal <a class=\"mh-excerpt-more\" href=\"https:\/\/www.romaoggi.eu\/index.php\/2018\/02\/07\/star-elaiza-in-concerto-al-killer-beer\/\" title=\"Sabato 10 febbraio Star Elaiza in concerto al Killer Beer\">[&#8230;]<\/a><\/p>\n<\/div>","protected":false},"author":3,"featured_media":13549,"comment_status":"open","ping_status":"open","sticky":false,"template":"","format":"standard","meta":{"_sitemap_exclude":false,"_sitemap_priority":"","_sitemap_frequency":"","footnotes":""},"categories":[3],"tags":[8557,1281,2961,8200,9271,9269,9270,1573,1570,9272],"class_list":["post-13546","post","type-post","status-publish","format-standard","has-post-thumbnail","hentry","category-eventi","tag-colors","tag-concerto","tag-elenia-scarsella","tag-elodie-vegliante","tag-il-bello-ditalia-e-ragazza-protagonista","tag-killer-beer","tag-live-concert","tag-massimo-tiburzi","tag-star-elaiza","tag-tiziano-soddimo"],"yoast_head":"<!-- This site is optimized with the Yoast SEO plugin v27.4 - https:\/\/yoast.com\/product\/yoast-seo-wordpress\/ -->\n<title>Sabato 10 febbraio Star Elaiza in concerto al Killer Beer<\/title>\n<meta name=\"description\" content=\"La black voice italiana Star Elaiza in concerto al Killer Beer, sabato 10 febbraio, una proposta musicale\u00a0 alternativa alla serata finale del Festival di Sanremo.\" \/>\n<meta name=\"robots\" content=\"index, follow, max-snippet:-1, max-image-preview:large, max-video-preview:-1\" \/>\n<link rel=\"canonical\" href=\"https:\/\/www.romaoggi.eu\/index.php\/2018\/02\/07\/star-elaiza-in-concerto-al-killer-beer\/\" \/>\n<meta property=\"og:locale\" content=\"it_IT\" \/>\n<meta property=\"og:type\" content=\"article\" \/>\n<meta property=\"og:title\" content=\"Sabato 10 febbraio Star Elaiza in concerto al Killer Beer\" \/>\n<meta property=\"og:description\" content=\"La black voice italiana Star Elaiza in concerto al Killer Beer, sabato 10 febbraio, una proposta musicale\u00a0 alternativa alla serata finale del Festival di Sanremo.\" \/>\n<meta property=\"og:url\" content=\"https:\/\/www.romaoggi.eu\/index.php\/2018\/02\/07\/star-elaiza-in-concerto-al-killer-beer\/\" \/>\n<meta property=\"og:site_name\" content=\"roma oggi\" \/>\n<meta property=\"article:publisher\" content=\"https:\/\/www.facebook.com\/RomaOggi-841544845954114\" \/>\n<meta property=\"article:published_time\" content=\"2018-02-07T13:15:36+00:00\" \/>\n<meta property=\"og:image\" content=\"https:\/\/www.romaoggi.eu\/wp-content\/uploads\/2018\/02\/Star-Elaiza-e-Massimo-Tiburzi-serata-gran-gala.jpg\" \/>\n\t<meta property=\"og:image:width\" content=\"720\" \/>\n\t<meta property=\"og:image:height\" content=\"480\" \/>\n\t<meta property=\"og:image:type\" content=\"image\/jpeg\" \/>\n<meta name=\"author\" content=\"Antonietta Di Vizia\" \/>\n<meta name=\"twitter:card\" content=\"summary_large_image\" \/>\n<meta name=\"twitter:creator\" content=\"@romaoggi_eu\" \/>\n<meta name=\"twitter:site\" content=\"@romaoggi_eu\" \/>\n<meta name=\"twitter:label1\" content=\"Scritto da\" \/>\n\t<meta name=\"twitter:data1\" content=\"Antonietta Di Vizia\" \/>\n\t<meta name=\"twitter:label2\" content=\"Tempo di lettura stimato\" \/>\n\t<meta name=\"twitter:data2\" content=\"2 minuti\" \/>\n<script type=\"application\/ld+json\" class=\"yoast-schema-graph\">{\"@context\":\"https:\\\/\\\/schema.org\",\"@graph\":[{\"@type\":\"Article\",\"@id\":\"https:\\\/\\\/www.romaoggi.eu\\\/index.php\\\/2018\\\/02\\\/07\\\/star-elaiza-in-concerto-al-killer-beer\\\/#article\",\"isPartOf\":{\"@id\":\"https:\\\/\\\/www.romaoggi.eu\\\/index.php\\\/2018\\\/02\\\/07\\\/star-elaiza-in-concerto-al-killer-beer\\\/\"},\"author\":{\"name\":\"Antonietta Di Vizia\",\"@id\":\"https:\\\/\\\/www.romaoggi.eu\\\/#\\\/schema\\\/person\\\/c8ca1fb64b5506391fff5f822a866c23\"},\"headline\":\"Sabato 10 febbraio Star Elaiza in concerto al Killer Beer\",\"datePublished\":\"2018-02-07T13:15:36+00:00\",\"mainEntityOfPage\":{\"@id\":\"https:\\\/\\\/www.romaoggi.eu\\\/index.php\\\/2018\\\/02\\\/07\\\/star-elaiza-in-concerto-al-killer-beer\\\/\"},\"wordCount\":481,\"commentCount\":0,\"publisher\":{\"@id\":\"https:\\\/\\\/www.romaoggi.eu\\\/#organization\"},\"image\":{\"@id\":\"https:\\\/\\\/www.romaoggi.eu\\\/index.php\\\/2018\\\/02\\\/07\\\/star-elaiza-in-concerto-al-killer-beer\\\/#primaryimage\"},\"thumbnailUrl\":\"https:\\\/\\\/www.romaoggi.eu\\\/wp-content\\\/uploads\\\/2018\\\/02\\\/Star-Elaiza-e-Massimo-Tiburzi-serata-gran-gala.jpg\",\"keywords\":[\"colors\",\"concerto\",\"Elenia Scarsella\",\"elodie vegliante\",\"Il + bello d\u2019Italia e Ragazza protagonista\",\"killer beer\",\"Live Concert\",\"Massimo Tiburzi\",\"Star Elaiza\",\"Tiziano Soddimo\"],\"articleSection\":[\"Eventi\"],\"inLanguage\":\"it-IT\",\"potentialAction\":[{\"@type\":\"CommentAction\",\"name\":\"Comment\",\"target\":[\"https:\\\/\\\/www.romaoggi.eu\\\/index.php\\\/2018\\\/02\\\/07\\\/star-elaiza-in-concerto-al-killer-beer\\\/#respond\"]}]},{\"@type\":\"WebPage\",\"@id\":\"https:\\\/\\\/www.romaoggi.eu\\\/index.php\\\/2018\\\/02\\\/07\\\/star-elaiza-in-concerto-al-killer-beer\\\/\",\"url\":\"https:\\\/\\\/www.romaoggi.eu\\\/index.php\\\/2018\\\/02\\\/07\\\/star-elaiza-in-concerto-al-killer-beer\\\/\",\"name\":\"Sabato 10 febbraio Star Elaiza in concerto al Killer Beer\",\"isPartOf\":{\"@id\":\"https:\\\/\\\/www.romaoggi.eu\\\/#website\"},\"primaryImageOfPage\":{\"@id\":\"https:\\\/\\\/www.romaoggi.eu\\\/index.php\\\/2018\\\/02\\\/07\\\/star-elaiza-in-concerto-al-killer-beer\\\/#primaryimage\"},\"image\":{\"@id\":\"https:\\\/\\\/www.romaoggi.eu\\\/index.php\\\/2018\\\/02\\\/07\\\/star-elaiza-in-concerto-al-killer-beer\\\/#primaryimage\"},\"thumbnailUrl\":\"https:\\\/\\\/www.romaoggi.eu\\\/wp-content\\\/uploads\\\/2018\\\/02\\\/Star-Elaiza-e-Massimo-Tiburzi-serata-gran-gala.jpg\",\"datePublished\":\"2018-02-07T13:15:36+00:00\",\"description\":\"La black voice italiana Star Elaiza in concerto al Killer Beer, sabato 10 febbraio, una proposta musicale\u00a0 alternativa alla serata finale del Festival di Sanremo.\",\"breadcrumb\":{\"@id\":\"https:\\\/\\\/www.romaoggi.eu\\\/index.php\\\/2018\\\/02\\\/07\\\/star-elaiza-in-concerto-al-killer-beer\\\/#breadcrumb\"},\"inLanguage\":\"it-IT\",\"potentialAction\":[{\"@type\":\"ReadAction\",\"target\":[\"https:\\\/\\\/www.romaoggi.eu\\\/index.php\\\/2018\\\/02\\\/07\\\/star-elaiza-in-concerto-al-killer-beer\\\/\"]}]},{\"@type\":\"ImageObject\",\"inLanguage\":\"it-IT\",\"@id\":\"https:\\\/\\\/www.romaoggi.eu\\\/index.php\\\/2018\\\/02\\\/07\\\/star-elaiza-in-concerto-al-killer-beer\\\/#primaryimage\",\"url\":\"https:\\\/\\\/www.romaoggi.eu\\\/wp-content\\\/uploads\\\/2018\\\/02\\\/Star-Elaiza-e-Massimo-Tiburzi-serata-gran-gala.jpg\",\"contentUrl\":\"https:\\\/\\\/www.romaoggi.eu\\\/wp-content\\\/uploads\\\/2018\\\/02\\\/Star-Elaiza-e-Massimo-Tiburzi-serata-gran-gala.jpg\",\"width\":720,\"height\":480,\"caption\":\"Star Elaiza e Massimo Tiburzi\"},{\"@type\":\"BreadcrumbList\",\"@id\":\"https:\\\/\\\/www.romaoggi.eu\\\/index.php\\\/2018\\\/02\\\/07\\\/star-elaiza-in-concerto-al-killer-beer\\\/#breadcrumb\",\"itemListElement\":[{\"@type\":\"ListItem\",\"position\":1,\"name\":\"Home\",\"item\":\"https:\\\/\\\/www.romaoggi.eu\\\/\"},{\"@type\":\"ListItem\",\"position\":2,\"name\":\"Sabato 10 febbraio Star Elaiza in concerto al Killer Beer\"}]},{\"@type\":\"WebSite\",\"@id\":\"https:\\\/\\\/www.romaoggi.eu\\\/#website\",\"url\":\"https:\\\/\\\/www.romaoggi.eu\\\/\",\"name\":\"roma oggi\",\"description\":\"Interesting News for Interesting people\",\"publisher\":{\"@id\":\"https:\\\/\\\/www.romaoggi.eu\\\/#organization\"},\"potentialAction\":[{\"@type\":\"SearchAction\",\"target\":{\"@type\":\"EntryPoint\",\"urlTemplate\":\"https:\\\/\\\/www.romaoggi.eu\\\/?s={search_term_string}\"},\"query-input\":{\"@type\":\"PropertyValueSpecification\",\"valueRequired\":true,\"valueName\":\"search_term_string\"}}],\"inLanguage\":\"it-IT\"},{\"@type\":\"Organization\",\"@id\":\"https:\\\/\\\/www.romaoggi.eu\\\/#organization\",\"name\":\"RomaOggi\",\"url\":\"https:\\\/\\\/www.romaoggi.eu\\\/\",\"logo\":{\"@type\":\"ImageObject\",\"inLanguage\":\"it-IT\",\"@id\":\"https:\\\/\\\/www.romaoggi.eu\\\/#\\\/schema\\\/logo\\\/image\\\/\",\"url\":\"https:\\\/\\\/www.romaoggi.eu\\\/wp-content\\\/uploads\\\/2017\\\/04\\\/logowp.jpg\",\"contentUrl\":\"https:\\\/\\\/www.romaoggi.eu\\\/wp-content\\\/uploads\\\/2017\\\/04\\\/logowp.jpg\",\"width\":300,\"height\":133,\"caption\":\"RomaOggi\"},\"image\":{\"@id\":\"https:\\\/\\\/www.romaoggi.eu\\\/#\\\/schema\\\/logo\\\/image\\\/\"},\"sameAs\":[\"https:\\\/\\\/www.facebook.com\\\/RomaOggi-841544845954114\",\"https:\\\/\\\/x.com\\\/romaoggi_eu\"]},{\"@type\":\"Person\",\"@id\":\"https:\\\/\\\/www.romaoggi.eu\\\/#\\\/schema\\\/person\\\/c8ca1fb64b5506391fff5f822a866c23\",\"name\":\"Antonietta Di Vizia\",\"image\":{\"@type\":\"ImageObject\",\"inLanguage\":\"it-IT\",\"@id\":\"https:\\\/\\\/secure.gravatar.com\\\/avatar\\\/2ad571aa3fbfe3089b06ed5617adf58717b9359c0c97cf9b52804fb2dac293f2?s=96&d=mm&r=g\",\"url\":\"https:\\\/\\\/secure.gravatar.com\\\/avatar\\\/2ad571aa3fbfe3089b06ed5617adf58717b9359c0c97cf9b52804fb2dac293f2?s=96&d=mm&r=g\",\"contentUrl\":\"https:\\\/\\\/secure.gravatar.com\\\/avatar\\\/2ad571aa3fbfe3089b06ed5617adf58717b9359c0c97cf9b52804fb2dac293f2?s=96&d=mm&r=g\",\"caption\":\"Antonietta Di Vizia\"},\"url\":\"https:\\\/\\\/www.romaoggi.eu\\\/index.php\\\/author\\\/antonietta\\\/\"}]}<\/script>\n<!-- \/ Yoast SEO plugin. -->","yoast_head_json":{"title":"Sabato 10 febbraio Star Elaiza in concerto al Killer Beer","description":"La black voice italiana Star Elaiza in concerto al Killer Beer, sabato 10 febbraio, una proposta musicale\u00a0 alternativa alla serata finale del Festival di Sanremo.","robots":{"index":"index","follow":"follow","max-snippet":"max-snippet:-1","max-image-preview":"max-image-preview:large","max-video-preview":"max-video-preview:-1"},"canonical":"https:\/\/www.romaoggi.eu\/index.php\/2018\/02\/07\/star-elaiza-in-concerto-al-killer-beer\/","og_locale":"it_IT","og_type":"article","og_title":"Sabato 10 febbraio Star Elaiza in concerto al Killer Beer","og_description":"La black voice italiana Star Elaiza in concerto al Killer Beer, sabato 10 febbraio, una proposta musicale\u00a0 alternativa alla serata finale del Festival di Sanremo.","og_url":"https:\/\/www.romaoggi.eu\/index.php\/2018\/02\/07\/star-elaiza-in-concerto-al-killer-beer\/","og_site_name":"roma oggi","article_publisher":"https:\/\/www.facebook.com\/RomaOggi-841544845954114","article_published_time":"2018-02-07T13:15:36+00:00","og_image":[{"width":720,"height":480,"url":"https:\/\/www.romaoggi.eu\/wp-content\/uploads\/2018\/02\/Star-Elaiza-e-Massimo-Tiburzi-serata-gran-gala.jpg","type":"image\/jpeg"}],"author":"Antonietta Di Vizia","twitter_card":"summary_large_image","twitter_creator":"@romaoggi_eu","twitter_site":"@romaoggi_eu","twitter_misc":{"Scritto da":"Antonietta Di Vizia","Tempo di lettura stimato":"2 minuti"},"schema":{"@context":"https:\/\/schema.org","@graph":[{"@type":"Article","@id":"https:\/\/www.romaoggi.eu\/index.php\/2018\/02\/07\/star-elaiza-in-concerto-al-killer-beer\/#article","isPartOf":{"@id":"https:\/\/www.romaoggi.eu\/index.php\/2018\/02\/07\/star-elaiza-in-concerto-al-killer-beer\/"},"author":{"name":"Antonietta Di Vizia","@id":"https:\/\/www.romaoggi.eu\/#\/schema\/person\/c8ca1fb64b5506391fff5f822a866c23"},"headline":"Sabato 10 febbraio Star Elaiza in concerto al Killer Beer","datePublished":"2018-02-07T13:15:36+00:00","mainEntityOfPage":{"@id":"https:\/\/www.romaoggi.eu\/index.php\/2018\/02\/07\/star-elaiza-in-concerto-al-killer-beer\/"},"wordCount":481,"commentCount":0,"publisher":{"@id":"https:\/\/www.romaoggi.eu\/#organization"},"image":{"@id":"https:\/\/www.romaoggi.eu\/index.php\/2018\/02\/07\/star-elaiza-in-concerto-al-killer-beer\/#primaryimage"},"thumbnailUrl":"https:\/\/www.romaoggi.eu\/wp-content\/uploads\/2018\/02\/Star-Elaiza-e-Massimo-Tiburzi-serata-gran-gala.jpg","keywords":["colors","concerto","Elenia Scarsella","elodie vegliante","Il + bello d\u2019Italia e Ragazza protagonista","killer beer","Live Concert","Massimo Tiburzi","Star Elaiza","Tiziano Soddimo"],"articleSection":["Eventi"],"inLanguage":"it-IT","potentialAction":[{"@type":"CommentAction","name":"Comment","target":["https:\/\/www.romaoggi.eu\/index.php\/2018\/02\/07\/star-elaiza-in-concerto-al-killer-beer\/#respond"]}]},{"@type":"WebPage","@id":"https:\/\/www.romaoggi.eu\/index.php\/2018\/02\/07\/star-elaiza-in-concerto-al-killer-beer\/","url":"https:\/\/www.romaoggi.eu\/index.php\/2018\/02\/07\/star-elaiza-in-concerto-al-killer-beer\/","name":"Sabato 10 febbraio Star Elaiza in concerto al Killer Beer","isPartOf":{"@id":"https:\/\/www.romaoggi.eu\/#website"},"primaryImageOfPage":{"@id":"https:\/\/www.romaoggi.eu\/index.php\/2018\/02\/07\/star-elaiza-in-concerto-al-killer-beer\/#primaryimage"},"image":{"@id":"https:\/\/www.romaoggi.eu\/index.php\/2018\/02\/07\/star-elaiza-in-concerto-al-killer-beer\/#primaryimage"},"thumbnailUrl":"https:\/\/www.romaoggi.eu\/wp-content\/uploads\/2018\/02\/Star-Elaiza-e-Massimo-Tiburzi-serata-gran-gala.jpg","datePublished":"2018-02-07T13:15:36+00:00","description":"La black voice italiana Star Elaiza in concerto al Killer Beer, sabato 10 febbraio, una proposta musicale\u00a0 alternativa alla serata finale del Festival di Sanremo.","breadcrumb":{"@id":"https:\/\/www.romaoggi.eu\/index.php\/2018\/02\/07\/star-elaiza-in-concerto-al-killer-beer\/#breadcrumb"},"inLanguage":"it-IT","potentialAction":[{"@type":"ReadAction","target":["https:\/\/www.romaoggi.eu\/index.php\/2018\/02\/07\/star-elaiza-in-concerto-al-killer-beer\/"]}]},{"@type":"ImageObject","inLanguage":"it-IT","@id":"https:\/\/www.romaoggi.eu\/index.php\/2018\/02\/07\/star-elaiza-in-concerto-al-killer-beer\/#primaryimage","url":"https:\/\/www.romaoggi.eu\/wp-content\/uploads\/2018\/02\/Star-Elaiza-e-Massimo-Tiburzi-serata-gran-gala.jpg","contentUrl":"https:\/\/www.romaoggi.eu\/wp-content\/uploads\/2018\/02\/Star-Elaiza-e-Massimo-Tiburzi-serata-gran-gala.jpg","width":720,"height":480,"caption":"Star Elaiza e Massimo Tiburzi"},{"@type":"BreadcrumbList","@id":"https:\/\/www.romaoggi.eu\/index.php\/2018\/02\/07\/star-elaiza-in-concerto-al-killer-beer\/#breadcrumb","itemListElement":[{"@type":"ListItem","position":1,"name":"Home","item":"https:\/\/www.romaoggi.eu\/"},{"@type":"ListItem","position":2,"name":"Sabato 10 febbraio Star Elaiza in concerto al Killer Beer"}]},{"@type":"WebSite","@id":"https:\/\/www.romaoggi.eu\/#website","url":"https:\/\/www.romaoggi.eu\/","name":"roma oggi","description":"Interesting News for Interesting people","publisher":{"@id":"https:\/\/www.romaoggi.eu\/#organization"},"potentialAction":[{"@type":"SearchAction","target":{"@type":"EntryPoint","urlTemplate":"https:\/\/www.romaoggi.eu\/?s={search_term_string}"},"query-input":{"@type":"PropertyValueSpecification","valueRequired":true,"valueName":"search_term_string"}}],"inLanguage":"it-IT"},{"@type":"Organization","@id":"https:\/\/www.romaoggi.eu\/#organization","name":"RomaOggi","url":"https:\/\/www.romaoggi.eu\/","logo":{"@type":"ImageObject","inLanguage":"it-IT","@id":"https:\/\/www.romaoggi.eu\/#\/schema\/logo\/image\/","url":"https:\/\/www.romaoggi.eu\/wp-content\/uploads\/2017\/04\/logowp.jpg","contentUrl":"https:\/\/www.romaoggi.eu\/wp-content\/uploads\/2017\/04\/logowp.jpg","width":300,"height":133,"caption":"RomaOggi"},"image":{"@id":"https:\/\/www.romaoggi.eu\/#\/schema\/logo\/image\/"},"sameAs":["https:\/\/www.facebook.com\/RomaOggi-841544845954114","https:\/\/x.com\/romaoggi_eu"]},{"@type":"Person","@id":"https:\/\/www.romaoggi.eu\/#\/schema\/person\/c8ca1fb64b5506391fff5f822a866c23","name":"Antonietta Di Vizia","image":{"@type":"ImageObject","inLanguage":"it-IT","@id":"https:\/\/secure.gravatar.com\/avatar\/2ad571aa3fbfe3089b06ed5617adf58717b9359c0c97cf9b52804fb2dac293f2?s=96&d=mm&r=g","url":"https:\/\/secure.gravatar.com\/avatar\/2ad571aa3fbfe3089b06ed5617adf58717b9359c0c97cf9b52804fb2dac293f2?s=96&d=mm&r=g","contentUrl":"https:\/\/secure.gravatar.com\/avatar\/2ad571aa3fbfe3089b06ed5617adf58717b9359c0c97cf9b52804fb2dac293f2?s=96&d=mm&r=g","caption":"Antonietta Di Vizia"},"url":"https:\/\/www.romaoggi.eu\/index.php\/author\/antonietta\/"}]}},"_links":{"self":[{"href":"https:\/\/www.romaoggi.eu\/index.php\/wp-json\/wp\/v2\/posts\/13546","targetHints":{"allow":["GET"]}}],"collection":[{"href":"https:\/\/www.romaoggi.eu\/index.php\/wp-json\/wp\/v2\/posts"}],"about":[{"href":"https:\/\/www.romaoggi.eu\/index.php\/wp-json\/wp\/v2\/types\/post"}],"author":[{"embeddable":true,"href":"https:\/\/www.romaoggi.eu\/index.php\/wp-json\/wp\/v2\/users\/3"}],"replies":[{"embeddable":true,"href":"https:\/\/www.romaoggi.eu\/index.php\/wp-json\/wp\/v2\/comments?post=13546"}],"version-history":[{"count":3,"href":"https:\/\/www.romaoggi.eu\/index.php\/wp-json\/wp\/v2\/posts\/13546\/revisions"}],"predecessor-version":[{"id":13552,"href":"https:\/\/www.romaoggi.eu\/index.php\/wp-json\/wp\/v2\/posts\/13546\/revisions\/13552"}],"wp:featuredmedia":[{"embeddable":true,"href":"https:\/\/www.romaoggi.eu\/index.php\/wp-json\/wp\/v2\/media\/13549"}],"wp:attachment":[{"href":"https:\/\/www.romaoggi.eu\/index.php\/wp-json\/wp\/v2\/media?parent=13546"}],"wp:term":[{"taxonomy":"category","embeddable":true,"href":"https:\/\/www.romaoggi.eu\/index.php\/wp-json\/wp\/v2\/categories?post=13546"},{"taxonomy":"post_tag","embeddable":true,"href":"https:\/\/www.romaoggi.eu\/index.php\/wp-json\/wp\/v2\/tags?post=13546"}],"curies":[{"name":"wp","href":"https:\/\/api.w.org\/{rel}","templated":true}]}}