{"id":13553,"date":"2018-02-08T15:46:33","date_gmt":"2018-02-08T14:46:33","guid":{"rendered":"http:\/\/www.romaoggi.eu\/?p=13553"},"modified":"2018-02-08T19:27:55","modified_gmt":"2018-02-08T18:27:55","slug":"spazio-margutta-pg-events","status":"publish","type":"post","link":"https:\/\/www.romaoggi.eu\/index.php\/2018\/02\/08\/spazio-margutta-pg-events\/","title":{"rendered":"Spazio Margutta &#8211; per la promozione di brands italiani e stranieri"},"content":{"rendered":"<p style=\"font-weight: 400; text-align: justify;\"><strong>Spazio Margutta <\/strong>si conferma uno spazio vincente per\u00a0 la valorizzazione delle eccellenze e per la promozione di brands italiani e stranieri.<\/p>\n<p style=\"font-weight: 400; text-align: justify;\">Via Margutta, ricordata da molti per aver ospitato l&#8217;arte nel corso del secondo millennio vive oggi una nuova vita e si \u00e8 trasformata in un nuovo polo della moda, dell\u2019arte e della fotografia della capitale. Un progetto, che ha preso vita a\u00a0<a href=\"https:\/\/www.romaoggi.eu\/index.php\/2017\/10\/17\/margutta-creative-district\/\"><strong>Spazio Margutta<\/strong>\u00a0<\/a>un concept innovativo nel quale la promozione di brands italiani e stranieri, si amalgama alla creativit\u00e0 di fashion e jewellery designers, di artisti della street art e fotografi del fashion system.<\/p>\n<p><img loading=\"lazy\" decoding=\"async\" class=\"size-medium wp-image-13588 alignleft\" src=\"https:\/\/www.romaoggi.eu\/wp-content\/uploads\/2018\/02\/1-spazio-margutta-1-300x200.jpg\" alt=\"alt tag spazio margutta\" width=\"300\" height=\"200\" srcset=\"https:\/\/www.romaoggi.eu\/wp-content\/uploads\/2018\/02\/1-spazio-margutta-1-300x200.jpg 300w, https:\/\/www.romaoggi.eu\/wp-content\/uploads\/2018\/02\/1-spazio-margutta-1.jpg 640w\" sizes=\"auto, (max-width: 300px) 100vw, 300px\" \/><\/p>\n<p style=\"font-weight: 400; text-align: justify;\">Ideatori del format <strong>Spazio Margutta<\/strong> sono:\u00a0<strong>Grazia Marino e Antonio Falanga, <\/strong>entrambi un forte background nel settore ed eterogenee esperienze.\u00a0<strong>Grazia Marino<\/strong>\u00a0CEO della\u00a0<a href=\"http:\/\/www.pgevents.it\"><strong>P&amp;G Events<\/strong><\/a>, una delle principali realt\u00e0 imprenditoriali della capitale nel campo dell&#8217;organizzazione di eventi, si occupa di progettare piani marketing per il lancio e il posizionamento di brand del settore luxury.\u00a0<strong>Antonio Falanga<\/strong>, opera nel settore dal 1990 in qualit\u00e0 di produttore, organizzatore e regista. Inizia dieci anni prima come \u201ctestimonial\u201d per diverse maison sartoriali e griffe di pr\u00e8t-\u00e0-porter nazionali, esperienze da cui trae i presupposti per costituire quella che \u00e8 attualmente \u00e8 la sua attivit\u00e0 di fashion producer e press office.<\/p>\n<p style=\"font-weight: 400; text-align: justify;\"><em>\u201cL\u2019idea del nostro spazio a promozione della \u201ccreativit\u00e0\u201d e della \u201cvalorizzazione\u201d delle tradizioni artigianali, non poteva che nascere nel contesto internazionale di Via Margutta &#8211;\u00a0<\/em>dichiara\u00a0<strong>Grazia Marino &#8211;<\/strong><em>\u00a0un\u2019arteria unica collocata nel cuore della Roma barocca, che\u00a0deve la sua popolarit\u00e0 in tutto il mondo, al presupposto di essere stata da sempre un luogo di residenza privilegiato per artisti, uomini e donne di cultura\u201d.<\/em><\/p>\n<figure id=\"attachment_13557\" aria-describedby=\"caption-attachment-13557\" style=\"width: 300px\" class=\"wp-caption alignright\"><img loading=\"lazy\" decoding=\"async\" class=\"size-medium wp-image-13557\" src=\"https:\/\/www.romaoggi.eu\/wp-content\/uploads\/2018\/02\/1.1-Via-Margutta-300x225.jpg\" alt=\"alt tag spazio margutta\" width=\"300\" height=\"225\" srcset=\"https:\/\/www.romaoggi.eu\/wp-content\/uploads\/2018\/02\/1.1-Via-Margutta-300x225.jpg 300w, https:\/\/www.romaoggi.eu\/wp-content\/uploads\/2018\/02\/1.1-Via-Margutta-326x245.jpg 326w, https:\/\/www.romaoggi.eu\/wp-content\/uploads\/2018\/02\/1.1-Via-Margutta-80x60.jpg 80w, https:\/\/www.romaoggi.eu\/wp-content\/uploads\/2018\/02\/1.1-Via-Margutta.jpg 640w\" sizes=\"auto, (max-width: 300px) 100vw, 300px\" \/><figcaption id=\"caption-attachment-13557\" class=\"wp-caption-text\">Via Margutta<\/figcaption><\/figure>\n<p style=\"font-weight: 400; text-align: justify;\"><strong style=\"font-weight: 400;\">Spazio Margutta\u00a0<\/strong>rappresenta oggi l&#8217;\u00a0avanguardia e l&#8217;unicit\u00e0, un luogo<strong style=\"font-weight: 400;\">\u00a0<\/strong>dove oltre ad organizzare trunk show, mostre d\u2019arte e fotografiche, prendono corpo l\u2019ideazione di eventi dedicati alla promozione della\u00a0<strong style=\"font-weight: 400;\">\u201cStrada\u201d\u00a0<\/strong>come: il\u00a0<strong style=\"font-weight: 400;\">\u201c<a href=\"https:\/\/www.romaoggi.eu\/index.php\/2016\/10\/16\/premio-margutta-2016\/\">Premio Margutta<\/a> \u2013 La Via delle Arti\u201d\u00a0<\/strong>uno dei pi\u00f9 prestigiosi appuntamenti culturali a livello nazionale\u00a0che nel 2018 giunge alla sua tredicesima edizione; il\u00a0<strong style=\"font-weight: 400;\">\u201cMargutta Creative District\u201d<\/strong>\u00a0che per tre giorni nel mese di ottobre trasforma l\u2019intera via\u00a0in un distretto creativo dedicato alla promozione del fashion, del food, del design, dell\u2019arte e della fotografia made in italy e<em>\u00a0\u201cPasseggiando \u2026 in Via Margutta\u201d un itinerario culturale, alla scoperta dei luoghi e dei protagonisti del \u2018900 che hanno vissuto in Via Margutta, storie e aneddoti sono narrati e illustrati da uno storico d\u2019arte durante l\u2019esclusiva promenade.\u00a0Oppure progetti finalizzati alla promozione di nuovi creativi della moda italiana, come: il\u00a0\u201cCreative District\u201d<\/em>\u00a0appuntamento esclusivo del Calendario di <a href=\"https:\/\/www.altaroma.it\/\">Altaroma<\/a>, pianificato in esclusive location della capitale fra queste il Chiostro dell\u2019Angelicum e\u00a0<strong style=\"font-weight: 400;\">\u201c<a href=\"http:\/\/www.romafashion.it\">RomaFashion White<\/a>\u201d<\/strong>\u00a0l\u2019unico evento nazionale nel quale creazione sartoriali di Alta Moda Sposa sfilano in una chiesa, quella di San Paolo entro le Mura di Roma.<\/p>\n<p style=\"font-weight: 400; text-align: justify;\"><em>\u201cUna precisa\u00a0conoscenza\u00a0del mondo dell\u2019informazione, dai canali pi\u00f9 tradizionali: stampa cartacea, televisione e radio, ai\u00a0new media: web, blog e social network sono alla base dell\u2019ulteriore attivit\u00e0 di \u201cSpazio Margutta\u201d quella del\u00a0<strong>\u201cPress Office\u201d<\/strong>.\u00a0<\/em><em>Anticipare i\u00a0trend\u00a0della comunicazione, creare occasioni e sinergie in diversi settori, elaborando strategie mirate sono la base del nostro lavoro &#8211;<\/em>dichiara\u00a0<strong>Antonio Falanga-<\/strong><em>\u00a0da anni\u00a0mettiamo a disposizione di brand, designer e professionisti del settore la nostra esperienza, la nostra competenza e la\u00a0nostra visione\u00a0di comunicazione e marketing\u201d.<\/em><\/p>\n<p><img loading=\"lazy\" decoding=\"async\" class=\"aligncenter wp-image-13556 size-full\" src=\"https:\/\/www.romaoggi.eu\/wp-content\/uploads\/2018\/02\/0-spaziomargutta-nero.png\" alt=\"alt tag spazio margutta\" width=\"640\" height=\"140\" srcset=\"https:\/\/www.romaoggi.eu\/wp-content\/uploads\/2018\/02\/0-spaziomargutta-nero.png 640w, https:\/\/www.romaoggi.eu\/wp-content\/uploads\/2018\/02\/0-spaziomargutta-nero-300x66.png 300w\" sizes=\"auto, (max-width: 640px) 100vw, 640px\" \/><\/p>\n<p style=\"font-weight: 400; text-align: justify;\">Redazione<\/p>\n<p style=\"font-weight: 400;\"><em>\u00a0<\/em><\/p>\n","protected":false},"excerpt":{"rendered":"<div class=\"mh-excerpt\"><p>Spazio Margutta si conferma uno spazio vincente per\u00a0 la valorizzazione delle eccellenze e per la promozione di brands italiani e stranieri. Via Margutta, ricordata da molti per aver ospitato l&#8217;arte nel corso del secondo millennio <a class=\"mh-excerpt-more\" href=\"https:\/\/www.romaoggi.eu\/index.php\/2018\/02\/08\/spazio-margutta-pg-events\/\" title=\"Spazio Margutta &#8211; per la promozione di brands italiani e stranieri\">[&#8230;]<\/a><\/p>\n<\/div>","protected":false},"author":3,"featured_media":13555,"comment_status":"open","ping_status":"open","sticky":false,"template":"","format":"standard","meta":{"_sitemap_exclude":false,"_sitemap_priority":"","_sitemap_frequency":"","footnotes":""},"categories":[3416],"tags":[200,2394,1610,2487,9274,7909,685,201,3331,9273,2839,3696,8830,2483],"class_list":["post-13553","post","type-post","status-publish","format-standard","has-post-thumbnail","hentry","category-moda","tag-altaroma","tag-antonio-falanga","tag-arte","tag-grazia-marino","tag-la-vie-delle-arti","tag-margutta-creative-district","tag-marketing","tag-moda","tag-premio-margutta","tag-press-office","tag-pret-a-porter","tag-romafashion-white","tag-spazio-margutta","tag-via-margutta"],"yoast_head":"<!-- This site is optimized with the Yoast SEO plugin v27.5 - https:\/\/yoast.com\/product\/yoast-seo-wordpress\/ -->\n<title>Spazio Margutta - per la promozione di brands italiani e stranieri<\/title>\n<meta name=\"description\" content=\"Spazio Margutta\u00a0un concept innovativo dedicato alla promozione di brands italiani e stranieri,un progetto di Antonio Falanga e Grazia Marino CEO della\u00a0P&amp;G Events.\" \/>\n<meta name=\"robots\" content=\"index, follow, max-snippet:-1, max-image-preview:large, max-video-preview:-1\" \/>\n<link rel=\"canonical\" href=\"https:\/\/www.romaoggi.eu\/index.php\/2018\/02\/08\/spazio-margutta-pg-events\/\" \/>\n<meta property=\"og:locale\" content=\"it_IT\" \/>\n<meta property=\"og:type\" content=\"article\" \/>\n<meta property=\"og:title\" content=\"Spazio Margutta - per la promozione di brands italiani e stranieri\" \/>\n<meta property=\"og:description\" content=\"Spazio Margutta\u00a0un concept innovativo dedicato alla promozione di brands italiani e stranieri,un progetto di Antonio Falanga e Grazia Marino CEO della\u00a0P&amp;G Events.\" \/>\n<meta property=\"og:url\" content=\"https:\/\/www.romaoggi.eu\/index.php\/2018\/02\/08\/spazio-margutta-pg-events\/\" \/>\n<meta property=\"og:site_name\" content=\"roma oggi\" \/>\n<meta property=\"article:publisher\" content=\"https:\/\/www.facebook.com\/RomaOggi-841544845954114\" \/>\n<meta property=\"article:published_time\" content=\"2018-02-08T14:46:33+00:00\" \/>\n<meta property=\"article:modified_time\" content=\"2018-02-08T18:27:55+00:00\" \/>\n<meta property=\"og:image\" content=\"https:\/\/www.romaoggi.eu\/wp-content\/uploads\/2018\/02\/2-antonio-falanga-grazia-marino.jpg\" \/>\n\t<meta property=\"og:image:width\" content=\"640\" \/>\n\t<meta property=\"og:image:height\" content=\"427\" \/>\n\t<meta property=\"og:image:type\" content=\"image\/jpeg\" \/>\n<meta name=\"author\" content=\"Antonietta Di Vizia\" \/>\n<meta name=\"twitter:card\" content=\"summary_large_image\" \/>\n<meta name=\"twitter:creator\" content=\"@romaoggi_eu\" \/>\n<meta name=\"twitter:site\" content=\"@romaoggi_eu\" \/>\n<meta name=\"twitter:label1\" content=\"Scritto da\" \/>\n\t<meta name=\"twitter:data1\" content=\"Antonietta Di Vizia\" \/>\n\t<meta name=\"twitter:label2\" content=\"Tempo di lettura stimato\" \/>\n\t<meta name=\"twitter:data2\" content=\"3 minuti\" \/>\n<script type=\"application\/ld+json\" class=\"yoast-schema-graph\">{\"@context\":\"https:\\\/\\\/schema.org\",\"@graph\":[{\"@type\":\"Article\",\"@id\":\"https:\\\/\\\/www.romaoggi.eu\\\/index.php\\\/2018\\\/02\\\/08\\\/spazio-margutta-pg-events\\\/#article\",\"isPartOf\":{\"@id\":\"https:\\\/\\\/www.romaoggi.eu\\\/index.php\\\/2018\\\/02\\\/08\\\/spazio-margutta-pg-events\\\/\"},\"author\":{\"name\":\"Antonietta Di Vizia\",\"@id\":\"https:\\\/\\\/www.romaoggi.eu\\\/#\\\/schema\\\/person\\\/c8ca1fb64b5506391fff5f822a866c23\"},\"headline\":\"Spazio Margutta &#8211; per la promozione di brands italiani e stranieri\",\"datePublished\":\"2018-02-08T14:46:33+00:00\",\"dateModified\":\"2018-02-08T18:27:55+00:00\",\"mainEntityOfPage\":{\"@id\":\"https:\\\/\\\/www.romaoggi.eu\\\/index.php\\\/2018\\\/02\\\/08\\\/spazio-margutta-pg-events\\\/\"},\"wordCount\":573,\"commentCount\":0,\"publisher\":{\"@id\":\"https:\\\/\\\/www.romaoggi.eu\\\/#organization\"},\"image\":{\"@id\":\"https:\\\/\\\/www.romaoggi.eu\\\/index.php\\\/2018\\\/02\\\/08\\\/spazio-margutta-pg-events\\\/#primaryimage\"},\"thumbnailUrl\":\"https:\\\/\\\/www.romaoggi.eu\\\/wp-content\\\/uploads\\\/2018\\\/02\\\/2-antonio-falanga-grazia-marino.jpg\",\"keywords\":[\"altaroma\",\"Antonio Falanga\",\"arte\",\"Grazia Marino\",\"la vie delle arti\",\"Margutta Creative District\",\"marketing\",\"moda\",\"premio Margutta\",\"press office\",\"Pret a porter\",\"RomaFashion White\",\"spazio margutta\",\"via margutta\"],\"articleSection\":[\"Moda\"],\"inLanguage\":\"it-IT\",\"potentialAction\":[{\"@type\":\"CommentAction\",\"name\":\"Comment\",\"target\":[\"https:\\\/\\\/www.romaoggi.eu\\\/index.php\\\/2018\\\/02\\\/08\\\/spazio-margutta-pg-events\\\/#respond\"]}]},{\"@type\":\"WebPage\",\"@id\":\"https:\\\/\\\/www.romaoggi.eu\\\/index.php\\\/2018\\\/02\\\/08\\\/spazio-margutta-pg-events\\\/\",\"url\":\"https:\\\/\\\/www.romaoggi.eu\\\/index.php\\\/2018\\\/02\\\/08\\\/spazio-margutta-pg-events\\\/\",\"name\":\"Spazio Margutta - per la promozione di brands italiani e stranieri\",\"isPartOf\":{\"@id\":\"https:\\\/\\\/www.romaoggi.eu\\\/#website\"},\"primaryImageOfPage\":{\"@id\":\"https:\\\/\\\/www.romaoggi.eu\\\/index.php\\\/2018\\\/02\\\/08\\\/spazio-margutta-pg-events\\\/#primaryimage\"},\"image\":{\"@id\":\"https:\\\/\\\/www.romaoggi.eu\\\/index.php\\\/2018\\\/02\\\/08\\\/spazio-margutta-pg-events\\\/#primaryimage\"},\"thumbnailUrl\":\"https:\\\/\\\/www.romaoggi.eu\\\/wp-content\\\/uploads\\\/2018\\\/02\\\/2-antonio-falanga-grazia-marino.jpg\",\"datePublished\":\"2018-02-08T14:46:33+00:00\",\"dateModified\":\"2018-02-08T18:27:55+00:00\",\"description\":\"Spazio Margutta\u00a0un concept innovativo dedicato alla promozione di brands italiani e stranieri,un progetto di Antonio Falanga e Grazia Marino CEO della\u00a0P&G Events.\",\"breadcrumb\":{\"@id\":\"https:\\\/\\\/www.romaoggi.eu\\\/index.php\\\/2018\\\/02\\\/08\\\/spazio-margutta-pg-events\\\/#breadcrumb\"},\"inLanguage\":\"it-IT\",\"potentialAction\":[{\"@type\":\"ReadAction\",\"target\":[\"https:\\\/\\\/www.romaoggi.eu\\\/index.php\\\/2018\\\/02\\\/08\\\/spazio-margutta-pg-events\\\/\"]}]},{\"@type\":\"ImageObject\",\"inLanguage\":\"it-IT\",\"@id\":\"https:\\\/\\\/www.romaoggi.eu\\\/index.php\\\/2018\\\/02\\\/08\\\/spazio-margutta-pg-events\\\/#primaryimage\",\"url\":\"https:\\\/\\\/www.romaoggi.eu\\\/wp-content\\\/uploads\\\/2018\\\/02\\\/2-antonio-falanga-grazia-marino.jpg\",\"contentUrl\":\"https:\\\/\\\/www.romaoggi.eu\\\/wp-content\\\/uploads\\\/2018\\\/02\\\/2-antonio-falanga-grazia-marino.jpg\",\"width\":640,\"height\":427,\"caption\":\"Antonio Falanga - Grazia Marino\"},{\"@type\":\"BreadcrumbList\",\"@id\":\"https:\\\/\\\/www.romaoggi.eu\\\/index.php\\\/2018\\\/02\\\/08\\\/spazio-margutta-pg-events\\\/#breadcrumb\",\"itemListElement\":[{\"@type\":\"ListItem\",\"position\":1,\"name\":\"Home\",\"item\":\"https:\\\/\\\/www.romaoggi.eu\\\/\"},{\"@type\":\"ListItem\",\"position\":2,\"name\":\"Spazio Margutta &#8211; per la promozione di brands italiani e stranieri\"}]},{\"@type\":\"WebSite\",\"@id\":\"https:\\\/\\\/www.romaoggi.eu\\\/#website\",\"url\":\"https:\\\/\\\/www.romaoggi.eu\\\/\",\"name\":\"roma oggi\",\"description\":\"Interesting News for Interesting people\",\"publisher\":{\"@id\":\"https:\\\/\\\/www.romaoggi.eu\\\/#organization\"},\"potentialAction\":[{\"@type\":\"SearchAction\",\"target\":{\"@type\":\"EntryPoint\",\"urlTemplate\":\"https:\\\/\\\/www.romaoggi.eu\\\/?s={search_term_string}\"},\"query-input\":{\"@type\":\"PropertyValueSpecification\",\"valueRequired\":true,\"valueName\":\"search_term_string\"}}],\"inLanguage\":\"it-IT\"},{\"@type\":\"Organization\",\"@id\":\"https:\\\/\\\/www.romaoggi.eu\\\/#organization\",\"name\":\"RomaOggi\",\"url\":\"https:\\\/\\\/www.romaoggi.eu\\\/\",\"logo\":{\"@type\":\"ImageObject\",\"inLanguage\":\"it-IT\",\"@id\":\"https:\\\/\\\/www.romaoggi.eu\\\/#\\\/schema\\\/logo\\\/image\\\/\",\"url\":\"https:\\\/\\\/www.romaoggi.eu\\\/wp-content\\\/uploads\\\/2017\\\/04\\\/logowp.jpg\",\"contentUrl\":\"https:\\\/\\\/www.romaoggi.eu\\\/wp-content\\\/uploads\\\/2017\\\/04\\\/logowp.jpg\",\"width\":300,\"height\":133,\"caption\":\"RomaOggi\"},\"image\":{\"@id\":\"https:\\\/\\\/www.romaoggi.eu\\\/#\\\/schema\\\/logo\\\/image\\\/\"},\"sameAs\":[\"https:\\\/\\\/www.facebook.com\\\/RomaOggi-841544845954114\",\"https:\\\/\\\/x.com\\\/romaoggi_eu\"]},{\"@type\":\"Person\",\"@id\":\"https:\\\/\\\/www.romaoggi.eu\\\/#\\\/schema\\\/person\\\/c8ca1fb64b5506391fff5f822a866c23\",\"name\":\"Antonietta Di Vizia\",\"image\":{\"@type\":\"ImageObject\",\"inLanguage\":\"it-IT\",\"@id\":\"https:\\\/\\\/secure.gravatar.com\\\/avatar\\\/2ad571aa3fbfe3089b06ed5617adf58717b9359c0c97cf9b52804fb2dac293f2?s=96&d=mm&r=g\",\"url\":\"https:\\\/\\\/secure.gravatar.com\\\/avatar\\\/2ad571aa3fbfe3089b06ed5617adf58717b9359c0c97cf9b52804fb2dac293f2?s=96&d=mm&r=g\",\"contentUrl\":\"https:\\\/\\\/secure.gravatar.com\\\/avatar\\\/2ad571aa3fbfe3089b06ed5617adf58717b9359c0c97cf9b52804fb2dac293f2?s=96&d=mm&r=g\",\"caption\":\"Antonietta Di Vizia\"},\"url\":\"https:\\\/\\\/www.romaoggi.eu\\\/index.php\\\/author\\\/antonietta\\\/\"}]}<\/script>\n<!-- \/ Yoast SEO plugin. -->","yoast_head_json":{"title":"Spazio Margutta - per la promozione di brands italiani e stranieri","description":"Spazio Margutta\u00a0un concept innovativo dedicato alla promozione di brands italiani e stranieri,un progetto di Antonio Falanga e Grazia Marino CEO della\u00a0P&G Events.","robots":{"index":"index","follow":"follow","max-snippet":"max-snippet:-1","max-image-preview":"max-image-preview:large","max-video-preview":"max-video-preview:-1"},"canonical":"https:\/\/www.romaoggi.eu\/index.php\/2018\/02\/08\/spazio-margutta-pg-events\/","og_locale":"it_IT","og_type":"article","og_title":"Spazio Margutta - per la promozione di brands italiani e stranieri","og_description":"Spazio Margutta\u00a0un concept innovativo dedicato alla promozione di brands italiani e stranieri,un progetto di Antonio Falanga e Grazia Marino CEO della\u00a0P&G Events.","og_url":"https:\/\/www.romaoggi.eu\/index.php\/2018\/02\/08\/spazio-margutta-pg-events\/","og_site_name":"roma oggi","article_publisher":"https:\/\/www.facebook.com\/RomaOggi-841544845954114","article_published_time":"2018-02-08T14:46:33+00:00","article_modified_time":"2018-02-08T18:27:55+00:00","og_image":[{"width":640,"height":427,"url":"https:\/\/www.romaoggi.eu\/wp-content\/uploads\/2018\/02\/2-antonio-falanga-grazia-marino.jpg","type":"image\/jpeg"}],"author":"Antonietta Di Vizia","twitter_card":"summary_large_image","twitter_creator":"@romaoggi_eu","twitter_site":"@romaoggi_eu","twitter_misc":{"Scritto da":"Antonietta Di Vizia","Tempo di lettura stimato":"3 minuti"},"schema":{"@context":"https:\/\/schema.org","@graph":[{"@type":"Article","@id":"https:\/\/www.romaoggi.eu\/index.php\/2018\/02\/08\/spazio-margutta-pg-events\/#article","isPartOf":{"@id":"https:\/\/www.romaoggi.eu\/index.php\/2018\/02\/08\/spazio-margutta-pg-events\/"},"author":{"name":"Antonietta Di Vizia","@id":"https:\/\/www.romaoggi.eu\/#\/schema\/person\/c8ca1fb64b5506391fff5f822a866c23"},"headline":"Spazio Margutta &#8211; per la promozione di brands italiani e stranieri","datePublished":"2018-02-08T14:46:33+00:00","dateModified":"2018-02-08T18:27:55+00:00","mainEntityOfPage":{"@id":"https:\/\/www.romaoggi.eu\/index.php\/2018\/02\/08\/spazio-margutta-pg-events\/"},"wordCount":573,"commentCount":0,"publisher":{"@id":"https:\/\/www.romaoggi.eu\/#organization"},"image":{"@id":"https:\/\/www.romaoggi.eu\/index.php\/2018\/02\/08\/spazio-margutta-pg-events\/#primaryimage"},"thumbnailUrl":"https:\/\/www.romaoggi.eu\/wp-content\/uploads\/2018\/02\/2-antonio-falanga-grazia-marino.jpg","keywords":["altaroma","Antonio Falanga","arte","Grazia Marino","la vie delle arti","Margutta Creative District","marketing","moda","premio Margutta","press office","Pret a porter","RomaFashion White","spazio margutta","via margutta"],"articleSection":["Moda"],"inLanguage":"it-IT","potentialAction":[{"@type":"CommentAction","name":"Comment","target":["https:\/\/www.romaoggi.eu\/index.php\/2018\/02\/08\/spazio-margutta-pg-events\/#respond"]}]},{"@type":"WebPage","@id":"https:\/\/www.romaoggi.eu\/index.php\/2018\/02\/08\/spazio-margutta-pg-events\/","url":"https:\/\/www.romaoggi.eu\/index.php\/2018\/02\/08\/spazio-margutta-pg-events\/","name":"Spazio Margutta - per la promozione di brands italiani e stranieri","isPartOf":{"@id":"https:\/\/www.romaoggi.eu\/#website"},"primaryImageOfPage":{"@id":"https:\/\/www.romaoggi.eu\/index.php\/2018\/02\/08\/spazio-margutta-pg-events\/#primaryimage"},"image":{"@id":"https:\/\/www.romaoggi.eu\/index.php\/2018\/02\/08\/spazio-margutta-pg-events\/#primaryimage"},"thumbnailUrl":"https:\/\/www.romaoggi.eu\/wp-content\/uploads\/2018\/02\/2-antonio-falanga-grazia-marino.jpg","datePublished":"2018-02-08T14:46:33+00:00","dateModified":"2018-02-08T18:27:55+00:00","description":"Spazio Margutta\u00a0un concept innovativo dedicato alla promozione di brands italiani e stranieri,un progetto di Antonio Falanga e Grazia Marino CEO della\u00a0P&G Events.","breadcrumb":{"@id":"https:\/\/www.romaoggi.eu\/index.php\/2018\/02\/08\/spazio-margutta-pg-events\/#breadcrumb"},"inLanguage":"it-IT","potentialAction":[{"@type":"ReadAction","target":["https:\/\/www.romaoggi.eu\/index.php\/2018\/02\/08\/spazio-margutta-pg-events\/"]}]},{"@type":"ImageObject","inLanguage":"it-IT","@id":"https:\/\/www.romaoggi.eu\/index.php\/2018\/02\/08\/spazio-margutta-pg-events\/#primaryimage","url":"https:\/\/www.romaoggi.eu\/wp-content\/uploads\/2018\/02\/2-antonio-falanga-grazia-marino.jpg","contentUrl":"https:\/\/www.romaoggi.eu\/wp-content\/uploads\/2018\/02\/2-antonio-falanga-grazia-marino.jpg","width":640,"height":427,"caption":"Antonio Falanga - Grazia Marino"},{"@type":"BreadcrumbList","@id":"https:\/\/www.romaoggi.eu\/index.php\/2018\/02\/08\/spazio-margutta-pg-events\/#breadcrumb","itemListElement":[{"@type":"ListItem","position":1,"name":"Home","item":"https:\/\/www.romaoggi.eu\/"},{"@type":"ListItem","position":2,"name":"Spazio Margutta &#8211; per la promozione di brands italiani e stranieri"}]},{"@type":"WebSite","@id":"https:\/\/www.romaoggi.eu\/#website","url":"https:\/\/www.romaoggi.eu\/","name":"roma oggi","description":"Interesting News for Interesting people","publisher":{"@id":"https:\/\/www.romaoggi.eu\/#organization"},"potentialAction":[{"@type":"SearchAction","target":{"@type":"EntryPoint","urlTemplate":"https:\/\/www.romaoggi.eu\/?s={search_term_string}"},"query-input":{"@type":"PropertyValueSpecification","valueRequired":true,"valueName":"search_term_string"}}],"inLanguage":"it-IT"},{"@type":"Organization","@id":"https:\/\/www.romaoggi.eu\/#organization","name":"RomaOggi","url":"https:\/\/www.romaoggi.eu\/","logo":{"@type":"ImageObject","inLanguage":"it-IT","@id":"https:\/\/www.romaoggi.eu\/#\/schema\/logo\/image\/","url":"https:\/\/www.romaoggi.eu\/wp-content\/uploads\/2017\/04\/logowp.jpg","contentUrl":"https:\/\/www.romaoggi.eu\/wp-content\/uploads\/2017\/04\/logowp.jpg","width":300,"height":133,"caption":"RomaOggi"},"image":{"@id":"https:\/\/www.romaoggi.eu\/#\/schema\/logo\/image\/"},"sameAs":["https:\/\/www.facebook.com\/RomaOggi-841544845954114","https:\/\/x.com\/romaoggi_eu"]},{"@type":"Person","@id":"https:\/\/www.romaoggi.eu\/#\/schema\/person\/c8ca1fb64b5506391fff5f822a866c23","name":"Antonietta Di Vizia","image":{"@type":"ImageObject","inLanguage":"it-IT","@id":"https:\/\/secure.gravatar.com\/avatar\/2ad571aa3fbfe3089b06ed5617adf58717b9359c0c97cf9b52804fb2dac293f2?s=96&d=mm&r=g","url":"https:\/\/secure.gravatar.com\/avatar\/2ad571aa3fbfe3089b06ed5617adf58717b9359c0c97cf9b52804fb2dac293f2?s=96&d=mm&r=g","contentUrl":"https:\/\/secure.gravatar.com\/avatar\/2ad571aa3fbfe3089b06ed5617adf58717b9359c0c97cf9b52804fb2dac293f2?s=96&d=mm&r=g","caption":"Antonietta Di Vizia"},"url":"https:\/\/www.romaoggi.eu\/index.php\/author\/antonietta\/"}]}},"_links":{"self":[{"href":"https:\/\/www.romaoggi.eu\/index.php\/wp-json\/wp\/v2\/posts\/13553","targetHints":{"allow":["GET"]}}],"collection":[{"href":"https:\/\/www.romaoggi.eu\/index.php\/wp-json\/wp\/v2\/posts"}],"about":[{"href":"https:\/\/www.romaoggi.eu\/index.php\/wp-json\/wp\/v2\/types\/post"}],"author":[{"embeddable":true,"href":"https:\/\/www.romaoggi.eu\/index.php\/wp-json\/wp\/v2\/users\/3"}],"replies":[{"embeddable":true,"href":"https:\/\/www.romaoggi.eu\/index.php\/wp-json\/wp\/v2\/comments?post=13553"}],"version-history":[{"count":7,"href":"https:\/\/www.romaoggi.eu\/index.php\/wp-json\/wp\/v2\/posts\/13553\/revisions"}],"predecessor-version":[{"id":13592,"href":"https:\/\/www.romaoggi.eu\/index.php\/wp-json\/wp\/v2\/posts\/13553\/revisions\/13592"}],"wp:featuredmedia":[{"embeddable":true,"href":"https:\/\/www.romaoggi.eu\/index.php\/wp-json\/wp\/v2\/media\/13555"}],"wp:attachment":[{"href":"https:\/\/www.romaoggi.eu\/index.php\/wp-json\/wp\/v2\/media?parent=13553"}],"wp:term":[{"taxonomy":"category","embeddable":true,"href":"https:\/\/www.romaoggi.eu\/index.php\/wp-json\/wp\/v2\/categories?post=13553"},{"taxonomy":"post_tag","embeddable":true,"href":"https:\/\/www.romaoggi.eu\/index.php\/wp-json\/wp\/v2\/tags?post=13553"}],"curies":[{"name":"wp","href":"https:\/\/api.w.org\/{rel}","templated":true}]}}