{"id":13603,"date":"2018-02-09T02:27:12","date_gmt":"2018-02-09T01:27:12","guid":{"rendered":"http:\/\/www.romaoggi.eu\/?p=13603"},"modified":"2018-02-09T02:27:12","modified_gmt":"2018-02-09T01:27:12","slug":"femme-letale-al-teatro-laura-dal-15-al-18-febbraio","status":"publish","type":"post","link":"https:\/\/www.romaoggi.eu\/index.php\/2018\/02\/09\/femme-letale-al-teatro-laura-dal-15-al-18-febbraio\/","title":{"rendered":"Femme Letale al teatro L&#8217;aura dal 15 al 18 febbraio"},"content":{"rendered":"<p align=\"JUSTIFY\"><span style=\"color: #000000;\"><span style=\"font-family: 'Times New Roman', serif;\"><span style=\"font-size: medium;\">La MCR Art\u2019 s Factory e la compagnia teatrale la Maieutica, presentano:<\/span><\/span><\/span><\/p>\n<p align=\"CENTER\">\n<p align=\"CENTER\"><span style=\"color: #000000;\"><span style=\"font-family: 'Times New Roman', serif;\"><span style=\"font-size: medium;\"><b>FEMME LETALE<\/b><\/span><\/span><\/span><\/p>\n<p align=\"CENTER\"><span style=\"color: #000000;\"><span style=\"font-family: 'Times New Roman', serif;\"><span style=\"font-size: medium;\">Testo e regia di Natascia Bonacci<\/span><\/span><\/span><\/p>\n<p align=\"CENTER\"><span style=\"color: #000000;\"><span style=\"font-family: 'Times New Roman', serif;\"><span style=\"font-size: medium;\">con<\/span><\/span><\/span><\/p>\n<p align=\"CENTER\"><span style=\"color: #000000;\"><span style=\"font-family: 'Times New Roman', serif;\"><span style=\"font-size: medium;\">Beatrice Picariello, Martina Di Fazio, Susanna Stefanizzi, Laura Monaco<\/span><\/span><\/span><\/p>\n<p align=\"CENTER\">\n<p align=\"CENTER\"><span style=\"color: #000000;\"><span style=\"font-family: 'Times New Roman', serif;\"><span style=\"font-size: medium;\">dal 15 al 18 febbraio<\/span><\/span><\/span><\/p>\n<p align=\"CENTER\"><span style=\"color: #000000;\"><span style=\"font-family: 'Times New Roman', serif;\"><span style=\"font-size: medium;\"><b>TEATRO L&#8217;AURA\u00a0<\/b>di Roma<\/span><\/span><\/span><\/p>\n<p align=\"JUSTIFY\"><span style=\"color: #000000;\"><span style=\"font-family: 'Times New Roman', serif;\"><span style=\"font-size: medium;\">Denise, Catherine, Pauline e Juliet, Elvira sono le protagoniste di\u00a0<b>Femme\u00a0Letale<\/b>, in scena dal<b>15 al 18 febbraio al Teatro L&#8217;Aura.<\/b>\u00a0Il testo scritto e diretto da\u00a0<b>Natascia Bonacci\u00a0<\/b>si\u00a0ispira a fatti di cronaca realmente accaduti.<\/span><\/span><\/span><\/p>\n<p align=\"JUSTIFY\"><span style=\"color: #000000;\"><span style=\"font-family: 'Times New Roman', serif;\"><span style=\"font-size: medium;\"><b>Beatrice Picariello, Martina Di Fazio, Susanna Stefanizzi, Laura Monaco<\/b>\u00a0trasportano il pubblico in un turbinio emozionale, catapultandolo in un excursus temporale dal \u2018600 ai giorni moderni. Le \u201cblack\u201d protagoniste rivivono le vicissitudini di Denise, donna bellissima ma facilmente manipolabile, che arriver\u00e0 a compiere il pi\u00f9 innaturale e crudele dei gesti; Catherine, elegante dama del \u2018600 con un tetro e cupo amore per le tenebre, l\u2019occulto e il satanismo; Pauline e Juliet, due amiche, adolescenti, morbosamente legate, unione che\u00a0 le porter\u00e0 a vivere una \u201cfollia a due\u201d; Elvira, una dolce e preparata tata, che nasconde dei tormenti familiari da cui riuscir\u00e0 energicamente a liberarsi.<\/span><\/span><\/span><\/p>\n<p align=\"JUSTIFY\"><img loading=\"lazy\" decoding=\"async\" class=\"aligncenter wp-image-13605 size-large\" src=\"https:\/\/www.romaoggi.eu\/wp-content\/uploads\/2018\/02\/Attrici-Femme-Letale-1024x1024.jpeg\" alt=\"Alt text Femme Letale\" width=\"1024\" height=\"1024\" srcset=\"https:\/\/www.romaoggi.eu\/wp-content\/uploads\/2018\/02\/Attrici-Femme-Letale-1024x1024.jpeg 1024w, https:\/\/www.romaoggi.eu\/wp-content\/uploads\/2018\/02\/Attrici-Femme-Letale-150x150.jpeg 150w, https:\/\/www.romaoggi.eu\/wp-content\/uploads\/2018\/02\/Attrici-Femme-Letale-300x300.jpeg 300w, https:\/\/www.romaoggi.eu\/wp-content\/uploads\/2018\/02\/Attrici-Femme-Letale.jpeg 1200w\" sizes=\"auto, (max-width: 1024px) 100vw, 1024px\" \/><\/p>\n<p align=\"JUSTIFY\"><span style=\"color: #000000;\"><span style=\"font-family: 'Times New Roman', serif;\"><span style=\"font-size: medium;\"><i>Lo spettatore vivr\u00e0 emozioni da cui vorr\u00e0 prendere le distanze, si confronter\u00e0 con il buio dell\u2019animo umano, riuscendo magari anche a sorridere in alcuni momenti, rimanendo comunque per un\u2019ora abbondante incollato alla poltrona \u2013\u00a0<\/i>afferma la regista.<\/span><\/span><\/span><\/p>\n<p align=\"JUSTIFY\"><span style=\"color: #000000;\"><span style=\"font-family: 'Times New Roman', serif;\"><span style=\"font-size: medium;\">Malesseri sociali, solitudini umane, presentate con coraggio e lealt\u00e0 senza mai erigersi a giudici. Sul palco tragedie antiche e cronache moderne raccontate con coscienza e onest\u00e0 attraverso l\u2019arte, che per un artista rimane lo strumento ideale per diventare persone migliori.<\/span><\/span><\/span><\/p>\n<p align=\"JUSTIFY\"><span style=\"color: #000000;\"><span style=\"font-family: 'Times New Roman', serif;\"><span style=\"font-size: medium;\">Con lo spettacolo Femme Letale le due societ\u00e0 di produzione aderiscono all&#8217;iniziativa \u201cZapatos Rojos\u201d conosciuta qui da noi come \u201cScarpe Rosse\u201d messe in piazza in segno di solidariet\u00e0, per ricordare le vittime di violenze sessuali, psicologiche e fisiche. Un simbolo di femminilit\u00e0 che assume un ruolo preciso contro il femminicidio.<\/span><\/span><\/span><\/p>\n<p align=\"JUSTIFY\"><img loading=\"lazy\" decoding=\"async\" class=\"aligncenter wp-image-13606 size-full\" src=\"https:\/\/www.romaoggi.eu\/wp-content\/uploads\/2018\/02\/Femme-Letale1.jpeg\" alt=\"Alt text Femme Letale\" width=\"640\" height=\"960\" srcset=\"https:\/\/www.romaoggi.eu\/wp-content\/uploads\/2018\/02\/Femme-Letale1.jpeg 640w, https:\/\/www.romaoggi.eu\/wp-content\/uploads\/2018\/02\/Femme-Letale1-200x300.jpeg 200w\" sizes=\"auto, (max-width: 640px) 100vw, 640px\" \/><\/p>\n<p align=\"JUSTIFY\"><span style=\"color: #000000;\"><span style=\"font-family: 'Times New Roman', serif;\"><span style=\"font-size: medium;\"><b><br \/>\nNote di regia<\/b><\/span><\/span><\/span><\/p>\n<p align=\"JUSTIFY\"><span style=\"color: #000000;\"><span style=\"font-family: 'Times New Roman', serif;\"><span style=\"font-size: medium;\">Le Donne sono geneticamente, storicamente e culturalmente inclini alla sopportazione del dolore, alla visione a volte forzata. Sono spesso vittime. In \u201cFemme Letale\u201d, questo non avviene. Si assiste a una sorta di catartica e distorta rivalsa che inquieta, affascina e far\u00e0 indubbiamente riflettere.<\/span><\/span><\/span><\/p>\n<p><span style=\"color: #000000;\"><span style=\"font-family: 'Times New Roman', serif;\"><span style=\"font-size: medium;\"><b>FEMME LETALE<\/b><\/span><\/span><\/span><\/p>\n<p><strong><span style=\"color: #000000;\"><span style=\"font-family: 'Times New Roman', serif;\"><span style=\"font-size: medium;\">Testo e regia di Natascia Bonacci<\/span><\/span><\/span><\/strong><\/p>\n<p><strong><span style=\"color: #000000;\"><span style=\"font-family: 'Times New Roman', serif;\"><span style=\"font-size: medium;\">con Beatrice Picariello, Martina Di Fazio, Susanna Stefanizzi, Laura Monaco<br \/>\n<\/span><\/span><\/span><\/strong><\/p>\n<p align=\"LEFT\"><strong><span style=\"color: #000000;\"><span style=\"font-family: 'Times New Roman', serif;\"><span style=\"font-size: medium;\"><b>Teatro L&#8217;aura<\/b><\/span><\/span><\/span><\/strong><\/p>\n<p align=\"LEFT\"><strong><span style=\"color: #000000;\"><span style=\"font-family: 'Times New Roman', serif;\"><span style=\"font-size: medium;\">vicolo di Pietro Papa<\/span><\/span><\/span><\/strong><\/p>\n<p align=\"LEFT\"><strong><span style=\"color: #000000;\"><span style=\"font-family: 'Times New Roman', serif;\"><span style=\"font-size: medium;\">dal 15 al 18 febbraio<\/span><\/span><\/span><\/strong><\/p>\n<p align=\"LEFT\"><strong><span style=\"color: #000000;\"><span style=\"font-family: 'Times New Roman', serif;\"><span style=\"font-size: medium;\">Dal gioved\u00ec al sabato ore 21.00<\/span><\/span><\/span><\/strong><\/p>\n<p align=\"LEFT\"><strong><span style=\"color: #000000;\"><span style=\"font-family: 'Times New Roman', serif;\"><span style=\"font-size: medium;\">domenica ore 18<\/span><\/span><\/span><\/strong><\/p>\n<p align=\"LEFT\"><strong><span style=\"color: #000000;\"><span style=\"font-family: 'Times New Roman', serif;\"><span style=\"font-size: medium;\">info e prenotazioni 0683777148 oppure 3464703609<\/span><\/span><\/span><\/strong><\/p>\n<p align=\"LEFT\"><strong><span style=\"color: #000000;\"><span style=\"font-family: 'Times New Roman', serif;\"><span style=\"font-size: medium;\">o tramite\u00a0<\/span><\/span><\/span><\/strong><strong><a href=\"mailto:nuovoteatrolaura@gmail.com\" target=\"_blank\" rel=\"noopener\"><span style=\"color: #007dbc;\"><span style=\"font-family: 'Times New Roman', serif;\"><span style=\"font-size: medium;\"><u>nuovoteatrolaura@gmail.com<\/u><\/span><\/span><\/span><\/a><\/strong><\/p>\n<p align=\"LEFT\"><strong><span style=\"color: #000000;\"><span style=\"font-family: 'Times New Roman', serif;\"><span style=\"font-size: medium;\">Biglietto 12\u20ac<\/span><\/span><\/span><\/strong><\/p>\n<p align=\"JUSTIFY\"><a href=\"https:\/\/www.romaoggi.eu\/index.php\/2017\/12\/07\/hostaria-edmondo-2\/\"><span style=\"font-family: 'Times New Roman', serif;\"><span style=\"font-size: medium;\"><b>RomaOggi.eu \u2192 Leggi il prossimo articolo <\/b><\/span><\/span><\/a><\/p>\n<p align=\"JUSTIFY\"><span style=\"font-family: 'Times New Roman', serif;\"><span style=\"font-size: medium;\">La Redazione <\/span><\/span><\/p>\n<p align=\"JUSTIFY\"><span style=\"font-family: 'Times New Roman', serif;\"><span style=\"font-size: medium;\">RomaOggi.eu \u201cInteresting news for interesting people\u201d<\/span><\/span><\/p>\n<figure id=\"attachment_12981\" aria-describedby=\"caption-attachment-12981\" style=\"width: 300px\" class=\"wp-caption aligncenter\"><img loading=\"lazy\" decoding=\"async\" class=\"wp-image-12981 size-medium\" src=\"https:\/\/www.romaoggi.eu\/wp-content\/uploads\/2018\/01\/CCW-300x250-SCONTO-5-300x250.jpg\" alt=\"Alt text cinecitt\u00e0 world\" width=\"300\" height=\"250\" \/><figcaption id=\"caption-attachment-12981\" class=\"wp-caption-text\"><a href=\"https:\/\/www.cinecittaworld.it\/Vendita\/Biglietti-e-prezzi?Coupon=ROMAOGGI&amp;Adulti=2&amp;Ridotti=0\"><strong>Ottieni uno sconto sull&#8217;acquisto dei biglietti! CLICCA QUI<\/strong><\/a><\/figcaption><\/figure>\n","protected":false},"excerpt":{"rendered":"<div class=\"mh-excerpt\"><p>La MCR Art\u2019 s Factory e la compagnia teatrale la Maieutica, presentano: FEMME LETALE Testo e regia di Natascia Bonacci con Beatrice Picariello, Martina Di Fazio, Susanna Stefanizzi, Laura Monaco dal 15 al 18 febbraio <a class=\"mh-excerpt-more\" href=\"https:\/\/www.romaoggi.eu\/index.php\/2018\/02\/09\/femme-letale-al-teatro-laura-dal-15-al-18-febbraio\/\" title=\"Femme Letale al teatro L&#8217;aura dal 15 al 18 febbraio\">[&#8230;]<\/a><\/p>\n<\/div>","protected":false},"author":5,"featured_media":13604,"comment_status":"open","ping_status":"open","sticky":false,"template":"","format":"standard","meta":{"_sitemap_exclude":false,"_sitemap_priority":"","_sitemap_frequency":"","footnotes":""},"categories":[4281],"tags":[9292,6418,8088,26,9291,7691,877,159,1644,109,817,1738,634,85,8169],"class_list":["post-13603","post","type-post","status-publish","format-standard","has-post-thumbnail","hentry","category-teatro","tag-15-al-18-febbraio","tag-6418","tag-cinecitta-world","tag-cristiano-morelli","tag-femme-letale","tag-hostaria-edmondo","tag-italia","tag-lazio","tag-regione-lazio","tag-roma","tag-romaoggi","tag-romaoggi-eu","tag-rome","tag-teatro","tag-teatro-laura"],"yoast_head":"<!-- This site is optimized with the Yoast SEO plugin v27.5 - https:\/\/yoast.com\/product\/yoast-seo-wordpress\/ -->\n<title>Femme Letale al teatro L&#039;aura dal 15 al 18 febbraio<\/title>\n<meta name=\"description\" content=\"Denise, Catherine, Pauline e Juliet, Elvira sono le protagoniste di\u00a0Femme\u00a0Letale, in scena dal15 al 18 febbraio al Teatro L&#039;Aura.\u00a0Il testo scritto e diretto da\u00a0Natascia Bonacci\u00a0si\u00a0ispira a fatti di cronaca realmente accaduti. Beatrice Picariello, Martina Di Fazio, Susanna Stefanizzi, Laura Monaco...\" \/>\n<meta name=\"robots\" content=\"index, follow, max-snippet:-1, max-image-preview:large, max-video-preview:-1\" \/>\n<link rel=\"canonical\" href=\"https:\/\/www.romaoggi.eu\/index.php\/2018\/02\/09\/femme-letale-al-teatro-laura-dal-15-al-18-febbraio\/\" \/>\n<meta property=\"og:locale\" content=\"it_IT\" \/>\n<meta property=\"og:type\" content=\"article\" \/>\n<meta property=\"og:title\" content=\"Femme Letale al teatro L&#039;aura dal 15 al 18 febbraio\" \/>\n<meta property=\"og:description\" content=\"Denise, Catherine, Pauline e Juliet, Elvira sono le protagoniste di\u00a0Femme\u00a0Letale, in scena dal15 al 18 febbraio al Teatro L&#039;Aura.\u00a0Il testo scritto e diretto da\u00a0Natascia Bonacci\u00a0si\u00a0ispira a fatti di cronaca realmente accaduti. Beatrice Picariello, Martina Di Fazio, Susanna Stefanizzi, Laura Monaco...\" \/>\n<meta property=\"og:url\" content=\"https:\/\/www.romaoggi.eu\/index.php\/2018\/02\/09\/femme-letale-al-teatro-laura-dal-15-al-18-febbraio\/\" \/>\n<meta property=\"og:site_name\" content=\"roma oggi\" \/>\n<meta property=\"article:publisher\" content=\"https:\/\/www.facebook.com\/RomaOggi-841544845954114\" \/>\n<meta property=\"article:published_time\" content=\"2018-02-09T01:27:12+00:00\" \/>\n<meta property=\"og:image\" content=\"https:\/\/www.romaoggi.eu\/wp-content\/uploads\/2018\/02\/Femme-Letale-Locandina.jpeg\" \/>\n\t<meta property=\"og:image:width\" content=\"899\" \/>\n\t<meta property=\"og:image:height\" content=\"1600\" \/>\n\t<meta property=\"og:image:type\" content=\"image\/jpeg\" \/>\n<meta name=\"author\" content=\"Flavio\" \/>\n<meta name=\"twitter:card\" content=\"summary_large_image\" \/>\n<meta name=\"twitter:creator\" content=\"@romaoggi_eu\" \/>\n<meta name=\"twitter:site\" content=\"@romaoggi_eu\" \/>\n<meta name=\"twitter:label1\" content=\"Scritto da\" \/>\n\t<meta name=\"twitter:data1\" content=\"Flavio\" \/>\n\t<meta name=\"twitter:label2\" content=\"Tempo di lettura stimato\" \/>\n\t<meta name=\"twitter:data2\" content=\"2 minuti\" \/>\n<script type=\"application\/ld+json\" class=\"yoast-schema-graph\">{\"@context\":\"https:\\\/\\\/schema.org\",\"@graph\":[{\"@type\":\"Article\",\"@id\":\"https:\\\/\\\/www.romaoggi.eu\\\/index.php\\\/2018\\\/02\\\/09\\\/femme-letale-al-teatro-laura-dal-15-al-18-febbraio\\\/#article\",\"isPartOf\":{\"@id\":\"https:\\\/\\\/www.romaoggi.eu\\\/index.php\\\/2018\\\/02\\\/09\\\/femme-letale-al-teatro-laura-dal-15-al-18-febbraio\\\/\"},\"author\":{\"name\":\"Flavio\",\"@id\":\"https:\\\/\\\/www.romaoggi.eu\\\/#\\\/schema\\\/person\\\/cc12bfd93370392d7e41d243e47e6681\"},\"headline\":\"Femme Letale al teatro L&#8217;aura dal 15 al 18 febbraio\",\"datePublished\":\"2018-02-09T01:27:12+00:00\",\"mainEntityOfPage\":{\"@id\":\"https:\\\/\\\/www.romaoggi.eu\\\/index.php\\\/2018\\\/02\\\/09\\\/femme-letale-al-teatro-laura-dal-15-al-18-febbraio\\\/\"},\"wordCount\":438,\"commentCount\":0,\"publisher\":{\"@id\":\"https:\\\/\\\/www.romaoggi.eu\\\/#organization\"},\"image\":{\"@id\":\"https:\\\/\\\/www.romaoggi.eu\\\/index.php\\\/2018\\\/02\\\/09\\\/femme-letale-al-teatro-laura-dal-15-al-18-febbraio\\\/#primaryimage\"},\"thumbnailUrl\":\"https:\\\/\\\/www.romaoggi.eu\\\/wp-content\\\/uploads\\\/2018\\\/02\\\/Femme-Letale-Locandina.jpeg\",\"keywords\":[\"15 al 18 febbraio\",\"2018\",\"Cinecitt\u00e0 World\",\"cristiano morelli\",\"Femme Letale\",\"Hostaria Edmondo\",\"italia\",\"lazio\",\"Regione Lazio\",\"roma\",\"romaoggi\",\"RomaOggi.eu\",\"rome\",\"teatro\",\"Teatro L'aura\"],\"articleSection\":[\"teatro\"],\"inLanguage\":\"it-IT\",\"potentialAction\":[{\"@type\":\"CommentAction\",\"name\":\"Comment\",\"target\":[\"https:\\\/\\\/www.romaoggi.eu\\\/index.php\\\/2018\\\/02\\\/09\\\/femme-letale-al-teatro-laura-dal-15-al-18-febbraio\\\/#respond\"]}]},{\"@type\":\"WebPage\",\"@id\":\"https:\\\/\\\/www.romaoggi.eu\\\/index.php\\\/2018\\\/02\\\/09\\\/femme-letale-al-teatro-laura-dal-15-al-18-febbraio\\\/\",\"url\":\"https:\\\/\\\/www.romaoggi.eu\\\/index.php\\\/2018\\\/02\\\/09\\\/femme-letale-al-teatro-laura-dal-15-al-18-febbraio\\\/\",\"name\":\"Femme Letale al teatro L'aura dal 15 al 18 febbraio\",\"isPartOf\":{\"@id\":\"https:\\\/\\\/www.romaoggi.eu\\\/#website\"},\"primaryImageOfPage\":{\"@id\":\"https:\\\/\\\/www.romaoggi.eu\\\/index.php\\\/2018\\\/02\\\/09\\\/femme-letale-al-teatro-laura-dal-15-al-18-febbraio\\\/#primaryimage\"},\"image\":{\"@id\":\"https:\\\/\\\/www.romaoggi.eu\\\/index.php\\\/2018\\\/02\\\/09\\\/femme-letale-al-teatro-laura-dal-15-al-18-febbraio\\\/#primaryimage\"},\"thumbnailUrl\":\"https:\\\/\\\/www.romaoggi.eu\\\/wp-content\\\/uploads\\\/2018\\\/02\\\/Femme-Letale-Locandina.jpeg\",\"datePublished\":\"2018-02-09T01:27:12+00:00\",\"description\":\"Denise, Catherine, Pauline e Juliet, Elvira sono le protagoniste di\u00a0Femme\u00a0Letale, in scena dal15 al 18 febbraio al Teatro L'Aura.\u00a0Il testo scritto e diretto da\u00a0Natascia Bonacci\u00a0si\u00a0ispira a fatti di cronaca realmente accaduti. Beatrice Picariello, Martina Di Fazio, Susanna Stefanizzi, Laura Monaco...\",\"breadcrumb\":{\"@id\":\"https:\\\/\\\/www.romaoggi.eu\\\/index.php\\\/2018\\\/02\\\/09\\\/femme-letale-al-teatro-laura-dal-15-al-18-febbraio\\\/#breadcrumb\"},\"inLanguage\":\"it-IT\",\"potentialAction\":[{\"@type\":\"ReadAction\",\"target\":[\"https:\\\/\\\/www.romaoggi.eu\\\/index.php\\\/2018\\\/02\\\/09\\\/femme-letale-al-teatro-laura-dal-15-al-18-febbraio\\\/\"]}]},{\"@type\":\"ImageObject\",\"inLanguage\":\"it-IT\",\"@id\":\"https:\\\/\\\/www.romaoggi.eu\\\/index.php\\\/2018\\\/02\\\/09\\\/femme-letale-al-teatro-laura-dal-15-al-18-febbraio\\\/#primaryimage\",\"url\":\"https:\\\/\\\/www.romaoggi.eu\\\/wp-content\\\/uploads\\\/2018\\\/02\\\/Femme-Letale-Locandina.jpeg\",\"contentUrl\":\"https:\\\/\\\/www.romaoggi.eu\\\/wp-content\\\/uploads\\\/2018\\\/02\\\/Femme-Letale-Locandina.jpeg\",\"width\":899,\"height\":1600},{\"@type\":\"BreadcrumbList\",\"@id\":\"https:\\\/\\\/www.romaoggi.eu\\\/index.php\\\/2018\\\/02\\\/09\\\/femme-letale-al-teatro-laura-dal-15-al-18-febbraio\\\/#breadcrumb\",\"itemListElement\":[{\"@type\":\"ListItem\",\"position\":1,\"name\":\"Home\",\"item\":\"https:\\\/\\\/www.romaoggi.eu\\\/\"},{\"@type\":\"ListItem\",\"position\":2,\"name\":\"Femme Letale al teatro L&#8217;aura dal 15 al 18 febbraio\"}]},{\"@type\":\"WebSite\",\"@id\":\"https:\\\/\\\/www.romaoggi.eu\\\/#website\",\"url\":\"https:\\\/\\\/www.romaoggi.eu\\\/\",\"name\":\"roma oggi\",\"description\":\"Interesting News for Interesting people\",\"publisher\":{\"@id\":\"https:\\\/\\\/www.romaoggi.eu\\\/#organization\"},\"potentialAction\":[{\"@type\":\"SearchAction\",\"target\":{\"@type\":\"EntryPoint\",\"urlTemplate\":\"https:\\\/\\\/www.romaoggi.eu\\\/?s={search_term_string}\"},\"query-input\":{\"@type\":\"PropertyValueSpecification\",\"valueRequired\":true,\"valueName\":\"search_term_string\"}}],\"inLanguage\":\"it-IT\"},{\"@type\":\"Organization\",\"@id\":\"https:\\\/\\\/www.romaoggi.eu\\\/#organization\",\"name\":\"RomaOggi\",\"url\":\"https:\\\/\\\/www.romaoggi.eu\\\/\",\"logo\":{\"@type\":\"ImageObject\",\"inLanguage\":\"it-IT\",\"@id\":\"https:\\\/\\\/www.romaoggi.eu\\\/#\\\/schema\\\/logo\\\/image\\\/\",\"url\":\"https:\\\/\\\/www.romaoggi.eu\\\/wp-content\\\/uploads\\\/2017\\\/04\\\/logowp.jpg\",\"contentUrl\":\"https:\\\/\\\/www.romaoggi.eu\\\/wp-content\\\/uploads\\\/2017\\\/04\\\/logowp.jpg\",\"width\":300,\"height\":133,\"caption\":\"RomaOggi\"},\"image\":{\"@id\":\"https:\\\/\\\/www.romaoggi.eu\\\/#\\\/schema\\\/logo\\\/image\\\/\"},\"sameAs\":[\"https:\\\/\\\/www.facebook.com\\\/RomaOggi-841544845954114\",\"https:\\\/\\\/x.com\\\/romaoggi_eu\"]},{\"@type\":\"Person\",\"@id\":\"https:\\\/\\\/www.romaoggi.eu\\\/#\\\/schema\\\/person\\\/cc12bfd93370392d7e41d243e47e6681\",\"name\":\"Flavio\",\"image\":{\"@type\":\"ImageObject\",\"inLanguage\":\"it-IT\",\"@id\":\"https:\\\/\\\/secure.gravatar.com\\\/avatar\\\/7e044ce830ea97853e01500437b37dff4a622b20a194e4d0efe9b67e918f19e5?s=96&d=mm&r=g\",\"url\":\"https:\\\/\\\/secure.gravatar.com\\\/avatar\\\/7e044ce830ea97853e01500437b37dff4a622b20a194e4d0efe9b67e918f19e5?s=96&d=mm&r=g\",\"contentUrl\":\"https:\\\/\\\/secure.gravatar.com\\\/avatar\\\/7e044ce830ea97853e01500437b37dff4a622b20a194e4d0efe9b67e918f19e5?s=96&d=mm&r=g\",\"caption\":\"Flavio\"},\"url\":\"https:\\\/\\\/www.romaoggi.eu\\\/index.php\\\/author\\\/cristiano\\\/\"}]}<\/script>\n<!-- \/ Yoast SEO plugin. -->","yoast_head_json":{"title":"Femme Letale al teatro L'aura dal 15 al 18 febbraio","description":"Denise, Catherine, Pauline e Juliet, Elvira sono le protagoniste di\u00a0Femme\u00a0Letale, in scena dal15 al 18 febbraio al Teatro L'Aura.\u00a0Il testo scritto e diretto da\u00a0Natascia Bonacci\u00a0si\u00a0ispira a fatti di cronaca realmente accaduti. Beatrice Picariello, Martina Di Fazio, Susanna Stefanizzi, Laura Monaco...","robots":{"index":"index","follow":"follow","max-snippet":"max-snippet:-1","max-image-preview":"max-image-preview:large","max-video-preview":"max-video-preview:-1"},"canonical":"https:\/\/www.romaoggi.eu\/index.php\/2018\/02\/09\/femme-letale-al-teatro-laura-dal-15-al-18-febbraio\/","og_locale":"it_IT","og_type":"article","og_title":"Femme Letale al teatro L'aura dal 15 al 18 febbraio","og_description":"Denise, Catherine, Pauline e Juliet, Elvira sono le protagoniste di\u00a0Femme\u00a0Letale, in scena dal15 al 18 febbraio al Teatro L'Aura.\u00a0Il testo scritto e diretto da\u00a0Natascia Bonacci\u00a0si\u00a0ispira a fatti di cronaca realmente accaduti. Beatrice Picariello, Martina Di Fazio, Susanna Stefanizzi, Laura Monaco...","og_url":"https:\/\/www.romaoggi.eu\/index.php\/2018\/02\/09\/femme-letale-al-teatro-laura-dal-15-al-18-febbraio\/","og_site_name":"roma oggi","article_publisher":"https:\/\/www.facebook.com\/RomaOggi-841544845954114","article_published_time":"2018-02-09T01:27:12+00:00","og_image":[{"width":899,"height":1600,"url":"https:\/\/www.romaoggi.eu\/wp-content\/uploads\/2018\/02\/Femme-Letale-Locandina.jpeg","type":"image\/jpeg"}],"author":"Flavio","twitter_card":"summary_large_image","twitter_creator":"@romaoggi_eu","twitter_site":"@romaoggi_eu","twitter_misc":{"Scritto da":"Flavio","Tempo di lettura stimato":"2 minuti"},"schema":{"@context":"https:\/\/schema.org","@graph":[{"@type":"Article","@id":"https:\/\/www.romaoggi.eu\/index.php\/2018\/02\/09\/femme-letale-al-teatro-laura-dal-15-al-18-febbraio\/#article","isPartOf":{"@id":"https:\/\/www.romaoggi.eu\/index.php\/2018\/02\/09\/femme-letale-al-teatro-laura-dal-15-al-18-febbraio\/"},"author":{"name":"Flavio","@id":"https:\/\/www.romaoggi.eu\/#\/schema\/person\/cc12bfd93370392d7e41d243e47e6681"},"headline":"Femme Letale al teatro L&#8217;aura dal 15 al 18 febbraio","datePublished":"2018-02-09T01:27:12+00:00","mainEntityOfPage":{"@id":"https:\/\/www.romaoggi.eu\/index.php\/2018\/02\/09\/femme-letale-al-teatro-laura-dal-15-al-18-febbraio\/"},"wordCount":438,"commentCount":0,"publisher":{"@id":"https:\/\/www.romaoggi.eu\/#organization"},"image":{"@id":"https:\/\/www.romaoggi.eu\/index.php\/2018\/02\/09\/femme-letale-al-teatro-laura-dal-15-al-18-febbraio\/#primaryimage"},"thumbnailUrl":"https:\/\/www.romaoggi.eu\/wp-content\/uploads\/2018\/02\/Femme-Letale-Locandina.jpeg","keywords":["15 al 18 febbraio","2018","Cinecitt\u00e0 World","cristiano morelli","Femme Letale","Hostaria Edmondo","italia","lazio","Regione Lazio","roma","romaoggi","RomaOggi.eu","rome","teatro","Teatro L'aura"],"articleSection":["teatro"],"inLanguage":"it-IT","potentialAction":[{"@type":"CommentAction","name":"Comment","target":["https:\/\/www.romaoggi.eu\/index.php\/2018\/02\/09\/femme-letale-al-teatro-laura-dal-15-al-18-febbraio\/#respond"]}]},{"@type":"WebPage","@id":"https:\/\/www.romaoggi.eu\/index.php\/2018\/02\/09\/femme-letale-al-teatro-laura-dal-15-al-18-febbraio\/","url":"https:\/\/www.romaoggi.eu\/index.php\/2018\/02\/09\/femme-letale-al-teatro-laura-dal-15-al-18-febbraio\/","name":"Femme Letale al teatro L'aura dal 15 al 18 febbraio","isPartOf":{"@id":"https:\/\/www.romaoggi.eu\/#website"},"primaryImageOfPage":{"@id":"https:\/\/www.romaoggi.eu\/index.php\/2018\/02\/09\/femme-letale-al-teatro-laura-dal-15-al-18-febbraio\/#primaryimage"},"image":{"@id":"https:\/\/www.romaoggi.eu\/index.php\/2018\/02\/09\/femme-letale-al-teatro-laura-dal-15-al-18-febbraio\/#primaryimage"},"thumbnailUrl":"https:\/\/www.romaoggi.eu\/wp-content\/uploads\/2018\/02\/Femme-Letale-Locandina.jpeg","datePublished":"2018-02-09T01:27:12+00:00","description":"Denise, Catherine, Pauline e Juliet, Elvira sono le protagoniste di\u00a0Femme\u00a0Letale, in scena dal15 al 18 febbraio al Teatro L'Aura.\u00a0Il testo scritto e diretto da\u00a0Natascia Bonacci\u00a0si\u00a0ispira a fatti di cronaca realmente accaduti. Beatrice Picariello, Martina Di Fazio, Susanna Stefanizzi, Laura Monaco...","breadcrumb":{"@id":"https:\/\/www.romaoggi.eu\/index.php\/2018\/02\/09\/femme-letale-al-teatro-laura-dal-15-al-18-febbraio\/#breadcrumb"},"inLanguage":"it-IT","potentialAction":[{"@type":"ReadAction","target":["https:\/\/www.romaoggi.eu\/index.php\/2018\/02\/09\/femme-letale-al-teatro-laura-dal-15-al-18-febbraio\/"]}]},{"@type":"ImageObject","inLanguage":"it-IT","@id":"https:\/\/www.romaoggi.eu\/index.php\/2018\/02\/09\/femme-letale-al-teatro-laura-dal-15-al-18-febbraio\/#primaryimage","url":"https:\/\/www.romaoggi.eu\/wp-content\/uploads\/2018\/02\/Femme-Letale-Locandina.jpeg","contentUrl":"https:\/\/www.romaoggi.eu\/wp-content\/uploads\/2018\/02\/Femme-Letale-Locandina.jpeg","width":899,"height":1600},{"@type":"BreadcrumbList","@id":"https:\/\/www.romaoggi.eu\/index.php\/2018\/02\/09\/femme-letale-al-teatro-laura-dal-15-al-18-febbraio\/#breadcrumb","itemListElement":[{"@type":"ListItem","position":1,"name":"Home","item":"https:\/\/www.romaoggi.eu\/"},{"@type":"ListItem","position":2,"name":"Femme Letale al teatro L&#8217;aura dal 15 al 18 febbraio"}]},{"@type":"WebSite","@id":"https:\/\/www.romaoggi.eu\/#website","url":"https:\/\/www.romaoggi.eu\/","name":"roma oggi","description":"Interesting News for Interesting people","publisher":{"@id":"https:\/\/www.romaoggi.eu\/#organization"},"potentialAction":[{"@type":"SearchAction","target":{"@type":"EntryPoint","urlTemplate":"https:\/\/www.romaoggi.eu\/?s={search_term_string}"},"query-input":{"@type":"PropertyValueSpecification","valueRequired":true,"valueName":"search_term_string"}}],"inLanguage":"it-IT"},{"@type":"Organization","@id":"https:\/\/www.romaoggi.eu\/#organization","name":"RomaOggi","url":"https:\/\/www.romaoggi.eu\/","logo":{"@type":"ImageObject","inLanguage":"it-IT","@id":"https:\/\/www.romaoggi.eu\/#\/schema\/logo\/image\/","url":"https:\/\/www.romaoggi.eu\/wp-content\/uploads\/2017\/04\/logowp.jpg","contentUrl":"https:\/\/www.romaoggi.eu\/wp-content\/uploads\/2017\/04\/logowp.jpg","width":300,"height":133,"caption":"RomaOggi"},"image":{"@id":"https:\/\/www.romaoggi.eu\/#\/schema\/logo\/image\/"},"sameAs":["https:\/\/www.facebook.com\/RomaOggi-841544845954114","https:\/\/x.com\/romaoggi_eu"]},{"@type":"Person","@id":"https:\/\/www.romaoggi.eu\/#\/schema\/person\/cc12bfd93370392d7e41d243e47e6681","name":"Flavio","image":{"@type":"ImageObject","inLanguage":"it-IT","@id":"https:\/\/secure.gravatar.com\/avatar\/7e044ce830ea97853e01500437b37dff4a622b20a194e4d0efe9b67e918f19e5?s=96&d=mm&r=g","url":"https:\/\/secure.gravatar.com\/avatar\/7e044ce830ea97853e01500437b37dff4a622b20a194e4d0efe9b67e918f19e5?s=96&d=mm&r=g","contentUrl":"https:\/\/secure.gravatar.com\/avatar\/7e044ce830ea97853e01500437b37dff4a622b20a194e4d0efe9b67e918f19e5?s=96&d=mm&r=g","caption":"Flavio"},"url":"https:\/\/www.romaoggi.eu\/index.php\/author\/cristiano\/"}]}},"_links":{"self":[{"href":"https:\/\/www.romaoggi.eu\/index.php\/wp-json\/wp\/v2\/posts\/13603","targetHints":{"allow":["GET"]}}],"collection":[{"href":"https:\/\/www.romaoggi.eu\/index.php\/wp-json\/wp\/v2\/posts"}],"about":[{"href":"https:\/\/www.romaoggi.eu\/index.php\/wp-json\/wp\/v2\/types\/post"}],"author":[{"embeddable":true,"href":"https:\/\/www.romaoggi.eu\/index.php\/wp-json\/wp\/v2\/users\/5"}],"replies":[{"embeddable":true,"href":"https:\/\/www.romaoggi.eu\/index.php\/wp-json\/wp\/v2\/comments?post=13603"}],"version-history":[{"count":1,"href":"https:\/\/www.romaoggi.eu\/index.php\/wp-json\/wp\/v2\/posts\/13603\/revisions"}],"predecessor-version":[{"id":13607,"href":"https:\/\/www.romaoggi.eu\/index.php\/wp-json\/wp\/v2\/posts\/13603\/revisions\/13607"}],"wp:featuredmedia":[{"embeddable":true,"href":"https:\/\/www.romaoggi.eu\/index.php\/wp-json\/wp\/v2\/media\/13604"}],"wp:attachment":[{"href":"https:\/\/www.romaoggi.eu\/index.php\/wp-json\/wp\/v2\/media?parent=13603"}],"wp:term":[{"taxonomy":"category","embeddable":true,"href":"https:\/\/www.romaoggi.eu\/index.php\/wp-json\/wp\/v2\/categories?post=13603"},{"taxonomy":"post_tag","embeddable":true,"href":"https:\/\/www.romaoggi.eu\/index.php\/wp-json\/wp\/v2\/tags?post=13603"}],"curies":[{"name":"wp","href":"https:\/\/api.w.org\/{rel}","templated":true}]}}