{"id":13660,"date":"2018-02-12T01:54:30","date_gmt":"2018-02-12T00:54:30","guid":{"rendered":"http:\/\/www.romaoggi.eu\/?p=13660"},"modified":"2018-02-12T01:54:30","modified_gmt":"2018-02-12T00:54:30","slug":"virtus-roma-28","status":"publish","type":"post","link":"https:\/\/www.romaoggi.eu\/index.php\/2018\/02\/12\/virtus-roma-28\/","title":{"rendered":"Virtus Roma sconfitta 73-62 a Casale Monferrato"},"content":{"rendered":"<p align=\"JUSTIFY\"><span style=\"color: #000000;\"><span style=\"font-family: 'Times New Roman', serif;\"><span style=\"font-size: medium;\">Arriva una sconfitta per la <b>Virtus Roma <\/b>anche nella seconda trasferta piemontese nella quale gli uomini di coach Bechi devono arrendersi <b>73-62 <\/b>alla capolista <b>Casale Monferrato<\/b>. Dopo tre quarti in equilibrio Roma paga la terza partita in sette giorni giocata con le rotazioni estremamente ridotte (anche oggi fuori Benetti, Filloy e Vedovato) e subisce un 19-13 nell\u2019ultimo quarto. Troppa disparit\u00e0 di uomini nel reparto lunghi, come dimostrato dal 39 a 25 a rimbalzo. <\/span><\/span><\/span><\/p>\n<p align=\"JUSTIFY\"><span style=\"color: #000000;\"><span style=\"font-family: 'Times New Roman', serif;\"><span style=\"font-size: medium;\">Primo quarto all\u2019insegna delle difese e dei ritmi bassi. Casale imposta la gara cercando di sfruttare il vantaggio sotto canestro, riuscendo a far segnare ai propri lunghi tutti i 15 punti del quarto (6 Marcius), grazie anche alla maggiore presenza a rimbalzo (13 a 4 il computo nel primo quarto, con 5 offensivi per i padroni di casa). Roma per\u00f2 \u00e8 brava a rimanere concentrata e anche grazie a 5 punti di <b>Landi <\/b>chiude il primo periodo sotto 15-12. I problemi a rimbalzo continuano per\u00f2 anche nel secondo quarto: all\u2019intervallo infatti il computo \u00e8 di 21 (di cui 10 offensivi) a 9 per i padroni di casa che con un 7-0 di parziale si portano avanti 22-15 dopo 2\u2019 di secondo periodo. La Virtus prova ad appoggiarsi a <b>Roberts <\/b>(6 punti) ma non riesce ad accorciare il divario fino a 2\u2019 dalla fine quando uno 0-8 (con due triple di Baldasso) permette agli uomini di coach Bechi di tornare sotto 32-31. Una tripla di Denegri sulla sirena del primo tempo manda le squadre all\u2019intervallo sul 38-34. <\/span><\/span><\/span><\/p>\n<p align=\"JUSTIFY\"><span style=\"color: #000000;\"><span style=\"font-family: 'Times New Roman', serif;\"><span style=\"font-size: medium;\">Il secondo tempo vede un\u2019ottima applicazione difensiva da parte della Virtus Roma che trova il 40-40 dopo 3\u2019 e poco pi\u00f9 tardi, con le percentuali di entrambe le squadre che continuano ad abbassarsi, trova il primo vantaggio della partita sul 42-44 con 4\u2019 da giocare. Proprio nel miglior momento di Roma, per\u00f2, la Junior trova un parziale di 10-0 ispirato da due triple di Sanders che la riportano al comando della partita facendole chiudere il terzo quarto avanti 54-49. Il momento positivo dei padroni di casa continua anche nell\u2019ultima frazione che gli uomini di coach Ramondino iniziano con un 6-2 che li porta sul 60-51 dopo poco pi\u00f9 di 2\u2019. \u00c8 lo strappo decisivo: la Virtus prova a rimanere in partita con la difesa, pagando per\u00f2 lo sforzo in attacco dove non riesce a trovare il canestro con la continuit\u00e0 necessaria per rientrare definitivamente in gara a causa della poca lucidit\u00e0 dovuta al terzo impegno in sette giorni affrontato con rotazioni estremamente accorciate. Casale scappa poi nei minuti finali e chiude <b>73-62<\/b>. <\/span><\/span><\/span><\/p>\n<p align=\"JUSTIFY\"><span style=\"color: #000000;\"><span style=\"font-family: 'Times New Roman', serif;\"><span style=\"font-size: medium;\">Prossimo impegno per la Virtus Roma domenica 18 febbraio in casa, ore 18.00, con Cuore Napoli Basket. <\/span><\/span><\/span><\/p>\n<p align=\"JUSTIFY\"><span style=\"color: #000000;\"><span style=\"font-family: 'Times New Roman', serif;\"><span style=\"font-size: medium;\">Queste le parole di coach <b>Luca Bechi <\/b>in conferenza stampa al termine del match: <i>\u00abSiamo riusciti a rompere l\u2019attacco di Casale per larghi tratti della partita, ma ci \u00e8 mancata l\u2019energia. A fine partita era evidente come la nostra squadra facesse fatica, con una rotazione limitata, a stare al passo degli avversari che possono invece ruotare dieci uomini e hanno un sistema rodato con una squadra piena di entusiasmo. Ovviamente non ci fa piacere perdere ma noi dobbiamo ripartire dalle cose positive, con fiducia, perch\u00e9 non \u00e8 Casale oggi la squadra che possiamo battere. Il campionato non ci aspetta e dobbiamo subito guardare avanti, penso che anche oggi l\u2019attitudine e l\u2019aggressivit\u00e0 mentale siano state buone e dovremo riproporle con il nostro prossimo avversario, Napoli\u00bb<\/i>. <\/span><\/span><\/span><\/p>\n<p align=\"JUSTIFY\"><span style=\"color: #000000;\"><span style=\"font-family: 'Times New Roman', serif;\"><span style=\"font-size: medium;\"><b>Novipi\u00f9 Casale Monferrato \u2013 Virtus Roma 73-62 <\/b>(15-12; 38-34; 54-49) <\/span><\/span><\/span><\/p>\n<p align=\"JUSTIFY\"><span style=\"color: #000000;\"><span style=\"font-family: 'Times New Roman', serif;\"><span style=\"font-size: medium;\"><b>Novipi\u00f9 Casale Monferrato<\/b>: Ielmini ne, Denegri 5, Tomassini 7, Valentini 7, Blizzard 3, Martinoni 11, Severini, Cattapan 4, Bellan 8, Sanders 9, Lazzeri, Marcius 19. All. Ramondino. <\/span><\/span><\/span><\/p>\n<p align=\"JUSTIFY\"><span style=\"color: #000000;\"><span style=\"font-family: 'Times New Roman', serif;\"><span style=\"font-size: medium;\"><b>Virtus Roma<\/b>: Basile, Maresca 6, Chessa 8, Baldasso 6, Lucarelli ne, Landi 7, Filloy ne, Roberts 12, Thomas 14, Ndzie ne, Parente 9. All. Bechi. <\/span><\/span><\/span><\/p>\n<p align=\"JUSTIFY\"><a href=\"https:\/\/www.romaoggi.eu\/index.php\/2017\/12\/07\/hostaria-edmondo-2\/\"><span style=\"font-family: 'Times New Roman', serif;\"><span style=\"font-size: medium;\"><b>RomaOggi.eu \u2192 Leggi il prossimo articolo <\/b><\/span><\/span><\/a><\/p>\n<p align=\"JUSTIFY\"><span style=\"font-family: 'Times New Roman', serif;\"><span style=\"font-size: medium;\">La Redazione <\/span><\/span><\/p>\n<p align=\"JUSTIFY\"><span style=\"font-family: 'Times New Roman', serif;\"><span style=\"font-size: medium;\">RomaOggi.eu \u201cInteresting news for interesting people\u201d<\/span><\/span><\/p>\n<figure id=\"attachment_12981\" aria-describedby=\"caption-attachment-12981\" style=\"width: 300px\" class=\"wp-caption aligncenter\"><img loading=\"lazy\" decoding=\"async\" class=\"wp-image-12981 size-medium\" src=\"https:\/\/www.romaoggi.eu\/wp-content\/uploads\/2018\/01\/CCW-300x250-SCONTO-5-300x250.jpg\" alt=\"Alt text cinecitt\u00e0 world\" width=\"300\" height=\"250\" \/><figcaption id=\"caption-attachment-12981\" class=\"wp-caption-text\"><a href=\"https:\/\/www.cinecittaworld.it\/\"><strong>Ottieni uno sconto sull&#8217;acquisto dei biglietti! CLICCA QUI<\/strong><\/a><\/figcaption><\/figure>\n","protected":false},"excerpt":{"rendered":"<div class=\"mh-excerpt\"><p>Arriva una sconfitta per la Virtus Roma anche nella seconda trasferta piemontese nella quale gli uomini di coach Bechi devono arrendersi 73-62 alla capolista Casale Monferrato. Dopo tre quarti in equilibrio Roma paga la terza <a class=\"mh-excerpt-more\" href=\"https:\/\/www.romaoggi.eu\/index.php\/2018\/02\/12\/virtus-roma-28\/\" title=\"Virtus Roma sconfitta 73-62 a Casale Monferrato\">[&#8230;]<\/a><\/p>\n<\/div>","protected":false},"author":5,"featured_media":0,"comment_status":"open","ping_status":"open","sticky":false,"template":"","format":"standard","meta":{"_sitemap_exclude":false,"_sitemap_priority":"","_sitemap_frequency":"","footnotes":""},"categories":[5],"tags":[6418,8088,7691,877,159,8217,1644,109,817,1738,634,355,6976],"class_list":["post-13660","post","type-post","status-publish","format-standard","hentry","category-sport","tag-6418","tag-cinecitta-world","tag-hostaria-edmondo","tag-italia","tag-lazio","tag-novipiu-casale-monferrato","tag-regione-lazio","tag-roma","tag-romaoggi","tag-romaoggi-eu","tag-rome","tag-sport","tag-virtus-roma"],"yoast_head":"<!-- This site is optimized with the Yoast SEO plugin v27.5 - https:\/\/yoast.com\/product\/yoast-seo-wordpress\/ -->\n<title>Virtus Roma sconfitta 73-62 a Casale Monferrato<\/title>\n<meta name=\"description\" content=\"Arriva una sconfitta per la Virtus Roma anche nella seconda trasferta piemontese nella quale gli uomini di coach Bechi devono arrendersi 73-62 alla capolista Casale Monferrato. Dopo tre quarti in equilibrio Roma paga la terza partita in sette giorni giocata con le rotazioni estremamente ridotte....\" \/>\n<meta name=\"robots\" content=\"index, follow, max-snippet:-1, max-image-preview:large, max-video-preview:-1\" \/>\n<link rel=\"canonical\" href=\"https:\/\/www.romaoggi.eu\/index.php\/2018\/02\/12\/virtus-roma-28\/\" \/>\n<meta property=\"og:locale\" content=\"it_IT\" \/>\n<meta property=\"og:type\" content=\"article\" \/>\n<meta property=\"og:title\" content=\"Virtus Roma sconfitta 73-62 a Casale Monferrato\" \/>\n<meta property=\"og:description\" content=\"Arriva una sconfitta per la Virtus Roma anche nella seconda trasferta piemontese nella quale gli uomini di coach Bechi devono arrendersi 73-62 alla capolista Casale Monferrato. Dopo tre quarti in equilibrio Roma paga la terza partita in sette giorni giocata con le rotazioni estremamente ridotte....\" \/>\n<meta property=\"og:url\" content=\"https:\/\/www.romaoggi.eu\/index.php\/2018\/02\/12\/virtus-roma-28\/\" \/>\n<meta property=\"og:site_name\" content=\"roma oggi\" \/>\n<meta property=\"article:publisher\" content=\"https:\/\/www.facebook.com\/RomaOggi-841544845954114\" \/>\n<meta property=\"article:published_time\" content=\"2018-02-12T00:54:30+00:00\" \/>\n<meta property=\"og:image\" content=\"http:\/\/www.romaoggi.eu\/wp-content\/uploads\/2018\/01\/CCW-300x250-SCONTO-5-300x250.jpg\" \/>\n<meta name=\"author\" content=\"Flavio\" \/>\n<meta name=\"twitter:card\" content=\"summary_large_image\" \/>\n<meta name=\"twitter:creator\" content=\"@romaoggi_eu\" \/>\n<meta name=\"twitter:site\" content=\"@romaoggi_eu\" \/>\n<meta name=\"twitter:label1\" content=\"Scritto da\" \/>\n\t<meta name=\"twitter:data1\" content=\"Flavio\" \/>\n\t<meta name=\"twitter:label2\" content=\"Tempo di lettura stimato\" \/>\n\t<meta name=\"twitter:data2\" content=\"3 minuti\" \/>\n<script type=\"application\/ld+json\" class=\"yoast-schema-graph\">{\"@context\":\"https:\\\/\\\/schema.org\",\"@graph\":[{\"@type\":\"Article\",\"@id\":\"https:\\\/\\\/www.romaoggi.eu\\\/index.php\\\/2018\\\/02\\\/12\\\/virtus-roma-28\\\/#article\",\"isPartOf\":{\"@id\":\"https:\\\/\\\/www.romaoggi.eu\\\/index.php\\\/2018\\\/02\\\/12\\\/virtus-roma-28\\\/\"},\"author\":{\"name\":\"Flavio\",\"@id\":\"https:\\\/\\\/www.romaoggi.eu\\\/#\\\/schema\\\/person\\\/cc12bfd93370392d7e41d243e47e6681\"},\"headline\":\"Virtus Roma sconfitta 73-62 a Casale Monferrato\",\"datePublished\":\"2018-02-12T00:54:30+00:00\",\"mainEntityOfPage\":{\"@id\":\"https:\\\/\\\/www.romaoggi.eu\\\/index.php\\\/2018\\\/02\\\/12\\\/virtus-roma-28\\\/\"},\"wordCount\":631,\"commentCount\":0,\"publisher\":{\"@id\":\"https:\\\/\\\/www.romaoggi.eu\\\/#organization\"},\"image\":{\"@id\":\"https:\\\/\\\/www.romaoggi.eu\\\/index.php\\\/2018\\\/02\\\/12\\\/virtus-roma-28\\\/#primaryimage\"},\"thumbnailUrl\":\"http:\\\/\\\/www.romaoggi.eu\\\/wp-content\\\/uploads\\\/2018\\\/01\\\/CCW-300x250-SCONTO-5-300x250.jpg\",\"keywords\":[\"2018\",\"Cinecitt\u00e0 World\",\"Hostaria Edmondo\",\"italia\",\"lazio\",\"Novipi\u00f9 Casale Monferrato\",\"Regione Lazio\",\"roma\",\"romaoggi\",\"RomaOggi.eu\",\"rome\",\"sport\",\"Virtus Roma\"],\"articleSection\":[\"Sport\"],\"inLanguage\":\"it-IT\",\"potentialAction\":[{\"@type\":\"CommentAction\",\"name\":\"Comment\",\"target\":[\"https:\\\/\\\/www.romaoggi.eu\\\/index.php\\\/2018\\\/02\\\/12\\\/virtus-roma-28\\\/#respond\"]}]},{\"@type\":\"WebPage\",\"@id\":\"https:\\\/\\\/www.romaoggi.eu\\\/index.php\\\/2018\\\/02\\\/12\\\/virtus-roma-28\\\/\",\"url\":\"https:\\\/\\\/www.romaoggi.eu\\\/index.php\\\/2018\\\/02\\\/12\\\/virtus-roma-28\\\/\",\"name\":\"Virtus Roma sconfitta 73-62 a Casale Monferrato\",\"isPartOf\":{\"@id\":\"https:\\\/\\\/www.romaoggi.eu\\\/#website\"},\"primaryImageOfPage\":{\"@id\":\"https:\\\/\\\/www.romaoggi.eu\\\/index.php\\\/2018\\\/02\\\/12\\\/virtus-roma-28\\\/#primaryimage\"},\"image\":{\"@id\":\"https:\\\/\\\/www.romaoggi.eu\\\/index.php\\\/2018\\\/02\\\/12\\\/virtus-roma-28\\\/#primaryimage\"},\"thumbnailUrl\":\"http:\\\/\\\/www.romaoggi.eu\\\/wp-content\\\/uploads\\\/2018\\\/01\\\/CCW-300x250-SCONTO-5-300x250.jpg\",\"datePublished\":\"2018-02-12T00:54:30+00:00\",\"description\":\"Arriva una sconfitta per la Virtus Roma anche nella seconda trasferta piemontese nella quale gli uomini di coach Bechi devono arrendersi 73-62 alla capolista Casale Monferrato. Dopo tre quarti in equilibrio Roma paga la terza partita in sette giorni giocata con le rotazioni estremamente ridotte....\",\"breadcrumb\":{\"@id\":\"https:\\\/\\\/www.romaoggi.eu\\\/index.php\\\/2018\\\/02\\\/12\\\/virtus-roma-28\\\/#breadcrumb\"},\"inLanguage\":\"it-IT\",\"potentialAction\":[{\"@type\":\"ReadAction\",\"target\":[\"https:\\\/\\\/www.romaoggi.eu\\\/index.php\\\/2018\\\/02\\\/12\\\/virtus-roma-28\\\/\"]}]},{\"@type\":\"ImageObject\",\"inLanguage\":\"it-IT\",\"@id\":\"https:\\\/\\\/www.romaoggi.eu\\\/index.php\\\/2018\\\/02\\\/12\\\/virtus-roma-28\\\/#primaryimage\",\"url\":\"http:\\\/\\\/www.romaoggi.eu\\\/wp-content\\\/uploads\\\/2018\\\/01\\\/CCW-300x250-SCONTO-5-300x250.jpg\",\"contentUrl\":\"http:\\\/\\\/www.romaoggi.eu\\\/wp-content\\\/uploads\\\/2018\\\/01\\\/CCW-300x250-SCONTO-5-300x250.jpg\"},{\"@type\":\"BreadcrumbList\",\"@id\":\"https:\\\/\\\/www.romaoggi.eu\\\/index.php\\\/2018\\\/02\\\/12\\\/virtus-roma-28\\\/#breadcrumb\",\"itemListElement\":[{\"@type\":\"ListItem\",\"position\":1,\"name\":\"Home\",\"item\":\"https:\\\/\\\/www.romaoggi.eu\\\/\"},{\"@type\":\"ListItem\",\"position\":2,\"name\":\"Virtus Roma sconfitta 73-62 a Casale Monferrato\"}]},{\"@type\":\"WebSite\",\"@id\":\"https:\\\/\\\/www.romaoggi.eu\\\/#website\",\"url\":\"https:\\\/\\\/www.romaoggi.eu\\\/\",\"name\":\"roma oggi\",\"description\":\"Interesting News for Interesting people\",\"publisher\":{\"@id\":\"https:\\\/\\\/www.romaoggi.eu\\\/#organization\"},\"potentialAction\":[{\"@type\":\"SearchAction\",\"target\":{\"@type\":\"EntryPoint\",\"urlTemplate\":\"https:\\\/\\\/www.romaoggi.eu\\\/?s={search_term_string}\"},\"query-input\":{\"@type\":\"PropertyValueSpecification\",\"valueRequired\":true,\"valueName\":\"search_term_string\"}}],\"inLanguage\":\"it-IT\"},{\"@type\":\"Organization\",\"@id\":\"https:\\\/\\\/www.romaoggi.eu\\\/#organization\",\"name\":\"RomaOggi\",\"url\":\"https:\\\/\\\/www.romaoggi.eu\\\/\",\"logo\":{\"@type\":\"ImageObject\",\"inLanguage\":\"it-IT\",\"@id\":\"https:\\\/\\\/www.romaoggi.eu\\\/#\\\/schema\\\/logo\\\/image\\\/\",\"url\":\"https:\\\/\\\/www.romaoggi.eu\\\/wp-content\\\/uploads\\\/2017\\\/04\\\/logowp.jpg\",\"contentUrl\":\"https:\\\/\\\/www.romaoggi.eu\\\/wp-content\\\/uploads\\\/2017\\\/04\\\/logowp.jpg\",\"width\":300,\"height\":133,\"caption\":\"RomaOggi\"},\"image\":{\"@id\":\"https:\\\/\\\/www.romaoggi.eu\\\/#\\\/schema\\\/logo\\\/image\\\/\"},\"sameAs\":[\"https:\\\/\\\/www.facebook.com\\\/RomaOggi-841544845954114\",\"https:\\\/\\\/x.com\\\/romaoggi_eu\"]},{\"@type\":\"Person\",\"@id\":\"https:\\\/\\\/www.romaoggi.eu\\\/#\\\/schema\\\/person\\\/cc12bfd93370392d7e41d243e47e6681\",\"name\":\"Flavio\",\"image\":{\"@type\":\"ImageObject\",\"inLanguage\":\"it-IT\",\"@id\":\"https:\\\/\\\/secure.gravatar.com\\\/avatar\\\/7e044ce830ea97853e01500437b37dff4a622b20a194e4d0efe9b67e918f19e5?s=96&d=mm&r=g\",\"url\":\"https:\\\/\\\/secure.gravatar.com\\\/avatar\\\/7e044ce830ea97853e01500437b37dff4a622b20a194e4d0efe9b67e918f19e5?s=96&d=mm&r=g\",\"contentUrl\":\"https:\\\/\\\/secure.gravatar.com\\\/avatar\\\/7e044ce830ea97853e01500437b37dff4a622b20a194e4d0efe9b67e918f19e5?s=96&d=mm&r=g\",\"caption\":\"Flavio\"},\"url\":\"https:\\\/\\\/www.romaoggi.eu\\\/index.php\\\/author\\\/cristiano\\\/\"}]}<\/script>\n<!-- \/ Yoast SEO plugin. -->","yoast_head_json":{"title":"Virtus Roma sconfitta 73-62 a Casale Monferrato","description":"Arriva una sconfitta per la Virtus Roma anche nella seconda trasferta piemontese nella quale gli uomini di coach Bechi devono arrendersi 73-62 alla capolista Casale Monferrato. Dopo tre quarti in equilibrio Roma paga la terza partita in sette giorni giocata con le rotazioni estremamente ridotte....","robots":{"index":"index","follow":"follow","max-snippet":"max-snippet:-1","max-image-preview":"max-image-preview:large","max-video-preview":"max-video-preview:-1"},"canonical":"https:\/\/www.romaoggi.eu\/index.php\/2018\/02\/12\/virtus-roma-28\/","og_locale":"it_IT","og_type":"article","og_title":"Virtus Roma sconfitta 73-62 a Casale Monferrato","og_description":"Arriva una sconfitta per la Virtus Roma anche nella seconda trasferta piemontese nella quale gli uomini di coach Bechi devono arrendersi 73-62 alla capolista Casale Monferrato. Dopo tre quarti in equilibrio Roma paga la terza partita in sette giorni giocata con le rotazioni estremamente ridotte....","og_url":"https:\/\/www.romaoggi.eu\/index.php\/2018\/02\/12\/virtus-roma-28\/","og_site_name":"roma oggi","article_publisher":"https:\/\/www.facebook.com\/RomaOggi-841544845954114","article_published_time":"2018-02-12T00:54:30+00:00","og_image":[{"url":"http:\/\/www.romaoggi.eu\/wp-content\/uploads\/2018\/01\/CCW-300x250-SCONTO-5-300x250.jpg","type":"","width":"","height":""}],"author":"Flavio","twitter_card":"summary_large_image","twitter_creator":"@romaoggi_eu","twitter_site":"@romaoggi_eu","twitter_misc":{"Scritto da":"Flavio","Tempo di lettura stimato":"3 minuti"},"schema":{"@context":"https:\/\/schema.org","@graph":[{"@type":"Article","@id":"https:\/\/www.romaoggi.eu\/index.php\/2018\/02\/12\/virtus-roma-28\/#article","isPartOf":{"@id":"https:\/\/www.romaoggi.eu\/index.php\/2018\/02\/12\/virtus-roma-28\/"},"author":{"name":"Flavio","@id":"https:\/\/www.romaoggi.eu\/#\/schema\/person\/cc12bfd93370392d7e41d243e47e6681"},"headline":"Virtus Roma sconfitta 73-62 a Casale Monferrato","datePublished":"2018-02-12T00:54:30+00:00","mainEntityOfPage":{"@id":"https:\/\/www.romaoggi.eu\/index.php\/2018\/02\/12\/virtus-roma-28\/"},"wordCount":631,"commentCount":0,"publisher":{"@id":"https:\/\/www.romaoggi.eu\/#organization"},"image":{"@id":"https:\/\/www.romaoggi.eu\/index.php\/2018\/02\/12\/virtus-roma-28\/#primaryimage"},"thumbnailUrl":"http:\/\/www.romaoggi.eu\/wp-content\/uploads\/2018\/01\/CCW-300x250-SCONTO-5-300x250.jpg","keywords":["2018","Cinecitt\u00e0 World","Hostaria Edmondo","italia","lazio","Novipi\u00f9 Casale Monferrato","Regione Lazio","roma","romaoggi","RomaOggi.eu","rome","sport","Virtus Roma"],"articleSection":["Sport"],"inLanguage":"it-IT","potentialAction":[{"@type":"CommentAction","name":"Comment","target":["https:\/\/www.romaoggi.eu\/index.php\/2018\/02\/12\/virtus-roma-28\/#respond"]}]},{"@type":"WebPage","@id":"https:\/\/www.romaoggi.eu\/index.php\/2018\/02\/12\/virtus-roma-28\/","url":"https:\/\/www.romaoggi.eu\/index.php\/2018\/02\/12\/virtus-roma-28\/","name":"Virtus Roma sconfitta 73-62 a Casale Monferrato","isPartOf":{"@id":"https:\/\/www.romaoggi.eu\/#website"},"primaryImageOfPage":{"@id":"https:\/\/www.romaoggi.eu\/index.php\/2018\/02\/12\/virtus-roma-28\/#primaryimage"},"image":{"@id":"https:\/\/www.romaoggi.eu\/index.php\/2018\/02\/12\/virtus-roma-28\/#primaryimage"},"thumbnailUrl":"http:\/\/www.romaoggi.eu\/wp-content\/uploads\/2018\/01\/CCW-300x250-SCONTO-5-300x250.jpg","datePublished":"2018-02-12T00:54:30+00:00","description":"Arriva una sconfitta per la Virtus Roma anche nella seconda trasferta piemontese nella quale gli uomini di coach Bechi devono arrendersi 73-62 alla capolista Casale Monferrato. Dopo tre quarti in equilibrio Roma paga la terza partita in sette giorni giocata con le rotazioni estremamente ridotte....","breadcrumb":{"@id":"https:\/\/www.romaoggi.eu\/index.php\/2018\/02\/12\/virtus-roma-28\/#breadcrumb"},"inLanguage":"it-IT","potentialAction":[{"@type":"ReadAction","target":["https:\/\/www.romaoggi.eu\/index.php\/2018\/02\/12\/virtus-roma-28\/"]}]},{"@type":"ImageObject","inLanguage":"it-IT","@id":"https:\/\/www.romaoggi.eu\/index.php\/2018\/02\/12\/virtus-roma-28\/#primaryimage","url":"http:\/\/www.romaoggi.eu\/wp-content\/uploads\/2018\/01\/CCW-300x250-SCONTO-5-300x250.jpg","contentUrl":"http:\/\/www.romaoggi.eu\/wp-content\/uploads\/2018\/01\/CCW-300x250-SCONTO-5-300x250.jpg"},{"@type":"BreadcrumbList","@id":"https:\/\/www.romaoggi.eu\/index.php\/2018\/02\/12\/virtus-roma-28\/#breadcrumb","itemListElement":[{"@type":"ListItem","position":1,"name":"Home","item":"https:\/\/www.romaoggi.eu\/"},{"@type":"ListItem","position":2,"name":"Virtus Roma sconfitta 73-62 a Casale Monferrato"}]},{"@type":"WebSite","@id":"https:\/\/www.romaoggi.eu\/#website","url":"https:\/\/www.romaoggi.eu\/","name":"roma oggi","description":"Interesting News for Interesting people","publisher":{"@id":"https:\/\/www.romaoggi.eu\/#organization"},"potentialAction":[{"@type":"SearchAction","target":{"@type":"EntryPoint","urlTemplate":"https:\/\/www.romaoggi.eu\/?s={search_term_string}"},"query-input":{"@type":"PropertyValueSpecification","valueRequired":true,"valueName":"search_term_string"}}],"inLanguage":"it-IT"},{"@type":"Organization","@id":"https:\/\/www.romaoggi.eu\/#organization","name":"RomaOggi","url":"https:\/\/www.romaoggi.eu\/","logo":{"@type":"ImageObject","inLanguage":"it-IT","@id":"https:\/\/www.romaoggi.eu\/#\/schema\/logo\/image\/","url":"https:\/\/www.romaoggi.eu\/wp-content\/uploads\/2017\/04\/logowp.jpg","contentUrl":"https:\/\/www.romaoggi.eu\/wp-content\/uploads\/2017\/04\/logowp.jpg","width":300,"height":133,"caption":"RomaOggi"},"image":{"@id":"https:\/\/www.romaoggi.eu\/#\/schema\/logo\/image\/"},"sameAs":["https:\/\/www.facebook.com\/RomaOggi-841544845954114","https:\/\/x.com\/romaoggi_eu"]},{"@type":"Person","@id":"https:\/\/www.romaoggi.eu\/#\/schema\/person\/cc12bfd93370392d7e41d243e47e6681","name":"Flavio","image":{"@type":"ImageObject","inLanguage":"it-IT","@id":"https:\/\/secure.gravatar.com\/avatar\/7e044ce830ea97853e01500437b37dff4a622b20a194e4d0efe9b67e918f19e5?s=96&d=mm&r=g","url":"https:\/\/secure.gravatar.com\/avatar\/7e044ce830ea97853e01500437b37dff4a622b20a194e4d0efe9b67e918f19e5?s=96&d=mm&r=g","contentUrl":"https:\/\/secure.gravatar.com\/avatar\/7e044ce830ea97853e01500437b37dff4a622b20a194e4d0efe9b67e918f19e5?s=96&d=mm&r=g","caption":"Flavio"},"url":"https:\/\/www.romaoggi.eu\/index.php\/author\/cristiano\/"}]}},"_links":{"self":[{"href":"https:\/\/www.romaoggi.eu\/index.php\/wp-json\/wp\/v2\/posts\/13660","targetHints":{"allow":["GET"]}}],"collection":[{"href":"https:\/\/www.romaoggi.eu\/index.php\/wp-json\/wp\/v2\/posts"}],"about":[{"href":"https:\/\/www.romaoggi.eu\/index.php\/wp-json\/wp\/v2\/types\/post"}],"author":[{"embeddable":true,"href":"https:\/\/www.romaoggi.eu\/index.php\/wp-json\/wp\/v2\/users\/5"}],"replies":[{"embeddable":true,"href":"https:\/\/www.romaoggi.eu\/index.php\/wp-json\/wp\/v2\/comments?post=13660"}],"version-history":[{"count":1,"href":"https:\/\/www.romaoggi.eu\/index.php\/wp-json\/wp\/v2\/posts\/13660\/revisions"}],"predecessor-version":[{"id":13661,"href":"https:\/\/www.romaoggi.eu\/index.php\/wp-json\/wp\/v2\/posts\/13660\/revisions\/13661"}],"wp:attachment":[{"href":"https:\/\/www.romaoggi.eu\/index.php\/wp-json\/wp\/v2\/media?parent=13660"}],"wp:term":[{"taxonomy":"category","embeddable":true,"href":"https:\/\/www.romaoggi.eu\/index.php\/wp-json\/wp\/v2\/categories?post=13660"},{"taxonomy":"post_tag","embeddable":true,"href":"https:\/\/www.romaoggi.eu\/index.php\/wp-json\/wp\/v2\/tags?post=13660"}],"curies":[{"name":"wp","href":"https:\/\/api.w.org\/{rel}","templated":true}]}}