{"id":13734,"date":"2018-02-16T20:43:38","date_gmt":"2018-02-16T19:43:38","guid":{"rendered":"http:\/\/www.romaoggi.eu\/?p=13734"},"modified":"2018-02-16T20:43:38","modified_gmt":"2018-02-16T19:43:38","slug":"x-actor","status":"publish","type":"post","link":"https:\/\/www.romaoggi.eu\/index.php\/2018\/02\/16\/x-actor\/","title":{"rendered":"X ACTOR: al via la XIII edizione del Festival Teatrale Europeo"},"content":{"rendered":"<p align=\"CENTER\"><span style=\"font-family: Tahoma, serif;\"><span style=\"font-size: medium;\">Comunicato Stampa<\/span><\/span><\/p>\n<p align=\"CENTER\"><span style=\"color: #c00000;\"><span style=\"font-family: Tahoma, serif;\"><span style=\"font-size: xx-large;\"><b>X ACTOR<\/b><\/span><\/span><\/span><\/p>\n<p align=\"CENTER\"><span style=\"font-family: Tahoma, serif;\"><span style=\"font-size: large;\"><b>XIII FESTIVAL TEATRALE EUROPEO<\/b><\/span><\/span><\/p>\n<p align=\"CENTER\"><span style=\"color: #002060;\"><span style=\"font-family: Tahoma, serif;\"><span style=\"font-size: x-large;\"><b>DAL 22 AL 27 FEBBRAIO 2018<\/b><\/span><\/span><\/span><\/p>\n<p align=\"CENTER\"><span style=\"color: #002060;\"><span style=\"font-family: Tahoma, serif;\"><span style=\"font-size: x-large;\"><b>TEATRO ABARICO<\/b><\/span><\/span><\/span><\/p>\n<p align=\"CENTER\"><span style=\"font-family: Tahoma, serif;\"><span style=\"font-size: large;\"><b>Via dei Sabelli 116, Roma<\/b><\/span><\/span><\/p>\n<p align=\"JUSTIFY\"><span style=\"font-family: Tahoma, serif;\">Nel 2005 <\/span><span style=\"font-family: Tahoma, serif;\"><b>L\u2019Accademia Teatrale Europea<\/b><\/span><span style=\"font-family: Tahoma, serif;\">, settore operativo dell\u2019Associazione Culturale \u201cIstituto Teatrale Europeo\u201d, con il Teatro Ab\u0101rico, hanno dato vita a una Festival di rilievo internazionale, che ha visto innumerevoli scambi tra Compagnie ed Accademie europee, alternando spettacoli e seminari, con un grande riscontro di pubblico e critica. Il teatro visto come linguaggio universale, capace di unire mondi e culture diverse sotto il segno dell\u2019arte e della cultura. <\/span><\/p>\n<p align=\"JUSTIFY\"><span style=\"font-family: Tahoma, serif;\">La <\/span><span style=\"font-family: Tahoma, serif;\"><b>XIII edizione del Festival X ACTOR<\/b><\/span><span style=\"font-family: Tahoma, serif;\">, che avr\u00e0 luogo presso il <\/span><span style=\"font-family: Tahoma, serif;\"><b>Teatro Ab\u0101rico<\/b><\/span><span style=\"font-family: Tahoma, serif;\">, nello storico e pittoresco quartiere San Lorenzo, sotto la direzione artistica di <\/span><span style=\"font-family: Tahoma, serif;\"><b>Mariagiovanna Rosati Hansen<\/b><\/span><span style=\"font-family: Tahoma, serif;\">, propone spettacoli d\u2019avanguardia di compagnie italiane ed europee e workshop diretti da artisti di fama internazionale. Saliranno sul palco compagnie italiane, inglesi, tedesche e polacche, quest\u2019ultima presenza ormai costante della kermesse. <\/span><\/p>\n<p align=\"JUSTIFY\"><span style=\"font-family: Tahoma, serif;\">Un ricco programma che avr\u00e0 inizio Gioved\u00ec 22 Febbraio con <\/span><span style=\"font-family: Tahoma, serif;\"><b>DEAR RUTH<\/b><\/span><span style=\"font-family: Tahoma, serif;\"> scritto e diretto da Valentina Tramontana, per proseguire poi il 23 febbraio con il workshop \u201cIL CORPO IN SCENA\u201d con la sapiente guida del Maestro Frank Radueg, per apprendere come un corpo possa diventare un mezzo creativo e di scoperte continua di mille possibilit\u00e0 nascoste. Dalla Polonia arriva alle ore 18,00: <\/span><span style=\"font-family: Tahoma, serif;\"><b>SPID DEJTING<\/b><\/span><span style=\"font-family: Tahoma, serif;\"> di Przemek Kazusek, regia Grzegorz Mr\u00f3wczy\u0144ski; a seguire si torna in Italia con la pi\u00e8ce <\/span><span style=\"font-family: Tahoma, serif;\"><b>PANNICHYS<\/b><\/span><span style=\"font-family: Tahoma, serif;\"> di Helena Hansen, regia di Mariagiovanna Rosati Hansen. <\/span><\/p>\n<p align=\"JUSTIFY\"><span style=\"font-family: Tahoma, serif;\">Il 24 febbraio, alle 11,00, \u00e8 la volta del workshop \u201cMOVIMENTO LIBERO\u201d con Umberto Bianchi: un attore \u00e8 creatore della sua interpretazione ed il suo corpo strumento della sua creazione\u2026quante cose pu\u00f2 permettersi di esprimere in scena? Nel pomeriggio, alle 17,30, una rappresentazione dedicata ai pi\u00f9 piccoli con l\u2019intramontabile \u201c<\/span><span style=\"font-family: Tahoma, serif;\"><b>PINOCCHIO<\/b><\/span><span style=\"font-family: Tahoma, serif;\">\u201d, regia di Caterina Mannello; conclude la giornata, alle 20,30, una compagnia inglese con \u201c<\/span><span style=\"font-family: Tahoma, serif;\"><b>GOETHE + CHRISTIANE<\/b><\/span><span style=\"font-family: Tahoma, serif;\">\u201d di Joseph Prestwich. Il 25 Febbraio, sempre alle ore 11,00, si terr\u00e0 il workshop \u201cMETODO HANSEN\u201d con Mariagiovanna Rosati Hansen: una difficolt\u00e0 per un attore \u00e8 quella di dover trovare ogni volta l\u2019intonazione funzionale alla battuta, il Metodo Hansen, conosciuto ormai in tutto il mondo occidentale, diventa un aiuto indispensabile; il pomeriggio, alle 17,30, sar\u00e0 ancora una volta dedicato ai bambini con \u201c<\/span><span style=\"font-family: Tahoma, serif;\"><b>A MEZZANOTTE\u201d<\/b><\/span><span style=\"font-family: Tahoma, serif;\"> di Monica Grant. In serata, alle 20,30, dalla Germania arriva \u201c<\/span><span style=\"font-family: Tahoma, serif;\"><b>DIE M\u1fb9DCHEN<\/b><\/span><span style=\"font-family: Tahoma, serif;\">\u201d, regia di Frank RAD\u00dcG. <\/span><\/p>\n<p align=\"JUSTIFY\"><span style=\"font-family: Tahoma, serif;\">Il 26 febbraio, la mattina, sar\u00e0 la volta di una \u201c<\/span><span style=\"font-family: Tahoma, serif;\"><b>GITA NELLA ROMA \u2026.ALTERNATIVA<\/b><\/span><span style=\"font-family: Tahoma, serif;\">\u201d, seguito, nel primo pomeriggio, dal workshop \u201cL\u2019ESPRESSIONE TEATRALE\u201d con Clif Imperato: dall\u2019improvvisazione aperta a quella guidata per trovare la strada verso la libert\u00e0 d\u2019espressione attoriale senza rifugiarsi nella mera re-citazione. In serata, alle 20,30, l\u2019ultimo spettacolo in programma: \u201c<\/span><span style=\"font-family: Tahoma, serif;\"><b>CHIARA E FLAVIO<\/b><\/span><span style=\"font-family: Tahoma, serif;\">\u201d con la regia di Umberto Bianchi. <\/span><\/p>\n<p><span style=\"font-family: Tahoma, serif;\"><b>MARIAGIOVANNA ROSATI HANSEN <\/b><\/span><\/p>\n<p align=\"JUSTIFY\"><span style=\"font-family: Tahoma, serif;\">Attrice, Regista, Art Theatre Counselor, si \u00e8 formata giovanissima sotto l\u2019insegnamento dei Maestri della Scuola di Londra, quali Peter Brook, J. Gielgud, JertzjGrotowskj. Ha fatto parte delle Compagnie \u201cShakespeare\u2019stheatre\u201d e \u201cYoung Artists\u201d con le quali ha iniziato quel lavoro di ricerca teatrale che ha poi proseguito in Francia con Marcel Marceau ed in Italia con Paolo Grassi del Piccolo Teatro di Milano e presso \u201cl\u2019Acting Studio\u201d. Con Susan Strasberg, Eugenio Barba, RoyBosier, Augusto Boal ed altri. <\/span><\/p>\n<p align=\"JUSTIFY\"><span style=\"font-family: Tahoma, serif;\">Arte teatro terapeuta ha conseguito il Diploma Europeo di Master Gestalt Counseling presso l\u2019A.S.P.I.C. di Roma ed \u00e8 operativa come Art Theatre Counselor in Teatro e Comunicazione e P.N.L. Ha elaborato un metodo integrato di insegnamento (Metodo Hansen\u00ae) dell\u2019Arte dell\u2019Attore applicato allo studio della Psicologia e all\u2019Arte teatrale. Ha collaborato come docente all\u2019Universit\u00e0 di Tor Vergata e tutt\u2019ora insegna in Italia con l\u2019Istituto Teatrale Europeo, in Francia, Polonia , Inghilterra, Spagna, negli USA e in Argentina.<\/span><\/p>\n<p align=\"JUSTIFY\"><span style=\"font-family: Tahoma, serif;\">Dirige dal 1979, l\u2019ACCADEMIA DELLE ARTI TERAPIE ESPRESSIVE\u00ae del ISTITUTO TEATRALE EUROPEO di Roma (accreditato dal Ministero della Pubblica Istruzione). <\/span><\/p>\n<p align=\"CENTER\">\n<p align=\"CENTER\"><span style=\"font-family: Tahoma, serif;\"><span style=\"font-size: large;\"><b>PROGRAMMA FESTIVAL XACTOR &#8211; XIII EDIZIONE <\/b><\/span><\/span><\/p>\n<p><span style=\"font-family: Tahoma, serif;\"><b>GIOVEDI\u2019 22 FEBBRAIO <\/b><\/span><\/p>\n<p><span style=\"font-family: Tahoma, serif;\">20,00 Cocktail di Benvenuto<\/span><\/p>\n<p><span style=\"font-family: Tahoma, serif;\">20,30 <\/span><span style=\"color: #c00000;\"><span style=\"font-family: Tahoma, serif;\"><b>DEAR RUTH scritto e diretto da Valentina Tramontana<\/b><\/span><\/span><\/p>\n<p><span style=\"color: #002060;\"><span style=\"font-family: Tahoma, serif;\">(spettacolo in lingua originale)<\/span><\/span><\/p>\n<p><span style=\"font-family: Tahoma, serif;\"><b>VENERDI\u2019 23 FEBBRAIO<\/b><\/span><\/p>\n<p><span style=\"font-family: Tahoma, serif;\">11,00 <\/span><span style=\"color: #538135;\"><span style=\"font-family: Tahoma, serif;\"><b>WORKSHOP \u201cIL CORPO IN SCENA\u201d con FRANK RADUEG <\/b><\/span><\/span><\/p>\n<p><span style=\"font-family: Tahoma, serif;\">18,00<\/span><span style=\"font-family: Tahoma, serif;\"><b> POLONIA: <\/b><\/span><span style=\"color: #c00000;\"><span style=\"font-family: Tahoma, serif;\"><b>SPID DEJTING di Przemek Kazusek &#8211; regia Grzegorz Mr\u00f3wczy\u0144ski <\/b><\/span><\/span><span style=\"color: #002060;\"><span style=\"font-family: Tahoma, serif;\">(spettacolo in lingua originale)<\/span><\/span><\/p>\n<p><span style=\"font-family: Tahoma, serif;\">20,30<\/span><span style=\"font-family: Tahoma, serif;\"><b> ITALIA<\/b><\/span><span style=\"font-family: Tahoma, serif;\">: <\/span><span style=\"color: #c00000;\"><span style=\"font-family: Tahoma, serif;\"><b>PANNICHYS di Helena Hansen &#8211; regia M.G. Rosati Hansen<\/b><\/span><\/span><\/p>\n<p><span style=\"font-family: Tahoma, serif;\"><b>SABATO 24 FEBBRAIO<\/b><\/span><\/p>\n<p><a name=\"_Hlk498616488\"><\/a><a name=\"_Hlk503782675\"><\/a> <span style=\"font-family: Tahoma, serif;\">11,00 <\/span><span style=\"color: #538135;\"><span style=\"font-family: Tahoma, serif;\"><b>WORKSHOP \u201cMOVIMENTO LIBERO\u201d con UMBERTO BIANCHI<\/b><\/span><\/span><\/p>\n<p><a name=\"_Hlk503782329\"><\/a><a name=\"_Hlk503782357\"><\/a> <span style=\"font-family: Tahoma, serif;\">17,30 <\/span><span style=\"color: #c00000;\"><span style=\"font-family: Tahoma, serif;\"><b>PINOCCHIO regia di Caterina Mannello <\/b><\/span><\/span><span style=\"font-family: Tahoma, serif;\">(spettacolo per bambini)<\/span><\/p>\n<p><span style=\"font-family: Tahoma, serif;\">20,30<\/span><span style=\"font-family: Tahoma, serif;\"><b> INGHILTERRA: <\/b><\/span><span style=\"color: #c00000;\"><span style=\"font-family: Tahoma, serif;\"><b>GOETHE+ CHRISTIANE di Joseph Prestwich &#8211; regia collettiva <\/b><\/span><\/span><span style=\"font-family: Tahoma, serif;\">(spettacolo in lingua originale)<\/span><\/p>\n<p><span style=\"font-family: Tahoma, serif;\"><b>DOMENICA 25 FEBBRAIO<\/b><\/span><\/p>\n<p><a name=\"_Hlk503782793\"><\/a><a name=\"_Hlk493748834\"><\/a> <span style=\"font-family: Tahoma, serif;\">11,00 <\/span><span style=\"color: #538135;\"><span style=\"font-family: Tahoma, serif;\"><b>WORKSHOP \u201cMETODO HANSEN\u201d con MARIAGIOVANNA ROSATI HANSEN <\/b><\/span><\/span><\/p>\n<p><span style=\"font-family: Tahoma, serif;\">17,30 <\/span><span style=\"color: #c00000;\"><span style=\"font-family: Tahoma, serif;\"><b>A MEZZANOTTE di Monica Grant <\/b><\/span><\/span><span style=\"font-family: Tahoma, serif;\">(spettacolo per bambini)<\/span><\/p>\n<p><a name=\"_Hlk503095942\"><\/a> <span style=\"font-family: Tahoma, serif;\">20,30 <\/span><span style=\"font-family: Tahoma, serif;\"><b>GERMANIA: <\/b><\/span><span style=\"color: #c00000;\"><span style=\"font-family: Tahoma, serif;\"><b>DIE M\u1fb9DCHEN regia di FRANK RAD\u00dcG <\/b><\/span><\/span><\/p>\n<p><span style=\"color: #002060;\"><span style=\"font-family: Tahoma, serif;\">(spettacolo in lingua originale)<\/span><\/span><\/p>\n<p><span style=\"font-family: Tahoma, serif;\"><b>LUNEDI\u2019 26 FEBBRAIO <\/b><\/span><\/p>\n<p><a name=\"_GoBack\"><\/a> <span style=\"font-family: Tahoma, serif;\">Mattina <\/span><span style=\"color: #c00000;\"><span style=\"font-family: Tahoma, serif;\"><b>GITA NELLA ROMA \u2026.ALTERNATIVA<\/b><\/span><\/span><\/p>\n<p><span style=\"font-family: Tahoma, serif;\">15,30 <\/span><span style=\"color: #538135;\"><span style=\"font-family: Tahoma, serif;\"><b>WORKSHOP \u201cL\u2019ESPRESSIONE TEATRALE\u201d con CLIF IMPERATO <\/b><\/span><\/span><\/p>\n<p><span style=\"font-family: Tahoma, serif;\">20,30<\/span><span style=\"font-family: Tahoma, serif;\"><b> ITALIA<\/b><\/span> <span style=\"color: #c00000;\"><span style=\"font-family: Tahoma, serif;\"><b>\u201cCHIARA E FLAVIO\u201d regia di Umberto Bianchi<\/b><\/span><\/span><\/p>\n<p><span style=\"font-family: Tahoma, serif;\">A seguire<\/span><span style=\"font-family: Tahoma, serif;\"><b> SALUTI FINALI CON MUSICA E BUFFET<\/b><\/span><\/p>\n<p align=\"CENTER\"><span style=\"font-family: Tahoma, serif;\"><span style=\"font-size: medium;\"><b>Biglietto intero per ogni spettacolo: <\/b><\/span><\/span><\/p>\n<p align=\"CENTER\">\u20ac <span style=\"font-family: Tahoma, serif;\"><span style=\"font-size: medium;\">10,00+ \u20ac 1,00 Tessera Associativa<\/span><\/span><\/p>\n<p align=\"CENTER\"><span style=\"font-family: Tahoma, serif;\"><span style=\"font-size: medium;\"><b>Biglietto per ciascun workshop: <\/b><\/span><\/span><\/p>\n<p align=\"CENTER\">\u20ac <span style=\"font-family: Tahoma, serif;\"><span style=\"font-size: medium;\">25,00 (massimo 10 allievi)<\/span><\/span><\/p>\n<p align=\"CENTER\"><span style=\"font-family: Tahoma, serif;\"><span style=\"font-size: medium;\"><b>CONVENZIONI:<\/b><\/span><\/span><\/p>\n<p align=\"CENTER\"><span style=\"font-family: Tahoma, serif;\"><span style=\"font-size: medium;\">Abbonamento Festival (Workshops + spettacoli): \u20ac 99,00 + 1 di tessera anzich\u00e9 \u20ac 180,00<\/span><\/span><\/p>\n<p align=\"CENTER\"><span style=\"font-family: Tahoma, serif;\"><span style=\"font-size: medium;\">Abbonamento a tutti gli spettacoli (8 spettacoli pomeridiani e serali): \u20ac 55,00 anzich\u00e9 \u20ac80,00<\/span><\/span><\/p>\n<p align=\"CENTER\"><span style=\"font-family: Tahoma, serif;\"><span style=\"font-size: medium;\">Abbonamento a tutti i workshops: \u20ac 60,00 anzich\u00e9 \u20ac 100,00 <\/span><\/span><\/p>\n<p align=\"CENTER\"><span style=\"font-family: Tahoma, serif;\"><span style=\"font-size: medium;\">Biglietto per 3 spettacoli a scelta: \u20ac 25,00 anzich\u00e9 \u20ac 30,00<\/span><\/span><\/p>\n<p align=\"CENTER\"><span style=\"font-family: Tahoma, serif;\"><span style=\"font-size: medium;\">Biglietto 3 spettacoli + 3 workshops: \u20ac 80,00 anzich\u00e9 \u20ac 105,00<\/span><\/span><\/p>\n<p align=\"CENTER\"><span style=\"font-family: Tahoma, serif;\"><span style=\"font-size: medium;\"><b>Informazioni &amp;Prenotazioni: <\/b><\/span><\/span><\/p>\n<p align=\"CENTER\"><span style=\"font-family: Tahoma, serif;\"><span style=\"font-size: medium;\">Tel. 0698932488 \u2013 3485483107 <\/span><\/span><\/p>\n<p align=\"CENTER\"><span style=\"font-family: Tahoma, serif;\"><span style=\"font-size: medium;\">Apertura segreteria da luned\u00ec a venerd\u00ec dalle 10 alle 14. <\/span><\/span><\/p>\n<p align=\"CENTER\"><span style=\"font-family: Tahoma, serif;\"><span style=\"font-size: medium;\">Apertura pomeridiana luned\u00ec-marted\u00ec-mercoled\u00ec dalle 15 alle 18<\/span><\/span><\/p>\n<p align=\"CENTER\"><span style=\"font-family: Tahoma, serif;\"><span style=\"font-size: medium;\"><b>Web Site<\/b><\/span><\/span><\/p>\n<p align=\"CENTER\"><a href=\"http:\/\/www.istitutoteatraleuropeo.it\/\"><span style=\"font-family: Tahoma, serif;\"><span style=\"font-size: medium;\">http:\/\/www.istitutoteatraleuropeo.it\/<\/span><\/span><\/a><\/p>\n<p align=\"CENTER\"><span style=\"font-family: Tahoma, serif;\"><span style=\"font-size: medium;\"><b>Ufficio Stampa<\/b><\/span><\/span><\/p>\n<p align=\"CENTER\"><span style=\"font-family: Tahoma, serif;\"><span style=\"font-size: medium;\">Alma Daddario &amp; Nicoletta Chiorri<\/span><\/span><\/p>\n<p align=\"CENTER\"><span style=\"font-family: Tahoma, serif;\"><span style=\"font-size: medium;\">347 2101290 \u2013 338 4030991<\/span><\/span><\/p>\n<p align=\"CENTER\"><a href=\"mailto:segreteria@eventsandevents.it\"><span style=\"font-family: Tahoma, serif;\"><span style=\"font-size: medium;\">segreteria@eventsandevents.it<\/span><\/span><\/a><\/p>\n<p align=\"JUSTIFY\"><a href=\"https:\/\/www.romaoggi.eu\/index.php\/2017\/12\/07\/hostaria-edmondo-2\/\"><span style=\"font-family: 'Times New Roman', serif;\"><span style=\"font-size: medium;\"><b>RomaOggi.eu \u2192 Leggi il prossimo articolo <\/b><\/span><\/span><\/a><\/p>\n<p align=\"JUSTIFY\"><span style=\"font-family: 'Times New Roman', serif;\"><span style=\"font-size: medium;\">La Redazione <\/span><\/span><\/p>\n<p align=\"JUSTIFY\"><span style=\"font-family: 'Times New Roman', serif;\"><span style=\"font-size: medium;\">RomaOggi.eu \u201cInteresting news for interesting people\u201d<\/span><\/span><\/p>\n<figure id=\"attachment_12981\" aria-describedby=\"caption-attachment-12981\" style=\"width: 300px\" class=\"wp-caption aligncenter\"><img loading=\"lazy\" decoding=\"async\" class=\"wp-image-12981 size-full\" src=\"https:\/\/www.romaoggi.eu\/wp-content\/uploads\/2018\/01\/CCW-300x250-SCONTO-5.jpg\" alt=\"Alt text cinecitt\u00e0 world\" width=\"300\" height=\"250\" \/><figcaption id=\"caption-attachment-12981\" class=\"wp-caption-text\"><a href=\"https:\/\/www.cinecittaworld.it\/Vendita\/Biglietti-e-prezzi?Coupon=ROMAOGGI&amp;Adulti=2&amp;Ridotti=0\"><strong>Ottieni uno sconto sull&#8217;acquisto dei biglietti! CLICCA QUI<\/strong><\/a><\/figcaption><\/figure>\n","protected":false},"excerpt":{"rendered":"<div class=\"mh-excerpt\"><p>Comunicato Stampa X ACTOR XIII FESTIVAL TEATRALE EUROPEO DAL 22 AL 27 FEBBRAIO 2018 TEATRO ABARICO Via dei Sabelli 116, Roma Nel 2005 L\u2019Accademia Teatrale Europea, settore operativo dell\u2019Associazione Culturale \u201cIstituto Teatrale Europeo\u201d, con il <a class=\"mh-excerpt-more\" href=\"https:\/\/www.romaoggi.eu\/index.php\/2018\/02\/16\/x-actor\/\" title=\"X ACTOR: al via la XIII edizione del Festival Teatrale Europeo\">[&#8230;]<\/a><\/p>\n<\/div>","protected":false},"author":5,"featured_media":13735,"comment_status":"open","ping_status":"open","sticky":false,"template":"","format":"standard","meta":{"_sitemap_exclude":false,"_sitemap_priority":"","_sitemap_frequency":"","footnotes":""},"categories":[4281],"tags":[6418,8088,26,7691,877,159,109,817,1738,634,85,9334,9333],"class_list":["post-13734","post","type-post","status-publish","format-standard","has-post-thumbnail","hentry","category-teatro","tag-6418","tag-cinecitta-world","tag-cristiano-morelli","tag-hostaria-edmondo","tag-italia","tag-lazio","tag-roma","tag-romaoggi","tag-romaoggi-eu","tag-rome","tag-teatro","tag-teatro-abarico","tag-x-actor"],"yoast_head":"<!-- This site is optimized with the Yoast SEO plugin v27.5 - https:\/\/yoast.com\/product\/yoast-seo-wordpress\/ -->\n<title>X ACTOR: al via la XIII edizione del Festival Teatrale Europeo<\/title>\n<meta name=\"description\" content=\"Nel 2005 L\u2019Accademia Teatrale Europea, settore operativo dell\u2019Associazione Culturale \u201cIstituto Teatrale Europeo\u201d, con il Teatro Ab\u0101rico, hanno dato vita a una Festival di rilievo internazionale, che ha visto innumerevoli scambi tra Compagnie ed Accademie europee, alternando spettacoli e seminari, con....\" \/>\n<meta name=\"robots\" content=\"index, follow, max-snippet:-1, max-image-preview:large, max-video-preview:-1\" \/>\n<link rel=\"canonical\" href=\"https:\/\/www.romaoggi.eu\/index.php\/2018\/02\/16\/x-actor\/\" \/>\n<meta property=\"og:locale\" content=\"it_IT\" \/>\n<meta property=\"og:type\" content=\"article\" \/>\n<meta property=\"og:title\" content=\"X ACTOR: al via la XIII edizione del Festival Teatrale Europeo\" \/>\n<meta property=\"og:description\" content=\"Nel 2005 L\u2019Accademia Teatrale Europea, settore operativo dell\u2019Associazione Culturale \u201cIstituto Teatrale Europeo\u201d, con il Teatro Ab\u0101rico, hanno dato vita a una Festival di rilievo internazionale, che ha visto innumerevoli scambi tra Compagnie ed Accademie europee, alternando spettacoli e seminari, con....\" \/>\n<meta property=\"og:url\" content=\"https:\/\/www.romaoggi.eu\/index.php\/2018\/02\/16\/x-actor\/\" \/>\n<meta property=\"og:site_name\" content=\"roma oggi\" \/>\n<meta property=\"article:publisher\" content=\"https:\/\/www.facebook.com\/RomaOggi-841544845954114\" \/>\n<meta property=\"article:published_time\" content=\"2018-02-16T19:43:38+00:00\" \/>\n<meta property=\"og:image\" content=\"https:\/\/www.romaoggi.eu\/wp-content\/uploads\/2018\/02\/locandina2018.jpg\" \/>\n\t<meta property=\"og:image:width\" content=\"1461\" \/>\n\t<meta property=\"og:image:height\" content=\"2087\" \/>\n\t<meta property=\"og:image:type\" content=\"image\/jpeg\" \/>\n<meta name=\"author\" content=\"Flavio\" \/>\n<meta name=\"twitter:card\" content=\"summary_large_image\" \/>\n<meta name=\"twitter:creator\" content=\"@romaoggi_eu\" \/>\n<meta name=\"twitter:site\" content=\"@romaoggi_eu\" \/>\n<meta name=\"twitter:label1\" content=\"Scritto da\" \/>\n\t<meta name=\"twitter:data1\" content=\"Flavio\" \/>\n\t<meta name=\"twitter:label2\" content=\"Tempo di lettura stimato\" \/>\n\t<meta name=\"twitter:data2\" content=\"4 minuti\" \/>\n<script type=\"application\/ld+json\" class=\"yoast-schema-graph\">{\"@context\":\"https:\\\/\\\/schema.org\",\"@graph\":[{\"@type\":\"Article\",\"@id\":\"https:\\\/\\\/www.romaoggi.eu\\\/index.php\\\/2018\\\/02\\\/16\\\/x-actor\\\/#article\",\"isPartOf\":{\"@id\":\"https:\\\/\\\/www.romaoggi.eu\\\/index.php\\\/2018\\\/02\\\/16\\\/x-actor\\\/\"},\"author\":{\"name\":\"Flavio\",\"@id\":\"https:\\\/\\\/www.romaoggi.eu\\\/#\\\/schema\\\/person\\\/cc12bfd93370392d7e41d243e47e6681\"},\"headline\":\"X ACTOR: al via la XIII edizione del Festival Teatrale Europeo\",\"datePublished\":\"2018-02-16T19:43:38+00:00\",\"mainEntityOfPage\":{\"@id\":\"https:\\\/\\\/www.romaoggi.eu\\\/index.php\\\/2018\\\/02\\\/16\\\/x-actor\\\/\"},\"wordCount\":902,\"commentCount\":0,\"publisher\":{\"@id\":\"https:\\\/\\\/www.romaoggi.eu\\\/#organization\"},\"image\":{\"@id\":\"https:\\\/\\\/www.romaoggi.eu\\\/index.php\\\/2018\\\/02\\\/16\\\/x-actor\\\/#primaryimage\"},\"thumbnailUrl\":\"https:\\\/\\\/www.romaoggi.eu\\\/wp-content\\\/uploads\\\/2018\\\/02\\\/locandina2018.jpg\",\"keywords\":[\"2018\",\"Cinecitt\u00e0 World\",\"cristiano morelli\",\"Hostaria Edmondo\",\"italia\",\"lazio\",\"roma\",\"romaoggi\",\"RomaOggi.eu\",\"rome\",\"teatro\",\"TEATRO ABARICO\",\"X ACTOR\"],\"articleSection\":[\"teatro\"],\"inLanguage\":\"it-IT\",\"potentialAction\":[{\"@type\":\"CommentAction\",\"name\":\"Comment\",\"target\":[\"https:\\\/\\\/www.romaoggi.eu\\\/index.php\\\/2018\\\/02\\\/16\\\/x-actor\\\/#respond\"]}]},{\"@type\":\"WebPage\",\"@id\":\"https:\\\/\\\/www.romaoggi.eu\\\/index.php\\\/2018\\\/02\\\/16\\\/x-actor\\\/\",\"url\":\"https:\\\/\\\/www.romaoggi.eu\\\/index.php\\\/2018\\\/02\\\/16\\\/x-actor\\\/\",\"name\":\"X ACTOR: al via la XIII edizione del Festival Teatrale Europeo\",\"isPartOf\":{\"@id\":\"https:\\\/\\\/www.romaoggi.eu\\\/#website\"},\"primaryImageOfPage\":{\"@id\":\"https:\\\/\\\/www.romaoggi.eu\\\/index.php\\\/2018\\\/02\\\/16\\\/x-actor\\\/#primaryimage\"},\"image\":{\"@id\":\"https:\\\/\\\/www.romaoggi.eu\\\/index.php\\\/2018\\\/02\\\/16\\\/x-actor\\\/#primaryimage\"},\"thumbnailUrl\":\"https:\\\/\\\/www.romaoggi.eu\\\/wp-content\\\/uploads\\\/2018\\\/02\\\/locandina2018.jpg\",\"datePublished\":\"2018-02-16T19:43:38+00:00\",\"description\":\"Nel 2005 L\u2019Accademia Teatrale Europea, settore operativo dell\u2019Associazione Culturale \u201cIstituto Teatrale Europeo\u201d, con il Teatro Ab\u0101rico, hanno dato vita a una Festival di rilievo internazionale, che ha visto innumerevoli scambi tra Compagnie ed Accademie europee, alternando spettacoli e seminari, con....\",\"breadcrumb\":{\"@id\":\"https:\\\/\\\/www.romaoggi.eu\\\/index.php\\\/2018\\\/02\\\/16\\\/x-actor\\\/#breadcrumb\"},\"inLanguage\":\"it-IT\",\"potentialAction\":[{\"@type\":\"ReadAction\",\"target\":[\"https:\\\/\\\/www.romaoggi.eu\\\/index.php\\\/2018\\\/02\\\/16\\\/x-actor\\\/\"]}]},{\"@type\":\"ImageObject\",\"inLanguage\":\"it-IT\",\"@id\":\"https:\\\/\\\/www.romaoggi.eu\\\/index.php\\\/2018\\\/02\\\/16\\\/x-actor\\\/#primaryimage\",\"url\":\"https:\\\/\\\/www.romaoggi.eu\\\/wp-content\\\/uploads\\\/2018\\\/02\\\/locandina2018.jpg\",\"contentUrl\":\"https:\\\/\\\/www.romaoggi.eu\\\/wp-content\\\/uploads\\\/2018\\\/02\\\/locandina2018.jpg\",\"width\":1461,\"height\":2087},{\"@type\":\"BreadcrumbList\",\"@id\":\"https:\\\/\\\/www.romaoggi.eu\\\/index.php\\\/2018\\\/02\\\/16\\\/x-actor\\\/#breadcrumb\",\"itemListElement\":[{\"@type\":\"ListItem\",\"position\":1,\"name\":\"Home\",\"item\":\"https:\\\/\\\/www.romaoggi.eu\\\/\"},{\"@type\":\"ListItem\",\"position\":2,\"name\":\"X ACTOR: al via la XIII edizione del Festival Teatrale Europeo\"}]},{\"@type\":\"WebSite\",\"@id\":\"https:\\\/\\\/www.romaoggi.eu\\\/#website\",\"url\":\"https:\\\/\\\/www.romaoggi.eu\\\/\",\"name\":\"roma oggi\",\"description\":\"Interesting News for Interesting people\",\"publisher\":{\"@id\":\"https:\\\/\\\/www.romaoggi.eu\\\/#organization\"},\"potentialAction\":[{\"@type\":\"SearchAction\",\"target\":{\"@type\":\"EntryPoint\",\"urlTemplate\":\"https:\\\/\\\/www.romaoggi.eu\\\/?s={search_term_string}\"},\"query-input\":{\"@type\":\"PropertyValueSpecification\",\"valueRequired\":true,\"valueName\":\"search_term_string\"}}],\"inLanguage\":\"it-IT\"},{\"@type\":\"Organization\",\"@id\":\"https:\\\/\\\/www.romaoggi.eu\\\/#organization\",\"name\":\"RomaOggi\",\"url\":\"https:\\\/\\\/www.romaoggi.eu\\\/\",\"logo\":{\"@type\":\"ImageObject\",\"inLanguage\":\"it-IT\",\"@id\":\"https:\\\/\\\/www.romaoggi.eu\\\/#\\\/schema\\\/logo\\\/image\\\/\",\"url\":\"https:\\\/\\\/www.romaoggi.eu\\\/wp-content\\\/uploads\\\/2017\\\/04\\\/logowp.jpg\",\"contentUrl\":\"https:\\\/\\\/www.romaoggi.eu\\\/wp-content\\\/uploads\\\/2017\\\/04\\\/logowp.jpg\",\"width\":300,\"height\":133,\"caption\":\"RomaOggi\"},\"image\":{\"@id\":\"https:\\\/\\\/www.romaoggi.eu\\\/#\\\/schema\\\/logo\\\/image\\\/\"},\"sameAs\":[\"https:\\\/\\\/www.facebook.com\\\/RomaOggi-841544845954114\",\"https:\\\/\\\/x.com\\\/romaoggi_eu\"]},{\"@type\":\"Person\",\"@id\":\"https:\\\/\\\/www.romaoggi.eu\\\/#\\\/schema\\\/person\\\/cc12bfd93370392d7e41d243e47e6681\",\"name\":\"Flavio\",\"image\":{\"@type\":\"ImageObject\",\"inLanguage\":\"it-IT\",\"@id\":\"https:\\\/\\\/secure.gravatar.com\\\/avatar\\\/7e044ce830ea97853e01500437b37dff4a622b20a194e4d0efe9b67e918f19e5?s=96&d=mm&r=g\",\"url\":\"https:\\\/\\\/secure.gravatar.com\\\/avatar\\\/7e044ce830ea97853e01500437b37dff4a622b20a194e4d0efe9b67e918f19e5?s=96&d=mm&r=g\",\"contentUrl\":\"https:\\\/\\\/secure.gravatar.com\\\/avatar\\\/7e044ce830ea97853e01500437b37dff4a622b20a194e4d0efe9b67e918f19e5?s=96&d=mm&r=g\",\"caption\":\"Flavio\"},\"url\":\"https:\\\/\\\/www.romaoggi.eu\\\/index.php\\\/author\\\/cristiano\\\/\"}]}<\/script>\n<!-- \/ Yoast SEO plugin. -->","yoast_head_json":{"title":"X ACTOR: al via la XIII edizione del Festival Teatrale Europeo","description":"Nel 2005 L\u2019Accademia Teatrale Europea, settore operativo dell\u2019Associazione Culturale \u201cIstituto Teatrale Europeo\u201d, con il Teatro Ab\u0101rico, hanno dato vita a una Festival di rilievo internazionale, che ha visto innumerevoli scambi tra Compagnie ed Accademie europee, alternando spettacoli e seminari, con....","robots":{"index":"index","follow":"follow","max-snippet":"max-snippet:-1","max-image-preview":"max-image-preview:large","max-video-preview":"max-video-preview:-1"},"canonical":"https:\/\/www.romaoggi.eu\/index.php\/2018\/02\/16\/x-actor\/","og_locale":"it_IT","og_type":"article","og_title":"X ACTOR: al via la XIII edizione del Festival Teatrale Europeo","og_description":"Nel 2005 L\u2019Accademia Teatrale Europea, settore operativo dell\u2019Associazione Culturale \u201cIstituto Teatrale Europeo\u201d, con il Teatro Ab\u0101rico, hanno dato vita a una Festival di rilievo internazionale, che ha visto innumerevoli scambi tra Compagnie ed Accademie europee, alternando spettacoli e seminari, con....","og_url":"https:\/\/www.romaoggi.eu\/index.php\/2018\/02\/16\/x-actor\/","og_site_name":"roma oggi","article_publisher":"https:\/\/www.facebook.com\/RomaOggi-841544845954114","article_published_time":"2018-02-16T19:43:38+00:00","og_image":[{"width":1461,"height":2087,"url":"https:\/\/www.romaoggi.eu\/wp-content\/uploads\/2018\/02\/locandina2018.jpg","type":"image\/jpeg"}],"author":"Flavio","twitter_card":"summary_large_image","twitter_creator":"@romaoggi_eu","twitter_site":"@romaoggi_eu","twitter_misc":{"Scritto da":"Flavio","Tempo di lettura stimato":"4 minuti"},"schema":{"@context":"https:\/\/schema.org","@graph":[{"@type":"Article","@id":"https:\/\/www.romaoggi.eu\/index.php\/2018\/02\/16\/x-actor\/#article","isPartOf":{"@id":"https:\/\/www.romaoggi.eu\/index.php\/2018\/02\/16\/x-actor\/"},"author":{"name":"Flavio","@id":"https:\/\/www.romaoggi.eu\/#\/schema\/person\/cc12bfd93370392d7e41d243e47e6681"},"headline":"X ACTOR: al via la XIII edizione del Festival Teatrale Europeo","datePublished":"2018-02-16T19:43:38+00:00","mainEntityOfPage":{"@id":"https:\/\/www.romaoggi.eu\/index.php\/2018\/02\/16\/x-actor\/"},"wordCount":902,"commentCount":0,"publisher":{"@id":"https:\/\/www.romaoggi.eu\/#organization"},"image":{"@id":"https:\/\/www.romaoggi.eu\/index.php\/2018\/02\/16\/x-actor\/#primaryimage"},"thumbnailUrl":"https:\/\/www.romaoggi.eu\/wp-content\/uploads\/2018\/02\/locandina2018.jpg","keywords":["2018","Cinecitt\u00e0 World","cristiano morelli","Hostaria Edmondo","italia","lazio","roma","romaoggi","RomaOggi.eu","rome","teatro","TEATRO ABARICO","X ACTOR"],"articleSection":["teatro"],"inLanguage":"it-IT","potentialAction":[{"@type":"CommentAction","name":"Comment","target":["https:\/\/www.romaoggi.eu\/index.php\/2018\/02\/16\/x-actor\/#respond"]}]},{"@type":"WebPage","@id":"https:\/\/www.romaoggi.eu\/index.php\/2018\/02\/16\/x-actor\/","url":"https:\/\/www.romaoggi.eu\/index.php\/2018\/02\/16\/x-actor\/","name":"X ACTOR: al via la XIII edizione del Festival Teatrale Europeo","isPartOf":{"@id":"https:\/\/www.romaoggi.eu\/#website"},"primaryImageOfPage":{"@id":"https:\/\/www.romaoggi.eu\/index.php\/2018\/02\/16\/x-actor\/#primaryimage"},"image":{"@id":"https:\/\/www.romaoggi.eu\/index.php\/2018\/02\/16\/x-actor\/#primaryimage"},"thumbnailUrl":"https:\/\/www.romaoggi.eu\/wp-content\/uploads\/2018\/02\/locandina2018.jpg","datePublished":"2018-02-16T19:43:38+00:00","description":"Nel 2005 L\u2019Accademia Teatrale Europea, settore operativo dell\u2019Associazione Culturale \u201cIstituto Teatrale Europeo\u201d, con il Teatro Ab\u0101rico, hanno dato vita a una Festival di rilievo internazionale, che ha visto innumerevoli scambi tra Compagnie ed Accademie europee, alternando spettacoli e seminari, con....","breadcrumb":{"@id":"https:\/\/www.romaoggi.eu\/index.php\/2018\/02\/16\/x-actor\/#breadcrumb"},"inLanguage":"it-IT","potentialAction":[{"@type":"ReadAction","target":["https:\/\/www.romaoggi.eu\/index.php\/2018\/02\/16\/x-actor\/"]}]},{"@type":"ImageObject","inLanguage":"it-IT","@id":"https:\/\/www.romaoggi.eu\/index.php\/2018\/02\/16\/x-actor\/#primaryimage","url":"https:\/\/www.romaoggi.eu\/wp-content\/uploads\/2018\/02\/locandina2018.jpg","contentUrl":"https:\/\/www.romaoggi.eu\/wp-content\/uploads\/2018\/02\/locandina2018.jpg","width":1461,"height":2087},{"@type":"BreadcrumbList","@id":"https:\/\/www.romaoggi.eu\/index.php\/2018\/02\/16\/x-actor\/#breadcrumb","itemListElement":[{"@type":"ListItem","position":1,"name":"Home","item":"https:\/\/www.romaoggi.eu\/"},{"@type":"ListItem","position":2,"name":"X ACTOR: al via la XIII edizione del Festival Teatrale Europeo"}]},{"@type":"WebSite","@id":"https:\/\/www.romaoggi.eu\/#website","url":"https:\/\/www.romaoggi.eu\/","name":"roma oggi","description":"Interesting News for Interesting people","publisher":{"@id":"https:\/\/www.romaoggi.eu\/#organization"},"potentialAction":[{"@type":"SearchAction","target":{"@type":"EntryPoint","urlTemplate":"https:\/\/www.romaoggi.eu\/?s={search_term_string}"},"query-input":{"@type":"PropertyValueSpecification","valueRequired":true,"valueName":"search_term_string"}}],"inLanguage":"it-IT"},{"@type":"Organization","@id":"https:\/\/www.romaoggi.eu\/#organization","name":"RomaOggi","url":"https:\/\/www.romaoggi.eu\/","logo":{"@type":"ImageObject","inLanguage":"it-IT","@id":"https:\/\/www.romaoggi.eu\/#\/schema\/logo\/image\/","url":"https:\/\/www.romaoggi.eu\/wp-content\/uploads\/2017\/04\/logowp.jpg","contentUrl":"https:\/\/www.romaoggi.eu\/wp-content\/uploads\/2017\/04\/logowp.jpg","width":300,"height":133,"caption":"RomaOggi"},"image":{"@id":"https:\/\/www.romaoggi.eu\/#\/schema\/logo\/image\/"},"sameAs":["https:\/\/www.facebook.com\/RomaOggi-841544845954114","https:\/\/x.com\/romaoggi_eu"]},{"@type":"Person","@id":"https:\/\/www.romaoggi.eu\/#\/schema\/person\/cc12bfd93370392d7e41d243e47e6681","name":"Flavio","image":{"@type":"ImageObject","inLanguage":"it-IT","@id":"https:\/\/secure.gravatar.com\/avatar\/7e044ce830ea97853e01500437b37dff4a622b20a194e4d0efe9b67e918f19e5?s=96&d=mm&r=g","url":"https:\/\/secure.gravatar.com\/avatar\/7e044ce830ea97853e01500437b37dff4a622b20a194e4d0efe9b67e918f19e5?s=96&d=mm&r=g","contentUrl":"https:\/\/secure.gravatar.com\/avatar\/7e044ce830ea97853e01500437b37dff4a622b20a194e4d0efe9b67e918f19e5?s=96&d=mm&r=g","caption":"Flavio"},"url":"https:\/\/www.romaoggi.eu\/index.php\/author\/cristiano\/"}]}},"_links":{"self":[{"href":"https:\/\/www.romaoggi.eu\/index.php\/wp-json\/wp\/v2\/posts\/13734","targetHints":{"allow":["GET"]}}],"collection":[{"href":"https:\/\/www.romaoggi.eu\/index.php\/wp-json\/wp\/v2\/posts"}],"about":[{"href":"https:\/\/www.romaoggi.eu\/index.php\/wp-json\/wp\/v2\/types\/post"}],"author":[{"embeddable":true,"href":"https:\/\/www.romaoggi.eu\/index.php\/wp-json\/wp\/v2\/users\/5"}],"replies":[{"embeddable":true,"href":"https:\/\/www.romaoggi.eu\/index.php\/wp-json\/wp\/v2\/comments?post=13734"}],"version-history":[{"count":1,"href":"https:\/\/www.romaoggi.eu\/index.php\/wp-json\/wp\/v2\/posts\/13734\/revisions"}],"predecessor-version":[{"id":13736,"href":"https:\/\/www.romaoggi.eu\/index.php\/wp-json\/wp\/v2\/posts\/13734\/revisions\/13736"}],"wp:featuredmedia":[{"embeddable":true,"href":"https:\/\/www.romaoggi.eu\/index.php\/wp-json\/wp\/v2\/media\/13735"}],"wp:attachment":[{"href":"https:\/\/www.romaoggi.eu\/index.php\/wp-json\/wp\/v2\/media?parent=13734"}],"wp:term":[{"taxonomy":"category","embeddable":true,"href":"https:\/\/www.romaoggi.eu\/index.php\/wp-json\/wp\/v2\/categories?post=13734"},{"taxonomy":"post_tag","embeddable":true,"href":"https:\/\/www.romaoggi.eu\/index.php\/wp-json\/wp\/v2\/tags?post=13734"}],"curies":[{"name":"wp","href":"https:\/\/api.w.org\/{rel}","templated":true}]}}