{"id":13823,"date":"2018-02-19T16:24:21","date_gmt":"2018-02-19T15:24:21","guid":{"rendered":"http:\/\/www.romaoggi.eu\/?p=13823"},"modified":"2018-02-19T16:24:21","modified_gmt":"2018-02-19T15:24:21","slug":"alters-deutta-al-teatro-stanze-segrete","status":"publish","type":"post","link":"https:\/\/www.romaoggi.eu\/index.php\/2018\/02\/19\/alters-deutta-al-teatro-stanze-segrete\/","title":{"rendered":"Alters, premio Rai Cinema Channel, debutta al Teatro Stanze Segrete"},"content":{"rendered":"<div id=\"m_8195926309962480396yiv4833291477yui_3_16_0_ym19_1_1519034617263_2818\" dir=\"ltr\">\n<h4 id=\"m_8195926309962480396yiv4833291477yui_3_16_0_ym19_1_1519034617263_2916\" style=\"text-align: justify;\">Al <a href=\"http:\/\/www.stanzesegrete.it\/\">Teatro Stanze Segrete<\/a> <strong>di Roma il debutto di<\/strong> Alters, che affronta una tematica legata alla psicologia femminile, tratto dall&#8217;omonimo corto scritto e diretto da Marianna Adamo.<\/h4>\n<p><img loading=\"lazy\" decoding=\"async\" class=\"size-medium wp-image-13827 alignleft\" src=\"https:\/\/www.romaoggi.eu\/wp-content\/uploads\/2018\/02\/28308537_10213769640266709_1168614422_n-300x300.jpg\" alt=\"alt tag alters\" width=\"300\" height=\"300\" srcset=\"https:\/\/www.romaoggi.eu\/wp-content\/uploads\/2018\/02\/28308537_10213769640266709_1168614422_n-300x300.jpg 300w, https:\/\/www.romaoggi.eu\/wp-content\/uploads\/2018\/02\/28308537_10213769640266709_1168614422_n-150x150.jpg 150w, https:\/\/www.romaoggi.eu\/wp-content\/uploads\/2018\/02\/28308537_10213769640266709_1168614422_n.jpg 960w\" sizes=\"auto, (max-width: 300px) 100vw, 300px\" \/><\/p>\n<div id=\"m_8195926309962480396yiv4833291477yui_3_16_0_ym19_1_1519034617263_2819\" style=\"text-align: justify;\">Sar\u00e0 in scena dal<strong> 20 febbraio al 4 marzo<\/strong> al <strong>Teatro Stanze Segrete<\/strong>, in\u00a0<a href=\"https:\/\/maps.google.com\/?q=Via+della+Penitenza+3&amp;entry=gmail&amp;source=g\">Via della Penitenza 3<\/a>, <strong>Alters<\/strong>, tratto dal cortometraggio dal titolo omonimo, che vede al suo debutto come regista ed autrice teatrale, Marianna Adamo, anche interprete principale assieme ad Emiliano Coltorti.<\/div>\n<div><\/div>\n<div id=\"m_8195926309962480396yiv4833291477yui_3_16_0_ym19_1_1519034617263_2820\" style=\"text-align: justify;\">L\u2019idea del corto\u00a0<span id=\"m_8195926309962480396yiv4833291477yui_3_16_0_ym19_1_1519034617263_2821\"><span id=\"m_8195926309962480396yiv4833291477yui_3_16_0_ym19_1_1519034617263_2822\"><strong>Alters,<\/strong> che ha vinto il premio <strong>Rai Cinema Channel,<\/strong><\/span><\/span><strong>\u00a0<\/strong>\u00e8 nato dalla volont\u00e0 di affrontare una tematica delicata legata alla psicologia femminile: il disturbo dissociativo di identit\u00e0.<\/div>\n<div id=\"m_8195926309962480396yiv4833291477yui_3_16_0_ym19_1_1519034617263_2823\" style=\"text-align: justify;\">Nina e Massimo si incontrano in un \u201c<em>non luogo<\/em>\u201d dove ogni giorno prendono forma, desideri e paure . L\u00ec , dove nessuno pu\u00f2 entrare, le loro identit\u00e0 si trasformano e si confondono. Inventano un presente per scappare da un terribile passato\u2026ma forse non baster\u00e0 per percorrere la strada del futuro. In questo contesto, tra momenti intensi e con una punta d\u2019ironia, scopriremo le loro vite e le loro storie e insieme decideremo del loro destino.<\/div>\n<div><\/div>\n<div id=\"m_8195926309962480396yiv4833291477yui_3_16_0_ym19_1_1519034617263_2825\" style=\"text-align: justify;\">La scenografia sar\u00e0 costituita da pochi elementi, un ambiente freddo che sar\u00e0 \u201ccolorato\u201d solo dalla loro presenza. Un ambiente ostile che ospita, di volta in volta, l\u2019identit\u00e0 che decide di venire alla luce. L\u2019apporto degli attori in questo contesto \u00e8 di fondamentale importanza, saranno loro a dare significato al contesto altrimenti \u201cgrigio\u201d e privo di senso.<\/div>\n<\/div>\n<div id=\"m_8195926309962480396yiv4833291477yui_3_16_0_ym19_1_1519034617263_2826\"><\/div>\n<div id=\"m_8195926309962480396yiv4833291477yui_3_16_0_ym19_1_1519034617263_2827\"><span id=\"m_8195926309962480396yiv4833291477yui_3_16_0_ym19_1_1519034617263_2828\"><span id=\"m_8195926309962480396yiv4833291477yui_3_16_0_ym19_1_1519034617263_2829\">\u201cAlters\u201d-\u00a0<\/span><\/span><span id=\"m_8195926309962480396yiv4833291477yui_3_16_0_ym19_1_1519034617263_2830\"><span id=\"m_8195926309962480396yiv4833291477yui_3_16_0_ym19_1_1519034617263_2831\">Scritto e diretto da Marianna Adamo-Con Marianna Adamo ed Emiliano Coltorti<br id=\"m_8195926309962480396yiv4833291477yui_3_16_0_ym19_1_1519034617263_2833\" \/>Teatro Stanze Segrete\u00a0<span id=\"m_8195926309962480396yiv4833291477yui_3_16_0_ym19_1_1519034617263_2834\"><br id=\"m_8195926309962480396yiv4833291477yui_3_16_0_ym19_1_1519034617263_2835\" \/><a href=\"https:\/\/maps.google.com\/?q=Via+della+Penitenza,+3&amp;entry=gmail&amp;source=g\">Via della Penitenza, 3<\/a>\u00a0<\/span><\/span><\/span><span id=\"m_8195926309962480396yiv4833291477yui_3_16_0_ym19_1_1519034617263_2836\"><\/span><span id=\"m_8195926309962480396yiv4833291477yui_3_16_0_ym19_1_1519034617263_2837\"><span id=\"m_8195926309962480396yiv4833291477yui_3_16_0_ym19_1_1519034617263_2838\"><span id=\"m_8195926309962480396yiv4833291477yui_3_16_0_ym19_1_1519034617263_2839\">tel. 06.6872690 \/ 3889246033<\/span><\/span><\/span><\/div>\n<div id=\"m_8195926309962480396yiv4833291477yui_3_16_0_ym19_1_1519034617263_2840\"><span id=\"m_8195926309962480396yiv4833291477yui_3_16_0_ym19_1_1519034617263_2841\"><span id=\"m_8195926309962480396yiv4833291477yui_3_16_0_ym19_1_1519034617263_2842\"><span id=\"m_8195926309962480396yiv4833291477yui_3_16_0_ym19_1_1519034617263_2843\">Dal Marted\u00ec al Sabato ore 21.00 \u2013 Domenica ore 19.00<\/span><\/span><\/span><\/div>\n<div><\/div>\n<div><a href=\"https:\/\/www.romaoggi.eu\/index.php\/2018\/02\/17\/hairspray\/\">Redazione<\/a><\/div>\n","protected":false},"excerpt":{"rendered":"<div class=\"mh-excerpt\"><p>Al Teatro Stanze Segrete di Roma il debutto di Alters, che affronta una tematica legata alla psicologia femminile, tratto dall&#8217;omonimo corto scritto e diretto da Marianna Adamo. Sar\u00e0 in scena dal 20 febbraio al 4 <a class=\"mh-excerpt-more\" href=\"https:\/\/www.romaoggi.eu\/index.php\/2018\/02\/19\/alters-deutta-al-teatro-stanze-segrete\/\" title=\"Alters, premio Rai Cinema Channel, debutta al Teatro Stanze Segrete\">[&#8230;]<\/a><\/p>\n<\/div>","protected":false},"author":3,"featured_media":13829,"comment_status":"open","ping_status":"open","sticky":false,"template":"","format":"standard","meta":{"_sitemap_exclude":false,"_sitemap_priority":"","_sitemap_frequency":"","footnotes":""},"categories":[4281],"tags":[9371,2983,9374,9373,9375,9372,85],"class_list":["post-13823","post","type-post","status-publish","format-standard","has-post-thumbnail","hentry","category-teatro","tag-alters","tag-debutto","tag-emiliano-coltorti","tag-marianna-adamo","tag-rai-cinema-channel","tag-stanze-segrete","tag-teatro"],"yoast_head":"<!-- This site is optimized with the Yoast SEO plugin v27.5 - https:\/\/yoast.com\/product\/yoast-seo-wordpress\/ -->\n<title>Alters, premio Rai Cinema Channel, debutta al Teatro Stanze Segrete<\/title>\n<meta name=\"description\" content=\"Al Teatro Stanze Segrete di Roma il debutto di &quot;Alters&quot;, che affronta una tematica legata alla psicologia femminile, tratto dall&#039;omonimo corto scritto e diretto da Marianna Adamo.\" \/>\n<meta name=\"robots\" content=\"index, follow, max-snippet:-1, max-image-preview:large, max-video-preview:-1\" \/>\n<link rel=\"canonical\" href=\"https:\/\/www.romaoggi.eu\/index.php\/2018\/02\/19\/alters-deutta-al-teatro-stanze-segrete\/\" \/>\n<meta property=\"og:locale\" content=\"it_IT\" \/>\n<meta property=\"og:type\" content=\"article\" \/>\n<meta property=\"og:title\" content=\"Alters, premio Rai Cinema Channel, debutta al Teatro Stanze Segrete\" \/>\n<meta property=\"og:description\" content=\"Al Teatro Stanze Segrete di Roma il debutto di &quot;Alters&quot;, che affronta una tematica legata alla psicologia femminile, tratto dall&#039;omonimo corto scritto e diretto da Marianna Adamo.\" \/>\n<meta property=\"og:url\" content=\"https:\/\/www.romaoggi.eu\/index.php\/2018\/02\/19\/alters-deutta-al-teatro-stanze-segrete\/\" \/>\n<meta property=\"og:site_name\" content=\"roma oggi\" \/>\n<meta property=\"article:publisher\" content=\"https:\/\/www.facebook.com\/RomaOggi-841544845954114\" \/>\n<meta property=\"article:published_time\" content=\"2018-02-19T15:24:21+00:00\" \/>\n<meta property=\"og:image\" content=\"https:\/\/www.romaoggi.eu\/wp-content\/uploads\/2018\/02\/copertina-1.jpg\" \/>\n\t<meta property=\"og:image:width\" content=\"780\" \/>\n\t<meta property=\"og:image:height\" content=\"598\" \/>\n\t<meta property=\"og:image:type\" content=\"image\/jpeg\" \/>\n<meta name=\"author\" content=\"Antonietta Di Vizia\" \/>\n<meta name=\"twitter:card\" content=\"summary_large_image\" \/>\n<meta name=\"twitter:creator\" content=\"@romaoggi_eu\" \/>\n<meta name=\"twitter:site\" content=\"@romaoggi_eu\" \/>\n<meta name=\"twitter:label1\" content=\"Scritto da\" \/>\n\t<meta name=\"twitter:data1\" content=\"Antonietta Di Vizia\" \/>\n\t<meta name=\"twitter:label2\" content=\"Tempo di lettura stimato\" \/>\n\t<meta name=\"twitter:data2\" content=\"1 minuto\" \/>\n<script type=\"application\/ld+json\" class=\"yoast-schema-graph\">{\"@context\":\"https:\\\/\\\/schema.org\",\"@graph\":[{\"@type\":\"Article\",\"@id\":\"https:\\\/\\\/www.romaoggi.eu\\\/index.php\\\/2018\\\/02\\\/19\\\/alters-deutta-al-teatro-stanze-segrete\\\/#article\",\"isPartOf\":{\"@id\":\"https:\\\/\\\/www.romaoggi.eu\\\/index.php\\\/2018\\\/02\\\/19\\\/alters-deutta-al-teatro-stanze-segrete\\\/\"},\"author\":{\"name\":\"Antonietta Di Vizia\",\"@id\":\"https:\\\/\\\/www.romaoggi.eu\\\/#\\\/schema\\\/person\\\/c8ca1fb64b5506391fff5f822a866c23\"},\"headline\":\"Alters, premio Rai Cinema Channel, debutta al Teatro Stanze Segrete\",\"datePublished\":\"2018-02-19T15:24:21+00:00\",\"mainEntityOfPage\":{\"@id\":\"https:\\\/\\\/www.romaoggi.eu\\\/index.php\\\/2018\\\/02\\\/19\\\/alters-deutta-al-teatro-stanze-segrete\\\/\"},\"wordCount\":268,\"commentCount\":0,\"publisher\":{\"@id\":\"https:\\\/\\\/www.romaoggi.eu\\\/#organization\"},\"image\":{\"@id\":\"https:\\\/\\\/www.romaoggi.eu\\\/index.php\\\/2018\\\/02\\\/19\\\/alters-deutta-al-teatro-stanze-segrete\\\/#primaryimage\"},\"thumbnailUrl\":\"https:\\\/\\\/www.romaoggi.eu\\\/wp-content\\\/uploads\\\/2018\\\/02\\\/copertina-1.jpg\",\"keywords\":[\"Alters\",\"Debutto\",\"emiliano coltorti\",\"marianna adamo\",\"Rai Cinema Channel\",\"stanze segrete\",\"teatro\"],\"articleSection\":[\"teatro\"],\"inLanguage\":\"it-IT\",\"potentialAction\":[{\"@type\":\"CommentAction\",\"name\":\"Comment\",\"target\":[\"https:\\\/\\\/www.romaoggi.eu\\\/index.php\\\/2018\\\/02\\\/19\\\/alters-deutta-al-teatro-stanze-segrete\\\/#respond\"]}]},{\"@type\":\"WebPage\",\"@id\":\"https:\\\/\\\/www.romaoggi.eu\\\/index.php\\\/2018\\\/02\\\/19\\\/alters-deutta-al-teatro-stanze-segrete\\\/\",\"url\":\"https:\\\/\\\/www.romaoggi.eu\\\/index.php\\\/2018\\\/02\\\/19\\\/alters-deutta-al-teatro-stanze-segrete\\\/\",\"name\":\"Alters, premio Rai Cinema Channel, debutta al Teatro Stanze Segrete\",\"isPartOf\":{\"@id\":\"https:\\\/\\\/www.romaoggi.eu\\\/#website\"},\"primaryImageOfPage\":{\"@id\":\"https:\\\/\\\/www.romaoggi.eu\\\/index.php\\\/2018\\\/02\\\/19\\\/alters-deutta-al-teatro-stanze-segrete\\\/#primaryimage\"},\"image\":{\"@id\":\"https:\\\/\\\/www.romaoggi.eu\\\/index.php\\\/2018\\\/02\\\/19\\\/alters-deutta-al-teatro-stanze-segrete\\\/#primaryimage\"},\"thumbnailUrl\":\"https:\\\/\\\/www.romaoggi.eu\\\/wp-content\\\/uploads\\\/2018\\\/02\\\/copertina-1.jpg\",\"datePublished\":\"2018-02-19T15:24:21+00:00\",\"description\":\"Al Teatro Stanze Segrete di Roma il debutto di \\\"Alters\\\", che affronta una tematica legata alla psicologia femminile, tratto dall'omonimo corto scritto e diretto da Marianna Adamo.\",\"breadcrumb\":{\"@id\":\"https:\\\/\\\/www.romaoggi.eu\\\/index.php\\\/2018\\\/02\\\/19\\\/alters-deutta-al-teatro-stanze-segrete\\\/#breadcrumb\"},\"inLanguage\":\"it-IT\",\"potentialAction\":[{\"@type\":\"ReadAction\",\"target\":[\"https:\\\/\\\/www.romaoggi.eu\\\/index.php\\\/2018\\\/02\\\/19\\\/alters-deutta-al-teatro-stanze-segrete\\\/\"]}]},{\"@type\":\"ImageObject\",\"inLanguage\":\"it-IT\",\"@id\":\"https:\\\/\\\/www.romaoggi.eu\\\/index.php\\\/2018\\\/02\\\/19\\\/alters-deutta-al-teatro-stanze-segrete\\\/#primaryimage\",\"url\":\"https:\\\/\\\/www.romaoggi.eu\\\/wp-content\\\/uploads\\\/2018\\\/02\\\/copertina-1.jpg\",\"contentUrl\":\"https:\\\/\\\/www.romaoggi.eu\\\/wp-content\\\/uploads\\\/2018\\\/02\\\/copertina-1.jpg\",\"width\":780,\"height\":598,\"caption\":\"alt tag alters\"},{\"@type\":\"BreadcrumbList\",\"@id\":\"https:\\\/\\\/www.romaoggi.eu\\\/index.php\\\/2018\\\/02\\\/19\\\/alters-deutta-al-teatro-stanze-segrete\\\/#breadcrumb\",\"itemListElement\":[{\"@type\":\"ListItem\",\"position\":1,\"name\":\"Home\",\"item\":\"https:\\\/\\\/www.romaoggi.eu\\\/\"},{\"@type\":\"ListItem\",\"position\":2,\"name\":\"Alters, premio Rai Cinema Channel, debutta al Teatro Stanze Segrete\"}]},{\"@type\":\"WebSite\",\"@id\":\"https:\\\/\\\/www.romaoggi.eu\\\/#website\",\"url\":\"https:\\\/\\\/www.romaoggi.eu\\\/\",\"name\":\"roma oggi\",\"description\":\"Interesting News for Interesting people\",\"publisher\":{\"@id\":\"https:\\\/\\\/www.romaoggi.eu\\\/#organization\"},\"potentialAction\":[{\"@type\":\"SearchAction\",\"target\":{\"@type\":\"EntryPoint\",\"urlTemplate\":\"https:\\\/\\\/www.romaoggi.eu\\\/?s={search_term_string}\"},\"query-input\":{\"@type\":\"PropertyValueSpecification\",\"valueRequired\":true,\"valueName\":\"search_term_string\"}}],\"inLanguage\":\"it-IT\"},{\"@type\":\"Organization\",\"@id\":\"https:\\\/\\\/www.romaoggi.eu\\\/#organization\",\"name\":\"RomaOggi\",\"url\":\"https:\\\/\\\/www.romaoggi.eu\\\/\",\"logo\":{\"@type\":\"ImageObject\",\"inLanguage\":\"it-IT\",\"@id\":\"https:\\\/\\\/www.romaoggi.eu\\\/#\\\/schema\\\/logo\\\/image\\\/\",\"url\":\"https:\\\/\\\/www.romaoggi.eu\\\/wp-content\\\/uploads\\\/2017\\\/04\\\/logowp.jpg\",\"contentUrl\":\"https:\\\/\\\/www.romaoggi.eu\\\/wp-content\\\/uploads\\\/2017\\\/04\\\/logowp.jpg\",\"width\":300,\"height\":133,\"caption\":\"RomaOggi\"},\"image\":{\"@id\":\"https:\\\/\\\/www.romaoggi.eu\\\/#\\\/schema\\\/logo\\\/image\\\/\"},\"sameAs\":[\"https:\\\/\\\/www.facebook.com\\\/RomaOggi-841544845954114\",\"https:\\\/\\\/x.com\\\/romaoggi_eu\"]},{\"@type\":\"Person\",\"@id\":\"https:\\\/\\\/www.romaoggi.eu\\\/#\\\/schema\\\/person\\\/c8ca1fb64b5506391fff5f822a866c23\",\"name\":\"Antonietta Di Vizia\",\"image\":{\"@type\":\"ImageObject\",\"inLanguage\":\"it-IT\",\"@id\":\"https:\\\/\\\/secure.gravatar.com\\\/avatar\\\/2ad571aa3fbfe3089b06ed5617adf58717b9359c0c97cf9b52804fb2dac293f2?s=96&d=mm&r=g\",\"url\":\"https:\\\/\\\/secure.gravatar.com\\\/avatar\\\/2ad571aa3fbfe3089b06ed5617adf58717b9359c0c97cf9b52804fb2dac293f2?s=96&d=mm&r=g\",\"contentUrl\":\"https:\\\/\\\/secure.gravatar.com\\\/avatar\\\/2ad571aa3fbfe3089b06ed5617adf58717b9359c0c97cf9b52804fb2dac293f2?s=96&d=mm&r=g\",\"caption\":\"Antonietta Di Vizia\"},\"url\":\"https:\\\/\\\/www.romaoggi.eu\\\/index.php\\\/author\\\/antonietta\\\/\"}]}<\/script>\n<!-- \/ Yoast SEO plugin. -->","yoast_head_json":{"title":"Alters, premio Rai Cinema Channel, debutta al Teatro Stanze Segrete","description":"Al Teatro Stanze Segrete di Roma il debutto di \"Alters\", che affronta una tematica legata alla psicologia femminile, tratto dall'omonimo corto scritto e diretto da Marianna Adamo.","robots":{"index":"index","follow":"follow","max-snippet":"max-snippet:-1","max-image-preview":"max-image-preview:large","max-video-preview":"max-video-preview:-1"},"canonical":"https:\/\/www.romaoggi.eu\/index.php\/2018\/02\/19\/alters-deutta-al-teatro-stanze-segrete\/","og_locale":"it_IT","og_type":"article","og_title":"Alters, premio Rai Cinema Channel, debutta al Teatro Stanze Segrete","og_description":"Al Teatro Stanze Segrete di Roma il debutto di \"Alters\", che affronta una tematica legata alla psicologia femminile, tratto dall'omonimo corto scritto e diretto da Marianna Adamo.","og_url":"https:\/\/www.romaoggi.eu\/index.php\/2018\/02\/19\/alters-deutta-al-teatro-stanze-segrete\/","og_site_name":"roma oggi","article_publisher":"https:\/\/www.facebook.com\/RomaOggi-841544845954114","article_published_time":"2018-02-19T15:24:21+00:00","og_image":[{"width":780,"height":598,"url":"https:\/\/www.romaoggi.eu\/wp-content\/uploads\/2018\/02\/copertina-1.jpg","type":"image\/jpeg"}],"author":"Antonietta Di Vizia","twitter_card":"summary_large_image","twitter_creator":"@romaoggi_eu","twitter_site":"@romaoggi_eu","twitter_misc":{"Scritto da":"Antonietta Di Vizia","Tempo di lettura stimato":"1 minuto"},"schema":{"@context":"https:\/\/schema.org","@graph":[{"@type":"Article","@id":"https:\/\/www.romaoggi.eu\/index.php\/2018\/02\/19\/alters-deutta-al-teatro-stanze-segrete\/#article","isPartOf":{"@id":"https:\/\/www.romaoggi.eu\/index.php\/2018\/02\/19\/alters-deutta-al-teatro-stanze-segrete\/"},"author":{"name":"Antonietta Di Vizia","@id":"https:\/\/www.romaoggi.eu\/#\/schema\/person\/c8ca1fb64b5506391fff5f822a866c23"},"headline":"Alters, premio Rai Cinema Channel, debutta al Teatro Stanze Segrete","datePublished":"2018-02-19T15:24:21+00:00","mainEntityOfPage":{"@id":"https:\/\/www.romaoggi.eu\/index.php\/2018\/02\/19\/alters-deutta-al-teatro-stanze-segrete\/"},"wordCount":268,"commentCount":0,"publisher":{"@id":"https:\/\/www.romaoggi.eu\/#organization"},"image":{"@id":"https:\/\/www.romaoggi.eu\/index.php\/2018\/02\/19\/alters-deutta-al-teatro-stanze-segrete\/#primaryimage"},"thumbnailUrl":"https:\/\/www.romaoggi.eu\/wp-content\/uploads\/2018\/02\/copertina-1.jpg","keywords":["Alters","Debutto","emiliano coltorti","marianna adamo","Rai Cinema Channel","stanze segrete","teatro"],"articleSection":["teatro"],"inLanguage":"it-IT","potentialAction":[{"@type":"CommentAction","name":"Comment","target":["https:\/\/www.romaoggi.eu\/index.php\/2018\/02\/19\/alters-deutta-al-teatro-stanze-segrete\/#respond"]}]},{"@type":"WebPage","@id":"https:\/\/www.romaoggi.eu\/index.php\/2018\/02\/19\/alters-deutta-al-teatro-stanze-segrete\/","url":"https:\/\/www.romaoggi.eu\/index.php\/2018\/02\/19\/alters-deutta-al-teatro-stanze-segrete\/","name":"Alters, premio Rai Cinema Channel, debutta al Teatro Stanze Segrete","isPartOf":{"@id":"https:\/\/www.romaoggi.eu\/#website"},"primaryImageOfPage":{"@id":"https:\/\/www.romaoggi.eu\/index.php\/2018\/02\/19\/alters-deutta-al-teatro-stanze-segrete\/#primaryimage"},"image":{"@id":"https:\/\/www.romaoggi.eu\/index.php\/2018\/02\/19\/alters-deutta-al-teatro-stanze-segrete\/#primaryimage"},"thumbnailUrl":"https:\/\/www.romaoggi.eu\/wp-content\/uploads\/2018\/02\/copertina-1.jpg","datePublished":"2018-02-19T15:24:21+00:00","description":"Al Teatro Stanze Segrete di Roma il debutto di \"Alters\", che affronta una tematica legata alla psicologia femminile, tratto dall'omonimo corto scritto e diretto da Marianna Adamo.","breadcrumb":{"@id":"https:\/\/www.romaoggi.eu\/index.php\/2018\/02\/19\/alters-deutta-al-teatro-stanze-segrete\/#breadcrumb"},"inLanguage":"it-IT","potentialAction":[{"@type":"ReadAction","target":["https:\/\/www.romaoggi.eu\/index.php\/2018\/02\/19\/alters-deutta-al-teatro-stanze-segrete\/"]}]},{"@type":"ImageObject","inLanguage":"it-IT","@id":"https:\/\/www.romaoggi.eu\/index.php\/2018\/02\/19\/alters-deutta-al-teatro-stanze-segrete\/#primaryimage","url":"https:\/\/www.romaoggi.eu\/wp-content\/uploads\/2018\/02\/copertina-1.jpg","contentUrl":"https:\/\/www.romaoggi.eu\/wp-content\/uploads\/2018\/02\/copertina-1.jpg","width":780,"height":598,"caption":"alt tag alters"},{"@type":"BreadcrumbList","@id":"https:\/\/www.romaoggi.eu\/index.php\/2018\/02\/19\/alters-deutta-al-teatro-stanze-segrete\/#breadcrumb","itemListElement":[{"@type":"ListItem","position":1,"name":"Home","item":"https:\/\/www.romaoggi.eu\/"},{"@type":"ListItem","position":2,"name":"Alters, premio Rai Cinema Channel, debutta al Teatro Stanze Segrete"}]},{"@type":"WebSite","@id":"https:\/\/www.romaoggi.eu\/#website","url":"https:\/\/www.romaoggi.eu\/","name":"roma oggi","description":"Interesting News for Interesting people","publisher":{"@id":"https:\/\/www.romaoggi.eu\/#organization"},"potentialAction":[{"@type":"SearchAction","target":{"@type":"EntryPoint","urlTemplate":"https:\/\/www.romaoggi.eu\/?s={search_term_string}"},"query-input":{"@type":"PropertyValueSpecification","valueRequired":true,"valueName":"search_term_string"}}],"inLanguage":"it-IT"},{"@type":"Organization","@id":"https:\/\/www.romaoggi.eu\/#organization","name":"RomaOggi","url":"https:\/\/www.romaoggi.eu\/","logo":{"@type":"ImageObject","inLanguage":"it-IT","@id":"https:\/\/www.romaoggi.eu\/#\/schema\/logo\/image\/","url":"https:\/\/www.romaoggi.eu\/wp-content\/uploads\/2017\/04\/logowp.jpg","contentUrl":"https:\/\/www.romaoggi.eu\/wp-content\/uploads\/2017\/04\/logowp.jpg","width":300,"height":133,"caption":"RomaOggi"},"image":{"@id":"https:\/\/www.romaoggi.eu\/#\/schema\/logo\/image\/"},"sameAs":["https:\/\/www.facebook.com\/RomaOggi-841544845954114","https:\/\/x.com\/romaoggi_eu"]},{"@type":"Person","@id":"https:\/\/www.romaoggi.eu\/#\/schema\/person\/c8ca1fb64b5506391fff5f822a866c23","name":"Antonietta Di Vizia","image":{"@type":"ImageObject","inLanguage":"it-IT","@id":"https:\/\/secure.gravatar.com\/avatar\/2ad571aa3fbfe3089b06ed5617adf58717b9359c0c97cf9b52804fb2dac293f2?s=96&d=mm&r=g","url":"https:\/\/secure.gravatar.com\/avatar\/2ad571aa3fbfe3089b06ed5617adf58717b9359c0c97cf9b52804fb2dac293f2?s=96&d=mm&r=g","contentUrl":"https:\/\/secure.gravatar.com\/avatar\/2ad571aa3fbfe3089b06ed5617adf58717b9359c0c97cf9b52804fb2dac293f2?s=96&d=mm&r=g","caption":"Antonietta Di Vizia"},"url":"https:\/\/www.romaoggi.eu\/index.php\/author\/antonietta\/"}]}},"_links":{"self":[{"href":"https:\/\/www.romaoggi.eu\/index.php\/wp-json\/wp\/v2\/posts\/13823","targetHints":{"allow":["GET"]}}],"collection":[{"href":"https:\/\/www.romaoggi.eu\/index.php\/wp-json\/wp\/v2\/posts"}],"about":[{"href":"https:\/\/www.romaoggi.eu\/index.php\/wp-json\/wp\/v2\/types\/post"}],"author":[{"embeddable":true,"href":"https:\/\/www.romaoggi.eu\/index.php\/wp-json\/wp\/v2\/users\/3"}],"replies":[{"embeddable":true,"href":"https:\/\/www.romaoggi.eu\/index.php\/wp-json\/wp\/v2\/comments?post=13823"}],"version-history":[{"count":3,"href":"https:\/\/www.romaoggi.eu\/index.php\/wp-json\/wp\/v2\/posts\/13823\/revisions"}],"predecessor-version":[{"id":13828,"href":"https:\/\/www.romaoggi.eu\/index.php\/wp-json\/wp\/v2\/posts\/13823\/revisions\/13828"}],"wp:featuredmedia":[{"embeddable":true,"href":"https:\/\/www.romaoggi.eu\/index.php\/wp-json\/wp\/v2\/media\/13829"}],"wp:attachment":[{"href":"https:\/\/www.romaoggi.eu\/index.php\/wp-json\/wp\/v2\/media?parent=13823"}],"wp:term":[{"taxonomy":"category","embeddable":true,"href":"https:\/\/www.romaoggi.eu\/index.php\/wp-json\/wp\/v2\/categories?post=13823"},{"taxonomy":"post_tag","embeddable":true,"href":"https:\/\/www.romaoggi.eu\/index.php\/wp-json\/wp\/v2\/tags?post=13823"}],"curies":[{"name":"wp","href":"https:\/\/api.w.org\/{rel}","templated":true}]}}