{"id":14125,"date":"2018-03-02T16:38:07","date_gmt":"2018-03-02T15:38:07","guid":{"rendered":"http:\/\/www.romaoggi.eu\/?p=14125"},"modified":"2018-03-02T17:30:20","modified_gmt":"2018-03-02T16:30:20","slug":"intervista-lorenza-bonaccorsi-pd","status":"publish","type":"post","link":"https:\/\/www.romaoggi.eu\/index.php\/2018\/03\/02\/intervista-lorenza-bonaccorsi-pd\/","title":{"rendered":"Incontro con Lorenza Bonaccorsi candidata Pd a due giorni dal voto"},"content":{"rendered":"<p><span style=\"font-weight: 400;\">IL FUTURO DELL&#8217;ITALIA PASSA PER IL VOTO. INTERVISTA\/<\/span><span style=\"font-weight: 400;\">INCONTRO CON <strong>LORENZA BONACCORSI<\/strong> DEL PD<\/span><\/p>\n<p style=\"text-align: justify;\"><span style=\"font-weight: 400;\">Tra due giorni si vota e ancora molti italiani non hanno scelto a chi dare la loro preferenza. La campagna elettorale che si conclude \u00e8 stata tra le pi\u00f9 brevi della storia recente, ma anche quella in cui si \u00e8 toccato il record di promesse, molte delle quali irrealizzabili. Questo pu\u00f2 significare due cose non alternative tra loro, che gli italiani sono pronti a bere qualunque fandonia proposta dal politico di turno, e che i politici pur di governare sono pronti a raccontare un sacco di balle. C&#8217;\u00e8 solo un modo per evitare di essere risucchiati nel vortice delle chimere strabilianti e di trasformarsi in un indigeno che scambia il suo oro in cambio di collanine e specchietti, quello di ragionare di fatti, di utilizzare pi\u00f9 il cervello che la pancia, di verificare le informazioni che ci arrivano quotidianamente.<\/span><\/p>\n<figure id=\"attachment_14127\" aria-describedby=\"caption-attachment-14127\" style=\"width: 1024px\" class=\"wp-caption aligncenter\"><img loading=\"lazy\" decoding=\"async\" class=\"wp-image-14127 size-large\" src=\"https:\/\/www.romaoggi.eu\/wp-content\/uploads\/2018\/03\/PROVA-1024x768.jpg\" alt=\"ALT TAG LORENZA BONACCORSI\" width=\"1024\" height=\"768\" srcset=\"https:\/\/www.romaoggi.eu\/wp-content\/uploads\/2018\/03\/PROVA-1024x768.jpg 1024w, https:\/\/www.romaoggi.eu\/wp-content\/uploads\/2018\/03\/PROVA-300x225.jpg 300w, https:\/\/www.romaoggi.eu\/wp-content\/uploads\/2018\/03\/PROVA-326x245.jpg 326w, https:\/\/www.romaoggi.eu\/wp-content\/uploads\/2018\/03\/PROVA-80x60.jpg 80w, https:\/\/www.romaoggi.eu\/wp-content\/uploads\/2018\/03\/PROVA.jpg 1999w\" sizes=\"auto, (max-width: 1024px) 100vw, 1024px\" \/><figcaption id=\"caption-attachment-14127\" class=\"wp-caption-text\">Pino Nazio e Lorenza Bonaccorsi<\/figcaption><\/figure>\n<p>&nbsp;<\/p>\n<p style=\"text-align: justify;\"><span style=\"font-weight: 400;\">La redazione di <strong>RomaOggi.eu<\/strong> ha ospitato il deputato uscente e candidata alla Camera nella zona di Roma Nord -che va da ponte Milvio a Cesano, passando per Ottavia, Prima Porta, Settecamini, Castel Giubileo- <a href=\"http:\/\/www.lorenzabonaccorsi.it\/\"><strong>Lorenza Bonaccorsi.<\/strong><\/a> Una vita nella cultura quella della Bonaccorsi, passata dalla comunicazione della nota griffe Valentino all&#8217;auditorium Parco della Musica, dall&#8217;impegno a fianco dell&#8217;attuale premier Gentiloni, quando era responsabile nella seconda giunta Rutelli di importanti deleghe tra cui il Giubileo, fino alle commisioni Cultura e di Vigilanza sulla Rai della legislatura che si \u00e8 appena conclusa.<\/span><\/p>\n<p><img loading=\"lazy\" decoding=\"async\" class=\"wp-image-14129 alignright\" src=\"https:\/\/www.romaoggi.eu\/wp-content\/uploads\/2018\/03\/28467763_1777144905650759_2406931007489493482_n-300x225.jpg\" alt=\"alt tag lorenza bonaccorsi\" width=\"473\" height=\"355\" srcset=\"https:\/\/www.romaoggi.eu\/wp-content\/uploads\/2018\/03\/28467763_1777144905650759_2406931007489493482_n-300x225.jpg 300w, https:\/\/www.romaoggi.eu\/wp-content\/uploads\/2018\/03\/28467763_1777144905650759_2406931007489493482_n-326x245.jpg 326w, https:\/\/www.romaoggi.eu\/wp-content\/uploads\/2018\/03\/28467763_1777144905650759_2406931007489493482_n-80x60.jpg 80w, https:\/\/www.romaoggi.eu\/wp-content\/uploads\/2018\/03\/28467763_1777144905650759_2406931007489493482_n.jpg 960w\" sizes=\"auto, (max-width: 473px) 100vw, 473px\" \/><\/p>\n<p style=\"text-align: justify;\"><span style=\"font-weight: 400;\">&#8220;<em>Una volta ci dicevano &#8211;<\/em>spiega Lorenza Bonaccorsi citando Tremonti<em>&#8211; che con la cultura non si mangia, dopo cinque anni -numeri alla mano- abbiamo dimostrato che non \u00e8 cos\u00ec. Boom di turisti e di visitatori nei musei, rilancio di siti esistenti e apertura di nuovi spazi, hanno contribuito allo sviluppo del nostro paese. Se una volta si parlava di Pompei solo per \u00a0crolli e oggi quel sito fa notizia perch\u00e9 si aprono nuove <\/em><\/span><em><span style=\"font-weight: 400;\">domus<\/span><\/em><span style=\"font-weight: 400;\"><em> lo si deve all&#8217;azione del ministro Franceschini e di tutto il governo<\/em>&#8220;. <strong>Lorenza Bonaccorsi<\/strong> non si sottrae alle domande del pubblico di ogni orientamento politico e dei giornalisti intervenuti, elenca uno dopo l&#8217;altro i successi di Renzi prima e Gentiloni poi. &#8220;<em>Tutti gli indicatori economici sono positivi, ci sono -nonostante la crisi- un milione di posti di lavoro in pi\u00f9, molti di giovani e donne, l&#8217;Italia siede in Europa con pi\u00f9 autorevolezza di quando, grazie a Berlusconi e i suoi alleati, eravamo visti come un paese a rischio default che minacciava la stabilit\u00e0 dell&#8217;intera Europa. Nessuna legislatura ha mai prodotto tante leggi a tutela dei cittadini come questa, dalle unioni civili al dopodi noi, dallo stalking al reddito d&#8217;inclusione, dal reato di tortura al biotestamento&#8230;<\/em>&#8220;. &#8220;<em>Tutto rose e fiori allora?<\/em>&#8220;, domanda qualcuno. <em>&#8220;Assolutamente no -ribatte la deputata del Pd- dobbiamo e possiamo fare di pi\u00f9 e meglio. Ad esempio, dei nuovi posti di lavoro la met\u00e0 sono di contratti a termine: abbiamo nel nostro programma interventi che premiano la stabilizzazione e penalizzano i contratti a tempo determinato. Ma solo noi del Pd, con i nostri alleati, possiamo portare a termine l&#8217;azione riformatrice iniziata<\/em>&#8220;. <\/span><\/p>\n<p style=\"text-align: justify;\"><span style=\"font-weight: 400;\">Un&#8217;ora di confronto senza sconti, senza tab\u00f9, senza facili trionfalismi o sterili invettive. Alla fine anche chi tra il pubblico propende visibilmente per i 5 Stelle, \u00e8 costretto a una coraggiosa, quanto evidente, presa d&#8217;atto: Di Maio parla di istituire un ministero della Meritocrazia e hanno proposto la classe dirigente meno preparata e approssimativa che l&#8217;Italia abbia mai visto. Dalla cattiva gestione delle grandi citt\u00e0 come Torino e Roma a una lista di ministri che non hanno nemmeno un&#8217;ora di esperienza nella pubblica amministrazione, dalle firme falsi ai bonifici taroccati, i 5 Stelle in 5 anni che siedono in Parlamento hanno fallito ogni obiettivo. La parola adesso passa agli italiani che il 5 marzo daranno il loro giudizio inappellabile.<\/span><\/p>\n<p><a href=\"https:\/\/www.romaoggi.eu\/index.php\/2017\/04\/01\/pino-nazio-enigma-yara-bossetti\/\">Pino Nazio<\/a><\/p>\n<figure id=\"attachment_14149\" aria-describedby=\"caption-attachment-14149\" style=\"width: 642px\" class=\"wp-caption aligncenter\"><a href=\"https:\/\/www.romaoggi.eu\/index.php\/2018\/03\/02\/dal-6-marzo-riparte-il-teatro-imperiale\/img-001-2\/\" rel=\"attachment wp-att-14149\"><img loading=\"lazy\" decoding=\"async\" class=\"wp-image-14149 size-large\" src=\"https:\/\/www.romaoggi.eu\/wp-content\/uploads\/2018\/03\/img-001-1-642x1024.jpg\" alt=\"\" width=\"642\" height=\"1024\" srcset=\"https:\/\/www.romaoggi.eu\/wp-content\/uploads\/2018\/03\/img-001-1-642x1024.jpg 642w, https:\/\/www.romaoggi.eu\/wp-content\/uploads\/2018\/03\/img-001-1-188x300.jpg 188w, https:\/\/www.romaoggi.eu\/wp-content\/uploads\/2018\/03\/img-001-1.jpg 1000w\" sizes=\"auto, (max-width: 642px) 100vw, 642px\" \/><\/a><figcaption id=\"caption-attachment-14149\" class=\"wp-caption-text\"><a href=\"https:\/\/stores.streetlib.com\/it\/cristiano-morelli\/il-mistero-del-cronovisore\">CLICCA QUI PER COMPRARE IL MIO NUOVO EBOOK A SOLI \u20ac 0,49!<\/a><\/figcaption><\/figure>\n","protected":false},"excerpt":{"rendered":"<div class=\"mh-excerpt\"><p>IL FUTURO DELL&#8217;ITALIA PASSA PER IL VOTO. INTERVISTA\/INCONTRO CON LORENZA BONACCORSI DEL PD Tra due giorni si vota e ancora molti italiani non hanno scelto a chi dare la loro preferenza. La campagna elettorale che <a class=\"mh-excerpt-more\" href=\"https:\/\/www.romaoggi.eu\/index.php\/2018\/03\/02\/intervista-lorenza-bonaccorsi-pd\/\" title=\"Incontro con Lorenza Bonaccorsi candidata Pd a due giorni dal voto\">[&#8230;]<\/a><\/p>\n<\/div>","protected":false},"author":3,"featured_media":14128,"comment_status":"open","ping_status":"open","sticky":false,"template":"","format":"standard","meta":{"_sitemap_exclude":false,"_sitemap_priority":"","_sitemap_frequency":"","footnotes":""},"categories":[522],"tags":[6418,4895,9541,8088,9540,26,9542,9547,9544,9543,9545,9526,129,9539,9546,2324,790,864,817,1738,634,792],"class_list":["post-14125","post","type-post","status-publish","format-standard","has-post-thumbnail","hentry","category-attualita","tag-6418","tag-4-marzo","tag-5-stelle","tag-cinecitta-world","tag-cinque-stelle","tag-cristiano-morelli","tag-di-maio","tag-elezioni-politiche","tag-franceschini","tag-gentiloni","tag-giulio-tremonti","tag-il-mistero-del-cronovisore","tag-intervista","tag-lorenza-bonaccorsi","tag-ministro-franceshini","tag-parlamento","tag-pd","tag-pino-nazio","tag-romaoggi","tag-romaoggi-eu","tag-rome","tag-voto"],"yoast_head":"<!-- This site is optimized with the Yoast SEO plugin v27.4 - https:\/\/yoast.com\/product\/yoast-seo-wordpress\/ -->\n<title>Incontro con Lorenza Bonaccorsi candidata Pd a due giorni dal voto<\/title>\n<meta name=\"description\" content=\"IL FUTURO DELL&#039;ITALIA PASSA PER IL VOTO DEL 4 MARZO. INTERVISTA\/INCONTRO NELLA REDAZIONE DI ROMAOGGI.EU CON LORENZA BONACCORSI DEL PD.\" \/>\n<meta name=\"robots\" content=\"index, follow, max-snippet:-1, max-image-preview:large, max-video-preview:-1\" \/>\n<link rel=\"canonical\" href=\"https:\/\/www.romaoggi.eu\/index.php\/2018\/03\/02\/intervista-lorenza-bonaccorsi-pd\/\" \/>\n<meta property=\"og:locale\" content=\"it_IT\" \/>\n<meta property=\"og:type\" content=\"article\" \/>\n<meta property=\"og:title\" content=\"Incontro con Lorenza Bonaccorsi candidata Pd a due giorni dal voto\" \/>\n<meta property=\"og:description\" content=\"IL FUTURO DELL&#039;ITALIA PASSA PER IL VOTO DEL 4 MARZO. INTERVISTA\/INCONTRO NELLA REDAZIONE DI ROMAOGGI.EU CON LORENZA BONACCORSI DEL PD.\" \/>\n<meta property=\"og:url\" content=\"https:\/\/www.romaoggi.eu\/index.php\/2018\/03\/02\/intervista-lorenza-bonaccorsi-pd\/\" \/>\n<meta property=\"og:site_name\" content=\"roma oggi\" \/>\n<meta property=\"article:publisher\" content=\"https:\/\/www.facebook.com\/RomaOggi-841544845954114\" \/>\n<meta property=\"article:published_time\" content=\"2018-03-02T15:38:07+00:00\" \/>\n<meta property=\"article:modified_time\" content=\"2018-03-02T16:30:20+00:00\" \/>\n<meta property=\"og:image\" content=\"https:\/\/www.romaoggi.eu\/wp-content\/uploads\/2018\/03\/prova-2.jpg\" \/>\n\t<meta property=\"og:image:width\" content=\"1999\" \/>\n\t<meta property=\"og:image:height\" content=\"1499\" \/>\n\t<meta property=\"og:image:type\" content=\"image\/jpeg\" \/>\n<meta name=\"author\" content=\"Antonietta Di Vizia\" \/>\n<meta name=\"twitter:card\" content=\"summary_large_image\" \/>\n<meta name=\"twitter:creator\" content=\"@romaoggi_eu\" \/>\n<meta name=\"twitter:site\" content=\"@romaoggi_eu\" \/>\n<meta name=\"twitter:label1\" content=\"Scritto da\" \/>\n\t<meta name=\"twitter:data1\" content=\"Antonietta Di Vizia\" \/>\n\t<meta name=\"twitter:label2\" content=\"Tempo di lettura stimato\" \/>\n\t<meta name=\"twitter:data2\" content=\"3 minuti\" \/>\n<script type=\"application\/ld+json\" class=\"yoast-schema-graph\">{\"@context\":\"https:\\\/\\\/schema.org\",\"@graph\":[{\"@type\":\"Article\",\"@id\":\"https:\\\/\\\/www.romaoggi.eu\\\/index.php\\\/2018\\\/03\\\/02\\\/intervista-lorenza-bonaccorsi-pd\\\/#article\",\"isPartOf\":{\"@id\":\"https:\\\/\\\/www.romaoggi.eu\\\/index.php\\\/2018\\\/03\\\/02\\\/intervista-lorenza-bonaccorsi-pd\\\/\"},\"author\":{\"name\":\"Antonietta Di Vizia\",\"@id\":\"https:\\\/\\\/www.romaoggi.eu\\\/#\\\/schema\\\/person\\\/c8ca1fb64b5506391fff5f822a866c23\"},\"headline\":\"Incontro con Lorenza Bonaccorsi candidata Pd a due giorni dal voto\",\"datePublished\":\"2018-03-02T15:38:07+00:00\",\"dateModified\":\"2018-03-02T16:30:20+00:00\",\"mainEntityOfPage\":{\"@id\":\"https:\\\/\\\/www.romaoggi.eu\\\/index.php\\\/2018\\\/03\\\/02\\\/intervista-lorenza-bonaccorsi-pd\\\/\"},\"wordCount\":676,\"commentCount\":0,\"publisher\":{\"@id\":\"https:\\\/\\\/www.romaoggi.eu\\\/#organization\"},\"image\":{\"@id\":\"https:\\\/\\\/www.romaoggi.eu\\\/index.php\\\/2018\\\/03\\\/02\\\/intervista-lorenza-bonaccorsi-pd\\\/#primaryimage\"},\"thumbnailUrl\":\"https:\\\/\\\/www.romaoggi.eu\\\/wp-content\\\/uploads\\\/2018\\\/03\\\/prova-2.jpg\",\"keywords\":[\"2018\",\"4 marzo\",\"5 stelle\",\"Cinecitt\u00e0 World\",\"cinque stelle\",\"cristiano morelli\",\"Di Maio\",\"ELEZIONI POLITICHE\",\"FRANCESCHINI\",\"Gentiloni\",\"GIULIO TREMONTI\",\"Il mistero del cronovisore\",\"intervista\",\"LORENZA BONACCORSI\",\"MINISTRO FRANCESHINI\",\"Parlamento\",\"pd\",\"pino nazio\",\"romaoggi\",\"RomaOggi.eu\",\"rome\",\"voto\"],\"articleSection\":[\"attualit\u00e0\"],\"inLanguage\":\"it-IT\",\"potentialAction\":[{\"@type\":\"CommentAction\",\"name\":\"Comment\",\"target\":[\"https:\\\/\\\/www.romaoggi.eu\\\/index.php\\\/2018\\\/03\\\/02\\\/intervista-lorenza-bonaccorsi-pd\\\/#respond\"]}]},{\"@type\":\"WebPage\",\"@id\":\"https:\\\/\\\/www.romaoggi.eu\\\/index.php\\\/2018\\\/03\\\/02\\\/intervista-lorenza-bonaccorsi-pd\\\/\",\"url\":\"https:\\\/\\\/www.romaoggi.eu\\\/index.php\\\/2018\\\/03\\\/02\\\/intervista-lorenza-bonaccorsi-pd\\\/\",\"name\":\"Incontro con Lorenza Bonaccorsi candidata Pd a due giorni dal voto\",\"isPartOf\":{\"@id\":\"https:\\\/\\\/www.romaoggi.eu\\\/#website\"},\"primaryImageOfPage\":{\"@id\":\"https:\\\/\\\/www.romaoggi.eu\\\/index.php\\\/2018\\\/03\\\/02\\\/intervista-lorenza-bonaccorsi-pd\\\/#primaryimage\"},\"image\":{\"@id\":\"https:\\\/\\\/www.romaoggi.eu\\\/index.php\\\/2018\\\/03\\\/02\\\/intervista-lorenza-bonaccorsi-pd\\\/#primaryimage\"},\"thumbnailUrl\":\"https:\\\/\\\/www.romaoggi.eu\\\/wp-content\\\/uploads\\\/2018\\\/03\\\/prova-2.jpg\",\"datePublished\":\"2018-03-02T15:38:07+00:00\",\"dateModified\":\"2018-03-02T16:30:20+00:00\",\"description\":\"IL FUTURO DELL'ITALIA PASSA PER IL VOTO DEL 4 MARZO. INTERVISTA\\\/INCONTRO NELLA REDAZIONE DI ROMAOGGI.EU CON LORENZA BONACCORSI DEL PD.\",\"breadcrumb\":{\"@id\":\"https:\\\/\\\/www.romaoggi.eu\\\/index.php\\\/2018\\\/03\\\/02\\\/intervista-lorenza-bonaccorsi-pd\\\/#breadcrumb\"},\"inLanguage\":\"it-IT\",\"potentialAction\":[{\"@type\":\"ReadAction\",\"target\":[\"https:\\\/\\\/www.romaoggi.eu\\\/index.php\\\/2018\\\/03\\\/02\\\/intervista-lorenza-bonaccorsi-pd\\\/\"]}]},{\"@type\":\"ImageObject\",\"inLanguage\":\"it-IT\",\"@id\":\"https:\\\/\\\/www.romaoggi.eu\\\/index.php\\\/2018\\\/03\\\/02\\\/intervista-lorenza-bonaccorsi-pd\\\/#primaryimage\",\"url\":\"https:\\\/\\\/www.romaoggi.eu\\\/wp-content\\\/uploads\\\/2018\\\/03\\\/prova-2.jpg\",\"contentUrl\":\"https:\\\/\\\/www.romaoggi.eu\\\/wp-content\\\/uploads\\\/2018\\\/03\\\/prova-2.jpg\",\"width\":1999,\"height\":1499,\"caption\":\"Pino Nazio e Lorenza Bonaccorsi\"},{\"@type\":\"BreadcrumbList\",\"@id\":\"https:\\\/\\\/www.romaoggi.eu\\\/index.php\\\/2018\\\/03\\\/02\\\/intervista-lorenza-bonaccorsi-pd\\\/#breadcrumb\",\"itemListElement\":[{\"@type\":\"ListItem\",\"position\":1,\"name\":\"Home\",\"item\":\"https:\\\/\\\/www.romaoggi.eu\\\/\"},{\"@type\":\"ListItem\",\"position\":2,\"name\":\"Incontro con Lorenza Bonaccorsi candidata Pd a due giorni dal voto\"}]},{\"@type\":\"WebSite\",\"@id\":\"https:\\\/\\\/www.romaoggi.eu\\\/#website\",\"url\":\"https:\\\/\\\/www.romaoggi.eu\\\/\",\"name\":\"roma oggi\",\"description\":\"Interesting News for Interesting people\",\"publisher\":{\"@id\":\"https:\\\/\\\/www.romaoggi.eu\\\/#organization\"},\"potentialAction\":[{\"@type\":\"SearchAction\",\"target\":{\"@type\":\"EntryPoint\",\"urlTemplate\":\"https:\\\/\\\/www.romaoggi.eu\\\/?s={search_term_string}\"},\"query-input\":{\"@type\":\"PropertyValueSpecification\",\"valueRequired\":true,\"valueName\":\"search_term_string\"}}],\"inLanguage\":\"it-IT\"},{\"@type\":\"Organization\",\"@id\":\"https:\\\/\\\/www.romaoggi.eu\\\/#organization\",\"name\":\"RomaOggi\",\"url\":\"https:\\\/\\\/www.romaoggi.eu\\\/\",\"logo\":{\"@type\":\"ImageObject\",\"inLanguage\":\"it-IT\",\"@id\":\"https:\\\/\\\/www.romaoggi.eu\\\/#\\\/schema\\\/logo\\\/image\\\/\",\"url\":\"https:\\\/\\\/www.romaoggi.eu\\\/wp-content\\\/uploads\\\/2017\\\/04\\\/logowp.jpg\",\"contentUrl\":\"https:\\\/\\\/www.romaoggi.eu\\\/wp-content\\\/uploads\\\/2017\\\/04\\\/logowp.jpg\",\"width\":300,\"height\":133,\"caption\":\"RomaOggi\"},\"image\":{\"@id\":\"https:\\\/\\\/www.romaoggi.eu\\\/#\\\/schema\\\/logo\\\/image\\\/\"},\"sameAs\":[\"https:\\\/\\\/www.facebook.com\\\/RomaOggi-841544845954114\",\"https:\\\/\\\/x.com\\\/romaoggi_eu\"]},{\"@type\":\"Person\",\"@id\":\"https:\\\/\\\/www.romaoggi.eu\\\/#\\\/schema\\\/person\\\/c8ca1fb64b5506391fff5f822a866c23\",\"name\":\"Antonietta Di Vizia\",\"image\":{\"@type\":\"ImageObject\",\"inLanguage\":\"it-IT\",\"@id\":\"https:\\\/\\\/secure.gravatar.com\\\/avatar\\\/2ad571aa3fbfe3089b06ed5617adf58717b9359c0c97cf9b52804fb2dac293f2?s=96&d=mm&r=g\",\"url\":\"https:\\\/\\\/secure.gravatar.com\\\/avatar\\\/2ad571aa3fbfe3089b06ed5617adf58717b9359c0c97cf9b52804fb2dac293f2?s=96&d=mm&r=g\",\"contentUrl\":\"https:\\\/\\\/secure.gravatar.com\\\/avatar\\\/2ad571aa3fbfe3089b06ed5617adf58717b9359c0c97cf9b52804fb2dac293f2?s=96&d=mm&r=g\",\"caption\":\"Antonietta Di Vizia\"},\"url\":\"https:\\\/\\\/www.romaoggi.eu\\\/index.php\\\/author\\\/antonietta\\\/\"}]}<\/script>\n<!-- \/ Yoast SEO plugin. -->","yoast_head_json":{"title":"Incontro con Lorenza Bonaccorsi candidata Pd a due giorni dal voto","description":"IL FUTURO DELL'ITALIA PASSA PER IL VOTO DEL 4 MARZO. INTERVISTA\/INCONTRO NELLA REDAZIONE DI ROMAOGGI.EU CON LORENZA BONACCORSI DEL PD.","robots":{"index":"index","follow":"follow","max-snippet":"max-snippet:-1","max-image-preview":"max-image-preview:large","max-video-preview":"max-video-preview:-1"},"canonical":"https:\/\/www.romaoggi.eu\/index.php\/2018\/03\/02\/intervista-lorenza-bonaccorsi-pd\/","og_locale":"it_IT","og_type":"article","og_title":"Incontro con Lorenza Bonaccorsi candidata Pd a due giorni dal voto","og_description":"IL FUTURO DELL'ITALIA PASSA PER IL VOTO DEL 4 MARZO. INTERVISTA\/INCONTRO NELLA REDAZIONE DI ROMAOGGI.EU CON LORENZA BONACCORSI DEL PD.","og_url":"https:\/\/www.romaoggi.eu\/index.php\/2018\/03\/02\/intervista-lorenza-bonaccorsi-pd\/","og_site_name":"roma oggi","article_publisher":"https:\/\/www.facebook.com\/RomaOggi-841544845954114","article_published_time":"2018-03-02T15:38:07+00:00","article_modified_time":"2018-03-02T16:30:20+00:00","og_image":[{"width":1999,"height":1499,"url":"https:\/\/www.romaoggi.eu\/wp-content\/uploads\/2018\/03\/prova-2.jpg","type":"image\/jpeg"}],"author":"Antonietta Di Vizia","twitter_card":"summary_large_image","twitter_creator":"@romaoggi_eu","twitter_site":"@romaoggi_eu","twitter_misc":{"Scritto da":"Antonietta Di Vizia","Tempo di lettura stimato":"3 minuti"},"schema":{"@context":"https:\/\/schema.org","@graph":[{"@type":"Article","@id":"https:\/\/www.romaoggi.eu\/index.php\/2018\/03\/02\/intervista-lorenza-bonaccorsi-pd\/#article","isPartOf":{"@id":"https:\/\/www.romaoggi.eu\/index.php\/2018\/03\/02\/intervista-lorenza-bonaccorsi-pd\/"},"author":{"name":"Antonietta Di Vizia","@id":"https:\/\/www.romaoggi.eu\/#\/schema\/person\/c8ca1fb64b5506391fff5f822a866c23"},"headline":"Incontro con Lorenza Bonaccorsi candidata Pd a due giorni dal voto","datePublished":"2018-03-02T15:38:07+00:00","dateModified":"2018-03-02T16:30:20+00:00","mainEntityOfPage":{"@id":"https:\/\/www.romaoggi.eu\/index.php\/2018\/03\/02\/intervista-lorenza-bonaccorsi-pd\/"},"wordCount":676,"commentCount":0,"publisher":{"@id":"https:\/\/www.romaoggi.eu\/#organization"},"image":{"@id":"https:\/\/www.romaoggi.eu\/index.php\/2018\/03\/02\/intervista-lorenza-bonaccorsi-pd\/#primaryimage"},"thumbnailUrl":"https:\/\/www.romaoggi.eu\/wp-content\/uploads\/2018\/03\/prova-2.jpg","keywords":["2018","4 marzo","5 stelle","Cinecitt\u00e0 World","cinque stelle","cristiano morelli","Di Maio","ELEZIONI POLITICHE","FRANCESCHINI","Gentiloni","GIULIO TREMONTI","Il mistero del cronovisore","intervista","LORENZA BONACCORSI","MINISTRO FRANCESHINI","Parlamento","pd","pino nazio","romaoggi","RomaOggi.eu","rome","voto"],"articleSection":["attualit\u00e0"],"inLanguage":"it-IT","potentialAction":[{"@type":"CommentAction","name":"Comment","target":["https:\/\/www.romaoggi.eu\/index.php\/2018\/03\/02\/intervista-lorenza-bonaccorsi-pd\/#respond"]}]},{"@type":"WebPage","@id":"https:\/\/www.romaoggi.eu\/index.php\/2018\/03\/02\/intervista-lorenza-bonaccorsi-pd\/","url":"https:\/\/www.romaoggi.eu\/index.php\/2018\/03\/02\/intervista-lorenza-bonaccorsi-pd\/","name":"Incontro con Lorenza Bonaccorsi candidata Pd a due giorni dal voto","isPartOf":{"@id":"https:\/\/www.romaoggi.eu\/#website"},"primaryImageOfPage":{"@id":"https:\/\/www.romaoggi.eu\/index.php\/2018\/03\/02\/intervista-lorenza-bonaccorsi-pd\/#primaryimage"},"image":{"@id":"https:\/\/www.romaoggi.eu\/index.php\/2018\/03\/02\/intervista-lorenza-bonaccorsi-pd\/#primaryimage"},"thumbnailUrl":"https:\/\/www.romaoggi.eu\/wp-content\/uploads\/2018\/03\/prova-2.jpg","datePublished":"2018-03-02T15:38:07+00:00","dateModified":"2018-03-02T16:30:20+00:00","description":"IL FUTURO DELL'ITALIA PASSA PER IL VOTO DEL 4 MARZO. INTERVISTA\/INCONTRO NELLA REDAZIONE DI ROMAOGGI.EU CON LORENZA BONACCORSI DEL PD.","breadcrumb":{"@id":"https:\/\/www.romaoggi.eu\/index.php\/2018\/03\/02\/intervista-lorenza-bonaccorsi-pd\/#breadcrumb"},"inLanguage":"it-IT","potentialAction":[{"@type":"ReadAction","target":["https:\/\/www.romaoggi.eu\/index.php\/2018\/03\/02\/intervista-lorenza-bonaccorsi-pd\/"]}]},{"@type":"ImageObject","inLanguage":"it-IT","@id":"https:\/\/www.romaoggi.eu\/index.php\/2018\/03\/02\/intervista-lorenza-bonaccorsi-pd\/#primaryimage","url":"https:\/\/www.romaoggi.eu\/wp-content\/uploads\/2018\/03\/prova-2.jpg","contentUrl":"https:\/\/www.romaoggi.eu\/wp-content\/uploads\/2018\/03\/prova-2.jpg","width":1999,"height":1499,"caption":"Pino Nazio e Lorenza Bonaccorsi"},{"@type":"BreadcrumbList","@id":"https:\/\/www.romaoggi.eu\/index.php\/2018\/03\/02\/intervista-lorenza-bonaccorsi-pd\/#breadcrumb","itemListElement":[{"@type":"ListItem","position":1,"name":"Home","item":"https:\/\/www.romaoggi.eu\/"},{"@type":"ListItem","position":2,"name":"Incontro con Lorenza Bonaccorsi candidata Pd a due giorni dal voto"}]},{"@type":"WebSite","@id":"https:\/\/www.romaoggi.eu\/#website","url":"https:\/\/www.romaoggi.eu\/","name":"roma oggi","description":"Interesting News for Interesting people","publisher":{"@id":"https:\/\/www.romaoggi.eu\/#organization"},"potentialAction":[{"@type":"SearchAction","target":{"@type":"EntryPoint","urlTemplate":"https:\/\/www.romaoggi.eu\/?s={search_term_string}"},"query-input":{"@type":"PropertyValueSpecification","valueRequired":true,"valueName":"search_term_string"}}],"inLanguage":"it-IT"},{"@type":"Organization","@id":"https:\/\/www.romaoggi.eu\/#organization","name":"RomaOggi","url":"https:\/\/www.romaoggi.eu\/","logo":{"@type":"ImageObject","inLanguage":"it-IT","@id":"https:\/\/www.romaoggi.eu\/#\/schema\/logo\/image\/","url":"https:\/\/www.romaoggi.eu\/wp-content\/uploads\/2017\/04\/logowp.jpg","contentUrl":"https:\/\/www.romaoggi.eu\/wp-content\/uploads\/2017\/04\/logowp.jpg","width":300,"height":133,"caption":"RomaOggi"},"image":{"@id":"https:\/\/www.romaoggi.eu\/#\/schema\/logo\/image\/"},"sameAs":["https:\/\/www.facebook.com\/RomaOggi-841544845954114","https:\/\/x.com\/romaoggi_eu"]},{"@type":"Person","@id":"https:\/\/www.romaoggi.eu\/#\/schema\/person\/c8ca1fb64b5506391fff5f822a866c23","name":"Antonietta Di Vizia","image":{"@type":"ImageObject","inLanguage":"it-IT","@id":"https:\/\/secure.gravatar.com\/avatar\/2ad571aa3fbfe3089b06ed5617adf58717b9359c0c97cf9b52804fb2dac293f2?s=96&d=mm&r=g","url":"https:\/\/secure.gravatar.com\/avatar\/2ad571aa3fbfe3089b06ed5617adf58717b9359c0c97cf9b52804fb2dac293f2?s=96&d=mm&r=g","contentUrl":"https:\/\/secure.gravatar.com\/avatar\/2ad571aa3fbfe3089b06ed5617adf58717b9359c0c97cf9b52804fb2dac293f2?s=96&d=mm&r=g","caption":"Antonietta Di Vizia"},"url":"https:\/\/www.romaoggi.eu\/index.php\/author\/antonietta\/"}]}},"_links":{"self":[{"href":"https:\/\/www.romaoggi.eu\/index.php\/wp-json\/wp\/v2\/posts\/14125","targetHints":{"allow":["GET"]}}],"collection":[{"href":"https:\/\/www.romaoggi.eu\/index.php\/wp-json\/wp\/v2\/posts"}],"about":[{"href":"https:\/\/www.romaoggi.eu\/index.php\/wp-json\/wp\/v2\/types\/post"}],"author":[{"embeddable":true,"href":"https:\/\/www.romaoggi.eu\/index.php\/wp-json\/wp\/v2\/users\/3"}],"replies":[{"embeddable":true,"href":"https:\/\/www.romaoggi.eu\/index.php\/wp-json\/wp\/v2\/comments?post=14125"}],"version-history":[{"count":6,"href":"https:\/\/www.romaoggi.eu\/index.php\/wp-json\/wp\/v2\/posts\/14125\/revisions"}],"predecessor-version":[{"id":14153,"href":"https:\/\/www.romaoggi.eu\/index.php\/wp-json\/wp\/v2\/posts\/14125\/revisions\/14153"}],"wp:featuredmedia":[{"embeddable":true,"href":"https:\/\/www.romaoggi.eu\/index.php\/wp-json\/wp\/v2\/media\/14128"}],"wp:attachment":[{"href":"https:\/\/www.romaoggi.eu\/index.php\/wp-json\/wp\/v2\/media?parent=14125"}],"wp:term":[{"taxonomy":"category","embeddable":true,"href":"https:\/\/www.romaoggi.eu\/index.php\/wp-json\/wp\/v2\/categories?post=14125"},{"taxonomy":"post_tag","embeddable":true,"href":"https:\/\/www.romaoggi.eu\/index.php\/wp-json\/wp\/v2\/tags?post=14125"}],"curies":[{"name":"wp","href":"https:\/\/api.w.org\/{rel}","templated":true}]}}