{"id":1431,"date":"2016-03-20T10:54:47","date_gmt":"2016-03-20T09:54:47","guid":{"rendered":"http:\/\/www.romaoggi.eu\/?p=1431"},"modified":"2016-03-22T10:22:22","modified_gmt":"2016-03-22T09:22:22","slug":"jo-malone-lo-store-the-herb-via-del-babuino","status":"publish","type":"post","link":"https:\/\/www.romaoggi.eu\/index.php\/2016\/03\/20\/jo-malone-lo-store-the-herb-via-del-babuino\/","title":{"rendered":"Jo Malone, nello store romano la limited edition &#8220;The Herb Garden&#8221;"},"content":{"rendered":"<h2>Jo Malone, essenze naturali e profumi personalizzabili nella capitale<\/h2>\n<p style=\"text-align: justify;\">Presentata il 19 marzo in Via del Babuino, 42 nello store romano <strong>Jo Malone <\/strong>la limited edition<strong> &#8220;The Herb Garden&#8221;, <\/strong>evento dedicato alle essenze naturali regine assolute della Jo Malone, che propone una combinazione personalizzabile e invita ad un mixturing unico e sovrapponibile per fornire ad ogni cliente una profumazione \u00a0inripetibile. Ce ne parla <strong>Lindsey Orsini<\/strong>\u00a0store manager di Jo Malone Roma.<\/p>\n<figure id=\"attachment_1434\" aria-describedby=\"caption-attachment-1434\" style=\"width: 364px\" class=\"wp-caption alignleft\"><img loading=\"lazy\" decoding=\"async\" class=\" wp-image-1434\" src=\"https:\/\/www.romaoggi.eu\/wp-content\/uploads\/2016\/03\/20160319_170037-300x169.jpg\" alt=\"A sinistra Lindsey Orsini store manager Jo Malone Roma\" width=\"364\" height=\"205\" srcset=\"https:\/\/www.romaoggi.eu\/wp-content\/uploads\/2016\/03\/20160319_170037-300x169.jpg 300w, https:\/\/www.romaoggi.eu\/wp-content\/uploads\/2016\/03\/20160319_170037-1024x576.jpg 1024w, https:\/\/www.romaoggi.eu\/wp-content\/uploads\/2016\/03\/20160319_170037-678x381.jpg 678w\" sizes=\"auto, (max-width: 364px) 100vw, 364px\" \/><figcaption id=\"caption-attachment-1434\" class=\"wp-caption-text\">A sinistra Lindsey Orsini store manager Jo Malone Roma<\/figcaption><\/figure>\n<p style=\"text-align: justify;\"><strong>Come nasce questo negozio e come una donna giovane come lei arriva a dirigerlo nel cuore di Roma?<\/strong>\u00a0&#8221; <em>Per me si tratta di una passione che \u00e8 diventata lavoro, e una grande opportunit\u00e0 per la quale ho molto studiato. L&#8217;intento \u00e8 quello di far arrivare alla clientela romana l&#8217;idea del <strong>layering<\/strong> ovvero la sovrapposizione dei profumi, per far questo, abbiamo pensato ad una zona massaggio mani e braccia per scoprire e provare varie combinazioni creando un profumo tutto per se, attraverso un mix di olio, crema e profumi preferiti e ogni volta diversi a seconda dell&#8217;occasione, umore, fase ormonale, evento. Una profumazione unica e personalizzata per seguire il proprio<strong> mood<\/strong><\/em>&#8220;.<br \/>\nAd integrare ed animare la serata il finger food di <strong>Valerio Foglia<\/strong> lo chef di <b>Solo Crudo<\/b>\u00a0di Viale Parioli, 192 a Roma, una vera cucina crudista, che propone solo cotture al di sotto dei 42 gradi per non distruggere le qualit\u00e0 organolettiche degli alimenti, una cucina vegana, dove non ci sono proteine animali e niente che derivi.<\/p>\n<figure id=\"attachment_1435\" aria-describedby=\"caption-attachment-1435\" style=\"width: 367px\" class=\"wp-caption alignright\"><img loading=\"lazy\" decoding=\"async\" class=\" wp-image-1435\" src=\"https:\/\/www.romaoggi.eu\/wp-content\/uploads\/2016\/03\/20160319_170757-300x169.jpg\" alt=\"Valerio Foglia Chef Juice Bar di viale Parioli, 192 Roma\" width=\"367\" height=\"207\" srcset=\"https:\/\/www.romaoggi.eu\/wp-content\/uploads\/2016\/03\/20160319_170757-300x169.jpg 300w, https:\/\/www.romaoggi.eu\/wp-content\/uploads\/2016\/03\/20160319_170757-1024x576.jpg 1024w, https:\/\/www.romaoggi.eu\/wp-content\/uploads\/2016\/03\/20160319_170757-678x381.jpg 678w\" sizes=\"auto, (max-width: 367px) 100vw, 367px\" \/><figcaption id=\"caption-attachment-1435\" class=\"wp-caption-text\">Valerio Foglia Chef <strong>Solo Crudo<\/strong> di Viale Parioli, 192 Roma<\/figcaption><\/figure>\n<p style=\"text-align: justify;\">A <strong>Valerio Foglia<\/strong> abbiamo chiesto: <strong>Cibo sano e salutare e in questo caso anche profumato?\u00a0<\/strong>&#8220;<em>Il messaggio che portiamo avanti \u00e8 quello dell&#8217; <strong>healthyfood<\/strong> ossia il cibo che fa bene. Abbiamo preparato un menu ad hoc per questo evento Jo Malone, partendo dalle stesse piantine aromatiche utilizzate nei profumi, che noi abbiamo inserito nei nostri finger food. Ad esempio, <strong>Il timo<\/strong>, base di molti profumi lo abbiamo pensato con un fungo marinato e un formaggio sempre aromatizzato al timo, <strong>il coriandolo<\/strong> lo abbiamo inserito dentro un rolls di zucchine con la verza marinata e un formaggio fatto di anacardi, \u00a0poi abbiamo preparato una barchetta di indivia con il <strong>finocchietto<\/strong> usato nei profumi, con una maionese vegana fatta di anacardi e curcuma, arancia finocchio e noci&#8230;quindi erbe, tante erbe, con una duplice funzione, profumare ed alimentare in modo semplice e sano!<\/em>&#8220;.<\/p>\n<p style=\"text-align: justify;\">Jo Malone,\u00a0<a href=\"http:\/\/www.jomalone.com\">http:\/\/www.jomalone.com<\/a>, a Roma in Via del Babuino, 42, per essere profumati ed unici.<\/p>\n<p style=\"text-align: justify;\">Articolo di Antonietta Di Vizia<\/p>\n<p style=\"text-align: justify;\"><img loading=\"lazy\" decoding=\"async\" class=\"aligncenter wp-image-1436 size-large\" src=\"https:\/\/www.romaoggi.eu\/wp-content\/uploads\/2016\/03\/20160319_170108-1024x576.jpg\" alt=\"Jo Malone\" width=\"1024\" height=\"576\" srcset=\"https:\/\/www.romaoggi.eu\/wp-content\/uploads\/2016\/03\/20160319_170108-1024x576.jpg 1024w, https:\/\/www.romaoggi.eu\/wp-content\/uploads\/2016\/03\/20160319_170108-300x169.jpg 300w, https:\/\/www.romaoggi.eu\/wp-content\/uploads\/2016\/03\/20160319_170108-678x381.jpg 678w\" sizes=\"auto, (max-width: 1024px) 100vw, 1024px\" \/><\/p>\n","protected":false},"excerpt":{"rendered":"<div class=\"mh-excerpt\"><p>Jo Malone, essenze naturali e profumi personalizzabili nella capitale Presentata il 19 marzo in Via del Babuino, 42 nello store romano Jo Malone la limited edition &#8220;The Herb Garden&#8221;, evento dedicato alle essenze naturali regine <a class=\"mh-excerpt-more\" href=\"https:\/\/www.romaoggi.eu\/index.php\/2016\/03\/20\/jo-malone-lo-store-the-herb-via-del-babuino\/\" title=\"Jo Malone, nello store romano la limited edition &#8220;The Herb Garden&#8221;\">[&#8230;]<\/a><\/p>\n<\/div>","protected":false},"author":3,"featured_media":1433,"comment_status":"open","ping_status":"open","sticky":false,"template":"","format":"standard","meta":{"_sitemap_exclude":false,"_sitemap_priority":"","_sitemap_frequency":"","footnotes":""},"categories":[3],"tags":[1311,520,1321,1314,1322,1308,1316,1317,1309,1319,917,1335,1318,1320,1313,1315,1310],"class_list":["post-1431","post","type-post","status-publish","format-standard","has-post-thumbnail","hentry","category-eventi","tag-1311","tag-antonietta-di-vizia","tag-coriandolo","tag-cucina-crudista","tag-finocchio","tag-jo-malone","tag-layering","tag-lindsey-orsini","tag-profumeria","tag-profumi-personalizzabili","tag-ristorante-vegetariano","tag-solo-crudo","tag-the-herb","tag-timo","tag-valerio-foglia","tag-vegano","tag-via-del-babuino"],"yoast_head":"<!-- This site is optimized with the Yoast SEO plugin v27.5 - https:\/\/yoast.com\/product\/yoast-seo-wordpress\/ -->\n<title>Jo Malone, lo Store in via del Babuino,42<\/title>\n<meta name=\"description\" content=\"Jo Malone, limited edition &quot;The Herb Gaden&quot; essenze naturali sovrapponibili per un mixturing unico, per dare ad ogni cliente una profumazione esclusiva.\" \/>\n<meta name=\"robots\" content=\"index, follow, max-snippet:-1, max-image-preview:large, max-video-preview:-1\" \/>\n<link rel=\"canonical\" href=\"https:\/\/www.romaoggi.eu\/index.php\/2016\/03\/20\/jo-malone-lo-store-the-herb-via-del-babuino\/\" \/>\n<meta property=\"og:locale\" content=\"it_IT\" \/>\n<meta property=\"og:type\" content=\"article\" \/>\n<meta property=\"og:title\" content=\"Jo Malone, lo Store in via del Babuino,42\" \/>\n<meta property=\"og:description\" content=\"Jo Malone, limited edition &quot;The Herb Gaden&quot; essenze naturali sovrapponibili per un mixturing unico, per dare ad ogni cliente una profumazione esclusiva.\" \/>\n<meta property=\"og:url\" content=\"https:\/\/www.romaoggi.eu\/index.php\/2016\/03\/20\/jo-malone-lo-store-the-herb-via-del-babuino\/\" \/>\n<meta property=\"og:site_name\" content=\"roma oggi\" \/>\n<meta property=\"article:publisher\" content=\"https:\/\/www.facebook.com\/RomaOggi-841544845954114\" \/>\n<meta property=\"article:published_time\" content=\"2016-03-20T09:54:47+00:00\" \/>\n<meta property=\"article:modified_time\" content=\"2016-03-22T09:22:22+00:00\" \/>\n<meta property=\"og:image\" content=\"https:\/\/www.romaoggi.eu\/wp-content\/uploads\/2016\/03\/20160319_174433.jpg\" \/>\n\t<meta property=\"og:image:width\" content=\"3264\" \/>\n\t<meta property=\"og:image:height\" content=\"1836\" \/>\n\t<meta property=\"og:image:type\" content=\"image\/jpeg\" \/>\n<meta name=\"author\" content=\"Antonietta Di Vizia\" \/>\n<meta name=\"twitter:card\" content=\"summary_large_image\" \/>\n<meta name=\"twitter:creator\" content=\"@romaoggi_eu\" \/>\n<meta name=\"twitter:site\" content=\"@romaoggi_eu\" \/>\n<meta name=\"twitter:label1\" content=\"Scritto da\" \/>\n\t<meta name=\"twitter:data1\" content=\"Antonietta Di Vizia\" \/>\n\t<meta name=\"twitter:label2\" content=\"Tempo di lettura stimato\" \/>\n\t<meta name=\"twitter:data2\" content=\"2 minuti\" \/>\n<script type=\"application\/ld+json\" class=\"yoast-schema-graph\">{\"@context\":\"https:\\\/\\\/schema.org\",\"@graph\":[{\"@type\":\"Article\",\"@id\":\"https:\\\/\\\/www.romaoggi.eu\\\/index.php\\\/2016\\\/03\\\/20\\\/jo-malone-lo-store-the-herb-via-del-babuino\\\/#article\",\"isPartOf\":{\"@id\":\"https:\\\/\\\/www.romaoggi.eu\\\/index.php\\\/2016\\\/03\\\/20\\\/jo-malone-lo-store-the-herb-via-del-babuino\\\/\"},\"author\":{\"name\":\"Antonietta Di Vizia\",\"@id\":\"https:\\\/\\\/www.romaoggi.eu\\\/#\\\/schema\\\/person\\\/c8ca1fb64b5506391fff5f822a866c23\"},\"headline\":\"Jo Malone, nello store romano la limited edition &#8220;The Herb Garden&#8221;\",\"datePublished\":\"2016-03-20T09:54:47+00:00\",\"dateModified\":\"2016-03-22T09:22:22+00:00\",\"mainEntityOfPage\":{\"@id\":\"https:\\\/\\\/www.romaoggi.eu\\\/index.php\\\/2016\\\/03\\\/20\\\/jo-malone-lo-store-the-herb-via-del-babuino\\\/\"},\"wordCount\":441,\"commentCount\":0,\"publisher\":{\"@id\":\"https:\\\/\\\/www.romaoggi.eu\\\/#organization\"},\"image\":{\"@id\":\"https:\\\/\\\/www.romaoggi.eu\\\/index.php\\\/2016\\\/03\\\/20\\\/jo-malone-lo-store-the-herb-via-del-babuino\\\/#primaryimage\"},\"thumbnailUrl\":\"https:\\\/\\\/www.romaoggi.eu\\\/wp-content\\\/uploads\\\/2016\\\/03\\\/20160319_174433.jpg\",\"keywords\":[\"42\",\"Antonietta Di Vizia\",\"coriandolo\",\"cucina crudista\",\"finocchio\",\"Jo Malone\",\"layering\",\"Lindsey Orsini\",\"profumeria\",\"profumi personalizzabili\",\"ristorante vegetariano\",\"Solo Crudo\",\"The Herb\",\"timo\",\"Valerio Foglia\",\"vegano\",\"Via del Babuino\"],\"articleSection\":[\"Eventi\"],\"inLanguage\":\"it-IT\",\"potentialAction\":[{\"@type\":\"CommentAction\",\"name\":\"Comment\",\"target\":[\"https:\\\/\\\/www.romaoggi.eu\\\/index.php\\\/2016\\\/03\\\/20\\\/jo-malone-lo-store-the-herb-via-del-babuino\\\/#respond\"]}]},{\"@type\":\"WebPage\",\"@id\":\"https:\\\/\\\/www.romaoggi.eu\\\/index.php\\\/2016\\\/03\\\/20\\\/jo-malone-lo-store-the-herb-via-del-babuino\\\/\",\"url\":\"https:\\\/\\\/www.romaoggi.eu\\\/index.php\\\/2016\\\/03\\\/20\\\/jo-malone-lo-store-the-herb-via-del-babuino\\\/\",\"name\":\"Jo Malone, lo Store in via del Babuino,42\",\"isPartOf\":{\"@id\":\"https:\\\/\\\/www.romaoggi.eu\\\/#website\"},\"primaryImageOfPage\":{\"@id\":\"https:\\\/\\\/www.romaoggi.eu\\\/index.php\\\/2016\\\/03\\\/20\\\/jo-malone-lo-store-the-herb-via-del-babuino\\\/#primaryimage\"},\"image\":{\"@id\":\"https:\\\/\\\/www.romaoggi.eu\\\/index.php\\\/2016\\\/03\\\/20\\\/jo-malone-lo-store-the-herb-via-del-babuino\\\/#primaryimage\"},\"thumbnailUrl\":\"https:\\\/\\\/www.romaoggi.eu\\\/wp-content\\\/uploads\\\/2016\\\/03\\\/20160319_174433.jpg\",\"datePublished\":\"2016-03-20T09:54:47+00:00\",\"dateModified\":\"2016-03-22T09:22:22+00:00\",\"description\":\"Jo Malone, limited edition \\\"The Herb Gaden\\\" essenze naturali sovrapponibili per un mixturing unico, per dare ad ogni cliente una profumazione esclusiva.\",\"breadcrumb\":{\"@id\":\"https:\\\/\\\/www.romaoggi.eu\\\/index.php\\\/2016\\\/03\\\/20\\\/jo-malone-lo-store-the-herb-via-del-babuino\\\/#breadcrumb\"},\"inLanguage\":\"it-IT\",\"potentialAction\":[{\"@type\":\"ReadAction\",\"target\":[\"https:\\\/\\\/www.romaoggi.eu\\\/index.php\\\/2016\\\/03\\\/20\\\/jo-malone-lo-store-the-herb-via-del-babuino\\\/\"]}]},{\"@type\":\"ImageObject\",\"inLanguage\":\"it-IT\",\"@id\":\"https:\\\/\\\/www.romaoggi.eu\\\/index.php\\\/2016\\\/03\\\/20\\\/jo-malone-lo-store-the-herb-via-del-babuino\\\/#primaryimage\",\"url\":\"https:\\\/\\\/www.romaoggi.eu\\\/wp-content\\\/uploads\\\/2016\\\/03\\\/20160319_174433.jpg\",\"contentUrl\":\"https:\\\/\\\/www.romaoggi.eu\\\/wp-content\\\/uploads\\\/2016\\\/03\\\/20160319_174433.jpg\",\"width\":3264,\"height\":1836},{\"@type\":\"BreadcrumbList\",\"@id\":\"https:\\\/\\\/www.romaoggi.eu\\\/index.php\\\/2016\\\/03\\\/20\\\/jo-malone-lo-store-the-herb-via-del-babuino\\\/#breadcrumb\",\"itemListElement\":[{\"@type\":\"ListItem\",\"position\":1,\"name\":\"Home\",\"item\":\"https:\\\/\\\/www.romaoggi.eu\\\/\"},{\"@type\":\"ListItem\",\"position\":2,\"name\":\"Jo Malone, nello store romano la limited edition &#8220;The Herb Garden&#8221;\"}]},{\"@type\":\"WebSite\",\"@id\":\"https:\\\/\\\/www.romaoggi.eu\\\/#website\",\"url\":\"https:\\\/\\\/www.romaoggi.eu\\\/\",\"name\":\"roma oggi\",\"description\":\"Interesting News for Interesting people\",\"publisher\":{\"@id\":\"https:\\\/\\\/www.romaoggi.eu\\\/#organization\"},\"potentialAction\":[{\"@type\":\"SearchAction\",\"target\":{\"@type\":\"EntryPoint\",\"urlTemplate\":\"https:\\\/\\\/www.romaoggi.eu\\\/?s={search_term_string}\"},\"query-input\":{\"@type\":\"PropertyValueSpecification\",\"valueRequired\":true,\"valueName\":\"search_term_string\"}}],\"inLanguage\":\"it-IT\"},{\"@type\":\"Organization\",\"@id\":\"https:\\\/\\\/www.romaoggi.eu\\\/#organization\",\"name\":\"RomaOggi\",\"url\":\"https:\\\/\\\/www.romaoggi.eu\\\/\",\"logo\":{\"@type\":\"ImageObject\",\"inLanguage\":\"it-IT\",\"@id\":\"https:\\\/\\\/www.romaoggi.eu\\\/#\\\/schema\\\/logo\\\/image\\\/\",\"url\":\"https:\\\/\\\/www.romaoggi.eu\\\/wp-content\\\/uploads\\\/2017\\\/04\\\/logowp.jpg\",\"contentUrl\":\"https:\\\/\\\/www.romaoggi.eu\\\/wp-content\\\/uploads\\\/2017\\\/04\\\/logowp.jpg\",\"width\":300,\"height\":133,\"caption\":\"RomaOggi\"},\"image\":{\"@id\":\"https:\\\/\\\/www.romaoggi.eu\\\/#\\\/schema\\\/logo\\\/image\\\/\"},\"sameAs\":[\"https:\\\/\\\/www.facebook.com\\\/RomaOggi-841544845954114\",\"https:\\\/\\\/x.com\\\/romaoggi_eu\"]},{\"@type\":\"Person\",\"@id\":\"https:\\\/\\\/www.romaoggi.eu\\\/#\\\/schema\\\/person\\\/c8ca1fb64b5506391fff5f822a866c23\",\"name\":\"Antonietta Di Vizia\",\"image\":{\"@type\":\"ImageObject\",\"inLanguage\":\"it-IT\",\"@id\":\"https:\\\/\\\/secure.gravatar.com\\\/avatar\\\/2ad571aa3fbfe3089b06ed5617adf58717b9359c0c97cf9b52804fb2dac293f2?s=96&d=mm&r=g\",\"url\":\"https:\\\/\\\/secure.gravatar.com\\\/avatar\\\/2ad571aa3fbfe3089b06ed5617adf58717b9359c0c97cf9b52804fb2dac293f2?s=96&d=mm&r=g\",\"contentUrl\":\"https:\\\/\\\/secure.gravatar.com\\\/avatar\\\/2ad571aa3fbfe3089b06ed5617adf58717b9359c0c97cf9b52804fb2dac293f2?s=96&d=mm&r=g\",\"caption\":\"Antonietta Di Vizia\"},\"url\":\"https:\\\/\\\/www.romaoggi.eu\\\/index.php\\\/author\\\/antonietta\\\/\"}]}<\/script>\n<!-- \/ Yoast SEO plugin. -->","yoast_head_json":{"title":"Jo Malone, lo Store in via del Babuino,42","description":"Jo Malone, limited edition \"The Herb Gaden\" essenze naturali sovrapponibili per un mixturing unico, per dare ad ogni cliente una profumazione esclusiva.","robots":{"index":"index","follow":"follow","max-snippet":"max-snippet:-1","max-image-preview":"max-image-preview:large","max-video-preview":"max-video-preview:-1"},"canonical":"https:\/\/www.romaoggi.eu\/index.php\/2016\/03\/20\/jo-malone-lo-store-the-herb-via-del-babuino\/","og_locale":"it_IT","og_type":"article","og_title":"Jo Malone, lo Store in via del Babuino,42","og_description":"Jo Malone, limited edition \"The Herb Gaden\" essenze naturali sovrapponibili per un mixturing unico, per dare ad ogni cliente una profumazione esclusiva.","og_url":"https:\/\/www.romaoggi.eu\/index.php\/2016\/03\/20\/jo-malone-lo-store-the-herb-via-del-babuino\/","og_site_name":"roma oggi","article_publisher":"https:\/\/www.facebook.com\/RomaOggi-841544845954114","article_published_time":"2016-03-20T09:54:47+00:00","article_modified_time":"2016-03-22T09:22:22+00:00","og_image":[{"width":3264,"height":1836,"url":"https:\/\/www.romaoggi.eu\/wp-content\/uploads\/2016\/03\/20160319_174433.jpg","type":"image\/jpeg"}],"author":"Antonietta Di Vizia","twitter_card":"summary_large_image","twitter_creator":"@romaoggi_eu","twitter_site":"@romaoggi_eu","twitter_misc":{"Scritto da":"Antonietta Di Vizia","Tempo di lettura stimato":"2 minuti"},"schema":{"@context":"https:\/\/schema.org","@graph":[{"@type":"Article","@id":"https:\/\/www.romaoggi.eu\/index.php\/2016\/03\/20\/jo-malone-lo-store-the-herb-via-del-babuino\/#article","isPartOf":{"@id":"https:\/\/www.romaoggi.eu\/index.php\/2016\/03\/20\/jo-malone-lo-store-the-herb-via-del-babuino\/"},"author":{"name":"Antonietta Di Vizia","@id":"https:\/\/www.romaoggi.eu\/#\/schema\/person\/c8ca1fb64b5506391fff5f822a866c23"},"headline":"Jo Malone, nello store romano la limited edition &#8220;The Herb Garden&#8221;","datePublished":"2016-03-20T09:54:47+00:00","dateModified":"2016-03-22T09:22:22+00:00","mainEntityOfPage":{"@id":"https:\/\/www.romaoggi.eu\/index.php\/2016\/03\/20\/jo-malone-lo-store-the-herb-via-del-babuino\/"},"wordCount":441,"commentCount":0,"publisher":{"@id":"https:\/\/www.romaoggi.eu\/#organization"},"image":{"@id":"https:\/\/www.romaoggi.eu\/index.php\/2016\/03\/20\/jo-malone-lo-store-the-herb-via-del-babuino\/#primaryimage"},"thumbnailUrl":"https:\/\/www.romaoggi.eu\/wp-content\/uploads\/2016\/03\/20160319_174433.jpg","keywords":["42","Antonietta Di Vizia","coriandolo","cucina crudista","finocchio","Jo Malone","layering","Lindsey Orsini","profumeria","profumi personalizzabili","ristorante vegetariano","Solo Crudo","The Herb","timo","Valerio Foglia","vegano","Via del Babuino"],"articleSection":["Eventi"],"inLanguage":"it-IT","potentialAction":[{"@type":"CommentAction","name":"Comment","target":["https:\/\/www.romaoggi.eu\/index.php\/2016\/03\/20\/jo-malone-lo-store-the-herb-via-del-babuino\/#respond"]}]},{"@type":"WebPage","@id":"https:\/\/www.romaoggi.eu\/index.php\/2016\/03\/20\/jo-malone-lo-store-the-herb-via-del-babuino\/","url":"https:\/\/www.romaoggi.eu\/index.php\/2016\/03\/20\/jo-malone-lo-store-the-herb-via-del-babuino\/","name":"Jo Malone, lo Store in via del Babuino,42","isPartOf":{"@id":"https:\/\/www.romaoggi.eu\/#website"},"primaryImageOfPage":{"@id":"https:\/\/www.romaoggi.eu\/index.php\/2016\/03\/20\/jo-malone-lo-store-the-herb-via-del-babuino\/#primaryimage"},"image":{"@id":"https:\/\/www.romaoggi.eu\/index.php\/2016\/03\/20\/jo-malone-lo-store-the-herb-via-del-babuino\/#primaryimage"},"thumbnailUrl":"https:\/\/www.romaoggi.eu\/wp-content\/uploads\/2016\/03\/20160319_174433.jpg","datePublished":"2016-03-20T09:54:47+00:00","dateModified":"2016-03-22T09:22:22+00:00","description":"Jo Malone, limited edition \"The Herb Gaden\" essenze naturali sovrapponibili per un mixturing unico, per dare ad ogni cliente una profumazione esclusiva.","breadcrumb":{"@id":"https:\/\/www.romaoggi.eu\/index.php\/2016\/03\/20\/jo-malone-lo-store-the-herb-via-del-babuino\/#breadcrumb"},"inLanguage":"it-IT","potentialAction":[{"@type":"ReadAction","target":["https:\/\/www.romaoggi.eu\/index.php\/2016\/03\/20\/jo-malone-lo-store-the-herb-via-del-babuino\/"]}]},{"@type":"ImageObject","inLanguage":"it-IT","@id":"https:\/\/www.romaoggi.eu\/index.php\/2016\/03\/20\/jo-malone-lo-store-the-herb-via-del-babuino\/#primaryimage","url":"https:\/\/www.romaoggi.eu\/wp-content\/uploads\/2016\/03\/20160319_174433.jpg","contentUrl":"https:\/\/www.romaoggi.eu\/wp-content\/uploads\/2016\/03\/20160319_174433.jpg","width":3264,"height":1836},{"@type":"BreadcrumbList","@id":"https:\/\/www.romaoggi.eu\/index.php\/2016\/03\/20\/jo-malone-lo-store-the-herb-via-del-babuino\/#breadcrumb","itemListElement":[{"@type":"ListItem","position":1,"name":"Home","item":"https:\/\/www.romaoggi.eu\/"},{"@type":"ListItem","position":2,"name":"Jo Malone, nello store romano la limited edition &#8220;The Herb Garden&#8221;"}]},{"@type":"WebSite","@id":"https:\/\/www.romaoggi.eu\/#website","url":"https:\/\/www.romaoggi.eu\/","name":"roma oggi","description":"Interesting News for Interesting people","publisher":{"@id":"https:\/\/www.romaoggi.eu\/#organization"},"potentialAction":[{"@type":"SearchAction","target":{"@type":"EntryPoint","urlTemplate":"https:\/\/www.romaoggi.eu\/?s={search_term_string}"},"query-input":{"@type":"PropertyValueSpecification","valueRequired":true,"valueName":"search_term_string"}}],"inLanguage":"it-IT"},{"@type":"Organization","@id":"https:\/\/www.romaoggi.eu\/#organization","name":"RomaOggi","url":"https:\/\/www.romaoggi.eu\/","logo":{"@type":"ImageObject","inLanguage":"it-IT","@id":"https:\/\/www.romaoggi.eu\/#\/schema\/logo\/image\/","url":"https:\/\/www.romaoggi.eu\/wp-content\/uploads\/2017\/04\/logowp.jpg","contentUrl":"https:\/\/www.romaoggi.eu\/wp-content\/uploads\/2017\/04\/logowp.jpg","width":300,"height":133,"caption":"RomaOggi"},"image":{"@id":"https:\/\/www.romaoggi.eu\/#\/schema\/logo\/image\/"},"sameAs":["https:\/\/www.facebook.com\/RomaOggi-841544845954114","https:\/\/x.com\/romaoggi_eu"]},{"@type":"Person","@id":"https:\/\/www.romaoggi.eu\/#\/schema\/person\/c8ca1fb64b5506391fff5f822a866c23","name":"Antonietta Di Vizia","image":{"@type":"ImageObject","inLanguage":"it-IT","@id":"https:\/\/secure.gravatar.com\/avatar\/2ad571aa3fbfe3089b06ed5617adf58717b9359c0c97cf9b52804fb2dac293f2?s=96&d=mm&r=g","url":"https:\/\/secure.gravatar.com\/avatar\/2ad571aa3fbfe3089b06ed5617adf58717b9359c0c97cf9b52804fb2dac293f2?s=96&d=mm&r=g","contentUrl":"https:\/\/secure.gravatar.com\/avatar\/2ad571aa3fbfe3089b06ed5617adf58717b9359c0c97cf9b52804fb2dac293f2?s=96&d=mm&r=g","caption":"Antonietta Di Vizia"},"url":"https:\/\/www.romaoggi.eu\/index.php\/author\/antonietta\/"}]}},"_links":{"self":[{"href":"https:\/\/www.romaoggi.eu\/index.php\/wp-json\/wp\/v2\/posts\/1431","targetHints":{"allow":["GET"]}}],"collection":[{"href":"https:\/\/www.romaoggi.eu\/index.php\/wp-json\/wp\/v2\/posts"}],"about":[{"href":"https:\/\/www.romaoggi.eu\/index.php\/wp-json\/wp\/v2\/types\/post"}],"author":[{"embeddable":true,"href":"https:\/\/www.romaoggi.eu\/index.php\/wp-json\/wp\/v2\/users\/3"}],"replies":[{"embeddable":true,"href":"https:\/\/www.romaoggi.eu\/index.php\/wp-json\/wp\/v2\/comments?post=1431"}],"version-history":[{"count":7,"href":"https:\/\/www.romaoggi.eu\/index.php\/wp-json\/wp\/v2\/posts\/1431\/revisions"}],"predecessor-version":[{"id":1481,"href":"https:\/\/www.romaoggi.eu\/index.php\/wp-json\/wp\/v2\/posts\/1431\/revisions\/1481"}],"wp:featuredmedia":[{"embeddable":true,"href":"https:\/\/www.romaoggi.eu\/index.php\/wp-json\/wp\/v2\/media\/1433"}],"wp:attachment":[{"href":"https:\/\/www.romaoggi.eu\/index.php\/wp-json\/wp\/v2\/media?parent=1431"}],"wp:term":[{"taxonomy":"category","embeddable":true,"href":"https:\/\/www.romaoggi.eu\/index.php\/wp-json\/wp\/v2\/categories?post=1431"},{"taxonomy":"post_tag","embeddable":true,"href":"https:\/\/www.romaoggi.eu\/index.php\/wp-json\/wp\/v2\/tags?post=1431"}],"curies":[{"name":"wp","href":"https:\/\/api.w.org\/{rel}","templated":true}]}}