{"id":14492,"date":"2018-03-18T14:07:21","date_gmt":"2018-03-18T13:07:21","guid":{"rendered":"http:\/\/www.romaoggi.eu\/?p=14492"},"modified":"2018-03-18T14:07:21","modified_gmt":"2018-03-18T13:07:21","slug":"giusfredi-sindaco","status":"publish","type":"post","link":"https:\/\/www.romaoggi.eu\/index.php\/2018\/03\/18\/giusfredi-sindaco\/","title":{"rendered":"&#8221; Giusfredi Sindaco &#8221; si \u00e8 presentato allo Sporting Village di Aprilia"},"content":{"rendered":"<p style=\"text-align: justify;\">&#8221; Giusfredi Sindaco &#8221; si \u00e8 presentato questa mattina allo<a href=\"http:\/\/www.apriliasportingvillage.it\"> Sporting Village di Aprilia<\/a>, un nome fra i pi\u00f9\u00a0 conosciuti e blasonati tra i candidati\u00a0 in corsa per le prossime elezioni amministrative della citt\u00e0.<\/p>\n<p style=\"text-align: justify;\">Appoggiato, almeno fino ad ora, da due liste civiche, aperto a tutte le forze politiche che vogliano condivedere lo stesso progetto, e con un Pd ancora incerto nell&#8217;appoggio, Giorgio Giusfredi ex Preside dell&#8217;Istituto Giovanni Pascoli di Aprilia, parla con chiarezza, la stessa\u00a0 alla quale non siamo pi\u00f9 molto abituati a farvi i conti.<\/p>\n<p style=\"text-align: justify;\">&#8220;Sono un democratico, ascolto tutti,\u00a0 ma attorno ad un tavolo, e di fronte ad una non convergenza di intenti, chi decide sono io, io sono il governatore ed io decido&#8221;.<\/p>\n<p style=\"text-align: justify;\">Vuole sgombrare il campo da equivoci e fraintendimenti sin dall&#8217;inizio, Giorgio Giusfredi, 67 anni ed un bagaglio di esperienza scolastica e sportiva che mostra pagine fitte di dati sul suo eccellente curriculum. Esordisce con lo spiegare all&#8217;intera platea, i motivi che lo hanno spinto ad accettare la proposta di entrare in politica, e lo fa esattamente come chi ha in serbo, grandi valori, passione e fiducia nel rendere questa citt\u00e0, non una fra le prime quinte del Lazio, ma la quarta, fino a voler rendere i propri abitanti orgogliosi di definirsi cittadini apriliani. &#8221; Un amico mi ha fatto riflettere, racconta Giusfredi, ed io credo alla nobilt\u00e0 della politica, quella priva di interessi, quella per la quale \u00e8 importante solo dare un cotributo al miglioramento della citt\u00e0 di cui mi sento parte, dove l&#8217;importante \u00e8 dare ascolto, concretezza e senza false promesse&#8221;.<\/p>\n<p style=\"text-align: justify;\">Il progetto su Aprilia per Giusfredi sindaco, parte dalla periferie, dalle borgate che andrebbero riqualificate con specifici capitoli in bilancio, continua con le scuole, per non tralasciare la cultura. &#8221; Abbiamo il pregio di una struttura come l&#8217;ex Claudia, che non ci possiamo permettere di non utilizzare, mentre oggi manca addirittura di un cartello gigante che ne segnali l&#8217;allocazione&#8221;.<\/p>\n<p style=\"text-align: justify;\">Fare rete con le associazioni, ma sopratutto puntare sui giovani, la grande risorsa, la grande importanza \u00e8 su quanto punta il neo candidato sindaco, esattamente come ha sempre fatto nel corso della sua carriera iniziata nel 78 , insomma ,\u00a0 da questo punto di vista, Giorgio Giusfredi,\u00a0 probabilmente non sar\u00e0 mai un preside &#8221; andato in pensione&#8221;.<\/p>\n<p style=\"text-align: justify;\">\u00a0Di <a href=\"https:\/\/www.romaoggi.eu\/index.php\/author\/lorella\/page\/8\/\">Lorella Iaci<\/a><\/p>\n","protected":false},"excerpt":{"rendered":"<div class=\"mh-excerpt\"><p>&#8221; Giusfredi Sindaco &#8221; si \u00e8 presentato questa mattina allo Sporting Village di Aprilia, un nome fra i pi\u00f9\u00a0 conosciuti e blasonati tra i candidati\u00a0 in corsa per le prossime elezioni amministrative della citt\u00e0. Appoggiato, <a class=\"mh-excerpt-more\" href=\"https:\/\/www.romaoggi.eu\/index.php\/2018\/03\/18\/giusfredi-sindaco\/\" title=\"&#8221; Giusfredi Sindaco &#8221; si \u00e8 presentato allo Sporting Village di Aprilia\">[&#8230;]<\/a><\/p>\n<\/div>","protected":false},"author":8,"featured_media":14505,"comment_status":"open","ping_status":"open","sticky":false,"template":"","format":"standard","meta":{"_sitemap_exclude":false,"_sitemap_priority":"","_sitemap_frequency":"","footnotes":""},"categories":[5273,1],"tags":[5378,560,2336,7756,9711,9712,556],"class_list":["post-14492","post","type-post","status-publish","format-standard","has-post-thumbnail","hentry","category-oltre-roma","category-senza-categoria","tag-aprilia","tag-cultura","tag-elezioni-amministrative","tag-ex-claudia","tag-giusfredi-sindaco","tag-preside","tag-scuola"],"yoast_head":"<!-- This site is optimized with the Yoast SEO plugin v27.5 - https:\/\/yoast.com\/product\/yoast-seo-wordpress\/ -->\n<title>&quot; Giusfredi Sindaco &quot; si \u00e8 presentato allo Sporting Village di Aprilia<\/title>\n<meta name=\"description\" content=\"&quot; Giusfredi Sindaco &quot; si \u00e8 presentato questa mattina allo Sporting Village di Aprilia, un nome fra i pi\u00f9 conosciuti e blasonati tra i candidati in corsa per le prossime elezioni amministrative della citt\u00e0.\" \/>\n<meta name=\"robots\" content=\"index, follow, max-snippet:-1, max-image-preview:large, max-video-preview:-1\" \/>\n<link rel=\"canonical\" href=\"https:\/\/www.romaoggi.eu\/index.php\/2018\/03\/18\/giusfredi-sindaco\/\" \/>\n<meta property=\"og:locale\" content=\"it_IT\" \/>\n<meta property=\"og:type\" content=\"article\" \/>\n<meta property=\"og:title\" content=\"&quot; Giusfredi Sindaco &quot; si \u00e8 presentato allo Sporting Village di Aprilia\" \/>\n<meta property=\"og:description\" content=\"&quot; Giusfredi Sindaco &quot; si \u00e8 presentato questa mattina allo Sporting Village di Aprilia, un nome fra i pi\u00f9 conosciuti e blasonati tra i candidati in corsa per le prossime elezioni amministrative della citt\u00e0.\" \/>\n<meta property=\"og:url\" content=\"https:\/\/www.romaoggi.eu\/index.php\/2018\/03\/18\/giusfredi-sindaco\/\" \/>\n<meta property=\"og:site_name\" content=\"roma oggi\" \/>\n<meta property=\"article:publisher\" content=\"https:\/\/www.facebook.com\/RomaOggi-841544845954114\" \/>\n<meta property=\"article:published_time\" content=\"2018-03-18T13:07:21+00:00\" \/>\n<meta property=\"og:image\" content=\"https:\/\/www.romaoggi.eu\/wp-content\/uploads\/2018\/03\/Giusfredi-sindaco.jpg\" \/>\n\t<meta property=\"og:image:width\" content=\"960\" \/>\n\t<meta property=\"og:image:height\" content=\"720\" \/>\n\t<meta property=\"og:image:type\" content=\"image\/jpeg\" \/>\n<meta name=\"author\" content=\"Lorella Iaci\" \/>\n<meta name=\"twitter:card\" content=\"summary_large_image\" \/>\n<meta name=\"twitter:creator\" content=\"@romaoggi_eu\" \/>\n<meta name=\"twitter:site\" content=\"@romaoggi_eu\" \/>\n<meta name=\"twitter:label1\" content=\"Scritto da\" \/>\n\t<meta name=\"twitter:data1\" content=\"Lorella Iaci\" \/>\n\t<meta name=\"twitter:label2\" content=\"Tempo di lettura stimato\" \/>\n\t<meta name=\"twitter:data2\" content=\"2 minuti\" \/>\n<script type=\"application\/ld+json\" class=\"yoast-schema-graph\">{\"@context\":\"https:\\\/\\\/schema.org\",\"@graph\":[{\"@type\":\"Article\",\"@id\":\"https:\\\/\\\/www.romaoggi.eu\\\/index.php\\\/2018\\\/03\\\/18\\\/giusfredi-sindaco\\\/#article\",\"isPartOf\":{\"@id\":\"https:\\\/\\\/www.romaoggi.eu\\\/index.php\\\/2018\\\/03\\\/18\\\/giusfredi-sindaco\\\/\"},\"author\":{\"name\":\"Lorella Iaci\",\"@id\":\"https:\\\/\\\/www.romaoggi.eu\\\/#\\\/schema\\\/person\\\/ad7b70148e60a0d338e73d0565829be4\"},\"headline\":\"&#8221; Giusfredi Sindaco &#8221; si \u00e8 presentato allo Sporting Village di Aprilia\",\"datePublished\":\"2018-03-18T13:07:21+00:00\",\"mainEntityOfPage\":{\"@id\":\"https:\\\/\\\/www.romaoggi.eu\\\/index.php\\\/2018\\\/03\\\/18\\\/giusfredi-sindaco\\\/\"},\"wordCount\":381,\"commentCount\":0,\"publisher\":{\"@id\":\"https:\\\/\\\/www.romaoggi.eu\\\/#organization\"},\"image\":{\"@id\":\"https:\\\/\\\/www.romaoggi.eu\\\/index.php\\\/2018\\\/03\\\/18\\\/giusfredi-sindaco\\\/#primaryimage\"},\"thumbnailUrl\":\"https:\\\/\\\/www.romaoggi.eu\\\/wp-content\\\/uploads\\\/2018\\\/03\\\/Giusfredi-sindaco.jpg\",\"keywords\":[\"Aprilia\",\"Cultura\",\"Elezioni Amministrative\",\"Ex Claudia\",\"Giusfredi Sindaco\",\"Preside\",\"Scuola\"],\"articleSection\":[\"oltre Roma\"],\"inLanguage\":\"it-IT\",\"potentialAction\":[{\"@type\":\"CommentAction\",\"name\":\"Comment\",\"target\":[\"https:\\\/\\\/www.romaoggi.eu\\\/index.php\\\/2018\\\/03\\\/18\\\/giusfredi-sindaco\\\/#respond\"]}]},{\"@type\":\"WebPage\",\"@id\":\"https:\\\/\\\/www.romaoggi.eu\\\/index.php\\\/2018\\\/03\\\/18\\\/giusfredi-sindaco\\\/\",\"url\":\"https:\\\/\\\/www.romaoggi.eu\\\/index.php\\\/2018\\\/03\\\/18\\\/giusfredi-sindaco\\\/\",\"name\":\"\\\" Giusfredi Sindaco \\\" si \u00e8 presentato allo Sporting Village di Aprilia\",\"isPartOf\":{\"@id\":\"https:\\\/\\\/www.romaoggi.eu\\\/#website\"},\"primaryImageOfPage\":{\"@id\":\"https:\\\/\\\/www.romaoggi.eu\\\/index.php\\\/2018\\\/03\\\/18\\\/giusfredi-sindaco\\\/#primaryimage\"},\"image\":{\"@id\":\"https:\\\/\\\/www.romaoggi.eu\\\/index.php\\\/2018\\\/03\\\/18\\\/giusfredi-sindaco\\\/#primaryimage\"},\"thumbnailUrl\":\"https:\\\/\\\/www.romaoggi.eu\\\/wp-content\\\/uploads\\\/2018\\\/03\\\/Giusfredi-sindaco.jpg\",\"datePublished\":\"2018-03-18T13:07:21+00:00\",\"description\":\"\\\" Giusfredi Sindaco \\\" si \u00e8 presentato questa mattina allo Sporting Village di Aprilia, un nome fra i pi\u00f9 conosciuti e blasonati tra i candidati in corsa per le prossime elezioni amministrative della citt\u00e0.\",\"breadcrumb\":{\"@id\":\"https:\\\/\\\/www.romaoggi.eu\\\/index.php\\\/2018\\\/03\\\/18\\\/giusfredi-sindaco\\\/#breadcrumb\"},\"inLanguage\":\"it-IT\",\"potentialAction\":[{\"@type\":\"ReadAction\",\"target\":[\"https:\\\/\\\/www.romaoggi.eu\\\/index.php\\\/2018\\\/03\\\/18\\\/giusfredi-sindaco\\\/\"]}]},{\"@type\":\"ImageObject\",\"inLanguage\":\"it-IT\",\"@id\":\"https:\\\/\\\/www.romaoggi.eu\\\/index.php\\\/2018\\\/03\\\/18\\\/giusfredi-sindaco\\\/#primaryimage\",\"url\":\"https:\\\/\\\/www.romaoggi.eu\\\/wp-content\\\/uploads\\\/2018\\\/03\\\/Giusfredi-sindaco.jpg\",\"contentUrl\":\"https:\\\/\\\/www.romaoggi.eu\\\/wp-content\\\/uploads\\\/2018\\\/03\\\/Giusfredi-sindaco.jpg\",\"width\":960,\"height\":720,\"caption\":\"alt tag giusfredi sindaco\"},{\"@type\":\"BreadcrumbList\",\"@id\":\"https:\\\/\\\/www.romaoggi.eu\\\/index.php\\\/2018\\\/03\\\/18\\\/giusfredi-sindaco\\\/#breadcrumb\",\"itemListElement\":[{\"@type\":\"ListItem\",\"position\":1,\"name\":\"Home\",\"item\":\"https:\\\/\\\/www.romaoggi.eu\\\/\"},{\"@type\":\"ListItem\",\"position\":2,\"name\":\"&#8221; Giusfredi Sindaco &#8221; si \u00e8 presentato allo Sporting Village di Aprilia\"}]},{\"@type\":\"WebSite\",\"@id\":\"https:\\\/\\\/www.romaoggi.eu\\\/#website\",\"url\":\"https:\\\/\\\/www.romaoggi.eu\\\/\",\"name\":\"roma oggi\",\"description\":\"Interesting News for Interesting people\",\"publisher\":{\"@id\":\"https:\\\/\\\/www.romaoggi.eu\\\/#organization\"},\"potentialAction\":[{\"@type\":\"SearchAction\",\"target\":{\"@type\":\"EntryPoint\",\"urlTemplate\":\"https:\\\/\\\/www.romaoggi.eu\\\/?s={search_term_string}\"},\"query-input\":{\"@type\":\"PropertyValueSpecification\",\"valueRequired\":true,\"valueName\":\"search_term_string\"}}],\"inLanguage\":\"it-IT\"},{\"@type\":\"Organization\",\"@id\":\"https:\\\/\\\/www.romaoggi.eu\\\/#organization\",\"name\":\"RomaOggi\",\"url\":\"https:\\\/\\\/www.romaoggi.eu\\\/\",\"logo\":{\"@type\":\"ImageObject\",\"inLanguage\":\"it-IT\",\"@id\":\"https:\\\/\\\/www.romaoggi.eu\\\/#\\\/schema\\\/logo\\\/image\\\/\",\"url\":\"https:\\\/\\\/www.romaoggi.eu\\\/wp-content\\\/uploads\\\/2017\\\/04\\\/logowp.jpg\",\"contentUrl\":\"https:\\\/\\\/www.romaoggi.eu\\\/wp-content\\\/uploads\\\/2017\\\/04\\\/logowp.jpg\",\"width\":300,\"height\":133,\"caption\":\"RomaOggi\"},\"image\":{\"@id\":\"https:\\\/\\\/www.romaoggi.eu\\\/#\\\/schema\\\/logo\\\/image\\\/\"},\"sameAs\":[\"https:\\\/\\\/www.facebook.com\\\/RomaOggi-841544845954114\",\"https:\\\/\\\/x.com\\\/romaoggi_eu\"]},{\"@type\":\"Person\",\"@id\":\"https:\\\/\\\/www.romaoggi.eu\\\/#\\\/schema\\\/person\\\/ad7b70148e60a0d338e73d0565829be4\",\"name\":\"Lorella Iaci\",\"image\":{\"@type\":\"ImageObject\",\"inLanguage\":\"it-IT\",\"@id\":\"https:\\\/\\\/secure.gravatar.com\\\/avatar\\\/2e8016efed3d5fbee04daf254a3494924254701903584f9c0cb2504f0cdc20eb?s=96&d=mm&r=g\",\"url\":\"https:\\\/\\\/secure.gravatar.com\\\/avatar\\\/2e8016efed3d5fbee04daf254a3494924254701903584f9c0cb2504f0cdc20eb?s=96&d=mm&r=g\",\"contentUrl\":\"https:\\\/\\\/secure.gravatar.com\\\/avatar\\\/2e8016efed3d5fbee04daf254a3494924254701903584f9c0cb2504f0cdc20eb?s=96&d=mm&r=g\",\"caption\":\"Lorella Iaci\"},\"url\":\"https:\\\/\\\/www.romaoggi.eu\\\/index.php\\\/author\\\/lorella\\\/\"}]}<\/script>\n<!-- \/ Yoast SEO plugin. -->","yoast_head_json":{"title":"\" Giusfredi Sindaco \" si \u00e8 presentato allo Sporting Village di Aprilia","description":"\" Giusfredi Sindaco \" si \u00e8 presentato questa mattina allo Sporting Village di Aprilia, un nome fra i pi\u00f9 conosciuti e blasonati tra i candidati in corsa per le prossime elezioni amministrative della citt\u00e0.","robots":{"index":"index","follow":"follow","max-snippet":"max-snippet:-1","max-image-preview":"max-image-preview:large","max-video-preview":"max-video-preview:-1"},"canonical":"https:\/\/www.romaoggi.eu\/index.php\/2018\/03\/18\/giusfredi-sindaco\/","og_locale":"it_IT","og_type":"article","og_title":"\" Giusfredi Sindaco \" si \u00e8 presentato allo Sporting Village di Aprilia","og_description":"\" Giusfredi Sindaco \" si \u00e8 presentato questa mattina allo Sporting Village di Aprilia, un nome fra i pi\u00f9 conosciuti e blasonati tra i candidati in corsa per le prossime elezioni amministrative della citt\u00e0.","og_url":"https:\/\/www.romaoggi.eu\/index.php\/2018\/03\/18\/giusfredi-sindaco\/","og_site_name":"roma oggi","article_publisher":"https:\/\/www.facebook.com\/RomaOggi-841544845954114","article_published_time":"2018-03-18T13:07:21+00:00","og_image":[{"width":960,"height":720,"url":"https:\/\/www.romaoggi.eu\/wp-content\/uploads\/2018\/03\/Giusfredi-sindaco.jpg","type":"image\/jpeg"}],"author":"Lorella Iaci","twitter_card":"summary_large_image","twitter_creator":"@romaoggi_eu","twitter_site":"@romaoggi_eu","twitter_misc":{"Scritto da":"Lorella Iaci","Tempo di lettura stimato":"2 minuti"},"schema":{"@context":"https:\/\/schema.org","@graph":[{"@type":"Article","@id":"https:\/\/www.romaoggi.eu\/index.php\/2018\/03\/18\/giusfredi-sindaco\/#article","isPartOf":{"@id":"https:\/\/www.romaoggi.eu\/index.php\/2018\/03\/18\/giusfredi-sindaco\/"},"author":{"name":"Lorella Iaci","@id":"https:\/\/www.romaoggi.eu\/#\/schema\/person\/ad7b70148e60a0d338e73d0565829be4"},"headline":"&#8221; Giusfredi Sindaco &#8221; si \u00e8 presentato allo Sporting Village di Aprilia","datePublished":"2018-03-18T13:07:21+00:00","mainEntityOfPage":{"@id":"https:\/\/www.romaoggi.eu\/index.php\/2018\/03\/18\/giusfredi-sindaco\/"},"wordCount":381,"commentCount":0,"publisher":{"@id":"https:\/\/www.romaoggi.eu\/#organization"},"image":{"@id":"https:\/\/www.romaoggi.eu\/index.php\/2018\/03\/18\/giusfredi-sindaco\/#primaryimage"},"thumbnailUrl":"https:\/\/www.romaoggi.eu\/wp-content\/uploads\/2018\/03\/Giusfredi-sindaco.jpg","keywords":["Aprilia","Cultura","Elezioni Amministrative","Ex Claudia","Giusfredi Sindaco","Preside","Scuola"],"articleSection":["oltre Roma"],"inLanguage":"it-IT","potentialAction":[{"@type":"CommentAction","name":"Comment","target":["https:\/\/www.romaoggi.eu\/index.php\/2018\/03\/18\/giusfredi-sindaco\/#respond"]}]},{"@type":"WebPage","@id":"https:\/\/www.romaoggi.eu\/index.php\/2018\/03\/18\/giusfredi-sindaco\/","url":"https:\/\/www.romaoggi.eu\/index.php\/2018\/03\/18\/giusfredi-sindaco\/","name":"\" Giusfredi Sindaco \" si \u00e8 presentato allo Sporting Village di Aprilia","isPartOf":{"@id":"https:\/\/www.romaoggi.eu\/#website"},"primaryImageOfPage":{"@id":"https:\/\/www.romaoggi.eu\/index.php\/2018\/03\/18\/giusfredi-sindaco\/#primaryimage"},"image":{"@id":"https:\/\/www.romaoggi.eu\/index.php\/2018\/03\/18\/giusfredi-sindaco\/#primaryimage"},"thumbnailUrl":"https:\/\/www.romaoggi.eu\/wp-content\/uploads\/2018\/03\/Giusfredi-sindaco.jpg","datePublished":"2018-03-18T13:07:21+00:00","description":"\" Giusfredi Sindaco \" si \u00e8 presentato questa mattina allo Sporting Village di Aprilia, un nome fra i pi\u00f9 conosciuti e blasonati tra i candidati in corsa per le prossime elezioni amministrative della citt\u00e0.","breadcrumb":{"@id":"https:\/\/www.romaoggi.eu\/index.php\/2018\/03\/18\/giusfredi-sindaco\/#breadcrumb"},"inLanguage":"it-IT","potentialAction":[{"@type":"ReadAction","target":["https:\/\/www.romaoggi.eu\/index.php\/2018\/03\/18\/giusfredi-sindaco\/"]}]},{"@type":"ImageObject","inLanguage":"it-IT","@id":"https:\/\/www.romaoggi.eu\/index.php\/2018\/03\/18\/giusfredi-sindaco\/#primaryimage","url":"https:\/\/www.romaoggi.eu\/wp-content\/uploads\/2018\/03\/Giusfredi-sindaco.jpg","contentUrl":"https:\/\/www.romaoggi.eu\/wp-content\/uploads\/2018\/03\/Giusfredi-sindaco.jpg","width":960,"height":720,"caption":"alt tag giusfredi sindaco"},{"@type":"BreadcrumbList","@id":"https:\/\/www.romaoggi.eu\/index.php\/2018\/03\/18\/giusfredi-sindaco\/#breadcrumb","itemListElement":[{"@type":"ListItem","position":1,"name":"Home","item":"https:\/\/www.romaoggi.eu\/"},{"@type":"ListItem","position":2,"name":"&#8221; Giusfredi Sindaco &#8221; si \u00e8 presentato allo Sporting Village di Aprilia"}]},{"@type":"WebSite","@id":"https:\/\/www.romaoggi.eu\/#website","url":"https:\/\/www.romaoggi.eu\/","name":"roma oggi","description":"Interesting News for Interesting people","publisher":{"@id":"https:\/\/www.romaoggi.eu\/#organization"},"potentialAction":[{"@type":"SearchAction","target":{"@type":"EntryPoint","urlTemplate":"https:\/\/www.romaoggi.eu\/?s={search_term_string}"},"query-input":{"@type":"PropertyValueSpecification","valueRequired":true,"valueName":"search_term_string"}}],"inLanguage":"it-IT"},{"@type":"Organization","@id":"https:\/\/www.romaoggi.eu\/#organization","name":"RomaOggi","url":"https:\/\/www.romaoggi.eu\/","logo":{"@type":"ImageObject","inLanguage":"it-IT","@id":"https:\/\/www.romaoggi.eu\/#\/schema\/logo\/image\/","url":"https:\/\/www.romaoggi.eu\/wp-content\/uploads\/2017\/04\/logowp.jpg","contentUrl":"https:\/\/www.romaoggi.eu\/wp-content\/uploads\/2017\/04\/logowp.jpg","width":300,"height":133,"caption":"RomaOggi"},"image":{"@id":"https:\/\/www.romaoggi.eu\/#\/schema\/logo\/image\/"},"sameAs":["https:\/\/www.facebook.com\/RomaOggi-841544845954114","https:\/\/x.com\/romaoggi_eu"]},{"@type":"Person","@id":"https:\/\/www.romaoggi.eu\/#\/schema\/person\/ad7b70148e60a0d338e73d0565829be4","name":"Lorella Iaci","image":{"@type":"ImageObject","inLanguage":"it-IT","@id":"https:\/\/secure.gravatar.com\/avatar\/2e8016efed3d5fbee04daf254a3494924254701903584f9c0cb2504f0cdc20eb?s=96&d=mm&r=g","url":"https:\/\/secure.gravatar.com\/avatar\/2e8016efed3d5fbee04daf254a3494924254701903584f9c0cb2504f0cdc20eb?s=96&d=mm&r=g","contentUrl":"https:\/\/secure.gravatar.com\/avatar\/2e8016efed3d5fbee04daf254a3494924254701903584f9c0cb2504f0cdc20eb?s=96&d=mm&r=g","caption":"Lorella Iaci"},"url":"https:\/\/www.romaoggi.eu\/index.php\/author\/lorella\/"}]}},"_links":{"self":[{"href":"https:\/\/www.romaoggi.eu\/index.php\/wp-json\/wp\/v2\/posts\/14492","targetHints":{"allow":["GET"]}}],"collection":[{"href":"https:\/\/www.romaoggi.eu\/index.php\/wp-json\/wp\/v2\/posts"}],"about":[{"href":"https:\/\/www.romaoggi.eu\/index.php\/wp-json\/wp\/v2\/types\/post"}],"author":[{"embeddable":true,"href":"https:\/\/www.romaoggi.eu\/index.php\/wp-json\/wp\/v2\/users\/8"}],"replies":[{"embeddable":true,"href":"https:\/\/www.romaoggi.eu\/index.php\/wp-json\/wp\/v2\/comments?post=14492"}],"version-history":[{"count":11,"href":"https:\/\/www.romaoggi.eu\/index.php\/wp-json\/wp\/v2\/posts\/14492\/revisions"}],"predecessor-version":[{"id":14509,"href":"https:\/\/www.romaoggi.eu\/index.php\/wp-json\/wp\/v2\/posts\/14492\/revisions\/14509"}],"wp:featuredmedia":[{"embeddable":true,"href":"https:\/\/www.romaoggi.eu\/index.php\/wp-json\/wp\/v2\/media\/14505"}],"wp:attachment":[{"href":"https:\/\/www.romaoggi.eu\/index.php\/wp-json\/wp\/v2\/media?parent=14492"}],"wp:term":[{"taxonomy":"category","embeddable":true,"href":"https:\/\/www.romaoggi.eu\/index.php\/wp-json\/wp\/v2\/categories?post=14492"},{"taxonomy":"post_tag","embeddable":true,"href":"https:\/\/www.romaoggi.eu\/index.php\/wp-json\/wp\/v2\/tags?post=14492"}],"curies":[{"name":"wp","href":"https:\/\/api.w.org\/{rel}","templated":true}]}}