{"id":14659,"date":"2018-03-25T03:40:17","date_gmt":"2018-03-25T01:40:17","guid":{"rendered":"http:\/\/www.romaoggi.eu\/?p=14659"},"modified":"2018-03-25T03:40:17","modified_gmt":"2018-03-25T01:40:17","slug":"teverina","status":"publish","type":"post","link":"https:\/\/www.romaoggi.eu\/index.php\/2018\/03\/25\/teverina\/","title":{"rendered":"Alla scoperta della Teverina con l\u2019Instameet di Medioera 8 aprile"},"content":{"rendered":"<figure id=\"attachment_14149\" aria-describedby=\"caption-attachment-14149\" style=\"width: 188px\" class=\"wp-caption aligncenter\"><img loading=\"lazy\" decoding=\"async\" class=\"wp-image-14149 size-medium\" src=\"https:\/\/www.romaoggi.eu\/wp-content\/uploads\/2018\/03\/img-001-1-188x300.jpg\" alt=\"\" width=\"188\" height=\"300\" srcset=\"https:\/\/www.romaoggi.eu\/wp-content\/uploads\/2018\/03\/img-001-1-188x300.jpg 188w, https:\/\/www.romaoggi.eu\/wp-content\/uploads\/2018\/03\/img-001-1-642x1024.jpg 642w, https:\/\/www.romaoggi.eu\/wp-content\/uploads\/2018\/03\/img-001-1.jpg 1000w\" sizes=\"auto, (max-width: 188px) 100vw, 188px\" \/><figcaption id=\"caption-attachment-14149\" class=\"wp-caption-text\"><a href=\"https:\/\/stores.streetlib.com\/it\/cristiano-morelli\/il-mistero-del-cronovisore\">CLICCA QUI PER COMPRARE IL MIO NUOVO EBOOK A SOLI \u20ac 0,49!<\/a><\/figcaption><\/figure>\n<p align=\"JUSTIFY\"><span style=\"font-family: 'Times New Roman', serif;\">Ancora pochi giorni e Viterbo sar\u00e0, ancora una volta, la capitale dell\u2019innovazione digitale.<\/span><\/p>\n<p align=\"JUSTIFY\"><span style=\"font-family: 'Times New Roman', serif;\">Si aprir\u00e0, infatti, il 5 aprile e proseguir\u00e0 fino a domenica 8, la nona edizione di Medioera presso lo Spazio Attivo di Lazio Innova a Valle Faul a Viterbo.<\/span><\/p>\n<p align=\"JUSTIFY\"><span style=\"font-family: 'Times New Roman', serif;\">La manifestazione, incentrata sull\u2019uso delle nuove tecnologie nei pi\u00f9 svariati ambiti, anno dopo anno si \u00e8 imposta come una delle pi\u00f9 autorevoli del settore in Italia, potendo vantare ospiti e relatori di prestigio internazionale oltre a centinaia di visitatori provenienti da ogni regione, elementi che hanno contribuito a rendere Medioera un punto di riferimento sui media e nella Rete. <\/span><\/p>\n<p align=\"JUSTIFY\"><span style=\"font-family: 'Times New Roman', serif;\">Tra i momenti pi\u00f9 attesi della manifestazione c\u2019\u00e8 l\u2019evento di chiusura: l\u2019Instameet, una sorta di \u201craduno\u201d di circa un centinaio di Instagramers provenienti da tutt\u2019Italia, che domenica 8 aprile si daranno appuntamento a Viterbo.<\/span><\/p>\n<p align=\"JUSTIFY\"><span style=\"font-family: 'Times New Roman', serif;\">Quest\u2019anno l\u2019iniziativa, dopo aver fatto tappa a Tarquinia, Viterbo, Civita di Bagnoregio, Bolsena, Caprarola, Tuscania e Sutri, sar\u00e0 alla scoperta della Teverina.<\/span><\/p>\n<figure id=\"attachment_14622\" aria-describedby=\"caption-attachment-14622\" style=\"width: 300px\" class=\"wp-caption aligncenter\"><img loading=\"lazy\" decoding=\"async\" class=\"wp-image-14622 size-medium\" src=\"https:\/\/www.romaoggi.eu\/wp-content\/uploads\/2018\/03\/CCW-300x250-1-300x250.jpg\" alt=\"Alt text cinecitt\u00e0 world\" width=\"300\" height=\"250\" \/><figcaption id=\"caption-attachment-14622\" class=\"wp-caption-text\"><a href=\"https:\/\/www.cinecittaworld.it\/Vendita\/Biglietti-e-prezzi?Coupon=ROMAOGGI&amp;Adulti=2&amp;Ridotti=0\"><strong>Ottieni uno sconto sull&#8217;acquisto dei biglietti! CLICCA QUI<\/strong><\/a><\/figcaption><\/figure>\n<p align=\"JUSTIFY\"><span style=\"font-family: 'Times New Roman', serif;\">Uno degli scorci pi\u00f9 suggestivi dell\u2019intera Tuscia sar\u00e0 quindi immortalato e pubblicizzato sui diversi canali social grazie agli scatti e alle immagini dei partecipanti che creeranno uno straordinario effetto di promozione turistica a livello mondiale. <\/span><\/p>\n<p align=\"JUSTIFY\"><span style=\"font-family: 'Times New Roman', serif;\">Il tour inizier\u00e0 da <\/span><strong><span style=\"font-family: 'Times New Roman', serif;\">Celleno<\/span><\/strong><span style=\"font-family: 'Times New Roman', serif;\"> vecchia, un piccolo borgo che si avvia a subire le stesse sorti della ben pi\u00f9 famosa Civita di Bagnoregio. <\/span><\/p>\n<p align=\"JUSTIFY\"><span style=\"font-family: 'Times New Roman', serif;\">Si proseguir\u00e0 poi alla volta della <\/span><strong><span style=\"font-family: 'Times New Roman', serif;\">Serpara<\/span><\/strong><span style=\"font-family: 'Times New Roman', serif;\">, il parco in cui natura e arte convivono grazie alle intuizioni del suo creatore, l&#8217;artista svizzero Paul Wiedmer.<\/span><\/p>\n<p align=\"JUSTIFY\"><span style=\"font-family: 'Times New Roman', serif;\">Ultime due tappe: <\/span><strong><span style=\"font-family: 'Times New Roman', serif;\">Civitella d&#8217;Agliano<\/span><\/strong><span style=\"font-family: 'Times New Roman', serif;\"><b>,<\/b><\/span><span style=\"font-family: 'Times New Roman', serif;\"> dove sulla<\/span> <strong><span style=\"font-family: 'Times New Roman', serif;\">Torre Monaldeschi sar\u00e0 servito<\/span><\/strong> <span style=\"font-family: 'Times New Roman', serif;\">un delizioso pranzo a base di prodotti tipici e <\/span><strong><span style=\"font-family: 'Times New Roman', serif;\">Castiglione in Teverina<\/span><\/strong><span style=\"font-family: 'Times New Roman', serif;\">, con degustazione in una delle cantine pi\u00f9 rinomate della Tuscia, quella dei<\/span> <strong><span style=\"font-family: 'Times New Roman', serif;\">vini Falesco<\/span><\/strong><span style=\"font-family: 'Times New Roman', serif;\"> delle sorelle Cotarella.<\/span><\/p>\n<p align=\"JUSTIFY\"><strong><span style=\"font-family: 'Times New Roman', serif;\">L&#8217;appuntamento \u00e8 alle ore 10:00 a Viterbo al parcheggio di Valle Faul, in Via Faul.<\/span><\/strong><\/p>\n<p align=\"JUSTIFY\"><span style=\"font-family: 'Times New Roman', serif;\">Per partecipare all\u2019imperdibile momento di valorizzazione e scoperta del territorio \u00e8 possibile iscriversi attraverso il format: h<\/span><span style=\"color: #000080;\"><span lang=\"zxx\"><u><a href=\"https:\/\/l.facebook.com\/l.php?u=https%3A%2F%2Fwww.eventbrite.it%2Fe%2Fbiglietti-vii-medioera-instameet-44510376735%3Faff%3Des2&amp;h=ATPvE8hJ_urM8r0cFjZAMJHdqNxSNn5va-PgzSPYx0LqY3C10z9daQGyc0k7uHppVVjirzf-MMKfvBvexXzlJBuERwV0gv7gS4NS7K7AvlsvAmHQV0IkAtGCYAPl5qlw9Q\" target=\"_blank\" rel=\"noopener\"><span style=\"font-family: 'Times New Roman', serif;\">ttps:\/\/www.eventbrite.it\/e\/biglietti-vii-medioera-instameet-44510376735?aff=es2<\/span><\/a><\/u><\/span><\/span><\/p>\n<p align=\"JUSTIFY\"><span style=\"font-family: 'Times New Roman', serif;\"><span style=\"font-size: medium;\">Info: <\/span><span style=\"color: #000080;\"><span lang=\"zxx\"><u><a href=\"http:\/\/www.medioera.it\/\"><span style=\"font-size: medium;\">www.medioera.it<\/span><\/a><\/u><\/span><\/span><span style=\"font-size: medium;\"> Fb MEDIOERA<\/span><\/span><\/p>\n<p align=\"JUSTIFY\"><a href=\"https:\/\/www.romaoggi.eu\/index.php\/2018\/03\/15\/il-mistero-del-cronovisore\/\"><span style=\"font-family: 'Times New Roman', serif;\"><span style=\"font-size: medium;\"><b>RomaOggi.eu \u2192 Leggi il prossimo articolo <\/b><\/span><\/span><\/a><\/p>\n<p align=\"JUSTIFY\"><span style=\"font-family: 'Times New Roman', serif;\"><span style=\"font-size: medium;\">La Redazione <\/span><\/span><\/p>\n<p align=\"JUSTIFY\"><span style=\"font-family: 'Times New Roman', serif;\"><span style=\"font-size: medium;\">RomaOggi.eu \u201cInteresting news for interesting people\u201d<\/span><\/span><\/p>\n","protected":false},"excerpt":{"rendered":"<div class=\"mh-excerpt\"><p>Ancora pochi giorni e Viterbo sar\u00e0, ancora una volta, la capitale dell\u2019innovazione digitale. Si aprir\u00e0, infatti, il 5 aprile e proseguir\u00e0 fino a domenica 8, la nona edizione di Medioera presso lo Spazio Attivo di <a class=\"mh-excerpt-more\" href=\"https:\/\/www.romaoggi.eu\/index.php\/2018\/03\/25\/teverina\/\" title=\"Alla scoperta della Teverina con l\u2019Instameet di Medioera 8 aprile\">[&#8230;]<\/a><\/p>\n<\/div>","protected":false},"author":5,"featured_media":14660,"comment_status":"open","ping_status":"open","sticky":false,"template":"","format":"standard","meta":{"_sitemap_exclude":false,"_sitemap_priority":"","_sitemap_frequency":"","footnotes":""},"categories":[5273],"tags":[6418,8088,26,9526,877,9467,159,9804,8430,1644,109,817,1738,634,9805,9803],"class_list":["post-14659","post","type-post","status-publish","format-standard","has-post-thumbnail","hentry","category-oltre-roma","tag-6418","tag-cinecitta-world","tag-cristiano-morelli","tag-il-mistero-del-cronovisore","tag-italia","tag-latium-lab","tag-lazio","tag-medioera","tag-oltre-roma","tag-regione-lazio","tag-roma","tag-romaoggi","tag-romaoggi-eu","tag-rome","tag-spazio-attivo-di-lazio-innova-a-valle-faul-a-viterbo","tag-teverina"],"yoast_head":"<!-- This site is optimized with the Yoast SEO plugin v27.5 - https:\/\/yoast.com\/product\/yoast-seo-wordpress\/ -->\n<title>Alla scoperta della Teverina con l\u2019Instameet di Medioera 8 aprile<\/title>\n<meta name=\"description\" content=\"La manifestazione, incentrata sull\u2019uso delle nuove tecnologie nei pi\u00f9 svariati ambiti, anno dopo anno si \u00e8 imposta come una delle pi\u00f9 autorevoli del settore in Italia, potendo vantare ospiti e relatori di prestigio internazionale oltre a centinaia di visitatori...\" \/>\n<meta name=\"robots\" content=\"index, follow, max-snippet:-1, max-image-preview:large, max-video-preview:-1\" \/>\n<link rel=\"canonical\" href=\"https:\/\/www.romaoggi.eu\/index.php\/2018\/03\/25\/teverina\/\" \/>\n<meta property=\"og:locale\" content=\"it_IT\" \/>\n<meta property=\"og:type\" content=\"article\" \/>\n<meta property=\"og:title\" content=\"Alla scoperta della Teverina con l\u2019Instameet di Medioera 8 aprile\" \/>\n<meta property=\"og:description\" content=\"La manifestazione, incentrata sull\u2019uso delle nuove tecnologie nei pi\u00f9 svariati ambiti, anno dopo anno si \u00e8 imposta come una delle pi\u00f9 autorevoli del settore in Italia, potendo vantare ospiti e relatori di prestigio internazionale oltre a centinaia di visitatori...\" \/>\n<meta property=\"og:url\" content=\"https:\/\/www.romaoggi.eu\/index.php\/2018\/03\/25\/teverina\/\" \/>\n<meta property=\"og:site_name\" content=\"roma oggi\" \/>\n<meta property=\"article:publisher\" content=\"https:\/\/www.facebook.com\/RomaOggi-841544845954114\" \/>\n<meta property=\"article:published_time\" content=\"2018-03-25T01:40:17+00:00\" \/>\n<meta property=\"og:image\" content=\"https:\/\/www.romaoggi.eu\/wp-content\/uploads\/2018\/03\/instameet.jpg\" \/>\n\t<meta property=\"og:image:width\" content=\"1063\" \/>\n\t<meta property=\"og:image:height\" content=\"1063\" \/>\n\t<meta property=\"og:image:type\" content=\"image\/jpeg\" \/>\n<meta name=\"author\" content=\"Flavio\" \/>\n<meta name=\"twitter:card\" content=\"summary_large_image\" \/>\n<meta name=\"twitter:creator\" content=\"@romaoggi_eu\" \/>\n<meta name=\"twitter:site\" content=\"@romaoggi_eu\" \/>\n<meta name=\"twitter:label1\" content=\"Scritto da\" \/>\n\t<meta name=\"twitter:data1\" content=\"Flavio\" \/>\n\t<meta name=\"twitter:label2\" content=\"Tempo di lettura stimato\" \/>\n\t<meta name=\"twitter:data2\" content=\"2 minuti\" \/>\n<script type=\"application\/ld+json\" class=\"yoast-schema-graph\">{\"@context\":\"https:\\\/\\\/schema.org\",\"@graph\":[{\"@type\":\"Article\",\"@id\":\"https:\\\/\\\/www.romaoggi.eu\\\/index.php\\\/2018\\\/03\\\/25\\\/teverina\\\/#article\",\"isPartOf\":{\"@id\":\"https:\\\/\\\/www.romaoggi.eu\\\/index.php\\\/2018\\\/03\\\/25\\\/teverina\\\/\"},\"author\":{\"name\":\"Flavio\",\"@id\":\"https:\\\/\\\/www.romaoggi.eu\\\/#\\\/schema\\\/person\\\/cc12bfd93370392d7e41d243e47e6681\"},\"headline\":\"Alla scoperta della Teverina con l\u2019Instameet di Medioera 8 aprile\",\"datePublished\":\"2018-03-25T01:40:17+00:00\",\"mainEntityOfPage\":{\"@id\":\"https:\\\/\\\/www.romaoggi.eu\\\/index.php\\\/2018\\\/03\\\/25\\\/teverina\\\/\"},\"wordCount\":390,\"commentCount\":0,\"publisher\":{\"@id\":\"https:\\\/\\\/www.romaoggi.eu\\\/#organization\"},\"image\":{\"@id\":\"https:\\\/\\\/www.romaoggi.eu\\\/index.php\\\/2018\\\/03\\\/25\\\/teverina\\\/#primaryimage\"},\"thumbnailUrl\":\"https:\\\/\\\/www.romaoggi.eu\\\/wp-content\\\/uploads\\\/2018\\\/03\\\/instameet.jpg\",\"keywords\":[\"2018\",\"Cinecitt\u00e0 World\",\"cristiano morelli\",\"Il mistero del cronovisore\",\"italia\",\"Latium Lab\",\"lazio\",\"Medioera\",\"Oltre Roma\",\"Regione Lazio\",\"roma\",\"romaoggi\",\"RomaOggi.eu\",\"rome\",\"Spazio Attivo di Lazio Innova a Valle Faul a Viterbo\",\"Teverina\"],\"articleSection\":[\"oltre Roma\"],\"inLanguage\":\"it-IT\",\"potentialAction\":[{\"@type\":\"CommentAction\",\"name\":\"Comment\",\"target\":[\"https:\\\/\\\/www.romaoggi.eu\\\/index.php\\\/2018\\\/03\\\/25\\\/teverina\\\/#respond\"]}]},{\"@type\":\"WebPage\",\"@id\":\"https:\\\/\\\/www.romaoggi.eu\\\/index.php\\\/2018\\\/03\\\/25\\\/teverina\\\/\",\"url\":\"https:\\\/\\\/www.romaoggi.eu\\\/index.php\\\/2018\\\/03\\\/25\\\/teverina\\\/\",\"name\":\"Alla scoperta della Teverina con l\u2019Instameet di Medioera 8 aprile\",\"isPartOf\":{\"@id\":\"https:\\\/\\\/www.romaoggi.eu\\\/#website\"},\"primaryImageOfPage\":{\"@id\":\"https:\\\/\\\/www.romaoggi.eu\\\/index.php\\\/2018\\\/03\\\/25\\\/teverina\\\/#primaryimage\"},\"image\":{\"@id\":\"https:\\\/\\\/www.romaoggi.eu\\\/index.php\\\/2018\\\/03\\\/25\\\/teverina\\\/#primaryimage\"},\"thumbnailUrl\":\"https:\\\/\\\/www.romaoggi.eu\\\/wp-content\\\/uploads\\\/2018\\\/03\\\/instameet.jpg\",\"datePublished\":\"2018-03-25T01:40:17+00:00\",\"description\":\"La manifestazione, incentrata sull\u2019uso delle nuove tecnologie nei pi\u00f9 svariati ambiti, anno dopo anno si \u00e8 imposta come una delle pi\u00f9 autorevoli del settore in Italia, potendo vantare ospiti e relatori di prestigio internazionale oltre a centinaia di visitatori...\",\"breadcrumb\":{\"@id\":\"https:\\\/\\\/www.romaoggi.eu\\\/index.php\\\/2018\\\/03\\\/25\\\/teverina\\\/#breadcrumb\"},\"inLanguage\":\"it-IT\",\"potentialAction\":[{\"@type\":\"ReadAction\",\"target\":[\"https:\\\/\\\/www.romaoggi.eu\\\/index.php\\\/2018\\\/03\\\/25\\\/teverina\\\/\"]}]},{\"@type\":\"ImageObject\",\"inLanguage\":\"it-IT\",\"@id\":\"https:\\\/\\\/www.romaoggi.eu\\\/index.php\\\/2018\\\/03\\\/25\\\/teverina\\\/#primaryimage\",\"url\":\"https:\\\/\\\/www.romaoggi.eu\\\/wp-content\\\/uploads\\\/2018\\\/03\\\/instameet.jpg\",\"contentUrl\":\"https:\\\/\\\/www.romaoggi.eu\\\/wp-content\\\/uploads\\\/2018\\\/03\\\/instameet.jpg\",\"width\":1063,\"height\":1063,\"caption\":\"Alt text Teverina\"},{\"@type\":\"BreadcrumbList\",\"@id\":\"https:\\\/\\\/www.romaoggi.eu\\\/index.php\\\/2018\\\/03\\\/25\\\/teverina\\\/#breadcrumb\",\"itemListElement\":[{\"@type\":\"ListItem\",\"position\":1,\"name\":\"Home\",\"item\":\"https:\\\/\\\/www.romaoggi.eu\\\/\"},{\"@type\":\"ListItem\",\"position\":2,\"name\":\"Alla scoperta della Teverina con l\u2019Instameet di Medioera 8 aprile\"}]},{\"@type\":\"WebSite\",\"@id\":\"https:\\\/\\\/www.romaoggi.eu\\\/#website\",\"url\":\"https:\\\/\\\/www.romaoggi.eu\\\/\",\"name\":\"roma oggi\",\"description\":\"Interesting News for Interesting people\",\"publisher\":{\"@id\":\"https:\\\/\\\/www.romaoggi.eu\\\/#organization\"},\"potentialAction\":[{\"@type\":\"SearchAction\",\"target\":{\"@type\":\"EntryPoint\",\"urlTemplate\":\"https:\\\/\\\/www.romaoggi.eu\\\/?s={search_term_string}\"},\"query-input\":{\"@type\":\"PropertyValueSpecification\",\"valueRequired\":true,\"valueName\":\"search_term_string\"}}],\"inLanguage\":\"it-IT\"},{\"@type\":\"Organization\",\"@id\":\"https:\\\/\\\/www.romaoggi.eu\\\/#organization\",\"name\":\"RomaOggi\",\"url\":\"https:\\\/\\\/www.romaoggi.eu\\\/\",\"logo\":{\"@type\":\"ImageObject\",\"inLanguage\":\"it-IT\",\"@id\":\"https:\\\/\\\/www.romaoggi.eu\\\/#\\\/schema\\\/logo\\\/image\\\/\",\"url\":\"https:\\\/\\\/www.romaoggi.eu\\\/wp-content\\\/uploads\\\/2017\\\/04\\\/logowp.jpg\",\"contentUrl\":\"https:\\\/\\\/www.romaoggi.eu\\\/wp-content\\\/uploads\\\/2017\\\/04\\\/logowp.jpg\",\"width\":300,\"height\":133,\"caption\":\"RomaOggi\"},\"image\":{\"@id\":\"https:\\\/\\\/www.romaoggi.eu\\\/#\\\/schema\\\/logo\\\/image\\\/\"},\"sameAs\":[\"https:\\\/\\\/www.facebook.com\\\/RomaOggi-841544845954114\",\"https:\\\/\\\/x.com\\\/romaoggi_eu\"]},{\"@type\":\"Person\",\"@id\":\"https:\\\/\\\/www.romaoggi.eu\\\/#\\\/schema\\\/person\\\/cc12bfd93370392d7e41d243e47e6681\",\"name\":\"Flavio\",\"image\":{\"@type\":\"ImageObject\",\"inLanguage\":\"it-IT\",\"@id\":\"https:\\\/\\\/secure.gravatar.com\\\/avatar\\\/7e044ce830ea97853e01500437b37dff4a622b20a194e4d0efe9b67e918f19e5?s=96&d=mm&r=g\",\"url\":\"https:\\\/\\\/secure.gravatar.com\\\/avatar\\\/7e044ce830ea97853e01500437b37dff4a622b20a194e4d0efe9b67e918f19e5?s=96&d=mm&r=g\",\"contentUrl\":\"https:\\\/\\\/secure.gravatar.com\\\/avatar\\\/7e044ce830ea97853e01500437b37dff4a622b20a194e4d0efe9b67e918f19e5?s=96&d=mm&r=g\",\"caption\":\"Flavio\"},\"url\":\"https:\\\/\\\/www.romaoggi.eu\\\/index.php\\\/author\\\/cristiano\\\/\"}]}<\/script>\n<!-- \/ Yoast SEO plugin. -->","yoast_head_json":{"title":"Alla scoperta della Teverina con l\u2019Instameet di Medioera 8 aprile","description":"La manifestazione, incentrata sull\u2019uso delle nuove tecnologie nei pi\u00f9 svariati ambiti, anno dopo anno si \u00e8 imposta come una delle pi\u00f9 autorevoli del settore in Italia, potendo vantare ospiti e relatori di prestigio internazionale oltre a centinaia di visitatori...","robots":{"index":"index","follow":"follow","max-snippet":"max-snippet:-1","max-image-preview":"max-image-preview:large","max-video-preview":"max-video-preview:-1"},"canonical":"https:\/\/www.romaoggi.eu\/index.php\/2018\/03\/25\/teverina\/","og_locale":"it_IT","og_type":"article","og_title":"Alla scoperta della Teverina con l\u2019Instameet di Medioera 8 aprile","og_description":"La manifestazione, incentrata sull\u2019uso delle nuove tecnologie nei pi\u00f9 svariati ambiti, anno dopo anno si \u00e8 imposta come una delle pi\u00f9 autorevoli del settore in Italia, potendo vantare ospiti e relatori di prestigio internazionale oltre a centinaia di visitatori...","og_url":"https:\/\/www.romaoggi.eu\/index.php\/2018\/03\/25\/teverina\/","og_site_name":"roma oggi","article_publisher":"https:\/\/www.facebook.com\/RomaOggi-841544845954114","article_published_time":"2018-03-25T01:40:17+00:00","og_image":[{"width":1063,"height":1063,"url":"https:\/\/www.romaoggi.eu\/wp-content\/uploads\/2018\/03\/instameet.jpg","type":"image\/jpeg"}],"author":"Flavio","twitter_card":"summary_large_image","twitter_creator":"@romaoggi_eu","twitter_site":"@romaoggi_eu","twitter_misc":{"Scritto da":"Flavio","Tempo di lettura stimato":"2 minuti"},"schema":{"@context":"https:\/\/schema.org","@graph":[{"@type":"Article","@id":"https:\/\/www.romaoggi.eu\/index.php\/2018\/03\/25\/teverina\/#article","isPartOf":{"@id":"https:\/\/www.romaoggi.eu\/index.php\/2018\/03\/25\/teverina\/"},"author":{"name":"Flavio","@id":"https:\/\/www.romaoggi.eu\/#\/schema\/person\/cc12bfd93370392d7e41d243e47e6681"},"headline":"Alla scoperta della Teverina con l\u2019Instameet di Medioera 8 aprile","datePublished":"2018-03-25T01:40:17+00:00","mainEntityOfPage":{"@id":"https:\/\/www.romaoggi.eu\/index.php\/2018\/03\/25\/teverina\/"},"wordCount":390,"commentCount":0,"publisher":{"@id":"https:\/\/www.romaoggi.eu\/#organization"},"image":{"@id":"https:\/\/www.romaoggi.eu\/index.php\/2018\/03\/25\/teverina\/#primaryimage"},"thumbnailUrl":"https:\/\/www.romaoggi.eu\/wp-content\/uploads\/2018\/03\/instameet.jpg","keywords":["2018","Cinecitt\u00e0 World","cristiano morelli","Il mistero del cronovisore","italia","Latium Lab","lazio","Medioera","Oltre Roma","Regione Lazio","roma","romaoggi","RomaOggi.eu","rome","Spazio Attivo di Lazio Innova a Valle Faul a Viterbo","Teverina"],"articleSection":["oltre Roma"],"inLanguage":"it-IT","potentialAction":[{"@type":"CommentAction","name":"Comment","target":["https:\/\/www.romaoggi.eu\/index.php\/2018\/03\/25\/teverina\/#respond"]}]},{"@type":"WebPage","@id":"https:\/\/www.romaoggi.eu\/index.php\/2018\/03\/25\/teverina\/","url":"https:\/\/www.romaoggi.eu\/index.php\/2018\/03\/25\/teverina\/","name":"Alla scoperta della Teverina con l\u2019Instameet di Medioera 8 aprile","isPartOf":{"@id":"https:\/\/www.romaoggi.eu\/#website"},"primaryImageOfPage":{"@id":"https:\/\/www.romaoggi.eu\/index.php\/2018\/03\/25\/teverina\/#primaryimage"},"image":{"@id":"https:\/\/www.romaoggi.eu\/index.php\/2018\/03\/25\/teverina\/#primaryimage"},"thumbnailUrl":"https:\/\/www.romaoggi.eu\/wp-content\/uploads\/2018\/03\/instameet.jpg","datePublished":"2018-03-25T01:40:17+00:00","description":"La manifestazione, incentrata sull\u2019uso delle nuove tecnologie nei pi\u00f9 svariati ambiti, anno dopo anno si \u00e8 imposta come una delle pi\u00f9 autorevoli del settore in Italia, potendo vantare ospiti e relatori di prestigio internazionale oltre a centinaia di visitatori...","breadcrumb":{"@id":"https:\/\/www.romaoggi.eu\/index.php\/2018\/03\/25\/teverina\/#breadcrumb"},"inLanguage":"it-IT","potentialAction":[{"@type":"ReadAction","target":["https:\/\/www.romaoggi.eu\/index.php\/2018\/03\/25\/teverina\/"]}]},{"@type":"ImageObject","inLanguage":"it-IT","@id":"https:\/\/www.romaoggi.eu\/index.php\/2018\/03\/25\/teverina\/#primaryimage","url":"https:\/\/www.romaoggi.eu\/wp-content\/uploads\/2018\/03\/instameet.jpg","contentUrl":"https:\/\/www.romaoggi.eu\/wp-content\/uploads\/2018\/03\/instameet.jpg","width":1063,"height":1063,"caption":"Alt text Teverina"},{"@type":"BreadcrumbList","@id":"https:\/\/www.romaoggi.eu\/index.php\/2018\/03\/25\/teverina\/#breadcrumb","itemListElement":[{"@type":"ListItem","position":1,"name":"Home","item":"https:\/\/www.romaoggi.eu\/"},{"@type":"ListItem","position":2,"name":"Alla scoperta della Teverina con l\u2019Instameet di Medioera 8 aprile"}]},{"@type":"WebSite","@id":"https:\/\/www.romaoggi.eu\/#website","url":"https:\/\/www.romaoggi.eu\/","name":"roma oggi","description":"Interesting News for Interesting people","publisher":{"@id":"https:\/\/www.romaoggi.eu\/#organization"},"potentialAction":[{"@type":"SearchAction","target":{"@type":"EntryPoint","urlTemplate":"https:\/\/www.romaoggi.eu\/?s={search_term_string}"},"query-input":{"@type":"PropertyValueSpecification","valueRequired":true,"valueName":"search_term_string"}}],"inLanguage":"it-IT"},{"@type":"Organization","@id":"https:\/\/www.romaoggi.eu\/#organization","name":"RomaOggi","url":"https:\/\/www.romaoggi.eu\/","logo":{"@type":"ImageObject","inLanguage":"it-IT","@id":"https:\/\/www.romaoggi.eu\/#\/schema\/logo\/image\/","url":"https:\/\/www.romaoggi.eu\/wp-content\/uploads\/2017\/04\/logowp.jpg","contentUrl":"https:\/\/www.romaoggi.eu\/wp-content\/uploads\/2017\/04\/logowp.jpg","width":300,"height":133,"caption":"RomaOggi"},"image":{"@id":"https:\/\/www.romaoggi.eu\/#\/schema\/logo\/image\/"},"sameAs":["https:\/\/www.facebook.com\/RomaOggi-841544845954114","https:\/\/x.com\/romaoggi_eu"]},{"@type":"Person","@id":"https:\/\/www.romaoggi.eu\/#\/schema\/person\/cc12bfd93370392d7e41d243e47e6681","name":"Flavio","image":{"@type":"ImageObject","inLanguage":"it-IT","@id":"https:\/\/secure.gravatar.com\/avatar\/7e044ce830ea97853e01500437b37dff4a622b20a194e4d0efe9b67e918f19e5?s=96&d=mm&r=g","url":"https:\/\/secure.gravatar.com\/avatar\/7e044ce830ea97853e01500437b37dff4a622b20a194e4d0efe9b67e918f19e5?s=96&d=mm&r=g","contentUrl":"https:\/\/secure.gravatar.com\/avatar\/7e044ce830ea97853e01500437b37dff4a622b20a194e4d0efe9b67e918f19e5?s=96&d=mm&r=g","caption":"Flavio"},"url":"https:\/\/www.romaoggi.eu\/index.php\/author\/cristiano\/"}]}},"_links":{"self":[{"href":"https:\/\/www.romaoggi.eu\/index.php\/wp-json\/wp\/v2\/posts\/14659","targetHints":{"allow":["GET"]}}],"collection":[{"href":"https:\/\/www.romaoggi.eu\/index.php\/wp-json\/wp\/v2\/posts"}],"about":[{"href":"https:\/\/www.romaoggi.eu\/index.php\/wp-json\/wp\/v2\/types\/post"}],"author":[{"embeddable":true,"href":"https:\/\/www.romaoggi.eu\/index.php\/wp-json\/wp\/v2\/users\/5"}],"replies":[{"embeddable":true,"href":"https:\/\/www.romaoggi.eu\/index.php\/wp-json\/wp\/v2\/comments?post=14659"}],"version-history":[{"count":1,"href":"https:\/\/www.romaoggi.eu\/index.php\/wp-json\/wp\/v2\/posts\/14659\/revisions"}],"predecessor-version":[{"id":14661,"href":"https:\/\/www.romaoggi.eu\/index.php\/wp-json\/wp\/v2\/posts\/14659\/revisions\/14661"}],"wp:featuredmedia":[{"embeddable":true,"href":"https:\/\/www.romaoggi.eu\/index.php\/wp-json\/wp\/v2\/media\/14660"}],"wp:attachment":[{"href":"https:\/\/www.romaoggi.eu\/index.php\/wp-json\/wp\/v2\/media?parent=14659"}],"wp:term":[{"taxonomy":"category","embeddable":true,"href":"https:\/\/www.romaoggi.eu\/index.php\/wp-json\/wp\/v2\/categories?post=14659"},{"taxonomy":"post_tag","embeddable":true,"href":"https:\/\/www.romaoggi.eu\/index.php\/wp-json\/wp\/v2\/tags?post=14659"}],"curies":[{"name":"wp","href":"https:\/\/api.w.org\/{rel}","templated":true}]}}