{"id":14726,"date":"2018-03-29T02:41:04","date_gmt":"2018-03-29T00:41:04","guid":{"rendered":"http:\/\/www.romaoggi.eu\/?p=14726"},"modified":"2018-03-29T02:41:04","modified_gmt":"2018-03-29T00:41:04","slug":"frankenbierfest-50-birre-artigianali-tedesche-italia-roma","status":"publish","type":"post","link":"https:\/\/www.romaoggi.eu\/index.php\/2018\/03\/29\/frankenbierfest-50-birre-artigianali-tedesche-italia-roma\/","title":{"rendered":"FrankenBierFest: oltre 50 birre artigianali tedesche, introvabili in Italia, a Roma dal 6 all&#8217;8 aprile"},"content":{"rendered":"<figure id=\"attachment_14149\" aria-describedby=\"caption-attachment-14149\" style=\"width: 678px\" class=\"wp-caption aligncenter\"><img loading=\"lazy\" decoding=\"async\" class=\"wp-image-14149 size-mh-magazine-content\" src=\"https:\/\/www.romaoggi.eu\/wp-content\/uploads\/2018\/03\/img-001-1-678x381.jpg\" alt=\"Alt text il mistero del cronovisore\" width=\"678\" height=\"381\" \/><figcaption id=\"caption-attachment-14149\" class=\"wp-caption-text\"><a href=\"https:\/\/stores.streetlib.com\/it\/cristiano-morelli\/il-mistero-del-cronovisore\"><strong>CLICCA QUI PER COMPRARE IL MIO NUOVO EBOOK A SOLI \u20ac 0,49!<\/strong><\/a><\/figcaption><\/figure>\n<p align=\"JUSTIFY\">Sono introvabili, non vengono imbottigliate e difficilmente, se non avete in programma un viaggio nella regione tedesca della Franconia, riuscirete ad assaggiarle: sono le birre artigianali della Franconia, regione tedesca a nord della Baviera. Dal 6 all\u20198 aprile sar\u00e0 possibile degustarle a Roma, nella Limonaia di Villa Torlonia, al FrankenBierFest, il festival che celebra la cultura, la storia e la tradizione brassicola francone organizzato da Publigiovane Eventi. Giunto alla quarta edizione, il festival \u00e8 un&#8217;opportunit\u00e0 per gli amanti della birra artigianale tedesca che potranno assaggiare alcuni tra i pi\u00f9 rari malti e luppoli, spillati direttamente dalle tipiche botticelle franconi, e selezionati da Manuele Colonna, esperto beer taster internazionale e autore del libro \u201cBirra in Franconia\u201d. Il libro, edito da Publigiovane, verr\u00e0 presentato nel corso della tre giorni romana; dove verr\u00e0 allestita anche la mostra fotografica curata da Michael James, beer traveller di fama mondiale.<\/p>\n<p align=\"JUSTIFY\">\nLa birra francone vanta una tradizione secolare, tramandata di generazione in generazione, e la stessa Franconia vanta un primato mondiale per densit\u00e0 di birrifici sul suo territorio: oltre 300. In questi microbirrifici, nella maggior parte dei casi a conduzione familiare, trovano spazio anche le cosiddette G\u00e4ststatte, locande in cui \u00e8 possibile degustare le birre accompagnate da piatti tipici della tradizione locale. Le produzioni dei microbirrifici franconi sono molto limitate: nella maggior parte dei casi riescono a soddisfare appena il fabbisogno degli abitanti dell&#8217;area limitrofa. Ecco perch\u00e9 queste birre sono pressoch\u00e9 impossibili da trovare al di fuori dei confini tedeschi; l&#8217;unica eccezione \u00e8 rappresentata dal FrankenBierFest, la kermesse romana durante la quale i produttori tedeschi travalicano i confini nazionali per proporre le loro produzioni al pubblico italiano. Sar\u00e0 un viaggio alla scoperta della tradizione brassicola dei villaggi pi\u00f9 remoti della Franconia e di Bamberga, la capitale della birra artigianale tedesca vanta oltre dieci birrifici per soli 70mila abitanti; qui il consumo medio pro capite \u00e8 di oltre 300 litri di birra l\u2019anno, a fronte dei 30 italiani.<\/p>\n<p align=\"JUSTIFY\">\nTra le creazioni birrarie presenti al festival, le rarissime Kellerbier definite \u2018birre di cantina\u2019 per l\u2019abitudine dei birrai di stoccare le botti nei tunnel sotterranei dei sette colli di Bamberga. Durante la lagerizzazione (una delle fasi di produzione) il tappo delle botti viene parzialmente tolto per permettere all\u2019anidride carbonica di fuoriuscire ed evitare l\u2019esplosione dei contenitori. \u00c8 proprio questo procedimento che caratterizza le vere Kellerbier, birre &#8216;piatte&#8217; caratterizzate da una &#8216;luppolatura&#8217; ben definita.<\/p>\n<figure id=\"attachment_14622\" aria-describedby=\"caption-attachment-14622\" style=\"width: 300px\" class=\"wp-caption aligncenter\"><img loading=\"lazy\" decoding=\"async\" class=\"wp-image-14622 size-medium\" src=\"https:\/\/www.romaoggi.eu\/wp-content\/uploads\/2018\/03\/CCW-300x250-1-300x250.jpg\" alt=\"Alt text cinecitt\u00e0 world\" width=\"300\" height=\"250\" \/><figcaption id=\"caption-attachment-14622\" class=\"wp-caption-text\"><a href=\"https:\/\/www.cinecittaworld.it\/Vendita\/Biglietti-e-prezzi?Coupon=ROMAOGGI&amp;Adulti=2&amp;Ridotti=0\"><strong>Ottieni uno sconto sull&#8217;acquisto dei biglietti! CLICCA QUI<\/strong><\/a><\/figcaption><\/figure>\n<p align=\"JUSTIFY\">FrankenBierFest<\/p>\n<p align=\"JUSTIFY\">\nLa Limonaia di Villa Torlonia &#8211; Via Lazzaro Spallanzani, 1A<\/p>\n<p align=\"JUSTIFY\">\nVenerd\u00ec 6 aprile: 17.00 \u2013 2.00<\/p>\n<p align=\"JUSTIFY\">\nSabato 7 aprile: 12.00 \u2013 2.00<\/p>\n<p align=\"JUSTIFY\">\nDomenica 8 aprile: 12.00 \u2013 00.30<\/p>\n<p align=\"JUSTIFY\">\nIngresso gratuito<\/p>\n<p align=\"JUSTIFY\"><a href=\"https:\/\/www.romaoggi.eu\/index.php\/2018\/03\/15\/il-mistero-del-cronovisore\/\"><span style=\"font-family: 'Times New Roman', serif;\"><span style=\"font-size: medium;\"><b>RomaOggi.eu \u2192 Leggi il prossimo articolo <\/b><\/span><\/span><\/a><\/p>\n<p align=\"JUSTIFY\"><span style=\"font-family: 'Times New Roman', serif;\"><span style=\"font-size: medium;\">La Redazione <\/span><\/span><\/p>\n<p align=\"JUSTIFY\"><span style=\"font-family: 'Times New Roman', serif;\"><span style=\"font-size: medium;\">RomaOggi.eu \u201cInteresting news for interesting people\u201d<\/span><\/span><\/p>\n<figure id=\"attachment_14016\" aria-describedby=\"caption-attachment-14016\" style=\"width: 700px\" class=\"wp-caption aligncenter\"><img loading=\"lazy\" decoding=\"async\" class=\"wp-image-14016 size-full\" src=\"https:\/\/www.romaoggi.eu\/wp-content\/uploads\/2018\/02\/28378795_188523325248048_7709676500190097726_n-1.jpg\" alt=\"Alt text Latium Lab\" width=\"700\" height=\"700\" srcset=\"https:\/\/www.romaoggi.eu\/wp-content\/uploads\/2018\/02\/28378795_188523325248048_7709676500190097726_n-1.jpg 700w, https:\/\/www.romaoggi.eu\/wp-content\/uploads\/2018\/02\/28378795_188523325248048_7709676500190097726_n-1-150x150.jpg 150w, https:\/\/www.romaoggi.eu\/wp-content\/uploads\/2018\/02\/28378795_188523325248048_7709676500190097726_n-1-300x300.jpg 300w\" sizes=\"auto, (max-width: 700px) 100vw, 700px\" \/><figcaption id=\"caption-attachment-14016\" class=\"wp-caption-text\"><a href=\"https:\/\/www.facebook.com\/Latium-Lab-176875223079525\/\"><strong>Roma, via Bellegra 29 clicca qui!<\/strong><\/a><\/figcaption><\/figure>\n","protected":false},"excerpt":{"rendered":"<div class=\"mh-excerpt\"><p>Sono introvabili, non vengono imbottigliate e difficilmente, se non avete in programma un viaggio nella regione tedesca della Franconia, riuscirete ad assaggiarle: sono le birre artigianali della Franconia, regione tedesca a nord della Baviera. Dal <a class=\"mh-excerpt-more\" href=\"https:\/\/www.romaoggi.eu\/index.php\/2018\/03\/29\/frankenbierfest-50-birre-artigianali-tedesche-italia-roma\/\" title=\"FrankenBierFest: oltre 50 birre artigianali tedesche, introvabili in Italia, a Roma dal 6 all&#8217;8 aprile\">[&#8230;]<\/a><\/p>\n<\/div>","protected":false},"author":5,"featured_media":14727,"comment_status":"open","ping_status":"open","sticky":false,"template":"","format":"standard","meta":{"_sitemap_exclude":false,"_sitemap_priority":"","_sitemap_frequency":"","footnotes":""},"categories":[8],"tags":[9862,6418,6892,8088,26,9861,9526,877,9863,9467,159,1644,109,817,1738,634,337],"class_list":["post-14726","post","type-post","status-publish","format-standard","has-post-thumbnail","hentry","category-enogastronomia","tag-0-birre-artigianali-tedesche","tag-6418","tag-birre-artigianali","tag-cinecitta-world","tag-cristiano-morelli","tag-frankenbierfest","tag-il-mistero-del-cronovisore","tag-italia","tag-la-limonaia-di-villa-torlonia","tag-latium-lab","tag-lazio","tag-regione-lazio","tag-roma","tag-romaoggi","tag-romaoggi-eu","tag-rome","tag-villa-torlonia"],"yoast_head":"<!-- This site is optimized with the Yoast SEO plugin v27.5 - https:\/\/yoast.com\/product\/yoast-seo-wordpress\/ -->\n<title>FrankenBierFest: oltre 50 birre artigianali tedesche, introvabili in Italia, a Roma dal 6 all&#039;8 aprile<\/title>\n<meta name=\"description\" content=\"al FrankenBierFest, il festival che celebra la cultura, la storia e la tradizione brassicola francone organizzato da Publigiovane Eventi. Giunto alla quarta edizione,....\" \/>\n<meta name=\"robots\" content=\"index, follow, max-snippet:-1, max-image-preview:large, max-video-preview:-1\" \/>\n<link rel=\"canonical\" href=\"https:\/\/www.romaoggi.eu\/index.php\/2018\/03\/29\/frankenbierfest-50-birre-artigianali-tedesche-italia-roma\/\" \/>\n<meta property=\"og:locale\" content=\"it_IT\" \/>\n<meta property=\"og:type\" content=\"article\" \/>\n<meta property=\"og:title\" content=\"FrankenBierFest: oltre 50 birre artigianali tedesche, introvabili in Italia, a Roma dal 6 all&#039;8 aprile\" \/>\n<meta property=\"og:description\" content=\"al FrankenBierFest, il festival che celebra la cultura, la storia e la tradizione brassicola francone organizzato da Publigiovane Eventi. Giunto alla quarta edizione,....\" \/>\n<meta property=\"og:url\" content=\"https:\/\/www.romaoggi.eu\/index.php\/2018\/03\/29\/frankenbierfest-50-birre-artigianali-tedesche-italia-roma\/\" \/>\n<meta property=\"og:site_name\" content=\"roma oggi\" \/>\n<meta property=\"article:publisher\" content=\"https:\/\/www.facebook.com\/RomaOggi-841544845954114\" \/>\n<meta property=\"article:published_time\" content=\"2018-03-29T00:41:04+00:00\" \/>\n<meta property=\"og:image\" content=\"https:\/\/www.romaoggi.eu\/wp-content\/uploads\/2018\/03\/foto_franken.jpg\" \/>\n\t<meta property=\"og:image:width\" content=\"3543\" \/>\n\t<meta property=\"og:image:height\" content=\"2362\" \/>\n\t<meta property=\"og:image:type\" content=\"image\/jpeg\" \/>\n<meta name=\"author\" content=\"Flavio\" \/>\n<meta name=\"twitter:card\" content=\"summary_large_image\" \/>\n<meta name=\"twitter:creator\" content=\"@romaoggi_eu\" \/>\n<meta name=\"twitter:site\" content=\"@romaoggi_eu\" \/>\n<meta name=\"twitter:label1\" content=\"Scritto da\" \/>\n\t<meta name=\"twitter:data1\" content=\"Flavio\" \/>\n\t<meta name=\"twitter:label2\" content=\"Tempo di lettura stimato\" \/>\n\t<meta name=\"twitter:data2\" content=\"2 minuti\" \/>\n<script type=\"application\/ld+json\" class=\"yoast-schema-graph\">{\"@context\":\"https:\\\/\\\/schema.org\",\"@graph\":[{\"@type\":\"Article\",\"@id\":\"https:\\\/\\\/www.romaoggi.eu\\\/index.php\\\/2018\\\/03\\\/29\\\/frankenbierfest-50-birre-artigianali-tedesche-italia-roma\\\/#article\",\"isPartOf\":{\"@id\":\"https:\\\/\\\/www.romaoggi.eu\\\/index.php\\\/2018\\\/03\\\/29\\\/frankenbierfest-50-birre-artigianali-tedesche-italia-roma\\\/\"},\"author\":{\"name\":\"Flavio\",\"@id\":\"https:\\\/\\\/www.romaoggi.eu\\\/#\\\/schema\\\/person\\\/cc12bfd93370392d7e41d243e47e6681\"},\"headline\":\"FrankenBierFest: oltre 50 birre artigianali tedesche, introvabili in Italia, a Roma dal 6 all&#8217;8 aprile\",\"datePublished\":\"2018-03-29T00:41:04+00:00\",\"mainEntityOfPage\":{\"@id\":\"https:\\\/\\\/www.romaoggi.eu\\\/index.php\\\/2018\\\/03\\\/29\\\/frankenbierfest-50-birre-artigianali-tedesche-italia-roma\\\/\"},\"wordCount\":484,\"commentCount\":0,\"publisher\":{\"@id\":\"https:\\\/\\\/www.romaoggi.eu\\\/#organization\"},\"image\":{\"@id\":\"https:\\\/\\\/www.romaoggi.eu\\\/index.php\\\/2018\\\/03\\\/29\\\/frankenbierfest-50-birre-artigianali-tedesche-italia-roma\\\/#primaryimage\"},\"thumbnailUrl\":\"https:\\\/\\\/www.romaoggi.eu\\\/wp-content\\\/uploads\\\/2018\\\/03\\\/foto_franken.jpg\",\"keywords\":[\"0 birre artigianali tedesche\",\"2018\",\"birre artigianali\",\"Cinecitt\u00e0 World\",\"cristiano morelli\",\"FrankenBierFest\",\"Il mistero del cronovisore\",\"italia\",\"La Limonaia di Villa Torlonia\",\"Latium Lab\",\"lazio\",\"Regione Lazio\",\"roma\",\"romaoggi\",\"RomaOggi.eu\",\"rome\",\"villa torlonia\"],\"articleSection\":[\"Enogastronomia\"],\"inLanguage\":\"it-IT\",\"potentialAction\":[{\"@type\":\"CommentAction\",\"name\":\"Comment\",\"target\":[\"https:\\\/\\\/www.romaoggi.eu\\\/index.php\\\/2018\\\/03\\\/29\\\/frankenbierfest-50-birre-artigianali-tedesche-italia-roma\\\/#respond\"]}]},{\"@type\":\"WebPage\",\"@id\":\"https:\\\/\\\/www.romaoggi.eu\\\/index.php\\\/2018\\\/03\\\/29\\\/frankenbierfest-50-birre-artigianali-tedesche-italia-roma\\\/\",\"url\":\"https:\\\/\\\/www.romaoggi.eu\\\/index.php\\\/2018\\\/03\\\/29\\\/frankenbierfest-50-birre-artigianali-tedesche-italia-roma\\\/\",\"name\":\"FrankenBierFest: oltre 50 birre artigianali tedesche, introvabili in Italia, a Roma dal 6 all'8 aprile\",\"isPartOf\":{\"@id\":\"https:\\\/\\\/www.romaoggi.eu\\\/#website\"},\"primaryImageOfPage\":{\"@id\":\"https:\\\/\\\/www.romaoggi.eu\\\/index.php\\\/2018\\\/03\\\/29\\\/frankenbierfest-50-birre-artigianali-tedesche-italia-roma\\\/#primaryimage\"},\"image\":{\"@id\":\"https:\\\/\\\/www.romaoggi.eu\\\/index.php\\\/2018\\\/03\\\/29\\\/frankenbierfest-50-birre-artigianali-tedesche-italia-roma\\\/#primaryimage\"},\"thumbnailUrl\":\"https:\\\/\\\/www.romaoggi.eu\\\/wp-content\\\/uploads\\\/2018\\\/03\\\/foto_franken.jpg\",\"datePublished\":\"2018-03-29T00:41:04+00:00\",\"description\":\"al FrankenBierFest, il festival che celebra la cultura, la storia e la tradizione brassicola francone organizzato da Publigiovane Eventi. Giunto alla quarta edizione,....\",\"breadcrumb\":{\"@id\":\"https:\\\/\\\/www.romaoggi.eu\\\/index.php\\\/2018\\\/03\\\/29\\\/frankenbierfest-50-birre-artigianali-tedesche-italia-roma\\\/#breadcrumb\"},\"inLanguage\":\"it-IT\",\"potentialAction\":[{\"@type\":\"ReadAction\",\"target\":[\"https:\\\/\\\/www.romaoggi.eu\\\/index.php\\\/2018\\\/03\\\/29\\\/frankenbierfest-50-birre-artigianali-tedesche-italia-roma\\\/\"]}]},{\"@type\":\"ImageObject\",\"inLanguage\":\"it-IT\",\"@id\":\"https:\\\/\\\/www.romaoggi.eu\\\/index.php\\\/2018\\\/03\\\/29\\\/frankenbierfest-50-birre-artigianali-tedesche-italia-roma\\\/#primaryimage\",\"url\":\"https:\\\/\\\/www.romaoggi.eu\\\/wp-content\\\/uploads\\\/2018\\\/03\\\/foto_franken.jpg\",\"contentUrl\":\"https:\\\/\\\/www.romaoggi.eu\\\/wp-content\\\/uploads\\\/2018\\\/03\\\/foto_franken.jpg\",\"width\":3543,\"height\":2362,\"caption\":\"Alt text FrankenBierFest\"},{\"@type\":\"BreadcrumbList\",\"@id\":\"https:\\\/\\\/www.romaoggi.eu\\\/index.php\\\/2018\\\/03\\\/29\\\/frankenbierfest-50-birre-artigianali-tedesche-italia-roma\\\/#breadcrumb\",\"itemListElement\":[{\"@type\":\"ListItem\",\"position\":1,\"name\":\"Home\",\"item\":\"https:\\\/\\\/www.romaoggi.eu\\\/\"},{\"@type\":\"ListItem\",\"position\":2,\"name\":\"FrankenBierFest: oltre 50 birre artigianali tedesche, introvabili in Italia, a Roma dal 6 all&#8217;8 aprile\"}]},{\"@type\":\"WebSite\",\"@id\":\"https:\\\/\\\/www.romaoggi.eu\\\/#website\",\"url\":\"https:\\\/\\\/www.romaoggi.eu\\\/\",\"name\":\"roma oggi\",\"description\":\"Interesting News for Interesting people\",\"publisher\":{\"@id\":\"https:\\\/\\\/www.romaoggi.eu\\\/#organization\"},\"potentialAction\":[{\"@type\":\"SearchAction\",\"target\":{\"@type\":\"EntryPoint\",\"urlTemplate\":\"https:\\\/\\\/www.romaoggi.eu\\\/?s={search_term_string}\"},\"query-input\":{\"@type\":\"PropertyValueSpecification\",\"valueRequired\":true,\"valueName\":\"search_term_string\"}}],\"inLanguage\":\"it-IT\"},{\"@type\":\"Organization\",\"@id\":\"https:\\\/\\\/www.romaoggi.eu\\\/#organization\",\"name\":\"RomaOggi\",\"url\":\"https:\\\/\\\/www.romaoggi.eu\\\/\",\"logo\":{\"@type\":\"ImageObject\",\"inLanguage\":\"it-IT\",\"@id\":\"https:\\\/\\\/www.romaoggi.eu\\\/#\\\/schema\\\/logo\\\/image\\\/\",\"url\":\"https:\\\/\\\/www.romaoggi.eu\\\/wp-content\\\/uploads\\\/2017\\\/04\\\/logowp.jpg\",\"contentUrl\":\"https:\\\/\\\/www.romaoggi.eu\\\/wp-content\\\/uploads\\\/2017\\\/04\\\/logowp.jpg\",\"width\":300,\"height\":133,\"caption\":\"RomaOggi\"},\"image\":{\"@id\":\"https:\\\/\\\/www.romaoggi.eu\\\/#\\\/schema\\\/logo\\\/image\\\/\"},\"sameAs\":[\"https:\\\/\\\/www.facebook.com\\\/RomaOggi-841544845954114\",\"https:\\\/\\\/x.com\\\/romaoggi_eu\"]},{\"@type\":\"Person\",\"@id\":\"https:\\\/\\\/www.romaoggi.eu\\\/#\\\/schema\\\/person\\\/cc12bfd93370392d7e41d243e47e6681\",\"name\":\"Flavio\",\"image\":{\"@type\":\"ImageObject\",\"inLanguage\":\"it-IT\",\"@id\":\"https:\\\/\\\/secure.gravatar.com\\\/avatar\\\/7e044ce830ea97853e01500437b37dff4a622b20a194e4d0efe9b67e918f19e5?s=96&d=mm&r=g\",\"url\":\"https:\\\/\\\/secure.gravatar.com\\\/avatar\\\/7e044ce830ea97853e01500437b37dff4a622b20a194e4d0efe9b67e918f19e5?s=96&d=mm&r=g\",\"contentUrl\":\"https:\\\/\\\/secure.gravatar.com\\\/avatar\\\/7e044ce830ea97853e01500437b37dff4a622b20a194e4d0efe9b67e918f19e5?s=96&d=mm&r=g\",\"caption\":\"Flavio\"},\"url\":\"https:\\\/\\\/www.romaoggi.eu\\\/index.php\\\/author\\\/cristiano\\\/\"}]}<\/script>\n<!-- \/ Yoast SEO plugin. -->","yoast_head_json":{"title":"FrankenBierFest: oltre 50 birre artigianali tedesche, introvabili in Italia, a Roma dal 6 all'8 aprile","description":"al FrankenBierFest, il festival che celebra la cultura, la storia e la tradizione brassicola francone organizzato da Publigiovane Eventi. Giunto alla quarta edizione,....","robots":{"index":"index","follow":"follow","max-snippet":"max-snippet:-1","max-image-preview":"max-image-preview:large","max-video-preview":"max-video-preview:-1"},"canonical":"https:\/\/www.romaoggi.eu\/index.php\/2018\/03\/29\/frankenbierfest-50-birre-artigianali-tedesche-italia-roma\/","og_locale":"it_IT","og_type":"article","og_title":"FrankenBierFest: oltre 50 birre artigianali tedesche, introvabili in Italia, a Roma dal 6 all'8 aprile","og_description":"al FrankenBierFest, il festival che celebra la cultura, la storia e la tradizione brassicola francone organizzato da Publigiovane Eventi. Giunto alla quarta edizione,....","og_url":"https:\/\/www.romaoggi.eu\/index.php\/2018\/03\/29\/frankenbierfest-50-birre-artigianali-tedesche-italia-roma\/","og_site_name":"roma oggi","article_publisher":"https:\/\/www.facebook.com\/RomaOggi-841544845954114","article_published_time":"2018-03-29T00:41:04+00:00","og_image":[{"width":3543,"height":2362,"url":"https:\/\/www.romaoggi.eu\/wp-content\/uploads\/2018\/03\/foto_franken.jpg","type":"image\/jpeg"}],"author":"Flavio","twitter_card":"summary_large_image","twitter_creator":"@romaoggi_eu","twitter_site":"@romaoggi_eu","twitter_misc":{"Scritto da":"Flavio","Tempo di lettura stimato":"2 minuti"},"schema":{"@context":"https:\/\/schema.org","@graph":[{"@type":"Article","@id":"https:\/\/www.romaoggi.eu\/index.php\/2018\/03\/29\/frankenbierfest-50-birre-artigianali-tedesche-italia-roma\/#article","isPartOf":{"@id":"https:\/\/www.romaoggi.eu\/index.php\/2018\/03\/29\/frankenbierfest-50-birre-artigianali-tedesche-italia-roma\/"},"author":{"name":"Flavio","@id":"https:\/\/www.romaoggi.eu\/#\/schema\/person\/cc12bfd93370392d7e41d243e47e6681"},"headline":"FrankenBierFest: oltre 50 birre artigianali tedesche, introvabili in Italia, a Roma dal 6 all&#8217;8 aprile","datePublished":"2018-03-29T00:41:04+00:00","mainEntityOfPage":{"@id":"https:\/\/www.romaoggi.eu\/index.php\/2018\/03\/29\/frankenbierfest-50-birre-artigianali-tedesche-italia-roma\/"},"wordCount":484,"commentCount":0,"publisher":{"@id":"https:\/\/www.romaoggi.eu\/#organization"},"image":{"@id":"https:\/\/www.romaoggi.eu\/index.php\/2018\/03\/29\/frankenbierfest-50-birre-artigianali-tedesche-italia-roma\/#primaryimage"},"thumbnailUrl":"https:\/\/www.romaoggi.eu\/wp-content\/uploads\/2018\/03\/foto_franken.jpg","keywords":["0 birre artigianali tedesche","2018","birre artigianali","Cinecitt\u00e0 World","cristiano morelli","FrankenBierFest","Il mistero del cronovisore","italia","La Limonaia di Villa Torlonia","Latium Lab","lazio","Regione Lazio","roma","romaoggi","RomaOggi.eu","rome","villa torlonia"],"articleSection":["Enogastronomia"],"inLanguage":"it-IT","potentialAction":[{"@type":"CommentAction","name":"Comment","target":["https:\/\/www.romaoggi.eu\/index.php\/2018\/03\/29\/frankenbierfest-50-birre-artigianali-tedesche-italia-roma\/#respond"]}]},{"@type":"WebPage","@id":"https:\/\/www.romaoggi.eu\/index.php\/2018\/03\/29\/frankenbierfest-50-birre-artigianali-tedesche-italia-roma\/","url":"https:\/\/www.romaoggi.eu\/index.php\/2018\/03\/29\/frankenbierfest-50-birre-artigianali-tedesche-italia-roma\/","name":"FrankenBierFest: oltre 50 birre artigianali tedesche, introvabili in Italia, a Roma dal 6 all'8 aprile","isPartOf":{"@id":"https:\/\/www.romaoggi.eu\/#website"},"primaryImageOfPage":{"@id":"https:\/\/www.romaoggi.eu\/index.php\/2018\/03\/29\/frankenbierfest-50-birre-artigianali-tedesche-italia-roma\/#primaryimage"},"image":{"@id":"https:\/\/www.romaoggi.eu\/index.php\/2018\/03\/29\/frankenbierfest-50-birre-artigianali-tedesche-italia-roma\/#primaryimage"},"thumbnailUrl":"https:\/\/www.romaoggi.eu\/wp-content\/uploads\/2018\/03\/foto_franken.jpg","datePublished":"2018-03-29T00:41:04+00:00","description":"al FrankenBierFest, il festival che celebra la cultura, la storia e la tradizione brassicola francone organizzato da Publigiovane Eventi. Giunto alla quarta edizione,....","breadcrumb":{"@id":"https:\/\/www.romaoggi.eu\/index.php\/2018\/03\/29\/frankenbierfest-50-birre-artigianali-tedesche-italia-roma\/#breadcrumb"},"inLanguage":"it-IT","potentialAction":[{"@type":"ReadAction","target":["https:\/\/www.romaoggi.eu\/index.php\/2018\/03\/29\/frankenbierfest-50-birre-artigianali-tedesche-italia-roma\/"]}]},{"@type":"ImageObject","inLanguage":"it-IT","@id":"https:\/\/www.romaoggi.eu\/index.php\/2018\/03\/29\/frankenbierfest-50-birre-artigianali-tedesche-italia-roma\/#primaryimage","url":"https:\/\/www.romaoggi.eu\/wp-content\/uploads\/2018\/03\/foto_franken.jpg","contentUrl":"https:\/\/www.romaoggi.eu\/wp-content\/uploads\/2018\/03\/foto_franken.jpg","width":3543,"height":2362,"caption":"Alt text FrankenBierFest"},{"@type":"BreadcrumbList","@id":"https:\/\/www.romaoggi.eu\/index.php\/2018\/03\/29\/frankenbierfest-50-birre-artigianali-tedesche-italia-roma\/#breadcrumb","itemListElement":[{"@type":"ListItem","position":1,"name":"Home","item":"https:\/\/www.romaoggi.eu\/"},{"@type":"ListItem","position":2,"name":"FrankenBierFest: oltre 50 birre artigianali tedesche, introvabili in Italia, a Roma dal 6 all&#8217;8 aprile"}]},{"@type":"WebSite","@id":"https:\/\/www.romaoggi.eu\/#website","url":"https:\/\/www.romaoggi.eu\/","name":"roma oggi","description":"Interesting News for Interesting people","publisher":{"@id":"https:\/\/www.romaoggi.eu\/#organization"},"potentialAction":[{"@type":"SearchAction","target":{"@type":"EntryPoint","urlTemplate":"https:\/\/www.romaoggi.eu\/?s={search_term_string}"},"query-input":{"@type":"PropertyValueSpecification","valueRequired":true,"valueName":"search_term_string"}}],"inLanguage":"it-IT"},{"@type":"Organization","@id":"https:\/\/www.romaoggi.eu\/#organization","name":"RomaOggi","url":"https:\/\/www.romaoggi.eu\/","logo":{"@type":"ImageObject","inLanguage":"it-IT","@id":"https:\/\/www.romaoggi.eu\/#\/schema\/logo\/image\/","url":"https:\/\/www.romaoggi.eu\/wp-content\/uploads\/2017\/04\/logowp.jpg","contentUrl":"https:\/\/www.romaoggi.eu\/wp-content\/uploads\/2017\/04\/logowp.jpg","width":300,"height":133,"caption":"RomaOggi"},"image":{"@id":"https:\/\/www.romaoggi.eu\/#\/schema\/logo\/image\/"},"sameAs":["https:\/\/www.facebook.com\/RomaOggi-841544845954114","https:\/\/x.com\/romaoggi_eu"]},{"@type":"Person","@id":"https:\/\/www.romaoggi.eu\/#\/schema\/person\/cc12bfd93370392d7e41d243e47e6681","name":"Flavio","image":{"@type":"ImageObject","inLanguage":"it-IT","@id":"https:\/\/secure.gravatar.com\/avatar\/7e044ce830ea97853e01500437b37dff4a622b20a194e4d0efe9b67e918f19e5?s=96&d=mm&r=g","url":"https:\/\/secure.gravatar.com\/avatar\/7e044ce830ea97853e01500437b37dff4a622b20a194e4d0efe9b67e918f19e5?s=96&d=mm&r=g","contentUrl":"https:\/\/secure.gravatar.com\/avatar\/7e044ce830ea97853e01500437b37dff4a622b20a194e4d0efe9b67e918f19e5?s=96&d=mm&r=g","caption":"Flavio"},"url":"https:\/\/www.romaoggi.eu\/index.php\/author\/cristiano\/"}]}},"_links":{"self":[{"href":"https:\/\/www.romaoggi.eu\/index.php\/wp-json\/wp\/v2\/posts\/14726","targetHints":{"allow":["GET"]}}],"collection":[{"href":"https:\/\/www.romaoggi.eu\/index.php\/wp-json\/wp\/v2\/posts"}],"about":[{"href":"https:\/\/www.romaoggi.eu\/index.php\/wp-json\/wp\/v2\/types\/post"}],"author":[{"embeddable":true,"href":"https:\/\/www.romaoggi.eu\/index.php\/wp-json\/wp\/v2\/users\/5"}],"replies":[{"embeddable":true,"href":"https:\/\/www.romaoggi.eu\/index.php\/wp-json\/wp\/v2\/comments?post=14726"}],"version-history":[{"count":2,"href":"https:\/\/www.romaoggi.eu\/index.php\/wp-json\/wp\/v2\/posts\/14726\/revisions"}],"predecessor-version":[{"id":14729,"href":"https:\/\/www.romaoggi.eu\/index.php\/wp-json\/wp\/v2\/posts\/14726\/revisions\/14729"}],"wp:featuredmedia":[{"embeddable":true,"href":"https:\/\/www.romaoggi.eu\/index.php\/wp-json\/wp\/v2\/media\/14727"}],"wp:attachment":[{"href":"https:\/\/www.romaoggi.eu\/index.php\/wp-json\/wp\/v2\/media?parent=14726"}],"wp:term":[{"taxonomy":"category","embeddable":true,"href":"https:\/\/www.romaoggi.eu\/index.php\/wp-json\/wp\/v2\/categories?post=14726"},{"taxonomy":"post_tag","embeddable":true,"href":"https:\/\/www.romaoggi.eu\/index.php\/wp-json\/wp\/v2\/tags?post=14726"}],"curies":[{"name":"wp","href":"https:\/\/api.w.org\/{rel}","templated":true}]}}