{"id":14730,"date":"2018-03-29T02:55:20","date_gmt":"2018-03-29T00:55:20","guid":{"rendered":"http:\/\/www.romaoggi.eu\/?p=14730"},"modified":"2018-03-29T02:55:20","modified_gmt":"2018-03-29T00:55:20","slug":"teatro-brancaccino-di-roma","status":"publish","type":"post","link":"https:\/\/www.romaoggi.eu\/index.php\/2018\/03\/29\/teatro-brancaccino-di-roma\/","title":{"rendered":"Debutta \u2018Monsieur Sj\u00f6gren e il coraggio di una donna\u2019 al Teatro Brancaccino di Roma"},"content":{"rendered":"<figure id=\"attachment_14149\" aria-describedby=\"caption-attachment-14149\" style=\"width: 678px\" class=\"wp-caption aligncenter\"><img loading=\"lazy\" decoding=\"async\" class=\"wp-image-14149 size-mh-magazine-content\" src=\"https:\/\/www.romaoggi.eu\/wp-content\/uploads\/2018\/03\/img-001-1-678x381.jpg\" alt=\"Alt text il mistero del cronovisore\" width=\"678\" height=\"381\" \/><figcaption id=\"caption-attachment-14149\" class=\"wp-caption-text\"><a href=\"https:\/\/stores.streetlib.com\/it\/cristiano-morelli\/il-mistero-del-cronovisore\"><strong>CLICCA QUI PER COMPRARE IL MIO NUOVO EBOOK A SOLI \u20ac 0,49!<\/strong><\/a><\/figcaption><\/figure>\n<p align=\"JUSTIFY\">Debutta a Roma<b> Monsieur Sj\u00f6gren e il coraggio di una donna, <\/b>uno spettacolo che tratta di amore, malattia, sfida costante e che affronta il delicato tema della Sindrome di Sj\u00f6gren, malattia autoimmune e degenerativa. Lo spettacolo, interpretato da <b>Sarah Maestri<\/b> (Il cuore altrove, Notte prima degli esami, Il pretore) e <b>Adelmo Togliani <\/b>(Casanova, Boris \u2013 Il film, Un matrimonio, La Sabbia negli occhi), \u00e8 scritto da <b>Elena Tommasini<\/b>, diretto da <b>Stefano Sarcinelli<\/b> e va in scena <b>venerd\u00ec 30 marzo <\/b>alle<b> ore 20.45 <\/b>al <b>Teatro Brancaccino<\/b> (via Merulana 244, Roma) in occasione di un\u2019anteprima evento.<\/p>\n<p align=\"JUSTIFY\">Lo spettacolo porta in scena, attraverso i suoi protagonisti, un rapporto tormentato, una convivenza forzata contraddistinta dall\u2019estrema necessit\u00e0 di riadeguare la propria quotidianit\u00e0 e di riallineare il proprio \u201ccentro\u201d a causa della presenza di un terzo incomodo: quella patologia che porta ad un lento allontanamento dalla propria \u2018normalit\u00e0\u2019: la Sindrome di Sj\u00f6gren \u00e8 una malattia infiammatoria cronica di cui soffrono, in Italia, circa 12\/15.000 persone e per la maggior parte donne.<\/p>\n<p align=\"JUSTIFY\">Lo spettacolo \u00e8 stato fortemente voluto da <b>Lucia Marotta<\/b>, <b>Presidente<\/b> dell\u2019<b>Associazione Nazionale Italiani Malati Sindrome di Sj\u00f6gren <\/b>&#8211; A.N.I.Ma.S.S. ONLUS con l\u2019intento di divulgare e sensibilizzare l\u2019opinione pubblica riguardo la malattia e che afferma: \u201c<i>Vivere con la Sindrome di Sj\u00f6gren<\/i> <i>\u00e8 terribile e non la augureresti a nessuno, ma grazie ad essa e soffrendo quotidianamente posso capire gli altri e combattere per loro. Circa 20 anni fui colpita dalla rara malattia, che nessuno conosceva, ma dopo momenti difficili, cupi e un lungo pellegrinaggio, con coraggio e con la forza della Fede ho trasformato questo dolore in amore verso gli altri\u201d.<\/i><\/p>\n<figure id=\"attachment_14622\" aria-describedby=\"caption-attachment-14622\" style=\"width: 300px\" class=\"wp-caption aligncenter\"><img loading=\"lazy\" decoding=\"async\" class=\"wp-image-14622 size-medium\" src=\"https:\/\/www.romaoggi.eu\/wp-content\/uploads\/2018\/03\/CCW-300x250-1-300x250.jpg\" alt=\"Alt text cinecitt\u00e0 world\" width=\"300\" height=\"250\" \/><figcaption id=\"caption-attachment-14622\" class=\"wp-caption-text\"><a href=\"https:\/\/www.cinecittaworld.it\/Vendita\/Biglietti-e-prezzi?Coupon=ROMAOGGI&amp;Adulti=2&amp;Ridotti=0\"><strong>Ottieni uno sconto sull&#8217;acquisto dei biglietti! CLICCA QUI<\/strong><\/a><\/figcaption><\/figure>\n<p align=\"JUSTIFY\"><a name=\"_GoBack\"><\/a> La pi\u00e8ce presenta agli occhi dello spettatore i diversi colori che la malattia riflette, come un prisma, nella quotidianit\u00e0 di un individuo, nella sua vita professionale, in quella privata, nei rapporti con gli altri e nella sua sfera pi\u00f9 intima. Lo spettacolo vuole raccontare in maniera diretta, dura ma anche ironica a tratti, la scoperta prima e la convivenza poi con un\u2019ospite inattesa, quella Sindrome di Sj\u00f6gren che oggi, nonostante sia fortemente invalidante, non \u00e8 ancora stata riconosciuta come malattia rara in Italia e inserita nei LEA.<\/p>\n<p align=\"JUSTIFY\">Lo spettacolo <b>Monsieur Sj\u00f6gren e il coraggio di una donna<\/b>, liberamente ispirato al libro La sabbia negli occhi di Lucia Marotta, \u00e8 prodotto da<b> A.N.I.Ma.S.S. ONLUS<\/b> in collaborazione con <b>Accademia Togliani<\/b>.<\/p>\n<p align=\"JUSTIFY\"><img loading=\"lazy\" decoding=\"async\" class=\"aligncenter wp-image-14732 size-large\" src=\"https:\/\/www.romaoggi.eu\/wp-content\/uploads\/2018\/03\/Sarahjpg-683x1024.jpg\" alt=\"Alt text Teatro Brancaccino\" width=\"683\" height=\"1024\" srcset=\"https:\/\/www.romaoggi.eu\/wp-content\/uploads\/2018\/03\/Sarahjpg-683x1024.jpg 683w, https:\/\/www.romaoggi.eu\/wp-content\/uploads\/2018\/03\/Sarahjpg-200x300.jpg 200w, https:\/\/www.romaoggi.eu\/wp-content\/uploads\/2018\/03\/Sarahjpg.jpg 1365w\" sizes=\"auto, (max-width: 683px) 100vw, 683px\" \/><\/p>\n<p align=\"JUSTIFY\"><b>Monsieur Sj\u00f6gren e il coraggio di una donna<\/b><\/p>\n<p align=\"JUSTIFY\"><b>venerd\u00ec 30 marzo ore 20.45<\/b><\/p>\n<p align=\"JUSTIFY\"><b>Teatro Brancaccino &#8211; Via Merulana 244, Roma<\/b><\/p>\n<p align=\"JUSTIFY\"><b>Ingresso libero previa prenotazione<\/b><\/p>\n<p align=\"JUSTIFY\"><b>Per info e prenotazioni: eventi@accademiatogliani.it<\/b><\/p>\n<p align=\"JUSTIFY\"><a href=\"https:\/\/www.romaoggi.eu\/index.php\/2018\/03\/15\/il-mistero-del-cronovisore\/\"><span style=\"font-family: 'Times New Roman', serif;\"><span style=\"font-size: medium;\"><b>RomaOggi.eu \u2192 Leggi il prossimo articolo <\/b><\/span><\/span><\/a><\/p>\n<p align=\"JUSTIFY\"><span style=\"font-family: 'Times New Roman', serif;\"><span style=\"font-size: medium;\">La Redazione <\/span><\/span><\/p>\n<p align=\"JUSTIFY\"><span style=\"font-family: 'Times New Roman', serif;\"><span style=\"font-size: medium;\">RomaOggi.eu \u201cInteresting news for interesting people\u201d<\/span><\/span><\/p>\n<figure id=\"attachment_10440\" aria-describedby=\"caption-attachment-10440\" style=\"width: 1024px\" class=\"wp-caption aligncenter\"><img loading=\"lazy\" decoding=\"async\" class=\"wp-image-10440 size-large\" src=\"https:\/\/www.romaoggi.eu\/wp-content\/uploads\/2017\/09\/image3-1-1024x690.jpg\" alt=\"Alt text Roma calcio femminile\" width=\"1024\" height=\"690\" srcset=\"https:\/\/www.romaoggi.eu\/wp-content\/uploads\/2017\/09\/image3-1-1024x690.jpg 1024w, https:\/\/www.romaoggi.eu\/wp-content\/uploads\/2017\/09\/image3-1-300x202.jpg 300w, https:\/\/www.romaoggi.eu\/wp-content\/uploads\/2017\/09\/image3-1.jpg 1093w\" sizes=\"auto, (max-width: 1024px) 100vw, 1024px\" \/><figcaption id=\"caption-attachment-10440\" class=\"wp-caption-text\">Indirizzo: Circonvallazione Clodia, 90, 00195 Roma RM<br \/> Telefono: 06 370 1272<\/figcaption><\/figure>\n","protected":false},"excerpt":{"rendered":"<div class=\"mh-excerpt\"><p>Debutta a Roma Monsieur Sj\u00f6gren e il coraggio di una donna, uno spettacolo che tratta di amore, malattia, sfida costante e che affronta il delicato tema della Sindrome di Sj\u00f6gren, malattia autoimmune e degenerativa. Lo <a class=\"mh-excerpt-more\" href=\"https:\/\/www.romaoggi.eu\/index.php\/2018\/03\/29\/teatro-brancaccino-di-roma\/\" title=\"Debutta \u2018Monsieur Sj\u00f6gren e il coraggio di una donna\u2019 al Teatro Brancaccino di Roma\">[&#8230;]<\/a><\/p>\n<\/div>","protected":false},"author":5,"featured_media":14731,"comment_status":"open","ping_status":"open","sticky":false,"template":"","format":"standard","meta":{"_sitemap_exclude":false,"_sitemap_priority":"","_sitemap_frequency":"","footnotes":""},"categories":[4281],"tags":[6418,8088,26,9526,877,9467,159,9865,1644,109,1738,634,9866,9864],"class_list":["post-14730","post","type-post","status-publish","format-standard","has-post-thumbnail","hentry","category-teatro","tag-6418","tag-cinecitta-world","tag-cristiano-morelli","tag-il-mistero-del-cronovisore","tag-italia","tag-latium-lab","tag-lazio","tag-monsieur-sjogren-e-il-coraggio-di-una-donna","tag-regione-lazio","tag-roma","tag-romaoggi-eu","tag-rome","tag-sarah-maestri","tag-teatro-brancaccino"],"yoast_head":"<!-- This site is optimized with the Yoast SEO plugin v27.4 - https:\/\/yoast.com\/product\/yoast-seo-wordpress\/ -->\n<title>Debutta \u2018Monsieur Sj\u00f6gren e il coraggio di una donna\u2019 al Teatro Brancaccino di Roma<\/title>\n<meta name=\"description\" content=\"Debutta a Roma Monsieur Sj\u00f6gren e il coraggio di una donna, uno spettacolo che tratta di amore, malattia, sfida costante e che affronta il delicato tema della Sindrome di Sj\u00f6gren, malattia autoimmune e degenerativa. Lo spettacolo, interpretato da Sarah ..\" \/>\n<meta name=\"robots\" content=\"index, follow, max-snippet:-1, max-image-preview:large, max-video-preview:-1\" \/>\n<link rel=\"canonical\" href=\"https:\/\/www.romaoggi.eu\/index.php\/2018\/03\/29\/teatro-brancaccino-di-roma\/\" \/>\n<meta property=\"og:locale\" content=\"it_IT\" \/>\n<meta property=\"og:type\" content=\"article\" \/>\n<meta property=\"og:title\" content=\"Debutta \u2018Monsieur Sj\u00f6gren e il coraggio di una donna\u2019 al Teatro Brancaccino di Roma\" \/>\n<meta property=\"og:description\" content=\"Debutta a Roma Monsieur Sj\u00f6gren e il coraggio di una donna, uno spettacolo che tratta di amore, malattia, sfida costante e che affronta il delicato tema della Sindrome di Sj\u00f6gren, malattia autoimmune e degenerativa. Lo spettacolo, interpretato da Sarah ..\" \/>\n<meta property=\"og:url\" content=\"https:\/\/www.romaoggi.eu\/index.php\/2018\/03\/29\/teatro-brancaccino-di-roma\/\" \/>\n<meta property=\"og:site_name\" content=\"roma oggi\" \/>\n<meta property=\"article:publisher\" content=\"https:\/\/www.facebook.com\/RomaOggi-841544845954114\" \/>\n<meta property=\"article:published_time\" content=\"2018-03-29T00:55:20+00:00\" \/>\n<meta property=\"og:image\" content=\"https:\/\/www.romaoggi.eu\/wp-content\/uploads\/2018\/03\/MonsieurSjogren-e-il-coraggio-di-una-donna-2018.jpg\" \/>\n\t<meta property=\"og:image:width\" content=\"1080\" \/>\n\t<meta property=\"og:image:height\" content=\"1528\" \/>\n\t<meta property=\"og:image:type\" content=\"image\/jpeg\" \/>\n<meta name=\"author\" content=\"Flavio\" \/>\n<meta name=\"twitter:card\" content=\"summary_large_image\" \/>\n<meta name=\"twitter:creator\" content=\"@romaoggi_eu\" \/>\n<meta name=\"twitter:site\" content=\"@romaoggi_eu\" \/>\n<meta name=\"twitter:label1\" content=\"Scritto da\" \/>\n\t<meta name=\"twitter:data1\" content=\"Flavio\" \/>\n\t<meta name=\"twitter:label2\" content=\"Tempo di lettura stimato\" \/>\n\t<meta name=\"twitter:data2\" content=\"2 minuti\" \/>\n<script type=\"application\/ld+json\" class=\"yoast-schema-graph\">{\"@context\":\"https:\\\/\\\/schema.org\",\"@graph\":[{\"@type\":\"Article\",\"@id\":\"https:\\\/\\\/www.romaoggi.eu\\\/index.php\\\/2018\\\/03\\\/29\\\/teatro-brancaccino-di-roma\\\/#article\",\"isPartOf\":{\"@id\":\"https:\\\/\\\/www.romaoggi.eu\\\/index.php\\\/2018\\\/03\\\/29\\\/teatro-brancaccino-di-roma\\\/\"},\"author\":{\"name\":\"Flavio\",\"@id\":\"https:\\\/\\\/www.romaoggi.eu\\\/#\\\/schema\\\/person\\\/cc12bfd93370392d7e41d243e47e6681\"},\"headline\":\"Debutta \u2018Monsieur Sj\u00f6gren e il coraggio di una donna\u2019 al Teatro Brancaccino di Roma\",\"datePublished\":\"2018-03-29T00:55:20+00:00\",\"mainEntityOfPage\":{\"@id\":\"https:\\\/\\\/www.romaoggi.eu\\\/index.php\\\/2018\\\/03\\\/29\\\/teatro-brancaccino-di-roma\\\/\"},\"wordCount\":500,\"commentCount\":0,\"publisher\":{\"@id\":\"https:\\\/\\\/www.romaoggi.eu\\\/#organization\"},\"image\":{\"@id\":\"https:\\\/\\\/www.romaoggi.eu\\\/index.php\\\/2018\\\/03\\\/29\\\/teatro-brancaccino-di-roma\\\/#primaryimage\"},\"thumbnailUrl\":\"https:\\\/\\\/www.romaoggi.eu\\\/wp-content\\\/uploads\\\/2018\\\/03\\\/MonsieurSjogren-e-il-coraggio-di-una-donna-2018.jpg\",\"keywords\":[\"2018\",\"Cinecitt\u00e0 World\",\"cristiano morelli\",\"Il mistero del cronovisore\",\"italia\",\"Latium Lab\",\"lazio\",\"Monsieur Sj\u00f6gren e il coraggio di una donna\",\"Regione Lazio\",\"roma\",\"RomaOggi.eu\",\"rome\",\"Sarah Maestri\",\"Teatro Brancaccino\"],\"articleSection\":[\"teatro\"],\"inLanguage\":\"it-IT\",\"potentialAction\":[{\"@type\":\"CommentAction\",\"name\":\"Comment\",\"target\":[\"https:\\\/\\\/www.romaoggi.eu\\\/index.php\\\/2018\\\/03\\\/29\\\/teatro-brancaccino-di-roma\\\/#respond\"]}]},{\"@type\":\"WebPage\",\"@id\":\"https:\\\/\\\/www.romaoggi.eu\\\/index.php\\\/2018\\\/03\\\/29\\\/teatro-brancaccino-di-roma\\\/\",\"url\":\"https:\\\/\\\/www.romaoggi.eu\\\/index.php\\\/2018\\\/03\\\/29\\\/teatro-brancaccino-di-roma\\\/\",\"name\":\"Debutta \u2018Monsieur Sj\u00f6gren e il coraggio di una donna\u2019 al Teatro Brancaccino di Roma\",\"isPartOf\":{\"@id\":\"https:\\\/\\\/www.romaoggi.eu\\\/#website\"},\"primaryImageOfPage\":{\"@id\":\"https:\\\/\\\/www.romaoggi.eu\\\/index.php\\\/2018\\\/03\\\/29\\\/teatro-brancaccino-di-roma\\\/#primaryimage\"},\"image\":{\"@id\":\"https:\\\/\\\/www.romaoggi.eu\\\/index.php\\\/2018\\\/03\\\/29\\\/teatro-brancaccino-di-roma\\\/#primaryimage\"},\"thumbnailUrl\":\"https:\\\/\\\/www.romaoggi.eu\\\/wp-content\\\/uploads\\\/2018\\\/03\\\/MonsieurSjogren-e-il-coraggio-di-una-donna-2018.jpg\",\"datePublished\":\"2018-03-29T00:55:20+00:00\",\"description\":\"Debutta a Roma Monsieur Sj\u00f6gren e il coraggio di una donna, uno spettacolo che tratta di amore, malattia, sfida costante e che affronta il delicato tema della Sindrome di Sj\u00f6gren, malattia autoimmune e degenerativa. Lo spettacolo, interpretato da Sarah ..\",\"breadcrumb\":{\"@id\":\"https:\\\/\\\/www.romaoggi.eu\\\/index.php\\\/2018\\\/03\\\/29\\\/teatro-brancaccino-di-roma\\\/#breadcrumb\"},\"inLanguage\":\"it-IT\",\"potentialAction\":[{\"@type\":\"ReadAction\",\"target\":[\"https:\\\/\\\/www.romaoggi.eu\\\/index.php\\\/2018\\\/03\\\/29\\\/teatro-brancaccino-di-roma\\\/\"]}]},{\"@type\":\"ImageObject\",\"inLanguage\":\"it-IT\",\"@id\":\"https:\\\/\\\/www.romaoggi.eu\\\/index.php\\\/2018\\\/03\\\/29\\\/teatro-brancaccino-di-roma\\\/#primaryimage\",\"url\":\"https:\\\/\\\/www.romaoggi.eu\\\/wp-content\\\/uploads\\\/2018\\\/03\\\/MonsieurSjogren-e-il-coraggio-di-una-donna-2018.jpg\",\"contentUrl\":\"https:\\\/\\\/www.romaoggi.eu\\\/wp-content\\\/uploads\\\/2018\\\/03\\\/MonsieurSjogren-e-il-coraggio-di-una-donna-2018.jpg\",\"width\":1080,\"height\":1528},{\"@type\":\"BreadcrumbList\",\"@id\":\"https:\\\/\\\/www.romaoggi.eu\\\/index.php\\\/2018\\\/03\\\/29\\\/teatro-brancaccino-di-roma\\\/#breadcrumb\",\"itemListElement\":[{\"@type\":\"ListItem\",\"position\":1,\"name\":\"Home\",\"item\":\"https:\\\/\\\/www.romaoggi.eu\\\/\"},{\"@type\":\"ListItem\",\"position\":2,\"name\":\"Debutta \u2018Monsieur Sj\u00f6gren e il coraggio di una donna\u2019 al Teatro Brancaccino di Roma\"}]},{\"@type\":\"WebSite\",\"@id\":\"https:\\\/\\\/www.romaoggi.eu\\\/#website\",\"url\":\"https:\\\/\\\/www.romaoggi.eu\\\/\",\"name\":\"roma oggi\",\"description\":\"Interesting News for Interesting people\",\"publisher\":{\"@id\":\"https:\\\/\\\/www.romaoggi.eu\\\/#organization\"},\"potentialAction\":[{\"@type\":\"SearchAction\",\"target\":{\"@type\":\"EntryPoint\",\"urlTemplate\":\"https:\\\/\\\/www.romaoggi.eu\\\/?s={search_term_string}\"},\"query-input\":{\"@type\":\"PropertyValueSpecification\",\"valueRequired\":true,\"valueName\":\"search_term_string\"}}],\"inLanguage\":\"it-IT\"},{\"@type\":\"Organization\",\"@id\":\"https:\\\/\\\/www.romaoggi.eu\\\/#organization\",\"name\":\"RomaOggi\",\"url\":\"https:\\\/\\\/www.romaoggi.eu\\\/\",\"logo\":{\"@type\":\"ImageObject\",\"inLanguage\":\"it-IT\",\"@id\":\"https:\\\/\\\/www.romaoggi.eu\\\/#\\\/schema\\\/logo\\\/image\\\/\",\"url\":\"https:\\\/\\\/www.romaoggi.eu\\\/wp-content\\\/uploads\\\/2017\\\/04\\\/logowp.jpg\",\"contentUrl\":\"https:\\\/\\\/www.romaoggi.eu\\\/wp-content\\\/uploads\\\/2017\\\/04\\\/logowp.jpg\",\"width\":300,\"height\":133,\"caption\":\"RomaOggi\"},\"image\":{\"@id\":\"https:\\\/\\\/www.romaoggi.eu\\\/#\\\/schema\\\/logo\\\/image\\\/\"},\"sameAs\":[\"https:\\\/\\\/www.facebook.com\\\/RomaOggi-841544845954114\",\"https:\\\/\\\/x.com\\\/romaoggi_eu\"]},{\"@type\":\"Person\",\"@id\":\"https:\\\/\\\/www.romaoggi.eu\\\/#\\\/schema\\\/person\\\/cc12bfd93370392d7e41d243e47e6681\",\"name\":\"Flavio\",\"image\":{\"@type\":\"ImageObject\",\"inLanguage\":\"it-IT\",\"@id\":\"https:\\\/\\\/secure.gravatar.com\\\/avatar\\\/7e044ce830ea97853e01500437b37dff4a622b20a194e4d0efe9b67e918f19e5?s=96&d=mm&r=g\",\"url\":\"https:\\\/\\\/secure.gravatar.com\\\/avatar\\\/7e044ce830ea97853e01500437b37dff4a622b20a194e4d0efe9b67e918f19e5?s=96&d=mm&r=g\",\"contentUrl\":\"https:\\\/\\\/secure.gravatar.com\\\/avatar\\\/7e044ce830ea97853e01500437b37dff4a622b20a194e4d0efe9b67e918f19e5?s=96&d=mm&r=g\",\"caption\":\"Flavio\"},\"url\":\"https:\\\/\\\/www.romaoggi.eu\\\/index.php\\\/author\\\/cristiano\\\/\"}]}<\/script>\n<!-- \/ Yoast SEO plugin. -->","yoast_head_json":{"title":"Debutta \u2018Monsieur Sj\u00f6gren e il coraggio di una donna\u2019 al Teatro Brancaccino di Roma","description":"Debutta a Roma Monsieur Sj\u00f6gren e il coraggio di una donna, uno spettacolo che tratta di amore, malattia, sfida costante e che affronta il delicato tema della Sindrome di Sj\u00f6gren, malattia autoimmune e degenerativa. Lo spettacolo, interpretato da Sarah ..","robots":{"index":"index","follow":"follow","max-snippet":"max-snippet:-1","max-image-preview":"max-image-preview:large","max-video-preview":"max-video-preview:-1"},"canonical":"https:\/\/www.romaoggi.eu\/index.php\/2018\/03\/29\/teatro-brancaccino-di-roma\/","og_locale":"it_IT","og_type":"article","og_title":"Debutta \u2018Monsieur Sj\u00f6gren e il coraggio di una donna\u2019 al Teatro Brancaccino di Roma","og_description":"Debutta a Roma Monsieur Sj\u00f6gren e il coraggio di una donna, uno spettacolo che tratta di amore, malattia, sfida costante e che affronta il delicato tema della Sindrome di Sj\u00f6gren, malattia autoimmune e degenerativa. Lo spettacolo, interpretato da Sarah ..","og_url":"https:\/\/www.romaoggi.eu\/index.php\/2018\/03\/29\/teatro-brancaccino-di-roma\/","og_site_name":"roma oggi","article_publisher":"https:\/\/www.facebook.com\/RomaOggi-841544845954114","article_published_time":"2018-03-29T00:55:20+00:00","og_image":[{"width":1080,"height":1528,"url":"https:\/\/www.romaoggi.eu\/wp-content\/uploads\/2018\/03\/MonsieurSjogren-e-il-coraggio-di-una-donna-2018.jpg","type":"image\/jpeg"}],"author":"Flavio","twitter_card":"summary_large_image","twitter_creator":"@romaoggi_eu","twitter_site":"@romaoggi_eu","twitter_misc":{"Scritto da":"Flavio","Tempo di lettura stimato":"2 minuti"},"schema":{"@context":"https:\/\/schema.org","@graph":[{"@type":"Article","@id":"https:\/\/www.romaoggi.eu\/index.php\/2018\/03\/29\/teatro-brancaccino-di-roma\/#article","isPartOf":{"@id":"https:\/\/www.romaoggi.eu\/index.php\/2018\/03\/29\/teatro-brancaccino-di-roma\/"},"author":{"name":"Flavio","@id":"https:\/\/www.romaoggi.eu\/#\/schema\/person\/cc12bfd93370392d7e41d243e47e6681"},"headline":"Debutta \u2018Monsieur Sj\u00f6gren e il coraggio di una donna\u2019 al Teatro Brancaccino di Roma","datePublished":"2018-03-29T00:55:20+00:00","mainEntityOfPage":{"@id":"https:\/\/www.romaoggi.eu\/index.php\/2018\/03\/29\/teatro-brancaccino-di-roma\/"},"wordCount":500,"commentCount":0,"publisher":{"@id":"https:\/\/www.romaoggi.eu\/#organization"},"image":{"@id":"https:\/\/www.romaoggi.eu\/index.php\/2018\/03\/29\/teatro-brancaccino-di-roma\/#primaryimage"},"thumbnailUrl":"https:\/\/www.romaoggi.eu\/wp-content\/uploads\/2018\/03\/MonsieurSjogren-e-il-coraggio-di-una-donna-2018.jpg","keywords":["2018","Cinecitt\u00e0 World","cristiano morelli","Il mistero del cronovisore","italia","Latium Lab","lazio","Monsieur Sj\u00f6gren e il coraggio di una donna","Regione Lazio","roma","RomaOggi.eu","rome","Sarah Maestri","Teatro Brancaccino"],"articleSection":["teatro"],"inLanguage":"it-IT","potentialAction":[{"@type":"CommentAction","name":"Comment","target":["https:\/\/www.romaoggi.eu\/index.php\/2018\/03\/29\/teatro-brancaccino-di-roma\/#respond"]}]},{"@type":"WebPage","@id":"https:\/\/www.romaoggi.eu\/index.php\/2018\/03\/29\/teatro-brancaccino-di-roma\/","url":"https:\/\/www.romaoggi.eu\/index.php\/2018\/03\/29\/teatro-brancaccino-di-roma\/","name":"Debutta \u2018Monsieur Sj\u00f6gren e il coraggio di una donna\u2019 al Teatro Brancaccino di Roma","isPartOf":{"@id":"https:\/\/www.romaoggi.eu\/#website"},"primaryImageOfPage":{"@id":"https:\/\/www.romaoggi.eu\/index.php\/2018\/03\/29\/teatro-brancaccino-di-roma\/#primaryimage"},"image":{"@id":"https:\/\/www.romaoggi.eu\/index.php\/2018\/03\/29\/teatro-brancaccino-di-roma\/#primaryimage"},"thumbnailUrl":"https:\/\/www.romaoggi.eu\/wp-content\/uploads\/2018\/03\/MonsieurSjogren-e-il-coraggio-di-una-donna-2018.jpg","datePublished":"2018-03-29T00:55:20+00:00","description":"Debutta a Roma Monsieur Sj\u00f6gren e il coraggio di una donna, uno spettacolo che tratta di amore, malattia, sfida costante e che affronta il delicato tema della Sindrome di Sj\u00f6gren, malattia autoimmune e degenerativa. Lo spettacolo, interpretato da Sarah ..","breadcrumb":{"@id":"https:\/\/www.romaoggi.eu\/index.php\/2018\/03\/29\/teatro-brancaccino-di-roma\/#breadcrumb"},"inLanguage":"it-IT","potentialAction":[{"@type":"ReadAction","target":["https:\/\/www.romaoggi.eu\/index.php\/2018\/03\/29\/teatro-brancaccino-di-roma\/"]}]},{"@type":"ImageObject","inLanguage":"it-IT","@id":"https:\/\/www.romaoggi.eu\/index.php\/2018\/03\/29\/teatro-brancaccino-di-roma\/#primaryimage","url":"https:\/\/www.romaoggi.eu\/wp-content\/uploads\/2018\/03\/MonsieurSjogren-e-il-coraggio-di-una-donna-2018.jpg","contentUrl":"https:\/\/www.romaoggi.eu\/wp-content\/uploads\/2018\/03\/MonsieurSjogren-e-il-coraggio-di-una-donna-2018.jpg","width":1080,"height":1528},{"@type":"BreadcrumbList","@id":"https:\/\/www.romaoggi.eu\/index.php\/2018\/03\/29\/teatro-brancaccino-di-roma\/#breadcrumb","itemListElement":[{"@type":"ListItem","position":1,"name":"Home","item":"https:\/\/www.romaoggi.eu\/"},{"@type":"ListItem","position":2,"name":"Debutta \u2018Monsieur Sj\u00f6gren e il coraggio di una donna\u2019 al Teatro Brancaccino di Roma"}]},{"@type":"WebSite","@id":"https:\/\/www.romaoggi.eu\/#website","url":"https:\/\/www.romaoggi.eu\/","name":"roma oggi","description":"Interesting News for Interesting people","publisher":{"@id":"https:\/\/www.romaoggi.eu\/#organization"},"potentialAction":[{"@type":"SearchAction","target":{"@type":"EntryPoint","urlTemplate":"https:\/\/www.romaoggi.eu\/?s={search_term_string}"},"query-input":{"@type":"PropertyValueSpecification","valueRequired":true,"valueName":"search_term_string"}}],"inLanguage":"it-IT"},{"@type":"Organization","@id":"https:\/\/www.romaoggi.eu\/#organization","name":"RomaOggi","url":"https:\/\/www.romaoggi.eu\/","logo":{"@type":"ImageObject","inLanguage":"it-IT","@id":"https:\/\/www.romaoggi.eu\/#\/schema\/logo\/image\/","url":"https:\/\/www.romaoggi.eu\/wp-content\/uploads\/2017\/04\/logowp.jpg","contentUrl":"https:\/\/www.romaoggi.eu\/wp-content\/uploads\/2017\/04\/logowp.jpg","width":300,"height":133,"caption":"RomaOggi"},"image":{"@id":"https:\/\/www.romaoggi.eu\/#\/schema\/logo\/image\/"},"sameAs":["https:\/\/www.facebook.com\/RomaOggi-841544845954114","https:\/\/x.com\/romaoggi_eu"]},{"@type":"Person","@id":"https:\/\/www.romaoggi.eu\/#\/schema\/person\/cc12bfd93370392d7e41d243e47e6681","name":"Flavio","image":{"@type":"ImageObject","inLanguage":"it-IT","@id":"https:\/\/secure.gravatar.com\/avatar\/7e044ce830ea97853e01500437b37dff4a622b20a194e4d0efe9b67e918f19e5?s=96&d=mm&r=g","url":"https:\/\/secure.gravatar.com\/avatar\/7e044ce830ea97853e01500437b37dff4a622b20a194e4d0efe9b67e918f19e5?s=96&d=mm&r=g","contentUrl":"https:\/\/secure.gravatar.com\/avatar\/7e044ce830ea97853e01500437b37dff4a622b20a194e4d0efe9b67e918f19e5?s=96&d=mm&r=g","caption":"Flavio"},"url":"https:\/\/www.romaoggi.eu\/index.php\/author\/cristiano\/"}]}},"_links":{"self":[{"href":"https:\/\/www.romaoggi.eu\/index.php\/wp-json\/wp\/v2\/posts\/14730","targetHints":{"allow":["GET"]}}],"collection":[{"href":"https:\/\/www.romaoggi.eu\/index.php\/wp-json\/wp\/v2\/posts"}],"about":[{"href":"https:\/\/www.romaoggi.eu\/index.php\/wp-json\/wp\/v2\/types\/post"}],"author":[{"embeddable":true,"href":"https:\/\/www.romaoggi.eu\/index.php\/wp-json\/wp\/v2\/users\/5"}],"replies":[{"embeddable":true,"href":"https:\/\/www.romaoggi.eu\/index.php\/wp-json\/wp\/v2\/comments?post=14730"}],"version-history":[{"count":1,"href":"https:\/\/www.romaoggi.eu\/index.php\/wp-json\/wp\/v2\/posts\/14730\/revisions"}],"predecessor-version":[{"id":14733,"href":"https:\/\/www.romaoggi.eu\/index.php\/wp-json\/wp\/v2\/posts\/14730\/revisions\/14733"}],"wp:featuredmedia":[{"embeddable":true,"href":"https:\/\/www.romaoggi.eu\/index.php\/wp-json\/wp\/v2\/media\/14731"}],"wp:attachment":[{"href":"https:\/\/www.romaoggi.eu\/index.php\/wp-json\/wp\/v2\/media?parent=14730"}],"wp:term":[{"taxonomy":"category","embeddable":true,"href":"https:\/\/www.romaoggi.eu\/index.php\/wp-json\/wp\/v2\/categories?post=14730"},{"taxonomy":"post_tag","embeddable":true,"href":"https:\/\/www.romaoggi.eu\/index.php\/wp-json\/wp\/v2\/tags?post=14730"}],"curies":[{"name":"wp","href":"https:\/\/api.w.org\/{rel}","templated":true}]}}