{"id":14777,"date":"2018-03-30T11:33:36","date_gmt":"2018-03-30T09:33:36","guid":{"rendered":"http:\/\/www.romaoggi.eu\/?p=14777"},"modified":"2018-03-30T11:33:36","modified_gmt":"2018-03-30T09:33:36","slug":"kickit","status":"publish","type":"post","link":"https:\/\/www.romaoggi.eu\/index.php\/2018\/03\/30\/kickit\/","title":{"rendered":"KICKIT. L\u2019EUROPA DELLE SNEAKERS ARRIVA A ROMA"},"content":{"rendered":"<p><iframe loading=\"lazy\"  style=\"display: block; margin: 0px auto;\"  id=\"_ytid_32191\"  width=\"480\" height=\"270\"  data-origwidth=\"480\" data-origheight=\"270\" src=\"https:\/\/www.youtube.com\/embed\/_h2pR4Mt5mU?enablejsapi=1&#038;autoplay=0&#038;cc_load_policy=0&#038;cc_lang_pref=&#038;iv_load_policy=1&#038;loop=0&#038;rel=1&#038;fs=1&#038;playsinline=0&#038;autohide=2&#038;theme=dark&#038;color=red&#038;controls=1&#038;disablekb=0&#038;\" class=\"__youtube_prefs__  epyt-is-override  no-lazyload\" title=\"YouTube player\"  allow=\"fullscreen; accelerometer; autoplay; clipboard-write; encrypted-media; gyroscope; picture-in-picture; web-share\" referrerpolicy=\"strict-origin-when-cross-origin\" allowfullscreen data-no-lazy=\"1\" data-skipgform_ajax_framebjll=\"\"><\/iframe><\/p>\n<p align=\"JUSTIFY\"><span style=\"color: #000000;\"><span style=\"font-family: 'Times New Roman', serif;\">Il prossimo\u00a0<b>8 Aprile<\/b>\u00a0si terr\u00e0 presso le Officine Farneto in Roma, la seconda edizione di KICKIT,\u00a0<b>il primo market italiano dedicato alle sneakers ed allo streetwear<\/b>. Le sneakerheads (cos\u00ec vengono chiamati in gergo i collezionisti) di tutta Italia si daranno appuntamento per una no stop\u00a0<b>dalle ore 11 alle 23<\/b>\u00a0che porter\u00e0 a Roma i brand pi\u00f9 prestigiosi unitamente ai marchi pi\u00f9 interessanti ed originali del panorama italiano ed internazionale, per un evento di respiro europeo che pone la sneaker non solo come oggetto da indossare, ma come elemento centrale di un fenomeno di costume che coinvolge tutte le forme d\u2019arte, dalla musica, all\u2019arte, al cinema, allo spettacolo.<\/span><\/span><\/p>\n<p align=\"JUSTIFY\"><span style=\"color: #000000;\"><span style=\"font-family: 'Times New Roman', serif;\">Fondatore di Kickit \u00e8\u00a0<b>Fabrizio Efrati<\/b>, proprietario di\u00a0\u201c<b>I love Tokyo\u201d\u00a0<\/b>in Via dei Giubbonari a Roma, uno store che da anni \u00e8 un punto di riferimento importante per gli appassionati di streetwear e che vanta una lunga tradizionale familiare nella moda e nell\u2019anticipazione delle nuove tendenze, con un occhio di riguardo verso gli States. Da questa passione e dalla frequentazione di eventi europei quali \u201cSneakerness\u201d, il pi\u00f9 importante sneaker market europeo, nasce\u00a0<b>KICKIT<\/b>.\u00a0<b>Ottanta venditori<\/b>, tutte le ultime novit\u00e0 e tendenze dello stile urban, insieme a rarissimi pezzi vintage ed un settore dedicato ai giovanissimi.\u00a0\u00a0Kickit non \u00e8 solo un market, \u00e8 un vero e proprio evento che coniuga lo streetwear a 360\u00b0, a partire dai dj set che accompagneranno i visitatori per tutta la durata della manifestazione. Partner musicale dell\u2019evento \u00e8\u00a0<b>Touch The Wood<\/b>, da sempre attento alle nuove sonorizzazioni, vero e proprio punto di riferimento nel mondo del clubbing capitolino. Evento nell\u2019evento saranno anche i workshop. Il primo coinvolger\u00e0\u00a0<b>David Monteiro<\/b>, uno dei customizer pi\u00f9 famosi d\u2019Europa, le cui creazioni sono ai piedi dell\u2019intera squadra del\u00a0<b>Paris Saint Germain<\/b>\u00a0e dei protagonisti della scena trap francese, David \u00e8 inoltre customizer privato di\u00a0<b>Neymar<\/b>\u00a0e\u00a0<b>Cavani<\/b>; il secondo workshop vedr\u00e0 protagonista\u00a0<b>Angelus Paint<\/b>ed i suoi allievi, mentre il terzo sar\u00e0 organizzato dalla crew romana di\u00a0<b>Shooter Staff<\/b>.\u00a0\u00a0<\/span><\/span><\/p>\n<figure id=\"attachment_14622\" aria-describedby=\"caption-attachment-14622\" style=\"width: 300px\" class=\"wp-caption aligncenter\"><img loading=\"lazy\" decoding=\"async\" class=\"wp-image-14622 size-medium\" src=\"https:\/\/www.romaoggi.eu\/wp-content\/uploads\/2018\/03\/CCW-300x250-1-300x250.jpg\" alt=\"Alt text cinecitt\u00e0 world\" width=\"300\" height=\"250\" \/><figcaption id=\"caption-attachment-14622\" class=\"wp-caption-text\"><a href=\"https:\/\/www.cinecittaworld.it\/Vendita\/Biglietti-e-prezzi?Coupon=ROMAOGGI&amp;Adulti=2&amp;Ridotti=0\"><strong>Ottieni uno sconto sull&#8217;acquisto dei biglietti! CLICCA QUI<\/strong><\/a><\/figcaption><\/figure>\n<p align=\"JUSTIFY\"><span style=\"color: #000000;\"><span style=\"font-family: 'Times New Roman', serif;\">Tra gli ospiti il grande illustratore e designer portoghese\u00a0<b>Laro Lagosta<\/b>, che presenter\u00e0 una tee disegnata appositamente per l\u2019evento e disponibile per l\u2019acquisto in tiratura limitata a 100 esemplari e la web influencer e collezionista\u00a0<b>Selma Kaci Sebbagh<\/b>.\u00a0<span style=\"color: #1d2129;\">Per tutti gli amanti del\u00a0\u00a0Paese del Sol Levante, inoltre\u00a0<\/span><span style=\"color: #1d2129;\"><b>Shun,<\/b><\/span><span style=\"color: #1d2129;\">\u00a0customizer romano presenter\u00e0 20 paia di Asics modificate nella struttura tessile con materiali, stoffe e disegni ispirati alle sue origini giapponesi. Sar\u00e0 inoltre presente all\u2019evento in qualit\u00e0 di testimonial ,\u00a0<\/span><span style=\"color: #1d2129;\"><b>Leonardo Bocci\u00a0<\/b><\/span><span style=\"color: #1d2129;\">degli\u00a0<\/span><span style=\"color: #1d2129;\"><b>Actual<\/b><\/span><span style=\"color: #1d2129;\">, conosciutissimo duo comico romano che ha spopolato sul web mettendo a confronto usi e costumi della parte nord e sud della capitale, e da sempre attento a tutti i fenomeni di costume che coinvolgono il popolo dei social.<\/span><\/span><\/span><\/p>\n<p align=\"JUSTIFY\"><span style=\"color: #000000;\">\u201c<span style=\"font-family: 'Times New Roman', serif;\"><i>Di Kickit mi ha fin da subito entusiasmato l\u2019idea. In un\u2019epoca social, anche l\u2019abbigliamento ha il suo peso, quindi ben vengano progetti del genere soprattutto quando sono portati avanti da persone giovani con una grande voglia di fare e che della loro passione ne hanno fatto un lavoro, un po\u2019 come \u00e8 stato anche per noi degli Actual. Quella di portare in Italia un format di successo che combina il market di sneakers e streetwear, la musica rap, il customizing, l\u2019arte \u00e8 stata una vera e propria sfida e sono stato molto contento di esserne testimonial\u201d.<\/i><\/span><\/span><\/p>\n<p align=\"JUSTIFY\"><img loading=\"lazy\" decoding=\"async\" class=\"aligncenter wp-image-14780 size-full\" src=\"https:\/\/www.romaoggi.eu\/wp-content\/uploads\/2018\/03\/kickitfarneto5.jpg\" alt=\"Alt text KICKIT\" width=\"960\" height=\"638\" srcset=\"https:\/\/www.romaoggi.eu\/wp-content\/uploads\/2018\/03\/kickitfarneto5.jpg 960w, https:\/\/www.romaoggi.eu\/wp-content\/uploads\/2018\/03\/kickitfarneto5-300x199.jpg 300w\" sizes=\"auto, (max-width: 960px) 100vw, 960px\" \/><\/p>\n<p align=\"JUSTIFY\"><span style=\"color: #000000;\"><span style=\"font-family: 'Times New Roman', serif;\"><span style=\"color: #1d2129;\">Attesissima alle Officine Farneto anche l\u2019attrice\u00a0<\/span><span style=\"color: #1d2129;\"><b>Myriam Catania<\/b><\/span><span style=\"color: #1d2129;\">, reduce dal successo della commedia\u00a0\u201c<\/span><span style=\"color: #1d2129;\"><b>Anche senza di te\u201d<\/b><\/span><span style=\"color: #1d2129;\">\u00a0insieme a Nicolas Vaporidis e Matteo Branciamore uscito nelle sale cinematografiche italiane lo scorso 8 marzo. Altro elemento a corollario del market sar\u00e0 il\u00a0<\/span><span style=\"color: #1d2129;\"><b>food &amp; beverage\u00a0<\/b><\/span><span style=\"color: #1d2129;\">con Birradamare, main sponsor della Manifestazion<\/span><span style=\"color: #1d2129;\"><b>e<\/b><\/span><span style=\"color: #1d2129;\">, sei truck per lo street food e le specialit\u00e0 alimentari de \u201cIl Secchio e l\u2019Olivaro\u201d .<\/span>\u00a0E in una location dall\u2019architettura cos\u00ec particolare come quella di Officine Farneto trover\u00e0 spazio anche una perfetta\u00a0riproduzione di un Salone Old School, dove i ragazzi di\u00a0<b>MC Barber Shop<\/b>\u00a0saranno al lavoro per chi volesse provare un nuovo taglio o regolare la barba. Durante la giornata dell\u20198 aprile, i visitatori potranno partecipare a varie raffle con possibilit\u00e0 di vincere un soggiorno a New York a due passi della boutique Supreme, un paio di Yeezy, premi Nike e molto altro. Kickit \u00e8 realizzato in partnership media con\u00a0<b>NSS Magazine<\/b>\u00a0ed in collaborazione con\u00a0<b>Asics<\/b>, main sponsor dell\u2019evento.<\/span><\/span><\/p>\n<figure id=\"attachment_14781\" aria-describedby=\"caption-attachment-14781\" style=\"width: 474px\" class=\"wp-caption aligncenter\"><img loading=\"lazy\" decoding=\"async\" class=\"wp-image-14781 size-full\" src=\"https:\/\/www.romaoggi.eu\/wp-content\/uploads\/2018\/03\/leonardo-bocci-actual.jpg\" alt=\"Alt text KICKIT\" width=\"474\" height=\"474\" srcset=\"https:\/\/www.romaoggi.eu\/wp-content\/uploads\/2018\/03\/leonardo-bocci-actual.jpg 474w, https:\/\/www.romaoggi.eu\/wp-content\/uploads\/2018\/03\/leonardo-bocci-actual-150x150.jpg 150w, https:\/\/www.romaoggi.eu\/wp-content\/uploads\/2018\/03\/leonardo-bocci-actual-300x300.jpg 300w\" sizes=\"auto, (max-width: 474px) 100vw, 474px\" \/><figcaption id=\"caption-attachment-14781\" class=\"wp-caption-text\">leonardo bocci actual<\/figcaption><\/figure>\n<p align=\"JUSTIFY\"><span style=\"color: #000000;\"><span style=\"font-family: 'Times New Roman', serif;\">Per la giornata dell\u20198 aprile sar\u00e0 a disposizione un servizio navetta con fermata Metro Ottaviano \u2013 Piazza Maresciallo Diaz<\/span><\/span><\/p>\n<p align=\"JUSTIFY\"><span style=\"color: #000000;\"><span style=\"font-family: 'Times New Roman', serif;\">KICKIT 8 APRILE OFFICINE FARNETO DALLE ORE 11 ALLE 23 \u2013 VIA MONTI DELLA FARNESINA 77-ROMA<\/span><\/span><\/p>\n<p align=\"JUSTIFY\"><span style=\"color: #222222;\"><span style=\"font-family: 'Times New Roman', serif;\">BIGLIETTI ONLINE 7\u20ac (offerta limitata)<\/span><\/span><a href=\"http:\/\/www.kickitmarket.bigcartel.com\/\" target=\"_blank\" rel=\"noopener\"><span style=\"color: #1155cc;\"><span style=\"font-family: 'Times New Roman', serif;\"><u>www.kickitmarket.bigcartel.com<\/u><\/span><\/span><\/a><\/p>\n<p align=\"JUSTIFY\"><span style=\"color: #222222;\"><span style=\"font-family: 'Times New Roman', serif;\">BIGLIETTI ALL&#8217;INGRESSO 10\u20ac (valido per l&#8217;intera giornata) Biglietto da conservare per tutta la giornata per avere la possibilit\u00e0 di partecipare alla raffle.<\/span><\/span><\/p>\n<p align=\"JUSTIFY\"><span style=\"color: #222222;\"><span style=\"font-family: 'Times New Roman', serif;\">infoline 371 3312066<\/span><\/span><\/p>\n<p align=\"JUSTIFY\"><span style=\"color: #000000;\"><span style=\"font-family: 'Times New Roman', serif;\"><span style=\"color: #222222;\">Facebook\u00a0<\/span><span style=\"color: #222222;\">@Kickitmarket<\/span><\/span><\/span><\/p>\n<p align=\"JUSTIFY\"><span style=\"color: #222222;\"><span style=\"font-family: 'Times New Roman', serif;\">Instagram kickitmarket<\/span><\/span><\/p>\n<p align=\"JUSTIFY\"><a href=\"https:\/\/www.romaoggi.eu\/index.php\/2018\/03\/15\/il-mistero-del-cronovisore\/\"><span style=\"font-family: 'Times New Roman', serif;\"><span style=\"font-size: medium;\"><b>RomaOggi.eu \u2192 Leggi il prossimo articolo <\/b><\/span><\/span><\/a><\/p>\n<p align=\"JUSTIFY\"><span style=\"font-family: 'Times New Roman', serif;\"><span style=\"font-size: medium;\">La Redazione <\/span><\/span><\/p>\n<p align=\"JUSTIFY\"><span style=\"font-family: 'Times New Roman', serif;\"><span style=\"font-size: medium;\">RomaOggi.eu \u201cInteresting news for interesting people\u201d<\/span><\/span><\/p>\n<figure id=\"attachment_14149\" aria-describedby=\"caption-attachment-14149\" style=\"width: 1000px\" class=\"wp-caption aligncenter\"><img loading=\"lazy\" decoding=\"async\" class=\"wp-image-14149 size-full\" src=\"https:\/\/www.romaoggi.eu\/wp-content\/uploads\/2018\/03\/img-001-1.jpg\" alt=\"Alt text il mistero del cronovisore\" width=\"1000\" height=\"1595\" srcset=\"https:\/\/www.romaoggi.eu\/wp-content\/uploads\/2018\/03\/img-001-1.jpg 1000w, https:\/\/www.romaoggi.eu\/wp-content\/uploads\/2018\/03\/img-001-1-188x300.jpg 188w, https:\/\/www.romaoggi.eu\/wp-content\/uploads\/2018\/03\/img-001-1-642x1024.jpg 642w\" sizes=\"auto, (max-width: 1000px) 100vw, 1000px\" \/><figcaption id=\"caption-attachment-14149\" class=\"wp-caption-text\"><a href=\"https:\/\/stores.streetlib.com\/it\/cristiano-morelli\/il-mistero-del-cronovisore\"><strong>CLICCA QUI PER COMPRARE IL MIO NUOVO EBOOK A SOLI \u20ac 0,49!<\/strong><\/a><\/figcaption><\/figure>\n","protected":false},"excerpt":{"rendered":"<div class=\"mh-excerpt\"><p>Il prossimo\u00a08 Aprile\u00a0si terr\u00e0 presso le Officine Farneto in Roma, la seconda edizione di KICKIT,\u00a0il primo market italiano dedicato alle sneakers ed allo streetwear. Le sneakerheads (cos\u00ec vengono chiamati in gergo i collezionisti) di tutta <a class=\"mh-excerpt-more\" href=\"https:\/\/www.romaoggi.eu\/index.php\/2018\/03\/30\/kickit\/\" title=\"KICKIT. L\u2019EUROPA DELLE SNEAKERS ARRIVA A ROMA\">[&#8230;]<\/a><\/p>\n<\/div>","protected":false},"author":5,"featured_media":14779,"comment_status":"open","ping_status":"open","sticky":false,"template":"","format":"standard","meta":{"_sitemap_exclude":false,"_sitemap_priority":"","_sitemap_frequency":"","footnotes":""},"categories":[3],"tags":[6418,7772,8088,26,9526,877,9888,9467,159,9890,7674,1644,817,1738,634,4140,9889],"class_list":["post-14777","post","type-post","status-publish","format-standard","has-post-thumbnail","hentry","category-eventi","tag-6418","tag-actual","tag-cinecitta-world","tag-cristiano-morelli","tag-il-mistero-del-cronovisore","tag-italia","tag-kickit","tag-latium-lab","tag-lazio","tag-leonardo-bocci","tag-officine-farneto","tag-regione-lazio","tag-romaoggi","tag-romaoggi-eu","tag-rome","tag-sneakers","tag-streetwear"],"yoast_head":"<!-- This site is optimized with the Yoast SEO plugin v27.4 - https:\/\/yoast.com\/product\/yoast-seo-wordpress\/ -->\n<title>KICKIT. L\u2019EUROPA DELLE SNEAKERS ARRIVA A ROMA<\/title>\n<meta name=\"description\" content=\"l prossimo\u00a08 Aprile\u00a0si terr\u00e0 presso le Officine Farneto in Roma, la seconda edizione di KICKIT,\u00a0il primo market italiano dedicato alle sneakers ed allo streetwear. Le sneakerheads (cos\u00ec vengono chiamati in gergo i collezionisti) di tutta Italia si daranno appuntamento per una no stop\u00a0dalle ore 11....\" \/>\n<meta name=\"robots\" content=\"index, follow, max-snippet:-1, max-image-preview:large, max-video-preview:-1\" \/>\n<link rel=\"canonical\" href=\"https:\/\/www.romaoggi.eu\/index.php\/2018\/03\/30\/kickit\/\" \/>\n<meta property=\"og:locale\" content=\"it_IT\" \/>\n<meta property=\"og:type\" content=\"article\" \/>\n<meta property=\"og:title\" content=\"KICKIT. L\u2019EUROPA DELLE SNEAKERS ARRIVA A ROMA\" \/>\n<meta property=\"og:description\" content=\"l prossimo\u00a08 Aprile\u00a0si terr\u00e0 presso le Officine Farneto in Roma, la seconda edizione di KICKIT,\u00a0il primo market italiano dedicato alle sneakers ed allo streetwear. Le sneakerheads (cos\u00ec vengono chiamati in gergo i collezionisti) di tutta Italia si daranno appuntamento per una no stop\u00a0dalle ore 11....\" \/>\n<meta property=\"og:url\" content=\"https:\/\/www.romaoggi.eu\/index.php\/2018\/03\/30\/kickit\/\" \/>\n<meta property=\"og:site_name\" content=\"roma oggi\" \/>\n<meta property=\"article:publisher\" content=\"https:\/\/www.facebook.com\/RomaOggi-841544845954114\" \/>\n<meta property=\"article:published_time\" content=\"2018-03-30T09:33:36+00:00\" \/>\n<meta property=\"og:image\" content=\"https:\/\/www.romaoggi.eu\/wp-content\/uploads\/2018\/03\/kickitfarneto4.jpg\" \/>\n\t<meta property=\"og:image:width\" content=\"960\" \/>\n\t<meta property=\"og:image:height\" content=\"960\" \/>\n\t<meta property=\"og:image:type\" content=\"image\/jpeg\" \/>\n<meta name=\"author\" content=\"Flavio\" \/>\n<meta name=\"twitter:card\" content=\"summary_large_image\" \/>\n<meta name=\"twitter:creator\" content=\"@romaoggi_eu\" \/>\n<meta name=\"twitter:site\" content=\"@romaoggi_eu\" \/>\n<meta name=\"twitter:label1\" content=\"Scritto da\" \/>\n\t<meta name=\"twitter:data1\" content=\"Flavio\" \/>\n\t<meta name=\"twitter:label2\" content=\"Tempo di lettura stimato\" \/>\n\t<meta name=\"twitter:data2\" content=\"4 minuti\" \/>\n<script type=\"application\/ld+json\" class=\"yoast-schema-graph\">{\"@context\":\"https:\\\/\\\/schema.org\",\"@graph\":[{\"@type\":\"Article\",\"@id\":\"https:\\\/\\\/www.romaoggi.eu\\\/index.php\\\/2018\\\/03\\\/30\\\/kickit\\\/#article\",\"isPartOf\":{\"@id\":\"https:\\\/\\\/www.romaoggi.eu\\\/index.php\\\/2018\\\/03\\\/30\\\/kickit\\\/\"},\"author\":{\"name\":\"Flavio\",\"@id\":\"https:\\\/\\\/www.romaoggi.eu\\\/#\\\/schema\\\/person\\\/cc12bfd93370392d7e41d243e47e6681\"},\"headline\":\"KICKIT. L\u2019EUROPA DELLE SNEAKERS ARRIVA A ROMA\",\"datePublished\":\"2018-03-30T09:33:36+00:00\",\"mainEntityOfPage\":{\"@id\":\"https:\\\/\\\/www.romaoggi.eu\\\/index.php\\\/2018\\\/03\\\/30\\\/kickit\\\/\"},\"wordCount\":851,\"commentCount\":0,\"publisher\":{\"@id\":\"https:\\\/\\\/www.romaoggi.eu\\\/#organization\"},\"image\":{\"@id\":\"https:\\\/\\\/www.romaoggi.eu\\\/index.php\\\/2018\\\/03\\\/30\\\/kickit\\\/#primaryimage\"},\"thumbnailUrl\":\"https:\\\/\\\/www.romaoggi.eu\\\/wp-content\\\/uploads\\\/2018\\\/03\\\/kickitfarneto4.jpg\",\"keywords\":[\"2018\",\"Actual\",\"Cinecitt\u00e0 World\",\"cristiano morelli\",\"Il mistero del cronovisore\",\"italia\",\"KICKIT\",\"Latium Lab\",\"lazio\",\"leonardo bocci\",\"Officine Farneto\",\"Regione Lazio\",\"romaoggi\",\"RomaOggi.eu\",\"rome\",\"sneakers\",\"streetwear\"],\"articleSection\":[\"Eventi\"],\"inLanguage\":\"it-IT\",\"potentialAction\":[{\"@type\":\"CommentAction\",\"name\":\"Comment\",\"target\":[\"https:\\\/\\\/www.romaoggi.eu\\\/index.php\\\/2018\\\/03\\\/30\\\/kickit\\\/#respond\"]}]},{\"@type\":\"WebPage\",\"@id\":\"https:\\\/\\\/www.romaoggi.eu\\\/index.php\\\/2018\\\/03\\\/30\\\/kickit\\\/\",\"url\":\"https:\\\/\\\/www.romaoggi.eu\\\/index.php\\\/2018\\\/03\\\/30\\\/kickit\\\/\",\"name\":\"KICKIT. L\u2019EUROPA DELLE SNEAKERS ARRIVA A ROMA\",\"isPartOf\":{\"@id\":\"https:\\\/\\\/www.romaoggi.eu\\\/#website\"},\"primaryImageOfPage\":{\"@id\":\"https:\\\/\\\/www.romaoggi.eu\\\/index.php\\\/2018\\\/03\\\/30\\\/kickit\\\/#primaryimage\"},\"image\":{\"@id\":\"https:\\\/\\\/www.romaoggi.eu\\\/index.php\\\/2018\\\/03\\\/30\\\/kickit\\\/#primaryimage\"},\"thumbnailUrl\":\"https:\\\/\\\/www.romaoggi.eu\\\/wp-content\\\/uploads\\\/2018\\\/03\\\/kickitfarneto4.jpg\",\"datePublished\":\"2018-03-30T09:33:36+00:00\",\"description\":\"l prossimo\u00a08 Aprile\u00a0si terr\u00e0 presso le Officine Farneto in Roma, la seconda edizione di KICKIT,\u00a0il primo market italiano dedicato alle sneakers ed allo streetwear. Le sneakerheads (cos\u00ec vengono chiamati in gergo i collezionisti) di tutta Italia si daranno appuntamento per una no stop\u00a0dalle ore 11....\",\"breadcrumb\":{\"@id\":\"https:\\\/\\\/www.romaoggi.eu\\\/index.php\\\/2018\\\/03\\\/30\\\/kickit\\\/#breadcrumb\"},\"inLanguage\":\"it-IT\",\"potentialAction\":[{\"@type\":\"ReadAction\",\"target\":[\"https:\\\/\\\/www.romaoggi.eu\\\/index.php\\\/2018\\\/03\\\/30\\\/kickit\\\/\"]}]},{\"@type\":\"ImageObject\",\"inLanguage\":\"it-IT\",\"@id\":\"https:\\\/\\\/www.romaoggi.eu\\\/index.php\\\/2018\\\/03\\\/30\\\/kickit\\\/#primaryimage\",\"url\":\"https:\\\/\\\/www.romaoggi.eu\\\/wp-content\\\/uploads\\\/2018\\\/03\\\/kickitfarneto4.jpg\",\"contentUrl\":\"https:\\\/\\\/www.romaoggi.eu\\\/wp-content\\\/uploads\\\/2018\\\/03\\\/kickitfarneto4.jpg\",\"width\":960,\"height\":960},{\"@type\":\"BreadcrumbList\",\"@id\":\"https:\\\/\\\/www.romaoggi.eu\\\/index.php\\\/2018\\\/03\\\/30\\\/kickit\\\/#breadcrumb\",\"itemListElement\":[{\"@type\":\"ListItem\",\"position\":1,\"name\":\"Home\",\"item\":\"https:\\\/\\\/www.romaoggi.eu\\\/\"},{\"@type\":\"ListItem\",\"position\":2,\"name\":\"KICKIT. L\u2019EUROPA DELLE SNEAKERS ARRIVA A ROMA\"}]},{\"@type\":\"WebSite\",\"@id\":\"https:\\\/\\\/www.romaoggi.eu\\\/#website\",\"url\":\"https:\\\/\\\/www.romaoggi.eu\\\/\",\"name\":\"roma oggi\",\"description\":\"Interesting News for Interesting people\",\"publisher\":{\"@id\":\"https:\\\/\\\/www.romaoggi.eu\\\/#organization\"},\"potentialAction\":[{\"@type\":\"SearchAction\",\"target\":{\"@type\":\"EntryPoint\",\"urlTemplate\":\"https:\\\/\\\/www.romaoggi.eu\\\/?s={search_term_string}\"},\"query-input\":{\"@type\":\"PropertyValueSpecification\",\"valueRequired\":true,\"valueName\":\"search_term_string\"}}],\"inLanguage\":\"it-IT\"},{\"@type\":\"Organization\",\"@id\":\"https:\\\/\\\/www.romaoggi.eu\\\/#organization\",\"name\":\"RomaOggi\",\"url\":\"https:\\\/\\\/www.romaoggi.eu\\\/\",\"logo\":{\"@type\":\"ImageObject\",\"inLanguage\":\"it-IT\",\"@id\":\"https:\\\/\\\/www.romaoggi.eu\\\/#\\\/schema\\\/logo\\\/image\\\/\",\"url\":\"https:\\\/\\\/www.romaoggi.eu\\\/wp-content\\\/uploads\\\/2017\\\/04\\\/logowp.jpg\",\"contentUrl\":\"https:\\\/\\\/www.romaoggi.eu\\\/wp-content\\\/uploads\\\/2017\\\/04\\\/logowp.jpg\",\"width\":300,\"height\":133,\"caption\":\"RomaOggi\"},\"image\":{\"@id\":\"https:\\\/\\\/www.romaoggi.eu\\\/#\\\/schema\\\/logo\\\/image\\\/\"},\"sameAs\":[\"https:\\\/\\\/www.facebook.com\\\/RomaOggi-841544845954114\",\"https:\\\/\\\/x.com\\\/romaoggi_eu\"]},{\"@type\":\"Person\",\"@id\":\"https:\\\/\\\/www.romaoggi.eu\\\/#\\\/schema\\\/person\\\/cc12bfd93370392d7e41d243e47e6681\",\"name\":\"Flavio\",\"image\":{\"@type\":\"ImageObject\",\"inLanguage\":\"it-IT\",\"@id\":\"https:\\\/\\\/secure.gravatar.com\\\/avatar\\\/7e044ce830ea97853e01500437b37dff4a622b20a194e4d0efe9b67e918f19e5?s=96&d=mm&r=g\",\"url\":\"https:\\\/\\\/secure.gravatar.com\\\/avatar\\\/7e044ce830ea97853e01500437b37dff4a622b20a194e4d0efe9b67e918f19e5?s=96&d=mm&r=g\",\"contentUrl\":\"https:\\\/\\\/secure.gravatar.com\\\/avatar\\\/7e044ce830ea97853e01500437b37dff4a622b20a194e4d0efe9b67e918f19e5?s=96&d=mm&r=g\",\"caption\":\"Flavio\"},\"url\":\"https:\\\/\\\/www.romaoggi.eu\\\/index.php\\\/author\\\/cristiano\\\/\"}]}<\/script>\n<!-- \/ Yoast SEO plugin. -->","yoast_head_json":{"title":"KICKIT. L\u2019EUROPA DELLE SNEAKERS ARRIVA A ROMA","description":"l prossimo\u00a08 Aprile\u00a0si terr\u00e0 presso le Officine Farneto in Roma, la seconda edizione di KICKIT,\u00a0il primo market italiano dedicato alle sneakers ed allo streetwear. Le sneakerheads (cos\u00ec vengono chiamati in gergo i collezionisti) di tutta Italia si daranno appuntamento per una no stop\u00a0dalle ore 11....","robots":{"index":"index","follow":"follow","max-snippet":"max-snippet:-1","max-image-preview":"max-image-preview:large","max-video-preview":"max-video-preview:-1"},"canonical":"https:\/\/www.romaoggi.eu\/index.php\/2018\/03\/30\/kickit\/","og_locale":"it_IT","og_type":"article","og_title":"KICKIT. L\u2019EUROPA DELLE SNEAKERS ARRIVA A ROMA","og_description":"l prossimo\u00a08 Aprile\u00a0si terr\u00e0 presso le Officine Farneto in Roma, la seconda edizione di KICKIT,\u00a0il primo market italiano dedicato alle sneakers ed allo streetwear. Le sneakerheads (cos\u00ec vengono chiamati in gergo i collezionisti) di tutta Italia si daranno appuntamento per una no stop\u00a0dalle ore 11....","og_url":"https:\/\/www.romaoggi.eu\/index.php\/2018\/03\/30\/kickit\/","og_site_name":"roma oggi","article_publisher":"https:\/\/www.facebook.com\/RomaOggi-841544845954114","article_published_time":"2018-03-30T09:33:36+00:00","og_image":[{"width":960,"height":960,"url":"https:\/\/www.romaoggi.eu\/wp-content\/uploads\/2018\/03\/kickitfarneto4.jpg","type":"image\/jpeg"}],"author":"Flavio","twitter_card":"summary_large_image","twitter_creator":"@romaoggi_eu","twitter_site":"@romaoggi_eu","twitter_misc":{"Scritto da":"Flavio","Tempo di lettura stimato":"4 minuti"},"schema":{"@context":"https:\/\/schema.org","@graph":[{"@type":"Article","@id":"https:\/\/www.romaoggi.eu\/index.php\/2018\/03\/30\/kickit\/#article","isPartOf":{"@id":"https:\/\/www.romaoggi.eu\/index.php\/2018\/03\/30\/kickit\/"},"author":{"name":"Flavio","@id":"https:\/\/www.romaoggi.eu\/#\/schema\/person\/cc12bfd93370392d7e41d243e47e6681"},"headline":"KICKIT. L\u2019EUROPA DELLE SNEAKERS ARRIVA A ROMA","datePublished":"2018-03-30T09:33:36+00:00","mainEntityOfPage":{"@id":"https:\/\/www.romaoggi.eu\/index.php\/2018\/03\/30\/kickit\/"},"wordCount":851,"commentCount":0,"publisher":{"@id":"https:\/\/www.romaoggi.eu\/#organization"},"image":{"@id":"https:\/\/www.romaoggi.eu\/index.php\/2018\/03\/30\/kickit\/#primaryimage"},"thumbnailUrl":"https:\/\/www.romaoggi.eu\/wp-content\/uploads\/2018\/03\/kickitfarneto4.jpg","keywords":["2018","Actual","Cinecitt\u00e0 World","cristiano morelli","Il mistero del cronovisore","italia","KICKIT","Latium Lab","lazio","leonardo bocci","Officine Farneto","Regione Lazio","romaoggi","RomaOggi.eu","rome","sneakers","streetwear"],"articleSection":["Eventi"],"inLanguage":"it-IT","potentialAction":[{"@type":"CommentAction","name":"Comment","target":["https:\/\/www.romaoggi.eu\/index.php\/2018\/03\/30\/kickit\/#respond"]}]},{"@type":"WebPage","@id":"https:\/\/www.romaoggi.eu\/index.php\/2018\/03\/30\/kickit\/","url":"https:\/\/www.romaoggi.eu\/index.php\/2018\/03\/30\/kickit\/","name":"KICKIT. L\u2019EUROPA DELLE SNEAKERS ARRIVA A ROMA","isPartOf":{"@id":"https:\/\/www.romaoggi.eu\/#website"},"primaryImageOfPage":{"@id":"https:\/\/www.romaoggi.eu\/index.php\/2018\/03\/30\/kickit\/#primaryimage"},"image":{"@id":"https:\/\/www.romaoggi.eu\/index.php\/2018\/03\/30\/kickit\/#primaryimage"},"thumbnailUrl":"https:\/\/www.romaoggi.eu\/wp-content\/uploads\/2018\/03\/kickitfarneto4.jpg","datePublished":"2018-03-30T09:33:36+00:00","description":"l prossimo\u00a08 Aprile\u00a0si terr\u00e0 presso le Officine Farneto in Roma, la seconda edizione di KICKIT,\u00a0il primo market italiano dedicato alle sneakers ed allo streetwear. Le sneakerheads (cos\u00ec vengono chiamati in gergo i collezionisti) di tutta Italia si daranno appuntamento per una no stop\u00a0dalle ore 11....","breadcrumb":{"@id":"https:\/\/www.romaoggi.eu\/index.php\/2018\/03\/30\/kickit\/#breadcrumb"},"inLanguage":"it-IT","potentialAction":[{"@type":"ReadAction","target":["https:\/\/www.romaoggi.eu\/index.php\/2018\/03\/30\/kickit\/"]}]},{"@type":"ImageObject","inLanguage":"it-IT","@id":"https:\/\/www.romaoggi.eu\/index.php\/2018\/03\/30\/kickit\/#primaryimage","url":"https:\/\/www.romaoggi.eu\/wp-content\/uploads\/2018\/03\/kickitfarneto4.jpg","contentUrl":"https:\/\/www.romaoggi.eu\/wp-content\/uploads\/2018\/03\/kickitfarneto4.jpg","width":960,"height":960},{"@type":"BreadcrumbList","@id":"https:\/\/www.romaoggi.eu\/index.php\/2018\/03\/30\/kickit\/#breadcrumb","itemListElement":[{"@type":"ListItem","position":1,"name":"Home","item":"https:\/\/www.romaoggi.eu\/"},{"@type":"ListItem","position":2,"name":"KICKIT. L\u2019EUROPA DELLE SNEAKERS ARRIVA A ROMA"}]},{"@type":"WebSite","@id":"https:\/\/www.romaoggi.eu\/#website","url":"https:\/\/www.romaoggi.eu\/","name":"roma oggi","description":"Interesting News for Interesting people","publisher":{"@id":"https:\/\/www.romaoggi.eu\/#organization"},"potentialAction":[{"@type":"SearchAction","target":{"@type":"EntryPoint","urlTemplate":"https:\/\/www.romaoggi.eu\/?s={search_term_string}"},"query-input":{"@type":"PropertyValueSpecification","valueRequired":true,"valueName":"search_term_string"}}],"inLanguage":"it-IT"},{"@type":"Organization","@id":"https:\/\/www.romaoggi.eu\/#organization","name":"RomaOggi","url":"https:\/\/www.romaoggi.eu\/","logo":{"@type":"ImageObject","inLanguage":"it-IT","@id":"https:\/\/www.romaoggi.eu\/#\/schema\/logo\/image\/","url":"https:\/\/www.romaoggi.eu\/wp-content\/uploads\/2017\/04\/logowp.jpg","contentUrl":"https:\/\/www.romaoggi.eu\/wp-content\/uploads\/2017\/04\/logowp.jpg","width":300,"height":133,"caption":"RomaOggi"},"image":{"@id":"https:\/\/www.romaoggi.eu\/#\/schema\/logo\/image\/"},"sameAs":["https:\/\/www.facebook.com\/RomaOggi-841544845954114","https:\/\/x.com\/romaoggi_eu"]},{"@type":"Person","@id":"https:\/\/www.romaoggi.eu\/#\/schema\/person\/cc12bfd93370392d7e41d243e47e6681","name":"Flavio","image":{"@type":"ImageObject","inLanguage":"it-IT","@id":"https:\/\/secure.gravatar.com\/avatar\/7e044ce830ea97853e01500437b37dff4a622b20a194e4d0efe9b67e918f19e5?s=96&d=mm&r=g","url":"https:\/\/secure.gravatar.com\/avatar\/7e044ce830ea97853e01500437b37dff4a622b20a194e4d0efe9b67e918f19e5?s=96&d=mm&r=g","contentUrl":"https:\/\/secure.gravatar.com\/avatar\/7e044ce830ea97853e01500437b37dff4a622b20a194e4d0efe9b67e918f19e5?s=96&d=mm&r=g","caption":"Flavio"},"url":"https:\/\/www.romaoggi.eu\/index.php\/author\/cristiano\/"}]}},"_links":{"self":[{"href":"https:\/\/www.romaoggi.eu\/index.php\/wp-json\/wp\/v2\/posts\/14777","targetHints":{"allow":["GET"]}}],"collection":[{"href":"https:\/\/www.romaoggi.eu\/index.php\/wp-json\/wp\/v2\/posts"}],"about":[{"href":"https:\/\/www.romaoggi.eu\/index.php\/wp-json\/wp\/v2\/types\/post"}],"author":[{"embeddable":true,"href":"https:\/\/www.romaoggi.eu\/index.php\/wp-json\/wp\/v2\/users\/5"}],"replies":[{"embeddable":true,"href":"https:\/\/www.romaoggi.eu\/index.php\/wp-json\/wp\/v2\/comments?post=14777"}],"version-history":[{"count":1,"href":"https:\/\/www.romaoggi.eu\/index.php\/wp-json\/wp\/v2\/posts\/14777\/revisions"}],"predecessor-version":[{"id":14782,"href":"https:\/\/www.romaoggi.eu\/index.php\/wp-json\/wp\/v2\/posts\/14777\/revisions\/14782"}],"wp:featuredmedia":[{"embeddable":true,"href":"https:\/\/www.romaoggi.eu\/index.php\/wp-json\/wp\/v2\/media\/14779"}],"wp:attachment":[{"href":"https:\/\/www.romaoggi.eu\/index.php\/wp-json\/wp\/v2\/media?parent=14777"}],"wp:term":[{"taxonomy":"category","embeddable":true,"href":"https:\/\/www.romaoggi.eu\/index.php\/wp-json\/wp\/v2\/categories?post=14777"},{"taxonomy":"post_tag","embeddable":true,"href":"https:\/\/www.romaoggi.eu\/index.php\/wp-json\/wp\/v2\/tags?post=14777"}],"curies":[{"name":"wp","href":"https:\/\/api.w.org\/{rel}","templated":true}]}}