{"id":14974,"date":"2018-04-09T21:51:22","date_gmt":"2018-04-09T19:51:22","guid":{"rendered":"http:\/\/www.romaoggi.eu\/?p=14974"},"modified":"2018-04-09T21:51:22","modified_gmt":"2018-04-09T19:51:22","slug":"la-resilienza","status":"publish","type":"post","link":"https:\/\/www.romaoggi.eu\/index.php\/2018\/04\/09\/la-resilienza\/","title":{"rendered":"Da domani torna LA RESILIENZA di AST COMPANY al Teatro Stanze Segrete"},"content":{"rendered":"<figure id=\"attachment_14149\" aria-describedby=\"caption-attachment-14149\" style=\"width: 678px\" class=\"wp-caption aligncenter\"><img loading=\"lazy\" decoding=\"async\" class=\"wp-image-14149 size-mh-magazine-content\" src=\"https:\/\/www.romaoggi.eu\/wp-content\/uploads\/2018\/03\/img-001-1-678x381.jpg\" alt=\"Alt text il mistero del cronovisore\" width=\"678\" height=\"381\" \/><figcaption id=\"caption-attachment-14149\" class=\"wp-caption-text\"><a href=\"https:\/\/stores.streetlib.com\/it\/cristiano-morelli\/il-mistero-del-cronovisore\"><strong>CLICCA QUI PER COMPRARE IL MIO NUOVO EBOOK A SOLI \u20ac 0,49!<\/strong><\/a><\/figcaption><\/figure>\n<p align=\"JUSTIFY\"><span style=\"color: #000000;\"><span style=\"font-family: 'Times New Roman', serif;\"><span style=\"font-size: medium;\">Dopo il successo di pubblico e di critica della scorsa stagione torna dal 10 al 15 aprile al\u00a0<b>Teatro Stanze Segrete<\/b>\u00a0di Roma\u00a0<b>LA RESILIENZA<\/b>\u00a0di\u00a0<b>AST Company<\/b>\u00a0con\u00a0<b>Fabrizio Lobello<\/b>,\u00a0<b>Cristiana De Maio<\/b>,\u00a0<b>Max Vellucci<\/b>,\u00a0<b>Patrizio Cossa<\/b>\u00a0e\u00a0<b>Stefano Augeri<\/b>, per la regia di\u00a0<b>Giorgia Giuntoli<\/b>.<\/span><\/span><\/span><\/p>\n<p align=\"JUSTIFY\"><span style=\"color: #000000;\"><span style=\"font-family: 'Times New Roman', serif;\"><span style=\"font-size: medium;\">Uno studio teatrale in continua evoluzione, derivato dal progetto artistico sperimentale della AST Company \u201cstudi nudi di improvvisazione teatrale\u201d; studi che pongono gli attori in una condizione di massima difficolt\u00e0: senza testo, senza costumi, senza oggetti e senza quarta parete. Tutto completamente improvvisato.<\/span><\/span><\/span><\/p>\n<p align=\"JUSTIFY\"><span style=\"color: #000000;\"><span style=\"font-family: 'Times New Roman', serif;\"><span style=\"font-size: medium;\">Lo spunto dello studio di improvvisazione teatrale La resilienza, \u00e8 proprio quello di vedere se &#8211; e come &#8211; sia possibile sviluppare un atteggiamento resiliente atto al superamento del momento di difficolt\u00e0 al fine di ritrovare un equilibrio perduto.<\/span><\/span><\/span><\/p>\n<p align=\"JUSTIFY\"><span style=\"color: #000000;\"><span style=\"font-family: 'Times New Roman', serif;\"><span style=\"font-size: medium;\">In che modo le ragioni psicologiche, gli incontri, l&#8217;altro in tutte le sue vesti, ecc&#8230; possano contribuire all&#8217;essere resilienti , a far superare gli ostacoli senza soccombere ai colpi che la vita a volte infligge?<\/span><\/span><\/span><\/p>\n<p align=\"JUSTIFY\"><span style=\"color: #000000;\"><span style=\"font-family: 'Times New Roman', serif;\"><span style=\"font-size: medium;\">ll pubblico all&#8217;inizio della spettacolo sar\u00e0 chiamato a dare un input iniziale, che sar\u00e0 il trauma da cui nascer\u00e0 la storia.<\/span><\/span><\/span><\/p>\n<figure id=\"attachment_14977\" aria-describedby=\"caption-attachment-14977\" style=\"width: 324px\" class=\"wp-caption aligncenter\"><img loading=\"lazy\" decoding=\"async\" class=\"wp-image-14977 size-full\" src=\"https:\/\/www.romaoggi.eu\/wp-content\/uploads\/2018\/04\/Stefano-Augeri.jpg\" alt=\"Alt text LA RESILIENZA\" width=\"324\" height=\"290\" srcset=\"https:\/\/www.romaoggi.eu\/wp-content\/uploads\/2018\/04\/Stefano-Augeri.jpg 324w, https:\/\/www.romaoggi.eu\/wp-content\/uploads\/2018\/04\/Stefano-Augeri-300x269.jpg 300w\" sizes=\"auto, (max-width: 324px) 100vw, 324px\" \/><figcaption id=\"caption-attachment-14977\" class=\"wp-caption-text\">Stefano Augeri<\/figcaption><\/figure>\n<p align=\"JUSTIFY\"><span style=\"color: #000000;\"><span style=\"font-family: 'Times New Roman', serif;\"><span style=\"font-size: medium;\">Gli attori in scena elaboreranno, in 50 minuti reali, una storia di relazioni, che avr\u00e0 come oggetto non tanto il trauma come evento, quanto il suo possibile sviluppo e risoluzione positiva nella vita dei protagonisti. Possibile, ma non certa la risoluzione positiva, perch\u00e9 in questo canone di massima immedesimazione non \u00e8 escluso che gli attori\/personaggi possano non riuscire ad ogni replica a \u201ctrovare\u201d le ragioni , i motivi, le spinte per essere resilienti e soccombere in qualche modo al colpo inferto dagli eventi.<\/span><\/span><\/span><\/p>\n<p align=\"JUSTIFY\"><span style=\"color: #000000;\"><span style=\"font-family: 'Times New Roman', serif;\"><span style=\"font-size: medium;\">Gli attori sono posti in una condizione che li spinge ad un lavoro estremo sull\u2019indagine dei personaggi, la storia e la regia, senza filtri. L\u2019estrema difficolt\u00e0 della narrazione all\u2019improvviso catapulta gli attori in uno spazio metaforico tra realt\u00e0 e finzione, in un canone di massima immedesimazione in cui ci\u00f2 a cui assiste lo spettatore \u00e8 unico, irripetibile, senza traccia come la vita.<\/span><\/span><\/span><\/p>\n<p align=\"JUSTIFY\"><span style=\"color: #000000;\"><span style=\"font-family: 'Times New Roman', serif;\"><span style=\"font-size: medium;\">LA RESILIENZA ripropone la possibilit\u00e0 dell\u2019uomo di trasformare in energia positiva un evento traumatico.<\/span><\/span><\/span><\/p>\n<p align=\"JUSTIFY\"><span style=\"color: #000000;\"><span style=\"font-family: 'Times New Roman', serif;\"><span style=\"font-size: medium;\">LA RESILIENZA \u2013 Studi nudi di improvvisazione teatrale<\/span><\/span><\/span><\/p>\n<p align=\"JUSTIFY\"><span style=\"color: #000000;\"><span style=\"font-family: 'Times New Roman', serif;\"><span style=\"font-size: medium;\">Dal 10 al 15 aprile 2018<\/span><\/span><\/span><\/p>\n<p align=\"JUSTIFY\"><span style=\"color: #000000;\"><span style=\"font-family: 'Times New Roman', serif;\"><span style=\"font-size: medium;\"><b>Teatro Stanze Segrete<\/b>\u00a0\u2013 Via Della Penitenza, 3 (Trastevere)<\/span><\/span><\/span><\/p>\n<p align=\"JUSTIFY\"><span style=\"color: #000000;\"><span style=\"font-family: 'Times New Roman', serif;\"><span style=\"font-size: medium;\">Ore 21 e la domenica ore 19<\/span><\/span><\/span><\/p>\n<p align=\"JUSTIFY\"><span style=\"color: #000000;\"><span style=\"font-family: 'Times New Roman', serif;\"><span style=\"font-size: medium;\">Prenotazioni\u00a0<b>prenotazioni@assettoteatro.it<\/b>\u00a0\/ Teatro Stanze Segrete\u00a006.6872690, mobile 388\/9246033, e-mail:\u00a0info@stanzesegrete.it<\/span><\/span><\/span><\/p>\n<p align=\"JUSTIFY\"><span style=\"color: #000000;\"><span style=\"font-family: 'Times New Roman', serif;\"><span style=\"font-size: medium;\"><b>biglietto intero euro 12 &#8211; ridotto euro 10, tessera associativa euro 3<\/b><\/span><\/span><\/span><\/p>\n<p align=\"JUSTIFY\"><a href=\"https:\/\/www.romaoggi.eu\/index.php\/2018\/03\/15\/il-mistero-del-cronovisore\/\"><span style=\"font-family: 'Times New Roman', serif;\"><span style=\"font-size: medium;\"><b>RomaOggi.eu \u2192 Leggi il prossimo articolo <\/b><\/span><\/span><\/a><\/p>\n<p align=\"JUSTIFY\"><span style=\"font-family: 'Times New Roman', serif;\"><span style=\"font-size: medium;\">La Redazione <\/span><\/span><\/p>\n<p align=\"JUSTIFY\"><span style=\"font-family: 'Times New Roman', serif;\"><span style=\"font-size: medium;\">RomaOggi.eu \u201cInteresting news for interesting people\u201d<\/span><\/span><\/p>\n<figure id=\"attachment_14622\" aria-describedby=\"caption-attachment-14622\" style=\"width: 300px\" class=\"wp-caption aligncenter\"><img loading=\"lazy\" decoding=\"async\" class=\"wp-image-14622 size-medium\" src=\"https:\/\/www.romaoggi.eu\/wp-content\/uploads\/2018\/03\/CCW-300x250-1-300x250.jpg\" alt=\"Alt text cinecitt\u00e0 world\" width=\"300\" height=\"250\" \/><figcaption id=\"caption-attachment-14622\" class=\"wp-caption-text\"><a href=\"https:\/\/www.cinecittaworld.it\/Vendita\/Biglietti-e-prezzi?Coupon=ROMAOGGI&amp;Adulti=2&amp;Ridotti=0\"><strong>Ottieni uno sconto sull&#8217;acquisto dei biglietti! CLICCA QUI<\/strong><\/a><\/figcaption><\/figure>\n","protected":false},"excerpt":{"rendered":"<div class=\"mh-excerpt\"><p>Dopo il successo di pubblico e di critica della scorsa stagione torna dal 10 al 15 aprile al\u00a0Teatro Stanze Segrete\u00a0di Roma\u00a0LA RESILIENZA\u00a0di\u00a0AST Company\u00a0con\u00a0Fabrizio Lobello,\u00a0Cristiana De Maio,\u00a0Max Vellucci,\u00a0Patrizio Cossa\u00a0e\u00a0Stefano Augeri, per la regia di\u00a0Giorgia Giuntoli. Uno <a class=\"mh-excerpt-more\" href=\"https:\/\/www.romaoggi.eu\/index.php\/2018\/04\/09\/la-resilienza\/\" title=\"Da domani torna LA RESILIENZA di AST COMPANY al Teatro Stanze Segrete\">[&#8230;]<\/a><\/p>\n<\/div>","protected":false},"author":5,"featured_media":14975,"comment_status":"open","ping_status":"open","sticky":false,"template":"","format":"standard","meta":{"_sitemap_exclude":false,"_sitemap_priority":"","_sitemap_frequency":"","footnotes":""},"categories":[4281],"tags":[6418,10008,8088,10003,26,10002,10006,9526,877,10001,159,10004,10005,1644,109,817,1738,634,10007,85,10000],"class_list":["post-14974","post","type-post","status-publish","format-standard","has-post-thumbnail","hentry","category-teatro","tag-6418","tag-ast-company","tag-cinecitta-world","tag-cristiana-de-maio","tag-cristiano-morelli","tag-fabrizio-lobello","tag-giorgia-giuntoli","tag-il-mistero-del-cronovisore","tag-italia","tag-la-resilienza","tag-lazio","tag-max-vellucci","tag-patrizio-cossa","tag-regione-lazio","tag-roma","tag-romaoggi","tag-romaoggi-eu","tag-rome","tag-stefano-augeri","tag-teatro","tag-teatro-stanze-segrete"],"yoast_head":"<!-- This site is optimized with the Yoast SEO plugin v27.5 - https:\/\/yoast.com\/product\/yoast-seo-wordpress\/ -->\n<title>Da domani torna LA RESILIENZA di AST COMPANY al Teatro Stanze Segrete<\/title>\n<meta name=\"description\" content=\"Dopo il successo di pubblico e di critica della scorsa stagione torna dal 10 al 15 aprile al\u00a0Teatro Stanze Segrete\u00a0di Roma\u00a0LA RESILIENZA\u00a0di\u00a0AST Company\u00a0con\u00a0Fabrizio Lobello,\u00a0Cristiana De Maio,\u00a0Max Vellucci,\u00a0Patrizio Cossa\u00a0e\u00a0Stefano Augeri, per la regia di\u00a0Giorgia Giuntoli...\" \/>\n<meta name=\"robots\" content=\"index, follow, max-snippet:-1, max-image-preview:large, max-video-preview:-1\" \/>\n<link rel=\"canonical\" href=\"https:\/\/www.romaoggi.eu\/index.php\/2018\/04\/09\/la-resilienza\/\" \/>\n<meta property=\"og:locale\" content=\"it_IT\" \/>\n<meta property=\"og:type\" content=\"article\" \/>\n<meta property=\"og:title\" content=\"Da domani torna LA RESILIENZA di AST COMPANY al Teatro Stanze Segrete\" \/>\n<meta property=\"og:description\" content=\"Dopo il successo di pubblico e di critica della scorsa stagione torna dal 10 al 15 aprile al\u00a0Teatro Stanze Segrete\u00a0di Roma\u00a0LA RESILIENZA\u00a0di\u00a0AST Company\u00a0con\u00a0Fabrizio Lobello,\u00a0Cristiana De Maio,\u00a0Max Vellucci,\u00a0Patrizio Cossa\u00a0e\u00a0Stefano Augeri, per la regia di\u00a0Giorgia Giuntoli...\" \/>\n<meta property=\"og:url\" content=\"https:\/\/www.romaoggi.eu\/index.php\/2018\/04\/09\/la-resilienza\/\" \/>\n<meta property=\"og:site_name\" content=\"roma oggi\" \/>\n<meta property=\"article:publisher\" content=\"https:\/\/www.facebook.com\/RomaOggi-841544845954114\" \/>\n<meta property=\"article:published_time\" content=\"2018-04-09T19:51:22+00:00\" \/>\n<meta property=\"og:image\" content=\"https:\/\/www.romaoggi.eu\/wp-content\/uploads\/2018\/04\/image.jpg\" \/>\n\t<meta property=\"og:image:width\" content=\"960\" \/>\n\t<meta property=\"og:image:height\" content=\"502\" \/>\n\t<meta property=\"og:image:type\" content=\"image\/jpeg\" \/>\n<meta name=\"author\" content=\"Flavio\" \/>\n<meta name=\"twitter:card\" content=\"summary_large_image\" \/>\n<meta name=\"twitter:creator\" content=\"@romaoggi_eu\" \/>\n<meta name=\"twitter:site\" content=\"@romaoggi_eu\" \/>\n<meta name=\"twitter:label1\" content=\"Scritto da\" \/>\n\t<meta name=\"twitter:data1\" content=\"Flavio\" \/>\n\t<meta name=\"twitter:label2\" content=\"Tempo di lettura stimato\" \/>\n\t<meta name=\"twitter:data2\" content=\"2 minuti\" \/>\n<script type=\"application\/ld+json\" class=\"yoast-schema-graph\">{\"@context\":\"https:\\\/\\\/schema.org\",\"@graph\":[{\"@type\":\"Article\",\"@id\":\"https:\\\/\\\/www.romaoggi.eu\\\/index.php\\\/2018\\\/04\\\/09\\\/la-resilienza\\\/#article\",\"isPartOf\":{\"@id\":\"https:\\\/\\\/www.romaoggi.eu\\\/index.php\\\/2018\\\/04\\\/09\\\/la-resilienza\\\/\"},\"author\":{\"name\":\"Flavio\",\"@id\":\"https:\\\/\\\/www.romaoggi.eu\\\/#\\\/schema\\\/person\\\/cc12bfd93370392d7e41d243e47e6681\"},\"headline\":\"Da domani torna LA RESILIENZA di AST COMPANY al Teatro Stanze Segrete\",\"datePublished\":\"2018-04-09T19:51:22+00:00\",\"mainEntityOfPage\":{\"@id\":\"https:\\\/\\\/www.romaoggi.eu\\\/index.php\\\/2018\\\/04\\\/09\\\/la-resilienza\\\/\"},\"wordCount\":456,\"commentCount\":0,\"publisher\":{\"@id\":\"https:\\\/\\\/www.romaoggi.eu\\\/#organization\"},\"image\":{\"@id\":\"https:\\\/\\\/www.romaoggi.eu\\\/index.php\\\/2018\\\/04\\\/09\\\/la-resilienza\\\/#primaryimage\"},\"thumbnailUrl\":\"https:\\\/\\\/www.romaoggi.eu\\\/wp-content\\\/uploads\\\/2018\\\/04\\\/image.jpg\",\"keywords\":[\"2018\",\"AST Company\",\"Cinecitt\u00e0 World\",\"Cristiana De Maio\",\"cristiano morelli\",\"Fabrizio Lobello\",\"Giorgia Giuntoli.\",\"Il mistero del cronovisore\",\"italia\",\"LA RESILIENZA\",\"lazio\",\"Max Vellucci\",\"Patrizio Cossa\",\"Regione Lazio\",\"roma\",\"romaoggi\",\"RomaOggi.eu\",\"rome\",\"Stefano Augeri\",\"teatro\",\"Teatro Stanze Segrete\"],\"articleSection\":[\"teatro\"],\"inLanguage\":\"it-IT\",\"potentialAction\":[{\"@type\":\"CommentAction\",\"name\":\"Comment\",\"target\":[\"https:\\\/\\\/www.romaoggi.eu\\\/index.php\\\/2018\\\/04\\\/09\\\/la-resilienza\\\/#respond\"]}]},{\"@type\":\"WebPage\",\"@id\":\"https:\\\/\\\/www.romaoggi.eu\\\/index.php\\\/2018\\\/04\\\/09\\\/la-resilienza\\\/\",\"url\":\"https:\\\/\\\/www.romaoggi.eu\\\/index.php\\\/2018\\\/04\\\/09\\\/la-resilienza\\\/\",\"name\":\"Da domani torna LA RESILIENZA di AST COMPANY al Teatro Stanze Segrete\",\"isPartOf\":{\"@id\":\"https:\\\/\\\/www.romaoggi.eu\\\/#website\"},\"primaryImageOfPage\":{\"@id\":\"https:\\\/\\\/www.romaoggi.eu\\\/index.php\\\/2018\\\/04\\\/09\\\/la-resilienza\\\/#primaryimage\"},\"image\":{\"@id\":\"https:\\\/\\\/www.romaoggi.eu\\\/index.php\\\/2018\\\/04\\\/09\\\/la-resilienza\\\/#primaryimage\"},\"thumbnailUrl\":\"https:\\\/\\\/www.romaoggi.eu\\\/wp-content\\\/uploads\\\/2018\\\/04\\\/image.jpg\",\"datePublished\":\"2018-04-09T19:51:22+00:00\",\"description\":\"Dopo il successo di pubblico e di critica della scorsa stagione torna dal 10 al 15 aprile al\u00a0Teatro Stanze Segrete\u00a0di Roma\u00a0LA RESILIENZA\u00a0di\u00a0AST Company\u00a0con\u00a0Fabrizio Lobello,\u00a0Cristiana De Maio,\u00a0Max Vellucci,\u00a0Patrizio Cossa\u00a0e\u00a0Stefano Augeri, per la regia di\u00a0Giorgia Giuntoli...\",\"breadcrumb\":{\"@id\":\"https:\\\/\\\/www.romaoggi.eu\\\/index.php\\\/2018\\\/04\\\/09\\\/la-resilienza\\\/#breadcrumb\"},\"inLanguage\":\"it-IT\",\"potentialAction\":[{\"@type\":\"ReadAction\",\"target\":[\"https:\\\/\\\/www.romaoggi.eu\\\/index.php\\\/2018\\\/04\\\/09\\\/la-resilienza\\\/\"]}]},{\"@type\":\"ImageObject\",\"inLanguage\":\"it-IT\",\"@id\":\"https:\\\/\\\/www.romaoggi.eu\\\/index.php\\\/2018\\\/04\\\/09\\\/la-resilienza\\\/#primaryimage\",\"url\":\"https:\\\/\\\/www.romaoggi.eu\\\/wp-content\\\/uploads\\\/2018\\\/04\\\/image.jpg\",\"contentUrl\":\"https:\\\/\\\/www.romaoggi.eu\\\/wp-content\\\/uploads\\\/2018\\\/04\\\/image.jpg\",\"width\":960,\"height\":502,\"caption\":\"Alt text LA RESILIENZA\"},{\"@type\":\"BreadcrumbList\",\"@id\":\"https:\\\/\\\/www.romaoggi.eu\\\/index.php\\\/2018\\\/04\\\/09\\\/la-resilienza\\\/#breadcrumb\",\"itemListElement\":[{\"@type\":\"ListItem\",\"position\":1,\"name\":\"Home\",\"item\":\"https:\\\/\\\/www.romaoggi.eu\\\/\"},{\"@type\":\"ListItem\",\"position\":2,\"name\":\"Da domani torna LA RESILIENZA di AST COMPANY al Teatro Stanze Segrete\"}]},{\"@type\":\"WebSite\",\"@id\":\"https:\\\/\\\/www.romaoggi.eu\\\/#website\",\"url\":\"https:\\\/\\\/www.romaoggi.eu\\\/\",\"name\":\"roma oggi\",\"description\":\"Interesting News for Interesting people\",\"publisher\":{\"@id\":\"https:\\\/\\\/www.romaoggi.eu\\\/#organization\"},\"potentialAction\":[{\"@type\":\"SearchAction\",\"target\":{\"@type\":\"EntryPoint\",\"urlTemplate\":\"https:\\\/\\\/www.romaoggi.eu\\\/?s={search_term_string}\"},\"query-input\":{\"@type\":\"PropertyValueSpecification\",\"valueRequired\":true,\"valueName\":\"search_term_string\"}}],\"inLanguage\":\"it-IT\"},{\"@type\":\"Organization\",\"@id\":\"https:\\\/\\\/www.romaoggi.eu\\\/#organization\",\"name\":\"RomaOggi\",\"url\":\"https:\\\/\\\/www.romaoggi.eu\\\/\",\"logo\":{\"@type\":\"ImageObject\",\"inLanguage\":\"it-IT\",\"@id\":\"https:\\\/\\\/www.romaoggi.eu\\\/#\\\/schema\\\/logo\\\/image\\\/\",\"url\":\"https:\\\/\\\/www.romaoggi.eu\\\/wp-content\\\/uploads\\\/2017\\\/04\\\/logowp.jpg\",\"contentUrl\":\"https:\\\/\\\/www.romaoggi.eu\\\/wp-content\\\/uploads\\\/2017\\\/04\\\/logowp.jpg\",\"width\":300,\"height\":133,\"caption\":\"RomaOggi\"},\"image\":{\"@id\":\"https:\\\/\\\/www.romaoggi.eu\\\/#\\\/schema\\\/logo\\\/image\\\/\"},\"sameAs\":[\"https:\\\/\\\/www.facebook.com\\\/RomaOggi-841544845954114\",\"https:\\\/\\\/x.com\\\/romaoggi_eu\"]},{\"@type\":\"Person\",\"@id\":\"https:\\\/\\\/www.romaoggi.eu\\\/#\\\/schema\\\/person\\\/cc12bfd93370392d7e41d243e47e6681\",\"name\":\"Flavio\",\"image\":{\"@type\":\"ImageObject\",\"inLanguage\":\"it-IT\",\"@id\":\"https:\\\/\\\/secure.gravatar.com\\\/avatar\\\/7e044ce830ea97853e01500437b37dff4a622b20a194e4d0efe9b67e918f19e5?s=96&d=mm&r=g\",\"url\":\"https:\\\/\\\/secure.gravatar.com\\\/avatar\\\/7e044ce830ea97853e01500437b37dff4a622b20a194e4d0efe9b67e918f19e5?s=96&d=mm&r=g\",\"contentUrl\":\"https:\\\/\\\/secure.gravatar.com\\\/avatar\\\/7e044ce830ea97853e01500437b37dff4a622b20a194e4d0efe9b67e918f19e5?s=96&d=mm&r=g\",\"caption\":\"Flavio\"},\"url\":\"https:\\\/\\\/www.romaoggi.eu\\\/index.php\\\/author\\\/cristiano\\\/\"}]}<\/script>\n<!-- \/ Yoast SEO plugin. -->","yoast_head_json":{"title":"Da domani torna LA RESILIENZA di AST COMPANY al Teatro Stanze Segrete","description":"Dopo il successo di pubblico e di critica della scorsa stagione torna dal 10 al 15 aprile al\u00a0Teatro Stanze Segrete\u00a0di Roma\u00a0LA RESILIENZA\u00a0di\u00a0AST Company\u00a0con\u00a0Fabrizio Lobello,\u00a0Cristiana De Maio,\u00a0Max Vellucci,\u00a0Patrizio Cossa\u00a0e\u00a0Stefano Augeri, per la regia di\u00a0Giorgia Giuntoli...","robots":{"index":"index","follow":"follow","max-snippet":"max-snippet:-1","max-image-preview":"max-image-preview:large","max-video-preview":"max-video-preview:-1"},"canonical":"https:\/\/www.romaoggi.eu\/index.php\/2018\/04\/09\/la-resilienza\/","og_locale":"it_IT","og_type":"article","og_title":"Da domani torna LA RESILIENZA di AST COMPANY al Teatro Stanze Segrete","og_description":"Dopo il successo di pubblico e di critica della scorsa stagione torna dal 10 al 15 aprile al\u00a0Teatro Stanze Segrete\u00a0di Roma\u00a0LA RESILIENZA\u00a0di\u00a0AST Company\u00a0con\u00a0Fabrizio Lobello,\u00a0Cristiana De Maio,\u00a0Max Vellucci,\u00a0Patrizio Cossa\u00a0e\u00a0Stefano Augeri, per la regia di\u00a0Giorgia Giuntoli...","og_url":"https:\/\/www.romaoggi.eu\/index.php\/2018\/04\/09\/la-resilienza\/","og_site_name":"roma oggi","article_publisher":"https:\/\/www.facebook.com\/RomaOggi-841544845954114","article_published_time":"2018-04-09T19:51:22+00:00","og_image":[{"width":960,"height":502,"url":"https:\/\/www.romaoggi.eu\/wp-content\/uploads\/2018\/04\/image.jpg","type":"image\/jpeg"}],"author":"Flavio","twitter_card":"summary_large_image","twitter_creator":"@romaoggi_eu","twitter_site":"@romaoggi_eu","twitter_misc":{"Scritto da":"Flavio","Tempo di lettura stimato":"2 minuti"},"schema":{"@context":"https:\/\/schema.org","@graph":[{"@type":"Article","@id":"https:\/\/www.romaoggi.eu\/index.php\/2018\/04\/09\/la-resilienza\/#article","isPartOf":{"@id":"https:\/\/www.romaoggi.eu\/index.php\/2018\/04\/09\/la-resilienza\/"},"author":{"name":"Flavio","@id":"https:\/\/www.romaoggi.eu\/#\/schema\/person\/cc12bfd93370392d7e41d243e47e6681"},"headline":"Da domani torna LA RESILIENZA di AST COMPANY al Teatro Stanze Segrete","datePublished":"2018-04-09T19:51:22+00:00","mainEntityOfPage":{"@id":"https:\/\/www.romaoggi.eu\/index.php\/2018\/04\/09\/la-resilienza\/"},"wordCount":456,"commentCount":0,"publisher":{"@id":"https:\/\/www.romaoggi.eu\/#organization"},"image":{"@id":"https:\/\/www.romaoggi.eu\/index.php\/2018\/04\/09\/la-resilienza\/#primaryimage"},"thumbnailUrl":"https:\/\/www.romaoggi.eu\/wp-content\/uploads\/2018\/04\/image.jpg","keywords":["2018","AST Company","Cinecitt\u00e0 World","Cristiana De Maio","cristiano morelli","Fabrizio Lobello","Giorgia Giuntoli.","Il mistero del cronovisore","italia","LA RESILIENZA","lazio","Max Vellucci","Patrizio Cossa","Regione Lazio","roma","romaoggi","RomaOggi.eu","rome","Stefano Augeri","teatro","Teatro Stanze Segrete"],"articleSection":["teatro"],"inLanguage":"it-IT","potentialAction":[{"@type":"CommentAction","name":"Comment","target":["https:\/\/www.romaoggi.eu\/index.php\/2018\/04\/09\/la-resilienza\/#respond"]}]},{"@type":"WebPage","@id":"https:\/\/www.romaoggi.eu\/index.php\/2018\/04\/09\/la-resilienza\/","url":"https:\/\/www.romaoggi.eu\/index.php\/2018\/04\/09\/la-resilienza\/","name":"Da domani torna LA RESILIENZA di AST COMPANY al Teatro Stanze Segrete","isPartOf":{"@id":"https:\/\/www.romaoggi.eu\/#website"},"primaryImageOfPage":{"@id":"https:\/\/www.romaoggi.eu\/index.php\/2018\/04\/09\/la-resilienza\/#primaryimage"},"image":{"@id":"https:\/\/www.romaoggi.eu\/index.php\/2018\/04\/09\/la-resilienza\/#primaryimage"},"thumbnailUrl":"https:\/\/www.romaoggi.eu\/wp-content\/uploads\/2018\/04\/image.jpg","datePublished":"2018-04-09T19:51:22+00:00","description":"Dopo il successo di pubblico e di critica della scorsa stagione torna dal 10 al 15 aprile al\u00a0Teatro Stanze Segrete\u00a0di Roma\u00a0LA RESILIENZA\u00a0di\u00a0AST Company\u00a0con\u00a0Fabrizio Lobello,\u00a0Cristiana De Maio,\u00a0Max Vellucci,\u00a0Patrizio Cossa\u00a0e\u00a0Stefano Augeri, per la regia di\u00a0Giorgia Giuntoli...","breadcrumb":{"@id":"https:\/\/www.romaoggi.eu\/index.php\/2018\/04\/09\/la-resilienza\/#breadcrumb"},"inLanguage":"it-IT","potentialAction":[{"@type":"ReadAction","target":["https:\/\/www.romaoggi.eu\/index.php\/2018\/04\/09\/la-resilienza\/"]}]},{"@type":"ImageObject","inLanguage":"it-IT","@id":"https:\/\/www.romaoggi.eu\/index.php\/2018\/04\/09\/la-resilienza\/#primaryimage","url":"https:\/\/www.romaoggi.eu\/wp-content\/uploads\/2018\/04\/image.jpg","contentUrl":"https:\/\/www.romaoggi.eu\/wp-content\/uploads\/2018\/04\/image.jpg","width":960,"height":502,"caption":"Alt text LA RESILIENZA"},{"@type":"BreadcrumbList","@id":"https:\/\/www.romaoggi.eu\/index.php\/2018\/04\/09\/la-resilienza\/#breadcrumb","itemListElement":[{"@type":"ListItem","position":1,"name":"Home","item":"https:\/\/www.romaoggi.eu\/"},{"@type":"ListItem","position":2,"name":"Da domani torna LA RESILIENZA di AST COMPANY al Teatro Stanze Segrete"}]},{"@type":"WebSite","@id":"https:\/\/www.romaoggi.eu\/#website","url":"https:\/\/www.romaoggi.eu\/","name":"roma oggi","description":"Interesting News for Interesting people","publisher":{"@id":"https:\/\/www.romaoggi.eu\/#organization"},"potentialAction":[{"@type":"SearchAction","target":{"@type":"EntryPoint","urlTemplate":"https:\/\/www.romaoggi.eu\/?s={search_term_string}"},"query-input":{"@type":"PropertyValueSpecification","valueRequired":true,"valueName":"search_term_string"}}],"inLanguage":"it-IT"},{"@type":"Organization","@id":"https:\/\/www.romaoggi.eu\/#organization","name":"RomaOggi","url":"https:\/\/www.romaoggi.eu\/","logo":{"@type":"ImageObject","inLanguage":"it-IT","@id":"https:\/\/www.romaoggi.eu\/#\/schema\/logo\/image\/","url":"https:\/\/www.romaoggi.eu\/wp-content\/uploads\/2017\/04\/logowp.jpg","contentUrl":"https:\/\/www.romaoggi.eu\/wp-content\/uploads\/2017\/04\/logowp.jpg","width":300,"height":133,"caption":"RomaOggi"},"image":{"@id":"https:\/\/www.romaoggi.eu\/#\/schema\/logo\/image\/"},"sameAs":["https:\/\/www.facebook.com\/RomaOggi-841544845954114","https:\/\/x.com\/romaoggi_eu"]},{"@type":"Person","@id":"https:\/\/www.romaoggi.eu\/#\/schema\/person\/cc12bfd93370392d7e41d243e47e6681","name":"Flavio","image":{"@type":"ImageObject","inLanguage":"it-IT","@id":"https:\/\/secure.gravatar.com\/avatar\/7e044ce830ea97853e01500437b37dff4a622b20a194e4d0efe9b67e918f19e5?s=96&d=mm&r=g","url":"https:\/\/secure.gravatar.com\/avatar\/7e044ce830ea97853e01500437b37dff4a622b20a194e4d0efe9b67e918f19e5?s=96&d=mm&r=g","contentUrl":"https:\/\/secure.gravatar.com\/avatar\/7e044ce830ea97853e01500437b37dff4a622b20a194e4d0efe9b67e918f19e5?s=96&d=mm&r=g","caption":"Flavio"},"url":"https:\/\/www.romaoggi.eu\/index.php\/author\/cristiano\/"}]}},"_links":{"self":[{"href":"https:\/\/www.romaoggi.eu\/index.php\/wp-json\/wp\/v2\/posts\/14974","targetHints":{"allow":["GET"]}}],"collection":[{"href":"https:\/\/www.romaoggi.eu\/index.php\/wp-json\/wp\/v2\/posts"}],"about":[{"href":"https:\/\/www.romaoggi.eu\/index.php\/wp-json\/wp\/v2\/types\/post"}],"author":[{"embeddable":true,"href":"https:\/\/www.romaoggi.eu\/index.php\/wp-json\/wp\/v2\/users\/5"}],"replies":[{"embeddable":true,"href":"https:\/\/www.romaoggi.eu\/index.php\/wp-json\/wp\/v2\/comments?post=14974"}],"version-history":[{"count":2,"href":"https:\/\/www.romaoggi.eu\/index.php\/wp-json\/wp\/v2\/posts\/14974\/revisions"}],"predecessor-version":[{"id":14978,"href":"https:\/\/www.romaoggi.eu\/index.php\/wp-json\/wp\/v2\/posts\/14974\/revisions\/14978"}],"wp:featuredmedia":[{"embeddable":true,"href":"https:\/\/www.romaoggi.eu\/index.php\/wp-json\/wp\/v2\/media\/14975"}],"wp:attachment":[{"href":"https:\/\/www.romaoggi.eu\/index.php\/wp-json\/wp\/v2\/media?parent=14974"}],"wp:term":[{"taxonomy":"category","embeddable":true,"href":"https:\/\/www.romaoggi.eu\/index.php\/wp-json\/wp\/v2\/categories?post=14974"},{"taxonomy":"post_tag","embeddable":true,"href":"https:\/\/www.romaoggi.eu\/index.php\/wp-json\/wp\/v2\/tags?post=14974"}],"curies":[{"name":"wp","href":"https:\/\/api.w.org\/{rel}","templated":true}]}}