{"id":15029,"date":"2018-04-10T18:17:03","date_gmt":"2018-04-10T16:17:03","guid":{"rendered":"http:\/\/www.romaoggi.eu\/?p=15029"},"modified":"2018-04-10T18:17:03","modified_gmt":"2018-04-10T16:17:03","slug":"burlasque-upload-2","status":"publish","type":"post","link":"https:\/\/www.romaoggi.eu\/index.php\/2018\/04\/10\/burlasque-upload-2\/","title":{"rendered":"Il 15 aprile al Teatro Portaportese con BurlAsque Upload"},"content":{"rendered":"<figure id=\"attachment_14149\" aria-describedby=\"caption-attachment-14149\" style=\"width: 678px\" class=\"wp-caption aligncenter\"><img loading=\"lazy\" decoding=\"async\" class=\"wp-image-14149 size-mh-magazine-content\" src=\"https:\/\/www.romaoggi.eu\/wp-content\/uploads\/2018\/03\/img-001-1-678x381.jpg\" alt=\"Alt text il mistero del cronovisore\" width=\"678\" height=\"381\" \/><figcaption id=\"caption-attachment-14149\" class=\"wp-caption-text\"><a href=\"https:\/\/stores.streetlib.com\/it\/cristiano-morelli\/il-mistero-del-cronovisore\"><strong>CLICCA QUI PER COMPRARE IL MIO NUOVO EBOOK A SOLI \u20ac 0,49!<\/strong><\/a><\/figcaption><\/figure>\n<p align=\"JUSTIFY\"><span style=\"color: #222222;\"><span style=\"font-family: 'Times New Roman', serif;\"><span style=\"font-size: medium;\">Si avvicina l&#8217;ultima serata della stagione della rassegna <\/span><\/span><\/span><strong><span style=\"color: #222222;\"><span style=\"font-family: 'Times New Roman', serif;\"><span style=\"font-size: medium;\">&#8220;BurlAsque Upload&#8221;.<\/span><\/span><\/span><\/strong><\/p>\n<p align=\"JUSTIFY\"><span style=\"color: #222222;\"><span style=\"font-family: 'Times New Roman', serif;\"><span style=\"font-size: medium;\">Da quando \u00e8 iniziata, 8 ottobre 2017 con lo spettacolo\u00a0<\/span><\/span><\/span><strong><span style=\"color: #222222;\"><span style=\"font-family: 'Times New Roman', serif;\"><span style=\"font-size: medium;\">&#8220;La Tournee&#8221; della Golden Eggs Revue, <\/span><\/span><\/span><\/strong><span style=\"color: #222222;\"><span style=\"font-family: 'Times New Roman', serif;\"><span style=\"font-size: medium;\">sul palco del Teatro Portaportese sono passati tanti artisti, da ballerini, a clown, a cantanti, ad attori, a maghi, ma soprattutto burlesque perfomer, riconosciute in Italia ma soprattutto all&#8217;estero come tra le migliori.<\/span><\/span><\/span><\/p>\n<p align=\"JUSTIFY\"><span style=\"color: #222222;\"><span style=\"font-family: 'Times New Roman', serif;\"><span style=\"font-size: medium;\">Ricordiamo, infatti, la partecipazione di <\/span><\/span><\/span><strong><span style=\"color: #222222;\"><span style=\"font-family: 'Times New Roman', serif;\"><span style=\"font-size: medium;\">Albadoro Gala, Scarlett Martini, Nuit Blanche<\/span><\/span><\/span><\/strong><span style=\"color: #222222;\"><span style=\"font-family: 'Times New Roman', serif;\"><span style=\"font-size: medium;\">. La presenza costante del burlesque in questo format ha dimostrato che quest&#8217;arte non \u00e8 mero e semplice intrattenimento limitato ad uno &#8220;streap tease&#8221;, ma \u00e8 elemento e contenitore di tutto ci\u00f2 che per il senso comune \u00e8 Arte nel senso pi\u00f9 alto del termine. La produzione di Burlasque Upload, ad opera di\u00a0<\/span><\/span><\/span><strong><span style=\"color: #222222;\"><span style=\"font-family: 'Times New Roman', serif;\"><span style=\"font-size: medium;\">Lizzy Brown<\/span><\/span><\/span><\/strong><span style=\"color: #222222;\"><span style=\"font-family: 'Times New Roman', serif;\"><span style=\"font-size: medium;\">, aveva questo obiettivo e soprattutto avvicinare al burlesque, riportandolo in teatro, dove \u00e8 nato, anche le persone digiune o ignare della sua esistenza. <\/span><\/span><\/span><\/p>\n<p align=\"JUSTIFY\"><strong><span style=\"color: #222222;\"><span style=\"font-family: 'Times New Roman', serif;\"><span style=\"font-size: medium;\">Domenica 15 aprile ore 21.30 <\/span><\/span><\/span><\/strong><span style=\"color: #222222;\"><span style=\"font-family: 'Times New Roman', serif;\"><span style=\"font-size: medium;\">ci sar\u00e0 la serata di chiusura.<\/span><\/span><\/span><\/p>\n<p align=\"JUSTIFY\"><span style=\"color: #222222;\"><span style=\"font-family: 'Times New Roman', serif;\"><span style=\"font-size: medium;\">Sul palco ci saranno le promesse emergenti del burlesque italiano coadiuvate da un ospite di eccezione: <\/span><\/span><\/span><strong><span style=\"color: #222222;\"><span style=\"font-family: 'Times New Roman', serif;\"><span style=\"font-size: medium;\">Andrea Romanzi &#8220;Magoveramente&#8221; <\/span><\/span><\/span><\/strong><span style=\"color: #222222;\"><span style=\"font-family: 'Times New Roman', serif;\"><span style=\"font-size: medium;\">gi\u00e0 noto in ambito magico e teatrale.<\/span><\/span><\/span><\/p>\n<p align=\"JUSTIFY\"><span style=\"font-family: 'Times New Roman', serif;\"><span style=\"font-size: medium;\"><span style=\"color: #222222;\">Per la serata finale saranno protagonisti della scena:<\/span><\/span><\/span><\/p>\n<p align=\"JUSTIFY\"><strong><span style=\"color: #222222;\"><span style=\"font-family: 'Times New Roman', serif;\"><span style=\"font-size: medium;\">MagoVeramente<\/span><\/span><\/span><\/strong><strong><span style=\"color: #222222;\"><span style=\"font-family: 'Times New Roman', serif;\"><span style=\"font-size: medium;\">,<\/span><\/span><\/span><\/strong><span style=\"color: #222222;\"><span style=\"font-family: 'Times New Roman', serif;\"><span style=\"font-size: medium;\"> alias Andrea Romanzi, sar\u00e0 mattatore della serata. Mago di grande pregio e fattezze, \u00e8 un artista originalissimo che unisce performance classiche di magia con numeri super innovativi e di sicuro impatto.<\/span><\/span><\/span><\/p>\n<p align=\"JUSTIFY\"><span style=\"font-family: 'Times New Roman', serif;\"><span style=\"font-size: medium;\"><span style=\"color: #222222;\">Gi\u00e0 da bambino ha sempre fatto vedere la sua predisposizione per l&#8217;arte magica&#8230; Famoso nella sua scuola per far sparire merendine dagli zaini dei compagni e far levitare i cartoccetti tra i capelli delle maestre&#8230; Componente della &#8220;Gang of Magic&#8221;, un gruppo di folli maghi in giro per il mondo,\u00a0con il tempo ha perfezionato le sue doti soprannaturali e se vi capiter\u00e0 di incontrarlo fatevi trascinare nel suo folle mondo magico!<\/span><\/span><\/span><\/p>\n<p align=\"JUSTIFY\"><strong><span style=\"color: #222222;\"><span style=\"font-family: 'Times New Roman', serif;\"><span style=\"font-size: medium;\">Holly&#8217;s Good<\/span><\/span><\/span><\/strong><span style=\"color: #222222;\"><span style=\"font-family: 'Times New Roman', serif;\"><span style=\"font-size: medium;\">: ballerina e insegnante di danza, incontra il burlesque nel 2010 fino al 2017 quando entra a far parte del laboratorio professionale dello Studio Gala di Albadoro Gala. Nel febbraio 2018, passa la selezione per il Caput Mundi International Burlesque Award Summer Edition, e in marzo gira in Olanda un documentario sul burlesque &#8220;European burlesque: the bare naked truth&#8221;. A maggio sar\u00e0 una delle perfomer italiane alla Berlin Burlesque Week per l&#8217;evento &#8220;Shimmy Shake Burlesque&#8221;\u00a0<\/span><\/span><\/span><\/p>\n<p align=\"JUSTIFY\"><span style=\"font-family: 'Times New Roman', serif;\"><span style=\"font-size: medium;\"><span style=\"color: #222222;\">Dice di se: &#8220;Risoluta\u00a0e dinamica\u00a0provo e propongo di migliorarmi e svilupparmi sempre!&#8221;<\/span><\/span><\/span><\/p>\n<p align=\"JUSTIFY\"><strong><span style=\"color: #222222;\"><span style=\"font-family: 'Times New Roman', serif;\"><span style=\"font-size: medium;\">Sweet Chilly<\/span><\/span><\/span><\/strong><span style=\"color: #222222;\"><span style=\"font-family: 'Times New Roman', serif;\"><span style=\"font-size: medium;\">: dalla prestigiosa Silk Ribbon Burlesque Academy, recentemente proclamata &#8220;Duchessa del Burlesque&#8221;, vincitrice del Ferrara Burlesque Festival, Sweet Chilly, &#8220;The\u00a0amazing petite bombshell&#8221;, nasce come sexy Pin-up ma abbandona questa immagine per lasciare spazio ad un animo dark, controverso, dalla personalit\u00e0 contraddittoria ed emblematica. Riesce ad essere ironica e delicata ma allo stesso tempo irriverente e misteriosa, da qui il suo nome. Dietro l&#8217;aspetto da graziosa bambolina si cela un&#8217;ostinata durezza sprigionata sul palco con passione ed energia. Minuta ed agguerrita porta sul palco anche la giocoleria, arte fondata sulla destrezza della manipolazione, facendo roteare un bastone come fosse la sua arma. Un concentrato di contrastante sensualit\u00e0! Ha passato anche lei le selezioni per il prossimo\u00a0Caput Mundi International Burlesque Award Summer Edition e parteciper\u00e0 come newcomers al prossimo Stuttgart Burlesque Festival in ottobre 2018.<\/span><\/span><\/span><\/p>\n<p align=\"JUSTIFY\"><strong><span style=\"color: #222222;\"><span style=\"font-family: 'Times New Roman', serif;\"><span style=\"font-size: medium;\">Viridi Flora<\/span><\/span><\/span><\/strong><span style=\"color: #222222;\"><span style=\"font-family: 'Times New Roman', serif;\"><span style=\"font-size: medium;\">: ironica e floreale, a volte dispettosa come vuole il Burlesque, intrapreso dopo 20 anni di danza classica, che continua a contaminare la sua vita. Dopo un primo inizio presso la Bottega degli Artisti, da due anni studia con Albadoro Gala presso la sua scuola, l&#8217;assiduo lavoro\u00a0fa letteralmente esplodere la sua passione, si appresta ora verso un percorso professionale.<\/span><\/span><\/span><\/p>\n<p align=\"JUSTIFY\"><strong><span style=\"color: #222222;\"><span style=\"font-family: 'Times New Roman', serif;\"><span style=\"font-size: medium;\">Chiara Lucisano<\/span><\/span><\/span><\/strong><span style=\"color: #222222;\"><span style=\"font-family: 'Times New Roman', serif;\"><span style=\"font-size: medium;\">: nasce a Roma il 20 novembre del 1983. Dopo 14 anni di ginnastica artistica a livello agonistico praticata a partire dall\u2019et\u00e0 di 6 anni, lascia lo sport per dedicarsi allo studio del teatro frequentando diversi corsi a Roma tra cui la scuola \u201cPermis de conduire\u201d presso il teatro Agor\u00e0 80 e i corsi per adulti del Teatro Verde. Nel 2010 si diploma al corso di formazione professionale per attore di circo contemporaneo e artista di strada della Scuola Romana di Circo, specializzandosi nelle discipline aeree. Dal 2003 al 2012 collabora con il Teatro Verde di Roma come insegnante di teatro per bambini e ragazzi. Nel 2013 viene scelta dal regista Massimo Verdastro per interpretare il ruolo di Evelina nel \u201cPadiglione delle meraviglie\u201d opera teatrale di E. Petrolini in scena al Teatro Vascello di Roma. Nel 2014 fonda insieme a Lorenzo Crivellari la ChiLoWatt +electric company- che porta in scena lo spettacolo Differenza di Potenziale, spettacolo di circo dall\u2019atmosfera cupa dove luce ed elettricit\u00e0 sono protagoniste. Nel 2016 collabora con il Teatro Patologico per lo spettacolo \u201cUpsidedown\u201d testo e regia di Dario Dambrosi. In contemporanea all\u2019attivit\u00e0 di insegnamento continua a lavorare come performer, da sola o in compagnia, con esibizioni e spettacoli in teatro e in strada in cui combina le sue abilit\u00e0 di acrobata al suolo ed in aria con la danza e l\u2019espressivit\u00e0 teatrale e il clown.<\/span><\/span><\/span><\/p>\n<p align=\"JUSTIFY\"><span style=\"font-family: 'Times New Roman', serif;\"><span style=\"font-size: medium;\"><span style=\"color: #222222;\">Tutti loro vi aspettano per questa serata finale, all&#8217;insegna, come sempre, della leggerezza e del buono umore.<\/span><\/span><\/span><\/p>\n<p align=\"JUSTIFY\"><span style=\"font-family: 'Times New Roman', serif;\"><span style=\"font-size: medium;\"><span style=\"color: #222222;\">Esserci \u00e8 cosa buona e giusta!!!<\/span><\/span><\/span><\/p>\n<p align=\"JUSTIFY\"><strong><span style=\"color: #222222;\"><span style=\"font-family: 'Times New Roman', serif;\"><span style=\"font-size: medium;\">Teatro Portaportese<\/span><\/span><\/span><\/strong><\/p>\n<p align=\"JUSTIFY\"><strong><span style=\"color: #222222;\"><span style=\"font-family: 'Times New Roman', serif;\"><span style=\"font-size: medium;\">via Portuense 102 &#8211; 065812395 (dalle\u00a018\/alle 20)<\/span><\/span><\/span><\/strong><\/p>\n<p align=\"JUSTIFY\"><strong><a href=\"http:\/\/www.facebook.com\/teatroportaportese\/\" target=\"_blank\" rel=\"noopener\"><span style=\"color: #1155cc;\"><span style=\"font-family: 'Times New Roman', serif;\"><span style=\"font-size: medium;\">http:\/\/www.facebook.com\/<\/span><\/span><\/span><\/a><\/strong><\/p>\n<p align=\"JUSTIFY\"><strong><a href=\"mailto:teatroportaportese@gmail.com\" target=\"_blank\" rel=\"noopener\"><span style=\"color: #1155cc;\"><span style=\"font-family: 'Times New Roman', serif;\"><span style=\"font-size: medium;\">teatroportaportese@gmail.com<\/span><\/span><\/span><\/a><\/strong><\/p>\n<p align=\"JUSTIFY\"><strong><a href=\"mailto:burlasqueupload@mail.com\" target=\"_blank\" rel=\"noopener\"><span style=\"color: #1155cc;\"><span style=\"font-family: 'Times New Roman', serif;\"><span style=\"font-size: medium;\">burlasqueupload@mail.com<\/span><\/span><\/span><\/a><\/strong><\/p>\n<p align=\"JUSTIFY\"><strong><span style=\"color: #222222;\"><span style=\"font-family: 'Times New Roman', serif;\"><span style=\"font-size: medium;\">sms\/whapp 3496720168<\/span><\/span><\/span><\/strong><\/p>\n<p align=\"JUSTIFY\"><strong><span style=\"color: #222222;\"><span style=\"font-family: 'Times New Roman', serif;\"><span style=\"font-size: medium;\"><span lang=\"en-GB\">spettacolo 12 +<\/span><\/span><\/span><\/span><\/strong><strong><span style=\"color: #222222;\"><span style=\"font-family: 'Times New Roman', serif;\"><span style=\"font-size: medium;\"> tessera<\/span><\/span><\/span><\/strong><strong><span style=\"color: #222222;\"><span style=\"font-family: 'Times New Roman', serif;\"><span style=\"font-size: medium;\"><span lang=\"en-GB\"> 2 euro<\/span><\/span><\/span><\/span><\/strong><\/p>\n<p align=\"JUSTIFY\"><span style=\"color: #222222;\"><span style=\"font-family: 'Times New Roman', serif;\"><span style=\"font-size: medium;\"><span lang=\"en-GB\">Lizzy Brown\/BurlAsque Upload<\/span><\/span><\/span><\/span><\/p>\n<p align=\"JUSTIFY\"><span style=\"color: #222222;\"><span style=\"font-family: 'Times New Roman', serif;\"><span style=\"font-size: medium;\"><span lang=\"en-GB\"><br \/>\nartist &amp; producer<\/span><\/span><\/span><\/span><\/p>\n<p align=\"JUSTIFY\"><span style=\"color: #222222;\"><span style=\"font-family: 'Times New Roman', serif;\"><span style=\"font-size: medium;\"><span lang=\"en-GB\"><br \/>\nshow format<\/span><\/span><\/span><\/span><\/p>\n<p align=\"JUSTIFY\"><span style=\"color: #222222;\"><span style=\"font-family: 'Times New Roman', serif;\"><span style=\"font-size: medium;\"><span lang=\"en-GB\"><br \/>\nFacebook:<br \/>\n<\/span><\/span><\/span><\/span><span style=\"color: #000080;\"><span lang=\"zxx\"><u><a href=\"https:\/\/www.facebook.com\/BurlAsqueUp\/\" target=\"_blank\" rel=\"noopener\"><span style=\"color: #1155cc;\"><span style=\"font-family: 'Times New Roman', serif;\"><span style=\"font-size: medium;\">https:\/\/www.facebook.com\/<\/span><\/span><\/span><\/a><\/u><\/span><\/span><span style=\"color: #222222;\"><span style=\"font-family: 'Times New Roman', serif;\"><span style=\"font-size: medium;\"><span lang=\"en-GB\"><br \/>\n<\/span><\/span><\/span><\/span><span style=\"color: #000080;\"><span lang=\"zxx\"><u><a href=\"https:\/\/www.facebook.com\/lizzysbrown\" target=\"_blank\" rel=\"noopener\"><span style=\"color: #1155cc;\"><span style=\"font-family: 'Times New Roman', serif;\"><span style=\"font-size: medium;\">https:\/\/www.facebook.com\/<\/span><\/span><\/span><\/a><\/u><\/span><\/span><span style=\"color: #222222;\"><span style=\"font-family: 'Times New Roman', serif;\"><span style=\"font-size: medium;\"><span lang=\"en-GB\"><br \/>\nimpossible is possible&#8230;<\/span><\/span><\/span><\/span><\/p>\n<p><span style=\"color: #222222;\"><span style=\"font-family: 'Times New Roman', serif;\"><span style=\"font-size: medium;\"><span lang=\"en-GB\"><br \/>\nfollow the white rabbit!<\/span><\/span><\/span><\/span><\/p>\n<p align=\"JUSTIFY\"><a href=\"https:\/\/www.romaoggi.eu\/index.php\/2018\/03\/15\/il-mistero-del-cronovisore\/\"><span style=\"font-family: 'Times New Roman', serif;\"><span style=\"font-size: medium;\"><b>RomaOggi.eu \u2192 Leggi il prossimo articolo <\/b><\/span><\/span><\/a><\/p>\n<p align=\"JUSTIFY\"><span style=\"font-family: 'Times New Roman', serif;\"><span style=\"font-size: medium;\">La Redazione <\/span><\/span><\/p>\n<p align=\"JUSTIFY\"><span style=\"font-family: 'Times New Roman', serif;\"><span style=\"font-size: medium;\">RomaOggi.eu \u201cInteresting news for interesting people\u201d<\/span><\/span><\/p>\n<figure id=\"attachment_14622\" aria-describedby=\"caption-attachment-14622\" style=\"width: 300px\" class=\"wp-caption aligncenter\"><img loading=\"lazy\" decoding=\"async\" class=\"wp-image-14622 size-medium\" src=\"https:\/\/www.romaoggi.eu\/wp-content\/uploads\/2018\/03\/CCW-300x250-1-300x250.jpg\" alt=\"Alt text cinecitt\u00e0 world\" width=\"300\" height=\"250\" \/><figcaption id=\"caption-attachment-14622\" class=\"wp-caption-text\"><a href=\"https:\/\/www.cinecittaworld.it\/Vendita\/Biglietti-e-prezzi?Coupon=ROMAOGGI&amp;Adulti=2&amp;Ridotti=0\"><strong>Ottieni uno sconto sull&#8217;acquisto dei biglietti! CLICCA QUI<\/strong><\/a><\/figcaption><\/figure>\n","protected":false},"excerpt":{"rendered":"<div class=\"mh-excerpt\"><p>Si avvicina l&#8217;ultima serata della stagione della rassegna &#8220;BurlAsque Upload&#8221;. Da quando \u00e8 iniziata, 8 ottobre 2017 con lo spettacolo\u00a0&#8220;La Tournee&#8221; della Golden Eggs Revue, sul palco del Teatro Portaportese sono passati tanti artisti, da <a class=\"mh-excerpt-more\" href=\"https:\/\/www.romaoggi.eu\/index.php\/2018\/04\/10\/burlasque-upload-2\/\" title=\"Il 15 aprile al Teatro Portaportese con BurlAsque Upload\">[&#8230;]<\/a><\/p>\n<\/div>","protected":false},"author":5,"featured_media":15031,"comment_status":"open","ping_status":"open","sticky":false,"template":"","format":"standard","meta":{"_sitemap_exclude":false,"_sitemap_priority":"","_sitemap_frequency":"","footnotes":""},"categories":[4281],"tags":[6418,10020,10023,8406,8088,9526,877,159,10022,1644,109,817,1738,634,10021,10024,9079],"class_list":["post-15029","post","type-post","status-publish","format-standard","has-post-thumbnail","hentry","category-teatro","tag-6418","tag-albadoro-gala","tag-burlasque","tag-burlasque-upload","tag-cinecitta-world","tag-il-mistero-del-cronovisore","tag-italia","tag-lazio","tag-nuit-blanche","tag-regione-lazio","tag-roma","tag-romaoggi","tag-romaoggi-eu","tag-rome","tag-scarlett-martini","tag-streap-tease","tag-teatro-portaportese"],"yoast_head":"<!-- This site is optimized with the Yoast SEO plugin v27.5 - https:\/\/yoast.com\/product\/yoast-seo-wordpress\/ -->\n<title>Il 15 aprile al Teatro Portaportese con BurlAsque Upload<\/title>\n<meta name=\"description\" content=\"Si avvicina l&#039;ultima serata della stagione della rassegna &quot;BurlAsque Upload&quot;. Da quando \u00e8 iniziata, 8 ottobre 2017 con lo spettacolo\u00a0&quot;La Tournee&quot; della Golden Eggs Revue, sul palco del Teatro Portaportese sono passati ..\" \/>\n<meta name=\"robots\" content=\"index, follow, max-snippet:-1, max-image-preview:large, max-video-preview:-1\" \/>\n<link rel=\"canonical\" href=\"https:\/\/www.romaoggi.eu\/index.php\/2018\/04\/10\/burlasque-upload-2\/\" \/>\n<meta property=\"og:locale\" content=\"it_IT\" \/>\n<meta property=\"og:type\" content=\"article\" \/>\n<meta property=\"og:title\" content=\"Il 15 aprile al Teatro Portaportese con BurlAsque Upload\" \/>\n<meta property=\"og:description\" content=\"Si avvicina l&#039;ultima serata della stagione della rassegna &quot;BurlAsque Upload&quot;. Da quando \u00e8 iniziata, 8 ottobre 2017 con lo spettacolo\u00a0&quot;La Tournee&quot; della Golden Eggs Revue, sul palco del Teatro Portaportese sono passati ..\" \/>\n<meta property=\"og:url\" content=\"https:\/\/www.romaoggi.eu\/index.php\/2018\/04\/10\/burlasque-upload-2\/\" \/>\n<meta property=\"og:site_name\" content=\"roma oggi\" \/>\n<meta property=\"article:publisher\" content=\"https:\/\/www.facebook.com\/RomaOggi-841544845954114\" \/>\n<meta property=\"article:published_time\" content=\"2018-04-10T16:17:03+00:00\" \/>\n<meta property=\"og:image\" content=\"https:\/\/www.romaoggi.eu\/wp-content\/uploads\/2018\/04\/B-SCHOOL-SURPRISE.jpg\" \/>\n\t<meta property=\"og:image:width\" content=\"679\" \/>\n\t<meta property=\"og:image:height\" content=\"960\" \/>\n\t<meta property=\"og:image:type\" content=\"image\/jpeg\" \/>\n<meta name=\"author\" content=\"Flavio\" \/>\n<meta name=\"twitter:card\" content=\"summary_large_image\" \/>\n<meta name=\"twitter:creator\" content=\"@romaoggi_eu\" \/>\n<meta name=\"twitter:site\" content=\"@romaoggi_eu\" \/>\n<meta name=\"twitter:label1\" content=\"Scritto da\" \/>\n\t<meta name=\"twitter:data1\" content=\"Flavio\" \/>\n\t<meta name=\"twitter:label2\" content=\"Tempo di lettura stimato\" \/>\n\t<meta name=\"twitter:data2\" content=\"5 minuti\" \/>\n<script type=\"application\/ld+json\" class=\"yoast-schema-graph\">{\"@context\":\"https:\\\/\\\/schema.org\",\"@graph\":[{\"@type\":\"Article\",\"@id\":\"https:\\\/\\\/www.romaoggi.eu\\\/index.php\\\/2018\\\/04\\\/10\\\/burlasque-upload-2\\\/#article\",\"isPartOf\":{\"@id\":\"https:\\\/\\\/www.romaoggi.eu\\\/index.php\\\/2018\\\/04\\\/10\\\/burlasque-upload-2\\\/\"},\"author\":{\"name\":\"Flavio\",\"@id\":\"https:\\\/\\\/www.romaoggi.eu\\\/#\\\/schema\\\/person\\\/cc12bfd93370392d7e41d243e47e6681\"},\"headline\":\"Il 15 aprile al Teatro Portaportese con BurlAsque Upload\",\"datePublished\":\"2018-04-10T16:17:03+00:00\",\"mainEntityOfPage\":{\"@id\":\"https:\\\/\\\/www.romaoggi.eu\\\/index.php\\\/2018\\\/04\\\/10\\\/burlasque-upload-2\\\/\"},\"wordCount\":926,\"commentCount\":0,\"publisher\":{\"@id\":\"https:\\\/\\\/www.romaoggi.eu\\\/#organization\"},\"image\":{\"@id\":\"https:\\\/\\\/www.romaoggi.eu\\\/index.php\\\/2018\\\/04\\\/10\\\/burlasque-upload-2\\\/#primaryimage\"},\"thumbnailUrl\":\"https:\\\/\\\/www.romaoggi.eu\\\/wp-content\\\/uploads\\\/2018\\\/04\\\/B-SCHOOL-SURPRISE.jpg\",\"keywords\":[\"2018\",\"Albadoro Gala\",\"Burlasque\",\"BurlAsque Upload\",\"Cinecitt\u00e0 World\",\"Il mistero del cronovisore\",\"italia\",\"lazio\",\"Nuit Blanche\",\"Regione Lazio\",\"roma\",\"romaoggi\",\"RomaOggi.eu\",\"rome\",\"Scarlett Martini\",\"streap tease\",\"Teatro Portaportese\"],\"articleSection\":[\"teatro\"],\"inLanguage\":\"it-IT\",\"potentialAction\":[{\"@type\":\"CommentAction\",\"name\":\"Comment\",\"target\":[\"https:\\\/\\\/www.romaoggi.eu\\\/index.php\\\/2018\\\/04\\\/10\\\/burlasque-upload-2\\\/#respond\"]}]},{\"@type\":\"WebPage\",\"@id\":\"https:\\\/\\\/www.romaoggi.eu\\\/index.php\\\/2018\\\/04\\\/10\\\/burlasque-upload-2\\\/\",\"url\":\"https:\\\/\\\/www.romaoggi.eu\\\/index.php\\\/2018\\\/04\\\/10\\\/burlasque-upload-2\\\/\",\"name\":\"Il 15 aprile al Teatro Portaportese con BurlAsque Upload\",\"isPartOf\":{\"@id\":\"https:\\\/\\\/www.romaoggi.eu\\\/#website\"},\"primaryImageOfPage\":{\"@id\":\"https:\\\/\\\/www.romaoggi.eu\\\/index.php\\\/2018\\\/04\\\/10\\\/burlasque-upload-2\\\/#primaryimage\"},\"image\":{\"@id\":\"https:\\\/\\\/www.romaoggi.eu\\\/index.php\\\/2018\\\/04\\\/10\\\/burlasque-upload-2\\\/#primaryimage\"},\"thumbnailUrl\":\"https:\\\/\\\/www.romaoggi.eu\\\/wp-content\\\/uploads\\\/2018\\\/04\\\/B-SCHOOL-SURPRISE.jpg\",\"datePublished\":\"2018-04-10T16:17:03+00:00\",\"description\":\"Si avvicina l'ultima serata della stagione della rassegna \\\"BurlAsque Upload\\\". Da quando \u00e8 iniziata, 8 ottobre 2017 con lo spettacolo\u00a0\\\"La Tournee\\\" della Golden Eggs Revue, sul palco del Teatro Portaportese sono passati ..\",\"breadcrumb\":{\"@id\":\"https:\\\/\\\/www.romaoggi.eu\\\/index.php\\\/2018\\\/04\\\/10\\\/burlasque-upload-2\\\/#breadcrumb\"},\"inLanguage\":\"it-IT\",\"potentialAction\":[{\"@type\":\"ReadAction\",\"target\":[\"https:\\\/\\\/www.romaoggi.eu\\\/index.php\\\/2018\\\/04\\\/10\\\/burlasque-upload-2\\\/\"]}]},{\"@type\":\"ImageObject\",\"inLanguage\":\"it-IT\",\"@id\":\"https:\\\/\\\/www.romaoggi.eu\\\/index.php\\\/2018\\\/04\\\/10\\\/burlasque-upload-2\\\/#primaryimage\",\"url\":\"https:\\\/\\\/www.romaoggi.eu\\\/wp-content\\\/uploads\\\/2018\\\/04\\\/B-SCHOOL-SURPRISE.jpg\",\"contentUrl\":\"https:\\\/\\\/www.romaoggi.eu\\\/wp-content\\\/uploads\\\/2018\\\/04\\\/B-SCHOOL-SURPRISE.jpg\",\"width\":679,\"height\":960,\"caption\":\"Alt text BurlAsque Upload\"},{\"@type\":\"BreadcrumbList\",\"@id\":\"https:\\\/\\\/www.romaoggi.eu\\\/index.php\\\/2018\\\/04\\\/10\\\/burlasque-upload-2\\\/#breadcrumb\",\"itemListElement\":[{\"@type\":\"ListItem\",\"position\":1,\"name\":\"Home\",\"item\":\"https:\\\/\\\/www.romaoggi.eu\\\/\"},{\"@type\":\"ListItem\",\"position\":2,\"name\":\"Il 15 aprile al Teatro Portaportese con BurlAsque Upload\"}]},{\"@type\":\"WebSite\",\"@id\":\"https:\\\/\\\/www.romaoggi.eu\\\/#website\",\"url\":\"https:\\\/\\\/www.romaoggi.eu\\\/\",\"name\":\"roma oggi\",\"description\":\"Interesting News for Interesting people\",\"publisher\":{\"@id\":\"https:\\\/\\\/www.romaoggi.eu\\\/#organization\"},\"potentialAction\":[{\"@type\":\"SearchAction\",\"target\":{\"@type\":\"EntryPoint\",\"urlTemplate\":\"https:\\\/\\\/www.romaoggi.eu\\\/?s={search_term_string}\"},\"query-input\":{\"@type\":\"PropertyValueSpecification\",\"valueRequired\":true,\"valueName\":\"search_term_string\"}}],\"inLanguage\":\"it-IT\"},{\"@type\":\"Organization\",\"@id\":\"https:\\\/\\\/www.romaoggi.eu\\\/#organization\",\"name\":\"RomaOggi\",\"url\":\"https:\\\/\\\/www.romaoggi.eu\\\/\",\"logo\":{\"@type\":\"ImageObject\",\"inLanguage\":\"it-IT\",\"@id\":\"https:\\\/\\\/www.romaoggi.eu\\\/#\\\/schema\\\/logo\\\/image\\\/\",\"url\":\"https:\\\/\\\/www.romaoggi.eu\\\/wp-content\\\/uploads\\\/2017\\\/04\\\/logowp.jpg\",\"contentUrl\":\"https:\\\/\\\/www.romaoggi.eu\\\/wp-content\\\/uploads\\\/2017\\\/04\\\/logowp.jpg\",\"width\":300,\"height\":133,\"caption\":\"RomaOggi\"},\"image\":{\"@id\":\"https:\\\/\\\/www.romaoggi.eu\\\/#\\\/schema\\\/logo\\\/image\\\/\"},\"sameAs\":[\"https:\\\/\\\/www.facebook.com\\\/RomaOggi-841544845954114\",\"https:\\\/\\\/x.com\\\/romaoggi_eu\"]},{\"@type\":\"Person\",\"@id\":\"https:\\\/\\\/www.romaoggi.eu\\\/#\\\/schema\\\/person\\\/cc12bfd93370392d7e41d243e47e6681\",\"name\":\"Flavio\",\"image\":{\"@type\":\"ImageObject\",\"inLanguage\":\"it-IT\",\"@id\":\"https:\\\/\\\/secure.gravatar.com\\\/avatar\\\/7e044ce830ea97853e01500437b37dff4a622b20a194e4d0efe9b67e918f19e5?s=96&d=mm&r=g\",\"url\":\"https:\\\/\\\/secure.gravatar.com\\\/avatar\\\/7e044ce830ea97853e01500437b37dff4a622b20a194e4d0efe9b67e918f19e5?s=96&d=mm&r=g\",\"contentUrl\":\"https:\\\/\\\/secure.gravatar.com\\\/avatar\\\/7e044ce830ea97853e01500437b37dff4a622b20a194e4d0efe9b67e918f19e5?s=96&d=mm&r=g\",\"caption\":\"Flavio\"},\"url\":\"https:\\\/\\\/www.romaoggi.eu\\\/index.php\\\/author\\\/cristiano\\\/\"}]}<\/script>\n<!-- \/ Yoast SEO plugin. -->","yoast_head_json":{"title":"Il 15 aprile al Teatro Portaportese con BurlAsque Upload","description":"Si avvicina l'ultima serata della stagione della rassegna \"BurlAsque Upload\". Da quando \u00e8 iniziata, 8 ottobre 2017 con lo spettacolo\u00a0\"La Tournee\" della Golden Eggs Revue, sul palco del Teatro Portaportese sono passati ..","robots":{"index":"index","follow":"follow","max-snippet":"max-snippet:-1","max-image-preview":"max-image-preview:large","max-video-preview":"max-video-preview:-1"},"canonical":"https:\/\/www.romaoggi.eu\/index.php\/2018\/04\/10\/burlasque-upload-2\/","og_locale":"it_IT","og_type":"article","og_title":"Il 15 aprile al Teatro Portaportese con BurlAsque Upload","og_description":"Si avvicina l'ultima serata della stagione della rassegna \"BurlAsque Upload\". Da quando \u00e8 iniziata, 8 ottobre 2017 con lo spettacolo\u00a0\"La Tournee\" della Golden Eggs Revue, sul palco del Teatro Portaportese sono passati ..","og_url":"https:\/\/www.romaoggi.eu\/index.php\/2018\/04\/10\/burlasque-upload-2\/","og_site_name":"roma oggi","article_publisher":"https:\/\/www.facebook.com\/RomaOggi-841544845954114","article_published_time":"2018-04-10T16:17:03+00:00","og_image":[{"width":679,"height":960,"url":"https:\/\/www.romaoggi.eu\/wp-content\/uploads\/2018\/04\/B-SCHOOL-SURPRISE.jpg","type":"image\/jpeg"}],"author":"Flavio","twitter_card":"summary_large_image","twitter_creator":"@romaoggi_eu","twitter_site":"@romaoggi_eu","twitter_misc":{"Scritto da":"Flavio","Tempo di lettura stimato":"5 minuti"},"schema":{"@context":"https:\/\/schema.org","@graph":[{"@type":"Article","@id":"https:\/\/www.romaoggi.eu\/index.php\/2018\/04\/10\/burlasque-upload-2\/#article","isPartOf":{"@id":"https:\/\/www.romaoggi.eu\/index.php\/2018\/04\/10\/burlasque-upload-2\/"},"author":{"name":"Flavio","@id":"https:\/\/www.romaoggi.eu\/#\/schema\/person\/cc12bfd93370392d7e41d243e47e6681"},"headline":"Il 15 aprile al Teatro Portaportese con BurlAsque Upload","datePublished":"2018-04-10T16:17:03+00:00","mainEntityOfPage":{"@id":"https:\/\/www.romaoggi.eu\/index.php\/2018\/04\/10\/burlasque-upload-2\/"},"wordCount":926,"commentCount":0,"publisher":{"@id":"https:\/\/www.romaoggi.eu\/#organization"},"image":{"@id":"https:\/\/www.romaoggi.eu\/index.php\/2018\/04\/10\/burlasque-upload-2\/#primaryimage"},"thumbnailUrl":"https:\/\/www.romaoggi.eu\/wp-content\/uploads\/2018\/04\/B-SCHOOL-SURPRISE.jpg","keywords":["2018","Albadoro Gala","Burlasque","BurlAsque Upload","Cinecitt\u00e0 World","Il mistero del cronovisore","italia","lazio","Nuit Blanche","Regione Lazio","roma","romaoggi","RomaOggi.eu","rome","Scarlett Martini","streap tease","Teatro Portaportese"],"articleSection":["teatro"],"inLanguage":"it-IT","potentialAction":[{"@type":"CommentAction","name":"Comment","target":["https:\/\/www.romaoggi.eu\/index.php\/2018\/04\/10\/burlasque-upload-2\/#respond"]}]},{"@type":"WebPage","@id":"https:\/\/www.romaoggi.eu\/index.php\/2018\/04\/10\/burlasque-upload-2\/","url":"https:\/\/www.romaoggi.eu\/index.php\/2018\/04\/10\/burlasque-upload-2\/","name":"Il 15 aprile al Teatro Portaportese con BurlAsque Upload","isPartOf":{"@id":"https:\/\/www.romaoggi.eu\/#website"},"primaryImageOfPage":{"@id":"https:\/\/www.romaoggi.eu\/index.php\/2018\/04\/10\/burlasque-upload-2\/#primaryimage"},"image":{"@id":"https:\/\/www.romaoggi.eu\/index.php\/2018\/04\/10\/burlasque-upload-2\/#primaryimage"},"thumbnailUrl":"https:\/\/www.romaoggi.eu\/wp-content\/uploads\/2018\/04\/B-SCHOOL-SURPRISE.jpg","datePublished":"2018-04-10T16:17:03+00:00","description":"Si avvicina l'ultima serata della stagione della rassegna \"BurlAsque Upload\". Da quando \u00e8 iniziata, 8 ottobre 2017 con lo spettacolo\u00a0\"La Tournee\" della Golden Eggs Revue, sul palco del Teatro Portaportese sono passati ..","breadcrumb":{"@id":"https:\/\/www.romaoggi.eu\/index.php\/2018\/04\/10\/burlasque-upload-2\/#breadcrumb"},"inLanguage":"it-IT","potentialAction":[{"@type":"ReadAction","target":["https:\/\/www.romaoggi.eu\/index.php\/2018\/04\/10\/burlasque-upload-2\/"]}]},{"@type":"ImageObject","inLanguage":"it-IT","@id":"https:\/\/www.romaoggi.eu\/index.php\/2018\/04\/10\/burlasque-upload-2\/#primaryimage","url":"https:\/\/www.romaoggi.eu\/wp-content\/uploads\/2018\/04\/B-SCHOOL-SURPRISE.jpg","contentUrl":"https:\/\/www.romaoggi.eu\/wp-content\/uploads\/2018\/04\/B-SCHOOL-SURPRISE.jpg","width":679,"height":960,"caption":"Alt text BurlAsque Upload"},{"@type":"BreadcrumbList","@id":"https:\/\/www.romaoggi.eu\/index.php\/2018\/04\/10\/burlasque-upload-2\/#breadcrumb","itemListElement":[{"@type":"ListItem","position":1,"name":"Home","item":"https:\/\/www.romaoggi.eu\/"},{"@type":"ListItem","position":2,"name":"Il 15 aprile al Teatro Portaportese con BurlAsque Upload"}]},{"@type":"WebSite","@id":"https:\/\/www.romaoggi.eu\/#website","url":"https:\/\/www.romaoggi.eu\/","name":"roma oggi","description":"Interesting News for Interesting people","publisher":{"@id":"https:\/\/www.romaoggi.eu\/#organization"},"potentialAction":[{"@type":"SearchAction","target":{"@type":"EntryPoint","urlTemplate":"https:\/\/www.romaoggi.eu\/?s={search_term_string}"},"query-input":{"@type":"PropertyValueSpecification","valueRequired":true,"valueName":"search_term_string"}}],"inLanguage":"it-IT"},{"@type":"Organization","@id":"https:\/\/www.romaoggi.eu\/#organization","name":"RomaOggi","url":"https:\/\/www.romaoggi.eu\/","logo":{"@type":"ImageObject","inLanguage":"it-IT","@id":"https:\/\/www.romaoggi.eu\/#\/schema\/logo\/image\/","url":"https:\/\/www.romaoggi.eu\/wp-content\/uploads\/2017\/04\/logowp.jpg","contentUrl":"https:\/\/www.romaoggi.eu\/wp-content\/uploads\/2017\/04\/logowp.jpg","width":300,"height":133,"caption":"RomaOggi"},"image":{"@id":"https:\/\/www.romaoggi.eu\/#\/schema\/logo\/image\/"},"sameAs":["https:\/\/www.facebook.com\/RomaOggi-841544845954114","https:\/\/x.com\/romaoggi_eu"]},{"@type":"Person","@id":"https:\/\/www.romaoggi.eu\/#\/schema\/person\/cc12bfd93370392d7e41d243e47e6681","name":"Flavio","image":{"@type":"ImageObject","inLanguage":"it-IT","@id":"https:\/\/secure.gravatar.com\/avatar\/7e044ce830ea97853e01500437b37dff4a622b20a194e4d0efe9b67e918f19e5?s=96&d=mm&r=g","url":"https:\/\/secure.gravatar.com\/avatar\/7e044ce830ea97853e01500437b37dff4a622b20a194e4d0efe9b67e918f19e5?s=96&d=mm&r=g","contentUrl":"https:\/\/secure.gravatar.com\/avatar\/7e044ce830ea97853e01500437b37dff4a622b20a194e4d0efe9b67e918f19e5?s=96&d=mm&r=g","caption":"Flavio"},"url":"https:\/\/www.romaoggi.eu\/index.php\/author\/cristiano\/"}]}},"_links":{"self":[{"href":"https:\/\/www.romaoggi.eu\/index.php\/wp-json\/wp\/v2\/posts\/15029","targetHints":{"allow":["GET"]}}],"collection":[{"href":"https:\/\/www.romaoggi.eu\/index.php\/wp-json\/wp\/v2\/posts"}],"about":[{"href":"https:\/\/www.romaoggi.eu\/index.php\/wp-json\/wp\/v2\/types\/post"}],"author":[{"embeddable":true,"href":"https:\/\/www.romaoggi.eu\/index.php\/wp-json\/wp\/v2\/users\/5"}],"replies":[{"embeddable":true,"href":"https:\/\/www.romaoggi.eu\/index.php\/wp-json\/wp\/v2\/comments?post=15029"}],"version-history":[{"count":2,"href":"https:\/\/www.romaoggi.eu\/index.php\/wp-json\/wp\/v2\/posts\/15029\/revisions"}],"predecessor-version":[{"id":15033,"href":"https:\/\/www.romaoggi.eu\/index.php\/wp-json\/wp\/v2\/posts\/15029\/revisions\/15033"}],"wp:featuredmedia":[{"embeddable":true,"href":"https:\/\/www.romaoggi.eu\/index.php\/wp-json\/wp\/v2\/media\/15031"}],"wp:attachment":[{"href":"https:\/\/www.romaoggi.eu\/index.php\/wp-json\/wp\/v2\/media?parent=15029"}],"wp:term":[{"taxonomy":"category","embeddable":true,"href":"https:\/\/www.romaoggi.eu\/index.php\/wp-json\/wp\/v2\/categories?post=15029"},{"taxonomy":"post_tag","embeddable":true,"href":"https:\/\/www.romaoggi.eu\/index.php\/wp-json\/wp\/v2\/tags?post=15029"}],"curies":[{"name":"wp","href":"https:\/\/api.w.org\/{rel}","templated":true}]}}