{"id":15205,"date":"2018-04-19T10:28:06","date_gmt":"2018-04-19T08:28:06","guid":{"rendered":"http:\/\/www.romaoggi.eu\/?p=15205"},"modified":"2018-04-19T10:28:06","modified_gmt":"2018-04-19T08:28:06","slug":"iconic-puzzle-ancilotto-pacanowski","status":"publish","type":"post","link":"https:\/\/www.romaoggi.eu\/index.php\/2018\/04\/19\/iconic-puzzle-ancilotto-pacanowski\/","title":{"rendered":"ICONIC PUZZLE-ANCILOTTO e PACANOWSKI alla Galerie Maison Naim"},"content":{"rendered":"<p style=\"text-align: justify;\"><b>ICONIC PUZZLE- <\/b>in mostra\u00a0<b>Ancilotto e Pacanowski<\/b> incantano alla<b> Galerie Maison Naim, <\/b>uno spazio espositivo elegante e raffinato dove le opere d&#8217;arte arricchisco un nuovo salotto culturale in centro citt\u00e0.<\/p>\n<figure id=\"attachment_15222\" aria-describedby=\"caption-attachment-15222\" style=\"width: 1024px\" class=\"wp-caption aligncenter\"><img loading=\"lazy\" decoding=\"async\" class=\"wp-image-15222 size-large\" src=\"https:\/\/www.romaoggi.eu\/wp-content\/uploads\/2018\/04\/VENERE-RECLINA-C.-Ancilotto-1024x537.jpg\" alt=\"alt tag iconic puzzle\" width=\"1024\" height=\"537\" srcset=\"https:\/\/www.romaoggi.eu\/wp-content\/uploads\/2018\/04\/VENERE-RECLINA-C.-Ancilotto-1024x537.jpg 1024w, https:\/\/www.romaoggi.eu\/wp-content\/uploads\/2018\/04\/VENERE-RECLINA-C.-Ancilotto-300x157.jpg 300w, https:\/\/www.romaoggi.eu\/wp-content\/uploads\/2018\/04\/VENERE-RECLINA-C.-Ancilotto.jpg 1960w\" sizes=\"auto, (max-width: 1024px) 100vw, 1024px\" \/><figcaption id=\"caption-attachment-15222\" class=\"wp-caption-text\">VENERE RECLINA &#8211; C. Ancilotto<\/figcaption><\/figure>\n<p style=\"text-align: justify;\"><span style=\"font-weight: 400;\">Arte come indagine sul soggetto umano in tutte le sue molteplici identit\u00e0, nelle sue trasformazioni d\u2019apparenza e sostanza, nel suo immergersi dentro i codici del tempo attuale. <\/span><\/p>\n<p style=\"text-align: justify;\"><span style=\"font-weight: 400;\">La curatrice d\u2019arte <\/span><b>Miliza Rodic<\/b><span style=\"font-weight: 400;\"> descrive cos\u00ec la mostra d\u2019arte contemporanea intitolata <\/span><b>Iconic Puzzle<\/b><span style=\"font-weight: 400;\">\u00a0esposta presso i nuovi spazi della <\/span><a href=\"info@galeriemaisonnaim.com\"><b>Galerie Maison Naim<\/b><\/a><span style=\"font-weight: 400;\"> in <\/span>Via Mario de Fiori 5<span style=\"font-weight: 400;\">, nel cuore della Capitale.<\/span><\/p>\n<figure id=\"attachment_15223\" aria-describedby=\"caption-attachment-15223\" style=\"width: 300px\" class=\"wp-caption alignleft\"><img loading=\"lazy\" decoding=\"async\" class=\"size-medium wp-image-15223\" src=\"https:\/\/www.romaoggi.eu\/wp-content\/uploads\/2018\/04\/BOXEUR-A.Pacanowski-300x245.jpg\" alt=\"alt tag iconic puzzle\" width=\"300\" height=\"245\" srcset=\"https:\/\/www.romaoggi.eu\/wp-content\/uploads\/2018\/04\/BOXEUR-A.Pacanowski-300x245.jpg 300w, https:\/\/www.romaoggi.eu\/wp-content\/uploads\/2018\/04\/BOXEUR-A.Pacanowski-1024x836.jpg 1024w, https:\/\/www.romaoggi.eu\/wp-content\/uploads\/2018\/04\/BOXEUR-A.Pacanowski.jpg 1685w\" sizes=\"auto, (max-width: 300px) 100vw, 300px\" \/><figcaption id=\"caption-attachment-15223\" class=\"wp-caption-text\">BOXEUR &#8211; A.Pacanowski<\/figcaption><\/figure>\n<p style=\"text-align: justify;\"><span style=\"font-weight: 400;\">\u201c<\/span><i><span style=\"font-weight: 400;\">Ho voluto mettere a confronto<\/span><\/i><span style=\"font-weight: 400;\">\u201d \u2013 spiega Rodic \u2013 \u201cg<\/span><i><span style=\"font-weight: 400;\">li immaginari di due artisti italiani <\/span><\/i><b><i>&#8211;<\/i><\/b> <b><i>Camilla Ancilotto<\/i><\/b><i><span style=\"font-weight: 400;\"> e <\/span><\/i><b><i>Andrea Pacanowski<\/i><\/b><i><span style=\"font-weight: 400;\"> \u2013 che, seppur assai distanti per linguaggio e risultati, si ritrovano vicini nella coscienza del frammento, della stratificazione, della densit\u00e0 estetica. Due visioni complesse che nascondono e svelano, coinvolgendo lo spettatore nel gioco ottico della rivelazione lenta, come una morbida messa a fuoco che cattura il cuore nascosto delle cose<\/span><\/i><span style=\"font-weight: 400;\">\u201d. \u00a0<\/span><\/p>\n<p style=\"text-align: justify;\"><span style=\"font-weight: 400;\">La <\/span><b>Galerie Maison Naim <\/b><span style=\"font-weight: 400;\">apre, dunque, le porte ad iniziative culturali per promuovere le arti visive attraverso la fusione trasversale di pi\u00f9 artisti. \u00a0Qui, pochi passi da Piazza di Spagna \u2013 all\u2019interno di un contesto originale ed insolito &#8211; l\u2019imprenditore <\/span><b>Massimo Naim<\/b><span style=\"font-weight: 400;\">, ha deciso di dar vita a un nuovo progetto molto ambizioso: realizzare una galleria d\u2019arte con stile e sapore internazionale, posta un piano sotto alla sua boutique hotel di lusso, <\/span><b>Spagna Royal Suite<\/b><span style=\"font-weight: 400;\"> e inserita nel circuito <\/span><b>Le R\u00eave de Naim<\/b><span style=\"font-weight: 400;\">. L\u2019apertura della mostra <strong>Iconic Puzzle<\/strong> \u00e8 anche l\u2019occasione di presentare <\/span><b>Chez Moi<\/b><span style=\"font-weight: 400;\">, il nuovo ristorante incastonato all\u2019interno della <\/span><b>Galerie Maison Naim<\/b><span style=\"font-weight: 400;\">, dove l\u2019arte si fonde con l\u2019alta cucina internazionale.<\/span><\/p>\n<figure id=\"attachment_15224\" aria-describedby=\"caption-attachment-15224\" style=\"width: 239px\" class=\"wp-caption alignright\"><img loading=\"lazy\" decoding=\"async\" class=\"size-medium wp-image-15224\" src=\"https:\/\/www.romaoggi.eu\/wp-content\/uploads\/2018\/04\/IRIS-C.-Ancilotto-239x300.jpg\" alt=\"\" width=\"239\" height=\"300\" srcset=\"https:\/\/www.romaoggi.eu\/wp-content\/uploads\/2018\/04\/IRIS-C.-Ancilotto-239x300.jpg 239w, https:\/\/www.romaoggi.eu\/wp-content\/uploads\/2018\/04\/IRIS-C.-Ancilotto-815x1024.jpg 815w, https:\/\/www.romaoggi.eu\/wp-content\/uploads\/2018\/04\/IRIS-C.-Ancilotto.jpg 1310w\" sizes=\"auto, (max-width: 239px) 100vw, 239px\" \/><figcaption id=\"caption-attachment-15224\" class=\"wp-caption-text\">IRIS &#8211; C. Ancilotto<\/figcaption><\/figure>\n<p style=\"text-align: justify;\"><span style=\"font-weight: 400;\">L\u2019obiettivo di Massimo Naim \u00e8 quello di creare un luogo insolito per una citt\u00e0 come Roma dove poter ritrovare, nel medesimo contesto, arte contemporanea, piatti gourmet d\u2019autore ispirati alla tradizione fusion e un hotel di lusso. <\/span><\/p>\n<p style=\"text-align: justify;\"><span style=\"font-weight: 400;\">\u201c<\/span><i><span style=\"font-weight: 400;\">E\u2019 un progetto<\/span><\/i><span style=\"font-weight: 400;\">\u201d \u2013 spiega Naim \u2013 \u201c<\/span><i><span style=\"font-weight: 400;\">dedicato a un pubblico internazionale che apprezza l\u2019arte contemporanea italiana e non, ama la buona cucina e l\u2019estro. I piatti del bistrot interno <\/span><\/i><b><i>Chez Moi<\/i><\/b><i><span style=\"font-weight: 400;\"> sono il risultato di una attenta ricerca e intreccio tra gusto e presentazione. Il cibo \u00e8 cultura, bellezza, eccellenza ed \u00e8 in continua evoluzione, specchio delle pi\u00f9 raffinate contaminazioni<\/span><\/i><span style=\"font-weight: 400;\">\u201d. \u00a0<\/span><span style=\"font-weight: 400;\">Chez Moi propone una cucina fusion e sushi di altissimo livello; pu\u00f2 ospitare un massimo di dodici persone. Non esiste un vero e proprio men\u00f9 poich\u00e9 lo chef prepara, di volta in volta, dodici portate ispirate alle opere d&#8217;arte esposte nella galleria.<\/span><\/p>\n<p style=\"text-align: justify;\"><a href=\"http:\/\/www.camillancilotto.com\"><b>CAMILLA ANCILOTTO \u00a0<\/b><\/a><\/p>\n<p style=\"text-align: justify;\"><span style=\"font-weight: 400;\">Le sue opere sono <\/span><b>puzzle pittorici<\/b><span style=\"font-weight: 400;\"> dalle molteplici chiavi compositive. In pratica, girando i singoli parallelepipedi (o altre forme geometriche) su una griglia chiusa, si completa una singola immagine o si mescolano assieme immagini diverse. Viene a crearsi un\u2019interazione in cui il fruitore potr\u00e0 cambiare l\u2019ordine sequenziale e, soprattutto, entrare nel principio del pensiero originario, completando un\u2019opera che chiede azioni manuali e libert\u00e0 inventiva. Le immagini di riferimento sono prelievi da pittori storici (Bronzino, Michelangelo, Pontormo, Rubens) o da antiche sculture (le teste marmoree al British Museum) che vengono plasmati attraverso metamorfosi e fusioni. In particolare emergono diversi animali dalle vite letterarie e dal valore metaforico (pappagalli, giraffe, calamari, piovre, iguane) che catturano l\u2019atmosfera coi loro pattern esplosivi, intriganti, tattilmente vivi. Un mondo d\u2019energia in azione, di frangenti letterari insinuanti, di sinestesia e nuovi confini. Umano, animale e vegetale che s\u2019incrociano in un flessuoso rito armonico, animando l\u2019eden di un luogo immaginario eppure immaginabile, vicino ai nostri sensi, mentalmente reale. \u00a0<\/span><\/p>\n<p style=\"text-align: justify;\"><a href=\"http:\/\/www.andreapacanowski.it\"><b>ANDREA PACANOWSKI<\/b><\/a><\/p>\n<p style=\"text-align: justify;\"><span style=\"font-weight: 400;\">Le sue opere sono <\/span><b>puzzle fotografici<\/b><span style=\"font-weight: 400;\"> che rompono diverse certezze su usi e abusi del digitale. Per Pacanowski ogni scatto \u00e8 un viaggio unico dal ritmo analogico, un\u2019immersione lenta che richiede conoscenza tecnica, invenzione, ribaltamento di regole in apparenza immobili. L\u2019immagine finale \u00e8 il risultato di riprese, combinazioni, luci di scena e altri trucchi che l\u2019autore ha affinato nel contesto della Moda, il suo luogo d\u2019origine professionale, spazio ambiguo di erotismi lussuosi e perfezionismi ormai robotici. L\u2019artista sentiva il limite della postproduzione, del digitale come dittatura fashion: ed eccolo sfidare la messinscena elettronica, preferendo i codici lenti di un habitus interiore, dove la pelle fotografata diventa geografia complessa, dove colori e tonalit\u00e0 definiscono l\u2019invisibile, dove graffiature e segni amplificano l\u2019energia iconografica. Le sue azioni sono scie sonore che mappano le armonie sinuose, localizzano dettagli, ampliano i segnali emotivi dietro un corpo. La fotografia prende qui il ritmo lento della pittura, rivelando una qualit\u00e0 metafisica che ci conduce in un rituale misterioso, ascetico, fatalmente spirituale. \u00a0<\/span><\/p>\n<p><span style=\"font-weight: 400;\">La mostra <strong>Iconic Puzzle<\/strong> si pu\u00f2 visitare dal 19 Aprile al 1 Giugno 2018.<\/span><\/p>\n<p><a href=\"https:\/\/www.romaoggi.eu\/index.php\/2018\/04\/13\/fellini-fantastiche-visioni-ars-perpetua\/\">Redazione<\/a><\/p>\n","protected":false},"excerpt":{"rendered":"<div class=\"mh-excerpt\"><p>ICONIC PUZZLE- in mostra\u00a0Ancilotto e Pacanowski incantano alla Galerie Maison Naim, uno spazio espositivo elegante e raffinato dove le opere d&#8217;arte arricchisco un nuovo salotto culturale in centro citt\u00e0. Arte come indagine sul soggetto umano <a class=\"mh-excerpt-more\" href=\"https:\/\/www.romaoggi.eu\/index.php\/2018\/04\/19\/iconic-puzzle-ancilotto-pacanowski\/\" title=\"ICONIC PUZZLE-ANCILOTTO e PACANOWSKI alla Galerie Maison Naim\">[&#8230;]<\/a><\/p>\n<\/div>","protected":false},"author":3,"featured_media":15221,"comment_status":"open","ping_status":"open","sticky":false,"template":"","format":"standard","meta":{"_sitemap_exclude":false,"_sitemap_priority":"","_sitemap_frequency":"","footnotes":""},"categories":[74],"tags":[10145,1610,4345,10153,10144,10155,10156,76,10146,109,10154,10157],"class_list":["post-15205","post","type-post","status-publish","format-standard","has-post-thumbnail","hentry","category-mostre","tag-ancilotto","tag-arte","tag-capitale","tag-galerie-maison-naim","tag-iconic-puzzle","tag-massimo-naim","tag-miliza-rodic","tag-mostra","tag-pacanowsky","tag-roma","tag-spagna-royal-suite","tag-via-mario-de-fiori"],"yoast_head":"<!-- This site is optimized with the Yoast SEO plugin v27.5 - https:\/\/yoast.com\/product\/yoast-seo-wordpress\/ -->\n<title>ICONIC PUZZLE-ANCILOTTO e PACANOWSKI alla Galerie Maison Naim<\/title>\n<meta name=\"description\" content=\"ICONIC PUZZLE- in mostra\u00a0Ancilotto e Pacanowski incantano alla Galerie Maison Naim, uno spazio espositivo elegante e raffinato dove le opere d&#039;arte arricchisco un nuovo salotto culturale in centro citt\u00e0.\" \/>\n<meta name=\"robots\" content=\"index, follow, max-snippet:-1, max-image-preview:large, max-video-preview:-1\" \/>\n<link rel=\"canonical\" href=\"https:\/\/www.romaoggi.eu\/index.php\/2018\/04\/19\/iconic-puzzle-ancilotto-pacanowski\/\" \/>\n<meta property=\"og:locale\" content=\"it_IT\" \/>\n<meta property=\"og:type\" content=\"article\" \/>\n<meta property=\"og:title\" content=\"ICONIC PUZZLE-ANCILOTTO e PACANOWSKI alla Galerie Maison Naim\" \/>\n<meta property=\"og:description\" content=\"ICONIC PUZZLE- in mostra\u00a0Ancilotto e Pacanowski incantano alla Galerie Maison Naim, uno spazio espositivo elegante e raffinato dove le opere d&#039;arte arricchisco un nuovo salotto culturale in centro citt\u00e0.\" \/>\n<meta property=\"og:url\" content=\"https:\/\/www.romaoggi.eu\/index.php\/2018\/04\/19\/iconic-puzzle-ancilotto-pacanowski\/\" \/>\n<meta property=\"og:site_name\" content=\"roma oggi\" \/>\n<meta property=\"article:publisher\" content=\"https:\/\/www.facebook.com\/RomaOggi-841544845954114\" \/>\n<meta property=\"article:published_time\" content=\"2018-04-19T08:28:06+00:00\" \/>\n<meta property=\"og:image\" content=\"https:\/\/www.romaoggi.eu\/wp-content\/uploads\/2018\/04\/NON-SONO-LUNICA-A.Pacanowski.jpg\" \/>\n\t<meta property=\"og:image:width\" content=\"1685\" \/>\n\t<meta property=\"og:image:height\" content=\"1180\" \/>\n\t<meta property=\"og:image:type\" content=\"image\/jpeg\" \/>\n<meta name=\"author\" content=\"Antonietta Di Vizia\" \/>\n<meta name=\"twitter:card\" content=\"summary_large_image\" \/>\n<meta name=\"twitter:creator\" content=\"@romaoggi_eu\" \/>\n<meta name=\"twitter:site\" content=\"@romaoggi_eu\" \/>\n<meta name=\"twitter:label1\" content=\"Scritto da\" \/>\n\t<meta name=\"twitter:data1\" content=\"Antonietta Di Vizia\" \/>\n\t<meta name=\"twitter:label2\" content=\"Tempo di lettura stimato\" \/>\n\t<meta name=\"twitter:data2\" content=\"4 minuti\" \/>\n<script type=\"application\/ld+json\" class=\"yoast-schema-graph\">{\"@context\":\"https:\\\/\\\/schema.org\",\"@graph\":[{\"@type\":\"Article\",\"@id\":\"https:\\\/\\\/www.romaoggi.eu\\\/index.php\\\/2018\\\/04\\\/19\\\/iconic-puzzle-ancilotto-pacanowski\\\/#article\",\"isPartOf\":{\"@id\":\"https:\\\/\\\/www.romaoggi.eu\\\/index.php\\\/2018\\\/04\\\/19\\\/iconic-puzzle-ancilotto-pacanowski\\\/\"},\"author\":{\"name\":\"Antonietta Di Vizia\",\"@id\":\"https:\\\/\\\/www.romaoggi.eu\\\/#\\\/schema\\\/person\\\/c8ca1fb64b5506391fff5f822a866c23\"},\"headline\":\"ICONIC PUZZLE-ANCILOTTO e PACANOWSKI alla Galerie Maison Naim\",\"datePublished\":\"2018-04-19T08:28:06+00:00\",\"mainEntityOfPage\":{\"@id\":\"https:\\\/\\\/www.romaoggi.eu\\\/index.php\\\/2018\\\/04\\\/19\\\/iconic-puzzle-ancilotto-pacanowski\\\/\"},\"wordCount\":814,\"commentCount\":0,\"publisher\":{\"@id\":\"https:\\\/\\\/www.romaoggi.eu\\\/#organization\"},\"image\":{\"@id\":\"https:\\\/\\\/www.romaoggi.eu\\\/index.php\\\/2018\\\/04\\\/19\\\/iconic-puzzle-ancilotto-pacanowski\\\/#primaryimage\"},\"thumbnailUrl\":\"https:\\\/\\\/www.romaoggi.eu\\\/wp-content\\\/uploads\\\/2018\\\/04\\\/NON-SONO-LUNICA-A.Pacanowski.jpg\",\"keywords\":[\"ancilotto\",\"arte\",\"capitale\",\"galerie maison naim\",\"ICONIC PUZZLE\",\"Massimo Naim\",\"Miliza Rodic\",\"mostra\",\"pacanowsky\",\"roma\",\"Spagna Royal Suite\",\"via mario de fiori\"],\"articleSection\":[\"Mostre\"],\"inLanguage\":\"it-IT\",\"potentialAction\":[{\"@type\":\"CommentAction\",\"name\":\"Comment\",\"target\":[\"https:\\\/\\\/www.romaoggi.eu\\\/index.php\\\/2018\\\/04\\\/19\\\/iconic-puzzle-ancilotto-pacanowski\\\/#respond\"]}]},{\"@type\":\"WebPage\",\"@id\":\"https:\\\/\\\/www.romaoggi.eu\\\/index.php\\\/2018\\\/04\\\/19\\\/iconic-puzzle-ancilotto-pacanowski\\\/\",\"url\":\"https:\\\/\\\/www.romaoggi.eu\\\/index.php\\\/2018\\\/04\\\/19\\\/iconic-puzzle-ancilotto-pacanowski\\\/\",\"name\":\"ICONIC PUZZLE-ANCILOTTO e PACANOWSKI alla Galerie Maison Naim\",\"isPartOf\":{\"@id\":\"https:\\\/\\\/www.romaoggi.eu\\\/#website\"},\"primaryImageOfPage\":{\"@id\":\"https:\\\/\\\/www.romaoggi.eu\\\/index.php\\\/2018\\\/04\\\/19\\\/iconic-puzzle-ancilotto-pacanowski\\\/#primaryimage\"},\"image\":{\"@id\":\"https:\\\/\\\/www.romaoggi.eu\\\/index.php\\\/2018\\\/04\\\/19\\\/iconic-puzzle-ancilotto-pacanowski\\\/#primaryimage\"},\"thumbnailUrl\":\"https:\\\/\\\/www.romaoggi.eu\\\/wp-content\\\/uploads\\\/2018\\\/04\\\/NON-SONO-LUNICA-A.Pacanowski.jpg\",\"datePublished\":\"2018-04-19T08:28:06+00:00\",\"description\":\"ICONIC PUZZLE- in mostra\u00a0Ancilotto e Pacanowski incantano alla Galerie Maison Naim, uno spazio espositivo elegante e raffinato dove le opere d'arte arricchisco un nuovo salotto culturale in centro citt\u00e0.\",\"breadcrumb\":{\"@id\":\"https:\\\/\\\/www.romaoggi.eu\\\/index.php\\\/2018\\\/04\\\/19\\\/iconic-puzzle-ancilotto-pacanowski\\\/#breadcrumb\"},\"inLanguage\":\"it-IT\",\"potentialAction\":[{\"@type\":\"ReadAction\",\"target\":[\"https:\\\/\\\/www.romaoggi.eu\\\/index.php\\\/2018\\\/04\\\/19\\\/iconic-puzzle-ancilotto-pacanowski\\\/\"]}]},{\"@type\":\"ImageObject\",\"inLanguage\":\"it-IT\",\"@id\":\"https:\\\/\\\/www.romaoggi.eu\\\/index.php\\\/2018\\\/04\\\/19\\\/iconic-puzzle-ancilotto-pacanowski\\\/#primaryimage\",\"url\":\"https:\\\/\\\/www.romaoggi.eu\\\/wp-content\\\/uploads\\\/2018\\\/04\\\/NON-SONO-LUNICA-A.Pacanowski.jpg\",\"contentUrl\":\"https:\\\/\\\/www.romaoggi.eu\\\/wp-content\\\/uploads\\\/2018\\\/04\\\/NON-SONO-LUNICA-A.Pacanowski.jpg\",\"width\":1685,\"height\":1180,\"caption\":\"NON SONO L'UNICA - A.Pacanowski\"},{\"@type\":\"BreadcrumbList\",\"@id\":\"https:\\\/\\\/www.romaoggi.eu\\\/index.php\\\/2018\\\/04\\\/19\\\/iconic-puzzle-ancilotto-pacanowski\\\/#breadcrumb\",\"itemListElement\":[{\"@type\":\"ListItem\",\"position\":1,\"name\":\"Home\",\"item\":\"https:\\\/\\\/www.romaoggi.eu\\\/\"},{\"@type\":\"ListItem\",\"position\":2,\"name\":\"ICONIC PUZZLE-ANCILOTTO e PACANOWSKI alla Galerie Maison Naim\"}]},{\"@type\":\"WebSite\",\"@id\":\"https:\\\/\\\/www.romaoggi.eu\\\/#website\",\"url\":\"https:\\\/\\\/www.romaoggi.eu\\\/\",\"name\":\"roma oggi\",\"description\":\"Interesting News for Interesting people\",\"publisher\":{\"@id\":\"https:\\\/\\\/www.romaoggi.eu\\\/#organization\"},\"potentialAction\":[{\"@type\":\"SearchAction\",\"target\":{\"@type\":\"EntryPoint\",\"urlTemplate\":\"https:\\\/\\\/www.romaoggi.eu\\\/?s={search_term_string}\"},\"query-input\":{\"@type\":\"PropertyValueSpecification\",\"valueRequired\":true,\"valueName\":\"search_term_string\"}}],\"inLanguage\":\"it-IT\"},{\"@type\":\"Organization\",\"@id\":\"https:\\\/\\\/www.romaoggi.eu\\\/#organization\",\"name\":\"RomaOggi\",\"url\":\"https:\\\/\\\/www.romaoggi.eu\\\/\",\"logo\":{\"@type\":\"ImageObject\",\"inLanguage\":\"it-IT\",\"@id\":\"https:\\\/\\\/www.romaoggi.eu\\\/#\\\/schema\\\/logo\\\/image\\\/\",\"url\":\"https:\\\/\\\/www.romaoggi.eu\\\/wp-content\\\/uploads\\\/2017\\\/04\\\/logowp.jpg\",\"contentUrl\":\"https:\\\/\\\/www.romaoggi.eu\\\/wp-content\\\/uploads\\\/2017\\\/04\\\/logowp.jpg\",\"width\":300,\"height\":133,\"caption\":\"RomaOggi\"},\"image\":{\"@id\":\"https:\\\/\\\/www.romaoggi.eu\\\/#\\\/schema\\\/logo\\\/image\\\/\"},\"sameAs\":[\"https:\\\/\\\/www.facebook.com\\\/RomaOggi-841544845954114\",\"https:\\\/\\\/x.com\\\/romaoggi_eu\"]},{\"@type\":\"Person\",\"@id\":\"https:\\\/\\\/www.romaoggi.eu\\\/#\\\/schema\\\/person\\\/c8ca1fb64b5506391fff5f822a866c23\",\"name\":\"Antonietta Di Vizia\",\"image\":{\"@type\":\"ImageObject\",\"inLanguage\":\"it-IT\",\"@id\":\"https:\\\/\\\/secure.gravatar.com\\\/avatar\\\/2ad571aa3fbfe3089b06ed5617adf58717b9359c0c97cf9b52804fb2dac293f2?s=96&d=mm&r=g\",\"url\":\"https:\\\/\\\/secure.gravatar.com\\\/avatar\\\/2ad571aa3fbfe3089b06ed5617adf58717b9359c0c97cf9b52804fb2dac293f2?s=96&d=mm&r=g\",\"contentUrl\":\"https:\\\/\\\/secure.gravatar.com\\\/avatar\\\/2ad571aa3fbfe3089b06ed5617adf58717b9359c0c97cf9b52804fb2dac293f2?s=96&d=mm&r=g\",\"caption\":\"Antonietta Di Vizia\"},\"url\":\"https:\\\/\\\/www.romaoggi.eu\\\/index.php\\\/author\\\/antonietta\\\/\"}]}<\/script>\n<!-- \/ Yoast SEO plugin. -->","yoast_head_json":{"title":"ICONIC PUZZLE-ANCILOTTO e PACANOWSKI alla Galerie Maison Naim","description":"ICONIC PUZZLE- in mostra\u00a0Ancilotto e Pacanowski incantano alla Galerie Maison Naim, uno spazio espositivo elegante e raffinato dove le opere d'arte arricchisco un nuovo salotto culturale in centro citt\u00e0.","robots":{"index":"index","follow":"follow","max-snippet":"max-snippet:-1","max-image-preview":"max-image-preview:large","max-video-preview":"max-video-preview:-1"},"canonical":"https:\/\/www.romaoggi.eu\/index.php\/2018\/04\/19\/iconic-puzzle-ancilotto-pacanowski\/","og_locale":"it_IT","og_type":"article","og_title":"ICONIC PUZZLE-ANCILOTTO e PACANOWSKI alla Galerie Maison Naim","og_description":"ICONIC PUZZLE- in mostra\u00a0Ancilotto e Pacanowski incantano alla Galerie Maison Naim, uno spazio espositivo elegante e raffinato dove le opere d'arte arricchisco un nuovo salotto culturale in centro citt\u00e0.","og_url":"https:\/\/www.romaoggi.eu\/index.php\/2018\/04\/19\/iconic-puzzle-ancilotto-pacanowski\/","og_site_name":"roma oggi","article_publisher":"https:\/\/www.facebook.com\/RomaOggi-841544845954114","article_published_time":"2018-04-19T08:28:06+00:00","og_image":[{"width":1685,"height":1180,"url":"https:\/\/www.romaoggi.eu\/wp-content\/uploads\/2018\/04\/NON-SONO-LUNICA-A.Pacanowski.jpg","type":"image\/jpeg"}],"author":"Antonietta Di Vizia","twitter_card":"summary_large_image","twitter_creator":"@romaoggi_eu","twitter_site":"@romaoggi_eu","twitter_misc":{"Scritto da":"Antonietta Di Vizia","Tempo di lettura stimato":"4 minuti"},"schema":{"@context":"https:\/\/schema.org","@graph":[{"@type":"Article","@id":"https:\/\/www.romaoggi.eu\/index.php\/2018\/04\/19\/iconic-puzzle-ancilotto-pacanowski\/#article","isPartOf":{"@id":"https:\/\/www.romaoggi.eu\/index.php\/2018\/04\/19\/iconic-puzzle-ancilotto-pacanowski\/"},"author":{"name":"Antonietta Di Vizia","@id":"https:\/\/www.romaoggi.eu\/#\/schema\/person\/c8ca1fb64b5506391fff5f822a866c23"},"headline":"ICONIC PUZZLE-ANCILOTTO e PACANOWSKI alla Galerie Maison Naim","datePublished":"2018-04-19T08:28:06+00:00","mainEntityOfPage":{"@id":"https:\/\/www.romaoggi.eu\/index.php\/2018\/04\/19\/iconic-puzzle-ancilotto-pacanowski\/"},"wordCount":814,"commentCount":0,"publisher":{"@id":"https:\/\/www.romaoggi.eu\/#organization"},"image":{"@id":"https:\/\/www.romaoggi.eu\/index.php\/2018\/04\/19\/iconic-puzzle-ancilotto-pacanowski\/#primaryimage"},"thumbnailUrl":"https:\/\/www.romaoggi.eu\/wp-content\/uploads\/2018\/04\/NON-SONO-LUNICA-A.Pacanowski.jpg","keywords":["ancilotto","arte","capitale","galerie maison naim","ICONIC PUZZLE","Massimo Naim","Miliza Rodic","mostra","pacanowsky","roma","Spagna Royal Suite","via mario de fiori"],"articleSection":["Mostre"],"inLanguage":"it-IT","potentialAction":[{"@type":"CommentAction","name":"Comment","target":["https:\/\/www.romaoggi.eu\/index.php\/2018\/04\/19\/iconic-puzzle-ancilotto-pacanowski\/#respond"]}]},{"@type":"WebPage","@id":"https:\/\/www.romaoggi.eu\/index.php\/2018\/04\/19\/iconic-puzzle-ancilotto-pacanowski\/","url":"https:\/\/www.romaoggi.eu\/index.php\/2018\/04\/19\/iconic-puzzle-ancilotto-pacanowski\/","name":"ICONIC PUZZLE-ANCILOTTO e PACANOWSKI alla Galerie Maison Naim","isPartOf":{"@id":"https:\/\/www.romaoggi.eu\/#website"},"primaryImageOfPage":{"@id":"https:\/\/www.romaoggi.eu\/index.php\/2018\/04\/19\/iconic-puzzle-ancilotto-pacanowski\/#primaryimage"},"image":{"@id":"https:\/\/www.romaoggi.eu\/index.php\/2018\/04\/19\/iconic-puzzle-ancilotto-pacanowski\/#primaryimage"},"thumbnailUrl":"https:\/\/www.romaoggi.eu\/wp-content\/uploads\/2018\/04\/NON-SONO-LUNICA-A.Pacanowski.jpg","datePublished":"2018-04-19T08:28:06+00:00","description":"ICONIC PUZZLE- in mostra\u00a0Ancilotto e Pacanowski incantano alla Galerie Maison Naim, uno spazio espositivo elegante e raffinato dove le opere d'arte arricchisco un nuovo salotto culturale in centro citt\u00e0.","breadcrumb":{"@id":"https:\/\/www.romaoggi.eu\/index.php\/2018\/04\/19\/iconic-puzzle-ancilotto-pacanowski\/#breadcrumb"},"inLanguage":"it-IT","potentialAction":[{"@type":"ReadAction","target":["https:\/\/www.romaoggi.eu\/index.php\/2018\/04\/19\/iconic-puzzle-ancilotto-pacanowski\/"]}]},{"@type":"ImageObject","inLanguage":"it-IT","@id":"https:\/\/www.romaoggi.eu\/index.php\/2018\/04\/19\/iconic-puzzle-ancilotto-pacanowski\/#primaryimage","url":"https:\/\/www.romaoggi.eu\/wp-content\/uploads\/2018\/04\/NON-SONO-LUNICA-A.Pacanowski.jpg","contentUrl":"https:\/\/www.romaoggi.eu\/wp-content\/uploads\/2018\/04\/NON-SONO-LUNICA-A.Pacanowski.jpg","width":1685,"height":1180,"caption":"NON SONO L'UNICA - A.Pacanowski"},{"@type":"BreadcrumbList","@id":"https:\/\/www.romaoggi.eu\/index.php\/2018\/04\/19\/iconic-puzzle-ancilotto-pacanowski\/#breadcrumb","itemListElement":[{"@type":"ListItem","position":1,"name":"Home","item":"https:\/\/www.romaoggi.eu\/"},{"@type":"ListItem","position":2,"name":"ICONIC PUZZLE-ANCILOTTO e PACANOWSKI alla Galerie Maison Naim"}]},{"@type":"WebSite","@id":"https:\/\/www.romaoggi.eu\/#website","url":"https:\/\/www.romaoggi.eu\/","name":"roma oggi","description":"Interesting News for Interesting people","publisher":{"@id":"https:\/\/www.romaoggi.eu\/#organization"},"potentialAction":[{"@type":"SearchAction","target":{"@type":"EntryPoint","urlTemplate":"https:\/\/www.romaoggi.eu\/?s={search_term_string}"},"query-input":{"@type":"PropertyValueSpecification","valueRequired":true,"valueName":"search_term_string"}}],"inLanguage":"it-IT"},{"@type":"Organization","@id":"https:\/\/www.romaoggi.eu\/#organization","name":"RomaOggi","url":"https:\/\/www.romaoggi.eu\/","logo":{"@type":"ImageObject","inLanguage":"it-IT","@id":"https:\/\/www.romaoggi.eu\/#\/schema\/logo\/image\/","url":"https:\/\/www.romaoggi.eu\/wp-content\/uploads\/2017\/04\/logowp.jpg","contentUrl":"https:\/\/www.romaoggi.eu\/wp-content\/uploads\/2017\/04\/logowp.jpg","width":300,"height":133,"caption":"RomaOggi"},"image":{"@id":"https:\/\/www.romaoggi.eu\/#\/schema\/logo\/image\/"},"sameAs":["https:\/\/www.facebook.com\/RomaOggi-841544845954114","https:\/\/x.com\/romaoggi_eu"]},{"@type":"Person","@id":"https:\/\/www.romaoggi.eu\/#\/schema\/person\/c8ca1fb64b5506391fff5f822a866c23","name":"Antonietta Di Vizia","image":{"@type":"ImageObject","inLanguage":"it-IT","@id":"https:\/\/secure.gravatar.com\/avatar\/2ad571aa3fbfe3089b06ed5617adf58717b9359c0c97cf9b52804fb2dac293f2?s=96&d=mm&r=g","url":"https:\/\/secure.gravatar.com\/avatar\/2ad571aa3fbfe3089b06ed5617adf58717b9359c0c97cf9b52804fb2dac293f2?s=96&d=mm&r=g","contentUrl":"https:\/\/secure.gravatar.com\/avatar\/2ad571aa3fbfe3089b06ed5617adf58717b9359c0c97cf9b52804fb2dac293f2?s=96&d=mm&r=g","caption":"Antonietta Di Vizia"},"url":"https:\/\/www.romaoggi.eu\/index.php\/author\/antonietta\/"}]}},"_links":{"self":[{"href":"https:\/\/www.romaoggi.eu\/index.php\/wp-json\/wp\/v2\/posts\/15205","targetHints":{"allow":["GET"]}}],"collection":[{"href":"https:\/\/www.romaoggi.eu\/index.php\/wp-json\/wp\/v2\/posts"}],"about":[{"href":"https:\/\/www.romaoggi.eu\/index.php\/wp-json\/wp\/v2\/types\/post"}],"author":[{"embeddable":true,"href":"https:\/\/www.romaoggi.eu\/index.php\/wp-json\/wp\/v2\/users\/3"}],"replies":[{"embeddable":true,"href":"https:\/\/www.romaoggi.eu\/index.php\/wp-json\/wp\/v2\/comments?post=15205"}],"version-history":[{"count":8,"href":"https:\/\/www.romaoggi.eu\/index.php\/wp-json\/wp\/v2\/posts\/15205\/revisions"}],"predecessor-version":[{"id":15227,"href":"https:\/\/www.romaoggi.eu\/index.php\/wp-json\/wp\/v2\/posts\/15205\/revisions\/15227"}],"wp:featuredmedia":[{"embeddable":true,"href":"https:\/\/www.romaoggi.eu\/index.php\/wp-json\/wp\/v2\/media\/15221"}],"wp:attachment":[{"href":"https:\/\/www.romaoggi.eu\/index.php\/wp-json\/wp\/v2\/media?parent=15205"}],"wp:term":[{"taxonomy":"category","embeddable":true,"href":"https:\/\/www.romaoggi.eu\/index.php\/wp-json\/wp\/v2\/categories?post=15205"},{"taxonomy":"post_tag","embeddable":true,"href":"https:\/\/www.romaoggi.eu\/index.php\/wp-json\/wp\/v2\/tags?post=15205"}],"curies":[{"name":"wp","href":"https:\/\/api.w.org\/{rel}","templated":true}]}}