{"id":15264,"date":"2018-04-22T15:09:57","date_gmt":"2018-04-22T13:09:57","guid":{"rendered":"http:\/\/www.romaoggi.eu\/?p=15264"},"modified":"2018-04-22T15:09:57","modified_gmt":"2018-04-22T13:09:57","slug":"al-teatro-7-arriva-lo-spettacolo-mammazzo","status":"publish","type":"post","link":"https:\/\/www.romaoggi.eu\/index.php\/2018\/04\/22\/al-teatro-7-arriva-lo-spettacolo-mammazzo\/","title":{"rendered":"Al Teatro 7 arriva lo spettacolo \u201cMamma\u2026zzo\u201d"},"content":{"rendered":"<figure id=\"attachment_14149\" aria-describedby=\"caption-attachment-14149\" style=\"width: 678px\" class=\"wp-caption aligncenter\"><img loading=\"lazy\" decoding=\"async\" class=\"wp-image-14149 size-mh-magazine-content\" src=\"https:\/\/www.romaoggi.eu\/wp-content\/uploads\/2018\/03\/img-001-1-678x381.jpg\" alt=\"Alt text il mistero del cronovisore\" width=\"678\" height=\"381\" \/><figcaption id=\"caption-attachment-14149\" class=\"wp-caption-text\"><a href=\"https:\/\/stores.streetlib.com\/it\/cristiano-morelli\/il-mistero-del-cronovisore\"><strong>CLICCA QUI PER COMPRARE IL MIO NUOVO EBOOK A SOLI \u20ac 0,49!<\/strong><\/a><\/figcaption><\/figure>\n<p align=\"CENTER\"><span style=\"color: #000000;\"><span style=\"font-family: 'Times New Roman', serif;\"><span style=\"font-size: x-large;\"><b>FEDERICA CIFOLA<\/b><\/span><\/span><\/span><\/p>\n<p align=\"CENTER\"><span style=\"color: #000000;\"><span style=\"font-family: 'Times New Roman', serif;\"><span style=\"font-size: small;\">in<\/span><\/span><\/span><\/p>\n<p align=\"CENTER\"><span style=\"color: #000000;\"><span style=\"font-family: 'Times New Roman', serif;\"><span style=\"font-size: xx-large;\"><b>MAMMA\u2026ZZO<\/b><\/span><\/span><\/span><\/p>\n<p align=\"CENTER\"><span style=\"color: #000000;\"><span style=\"font-family: 'Times New Roman', serif;\"><span style=\"font-size: small;\">di\u00a0<span style=\"font-size: large;\"><b>Federica Cifola e Marco Terenzi<br \/>\n<\/b><\/span>grafica e aiuto regia:\u00a0<span style=\"font-size: large;\"><b>Massimiliano Papaleo<\/b><\/span><\/span><\/span><\/span><\/p>\n<p align=\"CENTER\"><span style=\"color: #000000;\"><span style=\"font-family: 'Times New Roman', serif;\"><span style=\"font-size: small;\">regia:\u00a0<span style=\"font-size: large;\"><b>Marco Terenzi<\/b><\/span><\/span><\/span><\/span><\/p>\n<p align=\"JUSTIFY\"><span style=\"color: #000000;\"><span style=\"font-family: 'Times New Roman', serif;\"><span style=\"font-size: medium;\"><b><br \/>\n<\/b>Avete mai provato a: fare la spesa, allattare, chattare, twittare, cambiare un pannolino, lavorare, preparare la cena, le pappette, svegliarsi di notte perch\u00e9 un frugoletto piange&#8230; tutto lo stesso giorno, sapendo che il giorno dopo&#8230;accadr\u00e0 di nuovo?<\/span><\/span><\/span><\/p>\n<p align=\"JUSTIFY\"><span style=\"color: #000000;\"><span style=\"font-family: 'Times New Roman', serif;\"><span style=\"font-size: medium;\"><br \/>\nDice: ma lo fanno tutte le mamme!<\/span><\/span><\/span><\/p>\n<p align=\"JUSTIFY\"><span style=\"color: #000000;\"><span style=\"font-family: 'Times New Roman', serif;\"><span style=\"font-size: medium;\"><br \/>\nRispondo: ma io pensavo che scherzassero!<\/span><\/span><\/span><\/p>\n<p align=\"JUSTIFY\"><span style=\"color: #000000;\"><span style=\"font-family: 'Times New Roman', serif;\"><span style=\"font-size: medium;\"><br \/>\nChe bello diventare mamma, da donna grande, da adulta, con un passato. Vuoi mettere l\u2019esperienza di una quarantenne, rispetto a una ventenne?<\/span><\/span><\/span><\/p>\n<p align=\"JUSTIFY\"><span style=\"color: #000000;\"><span style=\"font-family: 'Times New Roman', serif;\"><span style=\"font-size: medium;\"><br \/>\nE\u2019 bello&#8230;perch\u00e9 non sei pi\u00f9 una ragazzina!<\/span><\/span><\/span><\/p>\n<p align=\"JUSTIFY\"><span style=\"color: #000000;\"><span style=\"font-family: 'Times New Roman', serif;\"><span style=\"font-size: medium;\"><br \/>\nAppunto! Non sei pi\u00f9 una ragazzina e non ce la fai a spingere la carrozzina&#8230;e tra un po\u2019, al parco, sar\u00e0 tua figlia a spingere la tua.<\/span><\/span><\/span><\/p>\n<p align=\"JUSTIFY\"><span style=\"color: #000000;\"><span style=\"font-family: 'Times New Roman', serif;\"><span style=\"font-size: medium;\"><br \/>\nE vogliamo parlare della coerenza\/invidia delle tue amiche non-mamme?<\/span><\/span><\/span><\/p>\n<p align=\"JUSTIFY\"><span style=\"color: #000000;\"><span style=\"font-family: 'Times New Roman', serif;\"><span style=\"font-size: medium;\"><br \/>\nTi dicono: amica, la tua maternit\u00e0 non cambier\u00e0 la nostra amicizia.<\/span><\/span><\/span><\/p>\n<p align=\"JUSTIFY\"><span style=\"color: #000000;\"><span style=\"font-family: 'Times New Roman', serif;\"><span style=\"font-size: medium;\"><br \/>\nInfatti non la cambier\u00e0, perch\u00e9 la nostra amicizia finisce l\u00ec, cristallizzata dopo quelle parole.<br \/>\nNon solo l\u2019amicizia, tutto cambia: il ristorante deve avere per forza un clown all\u2019ingresso, il cinema \u00e8 solo una serie infinita di ere glaciali, la canzone che canticchi sempre \u00e8 la sigla di peppa pig e il massimo della sessualit\u00e0 che rimane con tuo marito, \u00e8 un abbraccio voluttuoso nell\u2019intimit\u00e0 della vostra alcova&#8230; stando ben attenti per\u00f2 a non schiacciare quel bambino che da quando \u00e8 nato, dorme fisso in mezzo a voi.<\/span><\/span><\/span><\/p>\n<p align=\"JUSTIFY\"><span style=\"color: #000000;\"><span style=\"font-family: 'Times New Roman', serif;\"><span style=\"font-size: medium;\"><br \/>\nFederica Cifola, nello spettacolo, ironizzer\u00e0 sul ruolo di madre, ponendosi dubbi e inquietanti interrogativi, analizzando anche i percorsi di alcune mamme famose della storia, della politica e dell\u2019attualit\u00e0: dalla mamma di Nerone alle prese con un bambino \u201cfocoso\u201d, alla mamma di Renzi alle prese con un figlio che rottamava i vecchi giocattoli: invece del trenino gi\u00e0 voleva il freccia rossa!<\/span><\/span><\/span><\/p>\n<p align=\"JUSTIFY\"><span style=\"color: #000000;\"><span style=\"font-family: 'Times New Roman', serif;\"><span style=\"font-size: medium;\"><br \/>\nMa nessun consiglio di una mamma, potr\u00e0 mai aiutare veramente un\u2019altra mamma.<br \/>\nPerch\u00e9 ogni giorno una mamma si sveglia e sa che un bambino pianger\u00e0, e che quel bambino vorr\u00e0 essere abbracciato soltanto da lei.<\/span><\/span><\/span><\/p>\n<p align=\"JUSTIFY\"><span style=\"color: #000000;\"><span style=\"font-family: 'Times New Roman', serif;\"><span style=\"font-size: medium;\"><br \/>\nLei, che proprio in quel momento si sta mettendo lo smalto.<\/span><\/span><\/span><\/p>\n<p align=\"JUSTIFY\"><span style=\"color: #000000;\"><span style=\"font-family: 'Times New Roman', serif;\"><span style=\"font-size: medium;\"><br \/>\nE con questo non vogliamo dire che il ruolo di padre sia pi\u00f9 facile&#8230; no&#8230; vogliamo dire che il ruolo di padre \u00e8 ENORMEMENTE pi\u00f9 facile.<\/span><\/span><\/span><\/p>\n<p align=\"JUSTIFY\"><span style=\"color: #000000;\"><span style=\"font-family: 'Times New Roman', serif;\"><span style=\"font-size: medium;\">Tutto questo per uno spettacolo che vede Federica Cifola in scena da sola per poco pi\u00f9 di un\u2019ora, anche se lei vorrebbe farlo durare di pi\u00f9, per rientrare a casa dalle sue due bambine il pi\u00f9 tardi possibile&#8230; quindi&#8230; chiedete un Bis!<\/span><\/span><\/span><\/p>\n<p align=\"JUSTIFY\"><span style=\"color: #000000;\"><span style=\"font-family: 'Times New Roman', serif;\"><span style=\"font-size: medium;\"><b>date<\/b><\/span><\/span><\/span><span style=\"color: #000000;\"><span style=\"font-family: 'Times New Roman', serif;\"><span style=\"font-size: medium;\">: dal 24 al 29 aprile 2018<\/span><\/span><\/span><\/p>\n<p align=\"JUSTIFY\"><span style=\"color: #000000;\"><span style=\"font-family: 'Times New Roman', serif;\"><span style=\"font-size: medium;\"><br \/>\n<\/span><\/span><\/span><span style=\"color: #000000;\"><span style=\"font-family: 'Times New Roman', serif;\"><span style=\"font-size: medium;\"><b>orari<\/b><\/span><\/span><\/span><span style=\"color: #000000;\"><span style=\"font-family: 'Times New Roman', serif;\"><span style=\"font-size: medium;\">: dal marted\u00ec al sabato ore 21.00; domenica ore 18.00<\/span><\/span><\/span><\/p>\n<p align=\"JUSTIFY\"><span style=\"color: #000000;\"><span style=\"font-family: 'Times New Roman', serif;\"><span style=\"font-size: medium;\"><br \/>\n<\/span><\/span><\/span><span style=\"color: #000000;\"><span style=\"font-family: 'Times New Roman', serif;\"><span style=\"font-size: medium;\"><b>biglietti<\/b><\/span><\/span><\/span><span style=\"color: #000000;\"><span style=\"font-family: 'Times New Roman', serif;\"><span style=\"font-size: medium;\">: \u20ac 24,00 &#8211; \u20ac 18,00 (prevendita compresa)<\/span><\/span><\/span><\/p>\n<p align=\"JUSTIFY\"><span style=\"color: #000000;\"><span style=\"font-family: 'Times New Roman', serif;\"><span style=\"font-size: medium;\"><br \/>\n<\/span><\/span><\/span><span style=\"color: #000000;\"><span style=\"font-family: 'Times New Roman', serif;\"><span style=\"font-size: medium;\"><b>biglietteria<\/b><\/span><\/span><\/span><span style=\"color: #000000;\"><span style=\"font-family: 'Times New Roman', serif;\"><span style=\"font-size: medium;\">: via Benevento, 23; dal luned\u00ec al sabato ore 10.30-21.00; domenica ore 16.00-18.00<\/span><\/span><\/span><\/p>\n<p align=\"JUSTIFY\"><span style=\"color: #000000;\"><span style=\"font-family: 'Times New Roman', serif;\"><span style=\"font-size: medium;\"><br \/>\n<\/span><\/span><\/span><span style=\"color: #000000;\"><span style=\"font-family: 'Times New Roman', serif;\"><span style=\"font-size: medium;\"><b>info e prenotazioni<\/b><\/span><\/span><\/span><span style=\"color: #000000;\"><span style=\"font-family: 'Times New Roman', serif;\"><span style=\"font-size: medium;\">: tel. 06.442.36.382 \u2013 <\/span><\/span><\/span><a href=\"mailto:botteghino@teatro7.it\" target=\"_blank\" rel=\"noopener\"><span style=\"color: #800080;\"><span style=\"font-family: 'Times New Roman', serif;\"><span style=\"font-size: medium;\"><u>botteghino@teatro7.it<\/u><\/span><\/span><\/span><\/a><\/p>\n<p align=\"JUSTIFY\"><a href=\"https:\/\/www.romaoggi.eu\/index.php\/2018\/03\/15\/il-mistero-del-cronovisore\/\"><span style=\"font-family: 'Times New Roman', serif;\"><span style=\"font-size: medium;\"><b>RomaOggi.eu \u2192 Leggi il prossimo articolo <\/b><\/span><\/span><\/a><\/p>\n<p align=\"JUSTIFY\"><span style=\"font-family: 'Times New Roman', serif;\"><span style=\"font-size: medium;\">La Redazione <\/span><\/span><\/p>\n<p align=\"JUSTIFY\"><span style=\"font-family: 'Times New Roman', serif;\"><span style=\"font-size: medium;\">RomaOggi.eu \u201cInteresting news for interesting people\u201d<\/span><\/span><\/p>\n<figure id=\"attachment_14622\" aria-describedby=\"caption-attachment-14622\" style=\"width: 300px\" class=\"wp-caption aligncenter\"><img loading=\"lazy\" decoding=\"async\" class=\"wp-image-14622 size-medium\" src=\"https:\/\/www.romaoggi.eu\/wp-content\/uploads\/2018\/03\/CCW-300x250-1-300x250.jpg\" alt=\"Alt text cinecitt\u00e0 world\" width=\"300\" height=\"250\" \/><figcaption id=\"caption-attachment-14622\" class=\"wp-caption-text\"><a href=\"https:\/\/www.cinecittaworld.it\/Vendita\/Biglietti-e-prezzi?Coupon=ROMAOGGI&amp;Adulti=2&amp;Ridotti=0\"><strong>Ottieni uno sconto sull&#8217;acquisto dei biglietti! CLICCA QUI<\/strong><\/a><\/figcaption><\/figure>\n","protected":false},"excerpt":{"rendered":"<div class=\"mh-excerpt\"><p>FEDERICA CIFOLA in MAMMA\u2026ZZO di\u00a0Federica Cifola e Marco Terenzi grafica e aiuto regia:\u00a0Massimiliano Papaleo regia:\u00a0Marco Terenzi Avete mai provato a: fare la spesa, allattare, chattare, twittare, cambiare un pannolino, lavorare, preparare la cena, le pappette, <a class=\"mh-excerpt-more\" href=\"https:\/\/www.romaoggi.eu\/index.php\/2018\/04\/22\/al-teatro-7-arriva-lo-spettacolo-mammazzo\/\" title=\"Al Teatro 7 arriva lo spettacolo \u201cMamma\u2026zzo\u201d\">[&#8230;]<\/a><\/p>\n<\/div>","protected":false},"author":5,"featured_media":15265,"comment_status":"open","ping_status":"open","sticky":false,"template":"","format":"standard","meta":{"_sitemap_exclude":false,"_sitemap_priority":"","_sitemap_frequency":"","footnotes":""},"categories":[4281],"tags":[6418,8088,26,10175,9526,877,159,10174,1644,109,817,1738,634,85,4283],"class_list":["post-15264","post","type-post","status-publish","format-standard","has-post-thumbnail","hentry","category-teatro","tag-6418","tag-cinecitta-world","tag-cristiano-morelli","tag-federica-cifola","tag-il-mistero-del-cronovisore","tag-italia","tag-lazio","tag-mammazzo","tag-regione-lazio","tag-roma","tag-romaoggi","tag-romaoggi-eu","tag-rome","tag-teatro","tag-teatro-7"],"yoast_head":"<!-- This site is optimized with the Yoast SEO plugin v27.5 - https:\/\/yoast.com\/product\/yoast-seo-wordpress\/ -->\n<title>Al Teatro 7 arriva lo spettacolo \u201cMamma\u2026zzo\u201d<\/title>\n<meta name=\"description\" content=\"Avete mai provato a: fare la spesa, allattare, chattare, twittare, cambiare un pannolino, lavorare, preparare la cena, le pappette, svegliarsi di notte perch\u00e9 un frugoletto piange... tutto lo stesso giorno, sapendo che il giorno dopo...accadr\u00e0 di nuovo? Dice: ma lo fanno tutte le mamme!\" \/>\n<meta name=\"robots\" content=\"index, follow, max-snippet:-1, max-image-preview:large, max-video-preview:-1\" \/>\n<link rel=\"canonical\" href=\"https:\/\/www.romaoggi.eu\/index.php\/2018\/04\/22\/al-teatro-7-arriva-lo-spettacolo-mammazzo\/\" \/>\n<meta property=\"og:locale\" content=\"it_IT\" \/>\n<meta property=\"og:type\" content=\"article\" \/>\n<meta property=\"og:title\" content=\"Al Teatro 7 arriva lo spettacolo \u201cMamma\u2026zzo\u201d\" \/>\n<meta property=\"og:description\" content=\"Avete mai provato a: fare la spesa, allattare, chattare, twittare, cambiare un pannolino, lavorare, preparare la cena, le pappette, svegliarsi di notte perch\u00e9 un frugoletto piange... tutto lo stesso giorno, sapendo che il giorno dopo...accadr\u00e0 di nuovo? Dice: ma lo fanno tutte le mamme!\" \/>\n<meta property=\"og:url\" content=\"https:\/\/www.romaoggi.eu\/index.php\/2018\/04\/22\/al-teatro-7-arriva-lo-spettacolo-mammazzo\/\" \/>\n<meta property=\"og:site_name\" content=\"roma oggi\" \/>\n<meta property=\"article:publisher\" content=\"https:\/\/www.facebook.com\/RomaOggi-841544845954114\" \/>\n<meta property=\"article:published_time\" content=\"2018-04-22T13:09:57+00:00\" \/>\n<meta property=\"og:image\" content=\"https:\/\/www.romaoggi.eu\/wp-content\/uploads\/2018\/04\/federica-cifola-1.jpg\" \/>\n\t<meta property=\"og:image:width\" content=\"1920\" \/>\n\t<meta property=\"og:image:height\" content=\"1280\" \/>\n\t<meta property=\"og:image:type\" content=\"image\/jpeg\" \/>\n<meta name=\"author\" content=\"Flavio\" \/>\n<meta name=\"twitter:card\" content=\"summary_large_image\" \/>\n<meta name=\"twitter:creator\" content=\"@romaoggi_eu\" \/>\n<meta name=\"twitter:site\" content=\"@romaoggi_eu\" \/>\n<meta name=\"twitter:label1\" content=\"Scritto da\" \/>\n\t<meta name=\"twitter:data1\" content=\"Flavio\" \/>\n\t<meta name=\"twitter:label2\" content=\"Tempo di lettura stimato\" \/>\n\t<meta name=\"twitter:data2\" content=\"2 minuti\" \/>\n<script type=\"application\/ld+json\" class=\"yoast-schema-graph\">{\"@context\":\"https:\\\/\\\/schema.org\",\"@graph\":[{\"@type\":\"Article\",\"@id\":\"https:\\\/\\\/www.romaoggi.eu\\\/index.php\\\/2018\\\/04\\\/22\\\/al-teatro-7-arriva-lo-spettacolo-mammazzo\\\/#article\",\"isPartOf\":{\"@id\":\"https:\\\/\\\/www.romaoggi.eu\\\/index.php\\\/2018\\\/04\\\/22\\\/al-teatro-7-arriva-lo-spettacolo-mammazzo\\\/\"},\"author\":{\"name\":\"Flavio\",\"@id\":\"https:\\\/\\\/www.romaoggi.eu\\\/#\\\/schema\\\/person\\\/cc12bfd93370392d7e41d243e47e6681\"},\"headline\":\"Al Teatro 7 arriva lo spettacolo \u201cMamma\u2026zzo\u201d\",\"datePublished\":\"2018-04-22T13:09:57+00:00\",\"mainEntityOfPage\":{\"@id\":\"https:\\\/\\\/www.romaoggi.eu\\\/index.php\\\/2018\\\/04\\\/22\\\/al-teatro-7-arriva-lo-spettacolo-mammazzo\\\/\"},\"wordCount\":503,\"commentCount\":0,\"publisher\":{\"@id\":\"https:\\\/\\\/www.romaoggi.eu\\\/#organization\"},\"image\":{\"@id\":\"https:\\\/\\\/www.romaoggi.eu\\\/index.php\\\/2018\\\/04\\\/22\\\/al-teatro-7-arriva-lo-spettacolo-mammazzo\\\/#primaryimage\"},\"thumbnailUrl\":\"https:\\\/\\\/www.romaoggi.eu\\\/wp-content\\\/uploads\\\/2018\\\/04\\\/federica-cifola-1.jpg\",\"keywords\":[\"2018\",\"Cinecitt\u00e0 World\",\"cristiano morelli\",\"FEDERICA CIFOLA\",\"Il mistero del cronovisore\",\"italia\",\"lazio\",\"Mamma\u2026zzo\",\"Regione Lazio\",\"roma\",\"romaoggi\",\"RomaOggi.eu\",\"rome\",\"teatro\",\"teatro 7\"],\"articleSection\":[\"teatro\"],\"inLanguage\":\"it-IT\",\"potentialAction\":[{\"@type\":\"CommentAction\",\"name\":\"Comment\",\"target\":[\"https:\\\/\\\/www.romaoggi.eu\\\/index.php\\\/2018\\\/04\\\/22\\\/al-teatro-7-arriva-lo-spettacolo-mammazzo\\\/#respond\"]}]},{\"@type\":\"WebPage\",\"@id\":\"https:\\\/\\\/www.romaoggi.eu\\\/index.php\\\/2018\\\/04\\\/22\\\/al-teatro-7-arriva-lo-spettacolo-mammazzo\\\/\",\"url\":\"https:\\\/\\\/www.romaoggi.eu\\\/index.php\\\/2018\\\/04\\\/22\\\/al-teatro-7-arriva-lo-spettacolo-mammazzo\\\/\",\"name\":\"Al Teatro 7 arriva lo spettacolo \u201cMamma\u2026zzo\u201d\",\"isPartOf\":{\"@id\":\"https:\\\/\\\/www.romaoggi.eu\\\/#website\"},\"primaryImageOfPage\":{\"@id\":\"https:\\\/\\\/www.romaoggi.eu\\\/index.php\\\/2018\\\/04\\\/22\\\/al-teatro-7-arriva-lo-spettacolo-mammazzo\\\/#primaryimage\"},\"image\":{\"@id\":\"https:\\\/\\\/www.romaoggi.eu\\\/index.php\\\/2018\\\/04\\\/22\\\/al-teatro-7-arriva-lo-spettacolo-mammazzo\\\/#primaryimage\"},\"thumbnailUrl\":\"https:\\\/\\\/www.romaoggi.eu\\\/wp-content\\\/uploads\\\/2018\\\/04\\\/federica-cifola-1.jpg\",\"datePublished\":\"2018-04-22T13:09:57+00:00\",\"description\":\"Avete mai provato a: fare la spesa, allattare, chattare, twittare, cambiare un pannolino, lavorare, preparare la cena, le pappette, svegliarsi di notte perch\u00e9 un frugoletto piange... tutto lo stesso giorno, sapendo che il giorno dopo...accadr\u00e0 di nuovo? Dice: ma lo fanno tutte le mamme!\",\"breadcrumb\":{\"@id\":\"https:\\\/\\\/www.romaoggi.eu\\\/index.php\\\/2018\\\/04\\\/22\\\/al-teatro-7-arriva-lo-spettacolo-mammazzo\\\/#breadcrumb\"},\"inLanguage\":\"it-IT\",\"potentialAction\":[{\"@type\":\"ReadAction\",\"target\":[\"https:\\\/\\\/www.romaoggi.eu\\\/index.php\\\/2018\\\/04\\\/22\\\/al-teatro-7-arriva-lo-spettacolo-mammazzo\\\/\"]}]},{\"@type\":\"ImageObject\",\"inLanguage\":\"it-IT\",\"@id\":\"https:\\\/\\\/www.romaoggi.eu\\\/index.php\\\/2018\\\/04\\\/22\\\/al-teatro-7-arriva-lo-spettacolo-mammazzo\\\/#primaryimage\",\"url\":\"https:\\\/\\\/www.romaoggi.eu\\\/wp-content\\\/uploads\\\/2018\\\/04\\\/federica-cifola-1.jpg\",\"contentUrl\":\"https:\\\/\\\/www.romaoggi.eu\\\/wp-content\\\/uploads\\\/2018\\\/04\\\/federica-cifola-1.jpg\",\"width\":1920,\"height\":1280,\"caption\":\"Alt text Teatro 7\"},{\"@type\":\"BreadcrumbList\",\"@id\":\"https:\\\/\\\/www.romaoggi.eu\\\/index.php\\\/2018\\\/04\\\/22\\\/al-teatro-7-arriva-lo-spettacolo-mammazzo\\\/#breadcrumb\",\"itemListElement\":[{\"@type\":\"ListItem\",\"position\":1,\"name\":\"Home\",\"item\":\"https:\\\/\\\/www.romaoggi.eu\\\/\"},{\"@type\":\"ListItem\",\"position\":2,\"name\":\"Al Teatro 7 arriva lo spettacolo \u201cMamma\u2026zzo\u201d\"}]},{\"@type\":\"WebSite\",\"@id\":\"https:\\\/\\\/www.romaoggi.eu\\\/#website\",\"url\":\"https:\\\/\\\/www.romaoggi.eu\\\/\",\"name\":\"roma oggi\",\"description\":\"Interesting News for Interesting people\",\"publisher\":{\"@id\":\"https:\\\/\\\/www.romaoggi.eu\\\/#organization\"},\"potentialAction\":[{\"@type\":\"SearchAction\",\"target\":{\"@type\":\"EntryPoint\",\"urlTemplate\":\"https:\\\/\\\/www.romaoggi.eu\\\/?s={search_term_string}\"},\"query-input\":{\"@type\":\"PropertyValueSpecification\",\"valueRequired\":true,\"valueName\":\"search_term_string\"}}],\"inLanguage\":\"it-IT\"},{\"@type\":\"Organization\",\"@id\":\"https:\\\/\\\/www.romaoggi.eu\\\/#organization\",\"name\":\"RomaOggi\",\"url\":\"https:\\\/\\\/www.romaoggi.eu\\\/\",\"logo\":{\"@type\":\"ImageObject\",\"inLanguage\":\"it-IT\",\"@id\":\"https:\\\/\\\/www.romaoggi.eu\\\/#\\\/schema\\\/logo\\\/image\\\/\",\"url\":\"https:\\\/\\\/www.romaoggi.eu\\\/wp-content\\\/uploads\\\/2017\\\/04\\\/logowp.jpg\",\"contentUrl\":\"https:\\\/\\\/www.romaoggi.eu\\\/wp-content\\\/uploads\\\/2017\\\/04\\\/logowp.jpg\",\"width\":300,\"height\":133,\"caption\":\"RomaOggi\"},\"image\":{\"@id\":\"https:\\\/\\\/www.romaoggi.eu\\\/#\\\/schema\\\/logo\\\/image\\\/\"},\"sameAs\":[\"https:\\\/\\\/www.facebook.com\\\/RomaOggi-841544845954114\",\"https:\\\/\\\/x.com\\\/romaoggi_eu\"]},{\"@type\":\"Person\",\"@id\":\"https:\\\/\\\/www.romaoggi.eu\\\/#\\\/schema\\\/person\\\/cc12bfd93370392d7e41d243e47e6681\",\"name\":\"Flavio\",\"image\":{\"@type\":\"ImageObject\",\"inLanguage\":\"it-IT\",\"@id\":\"https:\\\/\\\/secure.gravatar.com\\\/avatar\\\/7e044ce830ea97853e01500437b37dff4a622b20a194e4d0efe9b67e918f19e5?s=96&d=mm&r=g\",\"url\":\"https:\\\/\\\/secure.gravatar.com\\\/avatar\\\/7e044ce830ea97853e01500437b37dff4a622b20a194e4d0efe9b67e918f19e5?s=96&d=mm&r=g\",\"contentUrl\":\"https:\\\/\\\/secure.gravatar.com\\\/avatar\\\/7e044ce830ea97853e01500437b37dff4a622b20a194e4d0efe9b67e918f19e5?s=96&d=mm&r=g\",\"caption\":\"Flavio\"},\"url\":\"https:\\\/\\\/www.romaoggi.eu\\\/index.php\\\/author\\\/cristiano\\\/\"}]}<\/script>\n<!-- \/ Yoast SEO plugin. -->","yoast_head_json":{"title":"Al Teatro 7 arriva lo spettacolo \u201cMamma\u2026zzo\u201d","description":"Avete mai provato a: fare la spesa, allattare, chattare, twittare, cambiare un pannolino, lavorare, preparare la cena, le pappette, svegliarsi di notte perch\u00e9 un frugoletto piange... tutto lo stesso giorno, sapendo che il giorno dopo...accadr\u00e0 di nuovo? Dice: ma lo fanno tutte le mamme!","robots":{"index":"index","follow":"follow","max-snippet":"max-snippet:-1","max-image-preview":"max-image-preview:large","max-video-preview":"max-video-preview:-1"},"canonical":"https:\/\/www.romaoggi.eu\/index.php\/2018\/04\/22\/al-teatro-7-arriva-lo-spettacolo-mammazzo\/","og_locale":"it_IT","og_type":"article","og_title":"Al Teatro 7 arriva lo spettacolo \u201cMamma\u2026zzo\u201d","og_description":"Avete mai provato a: fare la spesa, allattare, chattare, twittare, cambiare un pannolino, lavorare, preparare la cena, le pappette, svegliarsi di notte perch\u00e9 un frugoletto piange... tutto lo stesso giorno, sapendo che il giorno dopo...accadr\u00e0 di nuovo? Dice: ma lo fanno tutte le mamme!","og_url":"https:\/\/www.romaoggi.eu\/index.php\/2018\/04\/22\/al-teatro-7-arriva-lo-spettacolo-mammazzo\/","og_site_name":"roma oggi","article_publisher":"https:\/\/www.facebook.com\/RomaOggi-841544845954114","article_published_time":"2018-04-22T13:09:57+00:00","og_image":[{"width":1920,"height":1280,"url":"https:\/\/www.romaoggi.eu\/wp-content\/uploads\/2018\/04\/federica-cifola-1.jpg","type":"image\/jpeg"}],"author":"Flavio","twitter_card":"summary_large_image","twitter_creator":"@romaoggi_eu","twitter_site":"@romaoggi_eu","twitter_misc":{"Scritto da":"Flavio","Tempo di lettura stimato":"2 minuti"},"schema":{"@context":"https:\/\/schema.org","@graph":[{"@type":"Article","@id":"https:\/\/www.romaoggi.eu\/index.php\/2018\/04\/22\/al-teatro-7-arriva-lo-spettacolo-mammazzo\/#article","isPartOf":{"@id":"https:\/\/www.romaoggi.eu\/index.php\/2018\/04\/22\/al-teatro-7-arriva-lo-spettacolo-mammazzo\/"},"author":{"name":"Flavio","@id":"https:\/\/www.romaoggi.eu\/#\/schema\/person\/cc12bfd93370392d7e41d243e47e6681"},"headline":"Al Teatro 7 arriva lo spettacolo \u201cMamma\u2026zzo\u201d","datePublished":"2018-04-22T13:09:57+00:00","mainEntityOfPage":{"@id":"https:\/\/www.romaoggi.eu\/index.php\/2018\/04\/22\/al-teatro-7-arriva-lo-spettacolo-mammazzo\/"},"wordCount":503,"commentCount":0,"publisher":{"@id":"https:\/\/www.romaoggi.eu\/#organization"},"image":{"@id":"https:\/\/www.romaoggi.eu\/index.php\/2018\/04\/22\/al-teatro-7-arriva-lo-spettacolo-mammazzo\/#primaryimage"},"thumbnailUrl":"https:\/\/www.romaoggi.eu\/wp-content\/uploads\/2018\/04\/federica-cifola-1.jpg","keywords":["2018","Cinecitt\u00e0 World","cristiano morelli","FEDERICA CIFOLA","Il mistero del cronovisore","italia","lazio","Mamma\u2026zzo","Regione Lazio","roma","romaoggi","RomaOggi.eu","rome","teatro","teatro 7"],"articleSection":["teatro"],"inLanguage":"it-IT","potentialAction":[{"@type":"CommentAction","name":"Comment","target":["https:\/\/www.romaoggi.eu\/index.php\/2018\/04\/22\/al-teatro-7-arriva-lo-spettacolo-mammazzo\/#respond"]}]},{"@type":"WebPage","@id":"https:\/\/www.romaoggi.eu\/index.php\/2018\/04\/22\/al-teatro-7-arriva-lo-spettacolo-mammazzo\/","url":"https:\/\/www.romaoggi.eu\/index.php\/2018\/04\/22\/al-teatro-7-arriva-lo-spettacolo-mammazzo\/","name":"Al Teatro 7 arriva lo spettacolo \u201cMamma\u2026zzo\u201d","isPartOf":{"@id":"https:\/\/www.romaoggi.eu\/#website"},"primaryImageOfPage":{"@id":"https:\/\/www.romaoggi.eu\/index.php\/2018\/04\/22\/al-teatro-7-arriva-lo-spettacolo-mammazzo\/#primaryimage"},"image":{"@id":"https:\/\/www.romaoggi.eu\/index.php\/2018\/04\/22\/al-teatro-7-arriva-lo-spettacolo-mammazzo\/#primaryimage"},"thumbnailUrl":"https:\/\/www.romaoggi.eu\/wp-content\/uploads\/2018\/04\/federica-cifola-1.jpg","datePublished":"2018-04-22T13:09:57+00:00","description":"Avete mai provato a: fare la spesa, allattare, chattare, twittare, cambiare un pannolino, lavorare, preparare la cena, le pappette, svegliarsi di notte perch\u00e9 un frugoletto piange... tutto lo stesso giorno, sapendo che il giorno dopo...accadr\u00e0 di nuovo? Dice: ma lo fanno tutte le mamme!","breadcrumb":{"@id":"https:\/\/www.romaoggi.eu\/index.php\/2018\/04\/22\/al-teatro-7-arriva-lo-spettacolo-mammazzo\/#breadcrumb"},"inLanguage":"it-IT","potentialAction":[{"@type":"ReadAction","target":["https:\/\/www.romaoggi.eu\/index.php\/2018\/04\/22\/al-teatro-7-arriva-lo-spettacolo-mammazzo\/"]}]},{"@type":"ImageObject","inLanguage":"it-IT","@id":"https:\/\/www.romaoggi.eu\/index.php\/2018\/04\/22\/al-teatro-7-arriva-lo-spettacolo-mammazzo\/#primaryimage","url":"https:\/\/www.romaoggi.eu\/wp-content\/uploads\/2018\/04\/federica-cifola-1.jpg","contentUrl":"https:\/\/www.romaoggi.eu\/wp-content\/uploads\/2018\/04\/federica-cifola-1.jpg","width":1920,"height":1280,"caption":"Alt text Teatro 7"},{"@type":"BreadcrumbList","@id":"https:\/\/www.romaoggi.eu\/index.php\/2018\/04\/22\/al-teatro-7-arriva-lo-spettacolo-mammazzo\/#breadcrumb","itemListElement":[{"@type":"ListItem","position":1,"name":"Home","item":"https:\/\/www.romaoggi.eu\/"},{"@type":"ListItem","position":2,"name":"Al Teatro 7 arriva lo spettacolo \u201cMamma\u2026zzo\u201d"}]},{"@type":"WebSite","@id":"https:\/\/www.romaoggi.eu\/#website","url":"https:\/\/www.romaoggi.eu\/","name":"roma oggi","description":"Interesting News for Interesting people","publisher":{"@id":"https:\/\/www.romaoggi.eu\/#organization"},"potentialAction":[{"@type":"SearchAction","target":{"@type":"EntryPoint","urlTemplate":"https:\/\/www.romaoggi.eu\/?s={search_term_string}"},"query-input":{"@type":"PropertyValueSpecification","valueRequired":true,"valueName":"search_term_string"}}],"inLanguage":"it-IT"},{"@type":"Organization","@id":"https:\/\/www.romaoggi.eu\/#organization","name":"RomaOggi","url":"https:\/\/www.romaoggi.eu\/","logo":{"@type":"ImageObject","inLanguage":"it-IT","@id":"https:\/\/www.romaoggi.eu\/#\/schema\/logo\/image\/","url":"https:\/\/www.romaoggi.eu\/wp-content\/uploads\/2017\/04\/logowp.jpg","contentUrl":"https:\/\/www.romaoggi.eu\/wp-content\/uploads\/2017\/04\/logowp.jpg","width":300,"height":133,"caption":"RomaOggi"},"image":{"@id":"https:\/\/www.romaoggi.eu\/#\/schema\/logo\/image\/"},"sameAs":["https:\/\/www.facebook.com\/RomaOggi-841544845954114","https:\/\/x.com\/romaoggi_eu"]},{"@type":"Person","@id":"https:\/\/www.romaoggi.eu\/#\/schema\/person\/cc12bfd93370392d7e41d243e47e6681","name":"Flavio","image":{"@type":"ImageObject","inLanguage":"it-IT","@id":"https:\/\/secure.gravatar.com\/avatar\/7e044ce830ea97853e01500437b37dff4a622b20a194e4d0efe9b67e918f19e5?s=96&d=mm&r=g","url":"https:\/\/secure.gravatar.com\/avatar\/7e044ce830ea97853e01500437b37dff4a622b20a194e4d0efe9b67e918f19e5?s=96&d=mm&r=g","contentUrl":"https:\/\/secure.gravatar.com\/avatar\/7e044ce830ea97853e01500437b37dff4a622b20a194e4d0efe9b67e918f19e5?s=96&d=mm&r=g","caption":"Flavio"},"url":"https:\/\/www.romaoggi.eu\/index.php\/author\/cristiano\/"}]}},"_links":{"self":[{"href":"https:\/\/www.romaoggi.eu\/index.php\/wp-json\/wp\/v2\/posts\/15264","targetHints":{"allow":["GET"]}}],"collection":[{"href":"https:\/\/www.romaoggi.eu\/index.php\/wp-json\/wp\/v2\/posts"}],"about":[{"href":"https:\/\/www.romaoggi.eu\/index.php\/wp-json\/wp\/v2\/types\/post"}],"author":[{"embeddable":true,"href":"https:\/\/www.romaoggi.eu\/index.php\/wp-json\/wp\/v2\/users\/5"}],"replies":[{"embeddable":true,"href":"https:\/\/www.romaoggi.eu\/index.php\/wp-json\/wp\/v2\/comments?post=15264"}],"version-history":[{"count":1,"href":"https:\/\/www.romaoggi.eu\/index.php\/wp-json\/wp\/v2\/posts\/15264\/revisions"}],"predecessor-version":[{"id":15266,"href":"https:\/\/www.romaoggi.eu\/index.php\/wp-json\/wp\/v2\/posts\/15264\/revisions\/15266"}],"wp:featuredmedia":[{"embeddable":true,"href":"https:\/\/www.romaoggi.eu\/index.php\/wp-json\/wp\/v2\/media\/15265"}],"wp:attachment":[{"href":"https:\/\/www.romaoggi.eu\/index.php\/wp-json\/wp\/v2\/media?parent=15264"}],"wp:term":[{"taxonomy":"category","embeddable":true,"href":"https:\/\/www.romaoggi.eu\/index.php\/wp-json\/wp\/v2\/categories?post=15264"},{"taxonomy":"post_tag","embeddable":true,"href":"https:\/\/www.romaoggi.eu\/index.php\/wp-json\/wp\/v2\/tags?post=15264"}],"curies":[{"name":"wp","href":"https:\/\/api.w.org\/{rel}","templated":true}]}}